{"id":23610,"date":"2019-12-14T16:33:58","date_gmt":"2019-12-14T15:33:58","guid":{"rendered":"http:\/\/www.romaoggi.eu\/?p=23610"},"modified":"2019-12-14T16:33:58","modified_gmt":"2019-12-14T15:33:58","slug":"abracadabra-la-notte-dei-miracoli-al-teatro-ghione-dal-26-al-29-dicembre","status":"publish","type":"post","link":"https:\/\/www.romaoggi.eu\/index.php\/2019\/12\/14\/abracadabra-la-notte-dei-miracoli-al-teatro-ghione-dal-26-al-29-dicembre\/","title":{"rendered":"\u201cAbracadabra\u201d La Notte dei Miracoli al Teatro Ghione dal 26 al 29 dicembre"},"content":{"rendered":"<h2 style=\"text-align: center;\">\u00a0\u201cAbracadabra\u201d, La Notte dei Miracoli, lo show internazionale di magia, <strong>sbarca a Roma per Natale dopo il successo del tour italiano, dal <\/strong><strong>26- 29 dicembre 2019 Teatro Ghione.<\/strong><\/h2>\n<p><img loading=\"lazy\" decoding=\"async\" class=\"aligncenter wp-image-23612 size-full\" src=\"https:\/\/www.romaoggi.eu\/wp-content\/uploads\/2019\/12\/foto-Jaime-Figueroa.jpg\" alt=\"alt tag Abracadabra\" width=\"475\" height=\"593\" srcset=\"https:\/\/www.romaoggi.eu\/wp-content\/uploads\/2019\/12\/foto-Jaime-Figueroa.jpg 475w, https:\/\/www.romaoggi.eu\/wp-content\/uploads\/2019\/12\/foto-Jaime-Figueroa-240x300.jpg 240w\" sizes=\"auto, (max-width: 475px) 100vw, 475px\" \/><\/p>\n<h2 style=\"text-align: justify;\"><\/h2>\n<h3 style=\"text-align: justify;\">&#8220;ABRACADABRA&#8221; La Notte dei Miracoli, torna a Roma per il terzo anno consecutivo, dopo un tour italiano che ha fatto registrare il sold out nelle varie tappe. Dal 26 al 29 dicembre lo show internazionale di magia sar\u00e0 presente al <a href=\"http:\/\/www.teatroghione.it\/\">Teatro Ghione<\/a> per dispensare emozioni, stupore, sorrisi e tanto divertimento. Su palco alcuni tra pi\u00f9 grandi illusionisti del mondo, protagonisti di un appuntamento imperdibile. Per la prima volta in Italia Benny Hiu Yeung Li, direttamente da Hong Kong, con un numero decisamente originale ed innovativo.<\/h3>\n<h3 style=\"text-align: justify;\">Vincitore dell\u2019Asian Golden Magic Wizard l\u2019artista ha avuto l\u2019onore di esibirsi al Magic Castle di Hollywood. Risate a crepapelle e un pizzico di follia per lo spagnolo Jaime Figueroa, vena comica applicata all\u2019abilit\u00e0 di prestigiatore, pronto a sorprendere la platea con la sua performance esilarante, che gli ha permesso di aggiudicarsi l\u2019ambito Mandrake d\u2019Or nel 2016. Un ritorno al passato, stile un p\u00f2 retr\u00f2 ma senza tempo, per il Campione italiano di magia Mirco Menegatti con le sue colombe, deciso a far vivere a grandi e piccini un sogno ad occhi aperti nel quale si evidenzia l\u2019amore e la dedizione reciproca tra l\u2019uomo e questi esemplari meravigliosi dal piumaggio bianco, simbolo di pace sin dall\u2019antichit\u00e0.<\/h3>\n<figure id=\"attachment_23613\" aria-describedby=\"caption-attachment-23613\" style=\"width: 395px\" class=\"wp-caption aligncenter\"><img loading=\"lazy\" decoding=\"async\" class=\"wp-image-23613 size-full\" src=\"https:\/\/www.romaoggi.eu\/wp-content\/uploads\/2019\/12\/foto-MAGO-GIGI-SPECIALE.jpg\" alt=\"alt tag Abracadabra\" width=\"395\" height=\"593\" srcset=\"https:\/\/www.romaoggi.eu\/wp-content\/uploads\/2019\/12\/foto-MAGO-GIGI-SPECIALE.jpg 395w, https:\/\/www.romaoggi.eu\/wp-content\/uploads\/2019\/12\/foto-MAGO-GIGI-SPECIALE-200x300.jpg 200w\" sizes=\"auto, (max-width: 395px) 100vw, 395px\" \/><figcaption id=\"caption-attachment-23613\" class=\"wp-caption-text\">Mago Gigi Speciale<\/figcaption><\/figure>\n<h3 style=\"text-align: justify;\">L\u2019arte del trasformismo prende vita con Luca Lombardo, artista poliedrico che spazia dalle clownerie alla visual comedy con abile grazia. Sulla scena anche il dirompente duo Alberto Giorgi e Laura, vincitori del prestigioso premio \u201cOracolo d\u2019oro\u201d, che sembrano uscire da un film di Tim Burton e proprio questa loro originalit\u00e0 gli ha permesso di esibirsi per \u201cThe Illusionist\u201d, la pi\u00f9 grande produzione d\u2019illusionismo al mondo e record d\u2019incassi a Broadway. Una finestra sulle note con la contaminazione artistica del soprano giapponese Yasko Fuji, nota in tv per la presenza fissa nel cast di \u201cAvanti un altro\u201d condotto da Paolo Bonolis, che far\u00e0 da colonna sonora live dello spettacolo. Per la felicit\u00e0 dei pi\u00f9 piccoli grande ritorno con Gigi Speciale, uno dei maggiori punti di riferimento nella magia dedicata ai bambini, che presenter\u00e0 un nuovo numero in omaggio a Topolino, il celebre topo Disney, e colorer\u00e0 d\u2019arcobaleno la platea con i suoi adorati pappagalli. A condurre la serata i campioni europei di Comedy Magic, I Disguido, duo di fantasisti, esuberanti ed eccentrici, noti per il loro mix esplosivo e travolgente che unisce cinema e magia, e che firmano lo show , insieme a Gigi Speciale e Valter Leonardi della Corte dei Miracoli di Livorno. Il fascino del mistero, i prodigiosi incantesimi tra tradizione e modernit\u00e0, lasceranno il posto anche alla magia della vita. \u201cAbracadabra\u201d abbraccia, infatti, la solidariet\u00e0 donando parte del ricavato a due Onlus: Uniphelan, associazione che si occupa del sostegno alle famiglie con bambini affetti dalla sindrome di PhelanMc Dermid, e Antas, impegnata ogni giorno con i suoi \u00a0200 volontari nei maggiori ospedali capitolini per aiutare i pazienti con l\u2019energia della Clown Terapia. \u201cAbracadabra\u201d, la vera magia del Natale.<\/h3>\n<h3><\/h3>\n<div><strong>\u201cAbracadabra\u201d, \u00a0Teatro Ghione via delle Fornaci 37 Roma<\/strong><\/div>\n<div><\/div>\n<div><strong>Orari:<\/strong><\/div>\n<div><strong>26 Dic. ore 17:00 e ore 21:00<\/strong><\/div>\n<div><\/div>\n<div><strong>27 Dic. ore 17:00 e ore 21:00<\/strong><\/div>\n<div><\/div>\n<div><strong>28 Dic. ore 17:00 e ore 21:00<\/strong><\/div>\n<div><\/div>\n<div><strong>29 Dic. ore 17:00<\/strong><\/div>\n<div><\/div>\n<div><\/div>\n<div><strong>Info\u00a0 prenotazioni teatro 06 637 2294<\/strong><\/div>\n","protected":false},"excerpt":{"rendered":"<div class=\"mh-excerpt\"><p>\u00a0\u201cAbracadabra\u201d, La Notte dei Miracoli, lo show internazionale di magia, sbarca a Roma per Natale dopo il successo del tour italiano, dal 26- 29 dicembre 2019 Teatro Ghione. &#8220;ABRACADABRA&#8221; La Notte dei Miracoli, torna a <a class=\"mh-excerpt-more\" href=\"https:\/\/www.romaoggi.eu\/index.php\/2019\/12\/14\/abracadabra-la-notte-dei-miracoli-al-teatro-ghione-dal-26-al-29-dicembre\/\" title=\"\u201cAbracadabra\u201d La Notte dei Miracoli al Teatro Ghione dal 26 al 29 dicembre\">[&#8230;]<\/a><\/p>\n<\/div>","protected":false},"author":1,"featured_media":23611,"comment_status":"closed","ping_status":"open","sticky":false,"template":"","format":"standard","meta":{"_sitemap_exclude":false,"_sitemap_priority":"","_sitemap_frequency":"","footnotes":""},"categories":[4],"tags":[13558,13559,13560,1773],"class_list":["post-23610","post","type-post","status-publish","format-standard","has-post-thumbnail","hentry","category-spettacolo","tag-abracadabra","tag-illusionismo","tag-magia","tag-teatro-ghione"],"yoast_head":"<!-- This site is optimized with the Yoast SEO plugin v27.5 - https:\/\/yoast.com\/product\/yoast-seo-wordpress\/ -->\n<title>\u201cAbracadabra\u201d La Notte dei Miracoli al Teatro Ghione dal 26 al 29 dicembre<\/title>\n<meta name=\"description\" content=\"\u00a0\u201cAbracadabra\u201d, La Notte dei Miracoli, lo show internazionale di magia, sbarca a Roma per Natale dopo il successo del tour italiano, dal 26- 29 dicembre\" \/>\n<meta name=\"robots\" content=\"index, follow, max-snippet:-1, max-image-preview:large, max-video-preview:-1\" \/>\n<link rel=\"canonical\" href=\"https:\/\/www.romaoggi.eu\/index.php\/2019\/12\/14\/abracadabra-la-notte-dei-miracoli-al-teatro-ghione-dal-26-al-29-dicembre\/\" \/>\n<meta property=\"og:locale\" content=\"it_IT\" \/>\n<meta property=\"og:type\" content=\"article\" \/>\n<meta property=\"og:title\" content=\"\u201cAbracadabra\u201d La Notte dei Miracoli al Teatro Ghione dal 26 al 29 dicembre\" \/>\n<meta property=\"og:description\" content=\"\u00a0\u201cAbracadabra\u201d, La Notte dei Miracoli, lo show internazionale di magia, sbarca a Roma per Natale dopo il successo del tour italiano, dal 26- 29 dicembre\" \/>\n<meta property=\"og:url\" content=\"https:\/\/www.romaoggi.eu\/index.php\/2019\/12\/14\/abracadabra-la-notte-dei-miracoli-al-teatro-ghione-dal-26-al-29-dicembre\/\" \/>\n<meta property=\"og:site_name\" content=\"roma oggi\" \/>\n<meta property=\"article:publisher\" content=\"https:\/\/www.facebook.com\/RomaOggi-841544845954114\" \/>\n<meta property=\"article:published_time\" content=\"2019-12-14T15:33:58+00:00\" \/>\n<meta property=\"og:image\" content=\"https:\/\/www.romaoggi.eu\/wp-content\/uploads\/2019\/12\/foto-disguido-2-ph-angelo-redaelli.jpg\" \/>\n\t<meta property=\"og:image:width\" content=\"890\" \/>\n\t<meta property=\"og:image:height\" content=\"593\" \/>\n\t<meta property=\"og:image:type\" content=\"image\/jpeg\" \/>\n<meta name=\"author\" content=\"admin\" \/>\n<meta name=\"twitter:card\" content=\"summary_large_image\" \/>\n<meta name=\"twitter:creator\" content=\"@romaoggi_eu\" \/>\n<meta name=\"twitter:site\" content=\"@romaoggi_eu\" \/>\n<meta name=\"twitter:label1\" content=\"Scritto da\" \/>\n\t<meta name=\"twitter:data1\" content=\"admin\" \/>\n\t<meta name=\"twitter:label2\" content=\"Tempo di lettura stimato\" \/>\n\t<meta name=\"twitter:data2\" content=\"3 minuti\" \/>\n<script type=\"application\/ld+json\" class=\"yoast-schema-graph\">{\"@context\":\"https:\\\/\\\/schema.org\",\"@graph\":[{\"@type\":\"Article\",\"@id\":\"https:\\\/\\\/www.romaoggi.eu\\\/index.php\\\/2019\\\/12\\\/14\\\/abracadabra-la-notte-dei-miracoli-al-teatro-ghione-dal-26-al-29-dicembre\\\/#article\",\"isPartOf\":{\"@id\":\"https:\\\/\\\/www.romaoggi.eu\\\/index.php\\\/2019\\\/12\\\/14\\\/abracadabra-la-notte-dei-miracoli-al-teatro-ghione-dal-26-al-29-dicembre\\\/\"},\"author\":{\"name\":\"admin\",\"@id\":\"https:\\\/\\\/www.romaoggi.eu\\\/#\\\/schema\\\/person\\\/9b23ceb6a2992a25e98c76a5f1fbb887\"},\"headline\":\"\u201cAbracadabra\u201d La Notte dei Miracoli al Teatro Ghione dal 26 al 29 dicembre\",\"datePublished\":\"2019-12-14T15:33:58+00:00\",\"mainEntityOfPage\":{\"@id\":\"https:\\\/\\\/www.romaoggi.eu\\\/index.php\\\/2019\\\/12\\\/14\\\/abracadabra-la-notte-dei-miracoli-al-teatro-ghione-dal-26-al-29-dicembre\\\/\"},\"wordCount\":562,\"publisher\":{\"@id\":\"https:\\\/\\\/www.romaoggi.eu\\\/#organization\"},\"image\":{\"@id\":\"https:\\\/\\\/www.romaoggi.eu\\\/index.php\\\/2019\\\/12\\\/14\\\/abracadabra-la-notte-dei-miracoli-al-teatro-ghione-dal-26-al-29-dicembre\\\/#primaryimage\"},\"thumbnailUrl\":\"https:\\\/\\\/www.romaoggi.eu\\\/wp-content\\\/uploads\\\/2019\\\/12\\\/foto-disguido-2-ph-angelo-redaelli.jpg\",\"keywords\":[\"abracadabra\",\"illusionismo\",\"magia\",\"Teatro Ghione\"],\"articleSection\":[\"Spettacolo\"],\"inLanguage\":\"it-IT\"},{\"@type\":\"WebPage\",\"@id\":\"https:\\\/\\\/www.romaoggi.eu\\\/index.php\\\/2019\\\/12\\\/14\\\/abracadabra-la-notte-dei-miracoli-al-teatro-ghione-dal-26-al-29-dicembre\\\/\",\"url\":\"https:\\\/\\\/www.romaoggi.eu\\\/index.php\\\/2019\\\/12\\\/14\\\/abracadabra-la-notte-dei-miracoli-al-teatro-ghione-dal-26-al-29-dicembre\\\/\",\"name\":\"\u201cAbracadabra\u201d La Notte dei Miracoli al Teatro Ghione dal 26 al 29 dicembre\",\"isPartOf\":{\"@id\":\"https:\\\/\\\/www.romaoggi.eu\\\/#website\"},\"primaryImageOfPage\":{\"@id\":\"https:\\\/\\\/www.romaoggi.eu\\\/index.php\\\/2019\\\/12\\\/14\\\/abracadabra-la-notte-dei-miracoli-al-teatro-ghione-dal-26-al-29-dicembre\\\/#primaryimage\"},\"image\":{\"@id\":\"https:\\\/\\\/www.romaoggi.eu\\\/index.php\\\/2019\\\/12\\\/14\\\/abracadabra-la-notte-dei-miracoli-al-teatro-ghione-dal-26-al-29-dicembre\\\/#primaryimage\"},\"thumbnailUrl\":\"https:\\\/\\\/www.romaoggi.eu\\\/wp-content\\\/uploads\\\/2019\\\/12\\\/foto-disguido-2-ph-angelo-redaelli.jpg\",\"datePublished\":\"2019-12-14T15:33:58+00:00\",\"description\":\"\u00a0\u201cAbracadabra\u201d, La Notte dei Miracoli, lo show internazionale di magia, sbarca a Roma per Natale dopo il successo del tour italiano, dal 26- 29 dicembre\",\"breadcrumb\":{\"@id\":\"https:\\\/\\\/www.romaoggi.eu\\\/index.php\\\/2019\\\/12\\\/14\\\/abracadabra-la-notte-dei-miracoli-al-teatro-ghione-dal-26-al-29-dicembre\\\/#breadcrumb\"},\"inLanguage\":\"it-IT\",\"potentialAction\":[{\"@type\":\"ReadAction\",\"target\":[\"https:\\\/\\\/www.romaoggi.eu\\\/index.php\\\/2019\\\/12\\\/14\\\/abracadabra-la-notte-dei-miracoli-al-teatro-ghione-dal-26-al-29-dicembre\\\/\"]}]},{\"@type\":\"ImageObject\",\"inLanguage\":\"it-IT\",\"@id\":\"https:\\\/\\\/www.romaoggi.eu\\\/index.php\\\/2019\\\/12\\\/14\\\/abracadabra-la-notte-dei-miracoli-al-teatro-ghione-dal-26-al-29-dicembre\\\/#primaryimage\",\"url\":\"https:\\\/\\\/www.romaoggi.eu\\\/wp-content\\\/uploads\\\/2019\\\/12\\\/foto-disguido-2-ph-angelo-redaelli.jpg\",\"contentUrl\":\"https:\\\/\\\/www.romaoggi.eu\\\/wp-content\\\/uploads\\\/2019\\\/12\\\/foto-disguido-2-ph-angelo-redaelli.jpg\",\"width\":890,\"height\":593,\"caption\":\"foto-angelo redaelli\"},{\"@type\":\"BreadcrumbList\",\"@id\":\"https:\\\/\\\/www.romaoggi.eu\\\/index.php\\\/2019\\\/12\\\/14\\\/abracadabra-la-notte-dei-miracoli-al-teatro-ghione-dal-26-al-29-dicembre\\\/#breadcrumb\",\"itemListElement\":[{\"@type\":\"ListItem\",\"position\":1,\"name\":\"Home\",\"item\":\"https:\\\/\\\/www.romaoggi.eu\\\/\"},{\"@type\":\"ListItem\",\"position\":2,\"name\":\"\u201cAbracadabra\u201d La Notte dei Miracoli al Teatro Ghione dal 26 al 29 dicembre\"}]},{\"@type\":\"WebSite\",\"@id\":\"https:\\\/\\\/www.romaoggi.eu\\\/#website\",\"url\":\"https:\\\/\\\/www.romaoggi.eu\\\/\",\"name\":\"roma oggi\",\"description\":\"Interesting News for Interesting people\",\"publisher\":{\"@id\":\"https:\\\/\\\/www.romaoggi.eu\\\/#organization\"},\"potentialAction\":[{\"@type\":\"SearchAction\",\"target\":{\"@type\":\"EntryPoint\",\"urlTemplate\":\"https:\\\/\\\/www.romaoggi.eu\\\/?s={search_term_string}\"},\"query-input\":{\"@type\":\"PropertyValueSpecification\",\"valueRequired\":true,\"valueName\":\"search_term_string\"}}],\"inLanguage\":\"it-IT\"},{\"@type\":\"Organization\",\"@id\":\"https:\\\/\\\/www.romaoggi.eu\\\/#organization\",\"name\":\"RomaOggi\",\"url\":\"https:\\\/\\\/www.romaoggi.eu\\\/\",\"logo\":{\"@type\":\"ImageObject\",\"inLanguage\":\"it-IT\",\"@id\":\"https:\\\/\\\/www.romaoggi.eu\\\/#\\\/schema\\\/logo\\\/image\\\/\",\"url\":\"https:\\\/\\\/www.romaoggi.eu\\\/wp-content\\\/uploads\\\/2017\\\/04\\\/logowp.jpg\",\"contentUrl\":\"https:\\\/\\\/www.romaoggi.eu\\\/wp-content\\\/uploads\\\/2017\\\/04\\\/logowp.jpg\",\"width\":300,\"height\":133,\"caption\":\"RomaOggi\"},\"image\":{\"@id\":\"https:\\\/\\\/www.romaoggi.eu\\\/#\\\/schema\\\/logo\\\/image\\\/\"},\"sameAs\":[\"https:\\\/\\\/www.facebook.com\\\/RomaOggi-841544845954114\",\"https:\\\/\\\/x.com\\\/romaoggi_eu\"]},{\"@type\":\"Person\",\"@id\":\"https:\\\/\\\/www.romaoggi.eu\\\/#\\\/schema\\\/person\\\/9b23ceb6a2992a25e98c76a5f1fbb887\",\"name\":\"admin\",\"image\":{\"@type\":\"ImageObject\",\"inLanguage\":\"it-IT\",\"@id\":\"https:\\\/\\\/secure.gravatar.com\\\/avatar\\\/51b1e0a1f4159e3b5d89435fce5e1a348d6c59e2ff8c2d428dae75560aace504?s=96&d=mm&r=g\",\"url\":\"https:\\\/\\\/secure.gravatar.com\\\/avatar\\\/51b1e0a1f4159e3b5d89435fce5e1a348d6c59e2ff8c2d428dae75560aace504?s=96&d=mm&r=g\",\"contentUrl\":\"https:\\\/\\\/secure.gravatar.com\\\/avatar\\\/51b1e0a1f4159e3b5d89435fce5e1a348d6c59e2ff8c2d428dae75560aace504?s=96&d=mm&r=g\",\"caption\":\"admin\"},\"url\":\"https:\\\/\\\/www.romaoggi.eu\\\/index.php\\\/author\\\/admin\\\/\"}]}<\/script>\n<!-- \/ Yoast SEO plugin. -->","yoast_head_json":{"title":"\u201cAbracadabra\u201d La Notte dei Miracoli al Teatro Ghione dal 26 al 29 dicembre","description":"\u00a0\u201cAbracadabra\u201d, La Notte dei Miracoli, lo show internazionale di magia, sbarca a Roma per Natale dopo il successo del tour italiano, dal 26- 29 dicembre","robots":{"index":"index","follow":"follow","max-snippet":"max-snippet:-1","max-image-preview":"max-image-preview:large","max-video-preview":"max-video-preview:-1"},"canonical":"https:\/\/www.romaoggi.eu\/index.php\/2019\/12\/14\/abracadabra-la-notte-dei-miracoli-al-teatro-ghione-dal-26-al-29-dicembre\/","og_locale":"it_IT","og_type":"article","og_title":"\u201cAbracadabra\u201d La Notte dei Miracoli al Teatro Ghione dal 26 al 29 dicembre","og_description":"\u00a0\u201cAbracadabra\u201d, La Notte dei Miracoli, lo show internazionale di magia, sbarca a Roma per Natale dopo il successo del tour italiano, dal 26- 29 dicembre","og_url":"https:\/\/www.romaoggi.eu\/index.php\/2019\/12\/14\/abracadabra-la-notte-dei-miracoli-al-teatro-ghione-dal-26-al-29-dicembre\/","og_site_name":"roma oggi","article_publisher":"https:\/\/www.facebook.com\/RomaOggi-841544845954114","article_published_time":"2019-12-14T15:33:58+00:00","og_image":[{"width":890,"height":593,"url":"https:\/\/www.romaoggi.eu\/wp-content\/uploads\/2019\/12\/foto-disguido-2-ph-angelo-redaelli.jpg","type":"image\/jpeg"}],"author":"admin","twitter_card":"summary_large_image","twitter_creator":"@romaoggi_eu","twitter_site":"@romaoggi_eu","twitter_misc":{"Scritto da":"admin","Tempo di lettura stimato":"3 minuti"},"schema":{"@context":"https:\/\/schema.org","@graph":[{"@type":"Article","@id":"https:\/\/www.romaoggi.eu\/index.php\/2019\/12\/14\/abracadabra-la-notte-dei-miracoli-al-teatro-ghione-dal-26-al-29-dicembre\/#article","isPartOf":{"@id":"https:\/\/www.romaoggi.eu\/index.php\/2019\/12\/14\/abracadabra-la-notte-dei-miracoli-al-teatro-ghione-dal-26-al-29-dicembre\/"},"author":{"name":"admin","@id":"https:\/\/www.romaoggi.eu\/#\/schema\/person\/9b23ceb6a2992a25e98c76a5f1fbb887"},"headline":"\u201cAbracadabra\u201d La Notte dei Miracoli al Teatro Ghione dal 26 al 29 dicembre","datePublished":"2019-12-14T15:33:58+00:00","mainEntityOfPage":{"@id":"https:\/\/www.romaoggi.eu\/index.php\/2019\/12\/14\/abracadabra-la-notte-dei-miracoli-al-teatro-ghione-dal-26-al-29-dicembre\/"},"wordCount":562,"publisher":{"@id":"https:\/\/www.romaoggi.eu\/#organization"},"image":{"@id":"https:\/\/www.romaoggi.eu\/index.php\/2019\/12\/14\/abracadabra-la-notte-dei-miracoli-al-teatro-ghione-dal-26-al-29-dicembre\/#primaryimage"},"thumbnailUrl":"https:\/\/www.romaoggi.eu\/wp-content\/uploads\/2019\/12\/foto-disguido-2-ph-angelo-redaelli.jpg","keywords":["abracadabra","illusionismo","magia","Teatro Ghione"],"articleSection":["Spettacolo"],"inLanguage":"it-IT"},{"@type":"WebPage","@id":"https:\/\/www.romaoggi.eu\/index.php\/2019\/12\/14\/abracadabra-la-notte-dei-miracoli-al-teatro-ghione-dal-26-al-29-dicembre\/","url":"https:\/\/www.romaoggi.eu\/index.php\/2019\/12\/14\/abracadabra-la-notte-dei-miracoli-al-teatro-ghione-dal-26-al-29-dicembre\/","name":"\u201cAbracadabra\u201d La Notte dei Miracoli al Teatro Ghione dal 26 al 29 dicembre","isPartOf":{"@id":"https:\/\/www.romaoggi.eu\/#website"},"primaryImageOfPage":{"@id":"https:\/\/www.romaoggi.eu\/index.php\/2019\/12\/14\/abracadabra-la-notte-dei-miracoli-al-teatro-ghione-dal-26-al-29-dicembre\/#primaryimage"},"image":{"@id":"https:\/\/www.romaoggi.eu\/index.php\/2019\/12\/14\/abracadabra-la-notte-dei-miracoli-al-teatro-ghione-dal-26-al-29-dicembre\/#primaryimage"},"thumbnailUrl":"https:\/\/www.romaoggi.eu\/wp-content\/uploads\/2019\/12\/foto-disguido-2-ph-angelo-redaelli.jpg","datePublished":"2019-12-14T15:33:58+00:00","description":"\u00a0\u201cAbracadabra\u201d, La Notte dei Miracoli, lo show internazionale di magia, sbarca a Roma per Natale dopo il successo del tour italiano, dal 26- 29 dicembre","breadcrumb":{"@id":"https:\/\/www.romaoggi.eu\/index.php\/2019\/12\/14\/abracadabra-la-notte-dei-miracoli-al-teatro-ghione-dal-26-al-29-dicembre\/#breadcrumb"},"inLanguage":"it-IT","potentialAction":[{"@type":"ReadAction","target":["https:\/\/www.romaoggi.eu\/index.php\/2019\/12\/14\/abracadabra-la-notte-dei-miracoli-al-teatro-ghione-dal-26-al-29-dicembre\/"]}]},{"@type":"ImageObject","inLanguage":"it-IT","@id":"https:\/\/www.romaoggi.eu\/index.php\/2019\/12\/14\/abracadabra-la-notte-dei-miracoli-al-teatro-ghione-dal-26-al-29-dicembre\/#primaryimage","url":"https:\/\/www.romaoggi.eu\/wp-content\/uploads\/2019\/12\/foto-disguido-2-ph-angelo-redaelli.jpg","contentUrl":"https:\/\/www.romaoggi.eu\/wp-content\/uploads\/2019\/12\/foto-disguido-2-ph-angelo-redaelli.jpg","width":890,"height":593,"caption":"foto-angelo redaelli"},{"@type":"BreadcrumbList","@id":"https:\/\/www.romaoggi.eu\/index.php\/2019\/12\/14\/abracadabra-la-notte-dei-miracoli-al-teatro-ghione-dal-26-al-29-dicembre\/#breadcrumb","itemListElement":[{"@type":"ListItem","position":1,"name":"Home","item":"https:\/\/www.romaoggi.eu\/"},{"@type":"ListItem","position":2,"name":"\u201cAbracadabra\u201d La Notte dei Miracoli al Teatro Ghione dal 26 al 29 dicembre"}]},{"@type":"WebSite","@id":"https:\/\/www.romaoggi.eu\/#website","url":"https:\/\/www.romaoggi.eu\/","name":"roma oggi","description":"Interesting News for Interesting people","publisher":{"@id":"https:\/\/www.romaoggi.eu\/#organization"},"potentialAction":[{"@type":"SearchAction","target":{"@type":"EntryPoint","urlTemplate":"https:\/\/www.romaoggi.eu\/?s={search_term_string}"},"query-input":{"@type":"PropertyValueSpecification","valueRequired":true,"valueName":"search_term_string"}}],"inLanguage":"it-IT"},{"@type":"Organization","@id":"https:\/\/www.romaoggi.eu\/#organization","name":"RomaOggi","url":"https:\/\/www.romaoggi.eu\/","logo":{"@type":"ImageObject","inLanguage":"it-IT","@id":"https:\/\/www.romaoggi.eu\/#\/schema\/logo\/image\/","url":"https:\/\/www.romaoggi.eu\/wp-content\/uploads\/2017\/04\/logowp.jpg","contentUrl":"https:\/\/www.romaoggi.eu\/wp-content\/uploads\/2017\/04\/logowp.jpg","width":300,"height":133,"caption":"RomaOggi"},"image":{"@id":"https:\/\/www.romaoggi.eu\/#\/schema\/logo\/image\/"},"sameAs":["https:\/\/www.facebook.com\/RomaOggi-841544845954114","https:\/\/x.com\/romaoggi_eu"]},{"@type":"Person","@id":"https:\/\/www.romaoggi.eu\/#\/schema\/person\/9b23ceb6a2992a25e98c76a5f1fbb887","name":"admin","image":{"@type":"ImageObject","inLanguage":"it-IT","@id":"https:\/\/secure.gravatar.com\/avatar\/51b1e0a1f4159e3b5d89435fce5e1a348d6c59e2ff8c2d428dae75560aace504?s=96&d=mm&r=g","url":"https:\/\/secure.gravatar.com\/avatar\/51b1e0a1f4159e3b5d89435fce5e1a348d6c59e2ff8c2d428dae75560aace504?s=96&d=mm&r=g","contentUrl":"https:\/\/secure.gravatar.com\/avatar\/51b1e0a1f4159e3b5d89435fce5e1a348d6c59e2ff8c2d428dae75560aace504?s=96&d=mm&r=g","caption":"admin"},"url":"https:\/\/www.romaoggi.eu\/index.php\/author\/admin\/"}]}},"_links":{"self":[{"href":"https:\/\/www.romaoggi.eu\/index.php\/wp-json\/wp\/v2\/posts\/23610","targetHints":{"allow":["GET"]}}],"collection":[{"href":"https:\/\/www.romaoggi.eu\/index.php\/wp-json\/wp\/v2\/posts"}],"about":[{"href":"https:\/\/www.romaoggi.eu\/index.php\/wp-json\/wp\/v2\/types\/post"}],"author":[{"embeddable":true,"href":"https:\/\/www.romaoggi.eu\/index.php\/wp-json\/wp\/v2\/users\/1"}],"replies":[{"embeddable":true,"href":"https:\/\/www.romaoggi.eu\/index.php\/wp-json\/wp\/v2\/comments?post=23610"}],"version-history":[{"count":3,"href":"https:\/\/www.romaoggi.eu\/index.php\/wp-json\/wp\/v2\/posts\/23610\/revisions"}],"predecessor-version":[{"id":23615,"href":"https:\/\/www.romaoggi.eu\/index.php\/wp-json\/wp\/v2\/posts\/23610\/revisions\/23615"}],"wp:featuredmedia":[{"embeddable":true,"href":"https:\/\/www.romaoggi.eu\/index.php\/wp-json\/wp\/v2\/media\/23611"}],"wp:attachment":[{"href":"https:\/\/www.romaoggi.eu\/index.php\/wp-json\/wp\/v2\/media?parent=23610"}],"wp:term":[{"taxonomy":"category","embeddable":true,"href":"https:\/\/www.romaoggi.eu\/index.php\/wp-json\/wp\/v2\/categories?post=23610"},{"taxonomy":"post_tag","embeddable":true,"href":"https:\/\/www.romaoggi.eu\/index.php\/wp-json\/wp\/v2\/tags?post=23610"}],"curies":[{"name":"wp","href":"https:\/\/api.w.org\/{rel}","templated":true}]}}