{"id":23634,"date":"2019-12-17T00:25:31","date_gmt":"2019-12-16T23:25:31","guid":{"rendered":"http:\/\/www.romaoggi.eu\/?p=23634"},"modified":"2019-12-17T00:25:31","modified_gmt":"2019-12-16T23:25:31","slug":"salvador-dali-30-years-after-the-genius-conquista-parma","status":"publish","type":"post","link":"https:\/\/www.romaoggi.eu\/index.php\/2019\/12\/17\/salvador-dali-30-years-after-the-genius-conquista-parma\/","title":{"rendered":"Salvador Dal\u00ec 30 Years After the Genius conquista Parma"},"content":{"rendered":"<p>Strepitoso successo di pubblico alla galleria<strong> ART&amp;CO Parma<\/strong> per l\u2019inaugurazione della mostra <strong>Salvador Dal\u00ec 30 Years After the Genius.<\/strong><br \/>\nNella suggestiva Parma, a pochi giorni da Natale, si accendono i riflettori sull\u2019esposizione di Salvador Dal\u00ec che regala, con un evento di grandissimo spessore artistico e culturale, un prestigioso fiore all\u2019occhiello alla citt\u00e0 ducale.<br \/>\nLe oltre venti opere del Maestro del Surrealismo resteranno esposte negli spazi di ART&amp;CO fino al <strong>28 febbraio 2020<\/strong>. L\u2019esposizione ha conquistato i moltissimi visitatori che affollavano la galleria in borgo Palmia, affascinati dall\u2019arte del magnifico artista catalano che, ancora una volta, testimonia l\u2019indiscusso talento che lo ha portato ad essere annoverato tra gli artisti pi\u00f9 influenti e profondi del Novecento. Una genialit\u00e0 riconosciuta e ammirata anche dal re Juan Carlos I di Spagna, il quale, nel 1982, lo insign\u00ec del titolo di Marchese di P\u00fabol.<br \/>\n30 Years After the Genius nel percorso espositivo, a cura di Simone Viola e Tiziano Giurin, fondatori di ART&amp;CO, e di Alice Pezzali, responsabile di galleria, propone opere pittoriche, opere su carta e sculture, particolarmente rappresentative dell\u2019intero panorama artistico daliniano.<br \/>\nInvero, delineare appieno la figura di Dal\u00ec \u00e8 un\u2019ardua impresa, considerato i tanti campi culturali, gli stimoli, le idee e le innovazioni di questo immenso artista che si \u00e8 contraddistinto nel mondo delle arti come pittore, disegnatore, scrittore, pensatore, designer, cineasta e scenografo. Il genio spagnolo ha fatto di s\u00e9 stesso un&#8217;opera d&#8217;arte vivente. A volte, infatti, la sua figura e la sua vita prevaricano le sue stesse opere. Lui stesso era una sua creazione.<br \/>\nART&amp;CO, con l\u2019esposizione 30 Years After the Genius, patrocinata dal Comune di Parma, porta nella citt\u00e0 parmense una parte significativa della memoria e del testamento artistico di Dal\u00ec, attraverso opere iconiche e celeberrime quali l&#8217;orologio de La persistenza della memoria o la figura di Alice in wonderland di Lewis Carroll, molto cara a Dal\u00ec, proprio perch\u00e9 strettamente legata al tema del sogno, dell&#8217;onirico e del surreale. Non manca un omaggio all\u2019amatissima Gala e al surrealismo stesso, con il Surrealism King, cos\u00ec come riferimenti alla mitologia classica o ai tarocchi.<br \/>\nLa mostra \u00e8 significativa non solo per il pubblico, il quale ha l\u2019opportunit\u00e0 di scoprire ed esplorare il labirinto della mente del virtuoso maestro, ma per la neo collaborazione siglata con Dal\u00ec Universe, la societ\u00e0 che gestisce una delle pi\u00f9 grandi collezioni private al mondo di opere d\u2019arte di Dal\u00ec. Difatti, in virt\u00f9 della nomina del Mibact che ha premiato l\u2019incantevole citt\u00e0 ducale come Capitale della Cultura, vedremo ART&amp;CO proporre l&#8217;inserimento di sculture monumentali di Dal\u00ec all&#8217;interno del contesto cittadino per PARMA 2020.<br \/>\nFerruccio Carminati, responsabile culturale dell\u2019organizzazione Dal\u00ec Universe, soddisfatto, ha dichiarato: \u201cDa sempre raccogliamo consensi con le mostre del grande maestro Salvador Dal\u00ec, ma il calore con il quale ci ha accolti questa citt\u00e0 e l\u2019entusiasmo dei visitatori il cui interesse \u00e8 quasi tangibile, ci hanno confermato che abbiamo fatto la scelta giusta!\u201d<br \/>\nLa ART&amp;CO, con le gallerie di Parma e Lecce, \u00e8 reduce da un recente trionfo, ottenuto grazie alla joint venture con Life Art Gallery, Spirale Milano e Mediolanum Art Gallery, per la presentazione dell\u2019ambizioso Progetto Artisti MAG, un programma che, nel prossimo triennio, vedr\u00e0 l\u2019internazionalizzazione dei pi\u00f9 talentuosi artisti contemporanei italiani. E, proprio nella serata inaugurale di Salvador Dal\u00ec 30 Years After the Genius, non potevano mancare Massimo Ferrarotti, presidente di Spirale Milano e direttore artistico della MAG, e Stefano Pirrone, wealth advisor Medoilanum.<br \/>\nSimone Viola, direttore artistico di ART&amp;CO, dopo i molteplici consensi da parte dei giornalisti e del pubblico, ha affermato: \u201cQuesta mostra \u00e8 stato solo il primo step di una cooperazione a lungo termine con la societ\u00e0 Dal\u00ec Universe. Lo scopo principe del sodalizio \u00e8 quello di diffondere la bellezza della storia artistica del poliedrico Dal\u00ec, al fine di continuare il lavoro di divulgazione e valorizzazione della sua vita e per non lasciarla cadere in quell\u2019oblio che Dal\u00ec tanto temeva. Per Parma 2020 era doveroso inserire il contributo indiscutibilmente prezioso di questo straordinario artista conosciuto in tutto il mondo. Ci sentiamo onorati come galleristi e amanti dell\u2019arte di essere, nel tessuto del territorio, i promotori di un patrimonio immortale come quello delle opere del geniale Salvador Dal\u00ec\u201d.<br \/>\nDurante la presentazione della mostra, il consigliere comunale Oronzo Pinto, intervenuto in rappresentanza del sindaco Federico Pizzarotti, ha espresso i suoi ringraziamenti alla ART&amp;CO per l\u2019eccellente lavoro, definendola \u2018traghettatrice\u2019 tra l\u2019artista catalano e gli amanti della sua arte, ribadendo il bisogno di cultura nel nostro Paese e, soprattutto, la necessit\u00e0 di promuovere scenari d\u2019arte diversi.<br \/>\nIn una sua celebre frase, Dal\u00ec asseriva: \u201cPi\u00f9 di tutto mi ricordo il futuro\u201d.<br \/>\nE Parma 2020 guarda proprio al futuro. Sar\u00e0 un anno da ricordare, trecentosessantacinque giorni di cultura, arte e imperdibili pezzi di storia da condividere, dove si racconteranno artisti, memorie e leggende nazionali ed internazionali.<\/p>\n<p>Segui l\u2019evento su <a href=\"https:\/\/www.facebook.com\/events\/2415489858780134\/\">Facebook<\/a><\/p>\n","protected":false},"excerpt":{"rendered":"<div class=\"mh-excerpt\"><p>Strepitoso successo di pubblico alla galleria ART&amp;CO Parma per l\u2019inaugurazione della mostra Salvador Dal\u00ec 30 Years After the Genius. Nella suggestiva Parma, a pochi giorni da Natale, si accendono i riflettori sull\u2019esposizione di Salvador Dal\u00ec <a class=\"mh-excerpt-more\" href=\"https:\/\/www.romaoggi.eu\/index.php\/2019\/12\/17\/salvador-dali-30-years-after-the-genius-conquista-parma\/\" title=\"Salvador Dal\u00ec 30 Years After the Genius conquista Parma\">[&#8230;]<\/a><\/p>\n<\/div>","protected":false},"author":13,"featured_media":23636,"comment_status":"closed","ping_status":"open","sticky":false,"template":"","format":"standard","meta":{"_sitemap_exclude":false,"_sitemap_priority":"","_sitemap_frequency":"","footnotes":""},"categories":[5273],"tags":[13563,13562],"class_list":["post-23634","post","type-post","status-publish","format-standard","has-post-thumbnail","hentry","category-oltre-roma","tag-artco-parma","tag-salvator-dali"],"yoast_head":"<!-- This site is optimized with the Yoast SEO plugin v27.4 - https:\/\/yoast.com\/product\/yoast-seo-wordpress\/ -->\n<title>Salvador Dal\u00ec 30 Years After the Genius conquista Parma<\/title>\n<meta name=\"description\" content=\"Strepitoso successo di pubblico alla galleria ART&amp;CO Parma per l\u2019inaugurazione della mostra Salvador Dal\u00ec 30 Years After the Genius. Nella suggestiva\" \/>\n<meta name=\"robots\" content=\"index, follow, max-snippet:-1, max-image-preview:large, max-video-preview:-1\" \/>\n<link rel=\"canonical\" href=\"https:\/\/www.romaoggi.eu\/index.php\/2019\/12\/17\/salvador-dali-30-years-after-the-genius-conquista-parma\/\" \/>\n<meta property=\"og:locale\" content=\"it_IT\" \/>\n<meta property=\"og:type\" content=\"article\" \/>\n<meta property=\"og:title\" content=\"Salvador Dal\u00ec 30 Years After the Genius conquista Parma\" \/>\n<meta property=\"og:description\" content=\"Strepitoso successo di pubblico alla galleria ART&amp;CO Parma per l\u2019inaugurazione della mostra Salvador Dal\u00ec 30 Years After the Genius. Nella suggestiva\" \/>\n<meta property=\"og:url\" content=\"https:\/\/www.romaoggi.eu\/index.php\/2019\/12\/17\/salvador-dali-30-years-after-the-genius-conquista-parma\/\" \/>\n<meta property=\"og:site_name\" content=\"roma oggi\" \/>\n<meta property=\"article:publisher\" content=\"https:\/\/www.facebook.com\/RomaOggi-841544845954114\" \/>\n<meta property=\"article:published_time\" content=\"2019-12-16T23:25:31+00:00\" \/>\n<meta property=\"og:image\" content=\"https:\/\/www.romaoggi.eu\/wp-content\/uploads\/2019\/12\/TIZIANO-GIURIN-FERRUCCIO-CARMINATI-SIMONE-VIOLA.jpg\" \/>\n\t<meta property=\"og:image:width\" content=\"1616\" \/>\n\t<meta property=\"og:image:height\" content=\"1080\" \/>\n\t<meta property=\"og:image:type\" content=\"image\/jpeg\" \/>\n<meta name=\"author\" content=\"Federica Pansadoro\" \/>\n<meta name=\"twitter:card\" content=\"summary_large_image\" \/>\n<meta name=\"twitter:creator\" content=\"@romaoggi_eu\" \/>\n<meta name=\"twitter:site\" content=\"@romaoggi_eu\" \/>\n<meta name=\"twitter:label1\" content=\"Scritto da\" \/>\n\t<meta name=\"twitter:data1\" content=\"Federica Pansadoro\" \/>\n\t<meta name=\"twitter:label2\" content=\"Tempo di lettura stimato\" \/>\n\t<meta name=\"twitter:data2\" content=\"4 minuti\" \/>\n<script type=\"application\/ld+json\" class=\"yoast-schema-graph\">{\"@context\":\"https:\\\/\\\/schema.org\",\"@graph\":[{\"@type\":\"Article\",\"@id\":\"https:\\\/\\\/www.romaoggi.eu\\\/index.php\\\/2019\\\/12\\\/17\\\/salvador-dali-30-years-after-the-genius-conquista-parma\\\/#article\",\"isPartOf\":{\"@id\":\"https:\\\/\\\/www.romaoggi.eu\\\/index.php\\\/2019\\\/12\\\/17\\\/salvador-dali-30-years-after-the-genius-conquista-parma\\\/\"},\"author\":{\"name\":\"Federica Pansadoro\",\"@id\":\"https:\\\/\\\/www.romaoggi.eu\\\/#\\\/schema\\\/person\\\/569485df663c86fd2d0179a6643546f9\"},\"headline\":\"Salvador Dal\u00ec 30 Years After the Genius conquista Parma\",\"datePublished\":\"2019-12-16T23:25:31+00:00\",\"mainEntityOfPage\":{\"@id\":\"https:\\\/\\\/www.romaoggi.eu\\\/index.php\\\/2019\\\/12\\\/17\\\/salvador-dali-30-years-after-the-genius-conquista-parma\\\/\"},\"wordCount\":832,\"publisher\":{\"@id\":\"https:\\\/\\\/www.romaoggi.eu\\\/#organization\"},\"image\":{\"@id\":\"https:\\\/\\\/www.romaoggi.eu\\\/index.php\\\/2019\\\/12\\\/17\\\/salvador-dali-30-years-after-the-genius-conquista-parma\\\/#primaryimage\"},\"thumbnailUrl\":\"https:\\\/\\\/www.romaoggi.eu\\\/wp-content\\\/uploads\\\/2019\\\/12\\\/TIZIANO-GIURIN-FERRUCCIO-CARMINATI-SIMONE-VIOLA.jpg\",\"keywords\":[\"ART&amp;CO Parma\",\"Salvator Dal\u00ec\"],\"articleSection\":[\"oltre Roma\"],\"inLanguage\":\"it-IT\"},{\"@type\":\"WebPage\",\"@id\":\"https:\\\/\\\/www.romaoggi.eu\\\/index.php\\\/2019\\\/12\\\/17\\\/salvador-dali-30-years-after-the-genius-conquista-parma\\\/\",\"url\":\"https:\\\/\\\/www.romaoggi.eu\\\/index.php\\\/2019\\\/12\\\/17\\\/salvador-dali-30-years-after-the-genius-conquista-parma\\\/\",\"name\":\"Salvador Dal\u00ec 30 Years After the Genius conquista Parma\",\"isPartOf\":{\"@id\":\"https:\\\/\\\/www.romaoggi.eu\\\/#website\"},\"primaryImageOfPage\":{\"@id\":\"https:\\\/\\\/www.romaoggi.eu\\\/index.php\\\/2019\\\/12\\\/17\\\/salvador-dali-30-years-after-the-genius-conquista-parma\\\/#primaryimage\"},\"image\":{\"@id\":\"https:\\\/\\\/www.romaoggi.eu\\\/index.php\\\/2019\\\/12\\\/17\\\/salvador-dali-30-years-after-the-genius-conquista-parma\\\/#primaryimage\"},\"thumbnailUrl\":\"https:\\\/\\\/www.romaoggi.eu\\\/wp-content\\\/uploads\\\/2019\\\/12\\\/TIZIANO-GIURIN-FERRUCCIO-CARMINATI-SIMONE-VIOLA.jpg\",\"datePublished\":\"2019-12-16T23:25:31+00:00\",\"description\":\"Strepitoso successo di pubblico alla galleria ART&amp;CO Parma per l\u2019inaugurazione della mostra Salvador Dal\u00ec 30 Years After the Genius. Nella suggestiva\",\"breadcrumb\":{\"@id\":\"https:\\\/\\\/www.romaoggi.eu\\\/index.php\\\/2019\\\/12\\\/17\\\/salvador-dali-30-years-after-the-genius-conquista-parma\\\/#breadcrumb\"},\"inLanguage\":\"it-IT\",\"potentialAction\":[{\"@type\":\"ReadAction\",\"target\":[\"https:\\\/\\\/www.romaoggi.eu\\\/index.php\\\/2019\\\/12\\\/17\\\/salvador-dali-30-years-after-the-genius-conquista-parma\\\/\"]}]},{\"@type\":\"ImageObject\",\"inLanguage\":\"it-IT\",\"@id\":\"https:\\\/\\\/www.romaoggi.eu\\\/index.php\\\/2019\\\/12\\\/17\\\/salvador-dali-30-years-after-the-genius-conquista-parma\\\/#primaryimage\",\"url\":\"https:\\\/\\\/www.romaoggi.eu\\\/wp-content\\\/uploads\\\/2019\\\/12\\\/TIZIANO-GIURIN-FERRUCCIO-CARMINATI-SIMONE-VIOLA.jpg\",\"contentUrl\":\"https:\\\/\\\/www.romaoggi.eu\\\/wp-content\\\/uploads\\\/2019\\\/12\\\/TIZIANO-GIURIN-FERRUCCIO-CARMINATI-SIMONE-VIOLA.jpg\",\"width\":1616,\"height\":1080},{\"@type\":\"BreadcrumbList\",\"@id\":\"https:\\\/\\\/www.romaoggi.eu\\\/index.php\\\/2019\\\/12\\\/17\\\/salvador-dali-30-years-after-the-genius-conquista-parma\\\/#breadcrumb\",\"itemListElement\":[{\"@type\":\"ListItem\",\"position\":1,\"name\":\"Home\",\"item\":\"https:\\\/\\\/www.romaoggi.eu\\\/\"},{\"@type\":\"ListItem\",\"position\":2,\"name\":\"Salvador Dal\u00ec 30 Years After the Genius conquista Parma\"}]},{\"@type\":\"WebSite\",\"@id\":\"https:\\\/\\\/www.romaoggi.eu\\\/#website\",\"url\":\"https:\\\/\\\/www.romaoggi.eu\\\/\",\"name\":\"roma oggi\",\"description\":\"Interesting News for Interesting people\",\"publisher\":{\"@id\":\"https:\\\/\\\/www.romaoggi.eu\\\/#organization\"},\"potentialAction\":[{\"@type\":\"SearchAction\",\"target\":{\"@type\":\"EntryPoint\",\"urlTemplate\":\"https:\\\/\\\/www.romaoggi.eu\\\/?s={search_term_string}\"},\"query-input\":{\"@type\":\"PropertyValueSpecification\",\"valueRequired\":true,\"valueName\":\"search_term_string\"}}],\"inLanguage\":\"it-IT\"},{\"@type\":\"Organization\",\"@id\":\"https:\\\/\\\/www.romaoggi.eu\\\/#organization\",\"name\":\"RomaOggi\",\"url\":\"https:\\\/\\\/www.romaoggi.eu\\\/\",\"logo\":{\"@type\":\"ImageObject\",\"inLanguage\":\"it-IT\",\"@id\":\"https:\\\/\\\/www.romaoggi.eu\\\/#\\\/schema\\\/logo\\\/image\\\/\",\"url\":\"https:\\\/\\\/www.romaoggi.eu\\\/wp-content\\\/uploads\\\/2017\\\/04\\\/logowp.jpg\",\"contentUrl\":\"https:\\\/\\\/www.romaoggi.eu\\\/wp-content\\\/uploads\\\/2017\\\/04\\\/logowp.jpg\",\"width\":300,\"height\":133,\"caption\":\"RomaOggi\"},\"image\":{\"@id\":\"https:\\\/\\\/www.romaoggi.eu\\\/#\\\/schema\\\/logo\\\/image\\\/\"},\"sameAs\":[\"https:\\\/\\\/www.facebook.com\\\/RomaOggi-841544845954114\",\"https:\\\/\\\/x.com\\\/romaoggi_eu\"]},{\"@type\":\"Person\",\"@id\":\"https:\\\/\\\/www.romaoggi.eu\\\/#\\\/schema\\\/person\\\/569485df663c86fd2d0179a6643546f9\",\"name\":\"Federica Pansadoro\",\"image\":{\"@type\":\"ImageObject\",\"inLanguage\":\"it-IT\",\"@id\":\"https:\\\/\\\/secure.gravatar.com\\\/avatar\\\/646783eb26ef4eab9fe24f298081663814c4d6acd6ea1c44b2633e8176ba1dc5?s=96&d=mm&r=g\",\"url\":\"https:\\\/\\\/secure.gravatar.com\\\/avatar\\\/646783eb26ef4eab9fe24f298081663814c4d6acd6ea1c44b2633e8176ba1dc5?s=96&d=mm&r=g\",\"contentUrl\":\"https:\\\/\\\/secure.gravatar.com\\\/avatar\\\/646783eb26ef4eab9fe24f298081663814c4d6acd6ea1c44b2633e8176ba1dc5?s=96&d=mm&r=g\",\"caption\":\"Federica Pansadoro\"},\"sameAs\":[\"https:\\\/\\\/www.youtube.com\\\/channel\\\/UCN8Y45Fmdd0XBagxT7qUVEA\"],\"url\":\"https:\\\/\\\/www.romaoggi.eu\\\/index.php\\\/author\\\/federica\\\/\"}]}<\/script>\n<!-- \/ Yoast SEO plugin. -->","yoast_head_json":{"title":"Salvador Dal\u00ec 30 Years After the Genius conquista Parma","description":"Strepitoso successo di pubblico alla galleria ART&amp;CO Parma per l\u2019inaugurazione della mostra Salvador Dal\u00ec 30 Years After the Genius. Nella suggestiva","robots":{"index":"index","follow":"follow","max-snippet":"max-snippet:-1","max-image-preview":"max-image-preview:large","max-video-preview":"max-video-preview:-1"},"canonical":"https:\/\/www.romaoggi.eu\/index.php\/2019\/12\/17\/salvador-dali-30-years-after-the-genius-conquista-parma\/","og_locale":"it_IT","og_type":"article","og_title":"Salvador Dal\u00ec 30 Years After the Genius conquista Parma","og_description":"Strepitoso successo di pubblico alla galleria ART&amp;CO Parma per l\u2019inaugurazione della mostra Salvador Dal\u00ec 30 Years After the Genius. Nella suggestiva","og_url":"https:\/\/www.romaoggi.eu\/index.php\/2019\/12\/17\/salvador-dali-30-years-after-the-genius-conquista-parma\/","og_site_name":"roma oggi","article_publisher":"https:\/\/www.facebook.com\/RomaOggi-841544845954114","article_published_time":"2019-12-16T23:25:31+00:00","og_image":[{"width":1616,"height":1080,"url":"https:\/\/www.romaoggi.eu\/wp-content\/uploads\/2019\/12\/TIZIANO-GIURIN-FERRUCCIO-CARMINATI-SIMONE-VIOLA.jpg","type":"image\/jpeg"}],"author":"Federica Pansadoro","twitter_card":"summary_large_image","twitter_creator":"@romaoggi_eu","twitter_site":"@romaoggi_eu","twitter_misc":{"Scritto da":"Federica Pansadoro","Tempo di lettura stimato":"4 minuti"},"schema":{"@context":"https:\/\/schema.org","@graph":[{"@type":"Article","@id":"https:\/\/www.romaoggi.eu\/index.php\/2019\/12\/17\/salvador-dali-30-years-after-the-genius-conquista-parma\/#article","isPartOf":{"@id":"https:\/\/www.romaoggi.eu\/index.php\/2019\/12\/17\/salvador-dali-30-years-after-the-genius-conquista-parma\/"},"author":{"name":"Federica Pansadoro","@id":"https:\/\/www.romaoggi.eu\/#\/schema\/person\/569485df663c86fd2d0179a6643546f9"},"headline":"Salvador Dal\u00ec 30 Years After the Genius conquista Parma","datePublished":"2019-12-16T23:25:31+00:00","mainEntityOfPage":{"@id":"https:\/\/www.romaoggi.eu\/index.php\/2019\/12\/17\/salvador-dali-30-years-after-the-genius-conquista-parma\/"},"wordCount":832,"publisher":{"@id":"https:\/\/www.romaoggi.eu\/#organization"},"image":{"@id":"https:\/\/www.romaoggi.eu\/index.php\/2019\/12\/17\/salvador-dali-30-years-after-the-genius-conquista-parma\/#primaryimage"},"thumbnailUrl":"https:\/\/www.romaoggi.eu\/wp-content\/uploads\/2019\/12\/TIZIANO-GIURIN-FERRUCCIO-CARMINATI-SIMONE-VIOLA.jpg","keywords":["ART&amp;CO Parma","Salvator Dal\u00ec"],"articleSection":["oltre Roma"],"inLanguage":"it-IT"},{"@type":"WebPage","@id":"https:\/\/www.romaoggi.eu\/index.php\/2019\/12\/17\/salvador-dali-30-years-after-the-genius-conquista-parma\/","url":"https:\/\/www.romaoggi.eu\/index.php\/2019\/12\/17\/salvador-dali-30-years-after-the-genius-conquista-parma\/","name":"Salvador Dal\u00ec 30 Years After the Genius conquista Parma","isPartOf":{"@id":"https:\/\/www.romaoggi.eu\/#website"},"primaryImageOfPage":{"@id":"https:\/\/www.romaoggi.eu\/index.php\/2019\/12\/17\/salvador-dali-30-years-after-the-genius-conquista-parma\/#primaryimage"},"image":{"@id":"https:\/\/www.romaoggi.eu\/index.php\/2019\/12\/17\/salvador-dali-30-years-after-the-genius-conquista-parma\/#primaryimage"},"thumbnailUrl":"https:\/\/www.romaoggi.eu\/wp-content\/uploads\/2019\/12\/TIZIANO-GIURIN-FERRUCCIO-CARMINATI-SIMONE-VIOLA.jpg","datePublished":"2019-12-16T23:25:31+00:00","description":"Strepitoso successo di pubblico alla galleria ART&amp;CO Parma per l\u2019inaugurazione della mostra Salvador Dal\u00ec 30 Years After the Genius. Nella suggestiva","breadcrumb":{"@id":"https:\/\/www.romaoggi.eu\/index.php\/2019\/12\/17\/salvador-dali-30-years-after-the-genius-conquista-parma\/#breadcrumb"},"inLanguage":"it-IT","potentialAction":[{"@type":"ReadAction","target":["https:\/\/www.romaoggi.eu\/index.php\/2019\/12\/17\/salvador-dali-30-years-after-the-genius-conquista-parma\/"]}]},{"@type":"ImageObject","inLanguage":"it-IT","@id":"https:\/\/www.romaoggi.eu\/index.php\/2019\/12\/17\/salvador-dali-30-years-after-the-genius-conquista-parma\/#primaryimage","url":"https:\/\/www.romaoggi.eu\/wp-content\/uploads\/2019\/12\/TIZIANO-GIURIN-FERRUCCIO-CARMINATI-SIMONE-VIOLA.jpg","contentUrl":"https:\/\/www.romaoggi.eu\/wp-content\/uploads\/2019\/12\/TIZIANO-GIURIN-FERRUCCIO-CARMINATI-SIMONE-VIOLA.jpg","width":1616,"height":1080},{"@type":"BreadcrumbList","@id":"https:\/\/www.romaoggi.eu\/index.php\/2019\/12\/17\/salvador-dali-30-years-after-the-genius-conquista-parma\/#breadcrumb","itemListElement":[{"@type":"ListItem","position":1,"name":"Home","item":"https:\/\/www.romaoggi.eu\/"},{"@type":"ListItem","position":2,"name":"Salvador Dal\u00ec 30 Years After the Genius conquista Parma"}]},{"@type":"WebSite","@id":"https:\/\/www.romaoggi.eu\/#website","url":"https:\/\/www.romaoggi.eu\/","name":"roma oggi","description":"Interesting News for Interesting people","publisher":{"@id":"https:\/\/www.romaoggi.eu\/#organization"},"potentialAction":[{"@type":"SearchAction","target":{"@type":"EntryPoint","urlTemplate":"https:\/\/www.romaoggi.eu\/?s={search_term_string}"},"query-input":{"@type":"PropertyValueSpecification","valueRequired":true,"valueName":"search_term_string"}}],"inLanguage":"it-IT"},{"@type":"Organization","@id":"https:\/\/www.romaoggi.eu\/#organization","name":"RomaOggi","url":"https:\/\/www.romaoggi.eu\/","logo":{"@type":"ImageObject","inLanguage":"it-IT","@id":"https:\/\/www.romaoggi.eu\/#\/schema\/logo\/image\/","url":"https:\/\/www.romaoggi.eu\/wp-content\/uploads\/2017\/04\/logowp.jpg","contentUrl":"https:\/\/www.romaoggi.eu\/wp-content\/uploads\/2017\/04\/logowp.jpg","width":300,"height":133,"caption":"RomaOggi"},"image":{"@id":"https:\/\/www.romaoggi.eu\/#\/schema\/logo\/image\/"},"sameAs":["https:\/\/www.facebook.com\/RomaOggi-841544845954114","https:\/\/x.com\/romaoggi_eu"]},{"@type":"Person","@id":"https:\/\/www.romaoggi.eu\/#\/schema\/person\/569485df663c86fd2d0179a6643546f9","name":"Federica Pansadoro","image":{"@type":"ImageObject","inLanguage":"it-IT","@id":"https:\/\/secure.gravatar.com\/avatar\/646783eb26ef4eab9fe24f298081663814c4d6acd6ea1c44b2633e8176ba1dc5?s=96&d=mm&r=g","url":"https:\/\/secure.gravatar.com\/avatar\/646783eb26ef4eab9fe24f298081663814c4d6acd6ea1c44b2633e8176ba1dc5?s=96&d=mm&r=g","contentUrl":"https:\/\/secure.gravatar.com\/avatar\/646783eb26ef4eab9fe24f298081663814c4d6acd6ea1c44b2633e8176ba1dc5?s=96&d=mm&r=g","caption":"Federica Pansadoro"},"sameAs":["https:\/\/www.youtube.com\/channel\/UCN8Y45Fmdd0XBagxT7qUVEA"],"url":"https:\/\/www.romaoggi.eu\/index.php\/author\/federica\/"}]}},"_links":{"self":[{"href":"https:\/\/www.romaoggi.eu\/index.php\/wp-json\/wp\/v2\/posts\/23634","targetHints":{"allow":["GET"]}}],"collection":[{"href":"https:\/\/www.romaoggi.eu\/index.php\/wp-json\/wp\/v2\/posts"}],"about":[{"href":"https:\/\/www.romaoggi.eu\/index.php\/wp-json\/wp\/v2\/types\/post"}],"author":[{"embeddable":true,"href":"https:\/\/www.romaoggi.eu\/index.php\/wp-json\/wp\/v2\/users\/13"}],"replies":[{"embeddable":true,"href":"https:\/\/www.romaoggi.eu\/index.php\/wp-json\/wp\/v2\/comments?post=23634"}],"version-history":[{"count":1,"href":"https:\/\/www.romaoggi.eu\/index.php\/wp-json\/wp\/v2\/posts\/23634\/revisions"}],"predecessor-version":[{"id":23637,"href":"https:\/\/www.romaoggi.eu\/index.php\/wp-json\/wp\/v2\/posts\/23634\/revisions\/23637"}],"wp:featuredmedia":[{"embeddable":true,"href":"https:\/\/www.romaoggi.eu\/index.php\/wp-json\/wp\/v2\/media\/23636"}],"wp:attachment":[{"href":"https:\/\/www.romaoggi.eu\/index.php\/wp-json\/wp\/v2\/media?parent=23634"}],"wp:term":[{"taxonomy":"category","embeddable":true,"href":"https:\/\/www.romaoggi.eu\/index.php\/wp-json\/wp\/v2\/categories?post=23634"},{"taxonomy":"post_tag","embeddable":true,"href":"https:\/\/www.romaoggi.eu\/index.php\/wp-json\/wp\/v2\/tags?post=23634"}],"curies":[{"name":"wp","href":"https:\/\/api.w.org\/{rel}","templated":true}]}}