{"id":23756,"date":"2020-01-06T18:23:39","date_gmt":"2020-01-06T17:23:39","guid":{"rendered":"http:\/\/www.romaoggi.eu\/?p=23756"},"modified":"2020-01-06T18:27:53","modified_gmt":"2020-01-06T17:27:53","slug":"23756","status":"publish","type":"post","link":"https:\/\/www.romaoggi.eu\/index.php\/2020\/01\/06\/23756\/","title":{"rendered":"All&#8217;Auditorium Parco della Musica &#8221; Grunda l&#8217;angelo dalle ali rotte&#8221;"},"content":{"rendered":"<p style=\"text-align: left\">Il <strong>10 gennaio 2020<\/strong> ore <strong>18,30<\/strong> presso l&#8217;<strong>Auditorium Parco della Musica<\/strong>, via P. Coubertin 30, spazio<strong> IcePark<\/strong>, la giornalista <strong>Emanuela Del Zompo<\/strong> insieme alla collega di <a href=\"http:\/\/www,romaoggi.eu\">RomaOggi<\/a> e l&#8217;<a href=\"http:\/\/www.opinione.it\">Opinione delle Libert\u00e0<\/a> <strong>Federica Pansadoro<\/strong>, e al Presidente Onorario dell&#8217;<a href=\"http:\/\/www.associazioneedela.com\">Associazione Edela<\/a>,\u00a0 <strong>Roberta Beolchi<\/strong> , presenta &#8220;<strong>Grunda l&#8217;angelo dalle ali rotte&#8221;.<\/strong> Sar\u00e0 ospite all&#8217;evento l&#8217;attrice <strong>Roberta Garzia<\/strong>, tra le interpreti del cartoon.<\/p>\n<p style=\"text-align: left\">Il fumetto, gi\u00e0 presentato ai <strong>Festival di Venezia<\/strong>, <strong>Berlino e Roma<\/strong>, vuole essere uno strumento di formazione per gli adolescenti e per le scuole: comunicare attraverso le immagini e le avventure di Grunda, un angelo pasticcione che nel tentativo di riconciliare le coppie, non riesce ad evitare il fenomeno del femminicidio, ed ogni violenza spezza sempre di pi\u00f9 le sue ali. Da qui, per\u00f2, il personaggio subir\u00e0 un\u2019evoluzione e qualcosa nella sua missione cambier\u00e0.<br \/>\n\u00abL\u2019idea di un fumetto per le scuole \u2013 ha spiegato l\u2019autrice e interprete <strong>Emanuela Del Zompo<\/strong> \u2013 nasce per far capire che quando sia ama non si possiede e non si ferisce l\u2019altra persona, tanto nei giovani quanto negli adulti. C\u2019\u00e8 molto di me in Grunda, siamo come due sorelle gemelle nate da madri diverse. Per questo motivo mi sono sentita a mio agio e la sua interpretazione \u00e8 stata spontanea. Il progetto \u00e8 stato completamente autoprodotto e ad oggi non sono stata supportata dalle istituzioni. Il mio desiderio \u00e8 far arrivare una copia del fumetto a tutte le scuole perch\u00e9 Grunda, sia un messaggio di prevenzione e di supporto per far capire ai giovani che l\u2019amore va vissuto libero, senza forzature, senza costrizioni, senza pesi e senza pretese. Il possesso o l\u2019ossessione sono solo illusioni di un sentimento sbagliato che in casi estremi porta al femminicidio, in altre forme agisce psicologicamente nel quotidiano. Le donne hanno tanto da imparare per tutelare s\u00e9 stesse\u00bb.<\/p>\n<p>L\u2019<strong>Associazione Edela<\/strong> \u00e8 una Associazione no profit che opera su tutto il territorio nazionale a TUTELA E SOSTEGNO DEGLI ORFANI DEL FEMMINICIDIO E DELLE FAMIGLIE AFFIDATARIE. Dopo diversi anni di studi, incontri diretti con i bambini, orfani maggiorenni e nonni, \u00e8 maturata la convinzione di scendere in campo per dare un concreto e diretto supporto a quanti si ritrovano privi di alcuna garanzia circa il proprio quotidiano e soprattutto circa il futuro.<br \/>\nIn Italia, viene uccisa una donna ogni 72 ore. Un fenomeno \u2212 stando ai dati ufficiali della Polizia di Stato \u2212 che \u00e8 ancora allarmante, sebbene il numero delle donne uccise si sia ridotto di poche unit\u00e0 rispetto agli anni precedenti. Nei primi nove mesi del 2018, infatti, il numero delle vittime di genere femminile \u00e8 calato di 3 unit\u00e0 (dai 97 casi dello stesso periodo del 2017 a 94); ma solo in 32 casi si pu\u00f2 propriamente parlare di femminicidio, cio\u00e8 quelli in cui una donna viene uccisa in ragione del proprio genere. Nel 2017, sono state uccise 149 donne, nel 2018 il numero si \u00e8 fermato a 123.<br \/>\n\u201cQuesto rende necessario una riflessione sui \u201cFigli\u201d del Femminicidio e cio\u00e8 i bambini, protagonisti passivi e silenti di un delitto terribile \u2013 spiega il Presidente Onorario dell\u2019Associazione Edela, <strong>Roberta Beolchi<\/strong> \u2013 Le cronache non ne parlano, perch\u00e9 spesso si tratta di minorenni e la stampa focalizza l\u2019attenzione sulla donna uccisa e sul suo carnefice, trascurando quindi, la stretta associazione tra \u201cdonna e madre\u201d. Dal momento dell\u2019efferato crimine, nulla si conosce del futuro affettivo ed economico dei bambini divenuti immediatamente ORFANI\u201d.<br \/>\n\u201cI bambini subiscono passivamente dinamiche terribili di possesso, uccisione, solitudine e dopo la tragedia si trovano senza la loro Mamma uccisa, e senza il padre, in carcere a scontare la pena. I Figli del Femminicidio, oltre a essere vittime, devono attraversare percorsi dolorosi per la loro psiche. Tribunali, servizi sociali, famiglie affidatarie o adottive \u00e8 l\u2019iter che purtroppo questi bambini devono seguire\u201d.<br \/>\n\u201c\u2026Orfani la cui elaborazione del lutto sar\u00e0 complessa e controversa, dovranno elaborare la perdita di una madre e allo stesso tempo la perdita del padre, per \u201caltre\u201d ragioni, dalla difficile, se non impossibile comprensione\u201d.<br \/>\n\u201cTremano, si isolano, hanno incubi, disturbi dell\u2019attenzione a scuola, aggressivit\u00e0 improvvisa e balbuzie, psoriasi. Si sentono sciagurati, hanno continui flashback, si colpevolizzano. Sono bambini protagonisti di un\u2019atrocit\u00e0 senza confini, deprivati di amore e di quell\u2019indispensabile \u201cbase sicura\u201d su cui fondare la futura forza psichica\u201d.<br \/>\nGRUNDA \u00e8 in vendita su www.amazon.it e www.amazon.de (versione tedesca).<\/p>\n<figure id=\"attachment_23758\" aria-describedby=\"caption-attachment-23758\" style=\"width: 300px\" class=\"wp-caption alignnone\"><img loading=\"lazy\" decoding=\"async\" class=\"wp-image-23758 size-medium\" src=\"https:\/\/www.romaoggi.eu\/wp-content\/uploads\/2020\/01\/grunda10-300x216.jpg\" alt=\"\" width=\"300\" height=\"216\" srcset=\"https:\/\/www.romaoggi.eu\/wp-content\/uploads\/2020\/01\/grunda10-300x216.jpg 300w, https:\/\/www.romaoggi.eu\/wp-content\/uploads\/2020\/01\/grunda10.jpg 428w\" sizes=\"auto, (max-width: 300px) 100vw, 300px\" \/><figcaption id=\"caption-attachment-23758\" class=\"wp-caption-text\">Emanuela Del Zompo interpreta &#8220;Grunda&#8221;<\/figcaption><\/figure>\n<p>&nbsp;<\/p>\n<figure id=\"attachment_23759\" aria-describedby=\"caption-attachment-23759\" style=\"width: 300px\" class=\"wp-caption alignnone\"><img loading=\"lazy\" decoding=\"async\" class=\"wp-image-23759 size-medium\" src=\"https:\/\/www.romaoggi.eu\/wp-content\/uploads\/2020\/01\/14480534_1196816017052280_7119169660950973492_o-300x194.jpg\" alt=\"\" width=\"300\" height=\"194\" srcset=\"https:\/\/www.romaoggi.eu\/wp-content\/uploads\/2020\/01\/14480534_1196816017052280_7119169660950973492_o-300x194.jpg 300w, https:\/\/www.romaoggi.eu\/wp-content\/uploads\/2020\/01\/14480534_1196816017052280_7119169660950973492_o.jpg 629w\" sizes=\"auto, (max-width: 300px) 100vw, 300px\" \/><figcaption id=\"caption-attachment-23759\" class=\"wp-caption-text\">Le giornaliste Federica Pansadoro e Roberta Beolchi<\/figcaption><\/figure>\n<p><img loading=\"lazy\" decoding=\"async\" class=\"alignnone size-medium wp-image-23757\" src=\"https:\/\/www.romaoggi.eu\/wp-content\/uploads\/2020\/01\/Grunda-lu2019angelo-dalle-ali-rotte-di-Emanuela-Del-Zompo-620x760-245x300.jpg\" alt=\"\" width=\"245\" height=\"300\" srcset=\"https:\/\/www.romaoggi.eu\/wp-content\/uploads\/2020\/01\/Grunda-lu2019angelo-dalle-ali-rotte-di-Emanuela-Del-Zompo-620x760-245x300.jpg 245w, https:\/\/www.romaoggi.eu\/wp-content\/uploads\/2020\/01\/Grunda-lu2019angelo-dalle-ali-rotte-di-Emanuela-Del-Zompo-620x760.jpg 620w\" sizes=\"auto, (max-width: 245px) 100vw, 245px\" \/><\/p>\n","protected":false},"excerpt":{"rendered":"<div class=\"mh-excerpt\"><p>Il 10 gennaio 2020 ore 18,30 presso l&#8217;Auditorium Parco della Musica, via P. Coubertin 30, spazio IcePark, la giornalista Emanuela Del Zompo insieme alla collega di RomaOggi e l&#8217;Opinione delle Libert\u00e0 Federica Pansadoro, e al <a class=\"mh-excerpt-more\" href=\"https:\/\/www.romaoggi.eu\/index.php\/2020\/01\/06\/23756\/\" title=\"All&#8217;Auditorium Parco della Musica &#8221; Grunda l&#8217;angelo dalle ali rotte&#8221;\">[&#8230;]<\/a><\/p>\n<\/div>","protected":false},"author":13,"featured_media":23761,"comment_status":"closed","ping_status":"open","sticky":false,"template":"","format":"standard","meta":{"_sitemap_exclude":false,"_sitemap_priority":"","_sitemap_frequency":"","footnotes":""},"categories":[522],"tags":[8802,13591,2351,13592,13516,13428],"class_list":["post-23756","post","type-post","status-publish","format-standard","has-post-thumbnail","hentry","category-attualita","tag-auditorium-parco-della-musica-di-roma","tag-emanuela-del-zompo","tag-federica-pansadoro","tag-grunda","tag-ice-park","tag-roberta-beolchi"],"yoast_head":"<!-- This site is optimized with the Yoast SEO plugin v27.5 - https:\/\/yoast.com\/product\/yoast-seo-wordpress\/ -->\n<title>All&#039;Auditorium Parco della Musica &quot; Grunda l&#039;angelo dalle ali rotte&quot;<\/title>\n<meta name=\"description\" content=\"Il 10 gennaio 2020 ore 18,30 presso l&#039;Auditorium Parco della Musica, via P. Coubertin 30, spazio IcePark, la giornalista Emanuela Del Zompo insieme alla\" \/>\n<meta name=\"robots\" content=\"index, follow, max-snippet:-1, max-image-preview:large, max-video-preview:-1\" \/>\n<link rel=\"canonical\" href=\"https:\/\/www.romaoggi.eu\/index.php\/2020\/01\/06\/23756\/\" \/>\n<meta property=\"og:locale\" content=\"it_IT\" \/>\n<meta property=\"og:type\" content=\"article\" \/>\n<meta property=\"og:title\" content=\"All&#039;Auditorium Parco della Musica &quot; Grunda l&#039;angelo dalle ali rotte&quot;\" \/>\n<meta property=\"og:description\" content=\"Il 10 gennaio 2020 ore 18,30 presso l&#039;Auditorium Parco della Musica, via P. Coubertin 30, spazio IcePark, la giornalista Emanuela Del Zompo insieme alla\" \/>\n<meta property=\"og:url\" content=\"https:\/\/www.romaoggi.eu\/index.php\/2020\/01\/06\/23756\/\" \/>\n<meta property=\"og:site_name\" content=\"roma oggi\" \/>\n<meta property=\"article:publisher\" content=\"https:\/\/www.facebook.com\/RomaOggi-841544845954114\" \/>\n<meta property=\"article:published_time\" content=\"2020-01-06T17:23:39+00:00\" \/>\n<meta property=\"article:modified_time\" content=\"2020-01-06T17:27:53+00:00\" \/>\n<meta property=\"og:image\" content=\"https:\/\/www.romaoggi.eu\/wp-content\/uploads\/2020\/01\/grunda_fumetto_femminicidio_30161107.jpg\" \/>\n\t<meta property=\"og:image:width\" content=\"949\" \/>\n\t<meta property=\"og:image:height\" content=\"634\" \/>\n\t<meta property=\"og:image:type\" content=\"image\/jpeg\" \/>\n<meta name=\"author\" content=\"Federica Pansadoro\" \/>\n<meta name=\"twitter:card\" content=\"summary_large_image\" \/>\n<meta name=\"twitter:creator\" content=\"@romaoggi_eu\" \/>\n<meta name=\"twitter:site\" content=\"@romaoggi_eu\" \/>\n<meta name=\"twitter:label1\" content=\"Scritto da\" \/>\n\t<meta name=\"twitter:data1\" content=\"Federica Pansadoro\" \/>\n\t<meta name=\"twitter:label2\" content=\"Tempo di lettura stimato\" \/>\n\t<meta name=\"twitter:data2\" content=\"4 minuti\" \/>\n<script type=\"application\/ld+json\" class=\"yoast-schema-graph\">{\"@context\":\"https:\\\/\\\/schema.org\",\"@graph\":[{\"@type\":\"Article\",\"@id\":\"https:\\\/\\\/www.romaoggi.eu\\\/index.php\\\/2020\\\/01\\\/06\\\/23756\\\/#article\",\"isPartOf\":{\"@id\":\"https:\\\/\\\/www.romaoggi.eu\\\/index.php\\\/2020\\\/01\\\/06\\\/23756\\\/\"},\"author\":{\"name\":\"Federica Pansadoro\",\"@id\":\"https:\\\/\\\/www.romaoggi.eu\\\/#\\\/schema\\\/person\\\/569485df663c86fd2d0179a6643546f9\"},\"headline\":\"All&#8217;Auditorium Parco della Musica &#8221; Grunda l&#8217;angelo dalle ali rotte&#8221;\",\"datePublished\":\"2020-01-06T17:23:39+00:00\",\"dateModified\":\"2020-01-06T17:27:53+00:00\",\"mainEntityOfPage\":{\"@id\":\"https:\\\/\\\/www.romaoggi.eu\\\/index.php\\\/2020\\\/01\\\/06\\\/23756\\\/\"},\"wordCount\":739,\"publisher\":{\"@id\":\"https:\\\/\\\/www.romaoggi.eu\\\/#organization\"},\"image\":{\"@id\":\"https:\\\/\\\/www.romaoggi.eu\\\/index.php\\\/2020\\\/01\\\/06\\\/23756\\\/#primaryimage\"},\"thumbnailUrl\":\"https:\\\/\\\/www.romaoggi.eu\\\/wp-content\\\/uploads\\\/2020\\\/01\\\/grunda_fumetto_femminicidio_30161107.jpg\",\"keywords\":[\"Auditorium Parco della Musica di Roma.\",\"Emanuela Del Zompo\",\"Federica Pansadoro\",\"Grunda\",\"Ice Park\",\"Roberta Beolchi\"],\"articleSection\":[\"attualit\u00e0\"],\"inLanguage\":\"it-IT\"},{\"@type\":\"WebPage\",\"@id\":\"https:\\\/\\\/www.romaoggi.eu\\\/index.php\\\/2020\\\/01\\\/06\\\/23756\\\/\",\"url\":\"https:\\\/\\\/www.romaoggi.eu\\\/index.php\\\/2020\\\/01\\\/06\\\/23756\\\/\",\"name\":\"All'Auditorium Parco della Musica \\\" Grunda l'angelo dalle ali rotte\\\"\",\"isPartOf\":{\"@id\":\"https:\\\/\\\/www.romaoggi.eu\\\/#website\"},\"primaryImageOfPage\":{\"@id\":\"https:\\\/\\\/www.romaoggi.eu\\\/index.php\\\/2020\\\/01\\\/06\\\/23756\\\/#primaryimage\"},\"image\":{\"@id\":\"https:\\\/\\\/www.romaoggi.eu\\\/index.php\\\/2020\\\/01\\\/06\\\/23756\\\/#primaryimage\"},\"thumbnailUrl\":\"https:\\\/\\\/www.romaoggi.eu\\\/wp-content\\\/uploads\\\/2020\\\/01\\\/grunda_fumetto_femminicidio_30161107.jpg\",\"datePublished\":\"2020-01-06T17:23:39+00:00\",\"dateModified\":\"2020-01-06T17:27:53+00:00\",\"description\":\"Il 10 gennaio 2020 ore 18,30 presso l'Auditorium Parco della Musica, via P. Coubertin 30, spazio IcePark, la giornalista Emanuela Del Zompo insieme alla\",\"breadcrumb\":{\"@id\":\"https:\\\/\\\/www.romaoggi.eu\\\/index.php\\\/2020\\\/01\\\/06\\\/23756\\\/#breadcrumb\"},\"inLanguage\":\"it-IT\",\"potentialAction\":[{\"@type\":\"ReadAction\",\"target\":[\"https:\\\/\\\/www.romaoggi.eu\\\/index.php\\\/2020\\\/01\\\/06\\\/23756\\\/\"]}]},{\"@type\":\"ImageObject\",\"inLanguage\":\"it-IT\",\"@id\":\"https:\\\/\\\/www.romaoggi.eu\\\/index.php\\\/2020\\\/01\\\/06\\\/23756\\\/#primaryimage\",\"url\":\"https:\\\/\\\/www.romaoggi.eu\\\/wp-content\\\/uploads\\\/2020\\\/01\\\/grunda_fumetto_femminicidio_30161107.jpg\",\"contentUrl\":\"https:\\\/\\\/www.romaoggi.eu\\\/wp-content\\\/uploads\\\/2020\\\/01\\\/grunda_fumetto_femminicidio_30161107.jpg\",\"width\":949,\"height\":634},{\"@type\":\"BreadcrumbList\",\"@id\":\"https:\\\/\\\/www.romaoggi.eu\\\/index.php\\\/2020\\\/01\\\/06\\\/23756\\\/#breadcrumb\",\"itemListElement\":[{\"@type\":\"ListItem\",\"position\":1,\"name\":\"Home\",\"item\":\"https:\\\/\\\/www.romaoggi.eu\\\/\"},{\"@type\":\"ListItem\",\"position\":2,\"name\":\"All&#8217;Auditorium Parco della Musica &#8221; Grunda l&#8217;angelo dalle ali rotte&#8221;\"}]},{\"@type\":\"WebSite\",\"@id\":\"https:\\\/\\\/www.romaoggi.eu\\\/#website\",\"url\":\"https:\\\/\\\/www.romaoggi.eu\\\/\",\"name\":\"roma oggi\",\"description\":\"Interesting News for Interesting people\",\"publisher\":{\"@id\":\"https:\\\/\\\/www.romaoggi.eu\\\/#organization\"},\"potentialAction\":[{\"@type\":\"SearchAction\",\"target\":{\"@type\":\"EntryPoint\",\"urlTemplate\":\"https:\\\/\\\/www.romaoggi.eu\\\/?s={search_term_string}\"},\"query-input\":{\"@type\":\"PropertyValueSpecification\",\"valueRequired\":true,\"valueName\":\"search_term_string\"}}],\"inLanguage\":\"it-IT\"},{\"@type\":\"Organization\",\"@id\":\"https:\\\/\\\/www.romaoggi.eu\\\/#organization\",\"name\":\"RomaOggi\",\"url\":\"https:\\\/\\\/www.romaoggi.eu\\\/\",\"logo\":{\"@type\":\"ImageObject\",\"inLanguage\":\"it-IT\",\"@id\":\"https:\\\/\\\/www.romaoggi.eu\\\/#\\\/schema\\\/logo\\\/image\\\/\",\"url\":\"https:\\\/\\\/www.romaoggi.eu\\\/wp-content\\\/uploads\\\/2017\\\/04\\\/logowp.jpg\",\"contentUrl\":\"https:\\\/\\\/www.romaoggi.eu\\\/wp-content\\\/uploads\\\/2017\\\/04\\\/logowp.jpg\",\"width\":300,\"height\":133,\"caption\":\"RomaOggi\"},\"image\":{\"@id\":\"https:\\\/\\\/www.romaoggi.eu\\\/#\\\/schema\\\/logo\\\/image\\\/\"},\"sameAs\":[\"https:\\\/\\\/www.facebook.com\\\/RomaOggi-841544845954114\",\"https:\\\/\\\/x.com\\\/romaoggi_eu\"]},{\"@type\":\"Person\",\"@id\":\"https:\\\/\\\/www.romaoggi.eu\\\/#\\\/schema\\\/person\\\/569485df663c86fd2d0179a6643546f9\",\"name\":\"Federica Pansadoro\",\"image\":{\"@type\":\"ImageObject\",\"inLanguage\":\"it-IT\",\"@id\":\"https:\\\/\\\/secure.gravatar.com\\\/avatar\\\/646783eb26ef4eab9fe24f298081663814c4d6acd6ea1c44b2633e8176ba1dc5?s=96&d=mm&r=g\",\"url\":\"https:\\\/\\\/secure.gravatar.com\\\/avatar\\\/646783eb26ef4eab9fe24f298081663814c4d6acd6ea1c44b2633e8176ba1dc5?s=96&d=mm&r=g\",\"contentUrl\":\"https:\\\/\\\/secure.gravatar.com\\\/avatar\\\/646783eb26ef4eab9fe24f298081663814c4d6acd6ea1c44b2633e8176ba1dc5?s=96&d=mm&r=g\",\"caption\":\"Federica Pansadoro\"},\"sameAs\":[\"https:\\\/\\\/www.youtube.com\\\/channel\\\/UCN8Y45Fmdd0XBagxT7qUVEA\"],\"url\":\"https:\\\/\\\/www.romaoggi.eu\\\/index.php\\\/author\\\/federica\\\/\"}]}<\/script>\n<!-- \/ Yoast SEO plugin. -->","yoast_head_json":{"title":"All'Auditorium Parco della Musica \" Grunda l'angelo dalle ali rotte\"","description":"Il 10 gennaio 2020 ore 18,30 presso l'Auditorium Parco della Musica, via P. Coubertin 30, spazio IcePark, la giornalista Emanuela Del Zompo insieme alla","robots":{"index":"index","follow":"follow","max-snippet":"max-snippet:-1","max-image-preview":"max-image-preview:large","max-video-preview":"max-video-preview:-1"},"canonical":"https:\/\/www.romaoggi.eu\/index.php\/2020\/01\/06\/23756\/","og_locale":"it_IT","og_type":"article","og_title":"All'Auditorium Parco della Musica \" Grunda l'angelo dalle ali rotte\"","og_description":"Il 10 gennaio 2020 ore 18,30 presso l'Auditorium Parco della Musica, via P. Coubertin 30, spazio IcePark, la giornalista Emanuela Del Zompo insieme alla","og_url":"https:\/\/www.romaoggi.eu\/index.php\/2020\/01\/06\/23756\/","og_site_name":"roma oggi","article_publisher":"https:\/\/www.facebook.com\/RomaOggi-841544845954114","article_published_time":"2020-01-06T17:23:39+00:00","article_modified_time":"2020-01-06T17:27:53+00:00","og_image":[{"width":949,"height":634,"url":"https:\/\/www.romaoggi.eu\/wp-content\/uploads\/2020\/01\/grunda_fumetto_femminicidio_30161107.jpg","type":"image\/jpeg"}],"author":"Federica Pansadoro","twitter_card":"summary_large_image","twitter_creator":"@romaoggi_eu","twitter_site":"@romaoggi_eu","twitter_misc":{"Scritto da":"Federica Pansadoro","Tempo di lettura stimato":"4 minuti"},"schema":{"@context":"https:\/\/schema.org","@graph":[{"@type":"Article","@id":"https:\/\/www.romaoggi.eu\/index.php\/2020\/01\/06\/23756\/#article","isPartOf":{"@id":"https:\/\/www.romaoggi.eu\/index.php\/2020\/01\/06\/23756\/"},"author":{"name":"Federica Pansadoro","@id":"https:\/\/www.romaoggi.eu\/#\/schema\/person\/569485df663c86fd2d0179a6643546f9"},"headline":"All&#8217;Auditorium Parco della Musica &#8221; Grunda l&#8217;angelo dalle ali rotte&#8221;","datePublished":"2020-01-06T17:23:39+00:00","dateModified":"2020-01-06T17:27:53+00:00","mainEntityOfPage":{"@id":"https:\/\/www.romaoggi.eu\/index.php\/2020\/01\/06\/23756\/"},"wordCount":739,"publisher":{"@id":"https:\/\/www.romaoggi.eu\/#organization"},"image":{"@id":"https:\/\/www.romaoggi.eu\/index.php\/2020\/01\/06\/23756\/#primaryimage"},"thumbnailUrl":"https:\/\/www.romaoggi.eu\/wp-content\/uploads\/2020\/01\/grunda_fumetto_femminicidio_30161107.jpg","keywords":["Auditorium Parco della Musica di Roma.","Emanuela Del Zompo","Federica Pansadoro","Grunda","Ice Park","Roberta Beolchi"],"articleSection":["attualit\u00e0"],"inLanguage":"it-IT"},{"@type":"WebPage","@id":"https:\/\/www.romaoggi.eu\/index.php\/2020\/01\/06\/23756\/","url":"https:\/\/www.romaoggi.eu\/index.php\/2020\/01\/06\/23756\/","name":"All'Auditorium Parco della Musica \" Grunda l'angelo dalle ali rotte\"","isPartOf":{"@id":"https:\/\/www.romaoggi.eu\/#website"},"primaryImageOfPage":{"@id":"https:\/\/www.romaoggi.eu\/index.php\/2020\/01\/06\/23756\/#primaryimage"},"image":{"@id":"https:\/\/www.romaoggi.eu\/index.php\/2020\/01\/06\/23756\/#primaryimage"},"thumbnailUrl":"https:\/\/www.romaoggi.eu\/wp-content\/uploads\/2020\/01\/grunda_fumetto_femminicidio_30161107.jpg","datePublished":"2020-01-06T17:23:39+00:00","dateModified":"2020-01-06T17:27:53+00:00","description":"Il 10 gennaio 2020 ore 18,30 presso l'Auditorium Parco della Musica, via P. Coubertin 30, spazio IcePark, la giornalista Emanuela Del Zompo insieme alla","breadcrumb":{"@id":"https:\/\/www.romaoggi.eu\/index.php\/2020\/01\/06\/23756\/#breadcrumb"},"inLanguage":"it-IT","potentialAction":[{"@type":"ReadAction","target":["https:\/\/www.romaoggi.eu\/index.php\/2020\/01\/06\/23756\/"]}]},{"@type":"ImageObject","inLanguage":"it-IT","@id":"https:\/\/www.romaoggi.eu\/index.php\/2020\/01\/06\/23756\/#primaryimage","url":"https:\/\/www.romaoggi.eu\/wp-content\/uploads\/2020\/01\/grunda_fumetto_femminicidio_30161107.jpg","contentUrl":"https:\/\/www.romaoggi.eu\/wp-content\/uploads\/2020\/01\/grunda_fumetto_femminicidio_30161107.jpg","width":949,"height":634},{"@type":"BreadcrumbList","@id":"https:\/\/www.romaoggi.eu\/index.php\/2020\/01\/06\/23756\/#breadcrumb","itemListElement":[{"@type":"ListItem","position":1,"name":"Home","item":"https:\/\/www.romaoggi.eu\/"},{"@type":"ListItem","position":2,"name":"All&#8217;Auditorium Parco della Musica &#8221; Grunda l&#8217;angelo dalle ali rotte&#8221;"}]},{"@type":"WebSite","@id":"https:\/\/www.romaoggi.eu\/#website","url":"https:\/\/www.romaoggi.eu\/","name":"roma oggi","description":"Interesting News for Interesting people","publisher":{"@id":"https:\/\/www.romaoggi.eu\/#organization"},"potentialAction":[{"@type":"SearchAction","target":{"@type":"EntryPoint","urlTemplate":"https:\/\/www.romaoggi.eu\/?s={search_term_string}"},"query-input":{"@type":"PropertyValueSpecification","valueRequired":true,"valueName":"search_term_string"}}],"inLanguage":"it-IT"},{"@type":"Organization","@id":"https:\/\/www.romaoggi.eu\/#organization","name":"RomaOggi","url":"https:\/\/www.romaoggi.eu\/","logo":{"@type":"ImageObject","inLanguage":"it-IT","@id":"https:\/\/www.romaoggi.eu\/#\/schema\/logo\/image\/","url":"https:\/\/www.romaoggi.eu\/wp-content\/uploads\/2017\/04\/logowp.jpg","contentUrl":"https:\/\/www.romaoggi.eu\/wp-content\/uploads\/2017\/04\/logowp.jpg","width":300,"height":133,"caption":"RomaOggi"},"image":{"@id":"https:\/\/www.romaoggi.eu\/#\/schema\/logo\/image\/"},"sameAs":["https:\/\/www.facebook.com\/RomaOggi-841544845954114","https:\/\/x.com\/romaoggi_eu"]},{"@type":"Person","@id":"https:\/\/www.romaoggi.eu\/#\/schema\/person\/569485df663c86fd2d0179a6643546f9","name":"Federica Pansadoro","image":{"@type":"ImageObject","inLanguage":"it-IT","@id":"https:\/\/secure.gravatar.com\/avatar\/646783eb26ef4eab9fe24f298081663814c4d6acd6ea1c44b2633e8176ba1dc5?s=96&d=mm&r=g","url":"https:\/\/secure.gravatar.com\/avatar\/646783eb26ef4eab9fe24f298081663814c4d6acd6ea1c44b2633e8176ba1dc5?s=96&d=mm&r=g","contentUrl":"https:\/\/secure.gravatar.com\/avatar\/646783eb26ef4eab9fe24f298081663814c4d6acd6ea1c44b2633e8176ba1dc5?s=96&d=mm&r=g","caption":"Federica Pansadoro"},"sameAs":["https:\/\/www.youtube.com\/channel\/UCN8Y45Fmdd0XBagxT7qUVEA"],"url":"https:\/\/www.romaoggi.eu\/index.php\/author\/federica\/"}]}},"_links":{"self":[{"href":"https:\/\/www.romaoggi.eu\/index.php\/wp-json\/wp\/v2\/posts\/23756","targetHints":{"allow":["GET"]}}],"collection":[{"href":"https:\/\/www.romaoggi.eu\/index.php\/wp-json\/wp\/v2\/posts"}],"about":[{"href":"https:\/\/www.romaoggi.eu\/index.php\/wp-json\/wp\/v2\/types\/post"}],"author":[{"embeddable":true,"href":"https:\/\/www.romaoggi.eu\/index.php\/wp-json\/wp\/v2\/users\/13"}],"replies":[{"embeddable":true,"href":"https:\/\/www.romaoggi.eu\/index.php\/wp-json\/wp\/v2\/comments?post=23756"}],"version-history":[{"count":5,"href":"https:\/\/www.romaoggi.eu\/index.php\/wp-json\/wp\/v2\/posts\/23756\/revisions"}],"predecessor-version":[{"id":23766,"href":"https:\/\/www.romaoggi.eu\/index.php\/wp-json\/wp\/v2\/posts\/23756\/revisions\/23766"}],"wp:featuredmedia":[{"embeddable":true,"href":"https:\/\/www.romaoggi.eu\/index.php\/wp-json\/wp\/v2\/media\/23761"}],"wp:attachment":[{"href":"https:\/\/www.romaoggi.eu\/index.php\/wp-json\/wp\/v2\/media?parent=23756"}],"wp:term":[{"taxonomy":"category","embeddable":true,"href":"https:\/\/www.romaoggi.eu\/index.php\/wp-json\/wp\/v2\/categories?post=23756"},{"taxonomy":"post_tag","embeddable":true,"href":"https:\/\/www.romaoggi.eu\/index.php\/wp-json\/wp\/v2\/tags?post=23756"}],"curies":[{"name":"wp","href":"https:\/\/api.w.org\/{rel}","templated":true}]}}