{"id":23916,"date":"2020-01-23T16:22:23","date_gmt":"2020-01-23T15:22:23","guid":{"rendered":"http:\/\/www.romaoggi.eu\/?p=23916"},"modified":"2020-01-23T16:22:23","modified_gmt":"2020-01-23T15:22:23","slug":"dario-fo-e-larte-contemporanea-al-micro-dal-6-al-23-febbraio-by-salvo-nugnes-e-vittorio-sgarbi","status":"publish","type":"post","link":"https:\/\/www.romaoggi.eu\/index.php\/2020\/01\/23\/dario-fo-e-larte-contemporanea-al-micro-dal-6-al-23-febbraio-by-salvo-nugnes-e-vittorio-sgarbi\/","title":{"rendered":"Dario Fo e l&#8217;arte contemporanea al Micro dal 6 al 23 febbraio-by Salvo Nugnes e Vittorio Sgarbi"},"content":{"rendered":"<p style=\"font-weight: 400;\"><strong>A Roma un Dario Fo inedito: la mostra a cura di Sgarbi e Nugnes viene affiancata da artisti contemporanei<\/strong><\/p>\n<p style=\"font-weight: 400; text-align: justify;\"><strong>Dario Fo<\/strong>, una delle menti pi\u00f9 brillanti e uno dei personaggi pi\u00f9 controversi del Novecento. A lui \u00e8 dedicata la prossima mostra antologica a cura di\u00a0<strong>Vittorio Sgarbi<\/strong>\u00a0e di\u00a0<a href=\"https:\/\/www.romaoggi.eu\/index.php\/2019\/11\/11\/vernissage-di-successo-per-tra-sacro-e-profanoal-museo-crocetti\/\"><strong>Salvo Nugnes<\/strong><\/a>\u00a0che dar\u00e0 largo spazio anche all\u2019arte contemporanea. L\u2019inaugurazione, prevista per le\u00a0<strong>18<\/strong>\u00a0di\u00a0<strong>gioved\u00ec 6 febbraio<\/strong>, avr\u00e0 luogo presso lo spazio espositivo\u00a0<a href=\"https:\/\/microartivisive.it\/\"><strong>Micro<\/strong><\/a>, in viale Giuseppe Mazzini 1, a\u00a0<strong>Roma<\/strong>. La rassegna \u00e8 presentata dal curatore di mostre e grandi eventi Nugnes e gode del contributo della giornalista RAI\u00a0<strong>Antonietta Di Vizia<\/strong>\u00a0e dell\u2019artista\u00a0<strong>Jos\u00e9 Dal\u00ec<\/strong>, figlio di Salvador Dal\u00ec.<\/p>\n<figure id=\"attachment_23919\" aria-describedby=\"caption-attachment-23919\" style=\"width: 1024px\" class=\"wp-caption aligncenter\"><img loading=\"lazy\" decoding=\"async\" class=\"wp-image-23919 size-large\" src=\"https:\/\/www.romaoggi.eu\/wp-content\/uploads\/2020\/01\/VILLA-NUGNES-1024x823.jpg\" alt=\"alt tag dario fo\" width=\"1024\" height=\"823\" srcset=\"https:\/\/www.romaoggi.eu\/wp-content\/uploads\/2020\/01\/VILLA-NUGNES-1024x823.jpg 1024w, https:\/\/www.romaoggi.eu\/wp-content\/uploads\/2020\/01\/VILLA-NUGNES-300x241.jpg 300w, https:\/\/www.romaoggi.eu\/wp-content\/uploads\/2020\/01\/VILLA-NUGNES.jpg 1916w\" sizes=\"auto, (max-width: 1024px) 100vw, 1024px\" \/><figcaption id=\"caption-attachment-23919\" class=\"wp-caption-text\">Salvo Nugnes e Roberto Villa<\/figcaption><\/figure>\n<p style=\"font-weight: 400; text-align: justify;\">L\u2019esposizione, in ricordo del premio Nobel, ripercorre vita e opere del maestro, e lo fa anche grazie al prezioso supporto degli scatti del fotografo di fama internazionale\u00a0<strong>Roberto Villa<\/strong>, amico di Dario Fo e di Pier Paolo Pasolini. La mostra, che verr\u00e0 impreziosita con opere appartenenti ad artisti contemporanei appositamente selezionati, gode di un luogo interattivo anticonvenzionale dedicato alla creativit\u00e0, appunto, contemporanea. Uno spazio che soddisfa pienamente l\u2019atmosfera fervente d\u2019arte che verr\u00e0 a materializzarsi con le immagini di un Dario Fo riconoscibile nelle sue vesti istrioniche, in quelle del giullare pi\u00f9 famoso d\u2019Italia, e con le creazioni degli autori giudicate idonee per l\u2019evento. Le foto di Roberto Villa infatti colgono l\u2019occhio giocoso, l\u2019estetica di Dario Fo, documentando con grande maestria il lavoro del genio della commedia dell\u2019arte italiana.<\/p>\n<p style=\"font-weight: 400; text-align: justify;\">Cos\u00ec, sulla linea di quanto sostenuto dallo stesso Maestro, ossia che \u201cla cultura non si pu\u00f2 ottenere se non si conosce la propria storia\u201d, questa mostra vuole offrire, oltre che un tributo a uno degli artefici della cultura italiana, anche la possibilit\u00e0 a talenti affermati o emergenti di porsi all\u2019attenzione di pubblico e critica in un\u2019occasione particolare. Particolare perch\u00e9 sono passati cinquant\u2019anni dalla prima di\u00a0<em>Mistero Buffo<\/em>\u00a0e di\u00a0<em>Morte accidentale di un anarchico<\/em>.<\/p>\n<p style=\"font-weight: 400; text-align: justify;\">La kermesse, che culminer\u00e0 volutamente nei giorni del Carnevale, chiudendo il <strong>23 febbraio<\/strong>, \u00e8 accessibile a tutti dal luned\u00ec al gioved\u00ec dalle 10.30 alle 18 e dal venerd\u00ec al sabato dalle 10 alle 18. Per informazioni \u00e8 possibile chiamare lo 0424 525190, il 388 7338297 o scrivere ad\u00a0<a href=\"mailto:artfactory.eventi@gmail.com\">artfactory.eventi@gmail.com<\/a>.<\/p>\n<p><img loading=\"lazy\" decoding=\"async\" class=\"aligncenter wp-image-23918 size-large\" src=\"https:\/\/www.romaoggi.eu\/wp-content\/uploads\/2020\/01\/locandina-DARIO-FO-micro-724x1024.jpg\" alt=\"alt tag dario fo\" width=\"724\" height=\"1024\" srcset=\"https:\/\/www.romaoggi.eu\/wp-content\/uploads\/2020\/01\/locandina-DARIO-FO-micro-724x1024.jpg 724w, https:\/\/www.romaoggi.eu\/wp-content\/uploads\/2020\/01\/locandina-DARIO-FO-micro-212x300.jpg 212w, https:\/\/www.romaoggi.eu\/wp-content\/uploads\/2020\/01\/locandina-DARIO-FO-micro.jpg 1200w\" sizes=\"auto, (max-width: 724px) 100vw, 724px\" \/><\/p>\n<p style=\"font-weight: 400;\">Redazione<\/p>\n","protected":false},"excerpt":{"rendered":"<div class=\"mh-excerpt\"><p>A Roma un Dario Fo inedito: la mostra a cura di Sgarbi e Nugnes viene affiancata da artisti contemporanei Dario Fo, una delle menti pi\u00f9 brillanti e uno dei personaggi pi\u00f9 controversi del Novecento. A <a class=\"mh-excerpt-more\" href=\"https:\/\/www.romaoggi.eu\/index.php\/2020\/01\/23\/dario-fo-e-larte-contemporanea-al-micro-dal-6-al-23-febbraio-by-salvo-nugnes-e-vittorio-sgarbi\/\" title=\"Dario Fo e l&#8217;arte contemporanea al Micro dal 6 al 23 febbraio-by Salvo Nugnes e Vittorio Sgarbi\">[&#8230;]<\/a><\/p>\n<\/div>","protected":false},"author":1,"featured_media":23922,"comment_status":"closed","ping_status":"open","sticky":false,"template":"","format":"standard","meta":{"_sitemap_exclude":false,"_sitemap_priority":"","_sitemap_frequency":"","footnotes":""},"categories":[2],"tags":[1610,1709,13636,76,1034,7610,11765,109,9366],"class_list":["post-23916","post","type-post","status-publish","format-standard","has-post-thumbnail","hentry","category-arte","tag-arte","tag-arte-contemporanea","tag-micro","tag-mostra","tag-mostra-collettiva","tag-quadri","tag-roberto-villa","tag-roma","tag-vittorio-sgarbi"],"yoast_head":"<!-- This site is optimized with the Yoast SEO plugin v27.5 - https:\/\/yoast.com\/product\/yoast-seo-wordpress\/ -->\n<title>Dario Fo e l&#039;arte contemporanea al Micro dal 6 al 23 febbraio-by Salvo Nugnes e Vittorio Sgarbi<\/title>\n<meta name=\"description\" content=\"A Roma un Dario Fo inedito: la mostra a cura di Sgarbi e Nugnes viene affiancata da artisti contemporanei Dario Fo, una delle menti pi\u00f9 brillanti e uno\" \/>\n<meta name=\"robots\" content=\"index, follow, max-snippet:-1, max-image-preview:large, max-video-preview:-1\" \/>\n<link rel=\"canonical\" href=\"https:\/\/www.romaoggi.eu\/index.php\/2020\/01\/23\/dario-fo-e-larte-contemporanea-al-micro-dal-6-al-23-febbraio-by-salvo-nugnes-e-vittorio-sgarbi\/\" \/>\n<meta property=\"og:locale\" content=\"it_IT\" \/>\n<meta property=\"og:type\" content=\"article\" \/>\n<meta property=\"og:title\" content=\"Dario Fo e l&#039;arte contemporanea al Micro dal 6 al 23 febbraio-by Salvo Nugnes e Vittorio Sgarbi\" \/>\n<meta property=\"og:description\" content=\"A Roma un Dario Fo inedito: la mostra a cura di Sgarbi e Nugnes viene affiancata da artisti contemporanei Dario Fo, una delle menti pi\u00f9 brillanti e uno\" \/>\n<meta property=\"og:url\" content=\"https:\/\/www.romaoggi.eu\/index.php\/2020\/01\/23\/dario-fo-e-larte-contemporanea-al-micro-dal-6-al-23-febbraio-by-salvo-nugnes-e-vittorio-sgarbi\/\" \/>\n<meta property=\"og:site_name\" content=\"roma oggi\" \/>\n<meta property=\"article:publisher\" content=\"https:\/\/www.facebook.com\/RomaOggi-841544845954114\" \/>\n<meta property=\"article:published_time\" content=\"2020-01-23T15:22:23+00:00\" \/>\n<meta property=\"og:image\" content=\"https:\/\/www.romaoggi.eu\/wp-content\/uploads\/2020\/01\/copertina.jpg\" \/>\n\t<meta property=\"og:image:width\" content=\"1193\" \/>\n\t<meta property=\"og:image:height\" content=\"1089\" \/>\n\t<meta property=\"og:image:type\" content=\"image\/jpeg\" \/>\n<meta name=\"author\" content=\"admin\" \/>\n<meta name=\"twitter:card\" content=\"summary_large_image\" \/>\n<meta name=\"twitter:creator\" content=\"@romaoggi_eu\" \/>\n<meta name=\"twitter:site\" content=\"@romaoggi_eu\" \/>\n<meta name=\"twitter:label1\" content=\"Scritto da\" \/>\n\t<meta name=\"twitter:data1\" content=\"admin\" \/>\n\t<meta name=\"twitter:label2\" content=\"Tempo di lettura stimato\" \/>\n\t<meta name=\"twitter:data2\" content=\"2 minuti\" \/>\n<script type=\"application\/ld+json\" class=\"yoast-schema-graph\">{\"@context\":\"https:\\\/\\\/schema.org\",\"@graph\":[{\"@type\":\"Article\",\"@id\":\"https:\\\/\\\/www.romaoggi.eu\\\/index.php\\\/2020\\\/01\\\/23\\\/dario-fo-e-larte-contemporanea-al-micro-dal-6-al-23-febbraio-by-salvo-nugnes-e-vittorio-sgarbi\\\/#article\",\"isPartOf\":{\"@id\":\"https:\\\/\\\/www.romaoggi.eu\\\/index.php\\\/2020\\\/01\\\/23\\\/dario-fo-e-larte-contemporanea-al-micro-dal-6-al-23-febbraio-by-salvo-nugnes-e-vittorio-sgarbi\\\/\"},\"author\":{\"name\":\"admin\",\"@id\":\"https:\\\/\\\/www.romaoggi.eu\\\/#\\\/schema\\\/person\\\/9b23ceb6a2992a25e98c76a5f1fbb887\"},\"headline\":\"Dario Fo e l&#8217;arte contemporanea al Micro dal 6 al 23 febbraio-by Salvo Nugnes e Vittorio Sgarbi\",\"datePublished\":\"2020-01-23T15:22:23+00:00\",\"mainEntityOfPage\":{\"@id\":\"https:\\\/\\\/www.romaoggi.eu\\\/index.php\\\/2020\\\/01\\\/23\\\/dario-fo-e-larte-contemporanea-al-micro-dal-6-al-23-febbraio-by-salvo-nugnes-e-vittorio-sgarbi\\\/\"},\"wordCount\":392,\"publisher\":{\"@id\":\"https:\\\/\\\/www.romaoggi.eu\\\/#organization\"},\"image\":{\"@id\":\"https:\\\/\\\/www.romaoggi.eu\\\/index.php\\\/2020\\\/01\\\/23\\\/dario-fo-e-larte-contemporanea-al-micro-dal-6-al-23-febbraio-by-salvo-nugnes-e-vittorio-sgarbi\\\/#primaryimage\"},\"thumbnailUrl\":\"https:\\\/\\\/www.romaoggi.eu\\\/wp-content\\\/uploads\\\/2020\\\/01\\\/copertina.jpg\",\"keywords\":[\"arte\",\"Arte Contemporanea\",\"micro\",\"mostra\",\"mostra collettiva\",\"quadri\",\"roberto villa\",\"roma\",\"vittorio sgarbi\"],\"articleSection\":[\"Arte\"],\"inLanguage\":\"it-IT\"},{\"@type\":\"WebPage\",\"@id\":\"https:\\\/\\\/www.romaoggi.eu\\\/index.php\\\/2020\\\/01\\\/23\\\/dario-fo-e-larte-contemporanea-al-micro-dal-6-al-23-febbraio-by-salvo-nugnes-e-vittorio-sgarbi\\\/\",\"url\":\"https:\\\/\\\/www.romaoggi.eu\\\/index.php\\\/2020\\\/01\\\/23\\\/dario-fo-e-larte-contemporanea-al-micro-dal-6-al-23-febbraio-by-salvo-nugnes-e-vittorio-sgarbi\\\/\",\"name\":\"Dario Fo e l'arte contemporanea al Micro dal 6 al 23 febbraio-by Salvo Nugnes e Vittorio Sgarbi\",\"isPartOf\":{\"@id\":\"https:\\\/\\\/www.romaoggi.eu\\\/#website\"},\"primaryImageOfPage\":{\"@id\":\"https:\\\/\\\/www.romaoggi.eu\\\/index.php\\\/2020\\\/01\\\/23\\\/dario-fo-e-larte-contemporanea-al-micro-dal-6-al-23-febbraio-by-salvo-nugnes-e-vittorio-sgarbi\\\/#primaryimage\"},\"image\":{\"@id\":\"https:\\\/\\\/www.romaoggi.eu\\\/index.php\\\/2020\\\/01\\\/23\\\/dario-fo-e-larte-contemporanea-al-micro-dal-6-al-23-febbraio-by-salvo-nugnes-e-vittorio-sgarbi\\\/#primaryimage\"},\"thumbnailUrl\":\"https:\\\/\\\/www.romaoggi.eu\\\/wp-content\\\/uploads\\\/2020\\\/01\\\/copertina.jpg\",\"datePublished\":\"2020-01-23T15:22:23+00:00\",\"description\":\"A Roma un Dario Fo inedito: la mostra a cura di Sgarbi e Nugnes viene affiancata da artisti contemporanei Dario Fo, una delle menti pi\u00f9 brillanti e uno\",\"breadcrumb\":{\"@id\":\"https:\\\/\\\/www.romaoggi.eu\\\/index.php\\\/2020\\\/01\\\/23\\\/dario-fo-e-larte-contemporanea-al-micro-dal-6-al-23-febbraio-by-salvo-nugnes-e-vittorio-sgarbi\\\/#breadcrumb\"},\"inLanguage\":\"it-IT\",\"potentialAction\":[{\"@type\":\"ReadAction\",\"target\":[\"https:\\\/\\\/www.romaoggi.eu\\\/index.php\\\/2020\\\/01\\\/23\\\/dario-fo-e-larte-contemporanea-al-micro-dal-6-al-23-febbraio-by-salvo-nugnes-e-vittorio-sgarbi\\\/\"]}]},{\"@type\":\"ImageObject\",\"inLanguage\":\"it-IT\",\"@id\":\"https:\\\/\\\/www.romaoggi.eu\\\/index.php\\\/2020\\\/01\\\/23\\\/dario-fo-e-larte-contemporanea-al-micro-dal-6-al-23-febbraio-by-salvo-nugnes-e-vittorio-sgarbi\\\/#primaryimage\",\"url\":\"https:\\\/\\\/www.romaoggi.eu\\\/wp-content\\\/uploads\\\/2020\\\/01\\\/copertina.jpg\",\"contentUrl\":\"https:\\\/\\\/www.romaoggi.eu\\\/wp-content\\\/uploads\\\/2020\\\/01\\\/copertina.jpg\",\"width\":1193,\"height\":1089,\"caption\":\"alt tag dario fo\"},{\"@type\":\"BreadcrumbList\",\"@id\":\"https:\\\/\\\/www.romaoggi.eu\\\/index.php\\\/2020\\\/01\\\/23\\\/dario-fo-e-larte-contemporanea-al-micro-dal-6-al-23-febbraio-by-salvo-nugnes-e-vittorio-sgarbi\\\/#breadcrumb\",\"itemListElement\":[{\"@type\":\"ListItem\",\"position\":1,\"name\":\"Home\",\"item\":\"https:\\\/\\\/www.romaoggi.eu\\\/\"},{\"@type\":\"ListItem\",\"position\":2,\"name\":\"Dario Fo e l&#8217;arte contemporanea al Micro dal 6 al 23 febbraio-by Salvo Nugnes e Vittorio Sgarbi\"}]},{\"@type\":\"WebSite\",\"@id\":\"https:\\\/\\\/www.romaoggi.eu\\\/#website\",\"url\":\"https:\\\/\\\/www.romaoggi.eu\\\/\",\"name\":\"roma oggi\",\"description\":\"Interesting News for Interesting people\",\"publisher\":{\"@id\":\"https:\\\/\\\/www.romaoggi.eu\\\/#organization\"},\"potentialAction\":[{\"@type\":\"SearchAction\",\"target\":{\"@type\":\"EntryPoint\",\"urlTemplate\":\"https:\\\/\\\/www.romaoggi.eu\\\/?s={search_term_string}\"},\"query-input\":{\"@type\":\"PropertyValueSpecification\",\"valueRequired\":true,\"valueName\":\"search_term_string\"}}],\"inLanguage\":\"it-IT\"},{\"@type\":\"Organization\",\"@id\":\"https:\\\/\\\/www.romaoggi.eu\\\/#organization\",\"name\":\"RomaOggi\",\"url\":\"https:\\\/\\\/www.romaoggi.eu\\\/\",\"logo\":{\"@type\":\"ImageObject\",\"inLanguage\":\"it-IT\",\"@id\":\"https:\\\/\\\/www.romaoggi.eu\\\/#\\\/schema\\\/logo\\\/image\\\/\",\"url\":\"https:\\\/\\\/www.romaoggi.eu\\\/wp-content\\\/uploads\\\/2017\\\/04\\\/logowp.jpg\",\"contentUrl\":\"https:\\\/\\\/www.romaoggi.eu\\\/wp-content\\\/uploads\\\/2017\\\/04\\\/logowp.jpg\",\"width\":300,\"height\":133,\"caption\":\"RomaOggi\"},\"image\":{\"@id\":\"https:\\\/\\\/www.romaoggi.eu\\\/#\\\/schema\\\/logo\\\/image\\\/\"},\"sameAs\":[\"https:\\\/\\\/www.facebook.com\\\/RomaOggi-841544845954114\",\"https:\\\/\\\/x.com\\\/romaoggi_eu\"]},{\"@type\":\"Person\",\"@id\":\"https:\\\/\\\/www.romaoggi.eu\\\/#\\\/schema\\\/person\\\/9b23ceb6a2992a25e98c76a5f1fbb887\",\"name\":\"admin\",\"image\":{\"@type\":\"ImageObject\",\"inLanguage\":\"it-IT\",\"@id\":\"https:\\\/\\\/secure.gravatar.com\\\/avatar\\\/51b1e0a1f4159e3b5d89435fce5e1a348d6c59e2ff8c2d428dae75560aace504?s=96&d=mm&r=g\",\"url\":\"https:\\\/\\\/secure.gravatar.com\\\/avatar\\\/51b1e0a1f4159e3b5d89435fce5e1a348d6c59e2ff8c2d428dae75560aace504?s=96&d=mm&r=g\",\"contentUrl\":\"https:\\\/\\\/secure.gravatar.com\\\/avatar\\\/51b1e0a1f4159e3b5d89435fce5e1a348d6c59e2ff8c2d428dae75560aace504?s=96&d=mm&r=g\",\"caption\":\"admin\"},\"url\":\"https:\\\/\\\/www.romaoggi.eu\\\/index.php\\\/author\\\/admin\\\/\"}]}<\/script>\n<!-- \/ Yoast SEO plugin. -->","yoast_head_json":{"title":"Dario Fo e l'arte contemporanea al Micro dal 6 al 23 febbraio-by Salvo Nugnes e Vittorio Sgarbi","description":"A Roma un Dario Fo inedito: la mostra a cura di Sgarbi e Nugnes viene affiancata da artisti contemporanei Dario Fo, una delle menti pi\u00f9 brillanti e uno","robots":{"index":"index","follow":"follow","max-snippet":"max-snippet:-1","max-image-preview":"max-image-preview:large","max-video-preview":"max-video-preview:-1"},"canonical":"https:\/\/www.romaoggi.eu\/index.php\/2020\/01\/23\/dario-fo-e-larte-contemporanea-al-micro-dal-6-al-23-febbraio-by-salvo-nugnes-e-vittorio-sgarbi\/","og_locale":"it_IT","og_type":"article","og_title":"Dario Fo e l'arte contemporanea al Micro dal 6 al 23 febbraio-by Salvo Nugnes e Vittorio Sgarbi","og_description":"A Roma un Dario Fo inedito: la mostra a cura di Sgarbi e Nugnes viene affiancata da artisti contemporanei Dario Fo, una delle menti pi\u00f9 brillanti e uno","og_url":"https:\/\/www.romaoggi.eu\/index.php\/2020\/01\/23\/dario-fo-e-larte-contemporanea-al-micro-dal-6-al-23-febbraio-by-salvo-nugnes-e-vittorio-sgarbi\/","og_site_name":"roma oggi","article_publisher":"https:\/\/www.facebook.com\/RomaOggi-841544845954114","article_published_time":"2020-01-23T15:22:23+00:00","og_image":[{"width":1193,"height":1089,"url":"https:\/\/www.romaoggi.eu\/wp-content\/uploads\/2020\/01\/copertina.jpg","type":"image\/jpeg"}],"author":"admin","twitter_card":"summary_large_image","twitter_creator":"@romaoggi_eu","twitter_site":"@romaoggi_eu","twitter_misc":{"Scritto da":"admin","Tempo di lettura stimato":"2 minuti"},"schema":{"@context":"https:\/\/schema.org","@graph":[{"@type":"Article","@id":"https:\/\/www.romaoggi.eu\/index.php\/2020\/01\/23\/dario-fo-e-larte-contemporanea-al-micro-dal-6-al-23-febbraio-by-salvo-nugnes-e-vittorio-sgarbi\/#article","isPartOf":{"@id":"https:\/\/www.romaoggi.eu\/index.php\/2020\/01\/23\/dario-fo-e-larte-contemporanea-al-micro-dal-6-al-23-febbraio-by-salvo-nugnes-e-vittorio-sgarbi\/"},"author":{"name":"admin","@id":"https:\/\/www.romaoggi.eu\/#\/schema\/person\/9b23ceb6a2992a25e98c76a5f1fbb887"},"headline":"Dario Fo e l&#8217;arte contemporanea al Micro dal 6 al 23 febbraio-by Salvo Nugnes e Vittorio Sgarbi","datePublished":"2020-01-23T15:22:23+00:00","mainEntityOfPage":{"@id":"https:\/\/www.romaoggi.eu\/index.php\/2020\/01\/23\/dario-fo-e-larte-contemporanea-al-micro-dal-6-al-23-febbraio-by-salvo-nugnes-e-vittorio-sgarbi\/"},"wordCount":392,"publisher":{"@id":"https:\/\/www.romaoggi.eu\/#organization"},"image":{"@id":"https:\/\/www.romaoggi.eu\/index.php\/2020\/01\/23\/dario-fo-e-larte-contemporanea-al-micro-dal-6-al-23-febbraio-by-salvo-nugnes-e-vittorio-sgarbi\/#primaryimage"},"thumbnailUrl":"https:\/\/www.romaoggi.eu\/wp-content\/uploads\/2020\/01\/copertina.jpg","keywords":["arte","Arte Contemporanea","micro","mostra","mostra collettiva","quadri","roberto villa","roma","vittorio sgarbi"],"articleSection":["Arte"],"inLanguage":"it-IT"},{"@type":"WebPage","@id":"https:\/\/www.romaoggi.eu\/index.php\/2020\/01\/23\/dario-fo-e-larte-contemporanea-al-micro-dal-6-al-23-febbraio-by-salvo-nugnes-e-vittorio-sgarbi\/","url":"https:\/\/www.romaoggi.eu\/index.php\/2020\/01\/23\/dario-fo-e-larte-contemporanea-al-micro-dal-6-al-23-febbraio-by-salvo-nugnes-e-vittorio-sgarbi\/","name":"Dario Fo e l'arte contemporanea al Micro dal 6 al 23 febbraio-by Salvo Nugnes e Vittorio Sgarbi","isPartOf":{"@id":"https:\/\/www.romaoggi.eu\/#website"},"primaryImageOfPage":{"@id":"https:\/\/www.romaoggi.eu\/index.php\/2020\/01\/23\/dario-fo-e-larte-contemporanea-al-micro-dal-6-al-23-febbraio-by-salvo-nugnes-e-vittorio-sgarbi\/#primaryimage"},"image":{"@id":"https:\/\/www.romaoggi.eu\/index.php\/2020\/01\/23\/dario-fo-e-larte-contemporanea-al-micro-dal-6-al-23-febbraio-by-salvo-nugnes-e-vittorio-sgarbi\/#primaryimage"},"thumbnailUrl":"https:\/\/www.romaoggi.eu\/wp-content\/uploads\/2020\/01\/copertina.jpg","datePublished":"2020-01-23T15:22:23+00:00","description":"A Roma un Dario Fo inedito: la mostra a cura di Sgarbi e Nugnes viene affiancata da artisti contemporanei Dario Fo, una delle menti pi\u00f9 brillanti e uno","breadcrumb":{"@id":"https:\/\/www.romaoggi.eu\/index.php\/2020\/01\/23\/dario-fo-e-larte-contemporanea-al-micro-dal-6-al-23-febbraio-by-salvo-nugnes-e-vittorio-sgarbi\/#breadcrumb"},"inLanguage":"it-IT","potentialAction":[{"@type":"ReadAction","target":["https:\/\/www.romaoggi.eu\/index.php\/2020\/01\/23\/dario-fo-e-larte-contemporanea-al-micro-dal-6-al-23-febbraio-by-salvo-nugnes-e-vittorio-sgarbi\/"]}]},{"@type":"ImageObject","inLanguage":"it-IT","@id":"https:\/\/www.romaoggi.eu\/index.php\/2020\/01\/23\/dario-fo-e-larte-contemporanea-al-micro-dal-6-al-23-febbraio-by-salvo-nugnes-e-vittorio-sgarbi\/#primaryimage","url":"https:\/\/www.romaoggi.eu\/wp-content\/uploads\/2020\/01\/copertina.jpg","contentUrl":"https:\/\/www.romaoggi.eu\/wp-content\/uploads\/2020\/01\/copertina.jpg","width":1193,"height":1089,"caption":"alt tag dario fo"},{"@type":"BreadcrumbList","@id":"https:\/\/www.romaoggi.eu\/index.php\/2020\/01\/23\/dario-fo-e-larte-contemporanea-al-micro-dal-6-al-23-febbraio-by-salvo-nugnes-e-vittorio-sgarbi\/#breadcrumb","itemListElement":[{"@type":"ListItem","position":1,"name":"Home","item":"https:\/\/www.romaoggi.eu\/"},{"@type":"ListItem","position":2,"name":"Dario Fo e l&#8217;arte contemporanea al Micro dal 6 al 23 febbraio-by Salvo Nugnes e Vittorio Sgarbi"}]},{"@type":"WebSite","@id":"https:\/\/www.romaoggi.eu\/#website","url":"https:\/\/www.romaoggi.eu\/","name":"roma oggi","description":"Interesting News for Interesting people","publisher":{"@id":"https:\/\/www.romaoggi.eu\/#organization"},"potentialAction":[{"@type":"SearchAction","target":{"@type":"EntryPoint","urlTemplate":"https:\/\/www.romaoggi.eu\/?s={search_term_string}"},"query-input":{"@type":"PropertyValueSpecification","valueRequired":true,"valueName":"search_term_string"}}],"inLanguage":"it-IT"},{"@type":"Organization","@id":"https:\/\/www.romaoggi.eu\/#organization","name":"RomaOggi","url":"https:\/\/www.romaoggi.eu\/","logo":{"@type":"ImageObject","inLanguage":"it-IT","@id":"https:\/\/www.romaoggi.eu\/#\/schema\/logo\/image\/","url":"https:\/\/www.romaoggi.eu\/wp-content\/uploads\/2017\/04\/logowp.jpg","contentUrl":"https:\/\/www.romaoggi.eu\/wp-content\/uploads\/2017\/04\/logowp.jpg","width":300,"height":133,"caption":"RomaOggi"},"image":{"@id":"https:\/\/www.romaoggi.eu\/#\/schema\/logo\/image\/"},"sameAs":["https:\/\/www.facebook.com\/RomaOggi-841544845954114","https:\/\/x.com\/romaoggi_eu"]},{"@type":"Person","@id":"https:\/\/www.romaoggi.eu\/#\/schema\/person\/9b23ceb6a2992a25e98c76a5f1fbb887","name":"admin","image":{"@type":"ImageObject","inLanguage":"it-IT","@id":"https:\/\/secure.gravatar.com\/avatar\/51b1e0a1f4159e3b5d89435fce5e1a348d6c59e2ff8c2d428dae75560aace504?s=96&d=mm&r=g","url":"https:\/\/secure.gravatar.com\/avatar\/51b1e0a1f4159e3b5d89435fce5e1a348d6c59e2ff8c2d428dae75560aace504?s=96&d=mm&r=g","contentUrl":"https:\/\/secure.gravatar.com\/avatar\/51b1e0a1f4159e3b5d89435fce5e1a348d6c59e2ff8c2d428dae75560aace504?s=96&d=mm&r=g","caption":"admin"},"url":"https:\/\/www.romaoggi.eu\/index.php\/author\/admin\/"}]}},"_links":{"self":[{"href":"https:\/\/www.romaoggi.eu\/index.php\/wp-json\/wp\/v2\/posts\/23916","targetHints":{"allow":["GET"]}}],"collection":[{"href":"https:\/\/www.romaoggi.eu\/index.php\/wp-json\/wp\/v2\/posts"}],"about":[{"href":"https:\/\/www.romaoggi.eu\/index.php\/wp-json\/wp\/v2\/types\/post"}],"author":[{"embeddable":true,"href":"https:\/\/www.romaoggi.eu\/index.php\/wp-json\/wp\/v2\/users\/1"}],"replies":[{"embeddable":true,"href":"https:\/\/www.romaoggi.eu\/index.php\/wp-json\/wp\/v2\/comments?post=23916"}],"version-history":[{"count":3,"href":"https:\/\/www.romaoggi.eu\/index.php\/wp-json\/wp\/v2\/posts\/23916\/revisions"}],"predecessor-version":[{"id":23921,"href":"https:\/\/www.romaoggi.eu\/index.php\/wp-json\/wp\/v2\/posts\/23916\/revisions\/23921"}],"wp:featuredmedia":[{"embeddable":true,"href":"https:\/\/www.romaoggi.eu\/index.php\/wp-json\/wp\/v2\/media\/23922"}],"wp:attachment":[{"href":"https:\/\/www.romaoggi.eu\/index.php\/wp-json\/wp\/v2\/media?parent=23916"}],"wp:term":[{"taxonomy":"category","embeddable":true,"href":"https:\/\/www.romaoggi.eu\/index.php\/wp-json\/wp\/v2\/categories?post=23916"},{"taxonomy":"post_tag","embeddable":true,"href":"https:\/\/www.romaoggi.eu\/index.php\/wp-json\/wp\/v2\/tags?post=23916"}],"curies":[{"name":"wp","href":"https:\/\/api.w.org\/{rel}","templated":true}]}}