{"id":24002,"date":"2020-01-31T16:01:12","date_gmt":"2020-01-31T15:01:12","guid":{"rendered":"http:\/\/www.romaoggi.eu\/?p=24002"},"modified":"2020-01-31T16:01:12","modified_gmt":"2020-01-31T15:01:12","slug":"vip-party-due-anni-di-moku-e-compleanno-charlie-gnocchi","status":"publish","type":"post","link":"https:\/\/www.romaoggi.eu\/index.php\/2020\/01\/31\/vip-party-due-anni-di-moku-e-compleanno-charlie-gnocchi\/","title":{"rendered":"Vip Party: due anni di Moku e compleanno Charlie Gnocchi"},"content":{"rendered":"<p style=\"text-align: justify;\"><span style=\"font-weight: 400;\">Una parta di Vip e di bellezze mozzafiato da <a href=\"https:\/\/www.mokusushi.it\/\"><strong>Moku<\/strong><\/a> il risto Japan-sushi-etno di <strong>Marisa Jian Kefen<\/strong> di via Tiburtina.\u00a0 <\/span><strong>Miriana Trevisan,<\/strong> <strong>Sara Varone<\/strong>, <strong>Elena Russo<\/strong>, <strong>Anastasia Kuzmina<\/strong> e\u00a0 <strong>Eliana Michelazzo<\/strong> hanno stregato ospiti e giornalisti durante una serata piena di musica e divertimento. Festeggiamenti doppi: si \u00e8 brindato anche ai 57 anni di Charlie Gnocchi, il fratello simpatico e minore di Gene, ancora pi\u00f9 vulcanico e ironico di lui, che ha tenuto banco tutta la sera. Chiamati tutti gli ospiti sul palco a poi tutti a fare il karaoke e il trenino, come fosse Capodanno.<\/p>\n<figure id=\"attachment_24006\" aria-describedby=\"caption-attachment-24006\" style=\"width: 960px\" class=\"wp-caption aligncenter\"><img loading=\"lazy\" decoding=\"async\" class=\"wp-image-24006 size-full\" src=\"https:\/\/www.romaoggi.eu\/wp-content\/uploads\/2020\/01\/83491155_2907611945937377_9048029064987672576_n.jpg\" alt=\"alt tag moku\" width=\"960\" height=\"720\" srcset=\"https:\/\/www.romaoggi.eu\/wp-content\/uploads\/2020\/01\/83491155_2907611945937377_9048029064987672576_n.jpg 960w, https:\/\/www.romaoggi.eu\/wp-content\/uploads\/2020\/01\/83491155_2907611945937377_9048029064987672576_n-300x225.jpg 300w, https:\/\/www.romaoggi.eu\/wp-content\/uploads\/2020\/01\/83491155_2907611945937377_9048029064987672576_n-326x245.jpg 326w, https:\/\/www.romaoggi.eu\/wp-content\/uploads\/2020\/01\/83491155_2907611945937377_9048029064987672576_n-80x60.jpg 80w\" sizes=\"auto, (max-width: 960px) 100vw, 960px\" \/><figcaption id=\"caption-attachment-24006\" class=\"wp-caption-text\">Miriana Trevisan e Gabriella Sassone ufficio stampa dell&#8217;evento.<\/figcaption><\/figure>\n<p style=\"text-align: justify;\">Nello spazioso locale di 800 mq. arredato in legno chiaro e dominato dal grande albero della vita che dona serenit\u00e0 e positivit\u00e0 (che quest\u2019estate ha aperto pure un ristorante-gemello Moku a Ponte Milvio) ad accogliere gli ospiti ci sono stati i lampadari viventi: bellissime geishe abat-jour strette nel classico kimono orientale nei colori del bianco e del rosso con sul capo paralumi illuminati.<\/p>\n<figure id=\"attachment_24007\" aria-describedby=\"caption-attachment-24007\" style=\"width: 960px\" class=\"wp-caption aligncenter\"><img loading=\"lazy\" decoding=\"async\" class=\"wp-image-24007 size-full\" src=\"https:\/\/www.romaoggi.eu\/wp-content\/uploads\/2020\/01\/83586436_2907451982620040_1463215746233401344_n.jpg\" alt=\"alt tag moku\" width=\"960\" height=\"720\" srcset=\"https:\/\/www.romaoggi.eu\/wp-content\/uploads\/2020\/01\/83586436_2907451982620040_1463215746233401344_n.jpg 960w, https:\/\/www.romaoggi.eu\/wp-content\/uploads\/2020\/01\/83586436_2907451982620040_1463215746233401344_n-300x225.jpg 300w, https:\/\/www.romaoggi.eu\/wp-content\/uploads\/2020\/01\/83586436_2907451982620040_1463215746233401344_n-326x245.jpg 326w, https:\/\/www.romaoggi.eu\/wp-content\/uploads\/2020\/01\/83586436_2907451982620040_1463215746233401344_n-80x60.jpg 80w\" sizes=\"auto, (max-width: 960px) 100vw, 960px\" \/><figcaption id=\"caption-attachment-24007\" class=\"wp-caption-text\">Charlie Gnocchi e geishe abat-jour<\/figcaption><\/figure>\n<p style=\"text-align: justify;\">Tutti si sono fatti fotografare accanto alle deliziose giapponesine. Nel deliro di musica e balli, goliardia e divertimento, a fare gli onori di casa la bella proprietaria Marisa, in lungo nero scintillante griffato Elisabetta Franchi, l\u2019aitante direttore Marco Epifani che tante fanciulle famose ha fatto innamorare, e il direttore marketing Fabio Barone, un personaggio conosciuto nel mondo: \u00e8 infatti un pilota Ferrari con tre record mondiali di velocit\u00e0 nonch\u00e8 fondatore e presidente di &#8220;Passione Rossa&#8221;, l&#8217;esclusivo Ferrari Club che il 6 luglio scorso ha acquisito un nuovo primato mondiale, portando per la prima volta 30 Ferrari al Circolo Polare Artico.<\/p>\n<figure id=\"attachment_24008\" aria-describedby=\"caption-attachment-24008\" style=\"width: 960px\" class=\"wp-caption aligncenter\"><img loading=\"lazy\" decoding=\"async\" class=\"wp-image-24008 size-full\" src=\"https:\/\/www.romaoggi.eu\/wp-content\/uploads\/2020\/01\/83641626_2907611865937385_9086358822015991808_n.jpg\" alt=\"alt tag moku\" width=\"960\" height=\"720\" srcset=\"https:\/\/www.romaoggi.eu\/wp-content\/uploads\/2020\/01\/83641626_2907611865937385_9086358822015991808_n.jpg 960w, https:\/\/www.romaoggi.eu\/wp-content\/uploads\/2020\/01\/83641626_2907611865937385_9086358822015991808_n-300x225.jpg 300w, https:\/\/www.romaoggi.eu\/wp-content\/uploads\/2020\/01\/83641626_2907611865937385_9086358822015991808_n-326x245.jpg 326w, https:\/\/www.romaoggi.eu\/wp-content\/uploads\/2020\/01\/83641626_2907611865937385_9086358822015991808_n-80x60.jpg 80w\" sizes=\"auto, (max-width: 960px) 100vw, 960px\" \/><figcaption id=\"caption-attachment-24008\" class=\"wp-caption-text\">Il principe Guglielmo Giovanelli Marconi con la giornalista Antonietta Di Vizia di Rai Pubblica Utilit\u00e0<\/figcaption><\/figure>\n<p style=\"text-align: justify;\">Ai tavoli ad assaggiare sushi, sashimi, tempura e tutte le golosit\u00e0 japan e thai, prendono posto il senatore <strong>Lucio Barani<\/strong> e l&#8217;onorevole leghista<strong> Paolo Tiramani<\/strong>. <strong>Vittorio Cecchi Gori<\/strong>, in gran forma, siede accanto al suo press-office Emilio Sturla Furn\u00f2.<\/p>\n<p style=\"text-align: justify;\">Tra i tavoli, Elena Russo con lo stylist Marco Scorza, le attrici teatrali Sabrina Cocco e Patricia Vezzulli, Myriam Fecchi con la giornalista tv Silvia Santalmassi, il principe Guglielmo Giovanelli Marconi, il produttore tv Nicola Vizzini con la scrittrice Marina Paterno, l\u2019attore Graziano Scarabicchi con il casting di Paolo Sorrentino Armando Pizzuti, lo scrittore Niky Marcelli con Caterina Motta, il direttore artistico di &#8220;Muccassassina&#8221; Diego Longobardi, le giornaliste Antonietta Di Vizia di Rai Pubblica Utilit\u00e0, Federica Pansadoro, Alisa Toaff e Simona Cangelosi, Giorgio Belleggia de &#8220;Il Messaggero&#8221; con la bella moglie Martina, l\u2019artista di opere in vetro Carlo Baldessari e tanti altri. Gran finale tutti stretti intorno ai due festeggiati Marisa e Charlie davanti alla torta a pi\u00f9 piani, tra flash scatenati, champagne spruzzato in aria come sui podi della Formula Uno.<\/p>\n<p>&nbsp;<\/p>\n<p><a href=\"https:\/\/www.romaoggi.eu\/index.php\/2020\/01\/28\/sabrina-persechino-la-sua-moda-2020-ispirata-dalle-guerriere-di-tellenae\/\">Redazione<\/a><\/p>\n","protected":false},"excerpt":{"rendered":"<div class=\"mh-excerpt\"><p>Una parta di Vip e di bellezze mozzafiato da Moku il risto Japan-sushi-etno di Marisa Jian Kefen di via Tiburtina.\u00a0 Miriana Trevisan, Sara Varone, Elena Russo, Anastasia Kuzmina e\u00a0 Eliana Michelazzo hanno stregato ospiti e <a class=\"mh-excerpt-more\" href=\"https:\/\/www.romaoggi.eu\/index.php\/2020\/01\/31\/vip-party-due-anni-di-moku-e-compleanno-charlie-gnocchi\/\" title=\"Vip Party: due anni di Moku e compleanno Charlie Gnocchi\">[&#8230;]<\/a><\/p>\n<\/div>","protected":false},"author":1,"featured_media":24011,"comment_status":"closed","ping_status":"open","sticky":false,"template":"","format":"standard","meta":{"_sitemap_exclude":false,"_sitemap_priority":"","_sitemap_frequency":"","footnotes":""},"categories":[3],"tags":[6839,4120,9116,6062,891,13670,10503,13669],"class_list":["post-24002","post","type-post","status-publish","format-standard","has-post-thumbnail","hentry","category-eventi","tag-charlie-gnocchi","tag-festa","tag-moku","tag-party","tag-ristorante","tag-sashimi","tag-sushi","tag-vittorio-cecchi-gori"],"yoast_head":"<!-- This site is optimized with the Yoast SEO plugin v27.5 - https:\/\/yoast.com\/product\/yoast-seo-wordpress\/ -->\n<title>Vip Party: due anni di Moku e compleanno Charlie Gnocchi<\/title>\n<meta name=\"description\" content=\"Una parta di Vip e di bellezze mozzafiato da Moku il risto Japan-sushi-etno di Marisa Jian Kefen di via Tiburtina.\u00a0 Miriana Trevisan, Sara Varone, Elena\" \/>\n<meta name=\"robots\" content=\"index, follow, max-snippet:-1, max-image-preview:large, max-video-preview:-1\" \/>\n<link rel=\"canonical\" href=\"https:\/\/www.romaoggi.eu\/index.php\/2020\/01\/31\/vip-party-due-anni-di-moku-e-compleanno-charlie-gnocchi\/\" \/>\n<meta property=\"og:locale\" content=\"it_IT\" \/>\n<meta property=\"og:type\" content=\"article\" \/>\n<meta property=\"og:title\" content=\"Vip Party: due anni di Moku e compleanno Charlie Gnocchi\" \/>\n<meta property=\"og:description\" content=\"Una parta di Vip e di bellezze mozzafiato da Moku il risto Japan-sushi-etno di Marisa Jian Kefen di via Tiburtina.\u00a0 Miriana Trevisan, Sara Varone, Elena\" \/>\n<meta property=\"og:url\" content=\"https:\/\/www.romaoggi.eu\/index.php\/2020\/01\/31\/vip-party-due-anni-di-moku-e-compleanno-charlie-gnocchi\/\" \/>\n<meta property=\"og:site_name\" content=\"roma oggi\" \/>\n<meta property=\"article:publisher\" content=\"https:\/\/www.facebook.com\/RomaOggi-841544845954114\" \/>\n<meta property=\"article:published_time\" content=\"2020-01-31T15:01:12+00:00\" \/>\n<meta property=\"og:image\" content=\"https:\/\/www.romaoggi.eu\/wp-content\/uploads\/2020\/01\/copert-1.jpg\" \/>\n\t<meta property=\"og:image:width\" content=\"2184\" \/>\n\t<meta property=\"og:image:height\" content=\"1612\" \/>\n\t<meta property=\"og:image:type\" content=\"image\/jpeg\" \/>\n<meta name=\"author\" content=\"admin\" \/>\n<meta name=\"twitter:card\" content=\"summary_large_image\" \/>\n<meta name=\"twitter:creator\" content=\"@romaoggi_eu\" \/>\n<meta name=\"twitter:site\" content=\"@romaoggi_eu\" \/>\n<meta name=\"twitter:label1\" content=\"Scritto da\" \/>\n\t<meta name=\"twitter:data1\" content=\"admin\" \/>\n\t<meta name=\"twitter:label2\" content=\"Tempo di lettura stimato\" \/>\n\t<meta name=\"twitter:data2\" content=\"2 minuti\" \/>\n<script type=\"application\/ld+json\" class=\"yoast-schema-graph\">{\"@context\":\"https:\\\/\\\/schema.org\",\"@graph\":[{\"@type\":\"Article\",\"@id\":\"https:\\\/\\\/www.romaoggi.eu\\\/index.php\\\/2020\\\/01\\\/31\\\/vip-party-due-anni-di-moku-e-compleanno-charlie-gnocchi\\\/#article\",\"isPartOf\":{\"@id\":\"https:\\\/\\\/www.romaoggi.eu\\\/index.php\\\/2020\\\/01\\\/31\\\/vip-party-due-anni-di-moku-e-compleanno-charlie-gnocchi\\\/\"},\"author\":{\"name\":\"admin\",\"@id\":\"https:\\\/\\\/www.romaoggi.eu\\\/#\\\/schema\\\/person\\\/9b23ceb6a2992a25e98c76a5f1fbb887\"},\"headline\":\"Vip Party: due anni di Moku e compleanno Charlie Gnocchi\",\"datePublished\":\"2020-01-31T15:01:12+00:00\",\"mainEntityOfPage\":{\"@id\":\"https:\\\/\\\/www.romaoggi.eu\\\/index.php\\\/2020\\\/01\\\/31\\\/vip-party-due-anni-di-moku-e-compleanno-charlie-gnocchi\\\/\"},\"wordCount\":492,\"publisher\":{\"@id\":\"https:\\\/\\\/www.romaoggi.eu\\\/#organization\"},\"image\":{\"@id\":\"https:\\\/\\\/www.romaoggi.eu\\\/index.php\\\/2020\\\/01\\\/31\\\/vip-party-due-anni-di-moku-e-compleanno-charlie-gnocchi\\\/#primaryimage\"},\"thumbnailUrl\":\"https:\\\/\\\/www.romaoggi.eu\\\/wp-content\\\/uploads\\\/2020\\\/01\\\/copert-1.jpg\",\"keywords\":[\"Charlie Gnocchi\",\"festa\",\"Moku\",\"party\",\"Ristorante\",\"sashimi\",\"Sushi\",\"vittorio cecchi gori\"],\"articleSection\":[\"Eventi\"],\"inLanguage\":\"it-IT\"},{\"@type\":\"WebPage\",\"@id\":\"https:\\\/\\\/www.romaoggi.eu\\\/index.php\\\/2020\\\/01\\\/31\\\/vip-party-due-anni-di-moku-e-compleanno-charlie-gnocchi\\\/\",\"url\":\"https:\\\/\\\/www.romaoggi.eu\\\/index.php\\\/2020\\\/01\\\/31\\\/vip-party-due-anni-di-moku-e-compleanno-charlie-gnocchi\\\/\",\"name\":\"Vip Party: due anni di Moku e compleanno Charlie Gnocchi\",\"isPartOf\":{\"@id\":\"https:\\\/\\\/www.romaoggi.eu\\\/#website\"},\"primaryImageOfPage\":{\"@id\":\"https:\\\/\\\/www.romaoggi.eu\\\/index.php\\\/2020\\\/01\\\/31\\\/vip-party-due-anni-di-moku-e-compleanno-charlie-gnocchi\\\/#primaryimage\"},\"image\":{\"@id\":\"https:\\\/\\\/www.romaoggi.eu\\\/index.php\\\/2020\\\/01\\\/31\\\/vip-party-due-anni-di-moku-e-compleanno-charlie-gnocchi\\\/#primaryimage\"},\"thumbnailUrl\":\"https:\\\/\\\/www.romaoggi.eu\\\/wp-content\\\/uploads\\\/2020\\\/01\\\/copert-1.jpg\",\"datePublished\":\"2020-01-31T15:01:12+00:00\",\"description\":\"Una parta di Vip e di bellezze mozzafiato da Moku il risto Japan-sushi-etno di Marisa Jian Kefen di via Tiburtina.\u00a0 Miriana Trevisan, Sara Varone, Elena\",\"breadcrumb\":{\"@id\":\"https:\\\/\\\/www.romaoggi.eu\\\/index.php\\\/2020\\\/01\\\/31\\\/vip-party-due-anni-di-moku-e-compleanno-charlie-gnocchi\\\/#breadcrumb\"},\"inLanguage\":\"it-IT\",\"potentialAction\":[{\"@type\":\"ReadAction\",\"target\":[\"https:\\\/\\\/www.romaoggi.eu\\\/index.php\\\/2020\\\/01\\\/31\\\/vip-party-due-anni-di-moku-e-compleanno-charlie-gnocchi\\\/\"]}]},{\"@type\":\"ImageObject\",\"inLanguage\":\"it-IT\",\"@id\":\"https:\\\/\\\/www.romaoggi.eu\\\/index.php\\\/2020\\\/01\\\/31\\\/vip-party-due-anni-di-moku-e-compleanno-charlie-gnocchi\\\/#primaryimage\",\"url\":\"https:\\\/\\\/www.romaoggi.eu\\\/wp-content\\\/uploads\\\/2020\\\/01\\\/copert-1.jpg\",\"contentUrl\":\"https:\\\/\\\/www.romaoggi.eu\\\/wp-content\\\/uploads\\\/2020\\\/01\\\/copert-1.jpg\",\"width\":2184,\"height\":1612,\"caption\":\"alt tag moku\"},{\"@type\":\"BreadcrumbList\",\"@id\":\"https:\\\/\\\/www.romaoggi.eu\\\/index.php\\\/2020\\\/01\\\/31\\\/vip-party-due-anni-di-moku-e-compleanno-charlie-gnocchi\\\/#breadcrumb\",\"itemListElement\":[{\"@type\":\"ListItem\",\"position\":1,\"name\":\"Home\",\"item\":\"https:\\\/\\\/www.romaoggi.eu\\\/\"},{\"@type\":\"ListItem\",\"position\":2,\"name\":\"Vip Party: due anni di Moku e compleanno Charlie Gnocchi\"}]},{\"@type\":\"WebSite\",\"@id\":\"https:\\\/\\\/www.romaoggi.eu\\\/#website\",\"url\":\"https:\\\/\\\/www.romaoggi.eu\\\/\",\"name\":\"roma oggi\",\"description\":\"Interesting News for Interesting people\",\"publisher\":{\"@id\":\"https:\\\/\\\/www.romaoggi.eu\\\/#organization\"},\"potentialAction\":[{\"@type\":\"SearchAction\",\"target\":{\"@type\":\"EntryPoint\",\"urlTemplate\":\"https:\\\/\\\/www.romaoggi.eu\\\/?s={search_term_string}\"},\"query-input\":{\"@type\":\"PropertyValueSpecification\",\"valueRequired\":true,\"valueName\":\"search_term_string\"}}],\"inLanguage\":\"it-IT\"},{\"@type\":\"Organization\",\"@id\":\"https:\\\/\\\/www.romaoggi.eu\\\/#organization\",\"name\":\"RomaOggi\",\"url\":\"https:\\\/\\\/www.romaoggi.eu\\\/\",\"logo\":{\"@type\":\"ImageObject\",\"inLanguage\":\"it-IT\",\"@id\":\"https:\\\/\\\/www.romaoggi.eu\\\/#\\\/schema\\\/logo\\\/image\\\/\",\"url\":\"https:\\\/\\\/www.romaoggi.eu\\\/wp-content\\\/uploads\\\/2017\\\/04\\\/logowp.jpg\",\"contentUrl\":\"https:\\\/\\\/www.romaoggi.eu\\\/wp-content\\\/uploads\\\/2017\\\/04\\\/logowp.jpg\",\"width\":300,\"height\":133,\"caption\":\"RomaOggi\"},\"image\":{\"@id\":\"https:\\\/\\\/www.romaoggi.eu\\\/#\\\/schema\\\/logo\\\/image\\\/\"},\"sameAs\":[\"https:\\\/\\\/www.facebook.com\\\/RomaOggi-841544845954114\",\"https:\\\/\\\/x.com\\\/romaoggi_eu\"]},{\"@type\":\"Person\",\"@id\":\"https:\\\/\\\/www.romaoggi.eu\\\/#\\\/schema\\\/person\\\/9b23ceb6a2992a25e98c76a5f1fbb887\",\"name\":\"admin\",\"image\":{\"@type\":\"ImageObject\",\"inLanguage\":\"it-IT\",\"@id\":\"https:\\\/\\\/secure.gravatar.com\\\/avatar\\\/51b1e0a1f4159e3b5d89435fce5e1a348d6c59e2ff8c2d428dae75560aace504?s=96&d=mm&r=g\",\"url\":\"https:\\\/\\\/secure.gravatar.com\\\/avatar\\\/51b1e0a1f4159e3b5d89435fce5e1a348d6c59e2ff8c2d428dae75560aace504?s=96&d=mm&r=g\",\"contentUrl\":\"https:\\\/\\\/secure.gravatar.com\\\/avatar\\\/51b1e0a1f4159e3b5d89435fce5e1a348d6c59e2ff8c2d428dae75560aace504?s=96&d=mm&r=g\",\"caption\":\"admin\"},\"url\":\"https:\\\/\\\/www.romaoggi.eu\\\/index.php\\\/author\\\/admin\\\/\"}]}<\/script>\n<!-- \/ Yoast SEO plugin. -->","yoast_head_json":{"title":"Vip Party: due anni di Moku e compleanno Charlie Gnocchi","description":"Una parta di Vip e di bellezze mozzafiato da Moku il risto Japan-sushi-etno di Marisa Jian Kefen di via Tiburtina.\u00a0 Miriana Trevisan, Sara Varone, Elena","robots":{"index":"index","follow":"follow","max-snippet":"max-snippet:-1","max-image-preview":"max-image-preview:large","max-video-preview":"max-video-preview:-1"},"canonical":"https:\/\/www.romaoggi.eu\/index.php\/2020\/01\/31\/vip-party-due-anni-di-moku-e-compleanno-charlie-gnocchi\/","og_locale":"it_IT","og_type":"article","og_title":"Vip Party: due anni di Moku e compleanno Charlie Gnocchi","og_description":"Una parta di Vip e di bellezze mozzafiato da Moku il risto Japan-sushi-etno di Marisa Jian Kefen di via Tiburtina.\u00a0 Miriana Trevisan, Sara Varone, Elena","og_url":"https:\/\/www.romaoggi.eu\/index.php\/2020\/01\/31\/vip-party-due-anni-di-moku-e-compleanno-charlie-gnocchi\/","og_site_name":"roma oggi","article_publisher":"https:\/\/www.facebook.com\/RomaOggi-841544845954114","article_published_time":"2020-01-31T15:01:12+00:00","og_image":[{"width":2184,"height":1612,"url":"https:\/\/www.romaoggi.eu\/wp-content\/uploads\/2020\/01\/copert-1.jpg","type":"image\/jpeg"}],"author":"admin","twitter_card":"summary_large_image","twitter_creator":"@romaoggi_eu","twitter_site":"@romaoggi_eu","twitter_misc":{"Scritto da":"admin","Tempo di lettura stimato":"2 minuti"},"schema":{"@context":"https:\/\/schema.org","@graph":[{"@type":"Article","@id":"https:\/\/www.romaoggi.eu\/index.php\/2020\/01\/31\/vip-party-due-anni-di-moku-e-compleanno-charlie-gnocchi\/#article","isPartOf":{"@id":"https:\/\/www.romaoggi.eu\/index.php\/2020\/01\/31\/vip-party-due-anni-di-moku-e-compleanno-charlie-gnocchi\/"},"author":{"name":"admin","@id":"https:\/\/www.romaoggi.eu\/#\/schema\/person\/9b23ceb6a2992a25e98c76a5f1fbb887"},"headline":"Vip Party: due anni di Moku e compleanno Charlie Gnocchi","datePublished":"2020-01-31T15:01:12+00:00","mainEntityOfPage":{"@id":"https:\/\/www.romaoggi.eu\/index.php\/2020\/01\/31\/vip-party-due-anni-di-moku-e-compleanno-charlie-gnocchi\/"},"wordCount":492,"publisher":{"@id":"https:\/\/www.romaoggi.eu\/#organization"},"image":{"@id":"https:\/\/www.romaoggi.eu\/index.php\/2020\/01\/31\/vip-party-due-anni-di-moku-e-compleanno-charlie-gnocchi\/#primaryimage"},"thumbnailUrl":"https:\/\/www.romaoggi.eu\/wp-content\/uploads\/2020\/01\/copert-1.jpg","keywords":["Charlie Gnocchi","festa","Moku","party","Ristorante","sashimi","Sushi","vittorio cecchi gori"],"articleSection":["Eventi"],"inLanguage":"it-IT"},{"@type":"WebPage","@id":"https:\/\/www.romaoggi.eu\/index.php\/2020\/01\/31\/vip-party-due-anni-di-moku-e-compleanno-charlie-gnocchi\/","url":"https:\/\/www.romaoggi.eu\/index.php\/2020\/01\/31\/vip-party-due-anni-di-moku-e-compleanno-charlie-gnocchi\/","name":"Vip Party: due anni di Moku e compleanno Charlie Gnocchi","isPartOf":{"@id":"https:\/\/www.romaoggi.eu\/#website"},"primaryImageOfPage":{"@id":"https:\/\/www.romaoggi.eu\/index.php\/2020\/01\/31\/vip-party-due-anni-di-moku-e-compleanno-charlie-gnocchi\/#primaryimage"},"image":{"@id":"https:\/\/www.romaoggi.eu\/index.php\/2020\/01\/31\/vip-party-due-anni-di-moku-e-compleanno-charlie-gnocchi\/#primaryimage"},"thumbnailUrl":"https:\/\/www.romaoggi.eu\/wp-content\/uploads\/2020\/01\/copert-1.jpg","datePublished":"2020-01-31T15:01:12+00:00","description":"Una parta di Vip e di bellezze mozzafiato da Moku il risto Japan-sushi-etno di Marisa Jian Kefen di via Tiburtina.\u00a0 Miriana Trevisan, Sara Varone, Elena","breadcrumb":{"@id":"https:\/\/www.romaoggi.eu\/index.php\/2020\/01\/31\/vip-party-due-anni-di-moku-e-compleanno-charlie-gnocchi\/#breadcrumb"},"inLanguage":"it-IT","potentialAction":[{"@type":"ReadAction","target":["https:\/\/www.romaoggi.eu\/index.php\/2020\/01\/31\/vip-party-due-anni-di-moku-e-compleanno-charlie-gnocchi\/"]}]},{"@type":"ImageObject","inLanguage":"it-IT","@id":"https:\/\/www.romaoggi.eu\/index.php\/2020\/01\/31\/vip-party-due-anni-di-moku-e-compleanno-charlie-gnocchi\/#primaryimage","url":"https:\/\/www.romaoggi.eu\/wp-content\/uploads\/2020\/01\/copert-1.jpg","contentUrl":"https:\/\/www.romaoggi.eu\/wp-content\/uploads\/2020\/01\/copert-1.jpg","width":2184,"height":1612,"caption":"alt tag moku"},{"@type":"BreadcrumbList","@id":"https:\/\/www.romaoggi.eu\/index.php\/2020\/01\/31\/vip-party-due-anni-di-moku-e-compleanno-charlie-gnocchi\/#breadcrumb","itemListElement":[{"@type":"ListItem","position":1,"name":"Home","item":"https:\/\/www.romaoggi.eu\/"},{"@type":"ListItem","position":2,"name":"Vip Party: due anni di Moku e compleanno Charlie Gnocchi"}]},{"@type":"WebSite","@id":"https:\/\/www.romaoggi.eu\/#website","url":"https:\/\/www.romaoggi.eu\/","name":"roma oggi","description":"Interesting News for Interesting people","publisher":{"@id":"https:\/\/www.romaoggi.eu\/#organization"},"potentialAction":[{"@type":"SearchAction","target":{"@type":"EntryPoint","urlTemplate":"https:\/\/www.romaoggi.eu\/?s={search_term_string}"},"query-input":{"@type":"PropertyValueSpecification","valueRequired":true,"valueName":"search_term_string"}}],"inLanguage":"it-IT"},{"@type":"Organization","@id":"https:\/\/www.romaoggi.eu\/#organization","name":"RomaOggi","url":"https:\/\/www.romaoggi.eu\/","logo":{"@type":"ImageObject","inLanguage":"it-IT","@id":"https:\/\/www.romaoggi.eu\/#\/schema\/logo\/image\/","url":"https:\/\/www.romaoggi.eu\/wp-content\/uploads\/2017\/04\/logowp.jpg","contentUrl":"https:\/\/www.romaoggi.eu\/wp-content\/uploads\/2017\/04\/logowp.jpg","width":300,"height":133,"caption":"RomaOggi"},"image":{"@id":"https:\/\/www.romaoggi.eu\/#\/schema\/logo\/image\/"},"sameAs":["https:\/\/www.facebook.com\/RomaOggi-841544845954114","https:\/\/x.com\/romaoggi_eu"]},{"@type":"Person","@id":"https:\/\/www.romaoggi.eu\/#\/schema\/person\/9b23ceb6a2992a25e98c76a5f1fbb887","name":"admin","image":{"@type":"ImageObject","inLanguage":"it-IT","@id":"https:\/\/secure.gravatar.com\/avatar\/51b1e0a1f4159e3b5d89435fce5e1a348d6c59e2ff8c2d428dae75560aace504?s=96&d=mm&r=g","url":"https:\/\/secure.gravatar.com\/avatar\/51b1e0a1f4159e3b5d89435fce5e1a348d6c59e2ff8c2d428dae75560aace504?s=96&d=mm&r=g","contentUrl":"https:\/\/secure.gravatar.com\/avatar\/51b1e0a1f4159e3b5d89435fce5e1a348d6c59e2ff8c2d428dae75560aace504?s=96&d=mm&r=g","caption":"admin"},"url":"https:\/\/www.romaoggi.eu\/index.php\/author\/admin\/"}]}},"_links":{"self":[{"href":"https:\/\/www.romaoggi.eu\/index.php\/wp-json\/wp\/v2\/posts\/24002","targetHints":{"allow":["GET"]}}],"collection":[{"href":"https:\/\/www.romaoggi.eu\/index.php\/wp-json\/wp\/v2\/posts"}],"about":[{"href":"https:\/\/www.romaoggi.eu\/index.php\/wp-json\/wp\/v2\/types\/post"}],"author":[{"embeddable":true,"href":"https:\/\/www.romaoggi.eu\/index.php\/wp-json\/wp\/v2\/users\/1"}],"replies":[{"embeddable":true,"href":"https:\/\/www.romaoggi.eu\/index.php\/wp-json\/wp\/v2\/comments?post=24002"}],"version-history":[{"count":4,"href":"https:\/\/www.romaoggi.eu\/index.php\/wp-json\/wp\/v2\/posts\/24002\/revisions"}],"predecessor-version":[{"id":24012,"href":"https:\/\/www.romaoggi.eu\/index.php\/wp-json\/wp\/v2\/posts\/24002\/revisions\/24012"}],"wp:featuredmedia":[{"embeddable":true,"href":"https:\/\/www.romaoggi.eu\/index.php\/wp-json\/wp\/v2\/media\/24011"}],"wp:attachment":[{"href":"https:\/\/www.romaoggi.eu\/index.php\/wp-json\/wp\/v2\/media?parent=24002"}],"wp:term":[{"taxonomy":"category","embeddable":true,"href":"https:\/\/www.romaoggi.eu\/index.php\/wp-json\/wp\/v2\/categories?post=24002"},{"taxonomy":"post_tag","embeddable":true,"href":"https:\/\/www.romaoggi.eu\/index.php\/wp-json\/wp\/v2\/tags?post=24002"}],"curies":[{"name":"wp","href":"https:\/\/api.w.org\/{rel}","templated":true}]}}