{"id":24144,"date":"2020-02-28T14:13:36","date_gmt":"2020-02-28T13:13:36","guid":{"rendered":"http:\/\/www.romaoggi.eu\/?p=24144"},"modified":"2020-02-28T14:45:34","modified_gmt":"2020-02-28T13:45:34","slug":"grande-successo-per-la-contessa-di-salasco-di-maria-delfina-tommasini","status":"publish","type":"post","link":"https:\/\/www.romaoggi.eu\/index.php\/2020\/02\/28\/grande-successo-per-la-contessa-di-salasco-di-maria-delfina-tommasini\/","title":{"rendered":"GRANDE SUCCESSO PER &#8220;LA CONTESSA DI SALASCO&#8221; DI MARIA DELFINA TOMMASINI"},"content":{"rendered":"<p style=\"text-align: justify;\">Grande successo il 27 febbraio nella redazione di Romaoggi.eu per la presentazione del libro \u201c<strong>La Contessa di Salasco<\/strong>\u201d della talentuosa scrittrice <strong>Maria Delfina Tommasini.<\/strong> Presenti molti colleghi della stampa, ospiti illustri ed\u00a0 amanti della lettura. Molto interessante, durante la conduzione ad opera della giornalista Rai <strong>Antonietta Di Vizia<\/strong>, l\u2019analisi psicologica del personaggio realizzata della Dott.ssa <strong>Emanuela Scanu<\/strong> che ha dato un valido contributo alla identit\u00e0 della protagonista del libro ovvero la contessa di Salasco. Intense ed appassionate le letture di alcuni brani del libro magistralmente interpretate dall\u2019attrice <a href=\"https:\/\/www.romaoggi.eu\/index.php\/2019\/11\/04\/natalia-simonova-allarciliuto-5-6-7-novembre-con-lasciando-un-segnole-ali\/\"><strong>Natalia Simonova<\/strong><\/a>, che in teatro da anni porta in scena storie di donne che hanno cambiato la storia dall\u2019800 ad oggi.<\/p>\n<figure id=\"attachment_24148\" aria-describedby=\"caption-attachment-24148\" style=\"width: 1024px\" class=\"wp-caption aligncenter\"><img loading=\"lazy\" decoding=\"async\" class=\"wp-image-24148 size-large\" src=\"https:\/\/www.romaoggi.eu\/wp-content\/uploads\/2020\/02\/Maria-Delfina-Tommasini-e-Rossella-Ronconi-1024x768.jpg\" alt=\"ALT TAG LA CONTESSA DI SALASCO\" width=\"1024\" height=\"768\" srcset=\"https:\/\/www.romaoggi.eu\/wp-content\/uploads\/2020\/02\/Maria-Delfina-Tommasini-e-Rossella-Ronconi-1024x768.jpg 1024w, https:\/\/www.romaoggi.eu\/wp-content\/uploads\/2020\/02\/Maria-Delfina-Tommasini-e-Rossella-Ronconi-300x225.jpg 300w, https:\/\/www.romaoggi.eu\/wp-content\/uploads\/2020\/02\/Maria-Delfina-Tommasini-e-Rossella-Ronconi-326x245.jpg 326w, https:\/\/www.romaoggi.eu\/wp-content\/uploads\/2020\/02\/Maria-Delfina-Tommasini-e-Rossella-Ronconi-80x60.jpg 80w\" sizes=\"auto, (max-width: 1024px) 100vw, 1024px\" \/><figcaption id=\"caption-attachment-24148\" class=\"wp-caption-text\">Maria Delfina Tommasini e Rossella Ronconi<\/figcaption><\/figure>\n<p style=\"text-align: justify;\">Super ospiti della serata: la cantante <strong>Naira<\/strong> -Samantha Innocenti in uscita con il suo nuovo video \u201cSale ed Assale\u201d, l\u2019editore di <a href=\"http:\/\/inciucio.it\/\">Inciucio.it<\/a> <strong>Gi\u00f2 Di Giorgio<\/strong>, la direttrice della rivista &#8220;Tempo Libero&#8221; <strong>Rossella Ronconi<\/strong>, la Miss <strong>Elisabetta Viaggi<\/strong>, la scrittrice <strong>Alessandra Giacomini<\/strong> e la psicologa <strong>Daniela D\u2019Urso<\/strong>.<\/p>\n<p style=\"text-align: justify;\"><strong>La contessa di Salasco<\/strong> donna del Risorgimento italiano, per lo pi\u00f9 sconosciuta al grande pubblico \u00e8 rivissuta ieri sera nei racconti e nei dettagli appassionanti della <strong>Delfina Tommasini<\/strong>, che in questo libro porta alla luce la storia romanzata di una nobildonna affascinante e anticonformista che ha vissuto l\u2019epopea del Risorgimento.<\/p>\n<figure id=\"attachment_24156\" aria-describedby=\"caption-attachment-24156\" style=\"width: 1024px\" class=\"wp-caption aligncenter\"><img loading=\"lazy\" decoding=\"async\" class=\"wp-image-24156 size-large\" src=\"https:\/\/www.romaoggi.eu\/wp-content\/uploads\/2020\/02\/Maria-Delfina-Tommasini-e-Elisabetta-Viaggi-1024x768.jpg\" alt=\"\" width=\"1024\" height=\"768\" srcset=\"https:\/\/www.romaoggi.eu\/wp-content\/uploads\/2020\/02\/Maria-Delfina-Tommasini-e-Elisabetta-Viaggi-1024x768.jpg 1024w, https:\/\/www.romaoggi.eu\/wp-content\/uploads\/2020\/02\/Maria-Delfina-Tommasini-e-Elisabetta-Viaggi-300x225.jpg 300w, https:\/\/www.romaoggi.eu\/wp-content\/uploads\/2020\/02\/Maria-Delfina-Tommasini-e-Elisabetta-Viaggi-326x245.jpg 326w, https:\/\/www.romaoggi.eu\/wp-content\/uploads\/2020\/02\/Maria-Delfina-Tommasini-e-Elisabetta-Viaggi-80x60.jpg 80w\" sizes=\"auto, (max-width: 1024px) 100vw, 1024px\" \/><figcaption id=\"caption-attachment-24156\" class=\"wp-caption-text\">Maria Delfina Tommasini e Elisabetta Viaggi<\/figcaption><\/figure>\n<p style=\"text-align: justify;\">Analisi psicologica realizzata dalla Dott.ssa <strong>Emanuela Scanu<\/strong>, ha svelato lati nascosti della protagonista del libro e a lei abbiamo chiesto<strong>: <\/strong><\/p>\n<p style=\"text-align: justify;\"><strong>Chi era sotto il profilo psicologico la Contessa di Salasco?<\/strong><\/p>\n<p style=\"text-align: justify;\"><em>\u201cMaria Luisa Alessandra Flavia Canera, Contessa di Salasco \u00e8 stata una donna realmente vissuta nata\u00a0 nel 1830, ma quella che vado ad analizzare \u00e8 la versione romanzata della Contessa presentata da <strong>Maria Delfina Tommasini<\/strong> nel suo ultimo romanzo. Non \u00e8 possibile fare una analisi psicologica senza svelare almeno in parte la storia poich\u00e9 bisogna partire dalla nascita per comprendere i perch\u00e8 delle azioni e come si \u00e8 arrivati alla fine. Quello che sappiano \u00e8 che la sua nascita \u00e8 avvenuta nella tenuta dei genitori al Torrione a Pinerolo, nei pressi di Torino: questo \u00e8 un dato importante perch\u00e9 sar\u00e0 proprio nella propriet\u00e0 dei genitori ad evidenziarsi la natura ribelle di Maria. Probabilmente nascere donna e primogenita \u00e8 stato il primo problema (non viene riportata neanche la sua data esatta di nascita si sa solo che dovrebbe essere stata ad agosto!) ad una bambina non venivano prestate tante attenzioni e spesso finivano gestite dalle governanti.\u00a0 Gi\u00e0 in tempi cos\u00ec remoti l\u2019autostima ne avr\u00e0 risentito. Da piccola chiede un pony, nasconde la bambola nella stalla, ama duellare con una spada di legno e cavalcare, diventa amica e gioca con il figlio del fattore. Probabilmente non si \u00e8 mai sentita amata ed apprezzata ed ha usato questi comportamenti ribelli per farsi notare (ma che hanno provocato reazioni opposte!) e alla fine sono divenuti un\u2019abitudine.<\/em><em> Oggi la definiremmo in modo benevolo \u201cmaschiaccio\u201d, ma per l\u2019epoca era un comportamento inaccettabile tanto da spingere i suoi a trasferirla prima a Parigi e poi a Londra. La sua adolescenza risalta ancora di pi\u00f9 questo carattere ribelle ed inizia a provare curiosit\u00e0 e passione prima verso il figlio del fattore e poi verso i vari uomini che ha incontra di cui spesso \u00e8 lei a provocare le attenzioni specie quando si trova lontano da casa e pu\u00f2 pi\u00f9 facilmente sfuggire al controllo.<\/em><\/p>\n<figure id=\"attachment_24149\" aria-describedby=\"caption-attachment-24149\" style=\"width: 1024px\" class=\"wp-caption aligncenter\"><img loading=\"lazy\" decoding=\"async\" class=\"wp-image-24149 size-large\" src=\"https:\/\/www.romaoggi.eu\/wp-content\/uploads\/2020\/02\/Naira-e-Maria-Delfina-Tommasini-1024x768.jpg\" alt=\"ALT TAG LA CONTESSA DI SALASCO\" width=\"1024\" height=\"768\" srcset=\"https:\/\/www.romaoggi.eu\/wp-content\/uploads\/2020\/02\/Naira-e-Maria-Delfina-Tommasini-1024x768.jpg 1024w, https:\/\/www.romaoggi.eu\/wp-content\/uploads\/2020\/02\/Naira-e-Maria-Delfina-Tommasini-300x225.jpg 300w, https:\/\/www.romaoggi.eu\/wp-content\/uploads\/2020\/02\/Naira-e-Maria-Delfina-Tommasini-326x245.jpg 326w, https:\/\/www.romaoggi.eu\/wp-content\/uploads\/2020\/02\/Naira-e-Maria-Delfina-Tommasini-80x60.jpg 80w\" sizes=\"auto, (max-width: 1024px) 100vw, 1024px\" \/><figcaption id=\"caption-attachment-24149\" class=\"wp-caption-text\">Naira e Maria Delfina Tommasini<\/figcaption><\/figure>\n<p style=\"text-align: justify;\"><em>Una donna colta e di gran fascino, curiosa ed intelligente, ma sempre schiava di passioni momentanee che appaga senza mai pensare alle conseguenze. Anche il matrimonio \u00e8 una passione passeggera che dura appena un anno e terminato prima della nascita della figlia per la quale non ha provato mai nulla, durante i primi mesi di gravidanza ha fatto di tutto per provocarsi un aborto, e che in seguito abbandoner\u00e0. Una donna dove la femminilit\u00e0 \u00e8 espressa solo nell\u2019atto sessuale e nei brevi attimi della seduzione, ma mai donna vera, non mamma, non moglie. Non usa neanche il suo corpo per ottenere vantaggi, lo usa e basta quasi non fosse il suo. Non c\u2019\u00e8 mai un pensiero di riflessione sui suoi comportamenti solo un agito continuo non c\u2019\u00e8 mai un vero interesse per un uomo di cui a volte subisce un fascino passeggero. Lo stesso accade con la politica in cui si \u00e8 inserita pi\u00f9 per curiosit\u00e0 e voglia di emozioni pi\u00f9 che per un vero sentimento patriottico. Una donna che per posizione ed intelligenza avrebbe potuto lasciare ai posteri molto di pi\u00f9 di quello che ha lasciato (un baule con dei cimeli?) un periodo storico importante costellato da personaggi che hanno fatto l\u2019Italia e che lei ha avuto l\u2019occasione di incontrare.<\/em><\/p>\n<p><img loading=\"lazy\" decoding=\"async\" class=\"aligncenter wp-image-24150 size-large\" src=\"https:\/\/www.romaoggi.eu\/wp-content\/uploads\/2020\/02\/INVITATI-1024x768.jpg\" alt=\"\" width=\"1024\" height=\"768\" srcset=\"https:\/\/www.romaoggi.eu\/wp-content\/uploads\/2020\/02\/INVITATI-1024x768.jpg 1024w, https:\/\/www.romaoggi.eu\/wp-content\/uploads\/2020\/02\/INVITATI-300x225.jpg 300w, https:\/\/www.romaoggi.eu\/wp-content\/uploads\/2020\/02\/INVITATI-326x245.jpg 326w, https:\/\/www.romaoggi.eu\/wp-content\/uploads\/2020\/02\/INVITATI-80x60.jpg 80w\" sizes=\"auto, (max-width: 1024px) 100vw, 1024px\" \/><\/p>\n<p style=\"text-align: justify;\"><em>Una donna che ha allontanato la famiglia di origine, il marito, la figlia, ha sperperato denaro incurante dei debiti. Una donna che alla fine della sua vita si ritrover\u00e0 sola ed in povert\u00e0 con la mente annebbiata circondata da gatti ai quali non ha nulla da dare da mangiare. Non c\u2019\u00e8 mai neanche il raggiungimento di una vera maturit\u00e0 neanche la maternit\u00e0 mitiga il carattere. Si sente stretta in regole ed obblighi ed il suo continuo impulso \u00e8 sempre quello di scappare. Cambier\u00e0 spesso anche il suo nome per non essere riconosciuta (la sua fama negativa la precedeva!). Un\u2019identit\u00e0 instabile data dalla mancanza della famiglia che ha dovuto prenderne le distanze, ed una sua incapacit\u00e0 di fondo di mantenere rapporti duraturi con le persone che la circondano. Neanche con i fratelli ha mantenuto il minimo rapporto, mai un\u2019amica con cui confidarsi e confrontarsi. Probabilmente si \u00e8 sentita pi\u00f9 sola di quello che lei stessa ha mai avuto modo di provare. Sembra infatti che neghi continuamente le sue emozioni continua ad andare avanti senza mai imparare nulla dalle proprie azioni. Oggi la definiremo una egocentrica\u201d.\u00a0<\/em><\/p>\n<p><img loading=\"lazy\" decoding=\"async\" class=\"aligncenter wp-image-24152 size-large\" src=\"https:\/\/www.romaoggi.eu\/wp-content\/uploads\/2020\/02\/Natalia-Simonova-ed-Antonietta-Di-Vizia-1024x768.jpg\" alt=\"\" width=\"1024\" height=\"768\" srcset=\"https:\/\/www.romaoggi.eu\/wp-content\/uploads\/2020\/02\/Natalia-Simonova-ed-Antonietta-Di-Vizia-1024x768.jpg 1024w, https:\/\/www.romaoggi.eu\/wp-content\/uploads\/2020\/02\/Natalia-Simonova-ed-Antonietta-Di-Vizia-300x225.jpg 300w, https:\/\/www.romaoggi.eu\/wp-content\/uploads\/2020\/02\/Natalia-Simonova-ed-Antonietta-Di-Vizia-326x245.jpg 326w, https:\/\/www.romaoggi.eu\/wp-content\/uploads\/2020\/02\/Natalia-Simonova-ed-Antonietta-Di-Vizia-80x60.jpg 80w\" sizes=\"auto, (max-width: 1024px) 100vw, 1024px\" \/><\/p>\n<p>REDAZIONE<\/p>\n","protected":false},"excerpt":{"rendered":"<div class=\"mh-excerpt\"><p>Grande successo il 27 febbraio nella redazione di Romaoggi.eu per la presentazione del libro \u201cLa Contessa di Salasco\u201d della talentuosa scrittrice Maria Delfina Tommasini. Presenti molti colleghi della stampa, ospiti illustri ed\u00a0 amanti della lettura. <a class=\"mh-excerpt-more\" href=\"https:\/\/www.romaoggi.eu\/index.php\/2020\/02\/28\/grande-successo-per-la-contessa-di-salasco-di-maria-delfina-tommasini\/\" title=\"GRANDE SUCCESSO PER &#8220;LA CONTESSA DI SALASCO&#8221; DI MARIA DELFINA TOMMASINI\">[&#8230;]<\/a><\/p>\n<\/div>","protected":false},"author":3,"featured_media":24146,"comment_status":"closed","ping_status":"open","sticky":false,"template":"","format":"standard","meta":{"_sitemap_exclude":false,"_sitemap_priority":"","_sitemap_frequency":"","footnotes":""},"categories":[3],"tags":[60,596,13694,5877,476,13693,10572,1916,109,1131,817,1771],"class_list":["post-24144","post","type-post","status-publish","format-standard","has-post-thumbnail","hentry","category-eventi","tag-biografia","tag-elisabetta-viaggi","tag-la-contessa-di-salasco","tag-lettura","tag-libro","tag-maria-delfina-tommasini","tag-naira","tag-ponte-milvio","tag-roma","tag-romanzo","tag-romaoggi","tag-rossella-ronconi"],"yoast_head":"<!-- This site is optimized with the Yoast SEO plugin v27.5 - https:\/\/yoast.com\/product\/yoast-seo-wordpress\/ -->\n<title>GRANDE SUCCESSO PER &quot;LA CONTESSA DI SALASCO&quot; DI MARIA DELFINA TOMMASINI<\/title>\n<meta name=\"description\" content=\"Grande successo il 27 febbraio nella redazione di Romaoggi.eu per la presentazione del libro \u201cLa Contessa di Salasco\u201d della talentuosa scrittrice Maria\" \/>\n<meta name=\"robots\" content=\"index, follow, max-snippet:-1, max-image-preview:large, max-video-preview:-1\" \/>\n<link rel=\"canonical\" href=\"https:\/\/www.romaoggi.eu\/index.php\/2020\/02\/28\/grande-successo-per-la-contessa-di-salasco-di-maria-delfina-tommasini\/\" \/>\n<meta property=\"og:locale\" content=\"it_IT\" \/>\n<meta property=\"og:type\" content=\"article\" \/>\n<meta property=\"og:title\" content=\"GRANDE SUCCESSO PER &quot;LA CONTESSA DI SALASCO&quot; DI MARIA DELFINA TOMMASINI\" \/>\n<meta property=\"og:description\" content=\"Grande successo il 27 febbraio nella redazione di Romaoggi.eu per la presentazione del libro \u201cLa Contessa di Salasco\u201d della talentuosa scrittrice Maria\" \/>\n<meta property=\"og:url\" content=\"https:\/\/www.romaoggi.eu\/index.php\/2020\/02\/28\/grande-successo-per-la-contessa-di-salasco-di-maria-delfina-tommasini\/\" \/>\n<meta property=\"og:site_name\" content=\"roma oggi\" \/>\n<meta property=\"article:publisher\" content=\"https:\/\/www.facebook.com\/RomaOggi-841544845954114\" \/>\n<meta property=\"article:published_time\" content=\"2020-02-28T13:13:36+00:00\" \/>\n<meta property=\"article:modified_time\" content=\"2020-02-28T13:45:34+00:00\" \/>\n<meta property=\"og:image\" content=\"https:\/\/www.romaoggi.eu\/wp-content\/uploads\/2020\/02\/Maria-Delfina-Tommasini-Dott.ssa-Emanuela-Scanu-e-lattrice-Natalia-Simonova.jpg\" \/>\n\t<meta property=\"og:image:width\" content=\"2880\" \/>\n\t<meta property=\"og:image:height\" content=\"2160\" \/>\n\t<meta property=\"og:image:type\" content=\"image\/jpeg\" \/>\n<meta name=\"author\" content=\"Antonietta Di Vizia\" \/>\n<meta name=\"twitter:card\" content=\"summary_large_image\" \/>\n<meta name=\"twitter:creator\" content=\"@romaoggi_eu\" \/>\n<meta name=\"twitter:site\" content=\"@romaoggi_eu\" \/>\n<meta name=\"twitter:label1\" content=\"Scritto da\" \/>\n\t<meta name=\"twitter:data1\" content=\"Antonietta Di Vizia\" \/>\n\t<meta name=\"twitter:label2\" content=\"Tempo di lettura stimato\" \/>\n\t<meta name=\"twitter:data2\" content=\"5 minuti\" \/>\n<script type=\"application\/ld+json\" class=\"yoast-schema-graph\">{\"@context\":\"https:\\\/\\\/schema.org\",\"@graph\":[{\"@type\":\"Article\",\"@id\":\"https:\\\/\\\/www.romaoggi.eu\\\/index.php\\\/2020\\\/02\\\/28\\\/grande-successo-per-la-contessa-di-salasco-di-maria-delfina-tommasini\\\/#article\",\"isPartOf\":{\"@id\":\"https:\\\/\\\/www.romaoggi.eu\\\/index.php\\\/2020\\\/02\\\/28\\\/grande-successo-per-la-contessa-di-salasco-di-maria-delfina-tommasini\\\/\"},\"author\":{\"name\":\"Antonietta Di Vizia\",\"@id\":\"https:\\\/\\\/www.romaoggi.eu\\\/#\\\/schema\\\/person\\\/c8ca1fb64b5506391fff5f822a866c23\"},\"headline\":\"GRANDE SUCCESSO PER &#8220;LA CONTESSA DI SALASCO&#8221; DI MARIA DELFINA TOMMASINI\",\"datePublished\":\"2020-02-28T13:13:36+00:00\",\"dateModified\":\"2020-02-28T13:45:34+00:00\",\"mainEntityOfPage\":{\"@id\":\"https:\\\/\\\/www.romaoggi.eu\\\/index.php\\\/2020\\\/02\\\/28\\\/grande-successo-per-la-contessa-di-salasco-di-maria-delfina-tommasini\\\/\"},\"wordCount\":982,\"publisher\":{\"@id\":\"https:\\\/\\\/www.romaoggi.eu\\\/#organization\"},\"image\":{\"@id\":\"https:\\\/\\\/www.romaoggi.eu\\\/index.php\\\/2020\\\/02\\\/28\\\/grande-successo-per-la-contessa-di-salasco-di-maria-delfina-tommasini\\\/#primaryimage\"},\"thumbnailUrl\":\"https:\\\/\\\/www.romaoggi.eu\\\/wp-content\\\/uploads\\\/2020\\\/02\\\/Maria-Delfina-Tommasini-Dott.ssa-Emanuela-Scanu-e-lattrice-Natalia-Simonova.jpg\",\"keywords\":[\"biografia\",\"elisabetta viaggi\",\"la contessa di salasco\",\"lettura\",\"libro\",\"maria delfina tommasini\",\"naira\",\"Ponte Milvio\",\"roma\",\"romanzo\",\"romaoggi\",\"Rossella Ronconi\"],\"articleSection\":[\"Eventi\"],\"inLanguage\":\"it-IT\"},{\"@type\":\"WebPage\",\"@id\":\"https:\\\/\\\/www.romaoggi.eu\\\/index.php\\\/2020\\\/02\\\/28\\\/grande-successo-per-la-contessa-di-salasco-di-maria-delfina-tommasini\\\/\",\"url\":\"https:\\\/\\\/www.romaoggi.eu\\\/index.php\\\/2020\\\/02\\\/28\\\/grande-successo-per-la-contessa-di-salasco-di-maria-delfina-tommasini\\\/\",\"name\":\"GRANDE SUCCESSO PER \\\"LA CONTESSA DI SALASCO\\\" DI MARIA DELFINA TOMMASINI\",\"isPartOf\":{\"@id\":\"https:\\\/\\\/www.romaoggi.eu\\\/#website\"},\"primaryImageOfPage\":{\"@id\":\"https:\\\/\\\/www.romaoggi.eu\\\/index.php\\\/2020\\\/02\\\/28\\\/grande-successo-per-la-contessa-di-salasco-di-maria-delfina-tommasini\\\/#primaryimage\"},\"image\":{\"@id\":\"https:\\\/\\\/www.romaoggi.eu\\\/index.php\\\/2020\\\/02\\\/28\\\/grande-successo-per-la-contessa-di-salasco-di-maria-delfina-tommasini\\\/#primaryimage\"},\"thumbnailUrl\":\"https:\\\/\\\/www.romaoggi.eu\\\/wp-content\\\/uploads\\\/2020\\\/02\\\/Maria-Delfina-Tommasini-Dott.ssa-Emanuela-Scanu-e-lattrice-Natalia-Simonova.jpg\",\"datePublished\":\"2020-02-28T13:13:36+00:00\",\"dateModified\":\"2020-02-28T13:45:34+00:00\",\"description\":\"Grande successo il 27 febbraio nella redazione di Romaoggi.eu per la presentazione del libro \u201cLa Contessa di Salasco\u201d della talentuosa scrittrice Maria\",\"breadcrumb\":{\"@id\":\"https:\\\/\\\/www.romaoggi.eu\\\/index.php\\\/2020\\\/02\\\/28\\\/grande-successo-per-la-contessa-di-salasco-di-maria-delfina-tommasini\\\/#breadcrumb\"},\"inLanguage\":\"it-IT\",\"potentialAction\":[{\"@type\":\"ReadAction\",\"target\":[\"https:\\\/\\\/www.romaoggi.eu\\\/index.php\\\/2020\\\/02\\\/28\\\/grande-successo-per-la-contessa-di-salasco-di-maria-delfina-tommasini\\\/\"]}]},{\"@type\":\"ImageObject\",\"inLanguage\":\"it-IT\",\"@id\":\"https:\\\/\\\/www.romaoggi.eu\\\/index.php\\\/2020\\\/02\\\/28\\\/grande-successo-per-la-contessa-di-salasco-di-maria-delfina-tommasini\\\/#primaryimage\",\"url\":\"https:\\\/\\\/www.romaoggi.eu\\\/wp-content\\\/uploads\\\/2020\\\/02\\\/Maria-Delfina-Tommasini-Dott.ssa-Emanuela-Scanu-e-lattrice-Natalia-Simonova.jpg\",\"contentUrl\":\"https:\\\/\\\/www.romaoggi.eu\\\/wp-content\\\/uploads\\\/2020\\\/02\\\/Maria-Delfina-Tommasini-Dott.ssa-Emanuela-Scanu-e-lattrice-Natalia-Simonova.jpg\",\"width\":2880,\"height\":2160,\"caption\":\"Maria Delfina Tommasini, Dott.ssa Emanuela Scanu e l'attrice Natalia Simonova\"},{\"@type\":\"BreadcrumbList\",\"@id\":\"https:\\\/\\\/www.romaoggi.eu\\\/index.php\\\/2020\\\/02\\\/28\\\/grande-successo-per-la-contessa-di-salasco-di-maria-delfina-tommasini\\\/#breadcrumb\",\"itemListElement\":[{\"@type\":\"ListItem\",\"position\":1,\"name\":\"Home\",\"item\":\"https:\\\/\\\/www.romaoggi.eu\\\/\"},{\"@type\":\"ListItem\",\"position\":2,\"name\":\"GRANDE SUCCESSO PER &#8220;LA CONTESSA DI SALASCO&#8221; DI MARIA DELFINA TOMMASINI\"}]},{\"@type\":\"WebSite\",\"@id\":\"https:\\\/\\\/www.romaoggi.eu\\\/#website\",\"url\":\"https:\\\/\\\/www.romaoggi.eu\\\/\",\"name\":\"roma oggi\",\"description\":\"Interesting News for Interesting people\",\"publisher\":{\"@id\":\"https:\\\/\\\/www.romaoggi.eu\\\/#organization\"},\"potentialAction\":[{\"@type\":\"SearchAction\",\"target\":{\"@type\":\"EntryPoint\",\"urlTemplate\":\"https:\\\/\\\/www.romaoggi.eu\\\/?s={search_term_string}\"},\"query-input\":{\"@type\":\"PropertyValueSpecification\",\"valueRequired\":true,\"valueName\":\"search_term_string\"}}],\"inLanguage\":\"it-IT\"},{\"@type\":\"Organization\",\"@id\":\"https:\\\/\\\/www.romaoggi.eu\\\/#organization\",\"name\":\"RomaOggi\",\"url\":\"https:\\\/\\\/www.romaoggi.eu\\\/\",\"logo\":{\"@type\":\"ImageObject\",\"inLanguage\":\"it-IT\",\"@id\":\"https:\\\/\\\/www.romaoggi.eu\\\/#\\\/schema\\\/logo\\\/image\\\/\",\"url\":\"https:\\\/\\\/www.romaoggi.eu\\\/wp-content\\\/uploads\\\/2017\\\/04\\\/logowp.jpg\",\"contentUrl\":\"https:\\\/\\\/www.romaoggi.eu\\\/wp-content\\\/uploads\\\/2017\\\/04\\\/logowp.jpg\",\"width\":300,\"height\":133,\"caption\":\"RomaOggi\"},\"image\":{\"@id\":\"https:\\\/\\\/www.romaoggi.eu\\\/#\\\/schema\\\/logo\\\/image\\\/\"},\"sameAs\":[\"https:\\\/\\\/www.facebook.com\\\/RomaOggi-841544845954114\",\"https:\\\/\\\/x.com\\\/romaoggi_eu\"]},{\"@type\":\"Person\",\"@id\":\"https:\\\/\\\/www.romaoggi.eu\\\/#\\\/schema\\\/person\\\/c8ca1fb64b5506391fff5f822a866c23\",\"name\":\"Antonietta Di Vizia\",\"image\":{\"@type\":\"ImageObject\",\"inLanguage\":\"it-IT\",\"@id\":\"https:\\\/\\\/secure.gravatar.com\\\/avatar\\\/2ad571aa3fbfe3089b06ed5617adf58717b9359c0c97cf9b52804fb2dac293f2?s=96&d=mm&r=g\",\"url\":\"https:\\\/\\\/secure.gravatar.com\\\/avatar\\\/2ad571aa3fbfe3089b06ed5617adf58717b9359c0c97cf9b52804fb2dac293f2?s=96&d=mm&r=g\",\"contentUrl\":\"https:\\\/\\\/secure.gravatar.com\\\/avatar\\\/2ad571aa3fbfe3089b06ed5617adf58717b9359c0c97cf9b52804fb2dac293f2?s=96&d=mm&r=g\",\"caption\":\"Antonietta Di Vizia\"},\"url\":\"https:\\\/\\\/www.romaoggi.eu\\\/index.php\\\/author\\\/antonietta\\\/\"}]}<\/script>\n<!-- \/ Yoast SEO plugin. -->","yoast_head_json":{"title":"GRANDE SUCCESSO PER \"LA CONTESSA DI SALASCO\" DI MARIA DELFINA TOMMASINI","description":"Grande successo il 27 febbraio nella redazione di Romaoggi.eu per la presentazione del libro \u201cLa Contessa di Salasco\u201d della talentuosa scrittrice Maria","robots":{"index":"index","follow":"follow","max-snippet":"max-snippet:-1","max-image-preview":"max-image-preview:large","max-video-preview":"max-video-preview:-1"},"canonical":"https:\/\/www.romaoggi.eu\/index.php\/2020\/02\/28\/grande-successo-per-la-contessa-di-salasco-di-maria-delfina-tommasini\/","og_locale":"it_IT","og_type":"article","og_title":"GRANDE SUCCESSO PER \"LA CONTESSA DI SALASCO\" DI MARIA DELFINA TOMMASINI","og_description":"Grande successo il 27 febbraio nella redazione di Romaoggi.eu per la presentazione del libro \u201cLa Contessa di Salasco\u201d della talentuosa scrittrice Maria","og_url":"https:\/\/www.romaoggi.eu\/index.php\/2020\/02\/28\/grande-successo-per-la-contessa-di-salasco-di-maria-delfina-tommasini\/","og_site_name":"roma oggi","article_publisher":"https:\/\/www.facebook.com\/RomaOggi-841544845954114","article_published_time":"2020-02-28T13:13:36+00:00","article_modified_time":"2020-02-28T13:45:34+00:00","og_image":[{"width":2880,"height":2160,"url":"https:\/\/www.romaoggi.eu\/wp-content\/uploads\/2020\/02\/Maria-Delfina-Tommasini-Dott.ssa-Emanuela-Scanu-e-lattrice-Natalia-Simonova.jpg","type":"image\/jpeg"}],"author":"Antonietta Di Vizia","twitter_card":"summary_large_image","twitter_creator":"@romaoggi_eu","twitter_site":"@romaoggi_eu","twitter_misc":{"Scritto da":"Antonietta Di Vizia","Tempo di lettura stimato":"5 minuti"},"schema":{"@context":"https:\/\/schema.org","@graph":[{"@type":"Article","@id":"https:\/\/www.romaoggi.eu\/index.php\/2020\/02\/28\/grande-successo-per-la-contessa-di-salasco-di-maria-delfina-tommasini\/#article","isPartOf":{"@id":"https:\/\/www.romaoggi.eu\/index.php\/2020\/02\/28\/grande-successo-per-la-contessa-di-salasco-di-maria-delfina-tommasini\/"},"author":{"name":"Antonietta Di Vizia","@id":"https:\/\/www.romaoggi.eu\/#\/schema\/person\/c8ca1fb64b5506391fff5f822a866c23"},"headline":"GRANDE SUCCESSO PER &#8220;LA CONTESSA DI SALASCO&#8221; DI MARIA DELFINA TOMMASINI","datePublished":"2020-02-28T13:13:36+00:00","dateModified":"2020-02-28T13:45:34+00:00","mainEntityOfPage":{"@id":"https:\/\/www.romaoggi.eu\/index.php\/2020\/02\/28\/grande-successo-per-la-contessa-di-salasco-di-maria-delfina-tommasini\/"},"wordCount":982,"publisher":{"@id":"https:\/\/www.romaoggi.eu\/#organization"},"image":{"@id":"https:\/\/www.romaoggi.eu\/index.php\/2020\/02\/28\/grande-successo-per-la-contessa-di-salasco-di-maria-delfina-tommasini\/#primaryimage"},"thumbnailUrl":"https:\/\/www.romaoggi.eu\/wp-content\/uploads\/2020\/02\/Maria-Delfina-Tommasini-Dott.ssa-Emanuela-Scanu-e-lattrice-Natalia-Simonova.jpg","keywords":["biografia","elisabetta viaggi","la contessa di salasco","lettura","libro","maria delfina tommasini","naira","Ponte Milvio","roma","romanzo","romaoggi","Rossella Ronconi"],"articleSection":["Eventi"],"inLanguage":"it-IT"},{"@type":"WebPage","@id":"https:\/\/www.romaoggi.eu\/index.php\/2020\/02\/28\/grande-successo-per-la-contessa-di-salasco-di-maria-delfina-tommasini\/","url":"https:\/\/www.romaoggi.eu\/index.php\/2020\/02\/28\/grande-successo-per-la-contessa-di-salasco-di-maria-delfina-tommasini\/","name":"GRANDE SUCCESSO PER \"LA CONTESSA DI SALASCO\" DI MARIA DELFINA TOMMASINI","isPartOf":{"@id":"https:\/\/www.romaoggi.eu\/#website"},"primaryImageOfPage":{"@id":"https:\/\/www.romaoggi.eu\/index.php\/2020\/02\/28\/grande-successo-per-la-contessa-di-salasco-di-maria-delfina-tommasini\/#primaryimage"},"image":{"@id":"https:\/\/www.romaoggi.eu\/index.php\/2020\/02\/28\/grande-successo-per-la-contessa-di-salasco-di-maria-delfina-tommasini\/#primaryimage"},"thumbnailUrl":"https:\/\/www.romaoggi.eu\/wp-content\/uploads\/2020\/02\/Maria-Delfina-Tommasini-Dott.ssa-Emanuela-Scanu-e-lattrice-Natalia-Simonova.jpg","datePublished":"2020-02-28T13:13:36+00:00","dateModified":"2020-02-28T13:45:34+00:00","description":"Grande successo il 27 febbraio nella redazione di Romaoggi.eu per la presentazione del libro \u201cLa Contessa di Salasco\u201d della talentuosa scrittrice Maria","breadcrumb":{"@id":"https:\/\/www.romaoggi.eu\/index.php\/2020\/02\/28\/grande-successo-per-la-contessa-di-salasco-di-maria-delfina-tommasini\/#breadcrumb"},"inLanguage":"it-IT","potentialAction":[{"@type":"ReadAction","target":["https:\/\/www.romaoggi.eu\/index.php\/2020\/02\/28\/grande-successo-per-la-contessa-di-salasco-di-maria-delfina-tommasini\/"]}]},{"@type":"ImageObject","inLanguage":"it-IT","@id":"https:\/\/www.romaoggi.eu\/index.php\/2020\/02\/28\/grande-successo-per-la-contessa-di-salasco-di-maria-delfina-tommasini\/#primaryimage","url":"https:\/\/www.romaoggi.eu\/wp-content\/uploads\/2020\/02\/Maria-Delfina-Tommasini-Dott.ssa-Emanuela-Scanu-e-lattrice-Natalia-Simonova.jpg","contentUrl":"https:\/\/www.romaoggi.eu\/wp-content\/uploads\/2020\/02\/Maria-Delfina-Tommasini-Dott.ssa-Emanuela-Scanu-e-lattrice-Natalia-Simonova.jpg","width":2880,"height":2160,"caption":"Maria Delfina Tommasini, Dott.ssa Emanuela Scanu e l'attrice Natalia Simonova"},{"@type":"BreadcrumbList","@id":"https:\/\/www.romaoggi.eu\/index.php\/2020\/02\/28\/grande-successo-per-la-contessa-di-salasco-di-maria-delfina-tommasini\/#breadcrumb","itemListElement":[{"@type":"ListItem","position":1,"name":"Home","item":"https:\/\/www.romaoggi.eu\/"},{"@type":"ListItem","position":2,"name":"GRANDE SUCCESSO PER &#8220;LA CONTESSA DI SALASCO&#8221; DI MARIA DELFINA TOMMASINI"}]},{"@type":"WebSite","@id":"https:\/\/www.romaoggi.eu\/#website","url":"https:\/\/www.romaoggi.eu\/","name":"roma oggi","description":"Interesting News for Interesting people","publisher":{"@id":"https:\/\/www.romaoggi.eu\/#organization"},"potentialAction":[{"@type":"SearchAction","target":{"@type":"EntryPoint","urlTemplate":"https:\/\/www.romaoggi.eu\/?s={search_term_string}"},"query-input":{"@type":"PropertyValueSpecification","valueRequired":true,"valueName":"search_term_string"}}],"inLanguage":"it-IT"},{"@type":"Organization","@id":"https:\/\/www.romaoggi.eu\/#organization","name":"RomaOggi","url":"https:\/\/www.romaoggi.eu\/","logo":{"@type":"ImageObject","inLanguage":"it-IT","@id":"https:\/\/www.romaoggi.eu\/#\/schema\/logo\/image\/","url":"https:\/\/www.romaoggi.eu\/wp-content\/uploads\/2017\/04\/logowp.jpg","contentUrl":"https:\/\/www.romaoggi.eu\/wp-content\/uploads\/2017\/04\/logowp.jpg","width":300,"height":133,"caption":"RomaOggi"},"image":{"@id":"https:\/\/www.romaoggi.eu\/#\/schema\/logo\/image\/"},"sameAs":["https:\/\/www.facebook.com\/RomaOggi-841544845954114","https:\/\/x.com\/romaoggi_eu"]},{"@type":"Person","@id":"https:\/\/www.romaoggi.eu\/#\/schema\/person\/c8ca1fb64b5506391fff5f822a866c23","name":"Antonietta Di Vizia","image":{"@type":"ImageObject","inLanguage":"it-IT","@id":"https:\/\/secure.gravatar.com\/avatar\/2ad571aa3fbfe3089b06ed5617adf58717b9359c0c97cf9b52804fb2dac293f2?s=96&d=mm&r=g","url":"https:\/\/secure.gravatar.com\/avatar\/2ad571aa3fbfe3089b06ed5617adf58717b9359c0c97cf9b52804fb2dac293f2?s=96&d=mm&r=g","contentUrl":"https:\/\/secure.gravatar.com\/avatar\/2ad571aa3fbfe3089b06ed5617adf58717b9359c0c97cf9b52804fb2dac293f2?s=96&d=mm&r=g","caption":"Antonietta Di Vizia"},"url":"https:\/\/www.romaoggi.eu\/index.php\/author\/antonietta\/"}]}},"_links":{"self":[{"href":"https:\/\/www.romaoggi.eu\/index.php\/wp-json\/wp\/v2\/posts\/24144","targetHints":{"allow":["GET"]}}],"collection":[{"href":"https:\/\/www.romaoggi.eu\/index.php\/wp-json\/wp\/v2\/posts"}],"about":[{"href":"https:\/\/www.romaoggi.eu\/index.php\/wp-json\/wp\/v2\/types\/post"}],"author":[{"embeddable":true,"href":"https:\/\/www.romaoggi.eu\/index.php\/wp-json\/wp\/v2\/users\/3"}],"replies":[{"embeddable":true,"href":"https:\/\/www.romaoggi.eu\/index.php\/wp-json\/wp\/v2\/comments?post=24144"}],"version-history":[{"count":8,"href":"https:\/\/www.romaoggi.eu\/index.php\/wp-json\/wp\/v2\/posts\/24144\/revisions"}],"predecessor-version":[{"id":24158,"href":"https:\/\/www.romaoggi.eu\/index.php\/wp-json\/wp\/v2\/posts\/24144\/revisions\/24158"}],"wp:featuredmedia":[{"embeddable":true,"href":"https:\/\/www.romaoggi.eu\/index.php\/wp-json\/wp\/v2\/media\/24146"}],"wp:attachment":[{"href":"https:\/\/www.romaoggi.eu\/index.php\/wp-json\/wp\/v2\/media?parent=24144"}],"wp:term":[{"taxonomy":"category","embeddable":true,"href":"https:\/\/www.romaoggi.eu\/index.php\/wp-json\/wp\/v2\/categories?post=24144"},{"taxonomy":"post_tag","embeddable":true,"href":"https:\/\/www.romaoggi.eu\/index.php\/wp-json\/wp\/v2\/tags?post=24144"}],"curies":[{"name":"wp","href":"https:\/\/api.w.org\/{rel}","templated":true}]}}