{"id":24225,"date":"2020-03-05T21:42:40","date_gmt":"2020-03-05T20:42:40","guid":{"rendered":"http:\/\/www.romaoggi.eu\/?p=24225"},"modified":"2020-03-05T21:42:40","modified_gmt":"2020-03-05T20:42:40","slug":"vitamina-g-il-bando-che-dara-energia-alle-tue-idee","status":"publish","type":"post","link":"https:\/\/www.romaoggi.eu\/index.php\/2020\/03\/05\/vitamina-g-il-bando-che-dara-energia-alle-tue-idee\/","title":{"rendered":"Vitamina G! Il bando che dar\u00e0 energia alle tue idee"},"content":{"rendered":"<p><main class=\"site-main\"><\/p>\n<div class=\"container content-container\">\n<div class=\"row\">\n<div class=\" col-md-12\">\n<div class=\"vc_row wpb_row vc_row-fluid\">\n<div class=\"wpb_column vc_column_container vc_col-md-12\">\n<div class=\"vc_column-inner\">\n<div class=\"wpb_wrapper\">\n<div class=\"wpb_text_column wpb_content_element \">\n<div class=\"wpb_wrapper\">\n<p><strong>Vitamina G<\/strong>\u00a0\u00e8 il bando delle Politiche Giovanili della Regione Lazio rivolto alle ragazze e ai ragazzi\u00a0<strong>under 35<\/strong>\u00a0che vogliono\u00a0<strong>realizzare progetti di innovazione culturale, sociale e tecnologica<\/strong>\u00a0favorendo lo spirito di iniziativa e lo sviluppo di attivit\u00e0 creative, artistiche, culturali, sportive, di ricerca e di studio, del tempo libero, della vita associativa, di aggregazione e di solidariet\u00e0.<\/p>\n<h4>A chi si rivolge<\/h4>\n<ul>\n<li>Gruppi informali composti da almeno 3 giovani tra i 18 e i 35 anni residenti nel Lazio<\/li>\n<li>Associazioni giovanili ovvero associazioni con un direttivo per la maggioranza under35<\/li>\n<li>Raggruppamenti di associazioni giovanili (ATS giovanili)<\/li>\n<\/ul>\n<p>&nbsp;<\/p>\n<h4>Come funziona<\/h4>\n<p><strong>Vitamina G \u00e8 un avviso pubblico con una dotazione finanziaria di 785.000\u20ac.<\/strong>\u00a0Per presentare il proprio progetto, e quindi richiedere il finanziamento, basta:<\/p>\n<ul>\n<li>Leggere il bando<\/li>\n<li>Compilare e sottoscrivere i moduli e allegare la documentazione richiesta<\/li>\n<li>Inviare il tutto attraverso una delle modalit\u00e0 previste (PEC, Raccomandata A\/R, Consegna a Mano) entro il 4 maggio 2020 alle ore 12.00<\/li>\n<\/ul>\n<p>&nbsp;<\/p>\n<h4>Cosa puoi fare<\/h4>\n<p>Puoi avere un finanziamento fino a 25 mila euro a fondo perduto per trasformare la tua idea in un progetto concreto per dare uno slancio alle tue passioni, sostenere il tuo territorio o aiutare la comunit\u00e0 dove vivi<\/p>\n<p>&nbsp;<\/p>\n<h4>Come verr\u00e0 valutato un progetto?<\/h4>\n<p>Ai progetti ammissibili verr\u00e0 attribuito un punteggio da 0 a 100 punti, sulla base dei seguenti criteri di valutazione.<\/p>\n<ul>\n<li><strong>PROFILO DELL\u2019ASSOCIAZIONE O DEL GRUPPO INFORMALE \u2013 10 PUNTI<br \/>\n<\/strong>\u00c8 la valutazione della corrispondenza del profilo di studi, attitudinale, professionale e delle esperienze dei componenti del gruppo in relazione alle attivit\u00e0 della proposta presentata. In caso di associazioni, verranno valutate la competenze relative alle capacit\u00e0 logistiche ed organizzative del soggetto proponente che dovranno essere comprovate da idonea documentazione attestante i progetti precedentemente attuati.<br \/>\nLa Commissione prender\u00e0 inoltre in esame i curricula dei professionisti, operatori, tecnici, coinvolti nel progetto presentato.<\/li>\n<li><strong>QUALITA\u2019 DELLA PROPOSTA PROGETTUALE \u2013 30 PUNTI<\/strong><br \/>\n\u00c8 la valutazione della qualit\u00e0 complessiva del progetto proposto. La commissione valuter\u00e0 la quantificazione e l\u2019individuazione degli obiettivi e di indicatori per la verifica del raggiungimento degli stessi, la fattibilit\u00e0 e l\u2019organizzazione prevista, l\u2019articolazione della proposta e il suo cronoprogramma, la quantificazione dei soggetti interessati diretti e indiretti, l\u2019attivazione di reti di partenariato o di relazioni con i soggetti, istituzionali e non, della comunit\u00e0 locale di riferimento.<\/li>\n<li><strong>EFFICACIA DEL PROGETTO E IMPATTO SUL TERRITORIO \u2013 20 PUNTI<\/strong><br \/>\n\u00c8 la valutazione del livello di corrispondenza dei bisogni strategici per il territorio e la comunit\u00e0 di riferimento con gli obiettivi del progetto. Idoneit\u00e0 e capacit\u00e0 della proposta di sviluppare le azioni proposte e di conseguire gli obiettivi dichiarati. Verr\u00e0 inoltre esaminata la capacit\u00e0 della proposta di generare effetti positivi sullo sviluppo della comunit\u00e0 locale e\/o regionale.<\/li>\n<li><strong>FOLLOW-UP \u2013 15 PUNTI<\/strong><br \/>\n\u00c8 la valutazione dell\u2019idoneit\u00e0 del progetto ad avere prospettive di continuit\u00e0 porsi come modello di scalabilit\u00e0, trasferibilit\u00e0 e buona pratica. Vale 15 punti su 100.<\/li>\n<li><strong>INNOVATIVITA\u2019 \u2013 15 PUNTI<br \/>\n<\/strong>\u00c8 la valutazione del grado di innovativit\u00e0 e creativit\u00e0 del progetto nel suo complesso e in relazione al contesto, alle modalit\u00e0 impiegate e alle tematiche trattate. \u00a0Vale 15 punti su 100.<\/li>\n<li><strong>PIANO ECONOMICO \u2013 10 PUNTI<\/strong><br \/>\nCongruit\u00e0 dei costi esposti rispetto alle attivit\u00e0 della proposta progettuale. Vale 10 punti su 100.<\/li>\n<\/ul>\n<h4>Cosa succede dopo il finanziamento<\/h4>\n<p>Vitamina G non ti dar\u00e0 solo un contributo economico. Infatti, con l\u2019obiettivo di sostenerti durante il percorso e di rafforzare l\u2019ecosistema regionale di organizzazioni giovanili e rendere i progetti realizzati buone pratiche per farle divenire modello trasferibile per altri gruppi anche in altri contesti territoriali saranno messe in campo iniziative funzionali all\u2019 accompagnamento e di networking per progetti sinergici.<\/p>\n<\/div>\n<\/div>\n<div class=\"vc_btn3-container vc_btn3-center\"><a class=\"vc_general vc_btn3 vc_btn3-size-md vc_btn3-shape-rounded vc_btn3-style-modern vc_btn3-icon-left vc_btn3-color-info\" title=\"\" href=\"http:\/\/www.regione.lazio.it\/rl\/vitaminag\/come-partecipare\/\" target=\"_blank\" rel=\"noopener noreferrer\"><i class=\"vc_btn3-icon fa fa-external-link\"><\/i>PARTECIPA AL BANDO<\/a><\/div>\n<\/div>\n<\/div>\n<\/div>\n<\/div>\n<div class=\"at-below-post-page addthis_tool\" data-url=\"http:\/\/www.regione.lazio.it\/rl\/vitaminag\/cosa-e-vitamina-g\/\"><\/div>\n<\/div>\n<\/div>\n<\/div>\n<p><\/main><\/p>\n<footer class=\"site-footer\">\n<div class=\"copyright-footer\">\n<div class=\"container\">\n<div class=\"row\">\n<div class=\"text-center col-md-12\">\n<div id=\"text-2\" class=\"widget widget_text\">\n<div class=\"textwidget\"><\/div>\n<\/div>\n<\/div>\n<\/div>\n<\/div>\n<\/div>\n<\/footer>\n","protected":false},"excerpt":{"rendered":"<div class=\"mh-excerpt\"><p>Vitamina G\u00a0\u00e8 il bando delle Politiche Giovanili della Regione Lazio rivolto alle ragazze e ai ragazzi\u00a0under 35\u00a0che vogliono\u00a0realizzare progetti di innovazione culturale, sociale e tecnologica\u00a0favorendo lo spirito di iniziativa e lo sviluppo di attivit\u00e0 creative, <a class=\"mh-excerpt-more\" href=\"https:\/\/www.romaoggi.eu\/index.php\/2020\/03\/05\/vitamina-g-il-bando-che-dara-energia-alle-tue-idee\/\" title=\"Vitamina G! Il bando che dar\u00e0 energia alle tue idee\">[&#8230;]<\/a><\/p>\n<\/div>","protected":false},"author":5,"featured_media":24226,"comment_status":"closed","ping_status":"open","sticky":false,"template":"","format":"standard","meta":{"_sitemap_exclude":false,"_sitemap_priority":"","_sitemap_frequency":"","footnotes":""},"categories":[5273],"tags":[13731,1644,1738,13732,13730],"class_list":["post-24225","post","type-post","status-publish","format-standard","has-post-thumbnail","hentry","category-oltre-roma","tag-politiche-giovanili","tag-regione-lazio","tag-romaoggi-eu","tag-under-35","tag-vitamina-g"],"yoast_head":"<!-- This site is optimized with the Yoast SEO plugin v27.5 - https:\/\/yoast.com\/product\/yoast-seo-wordpress\/ -->\n<title>Vitamina G! Il bando che dar\u00e0 energia alle tue idee<\/title>\n<meta name=\"description\" content=\"Vitamina G\u00a0\u00e8 il bando delle Politiche Giovanili della Regione Lazio rivolto alle ragazze e ai ragazzi\u00a0under 35\u00a0che vogliono\u00a0realizzare progetti di\" \/>\n<meta name=\"robots\" content=\"index, follow, max-snippet:-1, max-image-preview:large, max-video-preview:-1\" \/>\n<link rel=\"canonical\" href=\"https:\/\/www.romaoggi.eu\/index.php\/2020\/03\/05\/vitamina-g-il-bando-che-dara-energia-alle-tue-idee\/\" \/>\n<meta property=\"og:locale\" content=\"it_IT\" \/>\n<meta property=\"og:type\" content=\"article\" \/>\n<meta property=\"og:title\" content=\"Vitamina G! Il bando che dar\u00e0 energia alle tue idee\" \/>\n<meta property=\"og:description\" content=\"Vitamina G\u00a0\u00e8 il bando delle Politiche Giovanili della Regione Lazio rivolto alle ragazze e ai ragazzi\u00a0under 35\u00a0che vogliono\u00a0realizzare progetti di\" \/>\n<meta property=\"og:url\" content=\"https:\/\/www.romaoggi.eu\/index.php\/2020\/03\/05\/vitamina-g-il-bando-che-dara-energia-alle-tue-idee\/\" \/>\n<meta property=\"og:site_name\" content=\"roma oggi\" \/>\n<meta property=\"article:publisher\" content=\"https:\/\/www.facebook.com\/RomaOggi-841544845954114\" \/>\n<meta property=\"article:published_time\" content=\"2020-03-05T20:42:40+00:00\" \/>\n<meta property=\"og:image\" content=\"https:\/\/www.romaoggi.eu\/wp-content\/uploads\/2020\/03\/unnamed.png\" \/>\n\t<meta property=\"og:image:width\" content=\"512\" \/>\n\t<meta property=\"og:image:height\" content=\"341\" \/>\n\t<meta property=\"og:image:type\" content=\"image\/png\" \/>\n<meta name=\"author\" content=\"Flavio\" \/>\n<meta name=\"twitter:card\" content=\"summary_large_image\" \/>\n<meta name=\"twitter:creator\" content=\"@romaoggi_eu\" \/>\n<meta name=\"twitter:site\" content=\"@romaoggi_eu\" \/>\n<meta name=\"twitter:label1\" content=\"Scritto da\" \/>\n\t<meta name=\"twitter:data1\" content=\"Flavio\" \/>\n\t<meta name=\"twitter:label2\" content=\"Tempo di lettura stimato\" \/>\n\t<meta name=\"twitter:data2\" content=\"3 minuti\" \/>\n<script type=\"application\/ld+json\" class=\"yoast-schema-graph\">{\"@context\":\"https:\\\/\\\/schema.org\",\"@graph\":[{\"@type\":\"Article\",\"@id\":\"https:\\\/\\\/www.romaoggi.eu\\\/index.php\\\/2020\\\/03\\\/05\\\/vitamina-g-il-bando-che-dara-energia-alle-tue-idee\\\/#article\",\"isPartOf\":{\"@id\":\"https:\\\/\\\/www.romaoggi.eu\\\/index.php\\\/2020\\\/03\\\/05\\\/vitamina-g-il-bando-che-dara-energia-alle-tue-idee\\\/\"},\"author\":{\"name\":\"Flavio\",\"@id\":\"https:\\\/\\\/www.romaoggi.eu\\\/#\\\/schema\\\/person\\\/cc12bfd93370392d7e41d243e47e6681\"},\"headline\":\"Vitamina G! Il bando che dar\u00e0 energia alle tue idee\",\"datePublished\":\"2020-03-05T20:42:40+00:00\",\"mainEntityOfPage\":{\"@id\":\"https:\\\/\\\/www.romaoggi.eu\\\/index.php\\\/2020\\\/03\\\/05\\\/vitamina-g-il-bando-che-dara-energia-alle-tue-idee\\\/\"},\"wordCount\":580,\"publisher\":{\"@id\":\"https:\\\/\\\/www.romaoggi.eu\\\/#organization\"},\"image\":{\"@id\":\"https:\\\/\\\/www.romaoggi.eu\\\/index.php\\\/2020\\\/03\\\/05\\\/vitamina-g-il-bando-che-dara-energia-alle-tue-idee\\\/#primaryimage\"},\"thumbnailUrl\":\"https:\\\/\\\/www.romaoggi.eu\\\/wp-content\\\/uploads\\\/2020\\\/03\\\/unnamed.png\",\"keywords\":[\"Politiche Giovanili\",\"Regione Lazio\",\"RomaOggi.eu\",\"under 35\",\"Vitamina G\"],\"articleSection\":[\"oltre Roma\"],\"inLanguage\":\"it-IT\"},{\"@type\":\"WebPage\",\"@id\":\"https:\\\/\\\/www.romaoggi.eu\\\/index.php\\\/2020\\\/03\\\/05\\\/vitamina-g-il-bando-che-dara-energia-alle-tue-idee\\\/\",\"url\":\"https:\\\/\\\/www.romaoggi.eu\\\/index.php\\\/2020\\\/03\\\/05\\\/vitamina-g-il-bando-che-dara-energia-alle-tue-idee\\\/\",\"name\":\"Vitamina G! Il bando che dar\u00e0 energia alle tue idee\",\"isPartOf\":{\"@id\":\"https:\\\/\\\/www.romaoggi.eu\\\/#website\"},\"primaryImageOfPage\":{\"@id\":\"https:\\\/\\\/www.romaoggi.eu\\\/index.php\\\/2020\\\/03\\\/05\\\/vitamina-g-il-bando-che-dara-energia-alle-tue-idee\\\/#primaryimage\"},\"image\":{\"@id\":\"https:\\\/\\\/www.romaoggi.eu\\\/index.php\\\/2020\\\/03\\\/05\\\/vitamina-g-il-bando-che-dara-energia-alle-tue-idee\\\/#primaryimage\"},\"thumbnailUrl\":\"https:\\\/\\\/www.romaoggi.eu\\\/wp-content\\\/uploads\\\/2020\\\/03\\\/unnamed.png\",\"datePublished\":\"2020-03-05T20:42:40+00:00\",\"description\":\"Vitamina G\u00a0\u00e8 il bando delle Politiche Giovanili della Regione Lazio rivolto alle ragazze e ai ragazzi\u00a0under 35\u00a0che vogliono\u00a0realizzare progetti di\",\"breadcrumb\":{\"@id\":\"https:\\\/\\\/www.romaoggi.eu\\\/index.php\\\/2020\\\/03\\\/05\\\/vitamina-g-il-bando-che-dara-energia-alle-tue-idee\\\/#breadcrumb\"},\"inLanguage\":\"it-IT\",\"potentialAction\":[{\"@type\":\"ReadAction\",\"target\":[\"https:\\\/\\\/www.romaoggi.eu\\\/index.php\\\/2020\\\/03\\\/05\\\/vitamina-g-il-bando-che-dara-energia-alle-tue-idee\\\/\"]}]},{\"@type\":\"ImageObject\",\"inLanguage\":\"it-IT\",\"@id\":\"https:\\\/\\\/www.romaoggi.eu\\\/index.php\\\/2020\\\/03\\\/05\\\/vitamina-g-il-bando-che-dara-energia-alle-tue-idee\\\/#primaryimage\",\"url\":\"https:\\\/\\\/www.romaoggi.eu\\\/wp-content\\\/uploads\\\/2020\\\/03\\\/unnamed.png\",\"contentUrl\":\"https:\\\/\\\/www.romaoggi.eu\\\/wp-content\\\/uploads\\\/2020\\\/03\\\/unnamed.png\",\"width\":512,\"height\":341,\"caption\":\"Alt text vitamine g\"},{\"@type\":\"BreadcrumbList\",\"@id\":\"https:\\\/\\\/www.romaoggi.eu\\\/index.php\\\/2020\\\/03\\\/05\\\/vitamina-g-il-bando-che-dara-energia-alle-tue-idee\\\/#breadcrumb\",\"itemListElement\":[{\"@type\":\"ListItem\",\"position\":1,\"name\":\"Home\",\"item\":\"https:\\\/\\\/www.romaoggi.eu\\\/\"},{\"@type\":\"ListItem\",\"position\":2,\"name\":\"Vitamina G! Il bando che dar\u00e0 energia alle tue idee\"}]},{\"@type\":\"WebSite\",\"@id\":\"https:\\\/\\\/www.romaoggi.eu\\\/#website\",\"url\":\"https:\\\/\\\/www.romaoggi.eu\\\/\",\"name\":\"roma oggi\",\"description\":\"Interesting News for Interesting people\",\"publisher\":{\"@id\":\"https:\\\/\\\/www.romaoggi.eu\\\/#organization\"},\"potentialAction\":[{\"@type\":\"SearchAction\",\"target\":{\"@type\":\"EntryPoint\",\"urlTemplate\":\"https:\\\/\\\/www.romaoggi.eu\\\/?s={search_term_string}\"},\"query-input\":{\"@type\":\"PropertyValueSpecification\",\"valueRequired\":true,\"valueName\":\"search_term_string\"}}],\"inLanguage\":\"it-IT\"},{\"@type\":\"Organization\",\"@id\":\"https:\\\/\\\/www.romaoggi.eu\\\/#organization\",\"name\":\"RomaOggi\",\"url\":\"https:\\\/\\\/www.romaoggi.eu\\\/\",\"logo\":{\"@type\":\"ImageObject\",\"inLanguage\":\"it-IT\",\"@id\":\"https:\\\/\\\/www.romaoggi.eu\\\/#\\\/schema\\\/logo\\\/image\\\/\",\"url\":\"https:\\\/\\\/www.romaoggi.eu\\\/wp-content\\\/uploads\\\/2017\\\/04\\\/logowp.jpg\",\"contentUrl\":\"https:\\\/\\\/www.romaoggi.eu\\\/wp-content\\\/uploads\\\/2017\\\/04\\\/logowp.jpg\",\"width\":300,\"height\":133,\"caption\":\"RomaOggi\"},\"image\":{\"@id\":\"https:\\\/\\\/www.romaoggi.eu\\\/#\\\/schema\\\/logo\\\/image\\\/\"},\"sameAs\":[\"https:\\\/\\\/www.facebook.com\\\/RomaOggi-841544845954114\",\"https:\\\/\\\/x.com\\\/romaoggi_eu\"]},{\"@type\":\"Person\",\"@id\":\"https:\\\/\\\/www.romaoggi.eu\\\/#\\\/schema\\\/person\\\/cc12bfd93370392d7e41d243e47e6681\",\"name\":\"Flavio\",\"image\":{\"@type\":\"ImageObject\",\"inLanguage\":\"it-IT\",\"@id\":\"https:\\\/\\\/secure.gravatar.com\\\/avatar\\\/7e044ce830ea97853e01500437b37dff4a622b20a194e4d0efe9b67e918f19e5?s=96&d=mm&r=g\",\"url\":\"https:\\\/\\\/secure.gravatar.com\\\/avatar\\\/7e044ce830ea97853e01500437b37dff4a622b20a194e4d0efe9b67e918f19e5?s=96&d=mm&r=g\",\"contentUrl\":\"https:\\\/\\\/secure.gravatar.com\\\/avatar\\\/7e044ce830ea97853e01500437b37dff4a622b20a194e4d0efe9b67e918f19e5?s=96&d=mm&r=g\",\"caption\":\"Flavio\"},\"url\":\"https:\\\/\\\/www.romaoggi.eu\\\/index.php\\\/author\\\/cristiano\\\/\"}]}<\/script>\n<!-- \/ Yoast SEO plugin. -->","yoast_head_json":{"title":"Vitamina G! Il bando che dar\u00e0 energia alle tue idee","description":"Vitamina G\u00a0\u00e8 il bando delle Politiche Giovanili della Regione Lazio rivolto alle ragazze e ai ragazzi\u00a0under 35\u00a0che vogliono\u00a0realizzare progetti di","robots":{"index":"index","follow":"follow","max-snippet":"max-snippet:-1","max-image-preview":"max-image-preview:large","max-video-preview":"max-video-preview:-1"},"canonical":"https:\/\/www.romaoggi.eu\/index.php\/2020\/03\/05\/vitamina-g-il-bando-che-dara-energia-alle-tue-idee\/","og_locale":"it_IT","og_type":"article","og_title":"Vitamina G! Il bando che dar\u00e0 energia alle tue idee","og_description":"Vitamina G\u00a0\u00e8 il bando delle Politiche Giovanili della Regione Lazio rivolto alle ragazze e ai ragazzi\u00a0under 35\u00a0che vogliono\u00a0realizzare progetti di","og_url":"https:\/\/www.romaoggi.eu\/index.php\/2020\/03\/05\/vitamina-g-il-bando-che-dara-energia-alle-tue-idee\/","og_site_name":"roma oggi","article_publisher":"https:\/\/www.facebook.com\/RomaOggi-841544845954114","article_published_time":"2020-03-05T20:42:40+00:00","og_image":[{"width":512,"height":341,"url":"https:\/\/www.romaoggi.eu\/wp-content\/uploads\/2020\/03\/unnamed.png","type":"image\/png"}],"author":"Flavio","twitter_card":"summary_large_image","twitter_creator":"@romaoggi_eu","twitter_site":"@romaoggi_eu","twitter_misc":{"Scritto da":"Flavio","Tempo di lettura stimato":"3 minuti"},"schema":{"@context":"https:\/\/schema.org","@graph":[{"@type":"Article","@id":"https:\/\/www.romaoggi.eu\/index.php\/2020\/03\/05\/vitamina-g-il-bando-che-dara-energia-alle-tue-idee\/#article","isPartOf":{"@id":"https:\/\/www.romaoggi.eu\/index.php\/2020\/03\/05\/vitamina-g-il-bando-che-dara-energia-alle-tue-idee\/"},"author":{"name":"Flavio","@id":"https:\/\/www.romaoggi.eu\/#\/schema\/person\/cc12bfd93370392d7e41d243e47e6681"},"headline":"Vitamina G! Il bando che dar\u00e0 energia alle tue idee","datePublished":"2020-03-05T20:42:40+00:00","mainEntityOfPage":{"@id":"https:\/\/www.romaoggi.eu\/index.php\/2020\/03\/05\/vitamina-g-il-bando-che-dara-energia-alle-tue-idee\/"},"wordCount":580,"publisher":{"@id":"https:\/\/www.romaoggi.eu\/#organization"},"image":{"@id":"https:\/\/www.romaoggi.eu\/index.php\/2020\/03\/05\/vitamina-g-il-bando-che-dara-energia-alle-tue-idee\/#primaryimage"},"thumbnailUrl":"https:\/\/www.romaoggi.eu\/wp-content\/uploads\/2020\/03\/unnamed.png","keywords":["Politiche Giovanili","Regione Lazio","RomaOggi.eu","under 35","Vitamina G"],"articleSection":["oltre Roma"],"inLanguage":"it-IT"},{"@type":"WebPage","@id":"https:\/\/www.romaoggi.eu\/index.php\/2020\/03\/05\/vitamina-g-il-bando-che-dara-energia-alle-tue-idee\/","url":"https:\/\/www.romaoggi.eu\/index.php\/2020\/03\/05\/vitamina-g-il-bando-che-dara-energia-alle-tue-idee\/","name":"Vitamina G! Il bando che dar\u00e0 energia alle tue idee","isPartOf":{"@id":"https:\/\/www.romaoggi.eu\/#website"},"primaryImageOfPage":{"@id":"https:\/\/www.romaoggi.eu\/index.php\/2020\/03\/05\/vitamina-g-il-bando-che-dara-energia-alle-tue-idee\/#primaryimage"},"image":{"@id":"https:\/\/www.romaoggi.eu\/index.php\/2020\/03\/05\/vitamina-g-il-bando-che-dara-energia-alle-tue-idee\/#primaryimage"},"thumbnailUrl":"https:\/\/www.romaoggi.eu\/wp-content\/uploads\/2020\/03\/unnamed.png","datePublished":"2020-03-05T20:42:40+00:00","description":"Vitamina G\u00a0\u00e8 il bando delle Politiche Giovanili della Regione Lazio rivolto alle ragazze e ai ragazzi\u00a0under 35\u00a0che vogliono\u00a0realizzare progetti di","breadcrumb":{"@id":"https:\/\/www.romaoggi.eu\/index.php\/2020\/03\/05\/vitamina-g-il-bando-che-dara-energia-alle-tue-idee\/#breadcrumb"},"inLanguage":"it-IT","potentialAction":[{"@type":"ReadAction","target":["https:\/\/www.romaoggi.eu\/index.php\/2020\/03\/05\/vitamina-g-il-bando-che-dara-energia-alle-tue-idee\/"]}]},{"@type":"ImageObject","inLanguage":"it-IT","@id":"https:\/\/www.romaoggi.eu\/index.php\/2020\/03\/05\/vitamina-g-il-bando-che-dara-energia-alle-tue-idee\/#primaryimage","url":"https:\/\/www.romaoggi.eu\/wp-content\/uploads\/2020\/03\/unnamed.png","contentUrl":"https:\/\/www.romaoggi.eu\/wp-content\/uploads\/2020\/03\/unnamed.png","width":512,"height":341,"caption":"Alt text vitamine g"},{"@type":"BreadcrumbList","@id":"https:\/\/www.romaoggi.eu\/index.php\/2020\/03\/05\/vitamina-g-il-bando-che-dara-energia-alle-tue-idee\/#breadcrumb","itemListElement":[{"@type":"ListItem","position":1,"name":"Home","item":"https:\/\/www.romaoggi.eu\/"},{"@type":"ListItem","position":2,"name":"Vitamina G! Il bando che dar\u00e0 energia alle tue idee"}]},{"@type":"WebSite","@id":"https:\/\/www.romaoggi.eu\/#website","url":"https:\/\/www.romaoggi.eu\/","name":"roma oggi","description":"Interesting News for Interesting people","publisher":{"@id":"https:\/\/www.romaoggi.eu\/#organization"},"potentialAction":[{"@type":"SearchAction","target":{"@type":"EntryPoint","urlTemplate":"https:\/\/www.romaoggi.eu\/?s={search_term_string}"},"query-input":{"@type":"PropertyValueSpecification","valueRequired":true,"valueName":"search_term_string"}}],"inLanguage":"it-IT"},{"@type":"Organization","@id":"https:\/\/www.romaoggi.eu\/#organization","name":"RomaOggi","url":"https:\/\/www.romaoggi.eu\/","logo":{"@type":"ImageObject","inLanguage":"it-IT","@id":"https:\/\/www.romaoggi.eu\/#\/schema\/logo\/image\/","url":"https:\/\/www.romaoggi.eu\/wp-content\/uploads\/2017\/04\/logowp.jpg","contentUrl":"https:\/\/www.romaoggi.eu\/wp-content\/uploads\/2017\/04\/logowp.jpg","width":300,"height":133,"caption":"RomaOggi"},"image":{"@id":"https:\/\/www.romaoggi.eu\/#\/schema\/logo\/image\/"},"sameAs":["https:\/\/www.facebook.com\/RomaOggi-841544845954114","https:\/\/x.com\/romaoggi_eu"]},{"@type":"Person","@id":"https:\/\/www.romaoggi.eu\/#\/schema\/person\/cc12bfd93370392d7e41d243e47e6681","name":"Flavio","image":{"@type":"ImageObject","inLanguage":"it-IT","@id":"https:\/\/secure.gravatar.com\/avatar\/7e044ce830ea97853e01500437b37dff4a622b20a194e4d0efe9b67e918f19e5?s=96&d=mm&r=g","url":"https:\/\/secure.gravatar.com\/avatar\/7e044ce830ea97853e01500437b37dff4a622b20a194e4d0efe9b67e918f19e5?s=96&d=mm&r=g","contentUrl":"https:\/\/secure.gravatar.com\/avatar\/7e044ce830ea97853e01500437b37dff4a622b20a194e4d0efe9b67e918f19e5?s=96&d=mm&r=g","caption":"Flavio"},"url":"https:\/\/www.romaoggi.eu\/index.php\/author\/cristiano\/"}]}},"_links":{"self":[{"href":"https:\/\/www.romaoggi.eu\/index.php\/wp-json\/wp\/v2\/posts\/24225","targetHints":{"allow":["GET"]}}],"collection":[{"href":"https:\/\/www.romaoggi.eu\/index.php\/wp-json\/wp\/v2\/posts"}],"about":[{"href":"https:\/\/www.romaoggi.eu\/index.php\/wp-json\/wp\/v2\/types\/post"}],"author":[{"embeddable":true,"href":"https:\/\/www.romaoggi.eu\/index.php\/wp-json\/wp\/v2\/users\/5"}],"replies":[{"embeddable":true,"href":"https:\/\/www.romaoggi.eu\/index.php\/wp-json\/wp\/v2\/comments?post=24225"}],"version-history":[{"count":1,"href":"https:\/\/www.romaoggi.eu\/index.php\/wp-json\/wp\/v2\/posts\/24225\/revisions"}],"predecessor-version":[{"id":24227,"href":"https:\/\/www.romaoggi.eu\/index.php\/wp-json\/wp\/v2\/posts\/24225\/revisions\/24227"}],"wp:featuredmedia":[{"embeddable":true,"href":"https:\/\/www.romaoggi.eu\/index.php\/wp-json\/wp\/v2\/media\/24226"}],"wp:attachment":[{"href":"https:\/\/www.romaoggi.eu\/index.php\/wp-json\/wp\/v2\/media?parent=24225"}],"wp:term":[{"taxonomy":"category","embeddable":true,"href":"https:\/\/www.romaoggi.eu\/index.php\/wp-json\/wp\/v2\/categories?post=24225"},{"taxonomy":"post_tag","embeddable":true,"href":"https:\/\/www.romaoggi.eu\/index.php\/wp-json\/wp\/v2\/tags?post=24225"}],"curies":[{"name":"wp","href":"https:\/\/api.w.org\/{rel}","templated":true}]}}