{"id":24364,"date":"2020-04-02T11:54:25","date_gmt":"2020-04-02T09:54:25","guid":{"rendered":"http:\/\/www.romaoggi.eu\/?p=24364"},"modified":"2020-04-02T11:54:25","modified_gmt":"2020-04-02T09:54:25","slug":"guess-whos-coming-salotto-virtuale-di-barbara-vissani","status":"publish","type":"post","link":"https:\/\/www.romaoggi.eu\/index.php\/2020\/04\/02\/guess-whos-coming-salotto-virtuale-di-barbara-vissani\/","title":{"rendered":"GUESS WHO\u2019S COMING- il salotto virtuale di Barbara Vissani"},"content":{"rendered":"<p><b>GUESS WHO\u2019S COMING: NASCE IL NUOVO SOCIAL FORMAT DI BARBARA VISSANI<\/b><\/p>\n<p><b>TUTTI I GIORNI DALLE ORE 17:30 IN IG LIVE, LA NOTA WEDDING PLANNER E DESIGNER ACCOGLIE NEL SUO SALOTTO VIRTUALE TANTI OSPITI PER PARLARE DI MADE IN ITALY E SENTIRSI PI\u00d9 VICINI<\/b><\/p>\n<p style=\"text-align: justify;\"><span style=\"font-weight: 400;\">Un palinsesto ricco di sorprese per il nuovo social format, ideato e progettato <\/span><b>dalla Wedding Planner <a href=\"https:\/\/www.romaoggi.eu\/index.php\/2019\/07\/29\/grande-successo-per-la-wedding-night-dream-firmata-da-barbara-vissani\/\">Barbara Vissani<\/a><\/b><span style=\"font-weight: 400;\"> che, per prima, ha intuito la necessit\u00e0 di dar voce a professionisti ed aziende in un momento cos\u00ec particolare per tutti. A partire dal 15 Marzo, Barbara ospita imprenditori ed esperti in un vero e proprio salotto virtuale da lei condotto con l\u2019eleganza ed il brio che la contraddistinguono.<\/span><\/p>\n<p style=\"text-align: justify;\"><span style=\"font-weight: 400;\">\u201c<\/span><i><span style=\"font-weight: 400;\">Ho pensato ad un salotto virtuale che potesse farci sentirci pi\u00f9 vicini, per parlare dei nostri progetti, di ci\u00f2 che stiamo mettendo in cantiere per quando riprenderemo la nostra quotidianit\u00e0, un modo per confrontarci e per comunicare che i professionisti sono sempre attivi e disponibili. Un salotto che ci permetter\u00e0 di scambiarci sinergie e di sentirci vicini anche se siamo lontani, confrontandoci e scambiandoci, idee, opinioni e soluzioni, promuovendo e valorizzando il made in Italy<\/span><\/i><span style=\"font-weight: 400;\">\u201d.<\/span><\/p>\n<p style=\"text-align: justify;\"><span style=\"font-weight: 400;\">Innovativa produzione nel suo genere, <\/span><b>Guess Who\u2019s Coming<\/b><span style=\"font-weight: 400;\">, \u00e8 gi\u00e0 un successo. L\u2019amatissima Wedding Planner, infatti, prima nel mondo del wedding ad ideare questo genere di format, ha riscosso un meritato tributo di stima sin dal primo appuntamento ed un eccellente consenso da parte dei suoi followers.<\/span><\/p>\n<p><img loading=\"lazy\" decoding=\"async\" class=\"aligncenter wp-image-24368 size-large\" src=\"https:\/\/www.romaoggi.eu\/wp-content\/uploads\/2020\/04\/Barbara-Vissani-1-1024x681.jpg\" alt=\"alt tag barbara vissani\" width=\"1024\" height=\"681\" srcset=\"https:\/\/www.romaoggi.eu\/wp-content\/uploads\/2020\/04\/Barbara-Vissani-1-1024x681.jpg 1024w, https:\/\/www.romaoggi.eu\/wp-content\/uploads\/2020\/04\/Barbara-Vissani-1-300x200.jpg 300w, https:\/\/www.romaoggi.eu\/wp-content\/uploads\/2020\/04\/Barbara-Vissani-1.jpg 1500w\" sizes=\"auto, (max-width: 1024px) 100vw, 1024px\" \/><\/p>\n<p style=\"text-align: justify;\"><span style=\"font-weight: 400;\">In un momento cos\u00ec particolare e duro, <strong>Barbara Vissan<\/strong>i, punta sul made in Italy e sulla valorizzazione delle eccellenze italiane, portando a conoscenza del popolo dei social tante piccole e grandi realt\u00e0 che regalano unicit\u00e0 al nostro Paese. Brillante conduttrice, Barbara interagisce con i suoi ospiti con eleganza e disinvoltura, facendosi interprete e promotrice di un messaggio di positivit\u00e0 e rinascita che, mai come in questo momento, diventa necessario.\u00a0<\/span><\/p>\n<p style=\"text-align: justify;\"><span style=\"font-weight: 400;\">Parole chiave dunque, promozione del made in Italy attraverso la reinterpretazione dell\u2019unicit\u00e0 e delle tipicit\u00e0 di ogni territorio ma anche innovazione e adattamento alle attuali circostanze per trasformare le difficolt\u00e0 in possibilit\u00e0 ed opportunit\u00e0 attraverso un messaggio di gioia. Una ricetta vincente che \u00e8 stata gi\u00e0 accolta con entusiasmo dalla titolare de <a href=\"https:\/\/www.lavieenblanc.it\/\">La Vie En Blanc<\/a> Atelier, Giorgia Albanese intervenuta insieme alla madre Daniela di Francesco, dalla direttrice di Villa Dino, Carla Palombi e dal titolare di Caschera Spa, solo per citarne alcuni che hanno risposto alla chiamata di <strong>Guess What\u2019s Coming<\/strong> raccontando nel salotto virtuale di Barbara, le loro realt\u00e0 aziendali, i loro progetti e, in definitiva, il loro mondo. Nelle prossime settimane si alterneranno ancora location manager, catering, make up artist e molte altre figure di rilievo nel panorama nazionale del wedding.<\/span><\/p>\n<p><img loading=\"lazy\" decoding=\"async\" class=\"aligncenter wp-image-24369 size-full\" src=\"https:\/\/www.romaoggi.eu\/wp-content\/uploads\/2020\/04\/Locandina.jpg\" alt=\"alt tag barbara vissani\" width=\"960\" height=\"960\" srcset=\"https:\/\/www.romaoggi.eu\/wp-content\/uploads\/2020\/04\/Locandina.jpg 960w, https:\/\/www.romaoggi.eu\/wp-content\/uploads\/2020\/04\/Locandina-150x150.jpg 150w, https:\/\/www.romaoggi.eu\/wp-content\/uploads\/2020\/04\/Locandina-300x300.jpg 300w\" sizes=\"auto, (max-width: 960px) 100vw, 960px\" \/><\/p>\n<p><span style=\"font-weight: 400;\">Tutti i giorni dalle ore 17:30 in IG Live su <strong>Barbara Vissani Design<\/strong><\/span><\/p>\n","protected":false},"excerpt":{"rendered":"<div class=\"mh-excerpt\"><p>GUESS WHO\u2019S COMING: NASCE IL NUOVO SOCIAL FORMAT DI BARBARA VISSANI TUTTI I GIORNI DALLE ORE 17:30 IN IG LIVE, LA NOTA WEDDING PLANNER E DESIGNER ACCOGLIE NEL SUO SALOTTO VIRTUALE TANTI OSPITI PER PARLARE <a class=\"mh-excerpt-more\" href=\"https:\/\/www.romaoggi.eu\/index.php\/2020\/04\/02\/guess-whos-coming-salotto-virtuale-di-barbara-vissani\/\" title=\"GUESS WHO\u2019S COMING- il salotto virtuale di Barbara Vissani\">[&#8230;]<\/a><\/p>\n<\/div>","protected":false},"author":1,"featured_media":24366,"comment_status":"closed","ping_status":"open","sticky":false,"template":"","format":"standard","meta":{"_sitemap_exclude":false,"_sitemap_priority":"","_sitemap_frequency":"","footnotes":""},"categories":[3416],"tags":[4347,12484,9875,13787,1578,12485,740,201,13786,2379,12693],"class_list":["post-24364","post","type-post","status-publish","format-standard","has-post-thumbnail","hentry","category-moda","tag-atelier","tag-barbara-vissani","tag-cerimonia","tag-format","tag-instagram","tag-la-vie-en-blanc-atelier","tag-made-in-italy","tag-moda","tag-social","tag-wedding","tag-wedding-planner"],"yoast_head":"<!-- This site is optimized with the Yoast SEO plugin v27.5 - https:\/\/yoast.com\/product\/yoast-seo-wordpress\/ -->\n<title>GUESS WHO\u2019S COMING- il salotto virtuale di Barbara Vissani<\/title>\n<meta name=\"description\" content=\"GUESS WHO\u2019S COMING: NASCE IL NUOVO SOCIAL FORMAT DI BARBARA VISSANI TUTTI I GIORNI DALLE ORE 17:30 IN IG LIVE, LA NOTA WEDDING PLANNER E DESIGNER ACCOGLIE\" \/>\n<meta name=\"robots\" content=\"index, follow, max-snippet:-1, max-image-preview:large, max-video-preview:-1\" \/>\n<link rel=\"canonical\" href=\"https:\/\/www.romaoggi.eu\/index.php\/2020\/04\/02\/guess-whos-coming-salotto-virtuale-di-barbara-vissani\/\" \/>\n<meta property=\"og:locale\" content=\"it_IT\" \/>\n<meta property=\"og:type\" content=\"article\" \/>\n<meta property=\"og:title\" content=\"GUESS WHO\u2019S COMING- il salotto virtuale di Barbara Vissani\" \/>\n<meta property=\"og:description\" content=\"GUESS WHO\u2019S COMING: NASCE IL NUOVO SOCIAL FORMAT DI BARBARA VISSANI TUTTI I GIORNI DALLE ORE 17:30 IN IG LIVE, LA NOTA WEDDING PLANNER E DESIGNER ACCOGLIE\" \/>\n<meta property=\"og:url\" content=\"https:\/\/www.romaoggi.eu\/index.php\/2020\/04\/02\/guess-whos-coming-salotto-virtuale-di-barbara-vissani\/\" \/>\n<meta property=\"og:site_name\" content=\"roma oggi\" \/>\n<meta property=\"article:publisher\" content=\"https:\/\/www.facebook.com\/RomaOggi-841544845954114\" \/>\n<meta property=\"article:published_time\" content=\"2020-04-02T09:54:25+00:00\" \/>\n<meta property=\"og:image\" content=\"https:\/\/www.romaoggi.eu\/wp-content\/uploads\/2020\/04\/Barbara-Vissani-4.jpg\" \/>\n\t<meta property=\"og:image:width\" content=\"1500\" \/>\n\t<meta property=\"og:image:height\" content=\"998\" \/>\n\t<meta property=\"og:image:type\" content=\"image\/jpeg\" \/>\n<meta name=\"author\" content=\"admin\" \/>\n<meta name=\"twitter:card\" content=\"summary_large_image\" \/>\n<meta name=\"twitter:creator\" content=\"@romaoggi_eu\" \/>\n<meta name=\"twitter:site\" content=\"@romaoggi_eu\" \/>\n<meta name=\"twitter:label1\" content=\"Scritto da\" \/>\n\t<meta name=\"twitter:data1\" content=\"admin\" \/>\n\t<meta name=\"twitter:label2\" content=\"Tempo di lettura stimato\" \/>\n\t<meta name=\"twitter:data2\" content=\"2 minuti\" \/>\n<script type=\"application\/ld+json\" class=\"yoast-schema-graph\">{\"@context\":\"https:\\\/\\\/schema.org\",\"@graph\":[{\"@type\":\"Article\",\"@id\":\"https:\\\/\\\/www.romaoggi.eu\\\/index.php\\\/2020\\\/04\\\/02\\\/guess-whos-coming-salotto-virtuale-di-barbara-vissani\\\/#article\",\"isPartOf\":{\"@id\":\"https:\\\/\\\/www.romaoggi.eu\\\/index.php\\\/2020\\\/04\\\/02\\\/guess-whos-coming-salotto-virtuale-di-barbara-vissani\\\/\"},\"author\":{\"name\":\"admin\",\"@id\":\"https:\\\/\\\/www.romaoggi.eu\\\/#\\\/schema\\\/person\\\/9b23ceb6a2992a25e98c76a5f1fbb887\"},\"headline\":\"GUESS WHO\u2019S COMING- il salotto virtuale di Barbara Vissani\",\"datePublished\":\"2020-04-02T09:54:25+00:00\",\"mainEntityOfPage\":{\"@id\":\"https:\\\/\\\/www.romaoggi.eu\\\/index.php\\\/2020\\\/04\\\/02\\\/guess-whos-coming-salotto-virtuale-di-barbara-vissani\\\/\"},\"wordCount\":459,\"publisher\":{\"@id\":\"https:\\\/\\\/www.romaoggi.eu\\\/#organization\"},\"image\":{\"@id\":\"https:\\\/\\\/www.romaoggi.eu\\\/index.php\\\/2020\\\/04\\\/02\\\/guess-whos-coming-salotto-virtuale-di-barbara-vissani\\\/#primaryimage\"},\"thumbnailUrl\":\"https:\\\/\\\/www.romaoggi.eu\\\/wp-content\\\/uploads\\\/2020\\\/04\\\/Barbara-Vissani-4.jpg\",\"keywords\":[\"atelier\",\"BARBARA VISSANI\",\"cerimonia\",\"format\",\"instagram\",\"la vie en blanc atelier\",\"made in italy\",\"moda\",\"social\",\"Wedding\",\"wedding planner\"],\"articleSection\":[\"Moda\"],\"inLanguage\":\"it-IT\"},{\"@type\":\"WebPage\",\"@id\":\"https:\\\/\\\/www.romaoggi.eu\\\/index.php\\\/2020\\\/04\\\/02\\\/guess-whos-coming-salotto-virtuale-di-barbara-vissani\\\/\",\"url\":\"https:\\\/\\\/www.romaoggi.eu\\\/index.php\\\/2020\\\/04\\\/02\\\/guess-whos-coming-salotto-virtuale-di-barbara-vissani\\\/\",\"name\":\"GUESS WHO\u2019S COMING- il salotto virtuale di Barbara Vissani\",\"isPartOf\":{\"@id\":\"https:\\\/\\\/www.romaoggi.eu\\\/#website\"},\"primaryImageOfPage\":{\"@id\":\"https:\\\/\\\/www.romaoggi.eu\\\/index.php\\\/2020\\\/04\\\/02\\\/guess-whos-coming-salotto-virtuale-di-barbara-vissani\\\/#primaryimage\"},\"image\":{\"@id\":\"https:\\\/\\\/www.romaoggi.eu\\\/index.php\\\/2020\\\/04\\\/02\\\/guess-whos-coming-salotto-virtuale-di-barbara-vissani\\\/#primaryimage\"},\"thumbnailUrl\":\"https:\\\/\\\/www.romaoggi.eu\\\/wp-content\\\/uploads\\\/2020\\\/04\\\/Barbara-Vissani-4.jpg\",\"datePublished\":\"2020-04-02T09:54:25+00:00\",\"description\":\"GUESS WHO\u2019S COMING: NASCE IL NUOVO SOCIAL FORMAT DI BARBARA VISSANI TUTTI I GIORNI DALLE ORE 17:30 IN IG LIVE, LA NOTA WEDDING PLANNER E DESIGNER ACCOGLIE\",\"breadcrumb\":{\"@id\":\"https:\\\/\\\/www.romaoggi.eu\\\/index.php\\\/2020\\\/04\\\/02\\\/guess-whos-coming-salotto-virtuale-di-barbara-vissani\\\/#breadcrumb\"},\"inLanguage\":\"it-IT\",\"potentialAction\":[{\"@type\":\"ReadAction\",\"target\":[\"https:\\\/\\\/www.romaoggi.eu\\\/index.php\\\/2020\\\/04\\\/02\\\/guess-whos-coming-salotto-virtuale-di-barbara-vissani\\\/\"]}]},{\"@type\":\"ImageObject\",\"inLanguage\":\"it-IT\",\"@id\":\"https:\\\/\\\/www.romaoggi.eu\\\/index.php\\\/2020\\\/04\\\/02\\\/guess-whos-coming-salotto-virtuale-di-barbara-vissani\\\/#primaryimage\",\"url\":\"https:\\\/\\\/www.romaoggi.eu\\\/wp-content\\\/uploads\\\/2020\\\/04\\\/Barbara-Vissani-4.jpg\",\"contentUrl\":\"https:\\\/\\\/www.romaoggi.eu\\\/wp-content\\\/uploads\\\/2020\\\/04\\\/Barbara-Vissani-4.jpg\",\"width\":1500,\"height\":998,\"caption\":\"Barbara Vissani\"},{\"@type\":\"BreadcrumbList\",\"@id\":\"https:\\\/\\\/www.romaoggi.eu\\\/index.php\\\/2020\\\/04\\\/02\\\/guess-whos-coming-salotto-virtuale-di-barbara-vissani\\\/#breadcrumb\",\"itemListElement\":[{\"@type\":\"ListItem\",\"position\":1,\"name\":\"Home\",\"item\":\"https:\\\/\\\/www.romaoggi.eu\\\/\"},{\"@type\":\"ListItem\",\"position\":2,\"name\":\"GUESS WHO\u2019S COMING- il salotto virtuale di Barbara Vissani\"}]},{\"@type\":\"WebSite\",\"@id\":\"https:\\\/\\\/www.romaoggi.eu\\\/#website\",\"url\":\"https:\\\/\\\/www.romaoggi.eu\\\/\",\"name\":\"roma oggi\",\"description\":\"Interesting News for Interesting people\",\"publisher\":{\"@id\":\"https:\\\/\\\/www.romaoggi.eu\\\/#organization\"},\"potentialAction\":[{\"@type\":\"SearchAction\",\"target\":{\"@type\":\"EntryPoint\",\"urlTemplate\":\"https:\\\/\\\/www.romaoggi.eu\\\/?s={search_term_string}\"},\"query-input\":{\"@type\":\"PropertyValueSpecification\",\"valueRequired\":true,\"valueName\":\"search_term_string\"}}],\"inLanguage\":\"it-IT\"},{\"@type\":\"Organization\",\"@id\":\"https:\\\/\\\/www.romaoggi.eu\\\/#organization\",\"name\":\"RomaOggi\",\"url\":\"https:\\\/\\\/www.romaoggi.eu\\\/\",\"logo\":{\"@type\":\"ImageObject\",\"inLanguage\":\"it-IT\",\"@id\":\"https:\\\/\\\/www.romaoggi.eu\\\/#\\\/schema\\\/logo\\\/image\\\/\",\"url\":\"https:\\\/\\\/www.romaoggi.eu\\\/wp-content\\\/uploads\\\/2017\\\/04\\\/logowp.jpg\",\"contentUrl\":\"https:\\\/\\\/www.romaoggi.eu\\\/wp-content\\\/uploads\\\/2017\\\/04\\\/logowp.jpg\",\"width\":300,\"height\":133,\"caption\":\"RomaOggi\"},\"image\":{\"@id\":\"https:\\\/\\\/www.romaoggi.eu\\\/#\\\/schema\\\/logo\\\/image\\\/\"},\"sameAs\":[\"https:\\\/\\\/www.facebook.com\\\/RomaOggi-841544845954114\",\"https:\\\/\\\/x.com\\\/romaoggi_eu\"]},{\"@type\":\"Person\",\"@id\":\"https:\\\/\\\/www.romaoggi.eu\\\/#\\\/schema\\\/person\\\/9b23ceb6a2992a25e98c76a5f1fbb887\",\"name\":\"admin\",\"image\":{\"@type\":\"ImageObject\",\"inLanguage\":\"it-IT\",\"@id\":\"https:\\\/\\\/secure.gravatar.com\\\/avatar\\\/51b1e0a1f4159e3b5d89435fce5e1a348d6c59e2ff8c2d428dae75560aace504?s=96&d=mm&r=g\",\"url\":\"https:\\\/\\\/secure.gravatar.com\\\/avatar\\\/51b1e0a1f4159e3b5d89435fce5e1a348d6c59e2ff8c2d428dae75560aace504?s=96&d=mm&r=g\",\"contentUrl\":\"https:\\\/\\\/secure.gravatar.com\\\/avatar\\\/51b1e0a1f4159e3b5d89435fce5e1a348d6c59e2ff8c2d428dae75560aace504?s=96&d=mm&r=g\",\"caption\":\"admin\"},\"url\":\"https:\\\/\\\/www.romaoggi.eu\\\/index.php\\\/author\\\/admin\\\/\"}]}<\/script>\n<!-- \/ Yoast SEO plugin. -->","yoast_head_json":{"title":"GUESS WHO\u2019S COMING- il salotto virtuale di Barbara Vissani","description":"GUESS WHO\u2019S COMING: NASCE IL NUOVO SOCIAL FORMAT DI BARBARA VISSANI TUTTI I GIORNI DALLE ORE 17:30 IN IG LIVE, LA NOTA WEDDING PLANNER E DESIGNER ACCOGLIE","robots":{"index":"index","follow":"follow","max-snippet":"max-snippet:-1","max-image-preview":"max-image-preview:large","max-video-preview":"max-video-preview:-1"},"canonical":"https:\/\/www.romaoggi.eu\/index.php\/2020\/04\/02\/guess-whos-coming-salotto-virtuale-di-barbara-vissani\/","og_locale":"it_IT","og_type":"article","og_title":"GUESS WHO\u2019S COMING- il salotto virtuale di Barbara Vissani","og_description":"GUESS WHO\u2019S COMING: NASCE IL NUOVO SOCIAL FORMAT DI BARBARA VISSANI TUTTI I GIORNI DALLE ORE 17:30 IN IG LIVE, LA NOTA WEDDING PLANNER E DESIGNER ACCOGLIE","og_url":"https:\/\/www.romaoggi.eu\/index.php\/2020\/04\/02\/guess-whos-coming-salotto-virtuale-di-barbara-vissani\/","og_site_name":"roma oggi","article_publisher":"https:\/\/www.facebook.com\/RomaOggi-841544845954114","article_published_time":"2020-04-02T09:54:25+00:00","og_image":[{"width":1500,"height":998,"url":"https:\/\/www.romaoggi.eu\/wp-content\/uploads\/2020\/04\/Barbara-Vissani-4.jpg","type":"image\/jpeg"}],"author":"admin","twitter_card":"summary_large_image","twitter_creator":"@romaoggi_eu","twitter_site":"@romaoggi_eu","twitter_misc":{"Scritto da":"admin","Tempo di lettura stimato":"2 minuti"},"schema":{"@context":"https:\/\/schema.org","@graph":[{"@type":"Article","@id":"https:\/\/www.romaoggi.eu\/index.php\/2020\/04\/02\/guess-whos-coming-salotto-virtuale-di-barbara-vissani\/#article","isPartOf":{"@id":"https:\/\/www.romaoggi.eu\/index.php\/2020\/04\/02\/guess-whos-coming-salotto-virtuale-di-barbara-vissani\/"},"author":{"name":"admin","@id":"https:\/\/www.romaoggi.eu\/#\/schema\/person\/9b23ceb6a2992a25e98c76a5f1fbb887"},"headline":"GUESS WHO\u2019S COMING- il salotto virtuale di Barbara Vissani","datePublished":"2020-04-02T09:54:25+00:00","mainEntityOfPage":{"@id":"https:\/\/www.romaoggi.eu\/index.php\/2020\/04\/02\/guess-whos-coming-salotto-virtuale-di-barbara-vissani\/"},"wordCount":459,"publisher":{"@id":"https:\/\/www.romaoggi.eu\/#organization"},"image":{"@id":"https:\/\/www.romaoggi.eu\/index.php\/2020\/04\/02\/guess-whos-coming-salotto-virtuale-di-barbara-vissani\/#primaryimage"},"thumbnailUrl":"https:\/\/www.romaoggi.eu\/wp-content\/uploads\/2020\/04\/Barbara-Vissani-4.jpg","keywords":["atelier","BARBARA VISSANI","cerimonia","format","instagram","la vie en blanc atelier","made in italy","moda","social","Wedding","wedding planner"],"articleSection":["Moda"],"inLanguage":"it-IT"},{"@type":"WebPage","@id":"https:\/\/www.romaoggi.eu\/index.php\/2020\/04\/02\/guess-whos-coming-salotto-virtuale-di-barbara-vissani\/","url":"https:\/\/www.romaoggi.eu\/index.php\/2020\/04\/02\/guess-whos-coming-salotto-virtuale-di-barbara-vissani\/","name":"GUESS WHO\u2019S COMING- il salotto virtuale di Barbara Vissani","isPartOf":{"@id":"https:\/\/www.romaoggi.eu\/#website"},"primaryImageOfPage":{"@id":"https:\/\/www.romaoggi.eu\/index.php\/2020\/04\/02\/guess-whos-coming-salotto-virtuale-di-barbara-vissani\/#primaryimage"},"image":{"@id":"https:\/\/www.romaoggi.eu\/index.php\/2020\/04\/02\/guess-whos-coming-salotto-virtuale-di-barbara-vissani\/#primaryimage"},"thumbnailUrl":"https:\/\/www.romaoggi.eu\/wp-content\/uploads\/2020\/04\/Barbara-Vissani-4.jpg","datePublished":"2020-04-02T09:54:25+00:00","description":"GUESS WHO\u2019S COMING: NASCE IL NUOVO SOCIAL FORMAT DI BARBARA VISSANI TUTTI I GIORNI DALLE ORE 17:30 IN IG LIVE, LA NOTA WEDDING PLANNER E DESIGNER ACCOGLIE","breadcrumb":{"@id":"https:\/\/www.romaoggi.eu\/index.php\/2020\/04\/02\/guess-whos-coming-salotto-virtuale-di-barbara-vissani\/#breadcrumb"},"inLanguage":"it-IT","potentialAction":[{"@type":"ReadAction","target":["https:\/\/www.romaoggi.eu\/index.php\/2020\/04\/02\/guess-whos-coming-salotto-virtuale-di-barbara-vissani\/"]}]},{"@type":"ImageObject","inLanguage":"it-IT","@id":"https:\/\/www.romaoggi.eu\/index.php\/2020\/04\/02\/guess-whos-coming-salotto-virtuale-di-barbara-vissani\/#primaryimage","url":"https:\/\/www.romaoggi.eu\/wp-content\/uploads\/2020\/04\/Barbara-Vissani-4.jpg","contentUrl":"https:\/\/www.romaoggi.eu\/wp-content\/uploads\/2020\/04\/Barbara-Vissani-4.jpg","width":1500,"height":998,"caption":"Barbara Vissani"},{"@type":"BreadcrumbList","@id":"https:\/\/www.romaoggi.eu\/index.php\/2020\/04\/02\/guess-whos-coming-salotto-virtuale-di-barbara-vissani\/#breadcrumb","itemListElement":[{"@type":"ListItem","position":1,"name":"Home","item":"https:\/\/www.romaoggi.eu\/"},{"@type":"ListItem","position":2,"name":"GUESS WHO\u2019S COMING- il salotto virtuale di Barbara Vissani"}]},{"@type":"WebSite","@id":"https:\/\/www.romaoggi.eu\/#website","url":"https:\/\/www.romaoggi.eu\/","name":"roma oggi","description":"Interesting News for Interesting people","publisher":{"@id":"https:\/\/www.romaoggi.eu\/#organization"},"potentialAction":[{"@type":"SearchAction","target":{"@type":"EntryPoint","urlTemplate":"https:\/\/www.romaoggi.eu\/?s={search_term_string}"},"query-input":{"@type":"PropertyValueSpecification","valueRequired":true,"valueName":"search_term_string"}}],"inLanguage":"it-IT"},{"@type":"Organization","@id":"https:\/\/www.romaoggi.eu\/#organization","name":"RomaOggi","url":"https:\/\/www.romaoggi.eu\/","logo":{"@type":"ImageObject","inLanguage":"it-IT","@id":"https:\/\/www.romaoggi.eu\/#\/schema\/logo\/image\/","url":"https:\/\/www.romaoggi.eu\/wp-content\/uploads\/2017\/04\/logowp.jpg","contentUrl":"https:\/\/www.romaoggi.eu\/wp-content\/uploads\/2017\/04\/logowp.jpg","width":300,"height":133,"caption":"RomaOggi"},"image":{"@id":"https:\/\/www.romaoggi.eu\/#\/schema\/logo\/image\/"},"sameAs":["https:\/\/www.facebook.com\/RomaOggi-841544845954114","https:\/\/x.com\/romaoggi_eu"]},{"@type":"Person","@id":"https:\/\/www.romaoggi.eu\/#\/schema\/person\/9b23ceb6a2992a25e98c76a5f1fbb887","name":"admin","image":{"@type":"ImageObject","inLanguage":"it-IT","@id":"https:\/\/secure.gravatar.com\/avatar\/51b1e0a1f4159e3b5d89435fce5e1a348d6c59e2ff8c2d428dae75560aace504?s=96&d=mm&r=g","url":"https:\/\/secure.gravatar.com\/avatar\/51b1e0a1f4159e3b5d89435fce5e1a348d6c59e2ff8c2d428dae75560aace504?s=96&d=mm&r=g","contentUrl":"https:\/\/secure.gravatar.com\/avatar\/51b1e0a1f4159e3b5d89435fce5e1a348d6c59e2ff8c2d428dae75560aace504?s=96&d=mm&r=g","caption":"admin"},"url":"https:\/\/www.romaoggi.eu\/index.php\/author\/admin\/"}]}},"_links":{"self":[{"href":"https:\/\/www.romaoggi.eu\/index.php\/wp-json\/wp\/v2\/posts\/24364","targetHints":{"allow":["GET"]}}],"collection":[{"href":"https:\/\/www.romaoggi.eu\/index.php\/wp-json\/wp\/v2\/posts"}],"about":[{"href":"https:\/\/www.romaoggi.eu\/index.php\/wp-json\/wp\/v2\/types\/post"}],"author":[{"embeddable":true,"href":"https:\/\/www.romaoggi.eu\/index.php\/wp-json\/wp\/v2\/users\/1"}],"replies":[{"embeddable":true,"href":"https:\/\/www.romaoggi.eu\/index.php\/wp-json\/wp\/v2\/comments?post=24364"}],"version-history":[{"count":5,"href":"https:\/\/www.romaoggi.eu\/index.php\/wp-json\/wp\/v2\/posts\/24364\/revisions"}],"predecessor-version":[{"id":24372,"href":"https:\/\/www.romaoggi.eu\/index.php\/wp-json\/wp\/v2\/posts\/24364\/revisions\/24372"}],"wp:featuredmedia":[{"embeddable":true,"href":"https:\/\/www.romaoggi.eu\/index.php\/wp-json\/wp\/v2\/media\/24366"}],"wp:attachment":[{"href":"https:\/\/www.romaoggi.eu\/index.php\/wp-json\/wp\/v2\/media?parent=24364"}],"wp:term":[{"taxonomy":"category","embeddable":true,"href":"https:\/\/www.romaoggi.eu\/index.php\/wp-json\/wp\/v2\/categories?post=24364"},{"taxonomy":"post_tag","embeddable":true,"href":"https:\/\/www.romaoggi.eu\/index.php\/wp-json\/wp\/v2\/tags?post=24364"}],"curies":[{"name":"wp","href":"https:\/\/api.w.org\/{rel}","templated":true}]}}