{"id":24414,"date":"2020-04-08T11:05:02","date_gmt":"2020-04-08T09:05:02","guid":{"rendered":"http:\/\/www.romaoggi.eu\/?p=24414"},"modified":"2020-04-08T11:05:02","modified_gmt":"2020-04-08T09:05:02","slug":"come-combattere-il-covid-aumentando-le-nostre-difese-immunitarie","status":"publish","type":"post","link":"https:\/\/www.romaoggi.eu\/index.php\/2020\/04\/08\/come-combattere-il-covid-aumentando-le-nostre-difese-immunitarie\/","title":{"rendered":"Come combattere il Covid aumentando le nostre difese immunitarie"},"content":{"rendered":"<blockquote>\n<div dir=\"ltr\">\n<div>\n<div class=\"gmail_quote\">\n<div dir=\"ltr\">\n<div id=\"m_-5340731688818756439m_5397790400788153566divtagdefaultwrapper\" dir=\"ltr\">\n<div>\n<div>\n<div dir=\"ltr\">\n<div dir=\"ltr\">\n<div style=\"text-align: justify;\">Come combattere il <strong>Covid<\/strong> aumentando le nostre difese immunitarie &#8211; ce lo spiega il Prof <strong>Adolfo Panfili<\/strong> &#8211; intervista di <strong>Barbara Castellani<\/strong><\/div>\n<div><img loading=\"lazy\" decoding=\"async\" class=\"aligncenter wp-image-24418 size-large\" src=\"https:\/\/www.romaoggi.eu\/wp-content\/uploads\/2020\/04\/baee57cf-e105-45ab-834d-b5afb4be8730-1024x576.jpg\" alt=\"alt tag adolfo panfili\" width=\"1024\" height=\"576\" srcset=\"https:\/\/www.romaoggi.eu\/wp-content\/uploads\/2020\/04\/baee57cf-e105-45ab-834d-b5afb4be8730.jpg 1024w, https:\/\/www.romaoggi.eu\/wp-content\/uploads\/2020\/04\/baee57cf-e105-45ab-834d-b5afb4be8730-300x169.jpg 300w, https:\/\/www.romaoggi.eu\/wp-content\/uploads\/2020\/04\/baee57cf-e105-45ab-834d-b5afb4be8730-678x381.jpg 678w\" sizes=\"auto, (max-width: 1024px) 100vw, 1024px\" \/><\/div>\n<div style=\"text-align: justify;\">\u00a0 \u00a0 \u00a0 \u00a0 \u00a0 \u00a0 \u00a0 \u00a0 \u00a0 \u00a0 \u00a0 \u00a0 \u00a0 <wbr \/><\/div>\n<div style=\"text-align: justify;\">E\u2019 nostro ospite, in collegamento telefonico, il prof. <strong>Adolfo Panfili<\/strong>, rettore vicario dell\u2019 Universit\u00e0 Popolare degli studi di Milano, ideatore e direttore della I^ Facolt\u00e0 al mondo di Naturopatia e Scienze Ortomolecolari, padre della medicina Ortomolecolare europea, allievo del premio Nobel per la chimica e la pace <strong>Linus Carl Pauling<\/strong> ed autore di molti bestseller.<\/div>\n<div style=\"text-align: justify;\"><strong>Prof. Panfili, in questi giorni sta lavorando ad un nuovo libro? <\/strong><\/div>\n<div style=\"text-align: justify;\">\u201c<em>Il tempo \u00e8 sempre tiranno poich\u00e9 nonostante il virus continuo ad operare e a visitare i casi pi\u00f9 urgenti . Dopo aver iniziato la giornata cercando di sfruttare i benefici dei raggi di sole cerco di scrivere un libro, il cui titolo \u00e8 ancora top secret e verte su come superare questo momento dal punto di vista fisico e sfruttarlo come foriero di molte opportunit\u00e0. Sono un allievo del Premio Nobel per la chimica e la pace , Linus Carl Pauling, e certe sue dottrine sono linfa per il mio credo <\/em>\u201d.<\/div>\n<div><img loading=\"lazy\" decoding=\"async\" class=\"aligncenter wp-image-24419 size-large\" src=\"https:\/\/www.romaoggi.eu\/wp-content\/uploads\/2020\/04\/a206bfea-7f55-4c79-a270-45791b952faf-768x1024.jpg\" alt=\"alt tag adolfo panfili\" width=\"768\" height=\"1024\" srcset=\"https:\/\/www.romaoggi.eu\/wp-content\/uploads\/2020\/04\/a206bfea-7f55-4c79-a270-45791b952faf.jpg 768w, https:\/\/www.romaoggi.eu\/wp-content\/uploads\/2020\/04\/a206bfea-7f55-4c79-a270-45791b952faf-225x300.jpg 225w\" sizes=\"auto, (max-width: 768px) 100vw, 768px\" \/><\/div>\n<div style=\"text-align: justify;\"><strong>Quanto stress e quanta paura del Corona virus: come vincerla?<\/strong> \u201cLo stress \u00e8 generato dall&#8217;attesa di un nemico difficile da comprendere poich\u00e9 senza una direzione ed un fine assegnato. Siamo come la caravella di Colombo che viaggia senza le effemeridi. Siamo come avviene per il desiderio di amore, in attesa di qualcuno che ci amer\u00e0. Insomma questo virus \u00e8 un mistero entrato nelle nostre vite e non sappiamo cosa fare o non fare, bombardati da notizie vere o fake news, per cui la nostra ansia aumenta. La nostra \u00e8 un&#8217;ansia di attesa anticipatoria e noi siamo gazzelle che scappano inseguite da un leone. In fase di allarme aumenta la nostra frequenza cardiaca; non pensiamo a mangiare ma a sopravvivere. Adrenalina, noradrenalina, cortisolo ed aldosterone si impossessano di noi e le persone talmente si stressano che hanno, a causa di quest\u2019ultimo ormone, l\u2019addome gonfio, per cui per il benessere del nostro intestino dobbiamo evitare la frutta e la verdura crude. Noi siamo le gazzelle, il virus il leone e cerchiamo di non stramazzare a terra poich\u00e9 vittime dello stress e non del leone . Dobbiamo recuperare il nostro sistema neurovegetativo e dopo quello parasimpatico. Rischiamo di compromettere le difese immunitarie, alleate preziosissime per contrastare la malattia, e di potenziare con il cortisolo i valori della glicemia. Con lo stress si mangia di pi\u00f9, non diamo libero sfogo alle Olimpiadi gastronomiche riducendo i carboidrati raffinati anche perch\u00e9 la nostra capacit\u00e0 dinamica \u00e8 ridotta . Le categorie pi\u00f9 a rischio in questo momento per il Coronavirus sono: gli anziani, i diabetici, gli obesi, i cardiopatici, insomma gli insulino resistenti e coloro che assumono ibuprofene, un noto antinfiammatorio che altera il meccanismo degli zuccheri\u201c.<\/div>\n<div style=\"text-align: justify;\"><strong>Si pu\u00f2 prevenire questo terribile virus?<\/strong> \u201c<em>Nel 1981 si \u00e8 scoperto che tal virus prolifera in ambiente umido ed acido, e alla temperatura di 56 gradi \u00e8 inattivo. Il freddo e l\u2019umido sono suoi alleati, ragione per cui l\u2019arrivo della bella stagione potr\u00e0 ben farci sperare in una sua sconfitta! La sauna o il calore, anche dell&#8217;asciugacapelli, sono utili perch\u00e9 il virus non dobbiamo farlo annidare nei seni mascellari e frontali. La vitamina C deve essere assunta ogni 8 ore e potete farvi preparare dal vostro farmacista una ricetta che vi allego al fine di potenziare le difese. Purtroppo non esiste una cura , un farmaco o un vaccino, quindi la sola prevenzione \u00e8\u00a0 l&#8217;arma alla quale affidarci. Anche su Amazon potrete comprare il saturimetro che valuta la quantit\u00e0 di ossigeno presente nel sangue. Cominciamo al alzare le antenne se la frequenza cardiaca superer\u00e0 la soglia di 100 battiti. Se avremo sintomi come diarrea, dolori muscolari, mal di gola o della testa, rialzo febbrile oltre i 37 gradi non andate al pronto soccorso, pu\u00f2 essere pericoloso poich\u00e9 potreste contagiare o essere contagiati. Rivolgetevi in questi casi al medico di base, sottoponetevi ad una autoquarantena e solo se dovesse peggiorare il quadro sintomatico chiamate il 118. Anni fa insieme al noto paroliere Mogol fondai in Umbria una scuola per \u00a0<strong>rinforzare le grandi difese<\/strong><strong>\u00a0<\/strong>e quindi largo alla vitamina C, al sole, al glutatione e all\u2019ozono. Per quanto riguarda l&#8217;ozono, ne sono stato un promulgatore poich\u00e9 abbinato ai giusti integratori e ad una adeguata alimentazione, \u00e8 una carta vincente contro il Covid. Tutti i protocolli sono depositati in sanit\u00e0 ma la parola d\u2019ordine \u00e8 <strong>non infiammate il vostro corpo e la vostra anima<\/strong>. Vi suggerisco in questo momento di leggere uno dei miei libri, &#8220;<strong>Dieta per l&#8217;anima<\/strong>&#8221;\u00a0&#8211; edizione <a href=\"https:\/\/www.tecnichenuove.com\/\">Tecniche Nuove<\/a>, scaricabile dal web&#8221;<\/em>.<\/div>\n<div><\/div>\n<div><a href=\"https:\/\/www.romaoggi.eu\/index.php\/2020\/03\/12\/la-bellezza-parte-dal-sorriso-by-barbara-castellani\/\"><strong>Barbara Castellani<\/strong><\/a><\/div>\n<div>\n<figure id=\"attachment_24276\" aria-describedby=\"caption-attachment-24276\" style=\"width: 590px\" class=\"wp-caption aligncenter\"><img loading=\"lazy\" decoding=\"async\" class=\"wp-image-24276 size-full\" src=\"https:\/\/www.romaoggi.eu\/wp-content\/uploads\/2020\/03\/19511266_10206924960361867_3114323649626831860_n.jpg\" alt=\"\" width=\"590\" height=\"590\" srcset=\"https:\/\/www.romaoggi.eu\/wp-content\/uploads\/2020\/03\/19511266_10206924960361867_3114323649626831860_n.jpg 590w, https:\/\/www.romaoggi.eu\/wp-content\/uploads\/2020\/03\/19511266_10206924960361867_3114323649626831860_n-150x150.jpg 150w, https:\/\/www.romaoggi.eu\/wp-content\/uploads\/2020\/03\/19511266_10206924960361867_3114323649626831860_n-300x300.jpg 300w\" sizes=\"auto, (max-width: 590px) 100vw, 590px\" \/><figcaption id=\"caption-attachment-24276\" class=\"wp-caption-text\">Barbara Castellani<\/figcaption><\/figure>\n<\/div>\n<div><\/div>\n<\/div>\n<\/div>\n<\/div>\n<\/div>\n<\/div>\n<\/div>\n<\/div>\n<\/div>\n<\/div>\n<\/blockquote>\n","protected":false},"excerpt":{"rendered":"<div class=\"mh-excerpt\"><p>Come combattere il Covid aumentando le nostre difese immunitarie &#8211; ce lo spiega il Prof Adolfo Panfili &#8211; intervista di Barbara Castellani \u00a0 \u00a0 \u00a0 \u00a0 \u00a0 \u00a0 \u00a0 \u00a0 \u00a0 \u00a0 \u00a0 \u00a0 \u00a0 <a class=\"mh-excerpt-more\" href=\"https:\/\/www.romaoggi.eu\/index.php\/2020\/04\/08\/come-combattere-il-covid-aumentando-le-nostre-difese-immunitarie\/\" title=\"Come combattere il Covid aumentando le nostre difese immunitarie\">[&#8230;]<\/a><\/p>\n<\/div>","protected":false},"author":1,"featured_media":24417,"comment_status":"closed","ping_status":"open","sticky":false,"template":"","format":"standard","meta":{"_sitemap_exclude":false,"_sitemap_priority":"","_sitemap_frequency":"","footnotes":""},"categories":[13733],"tags":[13811,3990,13810,13804,4713,13806,6682,13807,13808,13805,13809,13735,11036],"class_list":["post-24414","post","type-post","status-publish","format-standard","has-post-thumbnail","hentry","category-salute","tag-adolfo-panfili","tag-barbara-castellani","tag-calore","tag-covid","tag-dieta","tag-febbre","tag-ospedale","tag-ozono","tag-pronto-soccorso","tag-quarantena","tag-sole","tag-virus","tag-vitamine"],"yoast_head":"<!-- This site is optimized with the Yoast SEO plugin v27.5 - https:\/\/yoast.com\/product\/yoast-seo-wordpress\/ -->\n<title>Come combattere il Covid aumentando le nostre difese immunitarie<\/title>\n<meta name=\"description\" content=\"Come combattere il Covid aumentando le nostre difese immunitarie - ce lo spiega il Prof Adolfo Panfili - intervista di Barbara Castellani \u00a0 \u00a0 \u00a0 \u00a0 \u00a0 \u00a0 \u00a0 \u00a0\" \/>\n<meta name=\"robots\" content=\"index, follow, max-snippet:-1, max-image-preview:large, max-video-preview:-1\" \/>\n<link rel=\"canonical\" href=\"https:\/\/www.romaoggi.eu\/index.php\/2020\/04\/08\/come-combattere-il-covid-aumentando-le-nostre-difese-immunitarie\/\" \/>\n<meta property=\"og:locale\" content=\"it_IT\" \/>\n<meta property=\"og:type\" content=\"article\" \/>\n<meta property=\"og:title\" content=\"Come combattere il Covid aumentando le nostre difese immunitarie\" \/>\n<meta property=\"og:description\" content=\"Come combattere il Covid aumentando le nostre difese immunitarie - ce lo spiega il Prof Adolfo Panfili - intervista di Barbara Castellani \u00a0 \u00a0 \u00a0 \u00a0 \u00a0 \u00a0 \u00a0 \u00a0\" \/>\n<meta property=\"og:url\" content=\"https:\/\/www.romaoggi.eu\/index.php\/2020\/04\/08\/come-combattere-il-covid-aumentando-le-nostre-difese-immunitarie\/\" \/>\n<meta property=\"og:site_name\" content=\"roma oggi\" \/>\n<meta property=\"article:publisher\" content=\"https:\/\/www.facebook.com\/RomaOggi-841544845954114\" \/>\n<meta property=\"article:published_time\" content=\"2020-04-08T09:05:02+00:00\" \/>\n<meta property=\"og:image\" content=\"https:\/\/www.romaoggi.eu\/wp-content\/uploads\/2020\/04\/copertina.png\" \/>\n\t<meta property=\"og:image:width\" content=\"819\" \/>\n\t<meta property=\"og:image:height\" content=\"449\" \/>\n\t<meta property=\"og:image:type\" content=\"image\/png\" \/>\n<meta name=\"author\" content=\"admin\" \/>\n<meta name=\"twitter:card\" content=\"summary_large_image\" \/>\n<meta name=\"twitter:creator\" content=\"@romaoggi_eu\" \/>\n<meta name=\"twitter:site\" content=\"@romaoggi_eu\" \/>\n<meta name=\"twitter:label1\" content=\"Scritto da\" \/>\n\t<meta name=\"twitter:data1\" content=\"admin\" \/>\n\t<meta name=\"twitter:label2\" content=\"Tempo di lettura stimato\" \/>\n\t<meta name=\"twitter:data2\" content=\"4 minuti\" \/>\n<script type=\"application\/ld+json\" class=\"yoast-schema-graph\">{\"@context\":\"https:\\\/\\\/schema.org\",\"@graph\":[{\"@type\":\"Article\",\"@id\":\"https:\\\/\\\/www.romaoggi.eu\\\/index.php\\\/2020\\\/04\\\/08\\\/come-combattere-il-covid-aumentando-le-nostre-difese-immunitarie\\\/#article\",\"isPartOf\":{\"@id\":\"https:\\\/\\\/www.romaoggi.eu\\\/index.php\\\/2020\\\/04\\\/08\\\/come-combattere-il-covid-aumentando-le-nostre-difese-immunitarie\\\/\"},\"author\":{\"name\":\"admin\",\"@id\":\"https:\\\/\\\/www.romaoggi.eu\\\/#\\\/schema\\\/person\\\/9b23ceb6a2992a25e98c76a5f1fbb887\"},\"headline\":\"Come combattere il Covid aumentando le nostre difese immunitarie\",\"datePublished\":\"2020-04-08T09:05:02+00:00\",\"mainEntityOfPage\":{\"@id\":\"https:\\\/\\\/www.romaoggi.eu\\\/index.php\\\/2020\\\/04\\\/08\\\/come-combattere-il-covid-aumentando-le-nostre-difese-immunitarie\\\/\"},\"wordCount\":771,\"publisher\":{\"@id\":\"https:\\\/\\\/www.romaoggi.eu\\\/#organization\"},\"image\":{\"@id\":\"https:\\\/\\\/www.romaoggi.eu\\\/index.php\\\/2020\\\/04\\\/08\\\/come-combattere-il-covid-aumentando-le-nostre-difese-immunitarie\\\/#primaryimage\"},\"thumbnailUrl\":\"https:\\\/\\\/www.romaoggi.eu\\\/wp-content\\\/uploads\\\/2020\\\/04\\\/copertina.png\",\"keywords\":[\"Adolfo Panfili\",\"Barbara Castellani\",\"calore\",\"covid\",\"dieta\",\"febbre\",\"ospedale\",\"ozono\",\"pronto soccorso\",\"quarantena\",\"sole\",\"virus\",\"vitamine\"],\"articleSection\":[\"salute\"],\"inLanguage\":\"it-IT\"},{\"@type\":\"WebPage\",\"@id\":\"https:\\\/\\\/www.romaoggi.eu\\\/index.php\\\/2020\\\/04\\\/08\\\/come-combattere-il-covid-aumentando-le-nostre-difese-immunitarie\\\/\",\"url\":\"https:\\\/\\\/www.romaoggi.eu\\\/index.php\\\/2020\\\/04\\\/08\\\/come-combattere-il-covid-aumentando-le-nostre-difese-immunitarie\\\/\",\"name\":\"Come combattere il Covid aumentando le nostre difese immunitarie\",\"isPartOf\":{\"@id\":\"https:\\\/\\\/www.romaoggi.eu\\\/#website\"},\"primaryImageOfPage\":{\"@id\":\"https:\\\/\\\/www.romaoggi.eu\\\/index.php\\\/2020\\\/04\\\/08\\\/come-combattere-il-covid-aumentando-le-nostre-difese-immunitarie\\\/#primaryimage\"},\"image\":{\"@id\":\"https:\\\/\\\/www.romaoggi.eu\\\/index.php\\\/2020\\\/04\\\/08\\\/come-combattere-il-covid-aumentando-le-nostre-difese-immunitarie\\\/#primaryimage\"},\"thumbnailUrl\":\"https:\\\/\\\/www.romaoggi.eu\\\/wp-content\\\/uploads\\\/2020\\\/04\\\/copertina.png\",\"datePublished\":\"2020-04-08T09:05:02+00:00\",\"description\":\"Come combattere il Covid aumentando le nostre difese immunitarie - ce lo spiega il Prof Adolfo Panfili - intervista di Barbara Castellani \u00a0 \u00a0 \u00a0 \u00a0 \u00a0 \u00a0 \u00a0 \u00a0\",\"breadcrumb\":{\"@id\":\"https:\\\/\\\/www.romaoggi.eu\\\/index.php\\\/2020\\\/04\\\/08\\\/come-combattere-il-covid-aumentando-le-nostre-difese-immunitarie\\\/#breadcrumb\"},\"inLanguage\":\"it-IT\",\"potentialAction\":[{\"@type\":\"ReadAction\",\"target\":[\"https:\\\/\\\/www.romaoggi.eu\\\/index.php\\\/2020\\\/04\\\/08\\\/come-combattere-il-covid-aumentando-le-nostre-difese-immunitarie\\\/\"]}]},{\"@type\":\"ImageObject\",\"inLanguage\":\"it-IT\",\"@id\":\"https:\\\/\\\/www.romaoggi.eu\\\/index.php\\\/2020\\\/04\\\/08\\\/come-combattere-il-covid-aumentando-le-nostre-difese-immunitarie\\\/#primaryimage\",\"url\":\"https:\\\/\\\/www.romaoggi.eu\\\/wp-content\\\/uploads\\\/2020\\\/04\\\/copertina.png\",\"contentUrl\":\"https:\\\/\\\/www.romaoggi.eu\\\/wp-content\\\/uploads\\\/2020\\\/04\\\/copertina.png\",\"width\":819,\"height\":449,\"caption\":\"Prof. Adolfo Panfili\"},{\"@type\":\"BreadcrumbList\",\"@id\":\"https:\\\/\\\/www.romaoggi.eu\\\/index.php\\\/2020\\\/04\\\/08\\\/come-combattere-il-covid-aumentando-le-nostre-difese-immunitarie\\\/#breadcrumb\",\"itemListElement\":[{\"@type\":\"ListItem\",\"position\":1,\"name\":\"Home\",\"item\":\"https:\\\/\\\/www.romaoggi.eu\\\/\"},{\"@type\":\"ListItem\",\"position\":2,\"name\":\"Come combattere il Covid aumentando le nostre difese immunitarie\"}]},{\"@type\":\"WebSite\",\"@id\":\"https:\\\/\\\/www.romaoggi.eu\\\/#website\",\"url\":\"https:\\\/\\\/www.romaoggi.eu\\\/\",\"name\":\"roma oggi\",\"description\":\"Interesting News for Interesting people\",\"publisher\":{\"@id\":\"https:\\\/\\\/www.romaoggi.eu\\\/#organization\"},\"potentialAction\":[{\"@type\":\"SearchAction\",\"target\":{\"@type\":\"EntryPoint\",\"urlTemplate\":\"https:\\\/\\\/www.romaoggi.eu\\\/?s={search_term_string}\"},\"query-input\":{\"@type\":\"PropertyValueSpecification\",\"valueRequired\":true,\"valueName\":\"search_term_string\"}}],\"inLanguage\":\"it-IT\"},{\"@type\":\"Organization\",\"@id\":\"https:\\\/\\\/www.romaoggi.eu\\\/#organization\",\"name\":\"RomaOggi\",\"url\":\"https:\\\/\\\/www.romaoggi.eu\\\/\",\"logo\":{\"@type\":\"ImageObject\",\"inLanguage\":\"it-IT\",\"@id\":\"https:\\\/\\\/www.romaoggi.eu\\\/#\\\/schema\\\/logo\\\/image\\\/\",\"url\":\"https:\\\/\\\/www.romaoggi.eu\\\/wp-content\\\/uploads\\\/2017\\\/04\\\/logowp.jpg\",\"contentUrl\":\"https:\\\/\\\/www.romaoggi.eu\\\/wp-content\\\/uploads\\\/2017\\\/04\\\/logowp.jpg\",\"width\":300,\"height\":133,\"caption\":\"RomaOggi\"},\"image\":{\"@id\":\"https:\\\/\\\/www.romaoggi.eu\\\/#\\\/schema\\\/logo\\\/image\\\/\"},\"sameAs\":[\"https:\\\/\\\/www.facebook.com\\\/RomaOggi-841544845954114\",\"https:\\\/\\\/x.com\\\/romaoggi_eu\"]},{\"@type\":\"Person\",\"@id\":\"https:\\\/\\\/www.romaoggi.eu\\\/#\\\/schema\\\/person\\\/9b23ceb6a2992a25e98c76a5f1fbb887\",\"name\":\"admin\",\"image\":{\"@type\":\"ImageObject\",\"inLanguage\":\"it-IT\",\"@id\":\"https:\\\/\\\/secure.gravatar.com\\\/avatar\\\/51b1e0a1f4159e3b5d89435fce5e1a348d6c59e2ff8c2d428dae75560aace504?s=96&d=mm&r=g\",\"url\":\"https:\\\/\\\/secure.gravatar.com\\\/avatar\\\/51b1e0a1f4159e3b5d89435fce5e1a348d6c59e2ff8c2d428dae75560aace504?s=96&d=mm&r=g\",\"contentUrl\":\"https:\\\/\\\/secure.gravatar.com\\\/avatar\\\/51b1e0a1f4159e3b5d89435fce5e1a348d6c59e2ff8c2d428dae75560aace504?s=96&d=mm&r=g\",\"caption\":\"admin\"},\"url\":\"https:\\\/\\\/www.romaoggi.eu\\\/index.php\\\/author\\\/admin\\\/\"}]}<\/script>\n<!-- \/ Yoast SEO plugin. -->","yoast_head_json":{"title":"Come combattere il Covid aumentando le nostre difese immunitarie","description":"Come combattere il Covid aumentando le nostre difese immunitarie - ce lo spiega il Prof Adolfo Panfili - intervista di Barbara Castellani \u00a0 \u00a0 \u00a0 \u00a0 \u00a0 \u00a0 \u00a0 \u00a0","robots":{"index":"index","follow":"follow","max-snippet":"max-snippet:-1","max-image-preview":"max-image-preview:large","max-video-preview":"max-video-preview:-1"},"canonical":"https:\/\/www.romaoggi.eu\/index.php\/2020\/04\/08\/come-combattere-il-covid-aumentando-le-nostre-difese-immunitarie\/","og_locale":"it_IT","og_type":"article","og_title":"Come combattere il Covid aumentando le nostre difese immunitarie","og_description":"Come combattere il Covid aumentando le nostre difese immunitarie - ce lo spiega il Prof Adolfo Panfili - intervista di Barbara Castellani \u00a0 \u00a0 \u00a0 \u00a0 \u00a0 \u00a0 \u00a0 \u00a0","og_url":"https:\/\/www.romaoggi.eu\/index.php\/2020\/04\/08\/come-combattere-il-covid-aumentando-le-nostre-difese-immunitarie\/","og_site_name":"roma oggi","article_publisher":"https:\/\/www.facebook.com\/RomaOggi-841544845954114","article_published_time":"2020-04-08T09:05:02+00:00","og_image":[{"width":819,"height":449,"url":"https:\/\/www.romaoggi.eu\/wp-content\/uploads\/2020\/04\/copertina.png","type":"image\/png"}],"author":"admin","twitter_card":"summary_large_image","twitter_creator":"@romaoggi_eu","twitter_site":"@romaoggi_eu","twitter_misc":{"Scritto da":"admin","Tempo di lettura stimato":"4 minuti"},"schema":{"@context":"https:\/\/schema.org","@graph":[{"@type":"Article","@id":"https:\/\/www.romaoggi.eu\/index.php\/2020\/04\/08\/come-combattere-il-covid-aumentando-le-nostre-difese-immunitarie\/#article","isPartOf":{"@id":"https:\/\/www.romaoggi.eu\/index.php\/2020\/04\/08\/come-combattere-il-covid-aumentando-le-nostre-difese-immunitarie\/"},"author":{"name":"admin","@id":"https:\/\/www.romaoggi.eu\/#\/schema\/person\/9b23ceb6a2992a25e98c76a5f1fbb887"},"headline":"Come combattere il Covid aumentando le nostre difese immunitarie","datePublished":"2020-04-08T09:05:02+00:00","mainEntityOfPage":{"@id":"https:\/\/www.romaoggi.eu\/index.php\/2020\/04\/08\/come-combattere-il-covid-aumentando-le-nostre-difese-immunitarie\/"},"wordCount":771,"publisher":{"@id":"https:\/\/www.romaoggi.eu\/#organization"},"image":{"@id":"https:\/\/www.romaoggi.eu\/index.php\/2020\/04\/08\/come-combattere-il-covid-aumentando-le-nostre-difese-immunitarie\/#primaryimage"},"thumbnailUrl":"https:\/\/www.romaoggi.eu\/wp-content\/uploads\/2020\/04\/copertina.png","keywords":["Adolfo Panfili","Barbara Castellani","calore","covid","dieta","febbre","ospedale","ozono","pronto soccorso","quarantena","sole","virus","vitamine"],"articleSection":["salute"],"inLanguage":"it-IT"},{"@type":"WebPage","@id":"https:\/\/www.romaoggi.eu\/index.php\/2020\/04\/08\/come-combattere-il-covid-aumentando-le-nostre-difese-immunitarie\/","url":"https:\/\/www.romaoggi.eu\/index.php\/2020\/04\/08\/come-combattere-il-covid-aumentando-le-nostre-difese-immunitarie\/","name":"Come combattere il Covid aumentando le nostre difese immunitarie","isPartOf":{"@id":"https:\/\/www.romaoggi.eu\/#website"},"primaryImageOfPage":{"@id":"https:\/\/www.romaoggi.eu\/index.php\/2020\/04\/08\/come-combattere-il-covid-aumentando-le-nostre-difese-immunitarie\/#primaryimage"},"image":{"@id":"https:\/\/www.romaoggi.eu\/index.php\/2020\/04\/08\/come-combattere-il-covid-aumentando-le-nostre-difese-immunitarie\/#primaryimage"},"thumbnailUrl":"https:\/\/www.romaoggi.eu\/wp-content\/uploads\/2020\/04\/copertina.png","datePublished":"2020-04-08T09:05:02+00:00","description":"Come combattere il Covid aumentando le nostre difese immunitarie - ce lo spiega il Prof Adolfo Panfili - intervista di Barbara Castellani \u00a0 \u00a0 \u00a0 \u00a0 \u00a0 \u00a0 \u00a0 \u00a0","breadcrumb":{"@id":"https:\/\/www.romaoggi.eu\/index.php\/2020\/04\/08\/come-combattere-il-covid-aumentando-le-nostre-difese-immunitarie\/#breadcrumb"},"inLanguage":"it-IT","potentialAction":[{"@type":"ReadAction","target":["https:\/\/www.romaoggi.eu\/index.php\/2020\/04\/08\/come-combattere-il-covid-aumentando-le-nostre-difese-immunitarie\/"]}]},{"@type":"ImageObject","inLanguage":"it-IT","@id":"https:\/\/www.romaoggi.eu\/index.php\/2020\/04\/08\/come-combattere-il-covid-aumentando-le-nostre-difese-immunitarie\/#primaryimage","url":"https:\/\/www.romaoggi.eu\/wp-content\/uploads\/2020\/04\/copertina.png","contentUrl":"https:\/\/www.romaoggi.eu\/wp-content\/uploads\/2020\/04\/copertina.png","width":819,"height":449,"caption":"Prof. Adolfo Panfili"},{"@type":"BreadcrumbList","@id":"https:\/\/www.romaoggi.eu\/index.php\/2020\/04\/08\/come-combattere-il-covid-aumentando-le-nostre-difese-immunitarie\/#breadcrumb","itemListElement":[{"@type":"ListItem","position":1,"name":"Home","item":"https:\/\/www.romaoggi.eu\/"},{"@type":"ListItem","position":2,"name":"Come combattere il Covid aumentando le nostre difese immunitarie"}]},{"@type":"WebSite","@id":"https:\/\/www.romaoggi.eu\/#website","url":"https:\/\/www.romaoggi.eu\/","name":"roma oggi","description":"Interesting News for Interesting people","publisher":{"@id":"https:\/\/www.romaoggi.eu\/#organization"},"potentialAction":[{"@type":"SearchAction","target":{"@type":"EntryPoint","urlTemplate":"https:\/\/www.romaoggi.eu\/?s={search_term_string}"},"query-input":{"@type":"PropertyValueSpecification","valueRequired":true,"valueName":"search_term_string"}}],"inLanguage":"it-IT"},{"@type":"Organization","@id":"https:\/\/www.romaoggi.eu\/#organization","name":"RomaOggi","url":"https:\/\/www.romaoggi.eu\/","logo":{"@type":"ImageObject","inLanguage":"it-IT","@id":"https:\/\/www.romaoggi.eu\/#\/schema\/logo\/image\/","url":"https:\/\/www.romaoggi.eu\/wp-content\/uploads\/2017\/04\/logowp.jpg","contentUrl":"https:\/\/www.romaoggi.eu\/wp-content\/uploads\/2017\/04\/logowp.jpg","width":300,"height":133,"caption":"RomaOggi"},"image":{"@id":"https:\/\/www.romaoggi.eu\/#\/schema\/logo\/image\/"},"sameAs":["https:\/\/www.facebook.com\/RomaOggi-841544845954114","https:\/\/x.com\/romaoggi_eu"]},{"@type":"Person","@id":"https:\/\/www.romaoggi.eu\/#\/schema\/person\/9b23ceb6a2992a25e98c76a5f1fbb887","name":"admin","image":{"@type":"ImageObject","inLanguage":"it-IT","@id":"https:\/\/secure.gravatar.com\/avatar\/51b1e0a1f4159e3b5d89435fce5e1a348d6c59e2ff8c2d428dae75560aace504?s=96&d=mm&r=g","url":"https:\/\/secure.gravatar.com\/avatar\/51b1e0a1f4159e3b5d89435fce5e1a348d6c59e2ff8c2d428dae75560aace504?s=96&d=mm&r=g","contentUrl":"https:\/\/secure.gravatar.com\/avatar\/51b1e0a1f4159e3b5d89435fce5e1a348d6c59e2ff8c2d428dae75560aace504?s=96&d=mm&r=g","caption":"admin"},"url":"https:\/\/www.romaoggi.eu\/index.php\/author\/admin\/"}]}},"_links":{"self":[{"href":"https:\/\/www.romaoggi.eu\/index.php\/wp-json\/wp\/v2\/posts\/24414","targetHints":{"allow":["GET"]}}],"collection":[{"href":"https:\/\/www.romaoggi.eu\/index.php\/wp-json\/wp\/v2\/posts"}],"about":[{"href":"https:\/\/www.romaoggi.eu\/index.php\/wp-json\/wp\/v2\/types\/post"}],"author":[{"embeddable":true,"href":"https:\/\/www.romaoggi.eu\/index.php\/wp-json\/wp\/v2\/users\/1"}],"replies":[{"embeddable":true,"href":"https:\/\/www.romaoggi.eu\/index.php\/wp-json\/wp\/v2\/comments?post=24414"}],"version-history":[{"count":4,"href":"https:\/\/www.romaoggi.eu\/index.php\/wp-json\/wp\/v2\/posts\/24414\/revisions"}],"predecessor-version":[{"id":24421,"href":"https:\/\/www.romaoggi.eu\/index.php\/wp-json\/wp\/v2\/posts\/24414\/revisions\/24421"}],"wp:featuredmedia":[{"embeddable":true,"href":"https:\/\/www.romaoggi.eu\/index.php\/wp-json\/wp\/v2\/media\/24417"}],"wp:attachment":[{"href":"https:\/\/www.romaoggi.eu\/index.php\/wp-json\/wp\/v2\/media?parent=24414"}],"wp:term":[{"taxonomy":"category","embeddable":true,"href":"https:\/\/www.romaoggi.eu\/index.php\/wp-json\/wp\/v2\/categories?post=24414"},{"taxonomy":"post_tag","embeddable":true,"href":"https:\/\/www.romaoggi.eu\/index.php\/wp-json\/wp\/v2\/tags?post=24414"}],"curies":[{"name":"wp","href":"https:\/\/api.w.org\/{rel}","templated":true}]}}