{"id":24425,"date":"2020-04-09T11:03:13","date_gmt":"2020-04-09T09:03:13","guid":{"rendered":"http:\/\/www.romaoggi.eu\/?p=24425"},"modified":"2020-04-09T11:41:57","modified_gmt":"2020-04-09T09:41:57","slug":"totti-e-de-rossi-i-re-della-roma","status":"publish","type":"post","link":"https:\/\/www.romaoggi.eu\/index.php\/2020\/04\/09\/totti-e-de-rossi-i-re-della-roma\/","title":{"rendered":"Totti e De Rossi, i Re della Roma"},"content":{"rendered":"<p>La storia dell&#8217;AS Roma, una delle due squadre pi\u00f9 rappresentative della Capitale e la pi\u00f9 titolata del centro-sud italiano con tre Scudetti e nove Coppe Italia, \u00e8 fatta di passione, sentimento e vittorie importanti, ma non solo. Perch\u00e9 la squadra giallorossa \u00e8 anche fatta di uomini, di grandi calciatori capaci di difendere come pochi lo scudo cucito sul loro petto raffigurante la storica lupa, il tutto partendo da un sentimento di amore assoluto fin dalla culla. Il settore giovanile della Roma, infatti, ha tirato fuori dal suo cilindro una serie di calciatori di primissimo livello i quali si sono dichiarati fin da subito anche tifosissime della &#8220;Magica&#8221;, come viene chiamata dai loro supporter. Tra di essi negli ultimi trent&#8217;anni ne sono usciti due grandi esempi di fede e amore dentro e fuori dal campo per la maglia giallorossa. Parliamo di Francesco Totti e Daniele De Rossi, due romanisti fino al midollo entrati di diritto nella storia dei pi\u00f9 grandi rappresentanti di questa squadra per quanto hanno dimostrato concretamente. <a href=\"https:\/\/www.gazzetta.it\/20anni\/04-09-2017\/italia-2006-campioni-mondo-la-quarta-volta-lippi-210983774418.shtml\">Campioni del mondo con l&#8217;Italia<\/a> nella grande e mitica spedizione di Germania 2006, sia l&#8217;ex fantasista che l&#8217;ex mediano sono stati protagonisti di tantissime annate sofferte e piene di adrenalina con la loro amata Roma.<\/p>\n<p><img loading=\"lazy\" decoding=\"async\" class=\"aligncenter wp-image-24428 size-large\" src=\"https:\/\/www.romaoggi.eu\/wp-content\/uploads\/2020\/04\/totti-de-rossi-1-1-1280x720-1024x576.jpg\" alt=\"Alt text Totti e De Rossi\" width=\"1024\" height=\"576\" \/><\/p>\n<p>Entrambi hanno indossato la fascia di capitano della squadra giallorossa e, sebbene per moltissime stagioni questa sia stata appannaggio esclusivo di Totti, pi\u00f9 &#8220;anziano&#8221;, entrambi hanno dimostrato grandi caratteristiche di leadership e di attaccamento alla maglia. Dopo il ritiro del Pupone nell&#8217;estate del 2017 e l&#8217;addio di colui che era conosciuto come Capitan Futuro due anni pi\u00f9 tardi, la Roma ha certamente perduto una quantit\u00e0 di essenza primordiale, quella romanit\u00e0 tutta sua incarnata perfettamente nell&#8217;ex numero 10 e nell&#8217;ex numero 16. Insieme, Totti e De Rossi hanno vinto due Coppe\u00a0Italia e una Supercoppa Italiana, mentre il glorioso numero 10 \u00e8 stato\u00a0il grande protagonista della vittoria dello Scudetto nella stagione 2000-01, quando De Rossi ancora giocava nella primavera giallorossa ma gi\u00e0 aveva dato dimostrazione di grande sapienza tattica e abilit\u00e0 tecnica. Ora che la Roma non \u00e8 pi\u00f9 tra le grandi favorite alla vittoria del campionato secondo le principali <a href=\"https:\/\/extra.bet365.it\/news\/it\">scommesse online<\/a>, il loro ricordo affiora spesso nella memoria dei tifosi giallorossi. Il legame che legava alla Roma questi due giocatori,\u00a0per molti definiti i veri Re di Roma durante la loro attivit\u00e0, era totale, vista la loro passione per i colori giallorossi e come li hanno difesi in campo.<\/p>\n<p><img loading=\"lazy\" decoding=\"async\" class=\"aligncenter wp-image-24429 size-large\" src=\"https:\/\/www.romaoggi.eu\/wp-content\/uploads\/2020\/04\/copertina-totti-de-rossi-1024x489.jpg\" alt=\"Alt text Totti e De Rossi\" width=\"1024\" height=\"489\" \/><\/p>\n<p>Va ricordato che lo stesso Totti, per molti uno dei migliori fantasisti del suo tempo, ha rifiutato le offerte di Real Madrid e Milan, decidendo cos\u00ec di restare nella sua squadra del cuore con la quale <a href=\"https:\/\/www.repubblica.it\/2007\/06\/sezioni\/sport\/calcio\/scarpa-oro-totti\/scarpa-oro-totti\/scarpa-oro-totti.html\">ha vinto anche una Scarpa d&#8217;oro<\/a>, trofeo nel quale solamente un altro italiano, Luca Toni, si era portato a casa\u00a0prima di lui. Anche De Rossi\u00a0ha rifiutato offerte da parte di grandi squadre straniere, lasciando Roma solamente a fine contratto per giocare pochi mesi al Boca Juniors, un&#8217;esperienza che aveva sempre sognato di fare.<\/p>\n","protected":false},"excerpt":{"rendered":"<div class=\"mh-excerpt\"><p>La storia dell&#8217;AS Roma, una delle due squadre pi\u00f9 rappresentative della Capitale e la pi\u00f9 titolata del centro-sud italiano con tre Scudetti e nove Coppe Italia, \u00e8 fatta di passione, sentimento e vittorie importanti, ma <a class=\"mh-excerpt-more\" href=\"https:\/\/www.romaoggi.eu\/index.php\/2020\/04\/09\/totti-e-de-rossi-i-re-della-roma\/\" title=\"Totti e De Rossi, i Re della Roma\">[&#8230;]<\/a><\/p>\n<\/div>","protected":false},"author":5,"featured_media":0,"comment_status":"closed","ping_status":"open","sticky":false,"template":"","format":"standard","meta":{"_sitemap_exclude":false,"_sitemap_priority":"","_sitemap_frequency":"","footnotes":""},"categories":[5],"tags":[11624,828,356,13812,1000,877,109,355],"class_list":["post-24425","post","type-post","status-publish","format-standard","hentry","category-sport","tag-11624","tag-as-roma","tag-calcio","tag-daniele-de-rossi","tag-francesco-totti","tag-italia","tag-roma","tag-sport"],"yoast_head":"<!-- This site is optimized with the Yoast SEO plugin v27.5 - https:\/\/yoast.com\/product\/yoast-seo-wordpress\/ -->\n<title>Totti e De Rossi, i Re della Roma<\/title>\n<meta name=\"description\" content=\"La storia dell&#039;AS Roma, una delle due squadre pi\u00f9 rappresentative della Capitale e la pi\u00f9 titolata del centro-sud italiano con tre Scudetti e nove Coppe\" \/>\n<meta name=\"robots\" content=\"index, follow, max-snippet:-1, max-image-preview:large, max-video-preview:-1\" \/>\n<link rel=\"canonical\" href=\"https:\/\/www.romaoggi.eu\/index.php\/2020\/04\/09\/totti-e-de-rossi-i-re-della-roma\/\" \/>\n<meta property=\"og:locale\" content=\"it_IT\" \/>\n<meta property=\"og:type\" content=\"article\" \/>\n<meta property=\"og:title\" content=\"Totti e De Rossi, i Re della Roma\" \/>\n<meta property=\"og:description\" content=\"La storia dell&#039;AS Roma, una delle due squadre pi\u00f9 rappresentative della Capitale e la pi\u00f9 titolata del centro-sud italiano con tre Scudetti e nove Coppe\" \/>\n<meta property=\"og:url\" content=\"https:\/\/www.romaoggi.eu\/index.php\/2020\/04\/09\/totti-e-de-rossi-i-re-della-roma\/\" \/>\n<meta property=\"og:site_name\" content=\"roma oggi\" \/>\n<meta property=\"article:publisher\" content=\"https:\/\/www.facebook.com\/RomaOggi-841544845954114\" \/>\n<meta property=\"article:published_time\" content=\"2020-04-09T09:03:13+00:00\" \/>\n<meta property=\"article:modified_time\" content=\"2020-04-09T09:41:57+00:00\" \/>\n<meta property=\"og:image\" content=\"http:\/\/www.romaoggi.eu\/wp-content\/uploads\/2020\/04\/totti-de-rossi-1-1-1280x720-1024x576.jpg\" \/>\n<meta name=\"author\" content=\"Flavio\" \/>\n<meta name=\"twitter:card\" content=\"summary_large_image\" \/>\n<meta name=\"twitter:creator\" content=\"@romaoggi_eu\" \/>\n<meta name=\"twitter:site\" content=\"@romaoggi_eu\" \/>\n<meta name=\"twitter:label1\" content=\"Scritto da\" \/>\n\t<meta name=\"twitter:data1\" content=\"Flavio\" \/>\n\t<meta name=\"twitter:label2\" content=\"Tempo di lettura stimato\" \/>\n\t<meta name=\"twitter:data2\" content=\"2 minuti\" \/>\n<script type=\"application\/ld+json\" class=\"yoast-schema-graph\">{\"@context\":\"https:\\\/\\\/schema.org\",\"@graph\":[{\"@type\":\"Article\",\"@id\":\"https:\\\/\\\/www.romaoggi.eu\\\/index.php\\\/2020\\\/04\\\/09\\\/totti-e-de-rossi-i-re-della-roma\\\/#article\",\"isPartOf\":{\"@id\":\"https:\\\/\\\/www.romaoggi.eu\\\/index.php\\\/2020\\\/04\\\/09\\\/totti-e-de-rossi-i-re-della-roma\\\/\"},\"author\":{\"name\":\"Flavio\",\"@id\":\"https:\\\/\\\/www.romaoggi.eu\\\/#\\\/schema\\\/person\\\/cc12bfd93370392d7e41d243e47e6681\"},\"headline\":\"Totti e De Rossi, i Re della Roma\",\"datePublished\":\"2020-04-09T09:03:13+00:00\",\"dateModified\":\"2020-04-09T09:41:57+00:00\",\"mainEntityOfPage\":{\"@id\":\"https:\\\/\\\/www.romaoggi.eu\\\/index.php\\\/2020\\\/04\\\/09\\\/totti-e-de-rossi-i-re-della-roma\\\/\"},\"wordCount\":504,\"publisher\":{\"@id\":\"https:\\\/\\\/www.romaoggi.eu\\\/#organization\"},\"image\":{\"@id\":\"https:\\\/\\\/www.romaoggi.eu\\\/index.php\\\/2020\\\/04\\\/09\\\/totti-e-de-rossi-i-re-della-roma\\\/#primaryimage\"},\"thumbnailUrl\":\"http:\\\/\\\/www.romaoggi.eu\\\/wp-content\\\/uploads\\\/2020\\\/04\\\/totti-de-rossi-1-1-1280x720-1024x576.jpg\",\"keywords\":[\"2020\",\"as roma\",\"calcio\",\"Daniele De Rossi\",\"francesco totti\",\"italia\",\"roma\",\"sport\"],\"articleSection\":[\"Sport\"],\"inLanguage\":\"it-IT\"},{\"@type\":\"WebPage\",\"@id\":\"https:\\\/\\\/www.romaoggi.eu\\\/index.php\\\/2020\\\/04\\\/09\\\/totti-e-de-rossi-i-re-della-roma\\\/\",\"url\":\"https:\\\/\\\/www.romaoggi.eu\\\/index.php\\\/2020\\\/04\\\/09\\\/totti-e-de-rossi-i-re-della-roma\\\/\",\"name\":\"Totti e De Rossi, i Re della Roma\",\"isPartOf\":{\"@id\":\"https:\\\/\\\/www.romaoggi.eu\\\/#website\"},\"primaryImageOfPage\":{\"@id\":\"https:\\\/\\\/www.romaoggi.eu\\\/index.php\\\/2020\\\/04\\\/09\\\/totti-e-de-rossi-i-re-della-roma\\\/#primaryimage\"},\"image\":{\"@id\":\"https:\\\/\\\/www.romaoggi.eu\\\/index.php\\\/2020\\\/04\\\/09\\\/totti-e-de-rossi-i-re-della-roma\\\/#primaryimage\"},\"thumbnailUrl\":\"http:\\\/\\\/www.romaoggi.eu\\\/wp-content\\\/uploads\\\/2020\\\/04\\\/totti-de-rossi-1-1-1280x720-1024x576.jpg\",\"datePublished\":\"2020-04-09T09:03:13+00:00\",\"dateModified\":\"2020-04-09T09:41:57+00:00\",\"description\":\"La storia dell'AS Roma, una delle due squadre pi\u00f9 rappresentative della Capitale e la pi\u00f9 titolata del centro-sud italiano con tre Scudetti e nove Coppe\",\"breadcrumb\":{\"@id\":\"https:\\\/\\\/www.romaoggi.eu\\\/index.php\\\/2020\\\/04\\\/09\\\/totti-e-de-rossi-i-re-della-roma\\\/#breadcrumb\"},\"inLanguage\":\"it-IT\",\"potentialAction\":[{\"@type\":\"ReadAction\",\"target\":[\"https:\\\/\\\/www.romaoggi.eu\\\/index.php\\\/2020\\\/04\\\/09\\\/totti-e-de-rossi-i-re-della-roma\\\/\"]}]},{\"@type\":\"ImageObject\",\"inLanguage\":\"it-IT\",\"@id\":\"https:\\\/\\\/www.romaoggi.eu\\\/index.php\\\/2020\\\/04\\\/09\\\/totti-e-de-rossi-i-re-della-roma\\\/#primaryimage\",\"url\":\"http:\\\/\\\/www.romaoggi.eu\\\/wp-content\\\/uploads\\\/2020\\\/04\\\/totti-de-rossi-1-1-1280x720-1024x576.jpg\",\"contentUrl\":\"http:\\\/\\\/www.romaoggi.eu\\\/wp-content\\\/uploads\\\/2020\\\/04\\\/totti-de-rossi-1-1-1280x720-1024x576.jpg\"},{\"@type\":\"BreadcrumbList\",\"@id\":\"https:\\\/\\\/www.romaoggi.eu\\\/index.php\\\/2020\\\/04\\\/09\\\/totti-e-de-rossi-i-re-della-roma\\\/#breadcrumb\",\"itemListElement\":[{\"@type\":\"ListItem\",\"position\":1,\"name\":\"Home\",\"item\":\"https:\\\/\\\/www.romaoggi.eu\\\/\"},{\"@type\":\"ListItem\",\"position\":2,\"name\":\"Totti e De Rossi, i Re della Roma\"}]},{\"@type\":\"WebSite\",\"@id\":\"https:\\\/\\\/www.romaoggi.eu\\\/#website\",\"url\":\"https:\\\/\\\/www.romaoggi.eu\\\/\",\"name\":\"roma oggi\",\"description\":\"Interesting News for Interesting people\",\"publisher\":{\"@id\":\"https:\\\/\\\/www.romaoggi.eu\\\/#organization\"},\"potentialAction\":[{\"@type\":\"SearchAction\",\"target\":{\"@type\":\"EntryPoint\",\"urlTemplate\":\"https:\\\/\\\/www.romaoggi.eu\\\/?s={search_term_string}\"},\"query-input\":{\"@type\":\"PropertyValueSpecification\",\"valueRequired\":true,\"valueName\":\"search_term_string\"}}],\"inLanguage\":\"it-IT\"},{\"@type\":\"Organization\",\"@id\":\"https:\\\/\\\/www.romaoggi.eu\\\/#organization\",\"name\":\"RomaOggi\",\"url\":\"https:\\\/\\\/www.romaoggi.eu\\\/\",\"logo\":{\"@type\":\"ImageObject\",\"inLanguage\":\"it-IT\",\"@id\":\"https:\\\/\\\/www.romaoggi.eu\\\/#\\\/schema\\\/logo\\\/image\\\/\",\"url\":\"https:\\\/\\\/www.romaoggi.eu\\\/wp-content\\\/uploads\\\/2017\\\/04\\\/logowp.jpg\",\"contentUrl\":\"https:\\\/\\\/www.romaoggi.eu\\\/wp-content\\\/uploads\\\/2017\\\/04\\\/logowp.jpg\",\"width\":300,\"height\":133,\"caption\":\"RomaOggi\"},\"image\":{\"@id\":\"https:\\\/\\\/www.romaoggi.eu\\\/#\\\/schema\\\/logo\\\/image\\\/\"},\"sameAs\":[\"https:\\\/\\\/www.facebook.com\\\/RomaOggi-841544845954114\",\"https:\\\/\\\/x.com\\\/romaoggi_eu\"]},{\"@type\":\"Person\",\"@id\":\"https:\\\/\\\/www.romaoggi.eu\\\/#\\\/schema\\\/person\\\/cc12bfd93370392d7e41d243e47e6681\",\"name\":\"Flavio\",\"image\":{\"@type\":\"ImageObject\",\"inLanguage\":\"it-IT\",\"@id\":\"https:\\\/\\\/secure.gravatar.com\\\/avatar\\\/7e044ce830ea97853e01500437b37dff4a622b20a194e4d0efe9b67e918f19e5?s=96&d=mm&r=g\",\"url\":\"https:\\\/\\\/secure.gravatar.com\\\/avatar\\\/7e044ce830ea97853e01500437b37dff4a622b20a194e4d0efe9b67e918f19e5?s=96&d=mm&r=g\",\"contentUrl\":\"https:\\\/\\\/secure.gravatar.com\\\/avatar\\\/7e044ce830ea97853e01500437b37dff4a622b20a194e4d0efe9b67e918f19e5?s=96&d=mm&r=g\",\"caption\":\"Flavio\"},\"url\":\"https:\\\/\\\/www.romaoggi.eu\\\/index.php\\\/author\\\/cristiano\\\/\"}]}<\/script>\n<!-- \/ Yoast SEO plugin. -->","yoast_head_json":{"title":"Totti e De Rossi, i Re della Roma","description":"La storia dell'AS Roma, una delle due squadre pi\u00f9 rappresentative della Capitale e la pi\u00f9 titolata del centro-sud italiano con tre Scudetti e nove Coppe","robots":{"index":"index","follow":"follow","max-snippet":"max-snippet:-1","max-image-preview":"max-image-preview:large","max-video-preview":"max-video-preview:-1"},"canonical":"https:\/\/www.romaoggi.eu\/index.php\/2020\/04\/09\/totti-e-de-rossi-i-re-della-roma\/","og_locale":"it_IT","og_type":"article","og_title":"Totti e De Rossi, i Re della Roma","og_description":"La storia dell'AS Roma, una delle due squadre pi\u00f9 rappresentative della Capitale e la pi\u00f9 titolata del centro-sud italiano con tre Scudetti e nove Coppe","og_url":"https:\/\/www.romaoggi.eu\/index.php\/2020\/04\/09\/totti-e-de-rossi-i-re-della-roma\/","og_site_name":"roma oggi","article_publisher":"https:\/\/www.facebook.com\/RomaOggi-841544845954114","article_published_time":"2020-04-09T09:03:13+00:00","article_modified_time":"2020-04-09T09:41:57+00:00","og_image":[{"url":"http:\/\/www.romaoggi.eu\/wp-content\/uploads\/2020\/04\/totti-de-rossi-1-1-1280x720-1024x576.jpg","type":"","width":"","height":""}],"author":"Flavio","twitter_card":"summary_large_image","twitter_creator":"@romaoggi_eu","twitter_site":"@romaoggi_eu","twitter_misc":{"Scritto da":"Flavio","Tempo di lettura stimato":"2 minuti"},"schema":{"@context":"https:\/\/schema.org","@graph":[{"@type":"Article","@id":"https:\/\/www.romaoggi.eu\/index.php\/2020\/04\/09\/totti-e-de-rossi-i-re-della-roma\/#article","isPartOf":{"@id":"https:\/\/www.romaoggi.eu\/index.php\/2020\/04\/09\/totti-e-de-rossi-i-re-della-roma\/"},"author":{"name":"Flavio","@id":"https:\/\/www.romaoggi.eu\/#\/schema\/person\/cc12bfd93370392d7e41d243e47e6681"},"headline":"Totti e De Rossi, i Re della Roma","datePublished":"2020-04-09T09:03:13+00:00","dateModified":"2020-04-09T09:41:57+00:00","mainEntityOfPage":{"@id":"https:\/\/www.romaoggi.eu\/index.php\/2020\/04\/09\/totti-e-de-rossi-i-re-della-roma\/"},"wordCount":504,"publisher":{"@id":"https:\/\/www.romaoggi.eu\/#organization"},"image":{"@id":"https:\/\/www.romaoggi.eu\/index.php\/2020\/04\/09\/totti-e-de-rossi-i-re-della-roma\/#primaryimage"},"thumbnailUrl":"http:\/\/www.romaoggi.eu\/wp-content\/uploads\/2020\/04\/totti-de-rossi-1-1-1280x720-1024x576.jpg","keywords":["2020","as roma","calcio","Daniele De Rossi","francesco totti","italia","roma","sport"],"articleSection":["Sport"],"inLanguage":"it-IT"},{"@type":"WebPage","@id":"https:\/\/www.romaoggi.eu\/index.php\/2020\/04\/09\/totti-e-de-rossi-i-re-della-roma\/","url":"https:\/\/www.romaoggi.eu\/index.php\/2020\/04\/09\/totti-e-de-rossi-i-re-della-roma\/","name":"Totti e De Rossi, i Re della Roma","isPartOf":{"@id":"https:\/\/www.romaoggi.eu\/#website"},"primaryImageOfPage":{"@id":"https:\/\/www.romaoggi.eu\/index.php\/2020\/04\/09\/totti-e-de-rossi-i-re-della-roma\/#primaryimage"},"image":{"@id":"https:\/\/www.romaoggi.eu\/index.php\/2020\/04\/09\/totti-e-de-rossi-i-re-della-roma\/#primaryimage"},"thumbnailUrl":"http:\/\/www.romaoggi.eu\/wp-content\/uploads\/2020\/04\/totti-de-rossi-1-1-1280x720-1024x576.jpg","datePublished":"2020-04-09T09:03:13+00:00","dateModified":"2020-04-09T09:41:57+00:00","description":"La storia dell'AS Roma, una delle due squadre pi\u00f9 rappresentative della Capitale e la pi\u00f9 titolata del centro-sud italiano con tre Scudetti e nove Coppe","breadcrumb":{"@id":"https:\/\/www.romaoggi.eu\/index.php\/2020\/04\/09\/totti-e-de-rossi-i-re-della-roma\/#breadcrumb"},"inLanguage":"it-IT","potentialAction":[{"@type":"ReadAction","target":["https:\/\/www.romaoggi.eu\/index.php\/2020\/04\/09\/totti-e-de-rossi-i-re-della-roma\/"]}]},{"@type":"ImageObject","inLanguage":"it-IT","@id":"https:\/\/www.romaoggi.eu\/index.php\/2020\/04\/09\/totti-e-de-rossi-i-re-della-roma\/#primaryimage","url":"http:\/\/www.romaoggi.eu\/wp-content\/uploads\/2020\/04\/totti-de-rossi-1-1-1280x720-1024x576.jpg","contentUrl":"http:\/\/www.romaoggi.eu\/wp-content\/uploads\/2020\/04\/totti-de-rossi-1-1-1280x720-1024x576.jpg"},{"@type":"BreadcrumbList","@id":"https:\/\/www.romaoggi.eu\/index.php\/2020\/04\/09\/totti-e-de-rossi-i-re-della-roma\/#breadcrumb","itemListElement":[{"@type":"ListItem","position":1,"name":"Home","item":"https:\/\/www.romaoggi.eu\/"},{"@type":"ListItem","position":2,"name":"Totti e De Rossi, i Re della Roma"}]},{"@type":"WebSite","@id":"https:\/\/www.romaoggi.eu\/#website","url":"https:\/\/www.romaoggi.eu\/","name":"roma oggi","description":"Interesting News for Interesting people","publisher":{"@id":"https:\/\/www.romaoggi.eu\/#organization"},"potentialAction":[{"@type":"SearchAction","target":{"@type":"EntryPoint","urlTemplate":"https:\/\/www.romaoggi.eu\/?s={search_term_string}"},"query-input":{"@type":"PropertyValueSpecification","valueRequired":true,"valueName":"search_term_string"}}],"inLanguage":"it-IT"},{"@type":"Organization","@id":"https:\/\/www.romaoggi.eu\/#organization","name":"RomaOggi","url":"https:\/\/www.romaoggi.eu\/","logo":{"@type":"ImageObject","inLanguage":"it-IT","@id":"https:\/\/www.romaoggi.eu\/#\/schema\/logo\/image\/","url":"https:\/\/www.romaoggi.eu\/wp-content\/uploads\/2017\/04\/logowp.jpg","contentUrl":"https:\/\/www.romaoggi.eu\/wp-content\/uploads\/2017\/04\/logowp.jpg","width":300,"height":133,"caption":"RomaOggi"},"image":{"@id":"https:\/\/www.romaoggi.eu\/#\/schema\/logo\/image\/"},"sameAs":["https:\/\/www.facebook.com\/RomaOggi-841544845954114","https:\/\/x.com\/romaoggi_eu"]},{"@type":"Person","@id":"https:\/\/www.romaoggi.eu\/#\/schema\/person\/cc12bfd93370392d7e41d243e47e6681","name":"Flavio","image":{"@type":"ImageObject","inLanguage":"it-IT","@id":"https:\/\/secure.gravatar.com\/avatar\/7e044ce830ea97853e01500437b37dff4a622b20a194e4d0efe9b67e918f19e5?s=96&d=mm&r=g","url":"https:\/\/secure.gravatar.com\/avatar\/7e044ce830ea97853e01500437b37dff4a622b20a194e4d0efe9b67e918f19e5?s=96&d=mm&r=g","contentUrl":"https:\/\/secure.gravatar.com\/avatar\/7e044ce830ea97853e01500437b37dff4a622b20a194e4d0efe9b67e918f19e5?s=96&d=mm&r=g","caption":"Flavio"},"url":"https:\/\/www.romaoggi.eu\/index.php\/author\/cristiano\/"}]}},"_links":{"self":[{"href":"https:\/\/www.romaoggi.eu\/index.php\/wp-json\/wp\/v2\/posts\/24425","targetHints":{"allow":["GET"]}}],"collection":[{"href":"https:\/\/www.romaoggi.eu\/index.php\/wp-json\/wp\/v2\/posts"}],"about":[{"href":"https:\/\/www.romaoggi.eu\/index.php\/wp-json\/wp\/v2\/types\/post"}],"author":[{"embeddable":true,"href":"https:\/\/www.romaoggi.eu\/index.php\/wp-json\/wp\/v2\/users\/5"}],"replies":[{"embeddable":true,"href":"https:\/\/www.romaoggi.eu\/index.php\/wp-json\/wp\/v2\/comments?post=24425"}],"version-history":[{"count":3,"href":"https:\/\/www.romaoggi.eu\/index.php\/wp-json\/wp\/v2\/posts\/24425\/revisions"}],"predecessor-version":[{"id":24432,"href":"https:\/\/www.romaoggi.eu\/index.php\/wp-json\/wp\/v2\/posts\/24425\/revisions\/24432"}],"wp:attachment":[{"href":"https:\/\/www.romaoggi.eu\/index.php\/wp-json\/wp\/v2\/media?parent=24425"}],"wp:term":[{"taxonomy":"category","embeddable":true,"href":"https:\/\/www.romaoggi.eu\/index.php\/wp-json\/wp\/v2\/categories?post=24425"},{"taxonomy":"post_tag","embeddable":true,"href":"https:\/\/www.romaoggi.eu\/index.php\/wp-json\/wp\/v2\/tags?post=24425"}],"curies":[{"name":"wp","href":"https:\/\/api.w.org\/{rel}","templated":true}]}}