{"id":24529,"date":"2020-04-17T11:28:57","date_gmt":"2020-04-17T09:28:57","guid":{"rendered":"http:\/\/www.romaoggi.eu\/?p=24529"},"modified":"2020-04-17T11:28:57","modified_gmt":"2020-04-17T09:28:57","slug":"vino-rosso-un-alleato-dello-star-bene-ai-tempi-del-covid19","status":"publish","type":"post","link":"https:\/\/www.romaoggi.eu\/index.php\/2020\/04\/17\/vino-rosso-un-alleato-dello-star-bene-ai-tempi-del-covid19\/","title":{"rendered":"Vino Rosso un alleato dello star bene ai tempi del Covid19"},"content":{"rendered":"<div>\n<div class=\"nH\">\n<div class=\"nH\">\n<div class=\"nH bkL\">\n<div class=\"no\">\n<div class=\"nH bkK nn\">\n<div class=\"nH\">\n<div class=\"nH\">\n<div class=\"nH ar4 z\">\n<div class=\"aeI\">\n<div class=\"AO\">\n<div id=\":3\" class=\"Tm aeJ\">\n<div id=\":1\" class=\"aeF\">\n<div class=\"nH\">\n<div class=\"nH\" role=\"main\">\n<div class=\"nH g\">\n<table class=\"Bs nH iY bAt\" role=\"presentation\" cellpadding=\"0\">\n<tbody>\n<tr>\n<td class=\"Bu bAn\">\n<div class=\"nH if\">\n<div class=\"nH aHU\">\n<div class=\"nH hx\">\n<div class=\"nH\" role=\"list\">\n<div class=\"h7 ie nH oy8Mbf\" tabindex=\"-1\" role=\"listitem\">\n<div class=\"Bk\">\n<div class=\"G3 G2\">\n<div id=\":o2\">\n<div class=\"adn ads\" data-message-id=\"#msg-f:1664206110091880432\" data-legacy-message-id=\"171872a3c90fa7f0\">\n<div class=\"gs\">\n<div class=\"\">\n<div id=\":nz\" class=\"ii gt\">\n<div id=\":o0\" class=\"a3s aXjCH \">\n<div dir=\"auto\">\n<blockquote>\n<div dir=\"ltr\" style=\"text-align: justify;\">Il vino rosso alleato dello \u201cStar bene\u201d ai tempi del Covid 19<br \/>\nE\u2019 nostra ospite in collegamento telefonico, <strong>Lara Barzan<\/strong> produttrice di vini che vive tra il Veneto ed il Friuli.<\/div>\n<div dir=\"ltr\" style=\"text-align: justify;\">Lara Barzan ha condotto degli studi sulle propriet\u00e0 benefiche che un bicchiere di vino, ovviamente di qualit\u00e0 , possa apportare sul \u00a0nostro organismo. L\u2019abbiamo raggiunta telefonicamente per chiederle:<\/div>\n<div dir=\"ltr\" style=\"text-align: justify;\"><strong>Quanto conta la qualit\u00e0 del vino ed \u00e8 meglio \u00a0scegliere il \u00a0rosso o il bianco?<\/strong><\/div>\n<div dir=\"ltr\">\n<p style=\"text-align: justify;\"><em>\u201cBisogna sempre saper scegliere la qualit\u00e0 nel bere e nel mangiare \u00a0per vivere pi\u00f9 a lungo. Vi consiglio in questo periodo di bere il vino rosso per i motivi che a breve vi elencher\u00f2. Sono in quarantena da Covid dal 22 febbraio ma non mi sono persa d\u2019animo e nella mia casa oltre ad occuparmi dei miei figli e di due ragazzi \u00a0\u201cadottati \u201c \u00a0sto conducendo degli studi relativi al mio settore. Il bere il buon vino rosso \u00e8 importante anche per il buon umore poich\u00e9 aumentano le endorfine e possiamo pi\u00f9 facilmente rilassarci. Inoltre degli \u00a0studi condotti da uno \u00a0scienziato, <strong>Erik de Clerq<\/strong>, e pubblicati sulla rivista scientifica Nature dimostrano come il resveratrolo combatta il Covid 19. Da molti anni sono una sostenitrice che il vino rosso prevenga demenze senili, abbassi il colesterolo e protegga i vasi sanguigni poich\u00e9 bevuto nelle giuste quantit\u00e0<\/em> &#8220;.<\/p>\n<p><img loading=\"lazy\" decoding=\"async\" class=\"aligncenter wp-image-24534 size-large\" src=\"https:\/\/www.romaoggi.eu\/wp-content\/uploads\/2020\/04\/IMG_3435-779x1024.png\" alt=\"alt tag vino rosso\" width=\"779\" height=\"1024\" srcset=\"https:\/\/www.romaoggi.eu\/wp-content\/uploads\/2020\/04\/IMG_3435-779x1024.png 779w, https:\/\/www.romaoggi.eu\/wp-content\/uploads\/2020\/04\/IMG_3435-228x300.png 228w, https:\/\/www.romaoggi.eu\/wp-content\/uploads\/2020\/04\/IMG_3435.png 819w\" sizes=\"auto, (max-width: 779px) 100vw, 779px\" \/><\/p>\n<p style=\"text-align: justify;\"><strong>Lei \u00e8 una promotrice del vino sulla tavola ma anche da utilizzare come cura di bellezza?<\/strong><\/p>\n<p style=\"text-align: justify;\">\u201c<em>E\u2019 iniziata una doppia collaborazione tra una ricercatrice e cosmetologa, <strong>Rossella Rizzi,<\/strong> ed un agronomo,<strong> Mauro De Angelis<\/strong>, per creare prodotti a base di Polifenoli. Quindi creme e Makeup per ringiovanire e soprattutto naturali. Stiamo sperimentando i tamponi del DNA su malati oncologici per creare creme specifiche per l\u2019individuo evitando reazioni allergiche&#8221;.<\/em><\/p>\n<p style=\"text-align: justify;\"><strong>Progetti?<\/strong> \u201d<em>Sempre legato al vino dopo l\u2019estrazione dei polifenoli si pu\u00f2 produrre una pelle vegetale. L\u2019ex designer di Versace, <a href=\"https:\/\/www.romaoggi.eu\/index.php\/2020\/02\/15\/australian-soul-la-personale-di-miglena-savova-auclair-al-luxart-gallery\/\"><strong>Ilian Rachov,<\/strong><\/a> sta preparando dei disegni da realizzare sui cuscini di arredo. Insomma in questi giorni anche dalla mia grande casa sto lavorando e soprattutto mi stringo agli italiani per combattere il Covid 19 sorseggiando un buon vino rosso per sorridere alla vita<\/em> \u201c<\/p>\n<div class=\"yj6qo\" style=\"text-align: justify;\"><\/div>\n<div class=\"adL\">intervista di <a href=\"https:\/\/www.romaoggi.eu\/index.php\/2020\/04\/12\/la-bellezza-in-tempi-di-pandemia-by-barbara-castellani\/\">Barbara Castellani<\/a><\/div>\n<div><img loading=\"lazy\" decoding=\"async\" class=\"aligncenter wp-image-24535 size-full\" src=\"https:\/\/www.romaoggi.eu\/wp-content\/uploads\/2020\/04\/18882172_10206786275934843_3477513555338987157_n.jpg\" alt=\"\" width=\"640\" height=\"960\" srcset=\"https:\/\/www.romaoggi.eu\/wp-content\/uploads\/2020\/04\/18882172_10206786275934843_3477513555338987157_n.jpg 640w, https:\/\/www.romaoggi.eu\/wp-content\/uploads\/2020\/04\/18882172_10206786275934843_3477513555338987157_n-200x300.jpg 200w\" sizes=\"auto, (max-width: 640px) 100vw, 640px\" \/><\/div>\n<\/div>\n<\/blockquote>\n<\/div>\n<\/div>\n<\/div>\n<div class=\"hi\"><\/div>\n<\/div>\n<\/div>\n<div class=\"ajx\"><\/div>\n<\/div>\n<div class=\"gA gt acV\">\n<div class=\"gB xu\">\n<div class=\"ip iq\">\n<div id=\":ny\"><\/div>\n<\/div>\n<\/div>\n<\/div>\n<\/div>\n<\/div>\n<\/div>\n<\/div>\n<\/div>\n<\/div>\n<\/div>\n<\/div>\n<\/td>\n<\/tr>\n<\/tbody>\n<\/table>\n<\/div>\n<\/div>\n<\/div>\n<\/div>\n<\/div>\n<\/div>\n<\/div>\n<\/div>\n<\/div>\n<\/div>\n<\/div>\n<\/div>\n<\/div>\n<\/div>\n<\/div>\n<\/div>\n","protected":false},"excerpt":{"rendered":"<div class=\"mh-excerpt\"><p>Il vino rosso alleato dello \u201cStar bene\u201d ai tempi del Covid 19 E\u2019 nostra ospite in collegamento telefonico, Lara Barzan produttrice di vini che vive tra il Veneto ed il Friuli. Lara Barzan ha condotto <a class=\"mh-excerpt-more\" href=\"https:\/\/www.romaoggi.eu\/index.php\/2020\/04\/17\/vino-rosso-un-alleato-dello-star-bene-ai-tempi-del-covid19\/\" title=\"Vino Rosso un alleato dello star bene ai tempi del Covid19\">[&#8230;]<\/a><\/p>\n<\/div>","protected":false},"author":1,"featured_media":24532,"comment_status":"closed","ping_status":"open","sticky":false,"template":"","format":"standard","meta":{"_sitemap_exclude":false,"_sitemap_priority":"","_sitemap_frequency":"","footnotes":""},"categories":[7],"tags":[3990,2987,13850,11760,12044,13750,13851,4712,13849],"class_list":["post-24529","post","type-post","status-publish","format-standard","has-post-thumbnail","hentry","category-interviste","tag-barbara-castellani","tag-bellezza","tag-covid19","tag-ilian-rachov","tag-lara-barzan","tag-pandemia","tag-rossella-rizzi","tag-salute","tag-vino-rosso"],"yoast_head":"<!-- This site is optimized with the Yoast SEO plugin v27.4 - https:\/\/yoast.com\/product\/yoast-seo-wordpress\/ -->\n<title>Vino Rosso un alleato dello star bene ai tempi del Covid19<\/title>\n<meta name=\"description\" content=\"Il vino rosso alleato dello \u201cStar bene\u201d ai tempi del Covid 19 E\u2019 nostra ospite in collegamento telefonico, Lara Barzan produttrice di vini che vive tra il\" \/>\n<meta name=\"robots\" content=\"index, follow, max-snippet:-1, max-image-preview:large, max-video-preview:-1\" \/>\n<link rel=\"canonical\" href=\"https:\/\/www.romaoggi.eu\/index.php\/2020\/04\/17\/vino-rosso-un-alleato-dello-star-bene-ai-tempi-del-covid19\/\" \/>\n<meta property=\"og:locale\" content=\"it_IT\" \/>\n<meta property=\"og:type\" content=\"article\" \/>\n<meta property=\"og:title\" content=\"Vino Rosso un alleato dello star bene ai tempi del Covid19\" \/>\n<meta property=\"og:description\" content=\"Il vino rosso alleato dello \u201cStar bene\u201d ai tempi del Covid 19 E\u2019 nostra ospite in collegamento telefonico, Lara Barzan produttrice di vini che vive tra il\" \/>\n<meta property=\"og:url\" content=\"https:\/\/www.romaoggi.eu\/index.php\/2020\/04\/17\/vino-rosso-un-alleato-dello-star-bene-ai-tempi-del-covid19\/\" \/>\n<meta property=\"og:site_name\" content=\"roma oggi\" \/>\n<meta property=\"article:publisher\" content=\"https:\/\/www.facebook.com\/RomaOggi-841544845954114\" \/>\n<meta property=\"article:published_time\" content=\"2020-04-17T09:28:57+00:00\" \/>\n<meta property=\"og:image\" content=\"https:\/\/www.romaoggi.eu\/wp-content\/uploads\/2020\/04\/IMG_3437.jpg\" \/>\n\t<meta property=\"og:image:width\" content=\"828\" \/>\n\t<meta property=\"og:image:height\" content=\"508\" \/>\n\t<meta property=\"og:image:type\" content=\"image\/jpeg\" \/>\n<meta name=\"author\" content=\"admin\" \/>\n<meta name=\"twitter:card\" content=\"summary_large_image\" \/>\n<meta name=\"twitter:creator\" content=\"@romaoggi_eu\" \/>\n<meta name=\"twitter:site\" content=\"@romaoggi_eu\" \/>\n<meta name=\"twitter:label1\" content=\"Scritto da\" \/>\n\t<meta name=\"twitter:data1\" content=\"admin\" \/>\n\t<meta name=\"twitter:label2\" content=\"Tempo di lettura stimato\" \/>\n\t<meta name=\"twitter:data2\" content=\"2 minuti\" \/>\n<script type=\"application\/ld+json\" class=\"yoast-schema-graph\">{\"@context\":\"https:\\\/\\\/schema.org\",\"@graph\":[{\"@type\":\"Article\",\"@id\":\"https:\\\/\\\/www.romaoggi.eu\\\/index.php\\\/2020\\\/04\\\/17\\\/vino-rosso-un-alleato-dello-star-bene-ai-tempi-del-covid19\\\/#article\",\"isPartOf\":{\"@id\":\"https:\\\/\\\/www.romaoggi.eu\\\/index.php\\\/2020\\\/04\\\/17\\\/vino-rosso-un-alleato-dello-star-bene-ai-tempi-del-covid19\\\/\"},\"author\":{\"name\":\"admin\",\"@id\":\"https:\\\/\\\/www.romaoggi.eu\\\/#\\\/schema\\\/person\\\/9b23ceb6a2992a25e98c76a5f1fbb887\"},\"headline\":\"Vino Rosso un alleato dello star bene ai tempi del Covid19\",\"datePublished\":\"2020-04-17T09:28:57+00:00\",\"mainEntityOfPage\":{\"@id\":\"https:\\\/\\\/www.romaoggi.eu\\\/index.php\\\/2020\\\/04\\\/17\\\/vino-rosso-un-alleato-dello-star-bene-ai-tempi-del-covid19\\\/\"},\"wordCount\":359,\"publisher\":{\"@id\":\"https:\\\/\\\/www.romaoggi.eu\\\/#organization\"},\"image\":{\"@id\":\"https:\\\/\\\/www.romaoggi.eu\\\/index.php\\\/2020\\\/04\\\/17\\\/vino-rosso-un-alleato-dello-star-bene-ai-tempi-del-covid19\\\/#primaryimage\"},\"thumbnailUrl\":\"https:\\\/\\\/www.romaoggi.eu\\\/wp-content\\\/uploads\\\/2020\\\/04\\\/IMG_3437.jpg\",\"keywords\":[\"Barbara Castellani\",\"bellezza\",\"covid19\",\"ilian Rachov\",\"Lara Barzan\",\"pandemia\",\"Rossella Rizzi\",\"salute\",\"vino rosso\"],\"articleSection\":[\"Interviste\"],\"inLanguage\":\"it-IT\"},{\"@type\":\"WebPage\",\"@id\":\"https:\\\/\\\/www.romaoggi.eu\\\/index.php\\\/2020\\\/04\\\/17\\\/vino-rosso-un-alleato-dello-star-bene-ai-tempi-del-covid19\\\/\",\"url\":\"https:\\\/\\\/www.romaoggi.eu\\\/index.php\\\/2020\\\/04\\\/17\\\/vino-rosso-un-alleato-dello-star-bene-ai-tempi-del-covid19\\\/\",\"name\":\"Vino Rosso un alleato dello star bene ai tempi del Covid19\",\"isPartOf\":{\"@id\":\"https:\\\/\\\/www.romaoggi.eu\\\/#website\"},\"primaryImageOfPage\":{\"@id\":\"https:\\\/\\\/www.romaoggi.eu\\\/index.php\\\/2020\\\/04\\\/17\\\/vino-rosso-un-alleato-dello-star-bene-ai-tempi-del-covid19\\\/#primaryimage\"},\"image\":{\"@id\":\"https:\\\/\\\/www.romaoggi.eu\\\/index.php\\\/2020\\\/04\\\/17\\\/vino-rosso-un-alleato-dello-star-bene-ai-tempi-del-covid19\\\/#primaryimage\"},\"thumbnailUrl\":\"https:\\\/\\\/www.romaoggi.eu\\\/wp-content\\\/uploads\\\/2020\\\/04\\\/IMG_3437.jpg\",\"datePublished\":\"2020-04-17T09:28:57+00:00\",\"description\":\"Il vino rosso alleato dello \u201cStar bene\u201d ai tempi del Covid 19 E\u2019 nostra ospite in collegamento telefonico, Lara Barzan produttrice di vini che vive tra il\",\"breadcrumb\":{\"@id\":\"https:\\\/\\\/www.romaoggi.eu\\\/index.php\\\/2020\\\/04\\\/17\\\/vino-rosso-un-alleato-dello-star-bene-ai-tempi-del-covid19\\\/#breadcrumb\"},\"inLanguage\":\"it-IT\",\"potentialAction\":[{\"@type\":\"ReadAction\",\"target\":[\"https:\\\/\\\/www.romaoggi.eu\\\/index.php\\\/2020\\\/04\\\/17\\\/vino-rosso-un-alleato-dello-star-bene-ai-tempi-del-covid19\\\/\"]}]},{\"@type\":\"ImageObject\",\"inLanguage\":\"it-IT\",\"@id\":\"https:\\\/\\\/www.romaoggi.eu\\\/index.php\\\/2020\\\/04\\\/17\\\/vino-rosso-un-alleato-dello-star-bene-ai-tempi-del-covid19\\\/#primaryimage\",\"url\":\"https:\\\/\\\/www.romaoggi.eu\\\/wp-content\\\/uploads\\\/2020\\\/04\\\/IMG_3437.jpg\",\"contentUrl\":\"https:\\\/\\\/www.romaoggi.eu\\\/wp-content\\\/uploads\\\/2020\\\/04\\\/IMG_3437.jpg\",\"width\":828,\"height\":508,\"caption\":\"Lara Barzan\"},{\"@type\":\"BreadcrumbList\",\"@id\":\"https:\\\/\\\/www.romaoggi.eu\\\/index.php\\\/2020\\\/04\\\/17\\\/vino-rosso-un-alleato-dello-star-bene-ai-tempi-del-covid19\\\/#breadcrumb\",\"itemListElement\":[{\"@type\":\"ListItem\",\"position\":1,\"name\":\"Home\",\"item\":\"https:\\\/\\\/www.romaoggi.eu\\\/\"},{\"@type\":\"ListItem\",\"position\":2,\"name\":\"Vino Rosso un alleato dello star bene ai tempi del Covid19\"}]},{\"@type\":\"WebSite\",\"@id\":\"https:\\\/\\\/www.romaoggi.eu\\\/#website\",\"url\":\"https:\\\/\\\/www.romaoggi.eu\\\/\",\"name\":\"roma oggi\",\"description\":\"Interesting News for Interesting people\",\"publisher\":{\"@id\":\"https:\\\/\\\/www.romaoggi.eu\\\/#organization\"},\"potentialAction\":[{\"@type\":\"SearchAction\",\"target\":{\"@type\":\"EntryPoint\",\"urlTemplate\":\"https:\\\/\\\/www.romaoggi.eu\\\/?s={search_term_string}\"},\"query-input\":{\"@type\":\"PropertyValueSpecification\",\"valueRequired\":true,\"valueName\":\"search_term_string\"}}],\"inLanguage\":\"it-IT\"},{\"@type\":\"Organization\",\"@id\":\"https:\\\/\\\/www.romaoggi.eu\\\/#organization\",\"name\":\"RomaOggi\",\"url\":\"https:\\\/\\\/www.romaoggi.eu\\\/\",\"logo\":{\"@type\":\"ImageObject\",\"inLanguage\":\"it-IT\",\"@id\":\"https:\\\/\\\/www.romaoggi.eu\\\/#\\\/schema\\\/logo\\\/image\\\/\",\"url\":\"https:\\\/\\\/www.romaoggi.eu\\\/wp-content\\\/uploads\\\/2017\\\/04\\\/logowp.jpg\",\"contentUrl\":\"https:\\\/\\\/www.romaoggi.eu\\\/wp-content\\\/uploads\\\/2017\\\/04\\\/logowp.jpg\",\"width\":300,\"height\":133,\"caption\":\"RomaOggi\"},\"image\":{\"@id\":\"https:\\\/\\\/www.romaoggi.eu\\\/#\\\/schema\\\/logo\\\/image\\\/\"},\"sameAs\":[\"https:\\\/\\\/www.facebook.com\\\/RomaOggi-841544845954114\",\"https:\\\/\\\/x.com\\\/romaoggi_eu\"]},{\"@type\":\"Person\",\"@id\":\"https:\\\/\\\/www.romaoggi.eu\\\/#\\\/schema\\\/person\\\/9b23ceb6a2992a25e98c76a5f1fbb887\",\"name\":\"admin\",\"image\":{\"@type\":\"ImageObject\",\"inLanguage\":\"it-IT\",\"@id\":\"https:\\\/\\\/secure.gravatar.com\\\/avatar\\\/51b1e0a1f4159e3b5d89435fce5e1a348d6c59e2ff8c2d428dae75560aace504?s=96&d=mm&r=g\",\"url\":\"https:\\\/\\\/secure.gravatar.com\\\/avatar\\\/51b1e0a1f4159e3b5d89435fce5e1a348d6c59e2ff8c2d428dae75560aace504?s=96&d=mm&r=g\",\"contentUrl\":\"https:\\\/\\\/secure.gravatar.com\\\/avatar\\\/51b1e0a1f4159e3b5d89435fce5e1a348d6c59e2ff8c2d428dae75560aace504?s=96&d=mm&r=g\",\"caption\":\"admin\"},\"url\":\"https:\\\/\\\/www.romaoggi.eu\\\/index.php\\\/author\\\/admin\\\/\"}]}<\/script>\n<!-- \/ Yoast SEO plugin. -->","yoast_head_json":{"title":"Vino Rosso un alleato dello star bene ai tempi del Covid19","description":"Il vino rosso alleato dello \u201cStar bene\u201d ai tempi del Covid 19 E\u2019 nostra ospite in collegamento telefonico, Lara Barzan produttrice di vini che vive tra il","robots":{"index":"index","follow":"follow","max-snippet":"max-snippet:-1","max-image-preview":"max-image-preview:large","max-video-preview":"max-video-preview:-1"},"canonical":"https:\/\/www.romaoggi.eu\/index.php\/2020\/04\/17\/vino-rosso-un-alleato-dello-star-bene-ai-tempi-del-covid19\/","og_locale":"it_IT","og_type":"article","og_title":"Vino Rosso un alleato dello star bene ai tempi del Covid19","og_description":"Il vino rosso alleato dello \u201cStar bene\u201d ai tempi del Covid 19 E\u2019 nostra ospite in collegamento telefonico, Lara Barzan produttrice di vini che vive tra il","og_url":"https:\/\/www.romaoggi.eu\/index.php\/2020\/04\/17\/vino-rosso-un-alleato-dello-star-bene-ai-tempi-del-covid19\/","og_site_name":"roma oggi","article_publisher":"https:\/\/www.facebook.com\/RomaOggi-841544845954114","article_published_time":"2020-04-17T09:28:57+00:00","og_image":[{"width":828,"height":508,"url":"https:\/\/www.romaoggi.eu\/wp-content\/uploads\/2020\/04\/IMG_3437.jpg","type":"image\/jpeg"}],"author":"admin","twitter_card":"summary_large_image","twitter_creator":"@romaoggi_eu","twitter_site":"@romaoggi_eu","twitter_misc":{"Scritto da":"admin","Tempo di lettura stimato":"2 minuti"},"schema":{"@context":"https:\/\/schema.org","@graph":[{"@type":"Article","@id":"https:\/\/www.romaoggi.eu\/index.php\/2020\/04\/17\/vino-rosso-un-alleato-dello-star-bene-ai-tempi-del-covid19\/#article","isPartOf":{"@id":"https:\/\/www.romaoggi.eu\/index.php\/2020\/04\/17\/vino-rosso-un-alleato-dello-star-bene-ai-tempi-del-covid19\/"},"author":{"name":"admin","@id":"https:\/\/www.romaoggi.eu\/#\/schema\/person\/9b23ceb6a2992a25e98c76a5f1fbb887"},"headline":"Vino Rosso un alleato dello star bene ai tempi del Covid19","datePublished":"2020-04-17T09:28:57+00:00","mainEntityOfPage":{"@id":"https:\/\/www.romaoggi.eu\/index.php\/2020\/04\/17\/vino-rosso-un-alleato-dello-star-bene-ai-tempi-del-covid19\/"},"wordCount":359,"publisher":{"@id":"https:\/\/www.romaoggi.eu\/#organization"},"image":{"@id":"https:\/\/www.romaoggi.eu\/index.php\/2020\/04\/17\/vino-rosso-un-alleato-dello-star-bene-ai-tempi-del-covid19\/#primaryimage"},"thumbnailUrl":"https:\/\/www.romaoggi.eu\/wp-content\/uploads\/2020\/04\/IMG_3437.jpg","keywords":["Barbara Castellani","bellezza","covid19","ilian Rachov","Lara Barzan","pandemia","Rossella Rizzi","salute","vino rosso"],"articleSection":["Interviste"],"inLanguage":"it-IT"},{"@type":"WebPage","@id":"https:\/\/www.romaoggi.eu\/index.php\/2020\/04\/17\/vino-rosso-un-alleato-dello-star-bene-ai-tempi-del-covid19\/","url":"https:\/\/www.romaoggi.eu\/index.php\/2020\/04\/17\/vino-rosso-un-alleato-dello-star-bene-ai-tempi-del-covid19\/","name":"Vino Rosso un alleato dello star bene ai tempi del Covid19","isPartOf":{"@id":"https:\/\/www.romaoggi.eu\/#website"},"primaryImageOfPage":{"@id":"https:\/\/www.romaoggi.eu\/index.php\/2020\/04\/17\/vino-rosso-un-alleato-dello-star-bene-ai-tempi-del-covid19\/#primaryimage"},"image":{"@id":"https:\/\/www.romaoggi.eu\/index.php\/2020\/04\/17\/vino-rosso-un-alleato-dello-star-bene-ai-tempi-del-covid19\/#primaryimage"},"thumbnailUrl":"https:\/\/www.romaoggi.eu\/wp-content\/uploads\/2020\/04\/IMG_3437.jpg","datePublished":"2020-04-17T09:28:57+00:00","description":"Il vino rosso alleato dello \u201cStar bene\u201d ai tempi del Covid 19 E\u2019 nostra ospite in collegamento telefonico, Lara Barzan produttrice di vini che vive tra il","breadcrumb":{"@id":"https:\/\/www.romaoggi.eu\/index.php\/2020\/04\/17\/vino-rosso-un-alleato-dello-star-bene-ai-tempi-del-covid19\/#breadcrumb"},"inLanguage":"it-IT","potentialAction":[{"@type":"ReadAction","target":["https:\/\/www.romaoggi.eu\/index.php\/2020\/04\/17\/vino-rosso-un-alleato-dello-star-bene-ai-tempi-del-covid19\/"]}]},{"@type":"ImageObject","inLanguage":"it-IT","@id":"https:\/\/www.romaoggi.eu\/index.php\/2020\/04\/17\/vino-rosso-un-alleato-dello-star-bene-ai-tempi-del-covid19\/#primaryimage","url":"https:\/\/www.romaoggi.eu\/wp-content\/uploads\/2020\/04\/IMG_3437.jpg","contentUrl":"https:\/\/www.romaoggi.eu\/wp-content\/uploads\/2020\/04\/IMG_3437.jpg","width":828,"height":508,"caption":"Lara Barzan"},{"@type":"BreadcrumbList","@id":"https:\/\/www.romaoggi.eu\/index.php\/2020\/04\/17\/vino-rosso-un-alleato-dello-star-bene-ai-tempi-del-covid19\/#breadcrumb","itemListElement":[{"@type":"ListItem","position":1,"name":"Home","item":"https:\/\/www.romaoggi.eu\/"},{"@type":"ListItem","position":2,"name":"Vino Rosso un alleato dello star bene ai tempi del Covid19"}]},{"@type":"WebSite","@id":"https:\/\/www.romaoggi.eu\/#website","url":"https:\/\/www.romaoggi.eu\/","name":"roma oggi","description":"Interesting News for Interesting people","publisher":{"@id":"https:\/\/www.romaoggi.eu\/#organization"},"potentialAction":[{"@type":"SearchAction","target":{"@type":"EntryPoint","urlTemplate":"https:\/\/www.romaoggi.eu\/?s={search_term_string}"},"query-input":{"@type":"PropertyValueSpecification","valueRequired":true,"valueName":"search_term_string"}}],"inLanguage":"it-IT"},{"@type":"Organization","@id":"https:\/\/www.romaoggi.eu\/#organization","name":"RomaOggi","url":"https:\/\/www.romaoggi.eu\/","logo":{"@type":"ImageObject","inLanguage":"it-IT","@id":"https:\/\/www.romaoggi.eu\/#\/schema\/logo\/image\/","url":"https:\/\/www.romaoggi.eu\/wp-content\/uploads\/2017\/04\/logowp.jpg","contentUrl":"https:\/\/www.romaoggi.eu\/wp-content\/uploads\/2017\/04\/logowp.jpg","width":300,"height":133,"caption":"RomaOggi"},"image":{"@id":"https:\/\/www.romaoggi.eu\/#\/schema\/logo\/image\/"},"sameAs":["https:\/\/www.facebook.com\/RomaOggi-841544845954114","https:\/\/x.com\/romaoggi_eu"]},{"@type":"Person","@id":"https:\/\/www.romaoggi.eu\/#\/schema\/person\/9b23ceb6a2992a25e98c76a5f1fbb887","name":"admin","image":{"@type":"ImageObject","inLanguage":"it-IT","@id":"https:\/\/secure.gravatar.com\/avatar\/51b1e0a1f4159e3b5d89435fce5e1a348d6c59e2ff8c2d428dae75560aace504?s=96&d=mm&r=g","url":"https:\/\/secure.gravatar.com\/avatar\/51b1e0a1f4159e3b5d89435fce5e1a348d6c59e2ff8c2d428dae75560aace504?s=96&d=mm&r=g","contentUrl":"https:\/\/secure.gravatar.com\/avatar\/51b1e0a1f4159e3b5d89435fce5e1a348d6c59e2ff8c2d428dae75560aace504?s=96&d=mm&r=g","caption":"admin"},"url":"https:\/\/www.romaoggi.eu\/index.php\/author\/admin\/"}]}},"_links":{"self":[{"href":"https:\/\/www.romaoggi.eu\/index.php\/wp-json\/wp\/v2\/posts\/24529","targetHints":{"allow":["GET"]}}],"collection":[{"href":"https:\/\/www.romaoggi.eu\/index.php\/wp-json\/wp\/v2\/posts"}],"about":[{"href":"https:\/\/www.romaoggi.eu\/index.php\/wp-json\/wp\/v2\/types\/post"}],"author":[{"embeddable":true,"href":"https:\/\/www.romaoggi.eu\/index.php\/wp-json\/wp\/v2\/users\/1"}],"replies":[{"embeddable":true,"href":"https:\/\/www.romaoggi.eu\/index.php\/wp-json\/wp\/v2\/comments?post=24529"}],"version-history":[{"count":4,"href":"https:\/\/www.romaoggi.eu\/index.php\/wp-json\/wp\/v2\/posts\/24529\/revisions"}],"predecessor-version":[{"id":24533,"href":"https:\/\/www.romaoggi.eu\/index.php\/wp-json\/wp\/v2\/posts\/24529\/revisions\/24533"}],"wp:featuredmedia":[{"embeddable":true,"href":"https:\/\/www.romaoggi.eu\/index.php\/wp-json\/wp\/v2\/media\/24532"}],"wp:attachment":[{"href":"https:\/\/www.romaoggi.eu\/index.php\/wp-json\/wp\/v2\/media?parent=24529"}],"wp:term":[{"taxonomy":"category","embeddable":true,"href":"https:\/\/www.romaoggi.eu\/index.php\/wp-json\/wp\/v2\/categories?post=24529"},{"taxonomy":"post_tag","embeddable":true,"href":"https:\/\/www.romaoggi.eu\/index.php\/wp-json\/wp\/v2\/tags?post=24529"}],"curies":[{"name":"wp","href":"https:\/\/api.w.org\/{rel}","templated":true}]}}