{"id":24538,"date":"2020-04-19T16:34:53","date_gmt":"2020-04-19T14:34:53","guid":{"rendered":"http:\/\/www.romaoggi.eu\/?p=24538"},"modified":"2020-04-19T16:34:53","modified_gmt":"2020-04-19T14:34:53","slug":"nuovo-amore-per-ana-bettz","status":"publish","type":"post","link":"https:\/\/www.romaoggi.eu\/index.php\/2020\/04\/19\/nuovo-amore-per-ana-bettz\/","title":{"rendered":"Nuovo amore per Ana Bettz"},"content":{"rendered":"<p><strong>Comunicato Stampa <\/strong><\/p>\n<p><strong>Roberto Alessi<\/strong> direttore di<a href=\"https:\/\/www.novella2000.it\/\"><strong> Novella2000<\/strong><\/a> nella sua rubrica <strong>Alta Portineria<\/strong> pubblicata su Libero, anticipa oggi lo scoop del suo settimanale in edicola come ogni settimana il mercoled\u00ec<\/p>\n<p><strong>ANA BETTZ<\/strong> confessa al direttore di Novella2000: &#8220;<strong>Amo Garko incondizionatamente<\/strong>&#8221;<\/p>\n<p><strong>Ana Bettz<\/strong>, la procace cantautrice milionaria, getta la spugna &#8211; scrive Roberto Alessi &#8211; e mi dice la verit\u00e0 su quello che c\u2019\u00e8 tra lei e <strong>Gabriel Garko<\/strong>: \u00abIo lo amo incondizionatamente\u00bb. La confessione mi lascia senza fiato: si \u00e8 dichiarata. E va avanti: \u00abHo conosciuto Gabriel tramite sua sorella che \u00e8 una terapista eccezionale. Eravamo a Roma,un paio di anni fa. Ci siamo presi un aperitivo all\u2019&#8217; aperto. Lui era ancora fidanzato con l\u2019attrice <strong>Adua Del Vesco<\/strong>\u00bb. Per la Bettz l\u2019aspetto fisico non passa in secondo piano: \u00abLa sua bellezza \u00e8 imbarazzante. Il cuore per qualche secondo mi si \u00e8 fermato. Non mi aspettavo che fosse cos\u00ec affascinante e sexy. Vedendolo in tv fa un effetto magnetico, ma dal vivo il suo sguardo penetra e va oltre\u00bb. E non si ferma: \u00abGabriel \u00e8 un uomo piacevole, intelligente, galante&#8230; ironico che \u00e8 la cosa fondamentale per me in un uomo. Che dire? Ripeto: lo amo\u00bb.<\/p>\n<p><img loading=\"lazy\" decoding=\"async\" class=\"alignnone size-medium wp-image-24541\" src=\"https:\/\/www.romaoggi.eu\/wp-content\/uploads\/2020\/04\/WhatsApp-Image-2020-04-19-at-16.18.55-300x210.jpeg\" alt=\"\" width=\"300\" height=\"210\" srcset=\"https:\/\/www.romaoggi.eu\/wp-content\/uploads\/2020\/04\/WhatsApp-Image-2020-04-19-at-16.18.55-300x210.jpeg 300w, https:\/\/www.romaoggi.eu\/wp-content\/uploads\/2020\/04\/WhatsApp-Image-2020-04-19-at-16.18.55-1024x718.jpeg 1024w, https:\/\/www.romaoggi.eu\/wp-content\/uploads\/2020\/04\/WhatsApp-Image-2020-04-19-at-16.18.55.jpeg 1540w\" sizes=\"auto, (max-width: 300px) 100vw, 300px\" \/><\/p>\n<p><img loading=\"lazy\" decoding=\"async\" class=\"alignnone size-medium wp-image-24540\" src=\"https:\/\/www.romaoggi.eu\/wp-content\/uploads\/2020\/04\/WhatsApp-Image-2020-04-19-at-16.18.55-2-226x300.jpeg\" alt=\"\" width=\"226\" height=\"300\" srcset=\"https:\/\/www.romaoggi.eu\/wp-content\/uploads\/2020\/04\/WhatsApp-Image-2020-04-19-at-16.18.55-2-226x300.jpeg 226w, https:\/\/www.romaoggi.eu\/wp-content\/uploads\/2020\/04\/WhatsApp-Image-2020-04-19-at-16.18.55-2-773x1024.jpeg 773w, https:\/\/www.romaoggi.eu\/wp-content\/uploads\/2020\/04\/WhatsApp-Image-2020-04-19-at-16.18.55-2.jpeg 1159w\" sizes=\"auto, (max-width: 226px) 100vw, 226px\" \/><\/p>\n<p>&nbsp;<\/p>\n","protected":false},"excerpt":{"rendered":"<div class=\"mh-excerpt\"><p>Comunicato Stampa Roberto Alessi direttore di Novella2000 nella sua rubrica Alta Portineria pubblicata su Libero, anticipa oggi lo scoop del suo settimanale in edicola come ogni settimana il mercoled\u00ec ANA BETTZ confessa al direttore di <a class=\"mh-excerpt-more\" href=\"https:\/\/www.romaoggi.eu\/index.php\/2020\/04\/19\/nuovo-amore-per-ana-bettz\/\" title=\"Nuovo amore per Ana Bettz\">[&#8230;]<\/a><\/p>\n<\/div>","protected":false},"author":13,"featured_media":24539,"comment_status":"closed","ping_status":"open","sticky":false,"template":"","format":"standard","meta":{"_sitemap_exclude":false,"_sitemap_priority":"","_sitemap_frequency":"","footnotes":""},"categories":[4],"tags":[13852,11010,13854,13853,3336],"class_list":["post-24538","post","type-post","status-publish","format-standard","has-post-thumbnail","hentry","category-spettacolo","tag-ana-bettz","tag-gabriel-garko","tag-libero","tag-novella2000","tag-roberto-alessi"],"yoast_head":"<!-- This site is optimized with the Yoast SEO plugin v27.5 - https:\/\/yoast.com\/product\/yoast-seo-wordpress\/ -->\n<title>Nuovo amore per Ana Bettz<\/title>\n<meta name=\"description\" content=\"Comunicato Stampa Roberto Alessi direttore di Novella2000 nella sua rubrica Alta Portineria pubblicata su Libero, anticipa oggi lo scoop del suo\" \/>\n<meta name=\"robots\" content=\"index, follow, max-snippet:-1, max-image-preview:large, max-video-preview:-1\" \/>\n<link rel=\"canonical\" href=\"https:\/\/www.romaoggi.eu\/index.php\/2020\/04\/19\/nuovo-amore-per-ana-bettz\/\" \/>\n<meta property=\"og:locale\" content=\"it_IT\" \/>\n<meta property=\"og:type\" content=\"article\" \/>\n<meta property=\"og:title\" content=\"Nuovo amore per Ana Bettz\" \/>\n<meta property=\"og:description\" content=\"Comunicato Stampa Roberto Alessi direttore di Novella2000 nella sua rubrica Alta Portineria pubblicata su Libero, anticipa oggi lo scoop del suo\" \/>\n<meta property=\"og:url\" content=\"https:\/\/www.romaoggi.eu\/index.php\/2020\/04\/19\/nuovo-amore-per-ana-bettz\/\" \/>\n<meta property=\"og:site_name\" content=\"roma oggi\" \/>\n<meta property=\"article:publisher\" content=\"https:\/\/www.facebook.com\/RomaOggi-841544845954114\" \/>\n<meta property=\"article:published_time\" content=\"2020-04-19T14:34:53+00:00\" \/>\n<meta property=\"og:image\" content=\"https:\/\/www.romaoggi.eu\/wp-content\/uploads\/2020\/04\/WhatsApp-Image-2020-04-19-at-16.18.55-1.jpeg\" \/>\n\t<meta property=\"og:image:width\" content=\"1540\" \/>\n\t<meta property=\"og:image:height\" content=\"1080\" \/>\n\t<meta property=\"og:image:type\" content=\"image\/jpeg\" \/>\n<meta name=\"author\" content=\"Federica Pansadoro\" \/>\n<meta name=\"twitter:card\" content=\"summary_large_image\" \/>\n<meta name=\"twitter:creator\" content=\"@romaoggi_eu\" \/>\n<meta name=\"twitter:site\" content=\"@romaoggi_eu\" \/>\n<meta name=\"twitter:label1\" content=\"Scritto da\" \/>\n\t<meta name=\"twitter:data1\" content=\"Federica Pansadoro\" \/>\n\t<meta name=\"twitter:label2\" content=\"Tempo di lettura stimato\" \/>\n\t<meta name=\"twitter:data2\" content=\"1 minuto\" \/>\n<script type=\"application\/ld+json\" class=\"yoast-schema-graph\">{\"@context\":\"https:\\\/\\\/schema.org\",\"@graph\":[{\"@type\":\"Article\",\"@id\":\"https:\\\/\\\/www.romaoggi.eu\\\/index.php\\\/2020\\\/04\\\/19\\\/nuovo-amore-per-ana-bettz\\\/#article\",\"isPartOf\":{\"@id\":\"https:\\\/\\\/www.romaoggi.eu\\\/index.php\\\/2020\\\/04\\\/19\\\/nuovo-amore-per-ana-bettz\\\/\"},\"author\":{\"name\":\"Federica Pansadoro\",\"@id\":\"https:\\\/\\\/www.romaoggi.eu\\\/#\\\/schema\\\/person\\\/569485df663c86fd2d0179a6643546f9\"},\"headline\":\"Nuovo amore per Ana Bettz\",\"datePublished\":\"2020-04-19T14:34:53+00:00\",\"mainEntityOfPage\":{\"@id\":\"https:\\\/\\\/www.romaoggi.eu\\\/index.php\\\/2020\\\/04\\\/19\\\/nuovo-amore-per-ana-bettz\\\/\"},\"wordCount\":197,\"publisher\":{\"@id\":\"https:\\\/\\\/www.romaoggi.eu\\\/#organization\"},\"image\":{\"@id\":\"https:\\\/\\\/www.romaoggi.eu\\\/index.php\\\/2020\\\/04\\\/19\\\/nuovo-amore-per-ana-bettz\\\/#primaryimage\"},\"thumbnailUrl\":\"https:\\\/\\\/www.romaoggi.eu\\\/wp-content\\\/uploads\\\/2020\\\/04\\\/WhatsApp-Image-2020-04-19-at-16.18.55-1.jpeg\",\"keywords\":[\"Ana Bettz\",\"Gabriel Garko\",\"Libero\",\"Novella2000\",\"roberto Alessi\"],\"articleSection\":[\"Spettacolo\"],\"inLanguage\":\"it-IT\"},{\"@type\":\"WebPage\",\"@id\":\"https:\\\/\\\/www.romaoggi.eu\\\/index.php\\\/2020\\\/04\\\/19\\\/nuovo-amore-per-ana-bettz\\\/\",\"url\":\"https:\\\/\\\/www.romaoggi.eu\\\/index.php\\\/2020\\\/04\\\/19\\\/nuovo-amore-per-ana-bettz\\\/\",\"name\":\"Nuovo amore per Ana Bettz\",\"isPartOf\":{\"@id\":\"https:\\\/\\\/www.romaoggi.eu\\\/#website\"},\"primaryImageOfPage\":{\"@id\":\"https:\\\/\\\/www.romaoggi.eu\\\/index.php\\\/2020\\\/04\\\/19\\\/nuovo-amore-per-ana-bettz\\\/#primaryimage\"},\"image\":{\"@id\":\"https:\\\/\\\/www.romaoggi.eu\\\/index.php\\\/2020\\\/04\\\/19\\\/nuovo-amore-per-ana-bettz\\\/#primaryimage\"},\"thumbnailUrl\":\"https:\\\/\\\/www.romaoggi.eu\\\/wp-content\\\/uploads\\\/2020\\\/04\\\/WhatsApp-Image-2020-04-19-at-16.18.55-1.jpeg\",\"datePublished\":\"2020-04-19T14:34:53+00:00\",\"description\":\"Comunicato Stampa Roberto Alessi direttore di Novella2000 nella sua rubrica Alta Portineria pubblicata su Libero, anticipa oggi lo scoop del suo\",\"breadcrumb\":{\"@id\":\"https:\\\/\\\/www.romaoggi.eu\\\/index.php\\\/2020\\\/04\\\/19\\\/nuovo-amore-per-ana-bettz\\\/#breadcrumb\"},\"inLanguage\":\"it-IT\",\"potentialAction\":[{\"@type\":\"ReadAction\",\"target\":[\"https:\\\/\\\/www.romaoggi.eu\\\/index.php\\\/2020\\\/04\\\/19\\\/nuovo-amore-per-ana-bettz\\\/\"]}]},{\"@type\":\"ImageObject\",\"inLanguage\":\"it-IT\",\"@id\":\"https:\\\/\\\/www.romaoggi.eu\\\/index.php\\\/2020\\\/04\\\/19\\\/nuovo-amore-per-ana-bettz\\\/#primaryimage\",\"url\":\"https:\\\/\\\/www.romaoggi.eu\\\/wp-content\\\/uploads\\\/2020\\\/04\\\/WhatsApp-Image-2020-04-19-at-16.18.55-1.jpeg\",\"contentUrl\":\"https:\\\/\\\/www.romaoggi.eu\\\/wp-content\\\/uploads\\\/2020\\\/04\\\/WhatsApp-Image-2020-04-19-at-16.18.55-1.jpeg\",\"width\":1540,\"height\":1080},{\"@type\":\"BreadcrumbList\",\"@id\":\"https:\\\/\\\/www.romaoggi.eu\\\/index.php\\\/2020\\\/04\\\/19\\\/nuovo-amore-per-ana-bettz\\\/#breadcrumb\",\"itemListElement\":[{\"@type\":\"ListItem\",\"position\":1,\"name\":\"Home\",\"item\":\"https:\\\/\\\/www.romaoggi.eu\\\/\"},{\"@type\":\"ListItem\",\"position\":2,\"name\":\"Nuovo amore per Ana Bettz\"}]},{\"@type\":\"WebSite\",\"@id\":\"https:\\\/\\\/www.romaoggi.eu\\\/#website\",\"url\":\"https:\\\/\\\/www.romaoggi.eu\\\/\",\"name\":\"roma oggi\",\"description\":\"Interesting News for Interesting people\",\"publisher\":{\"@id\":\"https:\\\/\\\/www.romaoggi.eu\\\/#organization\"},\"potentialAction\":[{\"@type\":\"SearchAction\",\"target\":{\"@type\":\"EntryPoint\",\"urlTemplate\":\"https:\\\/\\\/www.romaoggi.eu\\\/?s={search_term_string}\"},\"query-input\":{\"@type\":\"PropertyValueSpecification\",\"valueRequired\":true,\"valueName\":\"search_term_string\"}}],\"inLanguage\":\"it-IT\"},{\"@type\":\"Organization\",\"@id\":\"https:\\\/\\\/www.romaoggi.eu\\\/#organization\",\"name\":\"RomaOggi\",\"url\":\"https:\\\/\\\/www.romaoggi.eu\\\/\",\"logo\":{\"@type\":\"ImageObject\",\"inLanguage\":\"it-IT\",\"@id\":\"https:\\\/\\\/www.romaoggi.eu\\\/#\\\/schema\\\/logo\\\/image\\\/\",\"url\":\"https:\\\/\\\/www.romaoggi.eu\\\/wp-content\\\/uploads\\\/2017\\\/04\\\/logowp.jpg\",\"contentUrl\":\"https:\\\/\\\/www.romaoggi.eu\\\/wp-content\\\/uploads\\\/2017\\\/04\\\/logowp.jpg\",\"width\":300,\"height\":133,\"caption\":\"RomaOggi\"},\"image\":{\"@id\":\"https:\\\/\\\/www.romaoggi.eu\\\/#\\\/schema\\\/logo\\\/image\\\/\"},\"sameAs\":[\"https:\\\/\\\/www.facebook.com\\\/RomaOggi-841544845954114\",\"https:\\\/\\\/x.com\\\/romaoggi_eu\"]},{\"@type\":\"Person\",\"@id\":\"https:\\\/\\\/www.romaoggi.eu\\\/#\\\/schema\\\/person\\\/569485df663c86fd2d0179a6643546f9\",\"name\":\"Federica Pansadoro\",\"image\":{\"@type\":\"ImageObject\",\"inLanguage\":\"it-IT\",\"@id\":\"https:\\\/\\\/secure.gravatar.com\\\/avatar\\\/646783eb26ef4eab9fe24f298081663814c4d6acd6ea1c44b2633e8176ba1dc5?s=96&d=mm&r=g\",\"url\":\"https:\\\/\\\/secure.gravatar.com\\\/avatar\\\/646783eb26ef4eab9fe24f298081663814c4d6acd6ea1c44b2633e8176ba1dc5?s=96&d=mm&r=g\",\"contentUrl\":\"https:\\\/\\\/secure.gravatar.com\\\/avatar\\\/646783eb26ef4eab9fe24f298081663814c4d6acd6ea1c44b2633e8176ba1dc5?s=96&d=mm&r=g\",\"caption\":\"Federica Pansadoro\"},\"sameAs\":[\"https:\\\/\\\/www.youtube.com\\\/channel\\\/UCN8Y45Fmdd0XBagxT7qUVEA\"],\"url\":\"https:\\\/\\\/www.romaoggi.eu\\\/index.php\\\/author\\\/federica\\\/\"}]}<\/script>\n<!-- \/ Yoast SEO plugin. -->","yoast_head_json":{"title":"Nuovo amore per Ana Bettz","description":"Comunicato Stampa Roberto Alessi direttore di Novella2000 nella sua rubrica Alta Portineria pubblicata su Libero, anticipa oggi lo scoop del suo","robots":{"index":"index","follow":"follow","max-snippet":"max-snippet:-1","max-image-preview":"max-image-preview:large","max-video-preview":"max-video-preview:-1"},"canonical":"https:\/\/www.romaoggi.eu\/index.php\/2020\/04\/19\/nuovo-amore-per-ana-bettz\/","og_locale":"it_IT","og_type":"article","og_title":"Nuovo amore per Ana Bettz","og_description":"Comunicato Stampa Roberto Alessi direttore di Novella2000 nella sua rubrica Alta Portineria pubblicata su Libero, anticipa oggi lo scoop del suo","og_url":"https:\/\/www.romaoggi.eu\/index.php\/2020\/04\/19\/nuovo-amore-per-ana-bettz\/","og_site_name":"roma oggi","article_publisher":"https:\/\/www.facebook.com\/RomaOggi-841544845954114","article_published_time":"2020-04-19T14:34:53+00:00","og_image":[{"width":1540,"height":1080,"url":"https:\/\/www.romaoggi.eu\/wp-content\/uploads\/2020\/04\/WhatsApp-Image-2020-04-19-at-16.18.55-1.jpeg","type":"image\/jpeg"}],"author":"Federica Pansadoro","twitter_card":"summary_large_image","twitter_creator":"@romaoggi_eu","twitter_site":"@romaoggi_eu","twitter_misc":{"Scritto da":"Federica Pansadoro","Tempo di lettura stimato":"1 minuto"},"schema":{"@context":"https:\/\/schema.org","@graph":[{"@type":"Article","@id":"https:\/\/www.romaoggi.eu\/index.php\/2020\/04\/19\/nuovo-amore-per-ana-bettz\/#article","isPartOf":{"@id":"https:\/\/www.romaoggi.eu\/index.php\/2020\/04\/19\/nuovo-amore-per-ana-bettz\/"},"author":{"name":"Federica Pansadoro","@id":"https:\/\/www.romaoggi.eu\/#\/schema\/person\/569485df663c86fd2d0179a6643546f9"},"headline":"Nuovo amore per Ana Bettz","datePublished":"2020-04-19T14:34:53+00:00","mainEntityOfPage":{"@id":"https:\/\/www.romaoggi.eu\/index.php\/2020\/04\/19\/nuovo-amore-per-ana-bettz\/"},"wordCount":197,"publisher":{"@id":"https:\/\/www.romaoggi.eu\/#organization"},"image":{"@id":"https:\/\/www.romaoggi.eu\/index.php\/2020\/04\/19\/nuovo-amore-per-ana-bettz\/#primaryimage"},"thumbnailUrl":"https:\/\/www.romaoggi.eu\/wp-content\/uploads\/2020\/04\/WhatsApp-Image-2020-04-19-at-16.18.55-1.jpeg","keywords":["Ana Bettz","Gabriel Garko","Libero","Novella2000","roberto Alessi"],"articleSection":["Spettacolo"],"inLanguage":"it-IT"},{"@type":"WebPage","@id":"https:\/\/www.romaoggi.eu\/index.php\/2020\/04\/19\/nuovo-amore-per-ana-bettz\/","url":"https:\/\/www.romaoggi.eu\/index.php\/2020\/04\/19\/nuovo-amore-per-ana-bettz\/","name":"Nuovo amore per Ana Bettz","isPartOf":{"@id":"https:\/\/www.romaoggi.eu\/#website"},"primaryImageOfPage":{"@id":"https:\/\/www.romaoggi.eu\/index.php\/2020\/04\/19\/nuovo-amore-per-ana-bettz\/#primaryimage"},"image":{"@id":"https:\/\/www.romaoggi.eu\/index.php\/2020\/04\/19\/nuovo-amore-per-ana-bettz\/#primaryimage"},"thumbnailUrl":"https:\/\/www.romaoggi.eu\/wp-content\/uploads\/2020\/04\/WhatsApp-Image-2020-04-19-at-16.18.55-1.jpeg","datePublished":"2020-04-19T14:34:53+00:00","description":"Comunicato Stampa Roberto Alessi direttore di Novella2000 nella sua rubrica Alta Portineria pubblicata su Libero, anticipa oggi lo scoop del suo","breadcrumb":{"@id":"https:\/\/www.romaoggi.eu\/index.php\/2020\/04\/19\/nuovo-amore-per-ana-bettz\/#breadcrumb"},"inLanguage":"it-IT","potentialAction":[{"@type":"ReadAction","target":["https:\/\/www.romaoggi.eu\/index.php\/2020\/04\/19\/nuovo-amore-per-ana-bettz\/"]}]},{"@type":"ImageObject","inLanguage":"it-IT","@id":"https:\/\/www.romaoggi.eu\/index.php\/2020\/04\/19\/nuovo-amore-per-ana-bettz\/#primaryimage","url":"https:\/\/www.romaoggi.eu\/wp-content\/uploads\/2020\/04\/WhatsApp-Image-2020-04-19-at-16.18.55-1.jpeg","contentUrl":"https:\/\/www.romaoggi.eu\/wp-content\/uploads\/2020\/04\/WhatsApp-Image-2020-04-19-at-16.18.55-1.jpeg","width":1540,"height":1080},{"@type":"BreadcrumbList","@id":"https:\/\/www.romaoggi.eu\/index.php\/2020\/04\/19\/nuovo-amore-per-ana-bettz\/#breadcrumb","itemListElement":[{"@type":"ListItem","position":1,"name":"Home","item":"https:\/\/www.romaoggi.eu\/"},{"@type":"ListItem","position":2,"name":"Nuovo amore per Ana Bettz"}]},{"@type":"WebSite","@id":"https:\/\/www.romaoggi.eu\/#website","url":"https:\/\/www.romaoggi.eu\/","name":"roma oggi","description":"Interesting News for Interesting people","publisher":{"@id":"https:\/\/www.romaoggi.eu\/#organization"},"potentialAction":[{"@type":"SearchAction","target":{"@type":"EntryPoint","urlTemplate":"https:\/\/www.romaoggi.eu\/?s={search_term_string}"},"query-input":{"@type":"PropertyValueSpecification","valueRequired":true,"valueName":"search_term_string"}}],"inLanguage":"it-IT"},{"@type":"Organization","@id":"https:\/\/www.romaoggi.eu\/#organization","name":"RomaOggi","url":"https:\/\/www.romaoggi.eu\/","logo":{"@type":"ImageObject","inLanguage":"it-IT","@id":"https:\/\/www.romaoggi.eu\/#\/schema\/logo\/image\/","url":"https:\/\/www.romaoggi.eu\/wp-content\/uploads\/2017\/04\/logowp.jpg","contentUrl":"https:\/\/www.romaoggi.eu\/wp-content\/uploads\/2017\/04\/logowp.jpg","width":300,"height":133,"caption":"RomaOggi"},"image":{"@id":"https:\/\/www.romaoggi.eu\/#\/schema\/logo\/image\/"},"sameAs":["https:\/\/www.facebook.com\/RomaOggi-841544845954114","https:\/\/x.com\/romaoggi_eu"]},{"@type":"Person","@id":"https:\/\/www.romaoggi.eu\/#\/schema\/person\/569485df663c86fd2d0179a6643546f9","name":"Federica Pansadoro","image":{"@type":"ImageObject","inLanguage":"it-IT","@id":"https:\/\/secure.gravatar.com\/avatar\/646783eb26ef4eab9fe24f298081663814c4d6acd6ea1c44b2633e8176ba1dc5?s=96&d=mm&r=g","url":"https:\/\/secure.gravatar.com\/avatar\/646783eb26ef4eab9fe24f298081663814c4d6acd6ea1c44b2633e8176ba1dc5?s=96&d=mm&r=g","contentUrl":"https:\/\/secure.gravatar.com\/avatar\/646783eb26ef4eab9fe24f298081663814c4d6acd6ea1c44b2633e8176ba1dc5?s=96&d=mm&r=g","caption":"Federica Pansadoro"},"sameAs":["https:\/\/www.youtube.com\/channel\/UCN8Y45Fmdd0XBagxT7qUVEA"],"url":"https:\/\/www.romaoggi.eu\/index.php\/author\/federica\/"}]}},"_links":{"self":[{"href":"https:\/\/www.romaoggi.eu\/index.php\/wp-json\/wp\/v2\/posts\/24538","targetHints":{"allow":["GET"]}}],"collection":[{"href":"https:\/\/www.romaoggi.eu\/index.php\/wp-json\/wp\/v2\/posts"}],"about":[{"href":"https:\/\/www.romaoggi.eu\/index.php\/wp-json\/wp\/v2\/types\/post"}],"author":[{"embeddable":true,"href":"https:\/\/www.romaoggi.eu\/index.php\/wp-json\/wp\/v2\/users\/13"}],"replies":[{"embeddable":true,"href":"https:\/\/www.romaoggi.eu\/index.php\/wp-json\/wp\/v2\/comments?post=24538"}],"version-history":[{"count":1,"href":"https:\/\/www.romaoggi.eu\/index.php\/wp-json\/wp\/v2\/posts\/24538\/revisions"}],"predecessor-version":[{"id":24542,"href":"https:\/\/www.romaoggi.eu\/index.php\/wp-json\/wp\/v2\/posts\/24538\/revisions\/24542"}],"wp:featuredmedia":[{"embeddable":true,"href":"https:\/\/www.romaoggi.eu\/index.php\/wp-json\/wp\/v2\/media\/24539"}],"wp:attachment":[{"href":"https:\/\/www.romaoggi.eu\/index.php\/wp-json\/wp\/v2\/media?parent=24538"}],"wp:term":[{"taxonomy":"category","embeddable":true,"href":"https:\/\/www.romaoggi.eu\/index.php\/wp-json\/wp\/v2\/categories?post=24538"},{"taxonomy":"post_tag","embeddable":true,"href":"https:\/\/www.romaoggi.eu\/index.php\/wp-json\/wp\/v2\/tags?post=24538"}],"curies":[{"name":"wp","href":"https:\/\/api.w.org\/{rel}","templated":true}]}}