{"id":24731,"date":"2020-05-14T21:16:52","date_gmt":"2020-05-14T19:16:52","guid":{"rendered":"http:\/\/www.romaoggi.eu\/?p=24731"},"modified":"2020-05-14T21:16:52","modified_gmt":"2020-05-14T19:16:52","slug":"psdi-e-renato-dandria","status":"publish","type":"post","link":"https:\/\/www.romaoggi.eu\/index.php\/2020\/05\/14\/psdi-e-renato-dandria\/","title":{"rendered":"PSDI e Renato D&#8217;Andria"},"content":{"rendered":"<p style=\"text-align: left\" align=\"CENTER\">COMUNICATO STAMPA<\/p>\n<p align=\"CENTER\">\n<p align=\"JUSTIFY\">Un silenzio di studio e di preparazione politica durato alcuni mesi, \u00e8 stato infranto ieri, a Roma, nella sede ufficiale del <strong>Partito Socialdemocratico italiano<\/strong>, dalla riunione della sua direzione generale, presieduta dal suo storico segretario nazionale <a href=\"https:\/\/renatodandria0.wordpress.com\/\"><strong>Renato D\u2019Andria<\/strong><\/a>.<\/p>\n<p align=\"JUSTIFY\">Dall\u2019 incontro che ha voluto prendere in serio esame la bozza del documento che verr\u00e0 emessa a breve da parte dell\u2019esecutivo del Governo, sono emersi notevoli spunti di dibattito, seppur in attesa della versione ufficiale firmata da Giuseppe Conte.<\/p>\n<p align=\"JUSTIFY\">D\u2019Andria, unitamente con il direttivo del partito e con alcune figure appartenenti al nuovo \u201cthink tank\u201d socialdemocratico italiano, ha stigmatizzato l\u2019evidente pochezza di mezzi che l\u2019attuale governo ha messo a disposizione in questa quarantena.<\/p>\n<p align=\"JUSTIFY\">Appare evidente a tutti che tale pessima organizzazione non porter\u00e0 alcun beneficio al Paese anzi, molti saranno i danni ulteriori alla popolazione, e mentre nazioni come la Germania o la Francia stanziano cifre considerevoli di miliardi d\u2019euro, l\u2019Italia sta a guardare, incurante della propria inefficienza organizzativa che ha elevato in maniera inconcepibile la mortalit\u00e0 sociale durante l\u2019epidemia.<\/p>\n<p align=\"JUSTIFY\">In tutto ci\u00f2 \u00e8 palese l\u2019irresponsabilit\u00e0 e l\u2019incapacit\u00e0 di una pubblica amministrazione che ha devastato uno dei migliori sistemi sanitari al mondo, deprivandolo delle sue necessarie risorse finanziarie.<\/p>\n<p align=\"JUSTIFY\">Sono stati altres\u00ec presi in considerazione gli annosi temi dell\u2019immigrazione incontrollata, i problemi fiscali e la grave situazione nella quale versano troppi imprenditori a rischio suicidio. Tutto ci\u00f2 richiede interventi e soluzioni efficaci e definitive da parte dello Stato, attualmente assente.<\/p>\n<p align=\"JUSTIFY\">Numerose voci hanno richiesto la messa in opera immediata di una serie di amnistie o di condoni che vadano da quelle giuridiche a quelle fiscali, sino a quelle immobiliari per far nuovamente giungere ossigeno vitale a un mercato sfibrato.<\/p>\n<p align=\"JUSTIFY\">Il segretario nazionale D\u2019Andria ha infine sottolineato la necessit\u00e0 in Italia, di una reale riforma burocratica che prenda esempio da paesi, come l\u2019Inghilterra, amministrativamente pi\u00f9 evoluti del nostro e con minori pastoie, inoltre da pi\u00f9 parti si \u00e8 richiesto un effettivo provvedimento che faccia emergere tutto quel sommerso economico che oggi priva lo stato di gran parte delle entrate costringendo il cittadino medio ad essere il pi\u00f9 vessato al mondo. in ultimo \u00e8 stata proposta una maggiore libert\u00e0 sull\u2019uso dell\u2019informatizzazione del Paese, ancora inadeguato all\u2019uso delle nuove tecnologie.<\/p>\n<p align=\"JUSTIFY\">Subito dopo che sar\u00e0 data comunicazione ufficiale del decreto del Governo, la direzione generale del <strong>PSDI<\/strong> ha deciso di presentarsi in pubblico, nelle maggiori citt\u00e0 italiane a partire dalla capitale e da Viterbo, Napoli e Milano con le proprie soluzioni pratiche, reali e fattibili in tempi brevi.<\/p>\n","protected":false},"excerpt":{"rendered":"<div class=\"mh-excerpt\"><p>COMUNICATO STAMPA Un silenzio di studio e di preparazione politica durato alcuni mesi, \u00e8 stato infranto ieri, a Roma, nella sede ufficiale del Partito Socialdemocratico italiano, dalla riunione della sua direzione generale, presieduta dal suo <a class=\"mh-excerpt-more\" href=\"https:\/\/www.romaoggi.eu\/index.php\/2020\/05\/14\/psdi-e-renato-dandria\/\" title=\"PSDI e Renato D&#8217;Andria\">[&#8230;]<\/a><\/p>\n<\/div>","protected":false},"author":13,"featured_media":24732,"comment_status":"closed","ping_status":"open","sticky":false,"template":"","format":"standard","meta":{"_sitemap_exclude":false,"_sitemap_priority":"","_sitemap_frequency":"","footnotes":""},"categories":[522],"tags":[13924,13923],"class_list":["post-24731","post","type-post","status-publish","format-standard","has-post-thumbnail","hentry","category-attualita","tag-psdi","tag-renato-dandria"],"yoast_head":"<!-- This site is optimized with the Yoast SEO plugin v27.5 - https:\/\/yoast.com\/product\/yoast-seo-wordpress\/ -->\n<title>PSDI e Renato D&#039;Andria<\/title>\n<meta name=\"description\" content=\"COMUNICATO STAMPA Un silenzio di studio e di preparazione politica durato alcuni mesi, \u00e8 stato infranto ieri, a Roma, nella sede ufficiale del Partito\" \/>\n<meta name=\"robots\" content=\"index, follow, max-snippet:-1, max-image-preview:large, max-video-preview:-1\" \/>\n<link rel=\"canonical\" href=\"https:\/\/www.romaoggi.eu\/index.php\/2020\/05\/14\/psdi-e-renato-dandria\/\" \/>\n<meta property=\"og:locale\" content=\"it_IT\" \/>\n<meta property=\"og:type\" content=\"article\" \/>\n<meta property=\"og:title\" content=\"PSDI e Renato D&#039;Andria\" \/>\n<meta property=\"og:description\" content=\"COMUNICATO STAMPA Un silenzio di studio e di preparazione politica durato alcuni mesi, \u00e8 stato infranto ieri, a Roma, nella sede ufficiale del Partito\" \/>\n<meta property=\"og:url\" content=\"https:\/\/www.romaoggi.eu\/index.php\/2020\/05\/14\/psdi-e-renato-dandria\/\" \/>\n<meta property=\"og:site_name\" content=\"roma oggi\" \/>\n<meta property=\"article:publisher\" content=\"https:\/\/www.facebook.com\/RomaOggi-841544845954114\" \/>\n<meta property=\"article:published_time\" content=\"2020-05-14T19:16:52+00:00\" \/>\n<meta property=\"og:image\" content=\"https:\/\/www.romaoggi.eu\/wp-content\/uploads\/2020\/05\/RDA_twitter_image3.png\" \/>\n\t<meta property=\"og:image:width\" content=\"398\" \/>\n\t<meta property=\"og:image:height\" content=\"473\" \/>\n\t<meta property=\"og:image:type\" content=\"image\/png\" \/>\n<meta name=\"author\" content=\"Federica Pansadoro\" \/>\n<meta name=\"twitter:card\" content=\"summary_large_image\" \/>\n<meta name=\"twitter:creator\" content=\"@romaoggi_eu\" \/>\n<meta name=\"twitter:site\" content=\"@romaoggi_eu\" \/>\n<meta name=\"twitter:label1\" content=\"Scritto da\" \/>\n\t<meta name=\"twitter:data1\" content=\"Federica Pansadoro\" \/>\n\t<meta name=\"twitter:label2\" content=\"Tempo di lettura stimato\" \/>\n\t<meta name=\"twitter:data2\" content=\"2 minuti\" \/>\n<script type=\"application\/ld+json\" class=\"yoast-schema-graph\">{\"@context\":\"https:\\\/\\\/schema.org\",\"@graph\":[{\"@type\":\"Article\",\"@id\":\"https:\\\/\\\/www.romaoggi.eu\\\/index.php\\\/2020\\\/05\\\/14\\\/psdi-e-renato-dandria\\\/#article\",\"isPartOf\":{\"@id\":\"https:\\\/\\\/www.romaoggi.eu\\\/index.php\\\/2020\\\/05\\\/14\\\/psdi-e-renato-dandria\\\/\"},\"author\":{\"name\":\"Federica Pansadoro\",\"@id\":\"https:\\\/\\\/www.romaoggi.eu\\\/#\\\/schema\\\/person\\\/569485df663c86fd2d0179a6643546f9\"},\"headline\":\"PSDI e Renato D&#8217;Andria\",\"datePublished\":\"2020-05-14T19:16:52+00:00\",\"mainEntityOfPage\":{\"@id\":\"https:\\\/\\\/www.romaoggi.eu\\\/index.php\\\/2020\\\/05\\\/14\\\/psdi-e-renato-dandria\\\/\"},\"wordCount\":430,\"publisher\":{\"@id\":\"https:\\\/\\\/www.romaoggi.eu\\\/#organization\"},\"image\":{\"@id\":\"https:\\\/\\\/www.romaoggi.eu\\\/index.php\\\/2020\\\/05\\\/14\\\/psdi-e-renato-dandria\\\/#primaryimage\"},\"thumbnailUrl\":\"https:\\\/\\\/www.romaoggi.eu\\\/wp-content\\\/uploads\\\/2020\\\/05\\\/RDA_twitter_image3.png\",\"keywords\":[\"psdi\",\"renato d'andria\"],\"articleSection\":[\"attualit\u00e0\"],\"inLanguage\":\"it-IT\"},{\"@type\":\"WebPage\",\"@id\":\"https:\\\/\\\/www.romaoggi.eu\\\/index.php\\\/2020\\\/05\\\/14\\\/psdi-e-renato-dandria\\\/\",\"url\":\"https:\\\/\\\/www.romaoggi.eu\\\/index.php\\\/2020\\\/05\\\/14\\\/psdi-e-renato-dandria\\\/\",\"name\":\"PSDI e Renato D'Andria\",\"isPartOf\":{\"@id\":\"https:\\\/\\\/www.romaoggi.eu\\\/#website\"},\"primaryImageOfPage\":{\"@id\":\"https:\\\/\\\/www.romaoggi.eu\\\/index.php\\\/2020\\\/05\\\/14\\\/psdi-e-renato-dandria\\\/#primaryimage\"},\"image\":{\"@id\":\"https:\\\/\\\/www.romaoggi.eu\\\/index.php\\\/2020\\\/05\\\/14\\\/psdi-e-renato-dandria\\\/#primaryimage\"},\"thumbnailUrl\":\"https:\\\/\\\/www.romaoggi.eu\\\/wp-content\\\/uploads\\\/2020\\\/05\\\/RDA_twitter_image3.png\",\"datePublished\":\"2020-05-14T19:16:52+00:00\",\"description\":\"COMUNICATO STAMPA Un silenzio di studio e di preparazione politica durato alcuni mesi, \u00e8 stato infranto ieri, a Roma, nella sede ufficiale del Partito\",\"breadcrumb\":{\"@id\":\"https:\\\/\\\/www.romaoggi.eu\\\/index.php\\\/2020\\\/05\\\/14\\\/psdi-e-renato-dandria\\\/#breadcrumb\"},\"inLanguage\":\"it-IT\",\"potentialAction\":[{\"@type\":\"ReadAction\",\"target\":[\"https:\\\/\\\/www.romaoggi.eu\\\/index.php\\\/2020\\\/05\\\/14\\\/psdi-e-renato-dandria\\\/\"]}]},{\"@type\":\"ImageObject\",\"inLanguage\":\"it-IT\",\"@id\":\"https:\\\/\\\/www.romaoggi.eu\\\/index.php\\\/2020\\\/05\\\/14\\\/psdi-e-renato-dandria\\\/#primaryimage\",\"url\":\"https:\\\/\\\/www.romaoggi.eu\\\/wp-content\\\/uploads\\\/2020\\\/05\\\/RDA_twitter_image3.png\",\"contentUrl\":\"https:\\\/\\\/www.romaoggi.eu\\\/wp-content\\\/uploads\\\/2020\\\/05\\\/RDA_twitter_image3.png\",\"width\":398,\"height\":473},{\"@type\":\"BreadcrumbList\",\"@id\":\"https:\\\/\\\/www.romaoggi.eu\\\/index.php\\\/2020\\\/05\\\/14\\\/psdi-e-renato-dandria\\\/#breadcrumb\",\"itemListElement\":[{\"@type\":\"ListItem\",\"position\":1,\"name\":\"Home\",\"item\":\"https:\\\/\\\/www.romaoggi.eu\\\/\"},{\"@type\":\"ListItem\",\"position\":2,\"name\":\"PSDI e Renato D&#8217;Andria\"}]},{\"@type\":\"WebSite\",\"@id\":\"https:\\\/\\\/www.romaoggi.eu\\\/#website\",\"url\":\"https:\\\/\\\/www.romaoggi.eu\\\/\",\"name\":\"roma oggi\",\"description\":\"Interesting News for Interesting people\",\"publisher\":{\"@id\":\"https:\\\/\\\/www.romaoggi.eu\\\/#organization\"},\"potentialAction\":[{\"@type\":\"SearchAction\",\"target\":{\"@type\":\"EntryPoint\",\"urlTemplate\":\"https:\\\/\\\/www.romaoggi.eu\\\/?s={search_term_string}\"},\"query-input\":{\"@type\":\"PropertyValueSpecification\",\"valueRequired\":true,\"valueName\":\"search_term_string\"}}],\"inLanguage\":\"it-IT\"},{\"@type\":\"Organization\",\"@id\":\"https:\\\/\\\/www.romaoggi.eu\\\/#organization\",\"name\":\"RomaOggi\",\"url\":\"https:\\\/\\\/www.romaoggi.eu\\\/\",\"logo\":{\"@type\":\"ImageObject\",\"inLanguage\":\"it-IT\",\"@id\":\"https:\\\/\\\/www.romaoggi.eu\\\/#\\\/schema\\\/logo\\\/image\\\/\",\"url\":\"https:\\\/\\\/www.romaoggi.eu\\\/wp-content\\\/uploads\\\/2017\\\/04\\\/logowp.jpg\",\"contentUrl\":\"https:\\\/\\\/www.romaoggi.eu\\\/wp-content\\\/uploads\\\/2017\\\/04\\\/logowp.jpg\",\"width\":300,\"height\":133,\"caption\":\"RomaOggi\"},\"image\":{\"@id\":\"https:\\\/\\\/www.romaoggi.eu\\\/#\\\/schema\\\/logo\\\/image\\\/\"},\"sameAs\":[\"https:\\\/\\\/www.facebook.com\\\/RomaOggi-841544845954114\",\"https:\\\/\\\/x.com\\\/romaoggi_eu\"]},{\"@type\":\"Person\",\"@id\":\"https:\\\/\\\/www.romaoggi.eu\\\/#\\\/schema\\\/person\\\/569485df663c86fd2d0179a6643546f9\",\"name\":\"Federica Pansadoro\",\"image\":{\"@type\":\"ImageObject\",\"inLanguage\":\"it-IT\",\"@id\":\"https:\\\/\\\/secure.gravatar.com\\\/avatar\\\/646783eb26ef4eab9fe24f298081663814c4d6acd6ea1c44b2633e8176ba1dc5?s=96&d=mm&r=g\",\"url\":\"https:\\\/\\\/secure.gravatar.com\\\/avatar\\\/646783eb26ef4eab9fe24f298081663814c4d6acd6ea1c44b2633e8176ba1dc5?s=96&d=mm&r=g\",\"contentUrl\":\"https:\\\/\\\/secure.gravatar.com\\\/avatar\\\/646783eb26ef4eab9fe24f298081663814c4d6acd6ea1c44b2633e8176ba1dc5?s=96&d=mm&r=g\",\"caption\":\"Federica Pansadoro\"},\"sameAs\":[\"https:\\\/\\\/www.youtube.com\\\/channel\\\/UCN8Y45Fmdd0XBagxT7qUVEA\"],\"url\":\"https:\\\/\\\/www.romaoggi.eu\\\/index.php\\\/author\\\/federica\\\/\"}]}<\/script>\n<!-- \/ Yoast SEO plugin. -->","yoast_head_json":{"title":"PSDI e Renato D'Andria","description":"COMUNICATO STAMPA Un silenzio di studio e di preparazione politica durato alcuni mesi, \u00e8 stato infranto ieri, a Roma, nella sede ufficiale del Partito","robots":{"index":"index","follow":"follow","max-snippet":"max-snippet:-1","max-image-preview":"max-image-preview:large","max-video-preview":"max-video-preview:-1"},"canonical":"https:\/\/www.romaoggi.eu\/index.php\/2020\/05\/14\/psdi-e-renato-dandria\/","og_locale":"it_IT","og_type":"article","og_title":"PSDI e Renato D'Andria","og_description":"COMUNICATO STAMPA Un silenzio di studio e di preparazione politica durato alcuni mesi, \u00e8 stato infranto ieri, a Roma, nella sede ufficiale del Partito","og_url":"https:\/\/www.romaoggi.eu\/index.php\/2020\/05\/14\/psdi-e-renato-dandria\/","og_site_name":"roma oggi","article_publisher":"https:\/\/www.facebook.com\/RomaOggi-841544845954114","article_published_time":"2020-05-14T19:16:52+00:00","og_image":[{"width":398,"height":473,"url":"https:\/\/www.romaoggi.eu\/wp-content\/uploads\/2020\/05\/RDA_twitter_image3.png","type":"image\/png"}],"author":"Federica Pansadoro","twitter_card":"summary_large_image","twitter_creator":"@romaoggi_eu","twitter_site":"@romaoggi_eu","twitter_misc":{"Scritto da":"Federica Pansadoro","Tempo di lettura stimato":"2 minuti"},"schema":{"@context":"https:\/\/schema.org","@graph":[{"@type":"Article","@id":"https:\/\/www.romaoggi.eu\/index.php\/2020\/05\/14\/psdi-e-renato-dandria\/#article","isPartOf":{"@id":"https:\/\/www.romaoggi.eu\/index.php\/2020\/05\/14\/psdi-e-renato-dandria\/"},"author":{"name":"Federica Pansadoro","@id":"https:\/\/www.romaoggi.eu\/#\/schema\/person\/569485df663c86fd2d0179a6643546f9"},"headline":"PSDI e Renato D&#8217;Andria","datePublished":"2020-05-14T19:16:52+00:00","mainEntityOfPage":{"@id":"https:\/\/www.romaoggi.eu\/index.php\/2020\/05\/14\/psdi-e-renato-dandria\/"},"wordCount":430,"publisher":{"@id":"https:\/\/www.romaoggi.eu\/#organization"},"image":{"@id":"https:\/\/www.romaoggi.eu\/index.php\/2020\/05\/14\/psdi-e-renato-dandria\/#primaryimage"},"thumbnailUrl":"https:\/\/www.romaoggi.eu\/wp-content\/uploads\/2020\/05\/RDA_twitter_image3.png","keywords":["psdi","renato d'andria"],"articleSection":["attualit\u00e0"],"inLanguage":"it-IT"},{"@type":"WebPage","@id":"https:\/\/www.romaoggi.eu\/index.php\/2020\/05\/14\/psdi-e-renato-dandria\/","url":"https:\/\/www.romaoggi.eu\/index.php\/2020\/05\/14\/psdi-e-renato-dandria\/","name":"PSDI e Renato D'Andria","isPartOf":{"@id":"https:\/\/www.romaoggi.eu\/#website"},"primaryImageOfPage":{"@id":"https:\/\/www.romaoggi.eu\/index.php\/2020\/05\/14\/psdi-e-renato-dandria\/#primaryimage"},"image":{"@id":"https:\/\/www.romaoggi.eu\/index.php\/2020\/05\/14\/psdi-e-renato-dandria\/#primaryimage"},"thumbnailUrl":"https:\/\/www.romaoggi.eu\/wp-content\/uploads\/2020\/05\/RDA_twitter_image3.png","datePublished":"2020-05-14T19:16:52+00:00","description":"COMUNICATO STAMPA Un silenzio di studio e di preparazione politica durato alcuni mesi, \u00e8 stato infranto ieri, a Roma, nella sede ufficiale del Partito","breadcrumb":{"@id":"https:\/\/www.romaoggi.eu\/index.php\/2020\/05\/14\/psdi-e-renato-dandria\/#breadcrumb"},"inLanguage":"it-IT","potentialAction":[{"@type":"ReadAction","target":["https:\/\/www.romaoggi.eu\/index.php\/2020\/05\/14\/psdi-e-renato-dandria\/"]}]},{"@type":"ImageObject","inLanguage":"it-IT","@id":"https:\/\/www.romaoggi.eu\/index.php\/2020\/05\/14\/psdi-e-renato-dandria\/#primaryimage","url":"https:\/\/www.romaoggi.eu\/wp-content\/uploads\/2020\/05\/RDA_twitter_image3.png","contentUrl":"https:\/\/www.romaoggi.eu\/wp-content\/uploads\/2020\/05\/RDA_twitter_image3.png","width":398,"height":473},{"@type":"BreadcrumbList","@id":"https:\/\/www.romaoggi.eu\/index.php\/2020\/05\/14\/psdi-e-renato-dandria\/#breadcrumb","itemListElement":[{"@type":"ListItem","position":1,"name":"Home","item":"https:\/\/www.romaoggi.eu\/"},{"@type":"ListItem","position":2,"name":"PSDI e Renato D&#8217;Andria"}]},{"@type":"WebSite","@id":"https:\/\/www.romaoggi.eu\/#website","url":"https:\/\/www.romaoggi.eu\/","name":"roma oggi","description":"Interesting News for Interesting people","publisher":{"@id":"https:\/\/www.romaoggi.eu\/#organization"},"potentialAction":[{"@type":"SearchAction","target":{"@type":"EntryPoint","urlTemplate":"https:\/\/www.romaoggi.eu\/?s={search_term_string}"},"query-input":{"@type":"PropertyValueSpecification","valueRequired":true,"valueName":"search_term_string"}}],"inLanguage":"it-IT"},{"@type":"Organization","@id":"https:\/\/www.romaoggi.eu\/#organization","name":"RomaOggi","url":"https:\/\/www.romaoggi.eu\/","logo":{"@type":"ImageObject","inLanguage":"it-IT","@id":"https:\/\/www.romaoggi.eu\/#\/schema\/logo\/image\/","url":"https:\/\/www.romaoggi.eu\/wp-content\/uploads\/2017\/04\/logowp.jpg","contentUrl":"https:\/\/www.romaoggi.eu\/wp-content\/uploads\/2017\/04\/logowp.jpg","width":300,"height":133,"caption":"RomaOggi"},"image":{"@id":"https:\/\/www.romaoggi.eu\/#\/schema\/logo\/image\/"},"sameAs":["https:\/\/www.facebook.com\/RomaOggi-841544845954114","https:\/\/x.com\/romaoggi_eu"]},{"@type":"Person","@id":"https:\/\/www.romaoggi.eu\/#\/schema\/person\/569485df663c86fd2d0179a6643546f9","name":"Federica Pansadoro","image":{"@type":"ImageObject","inLanguage":"it-IT","@id":"https:\/\/secure.gravatar.com\/avatar\/646783eb26ef4eab9fe24f298081663814c4d6acd6ea1c44b2633e8176ba1dc5?s=96&d=mm&r=g","url":"https:\/\/secure.gravatar.com\/avatar\/646783eb26ef4eab9fe24f298081663814c4d6acd6ea1c44b2633e8176ba1dc5?s=96&d=mm&r=g","contentUrl":"https:\/\/secure.gravatar.com\/avatar\/646783eb26ef4eab9fe24f298081663814c4d6acd6ea1c44b2633e8176ba1dc5?s=96&d=mm&r=g","caption":"Federica Pansadoro"},"sameAs":["https:\/\/www.youtube.com\/channel\/UCN8Y45Fmdd0XBagxT7qUVEA"],"url":"https:\/\/www.romaoggi.eu\/index.php\/author\/federica\/"}]}},"_links":{"self":[{"href":"https:\/\/www.romaoggi.eu\/index.php\/wp-json\/wp\/v2\/posts\/24731","targetHints":{"allow":["GET"]}}],"collection":[{"href":"https:\/\/www.romaoggi.eu\/index.php\/wp-json\/wp\/v2\/posts"}],"about":[{"href":"https:\/\/www.romaoggi.eu\/index.php\/wp-json\/wp\/v2\/types\/post"}],"author":[{"embeddable":true,"href":"https:\/\/www.romaoggi.eu\/index.php\/wp-json\/wp\/v2\/users\/13"}],"replies":[{"embeddable":true,"href":"https:\/\/www.romaoggi.eu\/index.php\/wp-json\/wp\/v2\/comments?post=24731"}],"version-history":[{"count":1,"href":"https:\/\/www.romaoggi.eu\/index.php\/wp-json\/wp\/v2\/posts\/24731\/revisions"}],"predecessor-version":[{"id":24733,"href":"https:\/\/www.romaoggi.eu\/index.php\/wp-json\/wp\/v2\/posts\/24731\/revisions\/24733"}],"wp:featuredmedia":[{"embeddable":true,"href":"https:\/\/www.romaoggi.eu\/index.php\/wp-json\/wp\/v2\/media\/24732"}],"wp:attachment":[{"href":"https:\/\/www.romaoggi.eu\/index.php\/wp-json\/wp\/v2\/media?parent=24731"}],"wp:term":[{"taxonomy":"category","embeddable":true,"href":"https:\/\/www.romaoggi.eu\/index.php\/wp-json\/wp\/v2\/categories?post=24731"},{"taxonomy":"post_tag","embeddable":true,"href":"https:\/\/www.romaoggi.eu\/index.php\/wp-json\/wp\/v2\/tags?post=24731"}],"curies":[{"name":"wp","href":"https:\/\/api.w.org\/{rel}","templated":true}]}}