{"id":24840,"date":"2020-05-29T18:11:27","date_gmt":"2020-05-29T16:11:27","guid":{"rendered":"http:\/\/www.romaoggi.eu\/?p=24840"},"modified":"2020-05-29T18:12:01","modified_gmt":"2020-05-29T16:12:01","slug":"e-imminente-la-riapertura-dello-storico-mercato-di-porta-portese","status":"publish","type":"post","link":"https:\/\/www.romaoggi.eu\/index.php\/2020\/05\/29\/e-imminente-la-riapertura-dello-storico-mercato-di-porta-portese\/","title":{"rendered":"E&#8217; imminente la riapertura dello storico mercato di Porta Portese"},"content":{"rendered":"<p>Ci scrive Maurizo Cavalieri, presidente Associazione Operatori Mercato Portaportese<\/p>\n<p><a href=\"https:\/\/www.prolocoroma.it\/il-mercato-di-porta-portese\/\">https:\/\/www.prolocoroma.it\/il-mercato-di-porta-portese\/<\/a><\/p>\n<figure id=\"attachment_24842\" aria-describedby=\"caption-attachment-24842\" style=\"width: 680px\" class=\"wp-caption alignnone\"><img loading=\"lazy\" decoding=\"async\" class=\"size-full wp-image-24842\" src=\"https:\/\/www.romaoggi.eu\/wp-content\/uploads\/2020\/05\/Maurizio-Cavalieri-2-WhatsApp-Image-2020-05-29-at-17.38.01.jpg\" alt=\"alt atg porta portese\" width=\"680\" height=\"1020\" srcset=\"https:\/\/www.romaoggi.eu\/wp-content\/uploads\/2020\/05\/Maurizio-Cavalieri-2-WhatsApp-Image-2020-05-29-at-17.38.01.jpg 680w, https:\/\/www.romaoggi.eu\/wp-content\/uploads\/2020\/05\/Maurizio-Cavalieri-2-WhatsApp-Image-2020-05-29-at-17.38.01-200x300.jpg 200w\" sizes=\"auto, (max-width: 680px) 100vw, 680px\" \/><figcaption id=\"caption-attachment-24842\" class=\"wp-caption-text\"><strong>Maurizio Cavalieri presidente Associazione Operatori Mercato Portaportese<\/strong><\/figcaption><\/figure>\n<p>Oggi a seguito di una riunione via web svolta con gli assessorati competenti comunali e municipali \u00e8 stato deciso che la riapertura del mercato sar\u00e0 rinviata alla prima domenica di giugno, previa l&#8217;approvazione da parte del municipio di un piano operativo per il contingentamento del mercato condiviso con tutte le associazioni presenti sul mercato. Il piano operativo sar\u00e0 elaborato la prossima settimana ed eviter\u00e0 il rischio di chiusura del mercato per tutta la durata dell&#8217;emergenza covid19 a causa assembramento, cos\u00ec come \u00e8 stato paventato dalle autorit\u00e0 competenti.<br \/>\nAgiremo nell&#8217;interesse di tutti e vi terremo correttamente informati.<\/p>\n<p>Quindi \u00a0salvo imprevisti dell&#8217;ultimo momento,il mercato riapre il 07-06-2020<\/p>\n<p>Redazione Alessandro Lisci<\/p>\n","protected":false},"excerpt":{"rendered":"<div class=\"mh-excerpt\"><p>Ci scrive Maurizo Cavalieri, presidente Associazione Operatori Mercato Portaportese https:\/\/www.prolocoroma.it\/il-mercato-di-porta-portese\/ Oggi a seguito di una riunione via web svolta con gli assessorati competenti comunali e municipali \u00e8 stato deciso che la riapertura del mercato sar\u00e0 <a class=\"mh-excerpt-more\" href=\"https:\/\/www.romaoggi.eu\/index.php\/2020\/05\/29\/e-imminente-la-riapertura-dello-storico-mercato-di-porta-portese\/\" title=\"E&#8217; imminente la riapertura dello storico mercato di Porta Portese\">[&#8230;]<\/a><\/p>\n<\/div>","protected":false},"author":10,"featured_media":24841,"comment_status":"closed","ping_status":"open","sticky":false,"template":"","format":"standard","meta":{"_sitemap_exclude":false,"_sitemap_priority":"","_sitemap_frequency":"","footnotes":""},"categories":[7204],"tags":[13980,13909,13978,13979,13805,10496],"class_list":["post-24840","post","type-post","status-publish","format-standard","has-post-thumbnail","hentry","category-curiosita","tag-associazione-operatori-mercato-portaportese","tag-lockdown","tag-maurizio-cavalieri","tag-portaportese","tag-quarantena","tag-sindaca-virginia-raggi"],"yoast_head":"<!-- This site is optimized with the Yoast SEO plugin v27.5 - https:\/\/yoast.com\/product\/yoast-seo-wordpress\/ -->\n<title>E&#039; imminente la riapertura dello storico mercato di Porta Portese<\/title>\n<meta name=\"description\" content=\"E&#039; imminente la riapertura dello storico mercato di Porta Portese\" \/>\n<meta name=\"robots\" content=\"index, follow, max-snippet:-1, max-image-preview:large, max-video-preview:-1\" \/>\n<link rel=\"canonical\" href=\"https:\/\/www.romaoggi.eu\/index.php\/2020\/05\/29\/e-imminente-la-riapertura-dello-storico-mercato-di-porta-portese\/\" \/>\n<meta property=\"og:locale\" content=\"it_IT\" \/>\n<meta property=\"og:type\" content=\"article\" \/>\n<meta property=\"og:title\" content=\"E&#039; imminente la riapertura dello storico mercato di Porta Portese\" \/>\n<meta property=\"og:description\" content=\"E&#039; imminente la riapertura dello storico mercato di Porta Portese\" \/>\n<meta property=\"og:url\" content=\"https:\/\/www.romaoggi.eu\/index.php\/2020\/05\/29\/e-imminente-la-riapertura-dello-storico-mercato-di-porta-portese\/\" \/>\n<meta property=\"og:site_name\" content=\"roma oggi\" \/>\n<meta property=\"article:publisher\" content=\"https:\/\/www.facebook.com\/RomaOggi-841544845954114\" \/>\n<meta property=\"article:author\" content=\"https:\/\/www.facebook.com\/alessandro.lisci.5\" \/>\n<meta property=\"article:published_time\" content=\"2020-05-29T16:11:27+00:00\" \/>\n<meta property=\"article:modified_time\" content=\"2020-05-29T16:12:01+00:00\" \/>\n<meta property=\"og:image\" content=\"https:\/\/www.romaoggi.eu\/wp-content\/uploads\/2020\/05\/DSC_4811Porta-Portese-13Maggio-2018-copia-elaborata-copia-credito-1024x683.jpg\" \/>\n\t<meta property=\"og:image:width\" content=\"1024\" \/>\n\t<meta property=\"og:image:height\" content=\"683\" \/>\n\t<meta property=\"og:image:type\" content=\"image\/jpeg\" \/>\n<meta name=\"author\" content=\"Alessandro Lisci\" \/>\n<meta name=\"twitter:card\" content=\"summary_large_image\" \/>\n<meta name=\"twitter:creator\" content=\"@https:\/\/twitter.com\/alessandrolisci\" \/>\n<meta name=\"twitter:site\" content=\"@romaoggi_eu\" \/>\n<meta name=\"twitter:label1\" content=\"Scritto da\" \/>\n\t<meta name=\"twitter:data1\" content=\"Alessandro Lisci\" \/>\n\t<meta name=\"twitter:label2\" content=\"Tempo di lettura stimato\" \/>\n\t<meta name=\"twitter:data2\" content=\"1 minuto\" \/>\n<script type=\"application\/ld+json\" class=\"yoast-schema-graph\">{\"@context\":\"https:\\\/\\\/schema.org\",\"@graph\":[{\"@type\":\"Article\",\"@id\":\"https:\\\/\\\/www.romaoggi.eu\\\/index.php\\\/2020\\\/05\\\/29\\\/e-imminente-la-riapertura-dello-storico-mercato-di-porta-portese\\\/#article\",\"isPartOf\":{\"@id\":\"https:\\\/\\\/www.romaoggi.eu\\\/index.php\\\/2020\\\/05\\\/29\\\/e-imminente-la-riapertura-dello-storico-mercato-di-porta-portese\\\/\"},\"author\":{\"name\":\"Alessandro Lisci\",\"@id\":\"https:\\\/\\\/www.romaoggi.eu\\\/#\\\/schema\\\/person\\\/30ada62b3bd510c45a781b7e3bf65e69\"},\"headline\":\"E&#8217; imminente la riapertura dello storico mercato di Porta Portese\",\"datePublished\":\"2020-05-29T16:11:27+00:00\",\"dateModified\":\"2020-05-29T16:12:01+00:00\",\"mainEntityOfPage\":{\"@id\":\"https:\\\/\\\/www.romaoggi.eu\\\/index.php\\\/2020\\\/05\\\/29\\\/e-imminente-la-riapertura-dello-storico-mercato-di-porta-portese\\\/\"},\"wordCount\":150,\"publisher\":{\"@id\":\"https:\\\/\\\/www.romaoggi.eu\\\/#organization\"},\"image\":{\"@id\":\"https:\\\/\\\/www.romaoggi.eu\\\/index.php\\\/2020\\\/05\\\/29\\\/e-imminente-la-riapertura-dello-storico-mercato-di-porta-portese\\\/#primaryimage\"},\"thumbnailUrl\":\"https:\\\/\\\/www.romaoggi.eu\\\/wp-content\\\/uploads\\\/2020\\\/05\\\/DSC_4811Porta-Portese-13Maggio-2018-copia-elaborata-copia-credito.jpg\",\"keywords\":[\"Associazione Operatori Mercato Portaportese\",\"lockdown\",\"Maurizio Cavalieri\",\"Portaportese\",\"quarantena\",\"Sindaca Virginia raggi\"],\"articleSection\":[\"Curiosit\u00e0\"],\"inLanguage\":\"it-IT\"},{\"@type\":\"WebPage\",\"@id\":\"https:\\\/\\\/www.romaoggi.eu\\\/index.php\\\/2020\\\/05\\\/29\\\/e-imminente-la-riapertura-dello-storico-mercato-di-porta-portese\\\/\",\"url\":\"https:\\\/\\\/www.romaoggi.eu\\\/index.php\\\/2020\\\/05\\\/29\\\/e-imminente-la-riapertura-dello-storico-mercato-di-porta-portese\\\/\",\"name\":\"E' imminente la riapertura dello storico mercato di Porta Portese\",\"isPartOf\":{\"@id\":\"https:\\\/\\\/www.romaoggi.eu\\\/#website\"},\"primaryImageOfPage\":{\"@id\":\"https:\\\/\\\/www.romaoggi.eu\\\/index.php\\\/2020\\\/05\\\/29\\\/e-imminente-la-riapertura-dello-storico-mercato-di-porta-portese\\\/#primaryimage\"},\"image\":{\"@id\":\"https:\\\/\\\/www.romaoggi.eu\\\/index.php\\\/2020\\\/05\\\/29\\\/e-imminente-la-riapertura-dello-storico-mercato-di-porta-portese\\\/#primaryimage\"},\"thumbnailUrl\":\"https:\\\/\\\/www.romaoggi.eu\\\/wp-content\\\/uploads\\\/2020\\\/05\\\/DSC_4811Porta-Portese-13Maggio-2018-copia-elaborata-copia-credito.jpg\",\"datePublished\":\"2020-05-29T16:11:27+00:00\",\"dateModified\":\"2020-05-29T16:12:01+00:00\",\"description\":\"E' imminente la riapertura dello storico mercato di Porta Portese\",\"breadcrumb\":{\"@id\":\"https:\\\/\\\/www.romaoggi.eu\\\/index.php\\\/2020\\\/05\\\/29\\\/e-imminente-la-riapertura-dello-storico-mercato-di-porta-portese\\\/#breadcrumb\"},\"inLanguage\":\"it-IT\",\"potentialAction\":[{\"@type\":\"ReadAction\",\"target\":[\"https:\\\/\\\/www.romaoggi.eu\\\/index.php\\\/2020\\\/05\\\/29\\\/e-imminente-la-riapertura-dello-storico-mercato-di-porta-portese\\\/\"]}]},{\"@type\":\"ImageObject\",\"inLanguage\":\"it-IT\",\"@id\":\"https:\\\/\\\/www.romaoggi.eu\\\/index.php\\\/2020\\\/05\\\/29\\\/e-imminente-la-riapertura-dello-storico-mercato-di-porta-portese\\\/#primaryimage\",\"url\":\"https:\\\/\\\/www.romaoggi.eu\\\/wp-content\\\/uploads\\\/2020\\\/05\\\/DSC_4811Porta-Portese-13Maggio-2018-copia-elaborata-copia-credito.jpg\",\"contentUrl\":\"https:\\\/\\\/www.romaoggi.eu\\\/wp-content\\\/uploads\\\/2020\\\/05\\\/DSC_4811Porta-Portese-13Maggio-2018-copia-elaborata-copia-credito.jpg\",\"width\":4252,\"height\":2835,\"caption\":\"Lo storico Mercato di Porta Portese\"},{\"@type\":\"BreadcrumbList\",\"@id\":\"https:\\\/\\\/www.romaoggi.eu\\\/index.php\\\/2020\\\/05\\\/29\\\/e-imminente-la-riapertura-dello-storico-mercato-di-porta-portese\\\/#breadcrumb\",\"itemListElement\":[{\"@type\":\"ListItem\",\"position\":1,\"name\":\"Home\",\"item\":\"https:\\\/\\\/www.romaoggi.eu\\\/\"},{\"@type\":\"ListItem\",\"position\":2,\"name\":\"E&#8217; imminente la riapertura dello storico mercato di Porta Portese\"}]},{\"@type\":\"WebSite\",\"@id\":\"https:\\\/\\\/www.romaoggi.eu\\\/#website\",\"url\":\"https:\\\/\\\/www.romaoggi.eu\\\/\",\"name\":\"roma oggi\",\"description\":\"Interesting News for Interesting people\",\"publisher\":{\"@id\":\"https:\\\/\\\/www.romaoggi.eu\\\/#organization\"},\"potentialAction\":[{\"@type\":\"SearchAction\",\"target\":{\"@type\":\"EntryPoint\",\"urlTemplate\":\"https:\\\/\\\/www.romaoggi.eu\\\/?s={search_term_string}\"},\"query-input\":{\"@type\":\"PropertyValueSpecification\",\"valueRequired\":true,\"valueName\":\"search_term_string\"}}],\"inLanguage\":\"it-IT\"},{\"@type\":\"Organization\",\"@id\":\"https:\\\/\\\/www.romaoggi.eu\\\/#organization\",\"name\":\"RomaOggi\",\"url\":\"https:\\\/\\\/www.romaoggi.eu\\\/\",\"logo\":{\"@type\":\"ImageObject\",\"inLanguage\":\"it-IT\",\"@id\":\"https:\\\/\\\/www.romaoggi.eu\\\/#\\\/schema\\\/logo\\\/image\\\/\",\"url\":\"https:\\\/\\\/www.romaoggi.eu\\\/wp-content\\\/uploads\\\/2017\\\/04\\\/logowp.jpg\",\"contentUrl\":\"https:\\\/\\\/www.romaoggi.eu\\\/wp-content\\\/uploads\\\/2017\\\/04\\\/logowp.jpg\",\"width\":300,\"height\":133,\"caption\":\"RomaOggi\"},\"image\":{\"@id\":\"https:\\\/\\\/www.romaoggi.eu\\\/#\\\/schema\\\/logo\\\/image\\\/\"},\"sameAs\":[\"https:\\\/\\\/www.facebook.com\\\/RomaOggi-841544845954114\",\"https:\\\/\\\/x.com\\\/romaoggi_eu\"]},{\"@type\":\"Person\",\"@id\":\"https:\\\/\\\/www.romaoggi.eu\\\/#\\\/schema\\\/person\\\/30ada62b3bd510c45a781b7e3bf65e69\",\"name\":\"Alessandro Lisci\",\"image\":{\"@type\":\"ImageObject\",\"inLanguage\":\"it-IT\",\"@id\":\"https:\\\/\\\/secure.gravatar.com\\\/avatar\\\/9b9712162b2ac404aa0d7d978185f203808e7bd02856a449b19868b2eb80cf12?s=96&d=mm&r=g\",\"url\":\"https:\\\/\\\/secure.gravatar.com\\\/avatar\\\/9b9712162b2ac404aa0d7d978185f203808e7bd02856a449b19868b2eb80cf12?s=96&d=mm&r=g\",\"contentUrl\":\"https:\\\/\\\/secure.gravatar.com\\\/avatar\\\/9b9712162b2ac404aa0d7d978185f203808e7bd02856a449b19868b2eb80cf12?s=96&d=mm&r=g\",\"caption\":\"Alessandro Lisci\"},\"sameAs\":[\"http:\\\/\\\/www.alessandrolisci.com\",\"https:\\\/\\\/www.facebook.com\\\/alessandro.lisci.5\",\"https:\\\/\\\/x.com\\\/https:\\\/\\\/twitter.com\\\/alessandrolisci\",\"https:\\\/\\\/www.youtube.com\\\/user\\\/alessandrolisci\"],\"url\":\"https:\\\/\\\/www.romaoggi.eu\\\/index.php\\\/author\\\/alessandro\\\/\"}]}<\/script>\n<!-- \/ Yoast SEO plugin. -->","yoast_head_json":{"title":"E' imminente la riapertura dello storico mercato di Porta Portese","description":"E' imminente la riapertura dello storico mercato di Porta Portese","robots":{"index":"index","follow":"follow","max-snippet":"max-snippet:-1","max-image-preview":"max-image-preview:large","max-video-preview":"max-video-preview:-1"},"canonical":"https:\/\/www.romaoggi.eu\/index.php\/2020\/05\/29\/e-imminente-la-riapertura-dello-storico-mercato-di-porta-portese\/","og_locale":"it_IT","og_type":"article","og_title":"E' imminente la riapertura dello storico mercato di Porta Portese","og_description":"E' imminente la riapertura dello storico mercato di Porta Portese","og_url":"https:\/\/www.romaoggi.eu\/index.php\/2020\/05\/29\/e-imminente-la-riapertura-dello-storico-mercato-di-porta-portese\/","og_site_name":"roma oggi","article_publisher":"https:\/\/www.facebook.com\/RomaOggi-841544845954114","article_author":"https:\/\/www.facebook.com\/alessandro.lisci.5","article_published_time":"2020-05-29T16:11:27+00:00","article_modified_time":"2020-05-29T16:12:01+00:00","og_image":[{"width":1024,"height":683,"url":"https:\/\/www.romaoggi.eu\/wp-content\/uploads\/2020\/05\/DSC_4811Porta-Portese-13Maggio-2018-copia-elaborata-copia-credito-1024x683.jpg","type":"image\/jpeg"}],"author":"Alessandro Lisci","twitter_card":"summary_large_image","twitter_creator":"@https:\/\/twitter.com\/alessandrolisci","twitter_site":"@romaoggi_eu","twitter_misc":{"Scritto da":"Alessandro Lisci","Tempo di lettura stimato":"1 minuto"},"schema":{"@context":"https:\/\/schema.org","@graph":[{"@type":"Article","@id":"https:\/\/www.romaoggi.eu\/index.php\/2020\/05\/29\/e-imminente-la-riapertura-dello-storico-mercato-di-porta-portese\/#article","isPartOf":{"@id":"https:\/\/www.romaoggi.eu\/index.php\/2020\/05\/29\/e-imminente-la-riapertura-dello-storico-mercato-di-porta-portese\/"},"author":{"name":"Alessandro Lisci","@id":"https:\/\/www.romaoggi.eu\/#\/schema\/person\/30ada62b3bd510c45a781b7e3bf65e69"},"headline":"E&#8217; imminente la riapertura dello storico mercato di Porta Portese","datePublished":"2020-05-29T16:11:27+00:00","dateModified":"2020-05-29T16:12:01+00:00","mainEntityOfPage":{"@id":"https:\/\/www.romaoggi.eu\/index.php\/2020\/05\/29\/e-imminente-la-riapertura-dello-storico-mercato-di-porta-portese\/"},"wordCount":150,"publisher":{"@id":"https:\/\/www.romaoggi.eu\/#organization"},"image":{"@id":"https:\/\/www.romaoggi.eu\/index.php\/2020\/05\/29\/e-imminente-la-riapertura-dello-storico-mercato-di-porta-portese\/#primaryimage"},"thumbnailUrl":"https:\/\/www.romaoggi.eu\/wp-content\/uploads\/2020\/05\/DSC_4811Porta-Portese-13Maggio-2018-copia-elaborata-copia-credito.jpg","keywords":["Associazione Operatori Mercato Portaportese","lockdown","Maurizio Cavalieri","Portaportese","quarantena","Sindaca Virginia raggi"],"articleSection":["Curiosit\u00e0"],"inLanguage":"it-IT"},{"@type":"WebPage","@id":"https:\/\/www.romaoggi.eu\/index.php\/2020\/05\/29\/e-imminente-la-riapertura-dello-storico-mercato-di-porta-portese\/","url":"https:\/\/www.romaoggi.eu\/index.php\/2020\/05\/29\/e-imminente-la-riapertura-dello-storico-mercato-di-porta-portese\/","name":"E' imminente la riapertura dello storico mercato di Porta Portese","isPartOf":{"@id":"https:\/\/www.romaoggi.eu\/#website"},"primaryImageOfPage":{"@id":"https:\/\/www.romaoggi.eu\/index.php\/2020\/05\/29\/e-imminente-la-riapertura-dello-storico-mercato-di-porta-portese\/#primaryimage"},"image":{"@id":"https:\/\/www.romaoggi.eu\/index.php\/2020\/05\/29\/e-imminente-la-riapertura-dello-storico-mercato-di-porta-portese\/#primaryimage"},"thumbnailUrl":"https:\/\/www.romaoggi.eu\/wp-content\/uploads\/2020\/05\/DSC_4811Porta-Portese-13Maggio-2018-copia-elaborata-copia-credito.jpg","datePublished":"2020-05-29T16:11:27+00:00","dateModified":"2020-05-29T16:12:01+00:00","description":"E' imminente la riapertura dello storico mercato di Porta Portese","breadcrumb":{"@id":"https:\/\/www.romaoggi.eu\/index.php\/2020\/05\/29\/e-imminente-la-riapertura-dello-storico-mercato-di-porta-portese\/#breadcrumb"},"inLanguage":"it-IT","potentialAction":[{"@type":"ReadAction","target":["https:\/\/www.romaoggi.eu\/index.php\/2020\/05\/29\/e-imminente-la-riapertura-dello-storico-mercato-di-porta-portese\/"]}]},{"@type":"ImageObject","inLanguage":"it-IT","@id":"https:\/\/www.romaoggi.eu\/index.php\/2020\/05\/29\/e-imminente-la-riapertura-dello-storico-mercato-di-porta-portese\/#primaryimage","url":"https:\/\/www.romaoggi.eu\/wp-content\/uploads\/2020\/05\/DSC_4811Porta-Portese-13Maggio-2018-copia-elaborata-copia-credito.jpg","contentUrl":"https:\/\/www.romaoggi.eu\/wp-content\/uploads\/2020\/05\/DSC_4811Porta-Portese-13Maggio-2018-copia-elaborata-copia-credito.jpg","width":4252,"height":2835,"caption":"Lo storico Mercato di Porta Portese"},{"@type":"BreadcrumbList","@id":"https:\/\/www.romaoggi.eu\/index.php\/2020\/05\/29\/e-imminente-la-riapertura-dello-storico-mercato-di-porta-portese\/#breadcrumb","itemListElement":[{"@type":"ListItem","position":1,"name":"Home","item":"https:\/\/www.romaoggi.eu\/"},{"@type":"ListItem","position":2,"name":"E&#8217; imminente la riapertura dello storico mercato di Porta Portese"}]},{"@type":"WebSite","@id":"https:\/\/www.romaoggi.eu\/#website","url":"https:\/\/www.romaoggi.eu\/","name":"roma oggi","description":"Interesting News for Interesting people","publisher":{"@id":"https:\/\/www.romaoggi.eu\/#organization"},"potentialAction":[{"@type":"SearchAction","target":{"@type":"EntryPoint","urlTemplate":"https:\/\/www.romaoggi.eu\/?s={search_term_string}"},"query-input":{"@type":"PropertyValueSpecification","valueRequired":true,"valueName":"search_term_string"}}],"inLanguage":"it-IT"},{"@type":"Organization","@id":"https:\/\/www.romaoggi.eu\/#organization","name":"RomaOggi","url":"https:\/\/www.romaoggi.eu\/","logo":{"@type":"ImageObject","inLanguage":"it-IT","@id":"https:\/\/www.romaoggi.eu\/#\/schema\/logo\/image\/","url":"https:\/\/www.romaoggi.eu\/wp-content\/uploads\/2017\/04\/logowp.jpg","contentUrl":"https:\/\/www.romaoggi.eu\/wp-content\/uploads\/2017\/04\/logowp.jpg","width":300,"height":133,"caption":"RomaOggi"},"image":{"@id":"https:\/\/www.romaoggi.eu\/#\/schema\/logo\/image\/"},"sameAs":["https:\/\/www.facebook.com\/RomaOggi-841544845954114","https:\/\/x.com\/romaoggi_eu"]},{"@type":"Person","@id":"https:\/\/www.romaoggi.eu\/#\/schema\/person\/30ada62b3bd510c45a781b7e3bf65e69","name":"Alessandro Lisci","image":{"@type":"ImageObject","inLanguage":"it-IT","@id":"https:\/\/secure.gravatar.com\/avatar\/9b9712162b2ac404aa0d7d978185f203808e7bd02856a449b19868b2eb80cf12?s=96&d=mm&r=g","url":"https:\/\/secure.gravatar.com\/avatar\/9b9712162b2ac404aa0d7d978185f203808e7bd02856a449b19868b2eb80cf12?s=96&d=mm&r=g","contentUrl":"https:\/\/secure.gravatar.com\/avatar\/9b9712162b2ac404aa0d7d978185f203808e7bd02856a449b19868b2eb80cf12?s=96&d=mm&r=g","caption":"Alessandro Lisci"},"sameAs":["http:\/\/www.alessandrolisci.com","https:\/\/www.facebook.com\/alessandro.lisci.5","https:\/\/x.com\/https:\/\/twitter.com\/alessandrolisci","https:\/\/www.youtube.com\/user\/alessandrolisci"],"url":"https:\/\/www.romaoggi.eu\/index.php\/author\/alessandro\/"}]}},"_links":{"self":[{"href":"https:\/\/www.romaoggi.eu\/index.php\/wp-json\/wp\/v2\/posts\/24840","targetHints":{"allow":["GET"]}}],"collection":[{"href":"https:\/\/www.romaoggi.eu\/index.php\/wp-json\/wp\/v2\/posts"}],"about":[{"href":"https:\/\/www.romaoggi.eu\/index.php\/wp-json\/wp\/v2\/types\/post"}],"author":[{"embeddable":true,"href":"https:\/\/www.romaoggi.eu\/index.php\/wp-json\/wp\/v2\/users\/10"}],"replies":[{"embeddable":true,"href":"https:\/\/www.romaoggi.eu\/index.php\/wp-json\/wp\/v2\/comments?post=24840"}],"version-history":[{"count":1,"href":"https:\/\/www.romaoggi.eu\/index.php\/wp-json\/wp\/v2\/posts\/24840\/revisions"}],"predecessor-version":[{"id":24843,"href":"https:\/\/www.romaoggi.eu\/index.php\/wp-json\/wp\/v2\/posts\/24840\/revisions\/24843"}],"wp:featuredmedia":[{"embeddable":true,"href":"https:\/\/www.romaoggi.eu\/index.php\/wp-json\/wp\/v2\/media\/24841"}],"wp:attachment":[{"href":"https:\/\/www.romaoggi.eu\/index.php\/wp-json\/wp\/v2\/media?parent=24840"}],"wp:term":[{"taxonomy":"category","embeddable":true,"href":"https:\/\/www.romaoggi.eu\/index.php\/wp-json\/wp\/v2\/categories?post=24840"},{"taxonomy":"post_tag","embeddable":true,"href":"https:\/\/www.romaoggi.eu\/index.php\/wp-json\/wp\/v2\/tags?post=24840"}],"curies":[{"name":"wp","href":"https:\/\/api.w.org\/{rel}","templated":true}]}}