{"id":25140,"date":"2020-07-01T15:37:29","date_gmt":"2020-07-01T13:37:29","guid":{"rendered":"http:\/\/www.romaoggi.eu\/?p=25140"},"modified":"2020-07-01T15:39:28","modified_gmt":"2020-07-01T13:39:28","slug":"libere-di-sapere-il-diritto-delle-donne-allistruzione-il-libro-di-alessia-lirosi","status":"publish","type":"post","link":"https:\/\/www.romaoggi.eu\/index.php\/2020\/07\/01\/libere-di-sapere-il-diritto-delle-donne-allistruzione-il-libro-di-alessia-lirosi\/","title":{"rendered":"Libere di sapere &#8211; il diritto delle donne all\u2019istruzione il libro di Alessia Lirosi"},"content":{"rendered":"<p><strong>Libere di sapere-Il diritto delle donne all\u2019istruzione- il libro di \u00a0Alessia Lirosi.<\/strong><\/p>\n<p style=\"text-align: justify;\"><span style=\"font-weight: 400;\">Alessia Lirosi \u00e8 una giornalista professionista, laureata in Scienze Politiche e in Storia, ha conseguito un Master in \u201cTutela Internazionale dei Diritti Umani\u201d alla Sapienza e nel 2011 il Dottorato di ricerca in \u201cSociet\u00e0, politiche e culture dal tardo medioevo all\u2019et\u00e0 contemporanea\u201d, oltre ad aver lavorato per 5 anni come giornalista nella Direzione Comunicazione e Attivit\u00e0 Culturali dell\u2019UNICEF Italia. Ha scritto 2 monografie che hanno entrambe ricevuto un Premio ed un romanzo giallo \u201c<\/span><i><span style=\"font-weight: 400;\">Il gatto che sapeva troppo<\/span><\/i><span style=\"font-weight: 400;\">\u201d, anch\u2019esso vincitore di un premio. Abbiamo incontrato Alessia Lirosi per parlare del suo libro\u00a0<\/span><b><i>Libere di sapere \u2013 il diritto delle donne all\u2019istruzione dal Cinquecento al mondo contemporaneo<\/i><\/b><b>\u00a0\u2013<\/b><span style=\"font-weight: 400;\">\u00a0nel quale ripercorre la storia e le lotte delle donne per il diritto all\u2019istruzione, un diritto che oggi sembra scontato nei Paesi Occidentali sebbene sia molto recente ma \u00e8 ancora un obiettivo da conquistare in diversi Paesi del mondo.\u00a0<\/span><\/p>\n<figure id=\"attachment_25142\" aria-describedby=\"caption-attachment-25142\" style=\"width: 682px\" class=\"wp-caption aligncenter\"><img loading=\"lazy\" decoding=\"async\" class=\"wp-image-25142 size-large\" src=\"https:\/\/www.romaoggi.eu\/wp-content\/uploads\/2020\/07\/foto-tessera-Alessia-ottobre-2017-682x1024.jpg\" alt=\"alt tag Alessia Lirosi\" width=\"682\" height=\"1024\" srcset=\"https:\/\/www.romaoggi.eu\/wp-content\/uploads\/2020\/07\/foto-tessera-Alessia-ottobre-2017-682x1024.jpg 682w, https:\/\/www.romaoggi.eu\/wp-content\/uploads\/2020\/07\/foto-tessera-Alessia-ottobre-2017-200x300.jpg 200w, https:\/\/www.romaoggi.eu\/wp-content\/uploads\/2020\/07\/foto-tessera-Alessia-ottobre-2017.jpg 1181w\" sizes=\"auto, (max-width: 682px) 100vw, 682px\" \/><figcaption id=\"caption-attachment-25142\" class=\"wp-caption-text\">Alessia Lirosi<\/figcaption><\/figure>\n<p style=\"text-align: justify;\"><b>Come nasce l&#8217;idea del libro? <em>&#8220;<\/em><\/b><em><span style=\"font-weight: 400;\">In passato ho lavorato diversi anni all\u2019Unicef, il Fondo delle Nazioni Unite per l\u2019Infanzia, e ho visto molti casi e storie di bambini che non potevano andare a scuola, soprattutto bambine; ci\u00f2 non soltanto a causa delle difficili condizioni economiche delle loro famiglie, ma pure per i pregiudizi di genere nei loro confronti e nei confronti delle loro capacit\u00e0 intellettuali o perch\u00e9 destinate a diventare mogli e madri appena superata la pubert\u00e0. Per me invece andare a scuola era sempre stato scontato, un diritto assodato. Successivamente ho svolto attivit\u00e0 di ricerca all\u2019Universit\u00e0 e mi sono occupata di questioni relative alla storia delle donne, constatando che il pregiudizio nei confronti delle capacit\u00e0 intellettuali femminili ha radici antichissime anche nel nostro paese. Inoltre, sono rimasta molto colpita dalla vicenda della giovane pakistana Malala Yousafzai. Quello \u00e8 stato lo stimolo definitivo a mettermi davanti alla pagina bianca e iniziare a scrivere.<\/span><\/em><\/p>\n<p style=\"text-align: justify;\"><b>Cosa rappresenta per le donne la storia di Malala Yousafzai? <em>&#8220;<\/em><\/b><em><span style=\"font-weight: 400;\">Malala \u00e8 certamente un simbolo importante. Quando viveva ancora in Pakistan, attraverso un blog si batteva per promuovere il diritto all\u2019istruzione femminile e per far conoscere al mondo il regime di terrore instaurato dagli integralisti islamici che occupavano militarmente il suo paese. Cos\u00ec un giorno \u2013 aveva 15 anni &#8211; un uomo le spar\u00f2 alla testa mentre si trovava sull\u2019autobus che la riportava da scuola a casa. Soccorsa e sopravvissuta, Malala oggi vive in Inghilterra dove prosegue i suoi studi e le sue battaglie. Per questo motivo, nel 2014, all\u2019et\u00e0 di soli 17 anni, \u00e8 stata insignita del Premio Nobel per la pace&#8221;.\u00a0<\/span><\/em><\/p>\n<p style=\"text-align: justify;\"><b>In che modo la storia delle lotte delle donne per l&#8217;istruzione pu\u00f2 aiutarci nel presente? <em>&#8220;<\/em><\/b><em><span style=\"font-weight: 400;\">Prima di tutto pu\u00f2 spronarci a continuare ad impegnarci affinch\u00e9 questo diritto sia garantito nei paesi in cui ancora non lo \u00e8.\u00a0<\/span><span style=\"font-weight: 400;\">Poi pu\u00f2 aiutarci a far s\u00ec che anche gli altri diritti siano sempre pi\u00f9 rispettati e tutelati. Non \u00e8 un caso che il diritto all\u2019istruzione sia stato definito un \u201cempowerment right\u201d. Ci\u00f2 significa che, quando \u00e8 garantito, permette di esercitare meglio anche altri diritti perch\u00e9 aumenta anche la fiducia in s\u00e9 stessi, il rispetto per gli altri, e la capacit\u00e0 critica di analizzare il mondo. In altre parole: se io sono istruita riesco ad esercitare con pi\u00f9 consapevolezza anche il diritto di voto, il diritto alla salute, il diritto all\u2019autodeterminazione, ecc. Quindi essere istruito\/a mi rende pi\u00f9 cosciente del fatto che sono titolare di tanti altri diritti e che posso esercitarli e chiederne il rispetto&#8221;.<\/span><\/em><\/p>\n<p style=\"text-align: justify;\"><b>Quali lotte le donne devono ancora affrontare per arrivare alla parit\u00e0 di genere? <em>&#8220;<\/em><\/b><em><span style=\"font-weight: 400;\">Tante e variegate, a seconda dei diversi paesi che prendiamo in considerazione. <\/span><span style=\"font-weight: 400;\">In Italia abbiamo ormai raggiunto la parit\u00e0 di genere nell\u2019istruzione, e anzi i dati ci dicono che oggi si laureano pi\u00f9 ragazze che ragazzi. Il problema da noi \u00e8 ora quello della presenza femminile nel mondo del lavoro e della disparit\u00e0 nelle retribuzioni e nelle possibilit\u00e0 di carriera tra uomini e donne, soprattutto ai livelli pi\u00f9 alti. Questo fenomeno \u00e8 stato definito \u201csoffitto di cristallo\u201d. In altre parole, ad un certo punto della loro carriera le donne incontrano una sorta di barriera invisibile che non permette loro di affermarsi nel lavoro alla pari dei colleghi maschi. Si tratta di una barriera fatta di pregiudizi, discriminazione, mancato accesso a determinate occasioni, a volte anche poca sicurezza nelle proprie capacit\u00e0 oppure difficolt\u00e0 di conciliare famiglia e professione&#8221;.<\/span><\/em><\/p>\n<p style=\"text-align: justify;\"><img loading=\"lazy\" decoding=\"async\" class=\"aligncenter wp-image-25141 size-full\" src=\"https:\/\/www.romaoggi.eu\/wp-content\/uploads\/2020\/07\/cover-Libere-di-sapere.jpg\" alt=\"alt tag Alessia Lirosi\" width=\"642\" height=\"960\" srcset=\"https:\/\/www.romaoggi.eu\/wp-content\/uploads\/2020\/07\/cover-Libere-di-sapere.jpg 642w, https:\/\/www.romaoggi.eu\/wp-content\/uploads\/2020\/07\/cover-Libere-di-sapere-201x300.jpg 201w\" sizes=\"auto, (max-width: 642px) 100vw, 642px\" \/><\/p>\n<p><strong>Francesca Bonanni<\/strong><\/p>\n","protected":false},"excerpt":{"rendered":"<div class=\"mh-excerpt\"><p>Libere di sapere-Il diritto delle donne all\u2019istruzione- il libro di \u00a0Alessia Lirosi. Alessia Lirosi \u00e8 una giornalista professionista, laureata in Scienze Politiche e in Storia, ha conseguito un Master in \u201cTutela Internazionale dei Diritti Umani\u201d <a class=\"mh-excerpt-more\" href=\"https:\/\/www.romaoggi.eu\/index.php\/2020\/07\/01\/libere-di-sapere-il-diritto-delle-donne-allistruzione-il-libro-di-alessia-lirosi\/\" title=\"Libere di sapere &#8211; il diritto delle donne all\u2019istruzione il libro di Alessia Lirosi\">[&#8230;]<\/a><\/p>\n<\/div>","protected":false},"author":1,"featured_media":25145,"comment_status":"closed","ping_status":"open","sticky":false,"template":"","format":"standard","meta":{"_sitemap_exclude":false,"_sitemap_priority":"","_sitemap_frequency":"","footnotes":""},"categories":[10],"tags":[14067,14068,6097,476,14069],"class_list":["post-25140","post","type-post","status-publish","format-standard","has-post-thumbnail","hentry","category-libri","tag-alessia-lirosi","tag-francesca-bonanni","tag-istruzione","tag-libro","tag-storia"],"yoast_head":"<!-- This site is optimized with the Yoast SEO plugin v27.5 - https:\/\/yoast.com\/product\/yoast-seo-wordpress\/ -->\n<title>Libere di sapere - il diritto delle donne all\u2019istruzione il libro di Alessia Lirosi<\/title>\n<meta name=\"description\" content=\"Libere di sapere-Il diritto delle donne all\u2019istruzione- il libro di \u00a0Alessia Lirosi. Alessia Lirosi \u00e8 una giornalista professionista, laureata in Scienze\" \/>\n<meta name=\"robots\" content=\"index, follow, max-snippet:-1, max-image-preview:large, max-video-preview:-1\" \/>\n<link rel=\"canonical\" href=\"https:\/\/www.romaoggi.eu\/index.php\/2020\/07\/01\/libere-di-sapere-il-diritto-delle-donne-allistruzione-il-libro-di-alessia-lirosi\/\" \/>\n<meta property=\"og:locale\" content=\"it_IT\" \/>\n<meta property=\"og:type\" content=\"article\" \/>\n<meta property=\"og:title\" content=\"Libere di sapere - il diritto delle donne all\u2019istruzione il libro di Alessia Lirosi\" \/>\n<meta property=\"og:description\" content=\"Libere di sapere-Il diritto delle donne all\u2019istruzione- il libro di \u00a0Alessia Lirosi. Alessia Lirosi \u00e8 una giornalista professionista, laureata in Scienze\" \/>\n<meta property=\"og:url\" content=\"https:\/\/www.romaoggi.eu\/index.php\/2020\/07\/01\/libere-di-sapere-il-diritto-delle-donne-allistruzione-il-libro-di-alessia-lirosi\/\" \/>\n<meta property=\"og:site_name\" content=\"roma oggi\" \/>\n<meta property=\"article:publisher\" content=\"https:\/\/www.facebook.com\/RomaOggi-841544845954114\" \/>\n<meta property=\"article:published_time\" content=\"2020-07-01T13:37:29+00:00\" \/>\n<meta property=\"article:modified_time\" content=\"2020-07-01T13:39:28+00:00\" \/>\n<meta property=\"og:image\" content=\"https:\/\/www.romaoggi.eu\/wp-content\/uploads\/2020\/07\/cover.jpg\" \/>\n\t<meta property=\"og:image:width\" content=\"637\" \/>\n\t<meta property=\"og:image:height\" content=\"475\" \/>\n\t<meta property=\"og:image:type\" content=\"image\/jpeg\" \/>\n<meta name=\"author\" content=\"admin\" \/>\n<meta name=\"twitter:card\" content=\"summary_large_image\" \/>\n<meta name=\"twitter:creator\" content=\"@romaoggi_eu\" \/>\n<meta name=\"twitter:site\" content=\"@romaoggi_eu\" \/>\n<meta name=\"twitter:label1\" content=\"Scritto da\" \/>\n\t<meta name=\"twitter:data1\" content=\"admin\" \/>\n\t<meta name=\"twitter:label2\" content=\"Tempo di lettura stimato\" \/>\n\t<meta name=\"twitter:data2\" content=\"4 minuti\" \/>\n<script type=\"application\/ld+json\" class=\"yoast-schema-graph\">{\"@context\":\"https:\\\/\\\/schema.org\",\"@graph\":[{\"@type\":\"Article\",\"@id\":\"https:\\\/\\\/www.romaoggi.eu\\\/index.php\\\/2020\\\/07\\\/01\\\/libere-di-sapere-il-diritto-delle-donne-allistruzione-il-libro-di-alessia-lirosi\\\/#article\",\"isPartOf\":{\"@id\":\"https:\\\/\\\/www.romaoggi.eu\\\/index.php\\\/2020\\\/07\\\/01\\\/libere-di-sapere-il-diritto-delle-donne-allistruzione-il-libro-di-alessia-lirosi\\\/\"},\"author\":{\"name\":\"admin\",\"@id\":\"https:\\\/\\\/www.romaoggi.eu\\\/#\\\/schema\\\/person\\\/9b23ceb6a2992a25e98c76a5f1fbb887\"},\"headline\":\"Libere di sapere &#8211; il diritto delle donne all\u2019istruzione il libro di Alessia Lirosi\",\"datePublished\":\"2020-07-01T13:37:29+00:00\",\"dateModified\":\"2020-07-01T13:39:28+00:00\",\"mainEntityOfPage\":{\"@id\":\"https:\\\/\\\/www.romaoggi.eu\\\/index.php\\\/2020\\\/07\\\/01\\\/libere-di-sapere-il-diritto-delle-donne-allistruzione-il-libro-di-alessia-lirosi\\\/\"},\"wordCount\":751,\"publisher\":{\"@id\":\"https:\\\/\\\/www.romaoggi.eu\\\/#organization\"},\"image\":{\"@id\":\"https:\\\/\\\/www.romaoggi.eu\\\/index.php\\\/2020\\\/07\\\/01\\\/libere-di-sapere-il-diritto-delle-donne-allistruzione-il-libro-di-alessia-lirosi\\\/#primaryimage\"},\"thumbnailUrl\":\"https:\\\/\\\/www.romaoggi.eu\\\/wp-content\\\/uploads\\\/2020\\\/07\\\/cover.jpg\",\"keywords\":[\"Alessia Lirosi\",\"francesca bonanni\",\"istruzione\",\"libro\",\"storia\"],\"articleSection\":[\"Libri\"],\"inLanguage\":\"it-IT\"},{\"@type\":\"WebPage\",\"@id\":\"https:\\\/\\\/www.romaoggi.eu\\\/index.php\\\/2020\\\/07\\\/01\\\/libere-di-sapere-il-diritto-delle-donne-allistruzione-il-libro-di-alessia-lirosi\\\/\",\"url\":\"https:\\\/\\\/www.romaoggi.eu\\\/index.php\\\/2020\\\/07\\\/01\\\/libere-di-sapere-il-diritto-delle-donne-allistruzione-il-libro-di-alessia-lirosi\\\/\",\"name\":\"Libere di sapere - il diritto delle donne all\u2019istruzione il libro di Alessia Lirosi\",\"isPartOf\":{\"@id\":\"https:\\\/\\\/www.romaoggi.eu\\\/#website\"},\"primaryImageOfPage\":{\"@id\":\"https:\\\/\\\/www.romaoggi.eu\\\/index.php\\\/2020\\\/07\\\/01\\\/libere-di-sapere-il-diritto-delle-donne-allistruzione-il-libro-di-alessia-lirosi\\\/#primaryimage\"},\"image\":{\"@id\":\"https:\\\/\\\/www.romaoggi.eu\\\/index.php\\\/2020\\\/07\\\/01\\\/libere-di-sapere-il-diritto-delle-donne-allistruzione-il-libro-di-alessia-lirosi\\\/#primaryimage\"},\"thumbnailUrl\":\"https:\\\/\\\/www.romaoggi.eu\\\/wp-content\\\/uploads\\\/2020\\\/07\\\/cover.jpg\",\"datePublished\":\"2020-07-01T13:37:29+00:00\",\"dateModified\":\"2020-07-01T13:39:28+00:00\",\"description\":\"Libere di sapere-Il diritto delle donne all\u2019istruzione- il libro di \u00a0Alessia Lirosi. Alessia Lirosi \u00e8 una giornalista professionista, laureata in Scienze\",\"breadcrumb\":{\"@id\":\"https:\\\/\\\/www.romaoggi.eu\\\/index.php\\\/2020\\\/07\\\/01\\\/libere-di-sapere-il-diritto-delle-donne-allistruzione-il-libro-di-alessia-lirosi\\\/#breadcrumb\"},\"inLanguage\":\"it-IT\",\"potentialAction\":[{\"@type\":\"ReadAction\",\"target\":[\"https:\\\/\\\/www.romaoggi.eu\\\/index.php\\\/2020\\\/07\\\/01\\\/libere-di-sapere-il-diritto-delle-donne-allistruzione-il-libro-di-alessia-lirosi\\\/\"]}]},{\"@type\":\"ImageObject\",\"inLanguage\":\"it-IT\",\"@id\":\"https:\\\/\\\/www.romaoggi.eu\\\/index.php\\\/2020\\\/07\\\/01\\\/libere-di-sapere-il-diritto-delle-donne-allistruzione-il-libro-di-alessia-lirosi\\\/#primaryimage\",\"url\":\"https:\\\/\\\/www.romaoggi.eu\\\/wp-content\\\/uploads\\\/2020\\\/07\\\/cover.jpg\",\"contentUrl\":\"https:\\\/\\\/www.romaoggi.eu\\\/wp-content\\\/uploads\\\/2020\\\/07\\\/cover.jpg\",\"width\":637,\"height\":475},{\"@type\":\"BreadcrumbList\",\"@id\":\"https:\\\/\\\/www.romaoggi.eu\\\/index.php\\\/2020\\\/07\\\/01\\\/libere-di-sapere-il-diritto-delle-donne-allistruzione-il-libro-di-alessia-lirosi\\\/#breadcrumb\",\"itemListElement\":[{\"@type\":\"ListItem\",\"position\":1,\"name\":\"Home\",\"item\":\"https:\\\/\\\/www.romaoggi.eu\\\/\"},{\"@type\":\"ListItem\",\"position\":2,\"name\":\"Libere di sapere &#8211; il diritto delle donne all\u2019istruzione il libro di Alessia Lirosi\"}]},{\"@type\":\"WebSite\",\"@id\":\"https:\\\/\\\/www.romaoggi.eu\\\/#website\",\"url\":\"https:\\\/\\\/www.romaoggi.eu\\\/\",\"name\":\"roma oggi\",\"description\":\"Interesting News for Interesting people\",\"publisher\":{\"@id\":\"https:\\\/\\\/www.romaoggi.eu\\\/#organization\"},\"potentialAction\":[{\"@type\":\"SearchAction\",\"target\":{\"@type\":\"EntryPoint\",\"urlTemplate\":\"https:\\\/\\\/www.romaoggi.eu\\\/?s={search_term_string}\"},\"query-input\":{\"@type\":\"PropertyValueSpecification\",\"valueRequired\":true,\"valueName\":\"search_term_string\"}}],\"inLanguage\":\"it-IT\"},{\"@type\":\"Organization\",\"@id\":\"https:\\\/\\\/www.romaoggi.eu\\\/#organization\",\"name\":\"RomaOggi\",\"url\":\"https:\\\/\\\/www.romaoggi.eu\\\/\",\"logo\":{\"@type\":\"ImageObject\",\"inLanguage\":\"it-IT\",\"@id\":\"https:\\\/\\\/www.romaoggi.eu\\\/#\\\/schema\\\/logo\\\/image\\\/\",\"url\":\"https:\\\/\\\/www.romaoggi.eu\\\/wp-content\\\/uploads\\\/2017\\\/04\\\/logowp.jpg\",\"contentUrl\":\"https:\\\/\\\/www.romaoggi.eu\\\/wp-content\\\/uploads\\\/2017\\\/04\\\/logowp.jpg\",\"width\":300,\"height\":133,\"caption\":\"RomaOggi\"},\"image\":{\"@id\":\"https:\\\/\\\/www.romaoggi.eu\\\/#\\\/schema\\\/logo\\\/image\\\/\"},\"sameAs\":[\"https:\\\/\\\/www.facebook.com\\\/RomaOggi-841544845954114\",\"https:\\\/\\\/x.com\\\/romaoggi_eu\"]},{\"@type\":\"Person\",\"@id\":\"https:\\\/\\\/www.romaoggi.eu\\\/#\\\/schema\\\/person\\\/9b23ceb6a2992a25e98c76a5f1fbb887\",\"name\":\"admin\",\"image\":{\"@type\":\"ImageObject\",\"inLanguage\":\"it-IT\",\"@id\":\"https:\\\/\\\/secure.gravatar.com\\\/avatar\\\/51b1e0a1f4159e3b5d89435fce5e1a348d6c59e2ff8c2d428dae75560aace504?s=96&d=mm&r=g\",\"url\":\"https:\\\/\\\/secure.gravatar.com\\\/avatar\\\/51b1e0a1f4159e3b5d89435fce5e1a348d6c59e2ff8c2d428dae75560aace504?s=96&d=mm&r=g\",\"contentUrl\":\"https:\\\/\\\/secure.gravatar.com\\\/avatar\\\/51b1e0a1f4159e3b5d89435fce5e1a348d6c59e2ff8c2d428dae75560aace504?s=96&d=mm&r=g\",\"caption\":\"admin\"},\"url\":\"https:\\\/\\\/www.romaoggi.eu\\\/index.php\\\/author\\\/admin\\\/\"}]}<\/script>\n<!-- \/ Yoast SEO plugin. -->","yoast_head_json":{"title":"Libere di sapere - il diritto delle donne all\u2019istruzione il libro di Alessia Lirosi","description":"Libere di sapere-Il diritto delle donne all\u2019istruzione- il libro di \u00a0Alessia Lirosi. Alessia Lirosi \u00e8 una giornalista professionista, laureata in Scienze","robots":{"index":"index","follow":"follow","max-snippet":"max-snippet:-1","max-image-preview":"max-image-preview:large","max-video-preview":"max-video-preview:-1"},"canonical":"https:\/\/www.romaoggi.eu\/index.php\/2020\/07\/01\/libere-di-sapere-il-diritto-delle-donne-allistruzione-il-libro-di-alessia-lirosi\/","og_locale":"it_IT","og_type":"article","og_title":"Libere di sapere - il diritto delle donne all\u2019istruzione il libro di Alessia Lirosi","og_description":"Libere di sapere-Il diritto delle donne all\u2019istruzione- il libro di \u00a0Alessia Lirosi. Alessia Lirosi \u00e8 una giornalista professionista, laureata in Scienze","og_url":"https:\/\/www.romaoggi.eu\/index.php\/2020\/07\/01\/libere-di-sapere-il-diritto-delle-donne-allistruzione-il-libro-di-alessia-lirosi\/","og_site_name":"roma oggi","article_publisher":"https:\/\/www.facebook.com\/RomaOggi-841544845954114","article_published_time":"2020-07-01T13:37:29+00:00","article_modified_time":"2020-07-01T13:39:28+00:00","og_image":[{"width":637,"height":475,"url":"https:\/\/www.romaoggi.eu\/wp-content\/uploads\/2020\/07\/cover.jpg","type":"image\/jpeg"}],"author":"admin","twitter_card":"summary_large_image","twitter_creator":"@romaoggi_eu","twitter_site":"@romaoggi_eu","twitter_misc":{"Scritto da":"admin","Tempo di lettura stimato":"4 minuti"},"schema":{"@context":"https:\/\/schema.org","@graph":[{"@type":"Article","@id":"https:\/\/www.romaoggi.eu\/index.php\/2020\/07\/01\/libere-di-sapere-il-diritto-delle-donne-allistruzione-il-libro-di-alessia-lirosi\/#article","isPartOf":{"@id":"https:\/\/www.romaoggi.eu\/index.php\/2020\/07\/01\/libere-di-sapere-il-diritto-delle-donne-allistruzione-il-libro-di-alessia-lirosi\/"},"author":{"name":"admin","@id":"https:\/\/www.romaoggi.eu\/#\/schema\/person\/9b23ceb6a2992a25e98c76a5f1fbb887"},"headline":"Libere di sapere &#8211; il diritto delle donne all\u2019istruzione il libro di Alessia Lirosi","datePublished":"2020-07-01T13:37:29+00:00","dateModified":"2020-07-01T13:39:28+00:00","mainEntityOfPage":{"@id":"https:\/\/www.romaoggi.eu\/index.php\/2020\/07\/01\/libere-di-sapere-il-diritto-delle-donne-allistruzione-il-libro-di-alessia-lirosi\/"},"wordCount":751,"publisher":{"@id":"https:\/\/www.romaoggi.eu\/#organization"},"image":{"@id":"https:\/\/www.romaoggi.eu\/index.php\/2020\/07\/01\/libere-di-sapere-il-diritto-delle-donne-allistruzione-il-libro-di-alessia-lirosi\/#primaryimage"},"thumbnailUrl":"https:\/\/www.romaoggi.eu\/wp-content\/uploads\/2020\/07\/cover.jpg","keywords":["Alessia Lirosi","francesca bonanni","istruzione","libro","storia"],"articleSection":["Libri"],"inLanguage":"it-IT"},{"@type":"WebPage","@id":"https:\/\/www.romaoggi.eu\/index.php\/2020\/07\/01\/libere-di-sapere-il-diritto-delle-donne-allistruzione-il-libro-di-alessia-lirosi\/","url":"https:\/\/www.romaoggi.eu\/index.php\/2020\/07\/01\/libere-di-sapere-il-diritto-delle-donne-allistruzione-il-libro-di-alessia-lirosi\/","name":"Libere di sapere - il diritto delle donne all\u2019istruzione il libro di Alessia Lirosi","isPartOf":{"@id":"https:\/\/www.romaoggi.eu\/#website"},"primaryImageOfPage":{"@id":"https:\/\/www.romaoggi.eu\/index.php\/2020\/07\/01\/libere-di-sapere-il-diritto-delle-donne-allistruzione-il-libro-di-alessia-lirosi\/#primaryimage"},"image":{"@id":"https:\/\/www.romaoggi.eu\/index.php\/2020\/07\/01\/libere-di-sapere-il-diritto-delle-donne-allistruzione-il-libro-di-alessia-lirosi\/#primaryimage"},"thumbnailUrl":"https:\/\/www.romaoggi.eu\/wp-content\/uploads\/2020\/07\/cover.jpg","datePublished":"2020-07-01T13:37:29+00:00","dateModified":"2020-07-01T13:39:28+00:00","description":"Libere di sapere-Il diritto delle donne all\u2019istruzione- il libro di \u00a0Alessia Lirosi. Alessia Lirosi \u00e8 una giornalista professionista, laureata in Scienze","breadcrumb":{"@id":"https:\/\/www.romaoggi.eu\/index.php\/2020\/07\/01\/libere-di-sapere-il-diritto-delle-donne-allistruzione-il-libro-di-alessia-lirosi\/#breadcrumb"},"inLanguage":"it-IT","potentialAction":[{"@type":"ReadAction","target":["https:\/\/www.romaoggi.eu\/index.php\/2020\/07\/01\/libere-di-sapere-il-diritto-delle-donne-allistruzione-il-libro-di-alessia-lirosi\/"]}]},{"@type":"ImageObject","inLanguage":"it-IT","@id":"https:\/\/www.romaoggi.eu\/index.php\/2020\/07\/01\/libere-di-sapere-il-diritto-delle-donne-allistruzione-il-libro-di-alessia-lirosi\/#primaryimage","url":"https:\/\/www.romaoggi.eu\/wp-content\/uploads\/2020\/07\/cover.jpg","contentUrl":"https:\/\/www.romaoggi.eu\/wp-content\/uploads\/2020\/07\/cover.jpg","width":637,"height":475},{"@type":"BreadcrumbList","@id":"https:\/\/www.romaoggi.eu\/index.php\/2020\/07\/01\/libere-di-sapere-il-diritto-delle-donne-allistruzione-il-libro-di-alessia-lirosi\/#breadcrumb","itemListElement":[{"@type":"ListItem","position":1,"name":"Home","item":"https:\/\/www.romaoggi.eu\/"},{"@type":"ListItem","position":2,"name":"Libere di sapere &#8211; il diritto delle donne all\u2019istruzione il libro di Alessia Lirosi"}]},{"@type":"WebSite","@id":"https:\/\/www.romaoggi.eu\/#website","url":"https:\/\/www.romaoggi.eu\/","name":"roma oggi","description":"Interesting News for Interesting people","publisher":{"@id":"https:\/\/www.romaoggi.eu\/#organization"},"potentialAction":[{"@type":"SearchAction","target":{"@type":"EntryPoint","urlTemplate":"https:\/\/www.romaoggi.eu\/?s={search_term_string}"},"query-input":{"@type":"PropertyValueSpecification","valueRequired":true,"valueName":"search_term_string"}}],"inLanguage":"it-IT"},{"@type":"Organization","@id":"https:\/\/www.romaoggi.eu\/#organization","name":"RomaOggi","url":"https:\/\/www.romaoggi.eu\/","logo":{"@type":"ImageObject","inLanguage":"it-IT","@id":"https:\/\/www.romaoggi.eu\/#\/schema\/logo\/image\/","url":"https:\/\/www.romaoggi.eu\/wp-content\/uploads\/2017\/04\/logowp.jpg","contentUrl":"https:\/\/www.romaoggi.eu\/wp-content\/uploads\/2017\/04\/logowp.jpg","width":300,"height":133,"caption":"RomaOggi"},"image":{"@id":"https:\/\/www.romaoggi.eu\/#\/schema\/logo\/image\/"},"sameAs":["https:\/\/www.facebook.com\/RomaOggi-841544845954114","https:\/\/x.com\/romaoggi_eu"]},{"@type":"Person","@id":"https:\/\/www.romaoggi.eu\/#\/schema\/person\/9b23ceb6a2992a25e98c76a5f1fbb887","name":"admin","image":{"@type":"ImageObject","inLanguage":"it-IT","@id":"https:\/\/secure.gravatar.com\/avatar\/51b1e0a1f4159e3b5d89435fce5e1a348d6c59e2ff8c2d428dae75560aace504?s=96&d=mm&r=g","url":"https:\/\/secure.gravatar.com\/avatar\/51b1e0a1f4159e3b5d89435fce5e1a348d6c59e2ff8c2d428dae75560aace504?s=96&d=mm&r=g","contentUrl":"https:\/\/secure.gravatar.com\/avatar\/51b1e0a1f4159e3b5d89435fce5e1a348d6c59e2ff8c2d428dae75560aace504?s=96&d=mm&r=g","caption":"admin"},"url":"https:\/\/www.romaoggi.eu\/index.php\/author\/admin\/"}]}},"_links":{"self":[{"href":"https:\/\/www.romaoggi.eu\/index.php\/wp-json\/wp\/v2\/posts\/25140","targetHints":{"allow":["GET"]}}],"collection":[{"href":"https:\/\/www.romaoggi.eu\/index.php\/wp-json\/wp\/v2\/posts"}],"about":[{"href":"https:\/\/www.romaoggi.eu\/index.php\/wp-json\/wp\/v2\/types\/post"}],"author":[{"embeddable":true,"href":"https:\/\/www.romaoggi.eu\/index.php\/wp-json\/wp\/v2\/users\/1"}],"replies":[{"embeddable":true,"href":"https:\/\/www.romaoggi.eu\/index.php\/wp-json\/wp\/v2\/comments?post=25140"}],"version-history":[{"count":3,"href":"https:\/\/www.romaoggi.eu\/index.php\/wp-json\/wp\/v2\/posts\/25140\/revisions"}],"predecessor-version":[{"id":25147,"href":"https:\/\/www.romaoggi.eu\/index.php\/wp-json\/wp\/v2\/posts\/25140\/revisions\/25147"}],"wp:featuredmedia":[{"embeddable":true,"href":"https:\/\/www.romaoggi.eu\/index.php\/wp-json\/wp\/v2\/media\/25145"}],"wp:attachment":[{"href":"https:\/\/www.romaoggi.eu\/index.php\/wp-json\/wp\/v2\/media?parent=25140"}],"wp:term":[{"taxonomy":"category","embeddable":true,"href":"https:\/\/www.romaoggi.eu\/index.php\/wp-json\/wp\/v2\/categories?post=25140"},{"taxonomy":"post_tag","embeddable":true,"href":"https:\/\/www.romaoggi.eu\/index.php\/wp-json\/wp\/v2\/tags?post=25140"}],"curies":[{"name":"wp","href":"https:\/\/api.w.org\/{rel}","templated":true}]}}