{"id":25219,"date":"2020-07-07T12:11:39","date_gmt":"2020-07-07T10:11:39","guid":{"rendered":"http:\/\/www.romaoggi.eu\/?p=25219"},"modified":"2020-07-07T12:11:39","modified_gmt":"2020-07-07T10:11:39","slug":"sale-e-assale-di-samantha-innocenti-naira-il-9-luglio-il-lancio","status":"publish","type":"post","link":"https:\/\/www.romaoggi.eu\/index.php\/2020\/07\/07\/sale-e-assale-di-samantha-innocenti-naira-il-9-luglio-il-lancio\/","title":{"rendered":"\u201cSale e Assale\u201d di Samantha Innocenti (Naira)-il 9 luglio il lancio"},"content":{"rendered":"<p style=\"text-align: justify;\"><span style=\"font-weight: 400;\">E&#8217; iniziato il conto alla rovescia per le migliaia di fans e followers di <a href=\"https:\/\/www.romaoggi.eu\/index.php\/2020\/02\/04\/samantha-innocenti-naira-lancia-il-nuovo-singolo-sale-e-assale\/\">Samantha Innocenti<\/a> nota come <strong>Naira<\/strong>, gioved\u00ec 9 luglio 2020, finalmente il lancio del nuovo videoclip <strong>\u201cSale e Assale\u201d. <\/strong><\/span><span style=\"font-weight: 400;\">L\u2019uscita del\u00a0 reggaeton italiano era prevista gi\u00e0 da qualche mese, rinviata pi\u00f9 volte a causa del blocco totale dovuto al Coronavirus.\u00a0<\/span><\/p>\n<p><iframe loading=\"lazy\"  style=\"display: block; margin: 0px auto;\"  id=\"_ytid_36005\"  width=\"480\" height=\"270\"  data-origwidth=\"480\" data-origheight=\"270\" src=\"https:\/\/www.youtube.com\/embed\/AJ0loeBaNGk?enablejsapi=1&#038;autoplay=0&#038;cc_load_policy=0&#038;cc_lang_pref=&#038;iv_load_policy=1&#038;loop=0&#038;rel=1&#038;fs=1&#038;playsinline=0&#038;autohide=2&#038;theme=dark&#038;color=red&#038;controls=1&#038;disablekb=0&#038;\" class=\"__youtube_prefs__  epyt-is-override  no-lazyload\" title=\"YouTube player\"  allow=\"fullscreen; accelerometer; autoplay; clipboard-write; encrypted-media; gyroscope; picture-in-picture; web-share\" referrerpolicy=\"strict-origin-when-cross-origin\" allowfullscreen data-no-lazy=\"1\" data-skipgform_ajax_framebjll=\"\"><\/iframe><\/p>\n<p>&nbsp;<\/p>\n<p style=\"text-align: justify;\"><span style=\"font-weight: 400;\">Il brano \u00e8 nato in una mattina di inverno dello scorso anno. La dottoressa Innocenti mentre si recava a lavoro in clinica, per anestetizzare il freddo le venne da fischiettare un motivo, le sembr\u00f2 subito qualcosa di vincente. Nel pomeriggio si rec\u00f2 a casa della cantautrice Gio\u2019 Di Sarno (accompagnata dal suo instancabile ufficio stampa ed editore di Inciucio.it Gio\u2019 Di Giorgio) e tra uno spaghetto e una chiacchiera nacque il testo di Sale e Assale. Il brano \u00e8 stato registrato allo Zoo Synphony studio di Roma e arrangiato da Vincenzo Grieco. Mente il videoclip\u00a0 di Sale e Assale porta la firma di Mattia Di Tella. La storia che si racconta nel video \u00e8 quella pi\u00f9 vecchia del mondo ma sempre di grande attualit\u00e0. Una di ragazza perdutamente innamorata di un ragazzo, cerca di conquistarlo con i suo fascino. E Naira di fascino ne ha davvero tanto. Interprete e attrice del suo capolavoro esprime sensualit\u00e0 e bravura. La storia narrata diventer\u00e0 un cortometraggio che si girer\u00e0 a Settembre con il regista <strong>Angelo Antonucci<\/strong> la cui colonna sonora\u00a0 sar\u00e0 appunto Sale e Assale.\u00a0<\/span><\/p>\n<figure id=\"attachment_25224\" aria-describedby=\"caption-attachment-25224\" style=\"width: 1024px\" class=\"wp-caption aligncenter\"><img loading=\"lazy\" decoding=\"async\" class=\"wp-image-25224 size-large\" src=\"https:\/\/www.romaoggi.eu\/wp-content\/uploads\/2020\/07\/Samantha-SALE-ASSALE-1-1024x432.jpg\" alt=\"alt tag sale e assale\" width=\"1024\" height=\"432\" srcset=\"https:\/\/www.romaoggi.eu\/wp-content\/uploads\/2020\/07\/Samantha-SALE-ASSALE-1-1024x432.jpg 1024w, https:\/\/www.romaoggi.eu\/wp-content\/uploads\/2020\/07\/Samantha-SALE-ASSALE-1-300x127.jpg 300w\" sizes=\"auto, (max-width: 1024px) 100vw, 1024px\" \/><figcaption id=\"caption-attachment-25224\" class=\"wp-caption-text\">Samantha Innocenti<\/figcaption><\/figure>\n<p style=\"text-align: justify;\"><span style=\"font-weight: 400;\">Hanno preso parte alle riprese, oltre alla bella Samantha, la quale \u00e8 anche produttrice esecutiva di tutta l\u2019operazione: l\u2019attore\u00a0 e ballerino Mirko Tedeschi, le ballerine\u00a0 Letizia Giordano, Ilenia Dorelli ed Elisa Luzzi.\u00a0<\/span><span style=\"font-weight: 400;\">Le riprese sono state effettuate a Villa Fiore Ricevimenti di Sant\u2019Angelo Romano a Roma.\u00a0<\/span><span style=\"font-weight: 400;\">Si ringraziano: il fotografo del backstage\u00a0 Claudio Martone; la Scuola Dance studio Academy&#8221;(Fontenuova); Artemis &amp;beauty; Hair design by Lino Sorrentino; Make up artist by Marina Avella; Roncaccia Pellicce Roma; Bar L&#8217;altro locale, Fontenuova (Roma); per la macchina Ferrari: Roberto Belleggia e Mondo traslochi terminal container di Bruno Riccio.<\/span><\/p>\n<p><span style=\"font-weight: 400;\">Ufficio stampa <a href=\"https:\/\/www.romaoggi.eu\/index.php\/2019\/08\/26\/gio-di-giorgio-e-gio-di-sarno-due-amici-un-compleanno-vip\/\">Gio\u2019 Di Giorgio<\/a><\/span><\/p>\n<figure id=\"attachment_25225\" aria-describedby=\"caption-attachment-25225\" style=\"width: 1024px\" class=\"wp-caption aligncenter\"><img loading=\"lazy\" decoding=\"async\" class=\"wp-image-25225 size-large\" src=\"https:\/\/www.romaoggi.eu\/wp-content\/uploads\/2020\/07\/Samantha-SALE-ASSALE-3-1024x432.jpg\" alt=\"alt tag sale e assale\" width=\"1024\" height=\"432\" srcset=\"https:\/\/www.romaoggi.eu\/wp-content\/uploads\/2020\/07\/Samantha-SALE-ASSALE-3-1024x432.jpg 1024w, https:\/\/www.romaoggi.eu\/wp-content\/uploads\/2020\/07\/Samantha-SALE-ASSALE-3-300x127.jpg 300w\" sizes=\"auto, (max-width: 1024px) 100vw, 1024px\" \/><figcaption id=\"caption-attachment-25225\" class=\"wp-caption-text\">Samantha Innocenti<\/figcaption><\/figure>\n","protected":false},"excerpt":{"rendered":"<div class=\"mh-excerpt\"><p>E&#8217; iniziato il conto alla rovescia per le migliaia di fans e followers di Samantha Innocenti nota come Naira, gioved\u00ec 9 luglio 2020, finalmente il lancio del nuovo videoclip \u201cSale e Assale\u201d. L\u2019uscita del\u00a0 reggaeton <a class=\"mh-excerpt-more\" href=\"https:\/\/www.romaoggi.eu\/index.php\/2020\/07\/07\/sale-e-assale-di-samantha-innocenti-naira-il-9-luglio-il-lancio\/\" title=\"\u201cSale e Assale\u201d di Samantha Innocenti (Naira)-il 9 luglio il lancio\">[&#8230;]<\/a><\/p>\n<\/div>","protected":false},"author":1,"featured_media":25223,"comment_status":"closed","ping_status":"open","sticky":false,"template":"","format":"standard","meta":{"_sitemap_exclude":false,"_sitemap_priority":"","_sitemap_frequency":"","footnotes":""},"categories":[2715],"tags":[6544,5831,1737,11925,10572,14085,14086],"class_list":["post-25219","post","type-post","status-publish","format-standard","has-post-thumbnail","hentry","category-musica","tag-angelo-antonucci","tag-canzone","tag-gio-di-giorgio","tag-musica-pop","tag-naira","tag-sale-e-assale","tag-samantha-innocenti"],"yoast_head":"<!-- This site is optimized with the Yoast SEO plugin v27.5 - https:\/\/yoast.com\/product\/yoast-seo-wordpress\/ -->\n<title>\u201cSale e Assale\u201d di Samantha Innocenti (Naira)-il 9 luglio il lancio<\/title>\n<meta name=\"description\" content=\"E&#039; iniziato il conto alla rovescia per le migliaia di fans e followers di Samantha Innocenti nota come Naira, gioved\u00ec 9 luglio 2020, finalmente il lancio\" \/>\n<meta name=\"robots\" content=\"index, follow, max-snippet:-1, max-image-preview:large, max-video-preview:-1\" \/>\n<link rel=\"canonical\" href=\"https:\/\/www.romaoggi.eu\/index.php\/2020\/07\/07\/sale-e-assale-di-samantha-innocenti-naira-il-9-luglio-il-lancio\/\" \/>\n<meta property=\"og:locale\" content=\"it_IT\" \/>\n<meta property=\"og:type\" content=\"article\" \/>\n<meta property=\"og:title\" content=\"\u201cSale e Assale\u201d di Samantha Innocenti (Naira)-il 9 luglio il lancio\" \/>\n<meta property=\"og:description\" content=\"E&#039; iniziato il conto alla rovescia per le migliaia di fans e followers di Samantha Innocenti nota come Naira, gioved\u00ec 9 luglio 2020, finalmente il lancio\" \/>\n<meta property=\"og:url\" content=\"https:\/\/www.romaoggi.eu\/index.php\/2020\/07\/07\/sale-e-assale-di-samantha-innocenti-naira-il-9-luglio-il-lancio\/\" \/>\n<meta property=\"og:site_name\" content=\"roma oggi\" \/>\n<meta property=\"article:publisher\" content=\"https:\/\/www.facebook.com\/RomaOggi-841544845954114\" \/>\n<meta property=\"article:published_time\" content=\"2020-07-07T10:11:39+00:00\" \/>\n<meta property=\"og:image\" content=\"https:\/\/www.romaoggi.eu\/wp-content\/uploads\/2020\/07\/Samantha-SALE-ASSALE-2.jpg\" \/>\n\t<meta property=\"og:image:width\" content=\"2560\" \/>\n\t<meta property=\"og:image:height\" content=\"1080\" \/>\n\t<meta property=\"og:image:type\" content=\"image\/jpeg\" \/>\n<meta name=\"author\" content=\"admin\" \/>\n<meta name=\"twitter:card\" content=\"summary_large_image\" \/>\n<meta name=\"twitter:creator\" content=\"@romaoggi_eu\" \/>\n<meta name=\"twitter:site\" content=\"@romaoggi_eu\" \/>\n<meta name=\"twitter:label1\" content=\"Scritto da\" \/>\n\t<meta name=\"twitter:data1\" content=\"admin\" \/>\n\t<meta name=\"twitter:label2\" content=\"Tempo di lettura stimato\" \/>\n\t<meta name=\"twitter:data2\" content=\"2 minuti\" \/>\n<script type=\"application\/ld+json\" class=\"yoast-schema-graph\">{\"@context\":\"https:\\\/\\\/schema.org\",\"@graph\":[{\"@type\":\"Article\",\"@id\":\"https:\\\/\\\/www.romaoggi.eu\\\/index.php\\\/2020\\\/07\\\/07\\\/sale-e-assale-di-samantha-innocenti-naira-il-9-luglio-il-lancio\\\/#article\",\"isPartOf\":{\"@id\":\"https:\\\/\\\/www.romaoggi.eu\\\/index.php\\\/2020\\\/07\\\/07\\\/sale-e-assale-di-samantha-innocenti-naira-il-9-luglio-il-lancio\\\/\"},\"author\":{\"name\":\"admin\",\"@id\":\"https:\\\/\\\/www.romaoggi.eu\\\/#\\\/schema\\\/person\\\/9b23ceb6a2992a25e98c76a5f1fbb887\"},\"headline\":\"\u201cSale e Assale\u201d di Samantha Innocenti (Naira)-il 9 luglio il lancio\",\"datePublished\":\"2020-07-07T10:11:39+00:00\",\"mainEntityOfPage\":{\"@id\":\"https:\\\/\\\/www.romaoggi.eu\\\/index.php\\\/2020\\\/07\\\/07\\\/sale-e-assale-di-samantha-innocenti-naira-il-9-luglio-il-lancio\\\/\"},\"wordCount\":371,\"publisher\":{\"@id\":\"https:\\\/\\\/www.romaoggi.eu\\\/#organization\"},\"image\":{\"@id\":\"https:\\\/\\\/www.romaoggi.eu\\\/index.php\\\/2020\\\/07\\\/07\\\/sale-e-assale-di-samantha-innocenti-naira-il-9-luglio-il-lancio\\\/#primaryimage\"},\"thumbnailUrl\":\"https:\\\/\\\/www.romaoggi.eu\\\/wp-content\\\/uploads\\\/2020\\\/07\\\/Samantha-SALE-ASSALE-2.jpg\",\"keywords\":[\"angelo antonucci\",\"canzone\",\"Gio Di Giorgio\",\"musica pop\",\"naira\",\"sale e assale\",\"samantha innocenti\"],\"articleSection\":[\"musica\"],\"inLanguage\":\"it-IT\"},{\"@type\":\"WebPage\",\"@id\":\"https:\\\/\\\/www.romaoggi.eu\\\/index.php\\\/2020\\\/07\\\/07\\\/sale-e-assale-di-samantha-innocenti-naira-il-9-luglio-il-lancio\\\/\",\"url\":\"https:\\\/\\\/www.romaoggi.eu\\\/index.php\\\/2020\\\/07\\\/07\\\/sale-e-assale-di-samantha-innocenti-naira-il-9-luglio-il-lancio\\\/\",\"name\":\"\u201cSale e Assale\u201d di Samantha Innocenti (Naira)-il 9 luglio il lancio\",\"isPartOf\":{\"@id\":\"https:\\\/\\\/www.romaoggi.eu\\\/#website\"},\"primaryImageOfPage\":{\"@id\":\"https:\\\/\\\/www.romaoggi.eu\\\/index.php\\\/2020\\\/07\\\/07\\\/sale-e-assale-di-samantha-innocenti-naira-il-9-luglio-il-lancio\\\/#primaryimage\"},\"image\":{\"@id\":\"https:\\\/\\\/www.romaoggi.eu\\\/index.php\\\/2020\\\/07\\\/07\\\/sale-e-assale-di-samantha-innocenti-naira-il-9-luglio-il-lancio\\\/#primaryimage\"},\"thumbnailUrl\":\"https:\\\/\\\/www.romaoggi.eu\\\/wp-content\\\/uploads\\\/2020\\\/07\\\/Samantha-SALE-ASSALE-2.jpg\",\"datePublished\":\"2020-07-07T10:11:39+00:00\",\"description\":\"E' iniziato il conto alla rovescia per le migliaia di fans e followers di Samantha Innocenti nota come Naira, gioved\u00ec 9 luglio 2020, finalmente il lancio\",\"breadcrumb\":{\"@id\":\"https:\\\/\\\/www.romaoggi.eu\\\/index.php\\\/2020\\\/07\\\/07\\\/sale-e-assale-di-samantha-innocenti-naira-il-9-luglio-il-lancio\\\/#breadcrumb\"},\"inLanguage\":\"it-IT\",\"potentialAction\":[{\"@type\":\"ReadAction\",\"target\":[\"https:\\\/\\\/www.romaoggi.eu\\\/index.php\\\/2020\\\/07\\\/07\\\/sale-e-assale-di-samantha-innocenti-naira-il-9-luglio-il-lancio\\\/\"]}]},{\"@type\":\"ImageObject\",\"inLanguage\":\"it-IT\",\"@id\":\"https:\\\/\\\/www.romaoggi.eu\\\/index.php\\\/2020\\\/07\\\/07\\\/sale-e-assale-di-samantha-innocenti-naira-il-9-luglio-il-lancio\\\/#primaryimage\",\"url\":\"https:\\\/\\\/www.romaoggi.eu\\\/wp-content\\\/uploads\\\/2020\\\/07\\\/Samantha-SALE-ASSALE-2.jpg\",\"contentUrl\":\"https:\\\/\\\/www.romaoggi.eu\\\/wp-content\\\/uploads\\\/2020\\\/07\\\/Samantha-SALE-ASSALE-2.jpg\",\"width\":2560,\"height\":1080,\"caption\":\"Samantha Innocenti\"},{\"@type\":\"BreadcrumbList\",\"@id\":\"https:\\\/\\\/www.romaoggi.eu\\\/index.php\\\/2020\\\/07\\\/07\\\/sale-e-assale-di-samantha-innocenti-naira-il-9-luglio-il-lancio\\\/#breadcrumb\",\"itemListElement\":[{\"@type\":\"ListItem\",\"position\":1,\"name\":\"Home\",\"item\":\"https:\\\/\\\/www.romaoggi.eu\\\/\"},{\"@type\":\"ListItem\",\"position\":2,\"name\":\"\u201cSale e Assale\u201d di Samantha Innocenti (Naira)-il 9 luglio il lancio\"}]},{\"@type\":\"WebSite\",\"@id\":\"https:\\\/\\\/www.romaoggi.eu\\\/#website\",\"url\":\"https:\\\/\\\/www.romaoggi.eu\\\/\",\"name\":\"roma oggi\",\"description\":\"Interesting News for Interesting people\",\"publisher\":{\"@id\":\"https:\\\/\\\/www.romaoggi.eu\\\/#organization\"},\"potentialAction\":[{\"@type\":\"SearchAction\",\"target\":{\"@type\":\"EntryPoint\",\"urlTemplate\":\"https:\\\/\\\/www.romaoggi.eu\\\/?s={search_term_string}\"},\"query-input\":{\"@type\":\"PropertyValueSpecification\",\"valueRequired\":true,\"valueName\":\"search_term_string\"}}],\"inLanguage\":\"it-IT\"},{\"@type\":\"Organization\",\"@id\":\"https:\\\/\\\/www.romaoggi.eu\\\/#organization\",\"name\":\"RomaOggi\",\"url\":\"https:\\\/\\\/www.romaoggi.eu\\\/\",\"logo\":{\"@type\":\"ImageObject\",\"inLanguage\":\"it-IT\",\"@id\":\"https:\\\/\\\/www.romaoggi.eu\\\/#\\\/schema\\\/logo\\\/image\\\/\",\"url\":\"https:\\\/\\\/www.romaoggi.eu\\\/wp-content\\\/uploads\\\/2017\\\/04\\\/logowp.jpg\",\"contentUrl\":\"https:\\\/\\\/www.romaoggi.eu\\\/wp-content\\\/uploads\\\/2017\\\/04\\\/logowp.jpg\",\"width\":300,\"height\":133,\"caption\":\"RomaOggi\"},\"image\":{\"@id\":\"https:\\\/\\\/www.romaoggi.eu\\\/#\\\/schema\\\/logo\\\/image\\\/\"},\"sameAs\":[\"https:\\\/\\\/www.facebook.com\\\/RomaOggi-841544845954114\",\"https:\\\/\\\/x.com\\\/romaoggi_eu\"]},{\"@type\":\"Person\",\"@id\":\"https:\\\/\\\/www.romaoggi.eu\\\/#\\\/schema\\\/person\\\/9b23ceb6a2992a25e98c76a5f1fbb887\",\"name\":\"admin\",\"image\":{\"@type\":\"ImageObject\",\"inLanguage\":\"it-IT\",\"@id\":\"https:\\\/\\\/secure.gravatar.com\\\/avatar\\\/51b1e0a1f4159e3b5d89435fce5e1a348d6c59e2ff8c2d428dae75560aace504?s=96&d=mm&r=g\",\"url\":\"https:\\\/\\\/secure.gravatar.com\\\/avatar\\\/51b1e0a1f4159e3b5d89435fce5e1a348d6c59e2ff8c2d428dae75560aace504?s=96&d=mm&r=g\",\"contentUrl\":\"https:\\\/\\\/secure.gravatar.com\\\/avatar\\\/51b1e0a1f4159e3b5d89435fce5e1a348d6c59e2ff8c2d428dae75560aace504?s=96&d=mm&r=g\",\"caption\":\"admin\"},\"url\":\"https:\\\/\\\/www.romaoggi.eu\\\/index.php\\\/author\\\/admin\\\/\"}]}<\/script>\n<!-- \/ Yoast SEO plugin. -->","yoast_head_json":{"title":"\u201cSale e Assale\u201d di Samantha Innocenti (Naira)-il 9 luglio il lancio","description":"E' iniziato il conto alla rovescia per le migliaia di fans e followers di Samantha Innocenti nota come Naira, gioved\u00ec 9 luglio 2020, finalmente il lancio","robots":{"index":"index","follow":"follow","max-snippet":"max-snippet:-1","max-image-preview":"max-image-preview:large","max-video-preview":"max-video-preview:-1"},"canonical":"https:\/\/www.romaoggi.eu\/index.php\/2020\/07\/07\/sale-e-assale-di-samantha-innocenti-naira-il-9-luglio-il-lancio\/","og_locale":"it_IT","og_type":"article","og_title":"\u201cSale e Assale\u201d di Samantha Innocenti (Naira)-il 9 luglio il lancio","og_description":"E' iniziato il conto alla rovescia per le migliaia di fans e followers di Samantha Innocenti nota come Naira, gioved\u00ec 9 luglio 2020, finalmente il lancio","og_url":"https:\/\/www.romaoggi.eu\/index.php\/2020\/07\/07\/sale-e-assale-di-samantha-innocenti-naira-il-9-luglio-il-lancio\/","og_site_name":"roma oggi","article_publisher":"https:\/\/www.facebook.com\/RomaOggi-841544845954114","article_published_time":"2020-07-07T10:11:39+00:00","og_image":[{"width":2560,"height":1080,"url":"https:\/\/www.romaoggi.eu\/wp-content\/uploads\/2020\/07\/Samantha-SALE-ASSALE-2.jpg","type":"image\/jpeg"}],"author":"admin","twitter_card":"summary_large_image","twitter_creator":"@romaoggi_eu","twitter_site":"@romaoggi_eu","twitter_misc":{"Scritto da":"admin","Tempo di lettura stimato":"2 minuti"},"schema":{"@context":"https:\/\/schema.org","@graph":[{"@type":"Article","@id":"https:\/\/www.romaoggi.eu\/index.php\/2020\/07\/07\/sale-e-assale-di-samantha-innocenti-naira-il-9-luglio-il-lancio\/#article","isPartOf":{"@id":"https:\/\/www.romaoggi.eu\/index.php\/2020\/07\/07\/sale-e-assale-di-samantha-innocenti-naira-il-9-luglio-il-lancio\/"},"author":{"name":"admin","@id":"https:\/\/www.romaoggi.eu\/#\/schema\/person\/9b23ceb6a2992a25e98c76a5f1fbb887"},"headline":"\u201cSale e Assale\u201d di Samantha Innocenti (Naira)-il 9 luglio il lancio","datePublished":"2020-07-07T10:11:39+00:00","mainEntityOfPage":{"@id":"https:\/\/www.romaoggi.eu\/index.php\/2020\/07\/07\/sale-e-assale-di-samantha-innocenti-naira-il-9-luglio-il-lancio\/"},"wordCount":371,"publisher":{"@id":"https:\/\/www.romaoggi.eu\/#organization"},"image":{"@id":"https:\/\/www.romaoggi.eu\/index.php\/2020\/07\/07\/sale-e-assale-di-samantha-innocenti-naira-il-9-luglio-il-lancio\/#primaryimage"},"thumbnailUrl":"https:\/\/www.romaoggi.eu\/wp-content\/uploads\/2020\/07\/Samantha-SALE-ASSALE-2.jpg","keywords":["angelo antonucci","canzone","Gio Di Giorgio","musica pop","naira","sale e assale","samantha innocenti"],"articleSection":["musica"],"inLanguage":"it-IT"},{"@type":"WebPage","@id":"https:\/\/www.romaoggi.eu\/index.php\/2020\/07\/07\/sale-e-assale-di-samantha-innocenti-naira-il-9-luglio-il-lancio\/","url":"https:\/\/www.romaoggi.eu\/index.php\/2020\/07\/07\/sale-e-assale-di-samantha-innocenti-naira-il-9-luglio-il-lancio\/","name":"\u201cSale e Assale\u201d di Samantha Innocenti (Naira)-il 9 luglio il lancio","isPartOf":{"@id":"https:\/\/www.romaoggi.eu\/#website"},"primaryImageOfPage":{"@id":"https:\/\/www.romaoggi.eu\/index.php\/2020\/07\/07\/sale-e-assale-di-samantha-innocenti-naira-il-9-luglio-il-lancio\/#primaryimage"},"image":{"@id":"https:\/\/www.romaoggi.eu\/index.php\/2020\/07\/07\/sale-e-assale-di-samantha-innocenti-naira-il-9-luglio-il-lancio\/#primaryimage"},"thumbnailUrl":"https:\/\/www.romaoggi.eu\/wp-content\/uploads\/2020\/07\/Samantha-SALE-ASSALE-2.jpg","datePublished":"2020-07-07T10:11:39+00:00","description":"E' iniziato il conto alla rovescia per le migliaia di fans e followers di Samantha Innocenti nota come Naira, gioved\u00ec 9 luglio 2020, finalmente il lancio","breadcrumb":{"@id":"https:\/\/www.romaoggi.eu\/index.php\/2020\/07\/07\/sale-e-assale-di-samantha-innocenti-naira-il-9-luglio-il-lancio\/#breadcrumb"},"inLanguage":"it-IT","potentialAction":[{"@type":"ReadAction","target":["https:\/\/www.romaoggi.eu\/index.php\/2020\/07\/07\/sale-e-assale-di-samantha-innocenti-naira-il-9-luglio-il-lancio\/"]}]},{"@type":"ImageObject","inLanguage":"it-IT","@id":"https:\/\/www.romaoggi.eu\/index.php\/2020\/07\/07\/sale-e-assale-di-samantha-innocenti-naira-il-9-luglio-il-lancio\/#primaryimage","url":"https:\/\/www.romaoggi.eu\/wp-content\/uploads\/2020\/07\/Samantha-SALE-ASSALE-2.jpg","contentUrl":"https:\/\/www.romaoggi.eu\/wp-content\/uploads\/2020\/07\/Samantha-SALE-ASSALE-2.jpg","width":2560,"height":1080,"caption":"Samantha Innocenti"},{"@type":"BreadcrumbList","@id":"https:\/\/www.romaoggi.eu\/index.php\/2020\/07\/07\/sale-e-assale-di-samantha-innocenti-naira-il-9-luglio-il-lancio\/#breadcrumb","itemListElement":[{"@type":"ListItem","position":1,"name":"Home","item":"https:\/\/www.romaoggi.eu\/"},{"@type":"ListItem","position":2,"name":"\u201cSale e Assale\u201d di Samantha Innocenti (Naira)-il 9 luglio il lancio"}]},{"@type":"WebSite","@id":"https:\/\/www.romaoggi.eu\/#website","url":"https:\/\/www.romaoggi.eu\/","name":"roma oggi","description":"Interesting News for Interesting people","publisher":{"@id":"https:\/\/www.romaoggi.eu\/#organization"},"potentialAction":[{"@type":"SearchAction","target":{"@type":"EntryPoint","urlTemplate":"https:\/\/www.romaoggi.eu\/?s={search_term_string}"},"query-input":{"@type":"PropertyValueSpecification","valueRequired":true,"valueName":"search_term_string"}}],"inLanguage":"it-IT"},{"@type":"Organization","@id":"https:\/\/www.romaoggi.eu\/#organization","name":"RomaOggi","url":"https:\/\/www.romaoggi.eu\/","logo":{"@type":"ImageObject","inLanguage":"it-IT","@id":"https:\/\/www.romaoggi.eu\/#\/schema\/logo\/image\/","url":"https:\/\/www.romaoggi.eu\/wp-content\/uploads\/2017\/04\/logowp.jpg","contentUrl":"https:\/\/www.romaoggi.eu\/wp-content\/uploads\/2017\/04\/logowp.jpg","width":300,"height":133,"caption":"RomaOggi"},"image":{"@id":"https:\/\/www.romaoggi.eu\/#\/schema\/logo\/image\/"},"sameAs":["https:\/\/www.facebook.com\/RomaOggi-841544845954114","https:\/\/x.com\/romaoggi_eu"]},{"@type":"Person","@id":"https:\/\/www.romaoggi.eu\/#\/schema\/person\/9b23ceb6a2992a25e98c76a5f1fbb887","name":"admin","image":{"@type":"ImageObject","inLanguage":"it-IT","@id":"https:\/\/secure.gravatar.com\/avatar\/51b1e0a1f4159e3b5d89435fce5e1a348d6c59e2ff8c2d428dae75560aace504?s=96&d=mm&r=g","url":"https:\/\/secure.gravatar.com\/avatar\/51b1e0a1f4159e3b5d89435fce5e1a348d6c59e2ff8c2d428dae75560aace504?s=96&d=mm&r=g","contentUrl":"https:\/\/secure.gravatar.com\/avatar\/51b1e0a1f4159e3b5d89435fce5e1a348d6c59e2ff8c2d428dae75560aace504?s=96&d=mm&r=g","caption":"admin"},"url":"https:\/\/www.romaoggi.eu\/index.php\/author\/admin\/"}]}},"_links":{"self":[{"href":"https:\/\/www.romaoggi.eu\/index.php\/wp-json\/wp\/v2\/posts\/25219","targetHints":{"allow":["GET"]}}],"collection":[{"href":"https:\/\/www.romaoggi.eu\/index.php\/wp-json\/wp\/v2\/posts"}],"about":[{"href":"https:\/\/www.romaoggi.eu\/index.php\/wp-json\/wp\/v2\/types\/post"}],"author":[{"embeddable":true,"href":"https:\/\/www.romaoggi.eu\/index.php\/wp-json\/wp\/v2\/users\/1"}],"replies":[{"embeddable":true,"href":"https:\/\/www.romaoggi.eu\/index.php\/wp-json\/wp\/v2\/comments?post=25219"}],"version-history":[{"count":4,"href":"https:\/\/www.romaoggi.eu\/index.php\/wp-json\/wp\/v2\/posts\/25219\/revisions"}],"predecessor-version":[{"id":25228,"href":"https:\/\/www.romaoggi.eu\/index.php\/wp-json\/wp\/v2\/posts\/25219\/revisions\/25228"}],"wp:featuredmedia":[{"embeddable":true,"href":"https:\/\/www.romaoggi.eu\/index.php\/wp-json\/wp\/v2\/media\/25223"}],"wp:attachment":[{"href":"https:\/\/www.romaoggi.eu\/index.php\/wp-json\/wp\/v2\/media?parent=25219"}],"wp:term":[{"taxonomy":"category","embeddable":true,"href":"https:\/\/www.romaoggi.eu\/index.php\/wp-json\/wp\/v2\/categories?post=25219"},{"taxonomy":"post_tag","embeddable":true,"href":"https:\/\/www.romaoggi.eu\/index.php\/wp-json\/wp\/v2\/tags?post=25219"}],"curies":[{"name":"wp","href":"https:\/\/api.w.org\/{rel}","templated":true}]}}