{"id":25264,"date":"2020-07-14T12:11:01","date_gmt":"2020-07-14T10:11:01","guid":{"rendered":"http:\/\/www.romaoggi.eu\/?p=25264"},"modified":"2020-07-14T12:11:01","modified_gmt":"2020-07-14T10:11:01","slug":"al-pier-eur-il-20-luglio-presentazione-del-libronon-solo-selfie-di-elenia-scarsella","status":"publish","type":"post","link":"https:\/\/www.romaoggi.eu\/index.php\/2020\/07\/14\/al-pier-eur-il-20-luglio-presentazione-del-libronon-solo-selfie-di-elenia-scarsella\/","title":{"rendered":"Al Pier-Eur il 20 luglio presentazione del libro&#8221;Non solo Selfie&#8221; di Elenia Scarsella"},"content":{"rendered":"<p style=\"text-align: justify;\"><b>All\u2019ombra dei portici del <a href=\"https:\/\/piereur.it\/\">Pier<\/a>, uno dei locali pi\u00f9 esclusivi e cool della capitale Elenia Scarsella presenter\u00e0 il suo libro \u201cNon solo Selfie\u201d.<\/b><\/p>\n<p style=\"text-align: justify;\"><span style=\"font-weight: 400;\">La fashion blogger\u00a0<\/span><b>Elenia Scarsella<\/b><span style=\"font-weight: 400;\">, ideatrice del famoso blog <\/span><a href=\"https:\/\/www.blogandthecity.it\/\"><span style=\"font-weight: 400;\">Blogandthecity.it<\/span><\/a><span style=\"font-weight: 400;\">, presenta il suo primo libro &#8220;<\/span><b>Non solo Selfie<\/b><span style=\"font-weight: 400;\">&#8221; al <\/span><a href=\"https:\/\/piereur.it\/?fbclid=IwAR1fPq-M7fhqI7J-5Vi6E6sT3KWHTh0w3_Gke9SJJv2kpTuatZ2Z-jRF-N8\"><span style=\"font-weight: 400;\">Pier<\/span><\/a><span style=\"font-weight: 400;\"> dell&#8217;Eur il 20 luglio ore 19.00. Una bella occasione di incontro e di divertimento per carpire tutti i segreti per un selfie perfetto e per acquistare il suo prezioso manuale molto ambito dagli amanti dell&#8217;immagine.<\/span><\/p>\n<p><img loading=\"lazy\" decoding=\"async\" class=\"aligncenter wp-image-25266 size-full\" src=\"https:\/\/www.romaoggi.eu\/wp-content\/uploads\/2020\/07\/Non-solo-Selfie-Copertina-1.jpg\" alt=\"alt tag non solo selfie\" width=\"500\" height=\"712\" srcset=\"https:\/\/www.romaoggi.eu\/wp-content\/uploads\/2020\/07\/Non-solo-Selfie-Copertina-1.jpg 500w, https:\/\/www.romaoggi.eu\/wp-content\/uploads\/2020\/07\/Non-solo-Selfie-Copertina-1-211x300.jpg 211w\" sizes=\"auto, (max-width: 500px) 100vw, 500px\" \/><\/p>\n<p style=\"text-align: justify;\"><span style=\"font-weight: 400;\">&#8220;<\/span><i><span style=\"font-weight: 400;\">Tutti hanno un iniziale imbarazzo davanti ad una telecamera o ad una macchina fotografica- <\/span><\/i><span style=\"font-weight: 400;\">racconta Elenia, anche io all&#8217;inizio-<\/span><i><span style=\"font-weight: 400;\"> per superare questo iniziale disagio basta conoscere alcune regole e segreti di postura e angolazioni, e tutti possiamo apparire pi\u00f9 belli e piacevoli, vi svelo tutto ci\u00f2 che ho imparato nel mio libro<\/span><\/i><span style=\"font-weight: 400;\">&#8220;.<\/span><\/p>\n<p style=\"text-align: justify;\"><span style=\"font-weight: 400;\">&#8220;<\/span><i><span style=\"font-weight: 400;\">Sono felice di presentare il mio libro &#8211; <\/span><\/i><span style=\"font-weight: 400;\">prosegue la blogger<\/span><i><span style=\"font-weight: 400;\">&#8211; ai follower romani e alla stampa al Pier, una location accogliente a pochi passi dall\u2019Obelisco dell\u2019E.U.R., uno dei quartieri pi\u00f9 vibranti e dinamici della capitale. Mi ha colpita da subito il minimalismo degli arredi del Pier un posto che colpisce subito per la sua eleganza ed attenzione ai minimi dettagli, un luogo cosmopolita e di stile, il luogo perfetto dove scattare dei selfie ma anche per un aperitivo glamour e mondano<\/span><\/i><span style=\"font-weight: 400;\">&#8220;.<\/span><\/p>\n<figure id=\"attachment_25267\" aria-describedby=\"caption-attachment-25267\" style=\"width: 600px\" class=\"wp-caption aligncenter\"><img loading=\"lazy\" decoding=\"async\" class=\"wp-image-25267 size-full\" src=\"https:\/\/www.romaoggi.eu\/wp-content\/uploads\/2020\/07\/Elenia-Scarsella-e-Antonietta-Di-Vizia-1.jpg\" alt=\"alt tag non solo selfie\" width=\"600\" height=\"761\" srcset=\"https:\/\/www.romaoggi.eu\/wp-content\/uploads\/2020\/07\/Elenia-Scarsella-e-Antonietta-Di-Vizia-1.jpg 600w, https:\/\/www.romaoggi.eu\/wp-content\/uploads\/2020\/07\/Elenia-Scarsella-e-Antonietta-Di-Vizia-1-237x300.jpg 237w\" sizes=\"auto, (max-width: 600px) 100vw, 600px\" \/><figcaption id=\"caption-attachment-25267\" class=\"wp-caption-text\">Elenia Scarsella e Antonietta Di Vizia<\/figcaption><\/figure>\n<p style=\"text-align: justify;\"><b>&#8220;Non solo Selfie\u201d<\/b><span style=\"font-weight: 400;\"> \u00e8 un libro ricco di spunti interessanti per imparare a scattare il selfie perfetto ma senza prendersi troppo sul serio. \u00c8 un agile e divertente manuale d&#8217;istruzione per chi vuole apparire al top in foto in diverse situazioni. Vengono affrontate oltre alle foto-selfie, le foto in posa, quelle pi\u00f9 naturali, le foto <strong>WOW<\/strong> e le tradizionali foto curriculum. Attraverso pratici consigli, accorgimenti e fotografie di esempio, questo manuale vi aiuter\u00e0 a rendere i vostri scatti davvero eccezionali e indimenticabili. In fondo trovate anche un capitolo con molti suggerimenti su come pubblicare con successo le foto su Facebook e Instagram.\u00a0<\/span><\/p>\n<p style=\"text-align: justify;\"><span style=\"font-weight: 400;\">Apparire pi\u00f9 belle fa bene al morale, ma \u00e8 bene non prendersi mai troppo sul serio, sedurre e piacere deve essere un gioco, nel quale grazie a &#8220;<\/span><b>Non solo Selfie<\/b><span style=\"font-weight: 400;\">&#8221; si pu\u00f2 scoprire qualche utile e prezioso segreto in pi\u00f9, che ci pu\u00f2 aiutare in amore, sul lavoro ma anche nella vita di tutti i giorni.<\/span><\/p>\n<p style=\"text-align: justify;\"><span style=\"font-weight: 400;\">&#8220;<\/span><i><span style=\"font-weight: 400;\">A rendere speciale la presentazione &#8211; <\/span><\/i><span style=\"font-weight: 400;\">dice Elenia Scarsella<\/span><i><span style=\"font-weight: 400;\">&#8211; la presenza della giornalista <\/span><\/i><b><i>Antonietta Di Vizia<\/i><\/b><i><span style=\"font-weight: 400;\">, che ha scritto anche la prefazione del libro, della psicologa dr.ssa <\/span><\/i><b><i><a href=\"https:\/\/www.romaoggi.eu\/index.php\/2020\/05\/03\/al-via-il-progetto-lartenonsiarrende-a-cura-di-emanuela-scanu\/\">Emanuela Scanu<\/a>, <\/i><\/b><i><span style=\"font-weight: 400;\">esperta di immagine, e un prodotto di eccellenza <\/span><\/i><b><i>Oro di Bacco<\/i><\/b><i><span style=\"font-weight: 400;\">, uno spumante a 22 carati, arricchito con scaglie di autentico oro commestibile. Alla vista si presenta come una tempesta di neve luccicante d\u2019oro, intrappolata all\u2019interno di una bottiglia di scintillante bellezza. Il modo perfetto per brindare e celebrare un\u2019occasione importante come il lancio del mio libro <\/span><\/i><b><i>Non solo Selfie<\/i><\/b><span style=\"font-weight: 400;\">&#8220;.<\/span><\/p>\n<figure id=\"attachment_25268\" aria-describedby=\"caption-attachment-25268\" style=\"width: 550px\" class=\"wp-caption aligncenter\"><img loading=\"lazy\" decoding=\"async\" class=\"wp-image-25268 size-full\" src=\"https:\/\/www.romaoggi.eu\/wp-content\/uploads\/2020\/07\/Locale-Pier-Eur.jpg\" alt=\"alt tag non solo selfie\" width=\"550\" height=\"309\" srcset=\"https:\/\/www.romaoggi.eu\/wp-content\/uploads\/2020\/07\/Locale-Pier-Eur.jpg 550w, https:\/\/www.romaoggi.eu\/wp-content\/uploads\/2020\/07\/Locale-Pier-Eur-300x169.jpg 300w\" sizes=\"auto, (max-width: 550px) 100vw, 550px\" \/><figcaption id=\"caption-attachment-25268\" class=\"wp-caption-text\">Pier-Eur<\/figcaption><\/figure>\n","protected":false},"excerpt":{"rendered":"<div class=\"mh-excerpt\"><p>All\u2019ombra dei portici del Pier, uno dei locali pi\u00f9 esclusivi e cool della capitale Elenia Scarsella presenter\u00e0 il suo libro \u201cNon solo Selfie\u201d. La fashion blogger\u00a0Elenia Scarsella, ideatrice del famoso blog Blogandthecity.it, presenta il suo <a class=\"mh-excerpt-more\" href=\"https:\/\/www.romaoggi.eu\/index.php\/2020\/07\/14\/al-pier-eur-il-20-luglio-presentazione-del-libronon-solo-selfie-di-elenia-scarsella\/\" title=\"Al Pier-Eur il 20 luglio presentazione del libro&#8221;Non solo Selfie&#8221; di Elenia Scarsella\">[&#8230;]<\/a><\/p>\n<\/div>","protected":false},"author":1,"featured_media":25265,"comment_status":"closed","ping_status":"open","sticky":false,"template":"","format":"standard","meta":{"_sitemap_exclude":false,"_sitemap_priority":"","_sitemap_frequency":"","footnotes":""},"categories":[3],"tags":[2987,12424,5553,288,933,5108,1578,476,14095,10862,9574,5384,11774],"class_list":["post-25264","post","type-post","status-publish","format-standard","has-post-thumbnail","hentry","category-eventi","tag-bellezza","tag-emanuela-scanu","tag-eur","tag-evento","tag-facebook","tag-immagine","tag-instagram","tag-libro","tag-non-solo-selfie","tag-oro-di-bacco","tag-pier","tag-presentazione","tag-selfie"],"yoast_head":"<!-- This site is optimized with the Yoast SEO plugin v27.5 - https:\/\/yoast.com\/product\/yoast-seo-wordpress\/ -->\n<title>Al Pier-Eur il 20 luglio presentazione del libro&quot;Non solo Selfie&quot; di Elenia Scarsella<\/title>\n<meta name=\"description\" content=\"All\u2019ombra dei portici del Pier, uno dei locali pi\u00f9 esclusivi e cool della capitale Elenia Scarsella presenter\u00e0 il suo libro \u201cNon solo Selfie\u201d. La fashion\" \/>\n<meta name=\"robots\" content=\"index, follow, max-snippet:-1, max-image-preview:large, max-video-preview:-1\" \/>\n<link rel=\"canonical\" href=\"https:\/\/www.romaoggi.eu\/index.php\/2020\/07\/14\/al-pier-eur-il-20-luglio-presentazione-del-libronon-solo-selfie-di-elenia-scarsella\/\" \/>\n<meta property=\"og:locale\" content=\"it_IT\" \/>\n<meta property=\"og:type\" content=\"article\" \/>\n<meta property=\"og:title\" content=\"Al Pier-Eur il 20 luglio presentazione del libro&quot;Non solo Selfie&quot; di Elenia Scarsella\" \/>\n<meta property=\"og:description\" content=\"All\u2019ombra dei portici del Pier, uno dei locali pi\u00f9 esclusivi e cool della capitale Elenia Scarsella presenter\u00e0 il suo libro \u201cNon solo Selfie\u201d. La fashion\" \/>\n<meta property=\"og:url\" content=\"https:\/\/www.romaoggi.eu\/index.php\/2020\/07\/14\/al-pier-eur-il-20-luglio-presentazione-del-libronon-solo-selfie-di-elenia-scarsella\/\" \/>\n<meta property=\"og:site_name\" content=\"roma oggi\" \/>\n<meta property=\"article:publisher\" content=\"https:\/\/www.facebook.com\/RomaOggi-841544845954114\" \/>\n<meta property=\"article:published_time\" content=\"2020-07-14T10:11:01+00:00\" \/>\n<meta property=\"og:image\" content=\"https:\/\/www.romaoggi.eu\/wp-content\/uploads\/2020\/07\/INVITO-al-Pier-Eur.jpg\" \/>\n\t<meta property=\"og:image:width\" content=\"1024\" \/>\n\t<meta property=\"og:image:height\" content=\"576\" \/>\n\t<meta property=\"og:image:type\" content=\"image\/jpeg\" \/>\n<meta name=\"author\" content=\"admin\" \/>\n<meta name=\"twitter:card\" content=\"summary_large_image\" \/>\n<meta name=\"twitter:creator\" content=\"@romaoggi_eu\" \/>\n<meta name=\"twitter:site\" content=\"@romaoggi_eu\" \/>\n<meta name=\"twitter:label1\" content=\"Scritto da\" \/>\n\t<meta name=\"twitter:data1\" content=\"admin\" \/>\n\t<meta name=\"twitter:label2\" content=\"Tempo di lettura stimato\" \/>\n\t<meta name=\"twitter:data2\" content=\"2 minuti\" \/>\n<script type=\"application\/ld+json\" class=\"yoast-schema-graph\">{\"@context\":\"https:\\\/\\\/schema.org\",\"@graph\":[{\"@type\":\"Article\",\"@id\":\"https:\\\/\\\/www.romaoggi.eu\\\/index.php\\\/2020\\\/07\\\/14\\\/al-pier-eur-il-20-luglio-presentazione-del-libronon-solo-selfie-di-elenia-scarsella\\\/#article\",\"isPartOf\":{\"@id\":\"https:\\\/\\\/www.romaoggi.eu\\\/index.php\\\/2020\\\/07\\\/14\\\/al-pier-eur-il-20-luglio-presentazione-del-libronon-solo-selfie-di-elenia-scarsella\\\/\"},\"author\":{\"name\":\"admin\",\"@id\":\"https:\\\/\\\/www.romaoggi.eu\\\/#\\\/schema\\\/person\\\/9b23ceb6a2992a25e98c76a5f1fbb887\"},\"headline\":\"Al Pier-Eur il 20 luglio presentazione del libro&#8221;Non solo Selfie&#8221; di Elenia Scarsella\",\"datePublished\":\"2020-07-14T10:11:01+00:00\",\"mainEntityOfPage\":{\"@id\":\"https:\\\/\\\/www.romaoggi.eu\\\/index.php\\\/2020\\\/07\\\/14\\\/al-pier-eur-il-20-luglio-presentazione-del-libronon-solo-selfie-di-elenia-scarsella\\\/\"},\"wordCount\":503,\"publisher\":{\"@id\":\"https:\\\/\\\/www.romaoggi.eu\\\/#organization\"},\"image\":{\"@id\":\"https:\\\/\\\/www.romaoggi.eu\\\/index.php\\\/2020\\\/07\\\/14\\\/al-pier-eur-il-20-luglio-presentazione-del-libronon-solo-selfie-di-elenia-scarsella\\\/#primaryimage\"},\"thumbnailUrl\":\"https:\\\/\\\/www.romaoggi.eu\\\/wp-content\\\/uploads\\\/2020\\\/07\\\/INVITO-al-Pier-Eur.jpg\",\"keywords\":[\"bellezza\",\"emanuela scanu\",\"EUR\",\"evento\",\"facebook\",\"immagine\",\"instagram\",\"libro\",\"non solo selfie\",\"oro di bacco\",\"pier\",\"Presentazione\",\"selfie\"],\"articleSection\":[\"Eventi\"],\"inLanguage\":\"it-IT\"},{\"@type\":\"WebPage\",\"@id\":\"https:\\\/\\\/www.romaoggi.eu\\\/index.php\\\/2020\\\/07\\\/14\\\/al-pier-eur-il-20-luglio-presentazione-del-libronon-solo-selfie-di-elenia-scarsella\\\/\",\"url\":\"https:\\\/\\\/www.romaoggi.eu\\\/index.php\\\/2020\\\/07\\\/14\\\/al-pier-eur-il-20-luglio-presentazione-del-libronon-solo-selfie-di-elenia-scarsella\\\/\",\"name\":\"Al Pier-Eur il 20 luglio presentazione del libro\\\"Non solo Selfie\\\" di Elenia Scarsella\",\"isPartOf\":{\"@id\":\"https:\\\/\\\/www.romaoggi.eu\\\/#website\"},\"primaryImageOfPage\":{\"@id\":\"https:\\\/\\\/www.romaoggi.eu\\\/index.php\\\/2020\\\/07\\\/14\\\/al-pier-eur-il-20-luglio-presentazione-del-libronon-solo-selfie-di-elenia-scarsella\\\/#primaryimage\"},\"image\":{\"@id\":\"https:\\\/\\\/www.romaoggi.eu\\\/index.php\\\/2020\\\/07\\\/14\\\/al-pier-eur-il-20-luglio-presentazione-del-libronon-solo-selfie-di-elenia-scarsella\\\/#primaryimage\"},\"thumbnailUrl\":\"https:\\\/\\\/www.romaoggi.eu\\\/wp-content\\\/uploads\\\/2020\\\/07\\\/INVITO-al-Pier-Eur.jpg\",\"datePublished\":\"2020-07-14T10:11:01+00:00\",\"description\":\"All\u2019ombra dei portici del Pier, uno dei locali pi\u00f9 esclusivi e cool della capitale Elenia Scarsella presenter\u00e0 il suo libro \u201cNon solo Selfie\u201d. La fashion\",\"breadcrumb\":{\"@id\":\"https:\\\/\\\/www.romaoggi.eu\\\/index.php\\\/2020\\\/07\\\/14\\\/al-pier-eur-il-20-luglio-presentazione-del-libronon-solo-selfie-di-elenia-scarsella\\\/#breadcrumb\"},\"inLanguage\":\"it-IT\",\"potentialAction\":[{\"@type\":\"ReadAction\",\"target\":[\"https:\\\/\\\/www.romaoggi.eu\\\/index.php\\\/2020\\\/07\\\/14\\\/al-pier-eur-il-20-luglio-presentazione-del-libronon-solo-selfie-di-elenia-scarsella\\\/\"]}]},{\"@type\":\"ImageObject\",\"inLanguage\":\"it-IT\",\"@id\":\"https:\\\/\\\/www.romaoggi.eu\\\/index.php\\\/2020\\\/07\\\/14\\\/al-pier-eur-il-20-luglio-presentazione-del-libronon-solo-selfie-di-elenia-scarsella\\\/#primaryimage\",\"url\":\"https:\\\/\\\/www.romaoggi.eu\\\/wp-content\\\/uploads\\\/2020\\\/07\\\/INVITO-al-Pier-Eur.jpg\",\"contentUrl\":\"https:\\\/\\\/www.romaoggi.eu\\\/wp-content\\\/uploads\\\/2020\\\/07\\\/INVITO-al-Pier-Eur.jpg\",\"width\":1024,\"height\":576,\"caption\":\"alt tag non solo selfie\"},{\"@type\":\"BreadcrumbList\",\"@id\":\"https:\\\/\\\/www.romaoggi.eu\\\/index.php\\\/2020\\\/07\\\/14\\\/al-pier-eur-il-20-luglio-presentazione-del-libronon-solo-selfie-di-elenia-scarsella\\\/#breadcrumb\",\"itemListElement\":[{\"@type\":\"ListItem\",\"position\":1,\"name\":\"Home\",\"item\":\"https:\\\/\\\/www.romaoggi.eu\\\/\"},{\"@type\":\"ListItem\",\"position\":2,\"name\":\"Al Pier-Eur il 20 luglio presentazione del libro&#8221;Non solo Selfie&#8221; di Elenia Scarsella\"}]},{\"@type\":\"WebSite\",\"@id\":\"https:\\\/\\\/www.romaoggi.eu\\\/#website\",\"url\":\"https:\\\/\\\/www.romaoggi.eu\\\/\",\"name\":\"roma oggi\",\"description\":\"Interesting News for Interesting people\",\"publisher\":{\"@id\":\"https:\\\/\\\/www.romaoggi.eu\\\/#organization\"},\"potentialAction\":[{\"@type\":\"SearchAction\",\"target\":{\"@type\":\"EntryPoint\",\"urlTemplate\":\"https:\\\/\\\/www.romaoggi.eu\\\/?s={search_term_string}\"},\"query-input\":{\"@type\":\"PropertyValueSpecification\",\"valueRequired\":true,\"valueName\":\"search_term_string\"}}],\"inLanguage\":\"it-IT\"},{\"@type\":\"Organization\",\"@id\":\"https:\\\/\\\/www.romaoggi.eu\\\/#organization\",\"name\":\"RomaOggi\",\"url\":\"https:\\\/\\\/www.romaoggi.eu\\\/\",\"logo\":{\"@type\":\"ImageObject\",\"inLanguage\":\"it-IT\",\"@id\":\"https:\\\/\\\/www.romaoggi.eu\\\/#\\\/schema\\\/logo\\\/image\\\/\",\"url\":\"https:\\\/\\\/www.romaoggi.eu\\\/wp-content\\\/uploads\\\/2017\\\/04\\\/logowp.jpg\",\"contentUrl\":\"https:\\\/\\\/www.romaoggi.eu\\\/wp-content\\\/uploads\\\/2017\\\/04\\\/logowp.jpg\",\"width\":300,\"height\":133,\"caption\":\"RomaOggi\"},\"image\":{\"@id\":\"https:\\\/\\\/www.romaoggi.eu\\\/#\\\/schema\\\/logo\\\/image\\\/\"},\"sameAs\":[\"https:\\\/\\\/www.facebook.com\\\/RomaOggi-841544845954114\",\"https:\\\/\\\/x.com\\\/romaoggi_eu\"]},{\"@type\":\"Person\",\"@id\":\"https:\\\/\\\/www.romaoggi.eu\\\/#\\\/schema\\\/person\\\/9b23ceb6a2992a25e98c76a5f1fbb887\",\"name\":\"admin\",\"image\":{\"@type\":\"ImageObject\",\"inLanguage\":\"it-IT\",\"@id\":\"https:\\\/\\\/secure.gravatar.com\\\/avatar\\\/51b1e0a1f4159e3b5d89435fce5e1a348d6c59e2ff8c2d428dae75560aace504?s=96&d=mm&r=g\",\"url\":\"https:\\\/\\\/secure.gravatar.com\\\/avatar\\\/51b1e0a1f4159e3b5d89435fce5e1a348d6c59e2ff8c2d428dae75560aace504?s=96&d=mm&r=g\",\"contentUrl\":\"https:\\\/\\\/secure.gravatar.com\\\/avatar\\\/51b1e0a1f4159e3b5d89435fce5e1a348d6c59e2ff8c2d428dae75560aace504?s=96&d=mm&r=g\",\"caption\":\"admin\"},\"url\":\"https:\\\/\\\/www.romaoggi.eu\\\/index.php\\\/author\\\/admin\\\/\"}]}<\/script>\n<!-- \/ Yoast SEO plugin. -->","yoast_head_json":{"title":"Al Pier-Eur il 20 luglio presentazione del libro\"Non solo Selfie\" di Elenia Scarsella","description":"All\u2019ombra dei portici del Pier, uno dei locali pi\u00f9 esclusivi e cool della capitale Elenia Scarsella presenter\u00e0 il suo libro \u201cNon solo Selfie\u201d. La fashion","robots":{"index":"index","follow":"follow","max-snippet":"max-snippet:-1","max-image-preview":"max-image-preview:large","max-video-preview":"max-video-preview:-1"},"canonical":"https:\/\/www.romaoggi.eu\/index.php\/2020\/07\/14\/al-pier-eur-il-20-luglio-presentazione-del-libronon-solo-selfie-di-elenia-scarsella\/","og_locale":"it_IT","og_type":"article","og_title":"Al Pier-Eur il 20 luglio presentazione del libro\"Non solo Selfie\" di Elenia Scarsella","og_description":"All\u2019ombra dei portici del Pier, uno dei locali pi\u00f9 esclusivi e cool della capitale Elenia Scarsella presenter\u00e0 il suo libro \u201cNon solo Selfie\u201d. La fashion","og_url":"https:\/\/www.romaoggi.eu\/index.php\/2020\/07\/14\/al-pier-eur-il-20-luglio-presentazione-del-libronon-solo-selfie-di-elenia-scarsella\/","og_site_name":"roma oggi","article_publisher":"https:\/\/www.facebook.com\/RomaOggi-841544845954114","article_published_time":"2020-07-14T10:11:01+00:00","og_image":[{"width":1024,"height":576,"url":"https:\/\/www.romaoggi.eu\/wp-content\/uploads\/2020\/07\/INVITO-al-Pier-Eur.jpg","type":"image\/jpeg"}],"author":"admin","twitter_card":"summary_large_image","twitter_creator":"@romaoggi_eu","twitter_site":"@romaoggi_eu","twitter_misc":{"Scritto da":"admin","Tempo di lettura stimato":"2 minuti"},"schema":{"@context":"https:\/\/schema.org","@graph":[{"@type":"Article","@id":"https:\/\/www.romaoggi.eu\/index.php\/2020\/07\/14\/al-pier-eur-il-20-luglio-presentazione-del-libronon-solo-selfie-di-elenia-scarsella\/#article","isPartOf":{"@id":"https:\/\/www.romaoggi.eu\/index.php\/2020\/07\/14\/al-pier-eur-il-20-luglio-presentazione-del-libronon-solo-selfie-di-elenia-scarsella\/"},"author":{"name":"admin","@id":"https:\/\/www.romaoggi.eu\/#\/schema\/person\/9b23ceb6a2992a25e98c76a5f1fbb887"},"headline":"Al Pier-Eur il 20 luglio presentazione del libro&#8221;Non solo Selfie&#8221; di Elenia Scarsella","datePublished":"2020-07-14T10:11:01+00:00","mainEntityOfPage":{"@id":"https:\/\/www.romaoggi.eu\/index.php\/2020\/07\/14\/al-pier-eur-il-20-luglio-presentazione-del-libronon-solo-selfie-di-elenia-scarsella\/"},"wordCount":503,"publisher":{"@id":"https:\/\/www.romaoggi.eu\/#organization"},"image":{"@id":"https:\/\/www.romaoggi.eu\/index.php\/2020\/07\/14\/al-pier-eur-il-20-luglio-presentazione-del-libronon-solo-selfie-di-elenia-scarsella\/#primaryimage"},"thumbnailUrl":"https:\/\/www.romaoggi.eu\/wp-content\/uploads\/2020\/07\/INVITO-al-Pier-Eur.jpg","keywords":["bellezza","emanuela scanu","EUR","evento","facebook","immagine","instagram","libro","non solo selfie","oro di bacco","pier","Presentazione","selfie"],"articleSection":["Eventi"],"inLanguage":"it-IT"},{"@type":"WebPage","@id":"https:\/\/www.romaoggi.eu\/index.php\/2020\/07\/14\/al-pier-eur-il-20-luglio-presentazione-del-libronon-solo-selfie-di-elenia-scarsella\/","url":"https:\/\/www.romaoggi.eu\/index.php\/2020\/07\/14\/al-pier-eur-il-20-luglio-presentazione-del-libronon-solo-selfie-di-elenia-scarsella\/","name":"Al Pier-Eur il 20 luglio presentazione del libro\"Non solo Selfie\" di Elenia Scarsella","isPartOf":{"@id":"https:\/\/www.romaoggi.eu\/#website"},"primaryImageOfPage":{"@id":"https:\/\/www.romaoggi.eu\/index.php\/2020\/07\/14\/al-pier-eur-il-20-luglio-presentazione-del-libronon-solo-selfie-di-elenia-scarsella\/#primaryimage"},"image":{"@id":"https:\/\/www.romaoggi.eu\/index.php\/2020\/07\/14\/al-pier-eur-il-20-luglio-presentazione-del-libronon-solo-selfie-di-elenia-scarsella\/#primaryimage"},"thumbnailUrl":"https:\/\/www.romaoggi.eu\/wp-content\/uploads\/2020\/07\/INVITO-al-Pier-Eur.jpg","datePublished":"2020-07-14T10:11:01+00:00","description":"All\u2019ombra dei portici del Pier, uno dei locali pi\u00f9 esclusivi e cool della capitale Elenia Scarsella presenter\u00e0 il suo libro \u201cNon solo Selfie\u201d. La fashion","breadcrumb":{"@id":"https:\/\/www.romaoggi.eu\/index.php\/2020\/07\/14\/al-pier-eur-il-20-luglio-presentazione-del-libronon-solo-selfie-di-elenia-scarsella\/#breadcrumb"},"inLanguage":"it-IT","potentialAction":[{"@type":"ReadAction","target":["https:\/\/www.romaoggi.eu\/index.php\/2020\/07\/14\/al-pier-eur-il-20-luglio-presentazione-del-libronon-solo-selfie-di-elenia-scarsella\/"]}]},{"@type":"ImageObject","inLanguage":"it-IT","@id":"https:\/\/www.romaoggi.eu\/index.php\/2020\/07\/14\/al-pier-eur-il-20-luglio-presentazione-del-libronon-solo-selfie-di-elenia-scarsella\/#primaryimage","url":"https:\/\/www.romaoggi.eu\/wp-content\/uploads\/2020\/07\/INVITO-al-Pier-Eur.jpg","contentUrl":"https:\/\/www.romaoggi.eu\/wp-content\/uploads\/2020\/07\/INVITO-al-Pier-Eur.jpg","width":1024,"height":576,"caption":"alt tag non solo selfie"},{"@type":"BreadcrumbList","@id":"https:\/\/www.romaoggi.eu\/index.php\/2020\/07\/14\/al-pier-eur-il-20-luglio-presentazione-del-libronon-solo-selfie-di-elenia-scarsella\/#breadcrumb","itemListElement":[{"@type":"ListItem","position":1,"name":"Home","item":"https:\/\/www.romaoggi.eu\/"},{"@type":"ListItem","position":2,"name":"Al Pier-Eur il 20 luglio presentazione del libro&#8221;Non solo Selfie&#8221; di Elenia Scarsella"}]},{"@type":"WebSite","@id":"https:\/\/www.romaoggi.eu\/#website","url":"https:\/\/www.romaoggi.eu\/","name":"roma oggi","description":"Interesting News for Interesting people","publisher":{"@id":"https:\/\/www.romaoggi.eu\/#organization"},"potentialAction":[{"@type":"SearchAction","target":{"@type":"EntryPoint","urlTemplate":"https:\/\/www.romaoggi.eu\/?s={search_term_string}"},"query-input":{"@type":"PropertyValueSpecification","valueRequired":true,"valueName":"search_term_string"}}],"inLanguage":"it-IT"},{"@type":"Organization","@id":"https:\/\/www.romaoggi.eu\/#organization","name":"RomaOggi","url":"https:\/\/www.romaoggi.eu\/","logo":{"@type":"ImageObject","inLanguage":"it-IT","@id":"https:\/\/www.romaoggi.eu\/#\/schema\/logo\/image\/","url":"https:\/\/www.romaoggi.eu\/wp-content\/uploads\/2017\/04\/logowp.jpg","contentUrl":"https:\/\/www.romaoggi.eu\/wp-content\/uploads\/2017\/04\/logowp.jpg","width":300,"height":133,"caption":"RomaOggi"},"image":{"@id":"https:\/\/www.romaoggi.eu\/#\/schema\/logo\/image\/"},"sameAs":["https:\/\/www.facebook.com\/RomaOggi-841544845954114","https:\/\/x.com\/romaoggi_eu"]},{"@type":"Person","@id":"https:\/\/www.romaoggi.eu\/#\/schema\/person\/9b23ceb6a2992a25e98c76a5f1fbb887","name":"admin","image":{"@type":"ImageObject","inLanguage":"it-IT","@id":"https:\/\/secure.gravatar.com\/avatar\/51b1e0a1f4159e3b5d89435fce5e1a348d6c59e2ff8c2d428dae75560aace504?s=96&d=mm&r=g","url":"https:\/\/secure.gravatar.com\/avatar\/51b1e0a1f4159e3b5d89435fce5e1a348d6c59e2ff8c2d428dae75560aace504?s=96&d=mm&r=g","contentUrl":"https:\/\/secure.gravatar.com\/avatar\/51b1e0a1f4159e3b5d89435fce5e1a348d6c59e2ff8c2d428dae75560aace504?s=96&d=mm&r=g","caption":"admin"},"url":"https:\/\/www.romaoggi.eu\/index.php\/author\/admin\/"}]}},"_links":{"self":[{"href":"https:\/\/www.romaoggi.eu\/index.php\/wp-json\/wp\/v2\/posts\/25264","targetHints":{"allow":["GET"]}}],"collection":[{"href":"https:\/\/www.romaoggi.eu\/index.php\/wp-json\/wp\/v2\/posts"}],"about":[{"href":"https:\/\/www.romaoggi.eu\/index.php\/wp-json\/wp\/v2\/types\/post"}],"author":[{"embeddable":true,"href":"https:\/\/www.romaoggi.eu\/index.php\/wp-json\/wp\/v2\/users\/1"}],"replies":[{"embeddable":true,"href":"https:\/\/www.romaoggi.eu\/index.php\/wp-json\/wp\/v2\/comments?post=25264"}],"version-history":[{"count":3,"href":"https:\/\/www.romaoggi.eu\/index.php\/wp-json\/wp\/v2\/posts\/25264\/revisions"}],"predecessor-version":[{"id":25271,"href":"https:\/\/www.romaoggi.eu\/index.php\/wp-json\/wp\/v2\/posts\/25264\/revisions\/25271"}],"wp:featuredmedia":[{"embeddable":true,"href":"https:\/\/www.romaoggi.eu\/index.php\/wp-json\/wp\/v2\/media\/25265"}],"wp:attachment":[{"href":"https:\/\/www.romaoggi.eu\/index.php\/wp-json\/wp\/v2\/media?parent=25264"}],"wp:term":[{"taxonomy":"category","embeddable":true,"href":"https:\/\/www.romaoggi.eu\/index.php\/wp-json\/wp\/v2\/categories?post=25264"},{"taxonomy":"post_tag","embeddable":true,"href":"https:\/\/www.romaoggi.eu\/index.php\/wp-json\/wp\/v2\/tags?post=25264"}],"curies":[{"name":"wp","href":"https:\/\/api.w.org\/{rel}","templated":true}]}}