{"id":25398,"date":"2020-07-25T15:29:41","date_gmt":"2020-07-25T13:29:41","guid":{"rendered":"http:\/\/www.romaoggi.eu\/?p=25398"},"modified":"2020-07-25T15:29:41","modified_gmt":"2020-07-25T13:29:41","slug":"un-videoclip-per-celebrare-nuovo-cinema-paradiso","status":"publish","type":"post","link":"https:\/\/www.romaoggi.eu\/index.php\/2020\/07\/25\/un-videoclip-per-celebrare-nuovo-cinema-paradiso\/","title":{"rendered":"Un videoclip per celebrare &#8216;Nuovo Cinema Paradiso&#8217;"},"content":{"rendered":"<p>Sar\u00e0 il Duo Imbesi Zangar\u00e0, composto dai Maestri<strong> Carmelo Imbesi e Carmen Zangar\u00e0<\/strong>, ad<br \/>\nessere protagonista del video celebrativo della Seconda Edizione del <strong>Paradiso Film Festival<\/strong> che<br \/>\nquest\u2019anno coincide con la celebrazione per i 30 anni dall&#8217; Oscar del film di <strong>Tornatore<\/strong>, \u2018<strong>Nuovo<\/strong><br \/>\n<strong>Cinema Paradiso<\/strong>\u2019.<br \/>\n<strong>Barcellona P.G<\/strong>., <strong>Domenica 26 Luglio a Palazzo Adriano,<\/strong> set storico del film,<br \/>\nprenderanno il via le riprese del video celebrativo del Paradiso Film Festival che si svolger\u00e0<br \/>\ndal 19 al 25 settembre. I Maestri Carmelo Imbesi e Carmen Zangar\u00e0 saranno gli artisti<br \/>\nprotagonisti del video commissionato dall&#8217;Amministrazione Comunale di Palazzo Adriano e<br \/>\ncurato dal direttore di fotografia palermitano Giovanni Severino, con il palazzese Nicola<br \/>\nVaiana, autore degli scatti dedicati agli attori Marco Leonardi e Agnese Nano, attori del film<br \/>\ne fotografo ufficiale del Festival.<br \/>\nIl duo interpreter\u00e0 una suite basata sulla colonna sonora del <a href=\"https:\/\/youtu.be\/8pJm9OLvaG8\"><strong>M\u00b0 Ennio Morricone<\/strong><\/a>, da poco<br \/>\nvenuto a mancare e trascritta per due Chitarre e si esibir\u00e0 durante le giornate del Festival.<br \/>\n\u201cSuonammo la suite dedicata al film di Tornatore per tutto il tour dello scorso dicembre. \u2013<br \/>\ndichiara il duo Imbesi Zangar\u00e0 &#8211; Alla fine di una di quelle date, si avvicin\u00f2 a noi una ragazza<br \/>\ne ci disse che quando suonavamo il Nuovo Cinema Paradiso non riusciva a fermare le lacrime.<br \/>\nCi riemp\u00ec di gioia sentire da lei, che era il pubblico: \u2018Non avevo mai provato un&#8217;emozione cos\u00ec<br \/>\nintensa durante un concerto\u2019. Quando esegui un&#8217;opera, le emozioni che ritornano dal pubblico<br \/>\nti fanno davvero capire quanto possa essere magica e dirompente la bellezza di una musica<br \/>\nscritta bene. Ennio Morricone in questo \u00e8 stato davvero un importante esempio&#8221;.<br \/>\nAnche le cronache degli anni sessanta parlarono dell\u2019uscita di quel film, descrivendo<br \/>\nsoprattutto le reazioni del pubblico del grande schermo e anche se la prima uscita fu un flop,<br \/>\nl\u2019appassionato, commovente, sincero e agrodolce \u2018<strong>Nuovo Cinema Paradiso<\/strong>\u2019 conquist\u00f2<br \/>\nl\u2019Oscar e il Golden Globe al miglior film straniero classificandosi tra uno dei migliori film<br \/>\nitaliani di sempre. Con la regia di Giuseppe Tornatore e le colonne sonore di Ennio<br \/>\nMorricone, il film \u00e8 l\u2019elogio alla settima arte, una lezione di vita eterna narrata da quell\u2019 amicizia<br \/>\nsalvifica tra il piccolo Tot\u00f2 e il proiezionista Alfredo, ambientata a Giancaldo, paesino del cuore<br \/>\nsiciliano che ospita <strong>Palazzo Adriano<\/strong>, il set del \u2018Nuovo Cinema Paradiso\u2019. \u00c8 appena terminata la<br \/>\nseconda guerra mondiale e il paesino si lecca ancora le ferite, ma sogna sempre in grande tra i<br \/>\nnoir hollywoodiani e i grandi melodrammi censurati dal bigottismo del tempo. Il grande<br \/>\nschermo diventa quell\u2019enorme finestra sul mare che permette ad un bambino di guardare un<br \/>\nfilm a bocca aperta, con lo stupore nel cuore.<\/p>\n<p>&nbsp;<\/p>\n<p><img loading=\"lazy\" decoding=\"async\" class=\"alignnone size-medium wp-image-25404\" src=\"https:\/\/www.romaoggi.eu\/wp-content\/uploads\/2020\/07\/Paradiso-Film-Fest-336307-300x200.jpeg\" alt=\"\" width=\"300\" height=\"200\" srcset=\"https:\/\/www.romaoggi.eu\/wp-content\/uploads\/2020\/07\/Paradiso-Film-Fest-336307-300x200.jpeg 300w, https:\/\/www.romaoggi.eu\/wp-content\/uploads\/2020\/07\/Paradiso-Film-Fest-336307-1024x682.jpeg 1024w, https:\/\/www.romaoggi.eu\/wp-content\/uploads\/2020\/07\/Paradiso-Film-Fest-336307.jpeg 1600w\" sizes=\"auto, (max-width: 300px) 100vw, 300px\" \/><\/p>\n","protected":false},"excerpt":{"rendered":"<div class=\"mh-excerpt\"><p>Sar\u00e0 il Duo Imbesi Zangar\u00e0, composto dai Maestri Carmelo Imbesi e Carmen Zangar\u00e0, ad essere protagonista del video celebrativo della Seconda Edizione del Paradiso Film Festival che quest\u2019anno coincide con la celebrazione per i 30 <a class=\"mh-excerpt-more\" href=\"https:\/\/www.romaoggi.eu\/index.php\/2020\/07\/25\/un-videoclip-per-celebrare-nuovo-cinema-paradiso\/\" title=\"Un videoclip per celebrare &#8216;Nuovo Cinema Paradiso&#8217;\">[&#8230;]<\/a><\/p>\n<\/div>","protected":false},"author":13,"featured_media":25403,"comment_status":"closed","ping_status":"open","sticky":false,"template":"","format":"standard","meta":{"_sitemap_exclude":false,"_sitemap_priority":"","_sitemap_frequency":"","footnotes":""},"categories":[11220],"tags":[2369,14131,14132,13879,14134,14133],"class_list":["post-25398","post","type-post","status-publish","format-standard","has-post-thumbnail","hentry","category-cinema","tag-ennio-morricone","tag-giuseppe-tornatore","tag-imbesi-zangara","tag-nuovo-cinema-paradiso","tag-palazzo-adriano","tag-paradiso-film-festival"],"yoast_head":"<!-- This site is optimized with the Yoast SEO plugin v27.5 - https:\/\/yoast.com\/product\/yoast-seo-wordpress\/ -->\n<title>Un videoclip per celebrare &#039;Nuovo Cinema Paradiso&#039;<\/title>\n<meta name=\"description\" content=\"Sar\u00e0 il Duo Imbesi Zangar\u00e0, composto dai Maestri Carmelo Imbesi e Carmen Zangar\u00e0, ad essere protagonista del video celebrativo della Seconda Edizione del\" \/>\n<meta name=\"robots\" content=\"index, follow, max-snippet:-1, max-image-preview:large, max-video-preview:-1\" \/>\n<link rel=\"canonical\" href=\"https:\/\/www.romaoggi.eu\/index.php\/2020\/07\/25\/un-videoclip-per-celebrare-nuovo-cinema-paradiso\/\" \/>\n<meta property=\"og:locale\" content=\"it_IT\" \/>\n<meta property=\"og:type\" content=\"article\" \/>\n<meta property=\"og:title\" content=\"Un videoclip per celebrare &#039;Nuovo Cinema Paradiso&#039;\" \/>\n<meta property=\"og:description\" content=\"Sar\u00e0 il Duo Imbesi Zangar\u00e0, composto dai Maestri Carmelo Imbesi e Carmen Zangar\u00e0, ad essere protagonista del video celebrativo della Seconda Edizione del\" \/>\n<meta property=\"og:url\" content=\"https:\/\/www.romaoggi.eu\/index.php\/2020\/07\/25\/un-videoclip-per-celebrare-nuovo-cinema-paradiso\/\" \/>\n<meta property=\"og:site_name\" content=\"roma oggi\" \/>\n<meta property=\"article:publisher\" content=\"https:\/\/www.facebook.com\/RomaOggi-841544845954114\" \/>\n<meta property=\"article:published_time\" content=\"2020-07-25T13:29:41+00:00\" \/>\n<meta property=\"og:image\" content=\"https:\/\/www.romaoggi.eu\/wp-content\/uploads\/2020\/07\/duo-Imbesi-Zangar\u00e0-236303.jpeg\" \/>\n\t<meta property=\"og:image:width\" content=\"1488\" \/>\n\t<meta property=\"og:image:height\" content=\"992\" \/>\n\t<meta property=\"og:image:type\" content=\"image\/jpeg\" \/>\n<meta name=\"author\" content=\"Federica Pansadoro\" \/>\n<meta name=\"twitter:card\" content=\"summary_large_image\" \/>\n<meta name=\"twitter:creator\" content=\"@romaoggi_eu\" \/>\n<meta name=\"twitter:site\" content=\"@romaoggi_eu\" \/>\n<meta name=\"twitter:label1\" content=\"Scritto da\" \/>\n\t<meta name=\"twitter:data1\" content=\"Federica Pansadoro\" \/>\n\t<meta name=\"twitter:label2\" content=\"Tempo di lettura stimato\" \/>\n\t<meta name=\"twitter:data2\" content=\"2 minuti\" \/>\n<script type=\"application\/ld+json\" class=\"yoast-schema-graph\">{\"@context\":\"https:\\\/\\\/schema.org\",\"@graph\":[{\"@type\":\"Article\",\"@id\":\"https:\\\/\\\/www.romaoggi.eu\\\/index.php\\\/2020\\\/07\\\/25\\\/un-videoclip-per-celebrare-nuovo-cinema-paradiso\\\/#article\",\"isPartOf\":{\"@id\":\"https:\\\/\\\/www.romaoggi.eu\\\/index.php\\\/2020\\\/07\\\/25\\\/un-videoclip-per-celebrare-nuovo-cinema-paradiso\\\/\"},\"author\":{\"name\":\"Federica Pansadoro\",\"@id\":\"https:\\\/\\\/www.romaoggi.eu\\\/#\\\/schema\\\/person\\\/569485df663c86fd2d0179a6643546f9\"},\"headline\":\"Un videoclip per celebrare &#8216;Nuovo Cinema Paradiso&#8217;\",\"datePublished\":\"2020-07-25T13:29:41+00:00\",\"mainEntityOfPage\":{\"@id\":\"https:\\\/\\\/www.romaoggi.eu\\\/index.php\\\/2020\\\/07\\\/25\\\/un-videoclip-per-celebrare-nuovo-cinema-paradiso\\\/\"},\"wordCount\":447,\"publisher\":{\"@id\":\"https:\\\/\\\/www.romaoggi.eu\\\/#organization\"},\"image\":{\"@id\":\"https:\\\/\\\/www.romaoggi.eu\\\/index.php\\\/2020\\\/07\\\/25\\\/un-videoclip-per-celebrare-nuovo-cinema-paradiso\\\/#primaryimage\"},\"thumbnailUrl\":\"https:\\\/\\\/www.romaoggi.eu\\\/wp-content\\\/uploads\\\/2020\\\/07\\\/duo-Imbesi-Zangar\u00e0-236303.jpeg\",\"keywords\":[\"Ennio Morricone\",\"Giuseppe Tornatore\",\"Imbesi Zangar\u00e0\",\"Nuovo Cinema Paradiso\",\"Palazzo Adriano\",\"Paradiso Film Festival\"],\"articleSection\":[\"Cinema\"],\"inLanguage\":\"it-IT\"},{\"@type\":\"WebPage\",\"@id\":\"https:\\\/\\\/www.romaoggi.eu\\\/index.php\\\/2020\\\/07\\\/25\\\/un-videoclip-per-celebrare-nuovo-cinema-paradiso\\\/\",\"url\":\"https:\\\/\\\/www.romaoggi.eu\\\/index.php\\\/2020\\\/07\\\/25\\\/un-videoclip-per-celebrare-nuovo-cinema-paradiso\\\/\",\"name\":\"Un videoclip per celebrare 'Nuovo Cinema Paradiso'\",\"isPartOf\":{\"@id\":\"https:\\\/\\\/www.romaoggi.eu\\\/#website\"},\"primaryImageOfPage\":{\"@id\":\"https:\\\/\\\/www.romaoggi.eu\\\/index.php\\\/2020\\\/07\\\/25\\\/un-videoclip-per-celebrare-nuovo-cinema-paradiso\\\/#primaryimage\"},\"image\":{\"@id\":\"https:\\\/\\\/www.romaoggi.eu\\\/index.php\\\/2020\\\/07\\\/25\\\/un-videoclip-per-celebrare-nuovo-cinema-paradiso\\\/#primaryimage\"},\"thumbnailUrl\":\"https:\\\/\\\/www.romaoggi.eu\\\/wp-content\\\/uploads\\\/2020\\\/07\\\/duo-Imbesi-Zangar\u00e0-236303.jpeg\",\"datePublished\":\"2020-07-25T13:29:41+00:00\",\"description\":\"Sar\u00e0 il Duo Imbesi Zangar\u00e0, composto dai Maestri Carmelo Imbesi e Carmen Zangar\u00e0, ad essere protagonista del video celebrativo della Seconda Edizione del\",\"breadcrumb\":{\"@id\":\"https:\\\/\\\/www.romaoggi.eu\\\/index.php\\\/2020\\\/07\\\/25\\\/un-videoclip-per-celebrare-nuovo-cinema-paradiso\\\/#breadcrumb\"},\"inLanguage\":\"it-IT\",\"potentialAction\":[{\"@type\":\"ReadAction\",\"target\":[\"https:\\\/\\\/www.romaoggi.eu\\\/index.php\\\/2020\\\/07\\\/25\\\/un-videoclip-per-celebrare-nuovo-cinema-paradiso\\\/\"]}]},{\"@type\":\"ImageObject\",\"inLanguage\":\"it-IT\",\"@id\":\"https:\\\/\\\/www.romaoggi.eu\\\/index.php\\\/2020\\\/07\\\/25\\\/un-videoclip-per-celebrare-nuovo-cinema-paradiso\\\/#primaryimage\",\"url\":\"https:\\\/\\\/www.romaoggi.eu\\\/wp-content\\\/uploads\\\/2020\\\/07\\\/duo-Imbesi-Zangar\u00e0-236303.jpeg\",\"contentUrl\":\"https:\\\/\\\/www.romaoggi.eu\\\/wp-content\\\/uploads\\\/2020\\\/07\\\/duo-Imbesi-Zangar\u00e0-236303.jpeg\",\"width\":1488,\"height\":992},{\"@type\":\"BreadcrumbList\",\"@id\":\"https:\\\/\\\/www.romaoggi.eu\\\/index.php\\\/2020\\\/07\\\/25\\\/un-videoclip-per-celebrare-nuovo-cinema-paradiso\\\/#breadcrumb\",\"itemListElement\":[{\"@type\":\"ListItem\",\"position\":1,\"name\":\"Home\",\"item\":\"https:\\\/\\\/www.romaoggi.eu\\\/\"},{\"@type\":\"ListItem\",\"position\":2,\"name\":\"Un videoclip per celebrare &#8216;Nuovo Cinema Paradiso&#8217;\"}]},{\"@type\":\"WebSite\",\"@id\":\"https:\\\/\\\/www.romaoggi.eu\\\/#website\",\"url\":\"https:\\\/\\\/www.romaoggi.eu\\\/\",\"name\":\"roma oggi\",\"description\":\"Interesting News for Interesting people\",\"publisher\":{\"@id\":\"https:\\\/\\\/www.romaoggi.eu\\\/#organization\"},\"potentialAction\":[{\"@type\":\"SearchAction\",\"target\":{\"@type\":\"EntryPoint\",\"urlTemplate\":\"https:\\\/\\\/www.romaoggi.eu\\\/?s={search_term_string}\"},\"query-input\":{\"@type\":\"PropertyValueSpecification\",\"valueRequired\":true,\"valueName\":\"search_term_string\"}}],\"inLanguage\":\"it-IT\"},{\"@type\":\"Organization\",\"@id\":\"https:\\\/\\\/www.romaoggi.eu\\\/#organization\",\"name\":\"RomaOggi\",\"url\":\"https:\\\/\\\/www.romaoggi.eu\\\/\",\"logo\":{\"@type\":\"ImageObject\",\"inLanguage\":\"it-IT\",\"@id\":\"https:\\\/\\\/www.romaoggi.eu\\\/#\\\/schema\\\/logo\\\/image\\\/\",\"url\":\"https:\\\/\\\/www.romaoggi.eu\\\/wp-content\\\/uploads\\\/2017\\\/04\\\/logowp.jpg\",\"contentUrl\":\"https:\\\/\\\/www.romaoggi.eu\\\/wp-content\\\/uploads\\\/2017\\\/04\\\/logowp.jpg\",\"width\":300,\"height\":133,\"caption\":\"RomaOggi\"},\"image\":{\"@id\":\"https:\\\/\\\/www.romaoggi.eu\\\/#\\\/schema\\\/logo\\\/image\\\/\"},\"sameAs\":[\"https:\\\/\\\/www.facebook.com\\\/RomaOggi-841544845954114\",\"https:\\\/\\\/x.com\\\/romaoggi_eu\"]},{\"@type\":\"Person\",\"@id\":\"https:\\\/\\\/www.romaoggi.eu\\\/#\\\/schema\\\/person\\\/569485df663c86fd2d0179a6643546f9\",\"name\":\"Federica Pansadoro\",\"image\":{\"@type\":\"ImageObject\",\"inLanguage\":\"it-IT\",\"@id\":\"https:\\\/\\\/secure.gravatar.com\\\/avatar\\\/646783eb26ef4eab9fe24f298081663814c4d6acd6ea1c44b2633e8176ba1dc5?s=96&d=mm&r=g\",\"url\":\"https:\\\/\\\/secure.gravatar.com\\\/avatar\\\/646783eb26ef4eab9fe24f298081663814c4d6acd6ea1c44b2633e8176ba1dc5?s=96&d=mm&r=g\",\"contentUrl\":\"https:\\\/\\\/secure.gravatar.com\\\/avatar\\\/646783eb26ef4eab9fe24f298081663814c4d6acd6ea1c44b2633e8176ba1dc5?s=96&d=mm&r=g\",\"caption\":\"Federica Pansadoro\"},\"sameAs\":[\"https:\\\/\\\/www.youtube.com\\\/channel\\\/UCN8Y45Fmdd0XBagxT7qUVEA\"],\"url\":\"https:\\\/\\\/www.romaoggi.eu\\\/index.php\\\/author\\\/federica\\\/\"}]}<\/script>\n<!-- \/ Yoast SEO plugin. -->","yoast_head_json":{"title":"Un videoclip per celebrare 'Nuovo Cinema Paradiso'","description":"Sar\u00e0 il Duo Imbesi Zangar\u00e0, composto dai Maestri Carmelo Imbesi e Carmen Zangar\u00e0, ad essere protagonista del video celebrativo della Seconda Edizione del","robots":{"index":"index","follow":"follow","max-snippet":"max-snippet:-1","max-image-preview":"max-image-preview:large","max-video-preview":"max-video-preview:-1"},"canonical":"https:\/\/www.romaoggi.eu\/index.php\/2020\/07\/25\/un-videoclip-per-celebrare-nuovo-cinema-paradiso\/","og_locale":"it_IT","og_type":"article","og_title":"Un videoclip per celebrare 'Nuovo Cinema Paradiso'","og_description":"Sar\u00e0 il Duo Imbesi Zangar\u00e0, composto dai Maestri Carmelo Imbesi e Carmen Zangar\u00e0, ad essere protagonista del video celebrativo della Seconda Edizione del","og_url":"https:\/\/www.romaoggi.eu\/index.php\/2020\/07\/25\/un-videoclip-per-celebrare-nuovo-cinema-paradiso\/","og_site_name":"roma oggi","article_publisher":"https:\/\/www.facebook.com\/RomaOggi-841544845954114","article_published_time":"2020-07-25T13:29:41+00:00","og_image":[{"width":1488,"height":992,"url":"https:\/\/www.romaoggi.eu\/wp-content\/uploads\/2020\/07\/duo-Imbesi-Zangar\u00e0-236303.jpeg","type":"image\/jpeg"}],"author":"Federica Pansadoro","twitter_card":"summary_large_image","twitter_creator":"@romaoggi_eu","twitter_site":"@romaoggi_eu","twitter_misc":{"Scritto da":"Federica Pansadoro","Tempo di lettura stimato":"2 minuti"},"schema":{"@context":"https:\/\/schema.org","@graph":[{"@type":"Article","@id":"https:\/\/www.romaoggi.eu\/index.php\/2020\/07\/25\/un-videoclip-per-celebrare-nuovo-cinema-paradiso\/#article","isPartOf":{"@id":"https:\/\/www.romaoggi.eu\/index.php\/2020\/07\/25\/un-videoclip-per-celebrare-nuovo-cinema-paradiso\/"},"author":{"name":"Federica Pansadoro","@id":"https:\/\/www.romaoggi.eu\/#\/schema\/person\/569485df663c86fd2d0179a6643546f9"},"headline":"Un videoclip per celebrare &#8216;Nuovo Cinema Paradiso&#8217;","datePublished":"2020-07-25T13:29:41+00:00","mainEntityOfPage":{"@id":"https:\/\/www.romaoggi.eu\/index.php\/2020\/07\/25\/un-videoclip-per-celebrare-nuovo-cinema-paradiso\/"},"wordCount":447,"publisher":{"@id":"https:\/\/www.romaoggi.eu\/#organization"},"image":{"@id":"https:\/\/www.romaoggi.eu\/index.php\/2020\/07\/25\/un-videoclip-per-celebrare-nuovo-cinema-paradiso\/#primaryimage"},"thumbnailUrl":"https:\/\/www.romaoggi.eu\/wp-content\/uploads\/2020\/07\/duo-Imbesi-Zangar\u00e0-236303.jpeg","keywords":["Ennio Morricone","Giuseppe Tornatore","Imbesi Zangar\u00e0","Nuovo Cinema Paradiso","Palazzo Adriano","Paradiso Film Festival"],"articleSection":["Cinema"],"inLanguage":"it-IT"},{"@type":"WebPage","@id":"https:\/\/www.romaoggi.eu\/index.php\/2020\/07\/25\/un-videoclip-per-celebrare-nuovo-cinema-paradiso\/","url":"https:\/\/www.romaoggi.eu\/index.php\/2020\/07\/25\/un-videoclip-per-celebrare-nuovo-cinema-paradiso\/","name":"Un videoclip per celebrare 'Nuovo Cinema Paradiso'","isPartOf":{"@id":"https:\/\/www.romaoggi.eu\/#website"},"primaryImageOfPage":{"@id":"https:\/\/www.romaoggi.eu\/index.php\/2020\/07\/25\/un-videoclip-per-celebrare-nuovo-cinema-paradiso\/#primaryimage"},"image":{"@id":"https:\/\/www.romaoggi.eu\/index.php\/2020\/07\/25\/un-videoclip-per-celebrare-nuovo-cinema-paradiso\/#primaryimage"},"thumbnailUrl":"https:\/\/www.romaoggi.eu\/wp-content\/uploads\/2020\/07\/duo-Imbesi-Zangar\u00e0-236303.jpeg","datePublished":"2020-07-25T13:29:41+00:00","description":"Sar\u00e0 il Duo Imbesi Zangar\u00e0, composto dai Maestri Carmelo Imbesi e Carmen Zangar\u00e0, ad essere protagonista del video celebrativo della Seconda Edizione del","breadcrumb":{"@id":"https:\/\/www.romaoggi.eu\/index.php\/2020\/07\/25\/un-videoclip-per-celebrare-nuovo-cinema-paradiso\/#breadcrumb"},"inLanguage":"it-IT","potentialAction":[{"@type":"ReadAction","target":["https:\/\/www.romaoggi.eu\/index.php\/2020\/07\/25\/un-videoclip-per-celebrare-nuovo-cinema-paradiso\/"]}]},{"@type":"ImageObject","inLanguage":"it-IT","@id":"https:\/\/www.romaoggi.eu\/index.php\/2020\/07\/25\/un-videoclip-per-celebrare-nuovo-cinema-paradiso\/#primaryimage","url":"https:\/\/www.romaoggi.eu\/wp-content\/uploads\/2020\/07\/duo-Imbesi-Zangar\u00e0-236303.jpeg","contentUrl":"https:\/\/www.romaoggi.eu\/wp-content\/uploads\/2020\/07\/duo-Imbesi-Zangar\u00e0-236303.jpeg","width":1488,"height":992},{"@type":"BreadcrumbList","@id":"https:\/\/www.romaoggi.eu\/index.php\/2020\/07\/25\/un-videoclip-per-celebrare-nuovo-cinema-paradiso\/#breadcrumb","itemListElement":[{"@type":"ListItem","position":1,"name":"Home","item":"https:\/\/www.romaoggi.eu\/"},{"@type":"ListItem","position":2,"name":"Un videoclip per celebrare &#8216;Nuovo Cinema Paradiso&#8217;"}]},{"@type":"WebSite","@id":"https:\/\/www.romaoggi.eu\/#website","url":"https:\/\/www.romaoggi.eu\/","name":"roma oggi","description":"Interesting News for Interesting people","publisher":{"@id":"https:\/\/www.romaoggi.eu\/#organization"},"potentialAction":[{"@type":"SearchAction","target":{"@type":"EntryPoint","urlTemplate":"https:\/\/www.romaoggi.eu\/?s={search_term_string}"},"query-input":{"@type":"PropertyValueSpecification","valueRequired":true,"valueName":"search_term_string"}}],"inLanguage":"it-IT"},{"@type":"Organization","@id":"https:\/\/www.romaoggi.eu\/#organization","name":"RomaOggi","url":"https:\/\/www.romaoggi.eu\/","logo":{"@type":"ImageObject","inLanguage":"it-IT","@id":"https:\/\/www.romaoggi.eu\/#\/schema\/logo\/image\/","url":"https:\/\/www.romaoggi.eu\/wp-content\/uploads\/2017\/04\/logowp.jpg","contentUrl":"https:\/\/www.romaoggi.eu\/wp-content\/uploads\/2017\/04\/logowp.jpg","width":300,"height":133,"caption":"RomaOggi"},"image":{"@id":"https:\/\/www.romaoggi.eu\/#\/schema\/logo\/image\/"},"sameAs":["https:\/\/www.facebook.com\/RomaOggi-841544845954114","https:\/\/x.com\/romaoggi_eu"]},{"@type":"Person","@id":"https:\/\/www.romaoggi.eu\/#\/schema\/person\/569485df663c86fd2d0179a6643546f9","name":"Federica Pansadoro","image":{"@type":"ImageObject","inLanguage":"it-IT","@id":"https:\/\/secure.gravatar.com\/avatar\/646783eb26ef4eab9fe24f298081663814c4d6acd6ea1c44b2633e8176ba1dc5?s=96&d=mm&r=g","url":"https:\/\/secure.gravatar.com\/avatar\/646783eb26ef4eab9fe24f298081663814c4d6acd6ea1c44b2633e8176ba1dc5?s=96&d=mm&r=g","contentUrl":"https:\/\/secure.gravatar.com\/avatar\/646783eb26ef4eab9fe24f298081663814c4d6acd6ea1c44b2633e8176ba1dc5?s=96&d=mm&r=g","caption":"Federica Pansadoro"},"sameAs":["https:\/\/www.youtube.com\/channel\/UCN8Y45Fmdd0XBagxT7qUVEA"],"url":"https:\/\/www.romaoggi.eu\/index.php\/author\/federica\/"}]}},"_links":{"self":[{"href":"https:\/\/www.romaoggi.eu\/index.php\/wp-json\/wp\/v2\/posts\/25398","targetHints":{"allow":["GET"]}}],"collection":[{"href":"https:\/\/www.romaoggi.eu\/index.php\/wp-json\/wp\/v2\/posts"}],"about":[{"href":"https:\/\/www.romaoggi.eu\/index.php\/wp-json\/wp\/v2\/types\/post"}],"author":[{"embeddable":true,"href":"https:\/\/www.romaoggi.eu\/index.php\/wp-json\/wp\/v2\/users\/13"}],"replies":[{"embeddable":true,"href":"https:\/\/www.romaoggi.eu\/index.php\/wp-json\/wp\/v2\/comments?post=25398"}],"version-history":[{"count":2,"href":"https:\/\/www.romaoggi.eu\/index.php\/wp-json\/wp\/v2\/posts\/25398\/revisions"}],"predecessor-version":[{"id":25406,"href":"https:\/\/www.romaoggi.eu\/index.php\/wp-json\/wp\/v2\/posts\/25398\/revisions\/25406"}],"wp:featuredmedia":[{"embeddable":true,"href":"https:\/\/www.romaoggi.eu\/index.php\/wp-json\/wp\/v2\/media\/25403"}],"wp:attachment":[{"href":"https:\/\/www.romaoggi.eu\/index.php\/wp-json\/wp\/v2\/media?parent=25398"}],"wp:term":[{"taxonomy":"category","embeddable":true,"href":"https:\/\/www.romaoggi.eu\/index.php\/wp-json\/wp\/v2\/categories?post=25398"},{"taxonomy":"post_tag","embeddable":true,"href":"https:\/\/www.romaoggi.eu\/index.php\/wp-json\/wp\/v2\/tags?post=25398"}],"curies":[{"name":"wp","href":"https:\/\/api.w.org\/{rel}","templated":true}]}}