{"id":25541,"date":"2020-08-16T00:06:38","date_gmt":"2020-08-15T22:06:38","guid":{"rendered":"http:\/\/www.romaoggi.eu\/?p=25541"},"modified":"2020-08-16T00:06:38","modified_gmt":"2020-08-15T22:06:38","slug":"unidea-di-noi","status":"publish","type":"post","link":"https:\/\/www.romaoggi.eu\/index.php\/2020\/08\/16\/unidea-di-noi\/","title":{"rendered":"Un&#8217;idea di noi"},"content":{"rendered":"<blockquote><p>Roma sud, fine anni &#8217;80 del &#8216;900.<br \/>\nLa protagonista, adolescente, assiste al passaggio di un&#8217; epoca, attraverso la sua storia di vita, nei soffi estremi del secolo breve.<br \/>\n\u00c8 in questo contesto che scorrono i rapporti con le amiche, la famiglia, gli amori nell&#8217;ultima stagione dell&#8217;impegno e della solidariet\u00e0 prima del tramonto del primo tempo della repubblica.<br \/>\nPoi la giovinezza, tra fine &#8216;900 e inizio 2000, e successivamente l&#8217;et\u00e0 adulta, che arriva subito dopo gli studi universitari e l&#8217;appassionante mestiere di scrittrice, con la realt\u00e0 granitica e occhiuta delle parole e l&#8217;incanto della narrazione.<br \/>\nDa qui la prospettiva, nei nostri giorni, di una donna figlia del proprio tempo in cui l&#8217;ontogenesi ricapitola la filogenesi, nell&#8217;autocoscienza di un riscatto di autodeterminazione che non \u00e8 pi\u00f9 solo individuale, bens\u00ec di un intero genere.<br \/>\nNel romanzo &#8211; che ripercorre episodi salienti della nostra storia recente, dalla caduta del Muro al G8 di Genova, dalle torri gemelle ai casi si maternit\u00e0 surrogata oltreoceano &#8211; si trattano le tematiche del femminile, dalla necessit\u00e0 di abbattere gli stereotipi di genere, alle madri in carcere, alla violenza sulle donne, ma soprattutto al concetto di maternit\u00e0, vero filo conduttore di tutta la trama. Maternit\u00e0 non intesa solo come gravidanza, bens\u00ec come condizione ontologica dell&#8217; essere umano, a prescindere dal fatto di essere genitore biologico e persino al di l\u00e0 del genere d&#8217; appartenenza.<br \/>\nCos\u00ec la protagonista, attivista e a sua volta<br \/>\nmadre, nell&#8217; ottica di un amore altruistico e della cultura del dono, pur ponendosi il problema della coscienza del limite, riesce a dare senso al dramma della vita e della morte, attraverso la bellezza epica dell&#8217; eterna lotta contro catene di ingiustizie, ipocrisie e pregiudizi.<br \/>\nLe resta il dubbio di aver dato priorit\u00e0 al suo egotismo, alla propria esclusiva gratificazione.<br \/>\nL&#8217; idea del sacrificio non la convince e resta in bilico tra le sue certezze e le sue paure. Per\u00f2 si sente pi\u00f9 forte di prima, finalmente &#8220;conclusa&#8221; e percepisce la sua esistenza finalmente piena di luce. La sua scelta \u00e8 tesa a vincere ataviche prepotenze e gratuiti domini che da sempre vorrebbero cristallizzare nell&#8217; umanit\u00e0 asimmetriche sofferenze e insopportabili disuguaglianze. E a ribadire che nessuno pu\u00f2 imporci un concetto univoco di essere madre.<\/p><\/blockquote>\n<p><a href=\"https:\/\/www.bordeauxedizioni.it\/prodotto\/unidea-di-noi\/\">https:\/\/www.bordeauxedizioni.it\/prodotto\/unidea-di-noi\/<\/a><\/p>\n<figure id=\"attachment_25542\" aria-describedby=\"caption-attachment-25542\" style=\"width: 1664px\" class=\"wp-caption alignnone\"><img loading=\"lazy\" decoding=\"async\" class=\"size-full wp-image-25542\" src=\"https:\/\/www.romaoggi.eu\/wp-content\/uploads\/2020\/08\/DE-NARDIS-unidea-di-noi-PIATTO-scaled.jpg\" alt=\"alt tag Un'idea di noi\" width=\"1664\" height=\"2560\" srcset=\"https:\/\/www.romaoggi.eu\/wp-content\/uploads\/2020\/08\/DE-NARDIS-unidea-di-noi-PIATTO-scaled.jpg 1664w, https:\/\/www.romaoggi.eu\/wp-content\/uploads\/2020\/08\/DE-NARDIS-unidea-di-noi-PIATTO-scaled-195x300.jpg 195w, https:\/\/www.romaoggi.eu\/wp-content\/uploads\/2020\/08\/DE-NARDIS-unidea-di-noi-PIATTO-scaled-666x1024.jpg 666w\" sizes=\"auto, (max-width: 1664px) 100vw, 1664px\" \/><figcaption id=\"caption-attachment-25542\" class=\"wp-caption-text\">Un&#8217;idea di noi, frontespizio<\/figcaption><\/figure>\n","protected":false},"excerpt":{"rendered":"<div class=\"mh-excerpt\"><p>Roma sud, fine anni &#8217;80 del &#8216;900. La protagonista, adolescente, assiste al passaggio di un&#8217; epoca, attraverso la sua storia di vita, nei soffi estremi del secolo breve. \u00c8 in questo contesto che scorrono i <a class=\"mh-excerpt-more\" href=\"https:\/\/www.romaoggi.eu\/index.php\/2020\/08\/16\/unidea-di-noi\/\" title=\"Un&#8217;idea di noi\">[&#8230;]<\/a><\/p>\n<\/div>","protected":false},"author":10,"featured_media":25542,"comment_status":"closed","ping_status":"open","sticky":false,"template":"","format":"standard","meta":{"_sitemap_exclude":false,"_sitemap_priority":"","_sitemap_frequency":"","footnotes":""},"categories":[10],"tags":[14179,11738,14178],"class_list":["post-25541","post","type-post","status-publish","format-standard","has-post-thumbnail","hentry","category-libri","tag-bordeaux-edizioni","tag-eleonora-de-nardis","tag-unidea-di-noi"],"yoast_head":"<!-- This site is optimized with the Yoast SEO plugin v27.5 - https:\/\/yoast.com\/product\/yoast-seo-wordpress\/ -->\n<title>Un&#039;idea di noi<\/title>\n<meta name=\"description\" content=\"alt tag Un&#039;idea di noi\" \/>\n<meta name=\"robots\" content=\"index, follow, max-snippet:-1, max-image-preview:large, max-video-preview:-1\" \/>\n<link rel=\"canonical\" href=\"https:\/\/www.romaoggi.eu\/index.php\/2020\/08\/16\/unidea-di-noi\/\" \/>\n<meta property=\"og:locale\" content=\"it_IT\" \/>\n<meta property=\"og:type\" content=\"article\" \/>\n<meta property=\"og:title\" content=\"Un&#039;idea di noi\" \/>\n<meta property=\"og:description\" content=\"alt tag Un&#039;idea di noi\" \/>\n<meta property=\"og:url\" content=\"https:\/\/www.romaoggi.eu\/index.php\/2020\/08\/16\/unidea-di-noi\/\" \/>\n<meta property=\"og:site_name\" content=\"roma oggi\" \/>\n<meta property=\"article:publisher\" content=\"https:\/\/www.facebook.com\/RomaOggi-841544845954114\" \/>\n<meta property=\"article:author\" content=\"https:\/\/www.facebook.com\/alessandro.lisci.5\" \/>\n<meta property=\"article:published_time\" content=\"2020-08-15T22:06:38+00:00\" \/>\n<meta property=\"og:image\" content=\"https:\/\/www.romaoggi.eu\/wp-content\/uploads\/2020\/08\/DE-NARDIS-unidea-di-noi-PIATTO-scaled.jpg\" \/>\n\t<meta property=\"og:image:width\" content=\"1664\" \/>\n\t<meta property=\"og:image:height\" content=\"2560\" \/>\n\t<meta property=\"og:image:type\" content=\"image\/jpeg\" \/>\n<meta name=\"author\" content=\"Alessandro Lisci\" \/>\n<meta name=\"twitter:card\" content=\"summary_large_image\" \/>\n<meta name=\"twitter:creator\" content=\"@https:\/\/twitter.com\/alessandrolisci\" \/>\n<meta name=\"twitter:site\" content=\"@romaoggi_eu\" \/>\n<meta name=\"twitter:label1\" content=\"Scritto da\" \/>\n\t<meta name=\"twitter:data1\" content=\"Alessandro Lisci\" \/>\n\t<meta name=\"twitter:label2\" content=\"Tempo di lettura stimato\" \/>\n\t<meta name=\"twitter:data2\" content=\"2 minuti\" \/>\n<script type=\"application\/ld+json\" class=\"yoast-schema-graph\">{\"@context\":\"https:\\\/\\\/schema.org\",\"@graph\":[{\"@type\":\"Article\",\"@id\":\"https:\\\/\\\/www.romaoggi.eu\\\/index.php\\\/2020\\\/08\\\/16\\\/unidea-di-noi\\\/#article\",\"isPartOf\":{\"@id\":\"https:\\\/\\\/www.romaoggi.eu\\\/index.php\\\/2020\\\/08\\\/16\\\/unidea-di-noi\\\/\"},\"author\":{\"name\":\"Alessandro Lisci\",\"@id\":\"https:\\\/\\\/www.romaoggi.eu\\\/#\\\/schema\\\/person\\\/30ada62b3bd510c45a781b7e3bf65e69\"},\"headline\":\"Un&#8217;idea di noi\",\"datePublished\":\"2020-08-15T22:06:38+00:00\",\"mainEntityOfPage\":{\"@id\":\"https:\\\/\\\/www.romaoggi.eu\\\/index.php\\\/2020\\\/08\\\/16\\\/unidea-di-noi\\\/\"},\"wordCount\":389,\"publisher\":{\"@id\":\"https:\\\/\\\/www.romaoggi.eu\\\/#organization\"},\"image\":{\"@id\":\"https:\\\/\\\/www.romaoggi.eu\\\/index.php\\\/2020\\\/08\\\/16\\\/unidea-di-noi\\\/#primaryimage\"},\"thumbnailUrl\":\"https:\\\/\\\/www.romaoggi.eu\\\/wp-content\\\/uploads\\\/2020\\\/08\\\/DE-NARDIS-unidea-di-noi-PIATTO-scaled.jpg\",\"keywords\":[\"bordeaux edizioni\",\"eleonora de nardis\",\"un'idea di noi\"],\"articleSection\":[\"Libri\"],\"inLanguage\":\"it-IT\"},{\"@type\":\"WebPage\",\"@id\":\"https:\\\/\\\/www.romaoggi.eu\\\/index.php\\\/2020\\\/08\\\/16\\\/unidea-di-noi\\\/\",\"url\":\"https:\\\/\\\/www.romaoggi.eu\\\/index.php\\\/2020\\\/08\\\/16\\\/unidea-di-noi\\\/\",\"name\":\"Un'idea di noi\",\"isPartOf\":{\"@id\":\"https:\\\/\\\/www.romaoggi.eu\\\/#website\"},\"primaryImageOfPage\":{\"@id\":\"https:\\\/\\\/www.romaoggi.eu\\\/index.php\\\/2020\\\/08\\\/16\\\/unidea-di-noi\\\/#primaryimage\"},\"image\":{\"@id\":\"https:\\\/\\\/www.romaoggi.eu\\\/index.php\\\/2020\\\/08\\\/16\\\/unidea-di-noi\\\/#primaryimage\"},\"thumbnailUrl\":\"https:\\\/\\\/www.romaoggi.eu\\\/wp-content\\\/uploads\\\/2020\\\/08\\\/DE-NARDIS-unidea-di-noi-PIATTO-scaled.jpg\",\"datePublished\":\"2020-08-15T22:06:38+00:00\",\"description\":\"alt tag Un'idea di noi\",\"breadcrumb\":{\"@id\":\"https:\\\/\\\/www.romaoggi.eu\\\/index.php\\\/2020\\\/08\\\/16\\\/unidea-di-noi\\\/#breadcrumb\"},\"inLanguage\":\"it-IT\",\"potentialAction\":[{\"@type\":\"ReadAction\",\"target\":[\"https:\\\/\\\/www.romaoggi.eu\\\/index.php\\\/2020\\\/08\\\/16\\\/unidea-di-noi\\\/\"]}]},{\"@type\":\"ImageObject\",\"inLanguage\":\"it-IT\",\"@id\":\"https:\\\/\\\/www.romaoggi.eu\\\/index.php\\\/2020\\\/08\\\/16\\\/unidea-di-noi\\\/#primaryimage\",\"url\":\"https:\\\/\\\/www.romaoggi.eu\\\/wp-content\\\/uploads\\\/2020\\\/08\\\/DE-NARDIS-unidea-di-noi-PIATTO-scaled.jpg\",\"contentUrl\":\"https:\\\/\\\/www.romaoggi.eu\\\/wp-content\\\/uploads\\\/2020\\\/08\\\/DE-NARDIS-unidea-di-noi-PIATTO-scaled.jpg\",\"width\":1664,\"height\":2560,\"caption\":\"alt tag Un'idea di noi\"},{\"@type\":\"BreadcrumbList\",\"@id\":\"https:\\\/\\\/www.romaoggi.eu\\\/index.php\\\/2020\\\/08\\\/16\\\/unidea-di-noi\\\/#breadcrumb\",\"itemListElement\":[{\"@type\":\"ListItem\",\"position\":1,\"name\":\"Home\",\"item\":\"https:\\\/\\\/www.romaoggi.eu\\\/\"},{\"@type\":\"ListItem\",\"position\":2,\"name\":\"Un&#8217;idea di noi\"}]},{\"@type\":\"WebSite\",\"@id\":\"https:\\\/\\\/www.romaoggi.eu\\\/#website\",\"url\":\"https:\\\/\\\/www.romaoggi.eu\\\/\",\"name\":\"roma oggi\",\"description\":\"Interesting News for Interesting people\",\"publisher\":{\"@id\":\"https:\\\/\\\/www.romaoggi.eu\\\/#organization\"},\"potentialAction\":[{\"@type\":\"SearchAction\",\"target\":{\"@type\":\"EntryPoint\",\"urlTemplate\":\"https:\\\/\\\/www.romaoggi.eu\\\/?s={search_term_string}\"},\"query-input\":{\"@type\":\"PropertyValueSpecification\",\"valueRequired\":true,\"valueName\":\"search_term_string\"}}],\"inLanguage\":\"it-IT\"},{\"@type\":\"Organization\",\"@id\":\"https:\\\/\\\/www.romaoggi.eu\\\/#organization\",\"name\":\"RomaOggi\",\"url\":\"https:\\\/\\\/www.romaoggi.eu\\\/\",\"logo\":{\"@type\":\"ImageObject\",\"inLanguage\":\"it-IT\",\"@id\":\"https:\\\/\\\/www.romaoggi.eu\\\/#\\\/schema\\\/logo\\\/image\\\/\",\"url\":\"https:\\\/\\\/www.romaoggi.eu\\\/wp-content\\\/uploads\\\/2017\\\/04\\\/logowp.jpg\",\"contentUrl\":\"https:\\\/\\\/www.romaoggi.eu\\\/wp-content\\\/uploads\\\/2017\\\/04\\\/logowp.jpg\",\"width\":300,\"height\":133,\"caption\":\"RomaOggi\"},\"image\":{\"@id\":\"https:\\\/\\\/www.romaoggi.eu\\\/#\\\/schema\\\/logo\\\/image\\\/\"},\"sameAs\":[\"https:\\\/\\\/www.facebook.com\\\/RomaOggi-841544845954114\",\"https:\\\/\\\/x.com\\\/romaoggi_eu\"]},{\"@type\":\"Person\",\"@id\":\"https:\\\/\\\/www.romaoggi.eu\\\/#\\\/schema\\\/person\\\/30ada62b3bd510c45a781b7e3bf65e69\",\"name\":\"Alessandro Lisci\",\"image\":{\"@type\":\"ImageObject\",\"inLanguage\":\"it-IT\",\"@id\":\"https:\\\/\\\/secure.gravatar.com\\\/avatar\\\/9b9712162b2ac404aa0d7d978185f203808e7bd02856a449b19868b2eb80cf12?s=96&d=mm&r=g\",\"url\":\"https:\\\/\\\/secure.gravatar.com\\\/avatar\\\/9b9712162b2ac404aa0d7d978185f203808e7bd02856a449b19868b2eb80cf12?s=96&d=mm&r=g\",\"contentUrl\":\"https:\\\/\\\/secure.gravatar.com\\\/avatar\\\/9b9712162b2ac404aa0d7d978185f203808e7bd02856a449b19868b2eb80cf12?s=96&d=mm&r=g\",\"caption\":\"Alessandro Lisci\"},\"sameAs\":[\"http:\\\/\\\/www.alessandrolisci.com\",\"https:\\\/\\\/www.facebook.com\\\/alessandro.lisci.5\",\"https:\\\/\\\/x.com\\\/https:\\\/\\\/twitter.com\\\/alessandrolisci\",\"https:\\\/\\\/www.youtube.com\\\/user\\\/alessandrolisci\"],\"url\":\"https:\\\/\\\/www.romaoggi.eu\\\/index.php\\\/author\\\/alessandro\\\/\"}]}<\/script>\n<!-- \/ Yoast SEO plugin. -->","yoast_head_json":{"title":"Un'idea di noi","description":"alt tag Un'idea di noi","robots":{"index":"index","follow":"follow","max-snippet":"max-snippet:-1","max-image-preview":"max-image-preview:large","max-video-preview":"max-video-preview:-1"},"canonical":"https:\/\/www.romaoggi.eu\/index.php\/2020\/08\/16\/unidea-di-noi\/","og_locale":"it_IT","og_type":"article","og_title":"Un'idea di noi","og_description":"alt tag Un'idea di noi","og_url":"https:\/\/www.romaoggi.eu\/index.php\/2020\/08\/16\/unidea-di-noi\/","og_site_name":"roma oggi","article_publisher":"https:\/\/www.facebook.com\/RomaOggi-841544845954114","article_author":"https:\/\/www.facebook.com\/alessandro.lisci.5","article_published_time":"2020-08-15T22:06:38+00:00","og_image":[{"width":1664,"height":2560,"url":"https:\/\/www.romaoggi.eu\/wp-content\/uploads\/2020\/08\/DE-NARDIS-unidea-di-noi-PIATTO-scaled.jpg","type":"image\/jpeg"}],"author":"Alessandro Lisci","twitter_card":"summary_large_image","twitter_creator":"@https:\/\/twitter.com\/alessandrolisci","twitter_site":"@romaoggi_eu","twitter_misc":{"Scritto da":"Alessandro Lisci","Tempo di lettura stimato":"2 minuti"},"schema":{"@context":"https:\/\/schema.org","@graph":[{"@type":"Article","@id":"https:\/\/www.romaoggi.eu\/index.php\/2020\/08\/16\/unidea-di-noi\/#article","isPartOf":{"@id":"https:\/\/www.romaoggi.eu\/index.php\/2020\/08\/16\/unidea-di-noi\/"},"author":{"name":"Alessandro Lisci","@id":"https:\/\/www.romaoggi.eu\/#\/schema\/person\/30ada62b3bd510c45a781b7e3bf65e69"},"headline":"Un&#8217;idea di noi","datePublished":"2020-08-15T22:06:38+00:00","mainEntityOfPage":{"@id":"https:\/\/www.romaoggi.eu\/index.php\/2020\/08\/16\/unidea-di-noi\/"},"wordCount":389,"publisher":{"@id":"https:\/\/www.romaoggi.eu\/#organization"},"image":{"@id":"https:\/\/www.romaoggi.eu\/index.php\/2020\/08\/16\/unidea-di-noi\/#primaryimage"},"thumbnailUrl":"https:\/\/www.romaoggi.eu\/wp-content\/uploads\/2020\/08\/DE-NARDIS-unidea-di-noi-PIATTO-scaled.jpg","keywords":["bordeaux edizioni","eleonora de nardis","un'idea di noi"],"articleSection":["Libri"],"inLanguage":"it-IT"},{"@type":"WebPage","@id":"https:\/\/www.romaoggi.eu\/index.php\/2020\/08\/16\/unidea-di-noi\/","url":"https:\/\/www.romaoggi.eu\/index.php\/2020\/08\/16\/unidea-di-noi\/","name":"Un'idea di noi","isPartOf":{"@id":"https:\/\/www.romaoggi.eu\/#website"},"primaryImageOfPage":{"@id":"https:\/\/www.romaoggi.eu\/index.php\/2020\/08\/16\/unidea-di-noi\/#primaryimage"},"image":{"@id":"https:\/\/www.romaoggi.eu\/index.php\/2020\/08\/16\/unidea-di-noi\/#primaryimage"},"thumbnailUrl":"https:\/\/www.romaoggi.eu\/wp-content\/uploads\/2020\/08\/DE-NARDIS-unidea-di-noi-PIATTO-scaled.jpg","datePublished":"2020-08-15T22:06:38+00:00","description":"alt tag Un'idea di noi","breadcrumb":{"@id":"https:\/\/www.romaoggi.eu\/index.php\/2020\/08\/16\/unidea-di-noi\/#breadcrumb"},"inLanguage":"it-IT","potentialAction":[{"@type":"ReadAction","target":["https:\/\/www.romaoggi.eu\/index.php\/2020\/08\/16\/unidea-di-noi\/"]}]},{"@type":"ImageObject","inLanguage":"it-IT","@id":"https:\/\/www.romaoggi.eu\/index.php\/2020\/08\/16\/unidea-di-noi\/#primaryimage","url":"https:\/\/www.romaoggi.eu\/wp-content\/uploads\/2020\/08\/DE-NARDIS-unidea-di-noi-PIATTO-scaled.jpg","contentUrl":"https:\/\/www.romaoggi.eu\/wp-content\/uploads\/2020\/08\/DE-NARDIS-unidea-di-noi-PIATTO-scaled.jpg","width":1664,"height":2560,"caption":"alt tag Un'idea di noi"},{"@type":"BreadcrumbList","@id":"https:\/\/www.romaoggi.eu\/index.php\/2020\/08\/16\/unidea-di-noi\/#breadcrumb","itemListElement":[{"@type":"ListItem","position":1,"name":"Home","item":"https:\/\/www.romaoggi.eu\/"},{"@type":"ListItem","position":2,"name":"Un&#8217;idea di noi"}]},{"@type":"WebSite","@id":"https:\/\/www.romaoggi.eu\/#website","url":"https:\/\/www.romaoggi.eu\/","name":"roma oggi","description":"Interesting News for Interesting people","publisher":{"@id":"https:\/\/www.romaoggi.eu\/#organization"},"potentialAction":[{"@type":"SearchAction","target":{"@type":"EntryPoint","urlTemplate":"https:\/\/www.romaoggi.eu\/?s={search_term_string}"},"query-input":{"@type":"PropertyValueSpecification","valueRequired":true,"valueName":"search_term_string"}}],"inLanguage":"it-IT"},{"@type":"Organization","@id":"https:\/\/www.romaoggi.eu\/#organization","name":"RomaOggi","url":"https:\/\/www.romaoggi.eu\/","logo":{"@type":"ImageObject","inLanguage":"it-IT","@id":"https:\/\/www.romaoggi.eu\/#\/schema\/logo\/image\/","url":"https:\/\/www.romaoggi.eu\/wp-content\/uploads\/2017\/04\/logowp.jpg","contentUrl":"https:\/\/www.romaoggi.eu\/wp-content\/uploads\/2017\/04\/logowp.jpg","width":300,"height":133,"caption":"RomaOggi"},"image":{"@id":"https:\/\/www.romaoggi.eu\/#\/schema\/logo\/image\/"},"sameAs":["https:\/\/www.facebook.com\/RomaOggi-841544845954114","https:\/\/x.com\/romaoggi_eu"]},{"@type":"Person","@id":"https:\/\/www.romaoggi.eu\/#\/schema\/person\/30ada62b3bd510c45a781b7e3bf65e69","name":"Alessandro Lisci","image":{"@type":"ImageObject","inLanguage":"it-IT","@id":"https:\/\/secure.gravatar.com\/avatar\/9b9712162b2ac404aa0d7d978185f203808e7bd02856a449b19868b2eb80cf12?s=96&d=mm&r=g","url":"https:\/\/secure.gravatar.com\/avatar\/9b9712162b2ac404aa0d7d978185f203808e7bd02856a449b19868b2eb80cf12?s=96&d=mm&r=g","contentUrl":"https:\/\/secure.gravatar.com\/avatar\/9b9712162b2ac404aa0d7d978185f203808e7bd02856a449b19868b2eb80cf12?s=96&d=mm&r=g","caption":"Alessandro Lisci"},"sameAs":["http:\/\/www.alessandrolisci.com","https:\/\/www.facebook.com\/alessandro.lisci.5","https:\/\/x.com\/https:\/\/twitter.com\/alessandrolisci","https:\/\/www.youtube.com\/user\/alessandrolisci"],"url":"https:\/\/www.romaoggi.eu\/index.php\/author\/alessandro\/"}]}},"_links":{"self":[{"href":"https:\/\/www.romaoggi.eu\/index.php\/wp-json\/wp\/v2\/posts\/25541","targetHints":{"allow":["GET"]}}],"collection":[{"href":"https:\/\/www.romaoggi.eu\/index.php\/wp-json\/wp\/v2\/posts"}],"about":[{"href":"https:\/\/www.romaoggi.eu\/index.php\/wp-json\/wp\/v2\/types\/post"}],"author":[{"embeddable":true,"href":"https:\/\/www.romaoggi.eu\/index.php\/wp-json\/wp\/v2\/users\/10"}],"replies":[{"embeddable":true,"href":"https:\/\/www.romaoggi.eu\/index.php\/wp-json\/wp\/v2\/comments?post=25541"}],"version-history":[{"count":3,"href":"https:\/\/www.romaoggi.eu\/index.php\/wp-json\/wp\/v2\/posts\/25541\/revisions"}],"predecessor-version":[{"id":25545,"href":"https:\/\/www.romaoggi.eu\/index.php\/wp-json\/wp\/v2\/posts\/25541\/revisions\/25545"}],"wp:featuredmedia":[{"embeddable":true,"href":"https:\/\/www.romaoggi.eu\/index.php\/wp-json\/wp\/v2\/media\/25542"}],"wp:attachment":[{"href":"https:\/\/www.romaoggi.eu\/index.php\/wp-json\/wp\/v2\/media?parent=25541"}],"wp:term":[{"taxonomy":"category","embeddable":true,"href":"https:\/\/www.romaoggi.eu\/index.php\/wp-json\/wp\/v2\/categories?post=25541"},{"taxonomy":"post_tag","embeddable":true,"href":"https:\/\/www.romaoggi.eu\/index.php\/wp-json\/wp\/v2\/tags?post=25541"}],"curies":[{"name":"wp","href":"https:\/\/api.w.org\/{rel}","templated":true}]}}