{"id":25595,"date":"2020-08-21T12:24:55","date_gmt":"2020-08-21T10:24:55","guid":{"rendered":"http:\/\/www.romaoggi.eu\/?p=25595"},"modified":"2020-08-21T12:24:55","modified_gmt":"2020-08-21T10:24:55","slug":"esclusive-party-con-70-candeline-delleditore-gio-di-giorgio","status":"publish","type":"post","link":"https:\/\/www.romaoggi.eu\/index.php\/2020\/08\/21\/esclusive-party-con-70-candeline-delleditore-gio-di-giorgio\/","title":{"rendered":"Esclusive party con 70 candeline dell&#8217;editore Gi\u00f2 Di Giorgio"},"content":{"rendered":"<div dir=\"auto\">70 candeline per l&#8217;editore di Inciucio.it, l&#8217;ever green <strong>Gi\u00f2 Di Giorgio<\/strong><\/div>\n<div dir=\"auto\">\n<figure id=\"attachment_25608\" aria-describedby=\"caption-attachment-25608\" style=\"width: 998px\" class=\"wp-caption aligncenter\"><img loading=\"lazy\" decoding=\"async\" class=\"wp-image-25608 size-large\" src=\"https:\/\/www.romaoggi.eu\/wp-content\/uploads\/2020\/08\/IMG-20200821-WA0004-998x1024.jpg\" alt=\"ALT TAG gi\u00f2 di giorgio\" width=\"998\" height=\"1024\" srcset=\"https:\/\/www.romaoggi.eu\/wp-content\/uploads\/2020\/08\/IMG-20200821-WA0004-998x1024.jpg 998w, https:\/\/www.romaoggi.eu\/wp-content\/uploads\/2020\/08\/IMG-20200821-WA0004-292x300.jpg 292w, https:\/\/www.romaoggi.eu\/wp-content\/uploads\/2020\/08\/IMG-20200821-WA0004.jpg 1559w\" sizes=\"auto, (max-width: 998px) 100vw, 998px\" \/><figcaption id=\"caption-attachment-25608\" class=\"wp-caption-text\">l&#8217;attrce Adriana Russo e l&#8217;editore Gi\u00f2 di Giorgio- foto by Enzo Stazi<\/figcaption><\/figure>\n<\/div>\n<div dir=\"auto\"><\/div>\n<div dir=\"auto\" style=\"text-align: justify;\">Festa in stile partenopeo per il settimo giro di boa dell&#8217;editore, del cliccatissimo sito <a href=\"https:\/\/inciucio.blogspot.com\/\">Inciucio.it<\/a>, <a href=\"https:\/\/www.romaoggi.eu\/index.php\/2019\/08\/26\/gio-di-giorgio-e-gio-di-sarno-due-amici-un-compleanno-vip\/\"><strong>Gi\u00f2 Di Giorgio<\/strong><\/a>.<\/div>\n<div dir=\"auto\" style=\"text-align: justify;\">Una parata di attori e personaggi del jet set per l&#8217;esclusive party che si \u00e8 svolto a Roma nel famoso ristorante dei Parioli, <a href=\"http:\/\/pizzeriagaudi.it\/\">Gaudi<\/a>. Piatti gustosi e musica dal vivo di grande suggestione ad opera del chitarrista <strong>Luciano Ritondale.<\/strong> Hanno reso la serata frizzante la talentuosa <strong>Luciana Frazzetto<\/strong> reduce del successo in teatro &#8221; e se il\u00a0 sesso si e&#8217; depresso?&#8221;, la carismatica coppia formata da <strong>Geppi Di Stasio e Roberta Sanz\u00f2<\/strong> che 7-8-9 settembre saranno in scena al Teatro delle Muse con &#8220;<strong>Lavaci col fuoco<\/strong>&#8220;, Samantha Innocenti(<strong>Naira<\/strong>) che con il suo nuovo brano <strong>&#8220;Sale ed Assale&#8221;<\/strong> sta spopolando sul web con il compagno il ballerino <strong>Daniele Martinelli,<\/strong> il produttore regista e doppiatore <strong>Massimo Milazzo<\/strong>, la cantautrice <strong>Gi\u00f2 Di Sarno<\/strong> di ritorno da una tourne\u00e8 che l&#8217;ha vista protagonista a Salerno e vincitrice del premio Enrico Caruso a Nettuno, il regista <strong>Pier Francesco Campanella<\/strong>, la sempre affascinante attrice <strong>Adriana Russo<\/strong>, l&#8217;attore <strong>Enio Drovandi<\/strong>, la giornalista di Rai Pubblica Utilit\u00e0 <strong>Antonietta Di Vizia<\/strong>, il Dott. Orazio De Lellis otorinolaringoiatra, la manager <strong>Daniela Bonacci<\/strong>, il produttore regista <strong>Alfonso Stagno<\/strong>, il Dott <strong>Andrea Menichelli<\/strong> chirurgo estetico delle dive, l&#8217;avv. <strong>Vincenzo Macedonio<\/strong> con l&#8217;architetto Simona,<strong> Lucy Bove e Tony di Natale<\/strong>. I fotografi <strong>Enzo Stazi,<\/strong>\u00a0<strong>Giancarlo Fiore<\/strong> e <strong>Laura Pelargonio<\/strong>.<\/div>\n<div dir=\"auto\">\n<figure id=\"attachment_25604\" aria-describedby=\"caption-attachment-25604\" style=\"width: 1024px\" class=\"wp-caption aligncenter\"><img loading=\"lazy\" decoding=\"async\" class=\"wp-image-25604 size-large\" src=\"https:\/\/www.romaoggi.eu\/wp-content\/uploads\/2020\/08\/IMG-20200821-WA0011-1024x673.jpg\" alt=\"ALT TAG gi\u00f2 di giorgio\" width=\"1024\" height=\"673\" srcset=\"https:\/\/www.romaoggi.eu\/wp-content\/uploads\/2020\/08\/IMG-20200821-WA0011-1024x673.jpg 1024w, https:\/\/www.romaoggi.eu\/wp-content\/uploads\/2020\/08\/IMG-20200821-WA0011-300x197.jpg 300w, https:\/\/www.romaoggi.eu\/wp-content\/uploads\/2020\/08\/IMG-20200821-WA0011.jpg 1600w\" sizes=\"auto, (max-width: 1024px) 100vw, 1024px\" \/><figcaption id=\"caption-attachment-25604\" class=\"wp-caption-text\">Il festeggiato con la cantante Naira e il ballerino Daniele Martinelli.<\/figcaption><\/figure>\n<\/div>\n<div dir=\"auto\"><\/div>\n<div dir=\"auto\" style=\"text-align: justify;\">A brindare con il festeggiato il\u00a0 proprietario del Gaudi, <strong>Gino La Mura<\/strong> e tutti i personaggi dello spettacolo che hanno molto apprezzato il menu napoletano e la torta bab\u00e0 gigante una vera delizia per occhi e palato.<\/div>\n<div dir=\"auto\">Una bella festa di compleanno per esorcizzare il settimo giro di boa, in chiave napoletana, per un editore di grande talento che del 70 enne ha davvero poco per energia e voglia di fare, tanti auguri all&#8217;ever green <strong>Gio Di Giorgio<\/strong>.<\/div>\n<div dir=\"auto\"><img loading=\"lazy\" decoding=\"async\" class=\"aligncenter wp-image-25606 size-large\" src=\"https:\/\/www.romaoggi.eu\/wp-content\/uploads\/2020\/08\/IMG-20200821-WA0010-1024x581.jpg\" alt=\"\" width=\"1024\" height=\"581\" srcset=\"https:\/\/www.romaoggi.eu\/wp-content\/uploads\/2020\/08\/IMG-20200821-WA0010-1024x581.jpg 1024w, https:\/\/www.romaoggi.eu\/wp-content\/uploads\/2020\/08\/IMG-20200821-WA0010-300x170.jpg 300w, https:\/\/www.romaoggi.eu\/wp-content\/uploads\/2020\/08\/IMG-20200821-WA0010.jpg 1600w\" sizes=\"auto, (max-width: 1024px) 100vw, 1024px\" \/><\/div>\n<div dir=\"auto\"><\/div>\n<div dir=\"auto\">\n<figure id=\"attachment_25607\" aria-describedby=\"caption-attachment-25607\" style=\"width: 908px\" class=\"wp-caption aligncenter\"><img loading=\"lazy\" decoding=\"async\" class=\"wp-image-25607 size-large\" src=\"https:\/\/www.romaoggi.eu\/wp-content\/uploads\/2020\/08\/IMG-20200821-WA0009-908x1024.jpg\" alt=\"ALT TAG gi\u00f2 di giorgio\" width=\"908\" height=\"1024\" srcset=\"https:\/\/www.romaoggi.eu\/wp-content\/uploads\/2020\/08\/IMG-20200821-WA0009-908x1024.jpg 908w, https:\/\/www.romaoggi.eu\/wp-content\/uploads\/2020\/08\/IMG-20200821-WA0009-266x300.jpg 266w, https:\/\/www.romaoggi.eu\/wp-content\/uploads\/2020\/08\/IMG-20200821-WA0009.jpg 1418w\" sizes=\"auto, (max-width: 908px) 100vw, 908px\" \/><figcaption id=\"caption-attachment-25607\" class=\"wp-caption-text\">Gi\u00f2 di Giorgio con gli attori Geppi di Stasio e Robert\u00e0 Sanz\u00f2- foto Enzo Stazi<\/figcaption><\/figure>\n<figure id=\"attachment_25609\" aria-describedby=\"caption-attachment-25609\" style=\"width: 1024px\" class=\"wp-caption aligncenter\"><img loading=\"lazy\" decoding=\"async\" class=\"wp-image-25609 size-large\" src=\"https:\/\/www.romaoggi.eu\/wp-content\/uploads\/2020\/08\/IMG-20200821-WA0007-1-1024x680.jpg\" alt=\"ALT TAG gi\u00f2 di giorgio\" width=\"1024\" height=\"680\" srcset=\"https:\/\/www.romaoggi.eu\/wp-content\/uploads\/2020\/08\/IMG-20200821-WA0007-1-1024x680.jpg 1024w, https:\/\/www.romaoggi.eu\/wp-content\/uploads\/2020\/08\/IMG-20200821-WA0007-1-300x199.jpg 300w, https:\/\/www.romaoggi.eu\/wp-content\/uploads\/2020\/08\/IMG-20200821-WA0007-1.jpg 1600w\" sizes=\"auto, (max-width: 1024px) 100vw, 1024px\" \/><figcaption id=\"caption-attachment-25609\" class=\"wp-caption-text\">l&#8217;attrice Luciana Frazzetto e l&#8217;editore Gi\u00f2 di Giorgio- foto by Enzo Stazi<\/figcaption><\/figure>\n<\/div>\n<div dir=\"auto\"><\/div>\n","protected":false},"excerpt":{"rendered":"<div class=\"mh-excerpt\"><p>70 candeline per l&#8217;editore di Inciucio.it, l&#8217;ever green Gi\u00f2 Di Giorgio Festa in stile partenopeo per il settimo giro di boa dell&#8217;editore, del cliccatissimo sito Inciucio.it, Gi\u00f2 Di Giorgio. Una parata di attori e personaggi <a class=\"mh-excerpt-more\" href=\"https:\/\/www.romaoggi.eu\/index.php\/2020\/08\/21\/esclusive-party-con-70-candeline-delleditore-gio-di-giorgio\/\" title=\"Esclusive party con 70 candeline dell&#8217;editore Gi\u00f2 Di Giorgio\">[&#8230;]<\/a><\/p>\n<\/div>","protected":false},"author":1,"featured_media":25602,"comment_status":"closed","ping_status":"open","sticky":false,"template":"","format":"standard","meta":{"_sitemap_exclude":false,"_sitemap_priority":"","_sitemap_frequency":"","footnotes":""},"categories":[3],"tags":[1856,4120,14197,1737,891],"class_list":["post-25595","post","type-post","status-publish","format-standard","has-post-thumbnail","hentry","category-eventi","tag-compleanno","tag-festa","tag-gaudi","tag-gio-di-giorgio","tag-ristorante"],"yoast_head":"<!-- This site is optimized with the Yoast SEO plugin v27.5 - https:\/\/yoast.com\/product\/yoast-seo-wordpress\/ -->\n<title>Esclusive party con 70 candeline dell&#039;editore Gi\u00f2 Di Giorgio<\/title>\n<meta name=\"description\" content=\"70 candeline per l&#039;editore di Inciucio.it, l&#039;ever green Gi\u00f2 Di Giorgio Festa in stile partenopeo per il settimo giro di boa dell&#039;editore, del\" \/>\n<meta name=\"robots\" content=\"index, follow, max-snippet:-1, max-image-preview:large, max-video-preview:-1\" \/>\n<link rel=\"canonical\" href=\"https:\/\/www.romaoggi.eu\/index.php\/2020\/08\/21\/esclusive-party-con-70-candeline-delleditore-gio-di-giorgio\/\" \/>\n<meta property=\"og:locale\" content=\"it_IT\" \/>\n<meta property=\"og:type\" content=\"article\" \/>\n<meta property=\"og:title\" content=\"Esclusive party con 70 candeline dell&#039;editore Gi\u00f2 Di Giorgio\" \/>\n<meta property=\"og:description\" content=\"70 candeline per l&#039;editore di Inciucio.it, l&#039;ever green Gi\u00f2 Di Giorgio Festa in stile partenopeo per il settimo giro di boa dell&#039;editore, del\" \/>\n<meta property=\"og:url\" content=\"https:\/\/www.romaoggi.eu\/index.php\/2020\/08\/21\/esclusive-party-con-70-candeline-delleditore-gio-di-giorgio\/\" \/>\n<meta property=\"og:site_name\" content=\"roma oggi\" \/>\n<meta property=\"article:publisher\" content=\"https:\/\/www.facebook.com\/RomaOggi-841544845954114\" \/>\n<meta property=\"article:published_time\" content=\"2020-08-21T10:24:55+00:00\" \/>\n<meta property=\"og:image\" content=\"https:\/\/www.romaoggi.eu\/wp-content\/uploads\/2020\/08\/IMG-20200821-WA0008.jpg\" \/>\n\t<meta property=\"og:image:width\" content=\"1600\" \/>\n\t<meta property=\"og:image:height\" content=\"710\" \/>\n\t<meta property=\"og:image:type\" content=\"image\/jpeg\" \/>\n<meta name=\"author\" content=\"admin\" \/>\n<meta name=\"twitter:card\" content=\"summary_large_image\" \/>\n<meta name=\"twitter:creator\" content=\"@romaoggi_eu\" \/>\n<meta name=\"twitter:site\" content=\"@romaoggi_eu\" \/>\n<meta name=\"twitter:label1\" content=\"Scritto da\" \/>\n\t<meta name=\"twitter:data1\" content=\"admin\" \/>\n\t<meta name=\"twitter:label2\" content=\"Tempo di lettura stimato\" \/>\n\t<meta name=\"twitter:data2\" content=\"2 minuti\" \/>\n<script type=\"application\/ld+json\" class=\"yoast-schema-graph\">{\"@context\":\"https:\\\/\\\/schema.org\",\"@graph\":[{\"@type\":\"Article\",\"@id\":\"https:\\\/\\\/www.romaoggi.eu\\\/index.php\\\/2020\\\/08\\\/21\\\/esclusive-party-con-70-candeline-delleditore-gio-di-giorgio\\\/#article\",\"isPartOf\":{\"@id\":\"https:\\\/\\\/www.romaoggi.eu\\\/index.php\\\/2020\\\/08\\\/21\\\/esclusive-party-con-70-candeline-delleditore-gio-di-giorgio\\\/\"},\"author\":{\"name\":\"admin\",\"@id\":\"https:\\\/\\\/www.romaoggi.eu\\\/#\\\/schema\\\/person\\\/9b23ceb6a2992a25e98c76a5f1fbb887\"},\"headline\":\"Esclusive party con 70 candeline dell&#8217;editore Gi\u00f2 Di Giorgio\",\"datePublished\":\"2020-08-21T10:24:55+00:00\",\"mainEntityOfPage\":{\"@id\":\"https:\\\/\\\/www.romaoggi.eu\\\/index.php\\\/2020\\\/08\\\/21\\\/esclusive-party-con-70-candeline-delleditore-gio-di-giorgio\\\/\"},\"wordCount\":414,\"publisher\":{\"@id\":\"https:\\\/\\\/www.romaoggi.eu\\\/#organization\"},\"image\":{\"@id\":\"https:\\\/\\\/www.romaoggi.eu\\\/index.php\\\/2020\\\/08\\\/21\\\/esclusive-party-con-70-candeline-delleditore-gio-di-giorgio\\\/#primaryimage\"},\"thumbnailUrl\":\"https:\\\/\\\/www.romaoggi.eu\\\/wp-content\\\/uploads\\\/2020\\\/08\\\/IMG-20200821-WA0008.jpg\",\"keywords\":[\"compleanno\",\"festa\",\"gaudi\",\"Gio Di Giorgio\",\"Ristorante\"],\"articleSection\":[\"Eventi\"],\"inLanguage\":\"it-IT\"},{\"@type\":\"WebPage\",\"@id\":\"https:\\\/\\\/www.romaoggi.eu\\\/index.php\\\/2020\\\/08\\\/21\\\/esclusive-party-con-70-candeline-delleditore-gio-di-giorgio\\\/\",\"url\":\"https:\\\/\\\/www.romaoggi.eu\\\/index.php\\\/2020\\\/08\\\/21\\\/esclusive-party-con-70-candeline-delleditore-gio-di-giorgio\\\/\",\"name\":\"Esclusive party con 70 candeline dell'editore Gi\u00f2 Di Giorgio\",\"isPartOf\":{\"@id\":\"https:\\\/\\\/www.romaoggi.eu\\\/#website\"},\"primaryImageOfPage\":{\"@id\":\"https:\\\/\\\/www.romaoggi.eu\\\/index.php\\\/2020\\\/08\\\/21\\\/esclusive-party-con-70-candeline-delleditore-gio-di-giorgio\\\/#primaryimage\"},\"image\":{\"@id\":\"https:\\\/\\\/www.romaoggi.eu\\\/index.php\\\/2020\\\/08\\\/21\\\/esclusive-party-con-70-candeline-delleditore-gio-di-giorgio\\\/#primaryimage\"},\"thumbnailUrl\":\"https:\\\/\\\/www.romaoggi.eu\\\/wp-content\\\/uploads\\\/2020\\\/08\\\/IMG-20200821-WA0008.jpg\",\"datePublished\":\"2020-08-21T10:24:55+00:00\",\"description\":\"70 candeline per l'editore di Inciucio.it, l'ever green Gi\u00f2 Di Giorgio Festa in stile partenopeo per il settimo giro di boa dell'editore, del\",\"breadcrumb\":{\"@id\":\"https:\\\/\\\/www.romaoggi.eu\\\/index.php\\\/2020\\\/08\\\/21\\\/esclusive-party-con-70-candeline-delleditore-gio-di-giorgio\\\/#breadcrumb\"},\"inLanguage\":\"it-IT\",\"potentialAction\":[{\"@type\":\"ReadAction\",\"target\":[\"https:\\\/\\\/www.romaoggi.eu\\\/index.php\\\/2020\\\/08\\\/21\\\/esclusive-party-con-70-candeline-delleditore-gio-di-giorgio\\\/\"]}]},{\"@type\":\"ImageObject\",\"inLanguage\":\"it-IT\",\"@id\":\"https:\\\/\\\/www.romaoggi.eu\\\/index.php\\\/2020\\\/08\\\/21\\\/esclusive-party-con-70-candeline-delleditore-gio-di-giorgio\\\/#primaryimage\",\"url\":\"https:\\\/\\\/www.romaoggi.eu\\\/wp-content\\\/uploads\\\/2020\\\/08\\\/IMG-20200821-WA0008.jpg\",\"contentUrl\":\"https:\\\/\\\/www.romaoggi.eu\\\/wp-content\\\/uploads\\\/2020\\\/08\\\/IMG-20200821-WA0008.jpg\",\"width\":1600,\"height\":710,\"caption\":\"Brindisi di auguri per l'editore Gi\u00f2 Di Giorgio\"},{\"@type\":\"BreadcrumbList\",\"@id\":\"https:\\\/\\\/www.romaoggi.eu\\\/index.php\\\/2020\\\/08\\\/21\\\/esclusive-party-con-70-candeline-delleditore-gio-di-giorgio\\\/#breadcrumb\",\"itemListElement\":[{\"@type\":\"ListItem\",\"position\":1,\"name\":\"Home\",\"item\":\"https:\\\/\\\/www.romaoggi.eu\\\/\"},{\"@type\":\"ListItem\",\"position\":2,\"name\":\"Esclusive party con 70 candeline dell&#8217;editore Gi\u00f2 Di Giorgio\"}]},{\"@type\":\"WebSite\",\"@id\":\"https:\\\/\\\/www.romaoggi.eu\\\/#website\",\"url\":\"https:\\\/\\\/www.romaoggi.eu\\\/\",\"name\":\"roma oggi\",\"description\":\"Interesting News for Interesting people\",\"publisher\":{\"@id\":\"https:\\\/\\\/www.romaoggi.eu\\\/#organization\"},\"potentialAction\":[{\"@type\":\"SearchAction\",\"target\":{\"@type\":\"EntryPoint\",\"urlTemplate\":\"https:\\\/\\\/www.romaoggi.eu\\\/?s={search_term_string}\"},\"query-input\":{\"@type\":\"PropertyValueSpecification\",\"valueRequired\":true,\"valueName\":\"search_term_string\"}}],\"inLanguage\":\"it-IT\"},{\"@type\":\"Organization\",\"@id\":\"https:\\\/\\\/www.romaoggi.eu\\\/#organization\",\"name\":\"RomaOggi\",\"url\":\"https:\\\/\\\/www.romaoggi.eu\\\/\",\"logo\":{\"@type\":\"ImageObject\",\"inLanguage\":\"it-IT\",\"@id\":\"https:\\\/\\\/www.romaoggi.eu\\\/#\\\/schema\\\/logo\\\/image\\\/\",\"url\":\"https:\\\/\\\/www.romaoggi.eu\\\/wp-content\\\/uploads\\\/2017\\\/04\\\/logowp.jpg\",\"contentUrl\":\"https:\\\/\\\/www.romaoggi.eu\\\/wp-content\\\/uploads\\\/2017\\\/04\\\/logowp.jpg\",\"width\":300,\"height\":133,\"caption\":\"RomaOggi\"},\"image\":{\"@id\":\"https:\\\/\\\/www.romaoggi.eu\\\/#\\\/schema\\\/logo\\\/image\\\/\"},\"sameAs\":[\"https:\\\/\\\/www.facebook.com\\\/RomaOggi-841544845954114\",\"https:\\\/\\\/x.com\\\/romaoggi_eu\"]},{\"@type\":\"Person\",\"@id\":\"https:\\\/\\\/www.romaoggi.eu\\\/#\\\/schema\\\/person\\\/9b23ceb6a2992a25e98c76a5f1fbb887\",\"name\":\"admin\",\"image\":{\"@type\":\"ImageObject\",\"inLanguage\":\"it-IT\",\"@id\":\"https:\\\/\\\/secure.gravatar.com\\\/avatar\\\/51b1e0a1f4159e3b5d89435fce5e1a348d6c59e2ff8c2d428dae75560aace504?s=96&d=mm&r=g\",\"url\":\"https:\\\/\\\/secure.gravatar.com\\\/avatar\\\/51b1e0a1f4159e3b5d89435fce5e1a348d6c59e2ff8c2d428dae75560aace504?s=96&d=mm&r=g\",\"contentUrl\":\"https:\\\/\\\/secure.gravatar.com\\\/avatar\\\/51b1e0a1f4159e3b5d89435fce5e1a348d6c59e2ff8c2d428dae75560aace504?s=96&d=mm&r=g\",\"caption\":\"admin\"},\"url\":\"https:\\\/\\\/www.romaoggi.eu\\\/index.php\\\/author\\\/admin\\\/\"}]}<\/script>\n<!-- \/ Yoast SEO plugin. -->","yoast_head_json":{"title":"Esclusive party con 70 candeline dell'editore Gi\u00f2 Di Giorgio","description":"70 candeline per l'editore di Inciucio.it, l'ever green Gi\u00f2 Di Giorgio Festa in stile partenopeo per il settimo giro di boa dell'editore, del","robots":{"index":"index","follow":"follow","max-snippet":"max-snippet:-1","max-image-preview":"max-image-preview:large","max-video-preview":"max-video-preview:-1"},"canonical":"https:\/\/www.romaoggi.eu\/index.php\/2020\/08\/21\/esclusive-party-con-70-candeline-delleditore-gio-di-giorgio\/","og_locale":"it_IT","og_type":"article","og_title":"Esclusive party con 70 candeline dell'editore Gi\u00f2 Di Giorgio","og_description":"70 candeline per l'editore di Inciucio.it, l'ever green Gi\u00f2 Di Giorgio Festa in stile partenopeo per il settimo giro di boa dell'editore, del","og_url":"https:\/\/www.romaoggi.eu\/index.php\/2020\/08\/21\/esclusive-party-con-70-candeline-delleditore-gio-di-giorgio\/","og_site_name":"roma oggi","article_publisher":"https:\/\/www.facebook.com\/RomaOggi-841544845954114","article_published_time":"2020-08-21T10:24:55+00:00","og_image":[{"width":1600,"height":710,"url":"https:\/\/www.romaoggi.eu\/wp-content\/uploads\/2020\/08\/IMG-20200821-WA0008.jpg","type":"image\/jpeg"}],"author":"admin","twitter_card":"summary_large_image","twitter_creator":"@romaoggi_eu","twitter_site":"@romaoggi_eu","twitter_misc":{"Scritto da":"admin","Tempo di lettura stimato":"2 minuti"},"schema":{"@context":"https:\/\/schema.org","@graph":[{"@type":"Article","@id":"https:\/\/www.romaoggi.eu\/index.php\/2020\/08\/21\/esclusive-party-con-70-candeline-delleditore-gio-di-giorgio\/#article","isPartOf":{"@id":"https:\/\/www.romaoggi.eu\/index.php\/2020\/08\/21\/esclusive-party-con-70-candeline-delleditore-gio-di-giorgio\/"},"author":{"name":"admin","@id":"https:\/\/www.romaoggi.eu\/#\/schema\/person\/9b23ceb6a2992a25e98c76a5f1fbb887"},"headline":"Esclusive party con 70 candeline dell&#8217;editore Gi\u00f2 Di Giorgio","datePublished":"2020-08-21T10:24:55+00:00","mainEntityOfPage":{"@id":"https:\/\/www.romaoggi.eu\/index.php\/2020\/08\/21\/esclusive-party-con-70-candeline-delleditore-gio-di-giorgio\/"},"wordCount":414,"publisher":{"@id":"https:\/\/www.romaoggi.eu\/#organization"},"image":{"@id":"https:\/\/www.romaoggi.eu\/index.php\/2020\/08\/21\/esclusive-party-con-70-candeline-delleditore-gio-di-giorgio\/#primaryimage"},"thumbnailUrl":"https:\/\/www.romaoggi.eu\/wp-content\/uploads\/2020\/08\/IMG-20200821-WA0008.jpg","keywords":["compleanno","festa","gaudi","Gio Di Giorgio","Ristorante"],"articleSection":["Eventi"],"inLanguage":"it-IT"},{"@type":"WebPage","@id":"https:\/\/www.romaoggi.eu\/index.php\/2020\/08\/21\/esclusive-party-con-70-candeline-delleditore-gio-di-giorgio\/","url":"https:\/\/www.romaoggi.eu\/index.php\/2020\/08\/21\/esclusive-party-con-70-candeline-delleditore-gio-di-giorgio\/","name":"Esclusive party con 70 candeline dell'editore Gi\u00f2 Di Giorgio","isPartOf":{"@id":"https:\/\/www.romaoggi.eu\/#website"},"primaryImageOfPage":{"@id":"https:\/\/www.romaoggi.eu\/index.php\/2020\/08\/21\/esclusive-party-con-70-candeline-delleditore-gio-di-giorgio\/#primaryimage"},"image":{"@id":"https:\/\/www.romaoggi.eu\/index.php\/2020\/08\/21\/esclusive-party-con-70-candeline-delleditore-gio-di-giorgio\/#primaryimage"},"thumbnailUrl":"https:\/\/www.romaoggi.eu\/wp-content\/uploads\/2020\/08\/IMG-20200821-WA0008.jpg","datePublished":"2020-08-21T10:24:55+00:00","description":"70 candeline per l'editore di Inciucio.it, l'ever green Gi\u00f2 Di Giorgio Festa in stile partenopeo per il settimo giro di boa dell'editore, del","breadcrumb":{"@id":"https:\/\/www.romaoggi.eu\/index.php\/2020\/08\/21\/esclusive-party-con-70-candeline-delleditore-gio-di-giorgio\/#breadcrumb"},"inLanguage":"it-IT","potentialAction":[{"@type":"ReadAction","target":["https:\/\/www.romaoggi.eu\/index.php\/2020\/08\/21\/esclusive-party-con-70-candeline-delleditore-gio-di-giorgio\/"]}]},{"@type":"ImageObject","inLanguage":"it-IT","@id":"https:\/\/www.romaoggi.eu\/index.php\/2020\/08\/21\/esclusive-party-con-70-candeline-delleditore-gio-di-giorgio\/#primaryimage","url":"https:\/\/www.romaoggi.eu\/wp-content\/uploads\/2020\/08\/IMG-20200821-WA0008.jpg","contentUrl":"https:\/\/www.romaoggi.eu\/wp-content\/uploads\/2020\/08\/IMG-20200821-WA0008.jpg","width":1600,"height":710,"caption":"Brindisi di auguri per l'editore Gi\u00f2 Di Giorgio"},{"@type":"BreadcrumbList","@id":"https:\/\/www.romaoggi.eu\/index.php\/2020\/08\/21\/esclusive-party-con-70-candeline-delleditore-gio-di-giorgio\/#breadcrumb","itemListElement":[{"@type":"ListItem","position":1,"name":"Home","item":"https:\/\/www.romaoggi.eu\/"},{"@type":"ListItem","position":2,"name":"Esclusive party con 70 candeline dell&#8217;editore Gi\u00f2 Di Giorgio"}]},{"@type":"WebSite","@id":"https:\/\/www.romaoggi.eu\/#website","url":"https:\/\/www.romaoggi.eu\/","name":"roma oggi","description":"Interesting News for Interesting people","publisher":{"@id":"https:\/\/www.romaoggi.eu\/#organization"},"potentialAction":[{"@type":"SearchAction","target":{"@type":"EntryPoint","urlTemplate":"https:\/\/www.romaoggi.eu\/?s={search_term_string}"},"query-input":{"@type":"PropertyValueSpecification","valueRequired":true,"valueName":"search_term_string"}}],"inLanguage":"it-IT"},{"@type":"Organization","@id":"https:\/\/www.romaoggi.eu\/#organization","name":"RomaOggi","url":"https:\/\/www.romaoggi.eu\/","logo":{"@type":"ImageObject","inLanguage":"it-IT","@id":"https:\/\/www.romaoggi.eu\/#\/schema\/logo\/image\/","url":"https:\/\/www.romaoggi.eu\/wp-content\/uploads\/2017\/04\/logowp.jpg","contentUrl":"https:\/\/www.romaoggi.eu\/wp-content\/uploads\/2017\/04\/logowp.jpg","width":300,"height":133,"caption":"RomaOggi"},"image":{"@id":"https:\/\/www.romaoggi.eu\/#\/schema\/logo\/image\/"},"sameAs":["https:\/\/www.facebook.com\/RomaOggi-841544845954114","https:\/\/x.com\/romaoggi_eu"]},{"@type":"Person","@id":"https:\/\/www.romaoggi.eu\/#\/schema\/person\/9b23ceb6a2992a25e98c76a5f1fbb887","name":"admin","image":{"@type":"ImageObject","inLanguage":"it-IT","@id":"https:\/\/secure.gravatar.com\/avatar\/51b1e0a1f4159e3b5d89435fce5e1a348d6c59e2ff8c2d428dae75560aace504?s=96&d=mm&r=g","url":"https:\/\/secure.gravatar.com\/avatar\/51b1e0a1f4159e3b5d89435fce5e1a348d6c59e2ff8c2d428dae75560aace504?s=96&d=mm&r=g","contentUrl":"https:\/\/secure.gravatar.com\/avatar\/51b1e0a1f4159e3b5d89435fce5e1a348d6c59e2ff8c2d428dae75560aace504?s=96&d=mm&r=g","caption":"admin"},"url":"https:\/\/www.romaoggi.eu\/index.php\/author\/admin\/"}]}},"_links":{"self":[{"href":"https:\/\/www.romaoggi.eu\/index.php\/wp-json\/wp\/v2\/posts\/25595","targetHints":{"allow":["GET"]}}],"collection":[{"href":"https:\/\/www.romaoggi.eu\/index.php\/wp-json\/wp\/v2\/posts"}],"about":[{"href":"https:\/\/www.romaoggi.eu\/index.php\/wp-json\/wp\/v2\/types\/post"}],"author":[{"embeddable":true,"href":"https:\/\/www.romaoggi.eu\/index.php\/wp-json\/wp\/v2\/users\/1"}],"replies":[{"embeddable":true,"href":"https:\/\/www.romaoggi.eu\/index.php\/wp-json\/wp\/v2\/comments?post=25595"}],"version-history":[{"count":10,"href":"https:\/\/www.romaoggi.eu\/index.php\/wp-json\/wp\/v2\/posts\/25595\/revisions"}],"predecessor-version":[{"id":25613,"href":"https:\/\/www.romaoggi.eu\/index.php\/wp-json\/wp\/v2\/posts\/25595\/revisions\/25613"}],"wp:featuredmedia":[{"embeddable":true,"href":"https:\/\/www.romaoggi.eu\/index.php\/wp-json\/wp\/v2\/media\/25602"}],"wp:attachment":[{"href":"https:\/\/www.romaoggi.eu\/index.php\/wp-json\/wp\/v2\/media?parent=25595"}],"wp:term":[{"taxonomy":"category","embeddable":true,"href":"https:\/\/www.romaoggi.eu\/index.php\/wp-json\/wp\/v2\/categories?post=25595"},{"taxonomy":"post_tag","embeddable":true,"href":"https:\/\/www.romaoggi.eu\/index.php\/wp-json\/wp\/v2\/tags?post=25595"}],"curies":[{"name":"wp","href":"https:\/\/api.w.org\/{rel}","templated":true}]}}