{"id":25659,"date":"2020-09-05T01:40:17","date_gmt":"2020-09-04T23:40:17","guid":{"rendered":"http:\/\/www.romaoggi.eu\/?p=25659"},"modified":"2020-09-05T01:40:17","modified_gmt":"2020-09-04T23:40:17","slug":"cultura-sul-tevere-inaugura-piazza-tevere-2020","status":"publish","type":"post","link":"https:\/\/www.romaoggi.eu\/index.php\/2020\/09\/05\/cultura-sul-tevere-inaugura-piazza-tevere-2020\/","title":{"rendered":"Cultura sul Tevere: inaugura &#8220;Piazza Tevere 2020&#8221;"},"content":{"rendered":"<p class=\"Paragrafobase\" style=\"text-align: justify;line-height: normal\"><span style=\"font-family: 'Arial',sans-serif\">Il <b>5 settembre 2020<\/b> si inaugurer\u00e0 l\u2019allestimento temporaneo <\/span><b><span style=\"font-family: 'Arial',sans-serif;color: red\">\u201cPiazza Tevere 2020\u201d<\/span><\/b><span style=\"font-family: 'Arial',sans-serif\">, nell\u2019area tra Ponte Sisto e Ponte Mazzini resa celebre nel mondo dalle opere dell\u2019artista sudafricano <a href=\"https:\/\/it.wikipedia.org\/wiki\/William_Kentridge\"><b>William Kentridge<\/b><\/a>. <\/span><\/p>\n<p class=\"Paragrafobase\" style=\"text-align: justify;line-height: normal\"><span style=\"font-family: 'Arial',sans-serif\">Si tratta di un\u2019installazione paesaggistico-ambientale nella quale realt\u00e0 urbana e natura, acqua e arte, passato e presente convivono e si alimentano a vicenda, creando una &#8220;piazza&#8221; luogo d&#8217;incontro e di cultura, ma anche di discussione sui benefici che la natura pu\u00f2 dare alla citt\u00e0 per contrastare l&#8217;emergenza climatica e sanitaria che stiamo vivendo. <\/span><\/p>\n<p class=\"Paragrafobase\" style=\"text-align: justify;line-height: normal\"><b><span style=\"font-family: 'Arial',sans-serif\">Il pubblico potr\u00e0 accedere gratuitamente fino al 25 ottobre tutti i giorni dalle ore 11 alle ore 22. Il venerd\u00ec e il sabato fino alle ore 24<\/span><\/b><span style=\"font-family: 'Arial',sans-serif\">.<\/span><\/p>\n<p class=\"Paragrafobase\" style=\"text-align: justify;line-height: normal\"><span style=\"font-family: 'Arial',sans-serif\">\u00a0<\/span><\/p>\n<p class=\"Paragrafobase\" style=\"text-align: justify;line-height: normal\"><span style=\"font-family: 'Arial',sans-serif\">L\u2019opera \u00e8 stata promossa dall&#8217;<b>Ufficio Speciale Tevere di Roma Capitale<\/b>, supportata da un team di partner (Acea, Italgas, Terna, Rainbird, plasticWOOD.it, e Associazione Tevereterno) coordinati da <b>Agenda Tevere Onlus<\/b>. Alla base c\u2019\u00e8 un progetto redatto <b>dall\u2019Associazione Italiana di Architettura del Paesaggio (AIAPP)<\/b>, assieme al <b>Laboratorio Cesare Romiti<\/b>,<b> <\/b>Centro di progettazione di Agenda Tevere, con opere vegetazionali, realizzate dalle imprese laziali di Assoverde, all\u2019interno del Programma \u201cStrategieGreen2020\u201d, promosso da <b>Assoverde <\/b>e <b>AIAPP<\/b> al fine di rendere gli spazi della citt\u00e0 pi\u00f9 sani, accoglienti e funzionali nel corso di due mesi nei quali, pur con l\u2019adeguato distanziamento fisico, si intende favorire la possibilit\u00e0 di incontrarsi e passeggiare in sicurezza e con la necessaria qualit\u00e0 dei luoghi e salubrit\u00e0 dell\u2019aria. <\/span><\/p>\n<p class=\"Paragrafobase\" style=\"text-align: justify;line-height: normal\"><span style=\"font-family: 'Arial',sans-serif\">\u00a0<\/span><\/p>\n<p class=\"Paragrafobase\" style=\"text-align: justify;line-height: normal\"><span style=\"font-family: 'Arial',sans-serif\">L\u2019iniziativa, realizzata dall\u2019Ufficio Speciale Tevere di Roma Capitale con la collaborazione di <b>Z\u00e8tema Progetto Cultura<\/b>, \u00e8 coerente con il piano strategico di Resilienza di Roma Capitale e propone un paesaggio &#8220;inaspettato&#8221; che unisce idealmente le due sponde del fiume fra Ponte Sisto e Ponte Mazzini grazie alla presenza di un prato adagiato sulle lapidee banchine fluviali. In questo modo si produce un nuovo spazio pubblico animato da temi sociali ed ecologici nell&#8217;ambito di una forma di socializzazione, di &#8220;vicinanza nel distanziamento&#8221;, adatta al momento che stiamo vivendo.<\/span><\/p>\n<p class=\"Paragrafobase\" style=\"text-align: justify;line-height: normal\"><span style=\"font-family: 'Arial',sans-serif\">\u00a0<\/span><\/p>\n<p class=\"Paragrafobase\" style=\"text-align: justify;line-height: normal\"><span style=\"font-family: 'Arial',sans-serif\">Al fine di ridurre al minimo i costi sostenuti dal Comune, l\u2019allestimento \u00e8 stato realizzato grazie all\u2019impegno professionale dei volontari di Agenda Tevere, dell\u2019AIAPP e di Assoverde, e ai generosi contributi di aziende che hanno condiviso l\u2019impegno e la passione per la nostra citt\u00e0 e il suo futuro. Le principali sono state <b>Acea<\/b>, nata proprio a Roma oltre 110 anni fa, e cresciuta insieme a lei, diventando una delle principali multiutility italiane; <b>Italgas<\/b>, la storica societ\u00e0 che attraverso la diffusione del gas naturale favorisce lo sviluppo sostenibile delle citt\u00e0 in cui viviamo, e <b>Terna<\/b>, il gestore del sistema elettrico nazionale, che da sempre promuove progetti di sostenibilit\u00e0 e di vicinanza al territorio. A loro si sono affiancate aziende produttrici, quali Rainbird e plasticWOOD.it, che svolgono ricerche per offrire prodotti sempre pi\u00f9 sostenibili per i luoghi che abitiamo.<\/span><\/p>\n<p class=\"Paragrafobase\" style=\"line-height: normal\"><span style=\"font-family: 'Arial',sans-serif\">\u00a0<\/span><\/p>\n<p class=\"Paragrafobase\" style=\"line-height: normal\"><b><span style=\"font-family: 'Arial',sans-serif\">IL LUOGO<\/span><\/b><\/p>\n<p class=\"Paragrafobase\" style=\"text-align: justify;line-height: normal\"><span style=\"font-family: 'Arial',sans-serif\">L\u2019idea di denominare <\/span><b><span style=\"font-family: 'Arial',sans-serif;color: red\">&#8220;Piazza Tevere&#8221;<\/span><\/b><b> <\/b><span style=\"font-family: 'Arial',sans-serif\">lo spazio fluviale compreso tra <strong>Ponte Sisto e Ponte Mazzini<\/strong> \u00e8 dell\u2019artista americana Kristin Jones. A partire dal 2005 tale idea \u00e8 stata portata avanti dall\u2019associazione Tevereterno &#8211; presieduta dall\u2019artista fino al 2014 &#8211; che ha puntato alla riscoperta e alla rivalutazione del ruolo e della presenza del fiume in citt\u00e0 attraverso la realizzazione di grandi installazioni di arte contemporanea e di iniziative di valorizzazione del luogo come spazio pubblico urbano.<\/span><\/p>\n<p class=\"Paragrafobase\" style=\"text-align: justify;line-height: normal\"><span style=\"font-family: 'Arial',sans-serif\">Gli interventi artistici <i>site specific<\/i> promossi dall\u2019<strong>associazione Tevereterno<\/strong> che si sono succeduti negli anni fino ad oggi, compresa l&#8217;opera di <strong>William Kentridge<\/strong> &#8220;<i>Triumph and Laments<\/i>&#8221; inaugurata il 21 aprile del 2016, hanno cercato di sottrarre il Tevere all&#8217;oblio e allo scivolamento verso il degrado trasformando Piazza Tevere in luogo privilegiato dell\u2019arte contemporanea e della vita sociale cittadina attorno al quale, nel corso degli anni, Tevereterno ha sviluppato iniziative artistiche e didattiche animate da protagonisti della vita culturale italiana.<\/span><\/p>\n<p class=\"Paragrafobase\" style=\"text-align: justify;line-height: normal\"><span style=\"font-family: 'Arial',sans-serif\">\u00c8 questa manifestazione\/narrazione di nuova tipologia di spazio urbano che si vuole ora riprendere.<\/span><\/p>\n<p class=\"Paragrafobase\" style=\"text-align: justify;line-height: normal\"><span style=\"font-family: 'Arial',sans-serif\">\u00a0<\/span><\/p>\n<p class=\"Paragrafobase\" style=\"line-height: normal\"><b><span style=\"font-family: 'Arial',sans-serif\">L\u2019ALLESTIMENTO TEMPORANEO<\/span><\/b><\/p>\n<p class=\"Paragrafobase\" style=\"text-align: justify;line-height: normal\"><span style=\"font-family: 'Arial',sans-serif\">Il progetto \u00e8 stato elaborato da un gruppo di lavoro composto da membri dall\u2019Associazione Italiana di Architettura del Paesaggio (AIAPP) e dal Laboratorio progettuale &#8220;Cesare Romiti&#8221; di Agenda Tevere Onlus, associazione costituita nel 2017 per fornire progettualit\u00e0, supporto professionale e risorse finanziarie a tutti le istituzioni romane al fine di supportarle nella riqualificazione delle sponde del fiume della Capitale.<\/span><\/p>\n<p class=\"Paragrafobase\" style=\"line-height: normal\"><span style=\"font-family: 'Arial',sans-serif\">\u00a0<\/span><\/p>\n<p class=\"Paragrafobase\" style=\"text-align: justify;line-height: normal\"><span style=\"font-family: 'Arial',sans-serif\">L\u2019allestimento prevede la disposizione di 4.600 mq di prato distribuito sulle due sponde (due fasce di 500 metri di lunghezza per 4,6 di larghezza in ciascuna banchina) disposto su uno strato di sabbia, con irrigazione a scomparsa che ne garantisce la sopravvivenza. \u00c8 prevista inoltre l\u2019installazione di 40 alberi ripariali in vaso, argentei <i>Populus alba<\/i>, in riva sinistra accorpati e disposti in modo da aumentare la superficie ombreggiata. <\/span><\/p>\n<p class=\"Paragrafobase\" style=\"text-align: justify;line-height: normal\"><span style=\"font-family: 'Arial',sans-serif\">Sul fronte degli arredi e delle attrezzature saranno installati sdraio, tavoli con sedie rossi (in memoria di precedenti allestimenti organizzati a Piazza Tevere dall\u2019associazione Tevereterno) e una pedana per spettacoli e dibattiti.<\/span><\/p>\n<p class=\"Paragrafobase\" style=\"text-align: justify;line-height: normal\"><span style=\"font-family: 'Arial',sans-serif\">Sulle due sponde sono inoltre stati installati faretti direzionati, con finalit\u00e0 scenografica, verso le chiome dei platani del Lungotevere.<\/span><\/p>\n<p class=\"Paragrafobase\" style=\"line-height: normal\"><span style=\"font-family: 'Arial',sans-serif\">\u00a0<\/span><\/p>\n<p class=\"Paragrafobase\" style=\"text-align: justify;line-height: normal\"><span style=\"font-family: 'Arial',sans-serif\">Nelle serate dall\u201911 al 13 settembre sono previsti due allestimenti artistici. Il primo, \u201cOmbre dal Lupercale\u201d, \u00e8 una riproposizione dell\u2019allestimento diretto da Kristin Jones nel 2006 con un&#8217;animazione di lupe di sette artisti diversi proiettate sul muraglione con l\u2019accompagnamento di musiche appositamente composte da sette compositori contemporanei, allestimento riproposto come auspicio per futuri interventi di nuovi artisti.<\/span><\/p>\n<p class=\"Paragrafobase\" style=\"text-align: justify;line-height: normal\"><span style=\"font-family: 'Arial',sans-serif\">Il secondo, un omaggio di Sandro Polci all\u2019artista William Kentridge, consister\u00e0 nella proiezione di immagini che si \u201cassolvono e dissolvono\u201d di bozzetti originali di Kentridge e foto (di Marcello Leotta) di una \u201clupa\u201d dell\u2019opera originaria che si vanno a sovrapporre a quella presente attualmente nel muraglione. <\/span><\/p>\n<p class=\"Paragrafobase\" style=\"text-align: justify;line-height: normal\"><span style=\"font-family: 'Arial',sans-serif\">Nel corso del mese e mezzo di apertura dell\u2019allestimento \u00e8 previsto infine un ampio programma di eventi artistici e culturali.<\/span><\/p>\n<p class=\"Paragrafobase\" style=\"line-height: normal\"><span style=\"font-family: 'Arial',sans-serif\">\u00a0<\/span><\/p>\n<p class=\"Paragrafobase\" style=\"line-height: normal\"><b><span style=\"font-family: 'Arial',sans-serif\">IMPATTO COLLATERALE PERMANENTE<\/span><\/b><\/p>\n<p class=\"Paragrafobase\" style=\"text-align: justify;line-height: normal\"><span style=\"font-family: 'Arial',sans-serif\">In un momento di emergenza che non \u00e8 solo sanitaria ma anche sociale ed economica, Agenda Tevere, AIAPP e Roma Capitale si sono voluti assicurare che gli investimenti fatti per realizzare questo allestimento temporaneo non avessero una valenza di natura \u201ceffimera\u201d. Per questo hanno previsto che, alla chiusura dell\u2019allestimento, i materiali temporaneamente installati nelle banchine lapidee tra Ponte Sisto e Ponte Mazzini \u2013 il substrato di terriccio, il sistema di irrigazione, il manto erboso e gli alberi in vaso \u2013 siano trasferiti a Riva Ostiense sulla base di un progetto di riqualificazione di quell\u2019area.<\/span><\/p>\n<p class=\"Paragrafobase\" style=\"line-height: normal\"><span style=\"font-family: 'Arial',sans-serif\">\u00a0<\/span><\/p>\n<p class=\"Paragrafobase\" style=\"text-align: justify;line-height: normal\"><b><span style=\"font-family: 'Arial',sans-serif\">AZIENDE\/PARTNER<br \/>\n<\/span><\/b><span style=\"font-family: 'Arial',sans-serif\">Questo progetto \u00e8 stato reso possibile da aziende\/partner che ne hanno condiviso elementi e finalit\u00e0. <\/span><\/p>\n<p class=\"Paragrafobase\" style=\"text-align: justify;line-height: normal\"><span style=\"font-family: 'Arial',sans-serif\">Per questo si ringraziano: AIAPP e i partecipanti del Laboratorio Cesare Romiti (prof. arch.Gianni Celestini, arch. Alessandra Schmid, ing. Alessandro Ricca, coordinati dall\u2019arch. M. Cristina Tullio), per il supporto progettuale e culturale; Acea, Italgas, Terna e le aziende laziali di Assoverde (Assiverde, Bindi Secondo, Florovivaistica del Lazio, Laurentina Servizi, O.P.E.R.A.M., Professionisti del Paesaggio, Sia Garden, Sublacense Garden),\u00a0 plasticWOOD.it e Rainbird, per il supporto realizzativo e tutti i volontari di Agenda Tevere per il loro contributo.<\/span><\/p>\n<p class=\"Paragrafobase\" style=\"text-align: justify;line-height: normal\"><span style=\"font-family: 'Arial',sans-serif\">\u00a0<\/span><\/p>\n","protected":false},"excerpt":{"rendered":"<div class=\"mh-excerpt\"><p>Il 5 settembre 2020 si inaugurer\u00e0 l\u2019allestimento temporaneo \u201cPiazza Tevere 2020\u201d, nell\u2019area tra Ponte Sisto e Ponte Mazzini resa celebre nel mondo dalle opere dell\u2019artista sudafricano William Kentridge. Si tratta di un\u2019installazione paesaggistico-ambientale nella quale <a class=\"mh-excerpt-more\" href=\"https:\/\/www.romaoggi.eu\/index.php\/2020\/09\/05\/cultura-sul-tevere-inaugura-piazza-tevere-2020\/\" title=\"Cultura sul Tevere: inaugura &#8220;Piazza Tevere 2020&#8221;\">[&#8230;]<\/a><\/p>\n<\/div>","protected":false},"author":13,"featured_media":25660,"comment_status":"closed","ping_status":"open","sticky":false,"template":"","format":"standard","meta":{"_sitemap_exclude":false,"_sitemap_priority":"","_sitemap_frequency":"","footnotes":""},"categories":[13933],"tags":[14220,5881],"class_list":["post-25659","post","type-post","status-publish","format-standard","has-post-thumbnail","hentry","category-comunicati-stampa","tag-piazza-tevere","tag-william-kentridge"],"yoast_head":"<!-- This site is optimized with the Yoast SEO plugin v27.5 - https:\/\/yoast.com\/product\/yoast-seo-wordpress\/ -->\n<title>Cultura sul Tevere: inaugura &quot;Piazza Tevere 2020&quot;<\/title>\n<meta name=\"description\" content=\"Il 5 settembre 2020 si inaugurer\u00e0 l\u2019allestimento temporaneo \u201cPiazza Tevere 2020\u201d, nell\u2019area tra Ponte Sisto e Ponte Mazzini resa celebre nel mondo dalle\" \/>\n<meta name=\"robots\" content=\"index, follow, max-snippet:-1, max-image-preview:large, max-video-preview:-1\" \/>\n<link rel=\"canonical\" href=\"https:\/\/www.romaoggi.eu\/index.php\/2020\/09\/05\/cultura-sul-tevere-inaugura-piazza-tevere-2020\/\" \/>\n<meta property=\"og:locale\" content=\"it_IT\" \/>\n<meta property=\"og:type\" content=\"article\" \/>\n<meta property=\"og:title\" content=\"Cultura sul Tevere: inaugura &quot;Piazza Tevere 2020&quot;\" \/>\n<meta property=\"og:description\" content=\"Il 5 settembre 2020 si inaugurer\u00e0 l\u2019allestimento temporaneo \u201cPiazza Tevere 2020\u201d, nell\u2019area tra Ponte Sisto e Ponte Mazzini resa celebre nel mondo dalle\" \/>\n<meta property=\"og:url\" content=\"https:\/\/www.romaoggi.eu\/index.php\/2020\/09\/05\/cultura-sul-tevere-inaugura-piazza-tevere-2020\/\" \/>\n<meta property=\"og:site_name\" content=\"roma oggi\" \/>\n<meta property=\"article:publisher\" content=\"https:\/\/www.facebook.com\/RomaOggi-841544845954114\" \/>\n<meta property=\"article:published_time\" content=\"2020-09-04T23:40:17+00:00\" \/>\n<meta property=\"og:image\" content=\"https:\/\/www.romaoggi.eu\/wp-content\/uploads\/2020\/09\/PT-2020-2020-09-04-at-00.28.02.jpeg\" \/>\n\t<meta property=\"og:image:width\" content=\"1024\" \/>\n\t<meta property=\"og:image:height\" content=\"768\" \/>\n\t<meta property=\"og:image:type\" content=\"image\/jpeg\" \/>\n<meta name=\"author\" content=\"Federica Pansadoro\" \/>\n<meta name=\"twitter:card\" content=\"summary_large_image\" \/>\n<meta name=\"twitter:creator\" content=\"@romaoggi_eu\" \/>\n<meta name=\"twitter:site\" content=\"@romaoggi_eu\" \/>\n<meta name=\"twitter:label1\" content=\"Scritto da\" \/>\n\t<meta name=\"twitter:data1\" content=\"Federica Pansadoro\" \/>\n\t<meta name=\"twitter:label2\" content=\"Tempo di lettura stimato\" \/>\n\t<meta name=\"twitter:data2\" content=\"6 minuti\" \/>\n<script type=\"application\/ld+json\" class=\"yoast-schema-graph\">{\"@context\":\"https:\\\/\\\/schema.org\",\"@graph\":[{\"@type\":\"Article\",\"@id\":\"https:\\\/\\\/www.romaoggi.eu\\\/index.php\\\/2020\\\/09\\\/05\\\/cultura-sul-tevere-inaugura-piazza-tevere-2020\\\/#article\",\"isPartOf\":{\"@id\":\"https:\\\/\\\/www.romaoggi.eu\\\/index.php\\\/2020\\\/09\\\/05\\\/cultura-sul-tevere-inaugura-piazza-tevere-2020\\\/\"},\"author\":{\"name\":\"Federica Pansadoro\",\"@id\":\"https:\\\/\\\/www.romaoggi.eu\\\/#\\\/schema\\\/person\\\/569485df663c86fd2d0179a6643546f9\"},\"headline\":\"Cultura sul Tevere: inaugura &#8220;Piazza Tevere 2020&#8221;\",\"datePublished\":\"2020-09-04T23:40:17+00:00\",\"mainEntityOfPage\":{\"@id\":\"https:\\\/\\\/www.romaoggi.eu\\\/index.php\\\/2020\\\/09\\\/05\\\/cultura-sul-tevere-inaugura-piazza-tevere-2020\\\/\"},\"wordCount\":1137,\"publisher\":{\"@id\":\"https:\\\/\\\/www.romaoggi.eu\\\/#organization\"},\"image\":{\"@id\":\"https:\\\/\\\/www.romaoggi.eu\\\/index.php\\\/2020\\\/09\\\/05\\\/cultura-sul-tevere-inaugura-piazza-tevere-2020\\\/#primaryimage\"},\"thumbnailUrl\":\"https:\\\/\\\/www.romaoggi.eu\\\/wp-content\\\/uploads\\\/2020\\\/09\\\/PT-2020-2020-09-04-at-00.28.02.jpeg\",\"keywords\":[\"Piazza Tevere\",\"William Kentridge\"],\"articleSection\":[\"COMUNICATI STAMPA\"],\"inLanguage\":\"it-IT\"},{\"@type\":\"WebPage\",\"@id\":\"https:\\\/\\\/www.romaoggi.eu\\\/index.php\\\/2020\\\/09\\\/05\\\/cultura-sul-tevere-inaugura-piazza-tevere-2020\\\/\",\"url\":\"https:\\\/\\\/www.romaoggi.eu\\\/index.php\\\/2020\\\/09\\\/05\\\/cultura-sul-tevere-inaugura-piazza-tevere-2020\\\/\",\"name\":\"Cultura sul Tevere: inaugura \\\"Piazza Tevere 2020\\\"\",\"isPartOf\":{\"@id\":\"https:\\\/\\\/www.romaoggi.eu\\\/#website\"},\"primaryImageOfPage\":{\"@id\":\"https:\\\/\\\/www.romaoggi.eu\\\/index.php\\\/2020\\\/09\\\/05\\\/cultura-sul-tevere-inaugura-piazza-tevere-2020\\\/#primaryimage\"},\"image\":{\"@id\":\"https:\\\/\\\/www.romaoggi.eu\\\/index.php\\\/2020\\\/09\\\/05\\\/cultura-sul-tevere-inaugura-piazza-tevere-2020\\\/#primaryimage\"},\"thumbnailUrl\":\"https:\\\/\\\/www.romaoggi.eu\\\/wp-content\\\/uploads\\\/2020\\\/09\\\/PT-2020-2020-09-04-at-00.28.02.jpeg\",\"datePublished\":\"2020-09-04T23:40:17+00:00\",\"description\":\"Il 5 settembre 2020 si inaugurer\u00e0 l\u2019allestimento temporaneo \u201cPiazza Tevere 2020\u201d, nell\u2019area tra Ponte Sisto e Ponte Mazzini resa celebre nel mondo dalle\",\"breadcrumb\":{\"@id\":\"https:\\\/\\\/www.romaoggi.eu\\\/index.php\\\/2020\\\/09\\\/05\\\/cultura-sul-tevere-inaugura-piazza-tevere-2020\\\/#breadcrumb\"},\"inLanguage\":\"it-IT\",\"potentialAction\":[{\"@type\":\"ReadAction\",\"target\":[\"https:\\\/\\\/www.romaoggi.eu\\\/index.php\\\/2020\\\/09\\\/05\\\/cultura-sul-tevere-inaugura-piazza-tevere-2020\\\/\"]}]},{\"@type\":\"ImageObject\",\"inLanguage\":\"it-IT\",\"@id\":\"https:\\\/\\\/www.romaoggi.eu\\\/index.php\\\/2020\\\/09\\\/05\\\/cultura-sul-tevere-inaugura-piazza-tevere-2020\\\/#primaryimage\",\"url\":\"https:\\\/\\\/www.romaoggi.eu\\\/wp-content\\\/uploads\\\/2020\\\/09\\\/PT-2020-2020-09-04-at-00.28.02.jpeg\",\"contentUrl\":\"https:\\\/\\\/www.romaoggi.eu\\\/wp-content\\\/uploads\\\/2020\\\/09\\\/PT-2020-2020-09-04-at-00.28.02.jpeg\",\"width\":1024,\"height\":768},{\"@type\":\"BreadcrumbList\",\"@id\":\"https:\\\/\\\/www.romaoggi.eu\\\/index.php\\\/2020\\\/09\\\/05\\\/cultura-sul-tevere-inaugura-piazza-tevere-2020\\\/#breadcrumb\",\"itemListElement\":[{\"@type\":\"ListItem\",\"position\":1,\"name\":\"Home\",\"item\":\"https:\\\/\\\/www.romaoggi.eu\\\/\"},{\"@type\":\"ListItem\",\"position\":2,\"name\":\"Cultura sul Tevere: inaugura &#8220;Piazza Tevere 2020&#8221;\"}]},{\"@type\":\"WebSite\",\"@id\":\"https:\\\/\\\/www.romaoggi.eu\\\/#website\",\"url\":\"https:\\\/\\\/www.romaoggi.eu\\\/\",\"name\":\"roma oggi\",\"description\":\"Interesting News for Interesting people\",\"publisher\":{\"@id\":\"https:\\\/\\\/www.romaoggi.eu\\\/#organization\"},\"potentialAction\":[{\"@type\":\"SearchAction\",\"target\":{\"@type\":\"EntryPoint\",\"urlTemplate\":\"https:\\\/\\\/www.romaoggi.eu\\\/?s={search_term_string}\"},\"query-input\":{\"@type\":\"PropertyValueSpecification\",\"valueRequired\":true,\"valueName\":\"search_term_string\"}}],\"inLanguage\":\"it-IT\"},{\"@type\":\"Organization\",\"@id\":\"https:\\\/\\\/www.romaoggi.eu\\\/#organization\",\"name\":\"RomaOggi\",\"url\":\"https:\\\/\\\/www.romaoggi.eu\\\/\",\"logo\":{\"@type\":\"ImageObject\",\"inLanguage\":\"it-IT\",\"@id\":\"https:\\\/\\\/www.romaoggi.eu\\\/#\\\/schema\\\/logo\\\/image\\\/\",\"url\":\"https:\\\/\\\/www.romaoggi.eu\\\/wp-content\\\/uploads\\\/2017\\\/04\\\/logowp.jpg\",\"contentUrl\":\"https:\\\/\\\/www.romaoggi.eu\\\/wp-content\\\/uploads\\\/2017\\\/04\\\/logowp.jpg\",\"width\":300,\"height\":133,\"caption\":\"RomaOggi\"},\"image\":{\"@id\":\"https:\\\/\\\/www.romaoggi.eu\\\/#\\\/schema\\\/logo\\\/image\\\/\"},\"sameAs\":[\"https:\\\/\\\/www.facebook.com\\\/RomaOggi-841544845954114\",\"https:\\\/\\\/x.com\\\/romaoggi_eu\"]},{\"@type\":\"Person\",\"@id\":\"https:\\\/\\\/www.romaoggi.eu\\\/#\\\/schema\\\/person\\\/569485df663c86fd2d0179a6643546f9\",\"name\":\"Federica Pansadoro\",\"image\":{\"@type\":\"ImageObject\",\"inLanguage\":\"it-IT\",\"@id\":\"https:\\\/\\\/secure.gravatar.com\\\/avatar\\\/646783eb26ef4eab9fe24f298081663814c4d6acd6ea1c44b2633e8176ba1dc5?s=96&d=mm&r=g\",\"url\":\"https:\\\/\\\/secure.gravatar.com\\\/avatar\\\/646783eb26ef4eab9fe24f298081663814c4d6acd6ea1c44b2633e8176ba1dc5?s=96&d=mm&r=g\",\"contentUrl\":\"https:\\\/\\\/secure.gravatar.com\\\/avatar\\\/646783eb26ef4eab9fe24f298081663814c4d6acd6ea1c44b2633e8176ba1dc5?s=96&d=mm&r=g\",\"caption\":\"Federica Pansadoro\"},\"sameAs\":[\"https:\\\/\\\/www.youtube.com\\\/channel\\\/UCN8Y45Fmdd0XBagxT7qUVEA\"],\"url\":\"https:\\\/\\\/www.romaoggi.eu\\\/index.php\\\/author\\\/federica\\\/\"}]}<\/script>\n<!-- \/ Yoast SEO plugin. -->","yoast_head_json":{"title":"Cultura sul Tevere: inaugura \"Piazza Tevere 2020\"","description":"Il 5 settembre 2020 si inaugurer\u00e0 l\u2019allestimento temporaneo \u201cPiazza Tevere 2020\u201d, nell\u2019area tra Ponte Sisto e Ponte Mazzini resa celebre nel mondo dalle","robots":{"index":"index","follow":"follow","max-snippet":"max-snippet:-1","max-image-preview":"max-image-preview:large","max-video-preview":"max-video-preview:-1"},"canonical":"https:\/\/www.romaoggi.eu\/index.php\/2020\/09\/05\/cultura-sul-tevere-inaugura-piazza-tevere-2020\/","og_locale":"it_IT","og_type":"article","og_title":"Cultura sul Tevere: inaugura \"Piazza Tevere 2020\"","og_description":"Il 5 settembre 2020 si inaugurer\u00e0 l\u2019allestimento temporaneo \u201cPiazza Tevere 2020\u201d, nell\u2019area tra Ponte Sisto e Ponte Mazzini resa celebre nel mondo dalle","og_url":"https:\/\/www.romaoggi.eu\/index.php\/2020\/09\/05\/cultura-sul-tevere-inaugura-piazza-tevere-2020\/","og_site_name":"roma oggi","article_publisher":"https:\/\/www.facebook.com\/RomaOggi-841544845954114","article_published_time":"2020-09-04T23:40:17+00:00","og_image":[{"width":1024,"height":768,"url":"https:\/\/www.romaoggi.eu\/wp-content\/uploads\/2020\/09\/PT-2020-2020-09-04-at-00.28.02.jpeg","type":"image\/jpeg"}],"author":"Federica Pansadoro","twitter_card":"summary_large_image","twitter_creator":"@romaoggi_eu","twitter_site":"@romaoggi_eu","twitter_misc":{"Scritto da":"Federica Pansadoro","Tempo di lettura stimato":"6 minuti"},"schema":{"@context":"https:\/\/schema.org","@graph":[{"@type":"Article","@id":"https:\/\/www.romaoggi.eu\/index.php\/2020\/09\/05\/cultura-sul-tevere-inaugura-piazza-tevere-2020\/#article","isPartOf":{"@id":"https:\/\/www.romaoggi.eu\/index.php\/2020\/09\/05\/cultura-sul-tevere-inaugura-piazza-tevere-2020\/"},"author":{"name":"Federica Pansadoro","@id":"https:\/\/www.romaoggi.eu\/#\/schema\/person\/569485df663c86fd2d0179a6643546f9"},"headline":"Cultura sul Tevere: inaugura &#8220;Piazza Tevere 2020&#8221;","datePublished":"2020-09-04T23:40:17+00:00","mainEntityOfPage":{"@id":"https:\/\/www.romaoggi.eu\/index.php\/2020\/09\/05\/cultura-sul-tevere-inaugura-piazza-tevere-2020\/"},"wordCount":1137,"publisher":{"@id":"https:\/\/www.romaoggi.eu\/#organization"},"image":{"@id":"https:\/\/www.romaoggi.eu\/index.php\/2020\/09\/05\/cultura-sul-tevere-inaugura-piazza-tevere-2020\/#primaryimage"},"thumbnailUrl":"https:\/\/www.romaoggi.eu\/wp-content\/uploads\/2020\/09\/PT-2020-2020-09-04-at-00.28.02.jpeg","keywords":["Piazza Tevere","William Kentridge"],"articleSection":["COMUNICATI STAMPA"],"inLanguage":"it-IT"},{"@type":"WebPage","@id":"https:\/\/www.romaoggi.eu\/index.php\/2020\/09\/05\/cultura-sul-tevere-inaugura-piazza-tevere-2020\/","url":"https:\/\/www.romaoggi.eu\/index.php\/2020\/09\/05\/cultura-sul-tevere-inaugura-piazza-tevere-2020\/","name":"Cultura sul Tevere: inaugura \"Piazza Tevere 2020\"","isPartOf":{"@id":"https:\/\/www.romaoggi.eu\/#website"},"primaryImageOfPage":{"@id":"https:\/\/www.romaoggi.eu\/index.php\/2020\/09\/05\/cultura-sul-tevere-inaugura-piazza-tevere-2020\/#primaryimage"},"image":{"@id":"https:\/\/www.romaoggi.eu\/index.php\/2020\/09\/05\/cultura-sul-tevere-inaugura-piazza-tevere-2020\/#primaryimage"},"thumbnailUrl":"https:\/\/www.romaoggi.eu\/wp-content\/uploads\/2020\/09\/PT-2020-2020-09-04-at-00.28.02.jpeg","datePublished":"2020-09-04T23:40:17+00:00","description":"Il 5 settembre 2020 si inaugurer\u00e0 l\u2019allestimento temporaneo \u201cPiazza Tevere 2020\u201d, nell\u2019area tra Ponte Sisto e Ponte Mazzini resa celebre nel mondo dalle","breadcrumb":{"@id":"https:\/\/www.romaoggi.eu\/index.php\/2020\/09\/05\/cultura-sul-tevere-inaugura-piazza-tevere-2020\/#breadcrumb"},"inLanguage":"it-IT","potentialAction":[{"@type":"ReadAction","target":["https:\/\/www.romaoggi.eu\/index.php\/2020\/09\/05\/cultura-sul-tevere-inaugura-piazza-tevere-2020\/"]}]},{"@type":"ImageObject","inLanguage":"it-IT","@id":"https:\/\/www.romaoggi.eu\/index.php\/2020\/09\/05\/cultura-sul-tevere-inaugura-piazza-tevere-2020\/#primaryimage","url":"https:\/\/www.romaoggi.eu\/wp-content\/uploads\/2020\/09\/PT-2020-2020-09-04-at-00.28.02.jpeg","contentUrl":"https:\/\/www.romaoggi.eu\/wp-content\/uploads\/2020\/09\/PT-2020-2020-09-04-at-00.28.02.jpeg","width":1024,"height":768},{"@type":"BreadcrumbList","@id":"https:\/\/www.romaoggi.eu\/index.php\/2020\/09\/05\/cultura-sul-tevere-inaugura-piazza-tevere-2020\/#breadcrumb","itemListElement":[{"@type":"ListItem","position":1,"name":"Home","item":"https:\/\/www.romaoggi.eu\/"},{"@type":"ListItem","position":2,"name":"Cultura sul Tevere: inaugura &#8220;Piazza Tevere 2020&#8221;"}]},{"@type":"WebSite","@id":"https:\/\/www.romaoggi.eu\/#website","url":"https:\/\/www.romaoggi.eu\/","name":"roma oggi","description":"Interesting News for Interesting people","publisher":{"@id":"https:\/\/www.romaoggi.eu\/#organization"},"potentialAction":[{"@type":"SearchAction","target":{"@type":"EntryPoint","urlTemplate":"https:\/\/www.romaoggi.eu\/?s={search_term_string}"},"query-input":{"@type":"PropertyValueSpecification","valueRequired":true,"valueName":"search_term_string"}}],"inLanguage":"it-IT"},{"@type":"Organization","@id":"https:\/\/www.romaoggi.eu\/#organization","name":"RomaOggi","url":"https:\/\/www.romaoggi.eu\/","logo":{"@type":"ImageObject","inLanguage":"it-IT","@id":"https:\/\/www.romaoggi.eu\/#\/schema\/logo\/image\/","url":"https:\/\/www.romaoggi.eu\/wp-content\/uploads\/2017\/04\/logowp.jpg","contentUrl":"https:\/\/www.romaoggi.eu\/wp-content\/uploads\/2017\/04\/logowp.jpg","width":300,"height":133,"caption":"RomaOggi"},"image":{"@id":"https:\/\/www.romaoggi.eu\/#\/schema\/logo\/image\/"},"sameAs":["https:\/\/www.facebook.com\/RomaOggi-841544845954114","https:\/\/x.com\/romaoggi_eu"]},{"@type":"Person","@id":"https:\/\/www.romaoggi.eu\/#\/schema\/person\/569485df663c86fd2d0179a6643546f9","name":"Federica Pansadoro","image":{"@type":"ImageObject","inLanguage":"it-IT","@id":"https:\/\/secure.gravatar.com\/avatar\/646783eb26ef4eab9fe24f298081663814c4d6acd6ea1c44b2633e8176ba1dc5?s=96&d=mm&r=g","url":"https:\/\/secure.gravatar.com\/avatar\/646783eb26ef4eab9fe24f298081663814c4d6acd6ea1c44b2633e8176ba1dc5?s=96&d=mm&r=g","contentUrl":"https:\/\/secure.gravatar.com\/avatar\/646783eb26ef4eab9fe24f298081663814c4d6acd6ea1c44b2633e8176ba1dc5?s=96&d=mm&r=g","caption":"Federica Pansadoro"},"sameAs":["https:\/\/www.youtube.com\/channel\/UCN8Y45Fmdd0XBagxT7qUVEA"],"url":"https:\/\/www.romaoggi.eu\/index.php\/author\/federica\/"}]}},"_links":{"self":[{"href":"https:\/\/www.romaoggi.eu\/index.php\/wp-json\/wp\/v2\/posts\/25659","targetHints":{"allow":["GET"]}}],"collection":[{"href":"https:\/\/www.romaoggi.eu\/index.php\/wp-json\/wp\/v2\/posts"}],"about":[{"href":"https:\/\/www.romaoggi.eu\/index.php\/wp-json\/wp\/v2\/types\/post"}],"author":[{"embeddable":true,"href":"https:\/\/www.romaoggi.eu\/index.php\/wp-json\/wp\/v2\/users\/13"}],"replies":[{"embeddable":true,"href":"https:\/\/www.romaoggi.eu\/index.php\/wp-json\/wp\/v2\/comments?post=25659"}],"version-history":[{"count":1,"href":"https:\/\/www.romaoggi.eu\/index.php\/wp-json\/wp\/v2\/posts\/25659\/revisions"}],"predecessor-version":[{"id":25661,"href":"https:\/\/www.romaoggi.eu\/index.php\/wp-json\/wp\/v2\/posts\/25659\/revisions\/25661"}],"wp:featuredmedia":[{"embeddable":true,"href":"https:\/\/www.romaoggi.eu\/index.php\/wp-json\/wp\/v2\/media\/25660"}],"wp:attachment":[{"href":"https:\/\/www.romaoggi.eu\/index.php\/wp-json\/wp\/v2\/media?parent=25659"}],"wp:term":[{"taxonomy":"category","embeddable":true,"href":"https:\/\/www.romaoggi.eu\/index.php\/wp-json\/wp\/v2\/categories?post=25659"},{"taxonomy":"post_tag","embeddable":true,"href":"https:\/\/www.romaoggi.eu\/index.php\/wp-json\/wp\/v2\/tags?post=25659"}],"curies":[{"name":"wp","href":"https:\/\/api.w.org\/{rel}","templated":true}]}}