{"id":25909,"date":"2020-09-28T21:13:29","date_gmt":"2020-09-28T19:13:29","guid":{"rendered":"http:\/\/www.romaoggi.eu\/?p=25909"},"modified":"2020-09-28T21:13:29","modified_gmt":"2020-09-28T19:13:29","slug":"culturaidentita-lancia-la-rete-delle-citta-identitarie","status":"publish","type":"post","link":"https:\/\/www.romaoggi.eu\/index.php\/2020\/09\/28\/culturaidentita-lancia-la-rete-delle-citta-identitarie\/","title":{"rendered":"Culturaidentita\u2019 lancia la rete delle citt\u00e0 identitarie"},"content":{"rendered":"<p>Il fondatore<strong> Edoardo Sylos Labini<\/strong>: \u201cUna lega di Borghi, di Comuni delle mille patrie<br \/>\nche vogliono raccontare al mondo la loro magnifica diversit\u00e0\u201d.<\/p>\n<p>A <strong>Civita di Bagnoregio<\/strong> il 3 ottobre con Sylos Labini si confronteranno il critico d\u2019arte <strong>Vittorio Sgarbi<\/strong>, il componente CDA Rai <strong>Giampaolo Rossi<\/strong>, il direttore del mensile CulturaIdentit\u00e0 <strong>Alessandro Sansoni<\/strong> e lo scrittore <strong>Emanuele Ricucci<\/strong>, ospiti del sindaco <strong>Luca Profili<\/strong>.<\/p>\n<p>Valorizzare le nostre aree interne e riscoprire la forza dell\u2019identit\u00e0 delle nostre citt\u00e0. E\u2019 l\u2019obiettivo dell\u2019appuntamento in programma a Civita di Bagnoregio il prossimo 3 ottobre alle ore 11 organizzato dal movimento culturale \u201c<a href=\"https:\/\/culturaidentita.it\/\"><strong>CulturaIdentit\u00e0<\/strong><\/a>\u201d. Un confronto dialettico costruttivo e frizzante che vede la partecipazione del fondatore di CulturaIdentit\u00e0, Edoardo Sylos Labini, del critico d\u2019arte Vittorio Sgarbi e del componente del CDA Rai Giampaolo Rossi. Con loro il primo cittadino di Civita di Bagnoregio Luca Profili, il direttore del mensile CulturaIdentit\u00e0 Alessandro Sansoni, lo scrittore Emanuele Ricucci.<br \/>\n\u201cL\u2019Italia \u00e8 una splendida creatura fatta di province sensuali, fiere della propria Storia e orgogliose delle proprie tradizioni, tutte da valorizzare\u201d commenta Sylos Labini che dall\u2019affascinante borgo della Tuscia lancia la Rete delle Citt\u00e0 Identitarie. \u201cUna lega di Borghi e Comuni \u2013 spiega Sylos Labini &#8211; delle mille patrie che vogliono raccontare al mondo la loro magnifica diversit\u00e0 e che rappresentano la forza dell\u2019Italia\u201d.<br \/>\nArte, storia, tradizioni saranno accompagnate dalla performance artistica del djset Alessandro Bizzarri e dalla chitarra elettrica di Alessio Rossetti in un\u2019inedita versione elettronica dell&#8217;Inno di Mameli. Nella splendida piazza San Donato sfileranno i sindaci e assessori con i propri gonfaloni di alcuni dei Comuni che gi\u00e0 hanno aderito alla Rete delle Citt\u00e0 Identitarie: Norcia, La Spezia, Ricc\u00f2 del Golfo, Grosseto, Anagni, Arpino, Fiuggi, Frosinone, Pontecorvo, Onore, Casale Monferrato, Sutri.<\/p>\n<p>Alle aree interne sar\u00e0 dedicato anche il nuovo numero del mensile del movimento \u201cCulturaIdentit\u00e0\u201d, in edicola dal 2 ottobre, con l\u2019editoriale di Edoardo Sylos Labini, il contributo di Alessandro Sansoni, direttore responsabile della rivista, e altre prestigiose firme, come Vittorio Sgarbi, Marcello Veneziani, Gaetano Quagliariello, con le interviste allo storico Franco Cardini e al presidente del Censis, Giuseppe De Rita.<\/p>\n<p>Partner ufficiale dell\u2019evento \u00e8 <strong>Eicom Energia<\/strong>, con la partecipazione dell\u2019azienda <strong>Cantini Vetro<\/strong>. Mix di innovazione, energia e tecnologia la prima, ricerca del design personalizzato nella lavorazione del vetro la seconda. Due esempi del \u2018made in Italy\u2019 che scommette sui giovani e investe nella cultura.<\/p>\n","protected":false},"excerpt":{"rendered":"<div class=\"mh-excerpt\"><p>Il fondatore Edoardo Sylos Labini: \u201cUna lega di Borghi, di Comuni delle mille patrie che vogliono raccontare al mondo la loro magnifica diversit\u00e0\u201d. A Civita di Bagnoregio il 3 ottobre con Sylos Labini si confronteranno <a class=\"mh-excerpt-more\" href=\"https:\/\/www.romaoggi.eu\/index.php\/2020\/09\/28\/culturaidentita-lancia-la-rete-delle-citta-identitarie\/\" title=\"Culturaidentita\u2019 lancia la rete delle citt\u00e0 identitarie\">[&#8230;]<\/a><\/p>\n<\/div>","protected":false},"author":13,"featured_media":25910,"comment_status":"closed","ping_status":"open","sticky":false,"template":"","format":"standard","meta":{"_sitemap_exclude":false,"_sitemap_priority":"","_sitemap_frequency":"","footnotes":""},"categories":[5273],"tags":[14219,14288,14285,14287,14289,14286,9366],"class_list":["post-25909","post","type-post","status-publish","format-standard","has-post-thumbnail","hentry","category-oltre-roma","tag-alessandro-sansoni","tag-civita-di-bagnoregio","tag-emanuele-ricucci","tag-giampaolo-rossi","tag-luca-profili","tag-sylos-labini","tag-vittorio-sgarbi"],"yoast_head":"<!-- This site is optimized with the Yoast SEO plugin v27.5 - https:\/\/yoast.com\/product\/yoast-seo-wordpress\/ -->\n<title>Culturaidentita\u2019 lancia la rete delle citt\u00e0 identitarie<\/title>\n<meta name=\"description\" content=\"Il fondatore Edoardo Sylos Labini: \u201cUna lega di Borghi, di Comuni delle mille patrie che vogliono raccontare al mondo la loro magnifica diversit\u00e0\u201d. A\" \/>\n<meta name=\"robots\" content=\"index, follow, max-snippet:-1, max-image-preview:large, max-video-preview:-1\" \/>\n<link rel=\"canonical\" href=\"https:\/\/www.romaoggi.eu\/index.php\/2020\/09\/28\/culturaidentita-lancia-la-rete-delle-citta-identitarie\/\" \/>\n<meta property=\"og:locale\" content=\"it_IT\" \/>\n<meta property=\"og:type\" content=\"article\" \/>\n<meta property=\"og:title\" content=\"Culturaidentita\u2019 lancia la rete delle citt\u00e0 identitarie\" \/>\n<meta property=\"og:description\" content=\"Il fondatore Edoardo Sylos Labini: \u201cUna lega di Borghi, di Comuni delle mille patrie che vogliono raccontare al mondo la loro magnifica diversit\u00e0\u201d. A\" \/>\n<meta property=\"og:url\" content=\"https:\/\/www.romaoggi.eu\/index.php\/2020\/09\/28\/culturaidentita-lancia-la-rete-delle-citta-identitarie\/\" \/>\n<meta property=\"og:site_name\" content=\"roma oggi\" \/>\n<meta property=\"article:publisher\" content=\"https:\/\/www.facebook.com\/RomaOggi-841544845954114\" \/>\n<meta property=\"article:published_time\" content=\"2020-09-28T19:13:29+00:00\" \/>\n<meta property=\"og:image\" content=\"https:\/\/www.romaoggi.eu\/wp-content\/uploads\/2020\/09\/WhatsApp-Image-2020-09-28-at-20.33.48.jpeg\" \/>\n\t<meta property=\"og:image:width\" content=\"1077\" \/>\n\t<meta property=\"og:image:height\" content=\"1599\" \/>\n\t<meta property=\"og:image:type\" content=\"image\/jpeg\" \/>\n<meta name=\"author\" content=\"Federica Pansadoro\" \/>\n<meta name=\"twitter:card\" content=\"summary_large_image\" \/>\n<meta name=\"twitter:creator\" content=\"@romaoggi_eu\" \/>\n<meta name=\"twitter:site\" content=\"@romaoggi_eu\" \/>\n<meta name=\"twitter:label1\" content=\"Scritto da\" \/>\n\t<meta name=\"twitter:data1\" content=\"Federica Pansadoro\" \/>\n\t<meta name=\"twitter:label2\" content=\"Tempo di lettura stimato\" \/>\n\t<meta name=\"twitter:data2\" content=\"2 minuti\" \/>\n<script type=\"application\/ld+json\" class=\"yoast-schema-graph\">{\"@context\":\"https:\\\/\\\/schema.org\",\"@graph\":[{\"@type\":\"Article\",\"@id\":\"https:\\\/\\\/www.romaoggi.eu\\\/index.php\\\/2020\\\/09\\\/28\\\/culturaidentita-lancia-la-rete-delle-citta-identitarie\\\/#article\",\"isPartOf\":{\"@id\":\"https:\\\/\\\/www.romaoggi.eu\\\/index.php\\\/2020\\\/09\\\/28\\\/culturaidentita-lancia-la-rete-delle-citta-identitarie\\\/\"},\"author\":{\"name\":\"Federica Pansadoro\",\"@id\":\"https:\\\/\\\/www.romaoggi.eu\\\/#\\\/schema\\\/person\\\/569485df663c86fd2d0179a6643546f9\"},\"headline\":\"Culturaidentita\u2019 lancia la rete delle citt\u00e0 identitarie\",\"datePublished\":\"2020-09-28T19:13:29+00:00\",\"mainEntityOfPage\":{\"@id\":\"https:\\\/\\\/www.romaoggi.eu\\\/index.php\\\/2020\\\/09\\\/28\\\/culturaidentita-lancia-la-rete-delle-citta-identitarie\\\/\"},\"wordCount\":399,\"publisher\":{\"@id\":\"https:\\\/\\\/www.romaoggi.eu\\\/#organization\"},\"image\":{\"@id\":\"https:\\\/\\\/www.romaoggi.eu\\\/index.php\\\/2020\\\/09\\\/28\\\/culturaidentita-lancia-la-rete-delle-citta-identitarie\\\/#primaryimage\"},\"thumbnailUrl\":\"https:\\\/\\\/www.romaoggi.eu\\\/wp-content\\\/uploads\\\/2020\\\/09\\\/WhatsApp-Image-2020-09-28-at-20.33.48.jpeg\",\"keywords\":[\"Alessandro Sansoni.\",\"Civita di Bagnoregio\",\"Emanuele Ricucci\",\"Giampaolo Rossi\",\"Luca Profili\",\"Sylos Labini\",\"vittorio sgarbi\"],\"articleSection\":[\"oltre Roma\"],\"inLanguage\":\"it-IT\"},{\"@type\":\"WebPage\",\"@id\":\"https:\\\/\\\/www.romaoggi.eu\\\/index.php\\\/2020\\\/09\\\/28\\\/culturaidentita-lancia-la-rete-delle-citta-identitarie\\\/\",\"url\":\"https:\\\/\\\/www.romaoggi.eu\\\/index.php\\\/2020\\\/09\\\/28\\\/culturaidentita-lancia-la-rete-delle-citta-identitarie\\\/\",\"name\":\"Culturaidentita\u2019 lancia la rete delle citt\u00e0 identitarie\",\"isPartOf\":{\"@id\":\"https:\\\/\\\/www.romaoggi.eu\\\/#website\"},\"primaryImageOfPage\":{\"@id\":\"https:\\\/\\\/www.romaoggi.eu\\\/index.php\\\/2020\\\/09\\\/28\\\/culturaidentita-lancia-la-rete-delle-citta-identitarie\\\/#primaryimage\"},\"image\":{\"@id\":\"https:\\\/\\\/www.romaoggi.eu\\\/index.php\\\/2020\\\/09\\\/28\\\/culturaidentita-lancia-la-rete-delle-citta-identitarie\\\/#primaryimage\"},\"thumbnailUrl\":\"https:\\\/\\\/www.romaoggi.eu\\\/wp-content\\\/uploads\\\/2020\\\/09\\\/WhatsApp-Image-2020-09-28-at-20.33.48.jpeg\",\"datePublished\":\"2020-09-28T19:13:29+00:00\",\"description\":\"Il fondatore Edoardo Sylos Labini: \u201cUna lega di Borghi, di Comuni delle mille patrie che vogliono raccontare al mondo la loro magnifica diversit\u00e0\u201d. A\",\"breadcrumb\":{\"@id\":\"https:\\\/\\\/www.romaoggi.eu\\\/index.php\\\/2020\\\/09\\\/28\\\/culturaidentita-lancia-la-rete-delle-citta-identitarie\\\/#breadcrumb\"},\"inLanguage\":\"it-IT\",\"potentialAction\":[{\"@type\":\"ReadAction\",\"target\":[\"https:\\\/\\\/www.romaoggi.eu\\\/index.php\\\/2020\\\/09\\\/28\\\/culturaidentita-lancia-la-rete-delle-citta-identitarie\\\/\"]}]},{\"@type\":\"ImageObject\",\"inLanguage\":\"it-IT\",\"@id\":\"https:\\\/\\\/www.romaoggi.eu\\\/index.php\\\/2020\\\/09\\\/28\\\/culturaidentita-lancia-la-rete-delle-citta-identitarie\\\/#primaryimage\",\"url\":\"https:\\\/\\\/www.romaoggi.eu\\\/wp-content\\\/uploads\\\/2020\\\/09\\\/WhatsApp-Image-2020-09-28-at-20.33.48.jpeg\",\"contentUrl\":\"https:\\\/\\\/www.romaoggi.eu\\\/wp-content\\\/uploads\\\/2020\\\/09\\\/WhatsApp-Image-2020-09-28-at-20.33.48.jpeg\",\"width\":1077,\"height\":1599},{\"@type\":\"BreadcrumbList\",\"@id\":\"https:\\\/\\\/www.romaoggi.eu\\\/index.php\\\/2020\\\/09\\\/28\\\/culturaidentita-lancia-la-rete-delle-citta-identitarie\\\/#breadcrumb\",\"itemListElement\":[{\"@type\":\"ListItem\",\"position\":1,\"name\":\"Home\",\"item\":\"https:\\\/\\\/www.romaoggi.eu\\\/\"},{\"@type\":\"ListItem\",\"position\":2,\"name\":\"Culturaidentita\u2019 lancia la rete delle citt\u00e0 identitarie\"}]},{\"@type\":\"WebSite\",\"@id\":\"https:\\\/\\\/www.romaoggi.eu\\\/#website\",\"url\":\"https:\\\/\\\/www.romaoggi.eu\\\/\",\"name\":\"roma oggi\",\"description\":\"Interesting News for Interesting people\",\"publisher\":{\"@id\":\"https:\\\/\\\/www.romaoggi.eu\\\/#organization\"},\"potentialAction\":[{\"@type\":\"SearchAction\",\"target\":{\"@type\":\"EntryPoint\",\"urlTemplate\":\"https:\\\/\\\/www.romaoggi.eu\\\/?s={search_term_string}\"},\"query-input\":{\"@type\":\"PropertyValueSpecification\",\"valueRequired\":true,\"valueName\":\"search_term_string\"}}],\"inLanguage\":\"it-IT\"},{\"@type\":\"Organization\",\"@id\":\"https:\\\/\\\/www.romaoggi.eu\\\/#organization\",\"name\":\"RomaOggi\",\"url\":\"https:\\\/\\\/www.romaoggi.eu\\\/\",\"logo\":{\"@type\":\"ImageObject\",\"inLanguage\":\"it-IT\",\"@id\":\"https:\\\/\\\/www.romaoggi.eu\\\/#\\\/schema\\\/logo\\\/image\\\/\",\"url\":\"https:\\\/\\\/www.romaoggi.eu\\\/wp-content\\\/uploads\\\/2017\\\/04\\\/logowp.jpg\",\"contentUrl\":\"https:\\\/\\\/www.romaoggi.eu\\\/wp-content\\\/uploads\\\/2017\\\/04\\\/logowp.jpg\",\"width\":300,\"height\":133,\"caption\":\"RomaOggi\"},\"image\":{\"@id\":\"https:\\\/\\\/www.romaoggi.eu\\\/#\\\/schema\\\/logo\\\/image\\\/\"},\"sameAs\":[\"https:\\\/\\\/www.facebook.com\\\/RomaOggi-841544845954114\",\"https:\\\/\\\/x.com\\\/romaoggi_eu\"]},{\"@type\":\"Person\",\"@id\":\"https:\\\/\\\/www.romaoggi.eu\\\/#\\\/schema\\\/person\\\/569485df663c86fd2d0179a6643546f9\",\"name\":\"Federica Pansadoro\",\"image\":{\"@type\":\"ImageObject\",\"inLanguage\":\"it-IT\",\"@id\":\"https:\\\/\\\/secure.gravatar.com\\\/avatar\\\/646783eb26ef4eab9fe24f298081663814c4d6acd6ea1c44b2633e8176ba1dc5?s=96&d=mm&r=g\",\"url\":\"https:\\\/\\\/secure.gravatar.com\\\/avatar\\\/646783eb26ef4eab9fe24f298081663814c4d6acd6ea1c44b2633e8176ba1dc5?s=96&d=mm&r=g\",\"contentUrl\":\"https:\\\/\\\/secure.gravatar.com\\\/avatar\\\/646783eb26ef4eab9fe24f298081663814c4d6acd6ea1c44b2633e8176ba1dc5?s=96&d=mm&r=g\",\"caption\":\"Federica Pansadoro\"},\"sameAs\":[\"https:\\\/\\\/www.youtube.com\\\/channel\\\/UCN8Y45Fmdd0XBagxT7qUVEA\"],\"url\":\"https:\\\/\\\/www.romaoggi.eu\\\/index.php\\\/author\\\/federica\\\/\"}]}<\/script>\n<!-- \/ Yoast SEO plugin. -->","yoast_head_json":{"title":"Culturaidentita\u2019 lancia la rete delle citt\u00e0 identitarie","description":"Il fondatore Edoardo Sylos Labini: \u201cUna lega di Borghi, di Comuni delle mille patrie che vogliono raccontare al mondo la loro magnifica diversit\u00e0\u201d. A","robots":{"index":"index","follow":"follow","max-snippet":"max-snippet:-1","max-image-preview":"max-image-preview:large","max-video-preview":"max-video-preview:-1"},"canonical":"https:\/\/www.romaoggi.eu\/index.php\/2020\/09\/28\/culturaidentita-lancia-la-rete-delle-citta-identitarie\/","og_locale":"it_IT","og_type":"article","og_title":"Culturaidentita\u2019 lancia la rete delle citt\u00e0 identitarie","og_description":"Il fondatore Edoardo Sylos Labini: \u201cUna lega di Borghi, di Comuni delle mille patrie che vogliono raccontare al mondo la loro magnifica diversit\u00e0\u201d. A","og_url":"https:\/\/www.romaoggi.eu\/index.php\/2020\/09\/28\/culturaidentita-lancia-la-rete-delle-citta-identitarie\/","og_site_name":"roma oggi","article_publisher":"https:\/\/www.facebook.com\/RomaOggi-841544845954114","article_published_time":"2020-09-28T19:13:29+00:00","og_image":[{"width":1077,"height":1599,"url":"https:\/\/www.romaoggi.eu\/wp-content\/uploads\/2020\/09\/WhatsApp-Image-2020-09-28-at-20.33.48.jpeg","type":"image\/jpeg"}],"author":"Federica Pansadoro","twitter_card":"summary_large_image","twitter_creator":"@romaoggi_eu","twitter_site":"@romaoggi_eu","twitter_misc":{"Scritto da":"Federica Pansadoro","Tempo di lettura stimato":"2 minuti"},"schema":{"@context":"https:\/\/schema.org","@graph":[{"@type":"Article","@id":"https:\/\/www.romaoggi.eu\/index.php\/2020\/09\/28\/culturaidentita-lancia-la-rete-delle-citta-identitarie\/#article","isPartOf":{"@id":"https:\/\/www.romaoggi.eu\/index.php\/2020\/09\/28\/culturaidentita-lancia-la-rete-delle-citta-identitarie\/"},"author":{"name":"Federica Pansadoro","@id":"https:\/\/www.romaoggi.eu\/#\/schema\/person\/569485df663c86fd2d0179a6643546f9"},"headline":"Culturaidentita\u2019 lancia la rete delle citt\u00e0 identitarie","datePublished":"2020-09-28T19:13:29+00:00","mainEntityOfPage":{"@id":"https:\/\/www.romaoggi.eu\/index.php\/2020\/09\/28\/culturaidentita-lancia-la-rete-delle-citta-identitarie\/"},"wordCount":399,"publisher":{"@id":"https:\/\/www.romaoggi.eu\/#organization"},"image":{"@id":"https:\/\/www.romaoggi.eu\/index.php\/2020\/09\/28\/culturaidentita-lancia-la-rete-delle-citta-identitarie\/#primaryimage"},"thumbnailUrl":"https:\/\/www.romaoggi.eu\/wp-content\/uploads\/2020\/09\/WhatsApp-Image-2020-09-28-at-20.33.48.jpeg","keywords":["Alessandro Sansoni.","Civita di Bagnoregio","Emanuele Ricucci","Giampaolo Rossi","Luca Profili","Sylos Labini","vittorio sgarbi"],"articleSection":["oltre Roma"],"inLanguage":"it-IT"},{"@type":"WebPage","@id":"https:\/\/www.romaoggi.eu\/index.php\/2020\/09\/28\/culturaidentita-lancia-la-rete-delle-citta-identitarie\/","url":"https:\/\/www.romaoggi.eu\/index.php\/2020\/09\/28\/culturaidentita-lancia-la-rete-delle-citta-identitarie\/","name":"Culturaidentita\u2019 lancia la rete delle citt\u00e0 identitarie","isPartOf":{"@id":"https:\/\/www.romaoggi.eu\/#website"},"primaryImageOfPage":{"@id":"https:\/\/www.romaoggi.eu\/index.php\/2020\/09\/28\/culturaidentita-lancia-la-rete-delle-citta-identitarie\/#primaryimage"},"image":{"@id":"https:\/\/www.romaoggi.eu\/index.php\/2020\/09\/28\/culturaidentita-lancia-la-rete-delle-citta-identitarie\/#primaryimage"},"thumbnailUrl":"https:\/\/www.romaoggi.eu\/wp-content\/uploads\/2020\/09\/WhatsApp-Image-2020-09-28-at-20.33.48.jpeg","datePublished":"2020-09-28T19:13:29+00:00","description":"Il fondatore Edoardo Sylos Labini: \u201cUna lega di Borghi, di Comuni delle mille patrie che vogliono raccontare al mondo la loro magnifica diversit\u00e0\u201d. A","breadcrumb":{"@id":"https:\/\/www.romaoggi.eu\/index.php\/2020\/09\/28\/culturaidentita-lancia-la-rete-delle-citta-identitarie\/#breadcrumb"},"inLanguage":"it-IT","potentialAction":[{"@type":"ReadAction","target":["https:\/\/www.romaoggi.eu\/index.php\/2020\/09\/28\/culturaidentita-lancia-la-rete-delle-citta-identitarie\/"]}]},{"@type":"ImageObject","inLanguage":"it-IT","@id":"https:\/\/www.romaoggi.eu\/index.php\/2020\/09\/28\/culturaidentita-lancia-la-rete-delle-citta-identitarie\/#primaryimage","url":"https:\/\/www.romaoggi.eu\/wp-content\/uploads\/2020\/09\/WhatsApp-Image-2020-09-28-at-20.33.48.jpeg","contentUrl":"https:\/\/www.romaoggi.eu\/wp-content\/uploads\/2020\/09\/WhatsApp-Image-2020-09-28-at-20.33.48.jpeg","width":1077,"height":1599},{"@type":"BreadcrumbList","@id":"https:\/\/www.romaoggi.eu\/index.php\/2020\/09\/28\/culturaidentita-lancia-la-rete-delle-citta-identitarie\/#breadcrumb","itemListElement":[{"@type":"ListItem","position":1,"name":"Home","item":"https:\/\/www.romaoggi.eu\/"},{"@type":"ListItem","position":2,"name":"Culturaidentita\u2019 lancia la rete delle citt\u00e0 identitarie"}]},{"@type":"WebSite","@id":"https:\/\/www.romaoggi.eu\/#website","url":"https:\/\/www.romaoggi.eu\/","name":"roma oggi","description":"Interesting News for Interesting people","publisher":{"@id":"https:\/\/www.romaoggi.eu\/#organization"},"potentialAction":[{"@type":"SearchAction","target":{"@type":"EntryPoint","urlTemplate":"https:\/\/www.romaoggi.eu\/?s={search_term_string}"},"query-input":{"@type":"PropertyValueSpecification","valueRequired":true,"valueName":"search_term_string"}}],"inLanguage":"it-IT"},{"@type":"Organization","@id":"https:\/\/www.romaoggi.eu\/#organization","name":"RomaOggi","url":"https:\/\/www.romaoggi.eu\/","logo":{"@type":"ImageObject","inLanguage":"it-IT","@id":"https:\/\/www.romaoggi.eu\/#\/schema\/logo\/image\/","url":"https:\/\/www.romaoggi.eu\/wp-content\/uploads\/2017\/04\/logowp.jpg","contentUrl":"https:\/\/www.romaoggi.eu\/wp-content\/uploads\/2017\/04\/logowp.jpg","width":300,"height":133,"caption":"RomaOggi"},"image":{"@id":"https:\/\/www.romaoggi.eu\/#\/schema\/logo\/image\/"},"sameAs":["https:\/\/www.facebook.com\/RomaOggi-841544845954114","https:\/\/x.com\/romaoggi_eu"]},{"@type":"Person","@id":"https:\/\/www.romaoggi.eu\/#\/schema\/person\/569485df663c86fd2d0179a6643546f9","name":"Federica Pansadoro","image":{"@type":"ImageObject","inLanguage":"it-IT","@id":"https:\/\/secure.gravatar.com\/avatar\/646783eb26ef4eab9fe24f298081663814c4d6acd6ea1c44b2633e8176ba1dc5?s=96&d=mm&r=g","url":"https:\/\/secure.gravatar.com\/avatar\/646783eb26ef4eab9fe24f298081663814c4d6acd6ea1c44b2633e8176ba1dc5?s=96&d=mm&r=g","contentUrl":"https:\/\/secure.gravatar.com\/avatar\/646783eb26ef4eab9fe24f298081663814c4d6acd6ea1c44b2633e8176ba1dc5?s=96&d=mm&r=g","caption":"Federica Pansadoro"},"sameAs":["https:\/\/www.youtube.com\/channel\/UCN8Y45Fmdd0XBagxT7qUVEA"],"url":"https:\/\/www.romaoggi.eu\/index.php\/author\/federica\/"}]}},"_links":{"self":[{"href":"https:\/\/www.romaoggi.eu\/index.php\/wp-json\/wp\/v2\/posts\/25909","targetHints":{"allow":["GET"]}}],"collection":[{"href":"https:\/\/www.romaoggi.eu\/index.php\/wp-json\/wp\/v2\/posts"}],"about":[{"href":"https:\/\/www.romaoggi.eu\/index.php\/wp-json\/wp\/v2\/types\/post"}],"author":[{"embeddable":true,"href":"https:\/\/www.romaoggi.eu\/index.php\/wp-json\/wp\/v2\/users\/13"}],"replies":[{"embeddable":true,"href":"https:\/\/www.romaoggi.eu\/index.php\/wp-json\/wp\/v2\/comments?post=25909"}],"version-history":[{"count":2,"href":"https:\/\/www.romaoggi.eu\/index.php\/wp-json\/wp\/v2\/posts\/25909\/revisions"}],"predecessor-version":[{"id":25912,"href":"https:\/\/www.romaoggi.eu\/index.php\/wp-json\/wp\/v2\/posts\/25909\/revisions\/25912"}],"wp:featuredmedia":[{"embeddable":true,"href":"https:\/\/www.romaoggi.eu\/index.php\/wp-json\/wp\/v2\/media\/25910"}],"wp:attachment":[{"href":"https:\/\/www.romaoggi.eu\/index.php\/wp-json\/wp\/v2\/media?parent=25909"}],"wp:term":[{"taxonomy":"category","embeddable":true,"href":"https:\/\/www.romaoggi.eu\/index.php\/wp-json\/wp\/v2\/categories?post=25909"},{"taxonomy":"post_tag","embeddable":true,"href":"https:\/\/www.romaoggi.eu\/index.php\/wp-json\/wp\/v2\/tags?post=25909"}],"curies":[{"name":"wp","href":"https:\/\/api.w.org\/{rel}","templated":true}]}}