{"id":26227,"date":"2020-12-06T20:22:34","date_gmt":"2020-12-06T19:22:34","guid":{"rendered":"http:\/\/www.romaoggi.eu\/?p=26227"},"modified":"2020-12-06T21:04:52","modified_gmt":"2020-12-06T20:04:52","slug":"la-rete-che-vorreia-cura-di-ruben-razzante-un-nuovo-testo-edito-da-franco-angeli","status":"publish","type":"post","link":"https:\/\/www.romaoggi.eu\/index.php\/2020\/12\/06\/la-rete-che-vorreia-cura-di-ruben-razzante-un-nuovo-testo-edito-da-franco-angeli\/","title":{"rendered":"&#8220;La Rete che vorrei&#8221;a cura di Ruben Razzante, un nuovo testo edito da Franco Angeli"},"content":{"rendered":"<p><strong>&#8220;La Rete che vorrei&#8221; a cura di Ruben Razzante, edizioni <a href=\"https:\/\/www.francoangeli.it\/Home.aspx\">Franco Angeli <\/a><\/strong><\/p>\n<p>La pandemia ha inciso profondamente sulle dinamiche del mondo della Rete. Tante trasformazioni, accelerate dal lockdown, verranno studiate nei prossimi anni, anche al fine di governare al meglio i fenomeni mediatici e di affinare le professionalit\u00e0 che popolano l\u2019ecosistema digitale in funzione delle nuove tendenze di mercato.<br \/>\nGli attori istituzionali, i soggetti imprenditoriali, i lavoratori di tutti i settori, hanno dovuto declinare, nell\u2019ambiente virtuale, i tradizionali paradigmi delle loro attivit\u00e0 e azioni, sperimentando equilibri innovativi tra libert\u00e0 e responsabilit\u00e0 e inaugurando una nuova ecologia della conoscenza e delle relazioni fondata sulla generativit\u00e0, sulla costruttivit\u00e0 e su una diversa operativit\u00e0.<br \/>\nIl volume intende offrire uno spaccato dei cambiamenti epocali che coinvolgono il web e i suoi molteplici utilizzi, attraverso il contributo autorevole di chi vive quotidianamente, a vari livelli e con differenti approcci, tali evoluzioni e prova a incanalarne gli effetti nel solco virtuoso della costruzione di una societ\u00e0 migliore e inclusiva e di una economia pi\u00f9 equa e solidale.<br \/>\nUna linea sottile connette tutti i singoli contributi ospitati nel presente volume ed \u00e8 quella della metamorfosi irreversibile delle dinamiche di sviluppo di individui, imprese, pubbliche amministrazioni e collettivit\u00e0 organizzate, alla luce della \u201cwebcrazia\u201d che si sta sempre pi\u00f9 affermando come cifra identitaria del nostro tempo.<br \/>\nLe testimonianze provengono da osservatori privilegiati: i colossi della Rete (Alibaba, Amazon, Facebook, Google), le Tv (RAI e Sky), le istituzioni (Dipartimento Innovazione, Tribunale per i minorenni di Milano, Corte di Giustizia Europea), il mondo produttivo (Confindustria e banche), i centri di ricerca (Censis e Istat).<br \/>\nLe ha raccolte <strong>Ruben Razzante<\/strong> che, come studioso e docente di Diritto dell\u2019informazione, ha aggiunto un suo corposo contributo da osservatore privilegiato del fenomeno fake news.<br \/>\nIn piena pandemia social, store online, motori di ricerca hanno garantito servizi essenziali o diritti diventando pi\u00f9 \u201cumani\u201d ma anche pi\u00f9 potenti, le Tv hanno acquistato nuova centralit\u00e0, le imprese, la pubblica amministrazione, i cittadini hanno allargato la loro dimensione digitale in modo impensabile. Si sono create nuove opportunit\u00e0 ma anche nuovi divari; c\u2019\u00e8 stata una overdose tecnologica che ha spazzato<br \/>\nvia vecchie consuetudini ma anche aperto la strada ad abusi e\/o dipendenze. La disinformazione galoppa.<br \/>\nCome trovare un nuovo equilibrio?<\/p>\n<p>Scritti di: C. Avenia (Confindustria Digitale), G.C. Blangiardo (Istat), C. Cascone (Tribunale per i minorenni di Milano), D. Chieffi (Dipartimento Innovazione, Presidenza del Consiglio), G. De Rita (Censis), D. Dougherty (Alibaba Group), M. Foa (RAI), C. Giorgi (Amazon Italia), M. Ibarra (Sky Italia), S. Lucchini (Intesa Sanpaolo), M. Marseglia (Amazon Italia), A. Mazzetti (Facebook), S. Panseri (Google), G. Pitruzzella (Corte di Giustizia U.E.), R. Razzante.<\/p>\n<p><a href=\"http:\/\/www.rubenrazzante.it\/\"><strong>Ruben Razzante<\/strong><\/a> \u00e8 Docente di Diritto della comunicazione per le imprese e i media, di Diritto europeo dell\u2019informazione e di Diritto\u00a0 dell\u2019informazione all\u2019Universit\u00e0 Cattolica del Sacro Cuore di Milano, dove si \u00e8 laureato in giurisprudenza e in scienze politiche. \u00c8 Docente di Diritto dell\u2019informazione al Master in giornalismo dell\u2019Universit\u00e0 Lumsa di Roma. Insegna ai corsi di formazione promossi dall\u2019Ordine<br \/>\ndei giornalisti. \u00c8 stato nominato esperto dell\u2019\u201cUnit\u00e0 di monitoraggio per il contrasto della diffusione di fake news relative al Covid-19 sul web e sui social network\u201d, istituita dal Sottosegretario di Stato con delega all\u2019Informazione e all\u2019Editoria. \u00c8 membro dell\u2019Advisory Board di Assolombar da per la responsabilit\u00e0 sociale delle imprese. Ha fondato il portale<a href=\"http:\/\/www.dirittodellinformazione.it\"> www.dirittodellinformazione.it<\/a>, che pubblica quotidianamente contributi di studiosi sui temi della qualit\u00e0 dell\u2019informazione e della tutela dei diritti in Rete. Ha dato alle stampe: Giornalismo e comunicazione pubblica (FrancoAngeli 2000), giunto alla seconda edizione; Informazione: istruzioni per l\u2019uso. Notizie, Rete<br \/>\ne tutela della persona (Cedam 2014) e Manuale di diritto dell\u2019informazione e della comunicazione (Cedam 2019), giunto alla ottava edizione. Ha curato la pubblicazione del volume L\u2019informazione che vorrei. La Rete, le sfide attuali, le priorit\u00e0 future (FrancoAngeli 2018).<\/p>\n<figure id=\"attachment_26228\" aria-describedby=\"caption-attachment-26228\" style=\"width: 200px\" class=\"wp-caption aligncenter\"><img loading=\"lazy\" decoding=\"async\" class=\"wp-image-26228 size-medium\" src=\"https:\/\/www.romaoggi.eu\/wp-content\/uploads\/2020\/12\/FOTO-NUOVA-4-200x300.jpg\" alt=\"\" width=\"200\" height=\"300\" srcset=\"https:\/\/www.romaoggi.eu\/wp-content\/uploads\/2020\/12\/FOTO-NUOVA-4-200x300.jpg 200w, https:\/\/www.romaoggi.eu\/wp-content\/uploads\/2020\/12\/FOTO-NUOVA-4-682x1024.jpg 682w, https:\/\/www.romaoggi.eu\/wp-content\/uploads\/2020\/12\/FOTO-NUOVA-4.jpg 921w\" sizes=\"auto, (max-width: 200px) 100vw, 200px\" \/><figcaption id=\"caption-attachment-26228\" class=\"wp-caption-text\">Prof. Ruben Razzante<\/figcaption><\/figure>\n","protected":false},"excerpt":{"rendered":"<div class=\"mh-excerpt\"><p>&#8220;La Rete che vorrei&#8221; a cura di Ruben Razzante, edizioni Franco Angeli La pandemia ha inciso profondamente sulle dinamiche del mondo della Rete. Tante trasformazioni, accelerate dal lockdown, verranno studiate nei prossimi anni, anche al <a class=\"mh-excerpt-more\" href=\"https:\/\/www.romaoggi.eu\/index.php\/2020\/12\/06\/la-rete-che-vorreia-cura-di-ruben-razzante-un-nuovo-testo-edito-da-franco-angeli\/\" title=\"&#8220;La Rete che vorrei&#8221;a cura di Ruben Razzante, un nuovo testo edito da Franco Angeli\">[&#8230;]<\/a><\/p>\n<\/div>","protected":false},"author":13,"featured_media":26231,"comment_status":"closed","ping_status":"open","sticky":false,"template":"","format":"standard","meta":{"_sitemap_exclude":false,"_sitemap_priority":"","_sitemap_frequency":"","footnotes":""},"categories":[10],"tags":[14369,14368,14370],"class_list":["post-26227","post","type-post","status-publish","format-standard","has-post-thumbnail","hentry","category-libri","tag-franco-angeli","tag-la-rete-che-vorrei","tag-ruben-razzante"],"yoast_head":"<!-- This site is optimized with the Yoast SEO plugin v27.4 - https:\/\/yoast.com\/product\/yoast-seo-wordpress\/ -->\n<title>&quot;La Rete che vorrei&quot;a cura di Ruben Razzante, un nuovo testo edito da Franco Angeli<\/title>\n<meta name=\"description\" content=\"&quot;La Rete che vorrei&quot; a cura di Ruben Razzante, edizioni Franco Angeli La pandemia ha inciso profondamente sulle dinamiche del mondo della Rete. Tante\" \/>\n<meta name=\"robots\" content=\"index, follow, max-snippet:-1, max-image-preview:large, max-video-preview:-1\" \/>\n<link rel=\"canonical\" href=\"https:\/\/www.romaoggi.eu\/index.php\/2020\/12\/06\/la-rete-che-vorreia-cura-di-ruben-razzante-un-nuovo-testo-edito-da-franco-angeli\/\" \/>\n<meta property=\"og:locale\" content=\"it_IT\" \/>\n<meta property=\"og:type\" content=\"article\" \/>\n<meta property=\"og:title\" content=\"&quot;La Rete che vorrei&quot;a cura di Ruben Razzante, un nuovo testo edito da Franco Angeli\" \/>\n<meta property=\"og:description\" content=\"&quot;La Rete che vorrei&quot; a cura di Ruben Razzante, edizioni Franco Angeli La pandemia ha inciso profondamente sulle dinamiche del mondo della Rete. Tante\" \/>\n<meta property=\"og:url\" content=\"https:\/\/www.romaoggi.eu\/index.php\/2020\/12\/06\/la-rete-che-vorreia-cura-di-ruben-razzante-un-nuovo-testo-edito-da-franco-angeli\/\" \/>\n<meta property=\"og:site_name\" content=\"roma oggi\" \/>\n<meta property=\"article:publisher\" content=\"https:\/\/www.facebook.com\/RomaOggi-841544845954114\" \/>\n<meta property=\"article:published_time\" content=\"2020-12-06T19:22:34+00:00\" \/>\n<meta property=\"article:modified_time\" content=\"2020-12-06T20:04:52+00:00\" \/>\n<meta property=\"og:image\" content=\"https:\/\/www.romaoggi.eu\/wp-content\/uploads\/2020\/12\/rub-raz.jpg\" \/>\n\t<meta property=\"og:image:width\" content=\"377\" \/>\n\t<meta property=\"og:image:height\" content=\"233\" \/>\n\t<meta property=\"og:image:type\" content=\"image\/jpeg\" \/>\n<meta name=\"author\" content=\"Federica Pansadoro\" \/>\n<meta name=\"twitter:card\" content=\"summary_large_image\" \/>\n<meta name=\"twitter:creator\" content=\"@romaoggi_eu\" \/>\n<meta name=\"twitter:site\" content=\"@romaoggi_eu\" \/>\n<meta name=\"twitter:label1\" content=\"Scritto da\" \/>\n\t<meta name=\"twitter:data1\" content=\"Federica Pansadoro\" \/>\n\t<meta name=\"twitter:label2\" content=\"Tempo di lettura stimato\" \/>\n\t<meta name=\"twitter:data2\" content=\"3 minuti\" \/>\n<script type=\"application\/ld+json\" class=\"yoast-schema-graph\">{\"@context\":\"https:\\\/\\\/schema.org\",\"@graph\":[{\"@type\":\"Article\",\"@id\":\"https:\\\/\\\/www.romaoggi.eu\\\/index.php\\\/2020\\\/12\\\/06\\\/la-rete-che-vorreia-cura-di-ruben-razzante-un-nuovo-testo-edito-da-franco-angeli\\\/#article\",\"isPartOf\":{\"@id\":\"https:\\\/\\\/www.romaoggi.eu\\\/index.php\\\/2020\\\/12\\\/06\\\/la-rete-che-vorreia-cura-di-ruben-razzante-un-nuovo-testo-edito-da-franco-angeli\\\/\"},\"author\":{\"name\":\"Federica Pansadoro\",\"@id\":\"https:\\\/\\\/www.romaoggi.eu\\\/#\\\/schema\\\/person\\\/569485df663c86fd2d0179a6643546f9\"},\"headline\":\"&#8220;La Rete che vorrei&#8221;a cura di Ruben Razzante, un nuovo testo edito da Franco Angeli\",\"datePublished\":\"2020-12-06T19:22:34+00:00\",\"dateModified\":\"2020-12-06T20:04:52+00:00\",\"mainEntityOfPage\":{\"@id\":\"https:\\\/\\\/www.romaoggi.eu\\\/index.php\\\/2020\\\/12\\\/06\\\/la-rete-che-vorreia-cura-di-ruben-razzante-un-nuovo-testo-edito-da-franco-angeli\\\/\"},\"wordCount\":663,\"publisher\":{\"@id\":\"https:\\\/\\\/www.romaoggi.eu\\\/#organization\"},\"image\":{\"@id\":\"https:\\\/\\\/www.romaoggi.eu\\\/index.php\\\/2020\\\/12\\\/06\\\/la-rete-che-vorreia-cura-di-ruben-razzante-un-nuovo-testo-edito-da-franco-angeli\\\/#primaryimage\"},\"thumbnailUrl\":\"https:\\\/\\\/www.romaoggi.eu\\\/wp-content\\\/uploads\\\/2020\\\/12\\\/rub-raz.jpg\",\"keywords\":[\"Franco Angeli\",\"La rete che vorrei\",\"Ruben Razzante\"],\"articleSection\":[\"Libri\"],\"inLanguage\":\"it-IT\"},{\"@type\":\"WebPage\",\"@id\":\"https:\\\/\\\/www.romaoggi.eu\\\/index.php\\\/2020\\\/12\\\/06\\\/la-rete-che-vorreia-cura-di-ruben-razzante-un-nuovo-testo-edito-da-franco-angeli\\\/\",\"url\":\"https:\\\/\\\/www.romaoggi.eu\\\/index.php\\\/2020\\\/12\\\/06\\\/la-rete-che-vorreia-cura-di-ruben-razzante-un-nuovo-testo-edito-da-franco-angeli\\\/\",\"name\":\"\\\"La Rete che vorrei\\\"a cura di Ruben Razzante, un nuovo testo edito da Franco Angeli\",\"isPartOf\":{\"@id\":\"https:\\\/\\\/www.romaoggi.eu\\\/#website\"},\"primaryImageOfPage\":{\"@id\":\"https:\\\/\\\/www.romaoggi.eu\\\/index.php\\\/2020\\\/12\\\/06\\\/la-rete-che-vorreia-cura-di-ruben-razzante-un-nuovo-testo-edito-da-franco-angeli\\\/#primaryimage\"},\"image\":{\"@id\":\"https:\\\/\\\/www.romaoggi.eu\\\/index.php\\\/2020\\\/12\\\/06\\\/la-rete-che-vorreia-cura-di-ruben-razzante-un-nuovo-testo-edito-da-franco-angeli\\\/#primaryimage\"},\"thumbnailUrl\":\"https:\\\/\\\/www.romaoggi.eu\\\/wp-content\\\/uploads\\\/2020\\\/12\\\/rub-raz.jpg\",\"datePublished\":\"2020-12-06T19:22:34+00:00\",\"dateModified\":\"2020-12-06T20:04:52+00:00\",\"description\":\"\\\"La Rete che vorrei\\\" a cura di Ruben Razzante, edizioni Franco Angeli La pandemia ha inciso profondamente sulle dinamiche del mondo della Rete. Tante\",\"breadcrumb\":{\"@id\":\"https:\\\/\\\/www.romaoggi.eu\\\/index.php\\\/2020\\\/12\\\/06\\\/la-rete-che-vorreia-cura-di-ruben-razzante-un-nuovo-testo-edito-da-franco-angeli\\\/#breadcrumb\"},\"inLanguage\":\"it-IT\",\"potentialAction\":[{\"@type\":\"ReadAction\",\"target\":[\"https:\\\/\\\/www.romaoggi.eu\\\/index.php\\\/2020\\\/12\\\/06\\\/la-rete-che-vorreia-cura-di-ruben-razzante-un-nuovo-testo-edito-da-franco-angeli\\\/\"]}]},{\"@type\":\"ImageObject\",\"inLanguage\":\"it-IT\",\"@id\":\"https:\\\/\\\/www.romaoggi.eu\\\/index.php\\\/2020\\\/12\\\/06\\\/la-rete-che-vorreia-cura-di-ruben-razzante-un-nuovo-testo-edito-da-franco-angeli\\\/#primaryimage\",\"url\":\"https:\\\/\\\/www.romaoggi.eu\\\/wp-content\\\/uploads\\\/2020\\\/12\\\/rub-raz.jpg\",\"contentUrl\":\"https:\\\/\\\/www.romaoggi.eu\\\/wp-content\\\/uploads\\\/2020\\\/12\\\/rub-raz.jpg\",\"width\":377,\"height\":233},{\"@type\":\"BreadcrumbList\",\"@id\":\"https:\\\/\\\/www.romaoggi.eu\\\/index.php\\\/2020\\\/12\\\/06\\\/la-rete-che-vorreia-cura-di-ruben-razzante-un-nuovo-testo-edito-da-franco-angeli\\\/#breadcrumb\",\"itemListElement\":[{\"@type\":\"ListItem\",\"position\":1,\"name\":\"Home\",\"item\":\"https:\\\/\\\/www.romaoggi.eu\\\/\"},{\"@type\":\"ListItem\",\"position\":2,\"name\":\"&#8220;La Rete che vorrei&#8221;a cura di Ruben Razzante, un nuovo testo edito da Franco Angeli\"}]},{\"@type\":\"WebSite\",\"@id\":\"https:\\\/\\\/www.romaoggi.eu\\\/#website\",\"url\":\"https:\\\/\\\/www.romaoggi.eu\\\/\",\"name\":\"roma oggi\",\"description\":\"Interesting News for Interesting people\",\"publisher\":{\"@id\":\"https:\\\/\\\/www.romaoggi.eu\\\/#organization\"},\"potentialAction\":[{\"@type\":\"SearchAction\",\"target\":{\"@type\":\"EntryPoint\",\"urlTemplate\":\"https:\\\/\\\/www.romaoggi.eu\\\/?s={search_term_string}\"},\"query-input\":{\"@type\":\"PropertyValueSpecification\",\"valueRequired\":true,\"valueName\":\"search_term_string\"}}],\"inLanguage\":\"it-IT\"},{\"@type\":\"Organization\",\"@id\":\"https:\\\/\\\/www.romaoggi.eu\\\/#organization\",\"name\":\"RomaOggi\",\"url\":\"https:\\\/\\\/www.romaoggi.eu\\\/\",\"logo\":{\"@type\":\"ImageObject\",\"inLanguage\":\"it-IT\",\"@id\":\"https:\\\/\\\/www.romaoggi.eu\\\/#\\\/schema\\\/logo\\\/image\\\/\",\"url\":\"https:\\\/\\\/www.romaoggi.eu\\\/wp-content\\\/uploads\\\/2017\\\/04\\\/logowp.jpg\",\"contentUrl\":\"https:\\\/\\\/www.romaoggi.eu\\\/wp-content\\\/uploads\\\/2017\\\/04\\\/logowp.jpg\",\"width\":300,\"height\":133,\"caption\":\"RomaOggi\"},\"image\":{\"@id\":\"https:\\\/\\\/www.romaoggi.eu\\\/#\\\/schema\\\/logo\\\/image\\\/\"},\"sameAs\":[\"https:\\\/\\\/www.facebook.com\\\/RomaOggi-841544845954114\",\"https:\\\/\\\/x.com\\\/romaoggi_eu\"]},{\"@type\":\"Person\",\"@id\":\"https:\\\/\\\/www.romaoggi.eu\\\/#\\\/schema\\\/person\\\/569485df663c86fd2d0179a6643546f9\",\"name\":\"Federica Pansadoro\",\"image\":{\"@type\":\"ImageObject\",\"inLanguage\":\"it-IT\",\"@id\":\"https:\\\/\\\/secure.gravatar.com\\\/avatar\\\/646783eb26ef4eab9fe24f298081663814c4d6acd6ea1c44b2633e8176ba1dc5?s=96&d=mm&r=g\",\"url\":\"https:\\\/\\\/secure.gravatar.com\\\/avatar\\\/646783eb26ef4eab9fe24f298081663814c4d6acd6ea1c44b2633e8176ba1dc5?s=96&d=mm&r=g\",\"contentUrl\":\"https:\\\/\\\/secure.gravatar.com\\\/avatar\\\/646783eb26ef4eab9fe24f298081663814c4d6acd6ea1c44b2633e8176ba1dc5?s=96&d=mm&r=g\",\"caption\":\"Federica Pansadoro\"},\"sameAs\":[\"https:\\\/\\\/www.youtube.com\\\/channel\\\/UCN8Y45Fmdd0XBagxT7qUVEA\"],\"url\":\"https:\\\/\\\/www.romaoggi.eu\\\/index.php\\\/author\\\/federica\\\/\"}]}<\/script>\n<!-- \/ Yoast SEO plugin. -->","yoast_head_json":{"title":"\"La Rete che vorrei\"a cura di Ruben Razzante, un nuovo testo edito da Franco Angeli","description":"\"La Rete che vorrei\" a cura di Ruben Razzante, edizioni Franco Angeli La pandemia ha inciso profondamente sulle dinamiche del mondo della Rete. Tante","robots":{"index":"index","follow":"follow","max-snippet":"max-snippet:-1","max-image-preview":"max-image-preview:large","max-video-preview":"max-video-preview:-1"},"canonical":"https:\/\/www.romaoggi.eu\/index.php\/2020\/12\/06\/la-rete-che-vorreia-cura-di-ruben-razzante-un-nuovo-testo-edito-da-franco-angeli\/","og_locale":"it_IT","og_type":"article","og_title":"\"La Rete che vorrei\"a cura di Ruben Razzante, un nuovo testo edito da Franco Angeli","og_description":"\"La Rete che vorrei\" a cura di Ruben Razzante, edizioni Franco Angeli La pandemia ha inciso profondamente sulle dinamiche del mondo della Rete. Tante","og_url":"https:\/\/www.romaoggi.eu\/index.php\/2020\/12\/06\/la-rete-che-vorreia-cura-di-ruben-razzante-un-nuovo-testo-edito-da-franco-angeli\/","og_site_name":"roma oggi","article_publisher":"https:\/\/www.facebook.com\/RomaOggi-841544845954114","article_published_time":"2020-12-06T19:22:34+00:00","article_modified_time":"2020-12-06T20:04:52+00:00","og_image":[{"width":377,"height":233,"url":"https:\/\/www.romaoggi.eu\/wp-content\/uploads\/2020\/12\/rub-raz.jpg","type":"image\/jpeg"}],"author":"Federica Pansadoro","twitter_card":"summary_large_image","twitter_creator":"@romaoggi_eu","twitter_site":"@romaoggi_eu","twitter_misc":{"Scritto da":"Federica Pansadoro","Tempo di lettura stimato":"3 minuti"},"schema":{"@context":"https:\/\/schema.org","@graph":[{"@type":"Article","@id":"https:\/\/www.romaoggi.eu\/index.php\/2020\/12\/06\/la-rete-che-vorreia-cura-di-ruben-razzante-un-nuovo-testo-edito-da-franco-angeli\/#article","isPartOf":{"@id":"https:\/\/www.romaoggi.eu\/index.php\/2020\/12\/06\/la-rete-che-vorreia-cura-di-ruben-razzante-un-nuovo-testo-edito-da-franco-angeli\/"},"author":{"name":"Federica Pansadoro","@id":"https:\/\/www.romaoggi.eu\/#\/schema\/person\/569485df663c86fd2d0179a6643546f9"},"headline":"&#8220;La Rete che vorrei&#8221;a cura di Ruben Razzante, un nuovo testo edito da Franco Angeli","datePublished":"2020-12-06T19:22:34+00:00","dateModified":"2020-12-06T20:04:52+00:00","mainEntityOfPage":{"@id":"https:\/\/www.romaoggi.eu\/index.php\/2020\/12\/06\/la-rete-che-vorreia-cura-di-ruben-razzante-un-nuovo-testo-edito-da-franco-angeli\/"},"wordCount":663,"publisher":{"@id":"https:\/\/www.romaoggi.eu\/#organization"},"image":{"@id":"https:\/\/www.romaoggi.eu\/index.php\/2020\/12\/06\/la-rete-che-vorreia-cura-di-ruben-razzante-un-nuovo-testo-edito-da-franco-angeli\/#primaryimage"},"thumbnailUrl":"https:\/\/www.romaoggi.eu\/wp-content\/uploads\/2020\/12\/rub-raz.jpg","keywords":["Franco Angeli","La rete che vorrei","Ruben Razzante"],"articleSection":["Libri"],"inLanguage":"it-IT"},{"@type":"WebPage","@id":"https:\/\/www.romaoggi.eu\/index.php\/2020\/12\/06\/la-rete-che-vorreia-cura-di-ruben-razzante-un-nuovo-testo-edito-da-franco-angeli\/","url":"https:\/\/www.romaoggi.eu\/index.php\/2020\/12\/06\/la-rete-che-vorreia-cura-di-ruben-razzante-un-nuovo-testo-edito-da-franco-angeli\/","name":"\"La Rete che vorrei\"a cura di Ruben Razzante, un nuovo testo edito da Franco Angeli","isPartOf":{"@id":"https:\/\/www.romaoggi.eu\/#website"},"primaryImageOfPage":{"@id":"https:\/\/www.romaoggi.eu\/index.php\/2020\/12\/06\/la-rete-che-vorreia-cura-di-ruben-razzante-un-nuovo-testo-edito-da-franco-angeli\/#primaryimage"},"image":{"@id":"https:\/\/www.romaoggi.eu\/index.php\/2020\/12\/06\/la-rete-che-vorreia-cura-di-ruben-razzante-un-nuovo-testo-edito-da-franco-angeli\/#primaryimage"},"thumbnailUrl":"https:\/\/www.romaoggi.eu\/wp-content\/uploads\/2020\/12\/rub-raz.jpg","datePublished":"2020-12-06T19:22:34+00:00","dateModified":"2020-12-06T20:04:52+00:00","description":"\"La Rete che vorrei\" a cura di Ruben Razzante, edizioni Franco Angeli La pandemia ha inciso profondamente sulle dinamiche del mondo della Rete. Tante","breadcrumb":{"@id":"https:\/\/www.romaoggi.eu\/index.php\/2020\/12\/06\/la-rete-che-vorreia-cura-di-ruben-razzante-un-nuovo-testo-edito-da-franco-angeli\/#breadcrumb"},"inLanguage":"it-IT","potentialAction":[{"@type":"ReadAction","target":["https:\/\/www.romaoggi.eu\/index.php\/2020\/12\/06\/la-rete-che-vorreia-cura-di-ruben-razzante-un-nuovo-testo-edito-da-franco-angeli\/"]}]},{"@type":"ImageObject","inLanguage":"it-IT","@id":"https:\/\/www.romaoggi.eu\/index.php\/2020\/12\/06\/la-rete-che-vorreia-cura-di-ruben-razzante-un-nuovo-testo-edito-da-franco-angeli\/#primaryimage","url":"https:\/\/www.romaoggi.eu\/wp-content\/uploads\/2020\/12\/rub-raz.jpg","contentUrl":"https:\/\/www.romaoggi.eu\/wp-content\/uploads\/2020\/12\/rub-raz.jpg","width":377,"height":233},{"@type":"BreadcrumbList","@id":"https:\/\/www.romaoggi.eu\/index.php\/2020\/12\/06\/la-rete-che-vorreia-cura-di-ruben-razzante-un-nuovo-testo-edito-da-franco-angeli\/#breadcrumb","itemListElement":[{"@type":"ListItem","position":1,"name":"Home","item":"https:\/\/www.romaoggi.eu\/"},{"@type":"ListItem","position":2,"name":"&#8220;La Rete che vorrei&#8221;a cura di Ruben Razzante, un nuovo testo edito da Franco Angeli"}]},{"@type":"WebSite","@id":"https:\/\/www.romaoggi.eu\/#website","url":"https:\/\/www.romaoggi.eu\/","name":"roma oggi","description":"Interesting News for Interesting people","publisher":{"@id":"https:\/\/www.romaoggi.eu\/#organization"},"potentialAction":[{"@type":"SearchAction","target":{"@type":"EntryPoint","urlTemplate":"https:\/\/www.romaoggi.eu\/?s={search_term_string}"},"query-input":{"@type":"PropertyValueSpecification","valueRequired":true,"valueName":"search_term_string"}}],"inLanguage":"it-IT"},{"@type":"Organization","@id":"https:\/\/www.romaoggi.eu\/#organization","name":"RomaOggi","url":"https:\/\/www.romaoggi.eu\/","logo":{"@type":"ImageObject","inLanguage":"it-IT","@id":"https:\/\/www.romaoggi.eu\/#\/schema\/logo\/image\/","url":"https:\/\/www.romaoggi.eu\/wp-content\/uploads\/2017\/04\/logowp.jpg","contentUrl":"https:\/\/www.romaoggi.eu\/wp-content\/uploads\/2017\/04\/logowp.jpg","width":300,"height":133,"caption":"RomaOggi"},"image":{"@id":"https:\/\/www.romaoggi.eu\/#\/schema\/logo\/image\/"},"sameAs":["https:\/\/www.facebook.com\/RomaOggi-841544845954114","https:\/\/x.com\/romaoggi_eu"]},{"@type":"Person","@id":"https:\/\/www.romaoggi.eu\/#\/schema\/person\/569485df663c86fd2d0179a6643546f9","name":"Federica Pansadoro","image":{"@type":"ImageObject","inLanguage":"it-IT","@id":"https:\/\/secure.gravatar.com\/avatar\/646783eb26ef4eab9fe24f298081663814c4d6acd6ea1c44b2633e8176ba1dc5?s=96&d=mm&r=g","url":"https:\/\/secure.gravatar.com\/avatar\/646783eb26ef4eab9fe24f298081663814c4d6acd6ea1c44b2633e8176ba1dc5?s=96&d=mm&r=g","contentUrl":"https:\/\/secure.gravatar.com\/avatar\/646783eb26ef4eab9fe24f298081663814c4d6acd6ea1c44b2633e8176ba1dc5?s=96&d=mm&r=g","caption":"Federica Pansadoro"},"sameAs":["https:\/\/www.youtube.com\/channel\/UCN8Y45Fmdd0XBagxT7qUVEA"],"url":"https:\/\/www.romaoggi.eu\/index.php\/author\/federica\/"}]}},"_links":{"self":[{"href":"https:\/\/www.romaoggi.eu\/index.php\/wp-json\/wp\/v2\/posts\/26227","targetHints":{"allow":["GET"]}}],"collection":[{"href":"https:\/\/www.romaoggi.eu\/index.php\/wp-json\/wp\/v2\/posts"}],"about":[{"href":"https:\/\/www.romaoggi.eu\/index.php\/wp-json\/wp\/v2\/types\/post"}],"author":[{"embeddable":true,"href":"https:\/\/www.romaoggi.eu\/index.php\/wp-json\/wp\/v2\/users\/13"}],"replies":[{"embeddable":true,"href":"https:\/\/www.romaoggi.eu\/index.php\/wp-json\/wp\/v2\/comments?post=26227"}],"version-history":[{"count":5,"href":"https:\/\/www.romaoggi.eu\/index.php\/wp-json\/wp\/v2\/posts\/26227\/revisions"}],"predecessor-version":[{"id":26235,"href":"https:\/\/www.romaoggi.eu\/index.php\/wp-json\/wp\/v2\/posts\/26227\/revisions\/26235"}],"wp:featuredmedia":[{"embeddable":true,"href":"https:\/\/www.romaoggi.eu\/index.php\/wp-json\/wp\/v2\/media\/26231"}],"wp:attachment":[{"href":"https:\/\/www.romaoggi.eu\/index.php\/wp-json\/wp\/v2\/media?parent=26227"}],"wp:term":[{"taxonomy":"category","embeddable":true,"href":"https:\/\/www.romaoggi.eu\/index.php\/wp-json\/wp\/v2\/categories?post=26227"},{"taxonomy":"post_tag","embeddable":true,"href":"https:\/\/www.romaoggi.eu\/index.php\/wp-json\/wp\/v2\/tags?post=26227"}],"curies":[{"name":"wp","href":"https:\/\/api.w.org\/{rel}","templated":true}]}}