{"id":26448,"date":"2021-01-30T17:47:32","date_gmt":"2021-01-30T16:47:32","guid":{"rendered":"http:\/\/www.romaoggi.eu\/?p=26448"},"modified":"2021-01-30T20:24:33","modified_gmt":"2021-01-30T19:24:33","slug":"riapre-il-sistema-musei-di-roma-capitale","status":"publish","type":"post","link":"https:\/\/www.romaoggi.eu\/index.php\/2021\/01\/30\/riapre-il-sistema-musei-di-roma-capitale\/","title":{"rendered":"Riapre il Sistema Musei di Roma Capitale"},"content":{"rendered":"<p class=\"yiv7583556252MsoNormal\" align=\"center\"><b>Campidoglio, Roma Culture: pronti alla riapertura del Sistema Musei civici\u00a0<\/b><b><br \/>\n<\/b><b>e di Palazzo delle Esposizioni, MACRO e Mattatoio<\/b><\/p>\n<p class=\"yiv7583556252MsoNormal\" align=\"center\"><u>Tra le novit\u00e0 la mostra fotografica di Koudelka al Museo dell\u2019Ara Pacis,\u00a0per il bicentenario della morte<br \/>\ndi Napoleone la mostra ai Mercati di Traiano, al MACRO al via le sezioni del Museo per l\u2019Immaginazione Preventiva e al Mattatoio due nuove mostre.<br \/>\nProseguono la Quadriennale al Palazzo delle Esposizioni e la mostra I marmi Torlonia. Collezionare capolavori\u00a0ai Musei Capitolini<\/u><\/p>\n<p>Roma,\u00a030 gennaio 2021\u00a0\u2013 A partire da luned\u00ec 1\u00b0 febbraio\u00a0a Roma riaprono al pubblico, secondo le indicazioni sanitarie per il contenimento della pandemia, il\u00a0<b>Palazzo delle Esposizioni, MACRO e Mattatoio<\/b>\u00a0e i\u00a0<b>Musei Capitolini<\/b>,\u00a0<b>Mercati di Traiano &#8211; Museo dei Fori Imperiali,<\/b>\u00a0il\u00a0<b>Museo di Roma<\/b>\u00a0a Palazzo Braschi, il\u00a0<b>Museo dell\u2019Ara Pacis<\/b>, il\u00a0<b>Museo di Roma in Trastevere<\/b>, la\u00a0<b>Galleria d\u2019Arte Moderna<\/b>, i\u00a0<b>Musei di Villa Torlonia<\/b>,\u00a0<b>Museo Civico di Zoologia<\/b>,\u00a0<b>Museo di Scultura Antica Giovanni Barracco<\/b>,\u00a0<b>Museo Napoleonico<\/b>,\u00a0<b>Museo Pietro Canonica a Villa Borghese<\/b>,\u00a0<b>Museo Carlo Bilotti \u2013 Aranciera di Villa Borghese<\/b>,\u00a0<b>Museo della Repubblica Romana e della memoria garibaldina<\/b>,\u00a0<b>Museo di Casal de\u2019 Pazzi<\/b>,\u00a0<b>Museo delle Mura<\/b>,\u00a0<b>Villa di Massenzio<\/b>.<\/p>\n<p class=\"yiv7583556252MsoNormal\">Al loro interno i visitatori potranno ritrovare le collezioni permanenti con i tanti capolavori conservati, oltre alle numerose mostre prorogate e ad alcune importanti novit\u00e0 espositive, sinora rinviate a causa della pandemia in corso. Inoltre, saranno nuovamente aperte le aree archeologiche dei\u00a0<b>Fori Imperiali<\/b>\u00a0(ingresso dalla Colonna Traiana e uscita dal Foro di Cesare su Via dei Fori Imperiali), dalle 08.30 alle 16.30 (ultimo ingresso 15.30), e del\u00a0<b>Circo Massimo<\/b>, dalle 9.30 alle 16.30 (ultimo ingresso 15.30), all\u2019interno del quale sar\u00e0 attivo anche\u00a0<b>Circo Maximo Experience<\/b>. Servizi museali a cura di Z\u00e8tema Progetto Cultura.<\/p>\n<p class=\"yiv7583556252MsoNormal\">Le riaperture sono promosse da Roma Culture e tutte le informazioni e gli aggiornamenti si potranno seguire sul sito culture.roma.it e sugli account social @cultureroma. I musei e le aree archeologiche saranno aperti anche il luned\u00ec in considerazione della chiusura prevista nel fine settimana dal DPCM in vigore.<\/p>\n<p class=\"yiv7583556252MsoNormal\"><b><u>LE NOVIT\u00c0<\/u><\/b>. Si inizia il 1\u00b0\u00a0febbraio\u00a0con la tappa unica italiana della mostra\u00a0<b><i>JOSEF KOUDELKA. RADICI Evidenza della storia, enigma della bellezza<\/i><\/b>, organizzata da Contrasto e Magnum Photos, al via al Museo dell\u2019Ara Pacis. Con oltre cento spettacolari immagini panoramiche, l\u2019esposizione del maestro ceco documenta il suo straordinario viaggio alla ricerca delle radici della nostra storia. Sar\u00e0 l\u2019estratto di un\u2019inedita e personale riflessione sull\u2019antico, sul paesaggio e sulla bellezza compiuta lungo trent\u2019anni di vita, toccando diciannove diversi paesi e visitando pi\u00f9 di cento siti archeologici tra i pi\u00f9 rappresentativi per la storia del Mediterraneo. La mostra aprir\u00e0 al pubblico alle 14.<\/p>\n<p class=\"yiv7583556252MsoNormal\">Al MACRO si avviano contemporaneamente\u00a0dal 3\u00a0febbraio\u00a0tutte le sezioni di\u00a0<b><i>Museo per l\u2019Immaginazione Preventiva<\/i><\/b>\u00a0il programma del direttore artistico Luca Lo Pinto\u00a0che presenta otto nuovi\u00a0progetti espositivi, tra cui \u201c<b>Campo di Marte\u201d<\/b>, prima grande personale in un\u2019istituzione museale italiana di Nathalie Du Pasquier.<\/p>\n<p class=\"yiv7583556252MsoNormal\">\u00c8 dedicata agli scavi promossi da Bonaparte a Roma la mostra\u00a0<b><i>Napoleone e il mito di Roma<\/i><\/b>, che sar\u00e0 ospitata ai Mercati di Traiano &#8211; Museo dei Fori Imperiali, museo che riaprir\u00e0 dal 4\u00a0febbraio\u00a0con la nuova esposizione, proprio nell\u2019anno in cui ricorre l\u2019anniversario del bicentenario della morte dell\u2019imperatore francese. La mostra, a cura di Claudio Parisi Presicce, Simone Pastor, Massimiliano Munzi, Nicoletta Bernacchio, analizzer\u00e0 il contesto culturale e letterario della seconda met\u00e0 del XVIII secolo (neoclassicismo e l\u2019estetica del sublime) e dedicher\u00e0 approfondimenti ad aspetti urbanistici, quali ad esempio gli scavi del settore centrale della Basilica Ulpia, la Colonna Traiana valorizzata dal Governo Napoleonico di Roma, l\u2019Egittomania di Napoleone e molti altri aspetti di grande rilevanza, relativi all\u2019annessione di Roma all\u2019Impero dal 1809 al 1814. In quegli anni Roma diventa citt\u00e0 imperiale seconda solo a Parigi per volont\u00e0 di Napoleone stesso.<\/p>\n<p class=\"yiv7583556252MsoNormal\">Al Mattatoio in partenza\u00a0nel Padiglione 9B il 9\u00a0febbraio\u00a0parte la mostra \u201c<b>Luigi Presicce. Le Storie della Vera Croce<\/b>\u201d a cura di Angel Moya Garcia che raccoglie un ciclo di dieci episodi, iniziato nel 2012, che compone un&#8217;unica grande opera esposta per la prima volta nella sua totalit\u00e0.\u00a0Nel Padiglione 9A aprir\u00e0\u00a0al pubblico il 22\u00a0febbraio\u00a0l\u2019esposizione \u201c<b>Fotografia. Nuove Produzioni 2020 per la Collezione Roma<\/b>\u201d a cura di Francesco Zizola che raccoglie le immagini di 5 grandi protagonisti internazionali della fotografia contemporanea che raccontano la Capitale attraverso il loro sguardo.<\/p>\n<p class=\"yiv7583556252MsoNormal\"><b><u>MOSTRE IN CORSO<\/u><\/b>. Molte sono le mostre che i visitatori ritroveranno all\u2019apertura del sistema museale cittadino. A cominciare dai Musei Capitolini, con la splendida mostra sulla storia del collezionismo dei marmi antichi, romani e greci,\u00a0<b><i>I marmi Torlonia. Collezionare capolavori\u00a0<\/i><\/b>(fino al 29 giugno)<b><i>.\u00a0<\/i><\/b>L\u2019esposizione \u00e8 il risultato di un\u2019intesa del Ministero per i beni e le Attivit\u00e0 Culturali e\u00a0per il Turismo con la Fondazione Torlonia; e nello specifico, per il Ministero, della Direzione\u00a0Generale Archeologia, Belle Arti e Paesaggio con la Soprintendenza Speciale di Roma. Il\u00a0progetto scientifico di studio e valorizzazione della collezione \u00e8 di Salvatore Settis, curatore\u00a0della mostra con Carlo Gasparri. Electa, editore del catalogo, cura anche l\u2019organizzazione e\u00a0la promozione dell\u2019esposizione. Il progetto d\u2019allestimento \u00e8 di David Chipperfield Architects\u00a0Milano, negli ambienti dello spazio espositivo dei Musei Capitolini a Villa Caffarelli, tornati\u00a0alla vita dopo oltre cinquanta anni grazie all\u2019impegno di Roma Capitale per restituire alla\u00a0cittadinanza un nuovo spazio espositivo progettato e interamente curato della Sovrintendenza Capitolina ai Beni Culturali. La Fondazione Torlonia ha restaurato i marmi selezionati con il contributo di\u00a0Bvlgari che \u00e8 anche main sponsor della mostra. Il progetto della luce \u00e8 stato scritto da Mario\u00a0Nanni, lumi Viabizzuno. Sempre ai Musei Capitolini l\u2019esposizione Il\u00a0<b><i>Tempo di Caravaggio. Capolavori della collezione Roberto Longhi<\/i><\/b>\u00a0con il celebre dipinto del Caravaggio Ragazzo morso da un ramarro (prorogata fino al 2 maggio)\u00a0e alla mostra fotografica\u00a0<b><i>LOCKDOWN ITALIA visto dalla Stampa Estera\u00a0<\/i><\/b>(fino al 28 febbraio).\u00a0Alla Galleria d\u2019Arte Moderna \u00e8 stata prorogata fino al\u00a028 marzo 2021\u00a0<b><i>STEN LEX. Rinascita<\/i><\/b>, la mostra che racchiude una selezione di opere dei due noti muralisti italiani e uno stencil poster visibile nel chiostro.<\/p>\n<p class=\"yiv7583556252MsoNormal\">Proseguono al Museo di Roma in Trastevere le due esposizioni\u00a0<b><i>Sulle tracce del crimine. Viaggio nel giallo e nero Rai\u00a0<\/i><\/b>e<b><i>\u00a0Roma. Massimo Siragusa<\/i><\/b>. Il primo percorso racconta l\u2019evoluzione e le trasformazioni del genere giallo e investigativo, dai primi sceneggiati alle serie tv odierne, mentre il secondo, attraverso cento immagini del fotografo siciliano, indaga la periferia della Capitale e le sue molteplici contraddizioni.<\/p>\n<p class=\"yiv7583556252MsoNormal\">Da Trastevere a Piazza Navona alla scoperta dell\u2019esposizione ospitata dal Museo di Roma a Palazzo Braschi fino al 28 febbraio:\u00a0<b><i>Per gioco<\/i><\/b>.<b><i>\u00a0La collezione di giocattoli della Sovrintendenza Capitolina<\/i><\/b>\u00a0mette in evidenza la linea sottile tra gioco e vita comune, accompagnando i visitatori in un viaggio nell\u2019antichit\u00e0 attraverso l\u2019evoluzione del giocattolo. A Villa Borghese, all\u2019interno del Museo Carlo Bilotti \u2013 Aranciera di Villa Borghese, sar\u00e0 ancora possibile visitare fino al 28\u00a0febbraio\u00a0la mostra\u00a0<b><i>Cruor. Renata Rampazzi<\/i><\/b>, l\u2019esposizione che racconta le lotte dell\u2019artista contro la discriminazione di genere.<\/p>\n<p class=\"yiv7583556252MsoNormal\">Alla riapertura i visitatori dei Musei di Villa Torlonia troveranno ad accoglierli:\u00a0<b><i>La Signora dell\u2019arte. Opere dalla collezione di Bianca Attolico da Mafai a Vezzoli<\/i><\/b><b>\u00a0<\/b>al Casino dei Principi, la mostra a cura di Ludovico Pratesi con circa sessanta opere che attraversano un secolo di storia dell\u2019arte (fino al 5 aprile); gli interventi site-specific sul tema della metamorfosi dal titolo\u00a0<b><i>Rami<\/i><\/b>.<b><i>\u00a0Veronica Montanino\u00a0<\/i><\/b>(fino al 28 marzo), pensati dall\u2019artista per il Casino Nobile; gli arazzi e gli aquiloni della mostra\u00a0<b><i>Un mondo fluttuante. Opere su carta<\/i><\/b>\u00a0di Anna Onesti, alla Casina delle Civette (fino al 28 marzo).<\/p>\n<p class=\"yiv7583556252MsoNormal\">Dal\u00a04\u00a0febbraio\u00a0riapre al Palazzo delle Esposizioni la\u00a0<b>Quadriennale d\u2019Arte 2020 \u2013 \u201cFUORI\u201d<\/b>\u00a0a cura di Sarah Cosulich e Stefano Collicelli Cagol, in cui 43 artisti delineano attraverso le loro opere un percorso alternativo nella lettura dell\u2019arte italiana dagli anni Sessanta a\u00a0oggi,\u00a0prorogata fino alla primavera del 2021. Riparte\u00a0anche \u201c<b>Domani<\/b><b>\u00a0Qui\u00a0<\/b><b>Oggi<\/b>\u201d a cura di Ilaria Gianni promossa dalla Direzione Generale Creativit\u00e0 Contemporanea del MIBACT che presenta il lavoro dei dieci artisti emergenti selezionati all\u2019interno del Premio AccadeMibact.<\/p>\n<p class=\"yiv7583556252MsoNormal\"><b><u>BIGLIETTI<\/u><\/b>. \u00c8 possibile effettuare l\u2019acquisto dei biglietti di ingresso ai musei Civici e\/o alle mostre direttamente nelle biglietterie ma rimane fortemente consigliato il preacquisto da casa tramite il sito\u00a0<a href=\"http:\/\/www.museiincomuneroma.it\/\" target=\"_blank\" rel=\"nofollow noopener noreferrer\">www.museiincomuneroma.it<\/a>\u00a0(acquisto con 1\u20ac di prevendita). Questa procedura consente di annullare le code in biglietteria e ridurre gli affollamenti nelle sale, grazie all\u2019assegnazione di fasce orarie in cui presentarsi per entrare al museo e iniziare la visita. Una volta completato l\u2019acquisto sar\u00e0 sufficiente stampare la ricevuta e mostrarla cartacea o digitale all\u2019ingresso del museo scelto e\/o della mostra. Il consiglio \u00e8 valido anche per i possessori della MIC card, per i quali la prenotazione allo 060608 \u00e8 gratuita. \u00c8 consigliato l\u2019acquisto online della MIC Card (con 1\u20ac di prevendita) con ritiro in biglietteria dei musei.<\/p>\n<p class=\"yiv7583556252MsoNormal\">Per Palazzo delle Esposizioni, MACRO e Mattatoio l\u2019accesso agli spazi espositivi avviene ad intervalli temporali definiti al fine di evitare assembramenti e garantire la sicurezza del pubblico. Gli ingressi sono consentiti\u00a0solo previa prenotazione nominale obbligatoria ai sito\u00a0<a href=\"http:\/\/www.palazzoesposizioni.it\/\" target=\"_blank\" rel=\"nofollow noopener noreferrer\">www.palazzoesposizioni.it<\/a>\u00a0(le prenotazioni saranno aperte dal 2 febbraio),\u00a0<a href=\"http:\/\/www.museomacro.it\/\" target=\"_blank\" rel=\"nofollow noopener noreferrer\">www.museomacro.it<\/a>\u00a0(prenotazioni aperte dal 30 gennaio)\u00a0e\u00a0<a href=\"https:\/\/www.mattatoioroma.it\/\" target=\"_blank\" rel=\"nofollow noopener noreferrer\">www.mattatoioroma.it<\/a>\u00a0(prenotazioni aperte dal 2 febbraio)\u00a0fino al raggiungimento del numero massimo di visitatori previsto per i singoli intervalli.<\/p>\n<p class=\"yiv7583556252MsoNormal\">\n","protected":false},"excerpt":{"rendered":"<div class=\"mh-excerpt\"><p>Campidoglio, Roma Culture: pronti alla riapertura del Sistema Musei civici\u00a0 e di Palazzo delle Esposizioni, MACRO e Mattatoio Tra le novit\u00e0 la mostra fotografica di Koudelka al Museo dell\u2019Ara Pacis,\u00a0per il bicentenario della morte di <a class=\"mh-excerpt-more\" href=\"https:\/\/www.romaoggi.eu\/index.php\/2021\/01\/30\/riapre-il-sistema-musei-di-roma-capitale\/\" title=\"Riapre il Sistema Musei di Roma Capitale\">[&#8230;]<\/a><\/p>\n<\/div>","protected":false},"author":10,"featured_media":26450,"comment_status":"open","ping_status":"open","sticky":false,"template":"","format":"standard","meta":{"_sitemap_exclude":false,"_sitemap_priority":"","_sitemap_frequency":"","footnotes":""},"categories":[13933],"tags":[3319,112,925,14442,14443,1738],"class_list":["post-26448","post","type-post","status-publish","format-standard","has-post-thumbnail","hentry","category-comunicati-stampa","tag-ara-pacis","tag-macro","tag-mercati-di-traiano","tag-musei-di-roma-capitale","tag-quadriennale-darte-2020","tag-romaoggi-eu"],"yoast_head":"<!-- This site is optimized with the Yoast SEO plugin v27.4 - https:\/\/yoast.com\/product\/yoast-seo-wordpress\/ -->\n<title>Riapre il Sistema Musei di Roma Capitale<\/title>\n<meta name=\"description\" content=\"Campidoglio, Roma Culture: pronti alla riapertura del Sistema Musei civici\u00a0 e di Palazzo delle Esposizioni, MACRO e Mattatoio Tra le novit\u00e0 la mostra\" \/>\n<meta name=\"robots\" content=\"index, follow, max-snippet:-1, max-image-preview:large, max-video-preview:-1\" \/>\n<link rel=\"canonical\" href=\"https:\/\/www.romaoggi.eu\/index.php\/2021\/01\/30\/riapre-il-sistema-musei-di-roma-capitale\/\" \/>\n<meta property=\"og:locale\" content=\"it_IT\" \/>\n<meta property=\"og:type\" content=\"article\" \/>\n<meta property=\"og:title\" content=\"Riapre il Sistema Musei di Roma Capitale\" \/>\n<meta property=\"og:description\" content=\"Campidoglio, Roma Culture: pronti alla riapertura del Sistema Musei civici\u00a0 e di Palazzo delle Esposizioni, MACRO e Mattatoio Tra le novit\u00e0 la mostra\" \/>\n<meta property=\"og:url\" content=\"https:\/\/www.romaoggi.eu\/index.php\/2021\/01\/30\/riapre-il-sistema-musei-di-roma-capitale\/\" \/>\n<meta property=\"og:site_name\" content=\"roma oggi\" \/>\n<meta property=\"article:publisher\" content=\"https:\/\/www.facebook.com\/RomaOggi-841544845954114\" \/>\n<meta property=\"article:author\" content=\"https:\/\/www.facebook.com\/alessandro.lisci.5\" \/>\n<meta property=\"article:published_time\" content=\"2021-01-30T16:47:32+00:00\" \/>\n<meta property=\"article:modified_time\" content=\"2021-01-30T19:24:33+00:00\" \/>\n<meta property=\"og:image\" content=\"https:\/\/www.romaoggi.eu\/wp-content\/uploads\/2021\/01\/josef-koudelka_1050.jpg\" \/>\n\t<meta property=\"og:image:width\" content=\"1050\" \/>\n\t<meta property=\"og:image:height\" content=\"545\" \/>\n\t<meta property=\"og:image:type\" content=\"image\/jpeg\" \/>\n<meta name=\"author\" content=\"Alessandro Lisci\" \/>\n<meta name=\"twitter:card\" content=\"summary_large_image\" \/>\n<meta name=\"twitter:creator\" content=\"@https:\/\/twitter.com\/alessandrolisci\" \/>\n<meta name=\"twitter:site\" content=\"@romaoggi_eu\" \/>\n<meta name=\"twitter:label1\" content=\"Scritto da\" \/>\n\t<meta name=\"twitter:data1\" content=\"Alessandro Lisci\" \/>\n\t<meta name=\"twitter:label2\" content=\"Tempo di lettura stimato\" \/>\n\t<meta name=\"twitter:data2\" content=\"8 minuti\" \/>\n<script type=\"application\/ld+json\" class=\"yoast-schema-graph\">{\"@context\":\"https:\\\/\\\/schema.org\",\"@graph\":[{\"@type\":\"Article\",\"@id\":\"https:\\\/\\\/www.romaoggi.eu\\\/index.php\\\/2021\\\/01\\\/30\\\/riapre-il-sistema-musei-di-roma-capitale\\\/#article\",\"isPartOf\":{\"@id\":\"https:\\\/\\\/www.romaoggi.eu\\\/index.php\\\/2021\\\/01\\\/30\\\/riapre-il-sistema-musei-di-roma-capitale\\\/\"},\"author\":{\"name\":\"Alessandro Lisci\",\"@id\":\"https:\\\/\\\/www.romaoggi.eu\\\/#\\\/schema\\\/person\\\/30ada62b3bd510c45a781b7e3bf65e69\"},\"headline\":\"Riapre il Sistema Musei di Roma Capitale\",\"datePublished\":\"2021-01-30T16:47:32+00:00\",\"dateModified\":\"2021-01-30T19:24:33+00:00\",\"mainEntityOfPage\":{\"@id\":\"https:\\\/\\\/www.romaoggi.eu\\\/index.php\\\/2021\\\/01\\\/30\\\/riapre-il-sistema-musei-di-roma-capitale\\\/\"},\"wordCount\":1536,\"commentCount\":0,\"publisher\":{\"@id\":\"https:\\\/\\\/www.romaoggi.eu\\\/#organization\"},\"image\":{\"@id\":\"https:\\\/\\\/www.romaoggi.eu\\\/index.php\\\/2021\\\/01\\\/30\\\/riapre-il-sistema-musei-di-roma-capitale\\\/#primaryimage\"},\"thumbnailUrl\":\"https:\\\/\\\/www.romaoggi.eu\\\/wp-content\\\/uploads\\\/2021\\\/01\\\/mosaico_1050x545_1.jpg\",\"keywords\":[\"Ara Pacis\",\"macro\",\"Mercati di Traiano\",\"Musei di Roma Capitale\",\"Quadriennale d\u2019Arte 2020\",\"RomaOggi.eu\"],\"articleSection\":[\"COMUNICATI STAMPA\"],\"inLanguage\":\"it-IT\",\"potentialAction\":[{\"@type\":\"CommentAction\",\"name\":\"Comment\",\"target\":[\"https:\\\/\\\/www.romaoggi.eu\\\/index.php\\\/2021\\\/01\\\/30\\\/riapre-il-sistema-musei-di-roma-capitale\\\/#respond\"]}]},{\"@type\":\"WebPage\",\"@id\":\"https:\\\/\\\/www.romaoggi.eu\\\/index.php\\\/2021\\\/01\\\/30\\\/riapre-il-sistema-musei-di-roma-capitale\\\/\",\"url\":\"https:\\\/\\\/www.romaoggi.eu\\\/index.php\\\/2021\\\/01\\\/30\\\/riapre-il-sistema-musei-di-roma-capitale\\\/\",\"name\":\"Riapre il Sistema Musei di Roma Capitale\",\"isPartOf\":{\"@id\":\"https:\\\/\\\/www.romaoggi.eu\\\/#website\"},\"primaryImageOfPage\":{\"@id\":\"https:\\\/\\\/www.romaoggi.eu\\\/index.php\\\/2021\\\/01\\\/30\\\/riapre-il-sistema-musei-di-roma-capitale\\\/#primaryimage\"},\"image\":{\"@id\":\"https:\\\/\\\/www.romaoggi.eu\\\/index.php\\\/2021\\\/01\\\/30\\\/riapre-il-sistema-musei-di-roma-capitale\\\/#primaryimage\"},\"thumbnailUrl\":\"https:\\\/\\\/www.romaoggi.eu\\\/wp-content\\\/uploads\\\/2021\\\/01\\\/mosaico_1050x545_1.jpg\",\"datePublished\":\"2021-01-30T16:47:32+00:00\",\"dateModified\":\"2021-01-30T19:24:33+00:00\",\"description\":\"Campidoglio, Roma Culture: pronti alla riapertura del Sistema Musei civici\u00a0 e di Palazzo delle Esposizioni, MACRO e Mattatoio Tra le novit\u00e0 la mostra\",\"breadcrumb\":{\"@id\":\"https:\\\/\\\/www.romaoggi.eu\\\/index.php\\\/2021\\\/01\\\/30\\\/riapre-il-sistema-musei-di-roma-capitale\\\/#breadcrumb\"},\"inLanguage\":\"it-IT\",\"potentialAction\":[{\"@type\":\"ReadAction\",\"target\":[\"https:\\\/\\\/www.romaoggi.eu\\\/index.php\\\/2021\\\/01\\\/30\\\/riapre-il-sistema-musei-di-roma-capitale\\\/\"]}]},{\"@type\":\"ImageObject\",\"inLanguage\":\"it-IT\",\"@id\":\"https:\\\/\\\/www.romaoggi.eu\\\/index.php\\\/2021\\\/01\\\/30\\\/riapre-il-sistema-musei-di-roma-capitale\\\/#primaryimage\",\"url\":\"https:\\\/\\\/www.romaoggi.eu\\\/wp-content\\\/uploads\\\/2021\\\/01\\\/mosaico_1050x545_1.jpg\",\"contentUrl\":\"https:\\\/\\\/www.romaoggi.eu\\\/wp-content\\\/uploads\\\/2021\\\/01\\\/mosaico_1050x545_1.jpg\",\"width\":1050,\"height\":545,\"caption\":\"Sistema Musei di Roma Capitale\"},{\"@type\":\"BreadcrumbList\",\"@id\":\"https:\\\/\\\/www.romaoggi.eu\\\/index.php\\\/2021\\\/01\\\/30\\\/riapre-il-sistema-musei-di-roma-capitale\\\/#breadcrumb\",\"itemListElement\":[{\"@type\":\"ListItem\",\"position\":1,\"name\":\"Home\",\"item\":\"https:\\\/\\\/www.romaoggi.eu\\\/\"},{\"@type\":\"ListItem\",\"position\":2,\"name\":\"Riapre il Sistema Musei di Roma Capitale\"}]},{\"@type\":\"WebSite\",\"@id\":\"https:\\\/\\\/www.romaoggi.eu\\\/#website\",\"url\":\"https:\\\/\\\/www.romaoggi.eu\\\/\",\"name\":\"roma oggi\",\"description\":\"Interesting News for Interesting people\",\"publisher\":{\"@id\":\"https:\\\/\\\/www.romaoggi.eu\\\/#organization\"},\"potentialAction\":[{\"@type\":\"SearchAction\",\"target\":{\"@type\":\"EntryPoint\",\"urlTemplate\":\"https:\\\/\\\/www.romaoggi.eu\\\/?s={search_term_string}\"},\"query-input\":{\"@type\":\"PropertyValueSpecification\",\"valueRequired\":true,\"valueName\":\"search_term_string\"}}],\"inLanguage\":\"it-IT\"},{\"@type\":\"Organization\",\"@id\":\"https:\\\/\\\/www.romaoggi.eu\\\/#organization\",\"name\":\"RomaOggi\",\"url\":\"https:\\\/\\\/www.romaoggi.eu\\\/\",\"logo\":{\"@type\":\"ImageObject\",\"inLanguage\":\"it-IT\",\"@id\":\"https:\\\/\\\/www.romaoggi.eu\\\/#\\\/schema\\\/logo\\\/image\\\/\",\"url\":\"https:\\\/\\\/www.romaoggi.eu\\\/wp-content\\\/uploads\\\/2017\\\/04\\\/logowp.jpg\",\"contentUrl\":\"https:\\\/\\\/www.romaoggi.eu\\\/wp-content\\\/uploads\\\/2017\\\/04\\\/logowp.jpg\",\"width\":300,\"height\":133,\"caption\":\"RomaOggi\"},\"image\":{\"@id\":\"https:\\\/\\\/www.romaoggi.eu\\\/#\\\/schema\\\/logo\\\/image\\\/\"},\"sameAs\":[\"https:\\\/\\\/www.facebook.com\\\/RomaOggi-841544845954114\",\"https:\\\/\\\/x.com\\\/romaoggi_eu\"]},{\"@type\":\"Person\",\"@id\":\"https:\\\/\\\/www.romaoggi.eu\\\/#\\\/schema\\\/person\\\/30ada62b3bd510c45a781b7e3bf65e69\",\"name\":\"Alessandro Lisci\",\"image\":{\"@type\":\"ImageObject\",\"inLanguage\":\"it-IT\",\"@id\":\"https:\\\/\\\/secure.gravatar.com\\\/avatar\\\/9b9712162b2ac404aa0d7d978185f203808e7bd02856a449b19868b2eb80cf12?s=96&d=mm&r=g\",\"url\":\"https:\\\/\\\/secure.gravatar.com\\\/avatar\\\/9b9712162b2ac404aa0d7d978185f203808e7bd02856a449b19868b2eb80cf12?s=96&d=mm&r=g\",\"contentUrl\":\"https:\\\/\\\/secure.gravatar.com\\\/avatar\\\/9b9712162b2ac404aa0d7d978185f203808e7bd02856a449b19868b2eb80cf12?s=96&d=mm&r=g\",\"caption\":\"Alessandro Lisci\"},\"sameAs\":[\"http:\\\/\\\/www.alessandrolisci.com\",\"https:\\\/\\\/www.facebook.com\\\/alessandro.lisci.5\",\"https:\\\/\\\/x.com\\\/https:\\\/\\\/twitter.com\\\/alessandrolisci\",\"https:\\\/\\\/www.youtube.com\\\/user\\\/alessandrolisci\"],\"url\":\"https:\\\/\\\/www.romaoggi.eu\\\/index.php\\\/author\\\/alessandro\\\/\"}]}<\/script>\n<!-- \/ Yoast SEO plugin. -->","yoast_head_json":{"title":"Riapre il Sistema Musei di Roma Capitale","description":"Campidoglio, Roma Culture: pronti alla riapertura del Sistema Musei civici\u00a0 e di Palazzo delle Esposizioni, MACRO e Mattatoio Tra le novit\u00e0 la mostra","robots":{"index":"index","follow":"follow","max-snippet":"max-snippet:-1","max-image-preview":"max-image-preview:large","max-video-preview":"max-video-preview:-1"},"canonical":"https:\/\/www.romaoggi.eu\/index.php\/2021\/01\/30\/riapre-il-sistema-musei-di-roma-capitale\/","og_locale":"it_IT","og_type":"article","og_title":"Riapre il Sistema Musei di Roma Capitale","og_description":"Campidoglio, Roma Culture: pronti alla riapertura del Sistema Musei civici\u00a0 e di Palazzo delle Esposizioni, MACRO e Mattatoio Tra le novit\u00e0 la mostra","og_url":"https:\/\/www.romaoggi.eu\/index.php\/2021\/01\/30\/riapre-il-sistema-musei-di-roma-capitale\/","og_site_name":"roma oggi","article_publisher":"https:\/\/www.facebook.com\/RomaOggi-841544845954114","article_author":"https:\/\/www.facebook.com\/alessandro.lisci.5","article_published_time":"2021-01-30T16:47:32+00:00","article_modified_time":"2021-01-30T19:24:33+00:00","og_image":[{"width":1050,"height":545,"url":"https:\/\/www.romaoggi.eu\/wp-content\/uploads\/2021\/01\/josef-koudelka_1050.jpg","type":"image\/jpeg"}],"author":"Alessandro Lisci","twitter_card":"summary_large_image","twitter_creator":"@https:\/\/twitter.com\/alessandrolisci","twitter_site":"@romaoggi_eu","twitter_misc":{"Scritto da":"Alessandro Lisci","Tempo di lettura stimato":"8 minuti"},"schema":{"@context":"https:\/\/schema.org","@graph":[{"@type":"Article","@id":"https:\/\/www.romaoggi.eu\/index.php\/2021\/01\/30\/riapre-il-sistema-musei-di-roma-capitale\/#article","isPartOf":{"@id":"https:\/\/www.romaoggi.eu\/index.php\/2021\/01\/30\/riapre-il-sistema-musei-di-roma-capitale\/"},"author":{"name":"Alessandro Lisci","@id":"https:\/\/www.romaoggi.eu\/#\/schema\/person\/30ada62b3bd510c45a781b7e3bf65e69"},"headline":"Riapre il Sistema Musei di Roma Capitale","datePublished":"2021-01-30T16:47:32+00:00","dateModified":"2021-01-30T19:24:33+00:00","mainEntityOfPage":{"@id":"https:\/\/www.romaoggi.eu\/index.php\/2021\/01\/30\/riapre-il-sistema-musei-di-roma-capitale\/"},"wordCount":1536,"commentCount":0,"publisher":{"@id":"https:\/\/www.romaoggi.eu\/#organization"},"image":{"@id":"https:\/\/www.romaoggi.eu\/index.php\/2021\/01\/30\/riapre-il-sistema-musei-di-roma-capitale\/#primaryimage"},"thumbnailUrl":"https:\/\/www.romaoggi.eu\/wp-content\/uploads\/2021\/01\/mosaico_1050x545_1.jpg","keywords":["Ara Pacis","macro","Mercati di Traiano","Musei di Roma Capitale","Quadriennale d\u2019Arte 2020","RomaOggi.eu"],"articleSection":["COMUNICATI STAMPA"],"inLanguage":"it-IT","potentialAction":[{"@type":"CommentAction","name":"Comment","target":["https:\/\/www.romaoggi.eu\/index.php\/2021\/01\/30\/riapre-il-sistema-musei-di-roma-capitale\/#respond"]}]},{"@type":"WebPage","@id":"https:\/\/www.romaoggi.eu\/index.php\/2021\/01\/30\/riapre-il-sistema-musei-di-roma-capitale\/","url":"https:\/\/www.romaoggi.eu\/index.php\/2021\/01\/30\/riapre-il-sistema-musei-di-roma-capitale\/","name":"Riapre il Sistema Musei di Roma Capitale","isPartOf":{"@id":"https:\/\/www.romaoggi.eu\/#website"},"primaryImageOfPage":{"@id":"https:\/\/www.romaoggi.eu\/index.php\/2021\/01\/30\/riapre-il-sistema-musei-di-roma-capitale\/#primaryimage"},"image":{"@id":"https:\/\/www.romaoggi.eu\/index.php\/2021\/01\/30\/riapre-il-sistema-musei-di-roma-capitale\/#primaryimage"},"thumbnailUrl":"https:\/\/www.romaoggi.eu\/wp-content\/uploads\/2021\/01\/mosaico_1050x545_1.jpg","datePublished":"2021-01-30T16:47:32+00:00","dateModified":"2021-01-30T19:24:33+00:00","description":"Campidoglio, Roma Culture: pronti alla riapertura del Sistema Musei civici\u00a0 e di Palazzo delle Esposizioni, MACRO e Mattatoio Tra le novit\u00e0 la mostra","breadcrumb":{"@id":"https:\/\/www.romaoggi.eu\/index.php\/2021\/01\/30\/riapre-il-sistema-musei-di-roma-capitale\/#breadcrumb"},"inLanguage":"it-IT","potentialAction":[{"@type":"ReadAction","target":["https:\/\/www.romaoggi.eu\/index.php\/2021\/01\/30\/riapre-il-sistema-musei-di-roma-capitale\/"]}]},{"@type":"ImageObject","inLanguage":"it-IT","@id":"https:\/\/www.romaoggi.eu\/index.php\/2021\/01\/30\/riapre-il-sistema-musei-di-roma-capitale\/#primaryimage","url":"https:\/\/www.romaoggi.eu\/wp-content\/uploads\/2021\/01\/mosaico_1050x545_1.jpg","contentUrl":"https:\/\/www.romaoggi.eu\/wp-content\/uploads\/2021\/01\/mosaico_1050x545_1.jpg","width":1050,"height":545,"caption":"Sistema Musei di Roma Capitale"},{"@type":"BreadcrumbList","@id":"https:\/\/www.romaoggi.eu\/index.php\/2021\/01\/30\/riapre-il-sistema-musei-di-roma-capitale\/#breadcrumb","itemListElement":[{"@type":"ListItem","position":1,"name":"Home","item":"https:\/\/www.romaoggi.eu\/"},{"@type":"ListItem","position":2,"name":"Riapre il Sistema Musei di Roma Capitale"}]},{"@type":"WebSite","@id":"https:\/\/www.romaoggi.eu\/#website","url":"https:\/\/www.romaoggi.eu\/","name":"roma oggi","description":"Interesting News for Interesting people","publisher":{"@id":"https:\/\/www.romaoggi.eu\/#organization"},"potentialAction":[{"@type":"SearchAction","target":{"@type":"EntryPoint","urlTemplate":"https:\/\/www.romaoggi.eu\/?s={search_term_string}"},"query-input":{"@type":"PropertyValueSpecification","valueRequired":true,"valueName":"search_term_string"}}],"inLanguage":"it-IT"},{"@type":"Organization","@id":"https:\/\/www.romaoggi.eu\/#organization","name":"RomaOggi","url":"https:\/\/www.romaoggi.eu\/","logo":{"@type":"ImageObject","inLanguage":"it-IT","@id":"https:\/\/www.romaoggi.eu\/#\/schema\/logo\/image\/","url":"https:\/\/www.romaoggi.eu\/wp-content\/uploads\/2017\/04\/logowp.jpg","contentUrl":"https:\/\/www.romaoggi.eu\/wp-content\/uploads\/2017\/04\/logowp.jpg","width":300,"height":133,"caption":"RomaOggi"},"image":{"@id":"https:\/\/www.romaoggi.eu\/#\/schema\/logo\/image\/"},"sameAs":["https:\/\/www.facebook.com\/RomaOggi-841544845954114","https:\/\/x.com\/romaoggi_eu"]},{"@type":"Person","@id":"https:\/\/www.romaoggi.eu\/#\/schema\/person\/30ada62b3bd510c45a781b7e3bf65e69","name":"Alessandro Lisci","image":{"@type":"ImageObject","inLanguage":"it-IT","@id":"https:\/\/secure.gravatar.com\/avatar\/9b9712162b2ac404aa0d7d978185f203808e7bd02856a449b19868b2eb80cf12?s=96&d=mm&r=g","url":"https:\/\/secure.gravatar.com\/avatar\/9b9712162b2ac404aa0d7d978185f203808e7bd02856a449b19868b2eb80cf12?s=96&d=mm&r=g","contentUrl":"https:\/\/secure.gravatar.com\/avatar\/9b9712162b2ac404aa0d7d978185f203808e7bd02856a449b19868b2eb80cf12?s=96&d=mm&r=g","caption":"Alessandro Lisci"},"sameAs":["http:\/\/www.alessandrolisci.com","https:\/\/www.facebook.com\/alessandro.lisci.5","https:\/\/x.com\/https:\/\/twitter.com\/alessandrolisci","https:\/\/www.youtube.com\/user\/alessandrolisci"],"url":"https:\/\/www.romaoggi.eu\/index.php\/author\/alessandro\/"}]}},"_links":{"self":[{"href":"https:\/\/www.romaoggi.eu\/index.php\/wp-json\/wp\/v2\/posts\/26448","targetHints":{"allow":["GET"]}}],"collection":[{"href":"https:\/\/www.romaoggi.eu\/index.php\/wp-json\/wp\/v2\/posts"}],"about":[{"href":"https:\/\/www.romaoggi.eu\/index.php\/wp-json\/wp\/v2\/types\/post"}],"author":[{"embeddable":true,"href":"https:\/\/www.romaoggi.eu\/index.php\/wp-json\/wp\/v2\/users\/10"}],"replies":[{"embeddable":true,"href":"https:\/\/www.romaoggi.eu\/index.php\/wp-json\/wp\/v2\/comments?post=26448"}],"version-history":[{"count":2,"href":"https:\/\/www.romaoggi.eu\/index.php\/wp-json\/wp\/v2\/posts\/26448\/revisions"}],"predecessor-version":[{"id":26451,"href":"https:\/\/www.romaoggi.eu\/index.php\/wp-json\/wp\/v2\/posts\/26448\/revisions\/26451"}],"wp:featuredmedia":[{"embeddable":true,"href":"https:\/\/www.romaoggi.eu\/index.php\/wp-json\/wp\/v2\/media\/26450"}],"wp:attachment":[{"href":"https:\/\/www.romaoggi.eu\/index.php\/wp-json\/wp\/v2\/media?parent=26448"}],"wp:term":[{"taxonomy":"category","embeddable":true,"href":"https:\/\/www.romaoggi.eu\/index.php\/wp-json\/wp\/v2\/categories?post=26448"},{"taxonomy":"post_tag","embeddable":true,"href":"https:\/\/www.romaoggi.eu\/index.php\/wp-json\/wp\/v2\/tags?post=26448"}],"curies":[{"name":"wp","href":"https:\/\/api.w.org\/{rel}","templated":true}]}}