{"id":26560,"date":"2021-02-25T16:21:13","date_gmt":"2021-02-25T15:21:13","guid":{"rendered":"http:\/\/www.romaoggi.eu\/?p=26560"},"modified":"2021-02-25T16:24:00","modified_gmt":"2021-02-25T15:24:00","slug":"la-moda-come-al-cinema-altaroma-chiude-il-calendario-segnando-il-successo-dellera-digitale-del-fashion","status":"publish","type":"post","link":"https:\/\/www.romaoggi.eu\/index.php\/2021\/02\/25\/la-moda-come-al-cinema-altaroma-chiude-il-calendario-segnando-il-successo-dellera-digitale-del-fashion\/","title":{"rendered":"LA MODA COME AL CINEMA. ALTAROMA CHIUDE IL CALENDARIO SEGNANDO IL SUCCESSO DELL\u2019ERA DIGITALE DEL FASHION"},"content":{"rendered":"<p>Roma, 20 febbraio 2021 &#8211; \u00abIl Cinema non \u00e8 mai stato cos\u00ec vero. La Moda non \u00e8 mai stata cos\u00ec vicina\u00bb. \u00c8 cos\u00ec che commenta Adriano Franchi, Direttore Generale di Altaroma, alla chiusura del calendario della Roma Fashion Week, che si \u00e8 appena conclusa negli studi di Cinecitt\u00e0. Un\u2019edizione completamente digitale, trasmessa in live streaming e compressa in tre giorni, che ha registrato per la prima volta l\u2019assenza totale del pubblico in presenza, ma un\u2019affluenza online superiore all\u2019edizione settembrina, che aveva lanciato il primo esperimento in digitale. Realizzata grazie al supporto dei Soci (Camera di Commercio di Roma, Regione Lazio, Risorse per Roma, Citt\u00e0 metropolitana di Roma Capitale), al sostegno determinante di ICE Agenzia, del Ministero degli Affari Esteri e della Cooperazione Internazionale, la manifestazione \u00e8 ormai considerata l\u2019avamposto della moda indipendente e dei talenti emergenti del Made in Italy.<\/p>\n<p>Un traguardo raggiunto dopo un lungo processo di riposizionamento che negli anni ha visto Altaroma affermarsi come l\u2019istituzione italiana della moda dedicata a studenti, designer emergenti e giovani talenti, offrendo loro una rete di opportunit\u00e0 e visibilit\u00e0 in stretta connessione con le principali manifestazioni italiane e internazionali. Alcuni numeri di questa manifestazione: 97 i brand\/ designer partecipanti alle iniziative in calendario 156 tra buyer, showroom e concept-store accreditati sulla piattaforma digitale, di cui 98 stranieri 190 giornalisti accreditati tra estero e Italia 30 eventi in piattaforma 20 gli studenti dei final work 18 eventi in live streaming 14 sfilate Oltre 50.000 utenti che hanno seguito online la manifestazione.<\/p>\n<p>L\u2019impegno con il territorio, con gli artigiani e la manifattura tradizionale si concretizza con Showcase &#8211; uno dei progetti che attrae maggiormente l\u2019interesse degli addetti ai lavori -, che giunge alla settima edizione e diventa un punto di riferimento della manifestazione, con 77 designer, impegnati in una vetrina virtuale aperta sul mondo, e che conta su oltre il 60% di marchi sostenibili. \u00abSiamo molto soddisfatti di questa edizione digitale &#8211; continua il Direttore Generale &#8211; per due motivi in particolare: per essere riusciti a dare continuit\u00e0 a gran parte del tradizionale impianto progettuale, e per la crescita notevole delle presenze in piattaforma, soprattutto di buyer stranieri grazie al grande lavoro fatto con ICE Agenzia.<\/p>\n<p>L\u2019emergenza sanitaria ha contribuito a velocizzare alcuni processi, tra cui l\u2019attenzione e la consapevolezza verso un\u2019etica e una sostenibilit\u00e0 della moda, cui per definizione i giovani hanno da sempre avuto un\u2019attenzione particolare, che oggi arriva a rappresentare una gran parte dei brand partecipanti\u00bb. Tutti i materiali stampa della manifestazione sono disponibili sulla piattaforma online digitalrunway.altaroma.it per info: presspr@altaroma.it | +39 06 6781313<\/p>\n","protected":false},"excerpt":{"rendered":"<div class=\"mh-excerpt\"><p>Roma, 20 febbraio 2021 &#8211; \u00abIl Cinema non \u00e8 mai stato cos\u00ec vero. La Moda non \u00e8 mai stata cos\u00ec vicina\u00bb. \u00c8 cos\u00ec che commenta Adriano Franchi, Direttore Generale di Altaroma, alla chiusura del calendario <a class=\"mh-excerpt-more\" href=\"https:\/\/www.romaoggi.eu\/index.php\/2021\/02\/25\/la-moda-come-al-cinema-altaroma-chiude-il-calendario-segnando-il-successo-dellera-digitale-del-fashion\/\" title=\"LA MODA COME AL CINEMA. ALTAROMA CHIUDE IL CALENDARIO SEGNANDO IL SUCCESSO DELL\u2019ERA DIGITALE DEL FASHION\">[&#8230;]<\/a><\/p>\n<\/div>","protected":false},"author":10,"featured_media":26562,"comment_status":"closed","ping_status":"open","sticky":false,"template":"","format":"standard","meta":{"_sitemap_exclude":false,"_sitemap_priority":"","_sitemap_frequency":"","footnotes":""},"categories":[13933],"tags":[14515,14517,740,14516,1738],"class_list":["post-26560","post","type-post","status-publish","format-standard","has-post-thumbnail","hentry","category-comunicati-stampa","tag-alta-moda-roma","tag-fashion-runway","tag-made-in-italy","tag-roma-fashion-week","tag-romaoggi-eu"],"yoast_head":"<!-- This site is optimized with the Yoast SEO plugin v27.5 - https:\/\/yoast.com\/product\/yoast-seo-wordpress\/ -->\n<title>LA MODA COME AL CINEMA. ALTAROMA CHIUDE IL CALENDARIO SEGNANDO IL SUCCESSO DELL\u2019ERA DIGITALE DEL FASHION<\/title>\n<meta name=\"description\" content=\"Roma, 20 febbraio 2021 - \u00abIl Cinema non \u00e8 mai stato cos\u00ec vero. La Moda non \u00e8 mai stata cos\u00ec vicina\u00bb. \u00c8 cos\u00ec che commenta Adriano Franchi, Direttore\" \/>\n<meta name=\"robots\" content=\"index, follow, max-snippet:-1, max-image-preview:large, max-video-preview:-1\" \/>\n<link rel=\"canonical\" href=\"https:\/\/www.romaoggi.eu\/index.php\/2021\/02\/25\/la-moda-come-al-cinema-altaroma-chiude-il-calendario-segnando-il-successo-dellera-digitale-del-fashion\/\" \/>\n<meta property=\"og:locale\" content=\"it_IT\" \/>\n<meta property=\"og:type\" content=\"article\" \/>\n<meta property=\"og:title\" content=\"LA MODA COME AL CINEMA. ALTAROMA CHIUDE IL CALENDARIO SEGNANDO IL SUCCESSO DELL\u2019ERA DIGITALE DEL FASHION\" \/>\n<meta property=\"og:description\" content=\"Roma, 20 febbraio 2021 - \u00abIl Cinema non \u00e8 mai stato cos\u00ec vero. La Moda non \u00e8 mai stata cos\u00ec vicina\u00bb. \u00c8 cos\u00ec che commenta Adriano Franchi, Direttore\" \/>\n<meta property=\"og:url\" content=\"https:\/\/www.romaoggi.eu\/index.php\/2021\/02\/25\/la-moda-come-al-cinema-altaroma-chiude-il-calendario-segnando-il-successo-dellera-digitale-del-fashion\/\" \/>\n<meta property=\"og:site_name\" content=\"roma oggi\" \/>\n<meta property=\"article:publisher\" content=\"https:\/\/www.facebook.com\/RomaOggi-841544845954114\" \/>\n<meta property=\"article:author\" content=\"https:\/\/www.facebook.com\/alessandro.lisci.5\" \/>\n<meta property=\"article:published_time\" content=\"2021-02-25T15:21:13+00:00\" \/>\n<meta property=\"article:modified_time\" content=\"2021-02-25T15:24:00+00:00\" \/>\n<meta property=\"og:image\" content=\"https:\/\/www.romaoggi.eu\/wp-content\/uploads\/2021\/02\/145737706_983315212195536_3109508507861608989_n.jpg\" \/>\n\t<meta property=\"og:image:width\" content=\"1080\" \/>\n\t<meta property=\"og:image:height\" content=\"1080\" \/>\n\t<meta property=\"og:image:type\" content=\"image\/jpeg\" \/>\n<meta name=\"author\" content=\"Alessandro Lisci\" \/>\n<meta name=\"twitter:card\" content=\"summary_large_image\" \/>\n<meta name=\"twitter:creator\" content=\"@https:\/\/twitter.com\/alessandrolisci\" \/>\n<meta name=\"twitter:site\" content=\"@romaoggi_eu\" \/>\n<meta name=\"twitter:label1\" content=\"Scritto da\" \/>\n\t<meta name=\"twitter:data1\" content=\"Alessandro Lisci\" \/>\n\t<meta name=\"twitter:label2\" content=\"Tempo di lettura stimato\" \/>\n\t<meta name=\"twitter:data2\" content=\"2 minuti\" \/>\n<script type=\"application\/ld+json\" class=\"yoast-schema-graph\">{\"@context\":\"https:\\\/\\\/schema.org\",\"@graph\":[{\"@type\":\"Article\",\"@id\":\"https:\\\/\\\/www.romaoggi.eu\\\/index.php\\\/2021\\\/02\\\/25\\\/la-moda-come-al-cinema-altaroma-chiude-il-calendario-segnando-il-successo-dellera-digitale-del-fashion\\\/#article\",\"isPartOf\":{\"@id\":\"https:\\\/\\\/www.romaoggi.eu\\\/index.php\\\/2021\\\/02\\\/25\\\/la-moda-come-al-cinema-altaroma-chiude-il-calendario-segnando-il-successo-dellera-digitale-del-fashion\\\/\"},\"author\":{\"name\":\"Alessandro Lisci\",\"@id\":\"https:\\\/\\\/www.romaoggi.eu\\\/#\\\/schema\\\/person\\\/30ada62b3bd510c45a781b7e3bf65e69\"},\"headline\":\"LA MODA COME AL CINEMA. ALTAROMA CHIUDE IL CALENDARIO SEGNANDO IL SUCCESSO DELL\u2019ERA DIGITALE DEL FASHION\",\"datePublished\":\"2021-02-25T15:21:13+00:00\",\"dateModified\":\"2021-02-25T15:24:00+00:00\",\"mainEntityOfPage\":{\"@id\":\"https:\\\/\\\/www.romaoggi.eu\\\/index.php\\\/2021\\\/02\\\/25\\\/la-moda-come-al-cinema-altaroma-chiude-il-calendario-segnando-il-successo-dellera-digitale-del-fashion\\\/\"},\"wordCount\":435,\"publisher\":{\"@id\":\"https:\\\/\\\/www.romaoggi.eu\\\/#organization\"},\"image\":{\"@id\":\"https:\\\/\\\/www.romaoggi.eu\\\/index.php\\\/2021\\\/02\\\/25\\\/la-moda-come-al-cinema-altaroma-chiude-il-calendario-segnando-il-successo-dellera-digitale-del-fashion\\\/#primaryimage\"},\"thumbnailUrl\":\"https:\\\/\\\/www.romaoggi.eu\\\/wp-content\\\/uploads\\\/2021\\\/02\\\/145737706_983315212195536_3109508507861608989_n.jpg\",\"keywords\":[\"alta moda roma\",\"fashion runway\",\"made in italy\",\"Roma Fashion Week\",\"RomaOggi.eu\"],\"articleSection\":[\"COMUNICATI STAMPA\"],\"inLanguage\":\"it-IT\"},{\"@type\":\"WebPage\",\"@id\":\"https:\\\/\\\/www.romaoggi.eu\\\/index.php\\\/2021\\\/02\\\/25\\\/la-moda-come-al-cinema-altaroma-chiude-il-calendario-segnando-il-successo-dellera-digitale-del-fashion\\\/\",\"url\":\"https:\\\/\\\/www.romaoggi.eu\\\/index.php\\\/2021\\\/02\\\/25\\\/la-moda-come-al-cinema-altaroma-chiude-il-calendario-segnando-il-successo-dellera-digitale-del-fashion\\\/\",\"name\":\"LA MODA COME AL CINEMA. ALTAROMA CHIUDE IL CALENDARIO SEGNANDO IL SUCCESSO DELL\u2019ERA DIGITALE DEL FASHION\",\"isPartOf\":{\"@id\":\"https:\\\/\\\/www.romaoggi.eu\\\/#website\"},\"primaryImageOfPage\":{\"@id\":\"https:\\\/\\\/www.romaoggi.eu\\\/index.php\\\/2021\\\/02\\\/25\\\/la-moda-come-al-cinema-altaroma-chiude-il-calendario-segnando-il-successo-dellera-digitale-del-fashion\\\/#primaryimage\"},\"image\":{\"@id\":\"https:\\\/\\\/www.romaoggi.eu\\\/index.php\\\/2021\\\/02\\\/25\\\/la-moda-come-al-cinema-altaroma-chiude-il-calendario-segnando-il-successo-dellera-digitale-del-fashion\\\/#primaryimage\"},\"thumbnailUrl\":\"https:\\\/\\\/www.romaoggi.eu\\\/wp-content\\\/uploads\\\/2021\\\/02\\\/145737706_983315212195536_3109508507861608989_n.jpg\",\"datePublished\":\"2021-02-25T15:21:13+00:00\",\"dateModified\":\"2021-02-25T15:24:00+00:00\",\"description\":\"Roma, 20 febbraio 2021 - \u00abIl Cinema non \u00e8 mai stato cos\u00ec vero. La Moda non \u00e8 mai stata cos\u00ec vicina\u00bb. \u00c8 cos\u00ec che commenta Adriano Franchi, Direttore\",\"breadcrumb\":{\"@id\":\"https:\\\/\\\/www.romaoggi.eu\\\/index.php\\\/2021\\\/02\\\/25\\\/la-moda-come-al-cinema-altaroma-chiude-il-calendario-segnando-il-successo-dellera-digitale-del-fashion\\\/#breadcrumb\"},\"inLanguage\":\"it-IT\",\"potentialAction\":[{\"@type\":\"ReadAction\",\"target\":[\"https:\\\/\\\/www.romaoggi.eu\\\/index.php\\\/2021\\\/02\\\/25\\\/la-moda-come-al-cinema-altaroma-chiude-il-calendario-segnando-il-successo-dellera-digitale-del-fashion\\\/\"]}]},{\"@type\":\"ImageObject\",\"inLanguage\":\"it-IT\",\"@id\":\"https:\\\/\\\/www.romaoggi.eu\\\/index.php\\\/2021\\\/02\\\/25\\\/la-moda-come-al-cinema-altaroma-chiude-il-calendario-segnando-il-successo-dellera-digitale-del-fashion\\\/#primaryimage\",\"url\":\"https:\\\/\\\/www.romaoggi.eu\\\/wp-content\\\/uploads\\\/2021\\\/02\\\/145737706_983315212195536_3109508507861608989_n.jpg\",\"contentUrl\":\"https:\\\/\\\/www.romaoggi.eu\\\/wp-content\\\/uploads\\\/2021\\\/02\\\/145737706_983315212195536_3109508507861608989_n.jpg\",\"width\":1080,\"height\":1080,\"caption\":\"Fashion Runway 18-20 febbraio 2021\"},{\"@type\":\"BreadcrumbList\",\"@id\":\"https:\\\/\\\/www.romaoggi.eu\\\/index.php\\\/2021\\\/02\\\/25\\\/la-moda-come-al-cinema-altaroma-chiude-il-calendario-segnando-il-successo-dellera-digitale-del-fashion\\\/#breadcrumb\",\"itemListElement\":[{\"@type\":\"ListItem\",\"position\":1,\"name\":\"Home\",\"item\":\"https:\\\/\\\/www.romaoggi.eu\\\/\"},{\"@type\":\"ListItem\",\"position\":2,\"name\":\"LA MODA COME AL CINEMA. ALTAROMA CHIUDE IL CALENDARIO SEGNANDO IL SUCCESSO DELL\u2019ERA DIGITALE DEL FASHION\"}]},{\"@type\":\"WebSite\",\"@id\":\"https:\\\/\\\/www.romaoggi.eu\\\/#website\",\"url\":\"https:\\\/\\\/www.romaoggi.eu\\\/\",\"name\":\"roma oggi\",\"description\":\"Interesting News for Interesting people\",\"publisher\":{\"@id\":\"https:\\\/\\\/www.romaoggi.eu\\\/#organization\"},\"potentialAction\":[{\"@type\":\"SearchAction\",\"target\":{\"@type\":\"EntryPoint\",\"urlTemplate\":\"https:\\\/\\\/www.romaoggi.eu\\\/?s={search_term_string}\"},\"query-input\":{\"@type\":\"PropertyValueSpecification\",\"valueRequired\":true,\"valueName\":\"search_term_string\"}}],\"inLanguage\":\"it-IT\"},{\"@type\":\"Organization\",\"@id\":\"https:\\\/\\\/www.romaoggi.eu\\\/#organization\",\"name\":\"RomaOggi\",\"url\":\"https:\\\/\\\/www.romaoggi.eu\\\/\",\"logo\":{\"@type\":\"ImageObject\",\"inLanguage\":\"it-IT\",\"@id\":\"https:\\\/\\\/www.romaoggi.eu\\\/#\\\/schema\\\/logo\\\/image\\\/\",\"url\":\"https:\\\/\\\/www.romaoggi.eu\\\/wp-content\\\/uploads\\\/2017\\\/04\\\/logowp.jpg\",\"contentUrl\":\"https:\\\/\\\/www.romaoggi.eu\\\/wp-content\\\/uploads\\\/2017\\\/04\\\/logowp.jpg\",\"width\":300,\"height\":133,\"caption\":\"RomaOggi\"},\"image\":{\"@id\":\"https:\\\/\\\/www.romaoggi.eu\\\/#\\\/schema\\\/logo\\\/image\\\/\"},\"sameAs\":[\"https:\\\/\\\/www.facebook.com\\\/RomaOggi-841544845954114\",\"https:\\\/\\\/x.com\\\/romaoggi_eu\"]},{\"@type\":\"Person\",\"@id\":\"https:\\\/\\\/www.romaoggi.eu\\\/#\\\/schema\\\/person\\\/30ada62b3bd510c45a781b7e3bf65e69\",\"name\":\"Alessandro Lisci\",\"image\":{\"@type\":\"ImageObject\",\"inLanguage\":\"it-IT\",\"@id\":\"https:\\\/\\\/secure.gravatar.com\\\/avatar\\\/9b9712162b2ac404aa0d7d978185f203808e7bd02856a449b19868b2eb80cf12?s=96&d=mm&r=g\",\"url\":\"https:\\\/\\\/secure.gravatar.com\\\/avatar\\\/9b9712162b2ac404aa0d7d978185f203808e7bd02856a449b19868b2eb80cf12?s=96&d=mm&r=g\",\"contentUrl\":\"https:\\\/\\\/secure.gravatar.com\\\/avatar\\\/9b9712162b2ac404aa0d7d978185f203808e7bd02856a449b19868b2eb80cf12?s=96&d=mm&r=g\",\"caption\":\"Alessandro Lisci\"},\"sameAs\":[\"http:\\\/\\\/www.alessandrolisci.com\",\"https:\\\/\\\/www.facebook.com\\\/alessandro.lisci.5\",\"https:\\\/\\\/x.com\\\/https:\\\/\\\/twitter.com\\\/alessandrolisci\",\"https:\\\/\\\/www.youtube.com\\\/user\\\/alessandrolisci\"],\"url\":\"https:\\\/\\\/www.romaoggi.eu\\\/index.php\\\/author\\\/alessandro\\\/\"}]}<\/script>\n<!-- \/ Yoast SEO plugin. -->","yoast_head_json":{"title":"LA MODA COME AL CINEMA. ALTAROMA CHIUDE IL CALENDARIO SEGNANDO IL SUCCESSO DELL\u2019ERA DIGITALE DEL FASHION","description":"Roma, 20 febbraio 2021 - \u00abIl Cinema non \u00e8 mai stato cos\u00ec vero. La Moda non \u00e8 mai stata cos\u00ec vicina\u00bb. \u00c8 cos\u00ec che commenta Adriano Franchi, Direttore","robots":{"index":"index","follow":"follow","max-snippet":"max-snippet:-1","max-image-preview":"max-image-preview:large","max-video-preview":"max-video-preview:-1"},"canonical":"https:\/\/www.romaoggi.eu\/index.php\/2021\/02\/25\/la-moda-come-al-cinema-altaroma-chiude-il-calendario-segnando-il-successo-dellera-digitale-del-fashion\/","og_locale":"it_IT","og_type":"article","og_title":"LA MODA COME AL CINEMA. ALTAROMA CHIUDE IL CALENDARIO SEGNANDO IL SUCCESSO DELL\u2019ERA DIGITALE DEL FASHION","og_description":"Roma, 20 febbraio 2021 - \u00abIl Cinema non \u00e8 mai stato cos\u00ec vero. La Moda non \u00e8 mai stata cos\u00ec vicina\u00bb. \u00c8 cos\u00ec che commenta Adriano Franchi, Direttore","og_url":"https:\/\/www.romaoggi.eu\/index.php\/2021\/02\/25\/la-moda-come-al-cinema-altaroma-chiude-il-calendario-segnando-il-successo-dellera-digitale-del-fashion\/","og_site_name":"roma oggi","article_publisher":"https:\/\/www.facebook.com\/RomaOggi-841544845954114","article_author":"https:\/\/www.facebook.com\/alessandro.lisci.5","article_published_time":"2021-02-25T15:21:13+00:00","article_modified_time":"2021-02-25T15:24:00+00:00","og_image":[{"width":1080,"height":1080,"url":"https:\/\/www.romaoggi.eu\/wp-content\/uploads\/2021\/02\/145737706_983315212195536_3109508507861608989_n.jpg","type":"image\/jpeg"}],"author":"Alessandro Lisci","twitter_card":"summary_large_image","twitter_creator":"@https:\/\/twitter.com\/alessandrolisci","twitter_site":"@romaoggi_eu","twitter_misc":{"Scritto da":"Alessandro Lisci","Tempo di lettura stimato":"2 minuti"},"schema":{"@context":"https:\/\/schema.org","@graph":[{"@type":"Article","@id":"https:\/\/www.romaoggi.eu\/index.php\/2021\/02\/25\/la-moda-come-al-cinema-altaroma-chiude-il-calendario-segnando-il-successo-dellera-digitale-del-fashion\/#article","isPartOf":{"@id":"https:\/\/www.romaoggi.eu\/index.php\/2021\/02\/25\/la-moda-come-al-cinema-altaroma-chiude-il-calendario-segnando-il-successo-dellera-digitale-del-fashion\/"},"author":{"name":"Alessandro Lisci","@id":"https:\/\/www.romaoggi.eu\/#\/schema\/person\/30ada62b3bd510c45a781b7e3bf65e69"},"headline":"LA MODA COME AL CINEMA. ALTAROMA CHIUDE IL CALENDARIO SEGNANDO IL SUCCESSO DELL\u2019ERA DIGITALE DEL FASHION","datePublished":"2021-02-25T15:21:13+00:00","dateModified":"2021-02-25T15:24:00+00:00","mainEntityOfPage":{"@id":"https:\/\/www.romaoggi.eu\/index.php\/2021\/02\/25\/la-moda-come-al-cinema-altaroma-chiude-il-calendario-segnando-il-successo-dellera-digitale-del-fashion\/"},"wordCount":435,"publisher":{"@id":"https:\/\/www.romaoggi.eu\/#organization"},"image":{"@id":"https:\/\/www.romaoggi.eu\/index.php\/2021\/02\/25\/la-moda-come-al-cinema-altaroma-chiude-il-calendario-segnando-il-successo-dellera-digitale-del-fashion\/#primaryimage"},"thumbnailUrl":"https:\/\/www.romaoggi.eu\/wp-content\/uploads\/2021\/02\/145737706_983315212195536_3109508507861608989_n.jpg","keywords":["alta moda roma","fashion runway","made in italy","Roma Fashion Week","RomaOggi.eu"],"articleSection":["COMUNICATI STAMPA"],"inLanguage":"it-IT"},{"@type":"WebPage","@id":"https:\/\/www.romaoggi.eu\/index.php\/2021\/02\/25\/la-moda-come-al-cinema-altaroma-chiude-il-calendario-segnando-il-successo-dellera-digitale-del-fashion\/","url":"https:\/\/www.romaoggi.eu\/index.php\/2021\/02\/25\/la-moda-come-al-cinema-altaroma-chiude-il-calendario-segnando-il-successo-dellera-digitale-del-fashion\/","name":"LA MODA COME AL CINEMA. ALTAROMA CHIUDE IL CALENDARIO SEGNANDO IL SUCCESSO DELL\u2019ERA DIGITALE DEL FASHION","isPartOf":{"@id":"https:\/\/www.romaoggi.eu\/#website"},"primaryImageOfPage":{"@id":"https:\/\/www.romaoggi.eu\/index.php\/2021\/02\/25\/la-moda-come-al-cinema-altaroma-chiude-il-calendario-segnando-il-successo-dellera-digitale-del-fashion\/#primaryimage"},"image":{"@id":"https:\/\/www.romaoggi.eu\/index.php\/2021\/02\/25\/la-moda-come-al-cinema-altaroma-chiude-il-calendario-segnando-il-successo-dellera-digitale-del-fashion\/#primaryimage"},"thumbnailUrl":"https:\/\/www.romaoggi.eu\/wp-content\/uploads\/2021\/02\/145737706_983315212195536_3109508507861608989_n.jpg","datePublished":"2021-02-25T15:21:13+00:00","dateModified":"2021-02-25T15:24:00+00:00","description":"Roma, 20 febbraio 2021 - \u00abIl Cinema non \u00e8 mai stato cos\u00ec vero. La Moda non \u00e8 mai stata cos\u00ec vicina\u00bb. \u00c8 cos\u00ec che commenta Adriano Franchi, Direttore","breadcrumb":{"@id":"https:\/\/www.romaoggi.eu\/index.php\/2021\/02\/25\/la-moda-come-al-cinema-altaroma-chiude-il-calendario-segnando-il-successo-dellera-digitale-del-fashion\/#breadcrumb"},"inLanguage":"it-IT","potentialAction":[{"@type":"ReadAction","target":["https:\/\/www.romaoggi.eu\/index.php\/2021\/02\/25\/la-moda-come-al-cinema-altaroma-chiude-il-calendario-segnando-il-successo-dellera-digitale-del-fashion\/"]}]},{"@type":"ImageObject","inLanguage":"it-IT","@id":"https:\/\/www.romaoggi.eu\/index.php\/2021\/02\/25\/la-moda-come-al-cinema-altaroma-chiude-il-calendario-segnando-il-successo-dellera-digitale-del-fashion\/#primaryimage","url":"https:\/\/www.romaoggi.eu\/wp-content\/uploads\/2021\/02\/145737706_983315212195536_3109508507861608989_n.jpg","contentUrl":"https:\/\/www.romaoggi.eu\/wp-content\/uploads\/2021\/02\/145737706_983315212195536_3109508507861608989_n.jpg","width":1080,"height":1080,"caption":"Fashion Runway 18-20 febbraio 2021"},{"@type":"BreadcrumbList","@id":"https:\/\/www.romaoggi.eu\/index.php\/2021\/02\/25\/la-moda-come-al-cinema-altaroma-chiude-il-calendario-segnando-il-successo-dellera-digitale-del-fashion\/#breadcrumb","itemListElement":[{"@type":"ListItem","position":1,"name":"Home","item":"https:\/\/www.romaoggi.eu\/"},{"@type":"ListItem","position":2,"name":"LA MODA COME AL CINEMA. ALTAROMA CHIUDE IL CALENDARIO SEGNANDO IL SUCCESSO DELL\u2019ERA DIGITALE DEL FASHION"}]},{"@type":"WebSite","@id":"https:\/\/www.romaoggi.eu\/#website","url":"https:\/\/www.romaoggi.eu\/","name":"roma oggi","description":"Interesting News for Interesting people","publisher":{"@id":"https:\/\/www.romaoggi.eu\/#organization"},"potentialAction":[{"@type":"SearchAction","target":{"@type":"EntryPoint","urlTemplate":"https:\/\/www.romaoggi.eu\/?s={search_term_string}"},"query-input":{"@type":"PropertyValueSpecification","valueRequired":true,"valueName":"search_term_string"}}],"inLanguage":"it-IT"},{"@type":"Organization","@id":"https:\/\/www.romaoggi.eu\/#organization","name":"RomaOggi","url":"https:\/\/www.romaoggi.eu\/","logo":{"@type":"ImageObject","inLanguage":"it-IT","@id":"https:\/\/www.romaoggi.eu\/#\/schema\/logo\/image\/","url":"https:\/\/www.romaoggi.eu\/wp-content\/uploads\/2017\/04\/logowp.jpg","contentUrl":"https:\/\/www.romaoggi.eu\/wp-content\/uploads\/2017\/04\/logowp.jpg","width":300,"height":133,"caption":"RomaOggi"},"image":{"@id":"https:\/\/www.romaoggi.eu\/#\/schema\/logo\/image\/"},"sameAs":["https:\/\/www.facebook.com\/RomaOggi-841544845954114","https:\/\/x.com\/romaoggi_eu"]},{"@type":"Person","@id":"https:\/\/www.romaoggi.eu\/#\/schema\/person\/30ada62b3bd510c45a781b7e3bf65e69","name":"Alessandro Lisci","image":{"@type":"ImageObject","inLanguage":"it-IT","@id":"https:\/\/secure.gravatar.com\/avatar\/9b9712162b2ac404aa0d7d978185f203808e7bd02856a449b19868b2eb80cf12?s=96&d=mm&r=g","url":"https:\/\/secure.gravatar.com\/avatar\/9b9712162b2ac404aa0d7d978185f203808e7bd02856a449b19868b2eb80cf12?s=96&d=mm&r=g","contentUrl":"https:\/\/secure.gravatar.com\/avatar\/9b9712162b2ac404aa0d7d978185f203808e7bd02856a449b19868b2eb80cf12?s=96&d=mm&r=g","caption":"Alessandro Lisci"},"sameAs":["http:\/\/www.alessandrolisci.com","https:\/\/www.facebook.com\/alessandro.lisci.5","https:\/\/x.com\/https:\/\/twitter.com\/alessandrolisci","https:\/\/www.youtube.com\/user\/alessandrolisci"],"url":"https:\/\/www.romaoggi.eu\/index.php\/author\/alessandro\/"}]}},"_links":{"self":[{"href":"https:\/\/www.romaoggi.eu\/index.php\/wp-json\/wp\/v2\/posts\/26560","targetHints":{"allow":["GET"]}}],"collection":[{"href":"https:\/\/www.romaoggi.eu\/index.php\/wp-json\/wp\/v2\/posts"}],"about":[{"href":"https:\/\/www.romaoggi.eu\/index.php\/wp-json\/wp\/v2\/types\/post"}],"author":[{"embeddable":true,"href":"https:\/\/www.romaoggi.eu\/index.php\/wp-json\/wp\/v2\/users\/10"}],"replies":[{"embeddable":true,"href":"https:\/\/www.romaoggi.eu\/index.php\/wp-json\/wp\/v2\/comments?post=26560"}],"version-history":[{"count":2,"href":"https:\/\/www.romaoggi.eu\/index.php\/wp-json\/wp\/v2\/posts\/26560\/revisions"}],"predecessor-version":[{"id":26563,"href":"https:\/\/www.romaoggi.eu\/index.php\/wp-json\/wp\/v2\/posts\/26560\/revisions\/26563"}],"wp:featuredmedia":[{"embeddable":true,"href":"https:\/\/www.romaoggi.eu\/index.php\/wp-json\/wp\/v2\/media\/26562"}],"wp:attachment":[{"href":"https:\/\/www.romaoggi.eu\/index.php\/wp-json\/wp\/v2\/media?parent=26560"}],"wp:term":[{"taxonomy":"category","embeddable":true,"href":"https:\/\/www.romaoggi.eu\/index.php\/wp-json\/wp\/v2\/categories?post=26560"},{"taxonomy":"post_tag","embeddable":true,"href":"https:\/\/www.romaoggi.eu\/index.php\/wp-json\/wp\/v2\/tags?post=26560"}],"curies":[{"name":"wp","href":"https:\/\/api.w.org\/{rel}","templated":true}]}}