{"id":26713,"date":"2021-03-07T12:09:51","date_gmt":"2021-03-07T11:09:51","guid":{"rendered":"http:\/\/www.romaoggi.eu\/?p=26713"},"modified":"2021-03-08T19:05:16","modified_gmt":"2021-03-08T18:05:16","slug":"pioggia-non-ti-temo-a-ridosso-dellaltare-della-patria","status":"publish","type":"post","link":"https:\/\/www.romaoggi.eu\/index.php\/2021\/03\/07\/pioggia-non-ti-temo-a-ridosso-dellaltare-della-patria\/","title":{"rendered":"&#8220;Pioggia non ti temo&#8221; a ridosso dell&#8217;Altare della Patria"},"content":{"rendered":"<p align=\"JUSTIFY\"><strong><span style=\"color: #000000;\">\u201c<span style=\"font-family: Times New Roman, serif;\"><span style=\"font-size: medium;\">La foto del giorno\u201d di domenica 7 Marzo 2021 dal titolo &#8220;Pioggia non ti temo&#8221; ci \u00e8 stata inviata dalla nostra lettrice Susan Marie.<\/span><\/span><\/span><\/strong><\/p>\n<p align=\"JUSTIFY\"><strong><span style=\"color: #000000;\"><span style=\"font-family: Times New Roman, serif;\"><span style=\"font-size: medium;\">Ci presenta una suggestiva immagine dell&#8217; Altare della Patria in bianco e nero.<\/span><\/span><\/span><\/strong><\/p>\n<p align=\"JUSTIFY\"><strong><span style=\"color: #000000;\"><span style=\"font-family: Times New Roman, serif;\"><span style=\"font-size: medium;\">Il commento di Pina Ianiro <\/span><\/span><\/span><\/strong><\/p>\n<p align=\"JUSTIFY\">Anche la pioggia \u00e8 pi\u00f9 bella a Roma, e basta parlare delle buche che si formano sull\u2019asfalto, dei disagi del traffico che quando piove aumenta, e di qualsiasi cosa si possa trovare per lagnarsi. La pioggia \u00e8 bella, ha sempre un argomento in pi\u00f9 da raccontare, \u00e8 che noi siamo sempre di fretta, insofferenti e sbuffiamo una noia costante da mattino a sera. Certo che noiosi che siamo! Anzi \u2026 che semo. Sar\u00e0 che sono adottata romana ma non riesco ad abituarmi alla bellezza di Roma. Sono vent\u2019anni che ci vivo e la giro; il centro \u00e8 una meta fissa eppure mi fa sempre un effetto particolare, resto perennemente a bocca aperta e carica di meraviglia. Piazza Venezia rappresenta il suo fulcro, \u00e9 un concentrato di storia e architetture di epoche diverse. Arrivare qui \u00e8 disorientante, non sai dove guardare, lo sguardo ha l\u2019imbarazzo della scelta, ovunque lo si posi si ha un senso di vertigine, ci si sente piccoli rispetto all\u2019imponenza maestosa che in ogni dove fa sfoggio di s\u00e9.Il Vittoriano si erge sul colle del Campidoglio, l\u2019edificio durante il fascismo veniva utilizzato spesso per i filmati e i proclami di regime, forse per questo il romano doc sotto, sotto, non ce l\u2019ha molto simpatico e lo chiama \u201cla macchina da scrivere\u201d.Ma vuoi mettere una macchina da scrivere di 81 metri in marmo, glassata da una sottile pioggia?<span style=\"font-family: Times New Roman, serif;\"><span style=\"font-size: medium;\">Susan Marie, come me, \u00e8 rimasta estasiata davanti alla bellezza che mozza il fiato ed \u00e8 riuscita a catturare non solo ogni dettaglio architettonico esaltato da una luminosit\u00e0 che enfatizza i contrasti di luci e ombre, ma l\u2019elemento umano: una donna che passeggia riparata dal suo ombrello; quest\u2019unica presenza ammorbidisce l\u2019immagine altrimenti troppo fredda nella sua perfezione da pagina di libro di storia dell\u2019arte, e crea il dialogo tra chi fotografa, tra l\u2019immagine e chi la osserva. Il passo tranquillo, l\u2019ombrello totalmente calato fino alle spalle \u2026 c\u2019\u00e8 solo lei sulla scena di un inusuale teatro, un\u2019ignara attrice e la sua vita che scivolano oltre l\u2019obiettivo fermandosi per sempre impressi in quella posa. <\/span><\/span><\/p>\n<p style=\"text-align: right;\" align=\"JUSTIFY\"><strong><span style=\"font-family: Times New Roman, serif;\"><span style=\"font-size: medium;\">Pina Ianiro \u00a9<\/span><\/span><\/strong><\/p>\n<figure id=\"attachment_26714\" aria-describedby=\"caption-attachment-26714\" style=\"width: 1600px\" class=\"wp-caption alignnone\"><img loading=\"lazy\" decoding=\"async\" class=\"size-full wp-image-26714\" src=\"https:\/\/www.romaoggi.eu\/wp-content\/uploads\/2021\/03\/Photo00122-\u00a9-Susan-Marie-pioggia.jpg\" alt=\"alt tag altare della patria\" width=\"1600\" height=\"720\" srcset=\"https:\/\/www.romaoggi.eu\/wp-content\/uploads\/2021\/03\/Photo00122-\u00a9-Susan-Marie-pioggia.jpg 1600w, https:\/\/www.romaoggi.eu\/wp-content\/uploads\/2021\/03\/Photo00122-\u00a9-Susan-Marie-pioggia-300x135.jpg 300w, https:\/\/www.romaoggi.eu\/wp-content\/uploads\/2021\/03\/Photo00122-\u00a9-Susan-Marie-pioggia-1024x461.jpg 1024w, https:\/\/www.romaoggi.eu\/wp-content\/uploads\/2021\/03\/Photo00122-\u00a9-Susan-Marie-pioggia-1536x691.jpg 1536w\" sizes=\"auto, (max-width: 1600px) 100vw, 1600px\" \/><figcaption id=\"caption-attachment-26714\" class=\"wp-caption-text\">Altare della Patria a Piazza Venezia \u00a9 Susan Marie<\/figcaption><\/figure>\n<p align=\"JUSTIFY\"><span style=\"color: #000000;\">\u2028<\/span><strong><span style=\"color: #000000;\">\u2028<span style=\"font-family: Times New Roman, serif;\"><span style=\"font-size: medium;\"><b>La foto del giorno \u00e8 la rubrica di Alessandro Lisci su \u00a0 <\/b><\/span><\/span><\/span><\/strong><strong><a href=\"https:\/\/www.romaoggi.eu\/\"><span style=\"color: #000080;\"><span style=\"font-family: Times New Roman, serif;\"><span style=\"font-size: medium;\"><u><b>www.Romaoggi.eu<\/b><\/u><\/span><\/span><\/span><\/a><\/strong><strong><span style=\"color: #000000;\"><span style=\"font-family: Times New Roman, serif;\"><span style=\"font-size: medium;\"><b>\u00a0.\u00a0 Invia la tua foto del giorno con un commento al whatsapp 3316379346 oppure alla seguente mail: alessandrolisci@yahoo.it.<\/b><\/span><\/span><\/span><\/strong><\/p>\n<p><strong><span style=\"font-family: Times New Roman, serif;\"><span style=\"font-size: medium;\">Pina Ianiro<\/span><\/span><\/strong><span style=\"font-family: Times New Roman, serif;\"><span style=\"font-size: medium;\">\u00a0 nasce a Caserta, <\/span><\/span><strong><span style=\"font-family: Times New Roman, serif;\"><span style=\"font-size: medium;\">laureata in Sociologia<\/span><\/span><\/strong><span style=\"font-family: Times New Roman, serif;\"><span style=\"font-size: medium;\">. <\/span><\/span><strong><span style=\"font-family: Times New Roman, serif;\"><span style=\"font-size: medium;\">Vive a Roma<\/span><\/span><\/strong><span style=\"font-family: Times New Roman, serif;\"><span style=\"font-size: medium;\"> e lavora come editor anche se preferisce definirsi \u201c<\/span><\/span><strong><span style=\"font-family: Times New Roman, serif;\"><span style=\"font-size: medium;\">curatrice di manoscritti<\/span><\/span><\/strong><span style=\"font-family: Times New Roman, serif;\"><span style=\"font-size: medium;\">\u201d e porta avanti la sua passione per la letteratura e l\u2019arte. <\/span><\/span><strong><span style=\"font-family: Times New Roman, serif;\"><span style=\"font-size: medium;\">Ha pubblicato i romanzi<\/span><\/span><\/strong><span style=\"font-family: Times New Roman, serif;\"><span style=\"font-size: medium;\">:\u201cIl cubo bianco\u201d (Giulio Perrone LAB), \u201cQuanto ci mette la neve a cadere\u201d (L\u2019Erudita) e una raccolta monografica di racconti e poesie \u201cAmore: maneggiare con prudenza\u201d (L\u2019Erudita). <\/span><\/span><strong><span style=\"font-family: Times New Roman, serif;\"><span style=\"font-size: medium;\">Oltre che autrice \u00e8 ghostwriter<\/span><\/span><\/strong><span style=\"font-family: Times New Roman, serif;\"><span style=\"font-size: medium;\">. Gestisce il blog <\/span><\/span><strong><span style=\"font-family: Times New Roman, serif;\"><span style=\"font-size: medium;\">pinaianiro.blogspot.com.<\/span><\/span><\/strong><\/p>\n","protected":false},"excerpt":{"rendered":"<div class=\"mh-excerpt\"><p>\u201cLa foto del giorno\u201d di domenica 7 Marzo 2021 dal titolo &#8220;Pioggia non ti temo&#8221; ci \u00e8 stata inviata dalla nostra lettrice Susan Marie. Ci presenta una suggestiva immagine dell&#8217; Altare della Patria in bianco <a class=\"mh-excerpt-more\" href=\"https:\/\/www.romaoggi.eu\/index.php\/2021\/03\/07\/pioggia-non-ti-temo-a-ridosso-dellaltare-della-patria\/\" title=\"&#8220;Pioggia non ti temo&#8221; a ridosso dell&#8217;Altare della Patria\">[&#8230;]<\/a><\/p>\n<\/div>","protected":false},"author":10,"featured_media":26714,"comment_status":"closed","ping_status":"open","sticky":false,"template":"","format":"standard","meta":{"_sitemap_exclude":false,"_sitemap_priority":"","_sitemap_frequency":"","footnotes":""},"categories":[8934],"tags":[14565,14581,4137,1997,274,10420,6451,14496,14596,343,1738,14580,11466],"class_list":["post-26713","post","type-post","status-publish","format-standard","has-post-thumbnail","hentry","category-lafotodelgiorno","tag-streetphoto","tag-streetphotoroma","tag-alessandro-lisci","tag-altare-della-patria","tag-fotografia","tag-la-foto-del-giorno","tag-piazza-venezia","tag-pina-ianiro","tag-pioggia-non-ti-temo","tag-roma-capitale","tag-romaoggi-eu","tag-streetphotography","tag-susan-marie"],"yoast_head":"<!-- This site is optimized with the Yoast SEO plugin v27.5 - https:\/\/yoast.com\/product\/yoast-seo-wordpress\/ -->\n<title>&quot;Pioggia non ti temo&quot; a ridosso dell&#039;Altare della Patria<\/title>\n<meta name=\"description\" content=\"\u201cLa foto del giorno\u201d di domenica 7 Marzo 2021 dal titolo &quot;Pioggia non ti temo&quot; ci \u00e8 stata inviata dalla nostra lettrice Susan Marie. Ci presenta una\" \/>\n<meta name=\"robots\" content=\"index, follow, max-snippet:-1, max-image-preview:large, max-video-preview:-1\" \/>\n<link rel=\"canonical\" href=\"https:\/\/www.romaoggi.eu\/index.php\/2021\/03\/07\/pioggia-non-ti-temo-a-ridosso-dellaltare-della-patria\/\" \/>\n<meta property=\"og:locale\" content=\"it_IT\" \/>\n<meta property=\"og:type\" content=\"article\" \/>\n<meta property=\"og:title\" content=\"&quot;Pioggia non ti temo&quot; a ridosso dell&#039;Altare della Patria\" \/>\n<meta property=\"og:description\" content=\"\u201cLa foto del giorno\u201d di domenica 7 Marzo 2021 dal titolo &quot;Pioggia non ti temo&quot; ci \u00e8 stata inviata dalla nostra lettrice Susan Marie. Ci presenta una\" \/>\n<meta property=\"og:url\" content=\"https:\/\/www.romaoggi.eu\/index.php\/2021\/03\/07\/pioggia-non-ti-temo-a-ridosso-dellaltare-della-patria\/\" \/>\n<meta property=\"og:site_name\" content=\"roma oggi\" \/>\n<meta property=\"article:publisher\" content=\"https:\/\/www.facebook.com\/RomaOggi-841544845954114\" \/>\n<meta property=\"article:author\" content=\"https:\/\/www.facebook.com\/alessandro.lisci.5\" \/>\n<meta property=\"article:published_time\" content=\"2021-03-07T11:09:51+00:00\" \/>\n<meta property=\"article:modified_time\" content=\"2021-03-08T18:05:16+00:00\" \/>\n<meta property=\"og:image\" content=\"https:\/\/www.romaoggi.eu\/wp-content\/uploads\/2021\/03\/Photo00122-\u00a9-Susan-Marie-pioggia.jpg\" \/>\n\t<meta property=\"og:image:width\" content=\"1600\" \/>\n\t<meta property=\"og:image:height\" content=\"720\" \/>\n\t<meta property=\"og:image:type\" content=\"image\/jpeg\" \/>\n<meta name=\"author\" content=\"Alessandro Lisci\" \/>\n<meta name=\"twitter:card\" content=\"summary_large_image\" \/>\n<meta name=\"twitter:creator\" content=\"@https:\/\/twitter.com\/alessandrolisci\" \/>\n<meta name=\"twitter:site\" content=\"@romaoggi_eu\" \/>\n<meta name=\"twitter:label1\" content=\"Scritto da\" \/>\n\t<meta name=\"twitter:data1\" content=\"Alessandro Lisci\" \/>\n\t<meta name=\"twitter:label2\" content=\"Tempo di lettura stimato\" \/>\n\t<meta name=\"twitter:data2\" content=\"3 minuti\" \/>\n<script type=\"application\/ld+json\" class=\"yoast-schema-graph\">{\"@context\":\"https:\\\/\\\/schema.org\",\"@graph\":[{\"@type\":\"Article\",\"@id\":\"https:\\\/\\\/www.romaoggi.eu\\\/index.php\\\/2021\\\/03\\\/07\\\/pioggia-non-ti-temo-a-ridosso-dellaltare-della-patria\\\/#article\",\"isPartOf\":{\"@id\":\"https:\\\/\\\/www.romaoggi.eu\\\/index.php\\\/2021\\\/03\\\/07\\\/pioggia-non-ti-temo-a-ridosso-dellaltare-della-patria\\\/\"},\"author\":{\"name\":\"Alessandro Lisci\",\"@id\":\"https:\\\/\\\/www.romaoggi.eu\\\/#\\\/schema\\\/person\\\/30ada62b3bd510c45a781b7e3bf65e69\"},\"headline\":\"&#8220;Pioggia non ti temo&#8221; a ridosso dell&#8217;Altare della Patria\",\"datePublished\":\"2021-03-07T11:09:51+00:00\",\"dateModified\":\"2021-03-08T18:05:16+00:00\",\"mainEntityOfPage\":{\"@id\":\"https:\\\/\\\/www.romaoggi.eu\\\/index.php\\\/2021\\\/03\\\/07\\\/pioggia-non-ti-temo-a-ridosso-dellaltare-della-patria\\\/\"},\"wordCount\":521,\"publisher\":{\"@id\":\"https:\\\/\\\/www.romaoggi.eu\\\/#organization\"},\"image\":{\"@id\":\"https:\\\/\\\/www.romaoggi.eu\\\/index.php\\\/2021\\\/03\\\/07\\\/pioggia-non-ti-temo-a-ridosso-dellaltare-della-patria\\\/#primaryimage\"},\"thumbnailUrl\":\"https:\\\/\\\/www.romaoggi.eu\\\/wp-content\\\/uploads\\\/2021\\\/03\\\/Photo00122-\u00a9-Susan-Marie-pioggia.jpg\",\"keywords\":[\"#streetphoto\",\"#streetphotoroma\",\"alessandro lisci\",\"Altare della patria\",\"fotografia\",\"La foto del giorno\",\"piazza venezia\",\"pina ianiro\",\"pioggia non ti temo\",\"roma capitale\",\"RomaOggi.eu\",\"streetphotography\",\"susan marie\"],\"articleSection\":[\"La foto del giorno\"],\"inLanguage\":\"it-IT\"},{\"@type\":\"WebPage\",\"@id\":\"https:\\\/\\\/www.romaoggi.eu\\\/index.php\\\/2021\\\/03\\\/07\\\/pioggia-non-ti-temo-a-ridosso-dellaltare-della-patria\\\/\",\"url\":\"https:\\\/\\\/www.romaoggi.eu\\\/index.php\\\/2021\\\/03\\\/07\\\/pioggia-non-ti-temo-a-ridosso-dellaltare-della-patria\\\/\",\"name\":\"\\\"Pioggia non ti temo\\\" a ridosso dell'Altare della Patria\",\"isPartOf\":{\"@id\":\"https:\\\/\\\/www.romaoggi.eu\\\/#website\"},\"primaryImageOfPage\":{\"@id\":\"https:\\\/\\\/www.romaoggi.eu\\\/index.php\\\/2021\\\/03\\\/07\\\/pioggia-non-ti-temo-a-ridosso-dellaltare-della-patria\\\/#primaryimage\"},\"image\":{\"@id\":\"https:\\\/\\\/www.romaoggi.eu\\\/index.php\\\/2021\\\/03\\\/07\\\/pioggia-non-ti-temo-a-ridosso-dellaltare-della-patria\\\/#primaryimage\"},\"thumbnailUrl\":\"https:\\\/\\\/www.romaoggi.eu\\\/wp-content\\\/uploads\\\/2021\\\/03\\\/Photo00122-\u00a9-Susan-Marie-pioggia.jpg\",\"datePublished\":\"2021-03-07T11:09:51+00:00\",\"dateModified\":\"2021-03-08T18:05:16+00:00\",\"description\":\"\u201cLa foto del giorno\u201d di domenica 7 Marzo 2021 dal titolo \\\"Pioggia non ti temo\\\" ci \u00e8 stata inviata dalla nostra lettrice Susan Marie. Ci presenta una\",\"breadcrumb\":{\"@id\":\"https:\\\/\\\/www.romaoggi.eu\\\/index.php\\\/2021\\\/03\\\/07\\\/pioggia-non-ti-temo-a-ridosso-dellaltare-della-patria\\\/#breadcrumb\"},\"inLanguage\":\"it-IT\",\"potentialAction\":[{\"@type\":\"ReadAction\",\"target\":[\"https:\\\/\\\/www.romaoggi.eu\\\/index.php\\\/2021\\\/03\\\/07\\\/pioggia-non-ti-temo-a-ridosso-dellaltare-della-patria\\\/\"]}]},{\"@type\":\"ImageObject\",\"inLanguage\":\"it-IT\",\"@id\":\"https:\\\/\\\/www.romaoggi.eu\\\/index.php\\\/2021\\\/03\\\/07\\\/pioggia-non-ti-temo-a-ridosso-dellaltare-della-patria\\\/#primaryimage\",\"url\":\"https:\\\/\\\/www.romaoggi.eu\\\/wp-content\\\/uploads\\\/2021\\\/03\\\/Photo00122-\u00a9-Susan-Marie-pioggia.jpg\",\"contentUrl\":\"https:\\\/\\\/www.romaoggi.eu\\\/wp-content\\\/uploads\\\/2021\\\/03\\\/Photo00122-\u00a9-Susan-Marie-pioggia.jpg\",\"width\":1600,\"height\":720,\"caption\":\"Altare della Patria a Piazza Venezia \u00a9 Susan Marie\"},{\"@type\":\"BreadcrumbList\",\"@id\":\"https:\\\/\\\/www.romaoggi.eu\\\/index.php\\\/2021\\\/03\\\/07\\\/pioggia-non-ti-temo-a-ridosso-dellaltare-della-patria\\\/#breadcrumb\",\"itemListElement\":[{\"@type\":\"ListItem\",\"position\":1,\"name\":\"Home\",\"item\":\"https:\\\/\\\/www.romaoggi.eu\\\/\"},{\"@type\":\"ListItem\",\"position\":2,\"name\":\"&#8220;Pioggia non ti temo&#8221; a ridosso dell&#8217;Altare della Patria\"}]},{\"@type\":\"WebSite\",\"@id\":\"https:\\\/\\\/www.romaoggi.eu\\\/#website\",\"url\":\"https:\\\/\\\/www.romaoggi.eu\\\/\",\"name\":\"roma oggi\",\"description\":\"Interesting News for Interesting people\",\"publisher\":{\"@id\":\"https:\\\/\\\/www.romaoggi.eu\\\/#organization\"},\"potentialAction\":[{\"@type\":\"SearchAction\",\"target\":{\"@type\":\"EntryPoint\",\"urlTemplate\":\"https:\\\/\\\/www.romaoggi.eu\\\/?s={search_term_string}\"},\"query-input\":{\"@type\":\"PropertyValueSpecification\",\"valueRequired\":true,\"valueName\":\"search_term_string\"}}],\"inLanguage\":\"it-IT\"},{\"@type\":\"Organization\",\"@id\":\"https:\\\/\\\/www.romaoggi.eu\\\/#organization\",\"name\":\"RomaOggi\",\"url\":\"https:\\\/\\\/www.romaoggi.eu\\\/\",\"logo\":{\"@type\":\"ImageObject\",\"inLanguage\":\"it-IT\",\"@id\":\"https:\\\/\\\/www.romaoggi.eu\\\/#\\\/schema\\\/logo\\\/image\\\/\",\"url\":\"https:\\\/\\\/www.romaoggi.eu\\\/wp-content\\\/uploads\\\/2017\\\/04\\\/logowp.jpg\",\"contentUrl\":\"https:\\\/\\\/www.romaoggi.eu\\\/wp-content\\\/uploads\\\/2017\\\/04\\\/logowp.jpg\",\"width\":300,\"height\":133,\"caption\":\"RomaOggi\"},\"image\":{\"@id\":\"https:\\\/\\\/www.romaoggi.eu\\\/#\\\/schema\\\/logo\\\/image\\\/\"},\"sameAs\":[\"https:\\\/\\\/www.facebook.com\\\/RomaOggi-841544845954114\",\"https:\\\/\\\/x.com\\\/romaoggi_eu\"]},{\"@type\":\"Person\",\"@id\":\"https:\\\/\\\/www.romaoggi.eu\\\/#\\\/schema\\\/person\\\/30ada62b3bd510c45a781b7e3bf65e69\",\"name\":\"Alessandro Lisci\",\"image\":{\"@type\":\"ImageObject\",\"inLanguage\":\"it-IT\",\"@id\":\"https:\\\/\\\/secure.gravatar.com\\\/avatar\\\/9b9712162b2ac404aa0d7d978185f203808e7bd02856a449b19868b2eb80cf12?s=96&d=mm&r=g\",\"url\":\"https:\\\/\\\/secure.gravatar.com\\\/avatar\\\/9b9712162b2ac404aa0d7d978185f203808e7bd02856a449b19868b2eb80cf12?s=96&d=mm&r=g\",\"contentUrl\":\"https:\\\/\\\/secure.gravatar.com\\\/avatar\\\/9b9712162b2ac404aa0d7d978185f203808e7bd02856a449b19868b2eb80cf12?s=96&d=mm&r=g\",\"caption\":\"Alessandro Lisci\"},\"sameAs\":[\"http:\\\/\\\/www.alessandrolisci.com\",\"https:\\\/\\\/www.facebook.com\\\/alessandro.lisci.5\",\"https:\\\/\\\/x.com\\\/https:\\\/\\\/twitter.com\\\/alessandrolisci\",\"https:\\\/\\\/www.youtube.com\\\/user\\\/alessandrolisci\"],\"url\":\"https:\\\/\\\/www.romaoggi.eu\\\/index.php\\\/author\\\/alessandro\\\/\"}]}<\/script>\n<!-- \/ Yoast SEO plugin. -->","yoast_head_json":{"title":"\"Pioggia non ti temo\" a ridosso dell'Altare della Patria","description":"\u201cLa foto del giorno\u201d di domenica 7 Marzo 2021 dal titolo \"Pioggia non ti temo\" ci \u00e8 stata inviata dalla nostra lettrice Susan Marie. Ci presenta una","robots":{"index":"index","follow":"follow","max-snippet":"max-snippet:-1","max-image-preview":"max-image-preview:large","max-video-preview":"max-video-preview:-1"},"canonical":"https:\/\/www.romaoggi.eu\/index.php\/2021\/03\/07\/pioggia-non-ti-temo-a-ridosso-dellaltare-della-patria\/","og_locale":"it_IT","og_type":"article","og_title":"\"Pioggia non ti temo\" a ridosso dell'Altare della Patria","og_description":"\u201cLa foto del giorno\u201d di domenica 7 Marzo 2021 dal titolo \"Pioggia non ti temo\" ci \u00e8 stata inviata dalla nostra lettrice Susan Marie. Ci presenta una","og_url":"https:\/\/www.romaoggi.eu\/index.php\/2021\/03\/07\/pioggia-non-ti-temo-a-ridosso-dellaltare-della-patria\/","og_site_name":"roma oggi","article_publisher":"https:\/\/www.facebook.com\/RomaOggi-841544845954114","article_author":"https:\/\/www.facebook.com\/alessandro.lisci.5","article_published_time":"2021-03-07T11:09:51+00:00","article_modified_time":"2021-03-08T18:05:16+00:00","og_image":[{"width":1600,"height":720,"url":"https:\/\/www.romaoggi.eu\/wp-content\/uploads\/2021\/03\/Photo00122-\u00a9-Susan-Marie-pioggia.jpg","type":"image\/jpeg"}],"author":"Alessandro Lisci","twitter_card":"summary_large_image","twitter_creator":"@https:\/\/twitter.com\/alessandrolisci","twitter_site":"@romaoggi_eu","twitter_misc":{"Scritto da":"Alessandro Lisci","Tempo di lettura stimato":"3 minuti"},"schema":{"@context":"https:\/\/schema.org","@graph":[{"@type":"Article","@id":"https:\/\/www.romaoggi.eu\/index.php\/2021\/03\/07\/pioggia-non-ti-temo-a-ridosso-dellaltare-della-patria\/#article","isPartOf":{"@id":"https:\/\/www.romaoggi.eu\/index.php\/2021\/03\/07\/pioggia-non-ti-temo-a-ridosso-dellaltare-della-patria\/"},"author":{"name":"Alessandro Lisci","@id":"https:\/\/www.romaoggi.eu\/#\/schema\/person\/30ada62b3bd510c45a781b7e3bf65e69"},"headline":"&#8220;Pioggia non ti temo&#8221; a ridosso dell&#8217;Altare della Patria","datePublished":"2021-03-07T11:09:51+00:00","dateModified":"2021-03-08T18:05:16+00:00","mainEntityOfPage":{"@id":"https:\/\/www.romaoggi.eu\/index.php\/2021\/03\/07\/pioggia-non-ti-temo-a-ridosso-dellaltare-della-patria\/"},"wordCount":521,"publisher":{"@id":"https:\/\/www.romaoggi.eu\/#organization"},"image":{"@id":"https:\/\/www.romaoggi.eu\/index.php\/2021\/03\/07\/pioggia-non-ti-temo-a-ridosso-dellaltare-della-patria\/#primaryimage"},"thumbnailUrl":"https:\/\/www.romaoggi.eu\/wp-content\/uploads\/2021\/03\/Photo00122-\u00a9-Susan-Marie-pioggia.jpg","keywords":["#streetphoto","#streetphotoroma","alessandro lisci","Altare della patria","fotografia","La foto del giorno","piazza venezia","pina ianiro","pioggia non ti temo","roma capitale","RomaOggi.eu","streetphotography","susan marie"],"articleSection":["La foto del giorno"],"inLanguage":"it-IT"},{"@type":"WebPage","@id":"https:\/\/www.romaoggi.eu\/index.php\/2021\/03\/07\/pioggia-non-ti-temo-a-ridosso-dellaltare-della-patria\/","url":"https:\/\/www.romaoggi.eu\/index.php\/2021\/03\/07\/pioggia-non-ti-temo-a-ridosso-dellaltare-della-patria\/","name":"\"Pioggia non ti temo\" a ridosso dell'Altare della Patria","isPartOf":{"@id":"https:\/\/www.romaoggi.eu\/#website"},"primaryImageOfPage":{"@id":"https:\/\/www.romaoggi.eu\/index.php\/2021\/03\/07\/pioggia-non-ti-temo-a-ridosso-dellaltare-della-patria\/#primaryimage"},"image":{"@id":"https:\/\/www.romaoggi.eu\/index.php\/2021\/03\/07\/pioggia-non-ti-temo-a-ridosso-dellaltare-della-patria\/#primaryimage"},"thumbnailUrl":"https:\/\/www.romaoggi.eu\/wp-content\/uploads\/2021\/03\/Photo00122-\u00a9-Susan-Marie-pioggia.jpg","datePublished":"2021-03-07T11:09:51+00:00","dateModified":"2021-03-08T18:05:16+00:00","description":"\u201cLa foto del giorno\u201d di domenica 7 Marzo 2021 dal titolo \"Pioggia non ti temo\" ci \u00e8 stata inviata dalla nostra lettrice Susan Marie. Ci presenta una","breadcrumb":{"@id":"https:\/\/www.romaoggi.eu\/index.php\/2021\/03\/07\/pioggia-non-ti-temo-a-ridosso-dellaltare-della-patria\/#breadcrumb"},"inLanguage":"it-IT","potentialAction":[{"@type":"ReadAction","target":["https:\/\/www.romaoggi.eu\/index.php\/2021\/03\/07\/pioggia-non-ti-temo-a-ridosso-dellaltare-della-patria\/"]}]},{"@type":"ImageObject","inLanguage":"it-IT","@id":"https:\/\/www.romaoggi.eu\/index.php\/2021\/03\/07\/pioggia-non-ti-temo-a-ridosso-dellaltare-della-patria\/#primaryimage","url":"https:\/\/www.romaoggi.eu\/wp-content\/uploads\/2021\/03\/Photo00122-\u00a9-Susan-Marie-pioggia.jpg","contentUrl":"https:\/\/www.romaoggi.eu\/wp-content\/uploads\/2021\/03\/Photo00122-\u00a9-Susan-Marie-pioggia.jpg","width":1600,"height":720,"caption":"Altare della Patria a Piazza Venezia \u00a9 Susan Marie"},{"@type":"BreadcrumbList","@id":"https:\/\/www.romaoggi.eu\/index.php\/2021\/03\/07\/pioggia-non-ti-temo-a-ridosso-dellaltare-della-patria\/#breadcrumb","itemListElement":[{"@type":"ListItem","position":1,"name":"Home","item":"https:\/\/www.romaoggi.eu\/"},{"@type":"ListItem","position":2,"name":"&#8220;Pioggia non ti temo&#8221; a ridosso dell&#8217;Altare della Patria"}]},{"@type":"WebSite","@id":"https:\/\/www.romaoggi.eu\/#website","url":"https:\/\/www.romaoggi.eu\/","name":"roma oggi","description":"Interesting News for Interesting people","publisher":{"@id":"https:\/\/www.romaoggi.eu\/#organization"},"potentialAction":[{"@type":"SearchAction","target":{"@type":"EntryPoint","urlTemplate":"https:\/\/www.romaoggi.eu\/?s={search_term_string}"},"query-input":{"@type":"PropertyValueSpecification","valueRequired":true,"valueName":"search_term_string"}}],"inLanguage":"it-IT"},{"@type":"Organization","@id":"https:\/\/www.romaoggi.eu\/#organization","name":"RomaOggi","url":"https:\/\/www.romaoggi.eu\/","logo":{"@type":"ImageObject","inLanguage":"it-IT","@id":"https:\/\/www.romaoggi.eu\/#\/schema\/logo\/image\/","url":"https:\/\/www.romaoggi.eu\/wp-content\/uploads\/2017\/04\/logowp.jpg","contentUrl":"https:\/\/www.romaoggi.eu\/wp-content\/uploads\/2017\/04\/logowp.jpg","width":300,"height":133,"caption":"RomaOggi"},"image":{"@id":"https:\/\/www.romaoggi.eu\/#\/schema\/logo\/image\/"},"sameAs":["https:\/\/www.facebook.com\/RomaOggi-841544845954114","https:\/\/x.com\/romaoggi_eu"]},{"@type":"Person","@id":"https:\/\/www.romaoggi.eu\/#\/schema\/person\/30ada62b3bd510c45a781b7e3bf65e69","name":"Alessandro Lisci","image":{"@type":"ImageObject","inLanguage":"it-IT","@id":"https:\/\/secure.gravatar.com\/avatar\/9b9712162b2ac404aa0d7d978185f203808e7bd02856a449b19868b2eb80cf12?s=96&d=mm&r=g","url":"https:\/\/secure.gravatar.com\/avatar\/9b9712162b2ac404aa0d7d978185f203808e7bd02856a449b19868b2eb80cf12?s=96&d=mm&r=g","contentUrl":"https:\/\/secure.gravatar.com\/avatar\/9b9712162b2ac404aa0d7d978185f203808e7bd02856a449b19868b2eb80cf12?s=96&d=mm&r=g","caption":"Alessandro Lisci"},"sameAs":["http:\/\/www.alessandrolisci.com","https:\/\/www.facebook.com\/alessandro.lisci.5","https:\/\/x.com\/https:\/\/twitter.com\/alessandrolisci","https:\/\/www.youtube.com\/user\/alessandrolisci"],"url":"https:\/\/www.romaoggi.eu\/index.php\/author\/alessandro\/"}]}},"_links":{"self":[{"href":"https:\/\/www.romaoggi.eu\/index.php\/wp-json\/wp\/v2\/posts\/26713","targetHints":{"allow":["GET"]}}],"collection":[{"href":"https:\/\/www.romaoggi.eu\/index.php\/wp-json\/wp\/v2\/posts"}],"about":[{"href":"https:\/\/www.romaoggi.eu\/index.php\/wp-json\/wp\/v2\/types\/post"}],"author":[{"embeddable":true,"href":"https:\/\/www.romaoggi.eu\/index.php\/wp-json\/wp\/v2\/users\/10"}],"replies":[{"embeddable":true,"href":"https:\/\/www.romaoggi.eu\/index.php\/wp-json\/wp\/v2\/comments?post=26713"}],"version-history":[{"count":8,"href":"https:\/\/www.romaoggi.eu\/index.php\/wp-json\/wp\/v2\/posts\/26713\/revisions"}],"predecessor-version":[{"id":26750,"href":"https:\/\/www.romaoggi.eu\/index.php\/wp-json\/wp\/v2\/posts\/26713\/revisions\/26750"}],"wp:featuredmedia":[{"embeddable":true,"href":"https:\/\/www.romaoggi.eu\/index.php\/wp-json\/wp\/v2\/media\/26714"}],"wp:attachment":[{"href":"https:\/\/www.romaoggi.eu\/index.php\/wp-json\/wp\/v2\/media?parent=26713"}],"wp:term":[{"taxonomy":"category","embeddable":true,"href":"https:\/\/www.romaoggi.eu\/index.php\/wp-json\/wp\/v2\/categories?post=26713"},{"taxonomy":"post_tag","embeddable":true,"href":"https:\/\/www.romaoggi.eu\/index.php\/wp-json\/wp\/v2\/tags?post=26713"}],"curies":[{"name":"wp","href":"https:\/\/api.w.org\/{rel}","templated":true}]}}