{"id":26779,"date":"2021-03-12T18:55:30","date_gmt":"2021-03-12T17:55:30","guid":{"rendered":"http:\/\/www.romaoggi.eu\/?p=26779"},"modified":"2021-03-12T19:33:02","modified_gmt":"2021-03-12T18:33:02","slug":"campidoglio-al-via-lo-scavo-archeologico-del-foro-di-cesare","status":"publish","type":"post","link":"https:\/\/www.romaoggi.eu\/index.php\/2021\/03\/12\/campidoglio-al-via-lo-scavo-archeologico-del-foro-di-cesare\/","title":{"rendered":"Campidoglio, al via lo scavo archeologico del Foro di Cesare"},"content":{"rendered":"<p class=\"yiv3062861728paragraphbcx0scxw112706543\"><span class=\"yiv3062861728normaltextrunbcx0scxw112706543\"><strong><i>Roma, 12 marzo 2021<\/i>\u00a0<\/strong>\u2013 Al via le operazioni di scavo archeologico sul lato orientale del Foro di Cesare, nella parte compresa tra via dei Fori Imperiali, la ex via Bonella, la ex via Cremona e l\u2019attuale belvedere sul Foro di Cesare.<\/span><span class=\"yiv3062861728bcx0scxw112706543\">\u00a0<\/span><\/p>\n<p class=\"yiv3062861728paragraphbcx0scxw112706543\">Le indagini sono condotte dalla Sovrintendenza Capitolina in collaborazione con l\u2019Accademia di Danimarca, che ha donato 1.500.000 \u20ac grazie alla Fondazione Carlsberg di Copenaghen e alla Aarhus University Research Foundation.<br \/>\n<span class=\"yiv3062861728bcx0scxw112706543\">\u00a0<\/span><br \/>\nCome la prima fase delle indagini, presentate il\u00a026 ottobre 2017\u00a0in occasione della visita a Roma di Sua Maest\u00e0 la Regina di Danimarca Margrethe II, anche questa seconda fase di scavo archeologico rientra negli accordi stipulati in quello stesso anno tra la Sovrintendenza Capitolina ai Beni Culturali e l&#8217;Accademia di Danimarca.<b>\u00a0 \u00a0 \u00a0\u00a0\u00a0\u00a0<\/b><\/p>\n<p><img loading=\"lazy\" decoding=\"async\" class=\"size-full wp-image-26786\" src=\"https:\/\/www.romaoggi.eu\/wp-content\/uploads\/2021\/03\/2.jpg\" alt=\"alt tag Foro di Cesare\" width=\"1600\" height=\"900\" srcset=\"https:\/\/www.romaoggi.eu\/wp-content\/uploads\/2021\/03\/2.jpg 1600w, https:\/\/www.romaoggi.eu\/wp-content\/uploads\/2021\/03\/2-300x169.jpg 300w, https:\/\/www.romaoggi.eu\/wp-content\/uploads\/2021\/03\/2-1024x576.jpg 1024w, https:\/\/www.romaoggi.eu\/wp-content\/uploads\/2021\/03\/2-1536x864.jpg 1536w, https:\/\/www.romaoggi.eu\/wp-content\/uploads\/2021\/03\/2-678x381.jpg 678w\" sizes=\"auto, (max-width: 1600px) 100vw, 1600px\" \/><\/p>\n<p class=\"yiv3062861728paragraphbcx0scxw112706543\"><span class=\"yiv3062861728normaltextrunbcx0scxw112706543\">L\u2019obiettivo principale\u00a0di questa seconda fase\u00a0dell\u2019intervento complessivo \u00e8 l\u2019ampliamento dell\u2019area archeologica del Foro di Cesare sul lato orientale e l\u2019eventuale recupero delle membrature architettoniche ancora conservate\u00a0<\/span><span class=\"yiv3062861728normaltextruncontextualspellingandgrammarerrorv2bcx0scxw112706543\">sotto terra<\/span><span class=\"yiv3062861728normaltextrunbcx0scxw112706543\">, dove dovrebbero trovarsi sepolte parti del Tempio di Venere Genitrice e del portico orientale della piazza.<\/span><\/p>\n<p class=\"yiv3062861728paragraphbcx0scxw112706543\"><span class=\"yiv3062861728normaltextrunbcx0scxw112706543\"><i>\u201cRoma ci riserva continue sorprese: l\u2019avvio degli scavi del Foro di Cesare ci consente di riportare alla luce diverse fasi di vita di questo antico settore urbano che presenta una stratificazione molto ricca, come emerso dalle indagini condotte dalla Sovrintendenza negli ultimi decenni. Ringrazio\u00a0Sua Maest\u00e0 la Regina di Danimarca\u00a0<\/i><\/span><span class=\"yiv3062861728normaltextrunspellingerrorv2bcx0scxw112706543\"><i>Margrethe<\/i><\/span><span class=\"yiv3062861728normaltextrunbcx0scxw112706543\"><i>\u00a0II e\u00a0l\u2019Accademia di Danimarca per questo importante atto di mecenatismo. Con il sostegno di tutti, continuiamo a scoprire la nostra storia\u201d\u00a0<\/i><\/span><span class=\"yiv3062861728normaltextrunbcx0scxw112706543\">cos\u00ec la Sindaca di Roma\u00a0<b>Virginia Raggi<\/b><i>.<\/i><\/span><span class=\"yiv3062861728eopbcx0scxw112706543\"><i>\u00a0<\/i><\/span><\/p>\n<p class=\"yiv3062861728paragraphbcx0scxw112706543\"><span class=\"yiv3062861728eopbcx0scxw112706543\"><i>\u00a0<\/i><\/span><span class=\"yiv3062861728eopbcx0scxw112706543\">Le operazioni di scavo sono state precedute da un programma di ricerche finalizzato alla conoscenza delle varie fasi di vita del complesso monumentale, attraverso indagini d\u2019archivio, unitamente alla catalogazione e allo studio dei reperti, in particolare ceramici, rinvenuti negli scavi del 1998-2000. Nell\u2019inverno del 2019 \u00e8 stata effettuata una pulizia preliminare dell\u2019area, grazie alla quale sono stati messi in luce resti di strutture murarie pertinenti ai piani terra degli edifici moderni (XVI-XX secolo) demoliti negli Anni Trenta del secolo scorso per l\u2019apertura di via dei Fori Imperiali.\u00a0 Il primo lotto di scavo \u00e8 stato finanziato per \u20ac 428.000, impiegati per indagare ulteriori 400 mq del complesso forense su una superficie totale di 13.300 mq del Foro di Cesare.<\/span><\/p>\n<p class=\"yiv3062861728paragraphbcx0scxw112706543\"><span class=\"yiv3062861728eopbcx0scxw112706543\">In questa nuova fase, le indagini archeologiche proseguiranno nell\u2019area individuata nel 2019: si prevede di concluderle nel mese di agosto 2021.<\/span><\/p>\n<p class=\"yiv3062861728paragraphbcx0scxw112706543\">\u201c<i>La ripresa degli scavi al Foro di Cesare \u00e8 una nuova tappa del percorso di conoscenza e di valorizzazione di una delle aree archeologiche pi\u00f9 importanti al mondo, dal 2019 aperta al pubblico in modo stabile.\u00a0<strong>Grazie all\u2019Accademia di Danimarca per questo importante contributo economico e scientifico<\/strong><\/i><strong>\u201d<\/strong>, dichiara la Sovrintendente Capitolina\u00a0<b>Maria Vittoria Marini Clarelli<\/b>.<i><\/i><\/p>\n<p>&nbsp;<\/p>\n<p><img loading=\"lazy\" decoding=\"async\" class=\"size-full wp-image-26784\" src=\"https:\/\/www.romaoggi.eu\/wp-content\/uploads\/2021\/03\/1.jpg\" alt=\"alt tag Foro di Cesare\" width=\"1600\" height=\"900\" srcset=\"https:\/\/www.romaoggi.eu\/wp-content\/uploads\/2021\/03\/1.jpg 1600w, https:\/\/www.romaoggi.eu\/wp-content\/uploads\/2021\/03\/1-300x169.jpg 300w, https:\/\/www.romaoggi.eu\/wp-content\/uploads\/2021\/03\/1-1024x576.jpg 1024w, https:\/\/www.romaoggi.eu\/wp-content\/uploads\/2021\/03\/1-1536x864.jpg 1536w, https:\/\/www.romaoggi.eu\/wp-content\/uploads\/2021\/03\/1-678x381.jpg 678w\" sizes=\"auto, (max-width: 1600px) 100vw, 1600px\" \/><\/p>\n<p>\u201c<i>Siamo molto lieti dell&#8217;avvio dei lavori in cui ha partecipazione attiva l&#8217;Accademia di Danimarca a Roma, la Fondazione Carlsberg, la\u00a0Aarhus University Research Foundation\u00a0e il Centre for Urban Network Evolutions (UrbNet)\u00a0diretto dalla Professoressa\u00a0Rubina Raja.<\/i><i>\u00a0<\/i><i>Contribuiremo alla ricerca con grande entusiasmo. Tale occasione \u00e8 gradita per ringraziare la Sindaca<\/i><i>\u00a0Virginia Raggi, la Sovrintendente Maria Vittoria Marini Clarelli e in particolar modo il Direttore di scavo Claudio Parisi Presicce\u00a0 e la sua \u00e9quipe per aver accolto la collaborazione italo-danese in questo progetto di indubbio valore scientifico in ambito internazionale, motivo di grande orgoglio per le Istituzioni culturali danesi<\/i>\u201d, dichiarano la Direttrice dell&#8217;Accademia di Danimaca a Roma, prof.ssa\u00a0<b>Charlotte Bundgaard<\/b>\u00a0e il Direttore scientifico del progetto di ricerche e scavi archeologici presso il Foro di Cesare per conto dell&#8217;Accademia di Danimarca\u00a0 a Roma, dr.\u00a0<b>Jan Kindberg Jacobsen<\/b>.<\/p>\n<p class=\"yiv3062861728paragraphbcx0scxw112706543\"><span class=\"yiv3062861728eopbcx0scxw112706543\">\u201c<i>Lo scavo del Foro di Cesare costituisce una nuova importante occasione di ampliamento della conoscenza dell&#8217;area forense nella sua integrit\u00e0<\/i>\u201d,\u00a0<\/span><span class=\"yiv3062861728eopbcx0scxw112706543\">dichiara\u00a0<b>Alfonsina Russo<\/b>, Direttore del Parco archeologico del Colosseo, e prosegue\u00a0\u201c<i>Scopo condiviso con Roma Capitale da sempre \u00e8 quello di restituire al pubblico e alla comunit\u00e0 scientifica un viaggio nella Storia di Roma attraverso le scoperte che la ricerca archeologica \u00e8 in grado di restituire<\/i>\u201d.<\/span><\/p>\n<p><img loading=\"lazy\" decoding=\"async\" class=\"size-full wp-image-26783\" src=\"https:\/\/www.romaoggi.eu\/wp-content\/uploads\/2021\/03\/5.jpg\" alt=\"alt tag Foro di Cesare\" width=\"1600\" height=\"900\" srcset=\"https:\/\/www.romaoggi.eu\/wp-content\/uploads\/2021\/03\/5.jpg 1600w, https:\/\/www.romaoggi.eu\/wp-content\/uploads\/2021\/03\/5-300x169.jpg 300w, https:\/\/www.romaoggi.eu\/wp-content\/uploads\/2021\/03\/5-1024x576.jpg 1024w, https:\/\/www.romaoggi.eu\/wp-content\/uploads\/2021\/03\/5-1536x864.jpg 1536w, https:\/\/www.romaoggi.eu\/wp-content\/uploads\/2021\/03\/5-678x381.jpg 678w\" sizes=\"auto, (max-width: 1600px) 100vw, 1600px\" \/><\/p>\n<p class=\"yiv3062861728paragraphbcx0scxw112706543\"><b>Breve nota storica sul Foro di Cesare:<\/b><\/p>\n<p class=\"yiv3062861728paragraphbcx0scxw112706543\"><span class=\"yiv3062861728normaltextrunbcx0scxw112706543\">La frequentazione dell\u2019area \u00e8 attestata gi\u00e0\u00a0nel XI-X secolo a.C., quando si impianta un sepolcreto relativo agli abitati delle colline limitrofe. In et\u00e0 storica l\u2019area \u00e8 progressivamente occupata da abitazioni tra cui quella di Marco Tullio Cicerone. Cesare sceglie questo settore per realizzare un foro da affiancare al Foro Romano divenuto insufficiente per le attivit\u00e0 amministrative. Cesare viene ucciso il 15\u00a0<\/span><span class=\"yiv3062861728object\">marzo\u00a0<\/span><span class=\"yiv3062861728normaltextrunbcx0scxw112706543\">del 44 a.C. senza aver terminato l\u2019opera, che \u00e8 conclusa da Augusto nel 29 a.C. contemporaneamente alla ricostruzione della Curia. Traiano nel 113 d.C., nell\u2019ambito dell\u2019edificazione dell\u2019omonimo foro, procede alla ricostruzione del tempio di Venere Genitrice e all\u2019allargamento del foro sul lato settentrionale.\u00a0<\/span><span class=\"yiv3062861728eopbcx0scxw112706543\">\u00a0<\/span><\/p>\n<p class=\"yiv3062861728paragraphbcx0scxw112706543\"><span class=\"yiv3062861728normaltextrunbcx0scxw112706543\">Nel 283 d.C. il Foro subisce un rovinoso incendio ed \u00e8 restaurato dagli imperatori Diocleziano e Massenzio. Solo nel V-VI secolo cessa la sua funzione pubblica, e le strutture sono in parte demolite per il recupero di materiale da costruzione: la piazza del Foro \u00e8 occupata prevalentemente da orti, frutteti e vigneti. Con la fine del IX secolo appaiono le prime case: poche, di piccole dimensioni e a un piano. Questa fase di vita dura due secoli, fino all\u2019XI, quando il sistema di drenaggio delle acque non \u00e8 pi\u00f9 efficiente e l\u2019area viene abbandonata a causa della formazione dei \u201cPantani\u201d.<\/span><span class=\"yiv3062861728eopbcx0scxw112706543\">\u00a0<\/span><\/p>\n<p class=\"yiv3062861728paragraphbcx0scxw112706543\"><span class=\"yiv3062861728normaltextrunbcx0scxw112706543\">In epoca moderna (XVI-XX secolo) dopo la bonifica dell\u2019area la famiglia Della Valle avvia l\u2019urbanizzazione di quello che successivamente sar\u00e0 conosciuto come Quartiere Alessandrino.<\/span><span class=\"yiv3062861728bcx0scxw112706543\">\u00a0<\/span><br \/>\n<span class=\"yiv3062861728normaltextrunbcx0scxw112706543\">Negli Anni Venti e Trenta dello scorso secolo il Quartiere Alessandrino viene demolito per l\u2019apertura di via dell\u2019Impero,\u00a0<\/span><span class=\"yiv3062861728object\">oggi<\/span><span class=\"yiv3062861728normaltextrunbcx0scxw112706543\">\u00a0via dei Fori Imperiali. Anche il Foro di Cesare \u00e8 interessato dai lavori di demolizione e sterro, che restituiscono la visione odierna dell\u2019area. Nel 1998-2008 un\u2019estesa campagna di scavo ha riportato alla luce il settore meridionale della piazza del Foro di Cesare, dalle fasi moderne fino alle tombe protostoriche.<\/span><span class=\"yiv3062861728eopbcx0scxw112706543\">\u00a0<\/span><\/p>\n<p class=\"yiv3062861728paragraphbcx0scxw112706543\"><span class=\"yiv3062861728normaltextrunbcx0scxw112706543\">\u00a0<\/span><\/p>\n<p><img loading=\"lazy\" decoding=\"async\" class=\"size-full wp-image-26782\" src=\"https:\/\/www.romaoggi.eu\/wp-content\/uploads\/2021\/03\/4.jpg\" alt=\"alt tag Foro di Cesare\" width=\"1600\" height=\"900\" srcset=\"https:\/\/www.romaoggi.eu\/wp-content\/uploads\/2021\/03\/4.jpg 1600w, https:\/\/www.romaoggi.eu\/wp-content\/uploads\/2021\/03\/4-300x169.jpg 300w, https:\/\/www.romaoggi.eu\/wp-content\/uploads\/2021\/03\/4-1024x576.jpg 1024w, https:\/\/www.romaoggi.eu\/wp-content\/uploads\/2021\/03\/4-1536x864.jpg 1536w, https:\/\/www.romaoggi.eu\/wp-content\/uploads\/2021\/03\/4-678x381.jpg 678w\" sizes=\"auto, (max-width: 1600px) 100vw, 1600px\" \/><\/p>\n<p class=\"yiv3062861728paragraphbcx0scxw112706543\"><span class=\"yiv3062861728normaltextrunbcx0scxw112706543\">Per tutte le informazioni:\u00a0<\/span><span class=\"yiv3062861728object-active\"><u><a href=\"http:\/\/www.sovraintendenzaroma.it\/\" target=\"_blank\" rel=\"nofollow noopener noreferrer\"><span class=\"yiv3062861728normaltextrunbcx0scxw112706543\">www.sovraintendenzaroma.it<\/span><\/a><\/u><\/span><span class=\"yiv3062861728normaltextrunbcx0scxw112706543\">\u00a0<\/span><span class=\"yiv3062861728eopbcx0scxw112706543\">\u00a0<\/span><\/p>\n","protected":false},"excerpt":{"rendered":"<div class=\"mh-excerpt\"><p>Roma, 12 marzo 2021\u00a0\u2013 Al via le operazioni di scavo archeologico sul lato orientale del Foro di Cesare, nella parte compresa tra via dei Fori Imperiali, la ex via Bonella, la ex via Cremona e <a class=\"mh-excerpt-more\" href=\"https:\/\/www.romaoggi.eu\/index.php\/2021\/03\/12\/campidoglio-al-via-lo-scavo-archeologico-del-foro-di-cesare\/\" title=\"Campidoglio, al via lo scavo archeologico del Foro di Cesare\">[&#8230;]<\/a><\/p>\n<\/div>","protected":false},"author":10,"featured_media":26781,"comment_status":"open","ping_status":"open","sticky":false,"template":"","format":"standard","meta":{"_sitemap_exclude":false,"_sitemap_priority":"","_sitemap_frequency":"","footnotes":""},"categories":[7204],"tags":[14621,14625,14623,1907,3814,14624,14622,6966,14620,14619,2254],"class_list":["post-26779","post","type-post","status-publish","format-standard","has-post-thumbnail","hentry","category-curiosita","tag-accademia-di-danimarca","tag-alfonsina-russo","tag-charlotte-bundgaard","tag-fori-imperiali","tag-foro-di-cesare","tag-jan-kindberg-jacobsen","tag-maria-vittoria-marini-clarelli","tag-parco-archeologico-del-colosseo","tag-regina-di-danimarca-margrethe-ii","tag-sovrintendenza-capitolina","tag-virginia-raggi"],"yoast_head":"<!-- This site is optimized with the Yoast SEO plugin v27.5 - https:\/\/yoast.com\/product\/yoast-seo-wordpress\/ -->\n<title>Campidoglio, al via lo scavo archeologico del Foro di Cesare<\/title>\n<meta name=\"description\" content=\"Roma, 12 marzo 2021\u00a0\u2013 Al via le operazioni di scavo archeologico sul lato orientale del Foro di Cesare, nella parte compresa tra via dei Fori Imperiali,\" \/>\n<meta name=\"robots\" content=\"index, follow, max-snippet:-1, max-image-preview:large, max-video-preview:-1\" \/>\n<link rel=\"canonical\" href=\"https:\/\/www.romaoggi.eu\/index.php\/2021\/03\/12\/campidoglio-al-via-lo-scavo-archeologico-del-foro-di-cesare\/\" \/>\n<meta property=\"og:locale\" content=\"it_IT\" \/>\n<meta property=\"og:type\" content=\"article\" \/>\n<meta property=\"og:title\" content=\"Campidoglio, al via lo scavo archeologico del Foro di Cesare\" \/>\n<meta property=\"og:description\" content=\"Roma, 12 marzo 2021\u00a0\u2013 Al via le operazioni di scavo archeologico sul lato orientale del Foro di Cesare, nella parte compresa tra via dei Fori Imperiali,\" \/>\n<meta property=\"og:url\" content=\"https:\/\/www.romaoggi.eu\/index.php\/2021\/03\/12\/campidoglio-al-via-lo-scavo-archeologico-del-foro-di-cesare\/\" \/>\n<meta property=\"og:site_name\" content=\"roma oggi\" \/>\n<meta property=\"article:publisher\" content=\"https:\/\/www.facebook.com\/RomaOggi-841544845954114\" \/>\n<meta property=\"article:author\" content=\"https:\/\/www.facebook.com\/alessandro.lisci.5\" \/>\n<meta property=\"article:published_time\" content=\"2021-03-12T17:55:30+00:00\" \/>\n<meta property=\"article:modified_time\" content=\"2021-03-12T18:33:02+00:00\" \/>\n<meta property=\"og:image\" content=\"https:\/\/www.romaoggi.eu\/wp-content\/uploads\/2021\/03\/3.jpg\" \/>\n\t<meta property=\"og:image:width\" content=\"1600\" \/>\n\t<meta property=\"og:image:height\" content=\"900\" \/>\n\t<meta property=\"og:image:type\" content=\"image\/jpeg\" \/>\n<meta name=\"author\" content=\"Alessandro Lisci\" \/>\n<meta name=\"twitter:card\" content=\"summary_large_image\" \/>\n<meta name=\"twitter:creator\" content=\"@https:\/\/twitter.com\/alessandrolisci\" \/>\n<meta name=\"twitter:site\" content=\"@romaoggi_eu\" \/>\n<meta name=\"twitter:label1\" content=\"Scritto da\" \/>\n\t<meta name=\"twitter:data1\" content=\"Alessandro Lisci\" \/>\n\t<meta name=\"twitter:label2\" content=\"Tempo di lettura stimato\" \/>\n\t<meta name=\"twitter:data2\" content=\"5 minuti\" \/>\n<script type=\"application\/ld+json\" class=\"yoast-schema-graph\">{\"@context\":\"https:\\\/\\\/schema.org\",\"@graph\":[{\"@type\":\"Article\",\"@id\":\"https:\\\/\\\/www.romaoggi.eu\\\/index.php\\\/2021\\\/03\\\/12\\\/campidoglio-al-via-lo-scavo-archeologico-del-foro-di-cesare\\\/#article\",\"isPartOf\":{\"@id\":\"https:\\\/\\\/www.romaoggi.eu\\\/index.php\\\/2021\\\/03\\\/12\\\/campidoglio-al-via-lo-scavo-archeologico-del-foro-di-cesare\\\/\"},\"author\":{\"name\":\"Alessandro Lisci\",\"@id\":\"https:\\\/\\\/www.romaoggi.eu\\\/#\\\/schema\\\/person\\\/30ada62b3bd510c45a781b7e3bf65e69\"},\"headline\":\"Campidoglio, al via lo scavo archeologico del Foro di Cesare\",\"datePublished\":\"2021-03-12T17:55:30+00:00\",\"dateModified\":\"2021-03-12T18:33:02+00:00\",\"mainEntityOfPage\":{\"@id\":\"https:\\\/\\\/www.romaoggi.eu\\\/index.php\\\/2021\\\/03\\\/12\\\/campidoglio-al-via-lo-scavo-archeologico-del-foro-di-cesare\\\/\"},\"wordCount\":976,\"commentCount\":0,\"publisher\":{\"@id\":\"https:\\\/\\\/www.romaoggi.eu\\\/#organization\"},\"image\":{\"@id\":\"https:\\\/\\\/www.romaoggi.eu\\\/index.php\\\/2021\\\/03\\\/12\\\/campidoglio-al-via-lo-scavo-archeologico-del-foro-di-cesare\\\/#primaryimage\"},\"thumbnailUrl\":\"https:\\\/\\\/www.romaoggi.eu\\\/wp-content\\\/uploads\\\/2021\\\/03\\\/3.jpg\",\"keywords\":[\"Accademia di Danimarca\",\"Alfonsina Russo\",\"Charlotte Bundgaard\",\"Fori Imperiali\",\"Foro di Cesare\",\"Jan Kindberg Jacobsen\",\"Maria Vittoria Marini Clarelli\",\"Parco Archeologico del Colosseo\",\"Regina di Danimarca Margrethe II\",\"Sovrintendenza Capitolina\",\"Virginia Raggi\"],\"articleSection\":[\"Curiosit\u00e0\"],\"inLanguage\":\"it-IT\",\"potentialAction\":[{\"@type\":\"CommentAction\",\"name\":\"Comment\",\"target\":[\"https:\\\/\\\/www.romaoggi.eu\\\/index.php\\\/2021\\\/03\\\/12\\\/campidoglio-al-via-lo-scavo-archeologico-del-foro-di-cesare\\\/#respond\"]}]},{\"@type\":\"WebPage\",\"@id\":\"https:\\\/\\\/www.romaoggi.eu\\\/index.php\\\/2021\\\/03\\\/12\\\/campidoglio-al-via-lo-scavo-archeologico-del-foro-di-cesare\\\/\",\"url\":\"https:\\\/\\\/www.romaoggi.eu\\\/index.php\\\/2021\\\/03\\\/12\\\/campidoglio-al-via-lo-scavo-archeologico-del-foro-di-cesare\\\/\",\"name\":\"Campidoglio, al via lo scavo archeologico del Foro di Cesare\",\"isPartOf\":{\"@id\":\"https:\\\/\\\/www.romaoggi.eu\\\/#website\"},\"primaryImageOfPage\":{\"@id\":\"https:\\\/\\\/www.romaoggi.eu\\\/index.php\\\/2021\\\/03\\\/12\\\/campidoglio-al-via-lo-scavo-archeologico-del-foro-di-cesare\\\/#primaryimage\"},\"image\":{\"@id\":\"https:\\\/\\\/www.romaoggi.eu\\\/index.php\\\/2021\\\/03\\\/12\\\/campidoglio-al-via-lo-scavo-archeologico-del-foro-di-cesare\\\/#primaryimage\"},\"thumbnailUrl\":\"https:\\\/\\\/www.romaoggi.eu\\\/wp-content\\\/uploads\\\/2021\\\/03\\\/3.jpg\",\"datePublished\":\"2021-03-12T17:55:30+00:00\",\"dateModified\":\"2021-03-12T18:33:02+00:00\",\"description\":\"Roma, 12 marzo 2021\u00a0\u2013 Al via le operazioni di scavo archeologico sul lato orientale del Foro di Cesare, nella parte compresa tra via dei Fori Imperiali,\",\"breadcrumb\":{\"@id\":\"https:\\\/\\\/www.romaoggi.eu\\\/index.php\\\/2021\\\/03\\\/12\\\/campidoglio-al-via-lo-scavo-archeologico-del-foro-di-cesare\\\/#breadcrumb\"},\"inLanguage\":\"it-IT\",\"potentialAction\":[{\"@type\":\"ReadAction\",\"target\":[\"https:\\\/\\\/www.romaoggi.eu\\\/index.php\\\/2021\\\/03\\\/12\\\/campidoglio-al-via-lo-scavo-archeologico-del-foro-di-cesare\\\/\"]}]},{\"@type\":\"ImageObject\",\"inLanguage\":\"it-IT\",\"@id\":\"https:\\\/\\\/www.romaoggi.eu\\\/index.php\\\/2021\\\/03\\\/12\\\/campidoglio-al-via-lo-scavo-archeologico-del-foro-di-cesare\\\/#primaryimage\",\"url\":\"https:\\\/\\\/www.romaoggi.eu\\\/wp-content\\\/uploads\\\/2021\\\/03\\\/3.jpg\",\"contentUrl\":\"https:\\\/\\\/www.romaoggi.eu\\\/wp-content\\\/uploads\\\/2021\\\/03\\\/3.jpg\",\"width\":1600,\"height\":900,\"caption\":\"Foro di Cesare\"},{\"@type\":\"BreadcrumbList\",\"@id\":\"https:\\\/\\\/www.romaoggi.eu\\\/index.php\\\/2021\\\/03\\\/12\\\/campidoglio-al-via-lo-scavo-archeologico-del-foro-di-cesare\\\/#breadcrumb\",\"itemListElement\":[{\"@type\":\"ListItem\",\"position\":1,\"name\":\"Home\",\"item\":\"https:\\\/\\\/www.romaoggi.eu\\\/\"},{\"@type\":\"ListItem\",\"position\":2,\"name\":\"Campidoglio, al via lo scavo archeologico del Foro di Cesare\"}]},{\"@type\":\"WebSite\",\"@id\":\"https:\\\/\\\/www.romaoggi.eu\\\/#website\",\"url\":\"https:\\\/\\\/www.romaoggi.eu\\\/\",\"name\":\"roma oggi\",\"description\":\"Interesting News for Interesting people\",\"publisher\":{\"@id\":\"https:\\\/\\\/www.romaoggi.eu\\\/#organization\"},\"potentialAction\":[{\"@type\":\"SearchAction\",\"target\":{\"@type\":\"EntryPoint\",\"urlTemplate\":\"https:\\\/\\\/www.romaoggi.eu\\\/?s={search_term_string}\"},\"query-input\":{\"@type\":\"PropertyValueSpecification\",\"valueRequired\":true,\"valueName\":\"search_term_string\"}}],\"inLanguage\":\"it-IT\"},{\"@type\":\"Organization\",\"@id\":\"https:\\\/\\\/www.romaoggi.eu\\\/#organization\",\"name\":\"RomaOggi\",\"url\":\"https:\\\/\\\/www.romaoggi.eu\\\/\",\"logo\":{\"@type\":\"ImageObject\",\"inLanguage\":\"it-IT\",\"@id\":\"https:\\\/\\\/www.romaoggi.eu\\\/#\\\/schema\\\/logo\\\/image\\\/\",\"url\":\"https:\\\/\\\/www.romaoggi.eu\\\/wp-content\\\/uploads\\\/2017\\\/04\\\/logowp.jpg\",\"contentUrl\":\"https:\\\/\\\/www.romaoggi.eu\\\/wp-content\\\/uploads\\\/2017\\\/04\\\/logowp.jpg\",\"width\":300,\"height\":133,\"caption\":\"RomaOggi\"},\"image\":{\"@id\":\"https:\\\/\\\/www.romaoggi.eu\\\/#\\\/schema\\\/logo\\\/image\\\/\"},\"sameAs\":[\"https:\\\/\\\/www.facebook.com\\\/RomaOggi-841544845954114\",\"https:\\\/\\\/x.com\\\/romaoggi_eu\"]},{\"@type\":\"Person\",\"@id\":\"https:\\\/\\\/www.romaoggi.eu\\\/#\\\/schema\\\/person\\\/30ada62b3bd510c45a781b7e3bf65e69\",\"name\":\"Alessandro Lisci\",\"image\":{\"@type\":\"ImageObject\",\"inLanguage\":\"it-IT\",\"@id\":\"https:\\\/\\\/secure.gravatar.com\\\/avatar\\\/9b9712162b2ac404aa0d7d978185f203808e7bd02856a449b19868b2eb80cf12?s=96&d=mm&r=g\",\"url\":\"https:\\\/\\\/secure.gravatar.com\\\/avatar\\\/9b9712162b2ac404aa0d7d978185f203808e7bd02856a449b19868b2eb80cf12?s=96&d=mm&r=g\",\"contentUrl\":\"https:\\\/\\\/secure.gravatar.com\\\/avatar\\\/9b9712162b2ac404aa0d7d978185f203808e7bd02856a449b19868b2eb80cf12?s=96&d=mm&r=g\",\"caption\":\"Alessandro Lisci\"},\"sameAs\":[\"http:\\\/\\\/www.alessandrolisci.com\",\"https:\\\/\\\/www.facebook.com\\\/alessandro.lisci.5\",\"https:\\\/\\\/x.com\\\/https:\\\/\\\/twitter.com\\\/alessandrolisci\",\"https:\\\/\\\/www.youtube.com\\\/user\\\/alessandrolisci\"],\"url\":\"https:\\\/\\\/www.romaoggi.eu\\\/index.php\\\/author\\\/alessandro\\\/\"}]}<\/script>\n<!-- \/ Yoast SEO plugin. -->","yoast_head_json":{"title":"Campidoglio, al via lo scavo archeologico del Foro di Cesare","description":"Roma, 12 marzo 2021\u00a0\u2013 Al via le operazioni di scavo archeologico sul lato orientale del Foro di Cesare, nella parte compresa tra via dei Fori Imperiali,","robots":{"index":"index","follow":"follow","max-snippet":"max-snippet:-1","max-image-preview":"max-image-preview:large","max-video-preview":"max-video-preview:-1"},"canonical":"https:\/\/www.romaoggi.eu\/index.php\/2021\/03\/12\/campidoglio-al-via-lo-scavo-archeologico-del-foro-di-cesare\/","og_locale":"it_IT","og_type":"article","og_title":"Campidoglio, al via lo scavo archeologico del Foro di Cesare","og_description":"Roma, 12 marzo 2021\u00a0\u2013 Al via le operazioni di scavo archeologico sul lato orientale del Foro di Cesare, nella parte compresa tra via dei Fori Imperiali,","og_url":"https:\/\/www.romaoggi.eu\/index.php\/2021\/03\/12\/campidoglio-al-via-lo-scavo-archeologico-del-foro-di-cesare\/","og_site_name":"roma oggi","article_publisher":"https:\/\/www.facebook.com\/RomaOggi-841544845954114","article_author":"https:\/\/www.facebook.com\/alessandro.lisci.5","article_published_time":"2021-03-12T17:55:30+00:00","article_modified_time":"2021-03-12T18:33:02+00:00","og_image":[{"width":1600,"height":900,"url":"https:\/\/www.romaoggi.eu\/wp-content\/uploads\/2021\/03\/3.jpg","type":"image\/jpeg"}],"author":"Alessandro Lisci","twitter_card":"summary_large_image","twitter_creator":"@https:\/\/twitter.com\/alessandrolisci","twitter_site":"@romaoggi_eu","twitter_misc":{"Scritto da":"Alessandro Lisci","Tempo di lettura stimato":"5 minuti"},"schema":{"@context":"https:\/\/schema.org","@graph":[{"@type":"Article","@id":"https:\/\/www.romaoggi.eu\/index.php\/2021\/03\/12\/campidoglio-al-via-lo-scavo-archeologico-del-foro-di-cesare\/#article","isPartOf":{"@id":"https:\/\/www.romaoggi.eu\/index.php\/2021\/03\/12\/campidoglio-al-via-lo-scavo-archeologico-del-foro-di-cesare\/"},"author":{"name":"Alessandro Lisci","@id":"https:\/\/www.romaoggi.eu\/#\/schema\/person\/30ada62b3bd510c45a781b7e3bf65e69"},"headline":"Campidoglio, al via lo scavo archeologico del Foro di Cesare","datePublished":"2021-03-12T17:55:30+00:00","dateModified":"2021-03-12T18:33:02+00:00","mainEntityOfPage":{"@id":"https:\/\/www.romaoggi.eu\/index.php\/2021\/03\/12\/campidoglio-al-via-lo-scavo-archeologico-del-foro-di-cesare\/"},"wordCount":976,"commentCount":0,"publisher":{"@id":"https:\/\/www.romaoggi.eu\/#organization"},"image":{"@id":"https:\/\/www.romaoggi.eu\/index.php\/2021\/03\/12\/campidoglio-al-via-lo-scavo-archeologico-del-foro-di-cesare\/#primaryimage"},"thumbnailUrl":"https:\/\/www.romaoggi.eu\/wp-content\/uploads\/2021\/03\/3.jpg","keywords":["Accademia di Danimarca","Alfonsina Russo","Charlotte Bundgaard","Fori Imperiali","Foro di Cesare","Jan Kindberg Jacobsen","Maria Vittoria Marini Clarelli","Parco Archeologico del Colosseo","Regina di Danimarca Margrethe II","Sovrintendenza Capitolina","Virginia Raggi"],"articleSection":["Curiosit\u00e0"],"inLanguage":"it-IT","potentialAction":[{"@type":"CommentAction","name":"Comment","target":["https:\/\/www.romaoggi.eu\/index.php\/2021\/03\/12\/campidoglio-al-via-lo-scavo-archeologico-del-foro-di-cesare\/#respond"]}]},{"@type":"WebPage","@id":"https:\/\/www.romaoggi.eu\/index.php\/2021\/03\/12\/campidoglio-al-via-lo-scavo-archeologico-del-foro-di-cesare\/","url":"https:\/\/www.romaoggi.eu\/index.php\/2021\/03\/12\/campidoglio-al-via-lo-scavo-archeologico-del-foro-di-cesare\/","name":"Campidoglio, al via lo scavo archeologico del Foro di Cesare","isPartOf":{"@id":"https:\/\/www.romaoggi.eu\/#website"},"primaryImageOfPage":{"@id":"https:\/\/www.romaoggi.eu\/index.php\/2021\/03\/12\/campidoglio-al-via-lo-scavo-archeologico-del-foro-di-cesare\/#primaryimage"},"image":{"@id":"https:\/\/www.romaoggi.eu\/index.php\/2021\/03\/12\/campidoglio-al-via-lo-scavo-archeologico-del-foro-di-cesare\/#primaryimage"},"thumbnailUrl":"https:\/\/www.romaoggi.eu\/wp-content\/uploads\/2021\/03\/3.jpg","datePublished":"2021-03-12T17:55:30+00:00","dateModified":"2021-03-12T18:33:02+00:00","description":"Roma, 12 marzo 2021\u00a0\u2013 Al via le operazioni di scavo archeologico sul lato orientale del Foro di Cesare, nella parte compresa tra via dei Fori Imperiali,","breadcrumb":{"@id":"https:\/\/www.romaoggi.eu\/index.php\/2021\/03\/12\/campidoglio-al-via-lo-scavo-archeologico-del-foro-di-cesare\/#breadcrumb"},"inLanguage":"it-IT","potentialAction":[{"@type":"ReadAction","target":["https:\/\/www.romaoggi.eu\/index.php\/2021\/03\/12\/campidoglio-al-via-lo-scavo-archeologico-del-foro-di-cesare\/"]}]},{"@type":"ImageObject","inLanguage":"it-IT","@id":"https:\/\/www.romaoggi.eu\/index.php\/2021\/03\/12\/campidoglio-al-via-lo-scavo-archeologico-del-foro-di-cesare\/#primaryimage","url":"https:\/\/www.romaoggi.eu\/wp-content\/uploads\/2021\/03\/3.jpg","contentUrl":"https:\/\/www.romaoggi.eu\/wp-content\/uploads\/2021\/03\/3.jpg","width":1600,"height":900,"caption":"Foro di Cesare"},{"@type":"BreadcrumbList","@id":"https:\/\/www.romaoggi.eu\/index.php\/2021\/03\/12\/campidoglio-al-via-lo-scavo-archeologico-del-foro-di-cesare\/#breadcrumb","itemListElement":[{"@type":"ListItem","position":1,"name":"Home","item":"https:\/\/www.romaoggi.eu\/"},{"@type":"ListItem","position":2,"name":"Campidoglio, al via lo scavo archeologico del Foro di Cesare"}]},{"@type":"WebSite","@id":"https:\/\/www.romaoggi.eu\/#website","url":"https:\/\/www.romaoggi.eu\/","name":"roma oggi","description":"Interesting News for Interesting people","publisher":{"@id":"https:\/\/www.romaoggi.eu\/#organization"},"potentialAction":[{"@type":"SearchAction","target":{"@type":"EntryPoint","urlTemplate":"https:\/\/www.romaoggi.eu\/?s={search_term_string}"},"query-input":{"@type":"PropertyValueSpecification","valueRequired":true,"valueName":"search_term_string"}}],"inLanguage":"it-IT"},{"@type":"Organization","@id":"https:\/\/www.romaoggi.eu\/#organization","name":"RomaOggi","url":"https:\/\/www.romaoggi.eu\/","logo":{"@type":"ImageObject","inLanguage":"it-IT","@id":"https:\/\/www.romaoggi.eu\/#\/schema\/logo\/image\/","url":"https:\/\/www.romaoggi.eu\/wp-content\/uploads\/2017\/04\/logowp.jpg","contentUrl":"https:\/\/www.romaoggi.eu\/wp-content\/uploads\/2017\/04\/logowp.jpg","width":300,"height":133,"caption":"RomaOggi"},"image":{"@id":"https:\/\/www.romaoggi.eu\/#\/schema\/logo\/image\/"},"sameAs":["https:\/\/www.facebook.com\/RomaOggi-841544845954114","https:\/\/x.com\/romaoggi_eu"]},{"@type":"Person","@id":"https:\/\/www.romaoggi.eu\/#\/schema\/person\/30ada62b3bd510c45a781b7e3bf65e69","name":"Alessandro Lisci","image":{"@type":"ImageObject","inLanguage":"it-IT","@id":"https:\/\/secure.gravatar.com\/avatar\/9b9712162b2ac404aa0d7d978185f203808e7bd02856a449b19868b2eb80cf12?s=96&d=mm&r=g","url":"https:\/\/secure.gravatar.com\/avatar\/9b9712162b2ac404aa0d7d978185f203808e7bd02856a449b19868b2eb80cf12?s=96&d=mm&r=g","contentUrl":"https:\/\/secure.gravatar.com\/avatar\/9b9712162b2ac404aa0d7d978185f203808e7bd02856a449b19868b2eb80cf12?s=96&d=mm&r=g","caption":"Alessandro Lisci"},"sameAs":["http:\/\/www.alessandrolisci.com","https:\/\/www.facebook.com\/alessandro.lisci.5","https:\/\/x.com\/https:\/\/twitter.com\/alessandrolisci","https:\/\/www.youtube.com\/user\/alessandrolisci"],"url":"https:\/\/www.romaoggi.eu\/index.php\/author\/alessandro\/"}]}},"_links":{"self":[{"href":"https:\/\/www.romaoggi.eu\/index.php\/wp-json\/wp\/v2\/posts\/26779","targetHints":{"allow":["GET"]}}],"collection":[{"href":"https:\/\/www.romaoggi.eu\/index.php\/wp-json\/wp\/v2\/posts"}],"about":[{"href":"https:\/\/www.romaoggi.eu\/index.php\/wp-json\/wp\/v2\/types\/post"}],"author":[{"embeddable":true,"href":"https:\/\/www.romaoggi.eu\/index.php\/wp-json\/wp\/v2\/users\/10"}],"replies":[{"embeddable":true,"href":"https:\/\/www.romaoggi.eu\/index.php\/wp-json\/wp\/v2\/comments?post=26779"}],"version-history":[{"count":3,"href":"https:\/\/www.romaoggi.eu\/index.php\/wp-json\/wp\/v2\/posts\/26779\/revisions"}],"predecessor-version":[{"id":26789,"href":"https:\/\/www.romaoggi.eu\/index.php\/wp-json\/wp\/v2\/posts\/26779\/revisions\/26789"}],"wp:featuredmedia":[{"embeddable":true,"href":"https:\/\/www.romaoggi.eu\/index.php\/wp-json\/wp\/v2\/media\/26781"}],"wp:attachment":[{"href":"https:\/\/www.romaoggi.eu\/index.php\/wp-json\/wp\/v2\/media?parent=26779"}],"wp:term":[{"taxonomy":"category","embeddable":true,"href":"https:\/\/www.romaoggi.eu\/index.php\/wp-json\/wp\/v2\/categories?post=26779"},{"taxonomy":"post_tag","embeddable":true,"href":"https:\/\/www.romaoggi.eu\/index.php\/wp-json\/wp\/v2\/tags?post=26779"}],"curies":[{"name":"wp","href":"https:\/\/api.w.org\/{rel}","templated":true}]}}