{"id":26876,"date":"2021-03-19T11:01:44","date_gmt":"2021-03-19T10:01:44","guid":{"rendered":"http:\/\/www.romaoggi.eu\/?p=26876"},"modified":"2021-03-19T11:01:44","modified_gmt":"2021-03-19T10:01:44","slug":"lockdown-italiaper-non-dimenticare","status":"publish","type":"post","link":"https:\/\/www.romaoggi.eu\/index.php\/2021\/03\/19\/lockdown-italiaper-non-dimenticare\/","title":{"rendered":"\u201cLockdown Italia\u201d\u2026per non dimenticare"},"content":{"rendered":"<p align=\"JUSTIFY\">La mostra fotografica \u201cLockdown Italia\u201d, esposta precedentemente alla chiusura dei Musei Capitolini in Roma, al piano terra del Palazzo dei Conservatori, comprende Oltre 70 scatti dei fotografi dell\u2019<strong>Associazione della Stampa Estera in Italia<\/strong>\u00a0e delle pi\u00f9 importanti agenzie di stampa raccontano le fasi fondamentali della pandemia: dalla chiusura di marzo ai primi segnali di ripartenza.<\/p>\n<figure id=\"attachment_26881\" aria-describedby=\"caption-attachment-26881\" style=\"width: 1280px\" class=\"wp-caption alignnone\"><img loading=\"lazy\" decoding=\"async\" class=\"size-full wp-image-26881\" src=\"https:\/\/www.romaoggi.eu\/wp-content\/uploads\/2021\/03\/\u00a9-Tiziana-Belli-2021-03-18-at-14.04.39-copia.jpg\" alt=\"alt tag Lockdown Italia \" width=\"1280\" height=\"915\" srcset=\"https:\/\/www.romaoggi.eu\/wp-content\/uploads\/2021\/03\/\u00a9-Tiziana-Belli-2021-03-18-at-14.04.39-copia.jpg 1280w, https:\/\/www.romaoggi.eu\/wp-content\/uploads\/2021\/03\/\u00a9-Tiziana-Belli-2021-03-18-at-14.04.39-copia-300x214.jpg 300w, https:\/\/www.romaoggi.eu\/wp-content\/uploads\/2021\/03\/\u00a9-Tiziana-Belli-2021-03-18-at-14.04.39-copia-1024x732.jpg 1024w\" sizes=\"auto, (max-width: 1280px) 100vw, 1280px\" \/><figcaption id=\"caption-attachment-26881\" class=\"wp-caption-text\"><strong>\u00a9 Tiziana Belli<\/strong><\/figcaption><\/figure>\n<p align=\"JUSTIFY\">La mostra,\u00a0a cura dell\u2019<strong>Associazione della Stampa Estera in Italia,<\/strong>\u00a0\u00e8 un tributo a un Paese duramente colpito ma che ha dato l\u2019esempio al resto del mondo: un viaggio per immagini che cattura non solo la situazione drammatica negli ospedali e nelle zone rosse, ma anche la sua resilienza, le citt\u00e0 deserte, la solidariet\u00e0, la vita sui balconi e la lenta ripresa verso quella che \u00e8 diventata la nuova normalit\u00e0.<\/p>\n<figure id=\"attachment_26882\" aria-describedby=\"caption-attachment-26882\" style=\"width: 1584px\" class=\"wp-caption alignnone\"><img loading=\"lazy\" decoding=\"async\" class=\"size-full wp-image-26882\" src=\"https:\/\/www.romaoggi.eu\/wp-content\/uploads\/2021\/03\/\u00a9-Tiziana-Belli-2021-03-18-at-14.05.02-copia.jpg\" alt=\"alt tag Lockdown Italia \" width=\"1584\" height=\"1132\" srcset=\"https:\/\/www.romaoggi.eu\/wp-content\/uploads\/2021\/03\/\u00a9-Tiziana-Belli-2021-03-18-at-14.05.02-copia.jpg 1584w, https:\/\/www.romaoggi.eu\/wp-content\/uploads\/2021\/03\/\u00a9-Tiziana-Belli-2021-03-18-at-14.05.02-copia-300x214.jpg 300w, https:\/\/www.romaoggi.eu\/wp-content\/uploads\/2021\/03\/\u00a9-Tiziana-Belli-2021-03-18-at-14.05.02-copia-1024x732.jpg 1024w, https:\/\/www.romaoggi.eu\/wp-content\/uploads\/2021\/03\/\u00a9-Tiziana-Belli-2021-03-18-at-14.05.02-copia-1536x1098.jpg 1536w\" sizes=\"auto, (max-width: 1584px) 100vw, 1584px\" \/><figcaption id=\"caption-attachment-26882\" class=\"wp-caption-text\"><strong>Riproduzione \u00a9 Tiziana Belli<\/strong><\/figcaption><\/figure>\n<p align=\"JUSTIFY\">Grazie agli scatti dei\u00a0<strong>30 fotografi in mostra<\/strong>, provenienti da dieci paesi diversi \u2013 compresi alcuni corrispondenti italiani delle tre principali agenzie rappresentate nella\u00a0<strong>Stampa Estera, Reuters, AP e AFP<\/strong>\u00a0\u2013 il visitatore pu\u00f2 tornare al periodo compreso tra marzo e giugno per rivivere\u00a0<strong>gli istanti fondamentali che hanno accompagnato il lockdown<\/strong>: dalle prime drammatiche chiusure, al crescente stato di sofferenza del paese; dalla resistenza composta dell\u2019intera comunit\u00e0, alla lenta ripresa delle attivit\u00e0. Un viaggio fotografico dedito alla documentazione storica e che, al contempo, vuole rendere omaggio al coraggio e alla resilienza dimostrata dagli Italiani nei giorni pi\u00f9 difficili della pandemia, nonch\u00e9 ai professionisti del mondo dell\u2019informazione che sono andati in prima linea per documentarla, anche a proprio rischio e pericolo.<\/p>\n<p><img loading=\"lazy\" decoding=\"async\" class=\"size-full wp-image-26884\" src=\"https:\/\/www.romaoggi.eu\/wp-content\/uploads\/2021\/03\/\u00a9-Tiziana-Belli-2021-03-18-at-14.05.15-copia.jpg\" alt=\"alt tag Lockdown Italia \" width=\"853\" height=\"1280\" srcset=\"https:\/\/www.romaoggi.eu\/wp-content\/uploads\/2021\/03\/\u00a9-Tiziana-Belli-2021-03-18-at-14.05.15-copia.jpg 853w, https:\/\/www.romaoggi.eu\/wp-content\/uploads\/2021\/03\/\u00a9-Tiziana-Belli-2021-03-18-at-14.05.15-copia-200x300.jpg 200w, https:\/\/www.romaoggi.eu\/wp-content\/uploads\/2021\/03\/\u00a9-Tiziana-Belli-2021-03-18-at-14.05.15-copia-682x1024.jpg 682w\" sizes=\"auto, (max-width: 853px) 100vw, 853px\" \/><strong><strong>Riproduzione \u00a9 Tiziana Belli<\/strong><\/strong><\/p>\n<div class=\"field_descrizione\">\n<div class=\"field field-name-field-descrizione field-type-text-long field-label-hidden\">\n<div class=\"field-items\">\n<div class=\"field-item even\">\n<p>La mostra si snoda lungo\u00a0<strong>un percorso espositivo di pi\u00f9 di settanta foto<\/strong>\u00a0che si propone come un itinerario temporale ed emotivo attraverso le diverse fasi della pandemia. Si inizia da\u00a0<strong>una<\/strong>\u00a0<strong>prima parte in cui emerge con forza la drammaticit\u00e0 del momento storico<\/strong>\u00a0nelle immagini delle terapie intensive, delle bare all\u2019interno delle chiese, dei volti sofferenti degli infermieri e dei medici in prima linea. Si passa successivamente ai silenzi\u00a0assordanti delle strade e delle piazze del Paese, per proseguire poi con la sofferenza\u00a0dei degenti e dei familiari delle vittime.\u00a0<strong>Nella seconda parte del percorso si torna a vedere la \u201cluce\u201d della rinascita<\/strong>\u00a0con le immagini di una popolazione che reagisce. Inizialmente con i canti dai balconi e dai terrazzi o con le riaperture dei pochi esercizi commerciali autorizzati a lavorare e poi con il ritorno graduale alla normalit\u00e0, seppur condizionata da regole nuove \u2013 mascherine, misurazione della temperatura, distanziamento sociale \u2013 che abbiamo imparato a conoscere e rispettare.<br \/>\nLa mostra si chiude, infine, con\u00a0<strong>una sezione dedicata al lavoro dei reporter in tempo di pandemia<\/strong>. Un collage di foto che mostra come i corrispondenti della stampa si siano dovuti adattare alle nuove condizioni di lavoro imposte dal lockdown attraverso dirette casalinghe, reportage con mascherina in citt\u00e0 deserte, conferenze stampa e interviste online.<\/p>\n<\/div>\n<\/div>\n<\/div>\n<\/div>\n<div class=\"field_curatori\"><\/div>\n<figure id=\"attachment_26883\" aria-describedby=\"caption-attachment-26883\" style=\"width: 960px\" class=\"wp-caption alignnone\"><img loading=\"lazy\" decoding=\"async\" class=\"size-full wp-image-26883\" src=\"https:\/\/www.romaoggi.eu\/wp-content\/uploads\/2021\/03\/\u00a9-Tiziana-Belli-2021-03-18-at-14.03.46-copia.jpg\" alt=\"alt tag Lockdown Italia \" width=\"960\" height=\"614\" srcset=\"https:\/\/www.romaoggi.eu\/wp-content\/uploads\/2021\/03\/\u00a9-Tiziana-Belli-2021-03-18-at-14.03.46-copia.jpg 960w, https:\/\/www.romaoggi.eu\/wp-content\/uploads\/2021\/03\/\u00a9-Tiziana-Belli-2021-03-18-at-14.03.46-copia-300x192.jpg 300w\" sizes=\"auto, (max-width: 960px) 100vw, 960px\" \/><figcaption id=\"caption-attachment-26883\" class=\"wp-caption-text\"><strong>Riproduzione \u00a9 Tiziana Belli<\/strong><\/figcaption><\/figure>\n","protected":false},"excerpt":{"rendered":"<div class=\"mh-excerpt\"><p>La mostra fotografica \u201cLockdown Italia\u201d, esposta precedentemente alla chiusura dei Musei Capitolini in Roma, al piano terra del Palazzo dei Conservatori, comprende Oltre 70 scatti dei fotografi dell\u2019Associazione della Stampa Estera in Italia\u00a0e delle pi\u00f9 <a class=\"mh-excerpt-more\" href=\"https:\/\/www.romaoggi.eu\/index.php\/2021\/03\/19\/lockdown-italiaper-non-dimenticare\/\" title=\"\u201cLockdown Italia\u201d\u2026per non dimenticare\">[&#8230;]<\/a><\/p>\n<\/div>","protected":false},"author":10,"featured_media":26880,"comment_status":"closed","ping_status":"open","sticky":false,"template":"","format":"standard","meta":{"_sitemap_exclude":false,"_sitemap_priority":"","_sitemap_frequency":"","footnotes":""},"categories":[74],"tags":[14659,14658,732,4804,14399,2696],"class_list":["post-26876","post","type-post","status-publish","format-standard","has-post-thumbnail","hentry","category-mostre","tag-associazione-della-stampa-estera","tag-lockdown-italia","tag-musei-capitolini","tag-palazzo-dei-conservatori","tag-tiziana-belli","tag-virgini-raggi"],"yoast_head":"<!-- This site is optimized with the Yoast SEO plugin v27.5 - https:\/\/yoast.com\/product\/yoast-seo-wordpress\/ -->\n<title>\u201cLockdown Italia\u201d\u2026per non dimenticare<\/title>\n<meta name=\"description\" content=\"La mostra fotografica \u201cLockdown Italia\u201d, esposta precedentemente alla chiusura dei Musei Capitolini in Roma, al piano terra del Palazzo dei Conservatori,\" \/>\n<meta name=\"robots\" content=\"index, follow, max-snippet:-1, max-image-preview:large, max-video-preview:-1\" \/>\n<link rel=\"canonical\" href=\"https:\/\/www.romaoggi.eu\/index.php\/2021\/03\/19\/lockdown-italiaper-non-dimenticare\/\" \/>\n<meta property=\"og:locale\" content=\"it_IT\" \/>\n<meta property=\"og:type\" content=\"article\" \/>\n<meta property=\"og:title\" content=\"\u201cLockdown Italia\u201d\u2026per non dimenticare\" \/>\n<meta property=\"og:description\" content=\"La mostra fotografica \u201cLockdown Italia\u201d, esposta precedentemente alla chiusura dei Musei Capitolini in Roma, al piano terra del Palazzo dei Conservatori,\" \/>\n<meta property=\"og:url\" content=\"https:\/\/www.romaoggi.eu\/index.php\/2021\/03\/19\/lockdown-italiaper-non-dimenticare\/\" \/>\n<meta property=\"og:site_name\" content=\"roma oggi\" \/>\n<meta property=\"article:publisher\" content=\"https:\/\/www.facebook.com\/RomaOggi-841544845954114\" \/>\n<meta property=\"article:author\" content=\"https:\/\/www.facebook.com\/alessandro.lisci.5\" \/>\n<meta property=\"article:published_time\" content=\"2021-03-19T10:01:44+00:00\" \/>\n<meta property=\"og:image\" content=\"https:\/\/www.romaoggi.eu\/wp-content\/uploads\/2021\/03\/\u00a9-Tiziana-Belli-2021-03-18-at-14.03.25-copia-1.jpg\" \/>\n\t<meta property=\"og:image:width\" content=\"942\" \/>\n\t<meta property=\"og:image:height\" content=\"628\" \/>\n\t<meta property=\"og:image:type\" content=\"image\/jpeg\" \/>\n<meta name=\"author\" content=\"Alessandro Lisci\" \/>\n<meta name=\"twitter:card\" content=\"summary_large_image\" \/>\n<meta name=\"twitter:creator\" content=\"@https:\/\/twitter.com\/alessandrolisci\" \/>\n<meta name=\"twitter:site\" content=\"@romaoggi_eu\" \/>\n<meta name=\"twitter:label1\" content=\"Scritto da\" \/>\n\t<meta name=\"twitter:data1\" content=\"Alessandro Lisci\" \/>\n\t<meta name=\"twitter:label2\" content=\"Tempo di lettura stimato\" \/>\n\t<meta name=\"twitter:data2\" content=\"3 minuti\" \/>\n<script type=\"application\/ld+json\" class=\"yoast-schema-graph\">{\"@context\":\"https:\\\/\\\/schema.org\",\"@graph\":[{\"@type\":\"Article\",\"@id\":\"https:\\\/\\\/www.romaoggi.eu\\\/index.php\\\/2021\\\/03\\\/19\\\/lockdown-italiaper-non-dimenticare\\\/#article\",\"isPartOf\":{\"@id\":\"https:\\\/\\\/www.romaoggi.eu\\\/index.php\\\/2021\\\/03\\\/19\\\/lockdown-italiaper-non-dimenticare\\\/\"},\"author\":{\"name\":\"Alessandro Lisci\",\"@id\":\"https:\\\/\\\/www.romaoggi.eu\\\/#\\\/schema\\\/person\\\/30ada62b3bd510c45a781b7e3bf65e69\"},\"headline\":\"\u201cLockdown Italia\u201d\u2026per non dimenticare\",\"datePublished\":\"2021-03-19T10:01:44+00:00\",\"mainEntityOfPage\":{\"@id\":\"https:\\\/\\\/www.romaoggi.eu\\\/index.php\\\/2021\\\/03\\\/19\\\/lockdown-italiaper-non-dimenticare\\\/\"},\"wordCount\":495,\"publisher\":{\"@id\":\"https:\\\/\\\/www.romaoggi.eu\\\/#organization\"},\"image\":{\"@id\":\"https:\\\/\\\/www.romaoggi.eu\\\/index.php\\\/2021\\\/03\\\/19\\\/lockdown-italiaper-non-dimenticare\\\/#primaryimage\"},\"thumbnailUrl\":\"https:\\\/\\\/www.romaoggi.eu\\\/wp-content\\\/uploads\\\/2021\\\/03\\\/\u00a9-Tiziana-Belli-2021-03-18-at-14.03.25-copia-1.jpg\",\"keywords\":[\"Associazione della Stampa Estera\",\"Lockdown Italia\",\"Musei Capitolini\",\"Palazzo dei Conservatori\",\"tiziana belli\",\"Virgini Raggi\"],\"articleSection\":[\"Mostre\"],\"inLanguage\":\"it-IT\"},{\"@type\":\"WebPage\",\"@id\":\"https:\\\/\\\/www.romaoggi.eu\\\/index.php\\\/2021\\\/03\\\/19\\\/lockdown-italiaper-non-dimenticare\\\/\",\"url\":\"https:\\\/\\\/www.romaoggi.eu\\\/index.php\\\/2021\\\/03\\\/19\\\/lockdown-italiaper-non-dimenticare\\\/\",\"name\":\"\u201cLockdown Italia\u201d\u2026per non dimenticare\",\"isPartOf\":{\"@id\":\"https:\\\/\\\/www.romaoggi.eu\\\/#website\"},\"primaryImageOfPage\":{\"@id\":\"https:\\\/\\\/www.romaoggi.eu\\\/index.php\\\/2021\\\/03\\\/19\\\/lockdown-italiaper-non-dimenticare\\\/#primaryimage\"},\"image\":{\"@id\":\"https:\\\/\\\/www.romaoggi.eu\\\/index.php\\\/2021\\\/03\\\/19\\\/lockdown-italiaper-non-dimenticare\\\/#primaryimage\"},\"thumbnailUrl\":\"https:\\\/\\\/www.romaoggi.eu\\\/wp-content\\\/uploads\\\/2021\\\/03\\\/\u00a9-Tiziana-Belli-2021-03-18-at-14.03.25-copia-1.jpg\",\"datePublished\":\"2021-03-19T10:01:44+00:00\",\"description\":\"La mostra fotografica \u201cLockdown Italia\u201d, esposta precedentemente alla chiusura dei Musei Capitolini in Roma, al piano terra del Palazzo dei Conservatori,\",\"breadcrumb\":{\"@id\":\"https:\\\/\\\/www.romaoggi.eu\\\/index.php\\\/2021\\\/03\\\/19\\\/lockdown-italiaper-non-dimenticare\\\/#breadcrumb\"},\"inLanguage\":\"it-IT\",\"potentialAction\":[{\"@type\":\"ReadAction\",\"target\":[\"https:\\\/\\\/www.romaoggi.eu\\\/index.php\\\/2021\\\/03\\\/19\\\/lockdown-italiaper-non-dimenticare\\\/\"]}]},{\"@type\":\"ImageObject\",\"inLanguage\":\"it-IT\",\"@id\":\"https:\\\/\\\/www.romaoggi.eu\\\/index.php\\\/2021\\\/03\\\/19\\\/lockdown-italiaper-non-dimenticare\\\/#primaryimage\",\"url\":\"https:\\\/\\\/www.romaoggi.eu\\\/wp-content\\\/uploads\\\/2021\\\/03\\\/\u00a9-Tiziana-Belli-2021-03-18-at-14.03.25-copia-1.jpg\",\"contentUrl\":\"https:\\\/\\\/www.romaoggi.eu\\\/wp-content\\\/uploads\\\/2021\\\/03\\\/\u00a9-Tiziana-Belli-2021-03-18-at-14.03.25-copia-1.jpg\",\"width\":942,\"height\":628,\"caption\":\"Riproduzione \u00a9 Tiziana Belli\"},{\"@type\":\"BreadcrumbList\",\"@id\":\"https:\\\/\\\/www.romaoggi.eu\\\/index.php\\\/2021\\\/03\\\/19\\\/lockdown-italiaper-non-dimenticare\\\/#breadcrumb\",\"itemListElement\":[{\"@type\":\"ListItem\",\"position\":1,\"name\":\"Home\",\"item\":\"https:\\\/\\\/www.romaoggi.eu\\\/\"},{\"@type\":\"ListItem\",\"position\":2,\"name\":\"\u201cLockdown Italia\u201d\u2026per non dimenticare\"}]},{\"@type\":\"WebSite\",\"@id\":\"https:\\\/\\\/www.romaoggi.eu\\\/#website\",\"url\":\"https:\\\/\\\/www.romaoggi.eu\\\/\",\"name\":\"roma oggi\",\"description\":\"Interesting News for Interesting people\",\"publisher\":{\"@id\":\"https:\\\/\\\/www.romaoggi.eu\\\/#organization\"},\"potentialAction\":[{\"@type\":\"SearchAction\",\"target\":{\"@type\":\"EntryPoint\",\"urlTemplate\":\"https:\\\/\\\/www.romaoggi.eu\\\/?s={search_term_string}\"},\"query-input\":{\"@type\":\"PropertyValueSpecification\",\"valueRequired\":true,\"valueName\":\"search_term_string\"}}],\"inLanguage\":\"it-IT\"},{\"@type\":\"Organization\",\"@id\":\"https:\\\/\\\/www.romaoggi.eu\\\/#organization\",\"name\":\"RomaOggi\",\"url\":\"https:\\\/\\\/www.romaoggi.eu\\\/\",\"logo\":{\"@type\":\"ImageObject\",\"inLanguage\":\"it-IT\",\"@id\":\"https:\\\/\\\/www.romaoggi.eu\\\/#\\\/schema\\\/logo\\\/image\\\/\",\"url\":\"https:\\\/\\\/www.romaoggi.eu\\\/wp-content\\\/uploads\\\/2017\\\/04\\\/logowp.jpg\",\"contentUrl\":\"https:\\\/\\\/www.romaoggi.eu\\\/wp-content\\\/uploads\\\/2017\\\/04\\\/logowp.jpg\",\"width\":300,\"height\":133,\"caption\":\"RomaOggi\"},\"image\":{\"@id\":\"https:\\\/\\\/www.romaoggi.eu\\\/#\\\/schema\\\/logo\\\/image\\\/\"},\"sameAs\":[\"https:\\\/\\\/www.facebook.com\\\/RomaOggi-841544845954114\",\"https:\\\/\\\/x.com\\\/romaoggi_eu\"]},{\"@type\":\"Person\",\"@id\":\"https:\\\/\\\/www.romaoggi.eu\\\/#\\\/schema\\\/person\\\/30ada62b3bd510c45a781b7e3bf65e69\",\"name\":\"Alessandro Lisci\",\"image\":{\"@type\":\"ImageObject\",\"inLanguage\":\"it-IT\",\"@id\":\"https:\\\/\\\/secure.gravatar.com\\\/avatar\\\/9b9712162b2ac404aa0d7d978185f203808e7bd02856a449b19868b2eb80cf12?s=96&d=mm&r=g\",\"url\":\"https:\\\/\\\/secure.gravatar.com\\\/avatar\\\/9b9712162b2ac404aa0d7d978185f203808e7bd02856a449b19868b2eb80cf12?s=96&d=mm&r=g\",\"contentUrl\":\"https:\\\/\\\/secure.gravatar.com\\\/avatar\\\/9b9712162b2ac404aa0d7d978185f203808e7bd02856a449b19868b2eb80cf12?s=96&d=mm&r=g\",\"caption\":\"Alessandro Lisci\"},\"sameAs\":[\"http:\\\/\\\/www.alessandrolisci.com\",\"https:\\\/\\\/www.facebook.com\\\/alessandro.lisci.5\",\"https:\\\/\\\/x.com\\\/https:\\\/\\\/twitter.com\\\/alessandrolisci\",\"https:\\\/\\\/www.youtube.com\\\/user\\\/alessandrolisci\"],\"url\":\"https:\\\/\\\/www.romaoggi.eu\\\/index.php\\\/author\\\/alessandro\\\/\"}]}<\/script>\n<!-- \/ Yoast SEO plugin. -->","yoast_head_json":{"title":"\u201cLockdown Italia\u201d\u2026per non dimenticare","description":"La mostra fotografica \u201cLockdown Italia\u201d, esposta precedentemente alla chiusura dei Musei Capitolini in Roma, al piano terra del Palazzo dei Conservatori,","robots":{"index":"index","follow":"follow","max-snippet":"max-snippet:-1","max-image-preview":"max-image-preview:large","max-video-preview":"max-video-preview:-1"},"canonical":"https:\/\/www.romaoggi.eu\/index.php\/2021\/03\/19\/lockdown-italiaper-non-dimenticare\/","og_locale":"it_IT","og_type":"article","og_title":"\u201cLockdown Italia\u201d\u2026per non dimenticare","og_description":"La mostra fotografica \u201cLockdown Italia\u201d, esposta precedentemente alla chiusura dei Musei Capitolini in Roma, al piano terra del Palazzo dei Conservatori,","og_url":"https:\/\/www.romaoggi.eu\/index.php\/2021\/03\/19\/lockdown-italiaper-non-dimenticare\/","og_site_name":"roma oggi","article_publisher":"https:\/\/www.facebook.com\/RomaOggi-841544845954114","article_author":"https:\/\/www.facebook.com\/alessandro.lisci.5","article_published_time":"2021-03-19T10:01:44+00:00","og_image":[{"width":942,"height":628,"url":"https:\/\/www.romaoggi.eu\/wp-content\/uploads\/2021\/03\/\u00a9-Tiziana-Belli-2021-03-18-at-14.03.25-copia-1.jpg","type":"image\/jpeg"}],"author":"Alessandro Lisci","twitter_card":"summary_large_image","twitter_creator":"@https:\/\/twitter.com\/alessandrolisci","twitter_site":"@romaoggi_eu","twitter_misc":{"Scritto da":"Alessandro Lisci","Tempo di lettura stimato":"3 minuti"},"schema":{"@context":"https:\/\/schema.org","@graph":[{"@type":"Article","@id":"https:\/\/www.romaoggi.eu\/index.php\/2021\/03\/19\/lockdown-italiaper-non-dimenticare\/#article","isPartOf":{"@id":"https:\/\/www.romaoggi.eu\/index.php\/2021\/03\/19\/lockdown-italiaper-non-dimenticare\/"},"author":{"name":"Alessandro Lisci","@id":"https:\/\/www.romaoggi.eu\/#\/schema\/person\/30ada62b3bd510c45a781b7e3bf65e69"},"headline":"\u201cLockdown Italia\u201d\u2026per non dimenticare","datePublished":"2021-03-19T10:01:44+00:00","mainEntityOfPage":{"@id":"https:\/\/www.romaoggi.eu\/index.php\/2021\/03\/19\/lockdown-italiaper-non-dimenticare\/"},"wordCount":495,"publisher":{"@id":"https:\/\/www.romaoggi.eu\/#organization"},"image":{"@id":"https:\/\/www.romaoggi.eu\/index.php\/2021\/03\/19\/lockdown-italiaper-non-dimenticare\/#primaryimage"},"thumbnailUrl":"https:\/\/www.romaoggi.eu\/wp-content\/uploads\/2021\/03\/\u00a9-Tiziana-Belli-2021-03-18-at-14.03.25-copia-1.jpg","keywords":["Associazione della Stampa Estera","Lockdown Italia","Musei Capitolini","Palazzo dei Conservatori","tiziana belli","Virgini Raggi"],"articleSection":["Mostre"],"inLanguage":"it-IT"},{"@type":"WebPage","@id":"https:\/\/www.romaoggi.eu\/index.php\/2021\/03\/19\/lockdown-italiaper-non-dimenticare\/","url":"https:\/\/www.romaoggi.eu\/index.php\/2021\/03\/19\/lockdown-italiaper-non-dimenticare\/","name":"\u201cLockdown Italia\u201d\u2026per non dimenticare","isPartOf":{"@id":"https:\/\/www.romaoggi.eu\/#website"},"primaryImageOfPage":{"@id":"https:\/\/www.romaoggi.eu\/index.php\/2021\/03\/19\/lockdown-italiaper-non-dimenticare\/#primaryimage"},"image":{"@id":"https:\/\/www.romaoggi.eu\/index.php\/2021\/03\/19\/lockdown-italiaper-non-dimenticare\/#primaryimage"},"thumbnailUrl":"https:\/\/www.romaoggi.eu\/wp-content\/uploads\/2021\/03\/\u00a9-Tiziana-Belli-2021-03-18-at-14.03.25-copia-1.jpg","datePublished":"2021-03-19T10:01:44+00:00","description":"La mostra fotografica \u201cLockdown Italia\u201d, esposta precedentemente alla chiusura dei Musei Capitolini in Roma, al piano terra del Palazzo dei Conservatori,","breadcrumb":{"@id":"https:\/\/www.romaoggi.eu\/index.php\/2021\/03\/19\/lockdown-italiaper-non-dimenticare\/#breadcrumb"},"inLanguage":"it-IT","potentialAction":[{"@type":"ReadAction","target":["https:\/\/www.romaoggi.eu\/index.php\/2021\/03\/19\/lockdown-italiaper-non-dimenticare\/"]}]},{"@type":"ImageObject","inLanguage":"it-IT","@id":"https:\/\/www.romaoggi.eu\/index.php\/2021\/03\/19\/lockdown-italiaper-non-dimenticare\/#primaryimage","url":"https:\/\/www.romaoggi.eu\/wp-content\/uploads\/2021\/03\/\u00a9-Tiziana-Belli-2021-03-18-at-14.03.25-copia-1.jpg","contentUrl":"https:\/\/www.romaoggi.eu\/wp-content\/uploads\/2021\/03\/\u00a9-Tiziana-Belli-2021-03-18-at-14.03.25-copia-1.jpg","width":942,"height":628,"caption":"Riproduzione \u00a9 Tiziana Belli"},{"@type":"BreadcrumbList","@id":"https:\/\/www.romaoggi.eu\/index.php\/2021\/03\/19\/lockdown-italiaper-non-dimenticare\/#breadcrumb","itemListElement":[{"@type":"ListItem","position":1,"name":"Home","item":"https:\/\/www.romaoggi.eu\/"},{"@type":"ListItem","position":2,"name":"\u201cLockdown Italia\u201d\u2026per non dimenticare"}]},{"@type":"WebSite","@id":"https:\/\/www.romaoggi.eu\/#website","url":"https:\/\/www.romaoggi.eu\/","name":"roma oggi","description":"Interesting News for Interesting people","publisher":{"@id":"https:\/\/www.romaoggi.eu\/#organization"},"potentialAction":[{"@type":"SearchAction","target":{"@type":"EntryPoint","urlTemplate":"https:\/\/www.romaoggi.eu\/?s={search_term_string}"},"query-input":{"@type":"PropertyValueSpecification","valueRequired":true,"valueName":"search_term_string"}}],"inLanguage":"it-IT"},{"@type":"Organization","@id":"https:\/\/www.romaoggi.eu\/#organization","name":"RomaOggi","url":"https:\/\/www.romaoggi.eu\/","logo":{"@type":"ImageObject","inLanguage":"it-IT","@id":"https:\/\/www.romaoggi.eu\/#\/schema\/logo\/image\/","url":"https:\/\/www.romaoggi.eu\/wp-content\/uploads\/2017\/04\/logowp.jpg","contentUrl":"https:\/\/www.romaoggi.eu\/wp-content\/uploads\/2017\/04\/logowp.jpg","width":300,"height":133,"caption":"RomaOggi"},"image":{"@id":"https:\/\/www.romaoggi.eu\/#\/schema\/logo\/image\/"},"sameAs":["https:\/\/www.facebook.com\/RomaOggi-841544845954114","https:\/\/x.com\/romaoggi_eu"]},{"@type":"Person","@id":"https:\/\/www.romaoggi.eu\/#\/schema\/person\/30ada62b3bd510c45a781b7e3bf65e69","name":"Alessandro Lisci","image":{"@type":"ImageObject","inLanguage":"it-IT","@id":"https:\/\/secure.gravatar.com\/avatar\/9b9712162b2ac404aa0d7d978185f203808e7bd02856a449b19868b2eb80cf12?s=96&d=mm&r=g","url":"https:\/\/secure.gravatar.com\/avatar\/9b9712162b2ac404aa0d7d978185f203808e7bd02856a449b19868b2eb80cf12?s=96&d=mm&r=g","contentUrl":"https:\/\/secure.gravatar.com\/avatar\/9b9712162b2ac404aa0d7d978185f203808e7bd02856a449b19868b2eb80cf12?s=96&d=mm&r=g","caption":"Alessandro Lisci"},"sameAs":["http:\/\/www.alessandrolisci.com","https:\/\/www.facebook.com\/alessandro.lisci.5","https:\/\/x.com\/https:\/\/twitter.com\/alessandrolisci","https:\/\/www.youtube.com\/user\/alessandrolisci"],"url":"https:\/\/www.romaoggi.eu\/index.php\/author\/alessandro\/"}]}},"_links":{"self":[{"href":"https:\/\/www.romaoggi.eu\/index.php\/wp-json\/wp\/v2\/posts\/26876","targetHints":{"allow":["GET"]}}],"collection":[{"href":"https:\/\/www.romaoggi.eu\/index.php\/wp-json\/wp\/v2\/posts"}],"about":[{"href":"https:\/\/www.romaoggi.eu\/index.php\/wp-json\/wp\/v2\/types\/post"}],"author":[{"embeddable":true,"href":"https:\/\/www.romaoggi.eu\/index.php\/wp-json\/wp\/v2\/users\/10"}],"replies":[{"embeddable":true,"href":"https:\/\/www.romaoggi.eu\/index.php\/wp-json\/wp\/v2\/comments?post=26876"}],"version-history":[{"count":4,"href":"https:\/\/www.romaoggi.eu\/index.php\/wp-json\/wp\/v2\/posts\/26876\/revisions"}],"predecessor-version":[{"id":26886,"href":"https:\/\/www.romaoggi.eu\/index.php\/wp-json\/wp\/v2\/posts\/26876\/revisions\/26886"}],"wp:featuredmedia":[{"embeddable":true,"href":"https:\/\/www.romaoggi.eu\/index.php\/wp-json\/wp\/v2\/media\/26880"}],"wp:attachment":[{"href":"https:\/\/www.romaoggi.eu\/index.php\/wp-json\/wp\/v2\/media?parent=26876"}],"wp:term":[{"taxonomy":"category","embeddable":true,"href":"https:\/\/www.romaoggi.eu\/index.php\/wp-json\/wp\/v2\/categories?post=26876"},{"taxonomy":"post_tag","embeddable":true,"href":"https:\/\/www.romaoggi.eu\/index.php\/wp-json\/wp\/v2\/tags?post=26876"}],"curies":[{"name":"wp","href":"https:\/\/api.w.org\/{rel}","templated":true}]}}