{"id":26976,"date":"2021-03-24T01:14:40","date_gmt":"2021-03-24T00:14:40","guid":{"rendered":"http:\/\/www.romaoggi.eu\/?p=26976"},"modified":"2021-03-24T08:00:37","modified_gmt":"2021-03-24T07:00:37","slug":"aggiungi-un-posto-a-tavola","status":"publish","type":"post","link":"https:\/\/www.romaoggi.eu\/index.php\/2021\/03\/24\/aggiungi-un-posto-a-tavola\/","title":{"rendered":"Aggiungi un posto a tavola&#8230;"},"content":{"rendered":"<p align=\"JUSTIFY\"><strong><span style=\"color: #000000;\">\u201c<span style=\"font-family: Times New Roman, serif;\"><span style=\"font-size: medium;\">La foto del giorno\u201d di mercoled\u00ec 24 Marzo 2021 dal titolo &#8220;Aggiungi un posto a tavola&#8230;&#8221; ci \u00e8 stata inviata dalla nostra lettrice Barbara Olivari, che l&#8217;ha realizzata nei pressi di Fiano Romano.<\/span><\/span><\/span><\/strong><\/p>\n<p align=\"JUSTIFY\"><strong><span style=\"color: #000000;\"><span style=\"font-family: Times New Roman, serif;\"><span style=\"font-size: medium;\"><b>Il commento di Pina Ianiro <\/b><\/span><\/span><\/span><\/strong><\/p>\n<p align=\"JUSTIFY\"><span style=\"color: #000000;\"><span style=\"font-family: Times New Roman, serif;\"><span style=\"font-size: medium;\">I dettagli in questa fotografia sono cos\u00ec spiccati e i colori talmente definiti che sembra di esserci; stiamo passeggiando in un parco nei pressi di Fiano Romano con Barbara Olivari autrice dello scatto odierno.<\/span><\/span><\/span><\/p>\n<p align=\"JUSTIFY\"><span style=\"font-family: Times New Roman, serif;\"><span style=\"font-size: medium;\">L\u2019aria \u00e8 tersa, il vento l\u2019ha ripulita spingendo le nuvole verso l\u2019orizzonte. L\u2019azzurro del cielo \u00e8 perfetto come nei disegni dei bambini dove non manca mai un ciuffetto bianco di nuvola impalpabile d\u2019ovatta. Al suolo, verde di prato, spicca la ghiaia; ci si potrebbe mettere a contarli uno a uno quei sassolini \u2026 Svettano a tutta altezza tre fusti d\u2019albero dai rami ancora spogli e sulla destra della foto, una loro eco in lontananza.<\/span><\/span><\/p>\n<p align=\"JUSTIFY\"><span style=\"font-family: Times New Roman, serif;\"><span style=\"font-size: medium;\">Sembra tutto perfetto per passare qualche ora all\u2019aria aperta, godendo della natura, eppure qualcosa stona e lo fa in maniera esplicita. <\/span><\/span><\/p>\n<p align=\"JUSTIFY\"><span style=\"font-family: Times New Roman, serif;\"><span style=\"font-size: medium;\">C\u2019\u00e8 un tavolo con le panche circondato da un nastro bianco e rosso della Polizia Locale che delimita l\u2019aria riservata al picnic. Il nastro segnaletico parla una lingua che ci \u00e8 entrata in circolo da un anno, definisce un limite, stabilisce un divieto \u201c<\/span><\/span><span style=\"font-family: Times New Roman, serif;\"><span style=\"font-size: medium;\"><i>non si pu\u00f2 utilizzare<\/i><\/span><\/span><span style=\"font-family: Times New Roman, serif;\"><span style=\"font-size: medium;\">\u201d, dice senza parole. <\/span><\/span><\/p>\n<p align=\"JUSTIFY\"><span style=\"font-family: Times New Roman, serif;\"><span style=\"font-size: medium;\">Il confine tra la vita normale e la vita attuale \u00e8 segnato da un nastro svolazzante leggero e docile che invece ora, per una difesa inconscia, impedisce perfino di ricordare quei tempi spensierati e liberi. E\u2019 cos\u00ec che si protegge la mente, omettendo, rimuovendo come si dice in gergo psicanalitico. La mente ha dolore a rivivere quelle scene ormai da troppo rimaste narrate al passato in cui ci saremmo accomodati intorno al tavolo insieme a qualcuno a riposarci un po\u2019, a giocare a carte, a consumare una merenda o un picnic, tra chiacchiere e risate, in due o in tante persone. <\/span><\/span><\/p>\n<p align=\"JUSTIFY\"><span style=\"color: #000000;\"><span style=\"font-family: Times New Roman, serif;\"><span style=\"font-size: medium;\">Pi\u00f9 si era pi\u00f9 sembrava una festa, e la panca poggiata a testa in gi\u00f9 ne resta traccia. Una testimonianza di quando si poteva stare insieme in tanti senza badare al distanziamento, anzi godendo dell\u2019aggiungere un posto a tavola che faceva tanto allegria. Adesso quel posto in pi\u00f9 \u00e8 inutile e capovolto e tutto attende che finisca il lieve sibilo di quel nastro scosso dal vento che ci confina in questo tempo sospeso.<\/span><\/span><\/span><\/p>\n<p><strong><span style=\"font-family: Times New Roman, serif;\"><span style=\"font-size: medium;\">Pina Ianiro \u00a9<\/span><\/span><\/strong><\/p>\n<figure id=\"attachment_26981\" aria-describedby=\"caption-attachment-26981\" style=\"width: 1080px\" class=\"wp-caption alignnone\"><img loading=\"lazy\" decoding=\"async\" class=\"size-full wp-image-26981\" src=\"https:\/\/www.romaoggi.eu\/wp-content\/uploads\/2021\/03\/photo00136-vert-\u00a9BARBARA-OLIVARI-LUCCHETTI.jpg\" alt=\"alt tag aggiungi un posto a tavola\" width=\"1080\" height=\"1620\" srcset=\"https:\/\/www.romaoggi.eu\/wp-content\/uploads\/2021\/03\/photo00136-vert-\u00a9BARBARA-OLIVARI-LUCCHETTI.jpg 1080w, https:\/\/www.romaoggi.eu\/wp-content\/uploads\/2021\/03\/photo00136-vert-\u00a9BARBARA-OLIVARI-LUCCHETTI-200x300.jpg 200w, https:\/\/www.romaoggi.eu\/wp-content\/uploads\/2021\/03\/photo00136-vert-\u00a9BARBARA-OLIVARI-LUCCHETTI-683x1024.jpg 683w, https:\/\/www.romaoggi.eu\/wp-content\/uploads\/2021\/03\/photo00136-vert-\u00a9BARBARA-OLIVARI-LUCCHETTI-1024x1536.jpg 1024w\" sizes=\"auto, (max-width: 1080px) 100vw, 1080px\" \/><figcaption id=\"caption-attachment-26981\" class=\"wp-caption-text\"><strong>Fiano Romano \u00a9BARBARA OLIVARI<\/strong><\/figcaption><\/figure>\n<p align=\"JUSTIFY\"><strong><span style=\"color: #000000;\"><span style=\"font-family: Times New Roman, serif;\"><span style=\"font-size: medium;\"><b>La foto del giorno \u00e8 la rubrica di Alessandro Lisci su \u00a0 <\/b><\/span><\/span><\/span><\/strong><strong><a href=\"https:\/\/www.romaoggi.eu\/\"><span style=\"color: #000080;\"><span style=\"font-family: Times New Roman, serif;\"><span style=\"font-size: medium;\"><u><b>www.Romaoggi.eu<\/b><\/u><\/span><\/span><\/span><\/a><\/strong><strong><span style=\"color: #000000;\"><span style=\"font-size: medium;\">\u00a0<\/span><\/span><\/strong><strong><span style=\"color: #000000;\"><span style=\"font-family: Times New Roman, serif;\"><span style=\"font-size: medium;\"><b>.\u00a0 Invia la tua foto del giorno con un commento al whatsapp 3316379346 oppure alla seguente mail: alessandrolisci@yahoo.it.<\/b><\/span><\/span><\/span><\/strong><\/p>\n<p align=\"JUSTIFY\"><strong><span style=\"font-size: medium;\">Visita il sito \u00a0: <a href=\"http:\/\/www.alessandrolisci.com\/\">www.alessandrolisci.com<\/a><\/span><\/strong><\/p>\n<p><strong><span style=\"font-family: Times New Roman, serif;\"><span style=\"font-size: medium;\">Pina Ianiro<\/span><\/span><\/strong><span style=\"font-size: medium;\">\u00a0 <\/span><span style=\"font-family: Times New Roman, serif;\"><span style=\"font-size: medium;\">nasce a Caserta, <\/span><\/span><strong><span style=\"font-family: Times New Roman, serif;\"><span style=\"font-size: medium;\">laureata in Sociologia<\/span><\/span><\/strong><span style=\"font-family: Times New Roman, serif;\"><span style=\"font-size: medium;\">. <\/span><\/span><strong><span style=\"font-family: Times New Roman, serif;\"><span style=\"font-size: medium;\">Vive a Roma<\/span><\/span><\/strong> <span style=\"font-family: Times New Roman, serif;\"><span style=\"font-size: medium;\">e lavora come editor anche se preferisce definirsi \u201c<\/span><\/span><strong><span style=\"font-family: Times New Roman, serif;\"><span style=\"font-size: medium;\">curatrice di manoscritti<\/span><\/span><\/strong><span style=\"font-size: medium;\">\u201d <\/span><span style=\"font-family: Times New Roman, serif;\"><span style=\"font-size: medium;\">e porta avanti la sua passione per la letteratura e l\u2019arte. <\/span><\/span><strong><span style=\"font-family: Times New Roman, serif;\"><span style=\"font-size: medium;\">Ha pubblicato i romanzi<\/span><\/span><\/strong><span style=\"font-family: Times New Roman, serif;\"><span style=\"font-size: medium;\">:\u201cIl cubo bianco\u201d (Giulio Perrone LAB), \u201cQuanto ci mette la neve a cadere\u201d (L\u2019Erudita) e una raccolta monografica di racconti e poesie \u201cAmore: maneggiare con prudenza\u201d (L\u2019Erudita). <\/span><\/span><strong><span style=\"font-family: Times New Roman, serif;\"><span style=\"font-size: medium;\">Oltre che autrice \u00e8 ghostwriter<\/span><\/span><\/strong><span style=\"font-family: Times New Roman, serif;\"><span style=\"font-size: medium;\">. Gestisce il blog <\/span><\/span><strong><span style=\"font-family: Times New Roman, serif;\"><span style=\"font-size: medium;\"><a href=\"http:\/\/www.pinaianiro.blogspot.com\/\">http:\/\/www.pinaianiro.blogspot.com<\/a> .<\/span><\/span><\/strong><\/p>\n","protected":false},"excerpt":{"rendered":"<div class=\"mh-excerpt\"><p>\u201cLa foto del giorno\u201d di mercoled\u00ec 24 Marzo 2021 dal titolo &#8220;Aggiungi un posto a tavola&#8230;&#8221; ci \u00e8 stata inviata dalla nostra lettrice Barbara Olivari, che l&#8217;ha realizzata nei pressi di Fiano Romano. Il commento <a class=\"mh-excerpt-more\" href=\"https:\/\/www.romaoggi.eu\/index.php\/2021\/03\/24\/aggiungi-un-posto-a-tavola\/\" title=\"Aggiungi un posto a tavola&#8230;\">[&#8230;]<\/a><\/p>\n<\/div>","protected":false},"author":10,"featured_media":26984,"comment_status":"closed","ping_status":"open","sticky":false,"template":"","format":"standard","meta":{"_sitemap_exclude":false,"_sitemap_priority":"","_sitemap_frequency":"","footnotes":""},"categories":[8934],"tags":[14565,14581,14689,4137,14670,274,10420,159,14496,343,1738,14580,14688],"class_list":["post-26976","post","type-post","status-publish","format-standard","has-post-thumbnail","hentry","category-lafotodelgiorno","tag-streetphoto","tag-streetphotoroma","tag-aggiungi-un-posto-a-tavola","tag-alessandro-lisci","tag-barbara-olivari","tag-fotografia","tag-la-foto-del-giorno","tag-lazio","tag-pina-ianiro","tag-roma-capitale","tag-romaoggi-eu","tag-streetphotography","tag-zona-rossa"],"yoast_head":"<!-- This site is optimized with the Yoast SEO plugin v27.5 - https:\/\/yoast.com\/product\/yoast-seo-wordpress\/ -->\n<title>Aggiungi un posto a tavola...<\/title>\n<meta name=\"description\" content=\"\u201cLa foto del giorno\u201d di mercoled\u00ec 24 Marzo 2021 dal titolo &quot;Aggiungi un posto a tavola...&quot; ci \u00e8 stata inviata dalla nostra lettrice Barbara Olivari, che\" \/>\n<meta name=\"robots\" content=\"index, follow, max-snippet:-1, max-image-preview:large, max-video-preview:-1\" \/>\n<link rel=\"canonical\" href=\"https:\/\/www.romaoggi.eu\/index.php\/2021\/03\/24\/aggiungi-un-posto-a-tavola\/\" \/>\n<meta property=\"og:locale\" content=\"it_IT\" \/>\n<meta property=\"og:type\" content=\"article\" \/>\n<meta property=\"og:title\" content=\"Aggiungi un posto a tavola...\" \/>\n<meta property=\"og:description\" content=\"\u201cLa foto del giorno\u201d di mercoled\u00ec 24 Marzo 2021 dal titolo &quot;Aggiungi un posto a tavola...&quot; ci \u00e8 stata inviata dalla nostra lettrice Barbara Olivari, che\" \/>\n<meta property=\"og:url\" content=\"https:\/\/www.romaoggi.eu\/index.php\/2021\/03\/24\/aggiungi-un-posto-a-tavola\/\" \/>\n<meta property=\"og:site_name\" content=\"roma oggi\" \/>\n<meta property=\"article:publisher\" content=\"https:\/\/www.facebook.com\/RomaOggi-841544845954114\" \/>\n<meta property=\"article:author\" content=\"https:\/\/www.facebook.com\/alessandro.lisci.5\" \/>\n<meta property=\"article:published_time\" content=\"2021-03-24T00:14:40+00:00\" \/>\n<meta property=\"article:modified_time\" content=\"2021-03-24T07:00:37+00:00\" \/>\n<meta property=\"og:image\" content=\"https:\/\/www.romaoggi.eu\/wp-content\/uploads\/2021\/03\/photo00136-orizz\u00a9BARBARA-OLIVARI-LUCCHETTI-2.jpg\" \/>\n\t<meta property=\"og:image:width\" content=\"1080\" \/>\n\t<meta property=\"og:image:height\" content=\"720\" \/>\n\t<meta property=\"og:image:type\" content=\"image\/jpeg\" \/>\n<meta name=\"author\" content=\"Alessandro Lisci\" \/>\n<meta name=\"twitter:card\" content=\"summary_large_image\" \/>\n<meta name=\"twitter:creator\" content=\"@https:\/\/twitter.com\/alessandrolisci\" \/>\n<meta name=\"twitter:site\" content=\"@romaoggi_eu\" \/>\n<meta name=\"twitter:label1\" content=\"Scritto da\" \/>\n\t<meta name=\"twitter:data1\" content=\"Alessandro Lisci\" \/>\n\t<meta name=\"twitter:label2\" content=\"Tempo di lettura stimato\" \/>\n\t<meta name=\"twitter:data2\" content=\"3 minuti\" \/>\n<script type=\"application\/ld+json\" class=\"yoast-schema-graph\">{\"@context\":\"https:\\\/\\\/schema.org\",\"@graph\":[{\"@type\":\"Article\",\"@id\":\"https:\\\/\\\/www.romaoggi.eu\\\/index.php\\\/2021\\\/03\\\/24\\\/aggiungi-un-posto-a-tavola\\\/#article\",\"isPartOf\":{\"@id\":\"https:\\\/\\\/www.romaoggi.eu\\\/index.php\\\/2021\\\/03\\\/24\\\/aggiungi-un-posto-a-tavola\\\/\"},\"author\":{\"name\":\"Alessandro Lisci\",\"@id\":\"https:\\\/\\\/www.romaoggi.eu\\\/#\\\/schema\\\/person\\\/30ada62b3bd510c45a781b7e3bf65e69\"},\"headline\":\"Aggiungi un posto a tavola&#8230;\",\"datePublished\":\"2021-03-24T00:14:40+00:00\",\"dateModified\":\"2021-03-24T07:00:37+00:00\",\"mainEntityOfPage\":{\"@id\":\"https:\\\/\\\/www.romaoggi.eu\\\/index.php\\\/2021\\\/03\\\/24\\\/aggiungi-un-posto-a-tavola\\\/\"},\"wordCount\":526,\"publisher\":{\"@id\":\"https:\\\/\\\/www.romaoggi.eu\\\/#organization\"},\"image\":{\"@id\":\"https:\\\/\\\/www.romaoggi.eu\\\/index.php\\\/2021\\\/03\\\/24\\\/aggiungi-un-posto-a-tavola\\\/#primaryimage\"},\"thumbnailUrl\":\"https:\\\/\\\/www.romaoggi.eu\\\/wp-content\\\/uploads\\\/2021\\\/03\\\/photo00136-orizz\u00a9BARBARA-OLIVARI-LUCCHETTI-2.jpg\",\"keywords\":[\"#streetphoto\",\"#streetphotoroma\",\"aggiungi un posto a tavola\",\"alessandro lisci\",\"barbara olivari\",\"fotografia\",\"La foto del giorno\",\"lazio\",\"pina ianiro\",\"roma capitale\",\"RomaOggi.eu\",\"streetphotography\",\"zona rossa\"],\"articleSection\":[\"La foto del giorno\"],\"inLanguage\":\"it-IT\"},{\"@type\":\"WebPage\",\"@id\":\"https:\\\/\\\/www.romaoggi.eu\\\/index.php\\\/2021\\\/03\\\/24\\\/aggiungi-un-posto-a-tavola\\\/\",\"url\":\"https:\\\/\\\/www.romaoggi.eu\\\/index.php\\\/2021\\\/03\\\/24\\\/aggiungi-un-posto-a-tavola\\\/\",\"name\":\"Aggiungi un posto a tavola...\",\"isPartOf\":{\"@id\":\"https:\\\/\\\/www.romaoggi.eu\\\/#website\"},\"primaryImageOfPage\":{\"@id\":\"https:\\\/\\\/www.romaoggi.eu\\\/index.php\\\/2021\\\/03\\\/24\\\/aggiungi-un-posto-a-tavola\\\/#primaryimage\"},\"image\":{\"@id\":\"https:\\\/\\\/www.romaoggi.eu\\\/index.php\\\/2021\\\/03\\\/24\\\/aggiungi-un-posto-a-tavola\\\/#primaryimage\"},\"thumbnailUrl\":\"https:\\\/\\\/www.romaoggi.eu\\\/wp-content\\\/uploads\\\/2021\\\/03\\\/photo00136-orizz\u00a9BARBARA-OLIVARI-LUCCHETTI-2.jpg\",\"datePublished\":\"2021-03-24T00:14:40+00:00\",\"dateModified\":\"2021-03-24T07:00:37+00:00\",\"description\":\"\u201cLa foto del giorno\u201d di mercoled\u00ec 24 Marzo 2021 dal titolo \\\"Aggiungi un posto a tavola...\\\" ci \u00e8 stata inviata dalla nostra lettrice Barbara Olivari, che\",\"breadcrumb\":{\"@id\":\"https:\\\/\\\/www.romaoggi.eu\\\/index.php\\\/2021\\\/03\\\/24\\\/aggiungi-un-posto-a-tavola\\\/#breadcrumb\"},\"inLanguage\":\"it-IT\",\"potentialAction\":[{\"@type\":\"ReadAction\",\"target\":[\"https:\\\/\\\/www.romaoggi.eu\\\/index.php\\\/2021\\\/03\\\/24\\\/aggiungi-un-posto-a-tavola\\\/\"]}]},{\"@type\":\"ImageObject\",\"inLanguage\":\"it-IT\",\"@id\":\"https:\\\/\\\/www.romaoggi.eu\\\/index.php\\\/2021\\\/03\\\/24\\\/aggiungi-un-posto-a-tavola\\\/#primaryimage\",\"url\":\"https:\\\/\\\/www.romaoggi.eu\\\/wp-content\\\/uploads\\\/2021\\\/03\\\/photo00136-orizz\u00a9BARBARA-OLIVARI-LUCCHETTI-2.jpg\",\"contentUrl\":\"https:\\\/\\\/www.romaoggi.eu\\\/wp-content\\\/uploads\\\/2021\\\/03\\\/photo00136-orizz\u00a9BARBARA-OLIVARI-LUCCHETTI-2.jpg\",\"width\":1080,\"height\":720,\"caption\":\"Fiano Romano \u00a9BARBARA OLIVARI\"},{\"@type\":\"BreadcrumbList\",\"@id\":\"https:\\\/\\\/www.romaoggi.eu\\\/index.php\\\/2021\\\/03\\\/24\\\/aggiungi-un-posto-a-tavola\\\/#breadcrumb\",\"itemListElement\":[{\"@type\":\"ListItem\",\"position\":1,\"name\":\"Home\",\"item\":\"https:\\\/\\\/www.romaoggi.eu\\\/\"},{\"@type\":\"ListItem\",\"position\":2,\"name\":\"Aggiungi un posto a tavola&#8230;\"}]},{\"@type\":\"WebSite\",\"@id\":\"https:\\\/\\\/www.romaoggi.eu\\\/#website\",\"url\":\"https:\\\/\\\/www.romaoggi.eu\\\/\",\"name\":\"roma oggi\",\"description\":\"Interesting News for Interesting people\",\"publisher\":{\"@id\":\"https:\\\/\\\/www.romaoggi.eu\\\/#organization\"},\"potentialAction\":[{\"@type\":\"SearchAction\",\"target\":{\"@type\":\"EntryPoint\",\"urlTemplate\":\"https:\\\/\\\/www.romaoggi.eu\\\/?s={search_term_string}\"},\"query-input\":{\"@type\":\"PropertyValueSpecification\",\"valueRequired\":true,\"valueName\":\"search_term_string\"}}],\"inLanguage\":\"it-IT\"},{\"@type\":\"Organization\",\"@id\":\"https:\\\/\\\/www.romaoggi.eu\\\/#organization\",\"name\":\"RomaOggi\",\"url\":\"https:\\\/\\\/www.romaoggi.eu\\\/\",\"logo\":{\"@type\":\"ImageObject\",\"inLanguage\":\"it-IT\",\"@id\":\"https:\\\/\\\/www.romaoggi.eu\\\/#\\\/schema\\\/logo\\\/image\\\/\",\"url\":\"https:\\\/\\\/www.romaoggi.eu\\\/wp-content\\\/uploads\\\/2017\\\/04\\\/logowp.jpg\",\"contentUrl\":\"https:\\\/\\\/www.romaoggi.eu\\\/wp-content\\\/uploads\\\/2017\\\/04\\\/logowp.jpg\",\"width\":300,\"height\":133,\"caption\":\"RomaOggi\"},\"image\":{\"@id\":\"https:\\\/\\\/www.romaoggi.eu\\\/#\\\/schema\\\/logo\\\/image\\\/\"},\"sameAs\":[\"https:\\\/\\\/www.facebook.com\\\/RomaOggi-841544845954114\",\"https:\\\/\\\/x.com\\\/romaoggi_eu\"]},{\"@type\":\"Person\",\"@id\":\"https:\\\/\\\/www.romaoggi.eu\\\/#\\\/schema\\\/person\\\/30ada62b3bd510c45a781b7e3bf65e69\",\"name\":\"Alessandro Lisci\",\"image\":{\"@type\":\"ImageObject\",\"inLanguage\":\"it-IT\",\"@id\":\"https:\\\/\\\/secure.gravatar.com\\\/avatar\\\/9b9712162b2ac404aa0d7d978185f203808e7bd02856a449b19868b2eb80cf12?s=96&d=mm&r=g\",\"url\":\"https:\\\/\\\/secure.gravatar.com\\\/avatar\\\/9b9712162b2ac404aa0d7d978185f203808e7bd02856a449b19868b2eb80cf12?s=96&d=mm&r=g\",\"contentUrl\":\"https:\\\/\\\/secure.gravatar.com\\\/avatar\\\/9b9712162b2ac404aa0d7d978185f203808e7bd02856a449b19868b2eb80cf12?s=96&d=mm&r=g\",\"caption\":\"Alessandro Lisci\"},\"sameAs\":[\"http:\\\/\\\/www.alessandrolisci.com\",\"https:\\\/\\\/www.facebook.com\\\/alessandro.lisci.5\",\"https:\\\/\\\/x.com\\\/https:\\\/\\\/twitter.com\\\/alessandrolisci\",\"https:\\\/\\\/www.youtube.com\\\/user\\\/alessandrolisci\"],\"url\":\"https:\\\/\\\/www.romaoggi.eu\\\/index.php\\\/author\\\/alessandro\\\/\"}]}<\/script>\n<!-- \/ Yoast SEO plugin. -->","yoast_head_json":{"title":"Aggiungi un posto a tavola...","description":"\u201cLa foto del giorno\u201d di mercoled\u00ec 24 Marzo 2021 dal titolo \"Aggiungi un posto a tavola...\" ci \u00e8 stata inviata dalla nostra lettrice Barbara Olivari, che","robots":{"index":"index","follow":"follow","max-snippet":"max-snippet:-1","max-image-preview":"max-image-preview:large","max-video-preview":"max-video-preview:-1"},"canonical":"https:\/\/www.romaoggi.eu\/index.php\/2021\/03\/24\/aggiungi-un-posto-a-tavola\/","og_locale":"it_IT","og_type":"article","og_title":"Aggiungi un posto a tavola...","og_description":"\u201cLa foto del giorno\u201d di mercoled\u00ec 24 Marzo 2021 dal titolo \"Aggiungi un posto a tavola...\" ci \u00e8 stata inviata dalla nostra lettrice Barbara Olivari, che","og_url":"https:\/\/www.romaoggi.eu\/index.php\/2021\/03\/24\/aggiungi-un-posto-a-tavola\/","og_site_name":"roma oggi","article_publisher":"https:\/\/www.facebook.com\/RomaOggi-841544845954114","article_author":"https:\/\/www.facebook.com\/alessandro.lisci.5","article_published_time":"2021-03-24T00:14:40+00:00","article_modified_time":"2021-03-24T07:00:37+00:00","og_image":[{"width":1080,"height":720,"url":"https:\/\/www.romaoggi.eu\/wp-content\/uploads\/2021\/03\/photo00136-orizz\u00a9BARBARA-OLIVARI-LUCCHETTI-2.jpg","type":"image\/jpeg"}],"author":"Alessandro Lisci","twitter_card":"summary_large_image","twitter_creator":"@https:\/\/twitter.com\/alessandrolisci","twitter_site":"@romaoggi_eu","twitter_misc":{"Scritto da":"Alessandro Lisci","Tempo di lettura stimato":"3 minuti"},"schema":{"@context":"https:\/\/schema.org","@graph":[{"@type":"Article","@id":"https:\/\/www.romaoggi.eu\/index.php\/2021\/03\/24\/aggiungi-un-posto-a-tavola\/#article","isPartOf":{"@id":"https:\/\/www.romaoggi.eu\/index.php\/2021\/03\/24\/aggiungi-un-posto-a-tavola\/"},"author":{"name":"Alessandro Lisci","@id":"https:\/\/www.romaoggi.eu\/#\/schema\/person\/30ada62b3bd510c45a781b7e3bf65e69"},"headline":"Aggiungi un posto a tavola&#8230;","datePublished":"2021-03-24T00:14:40+00:00","dateModified":"2021-03-24T07:00:37+00:00","mainEntityOfPage":{"@id":"https:\/\/www.romaoggi.eu\/index.php\/2021\/03\/24\/aggiungi-un-posto-a-tavola\/"},"wordCount":526,"publisher":{"@id":"https:\/\/www.romaoggi.eu\/#organization"},"image":{"@id":"https:\/\/www.romaoggi.eu\/index.php\/2021\/03\/24\/aggiungi-un-posto-a-tavola\/#primaryimage"},"thumbnailUrl":"https:\/\/www.romaoggi.eu\/wp-content\/uploads\/2021\/03\/photo00136-orizz\u00a9BARBARA-OLIVARI-LUCCHETTI-2.jpg","keywords":["#streetphoto","#streetphotoroma","aggiungi un posto a tavola","alessandro lisci","barbara olivari","fotografia","La foto del giorno","lazio","pina ianiro","roma capitale","RomaOggi.eu","streetphotography","zona rossa"],"articleSection":["La foto del giorno"],"inLanguage":"it-IT"},{"@type":"WebPage","@id":"https:\/\/www.romaoggi.eu\/index.php\/2021\/03\/24\/aggiungi-un-posto-a-tavola\/","url":"https:\/\/www.romaoggi.eu\/index.php\/2021\/03\/24\/aggiungi-un-posto-a-tavola\/","name":"Aggiungi un posto a tavola...","isPartOf":{"@id":"https:\/\/www.romaoggi.eu\/#website"},"primaryImageOfPage":{"@id":"https:\/\/www.romaoggi.eu\/index.php\/2021\/03\/24\/aggiungi-un-posto-a-tavola\/#primaryimage"},"image":{"@id":"https:\/\/www.romaoggi.eu\/index.php\/2021\/03\/24\/aggiungi-un-posto-a-tavola\/#primaryimage"},"thumbnailUrl":"https:\/\/www.romaoggi.eu\/wp-content\/uploads\/2021\/03\/photo00136-orizz\u00a9BARBARA-OLIVARI-LUCCHETTI-2.jpg","datePublished":"2021-03-24T00:14:40+00:00","dateModified":"2021-03-24T07:00:37+00:00","description":"\u201cLa foto del giorno\u201d di mercoled\u00ec 24 Marzo 2021 dal titolo \"Aggiungi un posto a tavola...\" ci \u00e8 stata inviata dalla nostra lettrice Barbara Olivari, che","breadcrumb":{"@id":"https:\/\/www.romaoggi.eu\/index.php\/2021\/03\/24\/aggiungi-un-posto-a-tavola\/#breadcrumb"},"inLanguage":"it-IT","potentialAction":[{"@type":"ReadAction","target":["https:\/\/www.romaoggi.eu\/index.php\/2021\/03\/24\/aggiungi-un-posto-a-tavola\/"]}]},{"@type":"ImageObject","inLanguage":"it-IT","@id":"https:\/\/www.romaoggi.eu\/index.php\/2021\/03\/24\/aggiungi-un-posto-a-tavola\/#primaryimage","url":"https:\/\/www.romaoggi.eu\/wp-content\/uploads\/2021\/03\/photo00136-orizz\u00a9BARBARA-OLIVARI-LUCCHETTI-2.jpg","contentUrl":"https:\/\/www.romaoggi.eu\/wp-content\/uploads\/2021\/03\/photo00136-orizz\u00a9BARBARA-OLIVARI-LUCCHETTI-2.jpg","width":1080,"height":720,"caption":"Fiano Romano \u00a9BARBARA OLIVARI"},{"@type":"BreadcrumbList","@id":"https:\/\/www.romaoggi.eu\/index.php\/2021\/03\/24\/aggiungi-un-posto-a-tavola\/#breadcrumb","itemListElement":[{"@type":"ListItem","position":1,"name":"Home","item":"https:\/\/www.romaoggi.eu\/"},{"@type":"ListItem","position":2,"name":"Aggiungi un posto a tavola&#8230;"}]},{"@type":"WebSite","@id":"https:\/\/www.romaoggi.eu\/#website","url":"https:\/\/www.romaoggi.eu\/","name":"roma oggi","description":"Interesting News for Interesting people","publisher":{"@id":"https:\/\/www.romaoggi.eu\/#organization"},"potentialAction":[{"@type":"SearchAction","target":{"@type":"EntryPoint","urlTemplate":"https:\/\/www.romaoggi.eu\/?s={search_term_string}"},"query-input":{"@type":"PropertyValueSpecification","valueRequired":true,"valueName":"search_term_string"}}],"inLanguage":"it-IT"},{"@type":"Organization","@id":"https:\/\/www.romaoggi.eu\/#organization","name":"RomaOggi","url":"https:\/\/www.romaoggi.eu\/","logo":{"@type":"ImageObject","inLanguage":"it-IT","@id":"https:\/\/www.romaoggi.eu\/#\/schema\/logo\/image\/","url":"https:\/\/www.romaoggi.eu\/wp-content\/uploads\/2017\/04\/logowp.jpg","contentUrl":"https:\/\/www.romaoggi.eu\/wp-content\/uploads\/2017\/04\/logowp.jpg","width":300,"height":133,"caption":"RomaOggi"},"image":{"@id":"https:\/\/www.romaoggi.eu\/#\/schema\/logo\/image\/"},"sameAs":["https:\/\/www.facebook.com\/RomaOggi-841544845954114","https:\/\/x.com\/romaoggi_eu"]},{"@type":"Person","@id":"https:\/\/www.romaoggi.eu\/#\/schema\/person\/30ada62b3bd510c45a781b7e3bf65e69","name":"Alessandro Lisci","image":{"@type":"ImageObject","inLanguage":"it-IT","@id":"https:\/\/secure.gravatar.com\/avatar\/9b9712162b2ac404aa0d7d978185f203808e7bd02856a449b19868b2eb80cf12?s=96&d=mm&r=g","url":"https:\/\/secure.gravatar.com\/avatar\/9b9712162b2ac404aa0d7d978185f203808e7bd02856a449b19868b2eb80cf12?s=96&d=mm&r=g","contentUrl":"https:\/\/secure.gravatar.com\/avatar\/9b9712162b2ac404aa0d7d978185f203808e7bd02856a449b19868b2eb80cf12?s=96&d=mm&r=g","caption":"Alessandro Lisci"},"sameAs":["http:\/\/www.alessandrolisci.com","https:\/\/www.facebook.com\/alessandro.lisci.5","https:\/\/x.com\/https:\/\/twitter.com\/alessandrolisci","https:\/\/www.youtube.com\/user\/alessandrolisci"],"url":"https:\/\/www.romaoggi.eu\/index.php\/author\/alessandro\/"}]}},"_links":{"self":[{"href":"https:\/\/www.romaoggi.eu\/index.php\/wp-json\/wp\/v2\/posts\/26976","targetHints":{"allow":["GET"]}}],"collection":[{"href":"https:\/\/www.romaoggi.eu\/index.php\/wp-json\/wp\/v2\/posts"}],"about":[{"href":"https:\/\/www.romaoggi.eu\/index.php\/wp-json\/wp\/v2\/types\/post"}],"author":[{"embeddable":true,"href":"https:\/\/www.romaoggi.eu\/index.php\/wp-json\/wp\/v2\/users\/10"}],"replies":[{"embeddable":true,"href":"https:\/\/www.romaoggi.eu\/index.php\/wp-json\/wp\/v2\/comments?post=26976"}],"version-history":[{"count":5,"href":"https:\/\/www.romaoggi.eu\/index.php\/wp-json\/wp\/v2\/posts\/26976\/revisions"}],"predecessor-version":[{"id":26985,"href":"https:\/\/www.romaoggi.eu\/index.php\/wp-json\/wp\/v2\/posts\/26976\/revisions\/26985"}],"wp:featuredmedia":[{"embeddable":true,"href":"https:\/\/www.romaoggi.eu\/index.php\/wp-json\/wp\/v2\/media\/26984"}],"wp:attachment":[{"href":"https:\/\/www.romaoggi.eu\/index.php\/wp-json\/wp\/v2\/media?parent=26976"}],"wp:term":[{"taxonomy":"category","embeddable":true,"href":"https:\/\/www.romaoggi.eu\/index.php\/wp-json\/wp\/v2\/categories?post=26976"},{"taxonomy":"post_tag","embeddable":true,"href":"https:\/\/www.romaoggi.eu\/index.php\/wp-json\/wp\/v2\/tags?post=26976"}],"curies":[{"name":"wp","href":"https:\/\/api.w.org\/{rel}","templated":true}]}}