{"id":27013,"date":"2021-03-26T20:18:22","date_gmt":"2021-03-26T19:18:22","guid":{"rendered":"http:\/\/www.romaoggi.eu\/?p=27013"},"modified":"2021-03-26T21:11:17","modified_gmt":"2021-03-26T20:11:17","slug":"26-marzo-sciopero-della-dad-manifestazione-a-roma-davanti-montecitorio","status":"publish","type":"post","link":"https:\/\/www.romaoggi.eu\/index.php\/2021\/03\/26\/26-marzo-sciopero-della-dad-manifestazione-a-roma-davanti-montecitorio\/","title":{"rendered":"26 Marzo sciopero della Dad. Manifestazione a Roma davanti Montecitorio"},"content":{"rendered":"<p align=\"JUSTIFY\"><span style=\"color: #1d2228;\"><span style=\"font-family: Times New Roman, serif;\"><span style=\"font-size: medium;\">Oggi in molte piazze italiane si \u00e8 tenuta la manifestazione per ricordare a tutti la centralit\u00e0 della scuola e restituirle priorit\u00e0.<\/span><\/span><\/span><\/p>\n<p align=\"JUSTIFY\"><span style=\"color: #1d2228;\"><span style=\"font-family: Times New Roman, serif;\"><span style=\"font-size: medium;\">Una delle richieste pi\u00f9 appassionate emerse anche a Roma, in piazza Montecitorio, \u00e8 quella relativa alla riapertura in maniera stabile e duratura delle scuole, di ogni ordine e grado anche delle superiori, troppo a lungo sacrificate. <\/span><\/span><\/span><\/p>\n<p align=\"JUSTIFY\"><span style=\"color: #1d2228;\"><span style=\"font-family: Times New Roman, serif;\"><span style=\"font-size: medium;\">La piazza chiede con vigore di non dimenticare i giovani, di riaprire la scuola tutta immediatamente e di rendere l\u2019istruzione una priorit\u00e0 per il nostro paese\u00a0 . \u00a0 \u00a0<\/span><\/span><\/span><\/p>\n<figure id=\"attachment_27018\" aria-describedby=\"caption-attachment-27018\" style=\"width: 1920px\" class=\"wp-caption alignnone\"><img loading=\"lazy\" decoding=\"async\" class=\"size-full wp-image-27018\" src=\"https:\/\/www.romaoggi.eu\/wp-content\/uploads\/2021\/03\/20210326112727_IMG_2491.jpg\" alt=\"alt tag priorit\u00e0 alla scuola\" width=\"1920\" height=\"1280\" srcset=\"https:\/\/www.romaoggi.eu\/wp-content\/uploads\/2021\/03\/20210326112727_IMG_2491.jpg 1920w, https:\/\/www.romaoggi.eu\/wp-content\/uploads\/2021\/03\/20210326112727_IMG_2491-300x200.jpg 300w, https:\/\/www.romaoggi.eu\/wp-content\/uploads\/2021\/03\/20210326112727_IMG_2491-1024x683.jpg 1024w, https:\/\/www.romaoggi.eu\/wp-content\/uploads\/2021\/03\/20210326112727_IMG_2491-1536x1024.jpg 1536w\" sizes=\"auto, (max-width: 1920px) 100vw, 1920px\" \/><figcaption id=\"caption-attachment-27018\" class=\"wp-caption-text\"><strong>Montecitorio NO alla DAD \u00a9 Antonio De Marco &#8211; Target<\/strong><\/figcaption><\/figure>\n<p align=\"JUSTIFY\"><span style=\"font-family: Times New Roman, serif;\"><span style=\"color: #000000;\"><span style=\"font-size: medium;\">La mobilitazione organizzata oggi da Priorit\u00e0 alla Scuola si \u00e8 svolta in concomitanza con lo sciopero proclamato dai COBAS, a cui ha aderito anche il Coordinamento Nazionale Precari Scuola <\/span><\/span><span style=\"color: #1f1f1f;\"><span style=\"font-size: medium;\">&#8220;affinch\u00e9\u00a0 almeno la gran parte dei 20 miliardi di euro gi\u00e0\u00a0 previsti dal Recovery Plan per la scuola siano destinati a ridurre a 20 il numero massimo di alunni per classe e a 15 in presenza di alunni diversamente abili; a garantire la continuit\u00e0 didattica e la sicurezza, assumendo con concorsi per soli titoli i docenti con 3 anni scolastici di servizio e gli Ata con 24 mesi; ad intervenire massicciamente nell&#8217;edilizia scolastica per avere spazi idonei ad una scuola in presenza e in sicurezza&#8221;<\/span><\/span> <\/span><\/p>\n<p align=\"JUSTIFY\"><span style=\"color: #000000;\"><span style=\"font-family: Times New Roman, serif;\"><span style=\"font-size: medium;\">\u00a0A Montecitorio c&#8217;era una folla di circa 150 presone tra cui appunto i Cobas, il sindacato studentesco Rete studenti Medi del Lazio, il movimento apartitico Priorit\u00e0 alla Scuola, studenti, insegnanti, genitori ( di cui una gruppetto giunto da Viterbo), e bimbi che disegnavano a terra su fogli, la loro protesta alla DAD, con il loro sorriso innocente , ma partecipativo.<\/span><\/span><\/span><\/p>\n<figure id=\"attachment_27024\" aria-describedby=\"caption-attachment-27024\" style=\"width: 1920px\" class=\"wp-caption alignnone\"><img loading=\"lazy\" decoding=\"async\" class=\"size-full wp-image-27024\" src=\"https:\/\/www.romaoggi.eu\/wp-content\/uploads\/2021\/03\/20210326110106_IMG_2450-copia.jpg\" alt=\"alt tag priorit\u00e0 alla scuola\" width=\"1920\" height=\"1280\" srcset=\"https:\/\/www.romaoggi.eu\/wp-content\/uploads\/2021\/03\/20210326110106_IMG_2450-copia.jpg 1920w, https:\/\/www.romaoggi.eu\/wp-content\/uploads\/2021\/03\/20210326110106_IMG_2450-copia-300x200.jpg 300w, https:\/\/www.romaoggi.eu\/wp-content\/uploads\/2021\/03\/20210326110106_IMG_2450-copia-1024x683.jpg 1024w, https:\/\/www.romaoggi.eu\/wp-content\/uploads\/2021\/03\/20210326110106_IMG_2450-copia-1536x1024.jpg 1536w\" sizes=\"auto, (max-width: 1920px) 100vw, 1920px\" \/><figcaption id=\"caption-attachment-27024\" class=\"wp-caption-text\"><strong>Montecitorio No alla DAD<\/strong> <strong>\u00a9 Antonio De Marco &#8211; Target<\/strong><\/figcaption><\/figure>\n<p align=\"JUSTIFY\"><span style=\"font-family: Times New Roman, serif;\"><span style=\"color: #000000;\"><span style=\"font-size: medium;\">\u00a0Diversi gli interventi che si sono succeduti durante la manifestazione con forti critiche da parte di Pietro Bernocchi, portavoce del sindacato Cobas, nei confronti di tutte quelle forze politiche invitate al confronto ma assenti, e di una<\/span><\/span><span style=\"color: #1d2228;\"><span style=\"font-size: medium;\"> sinistra che dovrebbe ripartire dal territorio e dalle piazze per ricreare la sua forza politica.<\/span><\/span><\/span><\/p>\n<figure id=\"attachment_27025\" aria-describedby=\"caption-attachment-27025\" style=\"width: 900px\" class=\"wp-caption alignnone\"><img loading=\"lazy\" decoding=\"async\" class=\"size-full wp-image-27025\" src=\"https:\/\/www.romaoggi.eu\/wp-content\/uploads\/2021\/03\/WhatsApp-Image-2021-03-26-at-11.11.22-copia.jpg\" alt=\"alt tag priorit\u00e0 alla scuola\" width=\"900\" height=\"1023\" srcset=\"https:\/\/www.romaoggi.eu\/wp-content\/uploads\/2021\/03\/WhatsApp-Image-2021-03-26-at-11.11.22-copia.jpg 900w, https:\/\/www.romaoggi.eu\/wp-content\/uploads\/2021\/03\/WhatsApp-Image-2021-03-26-at-11.11.22-copia-264x300.jpg 264w\" sizes=\"auto, (max-width: 900px) 100vw, 900px\" \/><figcaption id=\"caption-attachment-27025\" class=\"wp-caption-text\"><strong>Montecitorio No alla DAD<\/strong> <strong>\u00a9 Antonio De Marco &#8211; Target<\/strong><\/figcaption><\/figure>\n<p align=\"JUSTIFY\"><span style=\"color: #000000;\"><span style=\"font-family: Times New Roman, serif;\"><span style=\"font-size: medium;\">\u00a0Tra i pochi rappresentanti delle forze politiche hanno preso la parola il deputato Marco Bella del Movimento 5 Stelle, la deputata Sara De Angelis della Lega e Paola Frassinetti dei Fratelli D&#8217;Italia. <\/span><\/span><\/span><\/p>\n<p align=\"JUSTIFY\"><span style=\"font-family: Times New Roman, serif;\"><span style=\"color: #000000;\"><span style=\"font-size: medium;\">\u00a0 E proprio nel momento in cui prende la parola la deputata Paola Frassinetti, <\/span><\/span><span style=\"color: #1d2228;\"><span style=\"font-size: medium;\">per dare vicinanza al mondo della scuola, nasce una accesa contestazione nei suoi confronti con urla e fischi da una parte della folla. Riuscir\u00e0 a concludere il suo intervento con il supporto del deputato Sara De Angelis della Lega.<\/span><\/span><\/span><\/p>\n<p align=\"JUSTIFY\"><span style=\"color: #1d2228;\"><span style=\"font-family: Times New Roman, serif;\"><span style=\"font-size: medium;\">\u00a0Termina la studentessa Valeria Cigliana, della Rete degli Studenti Medi, che rivendica una scuola affollata con privatizzazioni e non assunzioni. \u2028Una scuola che fa fatica a ripartire, ma non per causa COVID, ma da sempre, perch\u00e9 poco aiutata dai nostri legislatori e quindi poco assistita.<\/span><\/span><\/span><\/p>\n<p align=\"JUSTIFY\"><span style=\"color: #1d2228;\"><span style=\"font-family: Times New Roman, serif;\"><span style=\"font-size: medium;\">\u00a0 Potr\u00e0 mai esserci una scuola senza classi affollate, intesa come luogo per pensare e crescere insieme?<\/span><\/span><\/span><\/p>\n<p align=\"JUSTIFY\"><span style=\"color: #1d2228;\">\u00a0 \u201c<span style=\"font-family: Times New Roman, serif;\"><span style=\"font-size: medium;\">Come genitore, assisto, con tristezza, alla sofferenza dei nostri adolescenti, costretti da troppo tempo all\u2019interno delle mura domestiche. Sembra assurdo dover protestare per richiedere l\u2019esercizio di un diritto fondamentale, quale quello all\u2019istruzione o alla salute. S\u00ec perch\u00e9 stare in didattica a distanza, privati dei rapporti sociali, mette in pericolo la salute dei nostri ragazzi. Purtroppo i dati ce lo confermano con l\u2019aumento del tasso di suicidi giovanili, delle depressioni, dell\u2019abbandono scolastico.\u201d<\/span><\/span><\/span><\/p>\n<figure id=\"attachment_27026\" aria-describedby=\"caption-attachment-27026\" style=\"width: 1600px\" class=\"wp-caption alignnone\"><img loading=\"lazy\" decoding=\"async\" class=\"size-full wp-image-27026\" src=\"https:\/\/www.romaoggi.eu\/wp-content\/uploads\/2021\/03\/WhatsApp-Image-2021-03-26-at-10.26.33-copia.jpg\" alt=\"alt tag priorit\u00e0 alla scuola\" width=\"1600\" height=\"900\" srcset=\"https:\/\/www.romaoggi.eu\/wp-content\/uploads\/2021\/03\/WhatsApp-Image-2021-03-26-at-10.26.33-copia.jpg 1600w, https:\/\/www.romaoggi.eu\/wp-content\/uploads\/2021\/03\/WhatsApp-Image-2021-03-26-at-10.26.33-copia-300x169.jpg 300w, https:\/\/www.romaoggi.eu\/wp-content\/uploads\/2021\/03\/WhatsApp-Image-2021-03-26-at-10.26.33-copia-1024x576.jpg 1024w, https:\/\/www.romaoggi.eu\/wp-content\/uploads\/2021\/03\/WhatsApp-Image-2021-03-26-at-10.26.33-copia-1536x864.jpg 1536w, https:\/\/www.romaoggi.eu\/wp-content\/uploads\/2021\/03\/WhatsApp-Image-2021-03-26-at-10.26.33-copia-678x381.jpg 678w\" sizes=\"auto, (max-width: 1600px) 100vw, 1600px\" \/><figcaption id=\"caption-attachment-27026\" class=\"wp-caption-text\"><strong>Montecitorio No alla DAD \u00a9 Target<\/strong><\/figcaption><\/figure>\n<p align=\"JUSTIFY\"><span style=\"color: #1d2228;\">\u00a0<\/span><span style=\"color: #1d2228;\"><span style=\"font-family: Times New Roman, serif;\"><span style=\"font-size: medium;\">La piazza chiede con vigore di non dimenticare i giovani, di riaprire la scuola tutta immediatamente e di rendere l\u2019istruzione una priorit\u00e0 per il nostro paese\u00a0 . \u00a0 \u00a0 <\/span><\/span><\/span><\/p>\n<p align=\"JUSTIFY\"><span style=\"color: #1d2228;\"><span style=\"font-family: Times New Roman, serif;\"><span style=\"font-size: medium;\">\u00a0 Mentre erano in corso le mobilitazioni \u00e8 giunta la notizia che il TAR del Lazio ha accolto il ricorso per la riapertura delle scuole, effettuato da \u201cRi(n)corriamo la scuola\u201d di Firenze. La sentenza dispone che entro due giorni il Consiglio dei Ministri debba riesaminare le misure sulla scuola contenute nel DPCM alla luce dei rilievi sollevati dal TAR stesso e dagli studi scientifici citati dai ricorrenti. Una vittoria giuridica importante per tutto il mondo della scuola, che da un anno si mobilita per far rispettare il diritto all\u2019istruzione.<\/span><\/span><\/span><\/p>\n<p align=\"JUSTIFY\"><span style=\"color: #1d2228;\"><span style=\"font-family: Times New Roman, serif;\"><span style=\"font-size: medium;\">\u00a0 Le mobilitazioni si sono svolte a Ancona, Arezzo, Bari, Bergamo, Brescia, Castellamare di Stabia (NA), Catania, Cagliari, Como, Cremona, Faenza, Ferrara, Firenze, Frosinone, Genova, Gorizia, Grosseto, Imola, Imperia, Lanciano (CH), L\u2019Aquila, La Spezia, Lecce, Lecco, Lucca, Mantova, Massa Carrara, Milano, Modena, Napoli, Novara, Olbia, Padova, Palermo, Parma, Perugia, Pesaro, Pescara, Piacenza, Pisa, Pistoia, Pordenone, Potenza, Prato, Ravenna, Reggio Emilia, Rimini, Roma, Rosignano Solvay, Salerno, Sassari, Terni, Torino, Treviso, Trieste, Udine, Venezia, Vicenza, Vico del Gargano (FG) e in altre citt\u00e0.<\/span><\/span><\/span><\/p>\n<p align=\"JUSTIFY\"><strong>Alessandro Lisci &#8211; Antonio De Marco.\u00a0<\/strong><\/p>\n","protected":false},"excerpt":{"rendered":"<div class=\"mh-excerpt\"><p>Oggi in molte piazze italiane si \u00e8 tenuta la manifestazione per ricordare a tutti la centralit\u00e0 della scuola e restituirle priorit\u00e0. Una delle richieste pi\u00f9 appassionate emerse anche a Roma, in piazza Montecitorio, \u00e8 quella <a class=\"mh-excerpt-more\" href=\"https:\/\/www.romaoggi.eu\/index.php\/2021\/03\/26\/26-marzo-sciopero-della-dad-manifestazione-a-roma-davanti-montecitorio\/\" title=\"26 Marzo sciopero della Dad. Manifestazione a Roma davanti Montecitorio\">[&#8230;]<\/a><\/p>\n<\/div>","protected":false},"author":10,"featured_media":27020,"comment_status":"closed","ping_status":"open","sticky":false,"template":"","format":"standard","meta":{"_sitemap_exclude":false,"_sitemap_priority":"","_sitemap_frequency":"","footnotes":""},"categories":[522],"tags":[4137,11428,14710,13804,14712,10768,14716,14715,4645,14711,14709,14713,14714,14717],"class_list":["post-27013","post","type-post","status-publish","format-standard","has-post-thumbnail","hentry","category-attualita","tag-alessandro-lisci","tag-antonio-de-marco","tag-cobas","tag-covid","tag-dad","tag-fratelli-ditalia","tag-marco-bella","tag-paola-frassinetti","tag-parlamento-italiano","tag-pietro-bernocchi","tag-priorita-alla-scuola","tag-rete-studenti-medi","tag-sara-de-angelis","tag-valeria-cigliana"],"yoast_head":"<!-- This site is optimized with the Yoast SEO plugin v27.5 - https:\/\/yoast.com\/product\/yoast-seo-wordpress\/ -->\n<title>26 Marzo sciopero della Dad. Manifestazione a Roma davanti Montecitorio<\/title>\n<meta name=\"description\" content=\"Oggi in molte piazze italiane si \u00e8 tenuta la manifestazione per ricordare a tutti la centralit\u00e0 della scuola e restituirle priorit\u00e0. Una delle richieste\" \/>\n<meta name=\"robots\" content=\"index, follow, max-snippet:-1, max-image-preview:large, max-video-preview:-1\" \/>\n<link rel=\"canonical\" href=\"https:\/\/www.romaoggi.eu\/index.php\/2021\/03\/26\/26-marzo-sciopero-della-dad-manifestazione-a-roma-davanti-montecitorio\/\" \/>\n<meta property=\"og:locale\" content=\"it_IT\" \/>\n<meta property=\"og:type\" content=\"article\" \/>\n<meta property=\"og:title\" content=\"26 Marzo sciopero della Dad. Manifestazione a Roma davanti Montecitorio\" \/>\n<meta property=\"og:description\" content=\"Oggi in molte piazze italiane si \u00e8 tenuta la manifestazione per ricordare a tutti la centralit\u00e0 della scuola e restituirle priorit\u00e0. Una delle richieste\" \/>\n<meta property=\"og:url\" content=\"https:\/\/www.romaoggi.eu\/index.php\/2021\/03\/26\/26-marzo-sciopero-della-dad-manifestazione-a-roma-davanti-montecitorio\/\" \/>\n<meta property=\"og:site_name\" content=\"roma oggi\" \/>\n<meta property=\"article:publisher\" content=\"https:\/\/www.facebook.com\/RomaOggi-841544845954114\" \/>\n<meta property=\"article:author\" content=\"https:\/\/www.facebook.com\/alessandro.lisci.5\" \/>\n<meta property=\"article:published_time\" content=\"2021-03-26T19:18:22+00:00\" \/>\n<meta property=\"article:modified_time\" content=\"2021-03-26T20:11:17+00:00\" \/>\n<meta property=\"og:image\" content=\"https:\/\/www.romaoggi.eu\/wp-content\/uploads\/2021\/03\/20210326105503_IMG_2428-copia-1.jpg\" \/>\n\t<meta property=\"og:image:width\" content=\"1920\" \/>\n\t<meta property=\"og:image:height\" content=\"1280\" \/>\n\t<meta property=\"og:image:type\" content=\"image\/jpeg\" \/>\n<meta name=\"author\" content=\"Alessandro Lisci\" \/>\n<meta name=\"twitter:card\" content=\"summary_large_image\" \/>\n<meta name=\"twitter:creator\" content=\"@https:\/\/twitter.com\/alessandrolisci\" \/>\n<meta name=\"twitter:site\" content=\"@romaoggi_eu\" \/>\n<meta name=\"twitter:label1\" content=\"Scritto da\" \/>\n\t<meta name=\"twitter:data1\" content=\"Alessandro Lisci\" \/>\n\t<meta name=\"twitter:label2\" content=\"Tempo di lettura stimato\" \/>\n\t<meta name=\"twitter:data2\" content=\"5 minuti\" \/>\n<script type=\"application\/ld+json\" class=\"yoast-schema-graph\">{\"@context\":\"https:\\\/\\\/schema.org\",\"@graph\":[{\"@type\":\"Article\",\"@id\":\"https:\\\/\\\/www.romaoggi.eu\\\/index.php\\\/2021\\\/03\\\/26\\\/26-marzo-sciopero-della-dad-manifestazione-a-roma-davanti-montecitorio\\\/#article\",\"isPartOf\":{\"@id\":\"https:\\\/\\\/www.romaoggi.eu\\\/index.php\\\/2021\\\/03\\\/26\\\/26-marzo-sciopero-della-dad-manifestazione-a-roma-davanti-montecitorio\\\/\"},\"author\":{\"name\":\"Alessandro Lisci\",\"@id\":\"https:\\\/\\\/www.romaoggi.eu\\\/#\\\/schema\\\/person\\\/30ada62b3bd510c45a781b7e3bf65e69\"},\"headline\":\"26 Marzo sciopero della Dad. Manifestazione a Roma davanti Montecitorio\",\"datePublished\":\"2021-03-26T19:18:22+00:00\",\"dateModified\":\"2021-03-26T20:11:17+00:00\",\"mainEntityOfPage\":{\"@id\":\"https:\\\/\\\/www.romaoggi.eu\\\/index.php\\\/2021\\\/03\\\/26\\\/26-marzo-sciopero-della-dad-manifestazione-a-roma-davanti-montecitorio\\\/\"},\"wordCount\":795,\"publisher\":{\"@id\":\"https:\\\/\\\/www.romaoggi.eu\\\/#organization\"},\"image\":{\"@id\":\"https:\\\/\\\/www.romaoggi.eu\\\/index.php\\\/2021\\\/03\\\/26\\\/26-marzo-sciopero-della-dad-manifestazione-a-roma-davanti-montecitorio\\\/#primaryimage\"},\"thumbnailUrl\":\"https:\\\/\\\/www.romaoggi.eu\\\/wp-content\\\/uploads\\\/2021\\\/03\\\/20210326105503_IMG_2428-copia-1.jpg\",\"keywords\":[\"alessandro lisci\",\"antonio de marco\",\"cobas\",\"covid\",\"dad\",\"Fratelli d'italia\",\"marco bella\",\"paola frassinetti\",\"Parlamento Italiano\",\"pietro bernocchi\",\"Priorit\u00e0 alla Scuola\",\"rete studenti medi\",\"sara de angelis\",\"valeria cigliana\"],\"articleSection\":[\"attualit\u00e0\"],\"inLanguage\":\"it-IT\"},{\"@type\":\"WebPage\",\"@id\":\"https:\\\/\\\/www.romaoggi.eu\\\/index.php\\\/2021\\\/03\\\/26\\\/26-marzo-sciopero-della-dad-manifestazione-a-roma-davanti-montecitorio\\\/\",\"url\":\"https:\\\/\\\/www.romaoggi.eu\\\/index.php\\\/2021\\\/03\\\/26\\\/26-marzo-sciopero-della-dad-manifestazione-a-roma-davanti-montecitorio\\\/\",\"name\":\"26 Marzo sciopero della Dad. Manifestazione a Roma davanti Montecitorio\",\"isPartOf\":{\"@id\":\"https:\\\/\\\/www.romaoggi.eu\\\/#website\"},\"primaryImageOfPage\":{\"@id\":\"https:\\\/\\\/www.romaoggi.eu\\\/index.php\\\/2021\\\/03\\\/26\\\/26-marzo-sciopero-della-dad-manifestazione-a-roma-davanti-montecitorio\\\/#primaryimage\"},\"image\":{\"@id\":\"https:\\\/\\\/www.romaoggi.eu\\\/index.php\\\/2021\\\/03\\\/26\\\/26-marzo-sciopero-della-dad-manifestazione-a-roma-davanti-montecitorio\\\/#primaryimage\"},\"thumbnailUrl\":\"https:\\\/\\\/www.romaoggi.eu\\\/wp-content\\\/uploads\\\/2021\\\/03\\\/20210326105503_IMG_2428-copia-1.jpg\",\"datePublished\":\"2021-03-26T19:18:22+00:00\",\"dateModified\":\"2021-03-26T20:11:17+00:00\",\"description\":\"Oggi in molte piazze italiane si \u00e8 tenuta la manifestazione per ricordare a tutti la centralit\u00e0 della scuola e restituirle priorit\u00e0. Una delle richieste\",\"breadcrumb\":{\"@id\":\"https:\\\/\\\/www.romaoggi.eu\\\/index.php\\\/2021\\\/03\\\/26\\\/26-marzo-sciopero-della-dad-manifestazione-a-roma-davanti-montecitorio\\\/#breadcrumb\"},\"inLanguage\":\"it-IT\",\"potentialAction\":[{\"@type\":\"ReadAction\",\"target\":[\"https:\\\/\\\/www.romaoggi.eu\\\/index.php\\\/2021\\\/03\\\/26\\\/26-marzo-sciopero-della-dad-manifestazione-a-roma-davanti-montecitorio\\\/\"]}]},{\"@type\":\"ImageObject\",\"inLanguage\":\"it-IT\",\"@id\":\"https:\\\/\\\/www.romaoggi.eu\\\/index.php\\\/2021\\\/03\\\/26\\\/26-marzo-sciopero-della-dad-manifestazione-a-roma-davanti-montecitorio\\\/#primaryimage\",\"url\":\"https:\\\/\\\/www.romaoggi.eu\\\/wp-content\\\/uploads\\\/2021\\\/03\\\/20210326105503_IMG_2428-copia-1.jpg\",\"contentUrl\":\"https:\\\/\\\/www.romaoggi.eu\\\/wp-content\\\/uploads\\\/2021\\\/03\\\/20210326105503_IMG_2428-copia-1.jpg\",\"width\":1920,\"height\":1280,\"caption\":\"Montecitorio No alla DAD \u00a9 Antonio De Marco - Target\"},{\"@type\":\"BreadcrumbList\",\"@id\":\"https:\\\/\\\/www.romaoggi.eu\\\/index.php\\\/2021\\\/03\\\/26\\\/26-marzo-sciopero-della-dad-manifestazione-a-roma-davanti-montecitorio\\\/#breadcrumb\",\"itemListElement\":[{\"@type\":\"ListItem\",\"position\":1,\"name\":\"Home\",\"item\":\"https:\\\/\\\/www.romaoggi.eu\\\/\"},{\"@type\":\"ListItem\",\"position\":2,\"name\":\"26 Marzo sciopero della Dad. Manifestazione a Roma davanti Montecitorio\"}]},{\"@type\":\"WebSite\",\"@id\":\"https:\\\/\\\/www.romaoggi.eu\\\/#website\",\"url\":\"https:\\\/\\\/www.romaoggi.eu\\\/\",\"name\":\"roma oggi\",\"description\":\"Interesting News for Interesting people\",\"publisher\":{\"@id\":\"https:\\\/\\\/www.romaoggi.eu\\\/#organization\"},\"potentialAction\":[{\"@type\":\"SearchAction\",\"target\":{\"@type\":\"EntryPoint\",\"urlTemplate\":\"https:\\\/\\\/www.romaoggi.eu\\\/?s={search_term_string}\"},\"query-input\":{\"@type\":\"PropertyValueSpecification\",\"valueRequired\":true,\"valueName\":\"search_term_string\"}}],\"inLanguage\":\"it-IT\"},{\"@type\":\"Organization\",\"@id\":\"https:\\\/\\\/www.romaoggi.eu\\\/#organization\",\"name\":\"RomaOggi\",\"url\":\"https:\\\/\\\/www.romaoggi.eu\\\/\",\"logo\":{\"@type\":\"ImageObject\",\"inLanguage\":\"it-IT\",\"@id\":\"https:\\\/\\\/www.romaoggi.eu\\\/#\\\/schema\\\/logo\\\/image\\\/\",\"url\":\"https:\\\/\\\/www.romaoggi.eu\\\/wp-content\\\/uploads\\\/2017\\\/04\\\/logowp.jpg\",\"contentUrl\":\"https:\\\/\\\/www.romaoggi.eu\\\/wp-content\\\/uploads\\\/2017\\\/04\\\/logowp.jpg\",\"width\":300,\"height\":133,\"caption\":\"RomaOggi\"},\"image\":{\"@id\":\"https:\\\/\\\/www.romaoggi.eu\\\/#\\\/schema\\\/logo\\\/image\\\/\"},\"sameAs\":[\"https:\\\/\\\/www.facebook.com\\\/RomaOggi-841544845954114\",\"https:\\\/\\\/x.com\\\/romaoggi_eu\"]},{\"@type\":\"Person\",\"@id\":\"https:\\\/\\\/www.romaoggi.eu\\\/#\\\/schema\\\/person\\\/30ada62b3bd510c45a781b7e3bf65e69\",\"name\":\"Alessandro Lisci\",\"image\":{\"@type\":\"ImageObject\",\"inLanguage\":\"it-IT\",\"@id\":\"https:\\\/\\\/secure.gravatar.com\\\/avatar\\\/9b9712162b2ac404aa0d7d978185f203808e7bd02856a449b19868b2eb80cf12?s=96&d=mm&r=g\",\"url\":\"https:\\\/\\\/secure.gravatar.com\\\/avatar\\\/9b9712162b2ac404aa0d7d978185f203808e7bd02856a449b19868b2eb80cf12?s=96&d=mm&r=g\",\"contentUrl\":\"https:\\\/\\\/secure.gravatar.com\\\/avatar\\\/9b9712162b2ac404aa0d7d978185f203808e7bd02856a449b19868b2eb80cf12?s=96&d=mm&r=g\",\"caption\":\"Alessandro Lisci\"},\"sameAs\":[\"http:\\\/\\\/www.alessandrolisci.com\",\"https:\\\/\\\/www.facebook.com\\\/alessandro.lisci.5\",\"https:\\\/\\\/x.com\\\/https:\\\/\\\/twitter.com\\\/alessandrolisci\",\"https:\\\/\\\/www.youtube.com\\\/user\\\/alessandrolisci\"],\"url\":\"https:\\\/\\\/www.romaoggi.eu\\\/index.php\\\/author\\\/alessandro\\\/\"}]}<\/script>\n<!-- \/ Yoast SEO plugin. -->","yoast_head_json":{"title":"26 Marzo sciopero della Dad. Manifestazione a Roma davanti Montecitorio","description":"Oggi in molte piazze italiane si \u00e8 tenuta la manifestazione per ricordare a tutti la centralit\u00e0 della scuola e restituirle priorit\u00e0. Una delle richieste","robots":{"index":"index","follow":"follow","max-snippet":"max-snippet:-1","max-image-preview":"max-image-preview:large","max-video-preview":"max-video-preview:-1"},"canonical":"https:\/\/www.romaoggi.eu\/index.php\/2021\/03\/26\/26-marzo-sciopero-della-dad-manifestazione-a-roma-davanti-montecitorio\/","og_locale":"it_IT","og_type":"article","og_title":"26 Marzo sciopero della Dad. Manifestazione a Roma davanti Montecitorio","og_description":"Oggi in molte piazze italiane si \u00e8 tenuta la manifestazione per ricordare a tutti la centralit\u00e0 della scuola e restituirle priorit\u00e0. Una delle richieste","og_url":"https:\/\/www.romaoggi.eu\/index.php\/2021\/03\/26\/26-marzo-sciopero-della-dad-manifestazione-a-roma-davanti-montecitorio\/","og_site_name":"roma oggi","article_publisher":"https:\/\/www.facebook.com\/RomaOggi-841544845954114","article_author":"https:\/\/www.facebook.com\/alessandro.lisci.5","article_published_time":"2021-03-26T19:18:22+00:00","article_modified_time":"2021-03-26T20:11:17+00:00","og_image":[{"width":1920,"height":1280,"url":"https:\/\/www.romaoggi.eu\/wp-content\/uploads\/2021\/03\/20210326105503_IMG_2428-copia-1.jpg","type":"image\/jpeg"}],"author":"Alessandro Lisci","twitter_card":"summary_large_image","twitter_creator":"@https:\/\/twitter.com\/alessandrolisci","twitter_site":"@romaoggi_eu","twitter_misc":{"Scritto da":"Alessandro Lisci","Tempo di lettura stimato":"5 minuti"},"schema":{"@context":"https:\/\/schema.org","@graph":[{"@type":"Article","@id":"https:\/\/www.romaoggi.eu\/index.php\/2021\/03\/26\/26-marzo-sciopero-della-dad-manifestazione-a-roma-davanti-montecitorio\/#article","isPartOf":{"@id":"https:\/\/www.romaoggi.eu\/index.php\/2021\/03\/26\/26-marzo-sciopero-della-dad-manifestazione-a-roma-davanti-montecitorio\/"},"author":{"name":"Alessandro Lisci","@id":"https:\/\/www.romaoggi.eu\/#\/schema\/person\/30ada62b3bd510c45a781b7e3bf65e69"},"headline":"26 Marzo sciopero della Dad. Manifestazione a Roma davanti Montecitorio","datePublished":"2021-03-26T19:18:22+00:00","dateModified":"2021-03-26T20:11:17+00:00","mainEntityOfPage":{"@id":"https:\/\/www.romaoggi.eu\/index.php\/2021\/03\/26\/26-marzo-sciopero-della-dad-manifestazione-a-roma-davanti-montecitorio\/"},"wordCount":795,"publisher":{"@id":"https:\/\/www.romaoggi.eu\/#organization"},"image":{"@id":"https:\/\/www.romaoggi.eu\/index.php\/2021\/03\/26\/26-marzo-sciopero-della-dad-manifestazione-a-roma-davanti-montecitorio\/#primaryimage"},"thumbnailUrl":"https:\/\/www.romaoggi.eu\/wp-content\/uploads\/2021\/03\/20210326105503_IMG_2428-copia-1.jpg","keywords":["alessandro lisci","antonio de marco","cobas","covid","dad","Fratelli d'italia","marco bella","paola frassinetti","Parlamento Italiano","pietro bernocchi","Priorit\u00e0 alla Scuola","rete studenti medi","sara de angelis","valeria cigliana"],"articleSection":["attualit\u00e0"],"inLanguage":"it-IT"},{"@type":"WebPage","@id":"https:\/\/www.romaoggi.eu\/index.php\/2021\/03\/26\/26-marzo-sciopero-della-dad-manifestazione-a-roma-davanti-montecitorio\/","url":"https:\/\/www.romaoggi.eu\/index.php\/2021\/03\/26\/26-marzo-sciopero-della-dad-manifestazione-a-roma-davanti-montecitorio\/","name":"26 Marzo sciopero della Dad. Manifestazione a Roma davanti Montecitorio","isPartOf":{"@id":"https:\/\/www.romaoggi.eu\/#website"},"primaryImageOfPage":{"@id":"https:\/\/www.romaoggi.eu\/index.php\/2021\/03\/26\/26-marzo-sciopero-della-dad-manifestazione-a-roma-davanti-montecitorio\/#primaryimage"},"image":{"@id":"https:\/\/www.romaoggi.eu\/index.php\/2021\/03\/26\/26-marzo-sciopero-della-dad-manifestazione-a-roma-davanti-montecitorio\/#primaryimage"},"thumbnailUrl":"https:\/\/www.romaoggi.eu\/wp-content\/uploads\/2021\/03\/20210326105503_IMG_2428-copia-1.jpg","datePublished":"2021-03-26T19:18:22+00:00","dateModified":"2021-03-26T20:11:17+00:00","description":"Oggi in molte piazze italiane si \u00e8 tenuta la manifestazione per ricordare a tutti la centralit\u00e0 della scuola e restituirle priorit\u00e0. Una delle richieste","breadcrumb":{"@id":"https:\/\/www.romaoggi.eu\/index.php\/2021\/03\/26\/26-marzo-sciopero-della-dad-manifestazione-a-roma-davanti-montecitorio\/#breadcrumb"},"inLanguage":"it-IT","potentialAction":[{"@type":"ReadAction","target":["https:\/\/www.romaoggi.eu\/index.php\/2021\/03\/26\/26-marzo-sciopero-della-dad-manifestazione-a-roma-davanti-montecitorio\/"]}]},{"@type":"ImageObject","inLanguage":"it-IT","@id":"https:\/\/www.romaoggi.eu\/index.php\/2021\/03\/26\/26-marzo-sciopero-della-dad-manifestazione-a-roma-davanti-montecitorio\/#primaryimage","url":"https:\/\/www.romaoggi.eu\/wp-content\/uploads\/2021\/03\/20210326105503_IMG_2428-copia-1.jpg","contentUrl":"https:\/\/www.romaoggi.eu\/wp-content\/uploads\/2021\/03\/20210326105503_IMG_2428-copia-1.jpg","width":1920,"height":1280,"caption":"Montecitorio No alla DAD \u00a9 Antonio De Marco - Target"},{"@type":"BreadcrumbList","@id":"https:\/\/www.romaoggi.eu\/index.php\/2021\/03\/26\/26-marzo-sciopero-della-dad-manifestazione-a-roma-davanti-montecitorio\/#breadcrumb","itemListElement":[{"@type":"ListItem","position":1,"name":"Home","item":"https:\/\/www.romaoggi.eu\/"},{"@type":"ListItem","position":2,"name":"26 Marzo sciopero della Dad. Manifestazione a Roma davanti Montecitorio"}]},{"@type":"WebSite","@id":"https:\/\/www.romaoggi.eu\/#website","url":"https:\/\/www.romaoggi.eu\/","name":"roma oggi","description":"Interesting News for Interesting people","publisher":{"@id":"https:\/\/www.romaoggi.eu\/#organization"},"potentialAction":[{"@type":"SearchAction","target":{"@type":"EntryPoint","urlTemplate":"https:\/\/www.romaoggi.eu\/?s={search_term_string}"},"query-input":{"@type":"PropertyValueSpecification","valueRequired":true,"valueName":"search_term_string"}}],"inLanguage":"it-IT"},{"@type":"Organization","@id":"https:\/\/www.romaoggi.eu\/#organization","name":"RomaOggi","url":"https:\/\/www.romaoggi.eu\/","logo":{"@type":"ImageObject","inLanguage":"it-IT","@id":"https:\/\/www.romaoggi.eu\/#\/schema\/logo\/image\/","url":"https:\/\/www.romaoggi.eu\/wp-content\/uploads\/2017\/04\/logowp.jpg","contentUrl":"https:\/\/www.romaoggi.eu\/wp-content\/uploads\/2017\/04\/logowp.jpg","width":300,"height":133,"caption":"RomaOggi"},"image":{"@id":"https:\/\/www.romaoggi.eu\/#\/schema\/logo\/image\/"},"sameAs":["https:\/\/www.facebook.com\/RomaOggi-841544845954114","https:\/\/x.com\/romaoggi_eu"]},{"@type":"Person","@id":"https:\/\/www.romaoggi.eu\/#\/schema\/person\/30ada62b3bd510c45a781b7e3bf65e69","name":"Alessandro Lisci","image":{"@type":"ImageObject","inLanguage":"it-IT","@id":"https:\/\/secure.gravatar.com\/avatar\/9b9712162b2ac404aa0d7d978185f203808e7bd02856a449b19868b2eb80cf12?s=96&d=mm&r=g","url":"https:\/\/secure.gravatar.com\/avatar\/9b9712162b2ac404aa0d7d978185f203808e7bd02856a449b19868b2eb80cf12?s=96&d=mm&r=g","contentUrl":"https:\/\/secure.gravatar.com\/avatar\/9b9712162b2ac404aa0d7d978185f203808e7bd02856a449b19868b2eb80cf12?s=96&d=mm&r=g","caption":"Alessandro Lisci"},"sameAs":["http:\/\/www.alessandrolisci.com","https:\/\/www.facebook.com\/alessandro.lisci.5","https:\/\/x.com\/https:\/\/twitter.com\/alessandrolisci","https:\/\/www.youtube.com\/user\/alessandrolisci"],"url":"https:\/\/www.romaoggi.eu\/index.php\/author\/alessandro\/"}]}},"_links":{"self":[{"href":"https:\/\/www.romaoggi.eu\/index.php\/wp-json\/wp\/v2\/posts\/27013","targetHints":{"allow":["GET"]}}],"collection":[{"href":"https:\/\/www.romaoggi.eu\/index.php\/wp-json\/wp\/v2\/posts"}],"about":[{"href":"https:\/\/www.romaoggi.eu\/index.php\/wp-json\/wp\/v2\/types\/post"}],"author":[{"embeddable":true,"href":"https:\/\/www.romaoggi.eu\/index.php\/wp-json\/wp\/v2\/users\/10"}],"replies":[{"embeddable":true,"href":"https:\/\/www.romaoggi.eu\/index.php\/wp-json\/wp\/v2\/comments?post=27013"}],"version-history":[{"count":10,"href":"https:\/\/www.romaoggi.eu\/index.php\/wp-json\/wp\/v2\/posts\/27013\/revisions"}],"predecessor-version":[{"id":27043,"href":"https:\/\/www.romaoggi.eu\/index.php\/wp-json\/wp\/v2\/posts\/27013\/revisions\/27043"}],"wp:featuredmedia":[{"embeddable":true,"href":"https:\/\/www.romaoggi.eu\/index.php\/wp-json\/wp\/v2\/media\/27020"}],"wp:attachment":[{"href":"https:\/\/www.romaoggi.eu\/index.php\/wp-json\/wp\/v2\/media?parent=27013"}],"wp:term":[{"taxonomy":"category","embeddable":true,"href":"https:\/\/www.romaoggi.eu\/index.php\/wp-json\/wp\/v2\/categories?post=27013"},{"taxonomy":"post_tag","embeddable":true,"href":"https:\/\/www.romaoggi.eu\/index.php\/wp-json\/wp\/v2\/tags?post=27013"}],"curies":[{"name":"wp","href":"https:\/\/api.w.org\/{rel}","templated":true}]}}