{"id":27176,"date":"2021-04-04T09:29:43","date_gmt":"2021-04-04T07:29:43","guid":{"rendered":"http:\/\/www.romaoggi.eu\/?p=27176"},"modified":"2021-04-05T19:35:54","modified_gmt":"2021-04-05T17:35:54","slug":"bacio-damore-tra-sole-e-pioggia","status":"publish","type":"post","link":"https:\/\/www.romaoggi.eu\/index.php\/2021\/04\/04\/bacio-damore-tra-sole-e-pioggia\/","title":{"rendered":"Bacio d\u2019amore tra sole e pioggia.."},"content":{"rendered":"<p align=\"JUSTIFY\"><strong><span style=\"color: #000000;\">\u201c<span style=\"font-family: Times New Roman, serif;\"><span style=\"font-size: medium;\"><b>La foto del giorno\u201d di domenica 4 aprile 2021 dal titolo <\/b><\/span><\/span><\/span><\/strong><strong><span style=\"color: #1d2228;\"><span style=\"font-family: YahooSans, Helvetica Neue, Segoe UI, Helvetica, Arial, Lucida Grande, sans-serif;\"><span style=\"font-size: medium;\"><b>&#8220;Bacio d\u2019amore tra Sole e pioggia&#8221;<\/b><\/span><\/span><\/span><\/strong><strong><span style=\"color: #000000;\"><span style=\"font-family: Times New Roman, serif;\"><span style=\"font-size: medium;\"><b>, ci \u00e8 stata inviata dalla nostra lettrice Camilla Pelo, scattata alla Bufalotta.. <\/b><\/span><\/span><\/span><\/strong><\/p>\n<p align=\"JUSTIFY\"><strong><span style=\"color: #000000;\"><span style=\"font-family: Times New Roman, serif;\"><span style=\"font-size: medium;\"><b>Il commento di Pina Ianiro <\/b><\/span><\/span><\/span><\/strong><\/p>\n<p align=\"JUSTIFY\"><span style=\"font-family: Times New Roman, serif;\"><span style=\"font-size: medium;\">Avvengono geometrie insolite lungo i confini del pensiero quando ne siamo ignari. Quando non lo dirigiamo e non dettiamo schemi n\u00e9 argini al pensare, si compiono prodigi che sfuggono alla coscienza e generano sensazioni che regalano serenit\u00e0. Un appagamento osmotico con il cosmo. Allora viviamo attimi di felicit\u00e0 di cui ci meravigliamo perch\u00e9 ci sembra immotivata, invece nasce da un raro momento di nudit\u00e0 dai concetti e dai preconcetti. Quando ci\u00f2 accade, finalmente, riusciamo a godere di ci\u00f2 che siamo e abbiamo. La natura \u00e8 uno dei luoghi in cui \u00e8 pi\u00f9 semplice lasciarsi andare, del resto ne facciamo parte.<\/span><\/span><\/p>\n<p align=\"JUSTIFY\"><span style=\"font-family: Times New Roman, serif;\"><span style=\"font-size: medium;\">Camilla Pelo scatta questa foto in un campo in zona Bufalotta e ci trasmette il suo fiato sospeso per non sciupare l\u2019attimo da rendere eterno. <\/span><\/span><\/p>\n<p align=\"JUSTIFY\"><span style=\"font-family: Times New Roman, serif;\"><span style=\"font-size: medium;\">I fili di un traliccio come un pentagramma e la curva d\u2019arcobaleno a dettare il tempo di una poesia immortale, quella di un bacio &#8230; Bacio d\u2019amore tra sole e pioggia, ci suggerisce l\u2019autrice. <\/span><\/span><\/p>\n<p align=\"JUSTIFY\"><span style=\"font-family: Times New Roman, serif;\"><span style=\"font-size: medium;\">Sole che implora Pioggia di lambire i suoi raggi, Pioggia che timida si lascia avvolgere rifrangendosi di un amore dai colori multi spettro \u2026 L\u2019amore \u2026 Ma che ne sappiamo noi dell\u2019amore se cerchiamo di gestire anche quello annientandone la vera portata? Vero Camilla?<\/span><\/span><\/p>\n<p align=\"JUSTIFY\"><span style=\"font-family: Times New Roman, serif;\"><span style=\"font-size: medium;\">Siamo strani noi uomini, ci difendiamo dalla percezione, restiamo aggrappati al concreto e decidiamo di perderci il meglio.<\/span><\/span><\/p>\n<p align=\"JUSTIFY\"><span style=\"font-family: Times New Roman, serif;\"><span style=\"font-size: medium;\">E s\u00ec che spaventa l\u2019amore quando \u00e8 talmente devastante da sembrare uno tsunami, ma a che serve difendersi? Lasciamo che devasti, sconvolga e rimescoli le nostre certezze, ben venga! <\/span><\/span><\/p>\n<p align=\"JUSTIFY\"><span style=\"font-family: Times New Roman, serif;\"><span style=\"font-size: medium;\">Le certezze \u2026 siamo schiavi di strutture mentali senza riserve, ci costruiamo gabbie e gettiamo pure via le chiavi. E poi, siamo tristi e vecchi dentro, spenti, vuoti, deprivati \u2026 <\/span><\/span><\/p>\n<p align=\"JUSTIFY\"><span style=\"font-family: Times New Roman, serif;\"><span style=\"font-size: medium;\">Risucchiati dal quotidiano ridimensioniamo, mortifichiamo e dimentichiamo il nostro lato astratto (il pi\u00f9 bello!), lo consideriamo adeguato al mondo infantile per poi trovarlo ridicolo in persone adulte che spesso giudichiamo strane, poco concrete; oppure, se va bene, li classifichiamo: \u201csognatori\u201d, \u201cpoeti\u201d, \u201cartisti\u201d \u2026 <\/span><\/span><\/p>\n<p align=\"JUSTIFY\"><span style=\"font-family: Times New Roman, serif;\"><span style=\"font-size: medium;\">E s\u00ec, ci vuole un bel coraggio a sognare, a scrivere poesia, a mettere a nudo l\u2019anima per fertilizzare un mondo sterile, ma iniziamo a farlo come Camilla Pelo che oggi ci augura una buona Pasqua luminosa e piena di speranza, ci lascia un messaggio romantico, un orizzonte sconfinato di sogni, ci dona ampiezza e colori, aria nuova e ci ricorda che Pasqua \u00e8 ogni giorno, perch\u00e9 ogni giorno rinasciamo nuovi. <\/span><\/span><\/p>\n<p align=\"JUSTIFY\"><strong><span style=\"color: #000000;\"><span style=\"font-family: Times New Roman, serif;\"><span style=\"font-size: medium;\"><b>Buona Pasqua e che sia di vera rinascita!<\/b><\/span><\/span><\/span><\/strong><\/p>\n<p><span style=\"font-size: medium;\"><strong><span style=\"font-family: Times New Roman, serif;\">Pina Ianiro \u00a9<\/span><\/strong><\/span><\/p>\n<figure id=\"attachment_27180\" aria-describedby=\"caption-attachment-27180\" style=\"width: 850px\" class=\"wp-caption alignnone\"><img loading=\"lazy\" decoding=\"async\" class=\"size-full wp-image-27180\" src=\"https:\/\/www.romaoggi.eu\/wp-content\/uploads\/2021\/04\/Photo00146-vert-\u00a9-Camila-Pelo-Arcobaleno-Bufalotta-copia.jpg\" alt=\"alt tag bufalotta\" width=\"850\" height=\"967\" srcset=\"https:\/\/www.romaoggi.eu\/wp-content\/uploads\/2021\/04\/Photo00146-vert-\u00a9-Camila-Pelo-Arcobaleno-Bufalotta-copia.jpg 850w, https:\/\/www.romaoggi.eu\/wp-content\/uploads\/2021\/04\/Photo00146-vert-\u00a9-Camila-Pelo-Arcobaleno-Bufalotta-copia-264x300.jpg 264w\" sizes=\"auto, (max-width: 850px) 100vw, 850px\" \/><figcaption id=\"caption-attachment-27180\" class=\"wp-caption-text\">&#8220;Bacio d\u2019amore tra Sole e pioggia&#8221; alla Bufalotta \u00a9 Camila Pelo<\/figcaption><\/figure>\n<p align=\"JUSTIFY\"><strong><span style=\"color: #000000;\"><span style=\"font-family: Times New Roman, serif;\"><span style=\"font-size: medium;\"><b>La foto del giorno \u00e8 la rubrica di Alessandro Lisci su \u00a0 <\/b><\/span><\/span><\/span><\/strong><strong><a href=\"https:\/\/www.romaoggi.eu\/\"><span style=\"color: #000080;\"><span style=\"font-family: Times New Roman, serif;\"><span style=\"font-size: medium;\"><u><b>www.Romaoggi.eu<\/b><\/u><\/span><\/span><\/span><\/a><\/strong><strong><span style=\"color: #000000;\"><span style=\"font-size: medium;\">\u00a0<\/span><\/span><\/strong><strong><span style=\"color: #000000;\"><span style=\"font-family: Times New Roman, serif;\"><span style=\"font-size: medium;\"><b>.\u00a0 Invia la tua foto del giorno con un commento al whatsapp 3316379346 oppure alla seguente mail: alessandrolisci@yahoo.it.<\/b><\/span><\/span><\/span><\/strong><\/p>\n<p align=\"JUSTIFY\"><strong><span style=\"font-size: medium;\">Visita il sito \u00a0: <a href=\"http:\/\/www.alessandrolisci.com\/\">www.alessandrolisci.com<\/a><\/span><\/strong><\/p>\n<p style=\"text-align: left;\"><strong><span style=\"font-family: Times New Roman, serif;\"><span style=\"font-size: medium;\"><img loading=\"lazy\" decoding=\"async\" class=\"alignnone  wp-image-27186\" src=\"https:\/\/www.romaoggi.eu\/wp-content\/uploads\/2021\/04\/WhatsApp-Image-2021-04-04-at-19.36.07.jpeg\" alt=\"alt tag Pina Ianiro\" width=\"58\" height=\"86\" \/>Pina Ianiro <\/span><\/span><\/strong><span style=\"font-family: Times New Roman, serif;\"><span style=\"font-size: medium;\">nasce a Caserta, <\/span><\/span><strong><span style=\"font-family: Times New Roman, serif;\"><span style=\"font-size: medium;\">laureata in Sociologia<\/span><\/span><\/strong><span style=\"font-family: Times New Roman, serif;\"><span style=\"font-size: medium;\">. <\/span><\/span><strong><span style=\"font-family: Times New Roman, serif;\"><span style=\"font-size: medium;\">Vive a Roma<\/span><\/span><\/strong> <span style=\"font-family: Times New Roman, serif;\"><span style=\"font-size: medium;\">e l<\/span><\/span><span style=\"font-family: Times New Roman, serif;\"><span style=\"font-size: medium;\"><b>avora come editor<\/b><\/span><\/span><span style=\"font-family: Times New Roman, serif;\"><span style=\"font-size: medium;\"> anche se preferisce definirsi \u201c<\/span><\/span><strong><span style=\"font-family: Times New Roman, serif;\"><span style=\"font-size: medium;\">curatrice di manoscritti<\/span><\/span><\/strong><span style=\"font-size: medium;\">\u201d <\/span><span style=\"font-family: Times New Roman, serif;\"><span style=\"font-size: medium;\">e porta avanti la sua passione per la letteratura e l\u2019arte. <\/span><\/span><strong><span style=\"font-family: Times New Roman, serif;\"><span style=\"font-size: medium;\">Ha pubblicato i romanzi<\/span><\/span><\/strong><span style=\"font-family: Times New Roman, serif;\"><span style=\"font-size: medium;\">:<\/span><\/span><span style=\"font-family: Times New Roman, serif;\"><span style=\"font-size: medium;\"><b>\u201cIl cubo bianco\u201d<\/b><\/span><\/span><span style=\"font-family: Times New Roman, serif;\"><span style=\"font-size: medium;\"> (Giulio Perrone LAB), <\/span><\/span><span style=\"font-family: Times New Roman, serif;\"><span style=\"font-size: medium;\"><b>\u201cQuanto ci mette la neve a cadere\u201d<\/b><\/span><\/span><span style=\"font-family: Times New Roman, serif;\"><span style=\"font-size: medium;\"> (L\u2019Erudita) e una raccolta monografica di racconti e poesie \u201c<\/span><\/span><span style=\"font-family: Times New Roman, serif;\"><span style=\"font-size: medium;\"><b>Amore: maneggiare con prudenza\u201d <\/b><\/span><\/span><span style=\"font-family: Times New Roman, serif;\"><span style=\"font-size: medium;\">(L\u2019Erudita). <\/span><\/span><strong><span style=\"font-family: Times New Roman, serif;\"><span style=\"font-size: medium;\">Oltre che autrice \u00e8 ghostwriter<\/span><\/span><\/strong><span style=\"font-family: Times New Roman, serif;\"><span style=\"font-size: medium;\">. Gestisce il blog <\/span><\/span><strong><span style=\"font-family: Times New Roman, serif;\"><span style=\"font-size: medium;\"><a href=\"http:\/\/www.pinaianiro.blogspot.com\/\">http:\/\/www.pinaianiro.blogspot.com<\/a>\u00a0<\/span><\/span><\/strong><\/p>\n<p>su FB :\u00a0 <a href=\"https:\/\/www.facebook.com\/aria.giaprimavera\">https:\/\/www.facebook.com\/aria.giaprimavera<\/a><\/p>\n","protected":false},"excerpt":{"rendered":"<div class=\"mh-excerpt\"><p>\u201cLa foto del giorno\u201d di domenica 4 aprile 2021 dal titolo &#8220;Bacio d\u2019amore tra Sole e pioggia&#8221;, ci \u00e8 stata inviata dalla nostra lettrice Camilla Pelo, scattata alla Bufalotta.. Il commento di Pina Ianiro Avvengono <a class=\"mh-excerpt-more\" href=\"https:\/\/www.romaoggi.eu\/index.php\/2021\/04\/04\/bacio-damore-tra-sole-e-pioggia\/\" title=\"Bacio d\u2019amore tra sole e pioggia..\">[&#8230;]<\/a><\/p>\n<\/div>","protected":false},"author":10,"featured_media":27179,"comment_status":"closed","ping_status":"open","sticky":false,"template":"","format":"standard","meta":{"_sitemap_exclude":false,"_sitemap_priority":"","_sitemap_frequency":"","footnotes":""},"categories":[8934],"tags":[14565,14581,4137,14773,11671,274,10420,1366,14496,343,1738,14580],"class_list":["post-27176","post","type-post","status-publish","format-standard","has-post-thumbnail","hentry","category-lafotodelgiorno","tag-streetphoto","tag-streetphotoroma","tag-alessandro-lisci","tag-bufalotta","tag-camilla-pelo","tag-fotografia","tag-la-foto-del-giorno","tag-pasqua","tag-pina-ianiro","tag-roma-capitale","tag-romaoggi-eu","tag-streetphotography"],"yoast_head":"<!-- This site is optimized with the Yoast SEO plugin v27.5 - https:\/\/yoast.com\/product\/yoast-seo-wordpress\/ -->\n<title>Bacio d\u2019amore tra sole e pioggia..<\/title>\n<meta name=\"description\" content=\"\u201cLa foto del giorno\u201d di domenica 4 aprile 2021 dal titolo &quot;Bacio d\u2019amore tra Sole e pioggia&quot;, ci \u00e8 stata inviata dalla nostra lettrice Camilla Pelo,\" \/>\n<meta name=\"robots\" content=\"index, follow, max-snippet:-1, max-image-preview:large, max-video-preview:-1\" \/>\n<link rel=\"canonical\" href=\"https:\/\/www.romaoggi.eu\/index.php\/2021\/04\/04\/bacio-damore-tra-sole-e-pioggia\/\" \/>\n<meta property=\"og:locale\" content=\"it_IT\" \/>\n<meta property=\"og:type\" content=\"article\" \/>\n<meta property=\"og:title\" content=\"Bacio d\u2019amore tra sole e pioggia..\" \/>\n<meta property=\"og:description\" content=\"\u201cLa foto del giorno\u201d di domenica 4 aprile 2021 dal titolo &quot;Bacio d\u2019amore tra Sole e pioggia&quot;, ci \u00e8 stata inviata dalla nostra lettrice Camilla Pelo,\" \/>\n<meta property=\"og:url\" content=\"https:\/\/www.romaoggi.eu\/index.php\/2021\/04\/04\/bacio-damore-tra-sole-e-pioggia\/\" \/>\n<meta property=\"og:site_name\" content=\"roma oggi\" \/>\n<meta property=\"article:publisher\" content=\"https:\/\/www.facebook.com\/RomaOggi-841544845954114\" \/>\n<meta property=\"article:author\" content=\"https:\/\/www.facebook.com\/alessandro.lisci.5\" \/>\n<meta property=\"article:published_time\" content=\"2021-04-04T07:29:43+00:00\" \/>\n<meta property=\"article:modified_time\" content=\"2021-04-05T17:35:54+00:00\" \/>\n<meta property=\"og:image\" content=\"https:\/\/www.romaoggi.eu\/wp-content\/uploads\/2021\/04\/Photo00146-orizz-\u00a9-Camila-Pelo-Arcobaleno-Bufalotta-scaled.jpg\" \/>\n\t<meta property=\"og:image:width\" content=\"2560\" \/>\n\t<meta property=\"og:image:height\" content=\"1707\" \/>\n\t<meta property=\"og:image:type\" content=\"image\/jpeg\" \/>\n<meta name=\"author\" content=\"Alessandro Lisci\" \/>\n<meta name=\"twitter:card\" content=\"summary_large_image\" \/>\n<meta name=\"twitter:creator\" content=\"@https:\/\/twitter.com\/alessandrolisci\" \/>\n<meta name=\"twitter:site\" content=\"@romaoggi_eu\" \/>\n<meta name=\"twitter:label1\" content=\"Scritto da\" \/>\n\t<meta name=\"twitter:data1\" content=\"Alessandro Lisci\" \/>\n\t<meta name=\"twitter:label2\" content=\"Tempo di lettura stimato\" \/>\n\t<meta name=\"twitter:data2\" content=\"3 minuti\" \/>\n<script type=\"application\/ld+json\" class=\"yoast-schema-graph\">{\"@context\":\"https:\\\/\\\/schema.org\",\"@graph\":[{\"@type\":\"Article\",\"@id\":\"https:\\\/\\\/www.romaoggi.eu\\\/index.php\\\/2021\\\/04\\\/04\\\/bacio-damore-tra-sole-e-pioggia\\\/#article\",\"isPartOf\":{\"@id\":\"https:\\\/\\\/www.romaoggi.eu\\\/index.php\\\/2021\\\/04\\\/04\\\/bacio-damore-tra-sole-e-pioggia\\\/\"},\"author\":{\"name\":\"Alessandro Lisci\",\"@id\":\"https:\\\/\\\/www.romaoggi.eu\\\/#\\\/schema\\\/person\\\/30ada62b3bd510c45a781b7e3bf65e69\"},\"headline\":\"Bacio d\u2019amore tra sole e pioggia..\",\"datePublished\":\"2021-04-04T07:29:43+00:00\",\"dateModified\":\"2021-04-05T17:35:54+00:00\",\"mainEntityOfPage\":{\"@id\":\"https:\\\/\\\/www.romaoggi.eu\\\/index.php\\\/2021\\\/04\\\/04\\\/bacio-damore-tra-sole-e-pioggia\\\/\"},\"wordCount\":584,\"publisher\":{\"@id\":\"https:\\\/\\\/www.romaoggi.eu\\\/#organization\"},\"image\":{\"@id\":\"https:\\\/\\\/www.romaoggi.eu\\\/index.php\\\/2021\\\/04\\\/04\\\/bacio-damore-tra-sole-e-pioggia\\\/#primaryimage\"},\"thumbnailUrl\":\"https:\\\/\\\/www.romaoggi.eu\\\/wp-content\\\/uploads\\\/2021\\\/04\\\/Photo00146-orizz-\u00a9-Camila-Pelo-Arcobaleno-Bufalotta-scaled.jpg\",\"keywords\":[\"#streetphoto\",\"#streetphotoroma\",\"alessandro lisci\",\"bufalotta\",\"camilla pelo\",\"fotografia\",\"La foto del giorno\",\"Pasqua\",\"pina ianiro\",\"roma capitale\",\"RomaOggi.eu\",\"streetphotography\"],\"articleSection\":[\"La foto del giorno\"],\"inLanguage\":\"it-IT\"},{\"@type\":\"WebPage\",\"@id\":\"https:\\\/\\\/www.romaoggi.eu\\\/index.php\\\/2021\\\/04\\\/04\\\/bacio-damore-tra-sole-e-pioggia\\\/\",\"url\":\"https:\\\/\\\/www.romaoggi.eu\\\/index.php\\\/2021\\\/04\\\/04\\\/bacio-damore-tra-sole-e-pioggia\\\/\",\"name\":\"Bacio d\u2019amore tra sole e pioggia..\",\"isPartOf\":{\"@id\":\"https:\\\/\\\/www.romaoggi.eu\\\/#website\"},\"primaryImageOfPage\":{\"@id\":\"https:\\\/\\\/www.romaoggi.eu\\\/index.php\\\/2021\\\/04\\\/04\\\/bacio-damore-tra-sole-e-pioggia\\\/#primaryimage\"},\"image\":{\"@id\":\"https:\\\/\\\/www.romaoggi.eu\\\/index.php\\\/2021\\\/04\\\/04\\\/bacio-damore-tra-sole-e-pioggia\\\/#primaryimage\"},\"thumbnailUrl\":\"https:\\\/\\\/www.romaoggi.eu\\\/wp-content\\\/uploads\\\/2021\\\/04\\\/Photo00146-orizz-\u00a9-Camila-Pelo-Arcobaleno-Bufalotta-scaled.jpg\",\"datePublished\":\"2021-04-04T07:29:43+00:00\",\"dateModified\":\"2021-04-05T17:35:54+00:00\",\"description\":\"\u201cLa foto del giorno\u201d di domenica 4 aprile 2021 dal titolo \\\"Bacio d\u2019amore tra Sole e pioggia\\\", ci \u00e8 stata inviata dalla nostra lettrice Camilla Pelo,\",\"breadcrumb\":{\"@id\":\"https:\\\/\\\/www.romaoggi.eu\\\/index.php\\\/2021\\\/04\\\/04\\\/bacio-damore-tra-sole-e-pioggia\\\/#breadcrumb\"},\"inLanguage\":\"it-IT\",\"potentialAction\":[{\"@type\":\"ReadAction\",\"target\":[\"https:\\\/\\\/www.romaoggi.eu\\\/index.php\\\/2021\\\/04\\\/04\\\/bacio-damore-tra-sole-e-pioggia\\\/\"]}]},{\"@type\":\"ImageObject\",\"inLanguage\":\"it-IT\",\"@id\":\"https:\\\/\\\/www.romaoggi.eu\\\/index.php\\\/2021\\\/04\\\/04\\\/bacio-damore-tra-sole-e-pioggia\\\/#primaryimage\",\"url\":\"https:\\\/\\\/www.romaoggi.eu\\\/wp-content\\\/uploads\\\/2021\\\/04\\\/Photo00146-orizz-\u00a9-Camila-Pelo-Arcobaleno-Bufalotta-scaled.jpg\",\"contentUrl\":\"https:\\\/\\\/www.romaoggi.eu\\\/wp-content\\\/uploads\\\/2021\\\/04\\\/Photo00146-orizz-\u00a9-Camila-Pelo-Arcobaleno-Bufalotta-scaled.jpg\",\"width\":2560,\"height\":1707,\"caption\":\"\\\"Bacio d\u2019amore tra Sole e pioggia\\\" alla Bufalotta \u00a9 Camila Pelo\"},{\"@type\":\"BreadcrumbList\",\"@id\":\"https:\\\/\\\/www.romaoggi.eu\\\/index.php\\\/2021\\\/04\\\/04\\\/bacio-damore-tra-sole-e-pioggia\\\/#breadcrumb\",\"itemListElement\":[{\"@type\":\"ListItem\",\"position\":1,\"name\":\"Home\",\"item\":\"https:\\\/\\\/www.romaoggi.eu\\\/\"},{\"@type\":\"ListItem\",\"position\":2,\"name\":\"Bacio d\u2019amore tra sole e pioggia..\"}]},{\"@type\":\"WebSite\",\"@id\":\"https:\\\/\\\/www.romaoggi.eu\\\/#website\",\"url\":\"https:\\\/\\\/www.romaoggi.eu\\\/\",\"name\":\"roma oggi\",\"description\":\"Interesting News for Interesting people\",\"publisher\":{\"@id\":\"https:\\\/\\\/www.romaoggi.eu\\\/#organization\"},\"potentialAction\":[{\"@type\":\"SearchAction\",\"target\":{\"@type\":\"EntryPoint\",\"urlTemplate\":\"https:\\\/\\\/www.romaoggi.eu\\\/?s={search_term_string}\"},\"query-input\":{\"@type\":\"PropertyValueSpecification\",\"valueRequired\":true,\"valueName\":\"search_term_string\"}}],\"inLanguage\":\"it-IT\"},{\"@type\":\"Organization\",\"@id\":\"https:\\\/\\\/www.romaoggi.eu\\\/#organization\",\"name\":\"RomaOggi\",\"url\":\"https:\\\/\\\/www.romaoggi.eu\\\/\",\"logo\":{\"@type\":\"ImageObject\",\"inLanguage\":\"it-IT\",\"@id\":\"https:\\\/\\\/www.romaoggi.eu\\\/#\\\/schema\\\/logo\\\/image\\\/\",\"url\":\"https:\\\/\\\/www.romaoggi.eu\\\/wp-content\\\/uploads\\\/2017\\\/04\\\/logowp.jpg\",\"contentUrl\":\"https:\\\/\\\/www.romaoggi.eu\\\/wp-content\\\/uploads\\\/2017\\\/04\\\/logowp.jpg\",\"width\":300,\"height\":133,\"caption\":\"RomaOggi\"},\"image\":{\"@id\":\"https:\\\/\\\/www.romaoggi.eu\\\/#\\\/schema\\\/logo\\\/image\\\/\"},\"sameAs\":[\"https:\\\/\\\/www.facebook.com\\\/RomaOggi-841544845954114\",\"https:\\\/\\\/x.com\\\/romaoggi_eu\"]},{\"@type\":\"Person\",\"@id\":\"https:\\\/\\\/www.romaoggi.eu\\\/#\\\/schema\\\/person\\\/30ada62b3bd510c45a781b7e3bf65e69\",\"name\":\"Alessandro Lisci\",\"image\":{\"@type\":\"ImageObject\",\"inLanguage\":\"it-IT\",\"@id\":\"https:\\\/\\\/secure.gravatar.com\\\/avatar\\\/9b9712162b2ac404aa0d7d978185f203808e7bd02856a449b19868b2eb80cf12?s=96&d=mm&r=g\",\"url\":\"https:\\\/\\\/secure.gravatar.com\\\/avatar\\\/9b9712162b2ac404aa0d7d978185f203808e7bd02856a449b19868b2eb80cf12?s=96&d=mm&r=g\",\"contentUrl\":\"https:\\\/\\\/secure.gravatar.com\\\/avatar\\\/9b9712162b2ac404aa0d7d978185f203808e7bd02856a449b19868b2eb80cf12?s=96&d=mm&r=g\",\"caption\":\"Alessandro Lisci\"},\"sameAs\":[\"http:\\\/\\\/www.alessandrolisci.com\",\"https:\\\/\\\/www.facebook.com\\\/alessandro.lisci.5\",\"https:\\\/\\\/x.com\\\/https:\\\/\\\/twitter.com\\\/alessandrolisci\",\"https:\\\/\\\/www.youtube.com\\\/user\\\/alessandrolisci\"],\"url\":\"https:\\\/\\\/www.romaoggi.eu\\\/index.php\\\/author\\\/alessandro\\\/\"}]}<\/script>\n<!-- \/ Yoast SEO plugin. -->","yoast_head_json":{"title":"Bacio d\u2019amore tra sole e pioggia..","description":"\u201cLa foto del giorno\u201d di domenica 4 aprile 2021 dal titolo \"Bacio d\u2019amore tra Sole e pioggia\", ci \u00e8 stata inviata dalla nostra lettrice Camilla Pelo,","robots":{"index":"index","follow":"follow","max-snippet":"max-snippet:-1","max-image-preview":"max-image-preview:large","max-video-preview":"max-video-preview:-1"},"canonical":"https:\/\/www.romaoggi.eu\/index.php\/2021\/04\/04\/bacio-damore-tra-sole-e-pioggia\/","og_locale":"it_IT","og_type":"article","og_title":"Bacio d\u2019amore tra sole e pioggia..","og_description":"\u201cLa foto del giorno\u201d di domenica 4 aprile 2021 dal titolo \"Bacio d\u2019amore tra Sole e pioggia\", ci \u00e8 stata inviata dalla nostra lettrice Camilla Pelo,","og_url":"https:\/\/www.romaoggi.eu\/index.php\/2021\/04\/04\/bacio-damore-tra-sole-e-pioggia\/","og_site_name":"roma oggi","article_publisher":"https:\/\/www.facebook.com\/RomaOggi-841544845954114","article_author":"https:\/\/www.facebook.com\/alessandro.lisci.5","article_published_time":"2021-04-04T07:29:43+00:00","article_modified_time":"2021-04-05T17:35:54+00:00","og_image":[{"width":2560,"height":1707,"url":"https:\/\/www.romaoggi.eu\/wp-content\/uploads\/2021\/04\/Photo00146-orizz-\u00a9-Camila-Pelo-Arcobaleno-Bufalotta-scaled.jpg","type":"image\/jpeg"}],"author":"Alessandro Lisci","twitter_card":"summary_large_image","twitter_creator":"@https:\/\/twitter.com\/alessandrolisci","twitter_site":"@romaoggi_eu","twitter_misc":{"Scritto da":"Alessandro Lisci","Tempo di lettura stimato":"3 minuti"},"schema":{"@context":"https:\/\/schema.org","@graph":[{"@type":"Article","@id":"https:\/\/www.romaoggi.eu\/index.php\/2021\/04\/04\/bacio-damore-tra-sole-e-pioggia\/#article","isPartOf":{"@id":"https:\/\/www.romaoggi.eu\/index.php\/2021\/04\/04\/bacio-damore-tra-sole-e-pioggia\/"},"author":{"name":"Alessandro Lisci","@id":"https:\/\/www.romaoggi.eu\/#\/schema\/person\/30ada62b3bd510c45a781b7e3bf65e69"},"headline":"Bacio d\u2019amore tra sole e pioggia..","datePublished":"2021-04-04T07:29:43+00:00","dateModified":"2021-04-05T17:35:54+00:00","mainEntityOfPage":{"@id":"https:\/\/www.romaoggi.eu\/index.php\/2021\/04\/04\/bacio-damore-tra-sole-e-pioggia\/"},"wordCount":584,"publisher":{"@id":"https:\/\/www.romaoggi.eu\/#organization"},"image":{"@id":"https:\/\/www.romaoggi.eu\/index.php\/2021\/04\/04\/bacio-damore-tra-sole-e-pioggia\/#primaryimage"},"thumbnailUrl":"https:\/\/www.romaoggi.eu\/wp-content\/uploads\/2021\/04\/Photo00146-orizz-\u00a9-Camila-Pelo-Arcobaleno-Bufalotta-scaled.jpg","keywords":["#streetphoto","#streetphotoroma","alessandro lisci","bufalotta","camilla pelo","fotografia","La foto del giorno","Pasqua","pina ianiro","roma capitale","RomaOggi.eu","streetphotography"],"articleSection":["La foto del giorno"],"inLanguage":"it-IT"},{"@type":"WebPage","@id":"https:\/\/www.romaoggi.eu\/index.php\/2021\/04\/04\/bacio-damore-tra-sole-e-pioggia\/","url":"https:\/\/www.romaoggi.eu\/index.php\/2021\/04\/04\/bacio-damore-tra-sole-e-pioggia\/","name":"Bacio d\u2019amore tra sole e pioggia..","isPartOf":{"@id":"https:\/\/www.romaoggi.eu\/#website"},"primaryImageOfPage":{"@id":"https:\/\/www.romaoggi.eu\/index.php\/2021\/04\/04\/bacio-damore-tra-sole-e-pioggia\/#primaryimage"},"image":{"@id":"https:\/\/www.romaoggi.eu\/index.php\/2021\/04\/04\/bacio-damore-tra-sole-e-pioggia\/#primaryimage"},"thumbnailUrl":"https:\/\/www.romaoggi.eu\/wp-content\/uploads\/2021\/04\/Photo00146-orizz-\u00a9-Camila-Pelo-Arcobaleno-Bufalotta-scaled.jpg","datePublished":"2021-04-04T07:29:43+00:00","dateModified":"2021-04-05T17:35:54+00:00","description":"\u201cLa foto del giorno\u201d di domenica 4 aprile 2021 dal titolo \"Bacio d\u2019amore tra Sole e pioggia\", ci \u00e8 stata inviata dalla nostra lettrice Camilla Pelo,","breadcrumb":{"@id":"https:\/\/www.romaoggi.eu\/index.php\/2021\/04\/04\/bacio-damore-tra-sole-e-pioggia\/#breadcrumb"},"inLanguage":"it-IT","potentialAction":[{"@type":"ReadAction","target":["https:\/\/www.romaoggi.eu\/index.php\/2021\/04\/04\/bacio-damore-tra-sole-e-pioggia\/"]}]},{"@type":"ImageObject","inLanguage":"it-IT","@id":"https:\/\/www.romaoggi.eu\/index.php\/2021\/04\/04\/bacio-damore-tra-sole-e-pioggia\/#primaryimage","url":"https:\/\/www.romaoggi.eu\/wp-content\/uploads\/2021\/04\/Photo00146-orizz-\u00a9-Camila-Pelo-Arcobaleno-Bufalotta-scaled.jpg","contentUrl":"https:\/\/www.romaoggi.eu\/wp-content\/uploads\/2021\/04\/Photo00146-orizz-\u00a9-Camila-Pelo-Arcobaleno-Bufalotta-scaled.jpg","width":2560,"height":1707,"caption":"\"Bacio d\u2019amore tra Sole e pioggia\" alla Bufalotta \u00a9 Camila Pelo"},{"@type":"BreadcrumbList","@id":"https:\/\/www.romaoggi.eu\/index.php\/2021\/04\/04\/bacio-damore-tra-sole-e-pioggia\/#breadcrumb","itemListElement":[{"@type":"ListItem","position":1,"name":"Home","item":"https:\/\/www.romaoggi.eu\/"},{"@type":"ListItem","position":2,"name":"Bacio d\u2019amore tra sole e pioggia.."}]},{"@type":"WebSite","@id":"https:\/\/www.romaoggi.eu\/#website","url":"https:\/\/www.romaoggi.eu\/","name":"roma oggi","description":"Interesting News for Interesting people","publisher":{"@id":"https:\/\/www.romaoggi.eu\/#organization"},"potentialAction":[{"@type":"SearchAction","target":{"@type":"EntryPoint","urlTemplate":"https:\/\/www.romaoggi.eu\/?s={search_term_string}"},"query-input":{"@type":"PropertyValueSpecification","valueRequired":true,"valueName":"search_term_string"}}],"inLanguage":"it-IT"},{"@type":"Organization","@id":"https:\/\/www.romaoggi.eu\/#organization","name":"RomaOggi","url":"https:\/\/www.romaoggi.eu\/","logo":{"@type":"ImageObject","inLanguage":"it-IT","@id":"https:\/\/www.romaoggi.eu\/#\/schema\/logo\/image\/","url":"https:\/\/www.romaoggi.eu\/wp-content\/uploads\/2017\/04\/logowp.jpg","contentUrl":"https:\/\/www.romaoggi.eu\/wp-content\/uploads\/2017\/04\/logowp.jpg","width":300,"height":133,"caption":"RomaOggi"},"image":{"@id":"https:\/\/www.romaoggi.eu\/#\/schema\/logo\/image\/"},"sameAs":["https:\/\/www.facebook.com\/RomaOggi-841544845954114","https:\/\/x.com\/romaoggi_eu"]},{"@type":"Person","@id":"https:\/\/www.romaoggi.eu\/#\/schema\/person\/30ada62b3bd510c45a781b7e3bf65e69","name":"Alessandro Lisci","image":{"@type":"ImageObject","inLanguage":"it-IT","@id":"https:\/\/secure.gravatar.com\/avatar\/9b9712162b2ac404aa0d7d978185f203808e7bd02856a449b19868b2eb80cf12?s=96&d=mm&r=g","url":"https:\/\/secure.gravatar.com\/avatar\/9b9712162b2ac404aa0d7d978185f203808e7bd02856a449b19868b2eb80cf12?s=96&d=mm&r=g","contentUrl":"https:\/\/secure.gravatar.com\/avatar\/9b9712162b2ac404aa0d7d978185f203808e7bd02856a449b19868b2eb80cf12?s=96&d=mm&r=g","caption":"Alessandro Lisci"},"sameAs":["http:\/\/www.alessandrolisci.com","https:\/\/www.facebook.com\/alessandro.lisci.5","https:\/\/x.com\/https:\/\/twitter.com\/alessandrolisci","https:\/\/www.youtube.com\/user\/alessandrolisci"],"url":"https:\/\/www.romaoggi.eu\/index.php\/author\/alessandro\/"}]}},"_links":{"self":[{"href":"https:\/\/www.romaoggi.eu\/index.php\/wp-json\/wp\/v2\/posts\/27176","targetHints":{"allow":["GET"]}}],"collection":[{"href":"https:\/\/www.romaoggi.eu\/index.php\/wp-json\/wp\/v2\/posts"}],"about":[{"href":"https:\/\/www.romaoggi.eu\/index.php\/wp-json\/wp\/v2\/types\/post"}],"author":[{"embeddable":true,"href":"https:\/\/www.romaoggi.eu\/index.php\/wp-json\/wp\/v2\/users\/10"}],"replies":[{"embeddable":true,"href":"https:\/\/www.romaoggi.eu\/index.php\/wp-json\/wp\/v2\/comments?post=27176"}],"version-history":[{"count":7,"href":"https:\/\/www.romaoggi.eu\/index.php\/wp-json\/wp\/v2\/posts\/27176\/revisions"}],"predecessor-version":[{"id":27187,"href":"https:\/\/www.romaoggi.eu\/index.php\/wp-json\/wp\/v2\/posts\/27176\/revisions\/27187"}],"wp:featuredmedia":[{"embeddable":true,"href":"https:\/\/www.romaoggi.eu\/index.php\/wp-json\/wp\/v2\/media\/27179"}],"wp:attachment":[{"href":"https:\/\/www.romaoggi.eu\/index.php\/wp-json\/wp\/v2\/media?parent=27176"}],"wp:term":[{"taxonomy":"category","embeddable":true,"href":"https:\/\/www.romaoggi.eu\/index.php\/wp-json\/wp\/v2\/categories?post=27176"},{"taxonomy":"post_tag","embeddable":true,"href":"https:\/\/www.romaoggi.eu\/index.php\/wp-json\/wp\/v2\/tags?post=27176"}],"curies":[{"name":"wp","href":"https:\/\/api.w.org\/{rel}","templated":true}]}}