{"id":27223,"date":"2021-04-08T07:46:48","date_gmt":"2021-04-08T05:46:48","guid":{"rendered":"http:\/\/www.romaoggi.eu\/?p=27223"},"modified":"2021-04-08T08:31:41","modified_gmt":"2021-04-08T06:31:41","slug":"vacanze-romane","status":"publish","type":"post","link":"https:\/\/www.romaoggi.eu\/index.php\/2021\/04\/08\/vacanze-romane\/","title":{"rendered":"Vacanze Romane&#8230;"},"content":{"rendered":"<p align=\"JUSTIFY\"><strong><span style=\"color: #000000;\">\u201c<span style=\"font-family: Times New Roman, serif;\"><span style=\"font-size: medium;\"><b>La foto del giorno\u201d di\u00a0giovedi 8 aprile 2021 dal titolo <\/b><\/span><\/span><\/span><\/strong><strong><span style=\"color: #1d2228;\"><span style=\"font-family: Times New Roman, serif;\"><span style=\"font-size: medium;\"><b>&#8221; <\/b><\/span><\/span><\/span><\/strong><strong><span style=\"color: #050505;\"><span style=\"font-family: Times New Roman, serif;\"><span style=\"font-size: medium;\">Vacanze Romane&#8221;<\/span><\/span><\/span><\/strong><strong><span style=\"color: #000000;\"><span style=\"font-family: Times New Roman, serif;\"><span style=\"font-size: medium;\"><b>, ci \u00e8 stata inviata dal nostro lettore Massimiliano Rella, scattata al Laghetto dell&#8217;Eur. <\/b><\/span><\/span><\/span><\/strong><strong><span style=\"color: #000000;\"><span style=\"font-family: Times New Roman, serif;\"><span style=\"font-size: medium;\">Invia la tua foto del giorno al whats app 3316379346.<\/span><\/span><\/span><\/strong><\/p>\n<p align=\"JUSTIFY\"><strong><span style=\"color: #000000;\"><span style=\"font-family: Times New Roman, serif;\"><span style=\"font-size: medium;\"><b>Il commento di Pina Ianiro <\/b><\/span><\/span><\/span><\/strong><\/p>\n<p align=\"JUSTIFY\"><span style=\"font-family: Times New Roman, serif;\"><span style=\"font-size: medium;\">Noi romani manco <i>se potemo troppo lament\u00e0 de dov\u00e9 st\u00e0 a casa, <\/i>dove per \u201cstare a casa\u201d si intende non potersi spostare da Roma. Che \u00e8 vero tutto, per\u00f2 <i>ce poteva ann\u00e0 peggio! <\/i>No?<\/span><\/span><\/p>\n<p align=\"JUSTIFY\"><span style=\"font-family: Times New Roman, serif;\"><span style=\"font-size: medium;\">A vedere questa foto sembra addirittura di ripercorrere il tempo a ritroso, in un periodo lontano da qui almeno di sessanta anni. Sar\u00e0 il bianco e nero, o le quattro suore, la bicicletta, il laghetto placido che rimanda un\u2019atmosfera rilassata a tutto ci\u00f2 che vi si specchia, fatto sta che solo le mascherine tradiscono l\u2019attualit\u00e0 dello scatto e ci ricordano che il periodo non \u00e8 dei migliori. <\/span><\/span><\/p>\n<p align=\"JUSTIFY\"><span style=\"font-family: Times New Roman, serif;\"><span style=\"font-size: medium;\">Eh \u2026 no, non siamo all\u2019epoca di \u201cVacanze Romane\u201d, ma almeno possiamo ritenerci fortunati per le varie possibilit\u00e0 che ci offre Roma per evitare di soffrire pi\u00f9 di tanto questa impossibilit\u00e0 di spostarci e fare viaggi. Possiamo, invece, approfittare per fare delle belle passeggiate o dei giri in bicicletta, per scoprirla come fossimo noi i momentanei turisti della nostra citt\u00e0 svuotata dal turismo, che speriamo riprenda quanto prima.<\/span><\/span><\/p>\n<p align=\"JUSTIFY\"><span style=\"font-family: Times New Roman, serif;\"><span style=\"font-size: medium;\">Massimiliano Rella, autore della foto, ci racconta proprio questo: un piacevole momento in bicicletta al laghetto dell\u2019Eur da turista orgoglioso e grato della sua meravigliosa citt\u00e0. <\/span><\/span><\/p>\n<p><span style=\"font-size: medium;\"><strong><span style=\"font-family: Times New Roman, serif;\">Pina Ianiro \u00a9<\/span><\/strong><\/span><\/p>\n<figure id=\"attachment_27225\" aria-describedby=\"caption-attachment-27225\" style=\"width: 1280px\" class=\"wp-caption alignnone\"><img loading=\"lazy\" decoding=\"async\" class=\"size-full wp-image-27225\" src=\"https:\/\/www.romaoggi.eu\/wp-content\/uploads\/2021\/04\/Photo00149-credito-\u00a9-Massimo-Max-Rella-Laghetto-Eur-Suore-copia.jpg\" alt=\"alt tag Vacanze Romane\" width=\"1280\" height=\"960\" srcset=\"https:\/\/www.romaoggi.eu\/wp-content\/uploads\/2021\/04\/Photo00149-credito-\u00a9-Massimo-Max-Rella-Laghetto-Eur-Suore-copia.jpg 1280w, https:\/\/www.romaoggi.eu\/wp-content\/uploads\/2021\/04\/Photo00149-credito-\u00a9-Massimo-Max-Rella-Laghetto-Eur-Suore-copia-300x225.jpg 300w, https:\/\/www.romaoggi.eu\/wp-content\/uploads\/2021\/04\/Photo00149-credito-\u00a9-Massimo-Max-Rella-Laghetto-Eur-Suore-copia-1024x768.jpg 1024w, https:\/\/www.romaoggi.eu\/wp-content\/uploads\/2021\/04\/Photo00149-credito-\u00a9-Massimo-Max-Rella-Laghetto-Eur-Suore-copia-326x245.jpg 326w, https:\/\/www.romaoggi.eu\/wp-content\/uploads\/2021\/04\/Photo00149-credito-\u00a9-Massimo-Max-Rella-Laghetto-Eur-Suore-copia-80x60.jpg 80w\" sizes=\"auto, (max-width: 1280px) 100vw, 1280px\" \/><figcaption id=\"caption-attachment-27225\" class=\"wp-caption-text\">Laghetto dell&#8217;Eur \u00a9 Massimiliano Rella<\/figcaption><\/figure>\n<p align=\"JUSTIFY\"><strong><span style=\"color: #000000;\"><span style=\"font-family: Times New Roman, serif;\"><span style=\"font-size: medium;\"><b>La foto del giorno \u00e8 la rubrica di Alessandro Lisci su \u00a0 <\/b><\/span><\/span><\/span><\/strong><strong><a href=\"https:\/\/www.romaoggi.eu\/\"><span style=\"color: #000080;\"><span style=\"font-family: Times New Roman, serif;\"><span style=\"font-size: medium;\"><u><b>www.Romaoggi.eu<\/b><\/u><\/span><\/span><\/span><\/a><\/strong><strong><span style=\"color: #000000;\"><span style=\"font-family: Times New Roman, serif;\"><span style=\"font-size: medium;\">\u00a0<\/span><\/span><\/span><\/strong><strong><span style=\"color: #000000;\"><span style=\"font-family: Times New Roman, serif;\"><span style=\"font-size: medium;\"><b>.\u00a0 Invia la tua foto del giorno con un commento al whatsapp 3316379346 oppure alla seguente mail: alessandrolisci@yahoo.it.<\/b><\/span><\/span><\/span><\/strong><\/p>\n<p align=\"JUSTIFY\"><strong><span style=\"font-family: Times New Roman, serif;\"><span style=\"font-size: medium;\">Visita il sito \u00a0: <a href=\"http:\/\/www.alessandrolisci.com\/\">www.alessandrolisci.com<\/a><\/span><\/span><\/strong><\/p>\n<p><strong><span style=\"font-family: Times New Roman, serif;\"><span style=\"font-size: medium;\"><img loading=\"lazy\" decoding=\"async\" class=\"alignnone size-full wp-image-27186\" src=\"https:\/\/www.romaoggi.eu\/wp-content\/uploads\/2021\/04\/WhatsApp-Image-2021-04-04-at-19.36.07-e1617645244810.jpeg\" alt=\"alt tag Pina Ianiro\" width=\"60\" height=\"89\" \/>Pina Ianiro<\/span><\/span><\/strong><span style=\"font-family: Times New Roman, serif;\"><span style=\"font-size: medium;\">\u00a0 nasce a Caserta, <\/span><\/span><strong><span style=\"font-family: Times New Roman, serif;\"><span style=\"font-size: medium;\">laureata in Sociologia<\/span><\/span><\/strong><span style=\"font-family: Times New Roman, serif;\"><span style=\"font-size: medium;\">. <\/span><\/span><strong><span style=\"font-family: Times New Roman, serif;\"><span style=\"font-size: medium;\">Vive a Roma<\/span><\/span><\/strong><span style=\"font-family: Times New Roman, serif;\"><span style=\"font-size: medium;\"> e l<\/span><\/span><span style=\"font-family: Times New Roman, serif;\"><span style=\"font-size: medium;\"><b>avora come editor<\/b><\/span><\/span><span style=\"font-family: Times New Roman, serif;\"><span style=\"font-size: medium;\"> anche se preferisce definirsi \u201c<\/span><\/span><strong><span style=\"font-family: Times New Roman, serif;\"><span style=\"font-size: medium;\">curatrice di manoscritti<\/span><\/span><\/strong><span style=\"font-family: Times New Roman, serif;\"><span style=\"font-size: medium;\">\u201d e porta avanti la sua passione per la letteratura e l\u2019arte. <\/span><\/span><strong><span style=\"font-family: Times New Roman, serif;\"><span style=\"font-size: medium;\">Ha pubblicato i romanzi<\/span><\/span><\/strong><span style=\"font-family: Times New Roman, serif;\"><span style=\"font-size: medium;\">:<\/span><\/span><span style=\"font-family: Times New Roman, serif;\"><span style=\"font-size: medium;\"><b>\u201cIl cubo bianco\u201d<\/b><\/span><\/span><span style=\"font-family: Times New Roman, serif;\"><span style=\"font-size: medium;\"> (Giulio Perrone LAB), <\/span><\/span><span style=\"font-family: Times New Roman, serif;\"><span style=\"font-size: medium;\"><b>\u201cQuanto ci mette la neve a cadere\u201d<\/b><\/span><\/span><span style=\"font-family: Times New Roman, serif;\"><span style=\"font-size: medium;\"> (L\u2019Erudita) e una raccolta monografica di racconti e poesie \u201c<\/span><\/span><span style=\"font-family: Times New Roman, serif;\"><span style=\"font-size: medium;\"><b>Amore: maneggiare con prudenza\u201d <\/b><\/span><\/span><span style=\"font-family: Times New Roman, serif;\"><span style=\"font-size: medium;\">(L\u2019Erudita). <\/span><\/span><strong><span style=\"font-family: Times New Roman, serif;\"><span style=\"font-size: medium;\">Oltre che autrice \u00e8 ghostwriter<\/span><\/span><\/strong><span style=\"font-family: Times New Roman, serif;\"><span style=\"font-size: medium;\">. Gestisce il blog <\/span><\/span><strong><span style=\"font-family: Times New Roman, serif;\"><span style=\"font-size: medium;\"><a href=\"http:\/\/www.pinaianiro.blogspot.com\/\">http:\/\/www.pinaianiro.blogspot.com<\/a> .<\/span><\/span><\/strong><\/p>\n<p align=\"JUSTIFY\">su FB :\u00a0 <a href=\"https:\/\/www.facebook.com\/aria.giaprimavera\">https:\/\/www.facebook.com\/aria.giaprimavera<\/a><\/p>\n","protected":false},"excerpt":{"rendered":"<div class=\"mh-excerpt\"><p>\u201cLa foto del giorno\u201d di\u00a0giovedi 8 aprile 2021 dal titolo &#8221; Vacanze Romane&#8221;, ci \u00e8 stata inviata dal nostro lettore Massimiliano Rella, scattata al Laghetto dell&#8217;Eur. Invia la tua foto del giorno al whats app <a class=\"mh-excerpt-more\" href=\"https:\/\/www.romaoggi.eu\/index.php\/2021\/04\/08\/vacanze-romane\/\" title=\"Vacanze Romane&#8230;\">[&#8230;]<\/a><\/p>\n<\/div>","protected":false},"author":10,"featured_media":27225,"comment_status":"closed","ping_status":"open","sticky":false,"template":"","format":"standard","meta":{"_sitemap_exclude":false,"_sitemap_priority":"","_sitemap_frequency":"","footnotes":""},"categories":[8934],"tags":[14799,14795,14803,14792,14801,14802,14796,14804,14565,14581,14794,14791,14797,14793,14790,14798,14800,4137,274,877,7157,10420,14562,14789,14496,109,343,1738,14580,11252],"class_list":["post-27223","post","type-post","status-publish","format-standard","has-post-thumbnail","hentry","category-lafotodelgiorno","tag-ilovetravel","tag-instago","tag-instapassport","tag-instatravel","tag-instatravelling","tag-instavacation","tag-passportready","tag-romacapitale","tag-streetphoto","tag-streetphotoroma","tag-tourism","tag-travel","tag-travelblogger","tag-travelgram","tag-travelwriter","tag-wanderlust","tag-writetotravel","tag-alessandro-lisci","tag-fotografia","tag-italia","tag-italy","tag-la-foto-del-giorno","tag-laghetto-delleur","tag-max-rella","tag-pina-ianiro","tag-roma","tag-roma-capitale","tag-romaoggi-eu","tag-streetphotography","tag-vacanze-romane"],"yoast_head":"<!-- This site is optimized with the Yoast SEO plugin v27.5 - https:\/\/yoast.com\/product\/yoast-seo-wordpress\/ -->\n<title>Vacanze Romane...<\/title>\n<meta name=\"description\" content=\"\u201cLa foto del giorno\u201d di\u00a0giovedi 8 aprile 2021 dal titolo &quot; Vacanze Romane&quot;, ci \u00e8 stata inviata dal nostro lettore Massimiliano Rella, scattata al Laghetto\" \/>\n<meta name=\"robots\" content=\"index, follow, max-snippet:-1, max-image-preview:large, max-video-preview:-1\" \/>\n<link rel=\"canonical\" href=\"https:\/\/www.romaoggi.eu\/index.php\/2021\/04\/08\/vacanze-romane\/\" \/>\n<meta property=\"og:locale\" content=\"it_IT\" \/>\n<meta property=\"og:type\" content=\"article\" \/>\n<meta property=\"og:title\" content=\"Vacanze Romane...\" \/>\n<meta property=\"og:description\" content=\"\u201cLa foto del giorno\u201d di\u00a0giovedi 8 aprile 2021 dal titolo &quot; Vacanze Romane&quot;, ci \u00e8 stata inviata dal nostro lettore Massimiliano Rella, scattata al Laghetto\" \/>\n<meta property=\"og:url\" content=\"https:\/\/www.romaoggi.eu\/index.php\/2021\/04\/08\/vacanze-romane\/\" \/>\n<meta property=\"og:site_name\" content=\"roma oggi\" \/>\n<meta property=\"article:publisher\" content=\"https:\/\/www.facebook.com\/RomaOggi-841544845954114\" \/>\n<meta property=\"article:author\" content=\"https:\/\/www.facebook.com\/alessandro.lisci.5\" \/>\n<meta property=\"article:published_time\" content=\"2021-04-08T05:46:48+00:00\" \/>\n<meta property=\"article:modified_time\" content=\"2021-04-08T06:31:41+00:00\" \/>\n<meta property=\"og:image\" content=\"https:\/\/www.romaoggi.eu\/wp-content\/uploads\/2021\/04\/Photo00149-credito-\u00a9-Massimo-Max-Rella-Laghetto-Eur-Suore-copia.jpg\" \/>\n\t<meta property=\"og:image:width\" content=\"1280\" \/>\n\t<meta property=\"og:image:height\" content=\"960\" \/>\n\t<meta property=\"og:image:type\" content=\"image\/jpeg\" \/>\n<meta name=\"author\" content=\"Alessandro Lisci\" \/>\n<meta name=\"twitter:card\" content=\"summary_large_image\" \/>\n<meta name=\"twitter:creator\" content=\"@https:\/\/twitter.com\/alessandrolisci\" \/>\n<meta name=\"twitter:site\" content=\"@romaoggi_eu\" \/>\n<meta name=\"twitter:label1\" content=\"Scritto da\" \/>\n\t<meta name=\"twitter:data1\" content=\"Alessandro Lisci\" \/>\n\t<meta name=\"twitter:label2\" content=\"Tempo di lettura stimato\" \/>\n\t<meta name=\"twitter:data2\" content=\"2 minuti\" \/>\n<script type=\"application\/ld+json\" class=\"yoast-schema-graph\">{\"@context\":\"https:\\\/\\\/schema.org\",\"@graph\":[{\"@type\":\"Article\",\"@id\":\"https:\\\/\\\/www.romaoggi.eu\\\/index.php\\\/2021\\\/04\\\/08\\\/vacanze-romane\\\/#article\",\"isPartOf\":{\"@id\":\"https:\\\/\\\/www.romaoggi.eu\\\/index.php\\\/2021\\\/04\\\/08\\\/vacanze-romane\\\/\"},\"author\":{\"name\":\"Alessandro Lisci\",\"@id\":\"https:\\\/\\\/www.romaoggi.eu\\\/#\\\/schema\\\/person\\\/30ada62b3bd510c45a781b7e3bf65e69\"},\"headline\":\"Vacanze Romane&#8230;\",\"datePublished\":\"2021-04-08T05:46:48+00:00\",\"dateModified\":\"2021-04-08T06:31:41+00:00\",\"mainEntityOfPage\":{\"@id\":\"https:\\\/\\\/www.romaoggi.eu\\\/index.php\\\/2021\\\/04\\\/08\\\/vacanze-romane\\\/\"},\"wordCount\":375,\"publisher\":{\"@id\":\"https:\\\/\\\/www.romaoggi.eu\\\/#organization\"},\"image\":{\"@id\":\"https:\\\/\\\/www.romaoggi.eu\\\/index.php\\\/2021\\\/04\\\/08\\\/vacanze-romane\\\/#primaryimage\"},\"thumbnailUrl\":\"https:\\\/\\\/www.romaoggi.eu\\\/wp-content\\\/uploads\\\/2021\\\/04\\\/Photo00149-credito-\u00a9-Massimo-Max-Rella-Laghetto-Eur-Suore-copia.jpg\",\"keywords\":[\"#ilovetravel\",\"#instago\",\"#instapassport\",\"#instatravel\",\"#instatravelling\",\"#instavacation\",\"#passportready\",\"#romacapitale\",\"#streetphoto\",\"#streetphotoroma\",\"#tourism\",\"#travel\",\"#travelblogger\",\"#travelgram\",\"#travelwriter\",\"#wanderlust\",\"#writetotravel\",\"alessandro lisci\",\"fotografia\",\"italia\",\"Italy\",\"La foto del giorno\",\"Laghetto dell\u2019Eur\",\"max rella\",\"pina ianiro\",\"roma\",\"roma capitale\",\"RomaOggi.eu\",\"streetphotography\",\"vacanze romane\"],\"articleSection\":[\"La foto del giorno\"],\"inLanguage\":\"it-IT\"},{\"@type\":\"WebPage\",\"@id\":\"https:\\\/\\\/www.romaoggi.eu\\\/index.php\\\/2021\\\/04\\\/08\\\/vacanze-romane\\\/\",\"url\":\"https:\\\/\\\/www.romaoggi.eu\\\/index.php\\\/2021\\\/04\\\/08\\\/vacanze-romane\\\/\",\"name\":\"Vacanze Romane...\",\"isPartOf\":{\"@id\":\"https:\\\/\\\/www.romaoggi.eu\\\/#website\"},\"primaryImageOfPage\":{\"@id\":\"https:\\\/\\\/www.romaoggi.eu\\\/index.php\\\/2021\\\/04\\\/08\\\/vacanze-romane\\\/#primaryimage\"},\"image\":{\"@id\":\"https:\\\/\\\/www.romaoggi.eu\\\/index.php\\\/2021\\\/04\\\/08\\\/vacanze-romane\\\/#primaryimage\"},\"thumbnailUrl\":\"https:\\\/\\\/www.romaoggi.eu\\\/wp-content\\\/uploads\\\/2021\\\/04\\\/Photo00149-credito-\u00a9-Massimo-Max-Rella-Laghetto-Eur-Suore-copia.jpg\",\"datePublished\":\"2021-04-08T05:46:48+00:00\",\"dateModified\":\"2021-04-08T06:31:41+00:00\",\"description\":\"\u201cLa foto del giorno\u201d di\u00a0giovedi 8 aprile 2021 dal titolo \\\" Vacanze Romane\\\", ci \u00e8 stata inviata dal nostro lettore Massimiliano Rella, scattata al Laghetto\",\"breadcrumb\":{\"@id\":\"https:\\\/\\\/www.romaoggi.eu\\\/index.php\\\/2021\\\/04\\\/08\\\/vacanze-romane\\\/#breadcrumb\"},\"inLanguage\":\"it-IT\",\"potentialAction\":[{\"@type\":\"ReadAction\",\"target\":[\"https:\\\/\\\/www.romaoggi.eu\\\/index.php\\\/2021\\\/04\\\/08\\\/vacanze-romane\\\/\"]}]},{\"@type\":\"ImageObject\",\"inLanguage\":\"it-IT\",\"@id\":\"https:\\\/\\\/www.romaoggi.eu\\\/index.php\\\/2021\\\/04\\\/08\\\/vacanze-romane\\\/#primaryimage\",\"url\":\"https:\\\/\\\/www.romaoggi.eu\\\/wp-content\\\/uploads\\\/2021\\\/04\\\/Photo00149-credito-\u00a9-Massimo-Max-Rella-Laghetto-Eur-Suore-copia.jpg\",\"contentUrl\":\"https:\\\/\\\/www.romaoggi.eu\\\/wp-content\\\/uploads\\\/2021\\\/04\\\/Photo00149-credito-\u00a9-Massimo-Max-Rella-Laghetto-Eur-Suore-copia.jpg\",\"width\":1280,\"height\":960,\"caption\":\"Laghetto dell'Eur \u00a9 Massimiliano Rella\"},{\"@type\":\"BreadcrumbList\",\"@id\":\"https:\\\/\\\/www.romaoggi.eu\\\/index.php\\\/2021\\\/04\\\/08\\\/vacanze-romane\\\/#breadcrumb\",\"itemListElement\":[{\"@type\":\"ListItem\",\"position\":1,\"name\":\"Home\",\"item\":\"https:\\\/\\\/www.romaoggi.eu\\\/\"},{\"@type\":\"ListItem\",\"position\":2,\"name\":\"Vacanze Romane&#8230;\"}]},{\"@type\":\"WebSite\",\"@id\":\"https:\\\/\\\/www.romaoggi.eu\\\/#website\",\"url\":\"https:\\\/\\\/www.romaoggi.eu\\\/\",\"name\":\"roma oggi\",\"description\":\"Interesting News for Interesting people\",\"publisher\":{\"@id\":\"https:\\\/\\\/www.romaoggi.eu\\\/#organization\"},\"potentialAction\":[{\"@type\":\"SearchAction\",\"target\":{\"@type\":\"EntryPoint\",\"urlTemplate\":\"https:\\\/\\\/www.romaoggi.eu\\\/?s={search_term_string}\"},\"query-input\":{\"@type\":\"PropertyValueSpecification\",\"valueRequired\":true,\"valueName\":\"search_term_string\"}}],\"inLanguage\":\"it-IT\"},{\"@type\":\"Organization\",\"@id\":\"https:\\\/\\\/www.romaoggi.eu\\\/#organization\",\"name\":\"RomaOggi\",\"url\":\"https:\\\/\\\/www.romaoggi.eu\\\/\",\"logo\":{\"@type\":\"ImageObject\",\"inLanguage\":\"it-IT\",\"@id\":\"https:\\\/\\\/www.romaoggi.eu\\\/#\\\/schema\\\/logo\\\/image\\\/\",\"url\":\"https:\\\/\\\/www.romaoggi.eu\\\/wp-content\\\/uploads\\\/2017\\\/04\\\/logowp.jpg\",\"contentUrl\":\"https:\\\/\\\/www.romaoggi.eu\\\/wp-content\\\/uploads\\\/2017\\\/04\\\/logowp.jpg\",\"width\":300,\"height\":133,\"caption\":\"RomaOggi\"},\"image\":{\"@id\":\"https:\\\/\\\/www.romaoggi.eu\\\/#\\\/schema\\\/logo\\\/image\\\/\"},\"sameAs\":[\"https:\\\/\\\/www.facebook.com\\\/RomaOggi-841544845954114\",\"https:\\\/\\\/x.com\\\/romaoggi_eu\"]},{\"@type\":\"Person\",\"@id\":\"https:\\\/\\\/www.romaoggi.eu\\\/#\\\/schema\\\/person\\\/30ada62b3bd510c45a781b7e3bf65e69\",\"name\":\"Alessandro Lisci\",\"image\":{\"@type\":\"ImageObject\",\"inLanguage\":\"it-IT\",\"@id\":\"https:\\\/\\\/secure.gravatar.com\\\/avatar\\\/9b9712162b2ac404aa0d7d978185f203808e7bd02856a449b19868b2eb80cf12?s=96&d=mm&r=g\",\"url\":\"https:\\\/\\\/secure.gravatar.com\\\/avatar\\\/9b9712162b2ac404aa0d7d978185f203808e7bd02856a449b19868b2eb80cf12?s=96&d=mm&r=g\",\"contentUrl\":\"https:\\\/\\\/secure.gravatar.com\\\/avatar\\\/9b9712162b2ac404aa0d7d978185f203808e7bd02856a449b19868b2eb80cf12?s=96&d=mm&r=g\",\"caption\":\"Alessandro Lisci\"},\"sameAs\":[\"http:\\\/\\\/www.alessandrolisci.com\",\"https:\\\/\\\/www.facebook.com\\\/alessandro.lisci.5\",\"https:\\\/\\\/x.com\\\/https:\\\/\\\/twitter.com\\\/alessandrolisci\",\"https:\\\/\\\/www.youtube.com\\\/user\\\/alessandrolisci\"],\"url\":\"https:\\\/\\\/www.romaoggi.eu\\\/index.php\\\/author\\\/alessandro\\\/\"}]}<\/script>\n<!-- \/ Yoast SEO plugin. -->","yoast_head_json":{"title":"Vacanze Romane...","description":"\u201cLa foto del giorno\u201d di\u00a0giovedi 8 aprile 2021 dal titolo \" Vacanze Romane\", ci \u00e8 stata inviata dal nostro lettore Massimiliano Rella, scattata al Laghetto","robots":{"index":"index","follow":"follow","max-snippet":"max-snippet:-1","max-image-preview":"max-image-preview:large","max-video-preview":"max-video-preview:-1"},"canonical":"https:\/\/www.romaoggi.eu\/index.php\/2021\/04\/08\/vacanze-romane\/","og_locale":"it_IT","og_type":"article","og_title":"Vacanze Romane...","og_description":"\u201cLa foto del giorno\u201d di\u00a0giovedi 8 aprile 2021 dal titolo \" Vacanze Romane\", ci \u00e8 stata inviata dal nostro lettore Massimiliano Rella, scattata al Laghetto","og_url":"https:\/\/www.romaoggi.eu\/index.php\/2021\/04\/08\/vacanze-romane\/","og_site_name":"roma oggi","article_publisher":"https:\/\/www.facebook.com\/RomaOggi-841544845954114","article_author":"https:\/\/www.facebook.com\/alessandro.lisci.5","article_published_time":"2021-04-08T05:46:48+00:00","article_modified_time":"2021-04-08T06:31:41+00:00","og_image":[{"width":1280,"height":960,"url":"https:\/\/www.romaoggi.eu\/wp-content\/uploads\/2021\/04\/Photo00149-credito-\u00a9-Massimo-Max-Rella-Laghetto-Eur-Suore-copia.jpg","type":"image\/jpeg"}],"author":"Alessandro Lisci","twitter_card":"summary_large_image","twitter_creator":"@https:\/\/twitter.com\/alessandrolisci","twitter_site":"@romaoggi_eu","twitter_misc":{"Scritto da":"Alessandro Lisci","Tempo di lettura stimato":"2 minuti"},"schema":{"@context":"https:\/\/schema.org","@graph":[{"@type":"Article","@id":"https:\/\/www.romaoggi.eu\/index.php\/2021\/04\/08\/vacanze-romane\/#article","isPartOf":{"@id":"https:\/\/www.romaoggi.eu\/index.php\/2021\/04\/08\/vacanze-romane\/"},"author":{"name":"Alessandro Lisci","@id":"https:\/\/www.romaoggi.eu\/#\/schema\/person\/30ada62b3bd510c45a781b7e3bf65e69"},"headline":"Vacanze Romane&#8230;","datePublished":"2021-04-08T05:46:48+00:00","dateModified":"2021-04-08T06:31:41+00:00","mainEntityOfPage":{"@id":"https:\/\/www.romaoggi.eu\/index.php\/2021\/04\/08\/vacanze-romane\/"},"wordCount":375,"publisher":{"@id":"https:\/\/www.romaoggi.eu\/#organization"},"image":{"@id":"https:\/\/www.romaoggi.eu\/index.php\/2021\/04\/08\/vacanze-romane\/#primaryimage"},"thumbnailUrl":"https:\/\/www.romaoggi.eu\/wp-content\/uploads\/2021\/04\/Photo00149-credito-\u00a9-Massimo-Max-Rella-Laghetto-Eur-Suore-copia.jpg","keywords":["#ilovetravel","#instago","#instapassport","#instatravel","#instatravelling","#instavacation","#passportready","#romacapitale","#streetphoto","#streetphotoroma","#tourism","#travel","#travelblogger","#travelgram","#travelwriter","#wanderlust","#writetotravel","alessandro lisci","fotografia","italia","Italy","La foto del giorno","Laghetto dell\u2019Eur","max rella","pina ianiro","roma","roma capitale","RomaOggi.eu","streetphotography","vacanze romane"],"articleSection":["La foto del giorno"],"inLanguage":"it-IT"},{"@type":"WebPage","@id":"https:\/\/www.romaoggi.eu\/index.php\/2021\/04\/08\/vacanze-romane\/","url":"https:\/\/www.romaoggi.eu\/index.php\/2021\/04\/08\/vacanze-romane\/","name":"Vacanze Romane...","isPartOf":{"@id":"https:\/\/www.romaoggi.eu\/#website"},"primaryImageOfPage":{"@id":"https:\/\/www.romaoggi.eu\/index.php\/2021\/04\/08\/vacanze-romane\/#primaryimage"},"image":{"@id":"https:\/\/www.romaoggi.eu\/index.php\/2021\/04\/08\/vacanze-romane\/#primaryimage"},"thumbnailUrl":"https:\/\/www.romaoggi.eu\/wp-content\/uploads\/2021\/04\/Photo00149-credito-\u00a9-Massimo-Max-Rella-Laghetto-Eur-Suore-copia.jpg","datePublished":"2021-04-08T05:46:48+00:00","dateModified":"2021-04-08T06:31:41+00:00","description":"\u201cLa foto del giorno\u201d di\u00a0giovedi 8 aprile 2021 dal titolo \" Vacanze Romane\", ci \u00e8 stata inviata dal nostro lettore Massimiliano Rella, scattata al Laghetto","breadcrumb":{"@id":"https:\/\/www.romaoggi.eu\/index.php\/2021\/04\/08\/vacanze-romane\/#breadcrumb"},"inLanguage":"it-IT","potentialAction":[{"@type":"ReadAction","target":["https:\/\/www.romaoggi.eu\/index.php\/2021\/04\/08\/vacanze-romane\/"]}]},{"@type":"ImageObject","inLanguage":"it-IT","@id":"https:\/\/www.romaoggi.eu\/index.php\/2021\/04\/08\/vacanze-romane\/#primaryimage","url":"https:\/\/www.romaoggi.eu\/wp-content\/uploads\/2021\/04\/Photo00149-credito-\u00a9-Massimo-Max-Rella-Laghetto-Eur-Suore-copia.jpg","contentUrl":"https:\/\/www.romaoggi.eu\/wp-content\/uploads\/2021\/04\/Photo00149-credito-\u00a9-Massimo-Max-Rella-Laghetto-Eur-Suore-copia.jpg","width":1280,"height":960,"caption":"Laghetto dell'Eur \u00a9 Massimiliano Rella"},{"@type":"BreadcrumbList","@id":"https:\/\/www.romaoggi.eu\/index.php\/2021\/04\/08\/vacanze-romane\/#breadcrumb","itemListElement":[{"@type":"ListItem","position":1,"name":"Home","item":"https:\/\/www.romaoggi.eu\/"},{"@type":"ListItem","position":2,"name":"Vacanze Romane&#8230;"}]},{"@type":"WebSite","@id":"https:\/\/www.romaoggi.eu\/#website","url":"https:\/\/www.romaoggi.eu\/","name":"roma oggi","description":"Interesting News for Interesting people","publisher":{"@id":"https:\/\/www.romaoggi.eu\/#organization"},"potentialAction":[{"@type":"SearchAction","target":{"@type":"EntryPoint","urlTemplate":"https:\/\/www.romaoggi.eu\/?s={search_term_string}"},"query-input":{"@type":"PropertyValueSpecification","valueRequired":true,"valueName":"search_term_string"}}],"inLanguage":"it-IT"},{"@type":"Organization","@id":"https:\/\/www.romaoggi.eu\/#organization","name":"RomaOggi","url":"https:\/\/www.romaoggi.eu\/","logo":{"@type":"ImageObject","inLanguage":"it-IT","@id":"https:\/\/www.romaoggi.eu\/#\/schema\/logo\/image\/","url":"https:\/\/www.romaoggi.eu\/wp-content\/uploads\/2017\/04\/logowp.jpg","contentUrl":"https:\/\/www.romaoggi.eu\/wp-content\/uploads\/2017\/04\/logowp.jpg","width":300,"height":133,"caption":"RomaOggi"},"image":{"@id":"https:\/\/www.romaoggi.eu\/#\/schema\/logo\/image\/"},"sameAs":["https:\/\/www.facebook.com\/RomaOggi-841544845954114","https:\/\/x.com\/romaoggi_eu"]},{"@type":"Person","@id":"https:\/\/www.romaoggi.eu\/#\/schema\/person\/30ada62b3bd510c45a781b7e3bf65e69","name":"Alessandro Lisci","image":{"@type":"ImageObject","inLanguage":"it-IT","@id":"https:\/\/secure.gravatar.com\/avatar\/9b9712162b2ac404aa0d7d978185f203808e7bd02856a449b19868b2eb80cf12?s=96&d=mm&r=g","url":"https:\/\/secure.gravatar.com\/avatar\/9b9712162b2ac404aa0d7d978185f203808e7bd02856a449b19868b2eb80cf12?s=96&d=mm&r=g","contentUrl":"https:\/\/secure.gravatar.com\/avatar\/9b9712162b2ac404aa0d7d978185f203808e7bd02856a449b19868b2eb80cf12?s=96&d=mm&r=g","caption":"Alessandro Lisci"},"sameAs":["http:\/\/www.alessandrolisci.com","https:\/\/www.facebook.com\/alessandro.lisci.5","https:\/\/x.com\/https:\/\/twitter.com\/alessandrolisci","https:\/\/www.youtube.com\/user\/alessandrolisci"],"url":"https:\/\/www.romaoggi.eu\/index.php\/author\/alessandro\/"}]}},"_links":{"self":[{"href":"https:\/\/www.romaoggi.eu\/index.php\/wp-json\/wp\/v2\/posts\/27223","targetHints":{"allow":["GET"]}}],"collection":[{"href":"https:\/\/www.romaoggi.eu\/index.php\/wp-json\/wp\/v2\/posts"}],"about":[{"href":"https:\/\/www.romaoggi.eu\/index.php\/wp-json\/wp\/v2\/types\/post"}],"author":[{"embeddable":true,"href":"https:\/\/www.romaoggi.eu\/index.php\/wp-json\/wp\/v2\/users\/10"}],"replies":[{"embeddable":true,"href":"https:\/\/www.romaoggi.eu\/index.php\/wp-json\/wp\/v2\/comments?post=27223"}],"version-history":[{"count":6,"href":"https:\/\/www.romaoggi.eu\/index.php\/wp-json\/wp\/v2\/posts\/27223\/revisions"}],"predecessor-version":[{"id":27249,"href":"https:\/\/www.romaoggi.eu\/index.php\/wp-json\/wp\/v2\/posts\/27223\/revisions\/27249"}],"wp:featuredmedia":[{"embeddable":true,"href":"https:\/\/www.romaoggi.eu\/index.php\/wp-json\/wp\/v2\/media\/27225"}],"wp:attachment":[{"href":"https:\/\/www.romaoggi.eu\/index.php\/wp-json\/wp\/v2\/media?parent=27223"}],"wp:term":[{"taxonomy":"category","embeddable":true,"href":"https:\/\/www.romaoggi.eu\/index.php\/wp-json\/wp\/v2\/categories?post=27223"},{"taxonomy":"post_tag","embeddable":true,"href":"https:\/\/www.romaoggi.eu\/index.php\/wp-json\/wp\/v2\/tags?post=27223"}],"curies":[{"name":"wp","href":"https:\/\/api.w.org\/{rel}","templated":true}]}}