{"id":27266,"date":"2021-04-10T08:03:33","date_gmt":"2021-04-10T06:03:33","guid":{"rendered":"http:\/\/www.romaoggi.eu\/?p=27266"},"modified":"2021-04-10T20:53:45","modified_gmt":"2021-04-10T18:53:45","slug":"percorsi-di-vita","status":"publish","type":"post","link":"https:\/\/www.romaoggi.eu\/index.php\/2021\/04\/10\/percorsi-di-vita\/","title":{"rendered":"Percorsi di vita&#8230;."},"content":{"rendered":"<p align=\"JUSTIFY\"><strong><span style=\"color: #000000;\">\u201c<span style=\"font-family: Times New Roman, serif;\"><span style=\"font-size: medium;\"><b>La foto del giorno\u201d di\u00a0sabato 10 Aprile 2021 dal titolo <\/b><\/span><\/span><\/span><\/strong><strong><span style=\"color: #1d2228;\"><span style=\"font-family: YahooSans, Helvetica Neue, Segoe UI, Helvetica, Arial, Lucida Grande, sans-serif;\"><span style=\"font-size: medium;\"><b>&#8220;Percorsi di vita&#8221;<\/b><\/span><\/span><\/span><\/strong><strong><span style=\"color: #000000;\"><span style=\"font-family: Times New Roman, serif;\"><span style=\"font-size: medium;\"><b>, ci \u00e8 stata inviata da Daniela Fiordaliso, \u00a0da Ferrara . <\/b><\/span><\/span><\/span><\/strong><span style=\"color: #000000;\"><span style=\"font-family: Times New Roman, serif;\"><span style=\"font-size: medium;\">Invia la tua foto del giorno al whats app 3316379346.<\/span><\/span><\/span><\/p>\n<p align=\"JUSTIFY\"><strong><span style=\"color: #000000;\"><span style=\"font-family: Times New Roman, serif;\"><span style=\"font-size: medium;\"><b>Il commento di Pina Ianiro<\/b><\/span><\/span><\/span><\/strong><\/p>\n<div class=\"t pg-1m0 pg-1x1 pg-1h2 pg-1y1 pg-1ff1 pg-1fs0 pg-1fc0 pg-1sc0 pg-1ls0 pg-1ws0\">\n<p>Un tratto di linea curva intaglia il suolo dello scenario, con sconfortante aspetto di broncio.<span class=\"Apple-converted-space\">\u00a0<\/span><\/p>\n<p>Definisce per contrasto, imprimendo il suo essere bianco all\u2019attenzione.<span class=\"Apple-converted-space\">\u00a0<\/span><\/p>\n<p>C\u2019\u00e8 intorno un prato, e alberi che diventano sempre pi\u00f9 fitti verso lo sfondo, ci sono delle ombre impresse sul suolo, eppure diventa tutto secondario; si impone con prepotenza quel taglio chiaro a parlare di s\u00e9, vociante nel suo essere muto.<span class=\"Apple-converted-space\">\u00a0<\/span><\/p>\n<p>Provare a ignorarlo \u00e8 peggio, diventa calamita.<span class=\"Apple-converted-space\">\u00a0<\/span><\/p>\n<p>Assomiglia ai quei percorsi di vita (titolo che Daniela Fiordaliso ha scelto per lo scatto) che portano a girare in tondo, quelli che risucchiano in una spirale sconclusionata che allontana da se stessi, dai propri reali intenti e bisogni, dai desideri e dal vero sentire. Per uno strano fenomeno, tende a accadere proprio quando la strada inizia a farsi leggera, piacevole, sorridente, rinverdisce, promette nuovi stimolanti scenari e orizzonti ampi \u2026 \u00e8 allora che, come un sortilegio, qualcosa ci fa scivolare indietro e torniamo a inanellarci in situazioni gi\u00e0 vissute, come se la mente avesse resettato il motivo per cui ce ne eravamo liberati e tratti in salvo.<span class=\"Apple-converted-space\">\u00a0<\/span><\/p>\n<p>Che strani siamo! Restii al nuovo e sospettosi della serenit\u00e0. Forse crediamo di non meritarla o siamo solo dei gran fifoni?<span class=\"Apple-converted-space\">\u00a0<\/span><\/p>\n<p>Chi lo sa? Intanto torniamo sulla strada che curva verso il basso e dunque non \u00e8 pi\u00f9 sorriso; torniamo al gi\u00e0 vissuto come a una coperta di Linus e crediamo perfino possa funzionare! Finch\u00e9 inizia a tirare di nuovo e ricominciamo a girare. Solita giostra: ci sentiamo stretti e ricordiamo perch\u00e9 avevamo tentato la fuga, invertito la rotta, cambiato strada.<span class=\"Apple-converted-space\">\u00a0<\/span><\/p>\n<p>Daniela Fiordaliso, con questa foto scattata a Ferrara, ci parla dei percorsi di vita e di tutte le volte che ci traiamo in inganno da soli forse solo per paura di seguire i sogni, paura di volare, di tentare di rompere gli schemi per essere felici. Bloccati nel seguire il nostro vero sentire. Tendiamo al preconfezionato, al gi\u00e0 visto e provato. Riflettiamo troppo sulle opportunit\u00e0, sul domani, sui progetti, misuriamo, valutiamo \u2026 Pensiamo alla vita come un compito da svolgere: carta, matita, gomma, squadre e righe di precisione, compasso, calcolatrice. Saliamo in sella a una bicicletta armati come soldati alla guerra. Perfino i sentimenti siamo capaci di viverli in confusione per il mito di una perfezione che non esiste, che poi che cosa squallida cercare la perfezione in certe cose, spoetizza, depaupera, depriva di sapore. Bisognerebbe imparare a lasciarsi andare alle sensazioni, a volte non sbagliano, spesso sanno consigliarci la cosa giusta, la strada che ci porta via oltre quelle gi\u00e0 percorse che si attorcigliano come spirali fino a toglierci l\u2019aria.<span class=\"Apple-converted-space\">\u00a0<\/span><\/p>\n<\/div>\n<p><span style=\"font-size: medium;\"><strong><span style=\"font-family: Times New Roman, serif;\">Pina Ianiro \u00a9<\/span><\/strong><\/span><\/p>\n<p><img loading=\"lazy\" decoding=\"async\" class=\"alignnone size-full wp-image-27267\" src=\"https:\/\/www.romaoggi.eu\/wp-content\/uploads\/2021\/04\/curva-scaled.jpg\" alt=\"alt tag Daniela Fiordaliso\" width=\"2560\" height=\"1700\" srcset=\"https:\/\/www.romaoggi.eu\/wp-content\/uploads\/2021\/04\/curva-scaled.jpg 2560w, https:\/\/www.romaoggi.eu\/wp-content\/uploads\/2021\/04\/curva-300x199.jpg 300w, https:\/\/www.romaoggi.eu\/wp-content\/uploads\/2021\/04\/curva-1024x680.jpg 1024w, https:\/\/www.romaoggi.eu\/wp-content\/uploads\/2021\/04\/curva-1536x1020.jpg 1536w, https:\/\/www.romaoggi.eu\/wp-content\/uploads\/2021\/04\/curva-2048x1360.jpg 2048w\" sizes=\"auto, (max-width: 2560px) 100vw, 2560px\" \/><\/p>\n<p align=\"JUSTIFY\"><strong><span style=\"color: #000000;\"><span style=\"font-family: Times New Roman, serif;\"><span style=\"font-size: medium;\"><b>La foto del giorno \u00e8 la rubrica di Alessandro Lisci su \u00a0 <\/b><\/span><\/span><\/span><\/strong><strong><a href=\"https:\/\/www.romaoggi.eu\/\"><span style=\"color: #000080;\"><span style=\"font-family: Times New Roman, serif;\"><span style=\"font-size: medium;\"><u><b>www.Romaoggi.eu<\/b><\/u><\/span><\/span><\/span><\/a><\/strong><strong><span style=\"color: #000000;\"><span style=\"font-size: medium;\">\u00a0<\/span><\/span><\/strong><strong><span style=\"color: #000000;\"><span style=\"font-family: Times New Roman, serif;\"><span style=\"font-size: medium;\"><b>.\u00a0 Invia la tua foto del giorno con un commento al whatsapp 3316379346 oppure alla seguente mail: alessandrolisci@yahoo.it.<\/b><\/span><\/span><\/span><\/strong><\/p>\n<p align=\"JUSTIFY\"><strong><span style=\"font-size: medium;\">Visita il sito \u00a0: <a href=\"http:\/\/www.alessandrolisci.com\/\">www.alessandrolisci.com<\/a><\/span><\/strong><\/p>\n<p style=\"text-align: left;\"><strong><span style=\"font-family: Times New Roman, serif;\"><span style=\"font-size: medium;\"><img loading=\"lazy\" decoding=\"async\" class=\"alignnone size-full wp-image-27186\" src=\"https:\/\/www.romaoggi.eu\/wp-content\/uploads\/2021\/04\/WhatsApp-Image-2021-04-04-at-19.36.07-e1617645244810.jpeg\" alt=\"alt tag Pina Ianiro\" width=\"60\" height=\"89\" \/>Pina Ianiro<\/span><\/span><\/strong><span style=\"font-size: medium;\">\u00a0 <\/span><span style=\"font-family: Times New Roman, serif;\"><span style=\"font-size: medium;\">nasce a Caserta, <\/span><\/span><strong><span style=\"font-family: Times New Roman, serif;\"><span style=\"font-size: medium;\">laureata in Sociologia<\/span><\/span><\/strong><span style=\"font-family: Times New Roman, serif;\"><span style=\"font-size: medium;\">. <\/span><\/span><strong><span style=\"font-family: Times New Roman, serif;\"><span style=\"font-size: medium;\">Vive a Roma<\/span><\/span><\/strong> <span style=\"font-family: Times New Roman, serif;\"><span style=\"font-size: medium;\">e l<\/span><\/span><span style=\"font-family: Times New Roman, serif;\"><span style=\"font-size: medium;\"><b>avora come editor<\/b><\/span><\/span><span style=\"font-family: Times New Roman, serif;\"><span style=\"font-size: medium;\"> anche se preferisce definirsi \u201c<\/span><\/span><strong><span style=\"font-family: Times New Roman, serif;\"><span style=\"font-size: medium;\">curatrice di manoscritti<\/span><\/span><\/strong><span style=\"font-size: medium;\">\u201d <\/span><span style=\"font-family: Times New Roman, serif;\"><span style=\"font-size: medium;\">e porta avanti la sua passione per la letteratura e l\u2019arte. <\/span><\/span><strong><span style=\"font-family: Times New Roman, serif;\"><span style=\"font-size: medium;\">Ha pubblicato i romanzi<\/span><\/span><\/strong><span style=\"font-family: Times New Roman, serif;\"><span style=\"font-size: medium;\">:<\/span><\/span><span style=\"font-family: Times New Roman, serif;\"><span style=\"font-size: medium;\"><b>\u201cIl cubo bianco\u201d<\/b><\/span><\/span><span style=\"font-family: Times New Roman, serif;\"><span style=\"font-size: medium;\"> (Giulio Perrone LAB), <\/span><\/span><span style=\"font-family: Times New Roman, serif;\"><span style=\"font-size: medium;\"><b>\u201cQuanto ci mette la neve a cadere\u201d<\/b><\/span><\/span><span style=\"font-family: Times New Roman, serif;\"><span style=\"font-size: medium;\"> (L\u2019Erudita) e una raccolta monografica di racconti e poesie \u201c<\/span><\/span><span style=\"font-family: Times New Roman, serif;\"><span style=\"font-size: medium;\"><b>Amore: maneggiare con prudenza\u201d <\/b><\/span><\/span><span style=\"font-family: Times New Roman, serif;\"><span style=\"font-size: medium;\">(L\u2019Erudita). <\/span><\/span><strong><span style=\"font-family: Times New Roman, serif;\"><span style=\"font-size: medium;\">Oltre che autrice \u00e8 ghostwriter<\/span><\/span><\/strong><span style=\"font-family: Times New Roman, serif;\"><span style=\"font-size: medium;\">. Gestisce il blog <\/span><\/span><strong><span style=\"font-family: Times New Roman, serif;\"><span style=\"font-size: medium;\"><a href=\"http:\/\/www.pinaianiro.blogspot.com\/\">http:\/\/www.pinaianiro.blogspot.com<\/a> .<\/span><\/span><\/strong><\/p>\n<p><strong><span style=\"font-family: Times New Roman, serif;\"><span style=\"font-size: medium;\">su FB :\u00a0 <a href=\"https:\/\/www.facebook.com\/aria.giaprimavera\">https:\/\/www.facebook.com\/aria.giaprimavera<\/a><\/span><\/span><\/strong><\/p>\n","protected":false},"excerpt":{"rendered":"<div class=\"mh-excerpt\"><p>\u201cLa foto del giorno\u201d di\u00a0sabato 10 Aprile 2021 dal titolo &#8220;Percorsi di vita&#8221;, ci \u00e8 stata inviata da Daniela Fiordaliso, \u00a0da Ferrara . Invia la tua foto del giorno al whats app 3316379346. Il commento <a class=\"mh-excerpt-more\" href=\"https:\/\/www.romaoggi.eu\/index.php\/2021\/04\/10\/percorsi-di-vita\/\" title=\"Percorsi di vita&#8230;.\">[&#8230;]<\/a><\/p>\n<\/div>","protected":false},"author":10,"featured_media":27267,"comment_status":"closed","ping_status":"open","sticky":false,"template":"","format":"standard","meta":{"_sitemap_exclude":false,"_sitemap_priority":"","_sitemap_frequency":"","footnotes":""},"categories":[8934],"tags":[14565,14823,14654,2598,10420,14824,14496,1738],"class_list":["post-27266","post","type-post","status-publish","format-standard","has-post-thumbnail","hentry","category-lafotodelgiorno","tag-streetphoto","tag-streetphotoferrara","tag-daniela-fiordaliso","tag-ferrara","tag-la-foto-del-giorno","tag-percorsi-di-vita","tag-pina-ianiro","tag-romaoggi-eu"],"yoast_head":"<!-- This site is optimized with the Yoast SEO plugin v27.5 - https:\/\/yoast.com\/product\/yoast-seo-wordpress\/ -->\n<title>Percorsi di vita....<\/title>\n<meta name=\"description\" content=\"\u201cLa foto del giorno\u201d di\u00a0sabato 10 Aprile 2021 dal titolo &quot;Percorsi di vita&quot;, ci \u00e8 stata inviata da Daniela Fiordaliso, \u00a0da Ferrara . Invia la tua foto del\" \/>\n<meta name=\"robots\" content=\"index, follow, max-snippet:-1, max-image-preview:large, max-video-preview:-1\" \/>\n<link rel=\"canonical\" href=\"https:\/\/www.romaoggi.eu\/index.php\/2021\/04\/10\/percorsi-di-vita\/\" \/>\n<meta property=\"og:locale\" content=\"it_IT\" \/>\n<meta property=\"og:type\" content=\"article\" \/>\n<meta property=\"og:title\" content=\"Percorsi di vita....\" \/>\n<meta property=\"og:description\" content=\"\u201cLa foto del giorno\u201d di\u00a0sabato 10 Aprile 2021 dal titolo &quot;Percorsi di vita&quot;, ci \u00e8 stata inviata da Daniela Fiordaliso, \u00a0da Ferrara . Invia la tua foto del\" \/>\n<meta property=\"og:url\" content=\"https:\/\/www.romaoggi.eu\/index.php\/2021\/04\/10\/percorsi-di-vita\/\" \/>\n<meta property=\"og:site_name\" content=\"roma oggi\" \/>\n<meta property=\"article:publisher\" content=\"https:\/\/www.facebook.com\/RomaOggi-841544845954114\" \/>\n<meta property=\"article:author\" content=\"https:\/\/www.facebook.com\/alessandro.lisci.5\" \/>\n<meta property=\"article:published_time\" content=\"2021-04-10T06:03:33+00:00\" \/>\n<meta property=\"article:modified_time\" content=\"2021-04-10T18:53:45+00:00\" \/>\n<meta property=\"og:image\" content=\"https:\/\/www.romaoggi.eu\/wp-content\/uploads\/2021\/04\/curva-scaled.jpg\" \/>\n\t<meta property=\"og:image:width\" content=\"2560\" \/>\n\t<meta property=\"og:image:height\" content=\"1700\" \/>\n\t<meta property=\"og:image:type\" content=\"image\/jpeg\" \/>\n<meta name=\"author\" content=\"Alessandro Lisci\" \/>\n<meta name=\"twitter:card\" content=\"summary_large_image\" \/>\n<meta name=\"twitter:creator\" content=\"@https:\/\/twitter.com\/alessandrolisci\" \/>\n<meta name=\"twitter:site\" content=\"@romaoggi_eu\" \/>\n<meta name=\"twitter:label1\" content=\"Scritto da\" \/>\n\t<meta name=\"twitter:data1\" content=\"Alessandro Lisci\" \/>\n\t<meta name=\"twitter:label2\" content=\"Tempo di lettura stimato\" \/>\n\t<meta name=\"twitter:data2\" content=\"3 minuti\" \/>\n<script type=\"application\/ld+json\" class=\"yoast-schema-graph\">{\"@context\":\"https:\\\/\\\/schema.org\",\"@graph\":[{\"@type\":\"Article\",\"@id\":\"https:\\\/\\\/www.romaoggi.eu\\\/index.php\\\/2021\\\/04\\\/10\\\/percorsi-di-vita\\\/#article\",\"isPartOf\":{\"@id\":\"https:\\\/\\\/www.romaoggi.eu\\\/index.php\\\/2021\\\/04\\\/10\\\/percorsi-di-vita\\\/\"},\"author\":{\"name\":\"Alessandro Lisci\",\"@id\":\"https:\\\/\\\/www.romaoggi.eu\\\/#\\\/schema\\\/person\\\/30ada62b3bd510c45a781b7e3bf65e69\"},\"headline\":\"Percorsi di vita&#8230;.\",\"datePublished\":\"2021-04-10T06:03:33+00:00\",\"dateModified\":\"2021-04-10T18:53:45+00:00\",\"mainEntityOfPage\":{\"@id\":\"https:\\\/\\\/www.romaoggi.eu\\\/index.php\\\/2021\\\/04\\\/10\\\/percorsi-di-vita\\\/\"},\"wordCount\":593,\"publisher\":{\"@id\":\"https:\\\/\\\/www.romaoggi.eu\\\/#organization\"},\"image\":{\"@id\":\"https:\\\/\\\/www.romaoggi.eu\\\/index.php\\\/2021\\\/04\\\/10\\\/percorsi-di-vita\\\/#primaryimage\"},\"thumbnailUrl\":\"https:\\\/\\\/www.romaoggi.eu\\\/wp-content\\\/uploads\\\/2021\\\/04\\\/curva-scaled.jpg\",\"keywords\":[\"#streetphoto\",\"#streetphotoferrara\",\"daniela fiordaliso\",\"Ferrara\",\"La foto del giorno\",\"percorsi di vita\",\"pina ianiro\",\"RomaOggi.eu\"],\"articleSection\":[\"La foto del giorno\"],\"inLanguage\":\"it-IT\"},{\"@type\":\"WebPage\",\"@id\":\"https:\\\/\\\/www.romaoggi.eu\\\/index.php\\\/2021\\\/04\\\/10\\\/percorsi-di-vita\\\/\",\"url\":\"https:\\\/\\\/www.romaoggi.eu\\\/index.php\\\/2021\\\/04\\\/10\\\/percorsi-di-vita\\\/\",\"name\":\"Percorsi di vita....\",\"isPartOf\":{\"@id\":\"https:\\\/\\\/www.romaoggi.eu\\\/#website\"},\"primaryImageOfPage\":{\"@id\":\"https:\\\/\\\/www.romaoggi.eu\\\/index.php\\\/2021\\\/04\\\/10\\\/percorsi-di-vita\\\/#primaryimage\"},\"image\":{\"@id\":\"https:\\\/\\\/www.romaoggi.eu\\\/index.php\\\/2021\\\/04\\\/10\\\/percorsi-di-vita\\\/#primaryimage\"},\"thumbnailUrl\":\"https:\\\/\\\/www.romaoggi.eu\\\/wp-content\\\/uploads\\\/2021\\\/04\\\/curva-scaled.jpg\",\"datePublished\":\"2021-04-10T06:03:33+00:00\",\"dateModified\":\"2021-04-10T18:53:45+00:00\",\"description\":\"\u201cLa foto del giorno\u201d di\u00a0sabato 10 Aprile 2021 dal titolo \\\"Percorsi di vita\\\", ci \u00e8 stata inviata da Daniela Fiordaliso, \u00a0da Ferrara . Invia la tua foto del\",\"breadcrumb\":{\"@id\":\"https:\\\/\\\/www.romaoggi.eu\\\/index.php\\\/2021\\\/04\\\/10\\\/percorsi-di-vita\\\/#breadcrumb\"},\"inLanguage\":\"it-IT\",\"potentialAction\":[{\"@type\":\"ReadAction\",\"target\":[\"https:\\\/\\\/www.romaoggi.eu\\\/index.php\\\/2021\\\/04\\\/10\\\/percorsi-di-vita\\\/\"]}]},{\"@type\":\"ImageObject\",\"inLanguage\":\"it-IT\",\"@id\":\"https:\\\/\\\/www.romaoggi.eu\\\/index.php\\\/2021\\\/04\\\/10\\\/percorsi-di-vita\\\/#primaryimage\",\"url\":\"https:\\\/\\\/www.romaoggi.eu\\\/wp-content\\\/uploads\\\/2021\\\/04\\\/curva-scaled.jpg\",\"contentUrl\":\"https:\\\/\\\/www.romaoggi.eu\\\/wp-content\\\/uploads\\\/2021\\\/04\\\/curva-scaled.jpg\",\"width\":2560,\"height\":1700,\"caption\":\"alt tag Daniela Fiordaliso\"},{\"@type\":\"BreadcrumbList\",\"@id\":\"https:\\\/\\\/www.romaoggi.eu\\\/index.php\\\/2021\\\/04\\\/10\\\/percorsi-di-vita\\\/#breadcrumb\",\"itemListElement\":[{\"@type\":\"ListItem\",\"position\":1,\"name\":\"Home\",\"item\":\"https:\\\/\\\/www.romaoggi.eu\\\/\"},{\"@type\":\"ListItem\",\"position\":2,\"name\":\"Percorsi di vita&#8230;.\"}]},{\"@type\":\"WebSite\",\"@id\":\"https:\\\/\\\/www.romaoggi.eu\\\/#website\",\"url\":\"https:\\\/\\\/www.romaoggi.eu\\\/\",\"name\":\"roma oggi\",\"description\":\"Interesting News for Interesting people\",\"publisher\":{\"@id\":\"https:\\\/\\\/www.romaoggi.eu\\\/#organization\"},\"potentialAction\":[{\"@type\":\"SearchAction\",\"target\":{\"@type\":\"EntryPoint\",\"urlTemplate\":\"https:\\\/\\\/www.romaoggi.eu\\\/?s={search_term_string}\"},\"query-input\":{\"@type\":\"PropertyValueSpecification\",\"valueRequired\":true,\"valueName\":\"search_term_string\"}}],\"inLanguage\":\"it-IT\"},{\"@type\":\"Organization\",\"@id\":\"https:\\\/\\\/www.romaoggi.eu\\\/#organization\",\"name\":\"RomaOggi\",\"url\":\"https:\\\/\\\/www.romaoggi.eu\\\/\",\"logo\":{\"@type\":\"ImageObject\",\"inLanguage\":\"it-IT\",\"@id\":\"https:\\\/\\\/www.romaoggi.eu\\\/#\\\/schema\\\/logo\\\/image\\\/\",\"url\":\"https:\\\/\\\/www.romaoggi.eu\\\/wp-content\\\/uploads\\\/2017\\\/04\\\/logowp.jpg\",\"contentUrl\":\"https:\\\/\\\/www.romaoggi.eu\\\/wp-content\\\/uploads\\\/2017\\\/04\\\/logowp.jpg\",\"width\":300,\"height\":133,\"caption\":\"RomaOggi\"},\"image\":{\"@id\":\"https:\\\/\\\/www.romaoggi.eu\\\/#\\\/schema\\\/logo\\\/image\\\/\"},\"sameAs\":[\"https:\\\/\\\/www.facebook.com\\\/RomaOggi-841544845954114\",\"https:\\\/\\\/x.com\\\/romaoggi_eu\"]},{\"@type\":\"Person\",\"@id\":\"https:\\\/\\\/www.romaoggi.eu\\\/#\\\/schema\\\/person\\\/30ada62b3bd510c45a781b7e3bf65e69\",\"name\":\"Alessandro Lisci\",\"image\":{\"@type\":\"ImageObject\",\"inLanguage\":\"it-IT\",\"@id\":\"https:\\\/\\\/secure.gravatar.com\\\/avatar\\\/9b9712162b2ac404aa0d7d978185f203808e7bd02856a449b19868b2eb80cf12?s=96&d=mm&r=g\",\"url\":\"https:\\\/\\\/secure.gravatar.com\\\/avatar\\\/9b9712162b2ac404aa0d7d978185f203808e7bd02856a449b19868b2eb80cf12?s=96&d=mm&r=g\",\"contentUrl\":\"https:\\\/\\\/secure.gravatar.com\\\/avatar\\\/9b9712162b2ac404aa0d7d978185f203808e7bd02856a449b19868b2eb80cf12?s=96&d=mm&r=g\",\"caption\":\"Alessandro Lisci\"},\"sameAs\":[\"http:\\\/\\\/www.alessandrolisci.com\",\"https:\\\/\\\/www.facebook.com\\\/alessandro.lisci.5\",\"https:\\\/\\\/x.com\\\/https:\\\/\\\/twitter.com\\\/alessandrolisci\",\"https:\\\/\\\/www.youtube.com\\\/user\\\/alessandrolisci\"],\"url\":\"https:\\\/\\\/www.romaoggi.eu\\\/index.php\\\/author\\\/alessandro\\\/\"}]}<\/script>\n<!-- \/ Yoast SEO plugin. -->","yoast_head_json":{"title":"Percorsi di vita....","description":"\u201cLa foto del giorno\u201d di\u00a0sabato 10 Aprile 2021 dal titolo \"Percorsi di vita\", ci \u00e8 stata inviata da Daniela Fiordaliso, \u00a0da Ferrara . Invia la tua foto del","robots":{"index":"index","follow":"follow","max-snippet":"max-snippet:-1","max-image-preview":"max-image-preview:large","max-video-preview":"max-video-preview:-1"},"canonical":"https:\/\/www.romaoggi.eu\/index.php\/2021\/04\/10\/percorsi-di-vita\/","og_locale":"it_IT","og_type":"article","og_title":"Percorsi di vita....","og_description":"\u201cLa foto del giorno\u201d di\u00a0sabato 10 Aprile 2021 dal titolo \"Percorsi di vita\", ci \u00e8 stata inviata da Daniela Fiordaliso, \u00a0da Ferrara . Invia la tua foto del","og_url":"https:\/\/www.romaoggi.eu\/index.php\/2021\/04\/10\/percorsi-di-vita\/","og_site_name":"roma oggi","article_publisher":"https:\/\/www.facebook.com\/RomaOggi-841544845954114","article_author":"https:\/\/www.facebook.com\/alessandro.lisci.5","article_published_time":"2021-04-10T06:03:33+00:00","article_modified_time":"2021-04-10T18:53:45+00:00","og_image":[{"width":2560,"height":1700,"url":"https:\/\/www.romaoggi.eu\/wp-content\/uploads\/2021\/04\/curva-scaled.jpg","type":"image\/jpeg"}],"author":"Alessandro Lisci","twitter_card":"summary_large_image","twitter_creator":"@https:\/\/twitter.com\/alessandrolisci","twitter_site":"@romaoggi_eu","twitter_misc":{"Scritto da":"Alessandro Lisci","Tempo di lettura stimato":"3 minuti"},"schema":{"@context":"https:\/\/schema.org","@graph":[{"@type":"Article","@id":"https:\/\/www.romaoggi.eu\/index.php\/2021\/04\/10\/percorsi-di-vita\/#article","isPartOf":{"@id":"https:\/\/www.romaoggi.eu\/index.php\/2021\/04\/10\/percorsi-di-vita\/"},"author":{"name":"Alessandro Lisci","@id":"https:\/\/www.romaoggi.eu\/#\/schema\/person\/30ada62b3bd510c45a781b7e3bf65e69"},"headline":"Percorsi di vita&#8230;.","datePublished":"2021-04-10T06:03:33+00:00","dateModified":"2021-04-10T18:53:45+00:00","mainEntityOfPage":{"@id":"https:\/\/www.romaoggi.eu\/index.php\/2021\/04\/10\/percorsi-di-vita\/"},"wordCount":593,"publisher":{"@id":"https:\/\/www.romaoggi.eu\/#organization"},"image":{"@id":"https:\/\/www.romaoggi.eu\/index.php\/2021\/04\/10\/percorsi-di-vita\/#primaryimage"},"thumbnailUrl":"https:\/\/www.romaoggi.eu\/wp-content\/uploads\/2021\/04\/curva-scaled.jpg","keywords":["#streetphoto","#streetphotoferrara","daniela fiordaliso","Ferrara","La foto del giorno","percorsi di vita","pina ianiro","RomaOggi.eu"],"articleSection":["La foto del giorno"],"inLanguage":"it-IT"},{"@type":"WebPage","@id":"https:\/\/www.romaoggi.eu\/index.php\/2021\/04\/10\/percorsi-di-vita\/","url":"https:\/\/www.romaoggi.eu\/index.php\/2021\/04\/10\/percorsi-di-vita\/","name":"Percorsi di vita....","isPartOf":{"@id":"https:\/\/www.romaoggi.eu\/#website"},"primaryImageOfPage":{"@id":"https:\/\/www.romaoggi.eu\/index.php\/2021\/04\/10\/percorsi-di-vita\/#primaryimage"},"image":{"@id":"https:\/\/www.romaoggi.eu\/index.php\/2021\/04\/10\/percorsi-di-vita\/#primaryimage"},"thumbnailUrl":"https:\/\/www.romaoggi.eu\/wp-content\/uploads\/2021\/04\/curva-scaled.jpg","datePublished":"2021-04-10T06:03:33+00:00","dateModified":"2021-04-10T18:53:45+00:00","description":"\u201cLa foto del giorno\u201d di\u00a0sabato 10 Aprile 2021 dal titolo \"Percorsi di vita\", ci \u00e8 stata inviata da Daniela Fiordaliso, \u00a0da Ferrara . Invia la tua foto del","breadcrumb":{"@id":"https:\/\/www.romaoggi.eu\/index.php\/2021\/04\/10\/percorsi-di-vita\/#breadcrumb"},"inLanguage":"it-IT","potentialAction":[{"@type":"ReadAction","target":["https:\/\/www.romaoggi.eu\/index.php\/2021\/04\/10\/percorsi-di-vita\/"]}]},{"@type":"ImageObject","inLanguage":"it-IT","@id":"https:\/\/www.romaoggi.eu\/index.php\/2021\/04\/10\/percorsi-di-vita\/#primaryimage","url":"https:\/\/www.romaoggi.eu\/wp-content\/uploads\/2021\/04\/curva-scaled.jpg","contentUrl":"https:\/\/www.romaoggi.eu\/wp-content\/uploads\/2021\/04\/curva-scaled.jpg","width":2560,"height":1700,"caption":"alt tag Daniela Fiordaliso"},{"@type":"BreadcrumbList","@id":"https:\/\/www.romaoggi.eu\/index.php\/2021\/04\/10\/percorsi-di-vita\/#breadcrumb","itemListElement":[{"@type":"ListItem","position":1,"name":"Home","item":"https:\/\/www.romaoggi.eu\/"},{"@type":"ListItem","position":2,"name":"Percorsi di vita&#8230;."}]},{"@type":"WebSite","@id":"https:\/\/www.romaoggi.eu\/#website","url":"https:\/\/www.romaoggi.eu\/","name":"roma oggi","description":"Interesting News for Interesting people","publisher":{"@id":"https:\/\/www.romaoggi.eu\/#organization"},"potentialAction":[{"@type":"SearchAction","target":{"@type":"EntryPoint","urlTemplate":"https:\/\/www.romaoggi.eu\/?s={search_term_string}"},"query-input":{"@type":"PropertyValueSpecification","valueRequired":true,"valueName":"search_term_string"}}],"inLanguage":"it-IT"},{"@type":"Organization","@id":"https:\/\/www.romaoggi.eu\/#organization","name":"RomaOggi","url":"https:\/\/www.romaoggi.eu\/","logo":{"@type":"ImageObject","inLanguage":"it-IT","@id":"https:\/\/www.romaoggi.eu\/#\/schema\/logo\/image\/","url":"https:\/\/www.romaoggi.eu\/wp-content\/uploads\/2017\/04\/logowp.jpg","contentUrl":"https:\/\/www.romaoggi.eu\/wp-content\/uploads\/2017\/04\/logowp.jpg","width":300,"height":133,"caption":"RomaOggi"},"image":{"@id":"https:\/\/www.romaoggi.eu\/#\/schema\/logo\/image\/"},"sameAs":["https:\/\/www.facebook.com\/RomaOggi-841544845954114","https:\/\/x.com\/romaoggi_eu"]},{"@type":"Person","@id":"https:\/\/www.romaoggi.eu\/#\/schema\/person\/30ada62b3bd510c45a781b7e3bf65e69","name":"Alessandro Lisci","image":{"@type":"ImageObject","inLanguage":"it-IT","@id":"https:\/\/secure.gravatar.com\/avatar\/9b9712162b2ac404aa0d7d978185f203808e7bd02856a449b19868b2eb80cf12?s=96&d=mm&r=g","url":"https:\/\/secure.gravatar.com\/avatar\/9b9712162b2ac404aa0d7d978185f203808e7bd02856a449b19868b2eb80cf12?s=96&d=mm&r=g","contentUrl":"https:\/\/secure.gravatar.com\/avatar\/9b9712162b2ac404aa0d7d978185f203808e7bd02856a449b19868b2eb80cf12?s=96&d=mm&r=g","caption":"Alessandro Lisci"},"sameAs":["http:\/\/www.alessandrolisci.com","https:\/\/www.facebook.com\/alessandro.lisci.5","https:\/\/x.com\/https:\/\/twitter.com\/alessandrolisci","https:\/\/www.youtube.com\/user\/alessandrolisci"],"url":"https:\/\/www.romaoggi.eu\/index.php\/author\/alessandro\/"}]}},"_links":{"self":[{"href":"https:\/\/www.romaoggi.eu\/index.php\/wp-json\/wp\/v2\/posts\/27266","targetHints":{"allow":["GET"]}}],"collection":[{"href":"https:\/\/www.romaoggi.eu\/index.php\/wp-json\/wp\/v2\/posts"}],"about":[{"href":"https:\/\/www.romaoggi.eu\/index.php\/wp-json\/wp\/v2\/types\/post"}],"author":[{"embeddable":true,"href":"https:\/\/www.romaoggi.eu\/index.php\/wp-json\/wp\/v2\/users\/10"}],"replies":[{"embeddable":true,"href":"https:\/\/www.romaoggi.eu\/index.php\/wp-json\/wp\/v2\/comments?post=27266"}],"version-history":[{"count":4,"href":"https:\/\/www.romaoggi.eu\/index.php\/wp-json\/wp\/v2\/posts\/27266\/revisions"}],"predecessor-version":[{"id":27287,"href":"https:\/\/www.romaoggi.eu\/index.php\/wp-json\/wp\/v2\/posts\/27266\/revisions\/27287"}],"wp:featuredmedia":[{"embeddable":true,"href":"https:\/\/www.romaoggi.eu\/index.php\/wp-json\/wp\/v2\/media\/27267"}],"wp:attachment":[{"href":"https:\/\/www.romaoggi.eu\/index.php\/wp-json\/wp\/v2\/media?parent=27266"}],"wp:term":[{"taxonomy":"category","embeddable":true,"href":"https:\/\/www.romaoggi.eu\/index.php\/wp-json\/wp\/v2\/categories?post=27266"},{"taxonomy":"post_tag","embeddable":true,"href":"https:\/\/www.romaoggi.eu\/index.php\/wp-json\/wp\/v2\/tags?post=27266"}],"curies":[{"name":"wp","href":"https:\/\/api.w.org\/{rel}","templated":true}]}}