{"id":27507,"date":"2021-04-23T07:45:18","date_gmt":"2021-04-23T05:45:18","guid":{"rendered":"http:\/\/www.romaoggi.eu\/?p=27507"},"modified":"2021-04-23T07:45:18","modified_gmt":"2021-04-23T05:45:18","slug":"il-pianeta-colorato-di-ali","status":"publish","type":"post","link":"https:\/\/www.romaoggi.eu\/index.php\/2021\/04\/23\/il-pianeta-colorato-di-ali\/","title":{"rendered":"Il pianeta colorato di Al\u00ec&#8230;"},"content":{"rendered":"<p align=\"JUSTIFY\"><strong><span style=\"color: #000000;\">\u201c<span style=\"font-family: Times New Roman, serif;\"><span style=\"font-size: medium;\">La foto del giorno\u201d di\u00a0venerd\u00ec 23 aprile 2021 dal titolo \u201cIl pianeta colorato di Al\u00ec\u201d, ci \u00e8 stata inviata da <\/span><\/span><\/span><\/strong><strong><span style=\"color: #262626;\"><span style=\"font-family: Times New Roman, serif;\"><span style=\"font-size: medium;\">Alessandro Guglielman<\/span><\/span><\/span><\/strong> <strong><span style=\"color: #000000;\"><span style=\"font-family: Times New Roman, serif;\"><span style=\"font-size: medium;\">ed \u00e8 stata scattata a Roma Ostiense.<\/span><\/span><\/span><\/strong><b> <\/b><strong><span style=\"color: #000000;\"><span style=\"font-family: Times New Roman, serif;\"><span style=\"font-size: medium;\">Invia la tua foto del giorno al whats app 3316379346.<\/span><\/span><\/span><\/strong><\/p>\n<p align=\"JUSTIFY\"><strong><span style=\"color: #000000;\"><span style=\"font-family: Times New Roman, serif;\"><span style=\"font-size: medium;\"><b>Il commento di Pina Ianiro <\/b><\/span><\/span><\/span><\/strong><\/p>\n<p align=\"JUSTIFY\"><span style=\"font-size: medium;\">I colori dei petali dei fiori illuminano il sorriso celato di Al\u00ec che ci arriva attraverso il suo sguardo.<\/span><\/p>\n<p align=\"JUSTIFY\"><span style=\"font-size: medium;\">Quante cosa ci sta raccontando dall\u2019affaccio dei suoi occhi, seduto tranquillo con le mani giunte in preghiera rivolte verso il basso, su questa panchina ornata a festa. Sono tutti l\u00ec i suoi fiori colorati, nei suoi occhi dolci e malinconici, profondi e pieni di esperienza trasformata in genuina saggezza.<\/span><\/p>\n<p align=\"JUSTIFY\"><span style=\"font-size: medium;\">Ha forgiato le tempeste della vita in proverbiale pazienza e nella resilienza dei fiori che si aprono al mondo con una speranza che non chiede conferma, ha trovato la risposta.<\/span><\/p>\n<p align=\"JUSTIFY\"><span style=\"font-size: medium;\">Al\u00ec ci prova a colorare la vita grigia dei passanti, lo fa con la sua fiabesca presenza che sembra venir fuori da un altro pianeta tanto, troppo lontano dal nostro cos\u00ec distratto e di fretta da non riuscire mai a trovare il tempo per soffermarci su ci\u00f2 che \u00e8 davvero importante, sull\u2019essenza delle cose, sui <\/span><span style=\"font-size: medium;\"><i>fiori<\/i><\/span><span style=\"font-size: medium;\"> spontanei che incontriamo durante il nostro cammino. <\/span><\/p>\n<p align=\"JUSTIFY\"><span style=\"font-size: medium;\">Ci prova Al\u00ec a parlarci della poesia della semplicit\u00e0 senza usare parole ma creando fiori di impalpabile carta colorata, delicati ma forti come i sentimenti veri. Li vende i suoi fiori Al\u00ec, d<\/span><span style=\"font-size: medium;\"><i>a anni, ormai, lo trovi sempre allo stesso posto: una panchina a Ostiense<\/i><\/span><span style=\"font-size: medium;\">, come ci racconta Alessandro Guglielman che ha deciso di ritrarlo per regalarci la sua storia bella, una storia umile e pacata, fatta di gesti semplici, intrecci di carta colorata, di fiori coltivati nel profondo della sua anima e resi tangibili dall\u2019abilit\u00e0 delle sue mani esperte. <\/span><\/p>\n<p align=\"JUSTIFY\"><span style=\"font-size: medium;\"><span style=\"font-family: Times New Roman, serif;\">Lo scatto \u00e8 impeccabile per composizione, luce raccolta e soprattutto per la scelta della posizione dell\u2019obiettivo fotografico. <\/span><span style=\"color: #262626;\"><span style=\"font-family: Times New Roman, serif;\">Alessandro Guglielman<\/span><\/span> <span style=\"font-family: Times New Roman, serif;\">crea una deviazione dalla norma prospettica, scavalca la ricerca delle reali proporzioni ed enfatizza la posizione di Al\u00ec che resta pi\u00f9 in alto rispetto a chi osserva, cos\u00ec da restituirgli la dignit\u00e0 che merita, cos\u00ec da renderlo principe del suo pianeta colorato. Inoltre, sempre grazie a questa angolazione, <\/span><span style=\"color: #262626;\"><span style=\"font-family: Helvetica Neue, serif;\">Alessandro Guglielman<\/span><\/span><span style=\"font-family: Times New Roman, serif;\"> enfatizza il carattere dei dettagli e restituisce una pi\u00f9 intensa profondit\u00e0 angolare fino a instaurare un reale dialogo fatto di sguardi tra Ali e il suo pubblico, sguardi plasmati in tempi diversi e uniti nello spazio atemporale della fotografia, quel mondo trasversale di comunicazione silenziosa eppure potentissima che si innesca tra chi immortala, chi si lascia ritrarre e chi ascolta le storie guardando le immagini.<\/span><\/span><\/p>\n<p align=\"JUSTIFY\"><span style=\"font-size: medium;\"><strong><span style=\"font-family: Times New Roman, serif;\">\u00a9 Pina Ianiro<\/span><\/strong><\/span><\/p>\n<p align=\"JUSTIFY\"><span style=\"font-size: medium;\"><strong><span style=\"font-family: Times New Roman, serif;\">Editing fotografico a cura di Alessandro Lisci<\/span><\/strong><\/span><\/p>\n<figure id=\"attachment_27508\" aria-describedby=\"caption-attachment-27508\" style=\"width: 2048px\" class=\"wp-caption alignnone\"><img loading=\"lazy\" decoding=\"async\" class=\"size-full wp-image-27508\" src=\"https:\/\/www.romaoggi.eu\/wp-content\/uploads\/2021\/04\/Photo00161-credit-\u00a9-Alessandro-Guglielman.jpg\" alt=\"alt tag Alessandro Guglielman\" width=\"2048\" height=\"1548\" srcset=\"https:\/\/www.romaoggi.eu\/wp-content\/uploads\/2021\/04\/Photo00161-credit-\u00a9-Alessandro-Guglielman.jpg 2048w, https:\/\/www.romaoggi.eu\/wp-content\/uploads\/2021\/04\/Photo00161-credit-\u00a9-Alessandro-Guglielman-300x227.jpg 300w, https:\/\/www.romaoggi.eu\/wp-content\/uploads\/2021\/04\/Photo00161-credit-\u00a9-Alessandro-Guglielman-1024x774.jpg 1024w, https:\/\/www.romaoggi.eu\/wp-content\/uploads\/2021\/04\/Photo00161-credit-\u00a9-Alessandro-Guglielman-1536x1161.jpg 1536w, https:\/\/www.romaoggi.eu\/wp-content\/uploads\/2021\/04\/Photo00161-credit-\u00a9-Alessandro-Guglielman-326x245.jpg 326w, https:\/\/www.romaoggi.eu\/wp-content\/uploads\/2021\/04\/Photo00161-credit-\u00a9-Alessandro-Guglielman-80x60.jpg 80w\" sizes=\"auto, (max-width: 2048px) 100vw, 2048px\" \/><figcaption id=\"caption-attachment-27508\" class=\"wp-caption-text\">Il Pianeta colorato di Ali, Roma Ostiense \u00a9 Alessandro Guglielman<\/figcaption><\/figure>\n<p align=\"JUSTIFY\"><strong><span style=\"color: #000000;\"><span style=\"font-family: Times New Roman, serif;\"><span style=\"font-size: medium;\"><b>La foto del giorno \u00e8 la rubrica di Alessandro Lisci su \u00a0 <\/b><\/span><\/span><\/span><\/strong><strong><a href=\"https:\/\/www.romaoggi.eu\/\"><span style=\"color: #000080;\"><span style=\"font-family: Times New Roman, serif;\"><span style=\"font-size: medium;\"><u><b>www.Romaoggi.eu<\/b><\/u><\/span><\/span><\/span><\/a><\/strong><strong><span style=\"color: #000000;\"><span style=\"font-size: medium;\">\u00a0<\/span><\/span><\/strong><strong><span style=\"color: #000000;\"><span style=\"font-family: Times New Roman, serif;\"><span style=\"font-size: medium;\"><b>.\u00a0 Invia la tua foto del giorno con un commento al whatsapp 3316379346 oppure alla seguente mail: alessandrolisci@yahoo.it.<\/b><\/span><\/span><\/span><\/strong><\/p>\n<p align=\"JUSTIFY\"><strong><span style=\"font-size: medium;\">Visita il sito \u00a0: <a href=\"http:\/\/www.alessandrolisci.com\/\">www.alessandrolisci.com<\/a><\/span><\/strong><\/p>\n<p><strong><span style=\"font-family: Times New Roman, serif;\"><span style=\"font-size: medium;\">Pina Ianiro<\/span><\/span><\/strong><span style=\"font-size: medium;\">\u00a0 <\/span><span style=\"font-family: Times New Roman, serif;\"><span style=\"font-size: medium;\">nasce a Caserta, <\/span><\/span><strong><span style=\"font-family: Times New Roman, serif;\"><span style=\"font-size: medium;\">laureata in Sociologia<\/span><\/span><\/strong><span style=\"font-family: Times New Roman, serif;\"><span style=\"font-size: medium;\">. <\/span><\/span><strong><span style=\"font-family: Times New Roman, serif;\"><span style=\"font-size: medium;\">Vive a Roma<\/span><\/span><\/strong> <span style=\"font-family: Times New Roman, serif;\"><span style=\"font-size: medium;\">e l<\/span><\/span><span style=\"font-family: Times New Roman, serif;\"><span style=\"font-size: medium;\"><b>avora come editor<\/b><\/span><\/span><span style=\"font-family: Times New Roman, serif;\"><span style=\"font-size: medium;\"> anche se preferisce definirsi \u201c<\/span><\/span><strong><span style=\"font-family: Times New Roman, serif;\"><span style=\"font-size: medium;\">curatrice di manoscritti<\/span><\/span><\/strong><span style=\"font-size: medium;\">\u201d <\/span><span style=\"font-family: Times New Roman, serif;\"><span style=\"font-size: medium;\">e porta avanti la sua passione per la letteratura e l\u2019arte. <\/span><\/span><strong><span style=\"font-family: Times New Roman, serif;\"><span style=\"font-size: medium;\">Ha pubblicato i romanzi<\/span><\/span><\/strong><span style=\"font-family: Times New Roman, serif;\"><span style=\"font-size: medium;\">:<\/span><\/span><span style=\"font-family: Times New Roman, serif;\"><span style=\"font-size: medium;\"><b>\u201cIl cubo bianco\u201d<\/b><\/span><\/span><span style=\"font-family: Times New Roman, serif;\"><span style=\"font-size: medium;\"> (Giulio Perrone LAB), <\/span><\/span><span style=\"font-family: Times New Roman, serif;\"><span style=\"font-size: medium;\"><b>\u201cQuanto ci mette la neve a cadere\u201d<\/b><\/span><\/span><span style=\"font-family: Times New Roman, serif;\"><span style=\"font-size: medium;\"> (L\u2019Erudita) e una raccolta monografica di racconti e poesie \u201c<\/span><\/span><span style=\"font-family: Times New Roman, serif;\"><span style=\"font-size: medium;\"><b>Amore: maneggiare con prudenza\u201d <\/b><\/span><\/span><span style=\"font-family: Times New Roman, serif;\"><span style=\"font-size: medium;\">(L\u2019Erudita). <\/span><\/span><strong><span style=\"font-family: Times New Roman, serif;\"><span style=\"font-size: medium;\">Oltre che autrice \u00e8 ghostwriter<\/span><\/span><\/strong><span style=\"font-family: Times New Roman, serif;\"><span style=\"font-size: medium;\">. Gestisce il blog <\/span><\/span><strong><span style=\"font-family: Times New Roman, serif;\"><span style=\"font-size: medium;\"><a href=\"http:\/\/www.pinaianiro.blogspot.com\/\">http:\/\/www.pinaianiro.blogspot.com<\/a> .<\/span><\/span><\/strong><\/p>\n<p><img loading=\"lazy\" decoding=\"async\" class=\"alignnone size-full wp-image-27186\" src=\"https:\/\/www.romaoggi.eu\/wp-content\/uploads\/2021\/04\/WhatsApp-Image-2021-04-04-at-19.36.07-e1617645244810.jpeg\" alt=\"alt tag Pina Ianiro\" width=\"60\" height=\"89\" \/>su FB :\u00a0 <a href=\"https:\/\/www.facebook.com\/aria.giaprimavera\">https:\/\/www.facebook.com\/aria.giaprimavera<\/a><\/p>\n","protected":false},"excerpt":{"rendered":"<div class=\"mh-excerpt\"><p>\u201cLa foto del giorno\u201d di\u00a0venerd\u00ec 23 aprile 2021 dal titolo \u201cIl pianeta colorato di Al\u00ec\u201d, ci \u00e8 stata inviata da Alessandro Guglielman ed \u00e8 stata scattata a Roma Ostiense. Invia la tua foto del giorno <a class=\"mh-excerpt-more\" href=\"https:\/\/www.romaoggi.eu\/index.php\/2021\/04\/23\/il-pianeta-colorato-di-ali\/\" title=\"Il pianeta colorato di Al\u00ec&#8230;\">[&#8230;]<\/a><\/p>\n<\/div>","protected":false},"author":10,"featured_media":27508,"comment_status":"closed","ping_status":"open","sticky":false,"template":"","format":"standard","meta":{"_sitemap_exclude":false,"_sitemap_priority":"","_sitemap_frequency":"","footnotes":""},"categories":[8934],"tags":[14912,14913,14565,14581,14925,4137,274,7157,10420,13676,14496,343,14924,1738,634,14580],"class_list":["post-27507","post","type-post","status-publish","format-standard","has-post-thumbnail","hentry","category-lafotodelgiorno","tag-photography","tag-stories","tag-streetphoto","tag-streetphotoroma","tag-alessandro-guglielman","tag-alessandro-lisci","tag-fotografia","tag-italy","tag-la-foto-del-giorno","tag-life","tag-pina-ianiro","tag-roma-capitale","tag-roma-ostiense","tag-romaoggi-eu","tag-rome","tag-streetphotography"],"yoast_head":"<!-- This site is optimized with the Yoast SEO plugin v27.5 - https:\/\/yoast.com\/product\/yoast-seo-wordpress\/ -->\n<title>Il pianeta colorato di Al\u00ec...<\/title>\n<meta name=\"description\" content=\"\u201cLa foto del giorno\u201d di\u00a0venerd\u00ec 23 aprile 2021 dal titolo \u201cIl pianeta colorato di Al\u00ec\u201d, ci \u00e8 stata inviata da Alessandro Guglielman ed \u00e8 stata scattata a\" \/>\n<meta name=\"robots\" content=\"index, follow, max-snippet:-1, max-image-preview:large, max-video-preview:-1\" \/>\n<link rel=\"canonical\" href=\"https:\/\/www.romaoggi.eu\/index.php\/2021\/04\/23\/il-pianeta-colorato-di-ali\/\" \/>\n<meta property=\"og:locale\" content=\"it_IT\" \/>\n<meta property=\"og:type\" content=\"article\" \/>\n<meta property=\"og:title\" content=\"Il pianeta colorato di Al\u00ec...\" \/>\n<meta property=\"og:description\" content=\"\u201cLa foto del giorno\u201d di\u00a0venerd\u00ec 23 aprile 2021 dal titolo \u201cIl pianeta colorato di Al\u00ec\u201d, ci \u00e8 stata inviata da Alessandro Guglielman ed \u00e8 stata scattata a\" \/>\n<meta property=\"og:url\" content=\"https:\/\/www.romaoggi.eu\/index.php\/2021\/04\/23\/il-pianeta-colorato-di-ali\/\" \/>\n<meta property=\"og:site_name\" content=\"roma oggi\" \/>\n<meta property=\"article:publisher\" content=\"https:\/\/www.facebook.com\/RomaOggi-841544845954114\" \/>\n<meta property=\"article:author\" content=\"https:\/\/www.facebook.com\/alessandro.lisci.5\" \/>\n<meta property=\"article:published_time\" content=\"2021-04-23T05:45:18+00:00\" \/>\n<meta property=\"og:image\" content=\"https:\/\/www.romaoggi.eu\/wp-content\/uploads\/2021\/04\/Photo00161-credit-\u00a9-Alessandro-Guglielman-1024x774.jpg\" \/>\n\t<meta property=\"og:image:width\" content=\"1024\" \/>\n\t<meta property=\"og:image:height\" content=\"774\" \/>\n\t<meta property=\"og:image:type\" content=\"image\/jpeg\" \/>\n<meta name=\"author\" content=\"Alessandro Lisci\" \/>\n<meta name=\"twitter:card\" content=\"summary_large_image\" \/>\n<meta name=\"twitter:creator\" content=\"@https:\/\/twitter.com\/alessandrolisci\" \/>\n<meta name=\"twitter:site\" content=\"@romaoggi_eu\" \/>\n<meta name=\"twitter:label1\" content=\"Scritto da\" \/>\n\t<meta name=\"twitter:data1\" content=\"Alessandro Lisci\" \/>\n\t<meta name=\"twitter:label2\" content=\"Tempo di lettura stimato\" \/>\n\t<meta name=\"twitter:data2\" content=\"3 minuti\" \/>\n<script type=\"application\/ld+json\" class=\"yoast-schema-graph\">{\"@context\":\"https:\\\/\\\/schema.org\",\"@graph\":[{\"@type\":\"Article\",\"@id\":\"https:\\\/\\\/www.romaoggi.eu\\\/index.php\\\/2021\\\/04\\\/23\\\/il-pianeta-colorato-di-ali\\\/#article\",\"isPartOf\":{\"@id\":\"https:\\\/\\\/www.romaoggi.eu\\\/index.php\\\/2021\\\/04\\\/23\\\/il-pianeta-colorato-di-ali\\\/\"},\"author\":{\"name\":\"Alessandro Lisci\",\"@id\":\"https:\\\/\\\/www.romaoggi.eu\\\/#\\\/schema\\\/person\\\/30ada62b3bd510c45a781b7e3bf65e69\"},\"headline\":\"Il pianeta colorato di Al\u00ec&#8230;\",\"datePublished\":\"2021-04-23T05:45:18+00:00\",\"mainEntityOfPage\":{\"@id\":\"https:\\\/\\\/www.romaoggi.eu\\\/index.php\\\/2021\\\/04\\\/23\\\/il-pianeta-colorato-di-ali\\\/\"},\"wordCount\":583,\"publisher\":{\"@id\":\"https:\\\/\\\/www.romaoggi.eu\\\/#organization\"},\"image\":{\"@id\":\"https:\\\/\\\/www.romaoggi.eu\\\/index.php\\\/2021\\\/04\\\/23\\\/il-pianeta-colorato-di-ali\\\/#primaryimage\"},\"thumbnailUrl\":\"https:\\\/\\\/www.romaoggi.eu\\\/wp-content\\\/uploads\\\/2021\\\/04\\\/Photo00161-credit-\u00a9-Alessandro-Guglielman.jpg\",\"keywords\":[\"#photography\",\"#stories\",\"#streetphoto\",\"#streetphotoroma\",\"alessandro guglielman\",\"alessandro lisci\",\"fotografia\",\"Italy\",\"La foto del giorno\",\"life\",\"pina ianiro\",\"roma capitale\",\"roma ostiense\",\"RomaOggi.eu\",\"rome\",\"streetphotography\"],\"articleSection\":[\"La foto del giorno\"],\"inLanguage\":\"it-IT\"},{\"@type\":\"WebPage\",\"@id\":\"https:\\\/\\\/www.romaoggi.eu\\\/index.php\\\/2021\\\/04\\\/23\\\/il-pianeta-colorato-di-ali\\\/\",\"url\":\"https:\\\/\\\/www.romaoggi.eu\\\/index.php\\\/2021\\\/04\\\/23\\\/il-pianeta-colorato-di-ali\\\/\",\"name\":\"Il pianeta colorato di Al\u00ec...\",\"isPartOf\":{\"@id\":\"https:\\\/\\\/www.romaoggi.eu\\\/#website\"},\"primaryImageOfPage\":{\"@id\":\"https:\\\/\\\/www.romaoggi.eu\\\/index.php\\\/2021\\\/04\\\/23\\\/il-pianeta-colorato-di-ali\\\/#primaryimage\"},\"image\":{\"@id\":\"https:\\\/\\\/www.romaoggi.eu\\\/index.php\\\/2021\\\/04\\\/23\\\/il-pianeta-colorato-di-ali\\\/#primaryimage\"},\"thumbnailUrl\":\"https:\\\/\\\/www.romaoggi.eu\\\/wp-content\\\/uploads\\\/2021\\\/04\\\/Photo00161-credit-\u00a9-Alessandro-Guglielman.jpg\",\"datePublished\":\"2021-04-23T05:45:18+00:00\",\"description\":\"\u201cLa foto del giorno\u201d di\u00a0venerd\u00ec 23 aprile 2021 dal titolo \u201cIl pianeta colorato di Al\u00ec\u201d, ci \u00e8 stata inviata da Alessandro Guglielman ed \u00e8 stata scattata a\",\"breadcrumb\":{\"@id\":\"https:\\\/\\\/www.romaoggi.eu\\\/index.php\\\/2021\\\/04\\\/23\\\/il-pianeta-colorato-di-ali\\\/#breadcrumb\"},\"inLanguage\":\"it-IT\",\"potentialAction\":[{\"@type\":\"ReadAction\",\"target\":[\"https:\\\/\\\/www.romaoggi.eu\\\/index.php\\\/2021\\\/04\\\/23\\\/il-pianeta-colorato-di-ali\\\/\"]}]},{\"@type\":\"ImageObject\",\"inLanguage\":\"it-IT\",\"@id\":\"https:\\\/\\\/www.romaoggi.eu\\\/index.php\\\/2021\\\/04\\\/23\\\/il-pianeta-colorato-di-ali\\\/#primaryimage\",\"url\":\"https:\\\/\\\/www.romaoggi.eu\\\/wp-content\\\/uploads\\\/2021\\\/04\\\/Photo00161-credit-\u00a9-Alessandro-Guglielman.jpg\",\"contentUrl\":\"https:\\\/\\\/www.romaoggi.eu\\\/wp-content\\\/uploads\\\/2021\\\/04\\\/Photo00161-credit-\u00a9-Alessandro-Guglielman.jpg\",\"width\":2048,\"height\":1548,\"caption\":\"Il Pianeta colorato di Ali, Roma Ostiense \u00a9 Alessandro Guglielman\"},{\"@type\":\"BreadcrumbList\",\"@id\":\"https:\\\/\\\/www.romaoggi.eu\\\/index.php\\\/2021\\\/04\\\/23\\\/il-pianeta-colorato-di-ali\\\/#breadcrumb\",\"itemListElement\":[{\"@type\":\"ListItem\",\"position\":1,\"name\":\"Home\",\"item\":\"https:\\\/\\\/www.romaoggi.eu\\\/\"},{\"@type\":\"ListItem\",\"position\":2,\"name\":\"Il pianeta colorato di Al\u00ec&#8230;\"}]},{\"@type\":\"WebSite\",\"@id\":\"https:\\\/\\\/www.romaoggi.eu\\\/#website\",\"url\":\"https:\\\/\\\/www.romaoggi.eu\\\/\",\"name\":\"roma oggi\",\"description\":\"Interesting News for Interesting people\",\"publisher\":{\"@id\":\"https:\\\/\\\/www.romaoggi.eu\\\/#organization\"},\"potentialAction\":[{\"@type\":\"SearchAction\",\"target\":{\"@type\":\"EntryPoint\",\"urlTemplate\":\"https:\\\/\\\/www.romaoggi.eu\\\/?s={search_term_string}\"},\"query-input\":{\"@type\":\"PropertyValueSpecification\",\"valueRequired\":true,\"valueName\":\"search_term_string\"}}],\"inLanguage\":\"it-IT\"},{\"@type\":\"Organization\",\"@id\":\"https:\\\/\\\/www.romaoggi.eu\\\/#organization\",\"name\":\"RomaOggi\",\"url\":\"https:\\\/\\\/www.romaoggi.eu\\\/\",\"logo\":{\"@type\":\"ImageObject\",\"inLanguage\":\"it-IT\",\"@id\":\"https:\\\/\\\/www.romaoggi.eu\\\/#\\\/schema\\\/logo\\\/image\\\/\",\"url\":\"https:\\\/\\\/www.romaoggi.eu\\\/wp-content\\\/uploads\\\/2017\\\/04\\\/logowp.jpg\",\"contentUrl\":\"https:\\\/\\\/www.romaoggi.eu\\\/wp-content\\\/uploads\\\/2017\\\/04\\\/logowp.jpg\",\"width\":300,\"height\":133,\"caption\":\"RomaOggi\"},\"image\":{\"@id\":\"https:\\\/\\\/www.romaoggi.eu\\\/#\\\/schema\\\/logo\\\/image\\\/\"},\"sameAs\":[\"https:\\\/\\\/www.facebook.com\\\/RomaOggi-841544845954114\",\"https:\\\/\\\/x.com\\\/romaoggi_eu\"]},{\"@type\":\"Person\",\"@id\":\"https:\\\/\\\/www.romaoggi.eu\\\/#\\\/schema\\\/person\\\/30ada62b3bd510c45a781b7e3bf65e69\",\"name\":\"Alessandro Lisci\",\"image\":{\"@type\":\"ImageObject\",\"inLanguage\":\"it-IT\",\"@id\":\"https:\\\/\\\/secure.gravatar.com\\\/avatar\\\/9b9712162b2ac404aa0d7d978185f203808e7bd02856a449b19868b2eb80cf12?s=96&d=mm&r=g\",\"url\":\"https:\\\/\\\/secure.gravatar.com\\\/avatar\\\/9b9712162b2ac404aa0d7d978185f203808e7bd02856a449b19868b2eb80cf12?s=96&d=mm&r=g\",\"contentUrl\":\"https:\\\/\\\/secure.gravatar.com\\\/avatar\\\/9b9712162b2ac404aa0d7d978185f203808e7bd02856a449b19868b2eb80cf12?s=96&d=mm&r=g\",\"caption\":\"Alessandro Lisci\"},\"sameAs\":[\"http:\\\/\\\/www.alessandrolisci.com\",\"https:\\\/\\\/www.facebook.com\\\/alessandro.lisci.5\",\"https:\\\/\\\/x.com\\\/https:\\\/\\\/twitter.com\\\/alessandrolisci\",\"https:\\\/\\\/www.youtube.com\\\/user\\\/alessandrolisci\"],\"url\":\"https:\\\/\\\/www.romaoggi.eu\\\/index.php\\\/author\\\/alessandro\\\/\"}]}<\/script>\n<!-- \/ Yoast SEO plugin. -->","yoast_head_json":{"title":"Il pianeta colorato di Al\u00ec...","description":"\u201cLa foto del giorno\u201d di\u00a0venerd\u00ec 23 aprile 2021 dal titolo \u201cIl pianeta colorato di Al\u00ec\u201d, ci \u00e8 stata inviata da Alessandro Guglielman ed \u00e8 stata scattata a","robots":{"index":"index","follow":"follow","max-snippet":"max-snippet:-1","max-image-preview":"max-image-preview:large","max-video-preview":"max-video-preview:-1"},"canonical":"https:\/\/www.romaoggi.eu\/index.php\/2021\/04\/23\/il-pianeta-colorato-di-ali\/","og_locale":"it_IT","og_type":"article","og_title":"Il pianeta colorato di Al\u00ec...","og_description":"\u201cLa foto del giorno\u201d di\u00a0venerd\u00ec 23 aprile 2021 dal titolo \u201cIl pianeta colorato di Al\u00ec\u201d, ci \u00e8 stata inviata da Alessandro Guglielman ed \u00e8 stata scattata a","og_url":"https:\/\/www.romaoggi.eu\/index.php\/2021\/04\/23\/il-pianeta-colorato-di-ali\/","og_site_name":"roma oggi","article_publisher":"https:\/\/www.facebook.com\/RomaOggi-841544845954114","article_author":"https:\/\/www.facebook.com\/alessandro.lisci.5","article_published_time":"2021-04-23T05:45:18+00:00","og_image":[{"width":1024,"height":774,"url":"https:\/\/www.romaoggi.eu\/wp-content\/uploads\/2021\/04\/Photo00161-credit-\u00a9-Alessandro-Guglielman-1024x774.jpg","type":"image\/jpeg"}],"author":"Alessandro Lisci","twitter_card":"summary_large_image","twitter_creator":"@https:\/\/twitter.com\/alessandrolisci","twitter_site":"@romaoggi_eu","twitter_misc":{"Scritto da":"Alessandro Lisci","Tempo di lettura stimato":"3 minuti"},"schema":{"@context":"https:\/\/schema.org","@graph":[{"@type":"Article","@id":"https:\/\/www.romaoggi.eu\/index.php\/2021\/04\/23\/il-pianeta-colorato-di-ali\/#article","isPartOf":{"@id":"https:\/\/www.romaoggi.eu\/index.php\/2021\/04\/23\/il-pianeta-colorato-di-ali\/"},"author":{"name":"Alessandro Lisci","@id":"https:\/\/www.romaoggi.eu\/#\/schema\/person\/30ada62b3bd510c45a781b7e3bf65e69"},"headline":"Il pianeta colorato di Al\u00ec&#8230;","datePublished":"2021-04-23T05:45:18+00:00","mainEntityOfPage":{"@id":"https:\/\/www.romaoggi.eu\/index.php\/2021\/04\/23\/il-pianeta-colorato-di-ali\/"},"wordCount":583,"publisher":{"@id":"https:\/\/www.romaoggi.eu\/#organization"},"image":{"@id":"https:\/\/www.romaoggi.eu\/index.php\/2021\/04\/23\/il-pianeta-colorato-di-ali\/#primaryimage"},"thumbnailUrl":"https:\/\/www.romaoggi.eu\/wp-content\/uploads\/2021\/04\/Photo00161-credit-\u00a9-Alessandro-Guglielman.jpg","keywords":["#photography","#stories","#streetphoto","#streetphotoroma","alessandro guglielman","alessandro lisci","fotografia","Italy","La foto del giorno","life","pina ianiro","roma capitale","roma ostiense","RomaOggi.eu","rome","streetphotography"],"articleSection":["La foto del giorno"],"inLanguage":"it-IT"},{"@type":"WebPage","@id":"https:\/\/www.romaoggi.eu\/index.php\/2021\/04\/23\/il-pianeta-colorato-di-ali\/","url":"https:\/\/www.romaoggi.eu\/index.php\/2021\/04\/23\/il-pianeta-colorato-di-ali\/","name":"Il pianeta colorato di Al\u00ec...","isPartOf":{"@id":"https:\/\/www.romaoggi.eu\/#website"},"primaryImageOfPage":{"@id":"https:\/\/www.romaoggi.eu\/index.php\/2021\/04\/23\/il-pianeta-colorato-di-ali\/#primaryimage"},"image":{"@id":"https:\/\/www.romaoggi.eu\/index.php\/2021\/04\/23\/il-pianeta-colorato-di-ali\/#primaryimage"},"thumbnailUrl":"https:\/\/www.romaoggi.eu\/wp-content\/uploads\/2021\/04\/Photo00161-credit-\u00a9-Alessandro-Guglielman.jpg","datePublished":"2021-04-23T05:45:18+00:00","description":"\u201cLa foto del giorno\u201d di\u00a0venerd\u00ec 23 aprile 2021 dal titolo \u201cIl pianeta colorato di Al\u00ec\u201d, ci \u00e8 stata inviata da Alessandro Guglielman ed \u00e8 stata scattata a","breadcrumb":{"@id":"https:\/\/www.romaoggi.eu\/index.php\/2021\/04\/23\/il-pianeta-colorato-di-ali\/#breadcrumb"},"inLanguage":"it-IT","potentialAction":[{"@type":"ReadAction","target":["https:\/\/www.romaoggi.eu\/index.php\/2021\/04\/23\/il-pianeta-colorato-di-ali\/"]}]},{"@type":"ImageObject","inLanguage":"it-IT","@id":"https:\/\/www.romaoggi.eu\/index.php\/2021\/04\/23\/il-pianeta-colorato-di-ali\/#primaryimage","url":"https:\/\/www.romaoggi.eu\/wp-content\/uploads\/2021\/04\/Photo00161-credit-\u00a9-Alessandro-Guglielman.jpg","contentUrl":"https:\/\/www.romaoggi.eu\/wp-content\/uploads\/2021\/04\/Photo00161-credit-\u00a9-Alessandro-Guglielman.jpg","width":2048,"height":1548,"caption":"Il Pianeta colorato di Ali, Roma Ostiense \u00a9 Alessandro Guglielman"},{"@type":"BreadcrumbList","@id":"https:\/\/www.romaoggi.eu\/index.php\/2021\/04\/23\/il-pianeta-colorato-di-ali\/#breadcrumb","itemListElement":[{"@type":"ListItem","position":1,"name":"Home","item":"https:\/\/www.romaoggi.eu\/"},{"@type":"ListItem","position":2,"name":"Il pianeta colorato di Al\u00ec&#8230;"}]},{"@type":"WebSite","@id":"https:\/\/www.romaoggi.eu\/#website","url":"https:\/\/www.romaoggi.eu\/","name":"roma oggi","description":"Interesting News for Interesting people","publisher":{"@id":"https:\/\/www.romaoggi.eu\/#organization"},"potentialAction":[{"@type":"SearchAction","target":{"@type":"EntryPoint","urlTemplate":"https:\/\/www.romaoggi.eu\/?s={search_term_string}"},"query-input":{"@type":"PropertyValueSpecification","valueRequired":true,"valueName":"search_term_string"}}],"inLanguage":"it-IT"},{"@type":"Organization","@id":"https:\/\/www.romaoggi.eu\/#organization","name":"RomaOggi","url":"https:\/\/www.romaoggi.eu\/","logo":{"@type":"ImageObject","inLanguage":"it-IT","@id":"https:\/\/www.romaoggi.eu\/#\/schema\/logo\/image\/","url":"https:\/\/www.romaoggi.eu\/wp-content\/uploads\/2017\/04\/logowp.jpg","contentUrl":"https:\/\/www.romaoggi.eu\/wp-content\/uploads\/2017\/04\/logowp.jpg","width":300,"height":133,"caption":"RomaOggi"},"image":{"@id":"https:\/\/www.romaoggi.eu\/#\/schema\/logo\/image\/"},"sameAs":["https:\/\/www.facebook.com\/RomaOggi-841544845954114","https:\/\/x.com\/romaoggi_eu"]},{"@type":"Person","@id":"https:\/\/www.romaoggi.eu\/#\/schema\/person\/30ada62b3bd510c45a781b7e3bf65e69","name":"Alessandro Lisci","image":{"@type":"ImageObject","inLanguage":"it-IT","@id":"https:\/\/secure.gravatar.com\/avatar\/9b9712162b2ac404aa0d7d978185f203808e7bd02856a449b19868b2eb80cf12?s=96&d=mm&r=g","url":"https:\/\/secure.gravatar.com\/avatar\/9b9712162b2ac404aa0d7d978185f203808e7bd02856a449b19868b2eb80cf12?s=96&d=mm&r=g","contentUrl":"https:\/\/secure.gravatar.com\/avatar\/9b9712162b2ac404aa0d7d978185f203808e7bd02856a449b19868b2eb80cf12?s=96&d=mm&r=g","caption":"Alessandro Lisci"},"sameAs":["http:\/\/www.alessandrolisci.com","https:\/\/www.facebook.com\/alessandro.lisci.5","https:\/\/x.com\/https:\/\/twitter.com\/alessandrolisci","https:\/\/www.youtube.com\/user\/alessandrolisci"],"url":"https:\/\/www.romaoggi.eu\/index.php\/author\/alessandro\/"}]}},"_links":{"self":[{"href":"https:\/\/www.romaoggi.eu\/index.php\/wp-json\/wp\/v2\/posts\/27507","targetHints":{"allow":["GET"]}}],"collection":[{"href":"https:\/\/www.romaoggi.eu\/index.php\/wp-json\/wp\/v2\/posts"}],"about":[{"href":"https:\/\/www.romaoggi.eu\/index.php\/wp-json\/wp\/v2\/types\/post"}],"author":[{"embeddable":true,"href":"https:\/\/www.romaoggi.eu\/index.php\/wp-json\/wp\/v2\/users\/10"}],"replies":[{"embeddable":true,"href":"https:\/\/www.romaoggi.eu\/index.php\/wp-json\/wp\/v2\/comments?post=27507"}],"version-history":[{"count":2,"href":"https:\/\/www.romaoggi.eu\/index.php\/wp-json\/wp\/v2\/posts\/27507\/revisions"}],"predecessor-version":[{"id":27510,"href":"https:\/\/www.romaoggi.eu\/index.php\/wp-json\/wp\/v2\/posts\/27507\/revisions\/27510"}],"wp:featuredmedia":[{"embeddable":true,"href":"https:\/\/www.romaoggi.eu\/index.php\/wp-json\/wp\/v2\/media\/27508"}],"wp:attachment":[{"href":"https:\/\/www.romaoggi.eu\/index.php\/wp-json\/wp\/v2\/media?parent=27507"}],"wp:term":[{"taxonomy":"category","embeddable":true,"href":"https:\/\/www.romaoggi.eu\/index.php\/wp-json\/wp\/v2\/categories?post=27507"},{"taxonomy":"post_tag","embeddable":true,"href":"https:\/\/www.romaoggi.eu\/index.php\/wp-json\/wp\/v2\/tags?post=27507"}],"curies":[{"name":"wp","href":"https:\/\/api.w.org\/{rel}","templated":true}]}}