{"id":27521,"date":"2021-04-24T00:20:42","date_gmt":"2021-04-23T22:20:42","guid":{"rendered":"http:\/\/www.romaoggi.eu\/?p=27521"},"modified":"2021-04-24T07:57:22","modified_gmt":"2021-04-24T05:57:22","slug":"magie-metropolitane-dal-rione-ludovisi","status":"publish","type":"post","link":"https:\/\/www.romaoggi.eu\/index.php\/2021\/04\/24\/magie-metropolitane-dal-rione-ludovisi\/","title":{"rendered":"Magie metropolitane dal rione Ludovisi"},"content":{"rendered":"<p align=\"JUSTIFY\"><strong><span style=\"color: #000000;\">\u201c<span style=\"font-family: Times New Roman, serif;\"><span style=\"font-size: medium;\"><b>La foto del giorno\u201d di\u00a0sabato 23 aprile 2021 dal titolo \u201c<\/b><\/span><\/span><\/span><\/strong><strong><span style=\"color: #1d2228;\"><span style=\"font-family: Helvetica Neue, Helvetica, Arial, sans-serif;\"><span style=\"font-size: small;\">Magie metropolitane<\/span><\/span><\/span><\/strong><strong><span style=\"color: #000000;\"><span style=\"font-family: Times New Roman, serif;\"><span style=\"font-size: medium;\"><b>\u201d, ci \u00e8 stata inviata da Angela Ruta, ed \u00e8 stata scattata nel rione Ludovisi di Roma (via Veneto). <\/b><\/span><\/span><\/span><\/strong><strong><span style=\"color: #000000;\"><span style=\"font-family: Times New Roman, serif;\"><span style=\"font-size: medium;\">Invia la tua foto del giorno al whats app 3316379346. <\/span><\/span><\/span><\/strong><\/p>\n<p align=\"JUSTIFY\"><strong><span style=\"color: #000000;\"><span style=\"font-family: Times New Roman, serif;\"><span style=\"font-size: medium;\"><b>Il commento di Pina Ianiro<\/b><\/span><\/span><\/span><\/strong><\/p>\n<p align=\"JUSTIFY\"><span style=\"font-size: medium;\">Ci vuole coraggio a guardarsi in faccia e non mentirsi, come ci vuole coraggio a cerare la luna in un angolo di cielo. Forse \u00e8 tutto qui il segreto \u2026<\/span><\/p>\n<p align=\"JUSTIFY\"><span style=\"font-size: medium;\">Ci sono giornate che non passano, ti restano incastrate tra i denti tenuti stretti per non mollare. Giornate che ti porti dentro come macigni eppure cerchi di restare leggero sul tuo asse, cerchi quell\u2019equilibrio di dignit\u00e0 vitale che non induca, te n\u00e9 alcuno, a pensare al tuo carico. Capitano giorni di zavorra in cui la mongolfiera non ce la fa a spostarsi dal suolo, cos\u00ec anche il fiato sembra farsi denso in gola e fatichi a respirare. Arriva sera e il cielo si tinge di un azzurro che si mescola lento alle ultime luci del tramonto, si crea un viola indaco che neppure il miglior pittore sarebbe capace di riprodurre e proprio in quel momento passi accanto alla finestra e lo vedi. Non basta, senti il bisogno di prendere una boccata di cielo. Infili al volo una giacca per uscire e restare per un po\u2019 col naso all\u2019ins\u00f9 a riempire i polmoni d\u2019aria lentamente e profondamente. Decidi di salire in terrazzo. La meta \u00e8 cos\u00ec ambita che le scale perdono il numero dei passi. Eccoti, finalmente, al cospetto di ci\u00f2 che cercavi: la profondit\u00e0 indaco che inizia a tingersi di tratti d\u2019azzurro pi\u00f9 scuro e che presto diventer\u00e0 blu. Ci versi dentro lo sguardo fino a sentirtene parte; \u00e8 un tuffo, stai lasciando il giorno e prendi i colori della notte, il suo silenzio danzante. <\/span><\/p>\n<p align=\"JUSTIFY\"><span style=\"font-size: medium;\">Siamo capaci di meravigliose metamorfosi se troviamo il coraggio di abbandonarci verso l\u2019alto. Si pu\u00f2 nuotare anche al contrario, nell\u2019altra sfera d\u2019azzurro. Ci vuole coraggio a pensare oltre il consueto e a provare a offrirne visione, si finisce per sembrare matti e ben venga. Tutti i poeti un po\u2019 lo sono \u2026 tutti quelli che vivono con passione e offrono i sentimenti nudi senza alcuna remora e proprio per questo riescono a non trovare impedimento in scheletri d\u2019antenne che spiccano prepotenti e incastrano, come artigli, quell\u2019angolo di cielo cos\u00ec anelato e faticato; quelle stesse antenne diventano scale per poter raggiungere lo spicchio di luna che invita a salire fin lass\u00f9 e adagiarsi come fosse una sedia a dondolo luminosa. E\u2019 una <\/span><span style=\"font-size: medium;\"><i>magia metropolitana<\/i><\/span><span style=\"font-size: medium;\"> quella che fa accadere Angela Ruta con questo scatto rubato dal suo balcone al Rione Ludovisi, ci regala la leggerezza, sospesi in un cielo dalle tinte fantastiche che inducono alla pace interiore al di l\u00e0 delle antenne e delle falsit\u00e0 del mondo che ci intrappola ma dal quale possiamo liberarci, se vogliamo, in fondo basta solo un po\u2019 di coraggio.<\/span><\/p>\n<p align=\"JUSTIFY\"><span style=\"font-size: medium;\"><i>Chiedo la luna stasera al cielo<\/i><\/span><\/p>\n<p align=\"JUSTIFY\"><span style=\"font-size: medium;\"><i>Trovo gli artigli di un mondo non vero<\/i><\/span><\/p>\n<p align=\"JUSTIFY\"><span style=\"font-size: medium;\"><i>Ma lei impigliata brilla di pi\u00f9<\/i><\/span><\/p>\n<p align=\"JUSTIFY\"><span style=\"font-size: medium;\"><i>Allora resto col naso all\u2019ins\u00f9<\/i><\/span><\/p>\n<p align=\"JUSTIFY\">\u2026<\/p>\n<p align=\"JUSTIFY\"><span style=\"font-size: medium;\"><strong><span style=\"font-family: Times New Roman, serif;\">\u00a9 Pina Ianiro<\/span><\/strong><\/span><\/p>\n<p align=\"JUSTIFY\"><span style=\"font-size: medium;\"><strong><span style=\"font-family: Times New Roman, serif;\">Editing fotografico a cura di Alessandro Lisci<\/span><\/strong><\/span><\/p>\n<figure id=\"attachment_27524\" aria-describedby=\"caption-attachment-27524\" style=\"width: 1024px\" class=\"wp-caption alignnone\"><img loading=\"lazy\" decoding=\"async\" class=\"size-full wp-image-27524\" src=\"https:\/\/www.romaoggi.eu\/wp-content\/uploads\/2021\/04\/Photo00163-credit-\u00a9-Angela-Ruta-copia.jpg\" alt=\"alt tag angela ruta\" width=\"1024\" height=\"662\" srcset=\"https:\/\/www.romaoggi.eu\/wp-content\/uploads\/2021\/04\/Photo00163-credit-\u00a9-Angela-Ruta-copia.jpg 1024w, https:\/\/www.romaoggi.eu\/wp-content\/uploads\/2021\/04\/Photo00163-credit-\u00a9-Angela-Ruta-copia-300x194.jpg 300w\" sizes=\"auto, (max-width: 1024px) 100vw, 1024px\" \/><figcaption id=\"caption-attachment-27524\" class=\"wp-caption-text\">Magie metropolitane \u00a9 Angela Ruta<\/figcaption><\/figure>\n<p align=\"JUSTIFY\"><strong><span style=\"color: #000000;\"><span style=\"font-family: Times New Roman, serif;\"><span style=\"font-size: medium;\"><b>La foto del giorno \u00e8 la rubrica di Alessandro Lisci su \u00a0 <\/b><\/span><\/span><\/span><\/strong><strong><a href=\"https:\/\/www.romaoggi.eu\/\"><span style=\"color: #000080;\"><span style=\"font-family: Times New Roman, serif;\"><span style=\"font-size: medium;\"><u><b>www.Romaoggi.eu<\/b><\/u><\/span><\/span><\/span><\/a><\/strong><strong><span style=\"color: #000000;\"><span style=\"font-size: medium;\">\u00a0<\/span><\/span><\/strong><strong><span style=\"color: #000000;\"><span style=\"font-family: Times New Roman, serif;\"><span style=\"font-size: medium;\"><b>.\u00a0 Invia la tua foto del giorno con un commento al whatsapp 3316379346 oppure alla seguente mail: alessandrolisci@yahoo.it.<\/b><\/span><\/span><\/span><\/strong><\/p>\n<p align=\"JUSTIFY\"><strong><span style=\"font-size: medium;\">Visita il sito \u00a0: <a href=\"http:\/\/www.alessandrolisci.com\/\">www.alessandrolisci.com<\/a><\/span><\/strong><\/p>\n<p><strong><span style=\"font-family: Times New Roman, serif;\"><span style=\"font-size: medium;\">Pina Ianiro<\/span><\/span><\/strong><span style=\"font-size: medium;\">\u00a0 <\/span><span style=\"font-family: Times New Roman, serif;\"><span style=\"font-size: medium;\">nasce a Caserta, <\/span><\/span><strong><span style=\"font-family: Times New Roman, serif;\"><span style=\"font-size: medium;\">laureata in Sociologia<\/span><\/span><\/strong><span style=\"font-family: Times New Roman, serif;\"><span style=\"font-size: medium;\">. <\/span><\/span><strong><span style=\"font-family: Times New Roman, serif;\"><span style=\"font-size: medium;\">Vive a Roma<\/span><\/span><\/strong> <span style=\"font-family: Times New Roman, serif;\"><span style=\"font-size: medium;\">e l<\/span><\/span><span style=\"font-family: Times New Roman, serif;\"><span style=\"font-size: medium;\"><b>avora come editor<\/b><\/span><\/span><span style=\"font-family: Times New Roman, serif;\"><span style=\"font-size: medium;\"> anche se preferisce definirsi \u201c<\/span><\/span><strong><span style=\"font-family: Times New Roman, serif;\"><span style=\"font-size: medium;\">curatrice di manoscritti<\/span><\/span><\/strong><span style=\"font-size: medium;\">\u201d <\/span><span style=\"font-family: Times New Roman, serif;\"><span style=\"font-size: medium;\">e porta avanti la sua passione per la letteratura e l\u2019arte. <\/span><\/span><strong><span style=\"font-family: Times New Roman, serif;\"><span style=\"font-size: medium;\">Ha pubblicato i romanzi<\/span><\/span><\/strong><span style=\"font-family: Times New Roman, serif;\"><span style=\"font-size: medium;\">:<\/span><\/span><span style=\"font-family: Times New Roman, serif;\"><span style=\"font-size: medium;\"><b>\u201cIl cubo bianco\u201d<\/b><\/span><\/span><span style=\"font-family: Times New Roman, serif;\"><span style=\"font-size: medium;\"> (Giulio Perrone LAB), <\/span><\/span><span style=\"font-family: Times New Roman, serif;\"><span style=\"font-size: medium;\"><b>\u201cQuanto ci mette la neve a cadere\u201d<\/b><\/span><\/span><span style=\"font-family: Times New Roman, serif;\"><span style=\"font-size: medium;\"> (L\u2019Erudita) e una raccolta monografica di racconti e poesie \u201c<\/span><\/span><span style=\"font-family: Times New Roman, serif;\"><span style=\"font-size: medium;\"><b>Amore: maneggiare con prudenza\u201d <\/b><\/span><\/span><span style=\"font-family: Times New Roman, serif;\"><span style=\"font-size: medium;\">(L\u2019Erudita). <\/span><\/span><strong><span style=\"font-family: Times New Roman, serif;\"><span style=\"font-size: medium;\">Oltre che autrice \u00e8 ghostwriter<\/span><\/span><\/strong><span style=\"font-family: Times New Roman, serif;\"><span style=\"font-size: medium;\">. Gestisce il blog <\/span><\/span><strong><span style=\"font-family: Times New Roman, serif;\"><span style=\"font-size: medium;\"><a href=\"http:\/\/www.pinaianiro.blogspot.com\/\">http:\/\/www.pinaianiro.blogspot.com<\/a> .<\/span><\/span><\/strong><\/p>\n<p><img loading=\"lazy\" decoding=\"async\" class=\"alignnone size-full wp-image-27186\" src=\"https:\/\/www.romaoggi.eu\/wp-content\/uploads\/2021\/04\/WhatsApp-Image-2021-04-04-at-19.36.07-e1617645244810.jpeg\" alt=\"alt tag Pina Ianiro\" width=\"60\" height=\"89\" \/>su FB :\u00a0 <a href=\"https:\/\/www.facebook.com\/aria.giaprimavera\">https:\/\/www.facebook.com\/aria.giaprimavera<\/a><\/p>\n","protected":false},"excerpt":{"rendered":"<div class=\"mh-excerpt\"><p>\u201cLa foto del giorno\u201d di\u00a0sabato 23 aprile 2021 dal titolo \u201cMagie metropolitane\u201d, ci \u00e8 stata inviata da Angela Ruta, ed \u00e8 stata scattata nel rione Ludovisi di Roma (via Veneto). Invia la tua foto del <a class=\"mh-excerpt-more\" href=\"https:\/\/www.romaoggi.eu\/index.php\/2021\/04\/24\/magie-metropolitane-dal-rione-ludovisi\/\" title=\"Magie metropolitane dal rione Ludovisi\">[&#8230;]<\/a><\/p>\n<\/div>","protected":false},"author":10,"featured_media":27524,"comment_status":"closed","ping_status":"open","sticky":false,"template":"","format":"standard","meta":{"_sitemap_exclude":false,"_sitemap_priority":"","_sitemap_frequency":"","footnotes":""},"categories":[8934],"tags":[14912,14913,14565,14581,4137,14937,14939,274,7157,10420,13676,14496,14938,343,1738,634,14580],"class_list":["post-27521","post","type-post","status-publish","format-standard","has-post-thumbnail","hentry","category-lafotodelgiorno","tag-photography","tag-stories","tag-streetphoto","tag-streetphotoroma","tag-alessandro-lisci","tag-angela-ruta","tag-antenne","tag-fotografia","tag-italy","tag-la-foto-del-giorno","tag-life","tag-pina-ianiro","tag-rione-ludovisi","tag-roma-capitale","tag-romaoggi-eu","tag-rome","tag-streetphotography"],"yoast_head":"<!-- This site is optimized with the Yoast SEO plugin v27.5 - https:\/\/yoast.com\/product\/yoast-seo-wordpress\/ -->\n<title>Magie metropolitane dal rione Ludovisi<\/title>\n<meta name=\"description\" content=\"\u201cLa foto del giorno\u201d di\u00a0sabato 23 aprile 2021 dal titolo \u201cMagie metropolitane\u201d, ci \u00e8 stata inviata da Angela Ruta, ed \u00e8 stata scattata nel rione Ludovisi\" \/>\n<meta name=\"robots\" content=\"index, follow, max-snippet:-1, max-image-preview:large, max-video-preview:-1\" \/>\n<link rel=\"canonical\" href=\"https:\/\/www.romaoggi.eu\/index.php\/2021\/04\/24\/magie-metropolitane-dal-rione-ludovisi\/\" \/>\n<meta property=\"og:locale\" content=\"it_IT\" \/>\n<meta property=\"og:type\" content=\"article\" \/>\n<meta property=\"og:title\" content=\"Magie metropolitane dal rione Ludovisi\" \/>\n<meta property=\"og:description\" content=\"\u201cLa foto del giorno\u201d di\u00a0sabato 23 aprile 2021 dal titolo \u201cMagie metropolitane\u201d, ci \u00e8 stata inviata da Angela Ruta, ed \u00e8 stata scattata nel rione Ludovisi\" \/>\n<meta property=\"og:url\" content=\"https:\/\/www.romaoggi.eu\/index.php\/2021\/04\/24\/magie-metropolitane-dal-rione-ludovisi\/\" \/>\n<meta property=\"og:site_name\" content=\"roma oggi\" \/>\n<meta property=\"article:publisher\" content=\"https:\/\/www.facebook.com\/RomaOggi-841544845954114\" \/>\n<meta property=\"article:author\" content=\"https:\/\/www.facebook.com\/alessandro.lisci.5\" \/>\n<meta property=\"article:published_time\" content=\"2021-04-23T22:20:42+00:00\" \/>\n<meta property=\"article:modified_time\" content=\"2021-04-24T05:57:22+00:00\" \/>\n<meta property=\"og:image\" content=\"https:\/\/www.romaoggi.eu\/wp-content\/uploads\/2021\/04\/Photo00163-credit-\u00a9-Angela-Ruta-copia.jpg\" \/>\n\t<meta property=\"og:image:width\" content=\"1024\" \/>\n\t<meta property=\"og:image:height\" content=\"662\" \/>\n\t<meta property=\"og:image:type\" content=\"image\/jpeg\" \/>\n<meta name=\"author\" content=\"Alessandro Lisci\" \/>\n<meta name=\"twitter:card\" content=\"summary_large_image\" \/>\n<meta name=\"twitter:creator\" content=\"@https:\/\/twitter.com\/alessandrolisci\" \/>\n<meta name=\"twitter:site\" content=\"@romaoggi_eu\" \/>\n<meta name=\"twitter:label1\" content=\"Scritto da\" \/>\n\t<meta name=\"twitter:data1\" content=\"Alessandro Lisci\" \/>\n\t<meta name=\"twitter:label2\" content=\"Tempo di lettura stimato\" \/>\n\t<meta name=\"twitter:data2\" content=\"4 minuti\" \/>\n<script type=\"application\/ld+json\" class=\"yoast-schema-graph\">{\"@context\":\"https:\\\/\\\/schema.org\",\"@graph\":[{\"@type\":\"Article\",\"@id\":\"https:\\\/\\\/www.romaoggi.eu\\\/index.php\\\/2021\\\/04\\\/24\\\/magie-metropolitane-dal-rione-ludovisi\\\/#article\",\"isPartOf\":{\"@id\":\"https:\\\/\\\/www.romaoggi.eu\\\/index.php\\\/2021\\\/04\\\/24\\\/magie-metropolitane-dal-rione-ludovisi\\\/\"},\"author\":{\"name\":\"Alessandro Lisci\",\"@id\":\"https:\\\/\\\/www.romaoggi.eu\\\/#\\\/schema\\\/person\\\/30ada62b3bd510c45a781b7e3bf65e69\"},\"headline\":\"Magie metropolitane dal rione Ludovisi\",\"datePublished\":\"2021-04-23T22:20:42+00:00\",\"dateModified\":\"2021-04-24T05:57:22+00:00\",\"mainEntityOfPage\":{\"@id\":\"https:\\\/\\\/www.romaoggi.eu\\\/index.php\\\/2021\\\/04\\\/24\\\/magie-metropolitane-dal-rione-ludovisi\\\/\"},\"wordCount\":659,\"publisher\":{\"@id\":\"https:\\\/\\\/www.romaoggi.eu\\\/#organization\"},\"image\":{\"@id\":\"https:\\\/\\\/www.romaoggi.eu\\\/index.php\\\/2021\\\/04\\\/24\\\/magie-metropolitane-dal-rione-ludovisi\\\/#primaryimage\"},\"thumbnailUrl\":\"https:\\\/\\\/www.romaoggi.eu\\\/wp-content\\\/uploads\\\/2021\\\/04\\\/Photo00163-credit-\u00a9-Angela-Ruta-copia.jpg\",\"keywords\":[\"#photography\",\"#stories\",\"#streetphoto\",\"#streetphotoroma\",\"alessandro lisci\",\"angela ruta\",\"antenne\",\"fotografia\",\"Italy\",\"La foto del giorno\",\"life\",\"pina ianiro\",\"rione ludovisi\",\"roma capitale\",\"RomaOggi.eu\",\"rome\",\"streetphotography\"],\"articleSection\":[\"La foto del giorno\"],\"inLanguage\":\"it-IT\"},{\"@type\":\"WebPage\",\"@id\":\"https:\\\/\\\/www.romaoggi.eu\\\/index.php\\\/2021\\\/04\\\/24\\\/magie-metropolitane-dal-rione-ludovisi\\\/\",\"url\":\"https:\\\/\\\/www.romaoggi.eu\\\/index.php\\\/2021\\\/04\\\/24\\\/magie-metropolitane-dal-rione-ludovisi\\\/\",\"name\":\"Magie metropolitane dal rione Ludovisi\",\"isPartOf\":{\"@id\":\"https:\\\/\\\/www.romaoggi.eu\\\/#website\"},\"primaryImageOfPage\":{\"@id\":\"https:\\\/\\\/www.romaoggi.eu\\\/index.php\\\/2021\\\/04\\\/24\\\/magie-metropolitane-dal-rione-ludovisi\\\/#primaryimage\"},\"image\":{\"@id\":\"https:\\\/\\\/www.romaoggi.eu\\\/index.php\\\/2021\\\/04\\\/24\\\/magie-metropolitane-dal-rione-ludovisi\\\/#primaryimage\"},\"thumbnailUrl\":\"https:\\\/\\\/www.romaoggi.eu\\\/wp-content\\\/uploads\\\/2021\\\/04\\\/Photo00163-credit-\u00a9-Angela-Ruta-copia.jpg\",\"datePublished\":\"2021-04-23T22:20:42+00:00\",\"dateModified\":\"2021-04-24T05:57:22+00:00\",\"description\":\"\u201cLa foto del giorno\u201d di\u00a0sabato 23 aprile 2021 dal titolo \u201cMagie metropolitane\u201d, ci \u00e8 stata inviata da Angela Ruta, ed \u00e8 stata scattata nel rione Ludovisi\",\"breadcrumb\":{\"@id\":\"https:\\\/\\\/www.romaoggi.eu\\\/index.php\\\/2021\\\/04\\\/24\\\/magie-metropolitane-dal-rione-ludovisi\\\/#breadcrumb\"},\"inLanguage\":\"it-IT\",\"potentialAction\":[{\"@type\":\"ReadAction\",\"target\":[\"https:\\\/\\\/www.romaoggi.eu\\\/index.php\\\/2021\\\/04\\\/24\\\/magie-metropolitane-dal-rione-ludovisi\\\/\"]}]},{\"@type\":\"ImageObject\",\"inLanguage\":\"it-IT\",\"@id\":\"https:\\\/\\\/www.romaoggi.eu\\\/index.php\\\/2021\\\/04\\\/24\\\/magie-metropolitane-dal-rione-ludovisi\\\/#primaryimage\",\"url\":\"https:\\\/\\\/www.romaoggi.eu\\\/wp-content\\\/uploads\\\/2021\\\/04\\\/Photo00163-credit-\u00a9-Angela-Ruta-copia.jpg\",\"contentUrl\":\"https:\\\/\\\/www.romaoggi.eu\\\/wp-content\\\/uploads\\\/2021\\\/04\\\/Photo00163-credit-\u00a9-Angela-Ruta-copia.jpg\",\"width\":1024,\"height\":662,\"caption\":\"Magie metropolitane \u00a9 Angela Ruta\"},{\"@type\":\"BreadcrumbList\",\"@id\":\"https:\\\/\\\/www.romaoggi.eu\\\/index.php\\\/2021\\\/04\\\/24\\\/magie-metropolitane-dal-rione-ludovisi\\\/#breadcrumb\",\"itemListElement\":[{\"@type\":\"ListItem\",\"position\":1,\"name\":\"Home\",\"item\":\"https:\\\/\\\/www.romaoggi.eu\\\/\"},{\"@type\":\"ListItem\",\"position\":2,\"name\":\"Magie metropolitane dal rione Ludovisi\"}]},{\"@type\":\"WebSite\",\"@id\":\"https:\\\/\\\/www.romaoggi.eu\\\/#website\",\"url\":\"https:\\\/\\\/www.romaoggi.eu\\\/\",\"name\":\"roma oggi\",\"description\":\"Interesting News for Interesting people\",\"publisher\":{\"@id\":\"https:\\\/\\\/www.romaoggi.eu\\\/#organization\"},\"potentialAction\":[{\"@type\":\"SearchAction\",\"target\":{\"@type\":\"EntryPoint\",\"urlTemplate\":\"https:\\\/\\\/www.romaoggi.eu\\\/?s={search_term_string}\"},\"query-input\":{\"@type\":\"PropertyValueSpecification\",\"valueRequired\":true,\"valueName\":\"search_term_string\"}}],\"inLanguage\":\"it-IT\"},{\"@type\":\"Organization\",\"@id\":\"https:\\\/\\\/www.romaoggi.eu\\\/#organization\",\"name\":\"RomaOggi\",\"url\":\"https:\\\/\\\/www.romaoggi.eu\\\/\",\"logo\":{\"@type\":\"ImageObject\",\"inLanguage\":\"it-IT\",\"@id\":\"https:\\\/\\\/www.romaoggi.eu\\\/#\\\/schema\\\/logo\\\/image\\\/\",\"url\":\"https:\\\/\\\/www.romaoggi.eu\\\/wp-content\\\/uploads\\\/2017\\\/04\\\/logowp.jpg\",\"contentUrl\":\"https:\\\/\\\/www.romaoggi.eu\\\/wp-content\\\/uploads\\\/2017\\\/04\\\/logowp.jpg\",\"width\":300,\"height\":133,\"caption\":\"RomaOggi\"},\"image\":{\"@id\":\"https:\\\/\\\/www.romaoggi.eu\\\/#\\\/schema\\\/logo\\\/image\\\/\"},\"sameAs\":[\"https:\\\/\\\/www.facebook.com\\\/RomaOggi-841544845954114\",\"https:\\\/\\\/x.com\\\/romaoggi_eu\"]},{\"@type\":\"Person\",\"@id\":\"https:\\\/\\\/www.romaoggi.eu\\\/#\\\/schema\\\/person\\\/30ada62b3bd510c45a781b7e3bf65e69\",\"name\":\"Alessandro Lisci\",\"image\":{\"@type\":\"ImageObject\",\"inLanguage\":\"it-IT\",\"@id\":\"https:\\\/\\\/secure.gravatar.com\\\/avatar\\\/9b9712162b2ac404aa0d7d978185f203808e7bd02856a449b19868b2eb80cf12?s=96&d=mm&r=g\",\"url\":\"https:\\\/\\\/secure.gravatar.com\\\/avatar\\\/9b9712162b2ac404aa0d7d978185f203808e7bd02856a449b19868b2eb80cf12?s=96&d=mm&r=g\",\"contentUrl\":\"https:\\\/\\\/secure.gravatar.com\\\/avatar\\\/9b9712162b2ac404aa0d7d978185f203808e7bd02856a449b19868b2eb80cf12?s=96&d=mm&r=g\",\"caption\":\"Alessandro Lisci\"},\"sameAs\":[\"http:\\\/\\\/www.alessandrolisci.com\",\"https:\\\/\\\/www.facebook.com\\\/alessandro.lisci.5\",\"https:\\\/\\\/x.com\\\/https:\\\/\\\/twitter.com\\\/alessandrolisci\",\"https:\\\/\\\/www.youtube.com\\\/user\\\/alessandrolisci\"],\"url\":\"https:\\\/\\\/www.romaoggi.eu\\\/index.php\\\/author\\\/alessandro\\\/\"}]}<\/script>\n<!-- \/ Yoast SEO plugin. -->","yoast_head_json":{"title":"Magie metropolitane dal rione Ludovisi","description":"\u201cLa foto del giorno\u201d di\u00a0sabato 23 aprile 2021 dal titolo \u201cMagie metropolitane\u201d, ci \u00e8 stata inviata da Angela Ruta, ed \u00e8 stata scattata nel rione Ludovisi","robots":{"index":"index","follow":"follow","max-snippet":"max-snippet:-1","max-image-preview":"max-image-preview:large","max-video-preview":"max-video-preview:-1"},"canonical":"https:\/\/www.romaoggi.eu\/index.php\/2021\/04\/24\/magie-metropolitane-dal-rione-ludovisi\/","og_locale":"it_IT","og_type":"article","og_title":"Magie metropolitane dal rione Ludovisi","og_description":"\u201cLa foto del giorno\u201d di\u00a0sabato 23 aprile 2021 dal titolo \u201cMagie metropolitane\u201d, ci \u00e8 stata inviata da Angela Ruta, ed \u00e8 stata scattata nel rione Ludovisi","og_url":"https:\/\/www.romaoggi.eu\/index.php\/2021\/04\/24\/magie-metropolitane-dal-rione-ludovisi\/","og_site_name":"roma oggi","article_publisher":"https:\/\/www.facebook.com\/RomaOggi-841544845954114","article_author":"https:\/\/www.facebook.com\/alessandro.lisci.5","article_published_time":"2021-04-23T22:20:42+00:00","article_modified_time":"2021-04-24T05:57:22+00:00","og_image":[{"width":1024,"height":662,"url":"https:\/\/www.romaoggi.eu\/wp-content\/uploads\/2021\/04\/Photo00163-credit-\u00a9-Angela-Ruta-copia.jpg","type":"image\/jpeg"}],"author":"Alessandro Lisci","twitter_card":"summary_large_image","twitter_creator":"@https:\/\/twitter.com\/alessandrolisci","twitter_site":"@romaoggi_eu","twitter_misc":{"Scritto da":"Alessandro Lisci","Tempo di lettura stimato":"4 minuti"},"schema":{"@context":"https:\/\/schema.org","@graph":[{"@type":"Article","@id":"https:\/\/www.romaoggi.eu\/index.php\/2021\/04\/24\/magie-metropolitane-dal-rione-ludovisi\/#article","isPartOf":{"@id":"https:\/\/www.romaoggi.eu\/index.php\/2021\/04\/24\/magie-metropolitane-dal-rione-ludovisi\/"},"author":{"name":"Alessandro Lisci","@id":"https:\/\/www.romaoggi.eu\/#\/schema\/person\/30ada62b3bd510c45a781b7e3bf65e69"},"headline":"Magie metropolitane dal rione Ludovisi","datePublished":"2021-04-23T22:20:42+00:00","dateModified":"2021-04-24T05:57:22+00:00","mainEntityOfPage":{"@id":"https:\/\/www.romaoggi.eu\/index.php\/2021\/04\/24\/magie-metropolitane-dal-rione-ludovisi\/"},"wordCount":659,"publisher":{"@id":"https:\/\/www.romaoggi.eu\/#organization"},"image":{"@id":"https:\/\/www.romaoggi.eu\/index.php\/2021\/04\/24\/magie-metropolitane-dal-rione-ludovisi\/#primaryimage"},"thumbnailUrl":"https:\/\/www.romaoggi.eu\/wp-content\/uploads\/2021\/04\/Photo00163-credit-\u00a9-Angela-Ruta-copia.jpg","keywords":["#photography","#stories","#streetphoto","#streetphotoroma","alessandro lisci","angela ruta","antenne","fotografia","Italy","La foto del giorno","life","pina ianiro","rione ludovisi","roma capitale","RomaOggi.eu","rome","streetphotography"],"articleSection":["La foto del giorno"],"inLanguage":"it-IT"},{"@type":"WebPage","@id":"https:\/\/www.romaoggi.eu\/index.php\/2021\/04\/24\/magie-metropolitane-dal-rione-ludovisi\/","url":"https:\/\/www.romaoggi.eu\/index.php\/2021\/04\/24\/magie-metropolitane-dal-rione-ludovisi\/","name":"Magie metropolitane dal rione Ludovisi","isPartOf":{"@id":"https:\/\/www.romaoggi.eu\/#website"},"primaryImageOfPage":{"@id":"https:\/\/www.romaoggi.eu\/index.php\/2021\/04\/24\/magie-metropolitane-dal-rione-ludovisi\/#primaryimage"},"image":{"@id":"https:\/\/www.romaoggi.eu\/index.php\/2021\/04\/24\/magie-metropolitane-dal-rione-ludovisi\/#primaryimage"},"thumbnailUrl":"https:\/\/www.romaoggi.eu\/wp-content\/uploads\/2021\/04\/Photo00163-credit-\u00a9-Angela-Ruta-copia.jpg","datePublished":"2021-04-23T22:20:42+00:00","dateModified":"2021-04-24T05:57:22+00:00","description":"\u201cLa foto del giorno\u201d di\u00a0sabato 23 aprile 2021 dal titolo \u201cMagie metropolitane\u201d, ci \u00e8 stata inviata da Angela Ruta, ed \u00e8 stata scattata nel rione Ludovisi","breadcrumb":{"@id":"https:\/\/www.romaoggi.eu\/index.php\/2021\/04\/24\/magie-metropolitane-dal-rione-ludovisi\/#breadcrumb"},"inLanguage":"it-IT","potentialAction":[{"@type":"ReadAction","target":["https:\/\/www.romaoggi.eu\/index.php\/2021\/04\/24\/magie-metropolitane-dal-rione-ludovisi\/"]}]},{"@type":"ImageObject","inLanguage":"it-IT","@id":"https:\/\/www.romaoggi.eu\/index.php\/2021\/04\/24\/magie-metropolitane-dal-rione-ludovisi\/#primaryimage","url":"https:\/\/www.romaoggi.eu\/wp-content\/uploads\/2021\/04\/Photo00163-credit-\u00a9-Angela-Ruta-copia.jpg","contentUrl":"https:\/\/www.romaoggi.eu\/wp-content\/uploads\/2021\/04\/Photo00163-credit-\u00a9-Angela-Ruta-copia.jpg","width":1024,"height":662,"caption":"Magie metropolitane \u00a9 Angela Ruta"},{"@type":"BreadcrumbList","@id":"https:\/\/www.romaoggi.eu\/index.php\/2021\/04\/24\/magie-metropolitane-dal-rione-ludovisi\/#breadcrumb","itemListElement":[{"@type":"ListItem","position":1,"name":"Home","item":"https:\/\/www.romaoggi.eu\/"},{"@type":"ListItem","position":2,"name":"Magie metropolitane dal rione Ludovisi"}]},{"@type":"WebSite","@id":"https:\/\/www.romaoggi.eu\/#website","url":"https:\/\/www.romaoggi.eu\/","name":"roma oggi","description":"Interesting News for Interesting people","publisher":{"@id":"https:\/\/www.romaoggi.eu\/#organization"},"potentialAction":[{"@type":"SearchAction","target":{"@type":"EntryPoint","urlTemplate":"https:\/\/www.romaoggi.eu\/?s={search_term_string}"},"query-input":{"@type":"PropertyValueSpecification","valueRequired":true,"valueName":"search_term_string"}}],"inLanguage":"it-IT"},{"@type":"Organization","@id":"https:\/\/www.romaoggi.eu\/#organization","name":"RomaOggi","url":"https:\/\/www.romaoggi.eu\/","logo":{"@type":"ImageObject","inLanguage":"it-IT","@id":"https:\/\/www.romaoggi.eu\/#\/schema\/logo\/image\/","url":"https:\/\/www.romaoggi.eu\/wp-content\/uploads\/2017\/04\/logowp.jpg","contentUrl":"https:\/\/www.romaoggi.eu\/wp-content\/uploads\/2017\/04\/logowp.jpg","width":300,"height":133,"caption":"RomaOggi"},"image":{"@id":"https:\/\/www.romaoggi.eu\/#\/schema\/logo\/image\/"},"sameAs":["https:\/\/www.facebook.com\/RomaOggi-841544845954114","https:\/\/x.com\/romaoggi_eu"]},{"@type":"Person","@id":"https:\/\/www.romaoggi.eu\/#\/schema\/person\/30ada62b3bd510c45a781b7e3bf65e69","name":"Alessandro Lisci","image":{"@type":"ImageObject","inLanguage":"it-IT","@id":"https:\/\/secure.gravatar.com\/avatar\/9b9712162b2ac404aa0d7d978185f203808e7bd02856a449b19868b2eb80cf12?s=96&d=mm&r=g","url":"https:\/\/secure.gravatar.com\/avatar\/9b9712162b2ac404aa0d7d978185f203808e7bd02856a449b19868b2eb80cf12?s=96&d=mm&r=g","contentUrl":"https:\/\/secure.gravatar.com\/avatar\/9b9712162b2ac404aa0d7d978185f203808e7bd02856a449b19868b2eb80cf12?s=96&d=mm&r=g","caption":"Alessandro Lisci"},"sameAs":["http:\/\/www.alessandrolisci.com","https:\/\/www.facebook.com\/alessandro.lisci.5","https:\/\/x.com\/https:\/\/twitter.com\/alessandrolisci","https:\/\/www.youtube.com\/user\/alessandrolisci"],"url":"https:\/\/www.romaoggi.eu\/index.php\/author\/alessandro\/"}]}},"_links":{"self":[{"href":"https:\/\/www.romaoggi.eu\/index.php\/wp-json\/wp\/v2\/posts\/27521","targetHints":{"allow":["GET"]}}],"collection":[{"href":"https:\/\/www.romaoggi.eu\/index.php\/wp-json\/wp\/v2\/posts"}],"about":[{"href":"https:\/\/www.romaoggi.eu\/index.php\/wp-json\/wp\/v2\/types\/post"}],"author":[{"embeddable":true,"href":"https:\/\/www.romaoggi.eu\/index.php\/wp-json\/wp\/v2\/users\/10"}],"replies":[{"embeddable":true,"href":"https:\/\/www.romaoggi.eu\/index.php\/wp-json\/wp\/v2\/comments?post=27521"}],"version-history":[{"count":6,"href":"https:\/\/www.romaoggi.eu\/index.php\/wp-json\/wp\/v2\/posts\/27521\/revisions"}],"predecessor-version":[{"id":27556,"href":"https:\/\/www.romaoggi.eu\/index.php\/wp-json\/wp\/v2\/posts\/27521\/revisions\/27556"}],"wp:featuredmedia":[{"embeddable":true,"href":"https:\/\/www.romaoggi.eu\/index.php\/wp-json\/wp\/v2\/media\/27524"}],"wp:attachment":[{"href":"https:\/\/www.romaoggi.eu\/index.php\/wp-json\/wp\/v2\/media?parent=27521"}],"wp:term":[{"taxonomy":"category","embeddable":true,"href":"https:\/\/www.romaoggi.eu\/index.php\/wp-json\/wp\/v2\/categories?post=27521"},{"taxonomy":"post_tag","embeddable":true,"href":"https:\/\/www.romaoggi.eu\/index.php\/wp-json\/wp\/v2\/tags?post=27521"}],"curies":[{"name":"wp","href":"https:\/\/api.w.org\/{rel}","templated":true}]}}