{"id":27752,"date":"2021-05-04T19:33:19","date_gmt":"2021-05-04T17:33:19","guid":{"rendered":"http:\/\/www.romaoggi.eu\/?p=27752"},"modified":"2021-05-09T09:18:04","modified_gmt":"2021-05-09T07:18:04","slug":"alla-montagnola-la-street-art-sulla-memoria","status":"publish","type":"post","link":"https:\/\/www.romaoggi.eu\/index.php\/2021\/05\/04\/alla-montagnola-la-street-art-sulla-memoria\/","title":{"rendered":"Alla Montagnola la street art sulla Memoria riqualifica la scuola Salvatore Di Giacomo"},"content":{"rendered":"<p align=\"JUSTIFY\"><strong><span style=\"color: #000000;\"><span style=\"font-family: Times New Roman, serif;\"><span style=\"font-size: medium;\">Roma, 4 maggio 2021<\/span><\/span><\/span><\/strong><\/p>\n<p align=\"JUSTIFY\"><span style=\"font-family: Times New Roman, serif;\"><span style=\"font-size: medium;\"><span style=\"color: #000000;\">E\u2019 stato presentato oggi, in streaming, il nuovo progetto di Street Art <\/span><span style=\"color: #000000;\">\u201c<\/span><span style=\"color: #000000;\"><b>MA\u00aeT <\/b><\/span><span style=\"color: #000000;\">&#8211; <\/span><span style=\"color: #000000;\"><b>Millennials A\u00aeT Work \u2013 annualit\u00e0 2020\u201d<\/b><\/span> <span style=\"color: #000000;\">realizzato nel quartiere della Montagnola, Municipio VIII.<\/span><\/span><\/span><\/p>\n<p align=\"JUSTIFY\"><span style=\"font-family: Times New Roman, serif;\"><span style=\"font-size: medium;\"><span style=\"color: #000000;\">Hanno partecipato alla conferenza stampa <strong>Amedeo Ciaccheri<\/strong>, Presidente del Municipio VIII, <strong>Francesca Vetrugno<\/strong>, Assessora alla Scuola e alla Cultura del Municipio VIII, <strong>Tiziano Panici<\/strong>, direzione di Dominio Pubblico e <strong>Paola Carra<\/strong>, vicepresidente di Retake, nonch\u00e9 <strong>Paolo Gojo Colasanti<\/strong>, direttore artistico del progetto.<\/span><\/span><\/span><\/p>\n<p align=\"JUSTIFY\"><span style=\"color: #000000;\"><span style=\"font-family: Times New Roman, serif;\"><span style=\"font-size: medium;\">Un &#8220;ecosistema culturale\u201d che parte dalla comunit\u00e0 scolastica, cos\u00ec lo definisce <strong>Amedeo Ciaccheri<\/strong>, ovvero una progettualit\u00e0 di iniziativa artistica, una cura della citt\u00e0, una rigenerazione urbana che trasforma questi luoghi in \u201cluoghi dell\u2019anima\u201d. Un\u2019opera di trasformazione che verr\u00e0 condivisa nei prossimi giorni in presenza.<\/span><\/span><\/span><\/p>\n<p align=\"JUSTIFY\"><span style=\"font-family: Times New Roman, serif;\"><span style=\"font-size: medium;\"><span style=\"color: #000000;\">Una realizzazione di opere murarie che raccontano il quartiere attraverso un concerto di energie con un linguaggio comune tra Istituzioni, ragazzi della scuola, e l\u2019associazione Dominio Pubblico, con la partecipazione di <strong>Retake<\/strong>, da anni in prima linea in tema di <\/span><span style=\"color: #000000;\">di rigenerazione urbana, della cura condivisa dei beni comuni attraverso la cittadinanza attiva e il volontariato.<\/span><\/span><\/span><\/p>\n<p align=\"JUSTIFY\"><span style=\"font-family: Times New Roman, serif;\"><span style=\"font-size: medium;\"><span style=\"color: #000000;\"><strong>Francesca Vetrugno<\/strong>, Assessora alla Scuola, ha spiegato come \u00e8 stata concertata la tematica rappresentata dalle opere, coinvolgendo i ragazzi della <strong>scuola<\/strong> <strong>Salvatore di Giacomo<\/strong>, plesso dell\u2019<strong>IC <\/strong><\/span><span style=\"color: #000000;\"><b>Poggiali-Spizzichino<\/b><\/span><span style=\"color: #000000;\">. La tematica scelta \u00e8 stata la Memoria, anche perch\u00e9 l\u2019Istituto Comprensivo \u00e8 dedicato a Poggiali e Spizzichino, eroi e vittime del nazifascismo.<\/span><\/span><\/span><\/p>\n<p align=\"JUSTIFY\"><span style=\"color: #000000;\"><span style=\"font-family: Times New Roman, serif;\"><span style=\"font-size: medium;\">La memoria e il ricordo sono stati rappresentati dagli street artists in diversi modi: dalla memoria che vola, dalla memoria dell\u2019elefante, i fiori legati al ricordo, le battaglie della montagnola, le staffette partigiane ed il ricordo di un fornaio eroico fucilato durante gli scontri alla <strong>Montagnola<\/strong>.<\/span><\/span><\/span><\/p>\n<p align=\"JUSTIFY\"><span style=\"color: #000000;\"><span style=\"font-family: Times New Roman, serif;\"><span style=\"font-size: medium;\">La scuola si trasforma cos\u00ec in un \u201cmuseo a cielo aperto\u201d, in un concetto di condivisione e di rigenerazione del quartiere a disposizione dei ragazzi e dei cittadini.<\/span><\/span><\/span><\/p>\n<p style=\"text-align: right;\" align=\"JUSTIFY\"><span style=\"color: #000000;\"><span style=\"font-family: Times New Roman, serif;\"><span style=\"font-size: medium;\"><b>Tiziana Belli<\/b><\/span><\/span><\/span><\/p>\n<p align=\"JUSTIFY\"><span style=\"color: #000000;\"><span style=\"font-family: Times New Roman, serif;\"><span style=\"font-size: medium;\"><b>Romaoggi.eu <\/b>ha raggiunto al telefono <strong>Francesca Vetrugno<\/strong>, Assessora alla Scuola e alla Cultura del Municipio VIII.<\/span><\/span><\/span><\/p>\n<p align=\"JUSTIFY\"><span style=\"font-family: Times New Roman, serif;\"><span style=\"font-size: medium;\"><span style=\"color: #000000;\"><b>In questo progetto qual \u00e8 stato l&#8217;apporto del Municipio?\u00a0<\/b><\/span><span style=\"color: #000000;\"> \u201cNoi abbiamo partecipato attivamente con l&#8217;associazione <strong>Dominio Pubblico<\/strong> nella fase iniziale, presentando la manifestazione d&#8217;interesse, successivamente abbiamo individuato i contesti di realizzazione con un&#8217;azione di prossimit\u00e0 e di opportunit\u00e0 di realizzazione del progetto.\u201d<\/span><\/span><\/span><\/p>\n<p align=\"JUSTIFY\"><span style=\"font-family: Times New Roman, serif;\"><span style=\"font-size: medium;\"><span style=\"color: #000000;\"><b>Questo progetto fa parte di una politica d&#8217;intervento pi\u00f9 ampia nelle scuole del suo Municipio?<\/b><\/span><span style=\"color: #000000;\"> \u201cSi, \u00e8 stato un punto non solo di arrivo, ma di una serie di azioni che stiamo facendo nelle scuole anche con la collaborazione del terzo settore, tanto \u00e8 vero che adesso i centri estivi che stiamo organizzando avranno come punteggio aggiuntivo, per gli enti gestori, quello di lasciare opere di riqualificazione ovvero interventi di street art o giochi. Ad esempio in una scuola di Tor Marancia abbiamo realizzato da poco una pista orizzontale per i tricicli dei bambini, quindi interventi che lascino alle scuole dei progetti aggiuntivi di tipo artistico o ambientale. <\/span><\/span><\/span><\/p>\n<p align=\"JUSTIFY\"><span style=\"font-family: Times New Roman, serif;\"><span style=\"font-size: medium;\"><span style=\"color: #000000;\"><b>Avete a breve un altro progetto in fase di realizzazione?<\/b><\/span><span style=\"color: #000000;\">: \u201cSi, c&#8217;\u00e8 un altro progetto che a breve , cio\u00e8 nell&#8217;arco di un paio di settimane, si concretizzer\u00e0 nella scuola Leonardo Da Vinci.\u00a0 Nasce in un contesto di ristrutturazione del plesso dove stiamo abbattendo un padiglione e faremo un&#8217;operazione analoga a quella della Montagnola. Abbiamo preso gi\u00e0 accordi con i docenti e con i ragazzi.\u00a0 Anche questa volta i soggetti coinvolti sono Dominio Pubblico e Retake Scuola e naturalmente l&#8217;associazione dei genitori. Alla <strong>Salvatore Di Giacomo<\/strong> i ragazzi sono stati coinvolti dagli artisti che gli spiegavano le opere in realizzazione. Gli stessi bozzetti sono stati pensati dopo un confronto con i docenti della scuola che lavora molto sul tema della Memoria, il tema che appunto ci \u00e8 stato indicato. E<\/span><\/span><\/span><span style=\"font-family: Times New Roman, serif;\"><span style=\"font-size: medium;\"><span style=\"color: #000000;\">&#8216; stato realizzato anche un murales con l&#8217;intervento diretto dei ragazzi che raffigura il nome della scuola. Constestualmente Retake ha coinvolto i ragazzi\u00a0 in azioni collaterali di riqualificazione sia nella parte del verde sia negli arredi, ridipingendo l&#8217;inferriata della scuola.<\/span><\/span><\/span><\/p>\n<p style=\"text-align: right;\" align=\"JUSTIFY\"><span style=\"color: #000000;\"><span style=\"font-family: Times New Roman, serif;\"><span style=\"font-size: medium;\"><b>Alessandro Lisci<\/b><\/span><\/span><\/span><\/p>\n<p align=\"JUSTIFY\"><span style=\"font-family: Times New Roman, serif;\"><span style=\"font-size: medium;\"><span style=\"color: #000000;\">Progetto di <\/span><span style=\"color: #000000;\"><b>Dominio Pubblico<\/b><\/span><span style=\"color: #000000;\"> con la curatela di <\/span><span style=\"color: #000000;\"><b>Paolo Colasanti in arte Gojo<\/b><\/span><span style=\"color: #000000;\">, \u201c<\/span><span style=\"color: #000000;\"><b>MA\u00aeT<\/b><\/span> <span style=\"color: #000000;\"><b>&#8211; Millennials A\u00aeT Work\u201d <\/b><\/span><span style=\"color: #000000;\">\u00e8 promosso da Roma Culture,\u00a0\u00e8\u00a0vincitore dell&#8217;Avviso Pubblico Contemporaneamente Roma 2020-2021-2022\u00a0curato dal Dipartimento Attivit\u00e0 Culturali.<\/span><\/span><\/span><\/p>\n<p align=\"JUSTIFY\"><span style=\"font-family: Times New Roman, serif;\"><span style=\"font-size: medium;\"><span style=\"color: #000000;\"><b>MA\u00aeT <\/b><\/span><span style=\"color: #000000;\">&#8211; <\/span><span style=\"color: #000000;\"><b>Millennials A\u00aeT Work dal 5 maggio s<\/b><\/span><span style=\"color: #000000;\">ar\u00e0 <\/span><span style=\"color: #000000;\"><b>Open<\/b><\/span> <span style=\"color: #000000;\"><b>MA\u00aeT<\/b><\/span><span style=\"color: #000000;\">: la staffetta di eventi aperti al pubblico per scoprire da vicino le opere e la riqualificazione urbana con virtual tour e laboratori a cura di Dominio Pubblico e Retake Roma.<\/span><\/span><\/span><\/p>\n<p align=\"JUSTIFY\"><span style=\"font-family: Times New Roman, serif;\"><span style=\"font-size: medium;\"><span style=\"color: #000000;\"><b>Mercoled\u00ec 5 e venerd\u00ec 7 maggio alle ore 17.00<\/b><\/span><span style=\"color: #000000;\"> il pubblico potr\u00e0 avvicinarsi alle opere e ai suoi creatori con <\/span><span style=\"color: #000000;\"><u><b>Anima<\/b><\/u><\/span><u><b> <\/b><\/u><span style=\"color: #000000;\"><u><b>Urbis: virtual<\/b><\/u><\/span><u><b> <\/b><\/u><span style=\"color: #000000;\"><u><b>tour, <\/b><\/u><\/span><span style=\"color: #000000;\"><i><u><b>a <\/b><\/u><\/i><\/span><span style=\"color: #000000;\">cura di<\/span> <span style=\"color: #000000;\"><b>Dominio Pubblico<\/b><\/span><b> <\/b><span style=\"color: #000000;\">in collaborazione con<\/span> <span style=\"color: #000000;\"><b>Monoscopio \u2013 <\/b><\/span><span style=\"color: #000000;\">diretto da<\/span><span style=\"color: #000000;\"><b> Giacomo De Angelis e <\/b><\/span><span style=\"color: #000000;\">con la partecipazione dei<\/span><span style=\"color: #000000;\"><b> Troopers U25 di Dominio Pubblico. <\/b><\/span><span style=\"color: #000000;\">Ogni replica del tour presenter\u00e0 nuovi ospiti e attori sociali del<\/span> <span style=\"color: #000000;\">territorio<\/span> <span style=\"color: #000000;\">di riferimento.<\/span><span style=\"color: #000000;\"><b> Il 6 maggio dalle 11.00 alle 13.00 spazio alla rigenerazione urbana con <\/b><\/span><span style=\"color: #000000;\"><u><b>Retake<\/b><\/u><\/span><u><b> <\/b><\/u><span style=\"color: #000000;\"><u><b>A\u00aeT Work <\/b><\/u><\/span><span style=\"color: #000000;\">laboratorio di recupero e valorizzazione del territorio a cura di <\/span><span style=\"color: #000000;\"><b>Retake Roma<\/b><\/span><span style=\"color: #000000;\"> \u2013 condotta da <\/span><span style=\"color: #000000;\"><b>Paolo di Pasquale. <\/b><\/span><\/span><\/span><\/p>\n<p align=\"JUSTIFY\"><span style=\"font-family: Times New Roman, serif;\"><span style=\"font-size: medium;\"><span style=\"color: #000000;\">Tutti gli eventi saranno trasmessi on-line sulla pagina fb di Dominio Pubblico<b> &#8211; <\/b><\/span><span style=\"color: #0000ff;\"><u>www.facebook.com\/dominio.teatro<\/u><\/span> <\/span><\/span><\/p>\n<p align=\"JUSTIFY\"><span style=\"font-family: Times New Roman, serif;\"><span style=\"font-size: medium;\"><strong><span style=\"color: #000000;\">MA\u00aeT <\/span><span style=\"color: #000000;\">&#8211; <\/span><\/strong><span style=\"color: #000000;\"><strong>Millennials A\u00aeT Work<\/strong> si svolge in collaborazione con il Municipio VIII di Roma.<\/span><\/span><\/span><\/p>\n<p align=\"JUSTIFY\"><strong>Redazione ed editing fotografico di Alessandro Lisci\u00a0<\/strong><\/p>\n<figure id=\"attachment_27761\" aria-describedby=\"caption-attachment-27761\" style=\"width: 1600px\" class=\"wp-caption alignnone\"><img loading=\"lazy\" decoding=\"async\" class=\"size-full wp-image-27761\" src=\"https:\/\/www.romaoggi.eu\/wp-content\/uploads\/2021\/05\/WhatsApp-Image-2021-05-03-at-16.58.51-1-copia.jpg\" alt=\"\" width=\"1600\" height=\"1066\" srcset=\"https:\/\/www.romaoggi.eu\/wp-content\/uploads\/2021\/05\/WhatsApp-Image-2021-05-03-at-16.58.51-1-copia.jpg 1600w, https:\/\/www.romaoggi.eu\/wp-content\/uploads\/2021\/05\/WhatsApp-Image-2021-05-03-at-16.58.51-1-copia-300x200.jpg 300w, https:\/\/www.romaoggi.eu\/wp-content\/uploads\/2021\/05\/WhatsApp-Image-2021-05-03-at-16.58.51-1-copia-1024x682.jpg 1024w, https:\/\/www.romaoggi.eu\/wp-content\/uploads\/2021\/05\/WhatsApp-Image-2021-05-03-at-16.58.51-1-copia-1536x1023.jpg 1536w\" sizes=\"auto, (max-width: 1600px) 100vw, 1600px\" \/><figcaption id=\"caption-attachment-27761\" class=\"wp-caption-text\">\u00a9 Tiziana Belli<\/figcaption><\/figure>\n<p align=\"JUSTIFY\"><span style=\"color: #000000;\"><span style=\"font-family: Times New Roman, serif;\"><span style=\"font-size: medium;\"><u><b>Le opere<\/b><\/u><\/span><\/span><\/span><\/p>\n<p align=\"JUSTIFY\"><span style=\"color: #000000;\">\u201c<span style=\"font-family: Times New Roman, serif;\"><span style=\"font-size: medium;\"><b>Oltre la corazza\u201d<\/b><\/span><\/span><\/span><span style=\"color: #000000;\"> di <\/span><span style=\"color: #000000;\"><b>Alessandra Carloni<\/b><\/span><\/p>\n<p align=\"JUSTIFY\"><span style=\"color: #000000;\"><span style=\"font-family: Times New Roman, serif;\"><span style=\"font-size: medium;\">Una ragazza sogna di volare a dorso di una tartaruga, e sognando ricorda la sua citt\u00e0, il suo quartiere, sogna di sorvolare le case e scrutando tra le abitazioni di oggi, guardare indietro, vedersi bambina mentre gioca in strada tra i palazzi, i profumi di una volta, i suoni che le erano familiari. Ricorda come tutto era, ma vede anche come non \u00e8 pi\u00f9. Ricorda tante cose che oggi sono cambiate. Sopratutto le manca la natura, di cui prima la sua citt\u00e0 era piena e che adesso vi \u00e8 molto meno. La tartaruga, essendo un animale molto longevo e che pu\u00f2 portarsi appresso la casa, ma, al contempo, molto a rischio estinzione, simboleggia proprio questo: il rapporto tra la casa e la sua trasformazione, la natura ed il suo essere prima molto presente ed ora sempre pi\u00f9 a rischio, ed il tempo che scorre, \u00e8 uno spirito del tempo che tutto ricorda.<\/span><\/span><\/span><\/p>\n<p align=\"JUSTIFY\"><span style=\"font-family: Times New Roman, serif;\"><span style=\"font-size: medium;\"><span style=\"color: #000000;\"><b>Alessandra Carloni <\/b><\/span><span style=\"color: #000000;\">Nasce a Roma nel 1984, dove vive e lavora.<\/span><\/span><\/span><\/p>\n<p align=\"JUSTIFY\"><span style=\"color: #000000;\"><span style=\"font-family: Times New Roman, serif;\"><span style=\"font-size: medium;\">Si diploma all\u2019Accademia di Belle Arti di Roma nel 2008 e si laurea nel 2013 in Storia dell\u2019arte contemporanea, presso l\u2019Universit\u00e0 \u201cLa Sapienza\u201d. Dal 2009 inizia la sua attivit\u00e0 come pittrice e artista, esponendo in personali e collettive in gallerie di Roma e in altre citt\u00e0 italiane, vincendo diversi premi e concorsi. In parallelo inizia la sua attivit\u00e0 anche come street artist, realizzando opere murali in diverse citt\u00e0 e borghi italiani e all\u2019estero, vincendo premi e riconoscimenti.<\/span><\/span><\/span><\/p>\n<p align=\"JUSTIFY\"><span style=\"color: #000000;\">\u201c<\/span><span style=\"font-family: Times New Roman, serif;\"><span style=\"font-size: medium;\"><span style=\"color: #000000;\"><b>La Pittrice\u201d<\/b><\/span><i> <\/i><span style=\"color: #000000;\">di <\/span><span style=\"color: #000000;\"><b>Alice Pasquini<\/b><\/span><span style=\"color: #000000;\">. <\/span><\/span><\/span><\/p>\n<p align=\"JUSTIFY\"><span style=\"color: #000000;\"><span style=\"font-family: Times New Roman, serif;\"><span style=\"font-size: medium;\">Lei dipinge, immersa nei suoi pensieri, nei suoi ricordi. Dipinge giochi di carta, con cui giocava da bambina, e dipinge il mondo che la circonda, il mondo che ricorda.<\/span><\/span><\/span><\/p>\n<p align=\"JUSTIFY\"><span style=\"color: #000000;\"><span style=\"font-family: Times New Roman, serif;\"><span style=\"font-size: medium;\">Questi giochi prendono la forma di uccelli, e volano via, come volano via i ricordi, i pensieri, le esperienze, il tempo, \u201ctutto scorre come un fiume\u201d. Dipingere ci aiuta a ricordare, a mantenere vivo un pensiero, a rimembrare un&#8217;evento passato, la pittura, dall&#8217;alba dei tempi, racconta i ricordi, ferma l&#8217;attimo.<\/span><\/span><\/span><\/p>\n<figure id=\"attachment_27755\" aria-describedby=\"caption-attachment-27755\" style=\"width: 1554px\" class=\"wp-caption alignnone\"><img loading=\"lazy\" decoding=\"async\" class=\"size-full wp-image-27755\" src=\"https:\/\/www.romaoggi.eu\/wp-content\/uploads\/2021\/05\/Alice-Pasquini-e-Uno-copia.jpg\" alt=\"\u00a9 Tiziana Belli\" width=\"1554\" height=\"1036\" srcset=\"https:\/\/www.romaoggi.eu\/wp-content\/uploads\/2021\/05\/Alice-Pasquini-e-Uno-copia.jpg 1554w, https:\/\/www.romaoggi.eu\/wp-content\/uploads\/2021\/05\/Alice-Pasquini-e-Uno-copia-300x200.jpg 300w, https:\/\/www.romaoggi.eu\/wp-content\/uploads\/2021\/05\/Alice-Pasquini-e-Uno-copia-1024x683.jpg 1024w, https:\/\/www.romaoggi.eu\/wp-content\/uploads\/2021\/05\/Alice-Pasquini-e-Uno-copia-1536x1024.jpg 1536w\" sizes=\"auto, (max-width: 1554px) 100vw, 1554px\" \/><figcaption id=\"caption-attachment-27755\" class=\"wp-caption-text\">Alice Pasquini e Uno \u00a9 Tiziana Belli<\/figcaption><\/figure>\n<p align=\"JUSTIFY\"><span style=\"font-family: Times New Roman, serif;\"><span style=\"font-size: medium;\"><span style=\"color: #000000;\"><b>Alice Pasquini. <\/b><\/span><span style=\"color: #000000;\">Romana e laureata all&#8217;Accademia di belle arti di Roma. Street artist, tra le pi\u00f9 importanti esistenti, pittrice, illustratrice e scenografa. Ha sviluppato nel tempo diversi filoni di ricerca, dalla narrazione della vitalit\u00e0 femminile alle installazioni con l&#8217;uso di materiali inconsueti. Internazionalmente rinomata, nel corso della sua carriera ha realizzato innumerevoli opere murarie per diverse citt\u00e0 italiane e straniere come: Marsiglia, Parigi, Amsterdam, Londra, Berlino, Oslo, New York, Buenos Aires, Yogyakarta, Napoli e, naturalmente, Roma.<\/span><\/span><\/span><\/p>\n<p align=\"JUSTIFY\"><span style=\"color: #000000;\">\u201c<span style=\"font-family: Times New Roman, serif;\"><span style=\"font-size: medium;\"><b>Il ricordo fotografico\u201d<\/b><\/span><\/span><\/span><span style=\"color: #000000;\"> di <\/span><span style=\"color: #000000;\"><b>Collettivo 900<\/b><\/span><span style=\"color: #000000;\">. Una donna guarda un film, \u201cLa finestra sul Lunapark\u201d di Comencini, ed allora cominciano i ricordi, quelli legati a quel film, ma anche le sensazion che le suscita ricordandole come era il suo quartiere, sia tramite le immagini che lo riguardano nel film,<\/span><\/p>\n<p align=\"JUSTIFY\"><span style=\"color: #000000;\"><span style=\"font-family: Times New Roman, serif;\"><span style=\"font-size: medium;\">sia attraverso i ricordi che le fanno scaturire. Il volto dell&#8217;attrice Giada Rubini le ricorda la madre, non si assomigliavano, neanche un poco, ma le stimola i ricordi, e le fa ripensare a lei. Troneggia un monumentale NOVECENTO, che ci riporta a quel periodo di met\u00e0 secolo scorso quando il quartiere inizi\u00f2 ad urbanizzarsi, e sorsero le palazzine, e tante case.<\/span><\/span><\/span><\/p>\n<p align=\"JUSTIFY\"><span style=\"color: #000000;\"><span style=\"font-family: Times New Roman, serif;\"><span style=\"font-size: medium;\">La campagna si riemp\u00ec e divenne citt\u00e0. Lei ricorda ci\u00f2 che prima le era intorno e che oggi non c&#8217;\u00e8, le scappa un sorriso, e pensa a ci\u00f2 che sar\u00e0 in futuro, perch\u00e8 sa che \u00e8 bello abbandonarsi ai ricordi, ma anche alle speranze, ed i luoghi mutano, e, se ben lavoriamo, non potranno che mutare in meglio.<\/span><\/span><\/span><\/p>\n<p align=\"JUSTIFY\"><span style=\"font-family: Times New Roman, serif;\"><span style=\"font-size: medium;\"><span style=\"color: #000000;\"><b>Collettivo 900<\/b><\/span><span style=\"color: #000000;\">. Dai primi graffiti sui muri, ai poster ispirati alla grande cinematografia trale strade della citt\u00e0: \u00e8 cos\u00ec che Leonardo Crudi ed Elia Novecento(classe \u201988 ed \u201989), in arte Collettivo 900, colorano ed inebriano Roma di una poesia costruttivista ed avanguardista. La strada \u00e8 per loro<\/span><\/span><\/span><\/p>\n<p align=\"JUSTIFY\"><span style=\"color: #000000;\"><span style=\"font-family: Times New Roman, serif;\"><span style=\"font-size: medium;\">un elemento fondamentale, agisce da teatro per i loro manifesti, che fanno capolino tra pubblicit\u00e0, scritte, cartelloni elettorali e caos cittadino,<\/span><\/span><\/span><\/p>\n<p align=\"JUSTIFY\"><span style=\"color: #000000;\"><span style=\"font-family: Times New Roman, serif;\"><span style=\"font-size: medium;\">donando al fruitore istanti di ordinata policromia.<\/span><\/span><\/span><\/p>\n<p align=\"JUSTIFY\"><span style=\"color: #000000;\"><span style=\"font-family: Times New Roman, serif;\"><span style=\"font-size: medium;\">Un idioma poetico che ritorna ai maestri della San Pietroburgo di un secolo fa, raccontandoci memorie di storie passate sopra i nostri ed altri schermi.<\/span><\/span><\/span><\/p>\n<figure id=\"attachment_27756\" aria-describedby=\"caption-attachment-27756\" style=\"width: 1600px\" class=\"wp-caption alignnone\"><img loading=\"lazy\" decoding=\"async\" class=\"size-full wp-image-27756\" src=\"https:\/\/www.romaoggi.eu\/wp-content\/uploads\/2021\/05\/Collettivo-900-@leonardo_crudi900-ed-@elia_novecento-copia.jpg\" alt=\"Krayon \u00a9 Tiziana Belli\" width=\"1600\" height=\"1067\" srcset=\"https:\/\/www.romaoggi.eu\/wp-content\/uploads\/2021\/05\/Collettivo-900-@leonardo_crudi900-ed-@elia_novecento-copia.jpg 1600w, https:\/\/www.romaoggi.eu\/wp-content\/uploads\/2021\/05\/Collettivo-900-@leonardo_crudi900-ed-@elia_novecento-copia-300x200.jpg 300w, https:\/\/www.romaoggi.eu\/wp-content\/uploads\/2021\/05\/Collettivo-900-@leonardo_crudi900-ed-@elia_novecento-copia-1024x683.jpg 1024w, https:\/\/www.romaoggi.eu\/wp-content\/uploads\/2021\/05\/Collettivo-900-@leonardo_crudi900-ed-@elia_novecento-copia-1536x1024.jpg 1536w\" sizes=\"auto, (max-width: 1600px) 100vw, 1600px\" \/><figcaption id=\"caption-attachment-27756\" class=\"wp-caption-text\">Collettivo 900 (@leonardo_crudi900 ed @elia_novecento) \u00a9 Tiziana Belli<\/figcaption><\/figure>\n<p align=\"JUSTIFY\"><span style=\"color: #000000;\">\u201c<span style=\"font-family: Times New Roman, serif;\"><span style=\"font-size: medium;\"><b>Il ricordo che vola via\u201d <\/b><\/span><\/span><\/span><span style=\"color: #000000;\">di <\/span><span style=\"color: #000000;\"><b>Claudio<\/b><\/span><span style=\"color: #000000;\">. Erano fiori, bellissimi e delicati, i quali petali si perdevano nel vento. Oppure no, erano uccelli, meravigliosi, colorati, che volavano tutt&#8217;intorno a me.<\/span><\/p>\n<p align=\"JUSTIFY\"><span style=\"color: #000000;\"><span style=\"font-family: Times New Roman, serif;\"><span style=\"font-size: medium;\">La memoria \u00e8 labile, il ricordo pu\u00f2 svanire, oppure pu\u00f2 modificarsi, perch\u00e8 quello che ci resta, spesso, \u00e8 solo la percezione di un attimo, di un momento preciso, ma dai contorni e dagli elementi sfumati, che non riusciamo a ricordare con precisione. Il ricordo si trasforma, e diventa un sogno.<\/span><\/span><\/span><\/p>\n<p align=\"JUSTIFY\"><span style=\"color: #000000;\"><span style=\"font-family: Times New Roman, serif;\"><span style=\"font-size: medium;\">Per questo serve raccontare la memoria quand&#8217;\u00e8 ancora viva, trascrivere i propri ricordi, le proprie memorie, per le prissime generazioni, prima che il tempo le modifichi, li faccia perdere o volare via, prima che gli anni li facciano sfumare in qualcos&#8217;altro.<\/span><\/span><\/span><\/p>\n<p align=\"JUSTIFY\"><span style=\"font-family: Times New Roman, serif;\"><span style=\"font-size: medium;\"><span style=\"color: #000000;\"><b>Claudio<\/b><\/span><span style=\"color: #000000;\"> 25 anni, romano, laureato a pieni voti in grafica multimediale. Roma lo ha sempre affascinato, coi suoi particolari, i suoi dettagli, che, sin da bambino, non poteva fare a meno di guardare, rimanendone affascinato e voglioso di riprodurlie reinterpretarli, come i fiori, che da piccolo disegnava in continuazione, perch\u00e8 li vedeva intorno a se, e nei particolari archeologici, nei fregi, di cui la citt\u00e0 \u00e8 piena.<\/span><\/span><\/span><\/p>\n<p align=\"JUSTIFY\"><span style=\"color: #000000;\"><span style=\"font-family: Times New Roman, serif;\"><span style=\"font-size: medium;\">Questa passioni per i fiori e le composizioni floreali lo hanno portato a cercare concetti, racconti che potessero essere cos\u00ec rappresentati su carta e su muro, riempiendoli di colore, facendoli sembrare un&#8217;infiorata, o, pi\u00f9 che altro, una ikebana.<\/span><\/span><\/span><\/p>\n<p align=\"JUSTIFY\"><span style=\"color: #000000;\">\u201c<span style=\"font-family: Times New Roman, serif;\"><span style=\"font-size: medium;\"><b>Ancora in sella\u201d <\/b><\/span><\/span><\/span><span style=\"color: #000000;\">di <\/span><span style=\"color: #000000;\"><b>Dez.Midez<\/b><\/span><span style=\"color: #000000;\">. Lei pedalava, pedalava forte, altri correvano, per portare messaggi, ordini, risorse, per salvare persone dalla morte certa, per combattere al fine di poter vivere una vita libera e normale, una vita non sottoposta al giogo nazional-reazionario, che deumanizzava le persone che le considerava nemiche dalla nascita, ed addossava colpe inesistenti. Pedalava, e resisteva, pedalava forte, perch\u00e8 non si spegnesse la luce della speranza, dell&#8217;avvenire di un mondo pi\u00f9 umano, e pi\u00f9 giusto, pi\u00f9 libero e lieto. Se oggi abbiamo questa memoria, \u00e8 anche grazie a chi ha pedalato e chi, ancora oggi, pedala, per mantenerla viva e tramandarla.<\/span><\/p>\n<p align=\"JUSTIFY\"><span style=\"font-family: Times New Roman, serif;\"><span style=\"font-size: medium;\"><span style=\"color: #000000;\"><b>Dez.Midez <\/b><\/span><span style=\"color: #000000;\">nasce a Roma nel 1983. Diplomatosi al liceo artistico, scopre il mondo dei graffiti che lo accompagner\u00e0 per diversi anni nella sua espressione artistica. Sceglier\u00e0 poi una linea pi\u00f9 intimista, prediligendo il figurativo in una collezione di tele dall\u2019impronta espressionista. Nell\u2019ultimo anno si avvicina alla streetart partecipando a diversi progetti ed eventi, anche con Dominio Pubblico.<\/span><\/span><\/span><\/p>\n<figure id=\"attachment_27754\" aria-describedby=\"caption-attachment-27754\" style=\"width: 1600px\" class=\"wp-caption alignnone\"><img loading=\"lazy\" decoding=\"async\" class=\"size-full wp-image-27754\" src=\"https:\/\/www.romaoggi.eu\/wp-content\/uploads\/2021\/05\/22Ancora-in-sella22-di-Dez-Midez-copia.jpg\" alt=\"\u00a9 Tiziana Belli\" width=\"1600\" height=\"1050\" srcset=\"https:\/\/www.romaoggi.eu\/wp-content\/uploads\/2021\/05\/22Ancora-in-sella22-di-Dez-Midez-copia.jpg 1600w, https:\/\/www.romaoggi.eu\/wp-content\/uploads\/2021\/05\/22Ancora-in-sella22-di-Dez-Midez-copia-300x197.jpg 300w, https:\/\/www.romaoggi.eu\/wp-content\/uploads\/2021\/05\/22Ancora-in-sella22-di-Dez-Midez-copia-1024x672.jpg 1024w, https:\/\/www.romaoggi.eu\/wp-content\/uploads\/2021\/05\/22Ancora-in-sella22-di-Dez-Midez-copia-1536x1008.jpg 1536w\" sizes=\"auto, (max-width: 1600px) 100vw, 1600px\" \/><figcaption id=\"caption-attachment-27754\" class=\"wp-caption-text\">Ancora in sella di Dez Midez \u00a9 Tiziana Belli<\/figcaption><\/figure>\n<p align=\"JUSTIFY\"><span style=\"color: #000000;\">\u201c<span style=\"font-family: Times New Roman, serif;\"><span style=\"font-size: medium;\"><b>Fiori Gialli\u201d<\/b><\/span><\/span><\/span><span style=\"color: #000000;\"> di <\/span><span style=\"color: #000000;\"><b>Jerico<\/b><\/span><span style=\"color: #000000;\">. Sono li, ammucchiati, tutti vicini, confusi tra di loro, sfocati sono i fiori, gialli, ma sono anche i ricordi, i pensieri, la memoria. Passa il tempo e sempre pi\u00f9 si sfoca e si confonde, ma \u00e8 anche sempre intensa nelle sensazioni che ci provoca, come intensi sono i colori dei crochi, dei mughetti, dei non ti scordar di me. Il CROCUS GIALLO, il fiore dello zafferano, \u00e8 stato come simbolo della Shoah d all\u2019Holocaust Education Trust Ireland (fondazione irlandese per l\u2019insegnamento sull\u2019Olocausto) per la sua forma, molto simile a quella di una stella, ricordando la stella di david gialla che gli ebrei furono costretti a portare durante l&#8217;oppressione nazifascista.<\/span><span style=\"color: #000000;\">\u2028<\/span><\/p>\n<p align=\"JUSTIFY\"><span style=\"color: #000000;\"><b>Jerico<\/b><\/span><span style=\"color: #000000;\">. Jerico Cabrera Carandang si trasferisce in Italia con la famiglia, all\u2019et\u00e0 di 10 anni.<\/span><\/p>\n<p align=\"JUSTIFY\"><span style=\"color: #000000;\"><span style=\"font-family: Times New Roman, serif;\"><span style=\"font-size: medium;\">Si avvicina al disegno in et\u00e0 infantile per poi cominciare la formazione presso il Liceo Artistico \u201cCaravaggio\u201d di Roma costruendo le basi della sua pittura.<\/span><\/span><\/span><\/p>\n<p align=\"JUSTIFY\"><span style=\"color: #000000;\"><span style=\"font-family: Times New Roman, serif;\"><span style=\"font-size: medium;\">Nello stesso periodo si interessa molto ai graffiti con i quali ha i primi approcci su un muro. Dal 2012 si dedica alla pittura murale perseguendo un percorso artistico votato all\u2019espressionismo e l\u2019indagine sulla figura umana. Nel corso degli anni ha realizzato diverse opere murarie a Roma e in altre citt\u00e0 italiane, realizzandone per importanti musei, giardini botanici, grandi eventi, e progetti murali.<\/span><\/span><\/span><\/p>\n<p align=\"JUSTIFY\"><span style=\"color: #000000;\">\u201c<span style=\"font-family: Times New Roman, serif;\"><span style=\"font-size: medium;\"><b>Poppy Flower\u201d <\/b><\/span><\/span><\/span><span style=\"color: #000000;\">di <\/span><span style=\"color: #000000;\"><b>Krayon<\/b><\/span><span style=\"color: #000000;\">. Le storie ed i tempi si aggrovigliano e si mischiano, diventando <\/span><span style=\"color: #000000;\"><span style=\"font-family: Times New Roman, serif;\"><span style=\"font-size: medium;\">un tutt&#8217;uno, restano divisi ma sono, al contempo, la stessa cosa, suddivisi ma complementari, come tanti campi arati di tante colture diverse.<\/span><\/span><\/span><\/p>\n<p align=\"JUSTIFY\"><span style=\"color: #000000;\"><span style=\"font-family: Times New Roman, serif;\"><span style=\"font-size: medium;\">La terra arida, ocra, la terra del conflitto, la terra distrutta su cui bisogner\u00e0 ricostruire, si contrappone al rosso vivo dei papaveri, che, incessantemente, continuano a germogliarvi sopra, dando speranza a chi li guarda, dandogli un&#8217;idea a cui aggrapparsi, l&#8217;idea che la vita continuer\u00e0, che la guerra finir\u00e0, che si potr\u00e0 tornare a dare la vita a quei terreni, ed oggi ci ricordano quelle speranze che le persone avevano nel futuro, quella voglia di normalit\u00e0 quel tornare a lavorare tutti insieme, che avevano mentre erano in guerra.<\/span><\/span><\/span><\/p>\n<p align=\"JUSTIFY\"><span style=\"color: #000000;\"><span style=\"font-family: Times New Roman, serif;\"><span style=\"font-size: medium;\">I traumi lasciano anche grandi vuoti, come degli spazi trasparenti dei programmi digitali con le loro scacchiere neutre, finito il conflitto toccher\u00e0 lavorare su questi traumi ricostruendo i ricordi, tornando ad avere memoria, senza che la memoria ci perseguiti. \u201cFiglio non andare coi signori della guerra, l&#8217;arma che ti han dato puoi gettarla nella terra. \u00c8 di legno buono, potr\u00e0 crescere un ulivo, quando fiorir\u00e0 sarai di certo ancora vivo\u201d.<\/span><\/span><\/span><\/p>\n<p align=\"JUSTIFY\"><span style=\"font-family: Times New Roman, serif;\"><span style=\"font-size: medium;\"><span style=\"color: #000000;\"><b>Krayon<\/b><\/span><span style=\"color: #000000;\"> \u00e8 un pixel artist italiano nato a Melfi, con base a Roma e Shenzen. Dopo gli studi in disegno industriale e grafica sviluppa un linguaggio personale con cui si contraddistingue da anni. Il pixel \u00e8 l\u2019elemento base su cui costruisce le proprie opere con pazienza e precisione. Nei suoi lavori emerge lo schema progettuale e la gestione dell\u2019immagine nella sua complessit\u00e0. Da sempre \u00e8 stato influenzato dalle arti classico-scientifiche, dal neoimpressionismo di Seurat all\u2019optical art di Vasarely.<\/span><\/span><\/span><\/p>\n<figure id=\"attachment_27757\" aria-describedby=\"caption-attachment-27757\" style=\"width: 1066px\" class=\"wp-caption alignnone\"><img loading=\"lazy\" decoding=\"async\" class=\"size-full wp-image-27757\" src=\"https:\/\/www.romaoggi.eu\/wp-content\/uploads\/2021\/05\/Krayon-copia.jpg\" alt=\"\" width=\"1066\" height=\"1600\" srcset=\"https:\/\/www.romaoggi.eu\/wp-content\/uploads\/2021\/05\/Krayon-copia.jpg 1066w, https:\/\/www.romaoggi.eu\/wp-content\/uploads\/2021\/05\/Krayon-copia-200x300.jpg 200w, https:\/\/www.romaoggi.eu\/wp-content\/uploads\/2021\/05\/Krayon-copia-682x1024.jpg 682w, https:\/\/www.romaoggi.eu\/wp-content\/uploads\/2021\/05\/Krayon-copia-1023x1536.jpg 1023w\" sizes=\"auto, (max-width: 1066px) 100vw, 1066px\" \/><figcaption id=\"caption-attachment-27757\" class=\"wp-caption-text\">Krayon \u00a9 Tiziana Belli<\/figcaption><\/figure>\n<p align=\"JUSTIFY\"><span style=\"color: #000000;\">\u201c<span style=\"font-family: Times New Roman, serif;\"><span style=\"font-size: medium;\"><b>La percezione, il ricordo\u201d<\/b><\/span><\/span><\/span><span style=\"color: #000000;\"> di <\/span><span style=\"color: #000000;\"><b>Lola Poleggi<\/b><\/span><span style=\"color: #000000;\">. Esistono cose capaci di riportarci alla mente momenti che credevamo di aver perso. Un profumo preciso, che passa nel vento in un secondo, ha il potere straordinario di catapultarci immediatamente in quella situazione, per un attimo tutte le sensazioni, le emozioni di quel momento tornano vive come se fosse \u2018&#8217;presente&#8221;. Una figura femminile, dal volto sfocato, poco nitido, che si percepisce appena, colta da una fragranza, si immerge nel ricordo di una giornata di primavera passata, nella quale, sdraiata in un campo di papaveri, tra l&#8217;odore dei fiori e l&#8217;erba fresca, trovava contatto con la natura ed il suo Io pi\u00f9 intimo. <\/span><span style=\"font-family: Times New Roman, serif;\"><span style=\"font-size: medium;\"><span style=\"color: #000000;\">Ed oggi, basta un papavero che sbuca dal cemento, per ricordarle che \u00e8 libera.<\/span><\/span><\/span><\/p>\n<p align=\"JUSTIFY\"><span style=\"font-family: Times New Roman, serif;\"><span style=\"font-size: medium;\"><span style=\"color: #000000;\">\u2028<\/span><span style=\"color: #000000;\"><b>Lola Poleggi<\/b><\/span><span style=\"color: #000000;\"> Nata a Roma, da sempre studiosa del mondo dell\u2019arte, si \u00e8 specializzata <\/span><\/span><\/span><span style=\"color: #000000;\"><span style=\"font-family: Times New Roman, serif;\"><span style=\"font-size: medium;\">in discipline grafico visive al liceo artistico per poi approfondire gli studi di illustrazione presso la Scuola Internazionale Comics, conclusa la quale, intraprende il mestiere di illustratrice. Tatuatrice artistica e para medicale, lavora in diversi studi di Roma. Dalle sue opere traspare una poesia malinconica, dolce e reminiscente, comunicando un senso di soave delicatezza attraverso raffinate figure femminili rapportate a vellutati elementi floreali.<\/span><\/span><\/span><\/p>\n<p align=\"JUSTIFY\"><span style=\"color: #000000;\">\u201c<span style=\"font-family: Times New Roman, serif;\"><span style=\"font-size: medium;\"><b>Pane eroico\u201d<\/b><\/span><\/span><\/span><span style=\"color: #000000;\"> di <\/span><span style=\"color: #000000;\"><b>Lus57<\/b><\/span><span style=\"color: #000000;\">. In memoria di \u201cQuirino Roscioni da Fiastra, Fornaio, padre di 5 figli. Gi\u00e0 mutilato nella guerra del &#8217;15-&#8217;18, insorto contro i tedeschi, qui barbaramente trucidato dopo la depredazione della casa e del forno, fusi col suo sangue.\u201d che mise il suo forno a disposizione delle truppe italiane che si rifiutarono di deporre le armi tra l&#8217;8 ed il 10 settembre del &#8217;43, e, quindi, di arrendersi alle truppe nazifasciste. Insieme alla cognata Pasqua D&#8217;Angeli Ercolani, madre di 4 figli vennero trucidati da una scarica di mitra, davanti la chiesa de La Montagnola.<\/span><\/p>\n<p align=\"JUSTIFY\"><span style=\"color: #000000;\"><span style=\"font-family: Times New Roman, serif;\"><span style=\"font-size: medium;\">La romana rosetta, richiamando il forno, diventa La Montagnola mentre gli acrobati, forti e senza timore alcuno, sono la forza derivante dalla unione del popolo.<\/span><\/span><\/span><\/p>\n<p align=\"JUSTIFY\"><span style=\"font-family: Times New Roman, serif;\"><span style=\"font-size: medium;\"><span style=\"color: #000000;\"><b>Lus57<\/b><\/span><span style=\"color: #000000;\"> opera nella strada dalla met\u00e0 degli anni &#8217;70 mediante performances e graffiti sociali. Il suo \u00e8 un progetto di arte circolare. La storia finisce negli archivi nelle biblioteche, oggi nel web, e nessuno pi\u00f9 la ricorda. Ebbene Lus57 dipinge le vicende dei luoghinei luoghi stessi, raccontando storie ormai dimenticate, dando una nuova visione di luoghi che pensavamo essere familiari e di cui credevamo di sapere tutto.<\/span><\/span><\/span><\/p>\n<p align=\"JUSTIFY\"><span style=\"color: #000000;\">\u201c<span style=\"font-family: Times New Roman, serif;\"><span style=\"font-size: medium;\"><b>Non ti scordar di me\u201d<\/b><\/span><\/span><\/span><span style=\"color: #000000;\"> di <\/span><span style=\"color: #000000;\"><b>Marta Quercioli<\/b><\/span><span style=\"color: #000000;\">. Il passato, sempre pi\u00f9 sfuggente, si lega al presente in un abbraccio. Il presente cerca di trattenerlo, con forza e decisione, ma dolcemente, perch\u00e8 ha timore che fugga, contro ogni volont\u00e0, ma, purtroppo, il passato, man mano, scivola via.<\/span><\/p>\n<p align=\"JUSTIFY\"><span style=\"color: #000000;\"><span style=\"font-family: Times New Roman, serif;\"><span style=\"font-size: medium;\">I Crocus chrysanthus ed i Myosotis, a simbolo delle vittime del nazifascismo, si perdono nel vento, come anche, sempre nel vento, si persero moltissime persone, le loro vite, le loro storie, i loro ricordi, i loro sentimenti, i loro amori.<\/span><\/span><\/span><\/p>\n<p align=\"JUSTIFY\"><span style=\"color: #000000;\"><span style=\"font-family: Times New Roman, serif;\"><span style=\"font-size: medium;\">La memoria \u00e8 come un giardino meraviglioso, ma va curata costantemente per tenerla viva.<\/span><\/span><\/span><\/p>\n<p align=\"JUSTIFY\"><span style=\"color: #000000;\">\u201c<span style=\"font-family: Times New Roman, serif;\"><span style=\"font-size: medium;\">Ad Auschwitz c&#8217;era la neve, Il fumo saliva lento Nel freddo giorno d&#8217;inverno E adesso sono nel vento\u201d.<\/span><\/span><\/span><span style=\"color: #000000;\">\u2028<\/span><span style=\"color: #000000;\"><b>Marta Quercioli<\/b><\/span><span style=\"color: #000000;\"> nasce a Roma nel 1989. Diplomata presso il Liceo Classico Plauto, dopo un percorso universitario presso la facolt\u00e0 di Scienze Matematiche, Fisiche e Naturali dell&#8217;Universit\u00e0 degli Studi di Roma \u201cLa Sapienza\u201d, consegue con lode i Diplomi Accademici di I e II livello in Pittura presso l\u2019Accademia di Belle Arti di Roma.<\/span><\/p>\n<p align=\"JUSTIFY\"><span style=\"color: #000000;\"><span style=\"font-family: Times New Roman, serif;\"><span style=\"font-size: medium;\">Il suo percorso di ricerca artistica, spaziando dalla pittura, alla performance alla scultura, va consolidandosi attorno a una duplice indagine compositiva e concettuale fortemente influenzata sia dalla formazioneumanistica che da quella scientifica.<\/span><\/span><\/span><\/p>\n<figure id=\"attachment_27758\" aria-describedby=\"caption-attachment-27758\" style=\"width: 2000px\" class=\"wp-caption alignnone\"><img loading=\"lazy\" decoding=\"async\" class=\"size-full wp-image-27758\" src=\"https:\/\/www.romaoggi.eu\/wp-content\/uploads\/2021\/05\/Lola-Poleggi-Marta-Quercioli-Elia-900-copia.jpg\" alt=\"\" width=\"2000\" height=\"1357\" srcset=\"https:\/\/www.romaoggi.eu\/wp-content\/uploads\/2021\/05\/Lola-Poleggi-Marta-Quercioli-Elia-900-copia.jpg 2000w, https:\/\/www.romaoggi.eu\/wp-content\/uploads\/2021\/05\/Lola-Poleggi-Marta-Quercioli-Elia-900-copia-300x204.jpg 300w, https:\/\/www.romaoggi.eu\/wp-content\/uploads\/2021\/05\/Lola-Poleggi-Marta-Quercioli-Elia-900-copia-1024x695.jpg 1024w, https:\/\/www.romaoggi.eu\/wp-content\/uploads\/2021\/05\/Lola-Poleggi-Marta-Quercioli-Elia-900-copia-1536x1042.jpg 1536w\" sizes=\"auto, (max-width: 2000px) 100vw, 2000px\" \/><figcaption id=\"caption-attachment-27758\" class=\"wp-caption-text\">Lola Poleggi, Marta Quercioli, Elia 900 \u00a9 Tiziana Belli<\/figcaption><\/figure>\n<p align=\"JUSTIFY\"><span style=\"color: #000000;\">\u201c<span style=\"font-family: Times New Roman, serif;\"><span style=\"font-size: medium;\"><b>Rosafante\u201d<\/b><\/span><\/span><\/span><span style=\"color: #000000;\"> di <\/span><span style=\"color: #000000;\"><b>Olives<\/b><\/span><span style=\"color: #000000;\">. Passeggio su di un prato, un prato fiorito, meraviglioso,<\/span><\/p>\n<p align=\"JUSTIFY\"><span style=\"color: #000000;\"><span style=\"font-family: Times New Roman, serif;\"><span style=\"font-size: medium;\">un prato con dei sentieri che si snodano in mezzo a migliaia di papaveri. Tra le nuvole gialle e temporalesche, sotto il cielo stellato, scorgo un quartiere, coi suoi alti palazzi, e la sua chiesa, si trova su di un piccolo monte, che solo poi capisco essere un enorme elefante.<\/span><\/span><\/span><\/p>\n<p align=\"JUSTIFY\"><span style=\"color: #000000;\"><span style=\"font-family: Times New Roman, serif;\"><span style=\"font-size: medium;\">Tra me e me penso che dev&#8217;essere un luogo dove nulla si dimentica, perch\u00e8 so che gli elefanti hanno una memoria di ferro.<\/span><\/span><\/span><\/p>\n<p align=\"JUSTIFY\"><span style=\"color: #000000;\"><span style=\"font-family: Times New Roman, serif;\"><span style=\"font-size: medium;\">Sulla mia strada, tra i papaveri, sotto il cielo stellato, con le sue nuvole pesanti e leggere, mi avvio verso casa. Anche io vorrei vivere su di un elefante, come fosse un monte per non dimenticarmi mai di questo luogo, delle sue storie, di ci\u00f2 che ha da dire.<\/span><\/span><\/span><\/p>\n<p align=\"JUSTIFY\"><span style=\"font-family: Times New Roman, serif;\"><span style=\"font-size: medium;\"><span style=\"color: #000000;\"><b>Olives<\/b><\/span><span style=\"color: #000000;\">. Emanuele Oliveri, classe 1993 \u00e8 un illustratore freelance e street artist. Ha fondato la serigrafia Helter Skelter, ha pi\u00f9 volte dipinto a Ventotene e collaborato con molte importanti realt\u00e0 sociali romane. Lavora illustrando libri per bambini e videogiochi. Un racconto fiabesco animato da balena colorate, enormi pesci negli abissi, mongolfiere e trombe volanti. L\u2019Illusione, il sogno, la magia. Sembra di essere catapultati dentro la tana del bianconiglio in unmondo sottosopra, dove il cielo \u00e8 il mare.<\/span><\/span><\/span><\/p>\n<p align=\"JUSTIFY\"><span style=\"color: #000000;\">\u201c<span style=\"font-family: Times New Roman, serif;\"><span style=\"font-size: medium;\"><b>Arrivano i nostri\u201d<\/b><\/span><\/span><\/span><span style=\"color: #000000;\"> di <\/span><span style=\"color: #000000;\"><b>Orgh<\/b><\/span><span style=\"color: #000000;\">. Le lettere vengono decostruite, mantenendo una struttura di base ma perdendo la loro funzione fonetica, si trasformano in un&#8217;opera astratta, un vetro rotto,<\/span><\/p>\n<p align=\"JUSTIFY\"><span style=\"color: #000000;\"><span style=\"font-family: Times New Roman, serif;\"><span style=\"font-size: medium;\">una lente attraverso cui guardare la storia. E li, ecco apparire un carro armato alleato, poi lagg\u00f9, del fumo, devono esserci stati degli scontri. Vediamo dei nazifascisti fuggire, urliamo, ma nessuno ci ascolta, perch\u00e8 l&#8217;opera \u00e8 una finestra che ci permette di vedere ci\u00f2 che \u00e8 stato, con la storia non si pu\u00f2 interagire, non la si pu\u00f2 cambiare, la si pu\u00f2 solo ricercare e conservare, traendone lezioni importanti, usandole per costruire un mondo che sia alla portata di tutti, che sia un luogo dove mai pi\u00f9 vedere eccidi, ne bombe, ne persecuzioni&#8230; <\/span><\/span><\/span><span style=\"color: #000000;\"><span style=\"font-family: Times New Roman, serif;\"><span style=\"font-size: medium;\">Questo almeno \u00e8 quello che ci auguriamo ed a cui quotidianamente dovremmo lavorare.<\/span><\/span><\/span><\/p>\n<p align=\"JUSTIFY\"><span style=\"font-family: Times New Roman, serif;\"><span style=\"font-size: medium;\"><span style=\"color: #000000;\"><b>Orgh<\/b><\/span><span style=\"color: #000000;\"> nasce nel 1983 a Roma, dove ha frequentato l\u2019istituto d\u2019arte.<\/span><\/span><\/span><\/p>\n<p align=\"JUSTIFY\"><span style=\"color: #000000;\"><span style=\"font-family: Times New Roman, serif;\"><span style=\"font-size: medium;\">Da bambino gi\u00e0 molto interessato all\u2019arte, si interessa anche ai graffiti guardando i pannelli dei treni dipinti mentre andava al mare e fotografando i vari writers dell\u2019epoca alle Jam capitoline.<\/span><\/span><\/span><\/p>\n<p align=\"JUSTIFY\"><span style=\"color: #000000;\"><span style=\"font-family: Times New Roman, serif;\"><span style=\"font-size: medium;\">Nel 1996 inizia ad approcciarsi al graffiti writing nel suo quartiere. I suoi graffiti sono caratterizzati da lettere sapientemente decostruite per assomigliare a meravigliose figure astratte o a moderne architetture ricordando le forme quali il Vanke Pavilion o il Tanc\u030c\u00edc\u00ed du\u030am.<\/span><\/span><\/span><\/p>\n<p align=\"JUSTIFY\"><span style=\"color: #000000;\">\u201c<span style=\"font-family: Times New Roman, serif;\"><span style=\"font-size: medium;\"><b>Increspatura\u201d<\/b><\/span><\/span><\/span><span style=\"color: #000000;\"> di <\/span><span style=\"color: #000000;\"><b>Zara Kiafar<\/b><\/span><span style=\"color: #000000;\">. Il tempo scappa incessantemente,e noi,in ogni istante,<\/span><\/p>\n<p align=\"JUSTIFY\"><span style=\"color: #000000;\"><span style=\"font-family: Times New Roman, serif;\"><span style=\"font-size: medium;\">viviamo contemporaneamente sia nel presente che nel passato. La nostra immagine di oggi convive con quella del nostro ieri, e quella del giorno prima ancora, ma tra di loro non possono toccarsi, ma solo guardarsi, e la pi\u00f9 giovane vede, pian piano, le altre affievolirsi. Ma le memorie sono sempre li, aspettano sempre solo che possiamo ritrovarle.<\/span><\/span><\/span><\/p>\n<p align=\"JUSTIFY\"><span style=\"font-family: Times New Roman, serif;\"><span style=\"font-size: medium;\"><span style=\"color: #000000;\"><b>Zara Kiafar.<\/b><\/span><span style=\"color: #000000;\"> Nata in Iran nel 1997. Diplomata al liceo artistico in di Animazione, dal 2017 vive in Italia e studia Pittura all&#8217;Accademia di Belle Arti di Roma. Ha esposto in diverse mostre ed eventi, come l&#8217;Arezzo Crowd Festival, ma anche in altre citt\u00e0, come Castiglion Fiorentino, e naturalmente a Roma, presso la Up Factory Gallery, ed ancora con Dominio Pubblico, per il quale ha sia esposto che dipinto muri. La sua ricerca \u00e8 basata su figure femminili, sopratutto donne persiane, che prendono coscienza della loro situazione di vita e lottano per migliorarla, i loro sogni, le loro esperienze di vita, i pensieri, gli amori, i desideri, i sogni. Esse sono immerse in fantasie floreali riprese dai tappeti persiani, perch\u00e8 non rinnegano la loro cultura, ma solo la propria condizione.<\/span><\/span><\/span><\/p>\n<figure id=\"attachment_27764\" aria-describedby=\"caption-attachment-27764\" style=\"width: 1600px\" class=\"wp-caption alignnone\"><img loading=\"lazy\" decoding=\"async\" class=\"size-full wp-image-27764\" src=\"https:\/\/www.romaoggi.eu\/wp-content\/uploads\/2021\/05\/Zara-Kiafar-\u00a9-Tiziana-Belli-copia.jpg\" alt=\"\" width=\"1600\" height=\"1359\" srcset=\"https:\/\/www.romaoggi.eu\/wp-content\/uploads\/2021\/05\/Zara-Kiafar-\u00a9-Tiziana-Belli-copia.jpg 1600w, https:\/\/www.romaoggi.eu\/wp-content\/uploads\/2021\/05\/Zara-Kiafar-\u00a9-Tiziana-Belli-copia-300x255.jpg 300w, https:\/\/www.romaoggi.eu\/wp-content\/uploads\/2021\/05\/Zara-Kiafar-\u00a9-Tiziana-Belli-copia-1024x870.jpg 1024w, https:\/\/www.romaoggi.eu\/wp-content\/uploads\/2021\/05\/Zara-Kiafar-\u00a9-Tiziana-Belli-copia-1536x1305.jpg 1536w\" sizes=\"auto, (max-width: 1600px) 100vw, 1600px\" \/><figcaption id=\"caption-attachment-27764\" class=\"wp-caption-text\">Zara Kiafar \u00a9 Tiziana Belli<\/figcaption><\/figure>\n<p align=\"JUSTIFY\"><span style=\"font-family: Times New Roman, serif;\"><span style=\"font-size: medium;\"><span style=\"color: #000000;\"><b>Paolo Colasanti<\/b><\/span><span style=\"color: #000000;\">, in arte <\/span><span style=\"color: #000000;\"><b>Gojo<\/b><\/span><span style=\"color: #000000;\"> \u00e8 il curatore e coordinatore artistico dei progetti <\/span><span style=\"color: #000000;\"><b>MA\u00aeT <\/b><\/span><span style=\"color: #000000;\">&#8211; <\/span><span style=\"color: #000000;\"><b>Millennials A\u00aeT Work per Dominio Pubblico<\/b><\/span><span style=\"color: #000000;\">. Artista e writer, dal 2007 cooperante con il comune di Roma, ed altri enti istituzionali, per svariati progetti artistici e sociali. Ha studiato presso l\u2019universit\u00e0 di architettura di Valle Giulia.<\/span><\/span><\/span><\/p>\n<p align=\"JUSTIFY\"><span style=\"color: #000000;\"><span style=\"font-family: Times New Roman, serif;\"><span style=\"font-size: medium;\">Appassionato di storia ed archeologia, riporta nelle sue opere il concetto di genius loci, fondendo arte, studio del territorio, storia, archeologia e mitologia locale.<\/span><\/span><\/span><\/p>\n<p align=\"JUSTIFY\"><span style=\"color: #000000;\"><span style=\"font-family: Times New Roman, serif;\"><span style=\"font-size: medium;\">Ha lavorato per registi come Paolo Virz\u00ec e Gabriele Lavia, scenografando spettacoli per il Teatro di Roma, il Gran Teatro \u201cSan Carlo\u201d di Napoli e il Gran Teatro \u201cLa Fenice\u201d di Venezia. Ha lavorato per importanti enti quali: Giro d\u2019Italia, Enel, Anas, World FoodProgramme e Istituto di Cultura Italiana in Russia.<\/span><\/span><\/span><\/p>\n<figure id=\"attachment_27763\" aria-describedby=\"caption-attachment-27763\" style=\"width: 1600px\" class=\"wp-caption alignnone\"><img loading=\"lazy\" decoding=\"async\" class=\"size-full wp-image-27763\" src=\"https:\/\/www.romaoggi.eu\/wp-content\/uploads\/2021\/05\/WhatsApp-Image-2021-05-03-at-17.01.52-copia.jpg\" alt=\"\" width=\"1600\" height=\"1086\" srcset=\"https:\/\/www.romaoggi.eu\/wp-content\/uploads\/2021\/05\/WhatsApp-Image-2021-05-03-at-17.01.52-copia.jpg 1600w, https:\/\/www.romaoggi.eu\/wp-content\/uploads\/2021\/05\/WhatsApp-Image-2021-05-03-at-17.01.52-copia-300x204.jpg 300w, https:\/\/www.romaoggi.eu\/wp-content\/uploads\/2021\/05\/WhatsApp-Image-2021-05-03-at-17.01.52-copia-1024x695.jpg 1024w, https:\/\/www.romaoggi.eu\/wp-content\/uploads\/2021\/05\/WhatsApp-Image-2021-05-03-at-17.01.52-copia-1536x1043.jpg 1536w\" sizes=\"auto, (max-width: 1600px) 100vw, 1600px\" \/><figcaption id=\"caption-attachment-27763\" class=\"wp-caption-text\">\u00a9 Tiziana Belli<\/figcaption><\/figure>\n<figure id=\"attachment_27762\" aria-describedby=\"caption-attachment-27762\" style=\"width: 1600px\" class=\"wp-caption alignnone\"><img loading=\"lazy\" decoding=\"async\" class=\"size-full wp-image-27762\" src=\"https:\/\/www.romaoggi.eu\/wp-content\/uploads\/2021\/05\/WhatsApp-Image-2021-05-03-at-16.58.51-copia.jpg\" alt=\"\" width=\"1600\" height=\"1066\" srcset=\"https:\/\/www.romaoggi.eu\/wp-content\/uploads\/2021\/05\/WhatsApp-Image-2021-05-03-at-16.58.51-copia.jpg 1600w, https:\/\/www.romaoggi.eu\/wp-content\/uploads\/2021\/05\/WhatsApp-Image-2021-05-03-at-16.58.51-copia-300x200.jpg 300w, https:\/\/www.romaoggi.eu\/wp-content\/uploads\/2021\/05\/WhatsApp-Image-2021-05-03-at-16.58.51-copia-1024x682.jpg 1024w, https:\/\/www.romaoggi.eu\/wp-content\/uploads\/2021\/05\/WhatsApp-Image-2021-05-03-at-16.58.51-copia-1536x1023.jpg 1536w\" sizes=\"auto, (max-width: 1600px) 100vw, 1600px\" \/><figcaption id=\"caption-attachment-27762\" class=\"wp-caption-text\">\u00a9 Tiziana Belli<\/figcaption><\/figure>\n<figure id=\"attachment_27759\" aria-describedby=\"caption-attachment-27759\" style=\"width: 1066px\" class=\"wp-caption alignnone\"><img loading=\"lazy\" decoding=\"async\" class=\"size-full wp-image-27759\" src=\"https:\/\/www.romaoggi.eu\/wp-content\/uploads\/2021\/05\/WhatsApp-Image-2021-05-03-at-16.04.19-copia.jpg\" alt=\"\" width=\"1066\" height=\"1600\" srcset=\"https:\/\/www.romaoggi.eu\/wp-content\/uploads\/2021\/05\/WhatsApp-Image-2021-05-03-at-16.04.19-copia.jpg 1066w, https:\/\/www.romaoggi.eu\/wp-content\/uploads\/2021\/05\/WhatsApp-Image-2021-05-03-at-16.04.19-copia-200x300.jpg 200w, https:\/\/www.romaoggi.eu\/wp-content\/uploads\/2021\/05\/WhatsApp-Image-2021-05-03-at-16.04.19-copia-682x1024.jpg 682w, https:\/\/www.romaoggi.eu\/wp-content\/uploads\/2021\/05\/WhatsApp-Image-2021-05-03-at-16.04.19-copia-1023x1536.jpg 1023w\" sizes=\"auto, (max-width: 1066px) 100vw, 1066px\" \/><figcaption id=\"caption-attachment-27759\" class=\"wp-caption-text\">\u00a9 Tiziana Belli<\/figcaption><\/figure>\n","protected":false},"excerpt":{"rendered":"<div class=\"mh-excerpt\"><p>Roma, 4 maggio 2021 E\u2019 stato presentato oggi, in streaming, il nuovo progetto di Street Art \u201cMA\u00aeT &#8211; Millennials A\u00aeT Work \u2013 annualit\u00e0 2020\u201d realizzato nel quartiere della Montagnola, Municipio VIII. Hanno partecipato alla conferenza <a class=\"mh-excerpt-more\" href=\"https:\/\/www.romaoggi.eu\/index.php\/2021\/05\/04\/alla-montagnola-la-street-art-sulla-memoria\/\" title=\"Alla Montagnola la street art sulla Memoria riqualifica la scuola Salvatore Di Giacomo\">[&#8230;]<\/a><\/p>\n<\/div>","protected":false},"author":10,"featured_media":27764,"comment_status":"closed","ping_status":"open","sticky":false,"template":"","format":"standard","meta":{"_sitemap_exclude":false,"_sitemap_priority":"","_sitemap_frequency":"","footnotes":""},"categories":[522],"tags":[],"class_list":["post-27752","post","type-post","status-publish","format-standard","has-post-thumbnail","hentry","category-attualita"],"yoast_head":"<!-- This site is optimized with the Yoast SEO plugin v27.5 - https:\/\/yoast.com\/product\/yoast-seo-wordpress\/ -->\n<title>Alla Montagnola la street art sulla Memoria riqualifica la scuola Salvatore Di Giacomo<\/title>\n<meta name=\"description\" content=\"Roma, 4 maggio 2021 E\u2019 stato presentato oggi, in streaming, il nuovo progetto di Street Art \u201cMA\u00aeT - Millennials A\u00aeT Work \u2013 annualit\u00e0 2020\u201d realizzato nel\" \/>\n<meta name=\"robots\" content=\"index, follow, max-snippet:-1, max-image-preview:large, max-video-preview:-1\" \/>\n<link rel=\"canonical\" href=\"https:\/\/www.romaoggi.eu\/index.php\/2021\/05\/04\/alla-montagnola-la-street-art-sulla-memoria\/\" \/>\n<meta property=\"og:locale\" content=\"it_IT\" \/>\n<meta property=\"og:type\" content=\"article\" \/>\n<meta property=\"og:title\" content=\"Alla Montagnola la street art sulla Memoria riqualifica la scuola Salvatore Di Giacomo\" \/>\n<meta property=\"og:description\" content=\"Roma, 4 maggio 2021 E\u2019 stato presentato oggi, in streaming, il nuovo progetto di Street Art \u201cMA\u00aeT - Millennials A\u00aeT Work \u2013 annualit\u00e0 2020\u201d realizzato nel\" \/>\n<meta property=\"og:url\" content=\"https:\/\/www.romaoggi.eu\/index.php\/2021\/05\/04\/alla-montagnola-la-street-art-sulla-memoria\/\" \/>\n<meta property=\"og:site_name\" content=\"roma oggi\" \/>\n<meta property=\"article:publisher\" content=\"https:\/\/www.facebook.com\/RomaOggi-841544845954114\" \/>\n<meta property=\"article:author\" content=\"https:\/\/www.facebook.com\/alessandro.lisci.5\" \/>\n<meta property=\"article:published_time\" content=\"2021-05-04T17:33:19+00:00\" \/>\n<meta property=\"article:modified_time\" content=\"2021-05-09T07:18:04+00:00\" \/>\n<meta property=\"og:image\" content=\"https:\/\/www.romaoggi.eu\/wp-content\/uploads\/2021\/05\/Zara-Kiafar-\u00a9-Tiziana-Belli-copia.jpg\" \/>\n\t<meta property=\"og:image:width\" content=\"1600\" \/>\n\t<meta property=\"og:image:height\" content=\"1359\" \/>\n\t<meta property=\"og:image:type\" content=\"image\/jpeg\" \/>\n<meta name=\"author\" content=\"Alessandro Lisci\" \/>\n<meta name=\"twitter:card\" content=\"summary_large_image\" \/>\n<meta name=\"twitter:creator\" content=\"@https:\/\/twitter.com\/alessandrolisci\" \/>\n<meta name=\"twitter:site\" content=\"@romaoggi_eu\" \/>\n<meta name=\"twitter:label1\" content=\"Scritto da\" \/>\n\t<meta name=\"twitter:data1\" content=\"Alessandro Lisci\" \/>\n\t<meta name=\"twitter:label2\" content=\"Tempo di lettura stimato\" \/>\n\t<meta name=\"twitter:data2\" content=\"19 minuti\" \/>\n<script type=\"application\/ld+json\" class=\"yoast-schema-graph\">{\"@context\":\"https:\\\/\\\/schema.org\",\"@graph\":[{\"@type\":\"Article\",\"@id\":\"https:\\\/\\\/www.romaoggi.eu\\\/index.php\\\/2021\\\/05\\\/04\\\/alla-montagnola-la-street-art-sulla-memoria\\\/#article\",\"isPartOf\":{\"@id\":\"https:\\\/\\\/www.romaoggi.eu\\\/index.php\\\/2021\\\/05\\\/04\\\/alla-montagnola-la-street-art-sulla-memoria\\\/\"},\"author\":{\"name\":\"Alessandro Lisci\",\"@id\":\"https:\\\/\\\/www.romaoggi.eu\\\/#\\\/schema\\\/person\\\/30ada62b3bd510c45a781b7e3bf65e69\"},\"headline\":\"Alla Montagnola la street art sulla Memoria riqualifica la scuola Salvatore Di Giacomo\",\"datePublished\":\"2021-05-04T17:33:19+00:00\",\"dateModified\":\"2021-05-09T07:18:04+00:00\",\"mainEntityOfPage\":{\"@id\":\"https:\\\/\\\/www.romaoggi.eu\\\/index.php\\\/2021\\\/05\\\/04\\\/alla-montagnola-la-street-art-sulla-memoria\\\/\"},\"wordCount\":3881,\"publisher\":{\"@id\":\"https:\\\/\\\/www.romaoggi.eu\\\/#organization\"},\"image\":{\"@id\":\"https:\\\/\\\/www.romaoggi.eu\\\/index.php\\\/2021\\\/05\\\/04\\\/alla-montagnola-la-street-art-sulla-memoria\\\/#primaryimage\"},\"thumbnailUrl\":\"https:\\\/\\\/www.romaoggi.eu\\\/wp-content\\\/uploads\\\/2021\\\/05\\\/Zara-Kiafar-\u00a9-Tiziana-Belli-copia.jpg\",\"articleSection\":[\"attualit\u00e0\"],\"inLanguage\":\"it-IT\"},{\"@type\":\"WebPage\",\"@id\":\"https:\\\/\\\/www.romaoggi.eu\\\/index.php\\\/2021\\\/05\\\/04\\\/alla-montagnola-la-street-art-sulla-memoria\\\/\",\"url\":\"https:\\\/\\\/www.romaoggi.eu\\\/index.php\\\/2021\\\/05\\\/04\\\/alla-montagnola-la-street-art-sulla-memoria\\\/\",\"name\":\"Alla Montagnola la street art sulla Memoria riqualifica la scuola Salvatore Di Giacomo\",\"isPartOf\":{\"@id\":\"https:\\\/\\\/www.romaoggi.eu\\\/#website\"},\"primaryImageOfPage\":{\"@id\":\"https:\\\/\\\/www.romaoggi.eu\\\/index.php\\\/2021\\\/05\\\/04\\\/alla-montagnola-la-street-art-sulla-memoria\\\/#primaryimage\"},\"image\":{\"@id\":\"https:\\\/\\\/www.romaoggi.eu\\\/index.php\\\/2021\\\/05\\\/04\\\/alla-montagnola-la-street-art-sulla-memoria\\\/#primaryimage\"},\"thumbnailUrl\":\"https:\\\/\\\/www.romaoggi.eu\\\/wp-content\\\/uploads\\\/2021\\\/05\\\/Zara-Kiafar-\u00a9-Tiziana-Belli-copia.jpg\",\"datePublished\":\"2021-05-04T17:33:19+00:00\",\"dateModified\":\"2021-05-09T07:18:04+00:00\",\"description\":\"Roma, 4 maggio 2021 E\u2019 stato presentato oggi, in streaming, il nuovo progetto di Street Art \u201cMA\u00aeT - Millennials A\u00aeT Work \u2013 annualit\u00e0 2020\u201d realizzato nel\",\"breadcrumb\":{\"@id\":\"https:\\\/\\\/www.romaoggi.eu\\\/index.php\\\/2021\\\/05\\\/04\\\/alla-montagnola-la-street-art-sulla-memoria\\\/#breadcrumb\"},\"inLanguage\":\"it-IT\",\"potentialAction\":[{\"@type\":\"ReadAction\",\"target\":[\"https:\\\/\\\/www.romaoggi.eu\\\/index.php\\\/2021\\\/05\\\/04\\\/alla-montagnola-la-street-art-sulla-memoria\\\/\"]}]},{\"@type\":\"ImageObject\",\"inLanguage\":\"it-IT\",\"@id\":\"https:\\\/\\\/www.romaoggi.eu\\\/index.php\\\/2021\\\/05\\\/04\\\/alla-montagnola-la-street-art-sulla-memoria\\\/#primaryimage\",\"url\":\"https:\\\/\\\/www.romaoggi.eu\\\/wp-content\\\/uploads\\\/2021\\\/05\\\/Zara-Kiafar-\u00a9-Tiziana-Belli-copia.jpg\",\"contentUrl\":\"https:\\\/\\\/www.romaoggi.eu\\\/wp-content\\\/uploads\\\/2021\\\/05\\\/Zara-Kiafar-\u00a9-Tiziana-Belli-copia.jpg\",\"width\":1600,\"height\":1359,\"caption\":\"Zara Kiafar \u00a9 Tiziana Belli\"},{\"@type\":\"BreadcrumbList\",\"@id\":\"https:\\\/\\\/www.romaoggi.eu\\\/index.php\\\/2021\\\/05\\\/04\\\/alla-montagnola-la-street-art-sulla-memoria\\\/#breadcrumb\",\"itemListElement\":[{\"@type\":\"ListItem\",\"position\":1,\"name\":\"Home\",\"item\":\"https:\\\/\\\/www.romaoggi.eu\\\/\"},{\"@type\":\"ListItem\",\"position\":2,\"name\":\"Alla Montagnola la street art sulla Memoria riqualifica la scuola Salvatore Di Giacomo\"}]},{\"@type\":\"WebSite\",\"@id\":\"https:\\\/\\\/www.romaoggi.eu\\\/#website\",\"url\":\"https:\\\/\\\/www.romaoggi.eu\\\/\",\"name\":\"roma oggi\",\"description\":\"Interesting News for Interesting people\",\"publisher\":{\"@id\":\"https:\\\/\\\/www.romaoggi.eu\\\/#organization\"},\"potentialAction\":[{\"@type\":\"SearchAction\",\"target\":{\"@type\":\"EntryPoint\",\"urlTemplate\":\"https:\\\/\\\/www.romaoggi.eu\\\/?s={search_term_string}\"},\"query-input\":{\"@type\":\"PropertyValueSpecification\",\"valueRequired\":true,\"valueName\":\"search_term_string\"}}],\"inLanguage\":\"it-IT\"},{\"@type\":\"Organization\",\"@id\":\"https:\\\/\\\/www.romaoggi.eu\\\/#organization\",\"name\":\"RomaOggi\",\"url\":\"https:\\\/\\\/www.romaoggi.eu\\\/\",\"logo\":{\"@type\":\"ImageObject\",\"inLanguage\":\"it-IT\",\"@id\":\"https:\\\/\\\/www.romaoggi.eu\\\/#\\\/schema\\\/logo\\\/image\\\/\",\"url\":\"https:\\\/\\\/www.romaoggi.eu\\\/wp-content\\\/uploads\\\/2017\\\/04\\\/logowp.jpg\",\"contentUrl\":\"https:\\\/\\\/www.romaoggi.eu\\\/wp-content\\\/uploads\\\/2017\\\/04\\\/logowp.jpg\",\"width\":300,\"height\":133,\"caption\":\"RomaOggi\"},\"image\":{\"@id\":\"https:\\\/\\\/www.romaoggi.eu\\\/#\\\/schema\\\/logo\\\/image\\\/\"},\"sameAs\":[\"https:\\\/\\\/www.facebook.com\\\/RomaOggi-841544845954114\",\"https:\\\/\\\/x.com\\\/romaoggi_eu\"]},{\"@type\":\"Person\",\"@id\":\"https:\\\/\\\/www.romaoggi.eu\\\/#\\\/schema\\\/person\\\/30ada62b3bd510c45a781b7e3bf65e69\",\"name\":\"Alessandro Lisci\",\"image\":{\"@type\":\"ImageObject\",\"inLanguage\":\"it-IT\",\"@id\":\"https:\\\/\\\/secure.gravatar.com\\\/avatar\\\/9b9712162b2ac404aa0d7d978185f203808e7bd02856a449b19868b2eb80cf12?s=96&d=mm&r=g\",\"url\":\"https:\\\/\\\/secure.gravatar.com\\\/avatar\\\/9b9712162b2ac404aa0d7d978185f203808e7bd02856a449b19868b2eb80cf12?s=96&d=mm&r=g\",\"contentUrl\":\"https:\\\/\\\/secure.gravatar.com\\\/avatar\\\/9b9712162b2ac404aa0d7d978185f203808e7bd02856a449b19868b2eb80cf12?s=96&d=mm&r=g\",\"caption\":\"Alessandro Lisci\"},\"sameAs\":[\"http:\\\/\\\/www.alessandrolisci.com\",\"https:\\\/\\\/www.facebook.com\\\/alessandro.lisci.5\",\"https:\\\/\\\/x.com\\\/https:\\\/\\\/twitter.com\\\/alessandrolisci\",\"https:\\\/\\\/www.youtube.com\\\/user\\\/alessandrolisci\"],\"url\":\"https:\\\/\\\/www.romaoggi.eu\\\/index.php\\\/author\\\/alessandro\\\/\"}]}<\/script>\n<!-- \/ Yoast SEO plugin. -->","yoast_head_json":{"title":"Alla Montagnola la street art sulla Memoria riqualifica la scuola Salvatore Di Giacomo","description":"Roma, 4 maggio 2021 E\u2019 stato presentato oggi, in streaming, il nuovo progetto di Street Art \u201cMA\u00aeT - Millennials A\u00aeT Work \u2013 annualit\u00e0 2020\u201d realizzato nel","robots":{"index":"index","follow":"follow","max-snippet":"max-snippet:-1","max-image-preview":"max-image-preview:large","max-video-preview":"max-video-preview:-1"},"canonical":"https:\/\/www.romaoggi.eu\/index.php\/2021\/05\/04\/alla-montagnola-la-street-art-sulla-memoria\/","og_locale":"it_IT","og_type":"article","og_title":"Alla Montagnola la street art sulla Memoria riqualifica la scuola Salvatore Di Giacomo","og_description":"Roma, 4 maggio 2021 E\u2019 stato presentato oggi, in streaming, il nuovo progetto di Street Art \u201cMA\u00aeT - Millennials A\u00aeT Work \u2013 annualit\u00e0 2020\u201d realizzato nel","og_url":"https:\/\/www.romaoggi.eu\/index.php\/2021\/05\/04\/alla-montagnola-la-street-art-sulla-memoria\/","og_site_name":"roma oggi","article_publisher":"https:\/\/www.facebook.com\/RomaOggi-841544845954114","article_author":"https:\/\/www.facebook.com\/alessandro.lisci.5","article_published_time":"2021-05-04T17:33:19+00:00","article_modified_time":"2021-05-09T07:18:04+00:00","og_image":[{"width":1600,"height":1359,"url":"https:\/\/www.romaoggi.eu\/wp-content\/uploads\/2021\/05\/Zara-Kiafar-\u00a9-Tiziana-Belli-copia.jpg","type":"image\/jpeg"}],"author":"Alessandro Lisci","twitter_card":"summary_large_image","twitter_creator":"@https:\/\/twitter.com\/alessandrolisci","twitter_site":"@romaoggi_eu","twitter_misc":{"Scritto da":"Alessandro Lisci","Tempo di lettura stimato":"19 minuti"},"schema":{"@context":"https:\/\/schema.org","@graph":[{"@type":"Article","@id":"https:\/\/www.romaoggi.eu\/index.php\/2021\/05\/04\/alla-montagnola-la-street-art-sulla-memoria\/#article","isPartOf":{"@id":"https:\/\/www.romaoggi.eu\/index.php\/2021\/05\/04\/alla-montagnola-la-street-art-sulla-memoria\/"},"author":{"name":"Alessandro Lisci","@id":"https:\/\/www.romaoggi.eu\/#\/schema\/person\/30ada62b3bd510c45a781b7e3bf65e69"},"headline":"Alla Montagnola la street art sulla Memoria riqualifica la scuola Salvatore Di Giacomo","datePublished":"2021-05-04T17:33:19+00:00","dateModified":"2021-05-09T07:18:04+00:00","mainEntityOfPage":{"@id":"https:\/\/www.romaoggi.eu\/index.php\/2021\/05\/04\/alla-montagnola-la-street-art-sulla-memoria\/"},"wordCount":3881,"publisher":{"@id":"https:\/\/www.romaoggi.eu\/#organization"},"image":{"@id":"https:\/\/www.romaoggi.eu\/index.php\/2021\/05\/04\/alla-montagnola-la-street-art-sulla-memoria\/#primaryimage"},"thumbnailUrl":"https:\/\/www.romaoggi.eu\/wp-content\/uploads\/2021\/05\/Zara-Kiafar-\u00a9-Tiziana-Belli-copia.jpg","articleSection":["attualit\u00e0"],"inLanguage":"it-IT"},{"@type":"WebPage","@id":"https:\/\/www.romaoggi.eu\/index.php\/2021\/05\/04\/alla-montagnola-la-street-art-sulla-memoria\/","url":"https:\/\/www.romaoggi.eu\/index.php\/2021\/05\/04\/alla-montagnola-la-street-art-sulla-memoria\/","name":"Alla Montagnola la street art sulla Memoria riqualifica la scuola Salvatore Di Giacomo","isPartOf":{"@id":"https:\/\/www.romaoggi.eu\/#website"},"primaryImageOfPage":{"@id":"https:\/\/www.romaoggi.eu\/index.php\/2021\/05\/04\/alla-montagnola-la-street-art-sulla-memoria\/#primaryimage"},"image":{"@id":"https:\/\/www.romaoggi.eu\/index.php\/2021\/05\/04\/alla-montagnola-la-street-art-sulla-memoria\/#primaryimage"},"thumbnailUrl":"https:\/\/www.romaoggi.eu\/wp-content\/uploads\/2021\/05\/Zara-Kiafar-\u00a9-Tiziana-Belli-copia.jpg","datePublished":"2021-05-04T17:33:19+00:00","dateModified":"2021-05-09T07:18:04+00:00","description":"Roma, 4 maggio 2021 E\u2019 stato presentato oggi, in streaming, il nuovo progetto di Street Art \u201cMA\u00aeT - Millennials A\u00aeT Work \u2013 annualit\u00e0 2020\u201d realizzato nel","breadcrumb":{"@id":"https:\/\/www.romaoggi.eu\/index.php\/2021\/05\/04\/alla-montagnola-la-street-art-sulla-memoria\/#breadcrumb"},"inLanguage":"it-IT","potentialAction":[{"@type":"ReadAction","target":["https:\/\/www.romaoggi.eu\/index.php\/2021\/05\/04\/alla-montagnola-la-street-art-sulla-memoria\/"]}]},{"@type":"ImageObject","inLanguage":"it-IT","@id":"https:\/\/www.romaoggi.eu\/index.php\/2021\/05\/04\/alla-montagnola-la-street-art-sulla-memoria\/#primaryimage","url":"https:\/\/www.romaoggi.eu\/wp-content\/uploads\/2021\/05\/Zara-Kiafar-\u00a9-Tiziana-Belli-copia.jpg","contentUrl":"https:\/\/www.romaoggi.eu\/wp-content\/uploads\/2021\/05\/Zara-Kiafar-\u00a9-Tiziana-Belli-copia.jpg","width":1600,"height":1359,"caption":"Zara Kiafar \u00a9 Tiziana Belli"},{"@type":"BreadcrumbList","@id":"https:\/\/www.romaoggi.eu\/index.php\/2021\/05\/04\/alla-montagnola-la-street-art-sulla-memoria\/#breadcrumb","itemListElement":[{"@type":"ListItem","position":1,"name":"Home","item":"https:\/\/www.romaoggi.eu\/"},{"@type":"ListItem","position":2,"name":"Alla Montagnola la street art sulla Memoria riqualifica la scuola Salvatore Di Giacomo"}]},{"@type":"WebSite","@id":"https:\/\/www.romaoggi.eu\/#website","url":"https:\/\/www.romaoggi.eu\/","name":"roma oggi","description":"Interesting News for Interesting people","publisher":{"@id":"https:\/\/www.romaoggi.eu\/#organization"},"potentialAction":[{"@type":"SearchAction","target":{"@type":"EntryPoint","urlTemplate":"https:\/\/www.romaoggi.eu\/?s={search_term_string}"},"query-input":{"@type":"PropertyValueSpecification","valueRequired":true,"valueName":"search_term_string"}}],"inLanguage":"it-IT"},{"@type":"Organization","@id":"https:\/\/www.romaoggi.eu\/#organization","name":"RomaOggi","url":"https:\/\/www.romaoggi.eu\/","logo":{"@type":"ImageObject","inLanguage":"it-IT","@id":"https:\/\/www.romaoggi.eu\/#\/schema\/logo\/image\/","url":"https:\/\/www.romaoggi.eu\/wp-content\/uploads\/2017\/04\/logowp.jpg","contentUrl":"https:\/\/www.romaoggi.eu\/wp-content\/uploads\/2017\/04\/logowp.jpg","width":300,"height":133,"caption":"RomaOggi"},"image":{"@id":"https:\/\/www.romaoggi.eu\/#\/schema\/logo\/image\/"},"sameAs":["https:\/\/www.facebook.com\/RomaOggi-841544845954114","https:\/\/x.com\/romaoggi_eu"]},{"@type":"Person","@id":"https:\/\/www.romaoggi.eu\/#\/schema\/person\/30ada62b3bd510c45a781b7e3bf65e69","name":"Alessandro Lisci","image":{"@type":"ImageObject","inLanguage":"it-IT","@id":"https:\/\/secure.gravatar.com\/avatar\/9b9712162b2ac404aa0d7d978185f203808e7bd02856a449b19868b2eb80cf12?s=96&d=mm&r=g","url":"https:\/\/secure.gravatar.com\/avatar\/9b9712162b2ac404aa0d7d978185f203808e7bd02856a449b19868b2eb80cf12?s=96&d=mm&r=g","contentUrl":"https:\/\/secure.gravatar.com\/avatar\/9b9712162b2ac404aa0d7d978185f203808e7bd02856a449b19868b2eb80cf12?s=96&d=mm&r=g","caption":"Alessandro Lisci"},"sameAs":["http:\/\/www.alessandrolisci.com","https:\/\/www.facebook.com\/alessandro.lisci.5","https:\/\/x.com\/https:\/\/twitter.com\/alessandrolisci","https:\/\/www.youtube.com\/user\/alessandrolisci"],"url":"https:\/\/www.romaoggi.eu\/index.php\/author\/alessandro\/"}]}},"_links":{"self":[{"href":"https:\/\/www.romaoggi.eu\/index.php\/wp-json\/wp\/v2\/posts\/27752","targetHints":{"allow":["GET"]}}],"collection":[{"href":"https:\/\/www.romaoggi.eu\/index.php\/wp-json\/wp\/v2\/posts"}],"about":[{"href":"https:\/\/www.romaoggi.eu\/index.php\/wp-json\/wp\/v2\/types\/post"}],"author":[{"embeddable":true,"href":"https:\/\/www.romaoggi.eu\/index.php\/wp-json\/wp\/v2\/users\/10"}],"replies":[{"embeddable":true,"href":"https:\/\/www.romaoggi.eu\/index.php\/wp-json\/wp\/v2\/comments?post=27752"}],"version-history":[{"count":11,"href":"https:\/\/www.romaoggi.eu\/index.php\/wp-json\/wp\/v2\/posts\/27752\/revisions"}],"predecessor-version":[{"id":27845,"href":"https:\/\/www.romaoggi.eu\/index.php\/wp-json\/wp\/v2\/posts\/27752\/revisions\/27845"}],"wp:featuredmedia":[{"embeddable":true,"href":"https:\/\/www.romaoggi.eu\/index.php\/wp-json\/wp\/v2\/media\/27764"}],"wp:attachment":[{"href":"https:\/\/www.romaoggi.eu\/index.php\/wp-json\/wp\/v2\/media?parent=27752"}],"wp:term":[{"taxonomy":"category","embeddable":true,"href":"https:\/\/www.romaoggi.eu\/index.php\/wp-json\/wp\/v2\/categories?post=27752"},{"taxonomy":"post_tag","embeddable":true,"href":"https:\/\/www.romaoggi.eu\/index.php\/wp-json\/wp\/v2\/tags?post=27752"}],"curies":[{"name":"wp","href":"https:\/\/api.w.org\/{rel}","templated":true}]}}