{"id":27901,"date":"2021-05-13T22:32:51","date_gmt":"2021-05-13T20:32:51","guid":{"rendered":"http:\/\/www.romaoggi.eu\/?p=27901"},"modified":"2021-05-13T22:32:51","modified_gmt":"2021-05-13T20:32:51","slug":"edificio-marco-polo-la-riqualificazione-passa-attraverso-il-colore-di-fabiana-cambiaso-foto-di-ivano-ancinelli","status":"publish","type":"post","link":"https:\/\/www.romaoggi.eu\/index.php\/2021\/05\/13\/edificio-marco-polo-la-riqualificazione-passa-attraverso-il-colore-di-fabiana-cambiaso-foto-di-ivano-ancinelli\/","title":{"rendered":"Edificio Marco Polo: la riqualificazione passa attraverso il colore &#8230;di Fabiana Cambiaso. Foto di Ivano Ancinelli"},"content":{"rendered":"<p align=\"CENTER\"><span style=\"font-family: Stencil Std;\"><span style=\"font-size: small;\"><b><span style=\"color: #800000;\"><span style=\"font-family: Times New Roman, serif;\">sostieni con una donazione il progetto di Target <\/span><\/span><a href=\"https:\/\/sostieni.link\/28814\">https:\/\/sostieni.link\/28814<\/a><\/b><\/span><\/span><\/p>\n<p align=\"CENTER\"><span style=\"font-family: Stencil Std;\"><span style=\"font-size: xx-large;\"><b>TARGET<\/b><\/span><\/span><\/p>\n<p align=\"CENTER\"><span style=\"font-family: Stencil Std;\"><span style=\"font-size: small;\"><b>LABORATORIO SPERIMENTALE DI FOTOGRAFIA E COMUNICAZIONE<\/b><\/span><\/span><\/p>\n<p align=\"CENTER\"><span style=\"font-family: Stencil Std;\"><span style=\"font-size: small;\"><b>PRESENTA<\/b><\/span><\/span><\/p>\n<p><span style=\"font-family: Times New Roman, serif;\"><span style=\"font-size: medium;\"><b>Edicifio Marco Polo: la riqualificazione passa attraverso il colore.<\/b><\/span><\/span><\/p>\n<p align=\"JUSTIFY\"><span style=\"font-size: medium;\"><span style=\"color: #000000;\"><span style=\"font-family: Times New Roman, serif;\">Circonvallazione Tiburtina, San Lorenzo, tra le confluenze delle rampe della tangenziale nella zona est della Capitale, \u00e8 facile lasciarsi catturare la vista dal coloratissimo complesso Marco Polo della Sapienza. A fianco della nuova Stazione Tiburtina firmata dall&#8217;architetto Paolo Desideri (ABDR Architetti Associati) campeggia gi\u00e0 un altro importante edificio d\u2019autore, sede di una banca: un immenso specchio in cui si riflette il cielo d<\/span><\/span><span style=\"color: #000000;\"><span style=\"font-family: Times New Roman, serif;\">i Roma, cos\u00ec immaginato da <\/span><\/span><span style=\"font-family: Times New Roman, serif;\">5+1AA di Alfonso Femia Gianluca Peluffo. <\/span><\/span><\/p>\n<p align=\"JUSTIFY\"><span style=\"font-size: medium;\"><span style=\"font-family: Times New Roman, serif;\">Al nuovo <\/span><span style=\"font-family: Times New Roman, serif;\"><i>landmark<\/i><\/span><span style=\"font-family: Times New Roman, serif;\"> romano<\/span><span style=\"color: #000000;\"><span style=\"font-family: Times New Roman, serif;\"> di architetture contemporanee, che hanno ridisegnato l&#8217;assetto urbano di un&#8217;area da tempo dimenticata, si aggiunge il vivace complesso edilizio di 26 mila metri quadrati dell&#8217;universit\u00e0 La Sapienza, sorto dalla ristrutturazione dell\u2019ex officina meccanografica delle Poste, e che ha dato nuove sedi al suo Centro linguistico, al Dipartimento di Studi euro-americani e all\u2019Istituto di Studi Orientali. Tra aule e laboratori si contano 2.500 desk in parte telematici, con due biblioteche aperte h24. Per il contenuto di studi e ricerche cui sono chiamati i giovani, il complesso &#8211; gi\u00e0 operativo &#8211; \u00e8 stato battezzato Marco Polo, il veneziano pioniere della conoscenza di altre culture<\/span><\/span><span style=\"color: #000000;\"><span style=\"font-family: Times New Roman, serif;\">. L&#8217;universit\u00e0 sembra aver dato cos\u00ec il giusto ruolo allo studio delle lingue straniere con una scelta forte e di qualit\u00e0, oltre rilevare che nella biblioteca del complesso \u00e8 conservata la collezione di testi sla<\/span><\/span><span style=\"color: #000000;\"><span style=\"font-family: Times New Roman, serif;\">vi pi\u00f9 importante dell\u2019Europa occidentale. Ci sono voluti oltre dieci anni e un investimento rilevante per dare alla citt\u00e0 un centro linguistico d\u2019eccellenza, proiettando nel futuro l&#8217;Ateneo romano, tra i pi\u00f9 antichi e prestigiosi, oltre che per numero di studenti pi\u00f9 elevato.<\/span><\/span><\/span><\/p>\n<figure id=\"attachment_27907\" aria-describedby=\"caption-attachment-27907\" style=\"width: 2560px\" class=\"wp-caption alignnone\"><img loading=\"lazy\" decoding=\"async\" class=\"size-full wp-image-27907\" src=\"https:\/\/www.romaoggi.eu\/wp-content\/uploads\/2021\/05\/Marco-Polo-6-scaled.jpg\" alt=\"\" width=\"2560\" height=\"1695\" srcset=\"https:\/\/www.romaoggi.eu\/wp-content\/uploads\/2021\/05\/Marco-Polo-6-scaled.jpg 2560w, https:\/\/www.romaoggi.eu\/wp-content\/uploads\/2021\/05\/Marco-Polo-6-300x199.jpg 300w, https:\/\/www.romaoggi.eu\/wp-content\/uploads\/2021\/05\/Marco-Polo-6-1024x678.jpg 1024w, https:\/\/www.romaoggi.eu\/wp-content\/uploads\/2021\/05\/Marco-Polo-6-1536x1017.jpg 1536w, https:\/\/www.romaoggi.eu\/wp-content\/uploads\/2021\/05\/Marco-Polo-6-2048x1356.jpg 2048w\" sizes=\"auto, (max-width: 2560px) 100vw, 2560px\" \/><figcaption id=\"caption-attachment-27907\" class=\"wp-caption-text\">Edificio Marco Polo \u00a9 Ivano Ancinelli<\/figcaption><\/figure>\n<p align=\"JUSTIFY\"><span style=\"color: #000000;\"><span style=\"font-family: Times New Roman, serif;\"><span style=\"font-size: medium;\">I lavori di recupero, ristrutturazione ed adeguamento normativo riguardano nel particolare l\u2019ex edificio industriale che ospiter\u00e0: aule per la didattica, il centro linguistico, un\u2019autorimessa al piano interrato, due biblioteche ed un piano interamente dedicato ad uffici oltre ad un\u2019aula conferenze per circa 500 posti. Ai lavori che interessano il corpo principale si aggiungono quelli di completa demolizione e successiva realizzazione di un corpo pi\u00f9 piccolo di circa 1800 mq, con struttura indipendente in cemento armato e travi tralicciate, che verr\u00e0 utilizzato in parte come aula convegni ed in parte come parcheggio su due livelli fuori terra. L\u2019intervento prevede tutte le opere civili ed impiantistiche di demolizione e rimozione finalizzate a riportare a \u201cnudo\u201d la struttura esistente, conservando unicamente i 6 solai in predalles e la parte opaca delle facciate perimetrali, con nuove soluzioni impiantistiche ad alto rendimento energetico.<\/span><\/span><\/span><\/p>\n<p align=\"JUSTIFY\"><span style=\"color: #000000;\"><span style=\"font-family: Times New Roman, serif;\"><span style=\"font-size: medium;\">Il gioco delle costruzioni a Roma, come a Londra o a Berlino, parte dal colore.<\/span><\/span><\/span><\/p>\n<figure id=\"attachment_27908\" aria-describedby=\"caption-attachment-27908\" style=\"width: 2560px\" class=\"wp-caption alignnone\"><img loading=\"lazy\" decoding=\"async\" class=\"size-full wp-image-27908\" src=\"https:\/\/www.romaoggi.eu\/wp-content\/uploads\/2021\/05\/Marco-Polo-2-scaled.jpg\" alt=\"\" width=\"2560\" height=\"1696\" srcset=\"https:\/\/www.romaoggi.eu\/wp-content\/uploads\/2021\/05\/Marco-Polo-2-scaled.jpg 2560w, https:\/\/www.romaoggi.eu\/wp-content\/uploads\/2021\/05\/Marco-Polo-2-300x199.jpg 300w, https:\/\/www.romaoggi.eu\/wp-content\/uploads\/2021\/05\/Marco-Polo-2-1024x678.jpg 1024w, https:\/\/www.romaoggi.eu\/wp-content\/uploads\/2021\/05\/Marco-Polo-2-1536x1017.jpg 1536w, https:\/\/www.romaoggi.eu\/wp-content\/uploads\/2021\/05\/Marco-Polo-2-2048x1356.jpg 2048w\" sizes=\"auto, (max-width: 2560px) 100vw, 2560px\" \/><figcaption id=\"caption-attachment-27908\" class=\"wp-caption-text\">Edificio Marco Polo \u00a9 Ivano Ancinelli<\/figcaption><\/figure>\n<p align=\"JUSTIFY\"><span style=\"font-family: Times New Roman, serif;\"><span style=\"font-size: medium;\"><span style=\"color: #000000;\">Come le nuove case di <\/span><span style=\"color: #000000;\">Renzo Piano <\/span><span style=\"color: #000000;\">brillano a Saint Giles nel cuore di Londra a due passi da Covent Garden e dai giardini del Soho, al posto dell\u2019ex edificio del Ministero della Difesa, cos\u00ec quelle di Aldo Rossi a Berlino, nell&#8217;isolato dello Sch\u00fctzenquartier, nate al posto di un hof residenziale per giornalisti e addetti al mondo della carta stampata, il distretto chiamato <\/span><span style=\"color: #000000;\"><i>Newspaper Area<\/i><\/span><span style=\"color: #000000;\">, abbattuto durante la guerra, si susseguono in blocchi multiformi che sembrano fatti con il lego, mescolati a (false) facciate antiche, in un insieme giocoso che non manca di una sua armonia.<\/span><\/span><\/span><\/p>\n<p align=\"JUSTIFY\"><span style=\"color: #000000;\"><span style=\"font-family: Times New Roman, serif;\"><span style=\"font-size: medium;\">La scelta dei colori primari, quale elemento caratterizzante L&#8217;Edificio Marco Polo come gli esempi europei citati, sembra ispirarsi al senso di improvvisa sorpresa che viene dai colori brillanti, tanto pi\u00f9 forte \u2013la sorpresa- quanto pi\u00f9 grigio e abbandonato \u00e8 l&#8217;angolo urbano in cui vengono contestualizzate le nuove architetture. Il blu, il giallo, il verde, il rosso e l\u2019arancio degli edifici sferrano lontano l\u2019energia del colore, mentre intorno gli edifici \u2013grigi- adeguano i toni di grigio l\u2019un l\u2019altro, in una massa urbana indistinguibile. Il colore attrae l\u2019attenzione e ti spinge a riporre di nuovo lo sguardo su quel colore, come in una attrazione ipnotica infantile.<\/span><\/span><\/span><\/p>\n<figure id=\"attachment_27909\" aria-describedby=\"caption-attachment-27909\" style=\"width: 2560px\" class=\"wp-caption alignnone\"><img loading=\"lazy\" decoding=\"async\" class=\"size-full wp-image-27909\" src=\"https:\/\/www.romaoggi.eu\/wp-content\/uploads\/2021\/05\/Marco-Polo-4-scaled.jpg\" alt=\"\" width=\"2560\" height=\"1682\" srcset=\"https:\/\/www.romaoggi.eu\/wp-content\/uploads\/2021\/05\/Marco-Polo-4-scaled.jpg 2560w, https:\/\/www.romaoggi.eu\/wp-content\/uploads\/2021\/05\/Marco-Polo-4-300x197.jpg 300w, https:\/\/www.romaoggi.eu\/wp-content\/uploads\/2021\/05\/Marco-Polo-4-1024x673.jpg 1024w, https:\/\/www.romaoggi.eu\/wp-content\/uploads\/2021\/05\/Marco-Polo-4-1536x1009.jpg 1536w, https:\/\/www.romaoggi.eu\/wp-content\/uploads\/2021\/05\/Marco-Polo-4-2048x1346.jpg 2048w\" sizes=\"auto, (max-width: 2560px) 100vw, 2560px\" \/><figcaption id=\"caption-attachment-27909\" class=\"wp-caption-text\">Edificio Marco Polo \u00a9 Ivano Ancinelli<\/figcaption><\/figure>\n<p align=\"JUSTIFY\"><span style=\"color: #000000;\"><span style=\"font-family: Times New Roman, serif;\"><span style=\"font-size: medium;\">L&#8217;Edificio Marco Polo, distante quasi dieci anni dalle case di Renzo Piano a Londra, e venti dalle case di Aldo Rossi a Berlino, come quelle affida al colore la forza del cambiamento, l\u2019impatto della sorpresa. Come quelle costruisce nuovi prospetti su strada in cui poter riconoscere l\u2019identit\u00e0 della citt\u00e0 che li ospita. Non pu\u00f2 non distinguersi nella maglia delle finestre di Saint Giles il ritmo vuoto\/pieno delle facciate di Regent Street di John Nash del 1830, allo stesso modo in cui i prospetti dello Sch\u00fctzenquartier ricostruiscono la vecchia Berlino insieme al ricordo dei palazzi rinascimentali italiani e all\u2019uso ironico di elementi classici decontestualizzati, il complesso Marco Polo sottolinea il gioco dei volumi che si sovrappongono e si incastrano, si depositano, ed esaltano i nastri delle scale preesistenti che si svolgono lungo le facciate.<\/span><\/span><\/span><\/p>\n<p align=\"JUSTIFY\"><span style=\"font-family: Times New Roman, serif;\"><span style=\"font-size: medium;\"><span style=\"color: #000000;\">Colore come sorpresa ma anche come <\/span><span style=\"color: #000000;\"><i>senso dell&#8217;accoglienza, dell&#8217;integrazione, di inno alla gioia, di pace e di speranza<\/i><\/span><span style=\"color: #000000;\">, ci dice l&#8217;architetto Marcello Pazzaglini, capogruppo dei progettisti.<\/span><\/span><\/span><\/p>\n<figure id=\"attachment_27910\" aria-describedby=\"caption-attachment-27910\" style=\"width: 2560px\" class=\"wp-caption alignnone\"><img loading=\"lazy\" decoding=\"async\" class=\"size-full wp-image-27910\" src=\"https:\/\/www.romaoggi.eu\/wp-content\/uploads\/2021\/05\/Marco-Polo-1-scaled.jpg\" alt=\"\" width=\"2560\" height=\"1696\" srcset=\"https:\/\/www.romaoggi.eu\/wp-content\/uploads\/2021\/05\/Marco-Polo-1-scaled.jpg 2560w, https:\/\/www.romaoggi.eu\/wp-content\/uploads\/2021\/05\/Marco-Polo-1-300x199.jpg 300w, https:\/\/www.romaoggi.eu\/wp-content\/uploads\/2021\/05\/Marco-Polo-1-1024x678.jpg 1024w, https:\/\/www.romaoggi.eu\/wp-content\/uploads\/2021\/05\/Marco-Polo-1-1536x1017.jpg 1536w, https:\/\/www.romaoggi.eu\/wp-content\/uploads\/2021\/05\/Marco-Polo-1-2048x1356.jpg 2048w\" sizes=\"auto, (max-width: 2560px) 100vw, 2560px\" \/><figcaption id=\"caption-attachment-27910\" class=\"wp-caption-text\">Edificio Marco Polo \u00a9 Ivano Ancinelli<\/figcaption><\/figure>\n<p align=\"JUSTIFY\"><span style=\"font-family: Times New Roman, serif;\"><span style=\"font-size: medium;\"><span style=\"color: #000000;\"><br \/>\nLa restituzione fotografica offerta da Ivano Ancinelli, sottolinea, a sua volta, la forza del colore nelle prospettive e soluzioni architettoniche espresse. La disposizione dei colori primari crea composizioni equilibrate, caratterizzate da righe orizzontali e verticali le cui campiture si pongono in una dimensione armonica. Armonia che scaturisce anche dalla distribuzione dei colori soppesata all&#8217;interno della composizione stilistica, variando le scelte in base alle forme geometriche ottenute. Un tributo non solo all&#8217;opera architettonica raccontata ma anche al fotografo Franco Fontana che ha fatto della semplicit\u00e0, della composizione astratta di colori e delle forme geometriche, il modo innovativo di comunicare con la fotografia.<\/span><\/span><\/span><\/p>\n<p align=\"JUSTIFY\"><em><span style=\"color: #000000;\">\u201c<span style=\"font-family: Times New Roman, serif;\"><span style=\"font-size: medium;\"><i>C\u2019\u00e8 la gioia del colore, che \u00e8 un\u2019attitudine di vita.\u201d <\/i><\/span><\/span><\/span><\/em><span style=\"color: #000000;\"><span style=\"font-family: Times New Roman, serif;\"><span style=\"font-size: medium;\">Franco Fontana.<\/span><\/span><\/span><\/p>\n<p align=\"JUSTIFY\"><strong><span style=\"color: #000000;\"><span style=\"font-family: Times New Roman, serif;\"><span style=\"font-size: medium;\">\u00a9 Fabiana Cambiaso.\u00a0<\/span><\/span><\/span><\/strong><\/p>\n<p><strong><span style=\"font-family: Times New Roman, serif;\"><span style=\"font-size: medium;\"><span style=\"color: #000000;\"><img loading=\"lazy\" decoding=\"async\" class=\"alignnone wp-image-27911\" src=\"https:\/\/www.romaoggi.eu\/wp-content\/uploads\/2021\/05\/Schermata-2021-05-13-alle-22.16.06.png\" alt=\"alt tag fabiana cambiaso\" width=\"77\" height=\"96\" srcset=\"https:\/\/www.romaoggi.eu\/wp-content\/uploads\/2021\/05\/Schermata-2021-05-13-alle-22.16.06.png 468w, https:\/\/www.romaoggi.eu\/wp-content\/uploads\/2021\/05\/Schermata-2021-05-13-alle-22.16.06-240x300.png 240w\" sizes=\"auto, (max-width: 77px) 100vw, 77px\" \/>\u00a0<\/span><\/span><\/span><\/strong><strong><span style=\"font-family: Times New Roman, serif;\"><span style=\"font-size: medium;\">Architetto ed Ingegnere Civile <\/span><\/span><\/strong><\/p>\n<p><strong><span style=\"font-family: Times New Roman, serif;\"><span style=\"font-size: medium;\">Lavori Pubblici, Pianificazione del Territorio, Riqualificazione Urbana e Ambientale<\/span><\/span><\/strong><\/p>\n<p><strong><span style=\"color: #000000;\"><span style=\"font-family: Times New Roman, serif;\"><span style=\"font-size: medium;\">Dipartimento Sviluppo e Infrastrutture di Roma Capitale<\/span><\/span><\/span><\/strong><\/p>\n<p>____________________________________________________________________<\/p>\n<p align=\"JUSTIFY\"><span style=\"color: #000000;\"><span style=\"font-family: Times New Roman, serif;\"><span style=\"font-size: medium;\"><strong>Ivano Ancinelli<\/strong> <strong>fa della fotografia la sua grande passione<\/strong>. Ha iniziato calcando la tecnica analogica trovando nell &#8216;architettura e nel paesaggio i generi pi\u00f9 affini ai suoi gusti, esplorando per\u00f2 anche altri generi tra cui la Macro in un Workshop con Alberto Ghizzi Panizza. Nel 2016 su Facebook apre un gruppo fotografico: Foto PrimiScatti, nel quale, insieme ad alcuni collaboratori fornisce i primi rudimenti fotografici alle persone che approcciano co questa meravigliosa arte. <\/span><\/span><\/span><\/p>\n<p align=\"JUSTIFY\"><strong><span style=\"color: #000000;\"><span style=\"font-family: Times New Roman, serif;\"><span style=\"font-size: medium;\">Nel 2018 fonda l&#8217;Associazione Fotografica PHOTOMENTIS, di cui \u00e8 il presidente. <\/span><\/span><\/span><\/strong><\/p>\n<p align=\"JUSTIFY\"><span style=\"color: #000000;\"><span style=\"font-family: Times New Roman, serif;\"><span style=\"font-size: medium;\"><strong>Ha frequentato un corso di ritratto in studio all&#8217;ISFCI di Roma<\/strong>. Nell&#8217;ultimo anno la sua ricerca fotografica e si \u00e8 rivolta al concettuale e al sociale \u201cLa mia filosofia \u00e8 non anteporre mai lo strumento fotografico alla mente ed \u00e8 questo che consiglio a chi vuole fare fotografia\u201d<\/span><\/span><\/span><\/p>\n<figure id=\"attachment_27913\" aria-describedby=\"caption-attachment-27913\" style=\"width: 1662px\" class=\"wp-caption alignnone\"><img loading=\"lazy\" decoding=\"async\" class=\"size-full wp-image-27913\" src=\"https:\/\/www.romaoggi.eu\/wp-content\/uploads\/2021\/05\/Marco-Polo-5-scaled.jpg\" alt=\"\" width=\"1662\" height=\"2560\" srcset=\"https:\/\/www.romaoggi.eu\/wp-content\/uploads\/2021\/05\/Marco-Polo-5-scaled.jpg 1662w, https:\/\/www.romaoggi.eu\/wp-content\/uploads\/2021\/05\/Marco-Polo-5-195x300.jpg 195w, https:\/\/www.romaoggi.eu\/wp-content\/uploads\/2021\/05\/Marco-Polo-5-665x1024.jpg 665w, https:\/\/www.romaoggi.eu\/wp-content\/uploads\/2021\/05\/Marco-Polo-5-997x1536.jpg 997w, https:\/\/www.romaoggi.eu\/wp-content\/uploads\/2021\/05\/Marco-Polo-5-1329x2048.jpg 1329w\" sizes=\"auto, (max-width: 1662px) 100vw, 1662px\" \/><figcaption id=\"caption-attachment-27913\" class=\"wp-caption-text\">Edificio Marco Polo \u00a9 Ivano Ancinelli<\/figcaption><\/figure>\n<figure id=\"attachment_27912\" aria-describedby=\"caption-attachment-27912\" style=\"width: 1696px\" class=\"wp-caption alignnone\"><img loading=\"lazy\" decoding=\"async\" class=\"size-full wp-image-27912\" src=\"https:\/\/www.romaoggi.eu\/wp-content\/uploads\/2021\/05\/Marco-Polo-3-scaled.jpg\" alt=\"\" width=\"1696\" height=\"2560\" srcset=\"https:\/\/www.romaoggi.eu\/wp-content\/uploads\/2021\/05\/Marco-Polo-3-scaled.jpg 1696w, https:\/\/www.romaoggi.eu\/wp-content\/uploads\/2021\/05\/Marco-Polo-3-199x300.jpg 199w, https:\/\/www.romaoggi.eu\/wp-content\/uploads\/2021\/05\/Marco-Polo-3-678x1024.jpg 678w, https:\/\/www.romaoggi.eu\/wp-content\/uploads\/2021\/05\/Marco-Polo-3-1018x1536.jpg 1018w, https:\/\/www.romaoggi.eu\/wp-content\/uploads\/2021\/05\/Marco-Polo-3-1357x2048.jpg 1357w\" sizes=\"auto, (max-width: 1696px) 100vw, 1696px\" \/><figcaption id=\"caption-attachment-27912\" class=\"wp-caption-text\">Edificio Marco Polo \u00a9 Ivano Ancinelli<\/figcaption><\/figure>\n","protected":false},"excerpt":{"rendered":"<div class=\"mh-excerpt\"><p>sostieni con una donazione il progetto di Target https:\/\/sostieni.link\/28814 TARGET LABORATORIO SPERIMENTALE DI FOTOGRAFIA E COMUNICAZIONE PRESENTA Edicifio Marco Polo: la riqualificazione passa attraverso il colore. Circonvallazione Tiburtina, San Lorenzo, tra le confluenze delle rampe <a class=\"mh-excerpt-more\" href=\"https:\/\/www.romaoggi.eu\/index.php\/2021\/05\/13\/edificio-marco-polo-la-riqualificazione-passa-attraverso-il-colore-di-fabiana-cambiaso-foto-di-ivano-ancinelli\/\" title=\"Edificio Marco Polo: la riqualificazione passa attraverso il colore &#8230;di Fabiana Cambiaso. Foto di Ivano Ancinelli\">[&#8230;]<\/a><\/p>\n<\/div>","protected":false},"author":10,"featured_media":27905,"comment_status":"closed","ping_status":"open","sticky":false,"template":"","format":"standard","meta":{"_sitemap_exclude":false,"_sitemap_priority":"","_sitemap_frequency":"","footnotes":""},"categories":[14247],"tags":[4137,15071,15076,15077,11463,15072,15011,14682,15073,15075,1738,15074],"class_list":["post-27901","post","type-post","status-publish","format-standard","has-post-thumbnail","hentry","category-dentro-roma","tag-alessandro-lisci","tag-alfonso","tag-circonvallazione-tiburtina","tag-dentro-roma","tag-fabiana-cambiaso","tag-femia-gianluca-peluffo","tag-franco-fontana","tag-ivano-ancinelli","tag-photomentis","tag-renzo-piano","tag-romaoggi-eu","tag-uniroma1"],"yoast_head":"<!-- This site is optimized with the Yoast SEO plugin v27.5 - https:\/\/yoast.com\/product\/yoast-seo-wordpress\/ -->\n<title>Edificio Marco Polo: la riqualificazione passa attraverso il colore ...di Fabiana Cambiaso. Foto di Ivano Ancinelli<\/title>\n<meta name=\"description\" content=\"sostieni con una donazione il progetto di Target https:\/\/sostieni.link\/28814 TARGET LABORATORIO SPERIMENTALE DI FOTOGRAFIA E COMUNICAZIONE PRESENTA\" \/>\n<meta name=\"robots\" content=\"index, follow, max-snippet:-1, max-image-preview:large, max-video-preview:-1\" \/>\n<link rel=\"canonical\" href=\"https:\/\/www.romaoggi.eu\/index.php\/2021\/05\/13\/edificio-marco-polo-la-riqualificazione-passa-attraverso-il-colore-di-fabiana-cambiaso-foto-di-ivano-ancinelli\/\" \/>\n<meta property=\"og:locale\" content=\"it_IT\" \/>\n<meta property=\"og:type\" content=\"article\" \/>\n<meta property=\"og:title\" content=\"Edificio Marco Polo: la riqualificazione passa attraverso il colore ...di Fabiana Cambiaso. Foto di Ivano Ancinelli\" \/>\n<meta property=\"og:description\" content=\"sostieni con una donazione il progetto di Target https:\/\/sostieni.link\/28814 TARGET LABORATORIO SPERIMENTALE DI FOTOGRAFIA E COMUNICAZIONE PRESENTA\" \/>\n<meta property=\"og:url\" content=\"https:\/\/www.romaoggi.eu\/index.php\/2021\/05\/13\/edificio-marco-polo-la-riqualificazione-passa-attraverso-il-colore-di-fabiana-cambiaso-foto-di-ivano-ancinelli\/\" \/>\n<meta property=\"og:site_name\" content=\"roma oggi\" \/>\n<meta property=\"article:publisher\" content=\"https:\/\/www.facebook.com\/RomaOggi-841544845954114\" \/>\n<meta property=\"article:author\" content=\"https:\/\/www.facebook.com\/alessandro.lisci.5\" \/>\n<meta property=\"article:published_time\" content=\"2021-05-13T20:32:51+00:00\" \/>\n<meta property=\"og:image\" content=\"https:\/\/www.romaoggi.eu\/wp-content\/uploads\/2021\/05\/Marco-polo-7-scaled.jpg\" \/>\n\t<meta property=\"og:image:width\" content=\"2560\" \/>\n\t<meta property=\"og:image:height\" content=\"1695\" \/>\n\t<meta property=\"og:image:type\" content=\"image\/jpeg\" \/>\n<meta name=\"author\" content=\"Alessandro Lisci\" \/>\n<meta name=\"twitter:card\" content=\"summary_large_image\" \/>\n<meta name=\"twitter:creator\" content=\"@https:\/\/twitter.com\/alessandrolisci\" \/>\n<meta name=\"twitter:site\" content=\"@romaoggi_eu\" \/>\n<meta name=\"twitter:label1\" content=\"Scritto da\" \/>\n\t<meta name=\"twitter:data1\" content=\"Alessandro Lisci\" \/>\n\t<meta name=\"twitter:label2\" content=\"Tempo di lettura stimato\" \/>\n\t<meta name=\"twitter:data2\" content=\"7 minuti\" \/>\n<script type=\"application\/ld+json\" class=\"yoast-schema-graph\">{\"@context\":\"https:\\\/\\\/schema.org\",\"@graph\":[{\"@type\":\"Article\",\"@id\":\"https:\\\/\\\/www.romaoggi.eu\\\/index.php\\\/2021\\\/05\\\/13\\\/edificio-marco-polo-la-riqualificazione-passa-attraverso-il-colore-di-fabiana-cambiaso-foto-di-ivano-ancinelli\\\/#article\",\"isPartOf\":{\"@id\":\"https:\\\/\\\/www.romaoggi.eu\\\/index.php\\\/2021\\\/05\\\/13\\\/edificio-marco-polo-la-riqualificazione-passa-attraverso-il-colore-di-fabiana-cambiaso-foto-di-ivano-ancinelli\\\/\"},\"author\":{\"name\":\"Alessandro Lisci\",\"@id\":\"https:\\\/\\\/www.romaoggi.eu\\\/#\\\/schema\\\/person\\\/30ada62b3bd510c45a781b7e3bf65e69\"},\"headline\":\"Edificio Marco Polo: la riqualificazione passa attraverso il colore &#8230;di Fabiana Cambiaso. Foto di Ivano Ancinelli\",\"datePublished\":\"2021-05-13T20:32:51+00:00\",\"mainEntityOfPage\":{\"@id\":\"https:\\\/\\\/www.romaoggi.eu\\\/index.php\\\/2021\\\/05\\\/13\\\/edificio-marco-polo-la-riqualificazione-passa-attraverso-il-colore-di-fabiana-cambiaso-foto-di-ivano-ancinelli\\\/\"},\"wordCount\":1174,\"publisher\":{\"@id\":\"https:\\\/\\\/www.romaoggi.eu\\\/#organization\"},\"image\":{\"@id\":\"https:\\\/\\\/www.romaoggi.eu\\\/index.php\\\/2021\\\/05\\\/13\\\/edificio-marco-polo-la-riqualificazione-passa-attraverso-il-colore-di-fabiana-cambiaso-foto-di-ivano-ancinelli\\\/#primaryimage\"},\"thumbnailUrl\":\"https:\\\/\\\/www.romaoggi.eu\\\/wp-content\\\/uploads\\\/2021\\\/05\\\/Marco-polo-7-scaled.jpg\",\"keywords\":[\"alessandro lisci\",\"Alfonso\",\"circonvallazione tiburtina\",\"dentro roma\",\"fabiana cambiaso\",\"Femia Gianluca Peluffo\",\"Franco Fontana\",\"ivano ancinelli\",\"photomentis\",\"renzo piano\",\"RomaOggi.eu\",\"uniroma1\"],\"articleSection\":[\"DENTRO ROMA\"],\"inLanguage\":\"it-IT\"},{\"@type\":\"WebPage\",\"@id\":\"https:\\\/\\\/www.romaoggi.eu\\\/index.php\\\/2021\\\/05\\\/13\\\/edificio-marco-polo-la-riqualificazione-passa-attraverso-il-colore-di-fabiana-cambiaso-foto-di-ivano-ancinelli\\\/\",\"url\":\"https:\\\/\\\/www.romaoggi.eu\\\/index.php\\\/2021\\\/05\\\/13\\\/edificio-marco-polo-la-riqualificazione-passa-attraverso-il-colore-di-fabiana-cambiaso-foto-di-ivano-ancinelli\\\/\",\"name\":\"Edificio Marco Polo: la riqualificazione passa attraverso il colore ...di Fabiana Cambiaso. Foto di Ivano Ancinelli\",\"isPartOf\":{\"@id\":\"https:\\\/\\\/www.romaoggi.eu\\\/#website\"},\"primaryImageOfPage\":{\"@id\":\"https:\\\/\\\/www.romaoggi.eu\\\/index.php\\\/2021\\\/05\\\/13\\\/edificio-marco-polo-la-riqualificazione-passa-attraverso-il-colore-di-fabiana-cambiaso-foto-di-ivano-ancinelli\\\/#primaryimage\"},\"image\":{\"@id\":\"https:\\\/\\\/www.romaoggi.eu\\\/index.php\\\/2021\\\/05\\\/13\\\/edificio-marco-polo-la-riqualificazione-passa-attraverso-il-colore-di-fabiana-cambiaso-foto-di-ivano-ancinelli\\\/#primaryimage\"},\"thumbnailUrl\":\"https:\\\/\\\/www.romaoggi.eu\\\/wp-content\\\/uploads\\\/2021\\\/05\\\/Marco-polo-7-scaled.jpg\",\"datePublished\":\"2021-05-13T20:32:51+00:00\",\"description\":\"sostieni con una donazione il progetto di Target https:\\\/\\\/sostieni.link\\\/28814 TARGET LABORATORIO SPERIMENTALE DI FOTOGRAFIA E COMUNICAZIONE PRESENTA\",\"breadcrumb\":{\"@id\":\"https:\\\/\\\/www.romaoggi.eu\\\/index.php\\\/2021\\\/05\\\/13\\\/edificio-marco-polo-la-riqualificazione-passa-attraverso-il-colore-di-fabiana-cambiaso-foto-di-ivano-ancinelli\\\/#breadcrumb\"},\"inLanguage\":\"it-IT\",\"potentialAction\":[{\"@type\":\"ReadAction\",\"target\":[\"https:\\\/\\\/www.romaoggi.eu\\\/index.php\\\/2021\\\/05\\\/13\\\/edificio-marco-polo-la-riqualificazione-passa-attraverso-il-colore-di-fabiana-cambiaso-foto-di-ivano-ancinelli\\\/\"]}]},{\"@type\":\"ImageObject\",\"inLanguage\":\"it-IT\",\"@id\":\"https:\\\/\\\/www.romaoggi.eu\\\/index.php\\\/2021\\\/05\\\/13\\\/edificio-marco-polo-la-riqualificazione-passa-attraverso-il-colore-di-fabiana-cambiaso-foto-di-ivano-ancinelli\\\/#primaryimage\",\"url\":\"https:\\\/\\\/www.romaoggi.eu\\\/wp-content\\\/uploads\\\/2021\\\/05\\\/Marco-polo-7-scaled.jpg\",\"contentUrl\":\"https:\\\/\\\/www.romaoggi.eu\\\/wp-content\\\/uploads\\\/2021\\\/05\\\/Marco-polo-7-scaled.jpg\",\"width\":2560,\"height\":1695,\"caption\":\"Edificio Marco Polo \u00a9 Ivano Ancinelli\"},{\"@type\":\"BreadcrumbList\",\"@id\":\"https:\\\/\\\/www.romaoggi.eu\\\/index.php\\\/2021\\\/05\\\/13\\\/edificio-marco-polo-la-riqualificazione-passa-attraverso-il-colore-di-fabiana-cambiaso-foto-di-ivano-ancinelli\\\/#breadcrumb\",\"itemListElement\":[{\"@type\":\"ListItem\",\"position\":1,\"name\":\"Home\",\"item\":\"https:\\\/\\\/www.romaoggi.eu\\\/\"},{\"@type\":\"ListItem\",\"position\":2,\"name\":\"Edificio Marco Polo: la riqualificazione passa attraverso il colore &#8230;di Fabiana Cambiaso. Foto di Ivano Ancinelli\"}]},{\"@type\":\"WebSite\",\"@id\":\"https:\\\/\\\/www.romaoggi.eu\\\/#website\",\"url\":\"https:\\\/\\\/www.romaoggi.eu\\\/\",\"name\":\"roma oggi\",\"description\":\"Interesting News for Interesting people\",\"publisher\":{\"@id\":\"https:\\\/\\\/www.romaoggi.eu\\\/#organization\"},\"potentialAction\":[{\"@type\":\"SearchAction\",\"target\":{\"@type\":\"EntryPoint\",\"urlTemplate\":\"https:\\\/\\\/www.romaoggi.eu\\\/?s={search_term_string}\"},\"query-input\":{\"@type\":\"PropertyValueSpecification\",\"valueRequired\":true,\"valueName\":\"search_term_string\"}}],\"inLanguage\":\"it-IT\"},{\"@type\":\"Organization\",\"@id\":\"https:\\\/\\\/www.romaoggi.eu\\\/#organization\",\"name\":\"RomaOggi\",\"url\":\"https:\\\/\\\/www.romaoggi.eu\\\/\",\"logo\":{\"@type\":\"ImageObject\",\"inLanguage\":\"it-IT\",\"@id\":\"https:\\\/\\\/www.romaoggi.eu\\\/#\\\/schema\\\/logo\\\/image\\\/\",\"url\":\"https:\\\/\\\/www.romaoggi.eu\\\/wp-content\\\/uploads\\\/2017\\\/04\\\/logowp.jpg\",\"contentUrl\":\"https:\\\/\\\/www.romaoggi.eu\\\/wp-content\\\/uploads\\\/2017\\\/04\\\/logowp.jpg\",\"width\":300,\"height\":133,\"caption\":\"RomaOggi\"},\"image\":{\"@id\":\"https:\\\/\\\/www.romaoggi.eu\\\/#\\\/schema\\\/logo\\\/image\\\/\"},\"sameAs\":[\"https:\\\/\\\/www.facebook.com\\\/RomaOggi-841544845954114\",\"https:\\\/\\\/x.com\\\/romaoggi_eu\"]},{\"@type\":\"Person\",\"@id\":\"https:\\\/\\\/www.romaoggi.eu\\\/#\\\/schema\\\/person\\\/30ada62b3bd510c45a781b7e3bf65e69\",\"name\":\"Alessandro Lisci\",\"image\":{\"@type\":\"ImageObject\",\"inLanguage\":\"it-IT\",\"@id\":\"https:\\\/\\\/secure.gravatar.com\\\/avatar\\\/9b9712162b2ac404aa0d7d978185f203808e7bd02856a449b19868b2eb80cf12?s=96&d=mm&r=g\",\"url\":\"https:\\\/\\\/secure.gravatar.com\\\/avatar\\\/9b9712162b2ac404aa0d7d978185f203808e7bd02856a449b19868b2eb80cf12?s=96&d=mm&r=g\",\"contentUrl\":\"https:\\\/\\\/secure.gravatar.com\\\/avatar\\\/9b9712162b2ac404aa0d7d978185f203808e7bd02856a449b19868b2eb80cf12?s=96&d=mm&r=g\",\"caption\":\"Alessandro Lisci\"},\"sameAs\":[\"http:\\\/\\\/www.alessandrolisci.com\",\"https:\\\/\\\/www.facebook.com\\\/alessandro.lisci.5\",\"https:\\\/\\\/x.com\\\/https:\\\/\\\/twitter.com\\\/alessandrolisci\",\"https:\\\/\\\/www.youtube.com\\\/user\\\/alessandrolisci\"],\"url\":\"https:\\\/\\\/www.romaoggi.eu\\\/index.php\\\/author\\\/alessandro\\\/\"}]}<\/script>\n<!-- \/ Yoast SEO plugin. -->","yoast_head_json":{"title":"Edificio Marco Polo: la riqualificazione passa attraverso il colore ...di Fabiana Cambiaso. Foto di Ivano Ancinelli","description":"sostieni con una donazione il progetto di Target https:\/\/sostieni.link\/28814 TARGET LABORATORIO SPERIMENTALE DI FOTOGRAFIA E COMUNICAZIONE PRESENTA","robots":{"index":"index","follow":"follow","max-snippet":"max-snippet:-1","max-image-preview":"max-image-preview:large","max-video-preview":"max-video-preview:-1"},"canonical":"https:\/\/www.romaoggi.eu\/index.php\/2021\/05\/13\/edificio-marco-polo-la-riqualificazione-passa-attraverso-il-colore-di-fabiana-cambiaso-foto-di-ivano-ancinelli\/","og_locale":"it_IT","og_type":"article","og_title":"Edificio Marco Polo: la riqualificazione passa attraverso il colore ...di Fabiana Cambiaso. Foto di Ivano Ancinelli","og_description":"sostieni con una donazione il progetto di Target https:\/\/sostieni.link\/28814 TARGET LABORATORIO SPERIMENTALE DI FOTOGRAFIA E COMUNICAZIONE PRESENTA","og_url":"https:\/\/www.romaoggi.eu\/index.php\/2021\/05\/13\/edificio-marco-polo-la-riqualificazione-passa-attraverso-il-colore-di-fabiana-cambiaso-foto-di-ivano-ancinelli\/","og_site_name":"roma oggi","article_publisher":"https:\/\/www.facebook.com\/RomaOggi-841544845954114","article_author":"https:\/\/www.facebook.com\/alessandro.lisci.5","article_published_time":"2021-05-13T20:32:51+00:00","og_image":[{"width":2560,"height":1695,"url":"https:\/\/www.romaoggi.eu\/wp-content\/uploads\/2021\/05\/Marco-polo-7-scaled.jpg","type":"image\/jpeg"}],"author":"Alessandro Lisci","twitter_card":"summary_large_image","twitter_creator":"@https:\/\/twitter.com\/alessandrolisci","twitter_site":"@romaoggi_eu","twitter_misc":{"Scritto da":"Alessandro Lisci","Tempo di lettura stimato":"7 minuti"},"schema":{"@context":"https:\/\/schema.org","@graph":[{"@type":"Article","@id":"https:\/\/www.romaoggi.eu\/index.php\/2021\/05\/13\/edificio-marco-polo-la-riqualificazione-passa-attraverso-il-colore-di-fabiana-cambiaso-foto-di-ivano-ancinelli\/#article","isPartOf":{"@id":"https:\/\/www.romaoggi.eu\/index.php\/2021\/05\/13\/edificio-marco-polo-la-riqualificazione-passa-attraverso-il-colore-di-fabiana-cambiaso-foto-di-ivano-ancinelli\/"},"author":{"name":"Alessandro Lisci","@id":"https:\/\/www.romaoggi.eu\/#\/schema\/person\/30ada62b3bd510c45a781b7e3bf65e69"},"headline":"Edificio Marco Polo: la riqualificazione passa attraverso il colore &#8230;di Fabiana Cambiaso. Foto di Ivano Ancinelli","datePublished":"2021-05-13T20:32:51+00:00","mainEntityOfPage":{"@id":"https:\/\/www.romaoggi.eu\/index.php\/2021\/05\/13\/edificio-marco-polo-la-riqualificazione-passa-attraverso-il-colore-di-fabiana-cambiaso-foto-di-ivano-ancinelli\/"},"wordCount":1174,"publisher":{"@id":"https:\/\/www.romaoggi.eu\/#organization"},"image":{"@id":"https:\/\/www.romaoggi.eu\/index.php\/2021\/05\/13\/edificio-marco-polo-la-riqualificazione-passa-attraverso-il-colore-di-fabiana-cambiaso-foto-di-ivano-ancinelli\/#primaryimage"},"thumbnailUrl":"https:\/\/www.romaoggi.eu\/wp-content\/uploads\/2021\/05\/Marco-polo-7-scaled.jpg","keywords":["alessandro lisci","Alfonso","circonvallazione tiburtina","dentro roma","fabiana cambiaso","Femia Gianluca Peluffo","Franco Fontana","ivano ancinelli","photomentis","renzo piano","RomaOggi.eu","uniroma1"],"articleSection":["DENTRO ROMA"],"inLanguage":"it-IT"},{"@type":"WebPage","@id":"https:\/\/www.romaoggi.eu\/index.php\/2021\/05\/13\/edificio-marco-polo-la-riqualificazione-passa-attraverso-il-colore-di-fabiana-cambiaso-foto-di-ivano-ancinelli\/","url":"https:\/\/www.romaoggi.eu\/index.php\/2021\/05\/13\/edificio-marco-polo-la-riqualificazione-passa-attraverso-il-colore-di-fabiana-cambiaso-foto-di-ivano-ancinelli\/","name":"Edificio Marco Polo: la riqualificazione passa attraverso il colore ...di Fabiana Cambiaso. Foto di Ivano Ancinelli","isPartOf":{"@id":"https:\/\/www.romaoggi.eu\/#website"},"primaryImageOfPage":{"@id":"https:\/\/www.romaoggi.eu\/index.php\/2021\/05\/13\/edificio-marco-polo-la-riqualificazione-passa-attraverso-il-colore-di-fabiana-cambiaso-foto-di-ivano-ancinelli\/#primaryimage"},"image":{"@id":"https:\/\/www.romaoggi.eu\/index.php\/2021\/05\/13\/edificio-marco-polo-la-riqualificazione-passa-attraverso-il-colore-di-fabiana-cambiaso-foto-di-ivano-ancinelli\/#primaryimage"},"thumbnailUrl":"https:\/\/www.romaoggi.eu\/wp-content\/uploads\/2021\/05\/Marco-polo-7-scaled.jpg","datePublished":"2021-05-13T20:32:51+00:00","description":"sostieni con una donazione il progetto di Target https:\/\/sostieni.link\/28814 TARGET LABORATORIO SPERIMENTALE DI FOTOGRAFIA E COMUNICAZIONE PRESENTA","breadcrumb":{"@id":"https:\/\/www.romaoggi.eu\/index.php\/2021\/05\/13\/edificio-marco-polo-la-riqualificazione-passa-attraverso-il-colore-di-fabiana-cambiaso-foto-di-ivano-ancinelli\/#breadcrumb"},"inLanguage":"it-IT","potentialAction":[{"@type":"ReadAction","target":["https:\/\/www.romaoggi.eu\/index.php\/2021\/05\/13\/edificio-marco-polo-la-riqualificazione-passa-attraverso-il-colore-di-fabiana-cambiaso-foto-di-ivano-ancinelli\/"]}]},{"@type":"ImageObject","inLanguage":"it-IT","@id":"https:\/\/www.romaoggi.eu\/index.php\/2021\/05\/13\/edificio-marco-polo-la-riqualificazione-passa-attraverso-il-colore-di-fabiana-cambiaso-foto-di-ivano-ancinelli\/#primaryimage","url":"https:\/\/www.romaoggi.eu\/wp-content\/uploads\/2021\/05\/Marco-polo-7-scaled.jpg","contentUrl":"https:\/\/www.romaoggi.eu\/wp-content\/uploads\/2021\/05\/Marco-polo-7-scaled.jpg","width":2560,"height":1695,"caption":"Edificio Marco Polo \u00a9 Ivano Ancinelli"},{"@type":"BreadcrumbList","@id":"https:\/\/www.romaoggi.eu\/index.php\/2021\/05\/13\/edificio-marco-polo-la-riqualificazione-passa-attraverso-il-colore-di-fabiana-cambiaso-foto-di-ivano-ancinelli\/#breadcrumb","itemListElement":[{"@type":"ListItem","position":1,"name":"Home","item":"https:\/\/www.romaoggi.eu\/"},{"@type":"ListItem","position":2,"name":"Edificio Marco Polo: la riqualificazione passa attraverso il colore &#8230;di Fabiana Cambiaso. Foto di Ivano Ancinelli"}]},{"@type":"WebSite","@id":"https:\/\/www.romaoggi.eu\/#website","url":"https:\/\/www.romaoggi.eu\/","name":"roma oggi","description":"Interesting News for Interesting people","publisher":{"@id":"https:\/\/www.romaoggi.eu\/#organization"},"potentialAction":[{"@type":"SearchAction","target":{"@type":"EntryPoint","urlTemplate":"https:\/\/www.romaoggi.eu\/?s={search_term_string}"},"query-input":{"@type":"PropertyValueSpecification","valueRequired":true,"valueName":"search_term_string"}}],"inLanguage":"it-IT"},{"@type":"Organization","@id":"https:\/\/www.romaoggi.eu\/#organization","name":"RomaOggi","url":"https:\/\/www.romaoggi.eu\/","logo":{"@type":"ImageObject","inLanguage":"it-IT","@id":"https:\/\/www.romaoggi.eu\/#\/schema\/logo\/image\/","url":"https:\/\/www.romaoggi.eu\/wp-content\/uploads\/2017\/04\/logowp.jpg","contentUrl":"https:\/\/www.romaoggi.eu\/wp-content\/uploads\/2017\/04\/logowp.jpg","width":300,"height":133,"caption":"RomaOggi"},"image":{"@id":"https:\/\/www.romaoggi.eu\/#\/schema\/logo\/image\/"},"sameAs":["https:\/\/www.facebook.com\/RomaOggi-841544845954114","https:\/\/x.com\/romaoggi_eu"]},{"@type":"Person","@id":"https:\/\/www.romaoggi.eu\/#\/schema\/person\/30ada62b3bd510c45a781b7e3bf65e69","name":"Alessandro Lisci","image":{"@type":"ImageObject","inLanguage":"it-IT","@id":"https:\/\/secure.gravatar.com\/avatar\/9b9712162b2ac404aa0d7d978185f203808e7bd02856a449b19868b2eb80cf12?s=96&d=mm&r=g","url":"https:\/\/secure.gravatar.com\/avatar\/9b9712162b2ac404aa0d7d978185f203808e7bd02856a449b19868b2eb80cf12?s=96&d=mm&r=g","contentUrl":"https:\/\/secure.gravatar.com\/avatar\/9b9712162b2ac404aa0d7d978185f203808e7bd02856a449b19868b2eb80cf12?s=96&d=mm&r=g","caption":"Alessandro Lisci"},"sameAs":["http:\/\/www.alessandrolisci.com","https:\/\/www.facebook.com\/alessandro.lisci.5","https:\/\/x.com\/https:\/\/twitter.com\/alessandrolisci","https:\/\/www.youtube.com\/user\/alessandrolisci"],"url":"https:\/\/www.romaoggi.eu\/index.php\/author\/alessandro\/"}]}},"_links":{"self":[{"href":"https:\/\/www.romaoggi.eu\/index.php\/wp-json\/wp\/v2\/posts\/27901","targetHints":{"allow":["GET"]}}],"collection":[{"href":"https:\/\/www.romaoggi.eu\/index.php\/wp-json\/wp\/v2\/posts"}],"about":[{"href":"https:\/\/www.romaoggi.eu\/index.php\/wp-json\/wp\/v2\/types\/post"}],"author":[{"embeddable":true,"href":"https:\/\/www.romaoggi.eu\/index.php\/wp-json\/wp\/v2\/users\/10"}],"replies":[{"embeddable":true,"href":"https:\/\/www.romaoggi.eu\/index.php\/wp-json\/wp\/v2\/comments?post=27901"}],"version-history":[{"count":4,"href":"https:\/\/www.romaoggi.eu\/index.php\/wp-json\/wp\/v2\/posts\/27901\/revisions"}],"predecessor-version":[{"id":27916,"href":"https:\/\/www.romaoggi.eu\/index.php\/wp-json\/wp\/v2\/posts\/27901\/revisions\/27916"}],"wp:featuredmedia":[{"embeddable":true,"href":"https:\/\/www.romaoggi.eu\/index.php\/wp-json\/wp\/v2\/media\/27905"}],"wp:attachment":[{"href":"https:\/\/www.romaoggi.eu\/index.php\/wp-json\/wp\/v2\/media?parent=27901"}],"wp:term":[{"taxonomy":"category","embeddable":true,"href":"https:\/\/www.romaoggi.eu\/index.php\/wp-json\/wp\/v2\/categories?post=27901"},{"taxonomy":"post_tag","embeddable":true,"href":"https:\/\/www.romaoggi.eu\/index.php\/wp-json\/wp\/v2\/tags?post=27901"}],"curies":[{"name":"wp","href":"https:\/\/api.w.org\/{rel}","templated":true}]}}