{"id":27966,"date":"2021-05-17T09:30:34","date_gmt":"2021-05-17T07:30:34","guid":{"rendered":"http:\/\/www.romaoggi.eu\/?p=27966"},"modified":"2022-09-19T12:32:51","modified_gmt":"2022-09-19T10:32:51","slug":"fare-la-spesa-in-modo-consapevole-by-emanuela-scanu","status":"publish","type":"post","link":"https:\/\/www.romaoggi.eu\/index.php\/2021\/05\/17\/fare-la-spesa-in-modo-consapevole-by-emanuela-scanu\/","title":{"rendered":"Fare la spesa in modo consapevole- by Emanuela Scanu"},"content":{"rendered":"<p style=\"text-align: justify;\"><strong>Fare la spesa in modo consapevole- by Emanuela Scanu<\/strong><br \/>\nDovremmo essere focalizzati su presente ogni istante della nostra vita eppure dal primo caff\u00e8 della mattina inseriamo il pilota automatico ed andiamo. Andiamo al lavoro, svolgiamo i nostri compiti e cos\u00ec fino a sera. La maggior parte del tempo abbiamo fatto cose, ma in realt\u00e0 non siamo stati consapevoli di nulla. Pi\u00f9 volte al giorno dovremmo essere capaci di \u201ctornare al presente\u201d vivendo con gioia l\u2019attimo e prediligendo il mondo dell\u2019essere piuttosto che quello del fare cos\u00ec come raccomandato dalla mindfulness.<\/p>\n<p style=\"text-align: justify;\">\nAnche il momento di fare la spesa pu\u00f2 essere un momento consapevole che non vuol dire semplicemente fare la lista ed andare al supermercato\u2026Districarsi nei vari reparti tra le infinite proposte alimentari senza cadere in tentazione \u00e8 l\u00ec che si rivela un\u2019arte!<br \/>\nComprare troppo, troppo poco, male \u00e8 abbastanza frequente con il rischio di riempire il carrello di cibi che non avremo modo di mangiare e che faranno la muffa nel frigorifero. Evitate di andare a fare rifornimenti nell\u2019orario dei pasti, perch\u00e9 sebbene possiate trovare meno fila, rischiate con la fame di avere gli occhi pi\u00f9 grandi dello stomaco! In altri casi si finisce per comprare due cose al volo ed il giorno dopo essere punto a capo e magari per la pigrizia di tornare al supermercato si finisce per mangiare quello che capita mischiando alimenti molto diversi tra loro e spesso, pur sentendoti pieni, si pu\u00f2 non essere soddisfatti e dopo poco ci\u00f2 porter\u00e0 alla ricerca di altro cibo.<br \/>\nComprare male \u00e8 la situazione pi\u00f9 frequente di tutte e quindi cerchiamo di rimediare. Il primo passo, ovviamente \u00e8 fare una lista, ma come si fa a fare una lista intelligente? Calcoliamo i pasti che consumeremo a casa senza dimenticare colazioni ed eventuali spuntini e compriamo i cibi freschi che siamo certi di utilizzare entro 2-3 giorni al massimo. Evitiamo di riempire il carrello di cibi di pronto consumo, specialmente i surgelati, i cibi precotti o elaborati. Avere qualcosa di pronto consumo non \u00e8 sbagliato in modo assoluto poich\u00e9 pu\u00f2 capitare che una sera tornando tardi non si faccia in tempo a preparare, per\u00f2 devono essere appunto eccezioni. Cercate di creare un men\u00f9 settimanale in modo di avere tutti i cibi a disposizione. Le uova non possono mancare poich\u00e9 si prestano a tante soluzioni diverse. Una confezione di nasello surgelato pu\u00f2 rivelarsi un\u2019altra alternativa sana e rapida se messo a cuocere in una padella con della polpa di pomodoro e spezie. Non disdegnerei le verdure da cuocere in busta. Non sono economiche rispetto a quelle sfuse fresche, ma sono pronte all\u2019uso e se siete di quelli che non mangiano verdure perch\u00e9 si scocciano a pulirle pu\u00f2 essere una buona soluzione. Personalmente non avendo molto tempo a disposizione una volta a settimana faccio rifornimento di verdure e quelle che penso di non consumare a breve le lavo e le metto a congelare gi\u00e0 tagliate in modo che al bisogno siano facili da tirare fuori da freezer per fare il condimento per la pasta o un contorno.<br \/>\nInfine concediamoci la gioia dell\u2019acquisto del pane fresco ogni giorno (poco, ma buono!). Consumare del pane appena sfornato riempie prima l\u2019anima della pancia: un modo per prendersi cura di s\u00e9 stessi e della propria famiglia in modo semplice.<\/p>\n<p><img loading=\"lazy\" decoding=\"async\" class=\"aligncenter wp-image-27970 size-large\" src=\"https:\/\/www.romaoggi.eu\/wp-content\/uploads\/2021\/05\/WhatsApp-Image-2020-06-01-at-17.42.17-1024x1012.jpeg\" alt=\"alt tag spesa consapevole\" width=\"1024\" height=\"1012\" srcset=\"https:\/\/www.romaoggi.eu\/wp-content\/uploads\/2021\/05\/WhatsApp-Image-2020-06-01-at-17.42.17-1024x1012.jpeg 1024w, https:\/\/www.romaoggi.eu\/wp-content\/uploads\/2021\/05\/WhatsApp-Image-2020-06-01-at-17.42.17-300x296.jpeg 300w, https:\/\/www.romaoggi.eu\/wp-content\/uploads\/2021\/05\/WhatsApp-Image-2020-06-01-at-17.42.17.jpeg 1180w\" sizes=\"auto, (max-width: 1024px) 100vw, 1024px\" \/><\/p>\n<p><strong><em>Dott.ssa\u00a0<a href=\"https:\/\/www.romaoggi.eu\/index.php\/2019\/08\/12\/lestrattore-di-succo-per-stare-bene-e-perdere-peso-di-emanuela-scanu\/\" data-aalisten=\"1\">Emanuela Scanu<\/a><\/em><\/strong><\/p>\n<p>Psicologa esperta in disturbi dell\u2019alimentazione e coach alimentare<\/p>\n<p>Autrice del libro\u00a0<strong>Dimagrire una scelta consapevole<\/strong>\u00a0ed. campi di carta 2013<\/p>\n<p><a href=\"http:\/\/www.emanuelascanupsicologa.com\/\" data-aalisten=\"1\">www.emanuelascanupsicologa.com<\/a><\/p>\n<div class=\"mh-social-bottom\">\n<div class=\"mh-share-buttons mh-row clearfix\"><\/div>\n<\/div>\n","protected":false},"excerpt":{"rendered":"<div class=\"mh-excerpt\"><p>Fare la spesa in modo consapevole- by Emanuela Scanu Dovremmo essere focalizzati su presente ogni istante della nostra vita eppure dal primo caff\u00e8 della mattina inseriamo il pilota automatico ed andiamo. Andiamo al lavoro, svolgiamo <a class=\"mh-excerpt-more\" href=\"https:\/\/www.romaoggi.eu\/index.php\/2021\/05\/17\/fare-la-spesa-in-modo-consapevole-by-emanuela-scanu\/\" title=\"Fare la spesa in modo consapevole- by Emanuela Scanu\">[&#8230;]<\/a><\/p>\n<\/div>","protected":false},"author":15,"featured_media":33695,"comment_status":"closed","ping_status":"open","sticky":false,"template":"","format":"standard","meta":{"_sitemap_exclude":false,"_sitemap_priority":"","_sitemap_frequency":"","footnotes":""},"categories":[12817],"tags":[5381,15098,15100,15099,12424,15096,14411,13932,641,14844,15095,15097,1498],"class_list":["post-27966","post","type-post","status-publish","format-standard","has-post-thumbnail","hentry","category-mindfood-di-emanuela-scanu","tag-cibo","tag-comprare","tag-contorno","tag-cuocere","tag-emanuela-scanu","tag-lista","tag-pancia","tag-pane","tag-pasta","tag-pasti","tag-spesa-consapevole","tag-supermercato","tag-uova"],"yoast_head":"<!-- This site is optimized with the Yoast SEO plugin v27.5 - https:\/\/yoast.com\/product\/yoast-seo-wordpress\/ -->\n<title>Fare la spesa in modo consapevole- by Emanuela Scanu<\/title>\n<meta name=\"description\" content=\"Fare la spesa in modo consapevole- by Emanuela Scanu Dovremmo essere focalizzati su presente ogni istante della nostra vita eppure dal primo caff\u00e8 della\" \/>\n<meta name=\"robots\" content=\"index, follow, max-snippet:-1, max-image-preview:large, max-video-preview:-1\" \/>\n<link rel=\"canonical\" href=\"https:\/\/www.romaoggi.eu\/index.php\/2021\/05\/17\/fare-la-spesa-in-modo-consapevole-by-emanuela-scanu\/\" \/>\n<meta property=\"og:locale\" content=\"it_IT\" \/>\n<meta property=\"og:type\" content=\"article\" \/>\n<meta property=\"og:title\" content=\"Fare la spesa in modo consapevole- by Emanuela Scanu\" \/>\n<meta property=\"og:description\" content=\"Fare la spesa in modo consapevole- by Emanuela Scanu Dovremmo essere focalizzati su presente ogni istante della nostra vita eppure dal primo caff\u00e8 della\" \/>\n<meta property=\"og:url\" content=\"https:\/\/www.romaoggi.eu\/index.php\/2021\/05\/17\/fare-la-spesa-in-modo-consapevole-by-emanuela-scanu\/\" \/>\n<meta property=\"og:site_name\" content=\"roma oggi\" \/>\n<meta property=\"article:publisher\" content=\"https:\/\/www.facebook.com\/RomaOggi-841544845954114\" \/>\n<meta property=\"article:published_time\" content=\"2021-05-17T07:30:34+00:00\" \/>\n<meta property=\"article:modified_time\" content=\"2022-09-19T10:32:51+00:00\" \/>\n<meta property=\"og:image\" content=\"https:\/\/www.romaoggi.eu\/wp-content\/uploads\/2022\/09\/3a.jpeg\" \/>\n\t<meta property=\"og:image:width\" content=\"2048\" \/>\n\t<meta property=\"og:image:height\" content=\"1536\" \/>\n\t<meta property=\"og:image:type\" content=\"image\/jpeg\" \/>\n<meta name=\"author\" content=\"Emanuela Scanu\" \/>\n<meta name=\"twitter:card\" content=\"summary_large_image\" \/>\n<meta name=\"twitter:creator\" content=\"@romaoggi_eu\" \/>\n<meta name=\"twitter:site\" content=\"@romaoggi_eu\" \/>\n<meta name=\"twitter:label1\" content=\"Scritto da\" \/>\n\t<meta name=\"twitter:data1\" content=\"Emanuela Scanu\" \/>\n\t<meta name=\"twitter:label2\" content=\"Tempo di lettura stimato\" \/>\n\t<meta name=\"twitter:data2\" content=\"4 minuti\" \/>\n<script type=\"application\/ld+json\" class=\"yoast-schema-graph\">{\"@context\":\"https:\\\/\\\/schema.org\",\"@graph\":[{\"@type\":\"Article\",\"@id\":\"https:\\\/\\\/www.romaoggi.eu\\\/index.php\\\/2021\\\/05\\\/17\\\/fare-la-spesa-in-modo-consapevole-by-emanuela-scanu\\\/#article\",\"isPartOf\":{\"@id\":\"https:\\\/\\\/www.romaoggi.eu\\\/index.php\\\/2021\\\/05\\\/17\\\/fare-la-spesa-in-modo-consapevole-by-emanuela-scanu\\\/\"},\"author\":{\"name\":\"Emanuela Scanu\",\"@id\":\"https:\\\/\\\/www.romaoggi.eu\\\/#\\\/schema\\\/person\\\/1ec8ab015e67a2efdfc9c021043dc1bb\"},\"headline\":\"Fare la spesa in modo consapevole- by Emanuela Scanu\",\"datePublished\":\"2021-05-17T07:30:34+00:00\",\"dateModified\":\"2022-09-19T10:32:51+00:00\",\"mainEntityOfPage\":{\"@id\":\"https:\\\/\\\/www.romaoggi.eu\\\/index.php\\\/2021\\\/05\\\/17\\\/fare-la-spesa-in-modo-consapevole-by-emanuela-scanu\\\/\"},\"wordCount\":583,\"publisher\":{\"@id\":\"https:\\\/\\\/www.romaoggi.eu\\\/#organization\"},\"image\":{\"@id\":\"https:\\\/\\\/www.romaoggi.eu\\\/index.php\\\/2021\\\/05\\\/17\\\/fare-la-spesa-in-modo-consapevole-by-emanuela-scanu\\\/#primaryimage\"},\"thumbnailUrl\":\"https:\\\/\\\/www.romaoggi.eu\\\/wp-content\\\/uploads\\\/2022\\\/09\\\/3a.jpeg\",\"keywords\":[\"Cibo\",\"comprare\",\"contorno\",\"cuocere\",\"emanuela scanu\",\"lista\",\"pancia\",\"pane\",\"pasta\",\"pasti\",\"spesa consapevole\",\"supermercato\",\"uova\"],\"articleSection\":[\"Mind&amp;Food di Emanuela Scanu\"],\"inLanguage\":\"it-IT\"},{\"@type\":\"WebPage\",\"@id\":\"https:\\\/\\\/www.romaoggi.eu\\\/index.php\\\/2021\\\/05\\\/17\\\/fare-la-spesa-in-modo-consapevole-by-emanuela-scanu\\\/\",\"url\":\"https:\\\/\\\/www.romaoggi.eu\\\/index.php\\\/2021\\\/05\\\/17\\\/fare-la-spesa-in-modo-consapevole-by-emanuela-scanu\\\/\",\"name\":\"Fare la spesa in modo consapevole- by Emanuela Scanu\",\"isPartOf\":{\"@id\":\"https:\\\/\\\/www.romaoggi.eu\\\/#website\"},\"primaryImageOfPage\":{\"@id\":\"https:\\\/\\\/www.romaoggi.eu\\\/index.php\\\/2021\\\/05\\\/17\\\/fare-la-spesa-in-modo-consapevole-by-emanuela-scanu\\\/#primaryimage\"},\"image\":{\"@id\":\"https:\\\/\\\/www.romaoggi.eu\\\/index.php\\\/2021\\\/05\\\/17\\\/fare-la-spesa-in-modo-consapevole-by-emanuela-scanu\\\/#primaryimage\"},\"thumbnailUrl\":\"https:\\\/\\\/www.romaoggi.eu\\\/wp-content\\\/uploads\\\/2022\\\/09\\\/3a.jpeg\",\"datePublished\":\"2021-05-17T07:30:34+00:00\",\"dateModified\":\"2022-09-19T10:32:51+00:00\",\"description\":\"Fare la spesa in modo consapevole- by Emanuela Scanu Dovremmo essere focalizzati su presente ogni istante della nostra vita eppure dal primo caff\u00e8 della\",\"breadcrumb\":{\"@id\":\"https:\\\/\\\/www.romaoggi.eu\\\/index.php\\\/2021\\\/05\\\/17\\\/fare-la-spesa-in-modo-consapevole-by-emanuela-scanu\\\/#breadcrumb\"},\"inLanguage\":\"it-IT\",\"potentialAction\":[{\"@type\":\"ReadAction\",\"target\":[\"https:\\\/\\\/www.romaoggi.eu\\\/index.php\\\/2021\\\/05\\\/17\\\/fare-la-spesa-in-modo-consapevole-by-emanuela-scanu\\\/\"]}]},{\"@type\":\"ImageObject\",\"inLanguage\":\"it-IT\",\"@id\":\"https:\\\/\\\/www.romaoggi.eu\\\/index.php\\\/2021\\\/05\\\/17\\\/fare-la-spesa-in-modo-consapevole-by-emanuela-scanu\\\/#primaryimage\",\"url\":\"https:\\\/\\\/www.romaoggi.eu\\\/wp-content\\\/uploads\\\/2022\\\/09\\\/3a.jpeg\",\"contentUrl\":\"https:\\\/\\\/www.romaoggi.eu\\\/wp-content\\\/uploads\\\/2022\\\/09\\\/3a.jpeg\",\"width\":2048,\"height\":1536,\"caption\":\"alt tag alimentazione consapevole\"},{\"@type\":\"BreadcrumbList\",\"@id\":\"https:\\\/\\\/www.romaoggi.eu\\\/index.php\\\/2021\\\/05\\\/17\\\/fare-la-spesa-in-modo-consapevole-by-emanuela-scanu\\\/#breadcrumb\",\"itemListElement\":[{\"@type\":\"ListItem\",\"position\":1,\"name\":\"Home\",\"item\":\"https:\\\/\\\/www.romaoggi.eu\\\/\"},{\"@type\":\"ListItem\",\"position\":2,\"name\":\"Fare la spesa in modo consapevole- by Emanuela Scanu\"}]},{\"@type\":\"WebSite\",\"@id\":\"https:\\\/\\\/www.romaoggi.eu\\\/#website\",\"url\":\"https:\\\/\\\/www.romaoggi.eu\\\/\",\"name\":\"roma oggi\",\"description\":\"Interesting News for Interesting people\",\"publisher\":{\"@id\":\"https:\\\/\\\/www.romaoggi.eu\\\/#organization\"},\"potentialAction\":[{\"@type\":\"SearchAction\",\"target\":{\"@type\":\"EntryPoint\",\"urlTemplate\":\"https:\\\/\\\/www.romaoggi.eu\\\/?s={search_term_string}\"},\"query-input\":{\"@type\":\"PropertyValueSpecification\",\"valueRequired\":true,\"valueName\":\"search_term_string\"}}],\"inLanguage\":\"it-IT\"},{\"@type\":\"Organization\",\"@id\":\"https:\\\/\\\/www.romaoggi.eu\\\/#organization\",\"name\":\"RomaOggi\",\"url\":\"https:\\\/\\\/www.romaoggi.eu\\\/\",\"logo\":{\"@type\":\"ImageObject\",\"inLanguage\":\"it-IT\",\"@id\":\"https:\\\/\\\/www.romaoggi.eu\\\/#\\\/schema\\\/logo\\\/image\\\/\",\"url\":\"https:\\\/\\\/www.romaoggi.eu\\\/wp-content\\\/uploads\\\/2017\\\/04\\\/logowp.jpg\",\"contentUrl\":\"https:\\\/\\\/www.romaoggi.eu\\\/wp-content\\\/uploads\\\/2017\\\/04\\\/logowp.jpg\",\"width\":300,\"height\":133,\"caption\":\"RomaOggi\"},\"image\":{\"@id\":\"https:\\\/\\\/www.romaoggi.eu\\\/#\\\/schema\\\/logo\\\/image\\\/\"},\"sameAs\":[\"https:\\\/\\\/www.facebook.com\\\/RomaOggi-841544845954114\",\"https:\\\/\\\/x.com\\\/romaoggi_eu\"]},{\"@type\":\"Person\",\"@id\":\"https:\\\/\\\/www.romaoggi.eu\\\/#\\\/schema\\\/person\\\/1ec8ab015e67a2efdfc9c021043dc1bb\",\"name\":\"Emanuela Scanu\",\"image\":{\"@type\":\"ImageObject\",\"inLanguage\":\"it-IT\",\"@id\":\"https:\\\/\\\/secure.gravatar.com\\\/avatar\\\/39bacfd625ef91a3711b21879f0e8cb1a68afc8d5bdcf92d10a6da6ee9245f23?s=96&d=mm&r=g\",\"url\":\"https:\\\/\\\/secure.gravatar.com\\\/avatar\\\/39bacfd625ef91a3711b21879f0e8cb1a68afc8d5bdcf92d10a6da6ee9245f23?s=96&d=mm&r=g\",\"contentUrl\":\"https:\\\/\\\/secure.gravatar.com\\\/avatar\\\/39bacfd625ef91a3711b21879f0e8cb1a68afc8d5bdcf92d10a6da6ee9245f23?s=96&d=mm&r=g\",\"caption\":\"Emanuela Scanu\"},\"url\":\"https:\\\/\\\/www.romaoggi.eu\\\/index.php\\\/author\\\/emanuela\\\/\"}]}<\/script>\n<!-- \/ Yoast SEO plugin. -->","yoast_head_json":{"title":"Fare la spesa in modo consapevole- by Emanuela Scanu","description":"Fare la spesa in modo consapevole- by Emanuela Scanu Dovremmo essere focalizzati su presente ogni istante della nostra vita eppure dal primo caff\u00e8 della","robots":{"index":"index","follow":"follow","max-snippet":"max-snippet:-1","max-image-preview":"max-image-preview:large","max-video-preview":"max-video-preview:-1"},"canonical":"https:\/\/www.romaoggi.eu\/index.php\/2021\/05\/17\/fare-la-spesa-in-modo-consapevole-by-emanuela-scanu\/","og_locale":"it_IT","og_type":"article","og_title":"Fare la spesa in modo consapevole- by Emanuela Scanu","og_description":"Fare la spesa in modo consapevole- by Emanuela Scanu Dovremmo essere focalizzati su presente ogni istante della nostra vita eppure dal primo caff\u00e8 della","og_url":"https:\/\/www.romaoggi.eu\/index.php\/2021\/05\/17\/fare-la-spesa-in-modo-consapevole-by-emanuela-scanu\/","og_site_name":"roma oggi","article_publisher":"https:\/\/www.facebook.com\/RomaOggi-841544845954114","article_published_time":"2021-05-17T07:30:34+00:00","article_modified_time":"2022-09-19T10:32:51+00:00","og_image":[{"width":2048,"height":1536,"url":"https:\/\/www.romaoggi.eu\/wp-content\/uploads\/2022\/09\/3a.jpeg","type":"image\/jpeg"}],"author":"Emanuela Scanu","twitter_card":"summary_large_image","twitter_creator":"@romaoggi_eu","twitter_site":"@romaoggi_eu","twitter_misc":{"Scritto da":"Emanuela Scanu","Tempo di lettura stimato":"4 minuti"},"schema":{"@context":"https:\/\/schema.org","@graph":[{"@type":"Article","@id":"https:\/\/www.romaoggi.eu\/index.php\/2021\/05\/17\/fare-la-spesa-in-modo-consapevole-by-emanuela-scanu\/#article","isPartOf":{"@id":"https:\/\/www.romaoggi.eu\/index.php\/2021\/05\/17\/fare-la-spesa-in-modo-consapevole-by-emanuela-scanu\/"},"author":{"name":"Emanuela Scanu","@id":"https:\/\/www.romaoggi.eu\/#\/schema\/person\/1ec8ab015e67a2efdfc9c021043dc1bb"},"headline":"Fare la spesa in modo consapevole- by Emanuela Scanu","datePublished":"2021-05-17T07:30:34+00:00","dateModified":"2022-09-19T10:32:51+00:00","mainEntityOfPage":{"@id":"https:\/\/www.romaoggi.eu\/index.php\/2021\/05\/17\/fare-la-spesa-in-modo-consapevole-by-emanuela-scanu\/"},"wordCount":583,"publisher":{"@id":"https:\/\/www.romaoggi.eu\/#organization"},"image":{"@id":"https:\/\/www.romaoggi.eu\/index.php\/2021\/05\/17\/fare-la-spesa-in-modo-consapevole-by-emanuela-scanu\/#primaryimage"},"thumbnailUrl":"https:\/\/www.romaoggi.eu\/wp-content\/uploads\/2022\/09\/3a.jpeg","keywords":["Cibo","comprare","contorno","cuocere","emanuela scanu","lista","pancia","pane","pasta","pasti","spesa consapevole","supermercato","uova"],"articleSection":["Mind&amp;Food di Emanuela Scanu"],"inLanguage":"it-IT"},{"@type":"WebPage","@id":"https:\/\/www.romaoggi.eu\/index.php\/2021\/05\/17\/fare-la-spesa-in-modo-consapevole-by-emanuela-scanu\/","url":"https:\/\/www.romaoggi.eu\/index.php\/2021\/05\/17\/fare-la-spesa-in-modo-consapevole-by-emanuela-scanu\/","name":"Fare la spesa in modo consapevole- by Emanuela Scanu","isPartOf":{"@id":"https:\/\/www.romaoggi.eu\/#website"},"primaryImageOfPage":{"@id":"https:\/\/www.romaoggi.eu\/index.php\/2021\/05\/17\/fare-la-spesa-in-modo-consapevole-by-emanuela-scanu\/#primaryimage"},"image":{"@id":"https:\/\/www.romaoggi.eu\/index.php\/2021\/05\/17\/fare-la-spesa-in-modo-consapevole-by-emanuela-scanu\/#primaryimage"},"thumbnailUrl":"https:\/\/www.romaoggi.eu\/wp-content\/uploads\/2022\/09\/3a.jpeg","datePublished":"2021-05-17T07:30:34+00:00","dateModified":"2022-09-19T10:32:51+00:00","description":"Fare la spesa in modo consapevole- by Emanuela Scanu Dovremmo essere focalizzati su presente ogni istante della nostra vita eppure dal primo caff\u00e8 della","breadcrumb":{"@id":"https:\/\/www.romaoggi.eu\/index.php\/2021\/05\/17\/fare-la-spesa-in-modo-consapevole-by-emanuela-scanu\/#breadcrumb"},"inLanguage":"it-IT","potentialAction":[{"@type":"ReadAction","target":["https:\/\/www.romaoggi.eu\/index.php\/2021\/05\/17\/fare-la-spesa-in-modo-consapevole-by-emanuela-scanu\/"]}]},{"@type":"ImageObject","inLanguage":"it-IT","@id":"https:\/\/www.romaoggi.eu\/index.php\/2021\/05\/17\/fare-la-spesa-in-modo-consapevole-by-emanuela-scanu\/#primaryimage","url":"https:\/\/www.romaoggi.eu\/wp-content\/uploads\/2022\/09\/3a.jpeg","contentUrl":"https:\/\/www.romaoggi.eu\/wp-content\/uploads\/2022\/09\/3a.jpeg","width":2048,"height":1536,"caption":"alt tag alimentazione consapevole"},{"@type":"BreadcrumbList","@id":"https:\/\/www.romaoggi.eu\/index.php\/2021\/05\/17\/fare-la-spesa-in-modo-consapevole-by-emanuela-scanu\/#breadcrumb","itemListElement":[{"@type":"ListItem","position":1,"name":"Home","item":"https:\/\/www.romaoggi.eu\/"},{"@type":"ListItem","position":2,"name":"Fare la spesa in modo consapevole- by Emanuela Scanu"}]},{"@type":"WebSite","@id":"https:\/\/www.romaoggi.eu\/#website","url":"https:\/\/www.romaoggi.eu\/","name":"roma oggi","description":"Interesting News for Interesting people","publisher":{"@id":"https:\/\/www.romaoggi.eu\/#organization"},"potentialAction":[{"@type":"SearchAction","target":{"@type":"EntryPoint","urlTemplate":"https:\/\/www.romaoggi.eu\/?s={search_term_string}"},"query-input":{"@type":"PropertyValueSpecification","valueRequired":true,"valueName":"search_term_string"}}],"inLanguage":"it-IT"},{"@type":"Organization","@id":"https:\/\/www.romaoggi.eu\/#organization","name":"RomaOggi","url":"https:\/\/www.romaoggi.eu\/","logo":{"@type":"ImageObject","inLanguage":"it-IT","@id":"https:\/\/www.romaoggi.eu\/#\/schema\/logo\/image\/","url":"https:\/\/www.romaoggi.eu\/wp-content\/uploads\/2017\/04\/logowp.jpg","contentUrl":"https:\/\/www.romaoggi.eu\/wp-content\/uploads\/2017\/04\/logowp.jpg","width":300,"height":133,"caption":"RomaOggi"},"image":{"@id":"https:\/\/www.romaoggi.eu\/#\/schema\/logo\/image\/"},"sameAs":["https:\/\/www.facebook.com\/RomaOggi-841544845954114","https:\/\/x.com\/romaoggi_eu"]},{"@type":"Person","@id":"https:\/\/www.romaoggi.eu\/#\/schema\/person\/1ec8ab015e67a2efdfc9c021043dc1bb","name":"Emanuela Scanu","image":{"@type":"ImageObject","inLanguage":"it-IT","@id":"https:\/\/secure.gravatar.com\/avatar\/39bacfd625ef91a3711b21879f0e8cb1a68afc8d5bdcf92d10a6da6ee9245f23?s=96&d=mm&r=g","url":"https:\/\/secure.gravatar.com\/avatar\/39bacfd625ef91a3711b21879f0e8cb1a68afc8d5bdcf92d10a6da6ee9245f23?s=96&d=mm&r=g","contentUrl":"https:\/\/secure.gravatar.com\/avatar\/39bacfd625ef91a3711b21879f0e8cb1a68afc8d5bdcf92d10a6da6ee9245f23?s=96&d=mm&r=g","caption":"Emanuela Scanu"},"url":"https:\/\/www.romaoggi.eu\/index.php\/author\/emanuela\/"}]}},"_links":{"self":[{"href":"https:\/\/www.romaoggi.eu\/index.php\/wp-json\/wp\/v2\/posts\/27966","targetHints":{"allow":["GET"]}}],"collection":[{"href":"https:\/\/www.romaoggi.eu\/index.php\/wp-json\/wp\/v2\/posts"}],"about":[{"href":"https:\/\/www.romaoggi.eu\/index.php\/wp-json\/wp\/v2\/types\/post"}],"author":[{"embeddable":true,"href":"https:\/\/www.romaoggi.eu\/index.php\/wp-json\/wp\/v2\/users\/15"}],"replies":[{"embeddable":true,"href":"https:\/\/www.romaoggi.eu\/index.php\/wp-json\/wp\/v2\/comments?post=27966"}],"version-history":[{"count":4,"href":"https:\/\/www.romaoggi.eu\/index.php\/wp-json\/wp\/v2\/posts\/27966\/revisions"}],"predecessor-version":[{"id":33735,"href":"https:\/\/www.romaoggi.eu\/index.php\/wp-json\/wp\/v2\/posts\/27966\/revisions\/33735"}],"wp:featuredmedia":[{"embeddable":true,"href":"https:\/\/www.romaoggi.eu\/index.php\/wp-json\/wp\/v2\/media\/33695"}],"wp:attachment":[{"href":"https:\/\/www.romaoggi.eu\/index.php\/wp-json\/wp\/v2\/media?parent=27966"}],"wp:term":[{"taxonomy":"category","embeddable":true,"href":"https:\/\/www.romaoggi.eu\/index.php\/wp-json\/wp\/v2\/categories?post=27966"},{"taxonomy":"post_tag","embeddable":true,"href":"https:\/\/www.romaoggi.eu\/index.php\/wp-json\/wp\/v2\/tags?post=27966"}],"curies":[{"name":"wp","href":"https:\/\/api.w.org\/{rel}","templated":true}]}}