{"id":28002,"date":"2021-05-19T07:55:40","date_gmt":"2021-05-19T05:55:40","guid":{"rendered":"http:\/\/www.romaoggi.eu\/?p=28002"},"modified":"2021-05-19T07:55:40","modified_gmt":"2021-05-19T05:55:40","slug":"distanti-ma-uniti","status":"publish","type":"post","link":"https:\/\/www.romaoggi.eu\/index.php\/2021\/05\/19\/distanti-ma-uniti\/","title":{"rendered":"Distanti&#8230;ma uniti"},"content":{"rendered":"<p align=\"JUSTIFY\"><strong><span style=\"color: #000000;\">\u201c<span style=\"font-family: Times New Roman, serif;\"><span style=\"font-size: medium;\"><b>La foto del giorno\u201d di\u00a0 mercoled\u00ec 19 maggio 2021 dal titolo <\/b><\/span><\/span><\/span><\/strong><strong><span style=\"color: #1d2228;\"><span style=\"font-family: Times New Roman, serif;\"><span style=\"font-size: medium;\"><b>&#8220;<\/b><\/span><\/span><\/span><\/strong><strong><span style=\"color: #1d2228;\"><span style=\"font-family: YahooSans, Helvetica Neue, Segoe UI, Helvetica, Arial, Lucida Grande, sans-serif;\"><span style=\"font-size: medium;\"><b>Distanti&#8230;ma uniti<\/b><\/span><\/span><\/span><\/strong><strong><span style=\"color: #1d2228;\"><span style=\"font-family: Times New Roman, serif;\"><span style=\"font-size: medium;\"><b>&#8220;<\/b><\/span><\/span><\/span><\/strong><strong><span style=\"color: #000000;\"><span style=\"font-family: Times New Roman, serif;\"><span style=\"font-size: medium;\"><b>, ci \u00e8 stata inviata da Ezio Nocera, che l&#8217;ha realizzata a Ponte Sisto Roma. <\/b><\/span><\/span><\/span><\/strong><span style=\"color: #000000;\"><span style=\"font-family: Times New Roman, serif;\"><span style=\"font-size: medium;\">Invia la tua foto del giorno al whats app 3316379346. <\/span><\/span><\/span><\/p>\n<p align=\"JUSTIFY\"><span style=\"color: #ff0000;\"><strong><span style=\"font-family: Times New Roman, serif;\"><span style=\"font-size: medium;\"><b>sostieni con una donazione il progetto fotografico di Target lab.\u00a0 <\/b><\/span><\/span><\/strong><strong><a style=\"color: #ff0000;\" href=\"https:\/\/sostieni.link\/28814\"><span style=\"font-family: Times New Roman, serif;\"><span style=\"font-size: medium;\">https:\/\/sostieni.link\/28814<\/span><\/span><\/a><\/strong><\/span><\/p>\n<p align=\"JUSTIFY\"><strong><span style=\"color: #000000;\"><span style=\"font-family: Times New Roman, serif;\"><span style=\"font-size: medium;\"><b>Il commento di Pina Ianiro <\/b><\/span><\/span><\/span><\/strong><\/p>\n<p align=\"JUSTIFY\">Il ponte Sisto in questa immagine, non \u00e8 solo luogo, \u00e8 soggetto fotografico che veicola un messaggio.<\/p>\n<p align=\"JUSTIFY\">Sopra il ponte, lungo il suo percorso, avviene lo svolgersi dei giorni e dei suoi attimi, ognuno peculiare e irripetibile. C\u2019\u00e9 la vita che scorre al di sopra di esso, e c\u2019\u00e8 il fiume che scorre al di sotto. Un fluire di eventi, un ciclico ripetersi nel continuum solo apparente, perch\u00e9 niente \u00e8 mai uguale a ci\u00f2 che \u00e8 stato.<\/p>\n<p align=\"JUSTIFY\">Il ponte ne resta testimone e traccia allo stesso tempo. Memoria storica muta e incosciente di note di artisti di strada, discorsi di passanti, avvenimenti, pensieri \u2026 Ogni cosa sedimenta tra le fessure dei sampietrini consumati dal transitare dei passanti. Attesta al concetto di tempo <i>il ponte<\/i> e, con la sua funzione di creare unione, a quello di spazio.<\/p>\n<p align=\"JUSTIFY\">Ecco la capacit\u00e0 del fotografo: saper parlare senza usare parole.<\/p>\n<p align=\"JUSTIFY\">Ezio Nocera ha scattato la foto dal basso enfatizzando la strada, ovvero il ponte, e il passo di chi la percorre -i due giovani-, che crea movimento. L\u2019autore evita la simmetria facilmente ottenibile, allo stesso modo evita la centralit\u00e0 dei due passanti, per lasciare a ogni altro dettaglio il giusto spazio; cos\u00ec spiccano i tasti bianchi della fisarmonica, particolare che lascia all\u2019immaginazione l\u2019idea della musica. Utilizza infine il bianco e nero, raffinato modo di parlare sottovoce, con garbo.<\/p>\n<p align=\"JUSTIFY\">\u201cDistanti ma\u2026 uniti\u201d \u00e8 il titolo dello scatto e torna protagonista il ponte che, per natura, unisce ci\u00f2 che altrimenti resterebbe distante. Ma lo sappiamo, i ponti non sono solo strutture architettoniche, metaforicamente diviene ponte tutto ci\u00f2 che sa eliminare distanze e creare unione.<\/p>\n<p align=\"JUSTIFY\">Osservando l\u2019atteggiamento della coppia di giovani, viene da pensare se il messaggio portante sia scaturito proprio dal loro sembrare un po\u2019 distanti, sebbene accanto \u2026<\/p>\n<p align=\"JUSTIFY\">E resta una domanda: quante volte si \u00e8 vicini ma distanti e quante, invece, pur essendo distanti si riesce a restare uniti?<\/p>\n<p align=\"JUSTIFY\"><strong><span style=\"font-family: Times New Roman, serif;\"><span style=\"font-size: medium;\">\u00a9 Pina Ianiro<\/span><\/span><\/strong><\/p>\n<p align=\"JUSTIFY\"><span style=\"font-size: medium;\"><strong><span style=\"font-family: Times New Roman, serif;\">Redazione ed editing fotografico a cura di Alessandro Lisci<\/span><\/strong><\/span><\/p>\n<figure id=\"attachment_28004\" aria-describedby=\"caption-attachment-28004\" style=\"width: 1600px\" class=\"wp-caption alignnone\"><img loading=\"lazy\" decoding=\"async\" class=\"size-full wp-image-28004\" src=\"https:\/\/www.romaoggi.eu\/wp-content\/uploads\/2021\/05\/Photo00180-orizz\u00a9-Ezio-Nocera-ponte-sisto-musicista-di-strada-copia.jpg\" alt=\"alt tag ponte sisto\" width=\"1600\" height=\"1066\" srcset=\"https:\/\/www.romaoggi.eu\/wp-content\/uploads\/2021\/05\/Photo00180-orizz\u00a9-Ezio-Nocera-ponte-sisto-musicista-di-strada-copia.jpg 1600w, https:\/\/www.romaoggi.eu\/wp-content\/uploads\/2021\/05\/Photo00180-orizz\u00a9-Ezio-Nocera-ponte-sisto-musicista-di-strada-copia-300x200.jpg 300w, https:\/\/www.romaoggi.eu\/wp-content\/uploads\/2021\/05\/Photo00180-orizz\u00a9-Ezio-Nocera-ponte-sisto-musicista-di-strada-copia-1024x682.jpg 1024w, https:\/\/www.romaoggi.eu\/wp-content\/uploads\/2021\/05\/Photo00180-orizz\u00a9-Ezio-Nocera-ponte-sisto-musicista-di-strada-copia-1536x1023.jpg 1536w\" sizes=\"auto, (max-width: 1600px) 100vw, 1600px\" \/><figcaption id=\"caption-attachment-28004\" class=\"wp-caption-text\">Ponte Sisto \u00a9 Ezio Nocera<\/figcaption><\/figure>\n<p align=\"JUSTIFY\"><strong><span style=\"color: #000000;\"><span style=\"font-family: Times New Roman, serif;\"><span style=\"font-size: medium;\"><b>La foto del giorno \u00e8 la rubrica di Alessandro Lisci su \u00a0 <\/b><\/span><\/span><\/span><\/strong><strong><a href=\"https:\/\/www.romaoggi.eu\/\"><span style=\"color: #000080;\"><span style=\"font-family: Times New Roman, serif;\"><span style=\"font-size: medium;\"><u><b>www.Romaoggi.eu<\/b><\/u><\/span><\/span><\/span><\/a><\/strong><strong><span style=\"color: #000000;\"><span style=\"font-size: medium;\">\u00a0<\/span><\/span><\/strong><strong><span style=\"color: #000000;\"><span style=\"font-family: Times New Roman, serif;\"><span style=\"font-size: medium;\"><b>.\u00a0 Invia la tua foto del giorno con un commento al whatsapp 3316379346 oppure alla seguente mail: alessandrolisci@yahoo.it.<\/b><\/span><\/span><\/span><\/strong><\/p>\n<p align=\"JUSTIFY\"><strong><span style=\"font-size: medium;\">Visita il sito \u00a0: <a href=\"http:\/\/www.alessandrolisci.com\/\">www.alessandrolisci.com<\/a><\/span><\/strong><\/p>\n<p><strong><span style=\"font-family: Times New Roman, serif;\"><span style=\"font-size: medium;\">Pina Ianiro<\/span><\/span><\/strong><span style=\"font-size: medium;\">\u00a0 <\/span><span style=\"font-family: Times New Roman, serif;\"><span style=\"font-size: medium;\">nasce a Caserta, <\/span><\/span><strong><span style=\"font-family: Times New Roman, serif;\"><span style=\"font-size: medium;\">laureata in Sociologia<\/span><\/span><\/strong><span style=\"font-family: Times New Roman, serif;\"><span style=\"font-size: medium;\">. <\/span><\/span><strong><span style=\"font-family: Times New Roman, serif;\"><span style=\"font-size: medium;\">Vive a Roma<\/span><\/span><\/strong> <span style=\"font-family: Times New Roman, serif;\"><span style=\"font-size: medium;\">e l<\/span><\/span><span style=\"font-family: Times New Roman, serif;\"><span style=\"font-size: medium;\"><b>avora come editor<\/b><\/span><\/span><span style=\"font-family: Times New Roman, serif;\"><span style=\"font-size: medium;\"> anche se preferisce definirsi \u201c<\/span><\/span><strong><span style=\"font-family: Times New Roman, serif;\"><span style=\"font-size: medium;\">curatrice di manoscritti<\/span><\/span><\/strong><span style=\"font-size: medium;\">\u201d <\/span><span style=\"font-family: Times New Roman, serif;\"><span style=\"font-size: medium;\">e porta avanti la sua passione per la letteratura e l\u2019arte. <\/span><\/span><strong><span style=\"font-family: Times New Roman, serif;\"><span style=\"font-size: medium;\">Ha pubblicato i romanzi<\/span><\/span><\/strong><span style=\"font-family: Times New Roman, serif;\"><span style=\"font-size: medium;\">:<\/span><\/span><span style=\"font-family: Times New Roman, serif;\"><span style=\"font-size: medium;\"><b>\u201cIl cubo bianco\u201d<\/b><\/span><\/span><span style=\"font-family: Times New Roman, serif;\"><span style=\"font-size: medium;\"> (Giulio Perrone LAB), <\/span><\/span><span style=\"font-family: Times New Roman, serif;\"><span style=\"font-size: medium;\"><b>\u201cQuanto ci mette la neve a cadere\u201d<\/b><\/span><\/span><span style=\"font-family: Times New Roman, serif;\"><span style=\"font-size: medium;\"> (L\u2019Erudita) e una raccolta monografica di racconti e poesie \u201c<\/span><\/span><span style=\"font-family: Times New Roman, serif;\"><span style=\"font-size: medium;\"><b>Amore: maneggiare con prudenza\u201d <\/b><\/span><\/span><span style=\"font-family: Times New Roman, serif;\"><span style=\"font-size: medium;\">(L\u2019Erudita). <\/span><\/span><strong><span style=\"font-family: Times New Roman, serif;\"><span style=\"font-size: medium;\">Oltre che autrice \u00e8 ghostwriter<\/span><\/span><\/strong><span style=\"font-family: Times New Roman, serif;\"><span style=\"font-size: medium;\">. Gestisce il blog <\/span><\/span><strong><span style=\"font-family: Times New Roman, serif;\"><span style=\"font-size: medium;\"><a href=\"http:\/\/www.pinaianiro.blogspot.com\/\">http:\/\/www.pinaianiro.blogspot.com<\/a> .<\/span><\/span><\/strong><\/p>\n<p><span style=\"font-size: medium;\"><img loading=\"lazy\" decoding=\"async\" class=\"alignnone size-full wp-image-27186\" src=\"https:\/\/www.romaoggi.eu\/wp-content\/uploads\/2021\/04\/WhatsApp-Image-2021-04-04-at-19.36.07-e1617645244810.jpeg\" alt=\"alt tag Pina Ianiro\" width=\"60\" height=\"89\" \/>su FB :\u00a0 <a href=\"https:\/\/www.facebook.com\/aria.giaprimavera\">https:\/\/www.facebook.com\/aria.giaprimavera<\/a><\/span><\/p>\n","protected":false},"excerpt":{"rendered":"<div class=\"mh-excerpt\"><p>\u201cLa foto del giorno\u201d di\u00a0 mercoled\u00ec 19 maggio 2021 dal titolo &#8220;Distanti&#8230;ma uniti&#8220;, ci \u00e8 stata inviata da Ezio Nocera, che l&#8217;ha realizzata a Ponte Sisto Roma. Invia la tua foto del giorno al whats <a class=\"mh-excerpt-more\" href=\"https:\/\/www.romaoggi.eu\/index.php\/2021\/05\/19\/distanti-ma-uniti\/\" title=\"Distanti&#8230;ma uniti\">[&#8230;]<\/a><\/p>\n<\/div>","protected":false},"author":10,"featured_media":28004,"comment_status":"closed","ping_status":"open","sticky":false,"template":"","format":"standard","meta":{"_sitemap_exclude":false,"_sitemap_priority":"","_sitemap_frequency":"","footnotes":""},"categories":[8934],"tags":[14912,14913,14565,14581,4137,15116,274,7157,10420,13676,14496,4222,343,1738,634,14580],"class_list":["post-28002","post","type-post","status-publish","format-standard","has-post-thumbnail","hentry","category-lafotodelgiorno","tag-photography","tag-stories","tag-streetphoto","tag-streetphotoroma","tag-alessandro-lisci","tag-ezio-nocera","tag-fotografia","tag-italy","tag-la-foto-del-giorno","tag-life","tag-pina-ianiro","tag-ponte-sisto","tag-roma-capitale","tag-romaoggi-eu","tag-rome","tag-streetphotography"],"yoast_head":"<!-- This site is optimized with the Yoast SEO plugin v27.4 - https:\/\/yoast.com\/product\/yoast-seo-wordpress\/ -->\n<title>Distanti...ma uniti<\/title>\n<meta name=\"description\" content=\"\u201cLa foto del giorno\u201d di\u00a0 mercoled\u00ec 19 maggio 2021 dal titolo &quot;Distanti...ma uniti&quot;, ci \u00e8 stata inviata da Ezio Nocera, che l&#039;ha realizzata a Ponte Sisto\" \/>\n<meta name=\"robots\" content=\"index, follow, max-snippet:-1, max-image-preview:large, max-video-preview:-1\" \/>\n<link rel=\"canonical\" href=\"https:\/\/www.romaoggi.eu\/index.php\/2021\/05\/19\/distanti-ma-uniti\/\" \/>\n<meta property=\"og:locale\" content=\"it_IT\" \/>\n<meta property=\"og:type\" content=\"article\" \/>\n<meta property=\"og:title\" content=\"Distanti...ma uniti\" \/>\n<meta property=\"og:description\" content=\"\u201cLa foto del giorno\u201d di\u00a0 mercoled\u00ec 19 maggio 2021 dal titolo &quot;Distanti...ma uniti&quot;, ci \u00e8 stata inviata da Ezio Nocera, che l&#039;ha realizzata a Ponte Sisto\" \/>\n<meta property=\"og:url\" content=\"https:\/\/www.romaoggi.eu\/index.php\/2021\/05\/19\/distanti-ma-uniti\/\" \/>\n<meta property=\"og:site_name\" content=\"roma oggi\" \/>\n<meta property=\"article:publisher\" content=\"https:\/\/www.facebook.com\/RomaOggi-841544845954114\" \/>\n<meta property=\"article:author\" content=\"https:\/\/www.facebook.com\/alessandro.lisci.5\" \/>\n<meta property=\"article:published_time\" content=\"2021-05-19T05:55:40+00:00\" \/>\n<meta property=\"og:image\" content=\"https:\/\/www.romaoggi.eu\/wp-content\/uploads\/2021\/05\/Photo00180-orizz\u00a9-Ezio-Nocera-ponte-sisto-musicista-di-strada-copia.jpg\" \/>\n\t<meta property=\"og:image:width\" content=\"1600\" \/>\n\t<meta property=\"og:image:height\" content=\"1066\" \/>\n\t<meta property=\"og:image:type\" content=\"image\/jpeg\" \/>\n<meta name=\"author\" content=\"Alessandro Lisci\" \/>\n<meta name=\"twitter:card\" content=\"summary_large_image\" \/>\n<meta name=\"twitter:creator\" content=\"@https:\/\/twitter.com\/alessandrolisci\" \/>\n<meta name=\"twitter:site\" content=\"@romaoggi_eu\" \/>\n<meta name=\"twitter:label1\" content=\"Scritto da\" \/>\n\t<meta name=\"twitter:data1\" content=\"Alessandro Lisci\" \/>\n\t<meta name=\"twitter:label2\" content=\"Tempo di lettura stimato\" \/>\n\t<meta name=\"twitter:data2\" content=\"3 minuti\" \/>\n<script type=\"application\/ld+json\" class=\"yoast-schema-graph\">{\"@context\":\"https:\\\/\\\/schema.org\",\"@graph\":[{\"@type\":\"Article\",\"@id\":\"https:\\\/\\\/www.romaoggi.eu\\\/index.php\\\/2021\\\/05\\\/19\\\/distanti-ma-uniti\\\/#article\",\"isPartOf\":{\"@id\":\"https:\\\/\\\/www.romaoggi.eu\\\/index.php\\\/2021\\\/05\\\/19\\\/distanti-ma-uniti\\\/\"},\"author\":{\"name\":\"Alessandro Lisci\",\"@id\":\"https:\\\/\\\/www.romaoggi.eu\\\/#\\\/schema\\\/person\\\/30ada62b3bd510c45a781b7e3bf65e69\"},\"headline\":\"Distanti&#8230;ma uniti\",\"datePublished\":\"2021-05-19T05:55:40+00:00\",\"mainEntityOfPage\":{\"@id\":\"https:\\\/\\\/www.romaoggi.eu\\\/index.php\\\/2021\\\/05\\\/19\\\/distanti-ma-uniti\\\/\"},\"wordCount\":514,\"publisher\":{\"@id\":\"https:\\\/\\\/www.romaoggi.eu\\\/#organization\"},\"image\":{\"@id\":\"https:\\\/\\\/www.romaoggi.eu\\\/index.php\\\/2021\\\/05\\\/19\\\/distanti-ma-uniti\\\/#primaryimage\"},\"thumbnailUrl\":\"https:\\\/\\\/www.romaoggi.eu\\\/wp-content\\\/uploads\\\/2021\\\/05\\\/Photo00180-orizz\u00a9-Ezio-Nocera-ponte-sisto-musicista-di-strada-copia.jpg\",\"keywords\":[\"#photography\",\"#stories\",\"#streetphoto\",\"#streetphotoroma\",\"alessandro lisci\",\"ezio nocera\",\"fotografia\",\"Italy\",\"La foto del giorno\",\"life\",\"pina ianiro\",\"ponte sisto\",\"roma capitale\",\"RomaOggi.eu\",\"rome\",\"streetphotography\"],\"articleSection\":[\"La foto del giorno\"],\"inLanguage\":\"it-IT\"},{\"@type\":\"WebPage\",\"@id\":\"https:\\\/\\\/www.romaoggi.eu\\\/index.php\\\/2021\\\/05\\\/19\\\/distanti-ma-uniti\\\/\",\"url\":\"https:\\\/\\\/www.romaoggi.eu\\\/index.php\\\/2021\\\/05\\\/19\\\/distanti-ma-uniti\\\/\",\"name\":\"Distanti...ma uniti\",\"isPartOf\":{\"@id\":\"https:\\\/\\\/www.romaoggi.eu\\\/#website\"},\"primaryImageOfPage\":{\"@id\":\"https:\\\/\\\/www.romaoggi.eu\\\/index.php\\\/2021\\\/05\\\/19\\\/distanti-ma-uniti\\\/#primaryimage\"},\"image\":{\"@id\":\"https:\\\/\\\/www.romaoggi.eu\\\/index.php\\\/2021\\\/05\\\/19\\\/distanti-ma-uniti\\\/#primaryimage\"},\"thumbnailUrl\":\"https:\\\/\\\/www.romaoggi.eu\\\/wp-content\\\/uploads\\\/2021\\\/05\\\/Photo00180-orizz\u00a9-Ezio-Nocera-ponte-sisto-musicista-di-strada-copia.jpg\",\"datePublished\":\"2021-05-19T05:55:40+00:00\",\"description\":\"\u201cLa foto del giorno\u201d di\u00a0 mercoled\u00ec 19 maggio 2021 dal titolo \\\"Distanti...ma uniti\\\", ci \u00e8 stata inviata da Ezio Nocera, che l'ha realizzata a Ponte Sisto\",\"breadcrumb\":{\"@id\":\"https:\\\/\\\/www.romaoggi.eu\\\/index.php\\\/2021\\\/05\\\/19\\\/distanti-ma-uniti\\\/#breadcrumb\"},\"inLanguage\":\"it-IT\",\"potentialAction\":[{\"@type\":\"ReadAction\",\"target\":[\"https:\\\/\\\/www.romaoggi.eu\\\/index.php\\\/2021\\\/05\\\/19\\\/distanti-ma-uniti\\\/\"]}]},{\"@type\":\"ImageObject\",\"inLanguage\":\"it-IT\",\"@id\":\"https:\\\/\\\/www.romaoggi.eu\\\/index.php\\\/2021\\\/05\\\/19\\\/distanti-ma-uniti\\\/#primaryimage\",\"url\":\"https:\\\/\\\/www.romaoggi.eu\\\/wp-content\\\/uploads\\\/2021\\\/05\\\/Photo00180-orizz\u00a9-Ezio-Nocera-ponte-sisto-musicista-di-strada-copia.jpg\",\"contentUrl\":\"https:\\\/\\\/www.romaoggi.eu\\\/wp-content\\\/uploads\\\/2021\\\/05\\\/Photo00180-orizz\u00a9-Ezio-Nocera-ponte-sisto-musicista-di-strada-copia.jpg\",\"width\":1600,\"height\":1066,\"caption\":\"Ponte Sisto \u00a9 Ezio Nocera\"},{\"@type\":\"BreadcrumbList\",\"@id\":\"https:\\\/\\\/www.romaoggi.eu\\\/index.php\\\/2021\\\/05\\\/19\\\/distanti-ma-uniti\\\/#breadcrumb\",\"itemListElement\":[{\"@type\":\"ListItem\",\"position\":1,\"name\":\"Home\",\"item\":\"https:\\\/\\\/www.romaoggi.eu\\\/\"},{\"@type\":\"ListItem\",\"position\":2,\"name\":\"Distanti&#8230;ma uniti\"}]},{\"@type\":\"WebSite\",\"@id\":\"https:\\\/\\\/www.romaoggi.eu\\\/#website\",\"url\":\"https:\\\/\\\/www.romaoggi.eu\\\/\",\"name\":\"roma oggi\",\"description\":\"Interesting News for Interesting people\",\"publisher\":{\"@id\":\"https:\\\/\\\/www.romaoggi.eu\\\/#organization\"},\"potentialAction\":[{\"@type\":\"SearchAction\",\"target\":{\"@type\":\"EntryPoint\",\"urlTemplate\":\"https:\\\/\\\/www.romaoggi.eu\\\/?s={search_term_string}\"},\"query-input\":{\"@type\":\"PropertyValueSpecification\",\"valueRequired\":true,\"valueName\":\"search_term_string\"}}],\"inLanguage\":\"it-IT\"},{\"@type\":\"Organization\",\"@id\":\"https:\\\/\\\/www.romaoggi.eu\\\/#organization\",\"name\":\"RomaOggi\",\"url\":\"https:\\\/\\\/www.romaoggi.eu\\\/\",\"logo\":{\"@type\":\"ImageObject\",\"inLanguage\":\"it-IT\",\"@id\":\"https:\\\/\\\/www.romaoggi.eu\\\/#\\\/schema\\\/logo\\\/image\\\/\",\"url\":\"https:\\\/\\\/www.romaoggi.eu\\\/wp-content\\\/uploads\\\/2017\\\/04\\\/logowp.jpg\",\"contentUrl\":\"https:\\\/\\\/www.romaoggi.eu\\\/wp-content\\\/uploads\\\/2017\\\/04\\\/logowp.jpg\",\"width\":300,\"height\":133,\"caption\":\"RomaOggi\"},\"image\":{\"@id\":\"https:\\\/\\\/www.romaoggi.eu\\\/#\\\/schema\\\/logo\\\/image\\\/\"},\"sameAs\":[\"https:\\\/\\\/www.facebook.com\\\/RomaOggi-841544845954114\",\"https:\\\/\\\/x.com\\\/romaoggi_eu\"]},{\"@type\":\"Person\",\"@id\":\"https:\\\/\\\/www.romaoggi.eu\\\/#\\\/schema\\\/person\\\/30ada62b3bd510c45a781b7e3bf65e69\",\"name\":\"Alessandro Lisci\",\"image\":{\"@type\":\"ImageObject\",\"inLanguage\":\"it-IT\",\"@id\":\"https:\\\/\\\/secure.gravatar.com\\\/avatar\\\/9b9712162b2ac404aa0d7d978185f203808e7bd02856a449b19868b2eb80cf12?s=96&d=mm&r=g\",\"url\":\"https:\\\/\\\/secure.gravatar.com\\\/avatar\\\/9b9712162b2ac404aa0d7d978185f203808e7bd02856a449b19868b2eb80cf12?s=96&d=mm&r=g\",\"contentUrl\":\"https:\\\/\\\/secure.gravatar.com\\\/avatar\\\/9b9712162b2ac404aa0d7d978185f203808e7bd02856a449b19868b2eb80cf12?s=96&d=mm&r=g\",\"caption\":\"Alessandro Lisci\"},\"sameAs\":[\"http:\\\/\\\/www.alessandrolisci.com\",\"https:\\\/\\\/www.facebook.com\\\/alessandro.lisci.5\",\"https:\\\/\\\/x.com\\\/https:\\\/\\\/twitter.com\\\/alessandrolisci\",\"https:\\\/\\\/www.youtube.com\\\/user\\\/alessandrolisci\"],\"url\":\"https:\\\/\\\/www.romaoggi.eu\\\/index.php\\\/author\\\/alessandro\\\/\"}]}<\/script>\n<!-- \/ Yoast SEO plugin. -->","yoast_head_json":{"title":"Distanti...ma uniti","description":"\u201cLa foto del giorno\u201d di\u00a0 mercoled\u00ec 19 maggio 2021 dal titolo \"Distanti...ma uniti\", ci \u00e8 stata inviata da Ezio Nocera, che l'ha realizzata a Ponte Sisto","robots":{"index":"index","follow":"follow","max-snippet":"max-snippet:-1","max-image-preview":"max-image-preview:large","max-video-preview":"max-video-preview:-1"},"canonical":"https:\/\/www.romaoggi.eu\/index.php\/2021\/05\/19\/distanti-ma-uniti\/","og_locale":"it_IT","og_type":"article","og_title":"Distanti...ma uniti","og_description":"\u201cLa foto del giorno\u201d di\u00a0 mercoled\u00ec 19 maggio 2021 dal titolo \"Distanti...ma uniti\", ci \u00e8 stata inviata da Ezio Nocera, che l'ha realizzata a Ponte Sisto","og_url":"https:\/\/www.romaoggi.eu\/index.php\/2021\/05\/19\/distanti-ma-uniti\/","og_site_name":"roma oggi","article_publisher":"https:\/\/www.facebook.com\/RomaOggi-841544845954114","article_author":"https:\/\/www.facebook.com\/alessandro.lisci.5","article_published_time":"2021-05-19T05:55:40+00:00","og_image":[{"width":1600,"height":1066,"url":"https:\/\/www.romaoggi.eu\/wp-content\/uploads\/2021\/05\/Photo00180-orizz\u00a9-Ezio-Nocera-ponte-sisto-musicista-di-strada-copia.jpg","type":"image\/jpeg"}],"author":"Alessandro Lisci","twitter_card":"summary_large_image","twitter_creator":"@https:\/\/twitter.com\/alessandrolisci","twitter_site":"@romaoggi_eu","twitter_misc":{"Scritto da":"Alessandro Lisci","Tempo di lettura stimato":"3 minuti"},"schema":{"@context":"https:\/\/schema.org","@graph":[{"@type":"Article","@id":"https:\/\/www.romaoggi.eu\/index.php\/2021\/05\/19\/distanti-ma-uniti\/#article","isPartOf":{"@id":"https:\/\/www.romaoggi.eu\/index.php\/2021\/05\/19\/distanti-ma-uniti\/"},"author":{"name":"Alessandro Lisci","@id":"https:\/\/www.romaoggi.eu\/#\/schema\/person\/30ada62b3bd510c45a781b7e3bf65e69"},"headline":"Distanti&#8230;ma uniti","datePublished":"2021-05-19T05:55:40+00:00","mainEntityOfPage":{"@id":"https:\/\/www.romaoggi.eu\/index.php\/2021\/05\/19\/distanti-ma-uniti\/"},"wordCount":514,"publisher":{"@id":"https:\/\/www.romaoggi.eu\/#organization"},"image":{"@id":"https:\/\/www.romaoggi.eu\/index.php\/2021\/05\/19\/distanti-ma-uniti\/#primaryimage"},"thumbnailUrl":"https:\/\/www.romaoggi.eu\/wp-content\/uploads\/2021\/05\/Photo00180-orizz\u00a9-Ezio-Nocera-ponte-sisto-musicista-di-strada-copia.jpg","keywords":["#photography","#stories","#streetphoto","#streetphotoroma","alessandro lisci","ezio nocera","fotografia","Italy","La foto del giorno","life","pina ianiro","ponte sisto","roma capitale","RomaOggi.eu","rome","streetphotography"],"articleSection":["La foto del giorno"],"inLanguage":"it-IT"},{"@type":"WebPage","@id":"https:\/\/www.romaoggi.eu\/index.php\/2021\/05\/19\/distanti-ma-uniti\/","url":"https:\/\/www.romaoggi.eu\/index.php\/2021\/05\/19\/distanti-ma-uniti\/","name":"Distanti...ma uniti","isPartOf":{"@id":"https:\/\/www.romaoggi.eu\/#website"},"primaryImageOfPage":{"@id":"https:\/\/www.romaoggi.eu\/index.php\/2021\/05\/19\/distanti-ma-uniti\/#primaryimage"},"image":{"@id":"https:\/\/www.romaoggi.eu\/index.php\/2021\/05\/19\/distanti-ma-uniti\/#primaryimage"},"thumbnailUrl":"https:\/\/www.romaoggi.eu\/wp-content\/uploads\/2021\/05\/Photo00180-orizz\u00a9-Ezio-Nocera-ponte-sisto-musicista-di-strada-copia.jpg","datePublished":"2021-05-19T05:55:40+00:00","description":"\u201cLa foto del giorno\u201d di\u00a0 mercoled\u00ec 19 maggio 2021 dal titolo \"Distanti...ma uniti\", ci \u00e8 stata inviata da Ezio Nocera, che l'ha realizzata a Ponte Sisto","breadcrumb":{"@id":"https:\/\/www.romaoggi.eu\/index.php\/2021\/05\/19\/distanti-ma-uniti\/#breadcrumb"},"inLanguage":"it-IT","potentialAction":[{"@type":"ReadAction","target":["https:\/\/www.romaoggi.eu\/index.php\/2021\/05\/19\/distanti-ma-uniti\/"]}]},{"@type":"ImageObject","inLanguage":"it-IT","@id":"https:\/\/www.romaoggi.eu\/index.php\/2021\/05\/19\/distanti-ma-uniti\/#primaryimage","url":"https:\/\/www.romaoggi.eu\/wp-content\/uploads\/2021\/05\/Photo00180-orizz\u00a9-Ezio-Nocera-ponte-sisto-musicista-di-strada-copia.jpg","contentUrl":"https:\/\/www.romaoggi.eu\/wp-content\/uploads\/2021\/05\/Photo00180-orizz\u00a9-Ezio-Nocera-ponte-sisto-musicista-di-strada-copia.jpg","width":1600,"height":1066,"caption":"Ponte Sisto \u00a9 Ezio Nocera"},{"@type":"BreadcrumbList","@id":"https:\/\/www.romaoggi.eu\/index.php\/2021\/05\/19\/distanti-ma-uniti\/#breadcrumb","itemListElement":[{"@type":"ListItem","position":1,"name":"Home","item":"https:\/\/www.romaoggi.eu\/"},{"@type":"ListItem","position":2,"name":"Distanti&#8230;ma uniti"}]},{"@type":"WebSite","@id":"https:\/\/www.romaoggi.eu\/#website","url":"https:\/\/www.romaoggi.eu\/","name":"roma oggi","description":"Interesting News for Interesting people","publisher":{"@id":"https:\/\/www.romaoggi.eu\/#organization"},"potentialAction":[{"@type":"SearchAction","target":{"@type":"EntryPoint","urlTemplate":"https:\/\/www.romaoggi.eu\/?s={search_term_string}"},"query-input":{"@type":"PropertyValueSpecification","valueRequired":true,"valueName":"search_term_string"}}],"inLanguage":"it-IT"},{"@type":"Organization","@id":"https:\/\/www.romaoggi.eu\/#organization","name":"RomaOggi","url":"https:\/\/www.romaoggi.eu\/","logo":{"@type":"ImageObject","inLanguage":"it-IT","@id":"https:\/\/www.romaoggi.eu\/#\/schema\/logo\/image\/","url":"https:\/\/www.romaoggi.eu\/wp-content\/uploads\/2017\/04\/logowp.jpg","contentUrl":"https:\/\/www.romaoggi.eu\/wp-content\/uploads\/2017\/04\/logowp.jpg","width":300,"height":133,"caption":"RomaOggi"},"image":{"@id":"https:\/\/www.romaoggi.eu\/#\/schema\/logo\/image\/"},"sameAs":["https:\/\/www.facebook.com\/RomaOggi-841544845954114","https:\/\/x.com\/romaoggi_eu"]},{"@type":"Person","@id":"https:\/\/www.romaoggi.eu\/#\/schema\/person\/30ada62b3bd510c45a781b7e3bf65e69","name":"Alessandro Lisci","image":{"@type":"ImageObject","inLanguage":"it-IT","@id":"https:\/\/secure.gravatar.com\/avatar\/9b9712162b2ac404aa0d7d978185f203808e7bd02856a449b19868b2eb80cf12?s=96&d=mm&r=g","url":"https:\/\/secure.gravatar.com\/avatar\/9b9712162b2ac404aa0d7d978185f203808e7bd02856a449b19868b2eb80cf12?s=96&d=mm&r=g","contentUrl":"https:\/\/secure.gravatar.com\/avatar\/9b9712162b2ac404aa0d7d978185f203808e7bd02856a449b19868b2eb80cf12?s=96&d=mm&r=g","caption":"Alessandro Lisci"},"sameAs":["http:\/\/www.alessandrolisci.com","https:\/\/www.facebook.com\/alessandro.lisci.5","https:\/\/x.com\/https:\/\/twitter.com\/alessandrolisci","https:\/\/www.youtube.com\/user\/alessandrolisci"],"url":"https:\/\/www.romaoggi.eu\/index.php\/author\/alessandro\/"}]}},"_links":{"self":[{"href":"https:\/\/www.romaoggi.eu\/index.php\/wp-json\/wp\/v2\/posts\/28002","targetHints":{"allow":["GET"]}}],"collection":[{"href":"https:\/\/www.romaoggi.eu\/index.php\/wp-json\/wp\/v2\/posts"}],"about":[{"href":"https:\/\/www.romaoggi.eu\/index.php\/wp-json\/wp\/v2\/types\/post"}],"author":[{"embeddable":true,"href":"https:\/\/www.romaoggi.eu\/index.php\/wp-json\/wp\/v2\/users\/10"}],"replies":[{"embeddable":true,"href":"https:\/\/www.romaoggi.eu\/index.php\/wp-json\/wp\/v2\/comments?post=28002"}],"version-history":[{"count":3,"href":"https:\/\/www.romaoggi.eu\/index.php\/wp-json\/wp\/v2\/posts\/28002\/revisions"}],"predecessor-version":[{"id":28006,"href":"https:\/\/www.romaoggi.eu\/index.php\/wp-json\/wp\/v2\/posts\/28002\/revisions\/28006"}],"wp:featuredmedia":[{"embeddable":true,"href":"https:\/\/www.romaoggi.eu\/index.php\/wp-json\/wp\/v2\/media\/28004"}],"wp:attachment":[{"href":"https:\/\/www.romaoggi.eu\/index.php\/wp-json\/wp\/v2\/media?parent=28002"}],"wp:term":[{"taxonomy":"category","embeddable":true,"href":"https:\/\/www.romaoggi.eu\/index.php\/wp-json\/wp\/v2\/categories?post=28002"},{"taxonomy":"post_tag","embeddable":true,"href":"https:\/\/www.romaoggi.eu\/index.php\/wp-json\/wp\/v2\/tags?post=28002"}],"curies":[{"name":"wp","href":"https:\/\/api.w.org\/{rel}","templated":true}]}}