{"id":2807,"date":"2016-06-03T08:04:07","date_gmt":"2016-06-03T06:04:07","guid":{"rendered":"http:\/\/www.romaoggi.eu\/?p=2807"},"modified":"2016-06-03T08:04:07","modified_gmt":"2016-06-03T06:04:07","slug":"cake","status":"publish","type":"post","link":"https:\/\/www.romaoggi.eu\/index.php\/2016\/06\/03\/cake\/","title":{"rendered":"La cake designer Barbara Marazzi protagonista del &#8220;Summer Night Party&#8221;"},"content":{"rendered":"<h2>La cake designer Barbara Marazzi ci svela i retroscena della sua professione<\/h2>\n<p align=\"JUSTIFY\">Cake designer<strong> Barbara Marazzi<\/strong> dell&#8217;azienda <strong><a href=\"http:\/\/www.laconfettata.com\/\">\u201cLa Confettata\u201d <\/a><\/strong>sar\u00e0 tra gli ospiti del <strong>\u201cSummer Night Party\u201d<\/strong> del 16 giugno a Palazzo Brancaccio, che vedr\u00e0 protagonista il tema del wedding e dei grandi eventi.<\/p>\n<p align=\"JUSTIFY\"><strong>Come si \u00e8 avvicinata al mondo del cake design e perch\u00e9 l&#8217;ha scelto come professione?<\/strong><\/p>\n<p align=\"JUSTIFY\"><em>All&#8217;inizio mi dedicavo \u201csolo\u201d all\u2019allestimento delle <strong>Confettate Scenografiche<\/strong>, ma in realt\u00e0 non ero pienamente soddisfatta e sentivo che mi mancava qualcosa perch\u00e9, avendo io fatto studi artistici volevo esprimermi in <strong>3D<\/strong>\u00a0coordinando tutto un evento con torta, Confettata e segnaposto commestibili, quindi ho iniziato prima con i biscotti e poi con le torte. Ogni prodotto \u00e8 un piccolo viaggio nella creativit\u00e0.<\/em><\/p>\n<p align=\"JUSTIFY\"><a href=\"https:\/\/www.romaoggi.eu\/wp-content\/uploads\/2016\/06\/3ce42569-2bd6-4782-9b37-fdc466cf7fa4.jpe\" rel=\"attachment wp-att-2813\"><img loading=\"lazy\" decoding=\"async\" class=\"alignright wp-image-2813 size-medium\" src=\"https:\/\/www.romaoggi.eu\/wp-content\/uploads\/2016\/06\/3ce42569-2bd6-4782-9b37-fdc466cf7fa4-300x287.jpe\" alt=\"\" width=\"300\" height=\"287\" srcset=\"https:\/\/www.romaoggi.eu\/wp-content\/uploads\/2016\/06\/3ce42569-2bd6-4782-9b37-fdc466cf7fa4-300x287.jpe 300w, https:\/\/www.romaoggi.eu\/wp-content\/uploads\/2016\/06\/3ce42569-2bd6-4782-9b37-fdc466cf7fa4.jpe 572w\" sizes=\"auto, (max-width: 300px) 100vw, 300px\" \/><\/a><\/p>\n<p align=\"JUSTIFY\"><strong>Che cos&#8217;\u00e8 la Confettata?<\/strong><\/p>\n<p align=\"JUSTIFY\"><em>La Confettata \u00e8 un esposizione di confetti di varie fogge e gusti, allestiti in maniera particolarmente scenografica in modo da far apprezzare sia la qualit\u00e0 gustativa che quella estetica. La Confettata \u00e8 una sorpresa per gli ospiti nata da una tradizione che ha radici profonde, in Sicilia, dove gi\u00e0 dalla dominazione araba, gli sposi offrivano i confetti \u201cclassici\u201d alla mandorla al cucchiaio\u2026ora essendoci tanti gusti si da modo agli ospiti di fare un percorso gustativo in mezzo a tanti sapori diversi e ognuno pu\u00f2 scegliere il preferito!<\/em><\/p>\n<p align=\"JUSTIFY\"><strong>Come nascono le sue creazioni?<\/strong><\/p>\n<p align=\"JUSTIFY\"><em>Perlopi\u00f9 da l\u2019osservazione del mondo che mi circonda. Per me ogni evento, ogni torta, ogni biscotto \u00e8 come se fosse il mio e quindi cerco di curare ogni minimo particolare e ci metto davvero tutta me stessa.<\/em><\/p>\n<p align=\"JUSTIFY\"><strong>Mentre crea, lei parte da un disegno a matita su un foglio o semplicemente da un\u2019idea che poi trasferisce direttamente sulle torte?<\/strong><\/p>\n<p align=\"JUSTIFY\"><em>A volte sono le spose che mi chiedono di realizzare un loro progetto, pi\u00f9 spesso dopo un colloquio conoscitivo in cui cerco di capire come posso farle felici ed interpretare i loro desideri, faccio un bozzetto e poi realizzo la torta in base a quello.<\/em><\/p>\n<p align=\"JUSTIFY\"><strong>La richiesta pi\u00f9 strana che le \u00e8 stata fatta da un cliente?<\/strong><\/p>\n<p align=\"JUSTIFY\"><em>Una coppia di sposi mi ha chiesto di realizzare la torta per il loro matrimonio come quella di William e Kate, i principi Inglesi, come dire, ho dovuto rendere i loro sogni un tantino pi\u00f9 realistici!<\/em><\/p>\n<p align=\"JUSTIFY\"><strong>Cosa ci proporr\u00e0 la sera del 16 giugno?<\/strong><\/p>\n<p align=\"JUSTIFY\"><em>Allestiremo una bellissima <strong>Confettata Scenografica<\/strong> abbinata nel gusto e nel colore alla splendida location che ci circonda, tanto per iniziare! Poi naturalmente preparer\u00f2 la torta sulla quale una coppia scelta a sorte direttamente il 16 giugno, potr\u00e0 provare l\u2019emozione del taglio! Oltre all\u2019 emozione del gusto! Poi una serie di torte verranno presentate agli ospiti ed infine mostrer\u00f2 come si creano i miei biscotti decorati, se qualche sposa vorr\u00e0 provare potr\u00e0 farlo, un mini laboratorio diciamo ed un elegante omaggio per tutte le coppie!<\/em><\/p>\n<p align=\"JUSTIFY\">Articolo di Cristiano Morelli<\/p>\n<p align=\"JUSTIFY\"><a href=\"https:\/\/www.romaoggi.eu\/wp-content\/uploads\/2016\/06\/WhatsApp-Image-20160601.jpe\" rel=\"attachment wp-att-2809\"><img loading=\"lazy\" decoding=\"async\" class=\"aligncenter wp-image-2809 size-full\" title=\"cake\" src=\"https:\/\/www.romaoggi.eu\/wp-content\/uploads\/2016\/06\/WhatsApp-Image-20160601.jpe\" alt=\"\" width=\"496\" height=\"372\" srcset=\"https:\/\/www.romaoggi.eu\/wp-content\/uploads\/2016\/06\/WhatsApp-Image-20160601.jpe 496w, https:\/\/www.romaoggi.eu\/wp-content\/uploads\/2016\/06\/WhatsApp-Image-20160601-300x225.jpe 300w, https:\/\/www.romaoggi.eu\/wp-content\/uploads\/2016\/06\/WhatsApp-Image-20160601-326x245.jpe 326w, https:\/\/www.romaoggi.eu\/wp-content\/uploads\/2016\/06\/WhatsApp-Image-20160601-80x60.jpe 80w\" sizes=\"auto, (max-width: 496px) 100vw, 496px\" \/><\/a><\/p>\n<p style=\"text-align: center;\" align=\"JUSTIFY\"><strong>LA CONFETTATA<\/strong><\/p>\n<p style=\"text-align: center;\" align=\"JUSTIFY\">www.laconfettata.com<\/p>\n<p style=\"text-align: center;\" align=\"JUSTIFY\"><strong>Tel.<\/strong>\u00a0329\/4268141<\/p>\n<p style=\"text-align: center;\" align=\"JUSTIFY\"><strong>Email:<\/strong>\u00a0laconfettata@gmail.com<\/p>\n<p style=\"text-align: center;\" align=\"JUSTIFY\"><img loading=\"lazy\" decoding=\"async\" class=\"aligncenter wp-image-2810 size-full\" src=\"https:\/\/www.romaoggi.eu\/wp-content\/uploads\/2016\/06\/Summer-nignt-Party-orizzontale-definitivo-678x381-1.jpg\" alt=\"\" width=\"678\" height=\"381\" srcset=\"https:\/\/www.romaoggi.eu\/wp-content\/uploads\/2016\/06\/Summer-nignt-Party-orizzontale-definitivo-678x381-1.jpg 678w, https:\/\/www.romaoggi.eu\/wp-content\/uploads\/2016\/06\/Summer-nignt-Party-orizzontale-definitivo-678x381-1-300x169.jpg 300w\" sizes=\"auto, (max-width: 678px) 100vw, 678px\" \/><\/p>\n","protected":false},"excerpt":{"rendered":"<div class=\"mh-excerpt\"><p>La cake designer Barbara Marazzi ci svela i retroscena della sua professione Cake designer Barbara Marazzi dell&#8217;azienda \u201cLa Confettata\u201d sar\u00e0 tra gli ospiti del \u201cSummer Night Party\u201d del 16 giugno a Palazzo Brancaccio, che vedr\u00e0 <a class=\"mh-excerpt-more\" href=\"https:\/\/www.romaoggi.eu\/index.php\/2016\/06\/03\/cake\/\" title=\"La cake designer Barbara Marazzi protagonista del &#8220;Summer Night Party&#8221;\">[&#8230;]<\/a><\/p>\n<\/div>","protected":false},"author":5,"featured_media":2812,"comment_status":"open","ping_status":"open","sticky":false,"template":"","format":"standard","meta":{"_sitemap_exclude":false,"_sitemap_priority":"","_sitemap_frequency":"","footnotes":""},"categories":[7],"tags":[2319,1243,2429,2425,26,2428,2424,2399,2307,109,1738,2306,2427,2426,2379],"class_list":["post-2807","post","type-post","status-publish","format-standard","has-post-thumbnail","hentry","category-interviste","tag-barbara-marazzi","tag-cake-design","tag-cake-designer","tag-confettata","tag-cristiano-morelli","tag-dolci","tag-la-confettata","tag-matrimonio","tag-palazzo-brancaccio","tag-roma","tag-romaoggi-eu","tag-summer-night-party","tag-torte","tag-torte-nuziali","tag-wedding"],"yoast_head":"<!-- This site is optimized with the Yoast SEO plugin v27.5 - https:\/\/yoast.com\/product\/yoast-seo-wordpress\/ -->\n<title>La cake design Barbara Marazzi ospite del Summer Night Party<\/title>\n<meta name=\"description\" content=\"Cake designer Barbara Marazzi dell&#039;azienda \u201cLa Confettata\u201d sar\u00e0 ospite del \u201cSummer Night Party\u201d del 16 giugno a Palazzo Brancaccio, che vedr\u00e0...\" \/>\n<meta name=\"robots\" content=\"index, follow, max-snippet:-1, max-image-preview:large, max-video-preview:-1\" \/>\n<link rel=\"canonical\" href=\"https:\/\/www.romaoggi.eu\/index.php\/2016\/06\/03\/cake\/\" \/>\n<meta property=\"og:locale\" content=\"it_IT\" \/>\n<meta property=\"og:type\" content=\"article\" \/>\n<meta property=\"og:title\" content=\"La cake design Barbara Marazzi ospite del Summer Night Party\" \/>\n<meta property=\"og:description\" content=\"Cake designer Barbara Marazzi dell&#039;azienda \u201cLa Confettata\u201d sar\u00e0 ospite del \u201cSummer Night Party\u201d del 16 giugno a Palazzo Brancaccio, che vedr\u00e0...\" \/>\n<meta property=\"og:url\" content=\"https:\/\/www.romaoggi.eu\/index.php\/2016\/06\/03\/cake\/\" \/>\n<meta property=\"og:site_name\" content=\"roma oggi\" \/>\n<meta property=\"article:publisher\" content=\"https:\/\/www.facebook.com\/RomaOggi-841544845954114\" \/>\n<meta property=\"article:published_time\" content=\"2016-06-03T06:04:07+00:00\" \/>\n<meta property=\"og:image\" content=\"https:\/\/www.romaoggi.eu\/wp-content\/uploads\/2016\/06\/66a1ef11-30cc-42ee-9115-66bf9c8dd92a.jpe\" \/>\n\t<meta property=\"og:image:width\" content=\"729\" \/>\n\t<meta property=\"og:image:height\" content=\"547\" \/>\n\t<meta property=\"og:image:type\" content=\"image\/jpeg\" \/>\n<meta name=\"author\" content=\"Flavio\" \/>\n<meta name=\"twitter:card\" content=\"summary_large_image\" \/>\n<meta name=\"twitter:creator\" content=\"@romaoggi_eu\" \/>\n<meta name=\"twitter:site\" content=\"@romaoggi_eu\" \/>\n<meta name=\"twitter:label1\" content=\"Scritto da\" \/>\n\t<meta name=\"twitter:data1\" content=\"Flavio\" \/>\n\t<meta name=\"twitter:label2\" content=\"Tempo di lettura stimato\" \/>\n\t<meta name=\"twitter:data2\" content=\"2 minuti\" \/>\n<script type=\"application\/ld+json\" class=\"yoast-schema-graph\">{\"@context\":\"https:\\\/\\\/schema.org\",\"@graph\":[{\"@type\":\"Article\",\"@id\":\"https:\\\/\\\/www.romaoggi.eu\\\/index.php\\\/2016\\\/06\\\/03\\\/cake\\\/#article\",\"isPartOf\":{\"@id\":\"https:\\\/\\\/www.romaoggi.eu\\\/index.php\\\/2016\\\/06\\\/03\\\/cake\\\/\"},\"author\":{\"name\":\"Flavio\",\"@id\":\"https:\\\/\\\/www.romaoggi.eu\\\/#\\\/schema\\\/person\\\/cc12bfd93370392d7e41d243e47e6681\"},\"headline\":\"La cake designer Barbara Marazzi protagonista del &#8220;Summer Night Party&#8221;\",\"datePublished\":\"2016-06-03T06:04:07+00:00\",\"mainEntityOfPage\":{\"@id\":\"https:\\\/\\\/www.romaoggi.eu\\\/index.php\\\/2016\\\/06\\\/03\\\/cake\\\/\"},\"wordCount\":483,\"commentCount\":0,\"publisher\":{\"@id\":\"https:\\\/\\\/www.romaoggi.eu\\\/#organization\"},\"image\":{\"@id\":\"https:\\\/\\\/www.romaoggi.eu\\\/index.php\\\/2016\\\/06\\\/03\\\/cake\\\/#primaryimage\"},\"thumbnailUrl\":\"https:\\\/\\\/www.romaoggi.eu\\\/wp-content\\\/uploads\\\/2016\\\/06\\\/66a1ef11-30cc-42ee-9115-66bf9c8dd92a.jpe\",\"keywords\":[\"Barbara Marazzi\",\"cake design\",\"cake designer\",\"confettata\",\"cristiano morelli\",\"dolci\",\"La Confettata\",\"matrimonio\",\"Palazzo Brancaccio\",\"roma\",\"RomaOggi.eu\",\"Summer Night Party\",\"torte\",\"torte nuziali\",\"Wedding\"],\"articleSection\":[\"Interviste\"],\"inLanguage\":\"it-IT\",\"potentialAction\":[{\"@type\":\"CommentAction\",\"name\":\"Comment\",\"target\":[\"https:\\\/\\\/www.romaoggi.eu\\\/index.php\\\/2016\\\/06\\\/03\\\/cake\\\/#respond\"]}]},{\"@type\":\"WebPage\",\"@id\":\"https:\\\/\\\/www.romaoggi.eu\\\/index.php\\\/2016\\\/06\\\/03\\\/cake\\\/\",\"url\":\"https:\\\/\\\/www.romaoggi.eu\\\/index.php\\\/2016\\\/06\\\/03\\\/cake\\\/\",\"name\":\"La cake design Barbara Marazzi ospite del Summer Night Party\",\"isPartOf\":{\"@id\":\"https:\\\/\\\/www.romaoggi.eu\\\/#website\"},\"primaryImageOfPage\":{\"@id\":\"https:\\\/\\\/www.romaoggi.eu\\\/index.php\\\/2016\\\/06\\\/03\\\/cake\\\/#primaryimage\"},\"image\":{\"@id\":\"https:\\\/\\\/www.romaoggi.eu\\\/index.php\\\/2016\\\/06\\\/03\\\/cake\\\/#primaryimage\"},\"thumbnailUrl\":\"https:\\\/\\\/www.romaoggi.eu\\\/wp-content\\\/uploads\\\/2016\\\/06\\\/66a1ef11-30cc-42ee-9115-66bf9c8dd92a.jpe\",\"datePublished\":\"2016-06-03T06:04:07+00:00\",\"description\":\"Cake designer Barbara Marazzi dell'azienda \u201cLa Confettata\u201d sar\u00e0 ospite del \u201cSummer Night Party\u201d del 16 giugno a Palazzo Brancaccio, che vedr\u00e0...\",\"breadcrumb\":{\"@id\":\"https:\\\/\\\/www.romaoggi.eu\\\/index.php\\\/2016\\\/06\\\/03\\\/cake\\\/#breadcrumb\"},\"inLanguage\":\"it-IT\",\"potentialAction\":[{\"@type\":\"ReadAction\",\"target\":[\"https:\\\/\\\/www.romaoggi.eu\\\/index.php\\\/2016\\\/06\\\/03\\\/cake\\\/\"]}]},{\"@type\":\"ImageObject\",\"inLanguage\":\"it-IT\",\"@id\":\"https:\\\/\\\/www.romaoggi.eu\\\/index.php\\\/2016\\\/06\\\/03\\\/cake\\\/#primaryimage\",\"url\":\"https:\\\/\\\/www.romaoggi.eu\\\/wp-content\\\/uploads\\\/2016\\\/06\\\/66a1ef11-30cc-42ee-9115-66bf9c8dd92a.jpe\",\"contentUrl\":\"https:\\\/\\\/www.romaoggi.eu\\\/wp-content\\\/uploads\\\/2016\\\/06\\\/66a1ef11-30cc-42ee-9115-66bf9c8dd92a.jpe\",\"width\":729,\"height\":547},{\"@type\":\"BreadcrumbList\",\"@id\":\"https:\\\/\\\/www.romaoggi.eu\\\/index.php\\\/2016\\\/06\\\/03\\\/cake\\\/#breadcrumb\",\"itemListElement\":[{\"@type\":\"ListItem\",\"position\":1,\"name\":\"Home\",\"item\":\"https:\\\/\\\/www.romaoggi.eu\\\/\"},{\"@type\":\"ListItem\",\"position\":2,\"name\":\"La cake designer Barbara Marazzi protagonista del &#8220;Summer Night Party&#8221;\"}]},{\"@type\":\"WebSite\",\"@id\":\"https:\\\/\\\/www.romaoggi.eu\\\/#website\",\"url\":\"https:\\\/\\\/www.romaoggi.eu\\\/\",\"name\":\"roma oggi\",\"description\":\"Interesting News for Interesting people\",\"publisher\":{\"@id\":\"https:\\\/\\\/www.romaoggi.eu\\\/#organization\"},\"potentialAction\":[{\"@type\":\"SearchAction\",\"target\":{\"@type\":\"EntryPoint\",\"urlTemplate\":\"https:\\\/\\\/www.romaoggi.eu\\\/?s={search_term_string}\"},\"query-input\":{\"@type\":\"PropertyValueSpecification\",\"valueRequired\":true,\"valueName\":\"search_term_string\"}}],\"inLanguage\":\"it-IT\"},{\"@type\":\"Organization\",\"@id\":\"https:\\\/\\\/www.romaoggi.eu\\\/#organization\",\"name\":\"RomaOggi\",\"url\":\"https:\\\/\\\/www.romaoggi.eu\\\/\",\"logo\":{\"@type\":\"ImageObject\",\"inLanguage\":\"it-IT\",\"@id\":\"https:\\\/\\\/www.romaoggi.eu\\\/#\\\/schema\\\/logo\\\/image\\\/\",\"url\":\"https:\\\/\\\/www.romaoggi.eu\\\/wp-content\\\/uploads\\\/2017\\\/04\\\/logowp.jpg\",\"contentUrl\":\"https:\\\/\\\/www.romaoggi.eu\\\/wp-content\\\/uploads\\\/2017\\\/04\\\/logowp.jpg\",\"width\":300,\"height\":133,\"caption\":\"RomaOggi\"},\"image\":{\"@id\":\"https:\\\/\\\/www.romaoggi.eu\\\/#\\\/schema\\\/logo\\\/image\\\/\"},\"sameAs\":[\"https:\\\/\\\/www.facebook.com\\\/RomaOggi-841544845954114\",\"https:\\\/\\\/x.com\\\/romaoggi_eu\"]},{\"@type\":\"Person\",\"@id\":\"https:\\\/\\\/www.romaoggi.eu\\\/#\\\/schema\\\/person\\\/cc12bfd93370392d7e41d243e47e6681\",\"name\":\"Flavio\",\"image\":{\"@type\":\"ImageObject\",\"inLanguage\":\"it-IT\",\"@id\":\"https:\\\/\\\/secure.gravatar.com\\\/avatar\\\/7e044ce830ea97853e01500437b37dff4a622b20a194e4d0efe9b67e918f19e5?s=96&d=mm&r=g\",\"url\":\"https:\\\/\\\/secure.gravatar.com\\\/avatar\\\/7e044ce830ea97853e01500437b37dff4a622b20a194e4d0efe9b67e918f19e5?s=96&d=mm&r=g\",\"contentUrl\":\"https:\\\/\\\/secure.gravatar.com\\\/avatar\\\/7e044ce830ea97853e01500437b37dff4a622b20a194e4d0efe9b67e918f19e5?s=96&d=mm&r=g\",\"caption\":\"Flavio\"},\"url\":\"https:\\\/\\\/www.romaoggi.eu\\\/index.php\\\/author\\\/cristiano\\\/\"}]}<\/script>\n<!-- \/ Yoast SEO plugin. -->","yoast_head_json":{"title":"La cake design Barbara Marazzi ospite del Summer Night Party","description":"Cake designer Barbara Marazzi dell'azienda \u201cLa Confettata\u201d sar\u00e0 ospite del \u201cSummer Night Party\u201d del 16 giugno a Palazzo Brancaccio, che vedr\u00e0...","robots":{"index":"index","follow":"follow","max-snippet":"max-snippet:-1","max-image-preview":"max-image-preview:large","max-video-preview":"max-video-preview:-1"},"canonical":"https:\/\/www.romaoggi.eu\/index.php\/2016\/06\/03\/cake\/","og_locale":"it_IT","og_type":"article","og_title":"La cake design Barbara Marazzi ospite del Summer Night Party","og_description":"Cake designer Barbara Marazzi dell'azienda \u201cLa Confettata\u201d sar\u00e0 ospite del \u201cSummer Night Party\u201d del 16 giugno a Palazzo Brancaccio, che vedr\u00e0...","og_url":"https:\/\/www.romaoggi.eu\/index.php\/2016\/06\/03\/cake\/","og_site_name":"roma oggi","article_publisher":"https:\/\/www.facebook.com\/RomaOggi-841544845954114","article_published_time":"2016-06-03T06:04:07+00:00","og_image":[{"width":729,"height":547,"url":"https:\/\/www.romaoggi.eu\/wp-content\/uploads\/2016\/06\/66a1ef11-30cc-42ee-9115-66bf9c8dd92a.jpe","type":"image\/jpeg"}],"author":"Flavio","twitter_card":"summary_large_image","twitter_creator":"@romaoggi_eu","twitter_site":"@romaoggi_eu","twitter_misc":{"Scritto da":"Flavio","Tempo di lettura stimato":"2 minuti"},"schema":{"@context":"https:\/\/schema.org","@graph":[{"@type":"Article","@id":"https:\/\/www.romaoggi.eu\/index.php\/2016\/06\/03\/cake\/#article","isPartOf":{"@id":"https:\/\/www.romaoggi.eu\/index.php\/2016\/06\/03\/cake\/"},"author":{"name":"Flavio","@id":"https:\/\/www.romaoggi.eu\/#\/schema\/person\/cc12bfd93370392d7e41d243e47e6681"},"headline":"La cake designer Barbara Marazzi protagonista del &#8220;Summer Night Party&#8221;","datePublished":"2016-06-03T06:04:07+00:00","mainEntityOfPage":{"@id":"https:\/\/www.romaoggi.eu\/index.php\/2016\/06\/03\/cake\/"},"wordCount":483,"commentCount":0,"publisher":{"@id":"https:\/\/www.romaoggi.eu\/#organization"},"image":{"@id":"https:\/\/www.romaoggi.eu\/index.php\/2016\/06\/03\/cake\/#primaryimage"},"thumbnailUrl":"https:\/\/www.romaoggi.eu\/wp-content\/uploads\/2016\/06\/66a1ef11-30cc-42ee-9115-66bf9c8dd92a.jpe","keywords":["Barbara Marazzi","cake design","cake designer","confettata","cristiano morelli","dolci","La Confettata","matrimonio","Palazzo Brancaccio","roma","RomaOggi.eu","Summer Night Party","torte","torte nuziali","Wedding"],"articleSection":["Interviste"],"inLanguage":"it-IT","potentialAction":[{"@type":"CommentAction","name":"Comment","target":["https:\/\/www.romaoggi.eu\/index.php\/2016\/06\/03\/cake\/#respond"]}]},{"@type":"WebPage","@id":"https:\/\/www.romaoggi.eu\/index.php\/2016\/06\/03\/cake\/","url":"https:\/\/www.romaoggi.eu\/index.php\/2016\/06\/03\/cake\/","name":"La cake design Barbara Marazzi ospite del Summer Night Party","isPartOf":{"@id":"https:\/\/www.romaoggi.eu\/#website"},"primaryImageOfPage":{"@id":"https:\/\/www.romaoggi.eu\/index.php\/2016\/06\/03\/cake\/#primaryimage"},"image":{"@id":"https:\/\/www.romaoggi.eu\/index.php\/2016\/06\/03\/cake\/#primaryimage"},"thumbnailUrl":"https:\/\/www.romaoggi.eu\/wp-content\/uploads\/2016\/06\/66a1ef11-30cc-42ee-9115-66bf9c8dd92a.jpe","datePublished":"2016-06-03T06:04:07+00:00","description":"Cake designer Barbara Marazzi dell'azienda \u201cLa Confettata\u201d sar\u00e0 ospite del \u201cSummer Night Party\u201d del 16 giugno a Palazzo Brancaccio, che vedr\u00e0...","breadcrumb":{"@id":"https:\/\/www.romaoggi.eu\/index.php\/2016\/06\/03\/cake\/#breadcrumb"},"inLanguage":"it-IT","potentialAction":[{"@type":"ReadAction","target":["https:\/\/www.romaoggi.eu\/index.php\/2016\/06\/03\/cake\/"]}]},{"@type":"ImageObject","inLanguage":"it-IT","@id":"https:\/\/www.romaoggi.eu\/index.php\/2016\/06\/03\/cake\/#primaryimage","url":"https:\/\/www.romaoggi.eu\/wp-content\/uploads\/2016\/06\/66a1ef11-30cc-42ee-9115-66bf9c8dd92a.jpe","contentUrl":"https:\/\/www.romaoggi.eu\/wp-content\/uploads\/2016\/06\/66a1ef11-30cc-42ee-9115-66bf9c8dd92a.jpe","width":729,"height":547},{"@type":"BreadcrumbList","@id":"https:\/\/www.romaoggi.eu\/index.php\/2016\/06\/03\/cake\/#breadcrumb","itemListElement":[{"@type":"ListItem","position":1,"name":"Home","item":"https:\/\/www.romaoggi.eu\/"},{"@type":"ListItem","position":2,"name":"La cake designer Barbara Marazzi protagonista del &#8220;Summer Night Party&#8221;"}]},{"@type":"WebSite","@id":"https:\/\/www.romaoggi.eu\/#website","url":"https:\/\/www.romaoggi.eu\/","name":"roma oggi","description":"Interesting News for Interesting people","publisher":{"@id":"https:\/\/www.romaoggi.eu\/#organization"},"potentialAction":[{"@type":"SearchAction","target":{"@type":"EntryPoint","urlTemplate":"https:\/\/www.romaoggi.eu\/?s={search_term_string}"},"query-input":{"@type":"PropertyValueSpecification","valueRequired":true,"valueName":"search_term_string"}}],"inLanguage":"it-IT"},{"@type":"Organization","@id":"https:\/\/www.romaoggi.eu\/#organization","name":"RomaOggi","url":"https:\/\/www.romaoggi.eu\/","logo":{"@type":"ImageObject","inLanguage":"it-IT","@id":"https:\/\/www.romaoggi.eu\/#\/schema\/logo\/image\/","url":"https:\/\/www.romaoggi.eu\/wp-content\/uploads\/2017\/04\/logowp.jpg","contentUrl":"https:\/\/www.romaoggi.eu\/wp-content\/uploads\/2017\/04\/logowp.jpg","width":300,"height":133,"caption":"RomaOggi"},"image":{"@id":"https:\/\/www.romaoggi.eu\/#\/schema\/logo\/image\/"},"sameAs":["https:\/\/www.facebook.com\/RomaOggi-841544845954114","https:\/\/x.com\/romaoggi_eu"]},{"@type":"Person","@id":"https:\/\/www.romaoggi.eu\/#\/schema\/person\/cc12bfd93370392d7e41d243e47e6681","name":"Flavio","image":{"@type":"ImageObject","inLanguage":"it-IT","@id":"https:\/\/secure.gravatar.com\/avatar\/7e044ce830ea97853e01500437b37dff4a622b20a194e4d0efe9b67e918f19e5?s=96&d=mm&r=g","url":"https:\/\/secure.gravatar.com\/avatar\/7e044ce830ea97853e01500437b37dff4a622b20a194e4d0efe9b67e918f19e5?s=96&d=mm&r=g","contentUrl":"https:\/\/secure.gravatar.com\/avatar\/7e044ce830ea97853e01500437b37dff4a622b20a194e4d0efe9b67e918f19e5?s=96&d=mm&r=g","caption":"Flavio"},"url":"https:\/\/www.romaoggi.eu\/index.php\/author\/cristiano\/"}]}},"_links":{"self":[{"href":"https:\/\/www.romaoggi.eu\/index.php\/wp-json\/wp\/v2\/posts\/2807","targetHints":{"allow":["GET"]}}],"collection":[{"href":"https:\/\/www.romaoggi.eu\/index.php\/wp-json\/wp\/v2\/posts"}],"about":[{"href":"https:\/\/www.romaoggi.eu\/index.php\/wp-json\/wp\/v2\/types\/post"}],"author":[{"embeddable":true,"href":"https:\/\/www.romaoggi.eu\/index.php\/wp-json\/wp\/v2\/users\/5"}],"replies":[{"embeddable":true,"href":"https:\/\/www.romaoggi.eu\/index.php\/wp-json\/wp\/v2\/comments?post=2807"}],"version-history":[{"count":9,"href":"https:\/\/www.romaoggi.eu\/index.php\/wp-json\/wp\/v2\/posts\/2807\/revisions"}],"predecessor-version":[{"id":2824,"href":"https:\/\/www.romaoggi.eu\/index.php\/wp-json\/wp\/v2\/posts\/2807\/revisions\/2824"}],"wp:featuredmedia":[{"embeddable":true,"href":"https:\/\/www.romaoggi.eu\/index.php\/wp-json\/wp\/v2\/media\/2812"}],"wp:attachment":[{"href":"https:\/\/www.romaoggi.eu\/index.php\/wp-json\/wp\/v2\/media?parent=2807"}],"wp:term":[{"taxonomy":"category","embeddable":true,"href":"https:\/\/www.romaoggi.eu\/index.php\/wp-json\/wp\/v2\/categories?post=2807"},{"taxonomy":"post_tag","embeddable":true,"href":"https:\/\/www.romaoggi.eu\/index.php\/wp-json\/wp\/v2\/tags?post=2807"}],"curies":[{"name":"wp","href":"https:\/\/api.w.org\/{rel}","templated":true}]}}