{"id":28086,"date":"2021-05-24T08:18:17","date_gmt":"2021-05-24T06:18:17","guid":{"rendered":"http:\/\/www.romaoggi.eu\/?p=28086"},"modified":"2021-05-24T08:18:17","modified_gmt":"2021-05-24T06:18:17","slug":"ci-vorrebbe-un-miracolo","status":"publish","type":"post","link":"https:\/\/www.romaoggi.eu\/index.php\/2021\/05\/24\/ci-vorrebbe-un-miracolo\/","title":{"rendered":"Ci vorrebbe un miracolo&#8230;"},"content":{"rendered":"<p align=\"JUSTIFY\"><strong><span style=\"color: #000000;\">\u201c<span style=\"font-family: Times New Roman, serif;\"><span style=\"font-size: medium;\"><b>La foto del giorno\u201d di\u00a0 luned\u00ec 24 maggio 2021 dal titolo <\/b><\/span><\/span><\/span><\/strong><strong><span style=\"color: #1d2228;\"><span style=\"font-family: Times New Roman, serif;\"><span style=\"font-size: medium;\"><b>&#8220;<\/b><\/span><\/span><\/span><\/strong><strong><span style=\"color: #1d2228;\"><span style=\"font-family: YahooSans, Helvetica Neue, Segoe UI, Helvetica, Arial, Lucida Grande, sans-serif;\"><span style=\"font-size: medium;\"><b>Ci vorrebbe un miracolo<\/b><\/span><\/span><\/span><\/strong><strong><span style=\"color: #1d2228;\"><span style=\"font-family: Times New Roman, serif;\"><span style=\"font-size: medium;\"><b>&#8220;<\/b><\/span><\/span><\/span><\/strong><strong><span style=\"color: #000000;\"><span style=\"font-family: Times New Roman, serif;\"><span style=\"font-size: medium;\"><b>, ci \u00e8 stata inviata da Ljdia Musso, che l&#8217;ha realizzata a Piazza San Callisto, Roma. <\/b><\/span><\/span><\/span><\/strong><strong><span style=\"color: #000000;\"><span style=\"font-family: Times New Roman, serif;\"><span style=\"font-size: medium;\">Invia la tua foto del giorno al whats app 3316379346. <\/span><\/span><\/span><\/strong><\/p>\n<p align=\"JUSTIFY\"><strong><span style=\"color: #ff0000;\"><span style=\"font-family: Times New Roman, serif;\"><span style=\"font-size: medium;\"><b>sostieni con una donazione il progetto fotografico di Target lab.\u00a0 <\/b><\/span><\/span><\/span><\/strong><strong><a href=\"https:\/\/sostieni.link\/28814\"><span style=\"color: #ff0000;\"><span style=\"font-family: Times New Roman, serif;\"><span style=\"font-size: medium;\">https:\/\/sostieni.link\/28814<\/span><\/span><\/span><\/a><\/strong><\/p>\n<p align=\"JUSTIFY\"><strong><span style=\"color: #000000;\"><span style=\"font-family: Times New Roman, serif;\"><span style=\"font-size: medium;\"><b>Il commento di Pina Ianiro <\/b><\/span><\/span><\/span><\/strong><\/p>\n<p align=\"JUSTIFY\">E\u2019 strano come ogni cosa racconti senza bisogno di alcuna parola, le mura parlano, la strada parla, gli atteggiamenti delle persone parlano \u2026 Quando ci mettiamo in ascolto, tante storie si vengono a narrare.<\/p>\n<p align=\"JUSTIFY\">Il mondo della fotografia affascina per questo, per la capacit\u00e0 di raccontare attraverso l\u2019immagine.<\/p>\n<p align=\"JUSTIFY\">Per uno scrittore \u00e8 consuetudine ascoltare anche il non detto, osservare i dettagli che sfuggono, partecipare con empatia a partire da un semplice sguardo al mondo altrui, tanto che anche partendo da pochi elementi, si riesce a creare una storia.<\/p>\n<p align=\"JUSTIFY\">Questa foto di Ljdia Musso di spunti narranti ne ha, senza alcuna ombra di dubbio, parecchi.<\/p>\n<p align=\"JUSTIFY\">Piazza San Callisto a Trastevere, un\u2019anziana signora trascina un carrello della spesa con una mano e con l\u2019altra sostiene una sporta notevolmente riempita. Sebbene non vi siano altre persone, indossa la mascherina. Il suo passo sottolinea la fatica del peso.<\/p>\n<p align=\"JUSTIFY\">Nel contesto della scena, il soggetto non viene collocato in primo piano e al centro, l\u2019autrice preferisce evitare cos\u00ec da rendere ogni dettaglio importante, anche perch\u00e9 sa che chiunque osserver\u00e0 la foto -grazie a un gioco di luci sapientemente cercato- indirizzer\u00e0 l\u2019attenzione sull\u2019unica persona presente.<\/p>\n<p align=\"JUSTIFY\">Tutto il contorno e i preziosi particolari, sono necessario palcoscenico di vita che avvolge l\u2019anziana lasciandola soggetto a s\u00e9.<\/p>\n<p align=\"JUSTIFY\">Gi\u00e0 solo la facciata del palazzo \u00e8 un libro da leggere, a partire dalla finestra protetta da una grata di ferro a quadretti, passando per gli adesivi sul vetro rimasto chiuso schermato dalla tenda, a finire al suo interno nero come un antro imperscrutabile. Il muro intorno \u00e8 un groviglio di scritte e poster attaccati, rovinati e in parte, staccati dal tempo. La strada lastricata di sanpietrini non lascia spazio a errori: siamo a Roma.<\/p>\n<p align=\"JUSTIFY\">L\u2019autrice, come si accennava, cattura una luminosit\u00e0 contagiosa oltre il grigiume che tenderebbe a impadronirsi a sproposito della scena. Proprio grazie a questa spennellata di luce, spiccano elementi che attirano l\u2019attenzione come il cappellino rosso e la gonna dell\u2019anziana, ci\u00f2 che rimane dell\u2019incomprensibile graffito verde sul muro e la parola \u201cmiracolo\u201d del banner sulla finestra.<\/p>\n<p align=\"JUSTIFY\">\u201cCi vorrebbe un miracolo\u201d ci sottolinea Ljdia Musso, scegliendo la frase come titolo per questa foto.<\/p>\n<p align=\"JUSTIFY\">E\u2019 vero. Di miracoli ce ne vorrebbero tanti e anche il pi\u00f9 scettico in merito, ne avr\u00e0 fortemente desiderato almeno uno.<\/p>\n<p align=\"JUSTIFY\">Eppure, se il mondo riuscisse a essere pi\u00f9 attento e sensibile, parte del miracolo sarebbe compiuto. Non si fa che parlare di cambiamenti ma, come sempre, dimentichiamo che si potrebbe partire dalle cose semplici, una delle quali consiste nell\u2019ascoltare. Se ognuno di noi ascoltasse di pi\u00f9 \u2026<\/p>\n<p align=\"JUSTIFY\">Una delle cose pi\u00f9 tristi e forse dannose dei nostri tempi \u00e8 la superficialit\u00e0, prima ancora dell\u2019indifferenza.<\/p>\n<p align=\"JUSTIFY\"><span style=\"color: #000000;\"> \u201c<span style=\"font-family: Times New Roman, serif;\"><span style=\"font-size: medium;\">Ci vorrebbe un miracolo\u201d pensa l\u2019anziana, \u201cnon qualcuno che mi aiuti a portare la spesa, ma qualcuno che ascolti quanto pesano i miei anni in questo tempo sordo\u201d.<\/span><\/span><\/span><\/p>\n<p align=\"JUSTIFY\"><strong><span style=\"font-family: Times New Roman, serif;\"><span style=\"font-size: medium;\">\u00a9 Pina Ianiro<\/span><\/span><\/strong><\/p>\n<p align=\"JUSTIFY\"><span style=\"font-size: medium;\"><strong><span style=\"font-family: Times New Roman, serif;\">Redazione ed editing fotografico a cura di Alessandro Lisci<\/span><\/strong><\/span><\/p>\n<figure id=\"attachment_28088\" aria-describedby=\"caption-attachment-28088\" style=\"width: 850px\" class=\"wp-caption alignnone\"><img loading=\"lazy\" decoding=\"async\" class=\"size-full wp-image-28088\" src=\"https:\/\/www.romaoggi.eu\/wp-content\/uploads\/2021\/05\/PHOTO0183-\u00a9LJDIA-MUSSO-TRASTEVERE-CI-VORREBBE-UN-MIRACOLO.jpg\" alt=\"alt tag piazza san callisto\" width=\"850\" height=\"1134\" srcset=\"https:\/\/www.romaoggi.eu\/wp-content\/uploads\/2021\/05\/PHOTO0183-\u00a9LJDIA-MUSSO-TRASTEVERE-CI-VORREBBE-UN-MIRACOLO.jpg 850w, https:\/\/www.romaoggi.eu\/wp-content\/uploads\/2021\/05\/PHOTO0183-\u00a9LJDIA-MUSSO-TRASTEVERE-CI-VORREBBE-UN-MIRACOLO-225x300.jpg 225w, https:\/\/www.romaoggi.eu\/wp-content\/uploads\/2021\/05\/PHOTO0183-\u00a9LJDIA-MUSSO-TRASTEVERE-CI-VORREBBE-UN-MIRACOLO-768x1024.jpg 768w\" sizes=\"auto, (max-width: 850px) 100vw, 850px\" \/><figcaption id=\"caption-attachment-28088\" class=\"wp-caption-text\">Piazza San Callisto \u00a9 Ljdia Musso<\/figcaption><\/figure>\n<p align=\"JUSTIFY\"><strong><span style=\"color: #000000;\"><span style=\"font-family: Times New Roman, serif;\"><span style=\"font-size: medium;\"><b>La foto del giorno \u00e8 la rubrica di Alessandro Lisci su \u00a0 <\/b><\/span><\/span><\/span><\/strong><strong><a href=\"https:\/\/www.romaoggi.eu\/\"><span style=\"color: #000080;\"><span style=\"font-family: Times New Roman, serif;\"><span style=\"font-size: medium;\"><u><b>www.Romaoggi.eu<\/b><\/u><\/span><\/span><\/span><\/a><\/strong><strong><span style=\"color: #000000;\"><span style=\"font-size: medium;\">\u00a0<\/span><\/span><\/strong><strong><span style=\"color: #000000;\"><span style=\"font-family: Times New Roman, serif;\"><span style=\"font-size: medium;\"><b>.\u00a0 Invia la tua foto del giorno con un commento al whatsapp 3316379346 oppure alla seguente mail: alessandrolisci@yahoo.it.<\/b><\/span><\/span><\/span><\/strong><\/p>\n<p align=\"JUSTIFY\"><strong><span style=\"font-size: medium;\">Visita il sito \u00a0: <a href=\"http:\/\/www.alessandrolisci.com\/\">www.alessandrolisci.com<\/a><\/span><\/strong><\/p>\n<p><strong><span style=\"font-family: Times New Roman, serif;\"><span style=\"font-size: medium;\">Pina Ianiro<\/span><\/span><\/strong><span style=\"font-size: medium;\">\u00a0 <\/span><span style=\"font-family: Times New Roman, serif;\"><span style=\"font-size: medium;\">nasce a Caserta, <\/span><\/span><strong><span style=\"font-family: Times New Roman, serif;\"><span style=\"font-size: medium;\">laureata in Sociologia<\/span><\/span><\/strong><span style=\"font-family: Times New Roman, serif;\"><span style=\"font-size: medium;\">. <\/span><\/span><strong><span style=\"font-family: Times New Roman, serif;\"><span style=\"font-size: medium;\">Vive a Roma<\/span><\/span><\/strong> <span style=\"font-family: Times New Roman, serif;\"><span style=\"font-size: medium;\">e l<\/span><\/span><span style=\"font-family: Times New Roman, serif;\"><span style=\"font-size: medium;\"><b>avora come editor<\/b><\/span><\/span><span style=\"font-family: Times New Roman, serif;\"><span style=\"font-size: medium;\"> anche se preferisce definirsi \u201c<\/span><\/span><strong><span style=\"font-family: Times New Roman, serif;\"><span style=\"font-size: medium;\">curatrice di manoscritti<\/span><\/span><\/strong><span style=\"font-size: medium;\">\u201d <\/span><span style=\"font-family: Times New Roman, serif;\"><span style=\"font-size: medium;\">e porta avanti la sua passione per la letteratura e l\u2019arte. <\/span><\/span><strong><span style=\"font-family: Times New Roman, serif;\"><span style=\"font-size: medium;\">Ha pubblicato i romanzi<\/span><\/span><\/strong><span style=\"font-family: Times New Roman, serif;\"><span style=\"font-size: medium;\">:<\/span><\/span><span style=\"font-family: Times New Roman, serif;\"><span style=\"font-size: medium;\"><b>\u201cIl cubo bianco\u201d<\/b><\/span><\/span><span style=\"font-family: Times New Roman, serif;\"><span style=\"font-size: medium;\"> (Giulio Perrone LAB), <\/span><\/span><span style=\"font-family: Times New Roman, serif;\"><span style=\"font-size: medium;\"><b>\u201cQuanto ci mette la neve a cadere\u201d<\/b><\/span><\/span><span style=\"font-family: Times New Roman, serif;\"><span style=\"font-size: medium;\"> (L\u2019Erudita) e una raccolta monografica di racconti e poesie \u201c<\/span><\/span><span style=\"font-family: Times New Roman, serif;\"><span style=\"font-size: medium;\"><b>Amore: maneggiare con prudenza\u201d <\/b><\/span><\/span><span style=\"font-family: Times New Roman, serif;\"><span style=\"font-size: medium;\">(L\u2019Erudita). <\/span><\/span><strong><span style=\"font-family: Times New Roman, serif;\"><span style=\"font-size: medium;\">Oltre che autrice \u00e8 ghostwriter<\/span><\/span><\/strong><span style=\"font-family: Times New Roman, serif;\"><span style=\"font-size: medium;\">. Gestisce il blog <\/span><\/span><strong><span style=\"font-family: Times New Roman, serif;\"><span style=\"font-size: medium;\"><a href=\"http:\/\/www.pinaianiro.blogspot.com\/\">http:\/\/www.pinaianiro.blogspot.com<\/a> .<\/span><\/span><\/strong><\/p>\n<p><span style=\"font-size: medium;\">su FB :\u00a0 <a href=\"https:\/\/www.facebook.com\/aria.giaprimavera\">https:\/\/www.facebook.com\/aria.giaprimavera<\/a><\/span><\/p>\n","protected":false},"excerpt":{"rendered":"<div class=\"mh-excerpt\"><p>\u201cLa foto del giorno\u201d di\u00a0 luned\u00ec 24 maggio 2021 dal titolo &#8220;Ci vorrebbe un miracolo&#8220;, ci \u00e8 stata inviata da Ljdia Musso, che l&#8217;ha realizzata a Piazza San Callisto, Roma. Invia la tua foto del <a class=\"mh-excerpt-more\" href=\"https:\/\/www.romaoggi.eu\/index.php\/2021\/05\/24\/ci-vorrebbe-un-miracolo\/\" title=\"Ci vorrebbe un miracolo&#8230;\">[&#8230;]<\/a><\/p>\n<\/div>","protected":false},"author":10,"featured_media":28092,"comment_status":"closed","ping_status":"open","sticky":false,"template":"","format":"standard","meta":{"_sitemap_exclude":false,"_sitemap_priority":"","_sitemap_frequency":"","footnotes":""},"categories":[8934],"tags":[14912,14913,14565,14581,4137,274,7157,10420,13676,14817,15147,14496,343,1738,634,14580,4199],"class_list":["post-28086","post","type-post","status-publish","format-standard","has-post-thumbnail","hentry","category-lafotodelgiorno","tag-photography","tag-stories","tag-streetphoto","tag-streetphotoroma","tag-alessandro-lisci","tag-fotografia","tag-italy","tag-la-foto-del-giorno","tag-life","tag-ljdia-musso","tag-piazza-san-callisto","tag-pina-ianiro","tag-roma-capitale","tag-romaoggi-eu","tag-rome","tag-streetphotography","tag-trastevere"],"yoast_head":"<!-- This site is optimized with the Yoast SEO plugin v27.5 - https:\/\/yoast.com\/product\/yoast-seo-wordpress\/ -->\n<title>Ci vorrebbe un miracolo...<\/title>\n<meta name=\"description\" content=\"\u201cLa foto del giorno\u201d di\u00a0 luned\u00ec 24 maggio 2021 dal titolo &quot;Ci vorrebbe un miracolo&quot;, ci \u00e8 stata inviata da Ljdia Musso, che l&#039;ha realizzata a Piazza San\" \/>\n<meta name=\"robots\" content=\"index, follow, max-snippet:-1, max-image-preview:large, max-video-preview:-1\" \/>\n<link rel=\"canonical\" href=\"https:\/\/www.romaoggi.eu\/index.php\/2021\/05\/24\/ci-vorrebbe-un-miracolo\/\" \/>\n<meta property=\"og:locale\" content=\"it_IT\" \/>\n<meta property=\"og:type\" content=\"article\" \/>\n<meta property=\"og:title\" content=\"Ci vorrebbe un miracolo...\" \/>\n<meta property=\"og:description\" content=\"\u201cLa foto del giorno\u201d di\u00a0 luned\u00ec 24 maggio 2021 dal titolo &quot;Ci vorrebbe un miracolo&quot;, ci \u00e8 stata inviata da Ljdia Musso, che l&#039;ha realizzata a Piazza San\" \/>\n<meta property=\"og:url\" content=\"https:\/\/www.romaoggi.eu\/index.php\/2021\/05\/24\/ci-vorrebbe-un-miracolo\/\" \/>\n<meta property=\"og:site_name\" content=\"roma oggi\" \/>\n<meta property=\"article:publisher\" content=\"https:\/\/www.facebook.com\/RomaOggi-841544845954114\" \/>\n<meta property=\"article:author\" content=\"https:\/\/www.facebook.com\/alessandro.lisci.5\" \/>\n<meta property=\"article:published_time\" content=\"2021-05-24T06:18:17+00:00\" \/>\n<meta property=\"og:image\" content=\"https:\/\/www.romaoggi.eu\/wp-content\/uploads\/2021\/05\/PHOTO0183-\u00a9LJDIA-MUSSO-TRASTEVERE-CI-VORREBBE-UN-MIRACOLO-copia-1.jpg\" \/>\n\t<meta property=\"og:image:width\" content=\"1530\" \/>\n\t<meta property=\"og:image:height\" content=\"1134\" \/>\n\t<meta property=\"og:image:type\" content=\"image\/jpeg\" \/>\n<meta name=\"author\" content=\"Alessandro Lisci\" \/>\n<meta name=\"twitter:card\" content=\"summary_large_image\" \/>\n<meta name=\"twitter:creator\" content=\"@https:\/\/twitter.com\/alessandrolisci\" \/>\n<meta name=\"twitter:site\" content=\"@romaoggi_eu\" \/>\n<meta name=\"twitter:label1\" content=\"Scritto da\" \/>\n\t<meta name=\"twitter:data1\" content=\"Alessandro Lisci\" \/>\n\t<meta name=\"twitter:label2\" content=\"Tempo di lettura stimato\" \/>\n\t<meta name=\"twitter:data2\" content=\"4 minuti\" \/>\n<script type=\"application\/ld+json\" class=\"yoast-schema-graph\">{\"@context\":\"https:\\\/\\\/schema.org\",\"@graph\":[{\"@type\":\"Article\",\"@id\":\"https:\\\/\\\/www.romaoggi.eu\\\/index.php\\\/2021\\\/05\\\/24\\\/ci-vorrebbe-un-miracolo\\\/#article\",\"isPartOf\":{\"@id\":\"https:\\\/\\\/www.romaoggi.eu\\\/index.php\\\/2021\\\/05\\\/24\\\/ci-vorrebbe-un-miracolo\\\/\"},\"author\":{\"name\":\"Alessandro Lisci\",\"@id\":\"https:\\\/\\\/www.romaoggi.eu\\\/#\\\/schema\\\/person\\\/30ada62b3bd510c45a781b7e3bf65e69\"},\"headline\":\"Ci vorrebbe un miracolo&#8230;\",\"datePublished\":\"2021-05-24T06:18:17+00:00\",\"mainEntityOfPage\":{\"@id\":\"https:\\\/\\\/www.romaoggi.eu\\\/index.php\\\/2021\\\/05\\\/24\\\/ci-vorrebbe-un-miracolo\\\/\"},\"wordCount\":682,\"publisher\":{\"@id\":\"https:\\\/\\\/www.romaoggi.eu\\\/#organization\"},\"image\":{\"@id\":\"https:\\\/\\\/www.romaoggi.eu\\\/index.php\\\/2021\\\/05\\\/24\\\/ci-vorrebbe-un-miracolo\\\/#primaryimage\"},\"thumbnailUrl\":\"https:\\\/\\\/www.romaoggi.eu\\\/wp-content\\\/uploads\\\/2021\\\/05\\\/PHOTO0183-\u00a9LJDIA-MUSSO-TRASTEVERE-CI-VORREBBE-UN-MIRACOLO-copia-1.jpg\",\"keywords\":[\"#photography\",\"#stories\",\"#streetphoto\",\"#streetphotoroma\",\"alessandro lisci\",\"fotografia\",\"Italy\",\"La foto del giorno\",\"life\",\"ljdia musso\",\"piazza san callisto\",\"pina ianiro\",\"roma capitale\",\"RomaOggi.eu\",\"rome\",\"streetphotography\",\"Trastevere\"],\"articleSection\":[\"La foto del giorno\"],\"inLanguage\":\"it-IT\"},{\"@type\":\"WebPage\",\"@id\":\"https:\\\/\\\/www.romaoggi.eu\\\/index.php\\\/2021\\\/05\\\/24\\\/ci-vorrebbe-un-miracolo\\\/\",\"url\":\"https:\\\/\\\/www.romaoggi.eu\\\/index.php\\\/2021\\\/05\\\/24\\\/ci-vorrebbe-un-miracolo\\\/\",\"name\":\"Ci vorrebbe un miracolo...\",\"isPartOf\":{\"@id\":\"https:\\\/\\\/www.romaoggi.eu\\\/#website\"},\"primaryImageOfPage\":{\"@id\":\"https:\\\/\\\/www.romaoggi.eu\\\/index.php\\\/2021\\\/05\\\/24\\\/ci-vorrebbe-un-miracolo\\\/#primaryimage\"},\"image\":{\"@id\":\"https:\\\/\\\/www.romaoggi.eu\\\/index.php\\\/2021\\\/05\\\/24\\\/ci-vorrebbe-un-miracolo\\\/#primaryimage\"},\"thumbnailUrl\":\"https:\\\/\\\/www.romaoggi.eu\\\/wp-content\\\/uploads\\\/2021\\\/05\\\/PHOTO0183-\u00a9LJDIA-MUSSO-TRASTEVERE-CI-VORREBBE-UN-MIRACOLO-copia-1.jpg\",\"datePublished\":\"2021-05-24T06:18:17+00:00\",\"description\":\"\u201cLa foto del giorno\u201d di\u00a0 luned\u00ec 24 maggio 2021 dal titolo \\\"Ci vorrebbe un miracolo\\\", ci \u00e8 stata inviata da Ljdia Musso, che l'ha realizzata a Piazza San\",\"breadcrumb\":{\"@id\":\"https:\\\/\\\/www.romaoggi.eu\\\/index.php\\\/2021\\\/05\\\/24\\\/ci-vorrebbe-un-miracolo\\\/#breadcrumb\"},\"inLanguage\":\"it-IT\",\"potentialAction\":[{\"@type\":\"ReadAction\",\"target\":[\"https:\\\/\\\/www.romaoggi.eu\\\/index.php\\\/2021\\\/05\\\/24\\\/ci-vorrebbe-un-miracolo\\\/\"]}]},{\"@type\":\"ImageObject\",\"inLanguage\":\"it-IT\",\"@id\":\"https:\\\/\\\/www.romaoggi.eu\\\/index.php\\\/2021\\\/05\\\/24\\\/ci-vorrebbe-un-miracolo\\\/#primaryimage\",\"url\":\"https:\\\/\\\/www.romaoggi.eu\\\/wp-content\\\/uploads\\\/2021\\\/05\\\/PHOTO0183-\u00a9LJDIA-MUSSO-TRASTEVERE-CI-VORREBBE-UN-MIRACOLO-copia-1.jpg\",\"contentUrl\":\"https:\\\/\\\/www.romaoggi.eu\\\/wp-content\\\/uploads\\\/2021\\\/05\\\/PHOTO0183-\u00a9LJDIA-MUSSO-TRASTEVERE-CI-VORREBBE-UN-MIRACOLO-copia-1.jpg\",\"width\":1530,\"height\":1134,\"caption\":\"Piazza San Callisto \u00a9 Ljdia Musso\"},{\"@type\":\"BreadcrumbList\",\"@id\":\"https:\\\/\\\/www.romaoggi.eu\\\/index.php\\\/2021\\\/05\\\/24\\\/ci-vorrebbe-un-miracolo\\\/#breadcrumb\",\"itemListElement\":[{\"@type\":\"ListItem\",\"position\":1,\"name\":\"Home\",\"item\":\"https:\\\/\\\/www.romaoggi.eu\\\/\"},{\"@type\":\"ListItem\",\"position\":2,\"name\":\"Ci vorrebbe un miracolo&#8230;\"}]},{\"@type\":\"WebSite\",\"@id\":\"https:\\\/\\\/www.romaoggi.eu\\\/#website\",\"url\":\"https:\\\/\\\/www.romaoggi.eu\\\/\",\"name\":\"roma oggi\",\"description\":\"Interesting News for Interesting people\",\"publisher\":{\"@id\":\"https:\\\/\\\/www.romaoggi.eu\\\/#organization\"},\"potentialAction\":[{\"@type\":\"SearchAction\",\"target\":{\"@type\":\"EntryPoint\",\"urlTemplate\":\"https:\\\/\\\/www.romaoggi.eu\\\/?s={search_term_string}\"},\"query-input\":{\"@type\":\"PropertyValueSpecification\",\"valueRequired\":true,\"valueName\":\"search_term_string\"}}],\"inLanguage\":\"it-IT\"},{\"@type\":\"Organization\",\"@id\":\"https:\\\/\\\/www.romaoggi.eu\\\/#organization\",\"name\":\"RomaOggi\",\"url\":\"https:\\\/\\\/www.romaoggi.eu\\\/\",\"logo\":{\"@type\":\"ImageObject\",\"inLanguage\":\"it-IT\",\"@id\":\"https:\\\/\\\/www.romaoggi.eu\\\/#\\\/schema\\\/logo\\\/image\\\/\",\"url\":\"https:\\\/\\\/www.romaoggi.eu\\\/wp-content\\\/uploads\\\/2017\\\/04\\\/logowp.jpg\",\"contentUrl\":\"https:\\\/\\\/www.romaoggi.eu\\\/wp-content\\\/uploads\\\/2017\\\/04\\\/logowp.jpg\",\"width\":300,\"height\":133,\"caption\":\"RomaOggi\"},\"image\":{\"@id\":\"https:\\\/\\\/www.romaoggi.eu\\\/#\\\/schema\\\/logo\\\/image\\\/\"},\"sameAs\":[\"https:\\\/\\\/www.facebook.com\\\/RomaOggi-841544845954114\",\"https:\\\/\\\/x.com\\\/romaoggi_eu\"]},{\"@type\":\"Person\",\"@id\":\"https:\\\/\\\/www.romaoggi.eu\\\/#\\\/schema\\\/person\\\/30ada62b3bd510c45a781b7e3bf65e69\",\"name\":\"Alessandro Lisci\",\"image\":{\"@type\":\"ImageObject\",\"inLanguage\":\"it-IT\",\"@id\":\"https:\\\/\\\/secure.gravatar.com\\\/avatar\\\/9b9712162b2ac404aa0d7d978185f203808e7bd02856a449b19868b2eb80cf12?s=96&d=mm&r=g\",\"url\":\"https:\\\/\\\/secure.gravatar.com\\\/avatar\\\/9b9712162b2ac404aa0d7d978185f203808e7bd02856a449b19868b2eb80cf12?s=96&d=mm&r=g\",\"contentUrl\":\"https:\\\/\\\/secure.gravatar.com\\\/avatar\\\/9b9712162b2ac404aa0d7d978185f203808e7bd02856a449b19868b2eb80cf12?s=96&d=mm&r=g\",\"caption\":\"Alessandro Lisci\"},\"sameAs\":[\"http:\\\/\\\/www.alessandrolisci.com\",\"https:\\\/\\\/www.facebook.com\\\/alessandro.lisci.5\",\"https:\\\/\\\/x.com\\\/https:\\\/\\\/twitter.com\\\/alessandrolisci\",\"https:\\\/\\\/www.youtube.com\\\/user\\\/alessandrolisci\"],\"url\":\"https:\\\/\\\/www.romaoggi.eu\\\/index.php\\\/author\\\/alessandro\\\/\"}]}<\/script>\n<!-- \/ Yoast SEO plugin. -->","yoast_head_json":{"title":"Ci vorrebbe un miracolo...","description":"\u201cLa foto del giorno\u201d di\u00a0 luned\u00ec 24 maggio 2021 dal titolo \"Ci vorrebbe un miracolo\", ci \u00e8 stata inviata da Ljdia Musso, che l'ha realizzata a Piazza San","robots":{"index":"index","follow":"follow","max-snippet":"max-snippet:-1","max-image-preview":"max-image-preview:large","max-video-preview":"max-video-preview:-1"},"canonical":"https:\/\/www.romaoggi.eu\/index.php\/2021\/05\/24\/ci-vorrebbe-un-miracolo\/","og_locale":"it_IT","og_type":"article","og_title":"Ci vorrebbe un miracolo...","og_description":"\u201cLa foto del giorno\u201d di\u00a0 luned\u00ec 24 maggio 2021 dal titolo \"Ci vorrebbe un miracolo\", ci \u00e8 stata inviata da Ljdia Musso, che l'ha realizzata a Piazza San","og_url":"https:\/\/www.romaoggi.eu\/index.php\/2021\/05\/24\/ci-vorrebbe-un-miracolo\/","og_site_name":"roma oggi","article_publisher":"https:\/\/www.facebook.com\/RomaOggi-841544845954114","article_author":"https:\/\/www.facebook.com\/alessandro.lisci.5","article_published_time":"2021-05-24T06:18:17+00:00","og_image":[{"width":1530,"height":1134,"url":"https:\/\/www.romaoggi.eu\/wp-content\/uploads\/2021\/05\/PHOTO0183-\u00a9LJDIA-MUSSO-TRASTEVERE-CI-VORREBBE-UN-MIRACOLO-copia-1.jpg","type":"image\/jpeg"}],"author":"Alessandro Lisci","twitter_card":"summary_large_image","twitter_creator":"@https:\/\/twitter.com\/alessandrolisci","twitter_site":"@romaoggi_eu","twitter_misc":{"Scritto da":"Alessandro Lisci","Tempo di lettura stimato":"4 minuti"},"schema":{"@context":"https:\/\/schema.org","@graph":[{"@type":"Article","@id":"https:\/\/www.romaoggi.eu\/index.php\/2021\/05\/24\/ci-vorrebbe-un-miracolo\/#article","isPartOf":{"@id":"https:\/\/www.romaoggi.eu\/index.php\/2021\/05\/24\/ci-vorrebbe-un-miracolo\/"},"author":{"name":"Alessandro Lisci","@id":"https:\/\/www.romaoggi.eu\/#\/schema\/person\/30ada62b3bd510c45a781b7e3bf65e69"},"headline":"Ci vorrebbe un miracolo&#8230;","datePublished":"2021-05-24T06:18:17+00:00","mainEntityOfPage":{"@id":"https:\/\/www.romaoggi.eu\/index.php\/2021\/05\/24\/ci-vorrebbe-un-miracolo\/"},"wordCount":682,"publisher":{"@id":"https:\/\/www.romaoggi.eu\/#organization"},"image":{"@id":"https:\/\/www.romaoggi.eu\/index.php\/2021\/05\/24\/ci-vorrebbe-un-miracolo\/#primaryimage"},"thumbnailUrl":"https:\/\/www.romaoggi.eu\/wp-content\/uploads\/2021\/05\/PHOTO0183-\u00a9LJDIA-MUSSO-TRASTEVERE-CI-VORREBBE-UN-MIRACOLO-copia-1.jpg","keywords":["#photography","#stories","#streetphoto","#streetphotoroma","alessandro lisci","fotografia","Italy","La foto del giorno","life","ljdia musso","piazza san callisto","pina ianiro","roma capitale","RomaOggi.eu","rome","streetphotography","Trastevere"],"articleSection":["La foto del giorno"],"inLanguage":"it-IT"},{"@type":"WebPage","@id":"https:\/\/www.romaoggi.eu\/index.php\/2021\/05\/24\/ci-vorrebbe-un-miracolo\/","url":"https:\/\/www.romaoggi.eu\/index.php\/2021\/05\/24\/ci-vorrebbe-un-miracolo\/","name":"Ci vorrebbe un miracolo...","isPartOf":{"@id":"https:\/\/www.romaoggi.eu\/#website"},"primaryImageOfPage":{"@id":"https:\/\/www.romaoggi.eu\/index.php\/2021\/05\/24\/ci-vorrebbe-un-miracolo\/#primaryimage"},"image":{"@id":"https:\/\/www.romaoggi.eu\/index.php\/2021\/05\/24\/ci-vorrebbe-un-miracolo\/#primaryimage"},"thumbnailUrl":"https:\/\/www.romaoggi.eu\/wp-content\/uploads\/2021\/05\/PHOTO0183-\u00a9LJDIA-MUSSO-TRASTEVERE-CI-VORREBBE-UN-MIRACOLO-copia-1.jpg","datePublished":"2021-05-24T06:18:17+00:00","description":"\u201cLa foto del giorno\u201d di\u00a0 luned\u00ec 24 maggio 2021 dal titolo \"Ci vorrebbe un miracolo\", ci \u00e8 stata inviata da Ljdia Musso, che l'ha realizzata a Piazza San","breadcrumb":{"@id":"https:\/\/www.romaoggi.eu\/index.php\/2021\/05\/24\/ci-vorrebbe-un-miracolo\/#breadcrumb"},"inLanguage":"it-IT","potentialAction":[{"@type":"ReadAction","target":["https:\/\/www.romaoggi.eu\/index.php\/2021\/05\/24\/ci-vorrebbe-un-miracolo\/"]}]},{"@type":"ImageObject","inLanguage":"it-IT","@id":"https:\/\/www.romaoggi.eu\/index.php\/2021\/05\/24\/ci-vorrebbe-un-miracolo\/#primaryimage","url":"https:\/\/www.romaoggi.eu\/wp-content\/uploads\/2021\/05\/PHOTO0183-\u00a9LJDIA-MUSSO-TRASTEVERE-CI-VORREBBE-UN-MIRACOLO-copia-1.jpg","contentUrl":"https:\/\/www.romaoggi.eu\/wp-content\/uploads\/2021\/05\/PHOTO0183-\u00a9LJDIA-MUSSO-TRASTEVERE-CI-VORREBBE-UN-MIRACOLO-copia-1.jpg","width":1530,"height":1134,"caption":"Piazza San Callisto \u00a9 Ljdia Musso"},{"@type":"BreadcrumbList","@id":"https:\/\/www.romaoggi.eu\/index.php\/2021\/05\/24\/ci-vorrebbe-un-miracolo\/#breadcrumb","itemListElement":[{"@type":"ListItem","position":1,"name":"Home","item":"https:\/\/www.romaoggi.eu\/"},{"@type":"ListItem","position":2,"name":"Ci vorrebbe un miracolo&#8230;"}]},{"@type":"WebSite","@id":"https:\/\/www.romaoggi.eu\/#website","url":"https:\/\/www.romaoggi.eu\/","name":"roma oggi","description":"Interesting News for Interesting people","publisher":{"@id":"https:\/\/www.romaoggi.eu\/#organization"},"potentialAction":[{"@type":"SearchAction","target":{"@type":"EntryPoint","urlTemplate":"https:\/\/www.romaoggi.eu\/?s={search_term_string}"},"query-input":{"@type":"PropertyValueSpecification","valueRequired":true,"valueName":"search_term_string"}}],"inLanguage":"it-IT"},{"@type":"Organization","@id":"https:\/\/www.romaoggi.eu\/#organization","name":"RomaOggi","url":"https:\/\/www.romaoggi.eu\/","logo":{"@type":"ImageObject","inLanguage":"it-IT","@id":"https:\/\/www.romaoggi.eu\/#\/schema\/logo\/image\/","url":"https:\/\/www.romaoggi.eu\/wp-content\/uploads\/2017\/04\/logowp.jpg","contentUrl":"https:\/\/www.romaoggi.eu\/wp-content\/uploads\/2017\/04\/logowp.jpg","width":300,"height":133,"caption":"RomaOggi"},"image":{"@id":"https:\/\/www.romaoggi.eu\/#\/schema\/logo\/image\/"},"sameAs":["https:\/\/www.facebook.com\/RomaOggi-841544845954114","https:\/\/x.com\/romaoggi_eu"]},{"@type":"Person","@id":"https:\/\/www.romaoggi.eu\/#\/schema\/person\/30ada62b3bd510c45a781b7e3bf65e69","name":"Alessandro Lisci","image":{"@type":"ImageObject","inLanguage":"it-IT","@id":"https:\/\/secure.gravatar.com\/avatar\/9b9712162b2ac404aa0d7d978185f203808e7bd02856a449b19868b2eb80cf12?s=96&d=mm&r=g","url":"https:\/\/secure.gravatar.com\/avatar\/9b9712162b2ac404aa0d7d978185f203808e7bd02856a449b19868b2eb80cf12?s=96&d=mm&r=g","contentUrl":"https:\/\/secure.gravatar.com\/avatar\/9b9712162b2ac404aa0d7d978185f203808e7bd02856a449b19868b2eb80cf12?s=96&d=mm&r=g","caption":"Alessandro Lisci"},"sameAs":["http:\/\/www.alessandrolisci.com","https:\/\/www.facebook.com\/alessandro.lisci.5","https:\/\/x.com\/https:\/\/twitter.com\/alessandrolisci","https:\/\/www.youtube.com\/user\/alessandrolisci"],"url":"https:\/\/www.romaoggi.eu\/index.php\/author\/alessandro\/"}]}},"_links":{"self":[{"href":"https:\/\/www.romaoggi.eu\/index.php\/wp-json\/wp\/v2\/posts\/28086","targetHints":{"allow":["GET"]}}],"collection":[{"href":"https:\/\/www.romaoggi.eu\/index.php\/wp-json\/wp\/v2\/posts"}],"about":[{"href":"https:\/\/www.romaoggi.eu\/index.php\/wp-json\/wp\/v2\/types\/post"}],"author":[{"embeddable":true,"href":"https:\/\/www.romaoggi.eu\/index.php\/wp-json\/wp\/v2\/users\/10"}],"replies":[{"embeddable":true,"href":"https:\/\/www.romaoggi.eu\/index.php\/wp-json\/wp\/v2\/comments?post=28086"}],"version-history":[{"count":4,"href":"https:\/\/www.romaoggi.eu\/index.php\/wp-json\/wp\/v2\/posts\/28086\/revisions"}],"predecessor-version":[{"id":28093,"href":"https:\/\/www.romaoggi.eu\/index.php\/wp-json\/wp\/v2\/posts\/28086\/revisions\/28093"}],"wp:featuredmedia":[{"embeddable":true,"href":"https:\/\/www.romaoggi.eu\/index.php\/wp-json\/wp\/v2\/media\/28092"}],"wp:attachment":[{"href":"https:\/\/www.romaoggi.eu\/index.php\/wp-json\/wp\/v2\/media?parent=28086"}],"wp:term":[{"taxonomy":"category","embeddable":true,"href":"https:\/\/www.romaoggi.eu\/index.php\/wp-json\/wp\/v2\/categories?post=28086"},{"taxonomy":"post_tag","embeddable":true,"href":"https:\/\/www.romaoggi.eu\/index.php\/wp-json\/wp\/v2\/tags?post=28086"}],"curies":[{"name":"wp","href":"https:\/\/api.w.org\/{rel}","templated":true}]}}