{"id":28453,"date":"2021-06-15T08:07:33","date_gmt":"2021-06-15T06:07:33","guid":{"rendered":"http:\/\/www.romaoggi.eu\/?p=28453"},"modified":"2021-06-15T08:07:33","modified_gmt":"2021-06-15T06:07:33","slug":"summer-fashion-and-art-2021-il-gran-gala-della-stilista-eleonora-altamore","status":"publish","type":"post","link":"https:\/\/www.romaoggi.eu\/index.php\/2021\/06\/15\/summer-fashion-and-art-2021-il-gran-gala-della-stilista-eleonora-altamore\/","title":{"rendered":"\u201cSummer Fashion and Art 2021\u201d il Gran Gal\u00e0 della stilista Eleonora Altamore tra Moda, Arte e Solidariet\u00e0"},"content":{"rendered":"<p>\u201c<strong>Summer Fashion and Art 2021<\/strong>\u201d il Gran Gal\u00e0 di Moda, Arte e Solidariet\u00e0 della stilista <strong>Eleonora Altamore<\/strong><\/p>\n<p style=\"text-align: justify;\">Il 19 giugno 2021 alle ore 18.00 avr\u00e0 luogo a Roma presso la residenza della stilista <strong>Eleonora Altamore<\/strong> la VI Edizione dell\u2019attesissimo Gran Gal\u00e0 di Moda, Arte e Solidariet\u00e0 <strong>\u201cSummer Fashion and Art 2021\u201d<\/strong> della stilista Eleonora Altamore. Il progetto dal titolo <strong>\u201cFuturismo Astrale<\/strong>\u201d \u00e8 stato ideato e curato nella direzione artistica dalla stessa stilista che ha studiato con minuzia tutti i dettagli e con il suo raffinato e originale stile ha realizzato una perfetta alchimia tra creativit\u00e0, cultura e arte. Il quadro moda \u00e8 rappresentato dalla sfilata Haute Couture del Brand Eleonora Altamore Fashion Luxury dal titolo <strong>\u201cCassiopea Collection\u201d<\/strong>. La collezione \u00e8 ispirata al futurismo e in particolar modo ai dipinti e artisti della sua terra di origine: la Sicilia.<\/p>\n<figure id=\"attachment_28456\" aria-describedby=\"caption-attachment-28456\" style=\"width: 720px\" class=\"wp-caption aligncenter\"><img loading=\"lazy\" decoding=\"async\" class=\"wp-image-28456 size-full\" src=\"https:\/\/www.romaoggi.eu\/wp-content\/uploads\/2021\/06\/ELEONORA-ALTAMORE-FASHION-DESIGNER.jpg\" alt=\"alt tag summer fashion\" width=\"720\" height=\"900\" srcset=\"https:\/\/www.romaoggi.eu\/wp-content\/uploads\/2021\/06\/ELEONORA-ALTAMORE-FASHION-DESIGNER.jpg 720w, https:\/\/www.romaoggi.eu\/wp-content\/uploads\/2021\/06\/ELEONORA-ALTAMORE-FASHION-DESIGNER-240x300.jpg 240w\" sizes=\"auto, (max-width: 720px) 100vw, 720px\" \/><figcaption id=\"caption-attachment-28456\" class=\"wp-caption-text\">ELEONORA ALTAMORE FASHION DESIGNER<\/figcaption><\/figure>\n<p style=\"text-align: justify;\">Dichiara la stilista: \u201d<em>In un lontano viaggio acquistai un libro che trattava di futurismo in Sicilia ed illustrava la prima mostra di artisti futuristi siciliani dei primi anni \u201820, tra Palermo e Taormina. Artisti meno conosciuti come Corona, Rizzo, Varvaro, D\u2019Anna, realizzarono delle opere straordinarie utilizzando le nuove tecniche dell\u2019aeropittura, con forme geometriche essenziali, dinamiche, plastiche, che portarono una ventata di novit\u00e0 in Sicilia, in risposta ai futuristi pi\u00f9 noti del periodo come Balla, Marinetti, Guttuso, Boccioni. Sfogliando quel volume riccamente illustrato, avvenne in me l\u2019ispirazione creativa e cominciai a sviluppare \u201cCassiopea\u201d la collezione moda che prende il nome di una stella, perch\u00e9 le stelle ci regalano una visione romantica e misteriosa, luminose, lontane, accompagnano il nostro percorso di vita, irraggiungibili, ci regalano sogni ed immaginazioni terrestri ed extraterrestri. Cassiopea Collection distingue ogni abito ed accessorio con il nome di una stella. Dal pensiero avanguardista del \u201cManifesto\u201d del Marinetti, nella mia personale interpretazione, le distanze temporali si annullano, si frantumano, si amalgamano, si solidificano per costruire un nuovo progetto che volge lo sguardo al futuro dando vita ad abiti dalle linee rigorosamente geometriche, dai colori e forme scolpite come fossero incisi in una tavola pitagorica dalla matrice simmetrica. Dalla visione della \u201cMetamorfosi cosmica\u201d del dipinto di Giulio D\u2019Anna \u00e8 nato l\u2019abito simbolo di questa collezione stellare, ricoperto da una scintillante cascata di stelle, prende il nome di \u201cVia Lattea\u201d. Cassiopea collezione conceptual futurista \u00e8 portatrice di un messaggio che si proietta oltre la dimensione terrena, legame imprescindibile tra passato e presente, che illumina l\u2019odierno e spazia nel futuro\u201d.<\/em><\/p>\n<figure id=\"attachment_28457\" aria-describedby=\"caption-attachment-28457\" style=\"width: 533px\" class=\"wp-caption aligncenter\"><img loading=\"lazy\" decoding=\"async\" class=\"wp-image-28457 size-full\" src=\"https:\/\/www.romaoggi.eu\/wp-content\/uploads\/2021\/06\/COLLEZIONE-CASSIOPEA.jpg\" alt=\"alt tag summer fashion\" width=\"533\" height=\"800\" srcset=\"https:\/\/www.romaoggi.eu\/wp-content\/uploads\/2021\/06\/COLLEZIONE-CASSIOPEA.jpg 533w, https:\/\/www.romaoggi.eu\/wp-content\/uploads\/2021\/06\/COLLEZIONE-CASSIOPEA-200x300.jpg 200w\" sizes=\"auto, (max-width: 533px) 100vw, 533px\" \/><figcaption id=\"caption-attachment-28457\" class=\"wp-caption-text\">Collezione Cassiopea<\/figcaption><\/figure>\n<p style=\"text-align: justify;\">Per quanto riguarda l\u2019arte sar\u00e0 una collettiva tutta al femminile. Quest\u2019anno saranno sei le artiste presenti con le loro opere:<strong> Patrizia Dalla Valle, Lorenza Altamore, Maris Schiavo, Francesca Altamore, Aida Abdullaeva e Ester Campese.<\/strong> Per la solidariet\u00e0, questa edizione sar\u00e0 a favore della <a href=\"http:\/\/www.ant.it\"><strong>Fondazione ANT Italia Onlus<\/strong><\/a>, assistenza nazionale tumori, la pi\u00f9 ampia realt\u00e0 no profit in Italia per l\u2019assistenza socio-sanitaria domiciliare gratuita ai pazienti oncologici .<\/p>\n<p style=\"text-align: justify;\">La serata sar\u00e0 presentata dall\u2019attrice di cinema e teatro <strong>Patrizia Pellegrino<\/strong>, testimonial del brand Altamore sar\u00e0 l\u2019attrice <strong>Milena Miconi.<\/strong> Il critico d\u2019arte Prof. Enzo Dall\u2019Ara presenter\u00e0 gli artisti, si proseguir\u00e0 con la sfilata \u201cCassiopea Collection\u201d di Eleonora Altamore, la cena buffet accompagnata dai pregiati vini dell<a href=\"http:\/\/www.sancarraro.eu\">\u2019Azienda Vitivinicola \u201cSancarraro\u201d<\/a> della famiglia Anselmi che coltiva vigneti da generazioni e produce uve di alta qualit\u00e0 nei vitigni in Sicilia, nei territori di Marsala, Petrosino e Mazara del Vallo, tra i pi\u00f9 grandi al mondo per quantit\u00e0 d\u2019uva conferita e ricchezza di viti presenti.<\/p>\n<figure id=\"attachment_28458\" aria-describedby=\"caption-attachment-28458\" style=\"width: 600px\" class=\"wp-caption aligncenter\"><img loading=\"lazy\" decoding=\"async\" class=\"wp-image-28458 size-full\" src=\"https:\/\/www.romaoggi.eu\/wp-content\/uploads\/2021\/06\/COLLEZIONE-CASSIOPEA-2-.jpg\" alt=\"alt tag summer fashion\" width=\"600\" height=\"750\" srcset=\"https:\/\/www.romaoggi.eu\/wp-content\/uploads\/2021\/06\/COLLEZIONE-CASSIOPEA-2-.jpg 600w, https:\/\/www.romaoggi.eu\/wp-content\/uploads\/2021\/06\/COLLEZIONE-CASSIOPEA-2--240x300.jpg 240w\" sizes=\"auto, (max-width: 600px) 100vw, 600px\" \/><figcaption id=\"caption-attachment-28458\" class=\"wp-caption-text\">Collezione Cassiopea<\/figcaption><\/figure>\n<p style=\"text-align: justify;\">L\u2019evento proseguir\u00e0 con la lotteria solidale che metter\u00e0 in palio alcune preziose creazioni del brand Altamore Fashion Luxury, una delle opere delle sei artiste, un\u2019opera d\u2019arte contemporanea donata dalla \u201cFondazione Menotti Art Festival Spoleto\u201d, presieduta dal Prof. <strong>Luca Filipponi,<\/strong> dell\u2019artista <strong>Silvio Crai<\/strong>a, due long weekend nelle suite dell\u2019Hotel \u201cMahara\u201d a Mazara del Vallo, offerte dal proprietario Antonino Sammartano, da utilizzare nel corso del 2021, pi\u00f9 un walking tour guidato dal Dott. <strong>Antonello Longo<\/strong>, per una emozionante vacanza in Sicilia, tra mare, natura incontaminata, cultura e storia. In finale con la magica coreografia di spettacolari giochi pirotecnici dell<a href=\"http:\/\/www.pirofantasy.it\">\u2019Azienda Pirofantasy<\/a>\u00a0 che vanta pi\u00f9 di 20 anni di esperienza e realizza tutte le esibizioni pi\u00f9 moderne, uniche ed esclusive di fuochi artificiali, si potr\u00e0 ammirare e gustare la fantastica e gigantesca torta artistica \u201cLettrice futurista\u201d, ispirata dall\u2019opera del futurista <strong>Giulio D\u2019Anna<\/strong>.<\/p>\n<p style=\"text-align: justify;\">Durante la manifestazione si esibiranno le pianiste <strong>Barbara Cattabiani<\/strong> e <strong>Stella Camelia Enescu,<\/strong> la soprano <strong>Sara Pastore<\/strong>, la jazz vocalist <strong>Cinzia Tedesco<\/strong> e<strong> Tiziana Berardi<\/strong> che reciter\u00e0 un canto della Divina Commedia, per celebrare i 700 anni dalla scomparsa del Sommo Poeta Dante Alighieri. Il \u201cSummer Fashion and Art\u201d proseguir\u00e0 con musica dal vivo e DJ set.<\/p>\n<p>L\u2019happening \u00e8 realizzato anche grazie al sostegno della Contessa <strong>Erika Emma Fodr\u00e9<\/strong>, Ambasciatrice dell\u2019Ordine Mediceo per lo scambio tra le culture Italia e Ungheria.<\/p>\n<figure id=\"attachment_28459\" aria-describedby=\"caption-attachment-28459\" style=\"width: 960px\" class=\"wp-caption aligncenter\"><img loading=\"lazy\" decoding=\"async\" class=\"wp-image-28459 size-full\" src=\"https:\/\/www.romaoggi.eu\/wp-content\/uploads\/2021\/06\/PISCINA-NELLA-RESIDENZA-DELLA-STILISTA-ELEONORA-ALTAMORE-.jpg\" alt=\"\" width=\"960\" height=\"637\" srcset=\"https:\/\/www.romaoggi.eu\/wp-content\/uploads\/2021\/06\/PISCINA-NELLA-RESIDENZA-DELLA-STILISTA-ELEONORA-ALTAMORE-.jpg 960w, https:\/\/www.romaoggi.eu\/wp-content\/uploads\/2021\/06\/PISCINA-NELLA-RESIDENZA-DELLA-STILISTA-ELEONORA-ALTAMORE--300x199.jpg 300w\" sizes=\"auto, (max-width: 960px) 100vw, 960px\" \/><figcaption id=\"caption-attachment-28459\" class=\"wp-caption-text\">PISCINA NELLA RESIDENZA DELLA STILISTA ELEONORA ALTAMORE<\/figcaption><\/figure>\n","protected":false},"excerpt":{"rendered":"<div class=\"mh-excerpt\"><p>\u201cSummer Fashion and Art 2021\u201d il Gran Gal\u00e0 di Moda, Arte e Solidariet\u00e0 della stilista Eleonora Altamore Il 19 giugno 2021 alle ore 18.00 avr\u00e0 luogo a Roma presso la residenza della stilista Eleonora Altamore <a class=\"mh-excerpt-more\" href=\"https:\/\/www.romaoggi.eu\/index.php\/2021\/06\/15\/summer-fashion-and-art-2021-il-gran-gala-della-stilista-eleonora-altamore\/\" title=\"\u201cSummer Fashion and Art 2021\u201d il Gran Gal\u00e0 della stilista Eleonora Altamore tra Moda, Arte e Solidariet\u00e0\">[&#8230;]<\/a><\/p>\n<\/div>","protected":false},"author":1,"featured_media":28455,"comment_status":"closed","ping_status":"open","sticky":false,"template":"","format":"standard","meta":{"_sitemap_exclude":false,"_sitemap_priority":"","_sitemap_frequency":"","footnotes":""},"categories":[3],"tags":[1610,14764,12952,4441,1323,672,15257,6284,201,2660,1325,6310,3081,15256,15258],"class_list":["post-28453","post","type-post","status-publish","format-standard","has-post-thumbnail","hentry","category-eventi","tag-arte","tag-cassiopea","tag-cinzia-tedesco","tag-collection","tag-eleonora-altamore","tag-fashion","tag-luxury","tag-milena-miconi","tag-moda","tag-patrizia-pellegrino","tag-sfilata","tag-sicilia","tag-solidarieta","tag-summer-fashion","tag-tiziana-berardi"],"yoast_head":"<!-- This site is optimized with the Yoast SEO plugin v27.5 - https:\/\/yoast.com\/product\/yoast-seo-wordpress\/ -->\n<title>\u201cSummer Fashion and Art 2021\u201d il Gran Gal\u00e0 della stilista Eleonora Altamore tra Moda, Arte e Solidariet\u00e0<\/title>\n<meta name=\"description\" content=\"\u201cSummer Fashion and Art 2021\u201d il Gran Gal\u00e0 di Moda, Arte e Solidariet\u00e0 della stilista Eleonora Altamore Il 19 giugno 2021 alle ore 18.00 avr\u00e0 luogo a Roma\" \/>\n<meta name=\"robots\" content=\"index, follow, max-snippet:-1, max-image-preview:large, max-video-preview:-1\" \/>\n<link rel=\"canonical\" href=\"https:\/\/www.romaoggi.eu\/index.php\/2021\/06\/15\/summer-fashion-and-art-2021-il-gran-gala-della-stilista-eleonora-altamore\/\" \/>\n<meta property=\"og:locale\" content=\"it_IT\" \/>\n<meta property=\"og:type\" content=\"article\" \/>\n<meta property=\"og:title\" content=\"\u201cSummer Fashion and Art 2021\u201d il Gran Gal\u00e0 della stilista Eleonora Altamore tra Moda, Arte e Solidariet\u00e0\" \/>\n<meta property=\"og:description\" content=\"\u201cSummer Fashion and Art 2021\u201d il Gran Gal\u00e0 di Moda, Arte e Solidariet\u00e0 della stilista Eleonora Altamore Il 19 giugno 2021 alle ore 18.00 avr\u00e0 luogo a Roma\" \/>\n<meta property=\"og:url\" content=\"https:\/\/www.romaoggi.eu\/index.php\/2021\/06\/15\/summer-fashion-and-art-2021-il-gran-gala-della-stilista-eleonora-altamore\/\" \/>\n<meta property=\"og:site_name\" content=\"roma oggi\" \/>\n<meta property=\"article:publisher\" content=\"https:\/\/www.facebook.com\/RomaOggi-841544845954114\" \/>\n<meta property=\"article:published_time\" content=\"2021-06-15T06:07:33+00:00\" \/>\n<meta property=\"og:image\" content=\"https:\/\/www.romaoggi.eu\/wp-content\/uploads\/2021\/06\/EVENTO-SUMMER-FASHION-AND-ART-.jpg\" \/>\n\t<meta property=\"og:image:width\" content=\"1024\" \/>\n\t<meta property=\"og:image:height\" content=\"682\" \/>\n\t<meta property=\"og:image:type\" content=\"image\/jpeg\" \/>\n<meta name=\"author\" content=\"admin\" \/>\n<meta name=\"twitter:card\" content=\"summary_large_image\" \/>\n<meta name=\"twitter:creator\" content=\"@romaoggi_eu\" \/>\n<meta name=\"twitter:site\" content=\"@romaoggi_eu\" \/>\n<meta name=\"twitter:label1\" content=\"Scritto da\" \/>\n\t<meta name=\"twitter:data1\" content=\"admin\" \/>\n\t<meta name=\"twitter:label2\" content=\"Tempo di lettura stimato\" \/>\n\t<meta name=\"twitter:data2\" content=\"5 minuti\" \/>\n<script type=\"application\/ld+json\" class=\"yoast-schema-graph\">{\"@context\":\"https:\\\/\\\/schema.org\",\"@graph\":[{\"@type\":\"Article\",\"@id\":\"https:\\\/\\\/www.romaoggi.eu\\\/index.php\\\/2021\\\/06\\\/15\\\/summer-fashion-and-art-2021-il-gran-gala-della-stilista-eleonora-altamore\\\/#article\",\"isPartOf\":{\"@id\":\"https:\\\/\\\/www.romaoggi.eu\\\/index.php\\\/2021\\\/06\\\/15\\\/summer-fashion-and-art-2021-il-gran-gala-della-stilista-eleonora-altamore\\\/\"},\"author\":{\"name\":\"admin\",\"@id\":\"https:\\\/\\\/www.romaoggi.eu\\\/#\\\/schema\\\/person\\\/9b23ceb6a2992a25e98c76a5f1fbb887\"},\"headline\":\"\u201cSummer Fashion and Art 2021\u201d il Gran Gal\u00e0 della stilista Eleonora Altamore tra Moda, Arte e Solidariet\u00e0\",\"datePublished\":\"2021-06-15T06:07:33+00:00\",\"mainEntityOfPage\":{\"@id\":\"https:\\\/\\\/www.romaoggi.eu\\\/index.php\\\/2021\\\/06\\\/15\\\/summer-fashion-and-art-2021-il-gran-gala-della-stilista-eleonora-altamore\\\/\"},\"wordCount\":841,\"publisher\":{\"@id\":\"https:\\\/\\\/www.romaoggi.eu\\\/#organization\"},\"image\":{\"@id\":\"https:\\\/\\\/www.romaoggi.eu\\\/index.php\\\/2021\\\/06\\\/15\\\/summer-fashion-and-art-2021-il-gran-gala-della-stilista-eleonora-altamore\\\/#primaryimage\"},\"thumbnailUrl\":\"https:\\\/\\\/www.romaoggi.eu\\\/wp-content\\\/uploads\\\/2021\\\/06\\\/EVENTO-SUMMER-FASHION-AND-ART-.jpg\",\"keywords\":[\"arte\",\"cassiopea\",\"Cinzia Tedesco\",\"Collection\",\"Eleonora Altamore\",\"fashion\",\"luxury\",\"milena miconi\",\"moda\",\"Patrizia Pellegrino\",\"sfilata\",\"Sicilia\",\"solidariet\u00e0\",\"Summer Fashion\",\"tiziana berardi\"],\"articleSection\":[\"Eventi\"],\"inLanguage\":\"it-IT\"},{\"@type\":\"WebPage\",\"@id\":\"https:\\\/\\\/www.romaoggi.eu\\\/index.php\\\/2021\\\/06\\\/15\\\/summer-fashion-and-art-2021-il-gran-gala-della-stilista-eleonora-altamore\\\/\",\"url\":\"https:\\\/\\\/www.romaoggi.eu\\\/index.php\\\/2021\\\/06\\\/15\\\/summer-fashion-and-art-2021-il-gran-gala-della-stilista-eleonora-altamore\\\/\",\"name\":\"\u201cSummer Fashion and Art 2021\u201d il Gran Gal\u00e0 della stilista Eleonora Altamore tra Moda, Arte e Solidariet\u00e0\",\"isPartOf\":{\"@id\":\"https:\\\/\\\/www.romaoggi.eu\\\/#website\"},\"primaryImageOfPage\":{\"@id\":\"https:\\\/\\\/www.romaoggi.eu\\\/index.php\\\/2021\\\/06\\\/15\\\/summer-fashion-and-art-2021-il-gran-gala-della-stilista-eleonora-altamore\\\/#primaryimage\"},\"image\":{\"@id\":\"https:\\\/\\\/www.romaoggi.eu\\\/index.php\\\/2021\\\/06\\\/15\\\/summer-fashion-and-art-2021-il-gran-gala-della-stilista-eleonora-altamore\\\/#primaryimage\"},\"thumbnailUrl\":\"https:\\\/\\\/www.romaoggi.eu\\\/wp-content\\\/uploads\\\/2021\\\/06\\\/EVENTO-SUMMER-FASHION-AND-ART-.jpg\",\"datePublished\":\"2021-06-15T06:07:33+00:00\",\"description\":\"\u201cSummer Fashion and Art 2021\u201d il Gran Gal\u00e0 di Moda, Arte e Solidariet\u00e0 della stilista Eleonora Altamore Il 19 giugno 2021 alle ore 18.00 avr\u00e0 luogo a Roma\",\"breadcrumb\":{\"@id\":\"https:\\\/\\\/www.romaoggi.eu\\\/index.php\\\/2021\\\/06\\\/15\\\/summer-fashion-and-art-2021-il-gran-gala-della-stilista-eleonora-altamore\\\/#breadcrumb\"},\"inLanguage\":\"it-IT\",\"potentialAction\":[{\"@type\":\"ReadAction\",\"target\":[\"https:\\\/\\\/www.romaoggi.eu\\\/index.php\\\/2021\\\/06\\\/15\\\/summer-fashion-and-art-2021-il-gran-gala-della-stilista-eleonora-altamore\\\/\"]}]},{\"@type\":\"ImageObject\",\"inLanguage\":\"it-IT\",\"@id\":\"https:\\\/\\\/www.romaoggi.eu\\\/index.php\\\/2021\\\/06\\\/15\\\/summer-fashion-and-art-2021-il-gran-gala-della-stilista-eleonora-altamore\\\/#primaryimage\",\"url\":\"https:\\\/\\\/www.romaoggi.eu\\\/wp-content\\\/uploads\\\/2021\\\/06\\\/EVENTO-SUMMER-FASHION-AND-ART-.jpg\",\"contentUrl\":\"https:\\\/\\\/www.romaoggi.eu\\\/wp-content\\\/uploads\\\/2021\\\/06\\\/EVENTO-SUMMER-FASHION-AND-ART-.jpg\",\"width\":1024,\"height\":682,\"caption\":\"alt tag summer fashion\"},{\"@type\":\"BreadcrumbList\",\"@id\":\"https:\\\/\\\/www.romaoggi.eu\\\/index.php\\\/2021\\\/06\\\/15\\\/summer-fashion-and-art-2021-il-gran-gala-della-stilista-eleonora-altamore\\\/#breadcrumb\",\"itemListElement\":[{\"@type\":\"ListItem\",\"position\":1,\"name\":\"Home\",\"item\":\"https:\\\/\\\/www.romaoggi.eu\\\/\"},{\"@type\":\"ListItem\",\"position\":2,\"name\":\"\u201cSummer Fashion and Art 2021\u201d il Gran Gal\u00e0 della stilista Eleonora Altamore tra Moda, Arte e Solidariet\u00e0\"}]},{\"@type\":\"WebSite\",\"@id\":\"https:\\\/\\\/www.romaoggi.eu\\\/#website\",\"url\":\"https:\\\/\\\/www.romaoggi.eu\\\/\",\"name\":\"roma oggi\",\"description\":\"Interesting News for Interesting people\",\"publisher\":{\"@id\":\"https:\\\/\\\/www.romaoggi.eu\\\/#organization\"},\"potentialAction\":[{\"@type\":\"SearchAction\",\"target\":{\"@type\":\"EntryPoint\",\"urlTemplate\":\"https:\\\/\\\/www.romaoggi.eu\\\/?s={search_term_string}\"},\"query-input\":{\"@type\":\"PropertyValueSpecification\",\"valueRequired\":true,\"valueName\":\"search_term_string\"}}],\"inLanguage\":\"it-IT\"},{\"@type\":\"Organization\",\"@id\":\"https:\\\/\\\/www.romaoggi.eu\\\/#organization\",\"name\":\"RomaOggi\",\"url\":\"https:\\\/\\\/www.romaoggi.eu\\\/\",\"logo\":{\"@type\":\"ImageObject\",\"inLanguage\":\"it-IT\",\"@id\":\"https:\\\/\\\/www.romaoggi.eu\\\/#\\\/schema\\\/logo\\\/image\\\/\",\"url\":\"https:\\\/\\\/www.romaoggi.eu\\\/wp-content\\\/uploads\\\/2017\\\/04\\\/logowp.jpg\",\"contentUrl\":\"https:\\\/\\\/www.romaoggi.eu\\\/wp-content\\\/uploads\\\/2017\\\/04\\\/logowp.jpg\",\"width\":300,\"height\":133,\"caption\":\"RomaOggi\"},\"image\":{\"@id\":\"https:\\\/\\\/www.romaoggi.eu\\\/#\\\/schema\\\/logo\\\/image\\\/\"},\"sameAs\":[\"https:\\\/\\\/www.facebook.com\\\/RomaOggi-841544845954114\",\"https:\\\/\\\/x.com\\\/romaoggi_eu\"]},{\"@type\":\"Person\",\"@id\":\"https:\\\/\\\/www.romaoggi.eu\\\/#\\\/schema\\\/person\\\/9b23ceb6a2992a25e98c76a5f1fbb887\",\"name\":\"admin\",\"image\":{\"@type\":\"ImageObject\",\"inLanguage\":\"it-IT\",\"@id\":\"https:\\\/\\\/secure.gravatar.com\\\/avatar\\\/51b1e0a1f4159e3b5d89435fce5e1a348d6c59e2ff8c2d428dae75560aace504?s=96&d=mm&r=g\",\"url\":\"https:\\\/\\\/secure.gravatar.com\\\/avatar\\\/51b1e0a1f4159e3b5d89435fce5e1a348d6c59e2ff8c2d428dae75560aace504?s=96&d=mm&r=g\",\"contentUrl\":\"https:\\\/\\\/secure.gravatar.com\\\/avatar\\\/51b1e0a1f4159e3b5d89435fce5e1a348d6c59e2ff8c2d428dae75560aace504?s=96&d=mm&r=g\",\"caption\":\"admin\"},\"url\":\"https:\\\/\\\/www.romaoggi.eu\\\/index.php\\\/author\\\/admin\\\/\"}]}<\/script>\n<!-- \/ Yoast SEO plugin. -->","yoast_head_json":{"title":"\u201cSummer Fashion and Art 2021\u201d il Gran Gal\u00e0 della stilista Eleonora Altamore tra Moda, Arte e Solidariet\u00e0","description":"\u201cSummer Fashion and Art 2021\u201d il Gran Gal\u00e0 di Moda, Arte e Solidariet\u00e0 della stilista Eleonora Altamore Il 19 giugno 2021 alle ore 18.00 avr\u00e0 luogo a Roma","robots":{"index":"index","follow":"follow","max-snippet":"max-snippet:-1","max-image-preview":"max-image-preview:large","max-video-preview":"max-video-preview:-1"},"canonical":"https:\/\/www.romaoggi.eu\/index.php\/2021\/06\/15\/summer-fashion-and-art-2021-il-gran-gala-della-stilista-eleonora-altamore\/","og_locale":"it_IT","og_type":"article","og_title":"\u201cSummer Fashion and Art 2021\u201d il Gran Gal\u00e0 della stilista Eleonora Altamore tra Moda, Arte e Solidariet\u00e0","og_description":"\u201cSummer Fashion and Art 2021\u201d il Gran Gal\u00e0 di Moda, Arte e Solidariet\u00e0 della stilista Eleonora Altamore Il 19 giugno 2021 alle ore 18.00 avr\u00e0 luogo a Roma","og_url":"https:\/\/www.romaoggi.eu\/index.php\/2021\/06\/15\/summer-fashion-and-art-2021-il-gran-gala-della-stilista-eleonora-altamore\/","og_site_name":"roma oggi","article_publisher":"https:\/\/www.facebook.com\/RomaOggi-841544845954114","article_published_time":"2021-06-15T06:07:33+00:00","og_image":[{"width":1024,"height":682,"url":"https:\/\/www.romaoggi.eu\/wp-content\/uploads\/2021\/06\/EVENTO-SUMMER-FASHION-AND-ART-.jpg","type":"image\/jpeg"}],"author":"admin","twitter_card":"summary_large_image","twitter_creator":"@romaoggi_eu","twitter_site":"@romaoggi_eu","twitter_misc":{"Scritto da":"admin","Tempo di lettura stimato":"5 minuti"},"schema":{"@context":"https:\/\/schema.org","@graph":[{"@type":"Article","@id":"https:\/\/www.romaoggi.eu\/index.php\/2021\/06\/15\/summer-fashion-and-art-2021-il-gran-gala-della-stilista-eleonora-altamore\/#article","isPartOf":{"@id":"https:\/\/www.romaoggi.eu\/index.php\/2021\/06\/15\/summer-fashion-and-art-2021-il-gran-gala-della-stilista-eleonora-altamore\/"},"author":{"name":"admin","@id":"https:\/\/www.romaoggi.eu\/#\/schema\/person\/9b23ceb6a2992a25e98c76a5f1fbb887"},"headline":"\u201cSummer Fashion and Art 2021\u201d il Gran Gal\u00e0 della stilista Eleonora Altamore tra Moda, Arte e Solidariet\u00e0","datePublished":"2021-06-15T06:07:33+00:00","mainEntityOfPage":{"@id":"https:\/\/www.romaoggi.eu\/index.php\/2021\/06\/15\/summer-fashion-and-art-2021-il-gran-gala-della-stilista-eleonora-altamore\/"},"wordCount":841,"publisher":{"@id":"https:\/\/www.romaoggi.eu\/#organization"},"image":{"@id":"https:\/\/www.romaoggi.eu\/index.php\/2021\/06\/15\/summer-fashion-and-art-2021-il-gran-gala-della-stilista-eleonora-altamore\/#primaryimage"},"thumbnailUrl":"https:\/\/www.romaoggi.eu\/wp-content\/uploads\/2021\/06\/EVENTO-SUMMER-FASHION-AND-ART-.jpg","keywords":["arte","cassiopea","Cinzia Tedesco","Collection","Eleonora Altamore","fashion","luxury","milena miconi","moda","Patrizia Pellegrino","sfilata","Sicilia","solidariet\u00e0","Summer Fashion","tiziana berardi"],"articleSection":["Eventi"],"inLanguage":"it-IT"},{"@type":"WebPage","@id":"https:\/\/www.romaoggi.eu\/index.php\/2021\/06\/15\/summer-fashion-and-art-2021-il-gran-gala-della-stilista-eleonora-altamore\/","url":"https:\/\/www.romaoggi.eu\/index.php\/2021\/06\/15\/summer-fashion-and-art-2021-il-gran-gala-della-stilista-eleonora-altamore\/","name":"\u201cSummer Fashion and Art 2021\u201d il Gran Gal\u00e0 della stilista Eleonora Altamore tra Moda, Arte e Solidariet\u00e0","isPartOf":{"@id":"https:\/\/www.romaoggi.eu\/#website"},"primaryImageOfPage":{"@id":"https:\/\/www.romaoggi.eu\/index.php\/2021\/06\/15\/summer-fashion-and-art-2021-il-gran-gala-della-stilista-eleonora-altamore\/#primaryimage"},"image":{"@id":"https:\/\/www.romaoggi.eu\/index.php\/2021\/06\/15\/summer-fashion-and-art-2021-il-gran-gala-della-stilista-eleonora-altamore\/#primaryimage"},"thumbnailUrl":"https:\/\/www.romaoggi.eu\/wp-content\/uploads\/2021\/06\/EVENTO-SUMMER-FASHION-AND-ART-.jpg","datePublished":"2021-06-15T06:07:33+00:00","description":"\u201cSummer Fashion and Art 2021\u201d il Gran Gal\u00e0 di Moda, Arte e Solidariet\u00e0 della stilista Eleonora Altamore Il 19 giugno 2021 alle ore 18.00 avr\u00e0 luogo a Roma","breadcrumb":{"@id":"https:\/\/www.romaoggi.eu\/index.php\/2021\/06\/15\/summer-fashion-and-art-2021-il-gran-gala-della-stilista-eleonora-altamore\/#breadcrumb"},"inLanguage":"it-IT","potentialAction":[{"@type":"ReadAction","target":["https:\/\/www.romaoggi.eu\/index.php\/2021\/06\/15\/summer-fashion-and-art-2021-il-gran-gala-della-stilista-eleonora-altamore\/"]}]},{"@type":"ImageObject","inLanguage":"it-IT","@id":"https:\/\/www.romaoggi.eu\/index.php\/2021\/06\/15\/summer-fashion-and-art-2021-il-gran-gala-della-stilista-eleonora-altamore\/#primaryimage","url":"https:\/\/www.romaoggi.eu\/wp-content\/uploads\/2021\/06\/EVENTO-SUMMER-FASHION-AND-ART-.jpg","contentUrl":"https:\/\/www.romaoggi.eu\/wp-content\/uploads\/2021\/06\/EVENTO-SUMMER-FASHION-AND-ART-.jpg","width":1024,"height":682,"caption":"alt tag summer fashion"},{"@type":"BreadcrumbList","@id":"https:\/\/www.romaoggi.eu\/index.php\/2021\/06\/15\/summer-fashion-and-art-2021-il-gran-gala-della-stilista-eleonora-altamore\/#breadcrumb","itemListElement":[{"@type":"ListItem","position":1,"name":"Home","item":"https:\/\/www.romaoggi.eu\/"},{"@type":"ListItem","position":2,"name":"\u201cSummer Fashion and Art 2021\u201d il Gran Gal\u00e0 della stilista Eleonora Altamore tra Moda, Arte e Solidariet\u00e0"}]},{"@type":"WebSite","@id":"https:\/\/www.romaoggi.eu\/#website","url":"https:\/\/www.romaoggi.eu\/","name":"roma oggi","description":"Interesting News for Interesting people","publisher":{"@id":"https:\/\/www.romaoggi.eu\/#organization"},"potentialAction":[{"@type":"SearchAction","target":{"@type":"EntryPoint","urlTemplate":"https:\/\/www.romaoggi.eu\/?s={search_term_string}"},"query-input":{"@type":"PropertyValueSpecification","valueRequired":true,"valueName":"search_term_string"}}],"inLanguage":"it-IT"},{"@type":"Organization","@id":"https:\/\/www.romaoggi.eu\/#organization","name":"RomaOggi","url":"https:\/\/www.romaoggi.eu\/","logo":{"@type":"ImageObject","inLanguage":"it-IT","@id":"https:\/\/www.romaoggi.eu\/#\/schema\/logo\/image\/","url":"https:\/\/www.romaoggi.eu\/wp-content\/uploads\/2017\/04\/logowp.jpg","contentUrl":"https:\/\/www.romaoggi.eu\/wp-content\/uploads\/2017\/04\/logowp.jpg","width":300,"height":133,"caption":"RomaOggi"},"image":{"@id":"https:\/\/www.romaoggi.eu\/#\/schema\/logo\/image\/"},"sameAs":["https:\/\/www.facebook.com\/RomaOggi-841544845954114","https:\/\/x.com\/romaoggi_eu"]},{"@type":"Person","@id":"https:\/\/www.romaoggi.eu\/#\/schema\/person\/9b23ceb6a2992a25e98c76a5f1fbb887","name":"admin","image":{"@type":"ImageObject","inLanguage":"it-IT","@id":"https:\/\/secure.gravatar.com\/avatar\/51b1e0a1f4159e3b5d89435fce5e1a348d6c59e2ff8c2d428dae75560aace504?s=96&d=mm&r=g","url":"https:\/\/secure.gravatar.com\/avatar\/51b1e0a1f4159e3b5d89435fce5e1a348d6c59e2ff8c2d428dae75560aace504?s=96&d=mm&r=g","contentUrl":"https:\/\/secure.gravatar.com\/avatar\/51b1e0a1f4159e3b5d89435fce5e1a348d6c59e2ff8c2d428dae75560aace504?s=96&d=mm&r=g","caption":"admin"},"url":"https:\/\/www.romaoggi.eu\/index.php\/author\/admin\/"}]}},"_links":{"self":[{"href":"https:\/\/www.romaoggi.eu\/index.php\/wp-json\/wp\/v2\/posts\/28453","targetHints":{"allow":["GET"]}}],"collection":[{"href":"https:\/\/www.romaoggi.eu\/index.php\/wp-json\/wp\/v2\/posts"}],"about":[{"href":"https:\/\/www.romaoggi.eu\/index.php\/wp-json\/wp\/v2\/types\/post"}],"author":[{"embeddable":true,"href":"https:\/\/www.romaoggi.eu\/index.php\/wp-json\/wp\/v2\/users\/1"}],"replies":[{"embeddable":true,"href":"https:\/\/www.romaoggi.eu\/index.php\/wp-json\/wp\/v2\/comments?post=28453"}],"version-history":[{"count":5,"href":"https:\/\/www.romaoggi.eu\/index.php\/wp-json\/wp\/v2\/posts\/28453\/revisions"}],"predecessor-version":[{"id":28463,"href":"https:\/\/www.romaoggi.eu\/index.php\/wp-json\/wp\/v2\/posts\/28453\/revisions\/28463"}],"wp:featuredmedia":[{"embeddable":true,"href":"https:\/\/www.romaoggi.eu\/index.php\/wp-json\/wp\/v2\/media\/28455"}],"wp:attachment":[{"href":"https:\/\/www.romaoggi.eu\/index.php\/wp-json\/wp\/v2\/media?parent=28453"}],"wp:term":[{"taxonomy":"category","embeddable":true,"href":"https:\/\/www.romaoggi.eu\/index.php\/wp-json\/wp\/v2\/categories?post=28453"},{"taxonomy":"post_tag","embeddable":true,"href":"https:\/\/www.romaoggi.eu\/index.php\/wp-json\/wp\/v2\/tags?post=28453"}],"curies":[{"name":"wp","href":"https:\/\/api.w.org\/{rel}","templated":true}]}}