{"id":28565,"date":"2021-06-21T00:19:21","date_gmt":"2021-06-20T22:19:21","guid":{"rendered":"http:\/\/www.romaoggi.eu\/?p=28565"},"modified":"2021-06-22T10:44:03","modified_gmt":"2021-06-22T08:44:03","slug":"contrasti-recintati","status":"publish","type":"post","link":"https:\/\/www.romaoggi.eu\/index.php\/2021\/06\/21\/contrasti-recintati\/","title":{"rendered":"Contrasti Recintati&#8230;"},"content":{"rendered":"<p align=\"JUSTIFY\"><strong><span style=\"color: #000000;\">\u201c<span style=\"font-family: Times New Roman, serif;\"><span style=\"font-size: medium;\"><b>La foto del giorno\u201d di luned\u00ec 21 giugno 2021 dal titolo <\/b><\/span><\/span><\/span><\/strong><strong><span style=\"color: #1d2228;\"><span style=\"font-family: Times New Roman, serif;\"><span style=\"font-size: medium;\"><b>&#8220;<\/b><\/span><\/span><\/span><\/strong><strong><span style=\"color: #1d2228;\"><span style=\"font-family: Helvetica, Arial, sans-serif;\"><span style=\"font-size: small;\">Contrasti Recintaati <\/span><\/span><\/span><\/strong><strong><span style=\"color: #1d2228;\"><span style=\"font-family: Times New Roman, serif;\"><span style=\"font-size: medium;\"><b>&#8220;<\/b><\/span><\/span><\/span><\/strong><strong><span style=\"color: #000000;\"><span style=\"font-family: Times New Roman, serif;\"><span style=\"font-size: medium;\"><b>, ci \u00e8 stata inviata da Cristina Calisti, Roma, che l&#8217;ha realizzata al Corviale degli Italiani. <\/b><\/span><\/span><\/span><\/strong><strong><span style=\"color: #000000;\"><span style=\"font-family: Times New Roman, serif;\"><span style=\"font-size: medium;\">Invia la tua foto del giorno al whats app 3316379346. <\/span><\/span><\/span><\/strong><\/p>\n<p align=\"JUSTIFY\"><strong><span style=\"color: #ff0000;\"><span style=\"font-family: Times New Roman, serif;\"><span style=\"font-size: medium;\"><b>sostieni con una donazione il progetto fotografico di Target Lab.\u00a0 <\/b><\/span><\/span><\/span><\/strong><strong><a href=\"https:\/\/sostieni.link\/28814\"><span style=\"color: #ff0000;\"><span style=\"font-family: Times New Roman, serif;\"><span style=\"font-size: medium;\">https:\/\/sostieni.link\/28814<\/span><\/span><\/span><\/a><\/strong><\/p>\n<p align=\"JUSTIFY\"><strong><span style=\"color: #000000;\"><span style=\"font-family: Times New Roman, serif;\"><span style=\"font-size: medium;\"><b>Il commento di Pina Ianiro <\/b><\/span><\/span><\/span><\/strong><\/p>\n<p>Potrebbe ricordare le tele dei pittori fiamminghi questa foto di Cristina Calisti se non fosse racchiusa in un malridotto recinto che, in primo piano, gioca al contrasto interrompendo d\u2019impatto la poetica iniziale, lasciando alla percezione il tempo necessario per realizzare la presenza di un altro elemento che stona.<\/p>\n<p>Sullo sfondo, sebbene in parte camuffato dalla collinetta e da alcuni alberi, appare una porzione del cosiddetto Serpentone, ovvero il complesso del Corviale.<\/p>\n<p>Che poi, del serpente non ha nulla questa enorme struttura, questo gigante di cemento \u2026 Assomiglia pi\u00f9 a una diga, \u201cLa diga insicura\u201d, come la defin\u00ec Manfredo Tafuri in un articolo che ottenne la copertina di Domus (n. 617, maggio 1981). Infatti, funge da spartiacque illusorio, a livello spaziale, inserendosi ai margini del contesto preesistente, seguendo una linea Nord-Sud e separando gli spazi verdi a Ovest, dalla citt\u00e0 a Est.<\/p>\n<p>\u201cL\u2019errore lungo un chilometro\u201d in realt\u00e0 \u00e8 lungo 950 metri (quei 50 metri mancanti per evitare di spostare un elettrodotto), occupa 780 mila metri cubi, ha nove piani, 1200 appartamenti ed \u00e8 in grado di ospitare seimila persone.<\/p>\n<p>La progettazione del Corviale inizi\u00f2 nel 1972, secondo la legge 167 del 1962 che prevedeva i piani di zona per l\u2019edilizia popolare, con l\u2019idea di dare una casa a chi non poteva permettersela. La squadra di progettazione fu capitanata da Mario Fiorentino e Maurizio Montani Fargna. Si ispirarono alle idee di edilizia popolare anticipate da Le Corbusier negli anni 40, con l\u2019ambiziosa idea di realizzare una citt\u00e0 nella citt\u00e0. I lavori cominciarono nel 1975 e finirono nel 1982.<\/p>\n<p>Gli anni ottanta si allontanarono dalla visione popolare e dagli intenti comunitari; il piano dell\u2019edificio lasciato libero per creare spazi comuni di aggregazione, di servizi e commerciali, venne occupato abusivamente e gli spazi furono assegnati in maniera clientelare a lavori non ancora conclusi. In breve questa situazione agevol\u00f2 la comparsa di traffici illegali e lo spaccio di droga. Fu cos\u00ec che il progetto iniziale fall\u00ec prima ancora che l\u2019opera venisse conclusa.<\/p>\n<p>Nonostante i progetti di riqualificazione il Corviale resta purtroppo simbolo di degrado.<\/p>\n<p>Intanto il cavallo dietro al recinto resta indifferente, non soffre i contrasti ai quali troppo spesso siamo abituati, i controsensi, le ambiguit\u00e0, tutto ci\u00f2 che stride e non \u00e8 facile da accettare ma che pare non trovare soluzione. Non possiamo semplicemente voltarci dall\u2019altra parte, allo stesso tempo restiamo impotenti. Forse non ci resta che adoperare il suggerimento di Cristina Calisti (che intitola la foto \u201cContrasti recintati\u201d), chiudere entro dei confini le situazioni complicate per ridimensionarle, per soffermarci a riflettere, studiarle e magari tentare almeno di comprendere con un po\u2019 pi\u00f9 di chiarezza.<\/p>\n<p align=\"JUSTIFY\"><strong><span style=\"font-family: Times New Roman, serif;\"><span style=\"font-size: medium;\">\u00a9 Pina Ianiro<\/span><\/span><\/strong><\/p>\n<p align=\"JUSTIFY\"><span style=\"font-size: medium;\"><strong><span style=\"font-family: Times New Roman, serif;\">Redazione ed editing fotografico a cura di Alessandro Lisci<\/span><\/strong><\/span><\/p>\n<figure id=\"attachment_28566\" aria-describedby=\"caption-attachment-28566\" style=\"width: 2048px\" class=\"wp-caption alignnone\"><img loading=\"lazy\" decoding=\"async\" class=\"size-full wp-image-28566\" src=\"https:\/\/www.romaoggi.eu\/wp-content\/uploads\/2021\/06\/Photo00197-credito-\u00a9-Cristina-Calisti-Corviale-.jpg\" alt=\"alt tag Corviale degli Italiani\" width=\"2048\" height=\"1536\" srcset=\"https:\/\/www.romaoggi.eu\/wp-content\/uploads\/2021\/06\/Photo00197-credito-\u00a9-Cristina-Calisti-Corviale-.jpg 2048w, https:\/\/www.romaoggi.eu\/wp-content\/uploads\/2021\/06\/Photo00197-credito-\u00a9-Cristina-Calisti-Corviale--300x225.jpg 300w, https:\/\/www.romaoggi.eu\/wp-content\/uploads\/2021\/06\/Photo00197-credito-\u00a9-Cristina-Calisti-Corviale--1024x768.jpg 1024w, https:\/\/www.romaoggi.eu\/wp-content\/uploads\/2021\/06\/Photo00197-credito-\u00a9-Cristina-Calisti-Corviale--1536x1152.jpg 1536w, https:\/\/www.romaoggi.eu\/wp-content\/uploads\/2021\/06\/Photo00197-credito-\u00a9-Cristina-Calisti-Corviale--326x245.jpg 326w, https:\/\/www.romaoggi.eu\/wp-content\/uploads\/2021\/06\/Photo00197-credito-\u00a9-Cristina-Calisti-Corviale--80x60.jpg 80w\" sizes=\"auto, (max-width: 2048px) 100vw, 2048px\" \/><figcaption id=\"caption-attachment-28566\" class=\"wp-caption-text\">Corviale degli Italiani \u00a9 Cristina Calisti<\/figcaption><\/figure>\n<p align=\"JUSTIFY\"><strong><span style=\"color: #000000;\"><span style=\"font-family: Times New Roman, serif;\"><span style=\"font-size: medium;\"><b>La foto del giorno \u00e8 la rubrica di Alessandro Lisci su \u00a0 <\/b><\/span><\/span><\/span><\/strong><strong><a href=\"https:\/\/www.romaoggi.eu\/\"><span style=\"color: #000080;\"><span style=\"font-family: Times New Roman, serif;\"><span style=\"font-size: medium;\"><u><b>www.Romaoggi.eu<\/b><\/u><\/span><\/span><\/span><\/a><\/strong><strong><span style=\"color: #000000;\"><span style=\"font-size: medium;\">\u00a0<\/span><\/span><\/strong><strong><span style=\"color: #000000;\"><span style=\"font-family: Times New Roman, serif;\"><span style=\"font-size: medium;\"><b>.\u00a0 Invia la tua foto del giorno con un commento al whatsapp 3316379346 oppure alla seguente mail: alessandrolisci@yahoo.it.<\/b><\/span><\/span><\/span><\/strong><\/p>\n<p align=\"JUSTIFY\"><strong><span style=\"font-size: medium;\">Visita il sito \u00a0: <a href=\"http:\/\/www.alessandrolisci.com\/\">www.alessandrolisci.com<\/a><\/span><\/strong><\/p>\n<p><strong><span style=\"font-family: Times New Roman, serif;\"><span style=\"font-size: medium;\">Pina Ianiro<\/span><\/span><\/strong><span style=\"font-size: medium;\">\u00a0 <\/span><span style=\"font-family: Times New Roman, serif;\"><span style=\"font-size: medium;\">nasce a Caserta, <\/span><\/span><strong><span style=\"font-family: Times New Roman, serif;\"><span style=\"font-size: medium;\">laureata in Sociologia<\/span><\/span><\/strong><span style=\"font-family: Times New Roman, serif;\"><span style=\"font-size: medium;\">. <\/span><\/span><strong><span style=\"font-family: Times New Roman, serif;\"><span style=\"font-size: medium;\">Vive a Roma<\/span><\/span><\/strong> <span style=\"font-family: Times New Roman, serif;\"><span style=\"font-size: medium;\">e l<\/span><\/span><span style=\"font-family: Times New Roman, serif;\"><span style=\"font-size: medium;\"><b>avora come editor<\/b><\/span><\/span><span style=\"font-family: Times New Roman, serif;\"><span style=\"font-size: medium;\"> anche se preferisce definirsi \u201c<\/span><\/span><strong><span style=\"font-family: Times New Roman, serif;\"><span style=\"font-size: medium;\">curatrice di manoscritti<\/span><\/span><\/strong><span style=\"font-size: medium;\">\u201d <\/span><span style=\"font-family: Times New Roman, serif;\"><span style=\"font-size: medium;\">e porta avanti la sua passione per la letteratura e l\u2019arte. <\/span><\/span><strong><span style=\"font-family: Times New Roman, serif;\"><span style=\"font-size: medium;\">Ha pubblicato i romanzi<\/span><\/span><\/strong><span style=\"font-family: Times New Roman, serif;\"><span style=\"font-size: medium;\">:<\/span><\/span><span style=\"font-family: Times New Roman, serif;\"><span style=\"font-size: medium;\"><b>\u201cIl cubo bianco\u201d<\/b><\/span><\/span><span style=\"font-family: Times New Roman, serif;\"><span style=\"font-size: medium;\"> (Giulio Perrone LAB), <\/span><\/span><span style=\"font-family: Times New Roman, serif;\"><span style=\"font-size: medium;\"><b>\u201cQuanto ci mette la neve a cadere\u201d<\/b><\/span><\/span><span style=\"font-family: Times New Roman, serif;\"><span style=\"font-size: medium;\"> (L\u2019Erudita) e una raccolta monografica di racconti e poesie \u201c<\/span><\/span><span style=\"font-family: Times New Roman, serif;\"><span style=\"font-size: medium;\"><b>Amore: maneggiare con prudenza\u201d <\/b><\/span><\/span><span style=\"font-family: Times New Roman, serif;\"><span style=\"font-size: medium;\">(L\u2019Erudita). <\/span><\/span><strong><span style=\"font-family: Times New Roman, serif;\"><span style=\"font-size: medium;\">Oltre che autrice \u00e8 ghostwriter<\/span><\/span><\/strong><span style=\"font-family: Times New Roman, serif;\"><span style=\"font-size: medium;\">. Gestisce il blog <\/span><\/span><strong><span style=\"font-family: Times New Roman, serif;\"><span style=\"font-size: medium;\"><a href=\"http:\/\/www.pinaianiro.blogspot.com\/\">http:\/\/www.pinaianiro.blogspot.com<\/a> .<\/span><\/span><\/strong><\/p>\n<p><span style=\"font-size: medium;\">su FB :\u00a0 <a href=\"https:\/\/www.facebook.com\/aria.giaprimavera\">https:\/\/www.facebook.com\/aria.giaprimavera<\/a><\/span><\/p>\n","protected":false},"excerpt":{"rendered":"<div class=\"mh-excerpt\"><p>\u201cLa foto del giorno\u201d di luned\u00ec 21 giugno 2021 dal titolo &#8220;Contrasti Recintaati &#8220;, ci \u00e8 stata inviata da Cristina Calisti, Roma, che l&#8217;ha realizzata al Corviale degli Italiani. Invia la tua foto del giorno <a class=\"mh-excerpt-more\" href=\"https:\/\/www.romaoggi.eu\/index.php\/2021\/06\/21\/contrasti-recintati\/\" title=\"Contrasti Recintati&#8230;\">[&#8230;]<\/a><\/p>\n<\/div>","protected":false},"author":10,"featured_media":28566,"comment_status":"closed","ping_status":"open","sticky":false,"template":"","format":"standard","meta":{"_sitemap_exclude":false,"_sitemap_priority":"","_sitemap_frequency":"","footnotes":""},"categories":[8934],"tags":[14565,14581,4137,10700,11987,274,15285,10420,14496,1738,14889,14580],"class_list":["post-28565","post","type-post","status-publish","format-standard","has-post-thumbnail","hentry","category-lafotodelgiorno","tag-streetphoto","tag-streetphotoroma","tag-alessandro-lisci","tag-corviale","tag-cristina-calisti","tag-fotografia","tag-il-corviale-degli-italiani","tag-la-foto-del-giorno","tag-pina-ianiro","tag-romaoggi-eu","tag-serpentone-di-corviale","tag-streetphotography"],"yoast_head":"<!-- This site is optimized with the Yoast SEO plugin v27.5 - https:\/\/yoast.com\/product\/yoast-seo-wordpress\/ -->\n<title>Contrasti Recintati...<\/title>\n<meta name=\"description\" content=\"\u201cLa foto del giorno\u201d di luned\u00ec 21 giugno 2021 dal titolo &quot;Contrasti Recintaati &quot;, ci \u00e8 stata inviata da Cristina Calisti, Roma, che l&#039;ha realizzata al\" \/>\n<meta name=\"robots\" content=\"index, follow, max-snippet:-1, max-image-preview:large, max-video-preview:-1\" \/>\n<link rel=\"canonical\" href=\"https:\/\/www.romaoggi.eu\/index.php\/2021\/06\/21\/contrasti-recintati\/\" \/>\n<meta property=\"og:locale\" content=\"it_IT\" \/>\n<meta property=\"og:type\" content=\"article\" \/>\n<meta property=\"og:title\" content=\"Contrasti Recintati...\" \/>\n<meta property=\"og:description\" content=\"\u201cLa foto del giorno\u201d di luned\u00ec 21 giugno 2021 dal titolo &quot;Contrasti Recintaati &quot;, ci \u00e8 stata inviata da Cristina Calisti, Roma, che l&#039;ha realizzata al\" \/>\n<meta property=\"og:url\" content=\"https:\/\/www.romaoggi.eu\/index.php\/2021\/06\/21\/contrasti-recintati\/\" \/>\n<meta property=\"og:site_name\" content=\"roma oggi\" \/>\n<meta property=\"article:publisher\" content=\"https:\/\/www.facebook.com\/RomaOggi-841544845954114\" \/>\n<meta property=\"article:author\" content=\"https:\/\/www.facebook.com\/alessandro.lisci.5\" \/>\n<meta property=\"article:published_time\" content=\"2021-06-20T22:19:21+00:00\" \/>\n<meta property=\"article:modified_time\" content=\"2021-06-22T08:44:03+00:00\" \/>\n<meta property=\"og:image\" content=\"https:\/\/www.romaoggi.eu\/wp-content\/uploads\/2021\/06\/Photo00197-credito-\u00a9-Cristina-Calisti-Corviale-.jpg\" \/>\n\t<meta property=\"og:image:width\" content=\"2048\" \/>\n\t<meta property=\"og:image:height\" content=\"1536\" \/>\n\t<meta property=\"og:image:type\" content=\"image\/jpeg\" \/>\n<meta name=\"author\" content=\"Alessandro Lisci\" \/>\n<meta name=\"twitter:card\" content=\"summary_large_image\" \/>\n<meta name=\"twitter:creator\" content=\"@https:\/\/twitter.com\/alessandrolisci\" \/>\n<meta name=\"twitter:site\" content=\"@romaoggi_eu\" \/>\n<meta name=\"twitter:label1\" content=\"Scritto da\" \/>\n\t<meta name=\"twitter:data1\" content=\"Alessandro Lisci\" \/>\n\t<meta name=\"twitter:label2\" content=\"Tempo di lettura stimato\" \/>\n\t<meta name=\"twitter:data2\" content=\"3 minuti\" \/>\n<script type=\"application\/ld+json\" class=\"yoast-schema-graph\">{\"@context\":\"https:\\\/\\\/schema.org\",\"@graph\":[{\"@type\":\"Article\",\"@id\":\"https:\\\/\\\/www.romaoggi.eu\\\/index.php\\\/2021\\\/06\\\/21\\\/contrasti-recintati\\\/#article\",\"isPartOf\":{\"@id\":\"https:\\\/\\\/www.romaoggi.eu\\\/index.php\\\/2021\\\/06\\\/21\\\/contrasti-recintati\\\/\"},\"author\":{\"name\":\"Alessandro Lisci\",\"@id\":\"https:\\\/\\\/www.romaoggi.eu\\\/#\\\/schema\\\/person\\\/30ada62b3bd510c45a781b7e3bf65e69\"},\"headline\":\"Contrasti Recintati&#8230;\",\"datePublished\":\"2021-06-20T22:19:21+00:00\",\"dateModified\":\"2021-06-22T08:44:03+00:00\",\"mainEntityOfPage\":{\"@id\":\"https:\\\/\\\/www.romaoggi.eu\\\/index.php\\\/2021\\\/06\\\/21\\\/contrasti-recintati\\\/\"},\"wordCount\":627,\"publisher\":{\"@id\":\"https:\\\/\\\/www.romaoggi.eu\\\/#organization\"},\"image\":{\"@id\":\"https:\\\/\\\/www.romaoggi.eu\\\/index.php\\\/2021\\\/06\\\/21\\\/contrasti-recintati\\\/#primaryimage\"},\"thumbnailUrl\":\"https:\\\/\\\/www.romaoggi.eu\\\/wp-content\\\/uploads\\\/2021\\\/06\\\/Photo00197-credito-\u00a9-Cristina-Calisti-Corviale-.jpg\",\"keywords\":[\"#streetphoto\",\"#streetphotoroma\",\"alessandro lisci\",\"Corviale\",\"cristina calisti\",\"fotografia\",\"il corviale degli italiani\",\"La foto del giorno\",\"pina ianiro\",\"RomaOggi.eu\",\"serpentone di corviale\",\"streetphotography\"],\"articleSection\":[\"La foto del giorno\"],\"inLanguage\":\"it-IT\"},{\"@type\":\"WebPage\",\"@id\":\"https:\\\/\\\/www.romaoggi.eu\\\/index.php\\\/2021\\\/06\\\/21\\\/contrasti-recintati\\\/\",\"url\":\"https:\\\/\\\/www.romaoggi.eu\\\/index.php\\\/2021\\\/06\\\/21\\\/contrasti-recintati\\\/\",\"name\":\"Contrasti Recintati...\",\"isPartOf\":{\"@id\":\"https:\\\/\\\/www.romaoggi.eu\\\/#website\"},\"primaryImageOfPage\":{\"@id\":\"https:\\\/\\\/www.romaoggi.eu\\\/index.php\\\/2021\\\/06\\\/21\\\/contrasti-recintati\\\/#primaryimage\"},\"image\":{\"@id\":\"https:\\\/\\\/www.romaoggi.eu\\\/index.php\\\/2021\\\/06\\\/21\\\/contrasti-recintati\\\/#primaryimage\"},\"thumbnailUrl\":\"https:\\\/\\\/www.romaoggi.eu\\\/wp-content\\\/uploads\\\/2021\\\/06\\\/Photo00197-credito-\u00a9-Cristina-Calisti-Corviale-.jpg\",\"datePublished\":\"2021-06-20T22:19:21+00:00\",\"dateModified\":\"2021-06-22T08:44:03+00:00\",\"description\":\"\u201cLa foto del giorno\u201d di luned\u00ec 21 giugno 2021 dal titolo \\\"Contrasti Recintaati \\\", ci \u00e8 stata inviata da Cristina Calisti, Roma, che l'ha realizzata al\",\"breadcrumb\":{\"@id\":\"https:\\\/\\\/www.romaoggi.eu\\\/index.php\\\/2021\\\/06\\\/21\\\/contrasti-recintati\\\/#breadcrumb\"},\"inLanguage\":\"it-IT\",\"potentialAction\":[{\"@type\":\"ReadAction\",\"target\":[\"https:\\\/\\\/www.romaoggi.eu\\\/index.php\\\/2021\\\/06\\\/21\\\/contrasti-recintati\\\/\"]}]},{\"@type\":\"ImageObject\",\"inLanguage\":\"it-IT\",\"@id\":\"https:\\\/\\\/www.romaoggi.eu\\\/index.php\\\/2021\\\/06\\\/21\\\/contrasti-recintati\\\/#primaryimage\",\"url\":\"https:\\\/\\\/www.romaoggi.eu\\\/wp-content\\\/uploads\\\/2021\\\/06\\\/Photo00197-credito-\u00a9-Cristina-Calisti-Corviale-.jpg\",\"contentUrl\":\"https:\\\/\\\/www.romaoggi.eu\\\/wp-content\\\/uploads\\\/2021\\\/06\\\/Photo00197-credito-\u00a9-Cristina-Calisti-Corviale-.jpg\",\"width\":2048,\"height\":1536,\"caption\":\"Corviale degli Italiani \u00a9 Cristina Calisti\"},{\"@type\":\"BreadcrumbList\",\"@id\":\"https:\\\/\\\/www.romaoggi.eu\\\/index.php\\\/2021\\\/06\\\/21\\\/contrasti-recintati\\\/#breadcrumb\",\"itemListElement\":[{\"@type\":\"ListItem\",\"position\":1,\"name\":\"Home\",\"item\":\"https:\\\/\\\/www.romaoggi.eu\\\/\"},{\"@type\":\"ListItem\",\"position\":2,\"name\":\"Contrasti Recintati&#8230;\"}]},{\"@type\":\"WebSite\",\"@id\":\"https:\\\/\\\/www.romaoggi.eu\\\/#website\",\"url\":\"https:\\\/\\\/www.romaoggi.eu\\\/\",\"name\":\"roma oggi\",\"description\":\"Interesting News for Interesting people\",\"publisher\":{\"@id\":\"https:\\\/\\\/www.romaoggi.eu\\\/#organization\"},\"potentialAction\":[{\"@type\":\"SearchAction\",\"target\":{\"@type\":\"EntryPoint\",\"urlTemplate\":\"https:\\\/\\\/www.romaoggi.eu\\\/?s={search_term_string}\"},\"query-input\":{\"@type\":\"PropertyValueSpecification\",\"valueRequired\":true,\"valueName\":\"search_term_string\"}}],\"inLanguage\":\"it-IT\"},{\"@type\":\"Organization\",\"@id\":\"https:\\\/\\\/www.romaoggi.eu\\\/#organization\",\"name\":\"RomaOggi\",\"url\":\"https:\\\/\\\/www.romaoggi.eu\\\/\",\"logo\":{\"@type\":\"ImageObject\",\"inLanguage\":\"it-IT\",\"@id\":\"https:\\\/\\\/www.romaoggi.eu\\\/#\\\/schema\\\/logo\\\/image\\\/\",\"url\":\"https:\\\/\\\/www.romaoggi.eu\\\/wp-content\\\/uploads\\\/2017\\\/04\\\/logowp.jpg\",\"contentUrl\":\"https:\\\/\\\/www.romaoggi.eu\\\/wp-content\\\/uploads\\\/2017\\\/04\\\/logowp.jpg\",\"width\":300,\"height\":133,\"caption\":\"RomaOggi\"},\"image\":{\"@id\":\"https:\\\/\\\/www.romaoggi.eu\\\/#\\\/schema\\\/logo\\\/image\\\/\"},\"sameAs\":[\"https:\\\/\\\/www.facebook.com\\\/RomaOggi-841544845954114\",\"https:\\\/\\\/x.com\\\/romaoggi_eu\"]},{\"@type\":\"Person\",\"@id\":\"https:\\\/\\\/www.romaoggi.eu\\\/#\\\/schema\\\/person\\\/30ada62b3bd510c45a781b7e3bf65e69\",\"name\":\"Alessandro Lisci\",\"image\":{\"@type\":\"ImageObject\",\"inLanguage\":\"it-IT\",\"@id\":\"https:\\\/\\\/secure.gravatar.com\\\/avatar\\\/9b9712162b2ac404aa0d7d978185f203808e7bd02856a449b19868b2eb80cf12?s=96&d=mm&r=g\",\"url\":\"https:\\\/\\\/secure.gravatar.com\\\/avatar\\\/9b9712162b2ac404aa0d7d978185f203808e7bd02856a449b19868b2eb80cf12?s=96&d=mm&r=g\",\"contentUrl\":\"https:\\\/\\\/secure.gravatar.com\\\/avatar\\\/9b9712162b2ac404aa0d7d978185f203808e7bd02856a449b19868b2eb80cf12?s=96&d=mm&r=g\",\"caption\":\"Alessandro Lisci\"},\"sameAs\":[\"http:\\\/\\\/www.alessandrolisci.com\",\"https:\\\/\\\/www.facebook.com\\\/alessandro.lisci.5\",\"https:\\\/\\\/x.com\\\/https:\\\/\\\/twitter.com\\\/alessandrolisci\",\"https:\\\/\\\/www.youtube.com\\\/user\\\/alessandrolisci\"],\"url\":\"https:\\\/\\\/www.romaoggi.eu\\\/index.php\\\/author\\\/alessandro\\\/\"}]}<\/script>\n<!-- \/ Yoast SEO plugin. -->","yoast_head_json":{"title":"Contrasti Recintati...","description":"\u201cLa foto del giorno\u201d di luned\u00ec 21 giugno 2021 dal titolo \"Contrasti Recintaati \", ci \u00e8 stata inviata da Cristina Calisti, Roma, che l'ha realizzata al","robots":{"index":"index","follow":"follow","max-snippet":"max-snippet:-1","max-image-preview":"max-image-preview:large","max-video-preview":"max-video-preview:-1"},"canonical":"https:\/\/www.romaoggi.eu\/index.php\/2021\/06\/21\/contrasti-recintati\/","og_locale":"it_IT","og_type":"article","og_title":"Contrasti Recintati...","og_description":"\u201cLa foto del giorno\u201d di luned\u00ec 21 giugno 2021 dal titolo \"Contrasti Recintaati \", ci \u00e8 stata inviata da Cristina Calisti, Roma, che l'ha realizzata al","og_url":"https:\/\/www.romaoggi.eu\/index.php\/2021\/06\/21\/contrasti-recintati\/","og_site_name":"roma oggi","article_publisher":"https:\/\/www.facebook.com\/RomaOggi-841544845954114","article_author":"https:\/\/www.facebook.com\/alessandro.lisci.5","article_published_time":"2021-06-20T22:19:21+00:00","article_modified_time":"2021-06-22T08:44:03+00:00","og_image":[{"width":2048,"height":1536,"url":"https:\/\/www.romaoggi.eu\/wp-content\/uploads\/2021\/06\/Photo00197-credito-\u00a9-Cristina-Calisti-Corviale-.jpg","type":"image\/jpeg"}],"author":"Alessandro Lisci","twitter_card":"summary_large_image","twitter_creator":"@https:\/\/twitter.com\/alessandrolisci","twitter_site":"@romaoggi_eu","twitter_misc":{"Scritto da":"Alessandro Lisci","Tempo di lettura stimato":"3 minuti"},"schema":{"@context":"https:\/\/schema.org","@graph":[{"@type":"Article","@id":"https:\/\/www.romaoggi.eu\/index.php\/2021\/06\/21\/contrasti-recintati\/#article","isPartOf":{"@id":"https:\/\/www.romaoggi.eu\/index.php\/2021\/06\/21\/contrasti-recintati\/"},"author":{"name":"Alessandro Lisci","@id":"https:\/\/www.romaoggi.eu\/#\/schema\/person\/30ada62b3bd510c45a781b7e3bf65e69"},"headline":"Contrasti Recintati&#8230;","datePublished":"2021-06-20T22:19:21+00:00","dateModified":"2021-06-22T08:44:03+00:00","mainEntityOfPage":{"@id":"https:\/\/www.romaoggi.eu\/index.php\/2021\/06\/21\/contrasti-recintati\/"},"wordCount":627,"publisher":{"@id":"https:\/\/www.romaoggi.eu\/#organization"},"image":{"@id":"https:\/\/www.romaoggi.eu\/index.php\/2021\/06\/21\/contrasti-recintati\/#primaryimage"},"thumbnailUrl":"https:\/\/www.romaoggi.eu\/wp-content\/uploads\/2021\/06\/Photo00197-credito-\u00a9-Cristina-Calisti-Corviale-.jpg","keywords":["#streetphoto","#streetphotoroma","alessandro lisci","Corviale","cristina calisti","fotografia","il corviale degli italiani","La foto del giorno","pina ianiro","RomaOggi.eu","serpentone di corviale","streetphotography"],"articleSection":["La foto del giorno"],"inLanguage":"it-IT"},{"@type":"WebPage","@id":"https:\/\/www.romaoggi.eu\/index.php\/2021\/06\/21\/contrasti-recintati\/","url":"https:\/\/www.romaoggi.eu\/index.php\/2021\/06\/21\/contrasti-recintati\/","name":"Contrasti Recintati...","isPartOf":{"@id":"https:\/\/www.romaoggi.eu\/#website"},"primaryImageOfPage":{"@id":"https:\/\/www.romaoggi.eu\/index.php\/2021\/06\/21\/contrasti-recintati\/#primaryimage"},"image":{"@id":"https:\/\/www.romaoggi.eu\/index.php\/2021\/06\/21\/contrasti-recintati\/#primaryimage"},"thumbnailUrl":"https:\/\/www.romaoggi.eu\/wp-content\/uploads\/2021\/06\/Photo00197-credito-\u00a9-Cristina-Calisti-Corviale-.jpg","datePublished":"2021-06-20T22:19:21+00:00","dateModified":"2021-06-22T08:44:03+00:00","description":"\u201cLa foto del giorno\u201d di luned\u00ec 21 giugno 2021 dal titolo \"Contrasti Recintaati \", ci \u00e8 stata inviata da Cristina Calisti, Roma, che l'ha realizzata al","breadcrumb":{"@id":"https:\/\/www.romaoggi.eu\/index.php\/2021\/06\/21\/contrasti-recintati\/#breadcrumb"},"inLanguage":"it-IT","potentialAction":[{"@type":"ReadAction","target":["https:\/\/www.romaoggi.eu\/index.php\/2021\/06\/21\/contrasti-recintati\/"]}]},{"@type":"ImageObject","inLanguage":"it-IT","@id":"https:\/\/www.romaoggi.eu\/index.php\/2021\/06\/21\/contrasti-recintati\/#primaryimage","url":"https:\/\/www.romaoggi.eu\/wp-content\/uploads\/2021\/06\/Photo00197-credito-\u00a9-Cristina-Calisti-Corviale-.jpg","contentUrl":"https:\/\/www.romaoggi.eu\/wp-content\/uploads\/2021\/06\/Photo00197-credito-\u00a9-Cristina-Calisti-Corviale-.jpg","width":2048,"height":1536,"caption":"Corviale degli Italiani \u00a9 Cristina Calisti"},{"@type":"BreadcrumbList","@id":"https:\/\/www.romaoggi.eu\/index.php\/2021\/06\/21\/contrasti-recintati\/#breadcrumb","itemListElement":[{"@type":"ListItem","position":1,"name":"Home","item":"https:\/\/www.romaoggi.eu\/"},{"@type":"ListItem","position":2,"name":"Contrasti Recintati&#8230;"}]},{"@type":"WebSite","@id":"https:\/\/www.romaoggi.eu\/#website","url":"https:\/\/www.romaoggi.eu\/","name":"roma oggi","description":"Interesting News for Interesting people","publisher":{"@id":"https:\/\/www.romaoggi.eu\/#organization"},"potentialAction":[{"@type":"SearchAction","target":{"@type":"EntryPoint","urlTemplate":"https:\/\/www.romaoggi.eu\/?s={search_term_string}"},"query-input":{"@type":"PropertyValueSpecification","valueRequired":true,"valueName":"search_term_string"}}],"inLanguage":"it-IT"},{"@type":"Organization","@id":"https:\/\/www.romaoggi.eu\/#organization","name":"RomaOggi","url":"https:\/\/www.romaoggi.eu\/","logo":{"@type":"ImageObject","inLanguage":"it-IT","@id":"https:\/\/www.romaoggi.eu\/#\/schema\/logo\/image\/","url":"https:\/\/www.romaoggi.eu\/wp-content\/uploads\/2017\/04\/logowp.jpg","contentUrl":"https:\/\/www.romaoggi.eu\/wp-content\/uploads\/2017\/04\/logowp.jpg","width":300,"height":133,"caption":"RomaOggi"},"image":{"@id":"https:\/\/www.romaoggi.eu\/#\/schema\/logo\/image\/"},"sameAs":["https:\/\/www.facebook.com\/RomaOggi-841544845954114","https:\/\/x.com\/romaoggi_eu"]},{"@type":"Person","@id":"https:\/\/www.romaoggi.eu\/#\/schema\/person\/30ada62b3bd510c45a781b7e3bf65e69","name":"Alessandro Lisci","image":{"@type":"ImageObject","inLanguage":"it-IT","@id":"https:\/\/secure.gravatar.com\/avatar\/9b9712162b2ac404aa0d7d978185f203808e7bd02856a449b19868b2eb80cf12?s=96&d=mm&r=g","url":"https:\/\/secure.gravatar.com\/avatar\/9b9712162b2ac404aa0d7d978185f203808e7bd02856a449b19868b2eb80cf12?s=96&d=mm&r=g","contentUrl":"https:\/\/secure.gravatar.com\/avatar\/9b9712162b2ac404aa0d7d978185f203808e7bd02856a449b19868b2eb80cf12?s=96&d=mm&r=g","caption":"Alessandro Lisci"},"sameAs":["http:\/\/www.alessandrolisci.com","https:\/\/www.facebook.com\/alessandro.lisci.5","https:\/\/x.com\/https:\/\/twitter.com\/alessandrolisci","https:\/\/www.youtube.com\/user\/alessandrolisci"],"url":"https:\/\/www.romaoggi.eu\/index.php\/author\/alessandro\/"}]}},"_links":{"self":[{"href":"https:\/\/www.romaoggi.eu\/index.php\/wp-json\/wp\/v2\/posts\/28565","targetHints":{"allow":["GET"]}}],"collection":[{"href":"https:\/\/www.romaoggi.eu\/index.php\/wp-json\/wp\/v2\/posts"}],"about":[{"href":"https:\/\/www.romaoggi.eu\/index.php\/wp-json\/wp\/v2\/types\/post"}],"author":[{"embeddable":true,"href":"https:\/\/www.romaoggi.eu\/index.php\/wp-json\/wp\/v2\/users\/10"}],"replies":[{"embeddable":true,"href":"https:\/\/www.romaoggi.eu\/index.php\/wp-json\/wp\/v2\/comments?post=28565"}],"version-history":[{"count":4,"href":"https:\/\/www.romaoggi.eu\/index.php\/wp-json\/wp\/v2\/posts\/28565\/revisions"}],"predecessor-version":[{"id":28595,"href":"https:\/\/www.romaoggi.eu\/index.php\/wp-json\/wp\/v2\/posts\/28565\/revisions\/28595"}],"wp:featuredmedia":[{"embeddable":true,"href":"https:\/\/www.romaoggi.eu\/index.php\/wp-json\/wp\/v2\/media\/28566"}],"wp:attachment":[{"href":"https:\/\/www.romaoggi.eu\/index.php\/wp-json\/wp\/v2\/media?parent=28565"}],"wp:term":[{"taxonomy":"category","embeddable":true,"href":"https:\/\/www.romaoggi.eu\/index.php\/wp-json\/wp\/v2\/categories?post=28565"},{"taxonomy":"post_tag","embeddable":true,"href":"https:\/\/www.romaoggi.eu\/index.php\/wp-json\/wp\/v2\/tags?post=28565"}],"curies":[{"name":"wp","href":"https:\/\/api.w.org\/{rel}","templated":true}]}}