{"id":28615,"date":"2021-06-22T21:53:51","date_gmt":"2021-06-22T19:53:51","guid":{"rendered":"http:\/\/www.romaoggi.eu\/?p=28615"},"modified":"2021-06-22T22:06:47","modified_gmt":"2021-06-22T20:06:47","slug":"la-foto-del-giorno-la-giostra","status":"publish","type":"post","link":"https:\/\/www.romaoggi.eu\/index.php\/2021\/06\/22\/la-foto-del-giorno-la-giostra\/","title":{"rendered":"La foto del giorno: &#8220;La Giostra&#8230;&#8221;"},"content":{"rendered":"<p align=\"JUSTIFY\"><strong><span style=\"color: #000000;\">\u201c<span style=\"font-family: Times New Roman, serif;\"><span style=\"font-size: medium;\"><b>La foto del giorno\u201d di mercoled\u00ec 23 giugno 2021 dal titolo <\/b><\/span><\/span><\/span><\/strong><strong><span style=\"color: #1d2228;\"><span style=\"font-family: Times New Roman, serif;\"><span style=\"font-size: medium;\"><b>&#8220;<\/b><\/span><\/span><\/span><\/strong><strong><span style=\"color: #1d2228;\"><span style=\"font-family: Helvetica, Arial, sans-serif;\"><span style=\"font-size: small;\">\u2018La Giostra<\/span><\/span><\/span><\/strong><strong><span style=\"color: #1d2228;\"><span style=\"font-family: Times New Roman, serif;\"><span style=\"font-size: medium;\"><b>&#8220;<\/b><\/span><\/span><\/span><\/strong><strong><span style=\"color: #000000;\"><span style=\"font-family: Times New Roman, serif;\"><span style=\"font-size: medium;\"><b>, ci \u00e8 stata inviata da Gianni Gallucci, da Brindisi. <\/b><\/span><\/span><\/span><\/strong><strong><span style=\"color: #000000;\"><span style=\"font-family: Times New Roman, serif;\"><span style=\"font-size: medium;\">Invia la tua foto del giorno al whats app 3316379346. <\/span><\/span><\/span><\/strong><\/p>\n<p align=\"JUSTIFY\"><strong><span style=\"color: #ff0000;\"><span style=\"font-family: Times New Roman, serif;\"><span style=\"font-size: medium;\"><b>sostieni con una donazione il progetto fotografico di Target Lab.\u00a0 <\/b><\/span><\/span><\/span><\/strong><strong><a href=\"https:\/\/sostieni.link\/28814\"><span style=\"color: #ff0000;\"><span style=\"font-family: Times New Roman, serif;\"><span style=\"font-size: medium;\">https:\/\/sostieni.link\/28814<\/span><\/span><\/span><\/a><\/strong><\/p>\n<p align=\"JUSTIFY\"><strong><span style=\"color: #000000;\"><span style=\"font-family: Times New Roman, serif;\"><span style=\"font-size: medium;\"><b>Il commento di Pina Ianiro <\/b><\/span><\/span><\/span><\/strong><\/p>\n<p align=\"JUSTIFY\"><span style=\"font-family: Times New Roman, serif;\">Si sta fermando la giostra o \u00e8 appena partita? <\/span><\/p>\n<p align=\"JUSTIFY\"><span style=\"font-family: Times New Roman, serif;\">Brindisi, una piazza con una giostra, in un giorno qualsiasi. Un\u2019immagine argentea e senza tempo che accomuna le memorie d\u2019infanzia di tanti. <\/span><\/p>\n<p align=\"JUSTIFY\"><span style=\"font-family: Times New Roman, serif;\">Sebbene sia ancora giorno, un\u2019infinit\u00e0 di lucine contorna i profili della giostra. Quelle stesse lucine la renderanno brillante e irresistibile appena caler\u00e0 la sera, allora sicuramente la pedana esagonale si animer\u00e0 di bambini scalpitanti pronti a restare sospesi, seduti e ben legati, sui seggiolini. Sguardi emozionati, occhi sgranati e vocine chiassose \u2026 Adesso invece, la giostra \u00e8 semi deserta, solo due bambine, forse sorelle, non hanno saputo resistere al richiamo del gioco. La pi\u00f9 piccola si tiene salda alle funi e non riesce a star ferma; la pi\u00f9 grande appare meno coinvolta, un po\u2019 pensierosa, probabilmente le sarebbe piaciuto condividere il momento con pi\u00f9 bambini o semplicemente sta aspettando \u2026 s\u00ec, ma cosa? Che la giostra parta o che si fermi?<\/span><\/p>\n<p align=\"JUSTIFY\"><span style=\"font-family: Times New Roman, serif;\">E\u2019 spettacolare questa foto di Gianni Gallucci che \u00e8 riuscito a cogliere l\u2019attimo perfetto, quello per creare la domanda, per infondere il dubbio e per farci comprendere, in maniera artistica, quanto spesso ci ostiniamo a essere certi di alcune cose senza considerare che mancano dettagli per essere sicuri che quanto pensiamo o affermiamo equivalga a verit\u00e0. <\/span><\/p>\n<p align=\"JUSTIFY\"><a name=\"_GoBack\"><\/a> <span style=\"font-family: Times New Roman, serif;\">Osserviamo l\u2019immagine, la posizione dei seggiolini e delle corde della giostra, lascia intuire il movimento della stessa, ma la rotazione non \u00e8 veloce vista la minima inclinazione delle corde e dei seggiolini che restano ancora prossimi al pilone centrale rotante, infatti, sono poco sollevati, ci\u00f2 accade in due fasi: all\u2019inizio e alla fine del cosiddetto \u201cgiro\u201d. Trattandosi di una foto non abbiamo elementi concreti per stabilire il reale momento, cos\u00ec non resta che <\/span><span style=\"font-family: Times New Roman, serif;\"><i>presumere<\/i><\/span><span style=\"font-family: Times New Roman, serif;\"> e ognuno sar\u00e0 libero di immaginare ci\u00f2 che crede, basta non prendere il vizio di farlo in ogni occasione.<\/span><\/p>\n<p align=\"JUSTIFY\"><strong><span style=\"color: #000000;\"><span style=\"font-family: Times New Roman, serif;\"><span style=\"font-size: medium;\"><b>\u00a9 Pina Ianiro<\/b><\/span><\/span><\/span><\/strong><\/p>\n<p align=\"JUSTIFY\"><span style=\"font-size: medium;\"><strong><span style=\"font-family: Times New Roman, serif;\">Redazione ed editing fotografico a cura di Alessandro Lisci<\/span><\/strong><\/span><\/p>\n<figure id=\"attachment_28618\" aria-describedby=\"caption-attachment-28618\" style=\"width: 1080px\" class=\"wp-caption alignnone\"><img loading=\"lazy\" decoding=\"async\" class=\"size-full wp-image-28618\" src=\"https:\/\/www.romaoggi.eu\/wp-content\/uploads\/2021\/06\/Photo00200-COVER-\u00a9-Gianni-Gallucci-La-Giostra.jpg\" alt=\"alt tag la giostra\" width=\"1080\" height=\"929\" srcset=\"https:\/\/www.romaoggi.eu\/wp-content\/uploads\/2021\/06\/Photo00200-COVER-\u00a9-Gianni-Gallucci-La-Giostra.jpg 1080w, https:\/\/www.romaoggi.eu\/wp-content\/uploads\/2021\/06\/Photo00200-COVER-\u00a9-Gianni-Gallucci-La-Giostra-300x258.jpg 300w, https:\/\/www.romaoggi.eu\/wp-content\/uploads\/2021\/06\/Photo00200-COVER-\u00a9-Gianni-Gallucci-La-Giostra-1024x881.jpg 1024w\" sizes=\"auto, (max-width: 1080px) 100vw, 1080px\" \/><figcaption id=\"caption-attachment-28618\" class=\"wp-caption-text\"><strong>La Giostra \u00a9 Gianni Gallucci<\/strong><\/figcaption><\/figure>\n<p align=\"JUSTIFY\"><strong><span style=\"color: #000000;\"><span style=\"font-family: Times New Roman, serif;\"><span style=\"font-size: medium;\"><b>La foto del giorno \u00e8 la rubrica di Alessandro Lisci su \u00a0 <\/b><\/span><\/span><\/span><\/strong><strong><a href=\"https:\/\/www.romaoggi.eu\/\"><span style=\"color: #000080;\"><span style=\"font-family: Times New Roman, serif;\"><span style=\"font-size: medium;\"><u><b>www.Romaoggi.eu<\/b><\/u><\/span><\/span><\/span><\/a><\/strong><strong><span style=\"color: #000000;\"><span style=\"font-size: medium;\">\u00a0<\/span><\/span><\/strong><strong><span style=\"color: #000000;\"><span style=\"font-family: Times New Roman, serif;\"><span style=\"font-size: medium;\"><b>.\u00a0 Invia la tua foto del giorno con un commento al whatsapp 3316379346 oppure alla seguente mail: alessandrolisci@yahoo.it.<\/b><\/span><\/span><\/span><\/strong><\/p>\n<p align=\"JUSTIFY\"><strong><span style=\"font-size: medium;\">Visita il sito \u00a0: <a href=\"http:\/\/www.alessandrolisci.com\/\">www.alessandrolisci.com<\/a><\/span><\/strong><\/p>\n<p><strong><span style=\"font-family: Times New Roman, serif;\"><span style=\"font-size: medium;\">Pina Ianiro<\/span><\/span><\/strong><span style=\"font-size: medium;\">\u00a0 <\/span><span style=\"font-family: Times New Roman, serif;\"><span style=\"font-size: medium;\">nasce a Caserta, <\/span><\/span><strong><span style=\"font-family: Times New Roman, serif;\"><span style=\"font-size: medium;\">laureata in Sociologia<\/span><\/span><\/strong><span style=\"font-family: Times New Roman, serif;\"><span style=\"font-size: medium;\">. <\/span><\/span><strong><span style=\"font-family: Times New Roman, serif;\"><span style=\"font-size: medium;\">Vive a Roma<\/span><\/span><\/strong> <span style=\"font-family: Times New Roman, serif;\"><span style=\"font-size: medium;\">e l<\/span><\/span><span style=\"font-family: Times New Roman, serif;\"><span style=\"font-size: medium;\"><b>avora come editor<\/b><\/span><\/span><span style=\"font-family: Times New Roman, serif;\"><span style=\"font-size: medium;\"> anche se preferisce definirsi \u201c<\/span><\/span><strong><span style=\"font-family: Times New Roman, serif;\"><span style=\"font-size: medium;\">curatrice di manoscritti<\/span><\/span><\/strong><span style=\"font-size: medium;\">\u201d <\/span><span style=\"font-family: Times New Roman, serif;\"><span style=\"font-size: medium;\">e porta avanti la sua passione per la letteratura e l\u2019arte. <\/span><\/span><strong><span style=\"font-family: Times New Roman, serif;\"><span style=\"font-size: medium;\">Ha pubblicato i romanzi<\/span><\/span><\/strong><span style=\"font-family: Times New Roman, serif;\"><span style=\"font-size: medium;\">:<\/span><\/span><span style=\"font-family: Times New Roman, serif;\"><span style=\"font-size: medium;\"><b>\u201cIl cubo bianco\u201d<\/b><\/span><\/span><span style=\"font-family: Times New Roman, serif;\"><span style=\"font-size: medium;\"> (Giulio Perrone LAB), <\/span><\/span><span style=\"font-family: Times New Roman, serif;\"><span style=\"font-size: medium;\"><b>\u201cQuanto ci mette la neve a cadere\u201d<\/b><\/span><\/span><span style=\"font-family: Times New Roman, serif;\"><span style=\"font-size: medium;\"> (L\u2019Erudita) e una raccolta monografica di racconti e poesie \u201c<\/span><\/span><span style=\"font-family: Times New Roman, serif;\"><span style=\"font-size: medium;\"><b>Amore: maneggiare con prudenza\u201d <\/b><\/span><\/span><span style=\"font-family: Times New Roman, serif;\"><span style=\"font-size: medium;\">(L\u2019Erudita). <\/span><\/span><strong><span style=\"font-family: Times New Roman, serif;\"><span style=\"font-size: medium;\">Oltre che autrice \u00e8 ghostwriter<\/span><\/span><\/strong><span style=\"font-family: Times New Roman, serif;\"><span style=\"font-size: medium;\">. Gestisce il blog <\/span><\/span><strong><span style=\"font-family: Times New Roman, serif;\"><span style=\"font-size: medium;\"><a href=\"http:\/\/www.pinaianiro.blogspot.com\/\">http:\/\/www.pinaianiro.blogspot.com<\/a> .<\/span><\/span><\/strong><\/p>\n<p><span style=\"font-size: medium;\"><img loading=\"lazy\" decoding=\"async\" class=\"alignnone size-full wp-image-27186\" src=\"https:\/\/www.romaoggi.eu\/wp-content\/uploads\/2021\/04\/WhatsApp-Image-2021-04-04-at-19.36.07-e1617645244810.jpeg\" alt=\"alt tag Pina Ianiro\" width=\"60\" height=\"89\" \/>su FB :\u00a0 <a href=\"https:\/\/www.facebook.com\/aria.giaprimavera\">https:\/\/www.facebook.com\/aria.giaprimavera<\/a><\/span><\/p>\n","protected":false},"excerpt":{"rendered":"<div class=\"mh-excerpt\"><p>\u201cLa foto del giorno\u201d di mercoled\u00ec 23 giugno 2021 dal titolo &#8220;\u2018La Giostra&#8220;, ci \u00e8 stata inviata da Gianni Gallucci, da Brindisi. Invia la tua foto del giorno al whats app 3316379346. sostieni con una <a class=\"mh-excerpt-more\" href=\"https:\/\/www.romaoggi.eu\/index.php\/2021\/06\/22\/la-foto-del-giorno-la-giostra\/\" title=\"La foto del giorno: &#8220;La Giostra&#8230;&#8221;\">[&#8230;]<\/a><\/p>\n<\/div>","protected":false},"author":10,"featured_media":28620,"comment_status":"closed","ping_status":"open","sticky":false,"template":"","format":"standard","meta":{"_sitemap_exclude":false,"_sitemap_priority":"","_sitemap_frequency":"","footnotes":""},"categories":[8934],"tags":[14565,14581,4137,11221,274,15223,10420,15298,14496,1738,14580],"class_list":["post-28615","post","type-post","status-publish","format-standard","has-post-thumbnail","hentry","category-lafotodelgiorno","tag-streetphoto","tag-streetphotoroma","tag-alessandro-lisci","tag-brindisi","tag-fotografia","tag-gianni-gallucci","tag-la-foto-del-giorno","tag-la-giostra","tag-pina-ianiro","tag-romaoggi-eu","tag-streetphotography"],"yoast_head":"<!-- This site is optimized with the Yoast SEO plugin v27.5 - https:\/\/yoast.com\/product\/yoast-seo-wordpress\/ -->\n<title>La foto del giorno: &quot;La Giostra...&quot;<\/title>\n<meta name=\"description\" content=\"\u201cLa foto del giorno\u201d di mercoled\u00ec 23 giugno 2021 dal titolo &quot;\u2018La Giostra&quot;, ci \u00e8 stata inviata da Gianni Gallucci, da Brindisi. Invia la tua foto del\" \/>\n<meta name=\"robots\" content=\"index, follow, max-snippet:-1, max-image-preview:large, max-video-preview:-1\" \/>\n<link rel=\"canonical\" href=\"https:\/\/www.romaoggi.eu\/index.php\/2021\/06\/22\/la-foto-del-giorno-la-giostra\/\" \/>\n<meta property=\"og:locale\" content=\"it_IT\" \/>\n<meta property=\"og:type\" content=\"article\" \/>\n<meta property=\"og:title\" content=\"La foto del giorno: &quot;La Giostra...&quot;\" \/>\n<meta property=\"og:description\" content=\"\u201cLa foto del giorno\u201d di mercoled\u00ec 23 giugno 2021 dal titolo &quot;\u2018La Giostra&quot;, ci \u00e8 stata inviata da Gianni Gallucci, da Brindisi. Invia la tua foto del\" \/>\n<meta property=\"og:url\" content=\"https:\/\/www.romaoggi.eu\/index.php\/2021\/06\/22\/la-foto-del-giorno-la-giostra\/\" \/>\n<meta property=\"og:site_name\" content=\"roma oggi\" \/>\n<meta property=\"article:publisher\" content=\"https:\/\/www.facebook.com\/RomaOggi-841544845954114\" \/>\n<meta property=\"article:author\" content=\"https:\/\/www.facebook.com\/alessandro.lisci.5\" \/>\n<meta property=\"article:published_time\" content=\"2021-06-22T19:53:51+00:00\" \/>\n<meta property=\"article:modified_time\" content=\"2021-06-22T20:06:47+00:00\" \/>\n<meta property=\"og:image\" content=\"https:\/\/www.romaoggi.eu\/wp-content\/uploads\/2021\/06\/Photo00200-COVER-\u00a9-Gianni-Gallucci-La-Giostra-1.jpg\" \/>\n\t<meta property=\"og:image:width\" content=\"1080\" \/>\n\t<meta property=\"og:image:height\" content=\"929\" \/>\n\t<meta property=\"og:image:type\" content=\"image\/jpeg\" \/>\n<meta name=\"author\" content=\"Alessandro Lisci\" \/>\n<meta name=\"twitter:card\" content=\"summary_large_image\" \/>\n<meta name=\"twitter:creator\" content=\"@https:\/\/twitter.com\/alessandrolisci\" \/>\n<meta name=\"twitter:site\" content=\"@romaoggi_eu\" \/>\n<meta name=\"twitter:label1\" content=\"Scritto da\" \/>\n\t<meta name=\"twitter:data1\" content=\"Alessandro Lisci\" \/>\n\t<meta name=\"twitter:label2\" content=\"Tempo di lettura stimato\" \/>\n\t<meta name=\"twitter:data2\" content=\"3 minuti\" \/>\n<script type=\"application\/ld+json\" class=\"yoast-schema-graph\">{\"@context\":\"https:\\\/\\\/schema.org\",\"@graph\":[{\"@type\":\"Article\",\"@id\":\"https:\\\/\\\/www.romaoggi.eu\\\/index.php\\\/2021\\\/06\\\/22\\\/la-foto-del-giorno-la-giostra\\\/#article\",\"isPartOf\":{\"@id\":\"https:\\\/\\\/www.romaoggi.eu\\\/index.php\\\/2021\\\/06\\\/22\\\/la-foto-del-giorno-la-giostra\\\/\"},\"author\":{\"name\":\"Alessandro Lisci\",\"@id\":\"https:\\\/\\\/www.romaoggi.eu\\\/#\\\/schema\\\/person\\\/30ada62b3bd510c45a781b7e3bf65e69\"},\"headline\":\"La foto del giorno: &#8220;La Giostra&#8230;&#8221;\",\"datePublished\":\"2021-06-22T19:53:51+00:00\",\"dateModified\":\"2021-06-22T20:06:47+00:00\",\"mainEntityOfPage\":{\"@id\":\"https:\\\/\\\/www.romaoggi.eu\\\/index.php\\\/2021\\\/06\\\/22\\\/la-foto-del-giorno-la-giostra\\\/\"},\"wordCount\":500,\"publisher\":{\"@id\":\"https:\\\/\\\/www.romaoggi.eu\\\/#organization\"},\"image\":{\"@id\":\"https:\\\/\\\/www.romaoggi.eu\\\/index.php\\\/2021\\\/06\\\/22\\\/la-foto-del-giorno-la-giostra\\\/#primaryimage\"},\"thumbnailUrl\":\"https:\\\/\\\/www.romaoggi.eu\\\/wp-content\\\/uploads\\\/2021\\\/06\\\/Photo00200-COVER-\u00a9-Gianni-Gallucci-La-Giostra-1.jpg\",\"keywords\":[\"#streetphoto\",\"#streetphotoroma\",\"alessandro lisci\",\"brindisi\",\"fotografia\",\"gianni gallucci\",\"La foto del giorno\",\"la giostra\",\"pina ianiro\",\"RomaOggi.eu\",\"streetphotography\"],\"articleSection\":[\"La foto del giorno\"],\"inLanguage\":\"it-IT\"},{\"@type\":\"WebPage\",\"@id\":\"https:\\\/\\\/www.romaoggi.eu\\\/index.php\\\/2021\\\/06\\\/22\\\/la-foto-del-giorno-la-giostra\\\/\",\"url\":\"https:\\\/\\\/www.romaoggi.eu\\\/index.php\\\/2021\\\/06\\\/22\\\/la-foto-del-giorno-la-giostra\\\/\",\"name\":\"La foto del giorno: \\\"La Giostra...\\\"\",\"isPartOf\":{\"@id\":\"https:\\\/\\\/www.romaoggi.eu\\\/#website\"},\"primaryImageOfPage\":{\"@id\":\"https:\\\/\\\/www.romaoggi.eu\\\/index.php\\\/2021\\\/06\\\/22\\\/la-foto-del-giorno-la-giostra\\\/#primaryimage\"},\"image\":{\"@id\":\"https:\\\/\\\/www.romaoggi.eu\\\/index.php\\\/2021\\\/06\\\/22\\\/la-foto-del-giorno-la-giostra\\\/#primaryimage\"},\"thumbnailUrl\":\"https:\\\/\\\/www.romaoggi.eu\\\/wp-content\\\/uploads\\\/2021\\\/06\\\/Photo00200-COVER-\u00a9-Gianni-Gallucci-La-Giostra-1.jpg\",\"datePublished\":\"2021-06-22T19:53:51+00:00\",\"dateModified\":\"2021-06-22T20:06:47+00:00\",\"description\":\"\u201cLa foto del giorno\u201d di mercoled\u00ec 23 giugno 2021 dal titolo \\\"\u2018La Giostra\\\", ci \u00e8 stata inviata da Gianni Gallucci, da Brindisi. Invia la tua foto del\",\"breadcrumb\":{\"@id\":\"https:\\\/\\\/www.romaoggi.eu\\\/index.php\\\/2021\\\/06\\\/22\\\/la-foto-del-giorno-la-giostra\\\/#breadcrumb\"},\"inLanguage\":\"it-IT\",\"potentialAction\":[{\"@type\":\"ReadAction\",\"target\":[\"https:\\\/\\\/www.romaoggi.eu\\\/index.php\\\/2021\\\/06\\\/22\\\/la-foto-del-giorno-la-giostra\\\/\"]}]},{\"@type\":\"ImageObject\",\"inLanguage\":\"it-IT\",\"@id\":\"https:\\\/\\\/www.romaoggi.eu\\\/index.php\\\/2021\\\/06\\\/22\\\/la-foto-del-giorno-la-giostra\\\/#primaryimage\",\"url\":\"https:\\\/\\\/www.romaoggi.eu\\\/wp-content\\\/uploads\\\/2021\\\/06\\\/Photo00200-COVER-\u00a9-Gianni-Gallucci-La-Giostra-1.jpg\",\"contentUrl\":\"https:\\\/\\\/www.romaoggi.eu\\\/wp-content\\\/uploads\\\/2021\\\/06\\\/Photo00200-COVER-\u00a9-Gianni-Gallucci-La-Giostra-1.jpg\",\"width\":1080,\"height\":929,\"caption\":\"La Giostra \u00a9 Gianni Gallucci\"},{\"@type\":\"BreadcrumbList\",\"@id\":\"https:\\\/\\\/www.romaoggi.eu\\\/index.php\\\/2021\\\/06\\\/22\\\/la-foto-del-giorno-la-giostra\\\/#breadcrumb\",\"itemListElement\":[{\"@type\":\"ListItem\",\"position\":1,\"name\":\"Home\",\"item\":\"https:\\\/\\\/www.romaoggi.eu\\\/\"},{\"@type\":\"ListItem\",\"position\":2,\"name\":\"La foto del giorno: &#8220;La Giostra&#8230;&#8221;\"}]},{\"@type\":\"WebSite\",\"@id\":\"https:\\\/\\\/www.romaoggi.eu\\\/#website\",\"url\":\"https:\\\/\\\/www.romaoggi.eu\\\/\",\"name\":\"roma oggi\",\"description\":\"Interesting News for Interesting people\",\"publisher\":{\"@id\":\"https:\\\/\\\/www.romaoggi.eu\\\/#organization\"},\"potentialAction\":[{\"@type\":\"SearchAction\",\"target\":{\"@type\":\"EntryPoint\",\"urlTemplate\":\"https:\\\/\\\/www.romaoggi.eu\\\/?s={search_term_string}\"},\"query-input\":{\"@type\":\"PropertyValueSpecification\",\"valueRequired\":true,\"valueName\":\"search_term_string\"}}],\"inLanguage\":\"it-IT\"},{\"@type\":\"Organization\",\"@id\":\"https:\\\/\\\/www.romaoggi.eu\\\/#organization\",\"name\":\"RomaOggi\",\"url\":\"https:\\\/\\\/www.romaoggi.eu\\\/\",\"logo\":{\"@type\":\"ImageObject\",\"inLanguage\":\"it-IT\",\"@id\":\"https:\\\/\\\/www.romaoggi.eu\\\/#\\\/schema\\\/logo\\\/image\\\/\",\"url\":\"https:\\\/\\\/www.romaoggi.eu\\\/wp-content\\\/uploads\\\/2017\\\/04\\\/logowp.jpg\",\"contentUrl\":\"https:\\\/\\\/www.romaoggi.eu\\\/wp-content\\\/uploads\\\/2017\\\/04\\\/logowp.jpg\",\"width\":300,\"height\":133,\"caption\":\"RomaOggi\"},\"image\":{\"@id\":\"https:\\\/\\\/www.romaoggi.eu\\\/#\\\/schema\\\/logo\\\/image\\\/\"},\"sameAs\":[\"https:\\\/\\\/www.facebook.com\\\/RomaOggi-841544845954114\",\"https:\\\/\\\/x.com\\\/romaoggi_eu\"]},{\"@type\":\"Person\",\"@id\":\"https:\\\/\\\/www.romaoggi.eu\\\/#\\\/schema\\\/person\\\/30ada62b3bd510c45a781b7e3bf65e69\",\"name\":\"Alessandro Lisci\",\"image\":{\"@type\":\"ImageObject\",\"inLanguage\":\"it-IT\",\"@id\":\"https:\\\/\\\/secure.gravatar.com\\\/avatar\\\/9b9712162b2ac404aa0d7d978185f203808e7bd02856a449b19868b2eb80cf12?s=96&d=mm&r=g\",\"url\":\"https:\\\/\\\/secure.gravatar.com\\\/avatar\\\/9b9712162b2ac404aa0d7d978185f203808e7bd02856a449b19868b2eb80cf12?s=96&d=mm&r=g\",\"contentUrl\":\"https:\\\/\\\/secure.gravatar.com\\\/avatar\\\/9b9712162b2ac404aa0d7d978185f203808e7bd02856a449b19868b2eb80cf12?s=96&d=mm&r=g\",\"caption\":\"Alessandro Lisci\"},\"sameAs\":[\"http:\\\/\\\/www.alessandrolisci.com\",\"https:\\\/\\\/www.facebook.com\\\/alessandro.lisci.5\",\"https:\\\/\\\/x.com\\\/https:\\\/\\\/twitter.com\\\/alessandrolisci\",\"https:\\\/\\\/www.youtube.com\\\/user\\\/alessandrolisci\"],\"url\":\"https:\\\/\\\/www.romaoggi.eu\\\/index.php\\\/author\\\/alessandro\\\/\"}]}<\/script>\n<!-- \/ Yoast SEO plugin. -->","yoast_head_json":{"title":"La foto del giorno: \"La Giostra...\"","description":"\u201cLa foto del giorno\u201d di mercoled\u00ec 23 giugno 2021 dal titolo \"\u2018La Giostra\", ci \u00e8 stata inviata da Gianni Gallucci, da Brindisi. Invia la tua foto del","robots":{"index":"index","follow":"follow","max-snippet":"max-snippet:-1","max-image-preview":"max-image-preview:large","max-video-preview":"max-video-preview:-1"},"canonical":"https:\/\/www.romaoggi.eu\/index.php\/2021\/06\/22\/la-foto-del-giorno-la-giostra\/","og_locale":"it_IT","og_type":"article","og_title":"La foto del giorno: \"La Giostra...\"","og_description":"\u201cLa foto del giorno\u201d di mercoled\u00ec 23 giugno 2021 dal titolo \"\u2018La Giostra\", ci \u00e8 stata inviata da Gianni Gallucci, da Brindisi. Invia la tua foto del","og_url":"https:\/\/www.romaoggi.eu\/index.php\/2021\/06\/22\/la-foto-del-giorno-la-giostra\/","og_site_name":"roma oggi","article_publisher":"https:\/\/www.facebook.com\/RomaOggi-841544845954114","article_author":"https:\/\/www.facebook.com\/alessandro.lisci.5","article_published_time":"2021-06-22T19:53:51+00:00","article_modified_time":"2021-06-22T20:06:47+00:00","og_image":[{"width":1080,"height":929,"url":"https:\/\/www.romaoggi.eu\/wp-content\/uploads\/2021\/06\/Photo00200-COVER-\u00a9-Gianni-Gallucci-La-Giostra-1.jpg","type":"image\/jpeg"}],"author":"Alessandro Lisci","twitter_card":"summary_large_image","twitter_creator":"@https:\/\/twitter.com\/alessandrolisci","twitter_site":"@romaoggi_eu","twitter_misc":{"Scritto da":"Alessandro Lisci","Tempo di lettura stimato":"3 minuti"},"schema":{"@context":"https:\/\/schema.org","@graph":[{"@type":"Article","@id":"https:\/\/www.romaoggi.eu\/index.php\/2021\/06\/22\/la-foto-del-giorno-la-giostra\/#article","isPartOf":{"@id":"https:\/\/www.romaoggi.eu\/index.php\/2021\/06\/22\/la-foto-del-giorno-la-giostra\/"},"author":{"name":"Alessandro Lisci","@id":"https:\/\/www.romaoggi.eu\/#\/schema\/person\/30ada62b3bd510c45a781b7e3bf65e69"},"headline":"La foto del giorno: &#8220;La Giostra&#8230;&#8221;","datePublished":"2021-06-22T19:53:51+00:00","dateModified":"2021-06-22T20:06:47+00:00","mainEntityOfPage":{"@id":"https:\/\/www.romaoggi.eu\/index.php\/2021\/06\/22\/la-foto-del-giorno-la-giostra\/"},"wordCount":500,"publisher":{"@id":"https:\/\/www.romaoggi.eu\/#organization"},"image":{"@id":"https:\/\/www.romaoggi.eu\/index.php\/2021\/06\/22\/la-foto-del-giorno-la-giostra\/#primaryimage"},"thumbnailUrl":"https:\/\/www.romaoggi.eu\/wp-content\/uploads\/2021\/06\/Photo00200-COVER-\u00a9-Gianni-Gallucci-La-Giostra-1.jpg","keywords":["#streetphoto","#streetphotoroma","alessandro lisci","brindisi","fotografia","gianni gallucci","La foto del giorno","la giostra","pina ianiro","RomaOggi.eu","streetphotography"],"articleSection":["La foto del giorno"],"inLanguage":"it-IT"},{"@type":"WebPage","@id":"https:\/\/www.romaoggi.eu\/index.php\/2021\/06\/22\/la-foto-del-giorno-la-giostra\/","url":"https:\/\/www.romaoggi.eu\/index.php\/2021\/06\/22\/la-foto-del-giorno-la-giostra\/","name":"La foto del giorno: \"La Giostra...\"","isPartOf":{"@id":"https:\/\/www.romaoggi.eu\/#website"},"primaryImageOfPage":{"@id":"https:\/\/www.romaoggi.eu\/index.php\/2021\/06\/22\/la-foto-del-giorno-la-giostra\/#primaryimage"},"image":{"@id":"https:\/\/www.romaoggi.eu\/index.php\/2021\/06\/22\/la-foto-del-giorno-la-giostra\/#primaryimage"},"thumbnailUrl":"https:\/\/www.romaoggi.eu\/wp-content\/uploads\/2021\/06\/Photo00200-COVER-\u00a9-Gianni-Gallucci-La-Giostra-1.jpg","datePublished":"2021-06-22T19:53:51+00:00","dateModified":"2021-06-22T20:06:47+00:00","description":"\u201cLa foto del giorno\u201d di mercoled\u00ec 23 giugno 2021 dal titolo \"\u2018La Giostra\", ci \u00e8 stata inviata da Gianni Gallucci, da Brindisi. Invia la tua foto del","breadcrumb":{"@id":"https:\/\/www.romaoggi.eu\/index.php\/2021\/06\/22\/la-foto-del-giorno-la-giostra\/#breadcrumb"},"inLanguage":"it-IT","potentialAction":[{"@type":"ReadAction","target":["https:\/\/www.romaoggi.eu\/index.php\/2021\/06\/22\/la-foto-del-giorno-la-giostra\/"]}]},{"@type":"ImageObject","inLanguage":"it-IT","@id":"https:\/\/www.romaoggi.eu\/index.php\/2021\/06\/22\/la-foto-del-giorno-la-giostra\/#primaryimage","url":"https:\/\/www.romaoggi.eu\/wp-content\/uploads\/2021\/06\/Photo00200-COVER-\u00a9-Gianni-Gallucci-La-Giostra-1.jpg","contentUrl":"https:\/\/www.romaoggi.eu\/wp-content\/uploads\/2021\/06\/Photo00200-COVER-\u00a9-Gianni-Gallucci-La-Giostra-1.jpg","width":1080,"height":929,"caption":"La Giostra \u00a9 Gianni Gallucci"},{"@type":"BreadcrumbList","@id":"https:\/\/www.romaoggi.eu\/index.php\/2021\/06\/22\/la-foto-del-giorno-la-giostra\/#breadcrumb","itemListElement":[{"@type":"ListItem","position":1,"name":"Home","item":"https:\/\/www.romaoggi.eu\/"},{"@type":"ListItem","position":2,"name":"La foto del giorno: &#8220;La Giostra&#8230;&#8221;"}]},{"@type":"WebSite","@id":"https:\/\/www.romaoggi.eu\/#website","url":"https:\/\/www.romaoggi.eu\/","name":"roma oggi","description":"Interesting News for Interesting people","publisher":{"@id":"https:\/\/www.romaoggi.eu\/#organization"},"potentialAction":[{"@type":"SearchAction","target":{"@type":"EntryPoint","urlTemplate":"https:\/\/www.romaoggi.eu\/?s={search_term_string}"},"query-input":{"@type":"PropertyValueSpecification","valueRequired":true,"valueName":"search_term_string"}}],"inLanguage":"it-IT"},{"@type":"Organization","@id":"https:\/\/www.romaoggi.eu\/#organization","name":"RomaOggi","url":"https:\/\/www.romaoggi.eu\/","logo":{"@type":"ImageObject","inLanguage":"it-IT","@id":"https:\/\/www.romaoggi.eu\/#\/schema\/logo\/image\/","url":"https:\/\/www.romaoggi.eu\/wp-content\/uploads\/2017\/04\/logowp.jpg","contentUrl":"https:\/\/www.romaoggi.eu\/wp-content\/uploads\/2017\/04\/logowp.jpg","width":300,"height":133,"caption":"RomaOggi"},"image":{"@id":"https:\/\/www.romaoggi.eu\/#\/schema\/logo\/image\/"},"sameAs":["https:\/\/www.facebook.com\/RomaOggi-841544845954114","https:\/\/x.com\/romaoggi_eu"]},{"@type":"Person","@id":"https:\/\/www.romaoggi.eu\/#\/schema\/person\/30ada62b3bd510c45a781b7e3bf65e69","name":"Alessandro Lisci","image":{"@type":"ImageObject","inLanguage":"it-IT","@id":"https:\/\/secure.gravatar.com\/avatar\/9b9712162b2ac404aa0d7d978185f203808e7bd02856a449b19868b2eb80cf12?s=96&d=mm&r=g","url":"https:\/\/secure.gravatar.com\/avatar\/9b9712162b2ac404aa0d7d978185f203808e7bd02856a449b19868b2eb80cf12?s=96&d=mm&r=g","contentUrl":"https:\/\/secure.gravatar.com\/avatar\/9b9712162b2ac404aa0d7d978185f203808e7bd02856a449b19868b2eb80cf12?s=96&d=mm&r=g","caption":"Alessandro Lisci"},"sameAs":["http:\/\/www.alessandrolisci.com","https:\/\/www.facebook.com\/alessandro.lisci.5","https:\/\/x.com\/https:\/\/twitter.com\/alessandrolisci","https:\/\/www.youtube.com\/user\/alessandrolisci"],"url":"https:\/\/www.romaoggi.eu\/index.php\/author\/alessandro\/"}]}},"_links":{"self":[{"href":"https:\/\/www.romaoggi.eu\/index.php\/wp-json\/wp\/v2\/posts\/28615","targetHints":{"allow":["GET"]}}],"collection":[{"href":"https:\/\/www.romaoggi.eu\/index.php\/wp-json\/wp\/v2\/posts"}],"about":[{"href":"https:\/\/www.romaoggi.eu\/index.php\/wp-json\/wp\/v2\/types\/post"}],"author":[{"embeddable":true,"href":"https:\/\/www.romaoggi.eu\/index.php\/wp-json\/wp\/v2\/users\/10"}],"replies":[{"embeddable":true,"href":"https:\/\/www.romaoggi.eu\/index.php\/wp-json\/wp\/v2\/comments?post=28615"}],"version-history":[{"count":4,"href":"https:\/\/www.romaoggi.eu\/index.php\/wp-json\/wp\/v2\/posts\/28615\/revisions"}],"predecessor-version":[{"id":28621,"href":"https:\/\/www.romaoggi.eu\/index.php\/wp-json\/wp\/v2\/posts\/28615\/revisions\/28621"}],"wp:featuredmedia":[{"embeddable":true,"href":"https:\/\/www.romaoggi.eu\/index.php\/wp-json\/wp\/v2\/media\/28620"}],"wp:attachment":[{"href":"https:\/\/www.romaoggi.eu\/index.php\/wp-json\/wp\/v2\/media?parent=28615"}],"wp:term":[{"taxonomy":"category","embeddable":true,"href":"https:\/\/www.romaoggi.eu\/index.php\/wp-json\/wp\/v2\/categories?post=28615"},{"taxonomy":"post_tag","embeddable":true,"href":"https:\/\/www.romaoggi.eu\/index.php\/wp-json\/wp\/v2\/tags?post=28615"}],"curies":[{"name":"wp","href":"https:\/\/api.w.org\/{rel}","templated":true}]}}