{"id":28651,"date":"2021-06-27T10:48:55","date_gmt":"2021-06-27T08:48:55","guid":{"rendered":"http:\/\/www.romaoggi.eu\/?p=28651"},"modified":"2021-06-27T10:48:55","modified_gmt":"2021-06-27T08:48:55","slug":"a-roma-il-gay-pride-torna-per-parlare-di-diritti-e-difendere-il-ddl-zan-di-laura-aluisi","status":"publish","type":"post","link":"https:\/\/www.romaoggi.eu\/index.php\/2021\/06\/27\/a-roma-il-gay-pride-torna-per-parlare-di-diritti-e-difendere-il-ddl-zan-di-laura-aluisi\/","title":{"rendered":"A Roma il Gay Pride torna per parlare di diritti e difendere il DDL Zan&#8230; di Laura Aluisi"},"content":{"rendered":"<p align=\"JUSTIFY\"><span style=\"color: #000000;\"><span style=\"font-family: Times New Roman, serif;\"><span style=\"font-size: medium;\"><span lang=\"en-GB\"><b>A Roma il Gay Pride torna a colorare le piazze per parlare di diritti e difendere il DDL Zan.<\/b><\/span><\/span><\/span><\/span><\/p>\n<p align=\"JUSTIFY\"><span style=\"color: #000000;\"><span style=\"font-family: Times New Roman, serif;\"><span style=\"font-size: medium;\"><span lang=\"en-GB\">Torna in presenza il Gay Pride per questa edizione 2021, dopo il lungo periodo di restrizioni dovute alla pandemia. E lo fa organizzando una manifestazione stanziale a Piazza Vittorio Emanuele a Roma, rinunciando alla sfilata consueta con carri e musica, a causa dell\u2019emergenza Covid ancora in atto. La larghissima partecipazione ha poi fatto spostare i tanti giovani, giovanissimi ed adulti che hanno sfilato in corteo fino a Piazza della Repubblica.<\/span><\/span><\/span><\/span><\/p>\n<p align=\"JUSTIFY\"><span style=\"color: #000000;\">\u201c<span style=\"font-family: Times New Roman, serif;\"><span style=\"font-size: medium;\"><span lang=\"en-GB\">Orgoglio e ostentazione\u201d e\u2019 il titolo del Gay Pride di quest\u2019anno, che oltre alla manifestazione in piazza, ha previsto un ricco calendario di eventi, proiezioni, concerti e dibattiti per tutto il mese di Giugno, un vero e proprio \u201cPride Month\u201d. L\u2019intento e\u2019 stato quello di dedicare questo Gay Pride <\/span><\/span><\/span><\/span><span style=\"color: #000000;\"><span style=\"font-family: Times New Roman, serif;\"><span style=\"font-size: medium;\">al mondo del teatro, colpito duramente dalla pandemia, con lo scopo di protegggere uno spazio di aggregazione sociale, avanguardia della visibilit\u00e0 della nostra comunit\u00e0 LGBTIQA+. <\/span><\/span><\/span><\/p>\n<p align=\"JUSTIFY\"><span style=\"color: #000000;\"><span style=\"font-family: Times New Roman, serif;\"><span style=\"font-size: medium;\"><span lang=\"en-GB\">E\u2019 molto chiaro il messaggio, come si evince dal documento politico sul sito del Pride: \u201c<\/span><\/span><\/span><\/span><span style=\"color: #000000;\"><span style=\"font-family: Times New Roman, serif;\"><span style=\"font-size: medium;\">Vogliamo una societ\u00e0 diversa, libera, laica, femminista, trans-femminista, antirazzista, ecologista, antifascista e che rispetti pienamente il dettato degli articoli 2 e 3 della nostra Costituzione\u201d.<\/span><\/span><\/span><\/p>\n<figure id=\"attachment_28653\" aria-describedby=\"caption-attachment-28653\" style=\"width: 2048px\" class=\"wp-caption alignnone\"><img loading=\"lazy\" decoding=\"async\" class=\"size-full wp-image-28653\" src=\"https:\/\/www.romaoggi.eu\/wp-content\/uploads\/2021\/06\/Photo01-Gay-Pride-Roma-\u00a9-Laura-Aloisi.jpg\" alt=\"alt tag gay pride\" width=\"2048\" height=\"1365\" srcset=\"https:\/\/www.romaoggi.eu\/wp-content\/uploads\/2021\/06\/Photo01-Gay-Pride-Roma-\u00a9-Laura-Aloisi.jpg 2048w, https:\/\/www.romaoggi.eu\/wp-content\/uploads\/2021\/06\/Photo01-Gay-Pride-Roma-\u00a9-Laura-Aloisi-300x200.jpg 300w, https:\/\/www.romaoggi.eu\/wp-content\/uploads\/2021\/06\/Photo01-Gay-Pride-Roma-\u00a9-Laura-Aloisi-1024x683.jpg 1024w, https:\/\/www.romaoggi.eu\/wp-content\/uploads\/2021\/06\/Photo01-Gay-Pride-Roma-\u00a9-Laura-Aloisi-1536x1024.jpg 1536w\" sizes=\"auto, (max-width: 2048px) 100vw, 2048px\" \/><figcaption id=\"caption-attachment-28653\" class=\"wp-caption-text\">Gay Pride 2021 Roma \u00a9 Laura Aloisi<\/figcaption><\/figure>\n<p align=\"JUSTIFY\"><span style=\"font-family: Times New Roman, serif;\"><span style=\"font-size: medium;\"><span style=\"color: #000000;\"><span lang=\"en-GB\">In questa edizione il Pride fa propria la difesa del DDL Zan, disegno di legge che mira a <\/span><\/span><span style=\"color: #000000;\">contrastare i reati di razzismo e che prevede il carcere da 1 ai 4 anni per chi istiga alla violenza omofobica, intervenendo sull&#8217;articolo 604 bis del codice penale. Nello stesso DDL trova poi spazio una parte non repressive, ma che mira a diffondere la cultura della tolleranza. In particolare viene istituita una data italiana, il giorno 17 maggio, quale &#8220;Giornata nazionale contro l&#8217;omofobia, la lesbofobia, la bifobia e la transfobia&#8221;.<\/span><\/span><\/span><\/p>\n<p align=\"JUSTIFY\"><span style=\"font-family: Times New Roman, serif;\"><span style=\"font-size: medium;\"><span style=\"color: #000000;\">Prorio su questi temi, scambiamo due parole con Imma <\/span><span style=\"color: #000000;\"><span lang=\"en-GB\">Battaglia, storica militante ed ex-Presidente del Circolo Mario Mieli, candidata sindaca per Liberare Roma, che dichiara con forza: \u201cOggi e\u2019 un Gay Pride sicuramente speciale perche\u2019 e\u2019 un Gay Pride di lotta, contro l\u2019ingerenza dello Stato Vaticano, per la laicita\u2019 dello Stato, per l\u2019approvazione piu\u2019 rapida possible del DDL Zan. Non si puo\u2019 piu\u2019 continuare ad aspettare un tempo indefinito, perche\u2019 tutte le persone e tutta la popolazione <\/span><\/span><span style=\"color: #000000;\">LGBTIQA+<\/span><span style=\"color: #000000;\"><span lang=\"en-GB\"> possa vivere una vita ugualmente e degnamente riconosciuta, senza creare alcuna ipocrisia e disinformazione sul tema della discriminazione e della violenza di genere. Il DDL Zan e\u2019 il motivo per cui oggi io ed Eva (Grimaldi) saremo in piazza, insieme a Liberare Roma, perche\u2019 la societa\u2019 in cui vogliamo vivere e\u2019 una societa\u2019 che non fa piu\u2019 nessuna differenza e che comunque mette al primo posto l\u2019uguaglianza e la parita\u2019 di genere, di dignita\u2019 e di diritto\u201d.<\/span><\/span><\/span><\/span><\/p>\n<p align=\"JUSTIFY\"><span style=\"font-family: Times New Roman, serif;\"><span style=\"font-size: medium;\"><span style=\"color: #000000;\"><span lang=\"en-GB\">Sono tante le realta\u2019 politiche e non, le associazioni, le comunita\u2019 che incontriamo a Piazza Vittorio oggi. La folla e\u2019 composta anche di tantissimi giovani e giovannissimi, che esprimono un desiderio di essere autentici e di rivendicare il diritto a non essere discriminati per le loro scelte sessuali. <\/span><\/span><\/span><\/span><\/p>\n<p align=\"JUSTIFY\"><a name=\"_GoBack\"><\/a> <span style=\"font-family: Times New Roman, serif;\"><span style=\"font-size: medium;\"><span style=\"color: #000000;\"><span lang=\"en-GB\">Non mancano gli attacchi, netti ed ironici, al Vaticano, aspramente criticato per le recenti dichiarazioni rivolte al DDL Zan, secondo la Santa Sede contrario ai principi del Condordato.<\/span><\/span><\/span><\/span><\/p>\n<figure id=\"attachment_28654\" aria-describedby=\"caption-attachment-28654\" style=\"width: 2048px\" class=\"wp-caption alignnone\"><img loading=\"lazy\" decoding=\"async\" class=\"size-full wp-image-28654\" src=\"https:\/\/www.romaoggi.eu\/wp-content\/uploads\/2021\/06\/Photo02-Gay-Pride-Roma-\u00a9-Laura-Aloisi.jpg\" alt=\"alt tag gay pride\" width=\"2048\" height=\"1365\" srcset=\"https:\/\/www.romaoggi.eu\/wp-content\/uploads\/2021\/06\/Photo02-Gay-Pride-Roma-\u00a9-Laura-Aloisi.jpg 2048w, https:\/\/www.romaoggi.eu\/wp-content\/uploads\/2021\/06\/Photo02-Gay-Pride-Roma-\u00a9-Laura-Aloisi-300x200.jpg 300w, https:\/\/www.romaoggi.eu\/wp-content\/uploads\/2021\/06\/Photo02-Gay-Pride-Roma-\u00a9-Laura-Aloisi-1024x683.jpg 1024w, https:\/\/www.romaoggi.eu\/wp-content\/uploads\/2021\/06\/Photo02-Gay-Pride-Roma-\u00a9-Laura-Aloisi-1536x1024.jpg 1536w\" sizes=\"auto, (max-width: 2048px) 100vw, 2048px\" \/><figcaption id=\"caption-attachment-28654\" class=\"wp-caption-text\">Gay Pride 2021 Roma \u00a9 Laura Aloisi<\/figcaption><\/figure>\n<p align=\"JUSTIFY\"><span style=\"color: #000000;\"><span style=\"font-family: Times New Roman, serif;\"><span style=\"font-size: medium;\"><span lang=\"en-GB\">Anche Andrea Catarci, ex-presidente del Municipio RM VIII e membro del Comitato elettorale \u201cLiberare Roma\u201d, sostenitore del Pride, dichiara &#8220;I diritti civili e le libert\u00e0 personali vanno tenuti insieme ai diritti sociali, non vanno scissi da essi e tantomeno va assecondata la follia di contrapporli. Essi sono un terreno fondamentale per chi si batte per il complesso miglioramento della qualit\u00e0 della vita\u201d. E continua Andrea Catarci, che ha sostenuto la candidatura di Imma Battaglia a Sindaca di Roma. \u201cNonostante il Vaticano, fino all&#8217;avvento di M5s e Raggi si \u00e8 fatto un percorso importante, grazie ai Pride, all&#8217;associazionismo, ai movimenti e alle forze politiche che lo hanno promosso e sostenuto, grazie ai primi atti pionieristici dei Municipi in tema di unioni civili e testamenti biologici, grazie al meritorio avanzamento di portare una parte di essi in Campidoglio voluto dall&#8217;ex Sindaco Marino. Poi pi\u00f9 niente, solo ostilit\u00e0 e disinteresse della Sindaca e dei suoi, sia al centro che nei Municipi. \u00c8 ora di ritornare a correre e un Pride in presenza dopo gli anni virtuali \u00e8 il miglior inizio possibile&#8230;&#8221;<\/span><\/span><\/span><\/span><\/p>\n<figure id=\"attachment_28656\" aria-describedby=\"caption-attachment-28656\" style=\"width: 2048px\" class=\"wp-caption alignnone\"><img loading=\"lazy\" decoding=\"async\" class=\"size-full wp-image-28656\" src=\"https:\/\/www.romaoggi.eu\/wp-content\/uploads\/2021\/06\/Photo04-Gay-Pride-Roma-\u00a9-Laura-Aloisi.jpg\" alt=\"alt tag gay pride\" width=\"2048\" height=\"1365\" srcset=\"https:\/\/www.romaoggi.eu\/wp-content\/uploads\/2021\/06\/Photo04-Gay-Pride-Roma-\u00a9-Laura-Aloisi.jpg 2048w, https:\/\/www.romaoggi.eu\/wp-content\/uploads\/2021\/06\/Photo04-Gay-Pride-Roma-\u00a9-Laura-Aloisi-300x200.jpg 300w, https:\/\/www.romaoggi.eu\/wp-content\/uploads\/2021\/06\/Photo04-Gay-Pride-Roma-\u00a9-Laura-Aloisi-1024x683.jpg 1024w, https:\/\/www.romaoggi.eu\/wp-content\/uploads\/2021\/06\/Photo04-Gay-Pride-Roma-\u00a9-Laura-Aloisi-1536x1024.jpg 1536w\" sizes=\"auto, (max-width: 2048px) 100vw, 2048px\" \/><figcaption id=\"caption-attachment-28656\" class=\"wp-caption-text\">Gay Pride 2021 Roma \u00a9 Laura Aloisi<\/figcaption><\/figure>\n<p align=\"JUSTIFY\"><span style=\"color: #000000;\"><span style=\"font-family: Times New Roman, serif;\"><span style=\"font-size: medium;\"><span lang=\"en-GB\">Anche Controchiave, l\u2019associazione culturale romana organizzatrice della Festa per la Cultura che quest\u2019anno giunge alla sua 28esima edizione (2-3-4 luglio alla scuola Principe di Piemonte di Via Ostiense 263), sostiene da sempre il Gay Pride. \u201cNoi siamo un\u2019associazione attiva da ben 30 anni con progetti legati al territorio e all\u2019accesso libero alle arti e alla cultura come punto di scambio e discussione\u201d dichiara Tiziana Battiston, membro di Controchiave. \u201cSiamo, quindi, in coerenza coi nostri contenuti, impegnati nella promozione del dialogo su ogni fronte: Controchiave promuove l\u2019inclusione e l\u2019apertura verso la parit\u00e0 di genere, crede nell\u2019autodeterminazione delle persone e prende posizione contro l\u2019omolesbobitransfobia e contro ogni discriminazione basata su etnia, genere, identit\u00e0 sessuale. Saremo sempre al fianco degli attivisti e delle attiviste dei movimenti <\/span><\/span><\/span><\/span><span style=\"color: #000000;\"><span style=\"font-family: Times New Roman, serif;\"><span style=\"font-size: medium;\">LGBTIQA+<\/span><\/span><\/span><span style=\"color: #000000;\"><span style=\"font-family: Times New Roman, serif;\"><span style=\"font-size: medium;\"><span lang=\"en-GB\">\u201d.<\/span><\/span><\/span><\/span><\/p>\n<p align=\"JUSTIFY\"><span style=\"color: #000000;\"><span style=\"font-family: Times New Roman, serif;\"><span style=\"font-size: medium;\"><span lang=\"en-GB\">La manifestazione si chiude con un richiamo forte: \u201c<\/span><\/span><\/span><\/span><span style=\"color: #000000;\"><span style=\"font-family: Times New Roman, serif;\"><span style=\"font-size: medium;\">Lottiamo per un mondo nuovo e possibile\u201d.<\/span><\/span><\/span><\/p>\n<p align=\"JUSTIFY\"><strong><span style=\"font-family: Times New Roman, serif;\"><span style=\"font-size: medium;\"><span lang=\"en-GB\">\u00a9 Laura Aluisi<\/span><\/span><\/span><\/strong><\/p>\n<p align=\"JUSTIFY\"><strong><span style=\"font-family: Times New Roman, serif;\"><span style=\"font-size: medium;\"><span lang=\"en-GB\">Ufficio Stampa di Controchiave<\/span><\/span><\/span><\/strong><\/p>\n<p align=\"JUSTIFY\"><strong>Redazione ed editing fotografico di Alessandro Lisci<\/strong><\/p>\n<figure id=\"attachment_28655\" aria-describedby=\"caption-attachment-28655\" style=\"width: 2048px\" class=\"wp-caption alignnone\"><img loading=\"lazy\" decoding=\"async\" class=\"size-full wp-image-28655\" src=\"https:\/\/www.romaoggi.eu\/wp-content\/uploads\/2021\/06\/Photo03-Gay-Pride-Roma-\u00a9-Laura-Aloisi.jpg\" alt=\"alt tag gay pride\" width=\"2048\" height=\"1536\" srcset=\"https:\/\/www.romaoggi.eu\/wp-content\/uploads\/2021\/06\/Photo03-Gay-Pride-Roma-\u00a9-Laura-Aloisi.jpg 2048w, https:\/\/www.romaoggi.eu\/wp-content\/uploads\/2021\/06\/Photo03-Gay-Pride-Roma-\u00a9-Laura-Aloisi-300x225.jpg 300w, https:\/\/www.romaoggi.eu\/wp-content\/uploads\/2021\/06\/Photo03-Gay-Pride-Roma-\u00a9-Laura-Aloisi-1024x768.jpg 1024w, https:\/\/www.romaoggi.eu\/wp-content\/uploads\/2021\/06\/Photo03-Gay-Pride-Roma-\u00a9-Laura-Aloisi-1536x1152.jpg 1536w, https:\/\/www.romaoggi.eu\/wp-content\/uploads\/2021\/06\/Photo03-Gay-Pride-Roma-\u00a9-Laura-Aloisi-326x245.jpg 326w, https:\/\/www.romaoggi.eu\/wp-content\/uploads\/2021\/06\/Photo03-Gay-Pride-Roma-\u00a9-Laura-Aloisi-80x60.jpg 80w\" sizes=\"auto, (max-width: 2048px) 100vw, 2048px\" \/><figcaption id=\"caption-attachment-28655\" class=\"wp-caption-text\">Gay Pride 2021 Roma \u00a9 Laura Aloisi<\/figcaption><\/figure>\n<p>&nbsp;<\/p>\n<figure id=\"attachment_28658\" aria-describedby=\"caption-attachment-28658\" style=\"width: 2048px\" class=\"wp-caption alignnone\"><img loading=\"lazy\" decoding=\"async\" class=\"size-full wp-image-28658\" src=\"https:\/\/www.romaoggi.eu\/wp-content\/uploads\/2021\/06\/Photo06-Gay-Pride-Roma-\u00a9-Laura-Aloisi.jpg\" alt=\"alt tag gay pride\" width=\"2048\" height=\"1536\" srcset=\"https:\/\/www.romaoggi.eu\/wp-content\/uploads\/2021\/06\/Photo06-Gay-Pride-Roma-\u00a9-Laura-Aloisi.jpg 2048w, https:\/\/www.romaoggi.eu\/wp-content\/uploads\/2021\/06\/Photo06-Gay-Pride-Roma-\u00a9-Laura-Aloisi-300x225.jpg 300w, https:\/\/www.romaoggi.eu\/wp-content\/uploads\/2021\/06\/Photo06-Gay-Pride-Roma-\u00a9-Laura-Aloisi-1024x768.jpg 1024w, https:\/\/www.romaoggi.eu\/wp-content\/uploads\/2021\/06\/Photo06-Gay-Pride-Roma-\u00a9-Laura-Aloisi-1536x1152.jpg 1536w, https:\/\/www.romaoggi.eu\/wp-content\/uploads\/2021\/06\/Photo06-Gay-Pride-Roma-\u00a9-Laura-Aloisi-326x245.jpg 326w, https:\/\/www.romaoggi.eu\/wp-content\/uploads\/2021\/06\/Photo06-Gay-Pride-Roma-\u00a9-Laura-Aloisi-80x60.jpg 80w\" sizes=\"auto, (max-width: 2048px) 100vw, 2048px\" \/><figcaption id=\"caption-attachment-28658\" class=\"wp-caption-text\">Gay Pride 2021 Roma \u00a9 Laura Aloisi<\/figcaption><\/figure>\n<p>&nbsp;<\/p>\n<figure id=\"attachment_28659\" aria-describedby=\"caption-attachment-28659\" style=\"width: 2048px\" class=\"wp-caption alignnone\"><img loading=\"lazy\" decoding=\"async\" class=\"size-full wp-image-28659\" src=\"https:\/\/www.romaoggi.eu\/wp-content\/uploads\/2021\/06\/Photo07-Gay-Pride-Roma-\u00a9-Laura-Aloisi.jpg\" alt=\"alt tag gay pride\" width=\"2048\" height=\"1365\" srcset=\"https:\/\/www.romaoggi.eu\/wp-content\/uploads\/2021\/06\/Photo07-Gay-Pride-Roma-\u00a9-Laura-Aloisi.jpg 2048w, https:\/\/www.romaoggi.eu\/wp-content\/uploads\/2021\/06\/Photo07-Gay-Pride-Roma-\u00a9-Laura-Aloisi-300x200.jpg 300w, https:\/\/www.romaoggi.eu\/wp-content\/uploads\/2021\/06\/Photo07-Gay-Pride-Roma-\u00a9-Laura-Aloisi-1024x683.jpg 1024w, https:\/\/www.romaoggi.eu\/wp-content\/uploads\/2021\/06\/Photo07-Gay-Pride-Roma-\u00a9-Laura-Aloisi-1536x1024.jpg 1536w\" sizes=\"auto, (max-width: 2048px) 100vw, 2048px\" \/><figcaption id=\"caption-attachment-28659\" class=\"wp-caption-text\">Gay Pride 2021 Roma \u00a9 Laura Aloisi<\/figcaption><\/figure>\n","protected":false},"excerpt":{"rendered":"<div class=\"mh-excerpt\"><p>A Roma il Gay Pride torna a colorare le piazze per parlare di diritti e difendere il DDL Zan. Torna in presenza il Gay Pride per questa edizione 2021, dopo il lungo periodo di restrizioni <a class=\"mh-excerpt-more\" href=\"https:\/\/www.romaoggi.eu\/index.php\/2021\/06\/27\/a-roma-il-gay-pride-torna-per-parlare-di-diritti-e-difendere-il-ddl-zan-di-laura-aluisi\/\" title=\"A Roma il Gay Pride torna per parlare di diritti e difendere il DDL Zan&#8230; di Laura Aluisi\">[&#8230;]<\/a><\/p>\n<\/div>","protected":false},"author":10,"featured_media":28657,"comment_status":"closed","ping_status":"open","sticky":false,"template":"","format":"standard","meta":{"_sitemap_exclude":false,"_sitemap_priority":"","_sitemap_frequency":"","footnotes":""},"categories":[522],"tags":[15310,15301,15308,15309,7432,15311,15312,15313],"class_list":["post-28651","post","type-post","status-publish","format-standard","has-post-thumbnail","hentry","category-attualita","tag-andrea-catarci","tag-associazione-culturale-controchiave","tag-ddl-zan","tag-gay-pride","tag-imma-battaglia","tag-laura-aluisi","tag-lgbtiqa","tag-municipio-rm-viii"],"yoast_head":"<!-- This site is optimized with the Yoast SEO plugin v27.5 - https:\/\/yoast.com\/product\/yoast-seo-wordpress\/ -->\n<title>A Roma il Gay Pride torna per parlare di diritti e difendere il DDL Zan... di Laura Aluisi<\/title>\n<meta name=\"description\" content=\"A Roma il Gay Pride torna a colorare le piazze per parlare di diritti e difendere il DDL Zan. Torna in presenza il Gay Pride per questa edizione 2021,\" \/>\n<meta name=\"robots\" content=\"index, follow, max-snippet:-1, max-image-preview:large, max-video-preview:-1\" \/>\n<link rel=\"canonical\" href=\"https:\/\/www.romaoggi.eu\/index.php\/2021\/06\/27\/a-roma-il-gay-pride-torna-per-parlare-di-diritti-e-difendere-il-ddl-zan-di-laura-aluisi\/\" \/>\n<meta property=\"og:locale\" content=\"it_IT\" \/>\n<meta property=\"og:type\" content=\"article\" \/>\n<meta property=\"og:title\" content=\"A Roma il Gay Pride torna per parlare di diritti e difendere il DDL Zan... di Laura Aluisi\" \/>\n<meta property=\"og:description\" content=\"A Roma il Gay Pride torna a colorare le piazze per parlare di diritti e difendere il DDL Zan. Torna in presenza il Gay Pride per questa edizione 2021,\" \/>\n<meta property=\"og:url\" content=\"https:\/\/www.romaoggi.eu\/index.php\/2021\/06\/27\/a-roma-il-gay-pride-torna-per-parlare-di-diritti-e-difendere-il-ddl-zan-di-laura-aluisi\/\" \/>\n<meta property=\"og:site_name\" content=\"roma oggi\" \/>\n<meta property=\"article:publisher\" content=\"https:\/\/www.facebook.com\/RomaOggi-841544845954114\" \/>\n<meta property=\"article:author\" content=\"https:\/\/www.facebook.com\/alessandro.lisci.5\" \/>\n<meta property=\"article:published_time\" content=\"2021-06-27T08:48:55+00:00\" \/>\n<meta property=\"og:image\" content=\"https:\/\/www.romaoggi.eu\/wp-content\/uploads\/2021\/06\/Photo05-Gay-Pride-Roma-\u00a9-Laura-Aloisi.jpg\" \/>\n\t<meta property=\"og:image:width\" content=\"2048\" \/>\n\t<meta property=\"og:image:height\" content=\"1536\" \/>\n\t<meta property=\"og:image:type\" content=\"image\/jpeg\" \/>\n<meta name=\"author\" content=\"Alessandro Lisci\" \/>\n<meta name=\"twitter:card\" content=\"summary_large_image\" \/>\n<meta name=\"twitter:creator\" content=\"@https:\/\/twitter.com\/alessandrolisci\" \/>\n<meta name=\"twitter:site\" content=\"@romaoggi_eu\" \/>\n<meta name=\"twitter:label1\" content=\"Scritto da\" \/>\n\t<meta name=\"twitter:data1\" content=\"Alessandro Lisci\" \/>\n\t<meta name=\"twitter:label2\" content=\"Tempo di lettura stimato\" \/>\n\t<meta name=\"twitter:data2\" content=\"6 minuti\" \/>\n<script type=\"application\/ld+json\" class=\"yoast-schema-graph\">{\"@context\":\"https:\\\/\\\/schema.org\",\"@graph\":[{\"@type\":\"Article\",\"@id\":\"https:\\\/\\\/www.romaoggi.eu\\\/index.php\\\/2021\\\/06\\\/27\\\/a-roma-il-gay-pride-torna-per-parlare-di-diritti-e-difendere-il-ddl-zan-di-laura-aluisi\\\/#article\",\"isPartOf\":{\"@id\":\"https:\\\/\\\/www.romaoggi.eu\\\/index.php\\\/2021\\\/06\\\/27\\\/a-roma-il-gay-pride-torna-per-parlare-di-diritti-e-difendere-il-ddl-zan-di-laura-aluisi\\\/\"},\"author\":{\"name\":\"Alessandro Lisci\",\"@id\":\"https:\\\/\\\/www.romaoggi.eu\\\/#\\\/schema\\\/person\\\/30ada62b3bd510c45a781b7e3bf65e69\"},\"headline\":\"A Roma il Gay Pride torna per parlare di diritti e difendere il DDL Zan&#8230; di Laura Aluisi\",\"datePublished\":\"2021-06-27T08:48:55+00:00\",\"mainEntityOfPage\":{\"@id\":\"https:\\\/\\\/www.romaoggi.eu\\\/index.php\\\/2021\\\/06\\\/27\\\/a-roma-il-gay-pride-torna-per-parlare-di-diritti-e-difendere-il-ddl-zan-di-laura-aluisi\\\/\"},\"wordCount\":953,\"publisher\":{\"@id\":\"https:\\\/\\\/www.romaoggi.eu\\\/#organization\"},\"image\":{\"@id\":\"https:\\\/\\\/www.romaoggi.eu\\\/index.php\\\/2021\\\/06\\\/27\\\/a-roma-il-gay-pride-torna-per-parlare-di-diritti-e-difendere-il-ddl-zan-di-laura-aluisi\\\/#primaryimage\"},\"thumbnailUrl\":\"https:\\\/\\\/www.romaoggi.eu\\\/wp-content\\\/uploads\\\/2021\\\/06\\\/Photo05-Gay-Pride-Roma-\u00a9-Laura-Aloisi.jpg\",\"keywords\":[\"andrea catarci\",\"associazione culturale controchiave\",\"ddl zan\",\"gay pride\",\"Imma Battaglia\",\"laura aluisi\",\"lgbtiqa+\",\"Municipio RM VIII\"],\"articleSection\":[\"attualit\u00e0\"],\"inLanguage\":\"it-IT\"},{\"@type\":\"WebPage\",\"@id\":\"https:\\\/\\\/www.romaoggi.eu\\\/index.php\\\/2021\\\/06\\\/27\\\/a-roma-il-gay-pride-torna-per-parlare-di-diritti-e-difendere-il-ddl-zan-di-laura-aluisi\\\/\",\"url\":\"https:\\\/\\\/www.romaoggi.eu\\\/index.php\\\/2021\\\/06\\\/27\\\/a-roma-il-gay-pride-torna-per-parlare-di-diritti-e-difendere-il-ddl-zan-di-laura-aluisi\\\/\",\"name\":\"A Roma il Gay Pride torna per parlare di diritti e difendere il DDL Zan... di Laura Aluisi\",\"isPartOf\":{\"@id\":\"https:\\\/\\\/www.romaoggi.eu\\\/#website\"},\"primaryImageOfPage\":{\"@id\":\"https:\\\/\\\/www.romaoggi.eu\\\/index.php\\\/2021\\\/06\\\/27\\\/a-roma-il-gay-pride-torna-per-parlare-di-diritti-e-difendere-il-ddl-zan-di-laura-aluisi\\\/#primaryimage\"},\"image\":{\"@id\":\"https:\\\/\\\/www.romaoggi.eu\\\/index.php\\\/2021\\\/06\\\/27\\\/a-roma-il-gay-pride-torna-per-parlare-di-diritti-e-difendere-il-ddl-zan-di-laura-aluisi\\\/#primaryimage\"},\"thumbnailUrl\":\"https:\\\/\\\/www.romaoggi.eu\\\/wp-content\\\/uploads\\\/2021\\\/06\\\/Photo05-Gay-Pride-Roma-\u00a9-Laura-Aloisi.jpg\",\"datePublished\":\"2021-06-27T08:48:55+00:00\",\"description\":\"A Roma il Gay Pride torna a colorare le piazze per parlare di diritti e difendere il DDL Zan. Torna in presenza il Gay Pride per questa edizione 2021,\",\"breadcrumb\":{\"@id\":\"https:\\\/\\\/www.romaoggi.eu\\\/index.php\\\/2021\\\/06\\\/27\\\/a-roma-il-gay-pride-torna-per-parlare-di-diritti-e-difendere-il-ddl-zan-di-laura-aluisi\\\/#breadcrumb\"},\"inLanguage\":\"it-IT\",\"potentialAction\":[{\"@type\":\"ReadAction\",\"target\":[\"https:\\\/\\\/www.romaoggi.eu\\\/index.php\\\/2021\\\/06\\\/27\\\/a-roma-il-gay-pride-torna-per-parlare-di-diritti-e-difendere-il-ddl-zan-di-laura-aluisi\\\/\"]}]},{\"@type\":\"ImageObject\",\"inLanguage\":\"it-IT\",\"@id\":\"https:\\\/\\\/www.romaoggi.eu\\\/index.php\\\/2021\\\/06\\\/27\\\/a-roma-il-gay-pride-torna-per-parlare-di-diritti-e-difendere-il-ddl-zan-di-laura-aluisi\\\/#primaryimage\",\"url\":\"https:\\\/\\\/www.romaoggi.eu\\\/wp-content\\\/uploads\\\/2021\\\/06\\\/Photo05-Gay-Pride-Roma-\u00a9-Laura-Aloisi.jpg\",\"contentUrl\":\"https:\\\/\\\/www.romaoggi.eu\\\/wp-content\\\/uploads\\\/2021\\\/06\\\/Photo05-Gay-Pride-Roma-\u00a9-Laura-Aloisi.jpg\",\"width\":2048,\"height\":1536,\"caption\":\"Gay Pride 2021 Roma \u00a9 Laura Aloisi\"},{\"@type\":\"BreadcrumbList\",\"@id\":\"https:\\\/\\\/www.romaoggi.eu\\\/index.php\\\/2021\\\/06\\\/27\\\/a-roma-il-gay-pride-torna-per-parlare-di-diritti-e-difendere-il-ddl-zan-di-laura-aluisi\\\/#breadcrumb\",\"itemListElement\":[{\"@type\":\"ListItem\",\"position\":1,\"name\":\"Home\",\"item\":\"https:\\\/\\\/www.romaoggi.eu\\\/\"},{\"@type\":\"ListItem\",\"position\":2,\"name\":\"A Roma il Gay Pride torna per parlare di diritti e difendere il DDL Zan&#8230; di Laura Aluisi\"}]},{\"@type\":\"WebSite\",\"@id\":\"https:\\\/\\\/www.romaoggi.eu\\\/#website\",\"url\":\"https:\\\/\\\/www.romaoggi.eu\\\/\",\"name\":\"roma oggi\",\"description\":\"Interesting News for Interesting people\",\"publisher\":{\"@id\":\"https:\\\/\\\/www.romaoggi.eu\\\/#organization\"},\"potentialAction\":[{\"@type\":\"SearchAction\",\"target\":{\"@type\":\"EntryPoint\",\"urlTemplate\":\"https:\\\/\\\/www.romaoggi.eu\\\/?s={search_term_string}\"},\"query-input\":{\"@type\":\"PropertyValueSpecification\",\"valueRequired\":true,\"valueName\":\"search_term_string\"}}],\"inLanguage\":\"it-IT\"},{\"@type\":\"Organization\",\"@id\":\"https:\\\/\\\/www.romaoggi.eu\\\/#organization\",\"name\":\"RomaOggi\",\"url\":\"https:\\\/\\\/www.romaoggi.eu\\\/\",\"logo\":{\"@type\":\"ImageObject\",\"inLanguage\":\"it-IT\",\"@id\":\"https:\\\/\\\/www.romaoggi.eu\\\/#\\\/schema\\\/logo\\\/image\\\/\",\"url\":\"https:\\\/\\\/www.romaoggi.eu\\\/wp-content\\\/uploads\\\/2017\\\/04\\\/logowp.jpg\",\"contentUrl\":\"https:\\\/\\\/www.romaoggi.eu\\\/wp-content\\\/uploads\\\/2017\\\/04\\\/logowp.jpg\",\"width\":300,\"height\":133,\"caption\":\"RomaOggi\"},\"image\":{\"@id\":\"https:\\\/\\\/www.romaoggi.eu\\\/#\\\/schema\\\/logo\\\/image\\\/\"},\"sameAs\":[\"https:\\\/\\\/www.facebook.com\\\/RomaOggi-841544845954114\",\"https:\\\/\\\/x.com\\\/romaoggi_eu\"]},{\"@type\":\"Person\",\"@id\":\"https:\\\/\\\/www.romaoggi.eu\\\/#\\\/schema\\\/person\\\/30ada62b3bd510c45a781b7e3bf65e69\",\"name\":\"Alessandro Lisci\",\"image\":{\"@type\":\"ImageObject\",\"inLanguage\":\"it-IT\",\"@id\":\"https:\\\/\\\/secure.gravatar.com\\\/avatar\\\/9b9712162b2ac404aa0d7d978185f203808e7bd02856a449b19868b2eb80cf12?s=96&d=mm&r=g\",\"url\":\"https:\\\/\\\/secure.gravatar.com\\\/avatar\\\/9b9712162b2ac404aa0d7d978185f203808e7bd02856a449b19868b2eb80cf12?s=96&d=mm&r=g\",\"contentUrl\":\"https:\\\/\\\/secure.gravatar.com\\\/avatar\\\/9b9712162b2ac404aa0d7d978185f203808e7bd02856a449b19868b2eb80cf12?s=96&d=mm&r=g\",\"caption\":\"Alessandro Lisci\"},\"sameAs\":[\"http:\\\/\\\/www.alessandrolisci.com\",\"https:\\\/\\\/www.facebook.com\\\/alessandro.lisci.5\",\"https:\\\/\\\/x.com\\\/https:\\\/\\\/twitter.com\\\/alessandrolisci\",\"https:\\\/\\\/www.youtube.com\\\/user\\\/alessandrolisci\"],\"url\":\"https:\\\/\\\/www.romaoggi.eu\\\/index.php\\\/author\\\/alessandro\\\/\"}]}<\/script>\n<!-- \/ Yoast SEO plugin. -->","yoast_head_json":{"title":"A Roma il Gay Pride torna per parlare di diritti e difendere il DDL Zan... di Laura Aluisi","description":"A Roma il Gay Pride torna a colorare le piazze per parlare di diritti e difendere il DDL Zan. Torna in presenza il Gay Pride per questa edizione 2021,","robots":{"index":"index","follow":"follow","max-snippet":"max-snippet:-1","max-image-preview":"max-image-preview:large","max-video-preview":"max-video-preview:-1"},"canonical":"https:\/\/www.romaoggi.eu\/index.php\/2021\/06\/27\/a-roma-il-gay-pride-torna-per-parlare-di-diritti-e-difendere-il-ddl-zan-di-laura-aluisi\/","og_locale":"it_IT","og_type":"article","og_title":"A Roma il Gay Pride torna per parlare di diritti e difendere il DDL Zan... di Laura Aluisi","og_description":"A Roma il Gay Pride torna a colorare le piazze per parlare di diritti e difendere il DDL Zan. Torna in presenza il Gay Pride per questa edizione 2021,","og_url":"https:\/\/www.romaoggi.eu\/index.php\/2021\/06\/27\/a-roma-il-gay-pride-torna-per-parlare-di-diritti-e-difendere-il-ddl-zan-di-laura-aluisi\/","og_site_name":"roma oggi","article_publisher":"https:\/\/www.facebook.com\/RomaOggi-841544845954114","article_author":"https:\/\/www.facebook.com\/alessandro.lisci.5","article_published_time":"2021-06-27T08:48:55+00:00","og_image":[{"width":2048,"height":1536,"url":"https:\/\/www.romaoggi.eu\/wp-content\/uploads\/2021\/06\/Photo05-Gay-Pride-Roma-\u00a9-Laura-Aloisi.jpg","type":"image\/jpeg"}],"author":"Alessandro Lisci","twitter_card":"summary_large_image","twitter_creator":"@https:\/\/twitter.com\/alessandrolisci","twitter_site":"@romaoggi_eu","twitter_misc":{"Scritto da":"Alessandro Lisci","Tempo di lettura stimato":"6 minuti"},"schema":{"@context":"https:\/\/schema.org","@graph":[{"@type":"Article","@id":"https:\/\/www.romaoggi.eu\/index.php\/2021\/06\/27\/a-roma-il-gay-pride-torna-per-parlare-di-diritti-e-difendere-il-ddl-zan-di-laura-aluisi\/#article","isPartOf":{"@id":"https:\/\/www.romaoggi.eu\/index.php\/2021\/06\/27\/a-roma-il-gay-pride-torna-per-parlare-di-diritti-e-difendere-il-ddl-zan-di-laura-aluisi\/"},"author":{"name":"Alessandro Lisci","@id":"https:\/\/www.romaoggi.eu\/#\/schema\/person\/30ada62b3bd510c45a781b7e3bf65e69"},"headline":"A Roma il Gay Pride torna per parlare di diritti e difendere il DDL Zan&#8230; di Laura Aluisi","datePublished":"2021-06-27T08:48:55+00:00","mainEntityOfPage":{"@id":"https:\/\/www.romaoggi.eu\/index.php\/2021\/06\/27\/a-roma-il-gay-pride-torna-per-parlare-di-diritti-e-difendere-il-ddl-zan-di-laura-aluisi\/"},"wordCount":953,"publisher":{"@id":"https:\/\/www.romaoggi.eu\/#organization"},"image":{"@id":"https:\/\/www.romaoggi.eu\/index.php\/2021\/06\/27\/a-roma-il-gay-pride-torna-per-parlare-di-diritti-e-difendere-il-ddl-zan-di-laura-aluisi\/#primaryimage"},"thumbnailUrl":"https:\/\/www.romaoggi.eu\/wp-content\/uploads\/2021\/06\/Photo05-Gay-Pride-Roma-\u00a9-Laura-Aloisi.jpg","keywords":["andrea catarci","associazione culturale controchiave","ddl zan","gay pride","Imma Battaglia","laura aluisi","lgbtiqa+","Municipio RM VIII"],"articleSection":["attualit\u00e0"],"inLanguage":"it-IT"},{"@type":"WebPage","@id":"https:\/\/www.romaoggi.eu\/index.php\/2021\/06\/27\/a-roma-il-gay-pride-torna-per-parlare-di-diritti-e-difendere-il-ddl-zan-di-laura-aluisi\/","url":"https:\/\/www.romaoggi.eu\/index.php\/2021\/06\/27\/a-roma-il-gay-pride-torna-per-parlare-di-diritti-e-difendere-il-ddl-zan-di-laura-aluisi\/","name":"A Roma il Gay Pride torna per parlare di diritti e difendere il DDL Zan... di Laura Aluisi","isPartOf":{"@id":"https:\/\/www.romaoggi.eu\/#website"},"primaryImageOfPage":{"@id":"https:\/\/www.romaoggi.eu\/index.php\/2021\/06\/27\/a-roma-il-gay-pride-torna-per-parlare-di-diritti-e-difendere-il-ddl-zan-di-laura-aluisi\/#primaryimage"},"image":{"@id":"https:\/\/www.romaoggi.eu\/index.php\/2021\/06\/27\/a-roma-il-gay-pride-torna-per-parlare-di-diritti-e-difendere-il-ddl-zan-di-laura-aluisi\/#primaryimage"},"thumbnailUrl":"https:\/\/www.romaoggi.eu\/wp-content\/uploads\/2021\/06\/Photo05-Gay-Pride-Roma-\u00a9-Laura-Aloisi.jpg","datePublished":"2021-06-27T08:48:55+00:00","description":"A Roma il Gay Pride torna a colorare le piazze per parlare di diritti e difendere il DDL Zan. Torna in presenza il Gay Pride per questa edizione 2021,","breadcrumb":{"@id":"https:\/\/www.romaoggi.eu\/index.php\/2021\/06\/27\/a-roma-il-gay-pride-torna-per-parlare-di-diritti-e-difendere-il-ddl-zan-di-laura-aluisi\/#breadcrumb"},"inLanguage":"it-IT","potentialAction":[{"@type":"ReadAction","target":["https:\/\/www.romaoggi.eu\/index.php\/2021\/06\/27\/a-roma-il-gay-pride-torna-per-parlare-di-diritti-e-difendere-il-ddl-zan-di-laura-aluisi\/"]}]},{"@type":"ImageObject","inLanguage":"it-IT","@id":"https:\/\/www.romaoggi.eu\/index.php\/2021\/06\/27\/a-roma-il-gay-pride-torna-per-parlare-di-diritti-e-difendere-il-ddl-zan-di-laura-aluisi\/#primaryimage","url":"https:\/\/www.romaoggi.eu\/wp-content\/uploads\/2021\/06\/Photo05-Gay-Pride-Roma-\u00a9-Laura-Aloisi.jpg","contentUrl":"https:\/\/www.romaoggi.eu\/wp-content\/uploads\/2021\/06\/Photo05-Gay-Pride-Roma-\u00a9-Laura-Aloisi.jpg","width":2048,"height":1536,"caption":"Gay Pride 2021 Roma \u00a9 Laura Aloisi"},{"@type":"BreadcrumbList","@id":"https:\/\/www.romaoggi.eu\/index.php\/2021\/06\/27\/a-roma-il-gay-pride-torna-per-parlare-di-diritti-e-difendere-il-ddl-zan-di-laura-aluisi\/#breadcrumb","itemListElement":[{"@type":"ListItem","position":1,"name":"Home","item":"https:\/\/www.romaoggi.eu\/"},{"@type":"ListItem","position":2,"name":"A Roma il Gay Pride torna per parlare di diritti e difendere il DDL Zan&#8230; di Laura Aluisi"}]},{"@type":"WebSite","@id":"https:\/\/www.romaoggi.eu\/#website","url":"https:\/\/www.romaoggi.eu\/","name":"roma oggi","description":"Interesting News for Interesting people","publisher":{"@id":"https:\/\/www.romaoggi.eu\/#organization"},"potentialAction":[{"@type":"SearchAction","target":{"@type":"EntryPoint","urlTemplate":"https:\/\/www.romaoggi.eu\/?s={search_term_string}"},"query-input":{"@type":"PropertyValueSpecification","valueRequired":true,"valueName":"search_term_string"}}],"inLanguage":"it-IT"},{"@type":"Organization","@id":"https:\/\/www.romaoggi.eu\/#organization","name":"RomaOggi","url":"https:\/\/www.romaoggi.eu\/","logo":{"@type":"ImageObject","inLanguage":"it-IT","@id":"https:\/\/www.romaoggi.eu\/#\/schema\/logo\/image\/","url":"https:\/\/www.romaoggi.eu\/wp-content\/uploads\/2017\/04\/logowp.jpg","contentUrl":"https:\/\/www.romaoggi.eu\/wp-content\/uploads\/2017\/04\/logowp.jpg","width":300,"height":133,"caption":"RomaOggi"},"image":{"@id":"https:\/\/www.romaoggi.eu\/#\/schema\/logo\/image\/"},"sameAs":["https:\/\/www.facebook.com\/RomaOggi-841544845954114","https:\/\/x.com\/romaoggi_eu"]},{"@type":"Person","@id":"https:\/\/www.romaoggi.eu\/#\/schema\/person\/30ada62b3bd510c45a781b7e3bf65e69","name":"Alessandro Lisci","image":{"@type":"ImageObject","inLanguage":"it-IT","@id":"https:\/\/secure.gravatar.com\/avatar\/9b9712162b2ac404aa0d7d978185f203808e7bd02856a449b19868b2eb80cf12?s=96&d=mm&r=g","url":"https:\/\/secure.gravatar.com\/avatar\/9b9712162b2ac404aa0d7d978185f203808e7bd02856a449b19868b2eb80cf12?s=96&d=mm&r=g","contentUrl":"https:\/\/secure.gravatar.com\/avatar\/9b9712162b2ac404aa0d7d978185f203808e7bd02856a449b19868b2eb80cf12?s=96&d=mm&r=g","caption":"Alessandro Lisci"},"sameAs":["http:\/\/www.alessandrolisci.com","https:\/\/www.facebook.com\/alessandro.lisci.5","https:\/\/x.com\/https:\/\/twitter.com\/alessandrolisci","https:\/\/www.youtube.com\/user\/alessandrolisci"],"url":"https:\/\/www.romaoggi.eu\/index.php\/author\/alessandro\/"}]}},"_links":{"self":[{"href":"https:\/\/www.romaoggi.eu\/index.php\/wp-json\/wp\/v2\/posts\/28651","targetHints":{"allow":["GET"]}}],"collection":[{"href":"https:\/\/www.romaoggi.eu\/index.php\/wp-json\/wp\/v2\/posts"}],"about":[{"href":"https:\/\/www.romaoggi.eu\/index.php\/wp-json\/wp\/v2\/types\/post"}],"author":[{"embeddable":true,"href":"https:\/\/www.romaoggi.eu\/index.php\/wp-json\/wp\/v2\/users\/10"}],"replies":[{"embeddable":true,"href":"https:\/\/www.romaoggi.eu\/index.php\/wp-json\/wp\/v2\/comments?post=28651"}],"version-history":[{"count":2,"href":"https:\/\/www.romaoggi.eu\/index.php\/wp-json\/wp\/v2\/posts\/28651\/revisions"}],"predecessor-version":[{"id":28660,"href":"https:\/\/www.romaoggi.eu\/index.php\/wp-json\/wp\/v2\/posts\/28651\/revisions\/28660"}],"wp:featuredmedia":[{"embeddable":true,"href":"https:\/\/www.romaoggi.eu\/index.php\/wp-json\/wp\/v2\/media\/28657"}],"wp:attachment":[{"href":"https:\/\/www.romaoggi.eu\/index.php\/wp-json\/wp\/v2\/media?parent=28651"}],"wp:term":[{"taxonomy":"category","embeddable":true,"href":"https:\/\/www.romaoggi.eu\/index.php\/wp-json\/wp\/v2\/categories?post=28651"},{"taxonomy":"post_tag","embeddable":true,"href":"https:\/\/www.romaoggi.eu\/index.php\/wp-json\/wp\/v2\/tags?post=28651"}],"curies":[{"name":"wp","href":"https:\/\/api.w.org\/{rel}","templated":true}]}}