{"id":28877,"date":"2021-07-17T18:08:39","date_gmt":"2021-07-17T16:08:39","guid":{"rendered":"http:\/\/www.romaoggi.eu\/?p=28877"},"modified":"2021-07-17T18:09:00","modified_gmt":"2021-07-17T16:09:00","slug":"marina-abramovic-incanta-roma","status":"publish","type":"post","link":"https:\/\/www.romaoggi.eu\/index.php\/2021\/07\/17\/marina-abramovic-incanta-roma\/","title":{"rendered":"Marina Abramovi\u0107 incanta Roma"},"content":{"rendered":"<p><strong>evento segnalato da Federica Leo<\/strong><\/p>\n<p>L&#8217;attesissimo evento di Marina Abramovic andato in scena ieri al MAXXI ha letetralmente sbancato. Parliamo della mostra &#8221; Pi\u00f9 grande di me- Voci eroiche dalla ex-Jugoslavia&#8221; in cui oltre cento opere di 54 artisti originari della ex Jugoslavia raccontano della scena artistica contemporanea. La Abramovich non poteva mancare esponendo cosi la famosa installazione &#8220;Rhythm O&#8221; .<\/p>\n<h1 class=\"event-title with-sub\">Pi\u00f9 grande di me<\/h1>\n<h1 class=\"event-title with-sub\"><span class=\"sottotitolo\">Voci eroiche dalla ex Jugoslavia<\/span><\/h1>\n<h3>54 artisti leggono la storia del territorio attraverso gesti di eroi contemporanei, riflettendo, tra gli altri, sui temi di accoglienza e convivenza.<\/h3>\n<p><strong>al MAXXi di Roma fino al 12 settembre 2021<\/strong><\/p>\n<p class=\"p1\"><span class=\"s1\">Nuova tappa del filone di ricerca dedicato al Medio Oriente e all\u2019area del Mediterraneo<span class=\"Apple-converted-space\">\u00a0<\/span>\u00e8 la mostra\u00a0<em>Pi\u00f9 grande di me<\/em>, che espolora il fermento artistico dei paesi della ex Jugoslavia con una particolare chiave di lettura.<\/span><\/p>\n<p class=\"p1\"><span class=\"s1\">Pu\u00f2 il lascito socialista aiutare a recuperare il concetto di \u201cbene comune\u201d, in un territorio complesso che ha recentemente subito il dramma della guerra civile e l\u2019ascesa di nazionalismi di contro alla multietnicit\u00e0 che lo caratterizza e alla crisi economica che ha colpito l\u2019intera Europa?\u00a0<\/span><\/p>\n<p class=\"p1\"><span class=\"s1\">Oltre 50 artisti leggono la storia dell\u2019area attraverso i gesti di eroi contemporanei, che hanno contribuito alla messa in crisi dei nazionalismi, favorendo importanti riflessioni sui temi<span class=\"Apple-converted-space\">\u00a0<\/span>dell\u2019accoglienza e della convivenza.<\/span><\/p>\n<div id=\"corpo-testo\" class=\"medium-10 medium-centered column corpo-testo \">\n<p><strong>Artisti in mostra:<\/strong><br \/>\nMarina Abramovi\u0107; Nika Autor; Maja Bajevi\u0107; Djordje Balmazovi\u0107; Jo\u017ee Bar\u0161i; Yane \u010calovski; Jasmina Cibic; Lana \u010cmaj\u010danin; Danica Daki\u0107; Vlasta Delimar; Fatmir Mustafa-Karllo; Tomislav Gotovac; Group of Anonymous Artists and Activists; Igor Grubi\u0107; Ibro Hasanovi\u0107; I\u0161tvan I\u0161t Huzjan; Sini\u0161a Ili\u0107; IRWIN; Hristina Ivanoska; Sanja Ivekovi\u0107; Janez Jan\u0161a, Janez Jan\u0161a, Janez Jan\u0161a; Gjorgje Jovanovik; Adela Ju\u0161i\u0107; Doruntina Kastrati; Bo\u017eena Badurina Kon\u010di\u0107, Duga Mavrinac; Udru\u017eenje Kurs; Sini\u0161a Labrovi\u0107; David Maljkovi\u0107; Luiza Margan; Dalibor Martinis; Anja Medved, Nadia Velu\u0161\u010dek; Gregor Mobius; Alban Muja; Vladimir Nikoli\u0107; Marko Peljhan, Matthew Biederman; Marko Poga\u010dnik; Darinka Pop Miti\u0107; Marjetica Potr\u010d; Nada Prlja; Tobias Putrih; Lala Ra\u0161\u010di\u0107; Driton Selmani; Andrej \u0160kufca; Maja Smrekar; Ilija \u0160o\u0161ki\u0107; Somer \u015epat; Mladen Stilinovi\u0107; Matej Stupica, Lenka Djorojevi\u0107; Marko Tadi\u0107, Miro Manojlovi\u0107; Zoran Todorovi\u0107; Milica Tomi\u0107; Marta Popivoda, Ana Vujanovi\u0107; Natalija Vujosevi\u0107; \u017delimir \u017dilnik.<\/p>\n<\/div>\n<div class=\"approfondimenti medium-10 medium-centered column\" data-equalizer=\"pu1f3f-equalizer\" data-equalize-by-row=\"true\" data-resize=\"zdaggw-eq\" data-mutate=\"yb5soc-eq\"><strong>Redazione ed editing fotogarfico di Alessandro Lisci<\/strong><\/div>\n","protected":false},"excerpt":{"rendered":"<div class=\"mh-excerpt\"><p>evento segnalato da Federica Leo L&#8217;attesissimo evento di Marina Abramovic andato in scena ieri al MAXXI ha letetralmente sbancato. Parliamo della mostra &#8221; Pi\u00f9 grande di me- Voci eroiche dalla ex-Jugoslavia&#8221; in cui oltre cento <a class=\"mh-excerpt-more\" href=\"https:\/\/www.romaoggi.eu\/index.php\/2021\/07\/17\/marina-abramovic-incanta-roma\/\" title=\"Marina Abramovi\u0107 incanta Roma\">[&#8230;]<\/a><\/p>\n<\/div>","protected":false},"author":10,"featured_media":28880,"comment_status":"closed","ping_status":"open","sticky":false,"template":"","format":"standard","meta":{"_sitemap_exclude":false,"_sitemap_priority":"","_sitemap_frequency":"","footnotes":""},"categories":[4480],"tags":[4137,2691,15383,6222,15384,15385,1738],"class_list":["post-28877","post","type-post","status-publish","format-standard","has-post-thumbnail","hentry","category-cultura","tag-alessandro-lisci","tag-giovanna-melandri","tag-marina-abramovic","tag-maxxi","tag-melandri","tag-piu-grande-di-me","tag-romaoggi-eu"],"yoast_head":"<!-- This site is optimized with the Yoast SEO plugin v27.5 - https:\/\/yoast.com\/product\/yoast-seo-wordpress\/ -->\n<title>Marina Abramovi\u0107 incanta Roma<\/title>\n<meta name=\"description\" content=\"evento segnalato da Federica Leo L&#039;attesissimo evento di Marina Abramovic andato in scena ieri al MAXXI ha letetralmente sbancato. Parliamo della mostra &quot;\" \/>\n<meta name=\"robots\" content=\"index, follow, max-snippet:-1, max-image-preview:large, max-video-preview:-1\" \/>\n<link rel=\"canonical\" href=\"https:\/\/www.romaoggi.eu\/index.php\/2021\/07\/17\/marina-abramovic-incanta-roma\/\" \/>\n<meta property=\"og:locale\" content=\"it_IT\" \/>\n<meta property=\"og:type\" content=\"article\" \/>\n<meta property=\"og:title\" content=\"Marina Abramovi\u0107 incanta Roma\" \/>\n<meta property=\"og:description\" content=\"evento segnalato da Federica Leo L&#039;attesissimo evento di Marina Abramovic andato in scena ieri al MAXXI ha letetralmente sbancato. Parliamo della mostra &quot;\" \/>\n<meta property=\"og:url\" content=\"https:\/\/www.romaoggi.eu\/index.php\/2021\/07\/17\/marina-abramovic-incanta-roma\/\" \/>\n<meta property=\"og:site_name\" content=\"roma oggi\" \/>\n<meta property=\"article:publisher\" content=\"https:\/\/www.facebook.com\/RomaOggi-841544845954114\" \/>\n<meta property=\"article:author\" content=\"https:\/\/www.facebook.com\/alessandro.lisci.5\" \/>\n<meta property=\"article:published_time\" content=\"2021-07-17T16:08:39+00:00\" \/>\n<meta property=\"article:modified_time\" content=\"2021-07-17T16:09:00+00:00\" \/>\n<meta property=\"og:image\" content=\"https:\/\/www.romaoggi.eu\/wp-content\/uploads\/2021\/07\/WhatsApp-Image-2021-07-17-at-08.49.33.jpeg\" \/>\n\t<meta property=\"og:image:width\" content=\"2048\" \/>\n\t<meta property=\"og:image:height\" content=\"1536\" \/>\n\t<meta property=\"og:image:type\" content=\"image\/jpeg\" \/>\n<meta name=\"author\" content=\"Alessandro Lisci\" \/>\n<meta name=\"twitter:card\" content=\"summary_large_image\" \/>\n<meta name=\"twitter:creator\" content=\"@https:\/\/twitter.com\/alessandrolisci\" \/>\n<meta name=\"twitter:site\" content=\"@romaoggi_eu\" \/>\n<meta name=\"twitter:label1\" content=\"Scritto da\" \/>\n\t<meta name=\"twitter:data1\" content=\"Alessandro Lisci\" \/>\n\t<meta name=\"twitter:label2\" content=\"Tempo di lettura stimato\" \/>\n\t<meta name=\"twitter:data2\" content=\"2 minuti\" \/>\n<script type=\"application\/ld+json\" class=\"yoast-schema-graph\">{\"@context\":\"https:\\\/\\\/schema.org\",\"@graph\":[{\"@type\":\"Article\",\"@id\":\"https:\\\/\\\/www.romaoggi.eu\\\/index.php\\\/2021\\\/07\\\/17\\\/marina-abramovic-incanta-roma\\\/#article\",\"isPartOf\":{\"@id\":\"https:\\\/\\\/www.romaoggi.eu\\\/index.php\\\/2021\\\/07\\\/17\\\/marina-abramovic-incanta-roma\\\/\"},\"author\":{\"name\":\"Alessandro Lisci\",\"@id\":\"https:\\\/\\\/www.romaoggi.eu\\\/#\\\/schema\\\/person\\\/30ada62b3bd510c45a781b7e3bf65e69\"},\"headline\":\"Marina Abramovi\u0107 incanta Roma\",\"datePublished\":\"2021-07-17T16:08:39+00:00\",\"dateModified\":\"2021-07-17T16:09:00+00:00\",\"mainEntityOfPage\":{\"@id\":\"https:\\\/\\\/www.romaoggi.eu\\\/index.php\\\/2021\\\/07\\\/17\\\/marina-abramovic-incanta-roma\\\/\"},\"wordCount\":374,\"publisher\":{\"@id\":\"https:\\\/\\\/www.romaoggi.eu\\\/#organization\"},\"image\":{\"@id\":\"https:\\\/\\\/www.romaoggi.eu\\\/index.php\\\/2021\\\/07\\\/17\\\/marina-abramovic-incanta-roma\\\/#primaryimage\"},\"thumbnailUrl\":\"https:\\\/\\\/www.romaoggi.eu\\\/wp-content\\\/uploads\\\/2021\\\/07\\\/WhatsApp-Image-2021-07-17-at-08.49.33.jpeg\",\"keywords\":[\"alessandro lisci\",\"Giovanna Melandri\",\"Marina Abramovi\u0107\",\"Maxxi\",\"melandri\",\"Pi\u00f9 grande di me\",\"RomaOggi.eu\"],\"articleSection\":[\"cultura\"],\"inLanguage\":\"it-IT\"},{\"@type\":\"WebPage\",\"@id\":\"https:\\\/\\\/www.romaoggi.eu\\\/index.php\\\/2021\\\/07\\\/17\\\/marina-abramovic-incanta-roma\\\/\",\"url\":\"https:\\\/\\\/www.romaoggi.eu\\\/index.php\\\/2021\\\/07\\\/17\\\/marina-abramovic-incanta-roma\\\/\",\"name\":\"Marina Abramovi\u0107 incanta Roma\",\"isPartOf\":{\"@id\":\"https:\\\/\\\/www.romaoggi.eu\\\/#website\"},\"primaryImageOfPage\":{\"@id\":\"https:\\\/\\\/www.romaoggi.eu\\\/index.php\\\/2021\\\/07\\\/17\\\/marina-abramovic-incanta-roma\\\/#primaryimage\"},\"image\":{\"@id\":\"https:\\\/\\\/www.romaoggi.eu\\\/index.php\\\/2021\\\/07\\\/17\\\/marina-abramovic-incanta-roma\\\/#primaryimage\"},\"thumbnailUrl\":\"https:\\\/\\\/www.romaoggi.eu\\\/wp-content\\\/uploads\\\/2021\\\/07\\\/WhatsApp-Image-2021-07-17-at-08.49.33.jpeg\",\"datePublished\":\"2021-07-17T16:08:39+00:00\",\"dateModified\":\"2021-07-17T16:09:00+00:00\",\"description\":\"evento segnalato da Federica Leo L'attesissimo evento di Marina Abramovic andato in scena ieri al MAXXI ha letetralmente sbancato. Parliamo della mostra \\\"\",\"breadcrumb\":{\"@id\":\"https:\\\/\\\/www.romaoggi.eu\\\/index.php\\\/2021\\\/07\\\/17\\\/marina-abramovic-incanta-roma\\\/#breadcrumb\"},\"inLanguage\":\"it-IT\",\"potentialAction\":[{\"@type\":\"ReadAction\",\"target\":[\"https:\\\/\\\/www.romaoggi.eu\\\/index.php\\\/2021\\\/07\\\/17\\\/marina-abramovic-incanta-roma\\\/\"]}]},{\"@type\":\"ImageObject\",\"inLanguage\":\"it-IT\",\"@id\":\"https:\\\/\\\/www.romaoggi.eu\\\/index.php\\\/2021\\\/07\\\/17\\\/marina-abramovic-incanta-roma\\\/#primaryimage\",\"url\":\"https:\\\/\\\/www.romaoggi.eu\\\/wp-content\\\/uploads\\\/2021\\\/07\\\/WhatsApp-Image-2021-07-17-at-08.49.33.jpeg\",\"contentUrl\":\"https:\\\/\\\/www.romaoggi.eu\\\/wp-content\\\/uploads\\\/2021\\\/07\\\/WhatsApp-Image-2021-07-17-at-08.49.33.jpeg\",\"width\":2048,\"height\":1536,\"caption\":\"Marina Abramovic al MAXXI \u00a9 Federica Leo\"},{\"@type\":\"BreadcrumbList\",\"@id\":\"https:\\\/\\\/www.romaoggi.eu\\\/index.php\\\/2021\\\/07\\\/17\\\/marina-abramovic-incanta-roma\\\/#breadcrumb\",\"itemListElement\":[{\"@type\":\"ListItem\",\"position\":1,\"name\":\"Home\",\"item\":\"https:\\\/\\\/www.romaoggi.eu\\\/\"},{\"@type\":\"ListItem\",\"position\":2,\"name\":\"Marina Abramovi\u0107 incanta Roma\"}]},{\"@type\":\"WebSite\",\"@id\":\"https:\\\/\\\/www.romaoggi.eu\\\/#website\",\"url\":\"https:\\\/\\\/www.romaoggi.eu\\\/\",\"name\":\"roma oggi\",\"description\":\"Interesting News for Interesting people\",\"publisher\":{\"@id\":\"https:\\\/\\\/www.romaoggi.eu\\\/#organization\"},\"potentialAction\":[{\"@type\":\"SearchAction\",\"target\":{\"@type\":\"EntryPoint\",\"urlTemplate\":\"https:\\\/\\\/www.romaoggi.eu\\\/?s={search_term_string}\"},\"query-input\":{\"@type\":\"PropertyValueSpecification\",\"valueRequired\":true,\"valueName\":\"search_term_string\"}}],\"inLanguage\":\"it-IT\"},{\"@type\":\"Organization\",\"@id\":\"https:\\\/\\\/www.romaoggi.eu\\\/#organization\",\"name\":\"RomaOggi\",\"url\":\"https:\\\/\\\/www.romaoggi.eu\\\/\",\"logo\":{\"@type\":\"ImageObject\",\"inLanguage\":\"it-IT\",\"@id\":\"https:\\\/\\\/www.romaoggi.eu\\\/#\\\/schema\\\/logo\\\/image\\\/\",\"url\":\"https:\\\/\\\/www.romaoggi.eu\\\/wp-content\\\/uploads\\\/2017\\\/04\\\/logowp.jpg\",\"contentUrl\":\"https:\\\/\\\/www.romaoggi.eu\\\/wp-content\\\/uploads\\\/2017\\\/04\\\/logowp.jpg\",\"width\":300,\"height\":133,\"caption\":\"RomaOggi\"},\"image\":{\"@id\":\"https:\\\/\\\/www.romaoggi.eu\\\/#\\\/schema\\\/logo\\\/image\\\/\"},\"sameAs\":[\"https:\\\/\\\/www.facebook.com\\\/RomaOggi-841544845954114\",\"https:\\\/\\\/x.com\\\/romaoggi_eu\"]},{\"@type\":\"Person\",\"@id\":\"https:\\\/\\\/www.romaoggi.eu\\\/#\\\/schema\\\/person\\\/30ada62b3bd510c45a781b7e3bf65e69\",\"name\":\"Alessandro Lisci\",\"image\":{\"@type\":\"ImageObject\",\"inLanguage\":\"it-IT\",\"@id\":\"https:\\\/\\\/secure.gravatar.com\\\/avatar\\\/9b9712162b2ac404aa0d7d978185f203808e7bd02856a449b19868b2eb80cf12?s=96&d=mm&r=g\",\"url\":\"https:\\\/\\\/secure.gravatar.com\\\/avatar\\\/9b9712162b2ac404aa0d7d978185f203808e7bd02856a449b19868b2eb80cf12?s=96&d=mm&r=g\",\"contentUrl\":\"https:\\\/\\\/secure.gravatar.com\\\/avatar\\\/9b9712162b2ac404aa0d7d978185f203808e7bd02856a449b19868b2eb80cf12?s=96&d=mm&r=g\",\"caption\":\"Alessandro Lisci\"},\"sameAs\":[\"http:\\\/\\\/www.alessandrolisci.com\",\"https:\\\/\\\/www.facebook.com\\\/alessandro.lisci.5\",\"https:\\\/\\\/x.com\\\/https:\\\/\\\/twitter.com\\\/alessandrolisci\",\"https:\\\/\\\/www.youtube.com\\\/user\\\/alessandrolisci\"],\"url\":\"https:\\\/\\\/www.romaoggi.eu\\\/index.php\\\/author\\\/alessandro\\\/\"}]}<\/script>\n<!-- \/ Yoast SEO plugin. -->","yoast_head_json":{"title":"Marina Abramovi\u0107 incanta Roma","description":"evento segnalato da Federica Leo L'attesissimo evento di Marina Abramovic andato in scena ieri al MAXXI ha letetralmente sbancato. Parliamo della mostra \"","robots":{"index":"index","follow":"follow","max-snippet":"max-snippet:-1","max-image-preview":"max-image-preview:large","max-video-preview":"max-video-preview:-1"},"canonical":"https:\/\/www.romaoggi.eu\/index.php\/2021\/07\/17\/marina-abramovic-incanta-roma\/","og_locale":"it_IT","og_type":"article","og_title":"Marina Abramovi\u0107 incanta Roma","og_description":"evento segnalato da Federica Leo L'attesissimo evento di Marina Abramovic andato in scena ieri al MAXXI ha letetralmente sbancato. Parliamo della mostra \"","og_url":"https:\/\/www.romaoggi.eu\/index.php\/2021\/07\/17\/marina-abramovic-incanta-roma\/","og_site_name":"roma oggi","article_publisher":"https:\/\/www.facebook.com\/RomaOggi-841544845954114","article_author":"https:\/\/www.facebook.com\/alessandro.lisci.5","article_published_time":"2021-07-17T16:08:39+00:00","article_modified_time":"2021-07-17T16:09:00+00:00","og_image":[{"width":2048,"height":1536,"url":"https:\/\/www.romaoggi.eu\/wp-content\/uploads\/2021\/07\/WhatsApp-Image-2021-07-17-at-08.49.33.jpeg","type":"image\/jpeg"}],"author":"Alessandro Lisci","twitter_card":"summary_large_image","twitter_creator":"@https:\/\/twitter.com\/alessandrolisci","twitter_site":"@romaoggi_eu","twitter_misc":{"Scritto da":"Alessandro Lisci","Tempo di lettura stimato":"2 minuti"},"schema":{"@context":"https:\/\/schema.org","@graph":[{"@type":"Article","@id":"https:\/\/www.romaoggi.eu\/index.php\/2021\/07\/17\/marina-abramovic-incanta-roma\/#article","isPartOf":{"@id":"https:\/\/www.romaoggi.eu\/index.php\/2021\/07\/17\/marina-abramovic-incanta-roma\/"},"author":{"name":"Alessandro Lisci","@id":"https:\/\/www.romaoggi.eu\/#\/schema\/person\/30ada62b3bd510c45a781b7e3bf65e69"},"headline":"Marina Abramovi\u0107 incanta Roma","datePublished":"2021-07-17T16:08:39+00:00","dateModified":"2021-07-17T16:09:00+00:00","mainEntityOfPage":{"@id":"https:\/\/www.romaoggi.eu\/index.php\/2021\/07\/17\/marina-abramovic-incanta-roma\/"},"wordCount":374,"publisher":{"@id":"https:\/\/www.romaoggi.eu\/#organization"},"image":{"@id":"https:\/\/www.romaoggi.eu\/index.php\/2021\/07\/17\/marina-abramovic-incanta-roma\/#primaryimage"},"thumbnailUrl":"https:\/\/www.romaoggi.eu\/wp-content\/uploads\/2021\/07\/WhatsApp-Image-2021-07-17-at-08.49.33.jpeg","keywords":["alessandro lisci","Giovanna Melandri","Marina Abramovi\u0107","Maxxi","melandri","Pi\u00f9 grande di me","RomaOggi.eu"],"articleSection":["cultura"],"inLanguage":"it-IT"},{"@type":"WebPage","@id":"https:\/\/www.romaoggi.eu\/index.php\/2021\/07\/17\/marina-abramovic-incanta-roma\/","url":"https:\/\/www.romaoggi.eu\/index.php\/2021\/07\/17\/marina-abramovic-incanta-roma\/","name":"Marina Abramovi\u0107 incanta Roma","isPartOf":{"@id":"https:\/\/www.romaoggi.eu\/#website"},"primaryImageOfPage":{"@id":"https:\/\/www.romaoggi.eu\/index.php\/2021\/07\/17\/marina-abramovic-incanta-roma\/#primaryimage"},"image":{"@id":"https:\/\/www.romaoggi.eu\/index.php\/2021\/07\/17\/marina-abramovic-incanta-roma\/#primaryimage"},"thumbnailUrl":"https:\/\/www.romaoggi.eu\/wp-content\/uploads\/2021\/07\/WhatsApp-Image-2021-07-17-at-08.49.33.jpeg","datePublished":"2021-07-17T16:08:39+00:00","dateModified":"2021-07-17T16:09:00+00:00","description":"evento segnalato da Federica Leo L'attesissimo evento di Marina Abramovic andato in scena ieri al MAXXI ha letetralmente sbancato. Parliamo della mostra \"","breadcrumb":{"@id":"https:\/\/www.romaoggi.eu\/index.php\/2021\/07\/17\/marina-abramovic-incanta-roma\/#breadcrumb"},"inLanguage":"it-IT","potentialAction":[{"@type":"ReadAction","target":["https:\/\/www.romaoggi.eu\/index.php\/2021\/07\/17\/marina-abramovic-incanta-roma\/"]}]},{"@type":"ImageObject","inLanguage":"it-IT","@id":"https:\/\/www.romaoggi.eu\/index.php\/2021\/07\/17\/marina-abramovic-incanta-roma\/#primaryimage","url":"https:\/\/www.romaoggi.eu\/wp-content\/uploads\/2021\/07\/WhatsApp-Image-2021-07-17-at-08.49.33.jpeg","contentUrl":"https:\/\/www.romaoggi.eu\/wp-content\/uploads\/2021\/07\/WhatsApp-Image-2021-07-17-at-08.49.33.jpeg","width":2048,"height":1536,"caption":"Marina Abramovic al MAXXI \u00a9 Federica Leo"},{"@type":"BreadcrumbList","@id":"https:\/\/www.romaoggi.eu\/index.php\/2021\/07\/17\/marina-abramovic-incanta-roma\/#breadcrumb","itemListElement":[{"@type":"ListItem","position":1,"name":"Home","item":"https:\/\/www.romaoggi.eu\/"},{"@type":"ListItem","position":2,"name":"Marina Abramovi\u0107 incanta Roma"}]},{"@type":"WebSite","@id":"https:\/\/www.romaoggi.eu\/#website","url":"https:\/\/www.romaoggi.eu\/","name":"roma oggi","description":"Interesting News for Interesting people","publisher":{"@id":"https:\/\/www.romaoggi.eu\/#organization"},"potentialAction":[{"@type":"SearchAction","target":{"@type":"EntryPoint","urlTemplate":"https:\/\/www.romaoggi.eu\/?s={search_term_string}"},"query-input":{"@type":"PropertyValueSpecification","valueRequired":true,"valueName":"search_term_string"}}],"inLanguage":"it-IT"},{"@type":"Organization","@id":"https:\/\/www.romaoggi.eu\/#organization","name":"RomaOggi","url":"https:\/\/www.romaoggi.eu\/","logo":{"@type":"ImageObject","inLanguage":"it-IT","@id":"https:\/\/www.romaoggi.eu\/#\/schema\/logo\/image\/","url":"https:\/\/www.romaoggi.eu\/wp-content\/uploads\/2017\/04\/logowp.jpg","contentUrl":"https:\/\/www.romaoggi.eu\/wp-content\/uploads\/2017\/04\/logowp.jpg","width":300,"height":133,"caption":"RomaOggi"},"image":{"@id":"https:\/\/www.romaoggi.eu\/#\/schema\/logo\/image\/"},"sameAs":["https:\/\/www.facebook.com\/RomaOggi-841544845954114","https:\/\/x.com\/romaoggi_eu"]},{"@type":"Person","@id":"https:\/\/www.romaoggi.eu\/#\/schema\/person\/30ada62b3bd510c45a781b7e3bf65e69","name":"Alessandro Lisci","image":{"@type":"ImageObject","inLanguage":"it-IT","@id":"https:\/\/secure.gravatar.com\/avatar\/9b9712162b2ac404aa0d7d978185f203808e7bd02856a449b19868b2eb80cf12?s=96&d=mm&r=g","url":"https:\/\/secure.gravatar.com\/avatar\/9b9712162b2ac404aa0d7d978185f203808e7bd02856a449b19868b2eb80cf12?s=96&d=mm&r=g","contentUrl":"https:\/\/secure.gravatar.com\/avatar\/9b9712162b2ac404aa0d7d978185f203808e7bd02856a449b19868b2eb80cf12?s=96&d=mm&r=g","caption":"Alessandro Lisci"},"sameAs":["http:\/\/www.alessandrolisci.com","https:\/\/www.facebook.com\/alessandro.lisci.5","https:\/\/x.com\/https:\/\/twitter.com\/alessandrolisci","https:\/\/www.youtube.com\/user\/alessandrolisci"],"url":"https:\/\/www.romaoggi.eu\/index.php\/author\/alessandro\/"}]}},"_links":{"self":[{"href":"https:\/\/www.romaoggi.eu\/index.php\/wp-json\/wp\/v2\/posts\/28877","targetHints":{"allow":["GET"]}}],"collection":[{"href":"https:\/\/www.romaoggi.eu\/index.php\/wp-json\/wp\/v2\/posts"}],"about":[{"href":"https:\/\/www.romaoggi.eu\/index.php\/wp-json\/wp\/v2\/types\/post"}],"author":[{"embeddable":true,"href":"https:\/\/www.romaoggi.eu\/index.php\/wp-json\/wp\/v2\/users\/10"}],"replies":[{"embeddable":true,"href":"https:\/\/www.romaoggi.eu\/index.php\/wp-json\/wp\/v2\/comments?post=28877"}],"version-history":[{"count":5,"href":"https:\/\/www.romaoggi.eu\/index.php\/wp-json\/wp\/v2\/posts\/28877\/revisions"}],"predecessor-version":[{"id":28883,"href":"https:\/\/www.romaoggi.eu\/index.php\/wp-json\/wp\/v2\/posts\/28877\/revisions\/28883"}],"wp:featuredmedia":[{"embeddable":true,"href":"https:\/\/www.romaoggi.eu\/index.php\/wp-json\/wp\/v2\/media\/28880"}],"wp:attachment":[{"href":"https:\/\/www.romaoggi.eu\/index.php\/wp-json\/wp\/v2\/media?parent=28877"}],"wp:term":[{"taxonomy":"category","embeddable":true,"href":"https:\/\/www.romaoggi.eu\/index.php\/wp-json\/wp\/v2\/categories?post=28877"},{"taxonomy":"post_tag","embeddable":true,"href":"https:\/\/www.romaoggi.eu\/index.php\/wp-json\/wp\/v2\/tags?post=28877"}],"curies":[{"name":"wp","href":"https:\/\/api.w.org\/{rel}","templated":true}]}}