{"id":28935,"date":"2021-07-21T23:24:00","date_gmt":"2021-07-21T21:24:00","guid":{"rendered":"http:\/\/www.romaoggi.eu\/?p=28935"},"modified":"2021-07-21T23:24:00","modified_gmt":"2021-07-21T21:24:00","slug":"sebastiao-salgado-a-roma-gli-incontri-foto-di-laura-giammarioli-e-stefano-pasquini","status":"publish","type":"post","link":"https:\/\/www.romaoggi.eu\/index.php\/2021\/07\/21\/sebastiao-salgado-a-roma-gli-incontri-foto-di-laura-giammarioli-e-stefano-pasquini\/","title":{"rendered":"Sebasti\u00e3o Salgado a Roma: gli incontri&#8230;foto di Laura Giammarioli e Stefano Pasquini"},"content":{"rendered":"<p align=\"JUSTIFY\"><strong><span style=\"color: #222222;\"><span style=\"font-family: Times New Roman, serif;\"><span style=\"font-size: medium;\"><b>Sebasti\u00e3o Salgado a Roma<\/b><\/span><\/span><\/span><\/strong><span style=\"color: #222222;\"><span style=\"font-family: Times New Roman, serif;\"><span style=\"font-size: medium;\">\u00a0\u00e8 il titolo dei due appuntamenti che celebrano un maestro assoluto per cui la fotografia \u00e8 impegno sociale e un\u2019occasione per riflettere sulla necessit\u00e0 di salvaguardare l\u2019Amazzonia e le sue popolazioni. Gli eventi sono organizzati da<\/span><\/span><\/span><strong><span style=\"color: #222222;\"><span style=\"font-family: Times New Roman, serif;\"><span style=\"font-size: medium;\">\u00a0<\/span><\/span><\/span><\/strong><strong><span style=\"color: #222222;\"><span style=\"font-family: Times New Roman, serif;\"><span style=\"font-size: medium;\"><b>MAXXI Museo nazionale delle arti del XXI secolo<\/b><\/span><\/span><\/span><\/strong><span style=\"color: #222222;\"><span style=\"font-family: Times New Roman, serif;\"><span style=\"font-size: medium;\">, l\u2019<\/span><\/span><\/span><strong><span style=\"color: #222222;\"><span style=\"font-family: Times New Roman, serif;\"><span style=\"font-size: medium;\"><b>Accademia Nazionale di Santa Cecilia\u00a0<\/b><\/span><\/span><\/span><\/strong><span style=\"color: #222222;\"><span style=\"font-family: Times New Roman, serif;\"><span style=\"font-size: medium;\">e\u00a0<\/span><\/span><\/span><strong><span style=\"color: #222222;\"><span style=\"font-family: Times New Roman, serif;\"><span style=\"font-size: medium;\"><b>Contrasto<\/b><\/span><\/span><\/span><\/strong><span style=\"color: #222222;\"><span style=\"font-family: Times New Roman, serif;\"><span style=\"font-size: medium;\">.<\/span><\/span><\/span><\/p>\n<h2 class=\"western\" align=\"JUSTIFY\"><span style=\"color: #111111;\"><span style=\"font-family: Times New Roman, serif;\"><span style=\"font-size: medium;\"><b>Sebasti\u00e3o Salgado a Roma: gli incontri<\/b><\/span><\/span><\/span><\/h2>\n<p align=\"JUSTIFY\"><strong><span style=\"color: #222222;\"><span style=\"font-family: Times New Roman, serif;\"><span style=\"font-size: medium;\"><b>Mercoled\u00ec 21 luglio<\/b><\/span><\/span><\/span><\/strong><span style=\"color: #222222;\"><span style=\"font-family: Times New Roman, serif;\"><span style=\"font-size: medium;\"> Salgado \u00e8 stato protagonista <\/span><\/span><\/span><strong><span style=\"color: #222222;\"><span style=\"font-family: Times New Roman, serif;\"><span style=\"font-size: medium;\"><b>di un talk nella piazza del museo<\/b><\/span><\/span><\/span><\/strong><span style=\"color: #222222;\"><span style=\"font-family: Times New Roman, serif;\"><span style=\"font-size: medium;\">. Il giorno successivo,\u00a0<\/span><\/span><\/span><strong><span style=\"color: #222222;\"><span style=\"font-family: Times New Roman, serif;\"><span style=\"font-size: medium;\"><b>gioved\u00ec 22 luglio,\u00a0<\/b><\/span><\/span><\/span><\/strong><span style=\"color: #222222;\"><span style=\"font-family: Times New Roman, serif;\"><span style=\"font-size: medium;\">sar\u00e0 invece ospite d\u2019onore dell\u2019Accademia di Santa Cecilia all\u2019<\/span><\/span><\/span><strong><span style=\"color: #222222;\"><span style=\"font-family: Times New Roman, serif;\"><span style=\"font-size: medium;\"><b>Auditorium Parco della Musica\u00a0<\/b><\/span><\/span><\/span><\/strong><span style=\"color: #222222;\"><span style=\"font-family: Times New Roman, serif;\"><span style=\"font-size: medium;\">per il<\/span><\/span><\/span><strong><span style=\"color: #222222;\"><span style=\"font-family: Times New Roman, serif;\"><span style=\"font-size: medium;\">\u00a0<\/span><\/span><\/span><\/strong><strong><span style=\"color: #222222;\"><span style=\"font-family: Times New Roman, serif;\"><span style=\"font-size: medium;\"><b>concerto multimediale\u00a0<\/b><\/span><\/span><\/span><\/strong><em><span style=\"color: #222222;\"><span style=\"font-family: Times New Roman, serif;\"><span style=\"font-size: medium;\"><b>La foresta dell\u2019Amazzonia\u00a0<\/b><\/span><\/span><\/span><\/em><span style=\"color: #222222;\"><span style=\"font-family: Times New Roman, serif;\"><span style=\"font-size: medium;\">accompagnato dalla proiezione di alcuni suoi significativi lavori video-fotografici.<\/span><\/span><\/span><\/p>\n<p>Tra i pi\u00f9 famosi e premiati fotografi contemporanei e grande testimone del nostro tempo, negli ultimi sei anni\u00a0<strong><span style=\"color: #222222;\"><span style=\"font-family: Times New Roman, serif;\"><span style=\"font-size: medium;\"><b>Salgado<\/b><\/span><\/span><\/span><\/strong><span style=\"color: #222222;\"><span style=\"font-family: Times New Roman, serif;\"><span style=\"font-size: medium;\">\u00a0ha viaggiato tra le trib\u00f9 dell\u2019Amazzonia, dove ha realizzato il grande progetto fotografico che, a ottobre 2021, sar\u00e0 esposto in anteprima italiana in una grande mostra al MAXXI.\u00a0 Di questo progetto, della bellezza dei paesaggi dell\u2019Amazzonia, della ricchezza della sua cultura e del bisogno e l\u2019urgenza di proteggerla, del suo impegno per salvaguardare la natura e le popolazioni indigene, dell\u2019empatia, del rispetto e dell\u2019amore da cui scaturisce ogni fotografia, il grande maestro brasiliano parler\u00e0 con\u00a0<\/span><\/span><\/span><strong><span style=\"color: #222222;\"><span style=\"font-family: Times New Roman, serif;\"><span style=\"font-size: medium;\"><b>Mario Calabresi<\/b><\/span><\/span><\/span><\/strong><span style=\"color: #222222;\"><span style=\"font-family: Times New Roman, serif;\"><span style=\"font-size: medium;\">, giornalista e scrittore, introdotti da<\/span><\/span><\/span><strong><span style=\"color: #222222;\"><span style=\"font-family: Times New Roman, serif;\"><span style=\"font-size: medium;\">\u00a0<\/span><\/span><\/span><\/strong><strong><span style=\"color: #222222;\"><span style=\"font-family: Times New Roman, serif;\"><span style=\"font-size: medium;\"><b>Giovanna Melandri<\/b><\/span><\/span><\/span><\/strong><span style=\"color: #222222;\"><span style=\"font-family: Times New Roman, serif;\"><span style=\"font-size: medium;\">\u00a0Presidente Fondazione MAXXI,\u00a0<\/span><\/span><\/span><strong><span style=\"color: #222222;\"><span style=\"font-family: Times New Roman, serif;\"><span style=\"font-size: medium;\"><b>Roberto Koch<\/b><\/span><\/span><\/span><\/strong><span style=\"color: #222222;\"><span style=\"font-family: Times New Roman, serif;\"><span style=\"font-size: medium;\">\u00a0Editore di Contrasto e\u00a0<\/span><\/span><\/span><strong><span style=\"color: #222222;\"><span style=\"font-family: Times New Roman, serif;\"><span style=\"font-size: medium;\"><b>Michele dall\u2019Ongaro<\/b><\/span><\/span><\/span><\/strong><span style=\"color: #222222;\"><span style=\"font-family: Times New Roman, serif;\"><span style=\"font-size: medium;\">\u00a0Presidente-Sovrintendente Accademia Nazionale di Santa Cecilia.<\/span><\/span><\/span><a name=\"block-5a6398eb-1532-4f28-85ba-21c5a2c4ee111\"><\/a> <span style=\"color: #222222;\"><span style=\"font-family: Times New Roman, serif;\"><span style=\"font-size: medium;\"><br \/>\nGioved\u00ec 22 luglio, ore 21.00, Auditorium Parco della Musica \u2013 Cavea<br \/>\n<\/span><\/span><\/span><strong><span style=\"color: #222222;\"><span style=\"font-family: Times New Roman, serif;\"><span style=\"font-size: medium;\"><b>La foresta dell\u2019Amazzonia | concerto multimediale<\/b><\/span><\/span><\/span><\/strong><span style=\"color: #222222;\"><span style=\"font-family: Times New Roman, serif;\"><span style=\"font-size: medium;\"><br \/>\nBiglietti \u20ac20 e \u20ac30 \u2013\u00a0<\/span><\/span><\/span><strong><a href=\"http:\/\/www.santacecilia.it\/\" target=\"_blank\" rel=\"noopener noreferrer\"><span style=\"color: #f5b000;\"><span style=\"font-family: Times New Roman, serif;\"><span style=\"font-size: medium;\"><b>www.santacecilia.it<\/b><\/span><\/span><\/span><\/a><\/strong><\/p>\n<figure id=\"attachment_28942\" aria-describedby=\"caption-attachment-28942\" style=\"width: 1499px\" class=\"wp-caption alignnone\"><img loading=\"lazy\" decoding=\"async\" class=\"size-full wp-image-28942\" src=\"https:\/\/www.romaoggi.eu\/wp-content\/uploads\/2021\/07\/WhatsApp-Image-2021-07-21-at-20.18.12.jpg\" alt=\"\" width=\"1499\" height=\"1000\" srcset=\"https:\/\/www.romaoggi.eu\/wp-content\/uploads\/2021\/07\/WhatsApp-Image-2021-07-21-at-20.18.12.jpg 1499w, https:\/\/www.romaoggi.eu\/wp-content\/uploads\/2021\/07\/WhatsApp-Image-2021-07-21-at-20.18.12-300x200.jpg 300w, https:\/\/www.romaoggi.eu\/wp-content\/uploads\/2021\/07\/WhatsApp-Image-2021-07-21-at-20.18.12-1024x683.jpg 1024w\" sizes=\"auto, (max-width: 1499px) 100vw, 1499px\" \/><figcaption id=\"caption-attachment-28942\" class=\"wp-caption-text\"><strong>Incontro al MAXXI \u00a9 Laura Giammarioli<\/strong><\/figcaption><\/figure>\n<p align=\"JUSTIFY\"><span style=\"color: #222222;\"><span style=\"font-family: Times New Roman, serif;\"><span style=\"font-size: medium;\">Il 22 luglio alle 21.00, il cuore pulsante e i \u201csuoni dell\u2019Amazzonia \u201cinvaderanno\u201d l\u2019Auditorium Parco della Musica con un evento straordinario che, dopo l\u2019anteprima francese a Rouen nell\u2019ottobre 2020, <\/span><\/span><\/span><strong><span style=\"color: #222222;\"><span style=\"font-family: Times New Roman, serif;\"><span style=\"font-size: medium;\"><b>viene presentato a Santa Cecilia in prima assoluta:\u00a0<\/b><\/span><\/span><\/span><\/strong><em><span style=\"color: #222222;\"><span style=\"font-family: Times New Roman, serif;\"><span style=\"font-size: medium;\"><b>La foresta dell\u2019Amazzonia<\/b><\/span><\/span><\/span><\/em><span style=\"color: #222222;\"><span style=\"font-family: Times New Roman, serif;\"><span style=\"font-size: medium;\">. Sul podio a dirigere l\u2019Orchestra dell\u2019Accademia Nazionale di Santa Cecilia e il soprano\u00a0<\/span><\/span><\/span><strong><span style=\"color: #222222;\"><span style=\"font-family: Times New Roman, serif;\"><span style=\"font-size: medium;\"><b>Camila Titinger<\/b><\/span><\/span><\/span><\/strong><span style=\"color: #222222;\"><span style=\"font-family: Times New Roman, serif;\"><span style=\"font-size: medium;\">\u00a0salir\u00e0\u00a0<\/span><\/span><\/span><strong><span style=\"color: #222222;\"><span style=\"font-family: Times New Roman, serif;\"><span style=\"font-size: medium;\"><b>Simone Menezes<\/b><\/span><\/span><\/span><\/strong><span style=\"color: #222222;\"><span style=\"font-family: Times New Roman, serif;\"><span style=\"font-size: medium;\">, innovativa e brillante direttrice italo-brasiliana, tra le bacchette pi\u00f9 interessanti della sua generazione al suo esordio a Santa Cecilia. Il programma prevede l\u2019esecuzione di Bachianas Brasileiras n. 4: Preludio \u2013 celebri melodie autoctone della tradizione brasiliana rivisitate attraverso un linguaggio classico che si ispira a Bach \u2013 e Floresta do Amazonas: suite di<\/span><\/span><\/span><strong><span style=\"color: #222222;\"><span style=\"font-family: Times New Roman, serif;\"><span style=\"font-size: medium;\">\u00a0<\/span><\/span><\/span><\/strong><strong><span style=\"color: #222222;\"><span style=\"font-family: Times New Roman, serif;\"><span style=\"font-size: medium;\"><b>Heitor Villa-Lobos\u00a0<\/b><\/span><\/span><\/span><\/strong><span style=\"color: #222222;\"><span style=\"font-family: Times New Roman, serif;\"><span style=\"font-size: medium;\">e Metamophosis 1 da \u201cAguas do Amazonas\u201d di\u00a0<\/span><\/span><\/span><strong><span style=\"color: #222222;\"><span style=\"font-family: Times New Roman, serif;\"><span style=\"font-size: medium;\"><b>Philipp Glass<\/b><\/span><\/span><\/span><\/strong><span style=\"color: #222222;\"><span style=\"font-family: Times New Roman, serif;\"><span style=\"font-size: medium;\">, grande affresco sinfonico dedicato ai fiumi dell\u2019Amazzonia. Il concerto multimediale sar\u00e0 accompagnato dalla proiezione di alcuni dei pi\u00f9 significativi lavori video-fotografici del Maestro\u00a0<\/span><\/span><\/span><strong><span style=\"color: #222222;\"><span style=\"font-family: Times New Roman, serif;\"><span style=\"font-size: medium;\"><b>Sebasti\u00e3o Salgado<\/b><\/span><\/span><\/span><\/strong><span style=\"color: #222222;\"><span style=\"font-family: Times New Roman, serif;\"><span style=\"font-size: medium;\">, preparando il pubblico alla grande mostra del MAXXI.<\/span><\/span><\/span><\/p>\n<p align=\"JUSTIFY\"><a name=\"block-c8d87abb-40ea-4b67-ae0d-313b32e38cae\"><\/a> <span style=\"color: #222222;\"><span style=\"font-family: Times New Roman, serif;\"><span style=\"font-size: medium;\">Gli incontri sono stati organizzati in attesa della mostra\u00a0<\/span><\/span><\/span><em><span style=\"color: #222222;\"><span style=\"font-family: Times New Roman, serif;\"><span style=\"font-size: medium;\"><b>Sebasti\u00e3o Salgado.\u00a0Amaz\u00f4nia<\/b><\/span><\/span><\/span><\/em><span style=\"color: #222222;\"><span style=\"font-family: Times New Roman, serif;\"><span style=\"font-size: medium;\">, che aprir\u00e0 ad ottobre al MAXXI e in cui si potranno ammirare oltre 200 immagini. Fotografie che raccontano un viaggio di oltre sei anni tra la natura selvaggia e le popolazioni della foresta amazzonica brasiliana, sar\u00e0 aperta dal 1\u00b0 ottobre 2021 al 13 febbraio 2022.<\/span><\/span><\/span><a name=\"block-84a222a0-6e20-4ede-90c7-9e581c9241ea\"><\/a><span style=\"color: #111111;\"><span style=\"font-family: Times New Roman, serif;\"><span style=\"font-size: medium;\"><b>Salgado, la mostra al Maxxi<\/b><\/span><\/span><\/span><\/p>\n<figure id=\"attachment_28944\" aria-describedby=\"caption-attachment-28944\" style=\"width: 1200px\" class=\"wp-caption alignnone\"><img loading=\"lazy\" decoding=\"async\" class=\"size-full wp-image-28944\" src=\"https:\/\/www.romaoggi.eu\/wp-content\/uploads\/2021\/07\/WhatsApp-Image-2021-07-21-at-20.18.55.jpg\" alt=\"alt tag Sebasti\u00e3o Salgado\" width=\"1200\" height=\"1600\" srcset=\"https:\/\/www.romaoggi.eu\/wp-content\/uploads\/2021\/07\/WhatsApp-Image-2021-07-21-at-20.18.55.jpg 1200w, https:\/\/www.romaoggi.eu\/wp-content\/uploads\/2021\/07\/WhatsApp-Image-2021-07-21-at-20.18.55-225x300.jpg 225w, https:\/\/www.romaoggi.eu\/wp-content\/uploads\/2021\/07\/WhatsApp-Image-2021-07-21-at-20.18.55-768x1024.jpg 768w, https:\/\/www.romaoggi.eu\/wp-content\/uploads\/2021\/07\/WhatsApp-Image-2021-07-21-at-20.18.55-1152x1536.jpg 1152w\" sizes=\"auto, (max-width: 1200px) 100vw, 1200px\" \/><figcaption id=\"caption-attachment-28944\" class=\"wp-caption-text\"><strong>Incontro al MAXXI \u00a9 Laura Giammarioli<\/strong><\/figcaption><\/figure>\n<p align=\"JUSTIFY\"><a name=\"block-6d448c46-26a1-4681-8338-cf6044c0b8b9\"><\/a><span style=\"color: #222222;\"><span style=\"font-family: Times New Roman, serif;\"><span style=\"font-size: medium;\">Dal 1\u00b0 ottobre 2021 al 13 febbraio 2022 al Museo nazionale delle arti del XXI secolo ci sar\u00e0 la mostra <\/span><\/span><\/span><em><span style=\"color: #222222;\"><span style=\"font-family: Times New Roman, serif;\"><span style=\"font-size: medium;\"><b>Sebasti\u00e3o Salgado. Amaz\u00f4nia<\/b><\/span><\/span><\/span><\/em><em><span style=\"color: #222222;\"><span style=\"font-family: Times New Roman, serif;\"><span style=\"font-size: medium;\">,<\/span><\/span><\/span><\/em><span style=\"color: #222222;\"><span style=\"font-family: Times New Roman, serif;\"><span style=\"font-size: medium;\">\u00a0prodotta dal MAXXI e realizzata in collaborazione con Contrasto, a cura di\u00a0<\/span><\/span><\/span><strong><span style=\"color: #222222;\"><span style=\"font-family: Times New Roman, serif;\"><span style=\"font-size: medium;\"><b>L\u00e9lia Wanick Salgado<\/b><\/span><\/span><\/span><\/strong><span style=\"color: #222222;\"><span style=\"font-family: Times New Roman, serif;\"><span style=\"font-size: medium;\">, compagna di vita e di viaggio del Maestro.<br \/>\nDopo il progetto\u00a0<\/span><\/span><\/span><em><span style=\"color: #222222;\"><span style=\"font-family: Times New Roman, serif;\"><span style=\"font-size: medium;\">Genesis<\/span><\/span><\/span><\/em><span style=\"color: #222222;\"><span style=\"font-family: Times New Roman, serif;\"><span style=\"font-size: medium;\">, nel quale ha fotografato le regioni pi\u00f9 remote del pianeta per testimoniarne la maestosa bellezza, Salgado ha intrapreso una nuova serie di viaggi per catturare l\u2019incredibile ricchezza e variet\u00e0 della foresta amazzonica brasiliana e i modi di vita dei suoi popoli, stabilendosi nei loro villaggi per diverse settimane e fotografando diversi gruppi etnici.<\/span><\/span><\/span><\/p>\n<p align=\"JUSTIFY\"><a name=\"block-6d448c46-26a1-4681-8338-cf6044c0b8b91\"><\/a> <span style=\"color: #222222;\"><span style=\"font-family: Times New Roman, serif;\"><span style=\"font-size: medium;\">Questo progetto \u00e8 durato sei anni durante i quali il Maestro ha fotografato la foresta, i fiumi, le montagne e le persone che vi abitano, registrando l\u2019immensa potenza della natura di quei luoghi e cogliendone nel contempo la fragilit\u00e0.<\/span><\/span><\/span><\/p>\n<p align=\"JUSTIFY\"><a name=\"block-6d448c46-26a1-4681-8338-cf6044c0b8b92\"><\/a> <span style=\"color: #222222;\"><span style=\"font-family: Times New Roman, serif;\"><span style=\"font-size: medium;\">Quella al MAXXI \u00e8 la\u00a0<\/span><\/span><\/span><strong><span style=\"color: #222222;\"><span style=\"font-family: Times New Roman, serif;\"><span style=\"font-size: medium;\"><b>prima tappa italiana\u00a0<\/b><\/span><\/span><\/span><\/strong><span style=\"color: #222222;\"><span style=\"font-family: Times New Roman, serif;\"><span style=\"font-size: medium;\">di questa mostra che presenta pi\u00f9 di 200 opere ed \u00e8 un\u2019immersione totale nella foresta amazzonica: i suoni della foresta registrati in loco \u2013 il fruscio degli alberi, le grida degli animali, il canto degli uccelli e il fragore delle acque che scendono dalle montagne \u2013 compongono un paesaggio sonoro creato da<\/span><\/span><\/span><strong><span style=\"color: #222222;\"><span style=\"font-family: Times New Roman, serif;\"><span style=\"font-size: medium;\">\u00a0<\/span><\/span><\/span><\/strong><strong><span style=\"color: #222222;\"><span style=\"font-family: Times New Roman, serif;\"><span style=\"font-size: medium;\"><b>Jean-Michel Jarre\u00a0<\/b><\/span><\/span><\/span><\/strong><span style=\"color: #222222;\"><span style=\"font-family: Times New Roman, serif;\"><span style=\"font-size: medium;\">che accompagna e rende ancora pi\u00f9 potenti le impressionanti immagini di Salgado.<\/span><\/span><\/span><\/p>\n<p align=\"JUSTIFY\"><a name=\"block-6d448c46-26a1-4681-8338-cf6044c0b8b93\"><\/a> <span style=\"color: #222222;\"><span style=\"font-family: Times New Roman, serif;\"><span style=\"font-size: medium;\">Attirando l\u2019attenzione sulla bellezza incomparabile di questa regione, Salgado vuole accendere i riflettori sulla necessit\u00e0 di proteggerla insieme ai suoi abitanti. La foresta \u00e8 un ecosistema fragile, che nelle aree protette dove vivono le comunit\u00e0 indigene non ha subito quasi alcun danno. Tutta l\u2019umanit\u00e0 ha la responsabilit\u00e0 di occuparsi di questa risorsa universale, polmone verde del mondo, e dei suoi custodi.<\/span><\/span><\/span><\/p>\n<p>&nbsp;<\/p>\n<figure id=\"attachment_28947\" aria-describedby=\"caption-attachment-28947\" style=\"width: 1076px\" class=\"wp-caption alignnone\"><img loading=\"lazy\" decoding=\"async\" class=\"size-full wp-image-28947\" src=\"https:\/\/www.romaoggi.eu\/wp-content\/uploads\/2021\/07\/\u00a9-Stefano-Pasquini-copia1.jpg\" alt=\"alt tag Sebasti\u00e3o Salgado\" width=\"1076\" height=\"717\" srcset=\"https:\/\/www.romaoggi.eu\/wp-content\/uploads\/2021\/07\/\u00a9-Stefano-Pasquini-copia1.jpg 1076w, https:\/\/www.romaoggi.eu\/wp-content\/uploads\/2021\/07\/\u00a9-Stefano-Pasquini-copia1-300x200.jpg 300w, https:\/\/www.romaoggi.eu\/wp-content\/uploads\/2021\/07\/\u00a9-Stefano-Pasquini-copia1-1024x682.jpg 1024w\" sizes=\"auto, (max-width: 1076px) 100vw, 1076px\" \/><figcaption id=\"caption-attachment-28947\" class=\"wp-caption-text\"><strong>Incontro al MAXXI \u00a9 Stefano Pasquini<\/strong><\/figcaption><\/figure>\n<figure id=\"attachment_28948\" aria-describedby=\"caption-attachment-28948\" style=\"width: 1600px\" class=\"wp-caption alignnone\"><img loading=\"lazy\" decoding=\"async\" class=\"size-full wp-image-28948\" src=\"https:\/\/www.romaoggi.eu\/wp-content\/uploads\/2021\/07\/\u00a9-Stefano-Pasquini2-copia.jpg\" alt=\"alt tag Sebasti\u00e3o Salgado\" width=\"1600\" height=\"720\" srcset=\"https:\/\/www.romaoggi.eu\/wp-content\/uploads\/2021\/07\/\u00a9-Stefano-Pasquini2-copia.jpg 1600w, https:\/\/www.romaoggi.eu\/wp-content\/uploads\/2021\/07\/\u00a9-Stefano-Pasquini2-copia-300x135.jpg 300w, https:\/\/www.romaoggi.eu\/wp-content\/uploads\/2021\/07\/\u00a9-Stefano-Pasquini2-copia-1024x461.jpg 1024w, https:\/\/www.romaoggi.eu\/wp-content\/uploads\/2021\/07\/\u00a9-Stefano-Pasquini2-copia-1536x691.jpg 1536w\" sizes=\"auto, (max-width: 1600px) 100vw, 1600px\" \/><figcaption id=\"caption-attachment-28948\" class=\"wp-caption-text\"><strong>Incontro al MAXXI \u00a9 Stefano Pasquini<\/strong><\/figcaption><\/figure>\n<figure id=\"attachment_28949\" aria-describedby=\"caption-attachment-28949\" style=\"width: 720px\" class=\"wp-caption alignnone\"><img loading=\"lazy\" decoding=\"async\" class=\"size-full wp-image-28949\" src=\"https:\/\/www.romaoggi.eu\/wp-content\/uploads\/2021\/07\/\u00a9-Stefano-Pasquini3-copia.jpg\" alt=\"alt tag Sebasti\u00e3o Salgado\" width=\"720\" height=\"1080\" srcset=\"https:\/\/www.romaoggi.eu\/wp-content\/uploads\/2021\/07\/\u00a9-Stefano-Pasquini3-copia.jpg 720w, https:\/\/www.romaoggi.eu\/wp-content\/uploads\/2021\/07\/\u00a9-Stefano-Pasquini3-copia-200x300.jpg 200w, https:\/\/www.romaoggi.eu\/wp-content\/uploads\/2021\/07\/\u00a9-Stefano-Pasquini3-copia-683x1024.jpg 683w\" sizes=\"auto, (max-width: 720px) 100vw, 720px\" \/><figcaption id=\"caption-attachment-28949\" class=\"wp-caption-text\"><strong>Incontro al MAXXI \u00a9 Stefano Pasquini<\/strong><\/figcaption><\/figure>\n<p>&nbsp;<\/p>\n","protected":false},"excerpt":{"rendered":"<div class=\"mh-excerpt\"><p>Sebasti\u00e3o Salgado a Roma\u00a0\u00e8 il titolo dei due appuntamenti che celebrano un maestro assoluto per cui la fotografia \u00e8 impegno sociale e un\u2019occasione per riflettere sulla necessit\u00e0 di salvaguardare l\u2019Amazzonia e le sue popolazioni. Gli <a class=\"mh-excerpt-more\" href=\"https:\/\/www.romaoggi.eu\/index.php\/2021\/07\/21\/sebastiao-salgado-a-roma-gli-incontri-foto-di-laura-giammarioli-e-stefano-pasquini\/\" title=\"Sebasti\u00e3o Salgado a Roma: gli incontri&#8230;foto di Laura Giammarioli e Stefano Pasquini\">[&#8230;]<\/a><\/p>\n<\/div>","protected":false},"author":10,"featured_media":28940,"comment_status":"closed","ping_status":"open","sticky":false,"template":"","format":"standard","meta":{"_sitemap_exclude":false,"_sitemap_priority":"","_sitemap_frequency":"","footnotes":""},"categories":[3],"tags":[3659,11521,15402,6222,15401],"class_list":["post-28935","post","type-post","status-publish","format-standard","has-post-thumbnail","hentry","category-eventi","tag-accademia-nazionale-di-santa-cecilia","tag-contrasto","tag-laura-giammarioli","tag-maxxi","tag-sebastiao-salgado"],"yoast_head":"<!-- This site is optimized with the Yoast SEO plugin v27.5 - https:\/\/yoast.com\/product\/yoast-seo-wordpress\/ -->\n<title>Sebasti\u00e3o Salgado a Roma: gli incontri...foto di Laura Giammarioli e Stefano Pasquini<\/title>\n<meta name=\"description\" content=\"Sebasti\u00e3o Salgado a Roma\u00a0\u00e8 il titolo dei due appuntamenti che celebrano un maestro assoluto per cui la fotografia \u00e8 impegno sociale e un\u2019occasione per\" \/>\n<meta name=\"robots\" content=\"index, follow, max-snippet:-1, max-image-preview:large, max-video-preview:-1\" \/>\n<link rel=\"canonical\" href=\"https:\/\/www.romaoggi.eu\/index.php\/2021\/07\/21\/sebastiao-salgado-a-roma-gli-incontri-foto-di-laura-giammarioli-e-stefano-pasquini\/\" \/>\n<meta property=\"og:locale\" content=\"it_IT\" \/>\n<meta property=\"og:type\" content=\"article\" \/>\n<meta property=\"og:title\" content=\"Sebasti\u00e3o Salgado a Roma: gli incontri...foto di Laura Giammarioli e Stefano Pasquini\" \/>\n<meta property=\"og:description\" content=\"Sebasti\u00e3o Salgado a Roma\u00a0\u00e8 il titolo dei due appuntamenti che celebrano un maestro assoluto per cui la fotografia \u00e8 impegno sociale e un\u2019occasione per\" \/>\n<meta property=\"og:url\" content=\"https:\/\/www.romaoggi.eu\/index.php\/2021\/07\/21\/sebastiao-salgado-a-roma-gli-incontri-foto-di-laura-giammarioli-e-stefano-pasquini\/\" \/>\n<meta property=\"og:site_name\" content=\"roma oggi\" \/>\n<meta property=\"article:publisher\" content=\"https:\/\/www.facebook.com\/RomaOggi-841544845954114\" \/>\n<meta property=\"article:author\" content=\"https:\/\/www.facebook.com\/alessandro.lisci.5\" \/>\n<meta property=\"article:published_time\" content=\"2021-07-21T21:24:00+00:00\" \/>\n<meta property=\"og:image\" content=\"https:\/\/www.romaoggi.eu\/wp-content\/uploads\/2021\/07\/WhatsApp-Image-2021-07-21-at-19.41.21.jpg\" \/>\n\t<meta property=\"og:image:width\" content=\"1024\" \/>\n\t<meta property=\"og:image:height\" content=\"768\" \/>\n\t<meta property=\"og:image:type\" content=\"image\/jpeg\" \/>\n<meta name=\"author\" content=\"Alessandro Lisci\" \/>\n<meta name=\"twitter:card\" content=\"summary_large_image\" \/>\n<meta name=\"twitter:creator\" content=\"@https:\/\/twitter.com\/alessandrolisci\" \/>\n<meta name=\"twitter:site\" content=\"@romaoggi_eu\" \/>\n<meta name=\"twitter:label1\" content=\"Scritto da\" \/>\n\t<meta name=\"twitter:data1\" content=\"Alessandro Lisci\" \/>\n\t<meta name=\"twitter:label2\" content=\"Tempo di lettura stimato\" \/>\n\t<meta name=\"twitter:data2\" content=\"5 minuti\" \/>\n<script type=\"application\/ld+json\" class=\"yoast-schema-graph\">{\"@context\":\"https:\\\/\\\/schema.org\",\"@graph\":[{\"@type\":\"Article\",\"@id\":\"https:\\\/\\\/www.romaoggi.eu\\\/index.php\\\/2021\\\/07\\\/21\\\/sebastiao-salgado-a-roma-gli-incontri-foto-di-laura-giammarioli-e-stefano-pasquini\\\/#article\",\"isPartOf\":{\"@id\":\"https:\\\/\\\/www.romaoggi.eu\\\/index.php\\\/2021\\\/07\\\/21\\\/sebastiao-salgado-a-roma-gli-incontri-foto-di-laura-giammarioli-e-stefano-pasquini\\\/\"},\"author\":{\"name\":\"Alessandro Lisci\",\"@id\":\"https:\\\/\\\/www.romaoggi.eu\\\/#\\\/schema\\\/person\\\/30ada62b3bd510c45a781b7e3bf65e69\"},\"headline\":\"Sebasti\u00e3o Salgado a Roma: gli incontri&#8230;foto di Laura Giammarioli e Stefano Pasquini\",\"datePublished\":\"2021-07-21T21:24:00+00:00\",\"mainEntityOfPage\":{\"@id\":\"https:\\\/\\\/www.romaoggi.eu\\\/index.php\\\/2021\\\/07\\\/21\\\/sebastiao-salgado-a-roma-gli-incontri-foto-di-laura-giammarioli-e-stefano-pasquini\\\/\"},\"wordCount\":825,\"publisher\":{\"@id\":\"https:\\\/\\\/www.romaoggi.eu\\\/#organization\"},\"image\":{\"@id\":\"https:\\\/\\\/www.romaoggi.eu\\\/index.php\\\/2021\\\/07\\\/21\\\/sebastiao-salgado-a-roma-gli-incontri-foto-di-laura-giammarioli-e-stefano-pasquini\\\/#primaryimage\"},\"thumbnailUrl\":\"https:\\\/\\\/www.romaoggi.eu\\\/wp-content\\\/uploads\\\/2021\\\/07\\\/WhatsApp-Image-2021-07-21-at-19.41.21.jpg\",\"keywords\":[\"Accademia Nazionale di Santa Cecilia\",\"Contrasto\",\"laura giammarioli\",\"Maxxi\",\"Sebasti\u00e3o Salgado\"],\"articleSection\":[\"Eventi\"],\"inLanguage\":\"it-IT\"},{\"@type\":\"WebPage\",\"@id\":\"https:\\\/\\\/www.romaoggi.eu\\\/index.php\\\/2021\\\/07\\\/21\\\/sebastiao-salgado-a-roma-gli-incontri-foto-di-laura-giammarioli-e-stefano-pasquini\\\/\",\"url\":\"https:\\\/\\\/www.romaoggi.eu\\\/index.php\\\/2021\\\/07\\\/21\\\/sebastiao-salgado-a-roma-gli-incontri-foto-di-laura-giammarioli-e-stefano-pasquini\\\/\",\"name\":\"Sebasti\u00e3o Salgado a Roma: gli incontri...foto di Laura Giammarioli e Stefano Pasquini\",\"isPartOf\":{\"@id\":\"https:\\\/\\\/www.romaoggi.eu\\\/#website\"},\"primaryImageOfPage\":{\"@id\":\"https:\\\/\\\/www.romaoggi.eu\\\/index.php\\\/2021\\\/07\\\/21\\\/sebastiao-salgado-a-roma-gli-incontri-foto-di-laura-giammarioli-e-stefano-pasquini\\\/#primaryimage\"},\"image\":{\"@id\":\"https:\\\/\\\/www.romaoggi.eu\\\/index.php\\\/2021\\\/07\\\/21\\\/sebastiao-salgado-a-roma-gli-incontri-foto-di-laura-giammarioli-e-stefano-pasquini\\\/#primaryimage\"},\"thumbnailUrl\":\"https:\\\/\\\/www.romaoggi.eu\\\/wp-content\\\/uploads\\\/2021\\\/07\\\/WhatsApp-Image-2021-07-21-at-19.41.21.jpg\",\"datePublished\":\"2021-07-21T21:24:00+00:00\",\"description\":\"Sebasti\u00e3o Salgado a Roma\u00a0\u00e8 il titolo dei due appuntamenti che celebrano un maestro assoluto per cui la fotografia \u00e8 impegno sociale e un\u2019occasione per\",\"breadcrumb\":{\"@id\":\"https:\\\/\\\/www.romaoggi.eu\\\/index.php\\\/2021\\\/07\\\/21\\\/sebastiao-salgado-a-roma-gli-incontri-foto-di-laura-giammarioli-e-stefano-pasquini\\\/#breadcrumb\"},\"inLanguage\":\"it-IT\",\"potentialAction\":[{\"@type\":\"ReadAction\",\"target\":[\"https:\\\/\\\/www.romaoggi.eu\\\/index.php\\\/2021\\\/07\\\/21\\\/sebastiao-salgado-a-roma-gli-incontri-foto-di-laura-giammarioli-e-stefano-pasquini\\\/\"]}]},{\"@type\":\"ImageObject\",\"inLanguage\":\"it-IT\",\"@id\":\"https:\\\/\\\/www.romaoggi.eu\\\/index.php\\\/2021\\\/07\\\/21\\\/sebastiao-salgado-a-roma-gli-incontri-foto-di-laura-giammarioli-e-stefano-pasquini\\\/#primaryimage\",\"url\":\"https:\\\/\\\/www.romaoggi.eu\\\/wp-content\\\/uploads\\\/2021\\\/07\\\/WhatsApp-Image-2021-07-21-at-19.41.21.jpg\",\"contentUrl\":\"https:\\\/\\\/www.romaoggi.eu\\\/wp-content\\\/uploads\\\/2021\\\/07\\\/WhatsApp-Image-2021-07-21-at-19.41.21.jpg\",\"width\":1024,\"height\":768,\"caption\":\"Incontro al MAXXI \u00a9 Laura Giammarioli\"},{\"@type\":\"BreadcrumbList\",\"@id\":\"https:\\\/\\\/www.romaoggi.eu\\\/index.php\\\/2021\\\/07\\\/21\\\/sebastiao-salgado-a-roma-gli-incontri-foto-di-laura-giammarioli-e-stefano-pasquini\\\/#breadcrumb\",\"itemListElement\":[{\"@type\":\"ListItem\",\"position\":1,\"name\":\"Home\",\"item\":\"https:\\\/\\\/www.romaoggi.eu\\\/\"},{\"@type\":\"ListItem\",\"position\":2,\"name\":\"Sebasti\u00e3o Salgado a Roma: gli incontri&#8230;foto di Laura Giammarioli e Stefano Pasquini\"}]},{\"@type\":\"WebSite\",\"@id\":\"https:\\\/\\\/www.romaoggi.eu\\\/#website\",\"url\":\"https:\\\/\\\/www.romaoggi.eu\\\/\",\"name\":\"roma oggi\",\"description\":\"Interesting News for Interesting people\",\"publisher\":{\"@id\":\"https:\\\/\\\/www.romaoggi.eu\\\/#organization\"},\"potentialAction\":[{\"@type\":\"SearchAction\",\"target\":{\"@type\":\"EntryPoint\",\"urlTemplate\":\"https:\\\/\\\/www.romaoggi.eu\\\/?s={search_term_string}\"},\"query-input\":{\"@type\":\"PropertyValueSpecification\",\"valueRequired\":true,\"valueName\":\"search_term_string\"}}],\"inLanguage\":\"it-IT\"},{\"@type\":\"Organization\",\"@id\":\"https:\\\/\\\/www.romaoggi.eu\\\/#organization\",\"name\":\"RomaOggi\",\"url\":\"https:\\\/\\\/www.romaoggi.eu\\\/\",\"logo\":{\"@type\":\"ImageObject\",\"inLanguage\":\"it-IT\",\"@id\":\"https:\\\/\\\/www.romaoggi.eu\\\/#\\\/schema\\\/logo\\\/image\\\/\",\"url\":\"https:\\\/\\\/www.romaoggi.eu\\\/wp-content\\\/uploads\\\/2017\\\/04\\\/logowp.jpg\",\"contentUrl\":\"https:\\\/\\\/www.romaoggi.eu\\\/wp-content\\\/uploads\\\/2017\\\/04\\\/logowp.jpg\",\"width\":300,\"height\":133,\"caption\":\"RomaOggi\"},\"image\":{\"@id\":\"https:\\\/\\\/www.romaoggi.eu\\\/#\\\/schema\\\/logo\\\/image\\\/\"},\"sameAs\":[\"https:\\\/\\\/www.facebook.com\\\/RomaOggi-841544845954114\",\"https:\\\/\\\/x.com\\\/romaoggi_eu\"]},{\"@type\":\"Person\",\"@id\":\"https:\\\/\\\/www.romaoggi.eu\\\/#\\\/schema\\\/person\\\/30ada62b3bd510c45a781b7e3bf65e69\",\"name\":\"Alessandro Lisci\",\"image\":{\"@type\":\"ImageObject\",\"inLanguage\":\"it-IT\",\"@id\":\"https:\\\/\\\/secure.gravatar.com\\\/avatar\\\/9b9712162b2ac404aa0d7d978185f203808e7bd02856a449b19868b2eb80cf12?s=96&d=mm&r=g\",\"url\":\"https:\\\/\\\/secure.gravatar.com\\\/avatar\\\/9b9712162b2ac404aa0d7d978185f203808e7bd02856a449b19868b2eb80cf12?s=96&d=mm&r=g\",\"contentUrl\":\"https:\\\/\\\/secure.gravatar.com\\\/avatar\\\/9b9712162b2ac404aa0d7d978185f203808e7bd02856a449b19868b2eb80cf12?s=96&d=mm&r=g\",\"caption\":\"Alessandro Lisci\"},\"sameAs\":[\"http:\\\/\\\/www.alessandrolisci.com\",\"https:\\\/\\\/www.facebook.com\\\/alessandro.lisci.5\",\"https:\\\/\\\/x.com\\\/https:\\\/\\\/twitter.com\\\/alessandrolisci\",\"https:\\\/\\\/www.youtube.com\\\/user\\\/alessandrolisci\"],\"url\":\"https:\\\/\\\/www.romaoggi.eu\\\/index.php\\\/author\\\/alessandro\\\/\"}]}<\/script>\n<!-- \/ Yoast SEO plugin. -->","yoast_head_json":{"title":"Sebasti\u00e3o Salgado a Roma: gli incontri...foto di Laura Giammarioli e Stefano Pasquini","description":"Sebasti\u00e3o Salgado a Roma\u00a0\u00e8 il titolo dei due appuntamenti che celebrano un maestro assoluto per cui la fotografia \u00e8 impegno sociale e un\u2019occasione per","robots":{"index":"index","follow":"follow","max-snippet":"max-snippet:-1","max-image-preview":"max-image-preview:large","max-video-preview":"max-video-preview:-1"},"canonical":"https:\/\/www.romaoggi.eu\/index.php\/2021\/07\/21\/sebastiao-salgado-a-roma-gli-incontri-foto-di-laura-giammarioli-e-stefano-pasquini\/","og_locale":"it_IT","og_type":"article","og_title":"Sebasti\u00e3o Salgado a Roma: gli incontri...foto di Laura Giammarioli e Stefano Pasquini","og_description":"Sebasti\u00e3o Salgado a Roma\u00a0\u00e8 il titolo dei due appuntamenti che celebrano un maestro assoluto per cui la fotografia \u00e8 impegno sociale e un\u2019occasione per","og_url":"https:\/\/www.romaoggi.eu\/index.php\/2021\/07\/21\/sebastiao-salgado-a-roma-gli-incontri-foto-di-laura-giammarioli-e-stefano-pasquini\/","og_site_name":"roma oggi","article_publisher":"https:\/\/www.facebook.com\/RomaOggi-841544845954114","article_author":"https:\/\/www.facebook.com\/alessandro.lisci.5","article_published_time":"2021-07-21T21:24:00+00:00","og_image":[{"width":1024,"height":768,"url":"https:\/\/www.romaoggi.eu\/wp-content\/uploads\/2021\/07\/WhatsApp-Image-2021-07-21-at-19.41.21.jpg","type":"image\/jpeg"}],"author":"Alessandro Lisci","twitter_card":"summary_large_image","twitter_creator":"@https:\/\/twitter.com\/alessandrolisci","twitter_site":"@romaoggi_eu","twitter_misc":{"Scritto da":"Alessandro Lisci","Tempo di lettura stimato":"5 minuti"},"schema":{"@context":"https:\/\/schema.org","@graph":[{"@type":"Article","@id":"https:\/\/www.romaoggi.eu\/index.php\/2021\/07\/21\/sebastiao-salgado-a-roma-gli-incontri-foto-di-laura-giammarioli-e-stefano-pasquini\/#article","isPartOf":{"@id":"https:\/\/www.romaoggi.eu\/index.php\/2021\/07\/21\/sebastiao-salgado-a-roma-gli-incontri-foto-di-laura-giammarioli-e-stefano-pasquini\/"},"author":{"name":"Alessandro Lisci","@id":"https:\/\/www.romaoggi.eu\/#\/schema\/person\/30ada62b3bd510c45a781b7e3bf65e69"},"headline":"Sebasti\u00e3o Salgado a Roma: gli incontri&#8230;foto di Laura Giammarioli e Stefano Pasquini","datePublished":"2021-07-21T21:24:00+00:00","mainEntityOfPage":{"@id":"https:\/\/www.romaoggi.eu\/index.php\/2021\/07\/21\/sebastiao-salgado-a-roma-gli-incontri-foto-di-laura-giammarioli-e-stefano-pasquini\/"},"wordCount":825,"publisher":{"@id":"https:\/\/www.romaoggi.eu\/#organization"},"image":{"@id":"https:\/\/www.romaoggi.eu\/index.php\/2021\/07\/21\/sebastiao-salgado-a-roma-gli-incontri-foto-di-laura-giammarioli-e-stefano-pasquini\/#primaryimage"},"thumbnailUrl":"https:\/\/www.romaoggi.eu\/wp-content\/uploads\/2021\/07\/WhatsApp-Image-2021-07-21-at-19.41.21.jpg","keywords":["Accademia Nazionale di Santa Cecilia","Contrasto","laura giammarioli","Maxxi","Sebasti\u00e3o Salgado"],"articleSection":["Eventi"],"inLanguage":"it-IT"},{"@type":"WebPage","@id":"https:\/\/www.romaoggi.eu\/index.php\/2021\/07\/21\/sebastiao-salgado-a-roma-gli-incontri-foto-di-laura-giammarioli-e-stefano-pasquini\/","url":"https:\/\/www.romaoggi.eu\/index.php\/2021\/07\/21\/sebastiao-salgado-a-roma-gli-incontri-foto-di-laura-giammarioli-e-stefano-pasquini\/","name":"Sebasti\u00e3o Salgado a Roma: gli incontri...foto di Laura Giammarioli e Stefano Pasquini","isPartOf":{"@id":"https:\/\/www.romaoggi.eu\/#website"},"primaryImageOfPage":{"@id":"https:\/\/www.romaoggi.eu\/index.php\/2021\/07\/21\/sebastiao-salgado-a-roma-gli-incontri-foto-di-laura-giammarioli-e-stefano-pasquini\/#primaryimage"},"image":{"@id":"https:\/\/www.romaoggi.eu\/index.php\/2021\/07\/21\/sebastiao-salgado-a-roma-gli-incontri-foto-di-laura-giammarioli-e-stefano-pasquini\/#primaryimage"},"thumbnailUrl":"https:\/\/www.romaoggi.eu\/wp-content\/uploads\/2021\/07\/WhatsApp-Image-2021-07-21-at-19.41.21.jpg","datePublished":"2021-07-21T21:24:00+00:00","description":"Sebasti\u00e3o Salgado a Roma\u00a0\u00e8 il titolo dei due appuntamenti che celebrano un maestro assoluto per cui la fotografia \u00e8 impegno sociale e un\u2019occasione per","breadcrumb":{"@id":"https:\/\/www.romaoggi.eu\/index.php\/2021\/07\/21\/sebastiao-salgado-a-roma-gli-incontri-foto-di-laura-giammarioli-e-stefano-pasquini\/#breadcrumb"},"inLanguage":"it-IT","potentialAction":[{"@type":"ReadAction","target":["https:\/\/www.romaoggi.eu\/index.php\/2021\/07\/21\/sebastiao-salgado-a-roma-gli-incontri-foto-di-laura-giammarioli-e-stefano-pasquini\/"]}]},{"@type":"ImageObject","inLanguage":"it-IT","@id":"https:\/\/www.romaoggi.eu\/index.php\/2021\/07\/21\/sebastiao-salgado-a-roma-gli-incontri-foto-di-laura-giammarioli-e-stefano-pasquini\/#primaryimage","url":"https:\/\/www.romaoggi.eu\/wp-content\/uploads\/2021\/07\/WhatsApp-Image-2021-07-21-at-19.41.21.jpg","contentUrl":"https:\/\/www.romaoggi.eu\/wp-content\/uploads\/2021\/07\/WhatsApp-Image-2021-07-21-at-19.41.21.jpg","width":1024,"height":768,"caption":"Incontro al MAXXI \u00a9 Laura Giammarioli"},{"@type":"BreadcrumbList","@id":"https:\/\/www.romaoggi.eu\/index.php\/2021\/07\/21\/sebastiao-salgado-a-roma-gli-incontri-foto-di-laura-giammarioli-e-stefano-pasquini\/#breadcrumb","itemListElement":[{"@type":"ListItem","position":1,"name":"Home","item":"https:\/\/www.romaoggi.eu\/"},{"@type":"ListItem","position":2,"name":"Sebasti\u00e3o Salgado a Roma: gli incontri&#8230;foto di Laura Giammarioli e Stefano Pasquini"}]},{"@type":"WebSite","@id":"https:\/\/www.romaoggi.eu\/#website","url":"https:\/\/www.romaoggi.eu\/","name":"roma oggi","description":"Interesting News for Interesting people","publisher":{"@id":"https:\/\/www.romaoggi.eu\/#organization"},"potentialAction":[{"@type":"SearchAction","target":{"@type":"EntryPoint","urlTemplate":"https:\/\/www.romaoggi.eu\/?s={search_term_string}"},"query-input":{"@type":"PropertyValueSpecification","valueRequired":true,"valueName":"search_term_string"}}],"inLanguage":"it-IT"},{"@type":"Organization","@id":"https:\/\/www.romaoggi.eu\/#organization","name":"RomaOggi","url":"https:\/\/www.romaoggi.eu\/","logo":{"@type":"ImageObject","inLanguage":"it-IT","@id":"https:\/\/www.romaoggi.eu\/#\/schema\/logo\/image\/","url":"https:\/\/www.romaoggi.eu\/wp-content\/uploads\/2017\/04\/logowp.jpg","contentUrl":"https:\/\/www.romaoggi.eu\/wp-content\/uploads\/2017\/04\/logowp.jpg","width":300,"height":133,"caption":"RomaOggi"},"image":{"@id":"https:\/\/www.romaoggi.eu\/#\/schema\/logo\/image\/"},"sameAs":["https:\/\/www.facebook.com\/RomaOggi-841544845954114","https:\/\/x.com\/romaoggi_eu"]},{"@type":"Person","@id":"https:\/\/www.romaoggi.eu\/#\/schema\/person\/30ada62b3bd510c45a781b7e3bf65e69","name":"Alessandro Lisci","image":{"@type":"ImageObject","inLanguage":"it-IT","@id":"https:\/\/secure.gravatar.com\/avatar\/9b9712162b2ac404aa0d7d978185f203808e7bd02856a449b19868b2eb80cf12?s=96&d=mm&r=g","url":"https:\/\/secure.gravatar.com\/avatar\/9b9712162b2ac404aa0d7d978185f203808e7bd02856a449b19868b2eb80cf12?s=96&d=mm&r=g","contentUrl":"https:\/\/secure.gravatar.com\/avatar\/9b9712162b2ac404aa0d7d978185f203808e7bd02856a449b19868b2eb80cf12?s=96&d=mm&r=g","caption":"Alessandro Lisci"},"sameAs":["http:\/\/www.alessandrolisci.com","https:\/\/www.facebook.com\/alessandro.lisci.5","https:\/\/x.com\/https:\/\/twitter.com\/alessandrolisci","https:\/\/www.youtube.com\/user\/alessandrolisci"],"url":"https:\/\/www.romaoggi.eu\/index.php\/author\/alessandro\/"}]}},"_links":{"self":[{"href":"https:\/\/www.romaoggi.eu\/index.php\/wp-json\/wp\/v2\/posts\/28935","targetHints":{"allow":["GET"]}}],"collection":[{"href":"https:\/\/www.romaoggi.eu\/index.php\/wp-json\/wp\/v2\/posts"}],"about":[{"href":"https:\/\/www.romaoggi.eu\/index.php\/wp-json\/wp\/v2\/types\/post"}],"author":[{"embeddable":true,"href":"https:\/\/www.romaoggi.eu\/index.php\/wp-json\/wp\/v2\/users\/10"}],"replies":[{"embeddable":true,"href":"https:\/\/www.romaoggi.eu\/index.php\/wp-json\/wp\/v2\/comments?post=28935"}],"version-history":[{"count":6,"href":"https:\/\/www.romaoggi.eu\/index.php\/wp-json\/wp\/v2\/posts\/28935\/revisions"}],"predecessor-version":[{"id":28950,"href":"https:\/\/www.romaoggi.eu\/index.php\/wp-json\/wp\/v2\/posts\/28935\/revisions\/28950"}],"wp:featuredmedia":[{"embeddable":true,"href":"https:\/\/www.romaoggi.eu\/index.php\/wp-json\/wp\/v2\/media\/28940"}],"wp:attachment":[{"href":"https:\/\/www.romaoggi.eu\/index.php\/wp-json\/wp\/v2\/media?parent=28935"}],"wp:term":[{"taxonomy":"category","embeddable":true,"href":"https:\/\/www.romaoggi.eu\/index.php\/wp-json\/wp\/v2\/categories?post=28935"},{"taxonomy":"post_tag","embeddable":true,"href":"https:\/\/www.romaoggi.eu\/index.php\/wp-json\/wp\/v2\/tags?post=28935"}],"curies":[{"name":"wp","href":"https:\/\/api.w.org\/{rel}","templated":true}]}}