{"id":29150,"date":"2021-08-11T07:48:44","date_gmt":"2021-08-11T05:48:44","guid":{"rendered":"http:\/\/www.romaoggi.eu\/?p=29150"},"modified":"2021-08-11T10:03:10","modified_gmt":"2021-08-11T08:03:10","slug":"la-foto-del-giorno-fa-caldo","status":"publish","type":"post","link":"https:\/\/www.romaoggi.eu\/index.php\/2021\/08\/11\/la-foto-del-giorno-fa-caldo\/","title":{"rendered":"La foto del giorno: &#8221; Fa caldo&#8230; &#8220;"},"content":{"rendered":"<blockquote>\n<p align=\"JUSTIFY\"><strong><span style=\"color: #000000;\">\u201c<\/span><\/strong><strong><span style=\"color: #000000;\"><span style=\"font-family: Times New Roman, serif;\"><span style=\"font-size: medium;\"><b>La foto del giorno\u201d di mercoled\u00ec 11 agosto 2021 dal titolo <\/b><\/span><\/span><\/span><\/strong><strong><span style=\"color: #1d2228;\"><span style=\"font-family: Times New Roman, serif;\"><span style=\"font-size: medium;\">&#8220;Fa Caldo&#8230;&#8221;, <\/span><\/span><\/span><\/strong><strong><span style=\"color: #000000;\"><span style=\"font-family: Times New Roman, serif;\"><span style=\"font-size: medium;\"><b>ci \u00e8 stata inviata da Maria R. Suma, Roma. <\/b><\/span><\/span><\/span><\/strong><strong><span style=\"color: #000000;\"><span style=\"font-family: Times New Roman, serif;\"><span style=\"font-size: medium;\">Invia la tua foto del giorno al whats app 3316379346.<\/span><\/span><\/span><\/strong><\/p>\n<\/blockquote>\n<p align=\"JUSTIFY\"><strong><span style=\"color: #ff0000;\"><span style=\"font-family: Times New Roman, serif;\"><span style=\"font-size: medium;\"><b>sostieni con una donazione il progetto fotografico di Target Lab.\u00a0 <\/b><\/span><\/span><\/span><\/strong><strong><a href=\"https:\/\/sostieni.link\/28814\"><span style=\"color: #ff0000;\"><span style=\"font-family: Times New Roman, serif;\"><span style=\"font-size: medium;\">https:\/\/sostieni.link\/284<\/span><\/span><\/span><\/a><\/strong><\/p>\n<p align=\"JUSTIFY\"><strong><span style=\"color: #000000;\"><span style=\"font-family: Times New Roman, serif;\"><span style=\"font-size: medium;\"><b>ommento di Alessandro Lisci <\/b><\/span><\/span><\/span><\/strong><\/p>\n<p align=\"JUSTIFY\"><span style=\"color: #000000;\"><span style=\"font-family: Times New Roman, serif;\"><span style=\"font-size: medium;\">Fa proprio caldo\u2026 da tempo ormai\u2026ma il peggio lo stiamo vivendo adesso, con quella che sar\u00e0 la settimana pi\u00f9 torrida di sempre grazie all\u2019anticiclone subtropicale africano che qualcuno sarcasticamente ha voluto appellare con quel nome impronunciabile che \u00e8 Lucifero. <\/span><\/span><\/span><\/p>\n<p><span style=\"color: #000000;\"><span style=\"font-family: Times New Roman, serif;\"><span style=\"font-size: medium;\">Un nome che ci spaventa ed evoca un Inferno di calore al quale, e Dio solo lo sa, dovremo sempre pi\u00f9 abituarci.<\/span><\/span><\/span><\/p>\n<p><span style=\"color: #000000;\"><span style=\"font-family: Times New Roman, serif;\"><span style=\"font-size: medium;\">Lo dicono gli esperti, gli scienziati, che prevedendo in questi giorni picchi di 45 gradi al Sud e sulle Isole , ma anche altrettante temperature da bollino rosso a Campobasso, Rieti, Roma e tante altre, via via che si sposta l\u2019anticiclone.<\/span><\/span><\/span><\/p>\n<p><span style=\"color: #000000;\"><span style=\"font-family: Times New Roman, serif;\"><span style=\"font-size: medium;\">Stiamo vivendo sulla nostra pelle un caldo eccezionale che \u00e8 anche l\u2019anticamera o meglio la spia di quel cambiamento irreversibile del clima e quindi del nostro pianeta che ci metter\u00e0 alla prova con eventi sempre pi\u00f9 disastrosi, che sconvolgeranno il nostro modo di percepire e vivere la natura, ma che cambieranno soprattutto e per sempre le nostre abitudini, le nostre esigenze per poter sopravvivere. <\/span><\/span><\/span><\/p>\n<p><span style=\"color: #000000;\"><span style=\"font-family: Times New Roman, serif;\"><span style=\"font-size: medium;\">La fantascienza cinematografica sta divenendo realt\u00e0..prendiamo ad esempio il leggendario Dune diretto da quel geniaccio di David Lynch ed apparso nelle sale nel 1984. Andate a rivederlo e capirete quanto era animato gi\u00e0 il dibattito all\u2019epoca su ci\u00f2 che stiamo vivendo ora.<\/span><\/span><\/span><\/p>\n<p><span style=\"color: #000000;\"><span style=\"font-family: Times New Roman, serif;\"><span style=\"font-size: medium;\">Del resto i modelli matematici impiegati dai fisici, dai chimici e dai meteorologi non falliscono. Gi\u00e0 all\u2019epoca avevano tutti gli elementi per fare le dovute previsioni. Colte immediatamente e con estro dalla letteratura e dalla cinematografia. <\/span><\/span><\/span><\/p>\n<p><span style=\"color: #000000;\"><span style=\"font-family: Times New Roman, serif;\"><span style=\"font-size: medium;\">Ed \u00e8 cosi che cade a pennello la foto realizzata da Maria R. Suma a Taranto, citt\u00e0 del Sud, citt\u00e0 della Puglia , Terra del Mare del Sole e del Vento e che ha volutamente intitolato \u201cFa caldo!\u201d.<\/span><\/span><\/span><\/p>\n<p><span style=\"color: #000000;\"><span style=\"font-family: Times New Roman, serif;\"><span style=\"font-size: medium;\">Un\u2019immagine vale pi\u00f9 di mille parole direbbe un altro pugliese doc quale Gianni Gallucci, che partecipa spesso alla &#8220;Foto del giorno&#8221; ..e nulla \u00e8 pi\u00f9 vero come in questo caso, con quest\u2019uomo che vuole riposarsi un p\u00f2 sotto il sole di mezzogiorno. Senza pretendere di ripararsi da quel Sole che picchia e al quale \u00e8 abituato, in fondo fa parte del suo Dna e gli scivola addosso, non lo fa tremare. Addirittura sfida il caldo andando in bici proprio in quell\u2019orario, temprato dal tempo. <\/span><\/span><\/span><\/p>\n<p><span style=\"color: #000000;\"><span style=\"font-family: Times New Roman, serif;\"><span style=\"font-size: medium;\">Dietro di Lui sullo sfondo il colore della terra fa da contraltare al blue mare che avvolge tutto in primo piano, anche Lui, che poi veste intonato al tema estivo .<\/span><\/span><\/span><\/p>\n<p><span style=\"color: #000000;\"><span style=\"font-family: Times New Roman, serif;\"><span style=\"font-size: medium;\">Ma manca il vento per restituirci appieno l\u2019atmosfera pugliese, un vento che non c\u2019\u00e8, che non alza le cartacce, e che con la sua assenza sospende il tutto.\u00a0<\/span><\/span><\/span><\/p>\n<p><span style=\"color: #000000;\"><span style=\"font-family: Times New Roman, serif;\"><span style=\"font-size: medium;\">E, se da una parte, l\u2019azzurro del primo piano evoca il mare, dall\u2019altra il vuoto di quella che sembra una vasca d\u2019acqua, sul cui bordo \u00e8 seduto il nostro sconosciuto, disperde i nostri sensi. I miei complimenti a Maria R. Suma, che a quanto pare ha un occhio ben allenato alla fotografia di strada, un genere di fotografia che ci fa riflettere.<\/span><\/span><\/span><\/p>\n<p><span style=\"color: #000000;\"><span style=\"font-family: Times New Roman, serif;\"><span style=\"font-size: medium;\">Riflettere e fotografare.<\/span><\/span><\/span><\/p>\n<p><span style=\"color: #000000;\"><span style=\"font-family: Times New Roman, serif;\"><span style=\"font-size: medium;\"><b>\u00a9 Alessandro Lisci <\/b><\/span><\/span><\/span><\/p>\n<p align=\"JUSTIFY\"><span style=\"font-size: medium;\"><strong><span style=\"font-family: Times New Roman, serif;\">Redazione ed editing fotografico a cura di Alessandro Lisci<\/span><\/strong><\/span><\/p>\n<figure id=\"attachment_29152\" aria-describedby=\"caption-attachment-29152\" style=\"width: 1020px\" class=\"wp-caption alignnone\"><img loading=\"lazy\" decoding=\"async\" class=\"size-full wp-image-29152\" src=\"https:\/\/www.romaoggi.eu\/wp-content\/uploads\/2021\/08\/WhatsApp-Image-2021-07-28-at-17.58.59.jpg\" alt=\"alt tag Taranto\" width=\"1020\" height=\"680\" srcset=\"https:\/\/www.romaoggi.eu\/wp-content\/uploads\/2021\/08\/WhatsApp-Image-2021-07-28-at-17.58.59.jpg 1020w, https:\/\/www.romaoggi.eu\/wp-content\/uploads\/2021\/08\/WhatsApp-Image-2021-07-28-at-17.58.59-300x200.jpg 300w\" sizes=\"auto, (max-width: 1020px) 100vw, 1020px\" \/><figcaption id=\"caption-attachment-29152\" class=\"wp-caption-text\"><strong>Taranto \u00a9 Maria R. Suma<\/strong><\/figcaption><\/figure>\n<p align=\"JUSTIFY\"><strong><span style=\"color: #000000;\"><span style=\"font-family: Times New Roman, serif;\"><span style=\"font-size: medium;\"><b>La foto del giorno \u00e8 la rubrica di Alessandro Lisci su \u00a0 <\/b><\/span><\/span><\/span><\/strong><strong><a href=\"https:\/\/www.romaoggi.eu\/\"><span style=\"color: #000080;\"><span style=\"font-family: Times New Roman, serif;\"><span style=\"font-size: medium;\"><u><b>www.Romaoggi.eu<\/b><\/u><\/span><\/span><\/span><\/a><\/strong><strong><span style=\"color: #000000;\"><span style=\"font-family: Times New Roman, serif;\"><span style=\"font-size: medium;\">\u00a0<\/span><\/span><\/span><\/strong><strong><span style=\"color: #000000;\"><span style=\"font-family: Times New Roman, serif;\"><span style=\"font-size: medium;\"><b>.\u00a0 Invia la tua foto del giorno con un commento al whatsapp 3316379346 oppure alla seguente mail: alessandrolisci@yahoo.it.<\/b><\/span><\/span><\/span><\/strong><\/p>\n<p align=\"JUSTIFY\"><strong><span style=\"font-family: Times New Roman, serif;\"><span style=\"font-size: medium;\">Visita il sito \u00a0: <a href=\"http:\/\/www.alessandrolisci.com\/\">www.alessandrolisci.com<\/a><\/span><\/span><\/strong><\/p>\n<p><strong><span style=\"font-family: Times New Roman, serif;\"><span style=\"font-size: medium;\">Pina Ianiro<\/span><\/span><\/strong><span style=\"font-family: Times New Roman, serif;\"><span style=\"font-size: medium;\">\u00a0 nasce a Caserta, <\/span><\/span><strong><span style=\"font-family: Times New Roman, serif;\"><span style=\"font-size: medium;\">laureata in Sociologia<\/span><\/span><\/strong><span style=\"font-family: Times New Roman, serif;\"><span style=\"font-size: medium;\">. <\/span><\/span><strong><span style=\"font-family: Times New Roman, serif;\"><span style=\"font-size: medium;\">Vive a Roma<\/span><\/span><\/strong><span style=\"font-family: Times New Roman, serif;\"><span style=\"font-size: medium;\"> e l<\/span><\/span><span style=\"font-family: Times New Roman, serif;\"><span style=\"font-size: medium;\"><b>avora come editor<\/b><\/span><\/span><span style=\"font-family: Times New Roman, serif;\"><span style=\"font-size: medium;\"> anche se preferisce definirsi \u201c<\/span><\/span><strong><span style=\"font-family: Times New Roman, serif;\"><span style=\"font-size: medium;\">curatrice di manoscritti<\/span><\/span><\/strong><span style=\"font-family: Times New Roman, serif;\"><span style=\"font-size: medium;\">\u201d e porta avanti la sua passione per la letteratura e l\u2019arte. <\/span><\/span><strong><span style=\"font-family: Times New Roman, serif;\"><span style=\"font-size: medium;\">Ha pubblicato i romanzi<\/span><\/span><\/strong><span style=\"font-family: Times New Roman, serif;\"><span style=\"font-size: medium;\">:<\/span><\/span><span style=\"font-family: Times New Roman, serif;\"><span style=\"font-size: medium;\"><b>\u201cIl cubo bianco\u201d<\/b><\/span><\/span><span style=\"font-family: Times New Roman, serif;\"><span style=\"font-size: medium;\"> (Giulio Perrone LAB), <\/span><\/span><span style=\"font-family: Times New Roman, serif;\"><span style=\"font-size: medium;\"><b>\u201cQuanto ci mette la neve a cadere\u201d<\/b><\/span><\/span><span style=\"font-family: Times New Roman, serif;\"><span style=\"font-size: medium;\"> (L\u2019Erudita) e una raccolta monografica di racconti e poesie \u201c<\/span><\/span><span style=\"font-family: Times New Roman, serif;\"><span style=\"font-size: medium;\"><b>Amore: maneggiare con prudenza\u201d <\/b><\/span><\/span><span style=\"font-family: Times New Roman, serif;\"><span style=\"font-size: medium;\">(L\u2019Erudita). <\/span><\/span><strong><span style=\"font-family: Times New Roman, serif;\"><span style=\"font-size: medium;\">Oltre che autrice \u00e8 ghostwriter<\/span><\/span><\/strong><span style=\"font-family: Times New Roman, serif;\"><span style=\"font-size: medium;\">. Gestisce il blog <\/span><\/span><strong><span style=\"font-family: Times New Roman, serif;\"><span style=\"font-size: medium;\"><a href=\"http:\/\/www.pinaianiro.blogspot.com\/\">http:\/\/www.pinaianiro.blogspot.com<\/a> .<\/span><\/span><\/strong><\/p>\n<p><span style=\"font-family: Times New Roman, serif;\"><span style=\"font-size: medium;\">su FB :\u00a0 <a href=\"https:\/\/www.facebook.com\/aria.giaprimavera\">https:\/\/www.facebook.com\/aria.giaprimavera<\/a><\/span><\/span><\/p>\n","protected":false},"excerpt":{"rendered":"<div class=\"mh-excerpt\"><p>\u201cLa foto del giorno\u201d di mercoled\u00ec 11 agosto 2021 dal titolo &#8220;Fa Caldo&#8230;&#8221;, ci \u00e8 stata inviata da Maria R. Suma, Roma. Invia la tua foto del giorno al whats app 3316379346. sostieni con una <a class=\"mh-excerpt-more\" href=\"https:\/\/www.romaoggi.eu\/index.php\/2021\/08\/11\/la-foto-del-giorno-fa-caldo\/\" title=\"La foto del giorno: &#8221; Fa caldo&#8230; &#8220;\">[&#8230;]<\/a><\/p>\n<\/div>","protected":false},"author":10,"featured_media":29152,"comment_status":"closed","ping_status":"open","sticky":false,"template":"","format":"standard","meta":{"_sitemap_exclude":false,"_sitemap_priority":"","_sitemap_frequency":"","footnotes":""},"categories":[8934],"tags":[14565,4137,274,10420,15473,14496,1738,14580,8345],"class_list":["post-29150","post","type-post","status-publish","format-standard","has-post-thumbnail","hentry","category-lafotodelgiorno","tag-streetphoto","tag-alessandro-lisci","tag-fotografia","tag-la-foto-del-giorno","tag-maria-r-suma","tag-pina-ianiro","tag-romaoggi-eu","tag-streetphotography","tag-taranto"],"yoast_head":"<!-- This site is optimized with the Yoast SEO plugin v27.4 - https:\/\/yoast.com\/product\/yoast-seo-wordpress\/ -->\n<title>La foto del giorno: &quot; Fa caldo... &quot;<\/title>\n<meta name=\"description\" content=\"\u201cLa foto del giorno\u201d di mercoled\u00ec 11 agosto 2021 dal titolo &quot;Fa Caldo...&quot;, ci \u00e8 stata inviata da Maria R. Suma, Roma. Invia la tua foto del giorno al\" \/>\n<meta name=\"robots\" content=\"index, follow, max-snippet:-1, max-image-preview:large, max-video-preview:-1\" \/>\n<link rel=\"canonical\" href=\"https:\/\/www.romaoggi.eu\/index.php\/2021\/08\/11\/la-foto-del-giorno-fa-caldo\/\" \/>\n<meta property=\"og:locale\" content=\"it_IT\" \/>\n<meta property=\"og:type\" content=\"article\" \/>\n<meta property=\"og:title\" content=\"La foto del giorno: &quot; Fa caldo... &quot;\" \/>\n<meta property=\"og:description\" content=\"\u201cLa foto del giorno\u201d di mercoled\u00ec 11 agosto 2021 dal titolo &quot;Fa Caldo...&quot;, ci \u00e8 stata inviata da Maria R. Suma, Roma. Invia la tua foto del giorno al\" \/>\n<meta property=\"og:url\" content=\"https:\/\/www.romaoggi.eu\/index.php\/2021\/08\/11\/la-foto-del-giorno-fa-caldo\/\" \/>\n<meta property=\"og:site_name\" content=\"roma oggi\" \/>\n<meta property=\"article:publisher\" content=\"https:\/\/www.facebook.com\/RomaOggi-841544845954114\" \/>\n<meta property=\"article:author\" content=\"https:\/\/www.facebook.com\/alessandro.lisci.5\" \/>\n<meta property=\"article:published_time\" content=\"2021-08-11T05:48:44+00:00\" \/>\n<meta property=\"article:modified_time\" content=\"2021-08-11T08:03:10+00:00\" \/>\n<meta property=\"og:image\" content=\"https:\/\/www.romaoggi.eu\/wp-content\/uploads\/2021\/08\/WhatsApp-Image-2021-07-28-at-17.58.59.jpg\" \/>\n\t<meta property=\"og:image:width\" content=\"1020\" \/>\n\t<meta property=\"og:image:height\" content=\"680\" \/>\n\t<meta property=\"og:image:type\" content=\"image\/jpeg\" \/>\n<meta name=\"author\" content=\"Alessandro Lisci\" \/>\n<meta name=\"twitter:card\" content=\"summary_large_image\" \/>\n<meta name=\"twitter:creator\" content=\"@https:\/\/twitter.com\/alessandrolisci\" \/>\n<meta name=\"twitter:site\" content=\"@romaoggi_eu\" \/>\n<meta name=\"twitter:label1\" content=\"Scritto da\" \/>\n\t<meta name=\"twitter:data1\" content=\"Alessandro Lisci\" \/>\n\t<meta name=\"twitter:label2\" content=\"Tempo di lettura stimato\" \/>\n\t<meta name=\"twitter:data2\" content=\"4 minuti\" \/>\n<script type=\"application\/ld+json\" class=\"yoast-schema-graph\">{\"@context\":\"https:\\\/\\\/schema.org\",\"@graph\":[{\"@type\":\"Article\",\"@id\":\"https:\\\/\\\/www.romaoggi.eu\\\/index.php\\\/2021\\\/08\\\/11\\\/la-foto-del-giorno-fa-caldo\\\/#article\",\"isPartOf\":{\"@id\":\"https:\\\/\\\/www.romaoggi.eu\\\/index.php\\\/2021\\\/08\\\/11\\\/la-foto-del-giorno-fa-caldo\\\/\"},\"author\":{\"name\":\"Alessandro Lisci\",\"@id\":\"https:\\\/\\\/www.romaoggi.eu\\\/#\\\/schema\\\/person\\\/30ada62b3bd510c45a781b7e3bf65e69\"},\"headline\":\"La foto del giorno: &#8221; Fa caldo&#8230; &#8220;\",\"datePublished\":\"2021-08-11T05:48:44+00:00\",\"dateModified\":\"2021-08-11T08:03:10+00:00\",\"mainEntityOfPage\":{\"@id\":\"https:\\\/\\\/www.romaoggi.eu\\\/index.php\\\/2021\\\/08\\\/11\\\/la-foto-del-giorno-fa-caldo\\\/\"},\"wordCount\":691,\"publisher\":{\"@id\":\"https:\\\/\\\/www.romaoggi.eu\\\/#organization\"},\"image\":{\"@id\":\"https:\\\/\\\/www.romaoggi.eu\\\/index.php\\\/2021\\\/08\\\/11\\\/la-foto-del-giorno-fa-caldo\\\/#primaryimage\"},\"thumbnailUrl\":\"https:\\\/\\\/www.romaoggi.eu\\\/wp-content\\\/uploads\\\/2021\\\/08\\\/WhatsApp-Image-2021-07-28-at-17.58.59.jpg\",\"keywords\":[\"#streetphoto\",\"alessandro lisci\",\"fotografia\",\"La foto del giorno\",\"maria r. suma\",\"pina ianiro\",\"RomaOggi.eu\",\"streetphotography\",\"Taranto\"],\"articleSection\":[\"La foto del giorno\"],\"inLanguage\":\"it-IT\"},{\"@type\":\"WebPage\",\"@id\":\"https:\\\/\\\/www.romaoggi.eu\\\/index.php\\\/2021\\\/08\\\/11\\\/la-foto-del-giorno-fa-caldo\\\/\",\"url\":\"https:\\\/\\\/www.romaoggi.eu\\\/index.php\\\/2021\\\/08\\\/11\\\/la-foto-del-giorno-fa-caldo\\\/\",\"name\":\"La foto del giorno: \\\" Fa caldo... \\\"\",\"isPartOf\":{\"@id\":\"https:\\\/\\\/www.romaoggi.eu\\\/#website\"},\"primaryImageOfPage\":{\"@id\":\"https:\\\/\\\/www.romaoggi.eu\\\/index.php\\\/2021\\\/08\\\/11\\\/la-foto-del-giorno-fa-caldo\\\/#primaryimage\"},\"image\":{\"@id\":\"https:\\\/\\\/www.romaoggi.eu\\\/index.php\\\/2021\\\/08\\\/11\\\/la-foto-del-giorno-fa-caldo\\\/#primaryimage\"},\"thumbnailUrl\":\"https:\\\/\\\/www.romaoggi.eu\\\/wp-content\\\/uploads\\\/2021\\\/08\\\/WhatsApp-Image-2021-07-28-at-17.58.59.jpg\",\"datePublished\":\"2021-08-11T05:48:44+00:00\",\"dateModified\":\"2021-08-11T08:03:10+00:00\",\"description\":\"\u201cLa foto del giorno\u201d di mercoled\u00ec 11 agosto 2021 dal titolo \\\"Fa Caldo...\\\", ci \u00e8 stata inviata da Maria R. Suma, Roma. Invia la tua foto del giorno al\",\"breadcrumb\":{\"@id\":\"https:\\\/\\\/www.romaoggi.eu\\\/index.php\\\/2021\\\/08\\\/11\\\/la-foto-del-giorno-fa-caldo\\\/#breadcrumb\"},\"inLanguage\":\"it-IT\",\"potentialAction\":[{\"@type\":\"ReadAction\",\"target\":[\"https:\\\/\\\/www.romaoggi.eu\\\/index.php\\\/2021\\\/08\\\/11\\\/la-foto-del-giorno-fa-caldo\\\/\"]}]},{\"@type\":\"ImageObject\",\"inLanguage\":\"it-IT\",\"@id\":\"https:\\\/\\\/www.romaoggi.eu\\\/index.php\\\/2021\\\/08\\\/11\\\/la-foto-del-giorno-fa-caldo\\\/#primaryimage\",\"url\":\"https:\\\/\\\/www.romaoggi.eu\\\/wp-content\\\/uploads\\\/2021\\\/08\\\/WhatsApp-Image-2021-07-28-at-17.58.59.jpg\",\"contentUrl\":\"https:\\\/\\\/www.romaoggi.eu\\\/wp-content\\\/uploads\\\/2021\\\/08\\\/WhatsApp-Image-2021-07-28-at-17.58.59.jpg\",\"width\":1020,\"height\":680,\"caption\":\"Taranto \u00a9 Maria R. Suma\"},{\"@type\":\"BreadcrumbList\",\"@id\":\"https:\\\/\\\/www.romaoggi.eu\\\/index.php\\\/2021\\\/08\\\/11\\\/la-foto-del-giorno-fa-caldo\\\/#breadcrumb\",\"itemListElement\":[{\"@type\":\"ListItem\",\"position\":1,\"name\":\"Home\",\"item\":\"https:\\\/\\\/www.romaoggi.eu\\\/\"},{\"@type\":\"ListItem\",\"position\":2,\"name\":\"La foto del giorno: &#8221; Fa caldo&#8230; &#8220;\"}]},{\"@type\":\"WebSite\",\"@id\":\"https:\\\/\\\/www.romaoggi.eu\\\/#website\",\"url\":\"https:\\\/\\\/www.romaoggi.eu\\\/\",\"name\":\"roma oggi\",\"description\":\"Interesting News for Interesting people\",\"publisher\":{\"@id\":\"https:\\\/\\\/www.romaoggi.eu\\\/#organization\"},\"potentialAction\":[{\"@type\":\"SearchAction\",\"target\":{\"@type\":\"EntryPoint\",\"urlTemplate\":\"https:\\\/\\\/www.romaoggi.eu\\\/?s={search_term_string}\"},\"query-input\":{\"@type\":\"PropertyValueSpecification\",\"valueRequired\":true,\"valueName\":\"search_term_string\"}}],\"inLanguage\":\"it-IT\"},{\"@type\":\"Organization\",\"@id\":\"https:\\\/\\\/www.romaoggi.eu\\\/#organization\",\"name\":\"RomaOggi\",\"url\":\"https:\\\/\\\/www.romaoggi.eu\\\/\",\"logo\":{\"@type\":\"ImageObject\",\"inLanguage\":\"it-IT\",\"@id\":\"https:\\\/\\\/www.romaoggi.eu\\\/#\\\/schema\\\/logo\\\/image\\\/\",\"url\":\"https:\\\/\\\/www.romaoggi.eu\\\/wp-content\\\/uploads\\\/2017\\\/04\\\/logowp.jpg\",\"contentUrl\":\"https:\\\/\\\/www.romaoggi.eu\\\/wp-content\\\/uploads\\\/2017\\\/04\\\/logowp.jpg\",\"width\":300,\"height\":133,\"caption\":\"RomaOggi\"},\"image\":{\"@id\":\"https:\\\/\\\/www.romaoggi.eu\\\/#\\\/schema\\\/logo\\\/image\\\/\"},\"sameAs\":[\"https:\\\/\\\/www.facebook.com\\\/RomaOggi-841544845954114\",\"https:\\\/\\\/x.com\\\/romaoggi_eu\"]},{\"@type\":\"Person\",\"@id\":\"https:\\\/\\\/www.romaoggi.eu\\\/#\\\/schema\\\/person\\\/30ada62b3bd510c45a781b7e3bf65e69\",\"name\":\"Alessandro Lisci\",\"image\":{\"@type\":\"ImageObject\",\"inLanguage\":\"it-IT\",\"@id\":\"https:\\\/\\\/secure.gravatar.com\\\/avatar\\\/9b9712162b2ac404aa0d7d978185f203808e7bd02856a449b19868b2eb80cf12?s=96&d=mm&r=g\",\"url\":\"https:\\\/\\\/secure.gravatar.com\\\/avatar\\\/9b9712162b2ac404aa0d7d978185f203808e7bd02856a449b19868b2eb80cf12?s=96&d=mm&r=g\",\"contentUrl\":\"https:\\\/\\\/secure.gravatar.com\\\/avatar\\\/9b9712162b2ac404aa0d7d978185f203808e7bd02856a449b19868b2eb80cf12?s=96&d=mm&r=g\",\"caption\":\"Alessandro Lisci\"},\"sameAs\":[\"http:\\\/\\\/www.alessandrolisci.com\",\"https:\\\/\\\/www.facebook.com\\\/alessandro.lisci.5\",\"https:\\\/\\\/x.com\\\/https:\\\/\\\/twitter.com\\\/alessandrolisci\",\"https:\\\/\\\/www.youtube.com\\\/user\\\/alessandrolisci\"],\"url\":\"https:\\\/\\\/www.romaoggi.eu\\\/index.php\\\/author\\\/alessandro\\\/\"}]}<\/script>\n<!-- \/ Yoast SEO plugin. -->","yoast_head_json":{"title":"La foto del giorno: \" Fa caldo... \"","description":"\u201cLa foto del giorno\u201d di mercoled\u00ec 11 agosto 2021 dal titolo \"Fa Caldo...\", ci \u00e8 stata inviata da Maria R. Suma, Roma. Invia la tua foto del giorno al","robots":{"index":"index","follow":"follow","max-snippet":"max-snippet:-1","max-image-preview":"max-image-preview:large","max-video-preview":"max-video-preview:-1"},"canonical":"https:\/\/www.romaoggi.eu\/index.php\/2021\/08\/11\/la-foto-del-giorno-fa-caldo\/","og_locale":"it_IT","og_type":"article","og_title":"La foto del giorno: \" Fa caldo... \"","og_description":"\u201cLa foto del giorno\u201d di mercoled\u00ec 11 agosto 2021 dal titolo \"Fa Caldo...\", ci \u00e8 stata inviata da Maria R. Suma, Roma. Invia la tua foto del giorno al","og_url":"https:\/\/www.romaoggi.eu\/index.php\/2021\/08\/11\/la-foto-del-giorno-fa-caldo\/","og_site_name":"roma oggi","article_publisher":"https:\/\/www.facebook.com\/RomaOggi-841544845954114","article_author":"https:\/\/www.facebook.com\/alessandro.lisci.5","article_published_time":"2021-08-11T05:48:44+00:00","article_modified_time":"2021-08-11T08:03:10+00:00","og_image":[{"width":1020,"height":680,"url":"https:\/\/www.romaoggi.eu\/wp-content\/uploads\/2021\/08\/WhatsApp-Image-2021-07-28-at-17.58.59.jpg","type":"image\/jpeg"}],"author":"Alessandro Lisci","twitter_card":"summary_large_image","twitter_creator":"@https:\/\/twitter.com\/alessandrolisci","twitter_site":"@romaoggi_eu","twitter_misc":{"Scritto da":"Alessandro Lisci","Tempo di lettura stimato":"4 minuti"},"schema":{"@context":"https:\/\/schema.org","@graph":[{"@type":"Article","@id":"https:\/\/www.romaoggi.eu\/index.php\/2021\/08\/11\/la-foto-del-giorno-fa-caldo\/#article","isPartOf":{"@id":"https:\/\/www.romaoggi.eu\/index.php\/2021\/08\/11\/la-foto-del-giorno-fa-caldo\/"},"author":{"name":"Alessandro Lisci","@id":"https:\/\/www.romaoggi.eu\/#\/schema\/person\/30ada62b3bd510c45a781b7e3bf65e69"},"headline":"La foto del giorno: &#8221; Fa caldo&#8230; &#8220;","datePublished":"2021-08-11T05:48:44+00:00","dateModified":"2021-08-11T08:03:10+00:00","mainEntityOfPage":{"@id":"https:\/\/www.romaoggi.eu\/index.php\/2021\/08\/11\/la-foto-del-giorno-fa-caldo\/"},"wordCount":691,"publisher":{"@id":"https:\/\/www.romaoggi.eu\/#organization"},"image":{"@id":"https:\/\/www.romaoggi.eu\/index.php\/2021\/08\/11\/la-foto-del-giorno-fa-caldo\/#primaryimage"},"thumbnailUrl":"https:\/\/www.romaoggi.eu\/wp-content\/uploads\/2021\/08\/WhatsApp-Image-2021-07-28-at-17.58.59.jpg","keywords":["#streetphoto","alessandro lisci","fotografia","La foto del giorno","maria r. suma","pina ianiro","RomaOggi.eu","streetphotography","Taranto"],"articleSection":["La foto del giorno"],"inLanguage":"it-IT"},{"@type":"WebPage","@id":"https:\/\/www.romaoggi.eu\/index.php\/2021\/08\/11\/la-foto-del-giorno-fa-caldo\/","url":"https:\/\/www.romaoggi.eu\/index.php\/2021\/08\/11\/la-foto-del-giorno-fa-caldo\/","name":"La foto del giorno: \" Fa caldo... \"","isPartOf":{"@id":"https:\/\/www.romaoggi.eu\/#website"},"primaryImageOfPage":{"@id":"https:\/\/www.romaoggi.eu\/index.php\/2021\/08\/11\/la-foto-del-giorno-fa-caldo\/#primaryimage"},"image":{"@id":"https:\/\/www.romaoggi.eu\/index.php\/2021\/08\/11\/la-foto-del-giorno-fa-caldo\/#primaryimage"},"thumbnailUrl":"https:\/\/www.romaoggi.eu\/wp-content\/uploads\/2021\/08\/WhatsApp-Image-2021-07-28-at-17.58.59.jpg","datePublished":"2021-08-11T05:48:44+00:00","dateModified":"2021-08-11T08:03:10+00:00","description":"\u201cLa foto del giorno\u201d di mercoled\u00ec 11 agosto 2021 dal titolo \"Fa Caldo...\", ci \u00e8 stata inviata da Maria R. Suma, Roma. Invia la tua foto del giorno al","breadcrumb":{"@id":"https:\/\/www.romaoggi.eu\/index.php\/2021\/08\/11\/la-foto-del-giorno-fa-caldo\/#breadcrumb"},"inLanguage":"it-IT","potentialAction":[{"@type":"ReadAction","target":["https:\/\/www.romaoggi.eu\/index.php\/2021\/08\/11\/la-foto-del-giorno-fa-caldo\/"]}]},{"@type":"ImageObject","inLanguage":"it-IT","@id":"https:\/\/www.romaoggi.eu\/index.php\/2021\/08\/11\/la-foto-del-giorno-fa-caldo\/#primaryimage","url":"https:\/\/www.romaoggi.eu\/wp-content\/uploads\/2021\/08\/WhatsApp-Image-2021-07-28-at-17.58.59.jpg","contentUrl":"https:\/\/www.romaoggi.eu\/wp-content\/uploads\/2021\/08\/WhatsApp-Image-2021-07-28-at-17.58.59.jpg","width":1020,"height":680,"caption":"Taranto \u00a9 Maria R. Suma"},{"@type":"BreadcrumbList","@id":"https:\/\/www.romaoggi.eu\/index.php\/2021\/08\/11\/la-foto-del-giorno-fa-caldo\/#breadcrumb","itemListElement":[{"@type":"ListItem","position":1,"name":"Home","item":"https:\/\/www.romaoggi.eu\/"},{"@type":"ListItem","position":2,"name":"La foto del giorno: &#8221; Fa caldo&#8230; &#8220;"}]},{"@type":"WebSite","@id":"https:\/\/www.romaoggi.eu\/#website","url":"https:\/\/www.romaoggi.eu\/","name":"roma oggi","description":"Interesting News for Interesting people","publisher":{"@id":"https:\/\/www.romaoggi.eu\/#organization"},"potentialAction":[{"@type":"SearchAction","target":{"@type":"EntryPoint","urlTemplate":"https:\/\/www.romaoggi.eu\/?s={search_term_string}"},"query-input":{"@type":"PropertyValueSpecification","valueRequired":true,"valueName":"search_term_string"}}],"inLanguage":"it-IT"},{"@type":"Organization","@id":"https:\/\/www.romaoggi.eu\/#organization","name":"RomaOggi","url":"https:\/\/www.romaoggi.eu\/","logo":{"@type":"ImageObject","inLanguage":"it-IT","@id":"https:\/\/www.romaoggi.eu\/#\/schema\/logo\/image\/","url":"https:\/\/www.romaoggi.eu\/wp-content\/uploads\/2017\/04\/logowp.jpg","contentUrl":"https:\/\/www.romaoggi.eu\/wp-content\/uploads\/2017\/04\/logowp.jpg","width":300,"height":133,"caption":"RomaOggi"},"image":{"@id":"https:\/\/www.romaoggi.eu\/#\/schema\/logo\/image\/"},"sameAs":["https:\/\/www.facebook.com\/RomaOggi-841544845954114","https:\/\/x.com\/romaoggi_eu"]},{"@type":"Person","@id":"https:\/\/www.romaoggi.eu\/#\/schema\/person\/30ada62b3bd510c45a781b7e3bf65e69","name":"Alessandro Lisci","image":{"@type":"ImageObject","inLanguage":"it-IT","@id":"https:\/\/secure.gravatar.com\/avatar\/9b9712162b2ac404aa0d7d978185f203808e7bd02856a449b19868b2eb80cf12?s=96&d=mm&r=g","url":"https:\/\/secure.gravatar.com\/avatar\/9b9712162b2ac404aa0d7d978185f203808e7bd02856a449b19868b2eb80cf12?s=96&d=mm&r=g","contentUrl":"https:\/\/secure.gravatar.com\/avatar\/9b9712162b2ac404aa0d7d978185f203808e7bd02856a449b19868b2eb80cf12?s=96&d=mm&r=g","caption":"Alessandro Lisci"},"sameAs":["http:\/\/www.alessandrolisci.com","https:\/\/www.facebook.com\/alessandro.lisci.5","https:\/\/x.com\/https:\/\/twitter.com\/alessandrolisci","https:\/\/www.youtube.com\/user\/alessandrolisci"],"url":"https:\/\/www.romaoggi.eu\/index.php\/author\/alessandro\/"}]}},"_links":{"self":[{"href":"https:\/\/www.romaoggi.eu\/index.php\/wp-json\/wp\/v2\/posts\/29150","targetHints":{"allow":["GET"]}}],"collection":[{"href":"https:\/\/www.romaoggi.eu\/index.php\/wp-json\/wp\/v2\/posts"}],"about":[{"href":"https:\/\/www.romaoggi.eu\/index.php\/wp-json\/wp\/v2\/types\/post"}],"author":[{"embeddable":true,"href":"https:\/\/www.romaoggi.eu\/index.php\/wp-json\/wp\/v2\/users\/10"}],"replies":[{"embeddable":true,"href":"https:\/\/www.romaoggi.eu\/index.php\/wp-json\/wp\/v2\/comments?post=29150"}],"version-history":[{"count":6,"href":"https:\/\/www.romaoggi.eu\/index.php\/wp-json\/wp\/v2\/posts\/29150\/revisions"}],"predecessor-version":[{"id":29162,"href":"https:\/\/www.romaoggi.eu\/index.php\/wp-json\/wp\/v2\/posts\/29150\/revisions\/29162"}],"wp:featuredmedia":[{"embeddable":true,"href":"https:\/\/www.romaoggi.eu\/index.php\/wp-json\/wp\/v2\/media\/29152"}],"wp:attachment":[{"href":"https:\/\/www.romaoggi.eu\/index.php\/wp-json\/wp\/v2\/media?parent=29150"}],"wp:term":[{"taxonomy":"category","embeddable":true,"href":"https:\/\/www.romaoggi.eu\/index.php\/wp-json\/wp\/v2\/categories?post=29150"},{"taxonomy":"post_tag","embeddable":true,"href":"https:\/\/www.romaoggi.eu\/index.php\/wp-json\/wp\/v2\/tags?post=29150"}],"curies":[{"name":"wp","href":"https:\/\/api.w.org\/{rel}","templated":true}]}}