{"id":29163,"date":"2021-08-12T23:32:49","date_gmt":"2021-08-12T21:32:49","guid":{"rendered":"http:\/\/www.romaoggi.eu\/?p=29163"},"modified":"2021-08-12T23:32:49","modified_gmt":"2021-08-12T21:32:49","slug":"paesaggio-contemporaneo-di-ljdia-musso","status":"publish","type":"post","link":"https:\/\/www.romaoggi.eu\/index.php\/2021\/08\/12\/paesaggio-contemporaneo-di-ljdia-musso\/","title":{"rendered":"&#8220;Paesaggio contemporaneo&#8221;&#8230; di Ljdia Musso"},"content":{"rendered":"<p align=\"JUSTIFY\">Paesaggio contemporaneo<\/p>\n<p align=\"JUSTIFY\">\u201cQueste mani non verranno mai pulite?\u201d<\/p>\n<p align=\"JUSTIFY\">Macbeth, W. Shakespeare<\/p>\n<p align=\"JUSTIFY\">Quello che si pu\u00f2 contemplare avvicinandosi alla pineta di Siano \u00e8 un enorme buco nero asfittico che risucchia e paralizza lo sguardo di chi lo rimira, quasi si avesse di fronte una moderna Medusa. Il fuoco ha continuato a bruciare per due giorni arrivando a raggiungere dimensioni devastanti.<\/p>\n<p align=\"JUSTIFY\">Si prova un sentimento di sgomento e paralisi di fronte al risultato perch\u00e9 quello che si sta contemplando, lungi dall&#8217;essere un mero paesaggio deturpato, \u00e8 testimonianza da un lato dell&#8217;effetto dell&#8217;azione degli uomini-scoria in una natura altrimenti pittoresca e dall&#8217;altro dell&#8217;irrazionalit\u00e0 caotica che anima i paesaggi interiori dell&#8217;essere umano.<\/p>\n<p align=\"JUSTIFY\">Paesaggio dunque \u00e8 la parola chiave per comprendere ci\u00f2 che ci troviamo davanti nella pineta di Siano.<\/p>\n<p align=\"JUSTIFY\">&#8220;Paesaggio contemporaneo&#8221;, perch\u00e9 lontano dai paesaggi idilliaci e idealizzati tipici dell&#8217;iconografia inglese del XVIII secolo, questo paesaggio sembra riflettere in pieno la dissonanza, il conflitto tra uomo e natura che caratterizza l&#8217;attuale secolo.<\/p>\n<p align=\"JUSTIFY\">Nell&#8217;et\u00e0 contemporanea, di fatto, la &#8220;Natura&#8221; che era il referente esterno della pittura paesaggistica \u00e8 scomparsa dall&#8217;orizzonte umano rendendo il termine &#8220;paesaggio&#8221; addirittura anacronistico.<\/p>\n<p align=\"JUSTIFY\">La dimensione della vita umana sempre pi\u00f9 si svolge all&#8217;interno di scatole di cemento pi\u00f9 o meno grandi, lontano dalla natura con cui l&#8217;essere umano sembra aver instaurato un rapporto conflittuale molto autodistruttivo.<\/p>\n<p align=\"JUSTIFY\">Ho parlato anche di paesaggio interiore umano ed effettivamente tutta questa vicenda si potrebbe riassumere in una breve storia triste: per ogni essere umano che costruisce qualcosa di positivo ce n&#8217;\u00e8 sempre almeno un&#8217;altro che cerca di distruggere quanto \u00e8 stato creato.<\/p>\n<p align=\"JUSTIFY\">E ancora, di fronte alla vista di questo posto brutalizzato mi torna in mente la vicenda dei Buddha di Bamiyan.<\/p>\n<p align=\"JUSTIFY\">Come in quel caso mi sembra di assistere all&#8217;erezione di un monumento in negativo, creato dalla distruzione, un ossimoro tangibile che macchia le mani di chiunque si avvicini.<\/p>\n<p align=\"JUSTIFY\">Un monumento dunque, memento mori della natura umana e soprattutto monumento ai soliti ignoti.<\/p>\n<p align=\"JUSTIFY\"><strong>\u00a9 Ljdia Musso<\/strong><\/p>\n<p align=\"JUSTIFY\"><strong>Redazione ed editing fotografico a cura di Alessandro Lisci\u00a0<\/strong><\/p>\n<p><img loading=\"lazy\" decoding=\"async\" class=\"size-full wp-image-29164\" src=\"https:\/\/www.romaoggi.eu\/wp-content\/uploads\/2021\/08\/Ljdia_Musso_Siano_paesaggi_contemporanei-scaled.jpg\" alt=\"alt tag pineta di siano\" width=\"2048\" height=\"2560\" srcset=\"https:\/\/www.romaoggi.eu\/wp-content\/uploads\/2021\/08\/Ljdia_Musso_Siano_paesaggi_contemporanei-scaled.jpg 2048w, https:\/\/www.romaoggi.eu\/wp-content\/uploads\/2021\/08\/Ljdia_Musso_Siano_paesaggi_contemporanei-240x300.jpg 240w, https:\/\/www.romaoggi.eu\/wp-content\/uploads\/2021\/08\/Ljdia_Musso_Siano_paesaggi_contemporanei-819x1024.jpg 819w, https:\/\/www.romaoggi.eu\/wp-content\/uploads\/2021\/08\/Ljdia_Musso_Siano_paesaggi_contemporanei-1229x1536.jpg 1229w, https:\/\/www.romaoggi.eu\/wp-content\/uploads\/2021\/08\/Ljdia_Musso_Siano_paesaggi_contemporanei-1639x2048.jpg 1639w\" sizes=\"auto, (max-width: 2048px) 100vw, 2048px\" \/>Paesaggio Contemporaneo, Pineta di Siano@Ljdia Musso<span style=\"font-family: pg-1ff4;\"><strong>Ljdia Musso<\/strong> nasce a Catanzaro nel 1985.<\/span><\/p>\n<p><span style=\"font-family: pg-1ff4;\">Laureata in scienze della comunicazione e specializzata nella comunicazione e marketing<\/span><\/p>\n<p><span style=\"font-family: pg-1ff4;\">della moda e dei beni di lusso, si \u00e8 formata nelle citt\u00e0 di Roma, Barcellona e Parigi.<\/span><\/p>\n<p><span style=\"font-family: pg-1ff4;\">Dal 2019 vive in Italia dove porta avanti diverse attivit\u00e0.<\/span><\/p>\n<p><span style=\"font-family: pg-1ff4;\">Come fotografa e attivista ha organizzato in regime di autofinanziamento nelle principali citt\u00e0 italiane 12 mostre personali di fotograf\u00eda documentaria sul tema delle marginalit\u00e0.<\/span><\/p>\n<p><span style=\"font-family: pg-1ff4;\">Ha ideato e organizzato la manifestazione Marginalit\u00e0 in agosto 2020 in collaborazione con l&#8217;associazione Emmaus Catanzaro, membro di Emmaus International.<\/span><\/p>\n<p><span style=\"font-family: pg-1ff4;\">Sempre come fotografa e attivista porta avanti un attivit\u00e0 di Street art fotografica.<\/span><\/p>\n<p><span style=\"font-family: pg-1ff4;\">\u00c8 arrivata finalista all&#8217;edizione 2020 del Foto festival Espa\u00f1a.<\/span><\/p>\n<p><span style=\"font-family: pg-1ff4;\">Il suo progetto marginalit\u00e0 \u00e8 ospitato in maniera permanente con due gallerie fotografiche sul sito di Repubblica Milano.<\/span><\/p>\n<p><span style=\"font-family: pg-1ff4;\">Come fotografa partecipa al festival Espa\u00f1a e al TIFA, Tokyo International Photo Awards<\/span><\/p>\n<p><span style=\"font-family: pg-1ff4;\">Alcune sue foto sono entrate a far parte della Collezione &#8220;Mediterraneum Collection&#8221;<\/span><\/p>\n<p><span style=\"font-family: pg-1ff4;\">dell&#8217;Associazione Mediterraneum.<\/span><\/p>\n<p>&nbsp;<\/p>\n<p>&nbsp;<\/p>\n","protected":false},"excerpt":{"rendered":"<div class=\"mh-excerpt\"><p>Paesaggio contemporaneo \u201cQueste mani non verranno mai pulite?\u201d Macbeth, W. Shakespeare Quello che si pu\u00f2 contemplare avvicinandosi alla pineta di Siano \u00e8 un enorme buco nero asfittico che risucchia e paralizza lo sguardo di chi <a class=\"mh-excerpt-more\" href=\"https:\/\/www.romaoggi.eu\/index.php\/2021\/08\/12\/paesaggio-contemporaneo-di-ljdia-musso\/\" title=\"&#8220;Paesaggio contemporaneo&#8221;&#8230; di Ljdia Musso\">[&#8230;]<\/a><\/p>\n<\/div>","protected":false},"author":10,"featured_media":29164,"comment_status":"closed","ping_status":"open","sticky":false,"template":"","format":"standard","meta":{"_sitemap_exclude":false,"_sitemap_priority":"","_sitemap_frequency":"","footnotes":""},"categories":[5273],"tags":[785,15475,15474,14817,15476,15477],"class_list":["post-29163","post","type-post","status-publish","format-standard","has-post-thumbnail","hentry","category-oltre-roma","tag-calabria","tag-incebdi","tag-lady-macbeth","tag-ljdia-musso","tag-paesaggio-contemporaneo","tag-pineta-di-siano"],"yoast_head":"<!-- This site is optimized with the Yoast SEO plugin v27.5 - https:\/\/yoast.com\/product\/yoast-seo-wordpress\/ -->\n<title>&quot;Paesaggio contemporaneo&quot;... di Ljdia Musso<\/title>\n<meta name=\"description\" content=\"Paesaggio contemporaneo \u201cQueste mani non verranno mai pulite?\u201d Macbeth, W. Shakespeare Quello che si pu\u00f2 contemplare avvicinandosi alla pineta di Siano \u00e8\" \/>\n<meta name=\"robots\" content=\"index, follow, max-snippet:-1, max-image-preview:large, max-video-preview:-1\" \/>\n<link rel=\"canonical\" href=\"https:\/\/www.romaoggi.eu\/index.php\/2021\/08\/12\/paesaggio-contemporaneo-di-ljdia-musso\/\" \/>\n<meta property=\"og:locale\" content=\"it_IT\" \/>\n<meta property=\"og:type\" content=\"article\" \/>\n<meta property=\"og:title\" content=\"&quot;Paesaggio contemporaneo&quot;... di Ljdia Musso\" \/>\n<meta property=\"og:description\" content=\"Paesaggio contemporaneo \u201cQueste mani non verranno mai pulite?\u201d Macbeth, W. Shakespeare Quello che si pu\u00f2 contemplare avvicinandosi alla pineta di Siano \u00e8\" \/>\n<meta property=\"og:url\" content=\"https:\/\/www.romaoggi.eu\/index.php\/2021\/08\/12\/paesaggio-contemporaneo-di-ljdia-musso\/\" \/>\n<meta property=\"og:site_name\" content=\"roma oggi\" \/>\n<meta property=\"article:publisher\" content=\"https:\/\/www.facebook.com\/RomaOggi-841544845954114\" \/>\n<meta property=\"article:author\" content=\"https:\/\/www.facebook.com\/alessandro.lisci.5\" \/>\n<meta property=\"article:published_time\" content=\"2021-08-12T21:32:49+00:00\" \/>\n<meta property=\"og:image\" content=\"https:\/\/www.romaoggi.eu\/wp-content\/uploads\/2021\/08\/Ljdia_Musso_Siano_paesaggi_contemporanei-scaled.jpg\" \/>\n\t<meta property=\"og:image:width\" content=\"2048\" \/>\n\t<meta property=\"og:image:height\" content=\"2560\" \/>\n\t<meta property=\"og:image:type\" content=\"image\/jpeg\" \/>\n<meta name=\"author\" content=\"Alessandro Lisci\" \/>\n<meta name=\"twitter:card\" content=\"summary_large_image\" \/>\n<meta name=\"twitter:creator\" content=\"@https:\/\/twitter.com\/alessandrolisci\" \/>\n<meta name=\"twitter:site\" content=\"@romaoggi_eu\" \/>\n<meta name=\"twitter:label1\" content=\"Scritto da\" \/>\n\t<meta name=\"twitter:data1\" content=\"Alessandro Lisci\" \/>\n\t<meta name=\"twitter:label2\" content=\"Tempo di lettura stimato\" \/>\n\t<meta name=\"twitter:data2\" content=\"3 minuti\" \/>\n<script type=\"application\/ld+json\" class=\"yoast-schema-graph\">{\"@context\":\"https:\\\/\\\/schema.org\",\"@graph\":[{\"@type\":\"Article\",\"@id\":\"https:\\\/\\\/www.romaoggi.eu\\\/index.php\\\/2021\\\/08\\\/12\\\/paesaggio-contemporaneo-di-ljdia-musso\\\/#article\",\"isPartOf\":{\"@id\":\"https:\\\/\\\/www.romaoggi.eu\\\/index.php\\\/2021\\\/08\\\/12\\\/paesaggio-contemporaneo-di-ljdia-musso\\\/\"},\"author\":{\"name\":\"Alessandro Lisci\",\"@id\":\"https:\\\/\\\/www.romaoggi.eu\\\/#\\\/schema\\\/person\\\/30ada62b3bd510c45a781b7e3bf65e69\"},\"headline\":\"&#8220;Paesaggio contemporaneo&#8221;&#8230; di Ljdia Musso\",\"datePublished\":\"2021-08-12T21:32:49+00:00\",\"mainEntityOfPage\":{\"@id\":\"https:\\\/\\\/www.romaoggi.eu\\\/index.php\\\/2021\\\/08\\\/12\\\/paesaggio-contemporaneo-di-ljdia-musso\\\/\"},\"wordCount\":507,\"publisher\":{\"@id\":\"https:\\\/\\\/www.romaoggi.eu\\\/#organization\"},\"image\":{\"@id\":\"https:\\\/\\\/www.romaoggi.eu\\\/index.php\\\/2021\\\/08\\\/12\\\/paesaggio-contemporaneo-di-ljdia-musso\\\/#primaryimage\"},\"thumbnailUrl\":\"https:\\\/\\\/www.romaoggi.eu\\\/wp-content\\\/uploads\\\/2021\\\/08\\\/Ljdia_Musso_Siano_paesaggi_contemporanei-scaled.jpg\",\"keywords\":[\"calabria\",\"incebdi\",\"Lady Macbeth\",\"ljdia musso\",\"paesaggio contemporaneo\",\"pineta di siano\"],\"articleSection\":[\"oltre Roma\"],\"inLanguage\":\"it-IT\"},{\"@type\":\"WebPage\",\"@id\":\"https:\\\/\\\/www.romaoggi.eu\\\/index.php\\\/2021\\\/08\\\/12\\\/paesaggio-contemporaneo-di-ljdia-musso\\\/\",\"url\":\"https:\\\/\\\/www.romaoggi.eu\\\/index.php\\\/2021\\\/08\\\/12\\\/paesaggio-contemporaneo-di-ljdia-musso\\\/\",\"name\":\"\\\"Paesaggio contemporaneo\\\"... di Ljdia Musso\",\"isPartOf\":{\"@id\":\"https:\\\/\\\/www.romaoggi.eu\\\/#website\"},\"primaryImageOfPage\":{\"@id\":\"https:\\\/\\\/www.romaoggi.eu\\\/index.php\\\/2021\\\/08\\\/12\\\/paesaggio-contemporaneo-di-ljdia-musso\\\/#primaryimage\"},\"image\":{\"@id\":\"https:\\\/\\\/www.romaoggi.eu\\\/index.php\\\/2021\\\/08\\\/12\\\/paesaggio-contemporaneo-di-ljdia-musso\\\/#primaryimage\"},\"thumbnailUrl\":\"https:\\\/\\\/www.romaoggi.eu\\\/wp-content\\\/uploads\\\/2021\\\/08\\\/Ljdia_Musso_Siano_paesaggi_contemporanei-scaled.jpg\",\"datePublished\":\"2021-08-12T21:32:49+00:00\",\"description\":\"Paesaggio contemporaneo \u201cQueste mani non verranno mai pulite?\u201d Macbeth, W. Shakespeare Quello che si pu\u00f2 contemplare avvicinandosi alla pineta di Siano \u00e8\",\"breadcrumb\":{\"@id\":\"https:\\\/\\\/www.romaoggi.eu\\\/index.php\\\/2021\\\/08\\\/12\\\/paesaggio-contemporaneo-di-ljdia-musso\\\/#breadcrumb\"},\"inLanguage\":\"it-IT\",\"potentialAction\":[{\"@type\":\"ReadAction\",\"target\":[\"https:\\\/\\\/www.romaoggi.eu\\\/index.php\\\/2021\\\/08\\\/12\\\/paesaggio-contemporaneo-di-ljdia-musso\\\/\"]}]},{\"@type\":\"ImageObject\",\"inLanguage\":\"it-IT\",\"@id\":\"https:\\\/\\\/www.romaoggi.eu\\\/index.php\\\/2021\\\/08\\\/12\\\/paesaggio-contemporaneo-di-ljdia-musso\\\/#primaryimage\",\"url\":\"https:\\\/\\\/www.romaoggi.eu\\\/wp-content\\\/uploads\\\/2021\\\/08\\\/Ljdia_Musso_Siano_paesaggi_contemporanei-scaled.jpg\",\"contentUrl\":\"https:\\\/\\\/www.romaoggi.eu\\\/wp-content\\\/uploads\\\/2021\\\/08\\\/Ljdia_Musso_Siano_paesaggi_contemporanei-scaled.jpg\",\"width\":2048,\"height\":2560,\"caption\":\"Paesaggio Contemporaneo @Ljdia Musso\"},{\"@type\":\"BreadcrumbList\",\"@id\":\"https:\\\/\\\/www.romaoggi.eu\\\/index.php\\\/2021\\\/08\\\/12\\\/paesaggio-contemporaneo-di-ljdia-musso\\\/#breadcrumb\",\"itemListElement\":[{\"@type\":\"ListItem\",\"position\":1,\"name\":\"Home\",\"item\":\"https:\\\/\\\/www.romaoggi.eu\\\/\"},{\"@type\":\"ListItem\",\"position\":2,\"name\":\"&#8220;Paesaggio contemporaneo&#8221;&#8230; di Ljdia Musso\"}]},{\"@type\":\"WebSite\",\"@id\":\"https:\\\/\\\/www.romaoggi.eu\\\/#website\",\"url\":\"https:\\\/\\\/www.romaoggi.eu\\\/\",\"name\":\"roma oggi\",\"description\":\"Interesting News for Interesting people\",\"publisher\":{\"@id\":\"https:\\\/\\\/www.romaoggi.eu\\\/#organization\"},\"potentialAction\":[{\"@type\":\"SearchAction\",\"target\":{\"@type\":\"EntryPoint\",\"urlTemplate\":\"https:\\\/\\\/www.romaoggi.eu\\\/?s={search_term_string}\"},\"query-input\":{\"@type\":\"PropertyValueSpecification\",\"valueRequired\":true,\"valueName\":\"search_term_string\"}}],\"inLanguage\":\"it-IT\"},{\"@type\":\"Organization\",\"@id\":\"https:\\\/\\\/www.romaoggi.eu\\\/#organization\",\"name\":\"RomaOggi\",\"url\":\"https:\\\/\\\/www.romaoggi.eu\\\/\",\"logo\":{\"@type\":\"ImageObject\",\"inLanguage\":\"it-IT\",\"@id\":\"https:\\\/\\\/www.romaoggi.eu\\\/#\\\/schema\\\/logo\\\/image\\\/\",\"url\":\"https:\\\/\\\/www.romaoggi.eu\\\/wp-content\\\/uploads\\\/2017\\\/04\\\/logowp.jpg\",\"contentUrl\":\"https:\\\/\\\/www.romaoggi.eu\\\/wp-content\\\/uploads\\\/2017\\\/04\\\/logowp.jpg\",\"width\":300,\"height\":133,\"caption\":\"RomaOggi\"},\"image\":{\"@id\":\"https:\\\/\\\/www.romaoggi.eu\\\/#\\\/schema\\\/logo\\\/image\\\/\"},\"sameAs\":[\"https:\\\/\\\/www.facebook.com\\\/RomaOggi-841544845954114\",\"https:\\\/\\\/x.com\\\/romaoggi_eu\"]},{\"@type\":\"Person\",\"@id\":\"https:\\\/\\\/www.romaoggi.eu\\\/#\\\/schema\\\/person\\\/30ada62b3bd510c45a781b7e3bf65e69\",\"name\":\"Alessandro Lisci\",\"image\":{\"@type\":\"ImageObject\",\"inLanguage\":\"it-IT\",\"@id\":\"https:\\\/\\\/secure.gravatar.com\\\/avatar\\\/9b9712162b2ac404aa0d7d978185f203808e7bd02856a449b19868b2eb80cf12?s=96&d=mm&r=g\",\"url\":\"https:\\\/\\\/secure.gravatar.com\\\/avatar\\\/9b9712162b2ac404aa0d7d978185f203808e7bd02856a449b19868b2eb80cf12?s=96&d=mm&r=g\",\"contentUrl\":\"https:\\\/\\\/secure.gravatar.com\\\/avatar\\\/9b9712162b2ac404aa0d7d978185f203808e7bd02856a449b19868b2eb80cf12?s=96&d=mm&r=g\",\"caption\":\"Alessandro Lisci\"},\"sameAs\":[\"http:\\\/\\\/www.alessandrolisci.com\",\"https:\\\/\\\/www.facebook.com\\\/alessandro.lisci.5\",\"https:\\\/\\\/x.com\\\/https:\\\/\\\/twitter.com\\\/alessandrolisci\",\"https:\\\/\\\/www.youtube.com\\\/user\\\/alessandrolisci\"],\"url\":\"https:\\\/\\\/www.romaoggi.eu\\\/index.php\\\/author\\\/alessandro\\\/\"}]}<\/script>\n<!-- \/ Yoast SEO plugin. -->","yoast_head_json":{"title":"\"Paesaggio contemporaneo\"... di Ljdia Musso","description":"Paesaggio contemporaneo \u201cQueste mani non verranno mai pulite?\u201d Macbeth, W. Shakespeare Quello che si pu\u00f2 contemplare avvicinandosi alla pineta di Siano \u00e8","robots":{"index":"index","follow":"follow","max-snippet":"max-snippet:-1","max-image-preview":"max-image-preview:large","max-video-preview":"max-video-preview:-1"},"canonical":"https:\/\/www.romaoggi.eu\/index.php\/2021\/08\/12\/paesaggio-contemporaneo-di-ljdia-musso\/","og_locale":"it_IT","og_type":"article","og_title":"\"Paesaggio contemporaneo\"... di Ljdia Musso","og_description":"Paesaggio contemporaneo \u201cQueste mani non verranno mai pulite?\u201d Macbeth, W. Shakespeare Quello che si pu\u00f2 contemplare avvicinandosi alla pineta di Siano \u00e8","og_url":"https:\/\/www.romaoggi.eu\/index.php\/2021\/08\/12\/paesaggio-contemporaneo-di-ljdia-musso\/","og_site_name":"roma oggi","article_publisher":"https:\/\/www.facebook.com\/RomaOggi-841544845954114","article_author":"https:\/\/www.facebook.com\/alessandro.lisci.5","article_published_time":"2021-08-12T21:32:49+00:00","og_image":[{"width":2048,"height":2560,"url":"https:\/\/www.romaoggi.eu\/wp-content\/uploads\/2021\/08\/Ljdia_Musso_Siano_paesaggi_contemporanei-scaled.jpg","type":"image\/jpeg"}],"author":"Alessandro Lisci","twitter_card":"summary_large_image","twitter_creator":"@https:\/\/twitter.com\/alessandrolisci","twitter_site":"@romaoggi_eu","twitter_misc":{"Scritto da":"Alessandro Lisci","Tempo di lettura stimato":"3 minuti"},"schema":{"@context":"https:\/\/schema.org","@graph":[{"@type":"Article","@id":"https:\/\/www.romaoggi.eu\/index.php\/2021\/08\/12\/paesaggio-contemporaneo-di-ljdia-musso\/#article","isPartOf":{"@id":"https:\/\/www.romaoggi.eu\/index.php\/2021\/08\/12\/paesaggio-contemporaneo-di-ljdia-musso\/"},"author":{"name":"Alessandro Lisci","@id":"https:\/\/www.romaoggi.eu\/#\/schema\/person\/30ada62b3bd510c45a781b7e3bf65e69"},"headline":"&#8220;Paesaggio contemporaneo&#8221;&#8230; di Ljdia Musso","datePublished":"2021-08-12T21:32:49+00:00","mainEntityOfPage":{"@id":"https:\/\/www.romaoggi.eu\/index.php\/2021\/08\/12\/paesaggio-contemporaneo-di-ljdia-musso\/"},"wordCount":507,"publisher":{"@id":"https:\/\/www.romaoggi.eu\/#organization"},"image":{"@id":"https:\/\/www.romaoggi.eu\/index.php\/2021\/08\/12\/paesaggio-contemporaneo-di-ljdia-musso\/#primaryimage"},"thumbnailUrl":"https:\/\/www.romaoggi.eu\/wp-content\/uploads\/2021\/08\/Ljdia_Musso_Siano_paesaggi_contemporanei-scaled.jpg","keywords":["calabria","incebdi","Lady Macbeth","ljdia musso","paesaggio contemporaneo","pineta di siano"],"articleSection":["oltre Roma"],"inLanguage":"it-IT"},{"@type":"WebPage","@id":"https:\/\/www.romaoggi.eu\/index.php\/2021\/08\/12\/paesaggio-contemporaneo-di-ljdia-musso\/","url":"https:\/\/www.romaoggi.eu\/index.php\/2021\/08\/12\/paesaggio-contemporaneo-di-ljdia-musso\/","name":"\"Paesaggio contemporaneo\"... di Ljdia Musso","isPartOf":{"@id":"https:\/\/www.romaoggi.eu\/#website"},"primaryImageOfPage":{"@id":"https:\/\/www.romaoggi.eu\/index.php\/2021\/08\/12\/paesaggio-contemporaneo-di-ljdia-musso\/#primaryimage"},"image":{"@id":"https:\/\/www.romaoggi.eu\/index.php\/2021\/08\/12\/paesaggio-contemporaneo-di-ljdia-musso\/#primaryimage"},"thumbnailUrl":"https:\/\/www.romaoggi.eu\/wp-content\/uploads\/2021\/08\/Ljdia_Musso_Siano_paesaggi_contemporanei-scaled.jpg","datePublished":"2021-08-12T21:32:49+00:00","description":"Paesaggio contemporaneo \u201cQueste mani non verranno mai pulite?\u201d Macbeth, W. Shakespeare Quello che si pu\u00f2 contemplare avvicinandosi alla pineta di Siano \u00e8","breadcrumb":{"@id":"https:\/\/www.romaoggi.eu\/index.php\/2021\/08\/12\/paesaggio-contemporaneo-di-ljdia-musso\/#breadcrumb"},"inLanguage":"it-IT","potentialAction":[{"@type":"ReadAction","target":["https:\/\/www.romaoggi.eu\/index.php\/2021\/08\/12\/paesaggio-contemporaneo-di-ljdia-musso\/"]}]},{"@type":"ImageObject","inLanguage":"it-IT","@id":"https:\/\/www.romaoggi.eu\/index.php\/2021\/08\/12\/paesaggio-contemporaneo-di-ljdia-musso\/#primaryimage","url":"https:\/\/www.romaoggi.eu\/wp-content\/uploads\/2021\/08\/Ljdia_Musso_Siano_paesaggi_contemporanei-scaled.jpg","contentUrl":"https:\/\/www.romaoggi.eu\/wp-content\/uploads\/2021\/08\/Ljdia_Musso_Siano_paesaggi_contemporanei-scaled.jpg","width":2048,"height":2560,"caption":"Paesaggio Contemporaneo @Ljdia Musso"},{"@type":"BreadcrumbList","@id":"https:\/\/www.romaoggi.eu\/index.php\/2021\/08\/12\/paesaggio-contemporaneo-di-ljdia-musso\/#breadcrumb","itemListElement":[{"@type":"ListItem","position":1,"name":"Home","item":"https:\/\/www.romaoggi.eu\/"},{"@type":"ListItem","position":2,"name":"&#8220;Paesaggio contemporaneo&#8221;&#8230; di Ljdia Musso"}]},{"@type":"WebSite","@id":"https:\/\/www.romaoggi.eu\/#website","url":"https:\/\/www.romaoggi.eu\/","name":"roma oggi","description":"Interesting News for Interesting people","publisher":{"@id":"https:\/\/www.romaoggi.eu\/#organization"},"potentialAction":[{"@type":"SearchAction","target":{"@type":"EntryPoint","urlTemplate":"https:\/\/www.romaoggi.eu\/?s={search_term_string}"},"query-input":{"@type":"PropertyValueSpecification","valueRequired":true,"valueName":"search_term_string"}}],"inLanguage":"it-IT"},{"@type":"Organization","@id":"https:\/\/www.romaoggi.eu\/#organization","name":"RomaOggi","url":"https:\/\/www.romaoggi.eu\/","logo":{"@type":"ImageObject","inLanguage":"it-IT","@id":"https:\/\/www.romaoggi.eu\/#\/schema\/logo\/image\/","url":"https:\/\/www.romaoggi.eu\/wp-content\/uploads\/2017\/04\/logowp.jpg","contentUrl":"https:\/\/www.romaoggi.eu\/wp-content\/uploads\/2017\/04\/logowp.jpg","width":300,"height":133,"caption":"RomaOggi"},"image":{"@id":"https:\/\/www.romaoggi.eu\/#\/schema\/logo\/image\/"},"sameAs":["https:\/\/www.facebook.com\/RomaOggi-841544845954114","https:\/\/x.com\/romaoggi_eu"]},{"@type":"Person","@id":"https:\/\/www.romaoggi.eu\/#\/schema\/person\/30ada62b3bd510c45a781b7e3bf65e69","name":"Alessandro Lisci","image":{"@type":"ImageObject","inLanguage":"it-IT","@id":"https:\/\/secure.gravatar.com\/avatar\/9b9712162b2ac404aa0d7d978185f203808e7bd02856a449b19868b2eb80cf12?s=96&d=mm&r=g","url":"https:\/\/secure.gravatar.com\/avatar\/9b9712162b2ac404aa0d7d978185f203808e7bd02856a449b19868b2eb80cf12?s=96&d=mm&r=g","contentUrl":"https:\/\/secure.gravatar.com\/avatar\/9b9712162b2ac404aa0d7d978185f203808e7bd02856a449b19868b2eb80cf12?s=96&d=mm&r=g","caption":"Alessandro Lisci"},"sameAs":["http:\/\/www.alessandrolisci.com","https:\/\/www.facebook.com\/alessandro.lisci.5","https:\/\/x.com\/https:\/\/twitter.com\/alessandrolisci","https:\/\/www.youtube.com\/user\/alessandrolisci"],"url":"https:\/\/www.romaoggi.eu\/index.php\/author\/alessandro\/"}]}},"_links":{"self":[{"href":"https:\/\/www.romaoggi.eu\/index.php\/wp-json\/wp\/v2\/posts\/29163","targetHints":{"allow":["GET"]}}],"collection":[{"href":"https:\/\/www.romaoggi.eu\/index.php\/wp-json\/wp\/v2\/posts"}],"about":[{"href":"https:\/\/www.romaoggi.eu\/index.php\/wp-json\/wp\/v2\/types\/post"}],"author":[{"embeddable":true,"href":"https:\/\/www.romaoggi.eu\/index.php\/wp-json\/wp\/v2\/users\/10"}],"replies":[{"embeddable":true,"href":"https:\/\/www.romaoggi.eu\/index.php\/wp-json\/wp\/v2\/comments?post=29163"}],"version-history":[{"count":3,"href":"https:\/\/www.romaoggi.eu\/index.php\/wp-json\/wp\/v2\/posts\/29163\/revisions"}],"predecessor-version":[{"id":29167,"href":"https:\/\/www.romaoggi.eu\/index.php\/wp-json\/wp\/v2\/posts\/29163\/revisions\/29167"}],"wp:featuredmedia":[{"embeddable":true,"href":"https:\/\/www.romaoggi.eu\/index.php\/wp-json\/wp\/v2\/media\/29164"}],"wp:attachment":[{"href":"https:\/\/www.romaoggi.eu\/index.php\/wp-json\/wp\/v2\/media?parent=29163"}],"wp:term":[{"taxonomy":"category","embeddable":true,"href":"https:\/\/www.romaoggi.eu\/index.php\/wp-json\/wp\/v2\/categories?post=29163"},{"taxonomy":"post_tag","embeddable":true,"href":"https:\/\/www.romaoggi.eu\/index.php\/wp-json\/wp\/v2\/tags?post=29163"}],"curies":[{"name":"wp","href":"https:\/\/api.w.org\/{rel}","templated":true}]}}