{"id":2920,"date":"2016-06-09T09:57:34","date_gmt":"2016-06-09T07:57:34","guid":{"rendered":"http:\/\/www.romaoggi.eu\/?p=2920"},"modified":"2016-06-09T09:57:34","modified_gmt":"2016-06-09T07:57:34","slug":"giornata-mondiale-delle-fiere","status":"publish","type":"post","link":"https:\/\/www.romaoggi.eu\/index.php\/2016\/06\/09\/giornata-mondiale-delle-fiere\/","title":{"rendered":"Giornata mondiale delle fiere: 8 giugno"},"content":{"rendered":"<h2>Celebrata l&#8217;8 giugno al Tempio di Adriano a Roma la prima giornata mondiale delle Fiere<\/h2>\n<p style=\"text-align: justify;\">Le Fiere sono un turbo per l&#8217;economia italiana e una vetrina imprescindibile per il <strong>Made in Italy<\/strong>. A dirlo sono i numeri, che <strong>AEFI, l&#8217;Associazione Esposizioni e Fiere Italiane<\/strong>,\u00a0<a href=\"http:\/\/www.aefi.it\/\">http:\/\/www.aefi.it\/<\/a>, diffonde celebrando con un convegno dal titolo\u00a0\u201c<strong>Meet Italian Excellence: Le Fiere come ponte di sviluppo\u201d <\/strong>\u00a0la prima\u00a0Giornata delle Fiere in Italia, festeggiata in contemporanea in altri 19 Paesi del Globo.<\/p>\n<p style=\"text-align: justify;\"><img loading=\"lazy\" decoding=\"async\" class=\"size-medium wp-image-2923 alignleft\" src=\"https:\/\/www.romaoggi.eu\/wp-content\/uploads\/2016\/06\/IMG-20160608-WA0005-300x225.jpg\" alt=\"fiere\" width=\"300\" height=\"225\" srcset=\"https:\/\/www.romaoggi.eu\/wp-content\/uploads\/2016\/06\/IMG-20160608-WA0005-300x225.jpg 300w, https:\/\/www.romaoggi.eu\/wp-content\/uploads\/2016\/06\/IMG-20160608-WA0005-1024x768.jpg 1024w, https:\/\/www.romaoggi.eu\/wp-content\/uploads\/2016\/06\/IMG-20160608-WA0005-326x245.jpg 326w, https:\/\/www.romaoggi.eu\/wp-content\/uploads\/2016\/06\/IMG-20160608-WA0005-80x60.jpg 80w, https:\/\/www.romaoggi.eu\/wp-content\/uploads\/2016\/06\/IMG-20160608-WA0005.jpg 1600w\" sizes=\"auto, (max-width: 300px) 100vw, 300px\" \/><\/p>\n<div style=\"text-align: justify;\">\u00a0Si parla di 60 miliardi di euro in affari\u00a0conclusi ogni anno, 22 milioni di visitatori, 946 manifestazioni\u00a0organizzate finora nel 2016, con una superficie espositiva\u00a0complessiva di 4,2 milioni di metri quadri. Cifre importanti che reggono nonostante la crisi che ha minacciato tutti gli ambiti economici. Anzi, per l&#8217;<strong>Osservatorio congiunturale di AEFi<\/strong>\u00a0il\u00a0quadro &#8220;<em>e&#8217; in ripresa per tutti gli indicatori: espositori,\u00a0visitatori, superficie occupata, fatturato totale<\/em>&#8220;. In\u00a0particolare e&#8217; positivo il numero di manifestazioni, che torna a\u00a0crescere grazie al &#8220;<strong>piu&#8217; 23% registrato<\/strong>&#8221; (dati riferiti al\u00a0trimestre ottobre-dicembre 2015).<\/div>\n<p style=\"text-align: justify;\">&#8220;<em>Dobbiamo continuare a investire sul brand made in Italy- <\/em>ha\u00a0spiegato il presidente di <strong>AEFI, Ettore Riello<\/strong><em>&#8211; con una &#8216;strategia\u00a0Paese&#8217; e un progetto di marketing che deve coinvolgere i\u00a0principali attori nazionali. Finalmente &#8211; continua Riello &#8211;\u00a0c&#8217;e&#8217; la convinzione che le fiere possono\u00a0svolgere un ruolo fondamentale per rilanciare l&#8217;Italia e che\u00a0rappresentano una grande opportunita&#8217; di crescita&#8221;<\/em>. E se il Lazio attualmente \u00e8 nei posti pi\u00f9 bassi della classifica, gli ambiziosi progetti di Fiera Roma fanno ben sperare in un cambio di tendenza. La sfida \u00e8 ambiziosa ma<strong> Pietro\u00a0Piccinetti<\/strong>, neo amministratore unico di <strong>Fiera Roma<\/strong> e Coordinatore della Commissione della Internazionalizzazione AEFI,\u00a0ribadisce con forza il rilancio della Fiera della Capitale.\u00a0&#8220;<em>Fiera Roma<\/em> &#8211; dice forte e chiaro <strong>Piccinetti<\/strong> &#8211; <em>\u00e8 tutt&#8217;altro che agonizzante, \u00e8 il ruggito della Capitale<\/em>&#8220;. Niente di meglio, per dare corpo al concetto, di un <strong>flash mob<\/strong> a sorpresa al centro di <strong>Piazza di Pietra<\/strong>, animata dalla coreografia di ballerini con indosso una maglietta con l&#8217;eloquente scritta &#8216;<strong><em>Fiera Roma: l&#8217;unica che in pi\u00f9 ha Roma<\/em><\/strong>&#8216;.<\/p>\n<p style=\"text-align: justify;\">La cornice ideale per presentare le principali linee di sviluppo grazie alle quali <strong>Piccinetti<\/strong> \u00e8 certo di avere gli ingredienti giusti per fare uscire dall&#8217;impasse Fiera Roma: turismo congressuale, internazionalizzazione, innovazione e sviluppo delle attivit\u00e0 produttive del territorio. &#8220;<em>Una scommessa ambiziosa &#8211; conclude l&#8217;amministratore di Fiera Roma &#8211; che si vince solo uniti, perch\u00e9 la Fiera \u00e8 innanzitutto della citt\u00e0 e dei suoi cittadini<\/em>&#8220;.<\/p>\n<p style=\"text-align: justify;\">Redazione<\/p>\n","protected":false},"excerpt":{"rendered":"<div class=\"mh-excerpt\"><p>Celebrata l&#8217;8 giugno al Tempio di Adriano a Roma la prima giornata mondiale delle Fiere Le Fiere sono un turbo per l&#8217;economia italiana e una vetrina imprescindibile per il Made in Italy. A dirlo sono <a class=\"mh-excerpt-more\" href=\"https:\/\/www.romaoggi.eu\/index.php\/2016\/06\/09\/giornata-mondiale-delle-fiere\/\" title=\"Giornata mondiale delle fiere: 8 giugno\">[&#8230;]<\/a><\/p>\n<\/div>","protected":false},"author":5,"featured_media":2921,"comment_status":"open","ping_status":"open","sticky":false,"template":"","format":"standard","meta":{"_sitemap_exclude":false,"_sitemap_priority":"","_sitemap_frequency":"","footnotes":""},"categories":[522],"tags":[2233,2234,2517,2519,2518,740,2228,296],"class_list":["post-2920","post","type-post","status-publish","format-standard","has-post-thumbnail","hentry","category-attualita","tag-aefi","tag-associazione-esposizioni-e-fiere-italiane","tag-ettore-riello","tag-fiera-roma","tag-giornata-mondiale-delle-fiere","tag-made-in-italy","tag-pietro-piccinetti","tag-tempio-di-adriano"],"yoast_head":"<!-- This site is optimized with the Yoast SEO plugin v27.5 - https:\/\/yoast.com\/product\/yoast-seo-wordpress\/ -->\n<title>Giornata mondiale delle fiere: 8 giugno<\/title>\n<meta name=\"description\" content=\"AEFI, l&#039;Associazione Esposizioni e Fiere Italiane, celebra con un convegno al Tempio di Adriano a Roma, la giornata mondiale delle fiere.\" \/>\n<meta name=\"robots\" content=\"index, follow, max-snippet:-1, max-image-preview:large, max-video-preview:-1\" \/>\n<link rel=\"canonical\" href=\"https:\/\/www.romaoggi.eu\/index.php\/2016\/06\/09\/giornata-mondiale-delle-fiere\/\" \/>\n<meta property=\"og:locale\" content=\"it_IT\" \/>\n<meta property=\"og:type\" content=\"article\" \/>\n<meta property=\"og:title\" content=\"Giornata mondiale delle fiere: 8 giugno\" \/>\n<meta property=\"og:description\" content=\"AEFI, l&#039;Associazione Esposizioni e Fiere Italiane, celebra con un convegno al Tempio di Adriano a Roma, la giornata mondiale delle fiere.\" \/>\n<meta property=\"og:url\" content=\"https:\/\/www.romaoggi.eu\/index.php\/2016\/06\/09\/giornata-mondiale-delle-fiere\/\" \/>\n<meta property=\"og:site_name\" content=\"roma oggi\" \/>\n<meta property=\"article:publisher\" content=\"https:\/\/www.facebook.com\/RomaOggi-841544845954114\" \/>\n<meta property=\"article:published_time\" content=\"2016-06-09T07:57:34+00:00\" \/>\n<meta property=\"og:image\" content=\"https:\/\/www.romaoggi.eu\/wp-content\/uploads\/2016\/06\/IMG-20160608-WA0006.jpg\" \/>\n\t<meta property=\"og:image:width\" content=\"1600\" \/>\n\t<meta property=\"og:image:height\" content=\"1200\" \/>\n\t<meta property=\"og:image:type\" content=\"image\/jpeg\" \/>\n<meta name=\"author\" content=\"Flavio\" \/>\n<meta name=\"twitter:card\" content=\"summary_large_image\" \/>\n<meta name=\"twitter:creator\" content=\"@romaoggi_eu\" \/>\n<meta name=\"twitter:site\" content=\"@romaoggi_eu\" \/>\n<meta name=\"twitter:label1\" content=\"Scritto da\" \/>\n\t<meta name=\"twitter:data1\" content=\"Flavio\" \/>\n\t<meta name=\"twitter:label2\" content=\"Tempo di lettura stimato\" \/>\n\t<meta name=\"twitter:data2\" content=\"2 minuti\" \/>\n<script type=\"application\/ld+json\" class=\"yoast-schema-graph\">{\"@context\":\"https:\\\/\\\/schema.org\",\"@graph\":[{\"@type\":\"Article\",\"@id\":\"https:\\\/\\\/www.romaoggi.eu\\\/index.php\\\/2016\\\/06\\\/09\\\/giornata-mondiale-delle-fiere\\\/#article\",\"isPartOf\":{\"@id\":\"https:\\\/\\\/www.romaoggi.eu\\\/index.php\\\/2016\\\/06\\\/09\\\/giornata-mondiale-delle-fiere\\\/\"},\"author\":{\"name\":\"Flavio\",\"@id\":\"https:\\\/\\\/www.romaoggi.eu\\\/#\\\/schema\\\/person\\\/cc12bfd93370392d7e41d243e47e6681\"},\"headline\":\"Giornata mondiale delle fiere: 8 giugno\",\"datePublished\":\"2016-06-09T07:57:34+00:00\",\"mainEntityOfPage\":{\"@id\":\"https:\\\/\\\/www.romaoggi.eu\\\/index.php\\\/2016\\\/06\\\/09\\\/giornata-mondiale-delle-fiere\\\/\"},\"wordCount\":411,\"commentCount\":0,\"publisher\":{\"@id\":\"https:\\\/\\\/www.romaoggi.eu\\\/#organization\"},\"image\":{\"@id\":\"https:\\\/\\\/www.romaoggi.eu\\\/index.php\\\/2016\\\/06\\\/09\\\/giornata-mondiale-delle-fiere\\\/#primaryimage\"},\"thumbnailUrl\":\"https:\\\/\\\/www.romaoggi.eu\\\/wp-content\\\/uploads\\\/2016\\\/06\\\/IMG-20160608-WA0006.jpg\",\"keywords\":[\"AEFI\",\"Associazione Esposizioni e Fiere Italiane.\",\"Ettore Riello\",\"fiera roma\",\"giornata mondiale delle fiere\",\"made in italy\",\"Pietro Piccinetti\",\"tempio di Adriano\"],\"articleSection\":[\"attualit\u00e0\"],\"inLanguage\":\"it-IT\",\"potentialAction\":[{\"@type\":\"CommentAction\",\"name\":\"Comment\",\"target\":[\"https:\\\/\\\/www.romaoggi.eu\\\/index.php\\\/2016\\\/06\\\/09\\\/giornata-mondiale-delle-fiere\\\/#respond\"]}]},{\"@type\":\"WebPage\",\"@id\":\"https:\\\/\\\/www.romaoggi.eu\\\/index.php\\\/2016\\\/06\\\/09\\\/giornata-mondiale-delle-fiere\\\/\",\"url\":\"https:\\\/\\\/www.romaoggi.eu\\\/index.php\\\/2016\\\/06\\\/09\\\/giornata-mondiale-delle-fiere\\\/\",\"name\":\"Giornata mondiale delle fiere: 8 giugno\",\"isPartOf\":{\"@id\":\"https:\\\/\\\/www.romaoggi.eu\\\/#website\"},\"primaryImageOfPage\":{\"@id\":\"https:\\\/\\\/www.romaoggi.eu\\\/index.php\\\/2016\\\/06\\\/09\\\/giornata-mondiale-delle-fiere\\\/#primaryimage\"},\"image\":{\"@id\":\"https:\\\/\\\/www.romaoggi.eu\\\/index.php\\\/2016\\\/06\\\/09\\\/giornata-mondiale-delle-fiere\\\/#primaryimage\"},\"thumbnailUrl\":\"https:\\\/\\\/www.romaoggi.eu\\\/wp-content\\\/uploads\\\/2016\\\/06\\\/IMG-20160608-WA0006.jpg\",\"datePublished\":\"2016-06-09T07:57:34+00:00\",\"description\":\"AEFI, l'Associazione Esposizioni e Fiere Italiane, celebra con un convegno al Tempio di Adriano a Roma, la giornata mondiale delle fiere.\",\"breadcrumb\":{\"@id\":\"https:\\\/\\\/www.romaoggi.eu\\\/index.php\\\/2016\\\/06\\\/09\\\/giornata-mondiale-delle-fiere\\\/#breadcrumb\"},\"inLanguage\":\"it-IT\",\"potentialAction\":[{\"@type\":\"ReadAction\",\"target\":[\"https:\\\/\\\/www.romaoggi.eu\\\/index.php\\\/2016\\\/06\\\/09\\\/giornata-mondiale-delle-fiere\\\/\"]}]},{\"@type\":\"ImageObject\",\"inLanguage\":\"it-IT\",\"@id\":\"https:\\\/\\\/www.romaoggi.eu\\\/index.php\\\/2016\\\/06\\\/09\\\/giornata-mondiale-delle-fiere\\\/#primaryimage\",\"url\":\"https:\\\/\\\/www.romaoggi.eu\\\/wp-content\\\/uploads\\\/2016\\\/06\\\/IMG-20160608-WA0006.jpg\",\"contentUrl\":\"https:\\\/\\\/www.romaoggi.eu\\\/wp-content\\\/uploads\\\/2016\\\/06\\\/IMG-20160608-WA0006.jpg\",\"width\":1600,\"height\":1200},{\"@type\":\"BreadcrumbList\",\"@id\":\"https:\\\/\\\/www.romaoggi.eu\\\/index.php\\\/2016\\\/06\\\/09\\\/giornata-mondiale-delle-fiere\\\/#breadcrumb\",\"itemListElement\":[{\"@type\":\"ListItem\",\"position\":1,\"name\":\"Home\",\"item\":\"https:\\\/\\\/www.romaoggi.eu\\\/\"},{\"@type\":\"ListItem\",\"position\":2,\"name\":\"Giornata mondiale delle fiere: 8 giugno\"}]},{\"@type\":\"WebSite\",\"@id\":\"https:\\\/\\\/www.romaoggi.eu\\\/#website\",\"url\":\"https:\\\/\\\/www.romaoggi.eu\\\/\",\"name\":\"roma oggi\",\"description\":\"Interesting News for Interesting people\",\"publisher\":{\"@id\":\"https:\\\/\\\/www.romaoggi.eu\\\/#organization\"},\"potentialAction\":[{\"@type\":\"SearchAction\",\"target\":{\"@type\":\"EntryPoint\",\"urlTemplate\":\"https:\\\/\\\/www.romaoggi.eu\\\/?s={search_term_string}\"},\"query-input\":{\"@type\":\"PropertyValueSpecification\",\"valueRequired\":true,\"valueName\":\"search_term_string\"}}],\"inLanguage\":\"it-IT\"},{\"@type\":\"Organization\",\"@id\":\"https:\\\/\\\/www.romaoggi.eu\\\/#organization\",\"name\":\"RomaOggi\",\"url\":\"https:\\\/\\\/www.romaoggi.eu\\\/\",\"logo\":{\"@type\":\"ImageObject\",\"inLanguage\":\"it-IT\",\"@id\":\"https:\\\/\\\/www.romaoggi.eu\\\/#\\\/schema\\\/logo\\\/image\\\/\",\"url\":\"https:\\\/\\\/www.romaoggi.eu\\\/wp-content\\\/uploads\\\/2017\\\/04\\\/logowp.jpg\",\"contentUrl\":\"https:\\\/\\\/www.romaoggi.eu\\\/wp-content\\\/uploads\\\/2017\\\/04\\\/logowp.jpg\",\"width\":300,\"height\":133,\"caption\":\"RomaOggi\"},\"image\":{\"@id\":\"https:\\\/\\\/www.romaoggi.eu\\\/#\\\/schema\\\/logo\\\/image\\\/\"},\"sameAs\":[\"https:\\\/\\\/www.facebook.com\\\/RomaOggi-841544845954114\",\"https:\\\/\\\/x.com\\\/romaoggi_eu\"]},{\"@type\":\"Person\",\"@id\":\"https:\\\/\\\/www.romaoggi.eu\\\/#\\\/schema\\\/person\\\/cc12bfd93370392d7e41d243e47e6681\",\"name\":\"Flavio\",\"image\":{\"@type\":\"ImageObject\",\"inLanguage\":\"it-IT\",\"@id\":\"https:\\\/\\\/secure.gravatar.com\\\/avatar\\\/7e044ce830ea97853e01500437b37dff4a622b20a194e4d0efe9b67e918f19e5?s=96&d=mm&r=g\",\"url\":\"https:\\\/\\\/secure.gravatar.com\\\/avatar\\\/7e044ce830ea97853e01500437b37dff4a622b20a194e4d0efe9b67e918f19e5?s=96&d=mm&r=g\",\"contentUrl\":\"https:\\\/\\\/secure.gravatar.com\\\/avatar\\\/7e044ce830ea97853e01500437b37dff4a622b20a194e4d0efe9b67e918f19e5?s=96&d=mm&r=g\",\"caption\":\"Flavio\"},\"url\":\"https:\\\/\\\/www.romaoggi.eu\\\/index.php\\\/author\\\/cristiano\\\/\"}]}<\/script>\n<!-- \/ Yoast SEO plugin. -->","yoast_head_json":{"title":"Giornata mondiale delle fiere: 8 giugno","description":"AEFI, l'Associazione Esposizioni e Fiere Italiane, celebra con un convegno al Tempio di Adriano a Roma, la giornata mondiale delle fiere.","robots":{"index":"index","follow":"follow","max-snippet":"max-snippet:-1","max-image-preview":"max-image-preview:large","max-video-preview":"max-video-preview:-1"},"canonical":"https:\/\/www.romaoggi.eu\/index.php\/2016\/06\/09\/giornata-mondiale-delle-fiere\/","og_locale":"it_IT","og_type":"article","og_title":"Giornata mondiale delle fiere: 8 giugno","og_description":"AEFI, l'Associazione Esposizioni e Fiere Italiane, celebra con un convegno al Tempio di Adriano a Roma, la giornata mondiale delle fiere.","og_url":"https:\/\/www.romaoggi.eu\/index.php\/2016\/06\/09\/giornata-mondiale-delle-fiere\/","og_site_name":"roma oggi","article_publisher":"https:\/\/www.facebook.com\/RomaOggi-841544845954114","article_published_time":"2016-06-09T07:57:34+00:00","og_image":[{"width":1600,"height":1200,"url":"https:\/\/www.romaoggi.eu\/wp-content\/uploads\/2016\/06\/IMG-20160608-WA0006.jpg","type":"image\/jpeg"}],"author":"Flavio","twitter_card":"summary_large_image","twitter_creator":"@romaoggi_eu","twitter_site":"@romaoggi_eu","twitter_misc":{"Scritto da":"Flavio","Tempo di lettura stimato":"2 minuti"},"schema":{"@context":"https:\/\/schema.org","@graph":[{"@type":"Article","@id":"https:\/\/www.romaoggi.eu\/index.php\/2016\/06\/09\/giornata-mondiale-delle-fiere\/#article","isPartOf":{"@id":"https:\/\/www.romaoggi.eu\/index.php\/2016\/06\/09\/giornata-mondiale-delle-fiere\/"},"author":{"name":"Flavio","@id":"https:\/\/www.romaoggi.eu\/#\/schema\/person\/cc12bfd93370392d7e41d243e47e6681"},"headline":"Giornata mondiale delle fiere: 8 giugno","datePublished":"2016-06-09T07:57:34+00:00","mainEntityOfPage":{"@id":"https:\/\/www.romaoggi.eu\/index.php\/2016\/06\/09\/giornata-mondiale-delle-fiere\/"},"wordCount":411,"commentCount":0,"publisher":{"@id":"https:\/\/www.romaoggi.eu\/#organization"},"image":{"@id":"https:\/\/www.romaoggi.eu\/index.php\/2016\/06\/09\/giornata-mondiale-delle-fiere\/#primaryimage"},"thumbnailUrl":"https:\/\/www.romaoggi.eu\/wp-content\/uploads\/2016\/06\/IMG-20160608-WA0006.jpg","keywords":["AEFI","Associazione Esposizioni e Fiere Italiane.","Ettore Riello","fiera roma","giornata mondiale delle fiere","made in italy","Pietro Piccinetti","tempio di Adriano"],"articleSection":["attualit\u00e0"],"inLanguage":"it-IT","potentialAction":[{"@type":"CommentAction","name":"Comment","target":["https:\/\/www.romaoggi.eu\/index.php\/2016\/06\/09\/giornata-mondiale-delle-fiere\/#respond"]}]},{"@type":"WebPage","@id":"https:\/\/www.romaoggi.eu\/index.php\/2016\/06\/09\/giornata-mondiale-delle-fiere\/","url":"https:\/\/www.romaoggi.eu\/index.php\/2016\/06\/09\/giornata-mondiale-delle-fiere\/","name":"Giornata mondiale delle fiere: 8 giugno","isPartOf":{"@id":"https:\/\/www.romaoggi.eu\/#website"},"primaryImageOfPage":{"@id":"https:\/\/www.romaoggi.eu\/index.php\/2016\/06\/09\/giornata-mondiale-delle-fiere\/#primaryimage"},"image":{"@id":"https:\/\/www.romaoggi.eu\/index.php\/2016\/06\/09\/giornata-mondiale-delle-fiere\/#primaryimage"},"thumbnailUrl":"https:\/\/www.romaoggi.eu\/wp-content\/uploads\/2016\/06\/IMG-20160608-WA0006.jpg","datePublished":"2016-06-09T07:57:34+00:00","description":"AEFI, l'Associazione Esposizioni e Fiere Italiane, celebra con un convegno al Tempio di Adriano a Roma, la giornata mondiale delle fiere.","breadcrumb":{"@id":"https:\/\/www.romaoggi.eu\/index.php\/2016\/06\/09\/giornata-mondiale-delle-fiere\/#breadcrumb"},"inLanguage":"it-IT","potentialAction":[{"@type":"ReadAction","target":["https:\/\/www.romaoggi.eu\/index.php\/2016\/06\/09\/giornata-mondiale-delle-fiere\/"]}]},{"@type":"ImageObject","inLanguage":"it-IT","@id":"https:\/\/www.romaoggi.eu\/index.php\/2016\/06\/09\/giornata-mondiale-delle-fiere\/#primaryimage","url":"https:\/\/www.romaoggi.eu\/wp-content\/uploads\/2016\/06\/IMG-20160608-WA0006.jpg","contentUrl":"https:\/\/www.romaoggi.eu\/wp-content\/uploads\/2016\/06\/IMG-20160608-WA0006.jpg","width":1600,"height":1200},{"@type":"BreadcrumbList","@id":"https:\/\/www.romaoggi.eu\/index.php\/2016\/06\/09\/giornata-mondiale-delle-fiere\/#breadcrumb","itemListElement":[{"@type":"ListItem","position":1,"name":"Home","item":"https:\/\/www.romaoggi.eu\/"},{"@type":"ListItem","position":2,"name":"Giornata mondiale delle fiere: 8 giugno"}]},{"@type":"WebSite","@id":"https:\/\/www.romaoggi.eu\/#website","url":"https:\/\/www.romaoggi.eu\/","name":"roma oggi","description":"Interesting News for Interesting people","publisher":{"@id":"https:\/\/www.romaoggi.eu\/#organization"},"potentialAction":[{"@type":"SearchAction","target":{"@type":"EntryPoint","urlTemplate":"https:\/\/www.romaoggi.eu\/?s={search_term_string}"},"query-input":{"@type":"PropertyValueSpecification","valueRequired":true,"valueName":"search_term_string"}}],"inLanguage":"it-IT"},{"@type":"Organization","@id":"https:\/\/www.romaoggi.eu\/#organization","name":"RomaOggi","url":"https:\/\/www.romaoggi.eu\/","logo":{"@type":"ImageObject","inLanguage":"it-IT","@id":"https:\/\/www.romaoggi.eu\/#\/schema\/logo\/image\/","url":"https:\/\/www.romaoggi.eu\/wp-content\/uploads\/2017\/04\/logowp.jpg","contentUrl":"https:\/\/www.romaoggi.eu\/wp-content\/uploads\/2017\/04\/logowp.jpg","width":300,"height":133,"caption":"RomaOggi"},"image":{"@id":"https:\/\/www.romaoggi.eu\/#\/schema\/logo\/image\/"},"sameAs":["https:\/\/www.facebook.com\/RomaOggi-841544845954114","https:\/\/x.com\/romaoggi_eu"]},{"@type":"Person","@id":"https:\/\/www.romaoggi.eu\/#\/schema\/person\/cc12bfd93370392d7e41d243e47e6681","name":"Flavio","image":{"@type":"ImageObject","inLanguage":"it-IT","@id":"https:\/\/secure.gravatar.com\/avatar\/7e044ce830ea97853e01500437b37dff4a622b20a194e4d0efe9b67e918f19e5?s=96&d=mm&r=g","url":"https:\/\/secure.gravatar.com\/avatar\/7e044ce830ea97853e01500437b37dff4a622b20a194e4d0efe9b67e918f19e5?s=96&d=mm&r=g","contentUrl":"https:\/\/secure.gravatar.com\/avatar\/7e044ce830ea97853e01500437b37dff4a622b20a194e4d0efe9b67e918f19e5?s=96&d=mm&r=g","caption":"Flavio"},"url":"https:\/\/www.romaoggi.eu\/index.php\/author\/cristiano\/"}]}},"_links":{"self":[{"href":"https:\/\/www.romaoggi.eu\/index.php\/wp-json\/wp\/v2\/posts\/2920","targetHints":{"allow":["GET"]}}],"collection":[{"href":"https:\/\/www.romaoggi.eu\/index.php\/wp-json\/wp\/v2\/posts"}],"about":[{"href":"https:\/\/www.romaoggi.eu\/index.php\/wp-json\/wp\/v2\/types\/post"}],"author":[{"embeddable":true,"href":"https:\/\/www.romaoggi.eu\/index.php\/wp-json\/wp\/v2\/users\/5"}],"replies":[{"embeddable":true,"href":"https:\/\/www.romaoggi.eu\/index.php\/wp-json\/wp\/v2\/comments?post=2920"}],"version-history":[{"count":6,"href":"https:\/\/www.romaoggi.eu\/index.php\/wp-json\/wp\/v2\/posts\/2920\/revisions"}],"predecessor-version":[{"id":2928,"href":"https:\/\/www.romaoggi.eu\/index.php\/wp-json\/wp\/v2\/posts\/2920\/revisions\/2928"}],"wp:featuredmedia":[{"embeddable":true,"href":"https:\/\/www.romaoggi.eu\/index.php\/wp-json\/wp\/v2\/media\/2921"}],"wp:attachment":[{"href":"https:\/\/www.romaoggi.eu\/index.php\/wp-json\/wp\/v2\/media?parent=2920"}],"wp:term":[{"taxonomy":"category","embeddable":true,"href":"https:\/\/www.romaoggi.eu\/index.php\/wp-json\/wp\/v2\/categories?post=2920"},{"taxonomy":"post_tag","embeddable":true,"href":"https:\/\/www.romaoggi.eu\/index.php\/wp-json\/wp\/v2\/tags?post=2920"}],"curies":[{"name":"wp","href":"https:\/\/api.w.org\/{rel}","templated":true}]}}